{"id":170370,"date":"2026-01-30T08:02:32","date_gmt":"2026-01-30T05:02:32","guid":{"rendered":"https:\/\/buletin.de\/bucuresti\/?p=170370"},"modified":"2026-01-30T12:22:57","modified_gmt":"2026-01-30T09:22:57","slug":"reabilitare-pentru-inca-patru-cladiri-cu-risc-seismic-din-capitala-imobilele-au-o-vechime-de-peste-100-de-ani","status":"publish","type":"post","link":"https:\/\/buletin.de\/bucuresti\/reabilitare-pentru-inca-patru-cladiri-cu-risc-seismic-din-capitala-imobilele-au-o-vechime-de-peste-100-de-ani\/","title":{"rendered":"Reabilitare pentru \u00eenc\u0103 patru cl\u0103diri cu risc seismic, din Capital\u0103. Imobilele au o vechime de peste 100 de ani"},"content":{"rendered":"\n<p><strong>Prim\u0103ria Capitalei continu\u0103 reabilitarea a \u00eenc\u0103 patru cl\u0103diri cu risc seismic. Dou\u0103 imobile sunt publice \u0219i dou\u0103 reziden\u021biale. <\/strong><\/p>\n\n\n\n<p>Cele patru cl\u0103diri cu risc seismic, vechi de peste 100 de ani, sunt:<\/p>\n\n\n\n<ul class=\"wp-block-list\">\n<li>Pinacoteca Bucure\u0219ti, din str. Lipscani nr. 18-20;<\/li>\n\n\n\n<li>Cl\u0103direa din Bd. I.C. Br\u0103tianu nr. 10 (str. Doamnei nr. 22), aflat\u0103 \u00een administrarea Muzeului Municipiului Bucure\u0219ti;<\/li>\n\n\n\n<li>un bloc de locuin\u021be din Calea Grivi\u021bei nr. 39, sector 1;<\/li>\n\n\n\n<li>un bloc de locuin\u021be din Calea Mo\u0219ilor nr. 84.<\/li>\n<\/ul>\n\n\n\n<figure class=\"wp-block-gallery has-nested-images columns-default is-cropped wp-block-gallery-1 is-layout-flex wp-block-gallery-is-layout-flex\">\n<figure class=\"wp-block-image size-large\"><img fetchpriority=\"high\" decoding=\"async\" width=\"590\" height=\"393\" data-id=\"170387\" src=\"data:image\/gif;base64,R0lGODlhAQABAAAAACH5BAEKAAEALAAAAAABAAEAAAICTAEAOw==\" data-src=\"https:\/\/buletin.de\/bucuresti\/wp-content\/uploads\/2026\/01\/624348360_1235938675380501_7916035340877208495_n.jpg\" alt=\"\" class=\"wp-image-170387 lazyload\" data-sizes=\"auto\" data-srcset=\"https:\/\/buletin.de\/bucuresti\/wp-content\/uploads\/2026\/01\/624348360_1235938675380501_7916035340877208495_n.jpg 590w, https:\/\/buletin.de\/bucuresti\/wp-content\/uploads\/2026\/01\/624348360_1235938675380501_7916035340877208495_n-300x200.jpg 300w, https:\/\/buletin.de\/bucuresti\/wp-content\/uploads\/2026\/01\/624348360_1235938675380501_7916035340877208495_n-20x13.jpg 20w\" sizes=\"(max-width: 590px) 100vw, 590px\" \/><\/figure>\n\n\n\n<figure class=\"wp-block-image size-large\"><img decoding=\"async\" width=\"590\" height=\"393\" data-id=\"170385\" src=\"data:image\/gif;base64,R0lGODlhAQABAAAAACH5BAEKAAEALAAAAAABAAEAAAICTAEAOw==\" data-src=\"https:\/\/buletin.de\/bucuresti\/wp-content\/uploads\/2026\/01\/624038343_1235938358713866_4371262690058966684_n.jpg\" alt=\"\" class=\"wp-image-170385 lazyload\" data-sizes=\"auto\" data-srcset=\"https:\/\/buletin.de\/bucuresti\/wp-content\/uploads\/2026\/01\/624038343_1235938358713866_4371262690058966684_n.jpg 590w, https:\/\/buletin.de\/bucuresti\/wp-content\/uploads\/2026\/01\/624038343_1235938358713866_4371262690058966684_n-300x200.jpg 300w, https:\/\/buletin.de\/bucuresti\/wp-content\/uploads\/2026\/01\/624038343_1235938358713866_4371262690058966684_n-20x13.jpg 20w\" sizes=\"(max-width: 590px) 100vw, 590px\" \/><\/figure>\n\n\n\n<figure class=\"wp-block-image size-large\"><img decoding=\"async\" width=\"590\" height=\"393\" data-id=\"170386\" src=\"data:image\/gif;base64,R0lGODlhAQABAAAAACH5BAEKAAEALAAAAAABAAEAAAICTAEAOw==\" data-src=\"https:\/\/buletin.de\/bucuresti\/wp-content\/uploads\/2026\/01\/625014117_1235938628713839_4060461191137803202_n.jpg\" alt=\"\" class=\"wp-image-170386 lazyload\" data-sizes=\"auto\" data-srcset=\"https:\/\/buletin.de\/bucuresti\/wp-content\/uploads\/2026\/01\/625014117_1235938628713839_4060461191137803202_n.jpg 590w, https:\/\/buletin.de\/bucuresti\/wp-content\/uploads\/2026\/01\/625014117_1235938628713839_4060461191137803202_n-300x200.jpg 300w, https:\/\/buletin.de\/bucuresti\/wp-content\/uploads\/2026\/01\/625014117_1235938628713839_4060461191137803202_n-20x13.jpg 20w\" sizes=\"(max-width: 590px) 100vw, 590px\" \/><\/figure>\n\n\n\n<figure class=\"wp-block-image size-large\"><img loading=\"lazy\" decoding=\"async\" width=\"1000\" height=\"666\" data-id=\"170389\" src=\"data:image\/gif;base64,R0lGODlhAQABAAAAACH5BAEKAAEALAAAAAABAAEAAAICTAEAOw==\" data-src=\"https:\/\/buletin.de\/bucuresti\/wp-content\/uploads\/2026\/01\/623386973_1235940778713624_6892749237817554679_n-1000x666.jpg\" alt=\"\" class=\"wp-image-170389 lazyload\" data-sizes=\"auto\" data-srcset=\"https:\/\/buletin.de\/bucuresti\/wp-content\/uploads\/2026\/01\/623386973_1235940778713624_6892749237817554679_n-1000x666.jpg 1000w, https:\/\/buletin.de\/bucuresti\/wp-content\/uploads\/2026\/01\/623386973_1235940778713624_6892749237817554679_n-300x200.jpg 300w, https:\/\/buletin.de\/bucuresti\/wp-content\/uploads\/2026\/01\/623386973_1235940778713624_6892749237817554679_n-768x512.jpg 768w, https:\/\/buletin.de\/bucuresti\/wp-content\/uploads\/2026\/01\/623386973_1235940778713624_6892749237817554679_n-1536x1023.jpg 1536w, https:\/\/buletin.de\/bucuresti\/wp-content\/uploads\/2026\/01\/623386973_1235940778713624_6892749237817554679_n-1100x733.jpg 1100w, https:\/\/buletin.de\/bucuresti\/wp-content\/uploads\/2026\/01\/623386973_1235940778713624_6892749237817554679_n-600x400.jpg 600w, https:\/\/buletin.de\/bucuresti\/wp-content\/uploads\/2026\/01\/623386973_1235940778713624_6892749237817554679_n-20x13.jpg 20w, https:\/\/buletin.de\/bucuresti\/wp-content\/uploads\/2026\/01\/623386973_1235940778713624_6892749237817554679_n.jpg 1600w\" sizes=\"(max-width: 1000px) 100vw, 1000px\" \/><\/figure>\n\n\n\n<figure class=\"wp-block-image size-large\"><img loading=\"lazy\" decoding=\"async\" width=\"1000\" height=\"666\" data-id=\"170384\" src=\"data:image\/gif;base64,R0lGODlhAQABAAAAACH5BAEKAAEALAAAAAABAAEAAAICTAEAOw==\" data-src=\"https:\/\/buletin.de\/bucuresti\/wp-content\/uploads\/2026\/01\/623643690_1235940958713606_2300827969811624739_n-1000x666.jpg\" alt=\"\" class=\"wp-image-170384 lazyload\" data-sizes=\"auto\" data-srcset=\"https:\/\/buletin.de\/bucuresti\/wp-content\/uploads\/2026\/01\/623643690_1235940958713606_2300827969811624739_n-1000x666.jpg 1000w, https:\/\/buletin.de\/bucuresti\/wp-content\/uploads\/2026\/01\/623643690_1235940958713606_2300827969811624739_n-300x200.jpg 300w, https:\/\/buletin.de\/bucuresti\/wp-content\/uploads\/2026\/01\/623643690_1235940958713606_2300827969811624739_n-768x512.jpg 768w, https:\/\/buletin.de\/bucuresti\/wp-content\/uploads\/2026\/01\/623643690_1235940958713606_2300827969811624739_n-1536x1023.jpg 1536w, https:\/\/buletin.de\/bucuresti\/wp-content\/uploads\/2026\/01\/623643690_1235940958713606_2300827969811624739_n-1100x733.jpg 1100w, https:\/\/buletin.de\/bucuresti\/wp-content\/uploads\/2026\/01\/623643690_1235940958713606_2300827969811624739_n-600x400.jpg 600w, https:\/\/buletin.de\/bucuresti\/wp-content\/uploads\/2026\/01\/623643690_1235940958713606_2300827969811624739_n-20x13.jpg 20w, https:\/\/buletin.de\/bucuresti\/wp-content\/uploads\/2026\/01\/623643690_1235940958713606_2300827969811624739_n.jpg 1600w\" sizes=\"(max-width: 1000px) 100vw, 1000px\" \/><\/figure>\n<figcaption class=\"blocks-gallery-caption wp-element-caption\">FOTO: PMB<\/figcaption><\/figure>\n\n\n\n<p>Consiliul General a aprobat, pe 29 ianuarie, indicatorii tehnico-economici, devizele generale \u0219i documenta\u021biile de avizare a lucr\u0103rilor. <\/p>\n\n\n\n<p><strong>CITE\u0218TE \u0218I:<\/strong> <a href=\"https:\/\/buletin.de\/bucuresti\/nicusor-dan-despre-dezastrul-bugetar-pe-care-il-reclama-ciprian-ciucu-la-primaria-capitalei-situatia-pe-care-a-gasit-o-este-ceva-mai-buna-decat-cea-pe-care-am-gasit-o-eu\/\"><strong>Nicu\u0219or Dan despre \u201edezastrul bugetar\u201d pe care \u00eel reclam\u0103 Ciprian Ciucu: \u201eSitua\u021bia pe care a g\u0103sit-o este ceva mai bun\u0103 dec\u00e2t cea pe care am g\u0103sit-o eu\u201d<\/strong><\/a><\/p>\n\n\n\n<h2 class=\"wp-block-heading\" id=\"h-cat-costa-reabilitarea-celor-patru-cladiri-cu-risc-seismic\">C\u00e2t cost\u0103 reabilitarea celor patru cl\u0103diri cu risc seismic<\/h2>\n\n\n\n<p>Cea mai mare parte a fondurilor proviN de la bugetul de stat, prin programul PNCCRS (Programul Na\u021bional pentru Consolidarea Cl\u0103dirilor cu Risc Seismic). Bugetul local va contribui cu p\u00e2n\u0103 \u00een 15% din valoarea total\u0103 a lucr\u0103rilor. \u00cen cazul blocurilor de locuinte, proprietarii vor recupera banii \u00een termen de 5-15 ani.<\/p>\n\n\n\n<p><strong>1.<\/strong> <strong>Cl\u0103direa public\u0103 din Str. Lipscani 18-20<\/strong><\/p>\n\n\n\n<p>Este un imobil construit la 1880, aflat \u00een proprietatea municipalit\u0103\u021bii \u00een procent de 78% \u0219i a CEC-ului 22%. Reabilitarea \u0219i consolidarea cost\u0103 162 de milioane de lei.<\/p>\n\n\n\n<p><strong>2. Cl\u0103direa public\u0103 din Bd. I.C. Br\u0103tianu nr. 10<\/strong><\/p>\n\n\n\n<p>Construit\u0103 la 1875, a fost Palatul Credit Rural. PMB a achizi\u021bionat cl\u0103direa \u00een 2017 \u0219i tot de atunci a intrat \u00een conservare.Lucr\u0103rile cost\u0103 40 milioane de lei.<\/p>\n\n\n\n<p><strong>3. Blocul din Calea Grivi\u021bei nr. 39<\/strong><\/p>\n\n\n\n<p>E o cl\u0103dire monument istoric, construit\u0103 \u00een 1940. Consolidarea ei cost\u0103 22,2 milioane lei.<\/p>\n\n\n\n<p><strong>4. Blocul din Calea Mo\u0219ilor nr. 84<\/strong><\/p>\n\n\n\n<p>Este tot o cl\u0103dire monument istoric, din 1856, cu spa\u021bii comerciale la parter \u0219i locuin\u021be la etaje. Valoarea investi\u021biilor \u00een consolidare \u0219i reabilitare este de 10,4 milioane lei.<\/p>\n\n\n\n<h2 class=\"wp-block-heading\" id=\"h-cand-incep-lucrarile\">C\u00e2nd \u00eencep lucr\u0103rile<\/h2>\n\n\n\n<p>Conform proiectului, adoptat \u00een <a href=\"https:\/\/www.facebook.com\/PMBucuresti\">CGMB<\/a>, lucr\u0103rile \u00eencep \u00een 2027 \u0219i vor dura doi ani. In acest timp,proprietarii sunt fie reloca\u021bi \u00een locuin\u021be de necesitate ale PMB, fie le este asigurat\u0103 chiria unei locuin\u021be.<\/p>\n\n\n\n<p>\u00cen Capital\u0103, 411 imobile sunt \u00eencadrate \u00een clasa I de risc seismic \u0219i alte 486 sunt \u00eencadrate la risc seismic II. Cu toate acestea, \u00een ultimii 30 de ani, s-au consolidat, din fonduri publice, doar 35 de cl\u0103diri.<\/p>\n\n\n\n<p>!4 cladiri sunt, in acest moment, in proces de reabilitare, dou\u0103 dintre ele fiind \u00een curs de recep\u021bie.<\/p>\n\n\n\n<p><strong>CITE\u0218TE \u0218I:<\/strong> <a href=\"https:\/\/buletin.de\/bucuresti\/au-fost-majorate-preturile-biletelor-la-teatrele-nottara-si-ion-creanga-reduceri-pentru-familiile-numeroase-la-teatrul-tandarica\/\"><strong>Au fost majorate pre\u021burile biletelor la teatrele \u201eNottara\u201d \u015fi \u201eIon Creang\u0103\u201d. Reduceri pentru familiile numeroase, la Teatrul \u021a\u0103nd\u0103ric\u0103<\/strong><\/a><\/p>\n","protected":false},"excerpt":{"rendered":"<p>Prim\u0103ria Capitalei continu\u0103 reabilitarea a \u00eenc\u0103 patru cl\u0103diri cu risc seismic. Dou\u0103 imobile sunt publice \u0219i dou\u0103 reziden\u021biale. Cele patru cl\u0103diri cu risc seismic, vechi de peste 100 de ani, sunt: Consiliul General a aprobat, pe 29 ianuarie, indicatorii tehnico-economici, devizele generale \u0219i documenta\u021biile de avizare a lucr\u0103rilor. CITE\u0218TE \u0218I: Nicu\u0219or Dan despre \u201edezastrul bugetar\u201d [&hellip;]<\/p>\n","protected":false},"author":49,"featured_media":170388,"comment_status":"closed","ping_status":"open","sticky":false,"template":"","format":"standard","meta":{"_acf_changed":false,"inline_featured_image":false,"ngg_post_thumbnail":0,"footnotes":""},"categories":[6994,24,62],"tags":[26120,13338,104,26119],"ppma_author":[22574],"class_list":["post-170370","post","type-post","status-publish","format-standard","has-post-thumbnail","hentry","category-stiri-2","category-primarie","category-stiri","tag-calea-grivitei-nr-39","tag-calea-mosilor-2","tag-pmb","tag-reabilitare-cladiri-risc-seismic"],"acf":[],"yoast_head":"<!-- This site is optimized with the Yoast SEO Premium plugin v25.3 (Yoast SEO v27.5) - https:\/\/yoast.com\/product\/yoast-seo-premium-wordpress\/ -->\n<title>Reabilitare pentru \u00eenc\u0103 patru cl\u0103diri cu risc seismic, din Capital\u0103. Imobilele au o vechime de peste 100 de ani - Buletin de Bucure\u0219ti<\/title>\n<meta name=\"description\" content=\"Prim\u0103ria Capitalei continu\u0103 reabilitarea a \u00eenc\u0103 patru cl\u0103diri cu risc seismic. Dou\u0103 sunt publice \u0219i dou\u0103 reziden\u021biale.\" \/>\n<meta name=\"robots\" content=\"index, follow, max-snippet:-1, max-image-preview:large, max-video-preview:-1\" \/>\n<link rel=\"canonical\" href=\"https:\/\/buletin.de\/bucuresti\/reabilitare-pentru-inca-patru-cladiri-cu-risc-seismic-din-capitala-imobilele-au-o-vechime-de-peste-100-de-ani\/\" \/>\n<meta property=\"og:locale\" content=\"en_GB\" \/>\n<meta property=\"og:type\" content=\"article\" \/>\n<meta property=\"og:title\" content=\"Reabilitare pentru \u00eenc\u0103 patru cl\u0103diri cu risc seismic, din Capital\u0103. Imobilele au o vechime de peste 100 de ani\" \/>\n<meta property=\"og:description\" content=\"Prim\u0103ria Capitalei continu\u0103 reabilitarea a \u00eenc\u0103 patru cl\u0103diri cu risc seismic. Dou\u0103 sunt publice \u0219i dou\u0103 reziden\u021biale.\" \/>\n<meta property=\"og:url\" content=\"https:\/\/buletin.de\/bucuresti\/reabilitare-pentru-inca-patru-cladiri-cu-risc-seismic-din-capitala-imobilele-au-o-vechime-de-peste-100-de-ani\/\" \/>\n<meta property=\"og:site_name\" content=\"Buletin de Bucure\u0219ti\" \/>\n<meta property=\"article:publisher\" content=\"https:\/\/www.facebook.com\/buletin.de.buc\" \/>\n<meta property=\"article:published_time\" content=\"2026-01-30T05:02:32+00:00\" \/>\n<meta property=\"article:modified_time\" content=\"2026-01-30T09:22:57+00:00\" \/>\n<meta property=\"og:image\" content=\"https:\/\/buletin.de\/bucuresti\/wp-content\/uploads\/2026\/01\/624176639_1235940928713609_2308730089510424853_n.jpg\" \/>\n\t<meta property=\"og:image:width\" content=\"1066\" \/>\n\t<meta property=\"og:image:height\" content=\"1600\" \/>\n\t<meta property=\"og:image:type\" content=\"image\/jpeg\" \/>\n<meta name=\"author\" content=\"Diana Matei\" \/>\n<meta name=\"twitter:card\" content=\"summary_large_image\" \/>\n<meta name=\"twitter:label1\" content=\"Written by\" \/>\n\t<meta name=\"twitter:data1\" content=\"Diana Matei\" \/>\n\t<meta name=\"twitter:label2\" content=\"Estimated reading time\" \/>\n\t<meta name=\"twitter:data2\" content=\"4 minutes\" \/>\n<script type=\"application\/ld+json\" class=\"yoast-schema-graph\">{\"@context\":\"https:\\\/\\\/schema.org\",\"@graph\":[{\"@type\":\"Article\",\"@id\":\"https:\\\/\\\/buletin.de\\\/bucuresti\\\/reabilitare-pentru-inca-patru-cladiri-cu-risc-seismic-din-capitala-imobilele-au-o-vechime-de-peste-100-de-ani\\\/#article\",\"isPartOf\":{\"@id\":\"https:\\\/\\\/buletin.de\\\/bucuresti\\\/reabilitare-pentru-inca-patru-cladiri-cu-risc-seismic-din-capitala-imobilele-au-o-vechime-de-peste-100-de-ani\\\/\"},\"author\":{\"name\":\"Diana Matei\",\"@id\":\"https:\\\/\\\/buletin.de\\\/bucuresti\\\/#\\\/schema\\\/person\\\/7e46040573290777280a0835d81ea4ea\"},\"headline\":\"Reabilitare pentru \u00eenc\u0103 patru cl\u0103diri cu risc seismic, din Capital\u0103. Imobilele au o vechime de peste 100 de ani\",\"datePublished\":\"2026-01-30T05:02:32+00:00\",\"dateModified\":\"2026-01-30T09:22:57+00:00\",\"mainEntityOfPage\":{\"@id\":\"https:\\\/\\\/buletin.de\\\/bucuresti\\\/reabilitare-pentru-inca-patru-cladiri-cu-risc-seismic-din-capitala-imobilele-au-o-vechime-de-peste-100-de-ani\\\/\"},\"wordCount\":462,\"publisher\":{\"@id\":\"https:\\\/\\\/buletin.de\\\/bucuresti\\\/#organization\"},\"image\":{\"@id\":\"https:\\\/\\\/buletin.de\\\/bucuresti\\\/reabilitare-pentru-inca-patru-cladiri-cu-risc-seismic-din-capitala-imobilele-au-o-vechime-de-peste-100-de-ani\\\/#primaryimage\"},\"thumbnailUrl\":\"https:\\\/\\\/buletin.de\\\/bucuresti\\\/wp-content\\\/uploads\\\/2026\\\/01\\\/624176639_1235940928713609_2308730089510424853_n.jpg\",\"keywords\":[\"Calea Grivi\u021bei nr. 39\",\"calea mo\u0219ilor\",\"pmb\",\"reabilitare cladiri risc seismic\"],\"articleSection\":[\"Articole\",\"Prim\u0103rie\",\"\u0218tiri\"],\"inLanguage\":\"en-GB\",\"copyrightYear\":\"2026\",\"copyrightHolder\":{\"@id\":\"https:\\\/\\\/buletin.de\\\/bucuresti\\\/#organization\"}},{\"@type\":\"WebPage\",\"@id\":\"https:\\\/\\\/buletin.de\\\/bucuresti\\\/reabilitare-pentru-inca-patru-cladiri-cu-risc-seismic-din-capitala-imobilele-au-o-vechime-de-peste-100-de-ani\\\/\",\"url\":\"https:\\\/\\\/buletin.de\\\/bucuresti\\\/reabilitare-pentru-inca-patru-cladiri-cu-risc-seismic-din-capitala-imobilele-au-o-vechime-de-peste-100-de-ani\\\/\",\"name\":\"Reabilitare pentru \u00eenc\u0103 patru cl\u0103diri cu risc seismic, din Capital\u0103. Imobilele au o vechime de peste 100 de ani - Buletin de Bucure\u0219ti\",\"isPartOf\":{\"@id\":\"https:\\\/\\\/buletin.de\\\/bucuresti\\\/#website\"},\"primaryImageOfPage\":{\"@id\":\"https:\\\/\\\/buletin.de\\\/bucuresti\\\/reabilitare-pentru-inca-patru-cladiri-cu-risc-seismic-din-capitala-imobilele-au-o-vechime-de-peste-100-de-ani\\\/#primaryimage\"},\"image\":{\"@id\":\"https:\\\/\\\/buletin.de\\\/bucuresti\\\/reabilitare-pentru-inca-patru-cladiri-cu-risc-seismic-din-capitala-imobilele-au-o-vechime-de-peste-100-de-ani\\\/#primaryimage\"},\"thumbnailUrl\":\"https:\\\/\\\/buletin.de\\\/bucuresti\\\/wp-content\\\/uploads\\\/2026\\\/01\\\/624176639_1235940928713609_2308730089510424853_n.jpg\",\"datePublished\":\"2026-01-30T05:02:32+00:00\",\"dateModified\":\"2026-01-30T09:22:57+00:00\",\"description\":\"Prim\u0103ria Capitalei continu\u0103 reabilitarea a \u00eenc\u0103 patru cl\u0103diri cu risc seismic. Dou\u0103 sunt publice \u0219i dou\u0103 reziden\u021biale.\",\"breadcrumb\":{\"@id\":\"https:\\\/\\\/buletin.de\\\/bucuresti\\\/reabilitare-pentru-inca-patru-cladiri-cu-risc-seismic-din-capitala-imobilele-au-o-vechime-de-peste-100-de-ani\\\/#breadcrumb\"},\"inLanguage\":\"en-GB\",\"potentialAction\":[{\"@type\":\"ReadAction\",\"target\":[\"https:\\\/\\\/buletin.de\\\/bucuresti\\\/reabilitare-pentru-inca-patru-cladiri-cu-risc-seismic-din-capitala-imobilele-au-o-vechime-de-peste-100-de-ani\\\/\"]}]},{\"@type\":\"ImageObject\",\"inLanguage\":\"en-GB\",\"@id\":\"https:\\\/\\\/buletin.de\\\/bucuresti\\\/reabilitare-pentru-inca-patru-cladiri-cu-risc-seismic-din-capitala-imobilele-au-o-vechime-de-peste-100-de-ani\\\/#primaryimage\",\"url\":\"https:\\\/\\\/buletin.de\\\/bucuresti\\\/wp-content\\\/uploads\\\/2026\\\/01\\\/624176639_1235940928713609_2308730089510424853_n.jpg\",\"contentUrl\":\"https:\\\/\\\/buletin.de\\\/bucuresti\\\/wp-content\\\/uploads\\\/2026\\\/01\\\/624176639_1235940928713609_2308730089510424853_n.jpg\",\"width\":1066,\"height\":1600,\"caption\":\"Reabilitare pentru inc\u0103 patru cl\u0103diri cu risc seismic, din Capital\u0103. Imobilele au o vechime de peste 100 de ani. FOTO: PMB\"},{\"@type\":\"BreadcrumbList\",\"@id\":\"https:\\\/\\\/buletin.de\\\/bucuresti\\\/reabilitare-pentru-inca-patru-cladiri-cu-risc-seismic-din-capitala-imobilele-au-o-vechime-de-peste-100-de-ani\\\/#breadcrumb\",\"itemListElement\":[{\"@type\":\"ListItem\",\"position\":1,\"name\":\"Acas\u0103\",\"item\":\"https:\\\/\\\/buletin.de\\\/bucuresti\\\/\"},{\"@type\":\"ListItem\",\"position\":2,\"name\":\"Reabilitare pentru \u00eenc\u0103 patru cl\u0103diri cu risc seismic, din Capital\u0103. Imobilele au o vechime de peste 100 de ani\"}]},{\"@type\":\"WebSite\",\"@id\":\"https:\\\/\\\/buletin.de\\\/bucuresti\\\/#website\",\"url\":\"https:\\\/\\\/buletin.de\\\/bucuresti\\\/\",\"name\":\"Buletin de Bucure\u0219ti\",\"description\":\"\u0218tiri \u0219i investiga\u021bii esen\u021biale din capital\u0103\",\"publisher\":{\"@id\":\"https:\\\/\\\/buletin.de\\\/bucuresti\\\/#organization\"},\"potentialAction\":[{\"@type\":\"SearchAction\",\"target\":{\"@type\":\"EntryPoint\",\"urlTemplate\":\"https:\\\/\\\/buletin.de\\\/bucuresti\\\/?s={search_term_string}\"},\"query-input\":{\"@type\":\"PropertyValueSpecification\",\"valueRequired\":true,\"valueName\":\"search_term_string\"}}],\"inLanguage\":\"en-GB\"},{\"@type\":\"Organization\",\"@id\":\"https:\\\/\\\/buletin.de\\\/bucuresti\\\/#organization\",\"name\":\"Buletin de Bucure\u0219ti\",\"url\":\"https:\\\/\\\/buletin.de\\\/bucuresti\\\/\",\"logo\":{\"@type\":\"ImageObject\",\"inLanguage\":\"en-GB\",\"@id\":\"https:\\\/\\\/buletin.de\\\/bucuresti\\\/#\\\/schema\\\/logo\\\/image\\\/\",\"url\":\"https:\\\/\\\/buletin.de\\\/bucuresti\\\/wp-content\\\/uploads\\\/logo-bdb-full-wide-vernil-transparent.png\",\"contentUrl\":\"https:\\\/\\\/buletin.de\\\/bucuresti\\\/wp-content\\\/uploads\\\/logo-bdb-full-wide-vernil-transparent.png\",\"width\":1782,\"height\":626,\"caption\":\"Buletin de Bucure\u0219ti\"},\"image\":{\"@id\":\"https:\\\/\\\/buletin.de\\\/bucuresti\\\/#\\\/schema\\\/logo\\\/image\\\/\"},\"sameAs\":[\"https:\\\/\\\/www.facebook.com\\\/buletin.de.buc\",\"https:\\\/\\\/www.instagram.com\\\/buletinde.bucuresti\\\/\"]},{\"@type\":\"Person\",\"@id\":\"https:\\\/\\\/buletin.de\\\/bucuresti\\\/#\\\/schema\\\/person\\\/7e46040573290777280a0835d81ea4ea\",\"name\":\"Diana Matei\",\"image\":{\"@type\":\"ImageObject\",\"inLanguage\":\"en-GB\",\"@id\":\"https:\\\/\\\/buletin.de\\\/bucuresti\\\/wp-content\\\/uploads\\\/9-2-96x96.jpg1e8590b30871d70e62ebcdaf2eff570c\",\"url\":\"https:\\\/\\\/buletin.de\\\/bucuresti\\\/wp-content\\\/uploads\\\/9-2-96x96.jpg\",\"contentUrl\":\"https:\\\/\\\/buletin.de\\\/bucuresti\\\/wp-content\\\/uploads\\\/9-2-96x96.jpg\",\"caption\":\"Diana Matei\"},\"url\":\"https:\\\/\\\/buletin.de\\\/bucuresti\\\/author\\\/dianamatei\\\/\"}]}<\/script>\n<!-- \/ Yoast SEO Premium plugin. -->","yoast_head_json":{"title":"Reabilitare pentru \u00eenc\u0103 patru cl\u0103diri cu risc seismic, din Capital\u0103. Imobilele au o vechime de peste 100 de ani - Buletin de Bucure\u0219ti","description":"Prim\u0103ria Capitalei continu\u0103 reabilitarea a \u00eenc\u0103 patru cl\u0103diri cu risc seismic. Dou\u0103 sunt publice \u0219i dou\u0103 reziden\u021biale.","robots":{"index":"index","follow":"follow","max-snippet":"max-snippet:-1","max-image-preview":"max-image-preview:large","max-video-preview":"max-video-preview:-1"},"canonical":"https:\/\/buletin.de\/bucuresti\/reabilitare-pentru-inca-patru-cladiri-cu-risc-seismic-din-capitala-imobilele-au-o-vechime-de-peste-100-de-ani\/","og_locale":"en_GB","og_type":"article","og_title":"Reabilitare pentru \u00eenc\u0103 patru cl\u0103diri cu risc seismic, din Capital\u0103. Imobilele au o vechime de peste 100 de ani","og_description":"Prim\u0103ria Capitalei continu\u0103 reabilitarea a \u00eenc\u0103 patru cl\u0103diri cu risc seismic. Dou\u0103 sunt publice \u0219i dou\u0103 reziden\u021biale.","og_url":"https:\/\/buletin.de\/bucuresti\/reabilitare-pentru-inca-patru-cladiri-cu-risc-seismic-din-capitala-imobilele-au-o-vechime-de-peste-100-de-ani\/","og_site_name":"Buletin de Bucure\u0219ti","article_publisher":"https:\/\/www.facebook.com\/buletin.de.buc","article_published_time":"2026-01-30T05:02:32+00:00","article_modified_time":"2026-01-30T09:22:57+00:00","og_image":[{"width":1066,"height":1600,"url":"https:\/\/buletin.de\/bucuresti\/wp-content\/uploads\/2026\/01\/624176639_1235940928713609_2308730089510424853_n.jpg","type":"image\/jpeg"}],"author":"Diana Matei","twitter_card":"summary_large_image","twitter_misc":{"Written by":"Diana Matei","Estimated reading time":"4 minutes"},"schema":{"@context":"https:\/\/schema.org","@graph":[{"@type":"Article","@id":"https:\/\/buletin.de\/bucuresti\/reabilitare-pentru-inca-patru-cladiri-cu-risc-seismic-din-capitala-imobilele-au-o-vechime-de-peste-100-de-ani\/#article","isPartOf":{"@id":"https:\/\/buletin.de\/bucuresti\/reabilitare-pentru-inca-patru-cladiri-cu-risc-seismic-din-capitala-imobilele-au-o-vechime-de-peste-100-de-ani\/"},"author":{"name":"Diana Matei","@id":"https:\/\/buletin.de\/bucuresti\/#\/schema\/person\/7e46040573290777280a0835d81ea4ea"},"headline":"Reabilitare pentru \u00eenc\u0103 patru cl\u0103diri cu risc seismic, din Capital\u0103. Imobilele au o vechime de peste 100 de ani","datePublished":"2026-01-30T05:02:32+00:00","dateModified":"2026-01-30T09:22:57+00:00","mainEntityOfPage":{"@id":"https:\/\/buletin.de\/bucuresti\/reabilitare-pentru-inca-patru-cladiri-cu-risc-seismic-din-capitala-imobilele-au-o-vechime-de-peste-100-de-ani\/"},"wordCount":462,"publisher":{"@id":"https:\/\/buletin.de\/bucuresti\/#organization"},"image":{"@id":"https:\/\/buletin.de\/bucuresti\/reabilitare-pentru-inca-patru-cladiri-cu-risc-seismic-din-capitala-imobilele-au-o-vechime-de-peste-100-de-ani\/#primaryimage"},"thumbnailUrl":"https:\/\/buletin.de\/bucuresti\/wp-content\/uploads\/2026\/01\/624176639_1235940928713609_2308730089510424853_n.jpg","keywords":["Calea Grivi\u021bei nr. 39","calea mo\u0219ilor","pmb","reabilitare cladiri risc seismic"],"articleSection":["Articole","Prim\u0103rie","\u0218tiri"],"inLanguage":"en-GB","copyrightYear":"2026","copyrightHolder":{"@id":"https:\/\/buletin.de\/bucuresti\/#organization"}},{"@type":"WebPage","@id":"https:\/\/buletin.de\/bucuresti\/reabilitare-pentru-inca-patru-cladiri-cu-risc-seismic-din-capitala-imobilele-au-o-vechime-de-peste-100-de-ani\/","url":"https:\/\/buletin.de\/bucuresti\/reabilitare-pentru-inca-patru-cladiri-cu-risc-seismic-din-capitala-imobilele-au-o-vechime-de-peste-100-de-ani\/","name":"Reabilitare pentru \u00eenc\u0103 patru cl\u0103diri cu risc seismic, din Capital\u0103. Imobilele au o vechime de peste 100 de ani - Buletin de Bucure\u0219ti","isPartOf":{"@id":"https:\/\/buletin.de\/bucuresti\/#website"},"primaryImageOfPage":{"@id":"https:\/\/buletin.de\/bucuresti\/reabilitare-pentru-inca-patru-cladiri-cu-risc-seismic-din-capitala-imobilele-au-o-vechime-de-peste-100-de-ani\/#primaryimage"},"image":{"@id":"https:\/\/buletin.de\/bucuresti\/reabilitare-pentru-inca-patru-cladiri-cu-risc-seismic-din-capitala-imobilele-au-o-vechime-de-peste-100-de-ani\/#primaryimage"},"thumbnailUrl":"https:\/\/buletin.de\/bucuresti\/wp-content\/uploads\/2026\/01\/624176639_1235940928713609_2308730089510424853_n.jpg","datePublished":"2026-01-30T05:02:32+00:00","dateModified":"2026-01-30T09:22:57+00:00","description":"Prim\u0103ria Capitalei continu\u0103 reabilitarea a \u00eenc\u0103 patru cl\u0103diri cu risc seismic. Dou\u0103 sunt publice \u0219i dou\u0103 reziden\u021biale.","breadcrumb":{"@id":"https:\/\/buletin.de\/bucuresti\/reabilitare-pentru-inca-patru-cladiri-cu-risc-seismic-din-capitala-imobilele-au-o-vechime-de-peste-100-de-ani\/#breadcrumb"},"inLanguage":"en-GB","potentialAction":[{"@type":"ReadAction","target":["https:\/\/buletin.de\/bucuresti\/reabilitare-pentru-inca-patru-cladiri-cu-risc-seismic-din-capitala-imobilele-au-o-vechime-de-peste-100-de-ani\/"]}]},{"@type":"ImageObject","inLanguage":"en-GB","@id":"https:\/\/buletin.de\/bucuresti\/reabilitare-pentru-inca-patru-cladiri-cu-risc-seismic-din-capitala-imobilele-au-o-vechime-de-peste-100-de-ani\/#primaryimage","url":"https:\/\/buletin.de\/bucuresti\/wp-content\/uploads\/2026\/01\/624176639_1235940928713609_2308730089510424853_n.jpg","contentUrl":"https:\/\/buletin.de\/bucuresti\/wp-content\/uploads\/2026\/01\/624176639_1235940928713609_2308730089510424853_n.jpg","width":1066,"height":1600,"caption":"Reabilitare pentru inc\u0103 patru cl\u0103diri cu risc seismic, din Capital\u0103. Imobilele au o vechime de peste 100 de ani. FOTO: PMB"},{"@type":"BreadcrumbList","@id":"https:\/\/buletin.de\/bucuresti\/reabilitare-pentru-inca-patru-cladiri-cu-risc-seismic-din-capitala-imobilele-au-o-vechime-de-peste-100-de-ani\/#breadcrumb","itemListElement":[{"@type":"ListItem","position":1,"name":"Acas\u0103","item":"https:\/\/buletin.de\/bucuresti\/"},{"@type":"ListItem","position":2,"name":"Reabilitare pentru \u00eenc\u0103 patru cl\u0103diri cu risc seismic, din Capital\u0103. Imobilele au o vechime de peste 100 de ani"}]},{"@type":"WebSite","@id":"https:\/\/buletin.de\/bucuresti\/#website","url":"https:\/\/buletin.de\/bucuresti\/","name":"Buletin de Bucure\u0219ti","description":"\u0218tiri \u0219i investiga\u021bii esen\u021biale din capital\u0103","publisher":{"@id":"https:\/\/buletin.de\/bucuresti\/#organization"},"potentialAction":[{"@type":"SearchAction","target":{"@type":"EntryPoint","urlTemplate":"https:\/\/buletin.de\/bucuresti\/?s={search_term_string}"},"query-input":{"@type":"PropertyValueSpecification","valueRequired":true,"valueName":"search_term_string"}}],"inLanguage":"en-GB"},{"@type":"Organization","@id":"https:\/\/buletin.de\/bucuresti\/#organization","name":"Buletin de Bucure\u0219ti","url":"https:\/\/buletin.de\/bucuresti\/","logo":{"@type":"ImageObject","inLanguage":"en-GB","@id":"https:\/\/buletin.de\/bucuresti\/#\/schema\/logo\/image\/","url":"https:\/\/buletin.de\/bucuresti\/wp-content\/uploads\/logo-bdb-full-wide-vernil-transparent.png","contentUrl":"https:\/\/buletin.de\/bucuresti\/wp-content\/uploads\/logo-bdb-full-wide-vernil-transparent.png","width":1782,"height":626,"caption":"Buletin de Bucure\u0219ti"},"image":{"@id":"https:\/\/buletin.de\/bucuresti\/#\/schema\/logo\/image\/"},"sameAs":["https:\/\/www.facebook.com\/buletin.de.buc","https:\/\/www.instagram.com\/buletinde.bucuresti\/"]},{"@type":"Person","@id":"https:\/\/buletin.de\/bucuresti\/#\/schema\/person\/7e46040573290777280a0835d81ea4ea","name":"Diana Matei","image":{"@type":"ImageObject","inLanguage":"en-GB","@id":"https:\/\/buletin.de\/bucuresti\/wp-content\/uploads\/9-2-96x96.jpg1e8590b30871d70e62ebcdaf2eff570c","url":"https:\/\/buletin.de\/bucuresti\/wp-content\/uploads\/9-2-96x96.jpg","contentUrl":"https:\/\/buletin.de\/bucuresti\/wp-content\/uploads\/9-2-96x96.jpg","caption":"Diana Matei"},"url":"https:\/\/buletin.de\/bucuresti\/author\/dianamatei\/"}]}},"authors":[{"term_id":22574,"user_id":49,"is_guest":0,"slug":"dianamatei","display_name":"Diana Matei","avatar_url":"https:\/\/buletin.de\/bucuresti\/wp-content\/uploads\/9-2-96x96.jpg","0":null,"1":"","2":"","3":"","4":"","5":"","6":"","7":"","8":""}],"_links":{"self":[{"href":"https:\/\/buletin.de\/bucuresti\/wp-json\/wp\/v2\/posts\/170370","targetHints":{"allow":["GET"]}}],"collection":[{"href":"https:\/\/buletin.de\/bucuresti\/wp-json\/wp\/v2\/posts"}],"about":[{"href":"https:\/\/buletin.de\/bucuresti\/wp-json\/wp\/v2\/types\/post"}],"author":[{"embeddable":true,"href":"https:\/\/buletin.de\/bucuresti\/wp-json\/wp\/v2\/users\/49"}],"replies":[{"embeddable":true,"href":"https:\/\/buletin.de\/bucuresti\/wp-json\/wp\/v2\/comments?post=170370"}],"version-history":[{"count":4,"href":"https:\/\/buletin.de\/bucuresti\/wp-json\/wp\/v2\/posts\/170370\/revisions"}],"predecessor-version":[{"id":170426,"href":"https:\/\/buletin.de\/bucuresti\/wp-json\/wp\/v2\/posts\/170370\/revisions\/170426"}],"wp:featuredmedia":[{"embeddable":true,"href":"https:\/\/buletin.de\/bucuresti\/wp-json\/wp\/v2\/media\/170388"}],"wp:attachment":[{"href":"https:\/\/buletin.de\/bucuresti\/wp-json\/wp\/v2\/media?parent=170370"}],"wp:term":[{"taxonomy":"category","embeddable":true,"href":"https:\/\/buletin.de\/bucuresti\/wp-json\/wp\/v2\/categories?post=170370"},{"taxonomy":"post_tag","embeddable":true,"href":"https:\/\/buletin.de\/bucuresti\/wp-json\/wp\/v2\/tags?post=170370"},{"taxonomy":"author","embeddable":true,"href":"https:\/\/buletin.de\/bucuresti\/wp-json\/wp\/v2\/ppma_author?post=170370"}],"curies":[{"name":"wp","href":"https:\/\/api.w.org\/{rel}","templated":true}]}}