{"id":170360,"date":"2026-01-30T01:00:00","date_gmt":"2026-01-29T22:00:00","guid":{"rendered":"https:\/\/buletin.de\/bucuresti\/?p=170360"},"modified":"2026-01-30T17:07:07","modified_gmt":"2026-01-30T14:07:07","slug":"nicusor-dan-despre-dezastrul-bugetar-pe-care-il-reclama-ciprian-ciucu-la-primaria-capitalei-situatia-pe-care-a-gasit-o-este-ceva-mai-buna-decat-cea-pe-care-am-gasit-o-eu","status":"publish","type":"post","link":"https:\/\/buletin.de\/bucuresti\/nicusor-dan-despre-dezastrul-bugetar-pe-care-il-reclama-ciprian-ciucu-la-primaria-capitalei-situatia-pe-care-a-gasit-o-este-ceva-mai-buna-decat-cea-pe-care-am-gasit-o-eu\/","title":{"rendered":"Nicu\u0219or Dan despre \u201edezastrul bugetar\u201d pe care \u00eel reclam\u0103 Ciprian Ciucu: \u201eSitua\u021bia pe care a g\u0103sit-o el este ceva mai bun\u0103 dec\u00e2t cea pe care am g\u0103sit-o eu\u201d"},"content":{"rendered":"\n<p><strong>Nicu\u0219or Dan sus\u021bine c\u0103 situa\u021bia financiar\u0103 de la Prim\u0103ria Capitalei este mai bun\u0103 acum dec\u00e2t era \u00een 2020, c\u00e2nd a preluat primul s\u0103u mandat de primar general.  Actualul pre\u0219edinte al Rom\u00e2niei a f\u0103cut declara\u021bia \u00een contextul \u00eenfr\u00e2ngerii politice pe care a suferit-o actualul edil Ciprian Ciucu \u00een \u0219edin\u021ba Consiliului General al Capitalei de joi, 29 ianuarie.<\/strong><\/p>\n\n\n\n<p>Noul primar al Capitalei, Ciprian Ciucu, a declarat de mai multe ori, din decembrie anul trecut, c\u0103 a g\u0103sit la Prim\u0103ria Capitalei o situa\u021bie financiar\u0103 foarte grea, \u00een condi\u021biile \u00een care cea mai mare parte a bugetului s\u0103u se duce pe salarii, subven\u021bii \u0219i datoriile istorice.<\/p>\n\n\n\n<p>Pe 13 ianuarie, edilul declara c\u0103 <a href=\"https:\/\/buletin.de\/bucuresti\/primaria-capitalei-da-faliment-daca-guvernul-imparte-iar-mai-multi-bani-la-sectoare-ciucu-fac-un-apel-la-coalitie-ma-bazez-pe-sprijinul-lui-nicusor-dan\/\" target=\"_blank\" rel=\"noreferrer noopener\">Prim\u0103ria Capitalei intr\u0103 \u00een faliment<\/a> dac\u0103 \u00een 2026 Guvernul nu va schimba algoritmul de acordare a fondurilor, astfel \u00eenc\u00e2t s\u0103 mearg\u0103 mai mul\u021bi la centru \u0219i mai pu\u021bini la sectoare. \u00cen anii trecu\u021bi, Executivul a direc\u021bionat cei mai mul\u021bi bani c\u0103tre prim\u0103riile de sector.<\/p>\n\n\n\n<p>\u201eDomnul pre\u0219edinte Nicu\u0219or Dan a avut \u0219i are dreptate, \u00een ceea ce prive\u0219te problema structural\u0103 a bugetului Municipiului Bucure\u0219ti. Este o mic\u0103 minune faptul c\u0103 a reu\u0219it s\u0103 \u021bin\u0103 aceast\u0103 prim\u0103rie pe linia de plutire\u201d, declara \u00een decembrie Ciprian Ciucu.<\/p>\n\n\n\n<p><strong>CITE\u0218TE \u0218I: <a href=\"https:\/\/buletin.de\/bucuresti\/ciprian-ciucu-stb-si-termoenergetica-au-datorii-de-aproape-3-miliarde-de-lei-la-anaf-pmb-mai-are-2-3-milioane-de-lei-in-bugetul-pe-2025\/\" target=\"_blank\" rel=\"noreferrer noopener\">Ciprian Ciucu prezint\u0103 situa\u021bia bugetar\u0103 a PMB: STB \u0219i Termoenergetica, datorii de aproape 3 miliarde de lei la ANAF<\/a><\/strong><\/p>\n\n\n\n<h2 class=\"wp-block-heading\" id=\"h-nicu\u0219or-dan-despre-situa\u021bia-financiara-de-la-primaria-capitalei-\u0219i-coali\u021bia-din-consiliul-general\">Nicu\u0219or Dan despre situa\u021bia financiar\u0103 de la Prim\u0103ria Capitalei \u0219i coali\u021bia din Consiliul General<\/h2>\n\n\n\n<p>Pre\u0219edintele Rom\u00e2niei a declarat, \u00een cadrul unui interviu acordat <a href=\"https:\/\/www.digi24.ro\/stiri\/actualitate\/politica\/presedintele-nicusor-dan-vine-azi-in-studioul-digi24-3606321\" target=\"_blank\" rel=\"noreferrer noopener\">Digi24<\/a> joi seara, c\u0103 situa\u021bia financiar\u0103 grea a Prim\u0103riei Capitalei nu este una nou, fiind perpetuat\u0103 de toate guvernele care au distribuit mai mul\u021bi bani de la bugetul central c\u0103tre sectoare.<\/p>\n\n\n\n<p>\u201eChestiunea pe care o spun de cel pu\u021bin 15 ani este c\u0103 problema fundamental\u0103 la PMB este acest dezechilibru \u00eentre banii din taxele \u0219i impozitele bucure\u0219tenilor care se duc la PMB versus prim\u0103riile de sector.<\/p>\n\n\n\n<p>Al doilea lucru, situa\u021bia pe care a g\u0103sit-o este ceva mai bun\u0103 dec\u00e2t cea pe care am g\u0103sit-o eu, pentru c\u0103 \u00eentr-adev\u0103r sunt ni\u0219te datorii la PMB, \u00eens\u0103 ele sunt e\u0219alonate. Eu n-am spus niciodat\u0103 c\u0103 am l\u0103sat prim\u0103ria f\u0103r\u0103 datorii, ci f\u0103r\u0103 datorii curente\u201d, a precizat Nicu\u0219or Dan. <\/p>\n\n\n\n<p>Pre\u0219edintele a f\u0103cut o referire \u0219i la afirma\u021bia lui Ciprian Ciucu, din \u0219edin\u021ba Consiliului General de joi, privind riscul ca ANAF s\u0103 cear\u0103 insolven\u021ba STB, dac\u0103 aceast\u0103 societate nu reu\u0219e\u0219te s\u0103 pl\u0103teasc\u0103 \u00een februarie o rat\u0103 din datoria pe care o are c\u0103tre bugetul de stat.<\/p>\n\n\n\n<p>\u201eSTB are ni\u0219te datorii la ANAF \u0219i ele sunt e\u0219alonate pe 60 de luni\u201d, a replicat Nicu\u0219or Dan.<\/p>\n\n\n\n<p><strong>CITE\u0218TE \u0218I:<a href=\"https:\/\/buletin.de\/bucuresti\/biletele-stb-nu-se-mai-scumpesc-prima-infrangere-politica-a-lui-ciprian-ciucu-in-relatie-cu-consiliul-general\/\" target=\"_blank\" rel=\"noreferrer noopener\"> Biletele STB nu se mai scumpesc. Prima \u00eenfr\u00e2ngere politic\u0103 a lui Ciprian Ciucu \u00een rela\u021bie cu Consiliul General<\/a><\/strong><\/p>\n\n\n\n<p><strong>C\u00e2t prive\u0219te \u00eenfr\u00e2ngerea politic\u0103 suferit\u0103 de Ciprian Ciucu \u00een prima sa \u0219edin\u021b\u0103 de Consiliu General ca primar general, Nicu\u0219or Dan a precizat c\u0103, \u00eentr-adev\u0103r, noul edil va coagula greu o majoritate care s\u0103-l sus\u021bin\u0103. <\/strong><\/p>\n\n\n\n<p>\u201eEste o situa\u021bie dificil\u0103 pentru primarul general, pentru c\u0103 are un consiliu format din opt partide \u0219i s\u0103 \u00eentrune\u0219ti o majoritate din opt partide este dificil. <\/p>\n\n\n\n<p>Eu \u00een mandatul 2020-2024 am avut patru partide \u0219i a fost a\u0219a \u0219i a\u0219a. <\/p>\n\n\n\n<p>Din ce l-am v\u0103zut la Prim\u0103ria Sectorului 6 a reu\u0219it s\u0103 \u00ee\u0219i g\u0103seasc\u0103 o majoritate \u00een consiliul local. E nevoie de flexibilitate s\u0103 f\u0103c\u0103 o majoritate \u00een Consiliul General\u201d, a precizat Nicu\u0219or Dan.<\/p>\n\n\n\n<p><strong>CITE\u0218TE \u0218I: <a href=\"https:\/\/buletin.de\/bucuresti\/reportaj-negativul-unei-sedinte-cu-scantei-ciucu-globus-jelea-opozitiei-si-consilierul-chatcgmb-au-regizat-comasarile-biletul-stb-si-gramatica-de-partid\/\" target=\"_blank\" rel=\"noreferrer noopener\">REPORTAJ | \u201eNegativul\u201d unei \u0219edinte cu sc\u00e2ntei: \u201eCiucu Globus\u201d, \u201eJelea Opozi\u021biei\u201d \u0219i consilierul ChatCGMB au \u201eregizat\u201d comas\u0103rile, biletul STB \u0219i gramatica de partid<\/a><\/strong><\/p>\n","protected":false},"excerpt":{"rendered":"<p>Nicu\u0219or Dan sus\u021bine c\u0103 situa\u021bia financiar\u0103 de la Prim\u0103ria Capitalei este mai bun\u0103 acum dec\u00e2t era \u00een 2020, c\u00e2nd a preluat primul s\u0103u mandat de primar general. Actualul pre\u0219edinte al Rom\u00e2niei a f\u0103cut declara\u021bia \u00een contextul \u00eenfr\u00e2ngerii politice pe care a suferit-o actualul edil Ciprian Ciucu \u00een \u0219edin\u021ba Consiliului General al Capitalei de joi, 29 [&hellip;]<\/p>\n","protected":false},"author":60,"featured_media":170371,"comment_status":"closed","ping_status":"open","sticky":false,"template":"","format":"standard","meta":{"_acf_changed":false,"inline_featured_image":false,"ngg_post_thumbnail":0,"footnotes":""},"categories":[6994,9025,24],"tags":[2673,26118,223,258],"ppma_author":[22582],"class_list":["post-170360","post","type-post","status-publish","format-standard","has-post-thumbnail","hentry","category-stiri-2","category-politic","category-primarie","tag-buget-capitala","tag-ciprian-ciuc","tag-nicusor-dan","tag-primaria-capitalei"],"acf":[],"yoast_head":"<!-- This site is optimized with the Yoast SEO Premium plugin v25.3 (Yoast SEO v27.5) - https:\/\/yoast.com\/product\/yoast-seo-premium-wordpress\/ -->\n<title>Nicu\u0219or Dan despre \u201edezastrul bugetar\u201d pe care \u00eel reclam\u0103 Ciprian Ciucu: \u201eSitua\u021bia pe care a g\u0103sit-o el este ceva mai bun\u0103 dec\u00e2t cea pe care am g\u0103sit-o eu\u201d - Buletin de Bucure\u0219ti<\/title>\n<meta name=\"description\" content=\"Nicu\u0219pr Dan sus\u021bine c\u0103 situa\u021bia financiar\u0103 de la Prim\u0103ria Capitalei este mai bun\u0103 acum dec\u00e2t era \u00een 2020, c\u00e2nd a devenit primar general.\" \/>\n<meta name=\"robots\" content=\"index, follow, max-snippet:-1, max-image-preview:large, max-video-preview:-1\" \/>\n<link rel=\"canonical\" href=\"https:\/\/buletin.de\/bucuresti\/nicusor-dan-despre-dezastrul-bugetar-pe-care-il-reclama-ciprian-ciucu-la-primaria-capitalei-situatia-pe-care-a-gasit-o-este-ceva-mai-buna-decat-cea-pe-care-am-gasit-o-eu\/\" \/>\n<meta property=\"og:locale\" content=\"en_GB\" \/>\n<meta property=\"og:type\" content=\"article\" \/>\n<meta property=\"og:title\" content=\"Nicu\u0219or Dan despre \u201edezastrul bugetar\u201d pe care \u00eel reclam\u0103 Ciprian Ciucu: \u201eSitua\u021bia pe care a g\u0103sit-o el este ceva mai bun\u0103 dec\u00e2t cea pe care am g\u0103sit-o eu\u201d\" \/>\n<meta property=\"og:description\" content=\"Nicu\u0219pr Dan sus\u021bine c\u0103 situa\u021bia financiar\u0103 de la Prim\u0103ria Capitalei este mai bun\u0103 acum dec\u00e2t era \u00een 2020, c\u00e2nd a devenit primar general.\" \/>\n<meta property=\"og:url\" content=\"https:\/\/buletin.de\/bucuresti\/nicusor-dan-despre-dezastrul-bugetar-pe-care-il-reclama-ciprian-ciucu-la-primaria-capitalei-situatia-pe-care-a-gasit-o-este-ceva-mai-buna-decat-cea-pe-care-am-gasit-o-eu\/\" \/>\n<meta property=\"og:site_name\" content=\"Buletin de Bucure\u0219ti\" \/>\n<meta property=\"article:publisher\" content=\"https:\/\/www.facebook.com\/buletin.de.buc\" \/>\n<meta property=\"article:published_time\" content=\"2026-01-29T22:00:00+00:00\" \/>\n<meta property=\"article:modified_time\" content=\"2026-01-30T14:07:07+00:00\" \/>\n<meta property=\"og:image\" content=\"https:\/\/buletin.de\/bucuresti\/wp-content\/uploads\/2026\/01\/ID330718_INQUAM_Photos_George_Calin-scaled.jpg\" \/>\n\t<meta property=\"og:image:width\" content=\"2560\" \/>\n\t<meta property=\"og:image:height\" content=\"1708\" \/>\n\t<meta property=\"og:image:type\" content=\"image\/jpeg\" \/>\n<meta name=\"author\" content=\"R\u0103zvan Chiru\u021b\u0103\" \/>\n<meta name=\"twitter:card\" content=\"summary_large_image\" \/>\n<meta name=\"twitter:label1\" content=\"Written by\" \/>\n\t<meta name=\"twitter:data1\" content=\"R\u0103zvan Chiru\u021b\u0103\" \/>\n\t<meta name=\"twitter:label2\" content=\"Estimated reading time\" \/>\n\t<meta name=\"twitter:data2\" content=\"3 minutes\" \/>\n<script type=\"application\/ld+json\" class=\"yoast-schema-graph\">{\"@context\":\"https:\\\/\\\/schema.org\",\"@graph\":[{\"@type\":\"Article\",\"@id\":\"https:\\\/\\\/buletin.de\\\/bucuresti\\\/nicusor-dan-despre-dezastrul-bugetar-pe-care-il-reclama-ciprian-ciucu-la-primaria-capitalei-situatia-pe-care-a-gasit-o-este-ceva-mai-buna-decat-cea-pe-care-am-gasit-o-eu\\\/#article\",\"isPartOf\":{\"@id\":\"https:\\\/\\\/buletin.de\\\/bucuresti\\\/nicusor-dan-despre-dezastrul-bugetar-pe-care-il-reclama-ciprian-ciucu-la-primaria-capitalei-situatia-pe-care-a-gasit-o-este-ceva-mai-buna-decat-cea-pe-care-am-gasit-o-eu\\\/\"},\"author\":{\"name\":\"R\u0103zvan Chiru\u021b\u0103\",\"@id\":\"https:\\\/\\\/buletin.de\\\/bucuresti\\\/#\\\/schema\\\/person\\\/a76df728dfc913795a9d90e346b253bb\"},\"headline\":\"Nicu\u0219or Dan despre \u201edezastrul bugetar\u201d pe care \u00eel reclam\u0103 Ciprian Ciucu: \u201eSitua\u021bia pe care a g\u0103sit-o el este ceva mai bun\u0103 dec\u00e2t cea pe care am g\u0103sit-o eu\u201d\",\"datePublished\":\"2026-01-29T22:00:00+00:00\",\"dateModified\":\"2026-01-30T14:07:07+00:00\",\"mainEntityOfPage\":{\"@id\":\"https:\\\/\\\/buletin.de\\\/bucuresti\\\/nicusor-dan-despre-dezastrul-bugetar-pe-care-il-reclama-ciprian-ciucu-la-primaria-capitalei-situatia-pe-care-a-gasit-o-este-ceva-mai-buna-decat-cea-pe-care-am-gasit-o-eu\\\/\"},\"wordCount\":688,\"publisher\":{\"@id\":\"https:\\\/\\\/buletin.de\\\/bucuresti\\\/#organization\"},\"image\":{\"@id\":\"https:\\\/\\\/buletin.de\\\/bucuresti\\\/nicusor-dan-despre-dezastrul-bugetar-pe-care-il-reclama-ciprian-ciucu-la-primaria-capitalei-situatia-pe-care-a-gasit-o-este-ceva-mai-buna-decat-cea-pe-care-am-gasit-o-eu\\\/#primaryimage\"},\"thumbnailUrl\":\"https:\\\/\\\/buletin.de\\\/bucuresti\\\/wp-content\\\/uploads\\\/2026\\\/01\\\/ID330718_INQUAM_Photos_George_Calin-scaled.jpg\",\"keywords\":[\"buget capitala\",\"ciprian ciuc\",\"nicusor dan\",\"primaria capitalei\"],\"articleSection\":[\"Articole\",\"Politic\",\"Prim\u0103rie\"],\"inLanguage\":\"en-GB\",\"copyrightYear\":\"2026\",\"copyrightHolder\":{\"@id\":\"https:\\\/\\\/buletin.de\\\/bucuresti\\\/#organization\"}},{\"@type\":\"WebPage\",\"@id\":\"https:\\\/\\\/buletin.de\\\/bucuresti\\\/nicusor-dan-despre-dezastrul-bugetar-pe-care-il-reclama-ciprian-ciucu-la-primaria-capitalei-situatia-pe-care-a-gasit-o-este-ceva-mai-buna-decat-cea-pe-care-am-gasit-o-eu\\\/\",\"url\":\"https:\\\/\\\/buletin.de\\\/bucuresti\\\/nicusor-dan-despre-dezastrul-bugetar-pe-care-il-reclama-ciprian-ciucu-la-primaria-capitalei-situatia-pe-care-a-gasit-o-este-ceva-mai-buna-decat-cea-pe-care-am-gasit-o-eu\\\/\",\"name\":\"Nicu\u0219or Dan despre \u201edezastrul bugetar\u201d pe care \u00eel reclam\u0103 Ciprian Ciucu: \u201eSitua\u021bia pe care a g\u0103sit-o el este ceva mai bun\u0103 dec\u00e2t cea pe care am g\u0103sit-o eu\u201d - Buletin de Bucure\u0219ti\",\"isPartOf\":{\"@id\":\"https:\\\/\\\/buletin.de\\\/bucuresti\\\/#website\"},\"primaryImageOfPage\":{\"@id\":\"https:\\\/\\\/buletin.de\\\/bucuresti\\\/nicusor-dan-despre-dezastrul-bugetar-pe-care-il-reclama-ciprian-ciucu-la-primaria-capitalei-situatia-pe-care-a-gasit-o-este-ceva-mai-buna-decat-cea-pe-care-am-gasit-o-eu\\\/#primaryimage\"},\"image\":{\"@id\":\"https:\\\/\\\/buletin.de\\\/bucuresti\\\/nicusor-dan-despre-dezastrul-bugetar-pe-care-il-reclama-ciprian-ciucu-la-primaria-capitalei-situatia-pe-care-a-gasit-o-este-ceva-mai-buna-decat-cea-pe-care-am-gasit-o-eu\\\/#primaryimage\"},\"thumbnailUrl\":\"https:\\\/\\\/buletin.de\\\/bucuresti\\\/wp-content\\\/uploads\\\/2026\\\/01\\\/ID330718_INQUAM_Photos_George_Calin-scaled.jpg\",\"datePublished\":\"2026-01-29T22:00:00+00:00\",\"dateModified\":\"2026-01-30T14:07:07+00:00\",\"description\":\"Nicu\u0219pr Dan sus\u021bine c\u0103 situa\u021bia financiar\u0103 de la Prim\u0103ria Capitalei este mai bun\u0103 acum dec\u00e2t era \u00een 2020, c\u00e2nd a devenit primar general.\",\"breadcrumb\":{\"@id\":\"https:\\\/\\\/buletin.de\\\/bucuresti\\\/nicusor-dan-despre-dezastrul-bugetar-pe-care-il-reclama-ciprian-ciucu-la-primaria-capitalei-situatia-pe-care-a-gasit-o-este-ceva-mai-buna-decat-cea-pe-care-am-gasit-o-eu\\\/#breadcrumb\"},\"inLanguage\":\"en-GB\",\"potentialAction\":[{\"@type\":\"ReadAction\",\"target\":[\"https:\\\/\\\/buletin.de\\\/bucuresti\\\/nicusor-dan-despre-dezastrul-bugetar-pe-care-il-reclama-ciprian-ciucu-la-primaria-capitalei-situatia-pe-care-a-gasit-o-este-ceva-mai-buna-decat-cea-pe-care-am-gasit-o-eu\\\/\"]}]},{\"@type\":\"ImageObject\",\"inLanguage\":\"en-GB\",\"@id\":\"https:\\\/\\\/buletin.de\\\/bucuresti\\\/nicusor-dan-despre-dezastrul-bugetar-pe-care-il-reclama-ciprian-ciucu-la-primaria-capitalei-situatia-pe-care-a-gasit-o-este-ceva-mai-buna-decat-cea-pe-care-am-gasit-o-eu\\\/#primaryimage\",\"url\":\"https:\\\/\\\/buletin.de\\\/bucuresti\\\/wp-content\\\/uploads\\\/2026\\\/01\\\/ID330718_INQUAM_Photos_George_Calin-scaled.jpg\",\"contentUrl\":\"https:\\\/\\\/buletin.de\\\/bucuresti\\\/wp-content\\\/uploads\\\/2026\\\/01\\\/ID330718_INQUAM_Photos_George_Calin-scaled.jpg\",\"width\":2560,\"height\":1708,\"caption\":\"Nicu\u0219or Dan despre \u201edezastrul bugetar\u201d pe care \u00eel reclam\u0103 Ciprian Ciucu. FOTO: Inquam Photos \\\/ George C\u0103lin\"},{\"@type\":\"BreadcrumbList\",\"@id\":\"https:\\\/\\\/buletin.de\\\/bucuresti\\\/nicusor-dan-despre-dezastrul-bugetar-pe-care-il-reclama-ciprian-ciucu-la-primaria-capitalei-situatia-pe-care-a-gasit-o-este-ceva-mai-buna-decat-cea-pe-care-am-gasit-o-eu\\\/#breadcrumb\",\"itemListElement\":[{\"@type\":\"ListItem\",\"position\":1,\"name\":\"Acas\u0103\",\"item\":\"https:\\\/\\\/buletin.de\\\/bucuresti\\\/\"},{\"@type\":\"ListItem\",\"position\":2,\"name\":\"Nicu\u0219or Dan despre \u201edezastrul bugetar\u201d pe care \u00eel reclam\u0103 Ciprian Ciucu: \u201eSitua\u021bia pe care a g\u0103sit-o el este ceva mai bun\u0103 dec\u00e2t cea pe care am g\u0103sit-o eu\u201d\"}]},{\"@type\":\"WebSite\",\"@id\":\"https:\\\/\\\/buletin.de\\\/bucuresti\\\/#website\",\"url\":\"https:\\\/\\\/buletin.de\\\/bucuresti\\\/\",\"name\":\"Buletin de Bucure\u0219ti\",\"description\":\"\u0218tiri \u0219i investiga\u021bii esen\u021biale din capital\u0103\",\"publisher\":{\"@id\":\"https:\\\/\\\/buletin.de\\\/bucuresti\\\/#organization\"},\"potentialAction\":[{\"@type\":\"SearchAction\",\"target\":{\"@type\":\"EntryPoint\",\"urlTemplate\":\"https:\\\/\\\/buletin.de\\\/bucuresti\\\/?s={search_term_string}\"},\"query-input\":{\"@type\":\"PropertyValueSpecification\",\"valueRequired\":true,\"valueName\":\"search_term_string\"}}],\"inLanguage\":\"en-GB\"},{\"@type\":\"Organization\",\"@id\":\"https:\\\/\\\/buletin.de\\\/bucuresti\\\/#organization\",\"name\":\"Buletin de Bucure\u0219ti\",\"url\":\"https:\\\/\\\/buletin.de\\\/bucuresti\\\/\",\"logo\":{\"@type\":\"ImageObject\",\"inLanguage\":\"en-GB\",\"@id\":\"https:\\\/\\\/buletin.de\\\/bucuresti\\\/#\\\/schema\\\/logo\\\/image\\\/\",\"url\":\"https:\\\/\\\/buletin.de\\\/bucuresti\\\/wp-content\\\/uploads\\\/logo-bdb-full-wide-vernil-transparent.png\",\"contentUrl\":\"https:\\\/\\\/buletin.de\\\/bucuresti\\\/wp-content\\\/uploads\\\/logo-bdb-full-wide-vernil-transparent.png\",\"width\":1782,\"height\":626,\"caption\":\"Buletin de Bucure\u0219ti\"},\"image\":{\"@id\":\"https:\\\/\\\/buletin.de\\\/bucuresti\\\/#\\\/schema\\\/logo\\\/image\\\/\"},\"sameAs\":[\"https:\\\/\\\/www.facebook.com\\\/buletin.de.buc\",\"https:\\\/\\\/www.instagram.com\\\/buletinde.bucuresti\\\/\"]},{\"@type\":\"Person\",\"@id\":\"https:\\\/\\\/buletin.de\\\/bucuresti\\\/#\\\/schema\\\/person\\\/a76df728dfc913795a9d90e346b253bb\",\"name\":\"R\u0103zvan Chiru\u021b\u0103\",\"image\":{\"@type\":\"ImageObject\",\"inLanguage\":\"en-GB\",\"@id\":\"https:\\\/\\\/buletin.de\\\/bucuresti\\\/wp-content\\\/uploads\\\/Razvan-Chiruta-96x96.jpge7143b996fd4241fbd6ee1f6b6b7b267\",\"url\":\"https:\\\/\\\/buletin.de\\\/bucuresti\\\/wp-content\\\/uploads\\\/Razvan-Chiruta-96x96.jpg\",\"contentUrl\":\"https:\\\/\\\/buletin.de\\\/bucuresti\\\/wp-content\\\/uploads\\\/Razvan-Chiruta-96x96.jpg\",\"caption\":\"R\u0103zvan Chiru\u021b\u0103\"},\"description\":\"R\u0103zvan Chiru\u021b\u0103 este redactor-\u0219ef adjunct din iulie 2024. A fost redactor-\u0219ef al PRESShub \u00eentre 2022 \u0219i iunie 2024. Anterior, a fost redactor-\u0219ef al Newsweek Rom\u00e2nia, din 2018 p\u00e2n\u0103 \u00een 2021, \u0219i al cotidianului Rom\u00e2nia liber\u0103, \u00eentre 2015 \u0219i 2017. Este absolvent de Jurnalism, \u00een cadrul Universit\u0103\u021bii \u201eAl.I.Cuza\u201d din Ia\u0219i, \u0219i a urmat un master \u00een Managementul institu\u021biilor mass-media (f\u0103r\u0103 diserta\u021bie) la Facultatea de Jurnalism \u0219i \u0218tiin\u021bele Comunic\u0103rii din cadrul Universit\u0103\u021bii din Bucure\u0219ti. \u0218i-a \u00eenceput cariera la Opinia studen\u021beasc\u0103, cunoscuta \u0219coal\u0103 de pres\u0103 din Ia\u0219i. A lucrat \u00een presa local\u0103, apoi a devenit corespondent pentru Ia\u0219i al cotidianului Evenimentul Zilei. Din 2004, a coordonat pentru \u0219ase luni sec\u021bia de coresponden\u021bi a Evenimentului Zilei. A mai lucrat la s\u0103pt\u0103m\u00e2nalul Prezent \u0219i a colaborat cu revistele Dilema Veche \u0219i Suplimentul de Cultur\u0103. Este co-autor \u00een volumele \u201eMass-media \u0219i democra\u021bia \u00een Rom\u00e2nia post-comunist\u0103\u201d (ed. a II-a), Ed. Institutul European, Ia\u0219i, 2013, \u0219i \u201eCOVID - 19. Dimensiuni ale gestionarii pandemiei\u201d, Editura Junimea, Ia\u0219i, 2020.\",\"url\":\"https:\\\/\\\/buletin.de\\\/bucuresti\\\/author\\\/razvan-chiruta\\\/\"}]}<\/script>\n<!-- \/ Yoast SEO Premium plugin. -->","yoast_head_json":{"title":"Nicu\u0219or Dan despre \u201edezastrul bugetar\u201d pe care \u00eel reclam\u0103 Ciprian Ciucu: \u201eSitua\u021bia pe care a g\u0103sit-o el este ceva mai bun\u0103 dec\u00e2t cea pe care am g\u0103sit-o eu\u201d - Buletin de Bucure\u0219ti","description":"Nicu\u0219pr Dan sus\u021bine c\u0103 situa\u021bia financiar\u0103 de la Prim\u0103ria Capitalei este mai bun\u0103 acum dec\u00e2t era \u00een 2020, c\u00e2nd a devenit primar general.","robots":{"index":"index","follow":"follow","max-snippet":"max-snippet:-1","max-image-preview":"max-image-preview:large","max-video-preview":"max-video-preview:-1"},"canonical":"https:\/\/buletin.de\/bucuresti\/nicusor-dan-despre-dezastrul-bugetar-pe-care-il-reclama-ciprian-ciucu-la-primaria-capitalei-situatia-pe-care-a-gasit-o-este-ceva-mai-buna-decat-cea-pe-care-am-gasit-o-eu\/","og_locale":"en_GB","og_type":"article","og_title":"Nicu\u0219or Dan despre \u201edezastrul bugetar\u201d pe care \u00eel reclam\u0103 Ciprian Ciucu: \u201eSitua\u021bia pe care a g\u0103sit-o el este ceva mai bun\u0103 dec\u00e2t cea pe care am g\u0103sit-o eu\u201d","og_description":"Nicu\u0219pr Dan sus\u021bine c\u0103 situa\u021bia financiar\u0103 de la Prim\u0103ria Capitalei este mai bun\u0103 acum dec\u00e2t era \u00een 2020, c\u00e2nd a devenit primar general.","og_url":"https:\/\/buletin.de\/bucuresti\/nicusor-dan-despre-dezastrul-bugetar-pe-care-il-reclama-ciprian-ciucu-la-primaria-capitalei-situatia-pe-care-a-gasit-o-este-ceva-mai-buna-decat-cea-pe-care-am-gasit-o-eu\/","og_site_name":"Buletin de Bucure\u0219ti","article_publisher":"https:\/\/www.facebook.com\/buletin.de.buc","article_published_time":"2026-01-29T22:00:00+00:00","article_modified_time":"2026-01-30T14:07:07+00:00","og_image":[{"width":2560,"height":1708,"url":"https:\/\/buletin.de\/bucuresti\/wp-content\/uploads\/2026\/01\/ID330718_INQUAM_Photos_George_Calin-scaled.jpg","type":"image\/jpeg"}],"author":"R\u0103zvan Chiru\u021b\u0103","twitter_card":"summary_large_image","twitter_misc":{"Written by":"R\u0103zvan Chiru\u021b\u0103","Estimated reading time":"3 minutes"},"schema":{"@context":"https:\/\/schema.org","@graph":[{"@type":"Article","@id":"https:\/\/buletin.de\/bucuresti\/nicusor-dan-despre-dezastrul-bugetar-pe-care-il-reclama-ciprian-ciucu-la-primaria-capitalei-situatia-pe-care-a-gasit-o-este-ceva-mai-buna-decat-cea-pe-care-am-gasit-o-eu\/#article","isPartOf":{"@id":"https:\/\/buletin.de\/bucuresti\/nicusor-dan-despre-dezastrul-bugetar-pe-care-il-reclama-ciprian-ciucu-la-primaria-capitalei-situatia-pe-care-a-gasit-o-este-ceva-mai-buna-decat-cea-pe-care-am-gasit-o-eu\/"},"author":{"name":"R\u0103zvan Chiru\u021b\u0103","@id":"https:\/\/buletin.de\/bucuresti\/#\/schema\/person\/a76df728dfc913795a9d90e346b253bb"},"headline":"Nicu\u0219or Dan despre \u201edezastrul bugetar\u201d pe care \u00eel reclam\u0103 Ciprian Ciucu: \u201eSitua\u021bia pe care a g\u0103sit-o el este ceva mai bun\u0103 dec\u00e2t cea pe care am g\u0103sit-o eu\u201d","datePublished":"2026-01-29T22:00:00+00:00","dateModified":"2026-01-30T14:07:07+00:00","mainEntityOfPage":{"@id":"https:\/\/buletin.de\/bucuresti\/nicusor-dan-despre-dezastrul-bugetar-pe-care-il-reclama-ciprian-ciucu-la-primaria-capitalei-situatia-pe-care-a-gasit-o-este-ceva-mai-buna-decat-cea-pe-care-am-gasit-o-eu\/"},"wordCount":688,"publisher":{"@id":"https:\/\/buletin.de\/bucuresti\/#organization"},"image":{"@id":"https:\/\/buletin.de\/bucuresti\/nicusor-dan-despre-dezastrul-bugetar-pe-care-il-reclama-ciprian-ciucu-la-primaria-capitalei-situatia-pe-care-a-gasit-o-este-ceva-mai-buna-decat-cea-pe-care-am-gasit-o-eu\/#primaryimage"},"thumbnailUrl":"https:\/\/buletin.de\/bucuresti\/wp-content\/uploads\/2026\/01\/ID330718_INQUAM_Photos_George_Calin-scaled.jpg","keywords":["buget capitala","ciprian ciuc","nicusor dan","primaria capitalei"],"articleSection":["Articole","Politic","Prim\u0103rie"],"inLanguage":"en-GB","copyrightYear":"2026","copyrightHolder":{"@id":"https:\/\/buletin.de\/bucuresti\/#organization"}},{"@type":"WebPage","@id":"https:\/\/buletin.de\/bucuresti\/nicusor-dan-despre-dezastrul-bugetar-pe-care-il-reclama-ciprian-ciucu-la-primaria-capitalei-situatia-pe-care-a-gasit-o-este-ceva-mai-buna-decat-cea-pe-care-am-gasit-o-eu\/","url":"https:\/\/buletin.de\/bucuresti\/nicusor-dan-despre-dezastrul-bugetar-pe-care-il-reclama-ciprian-ciucu-la-primaria-capitalei-situatia-pe-care-a-gasit-o-este-ceva-mai-buna-decat-cea-pe-care-am-gasit-o-eu\/","name":"Nicu\u0219or Dan despre \u201edezastrul bugetar\u201d pe care \u00eel reclam\u0103 Ciprian Ciucu: \u201eSitua\u021bia pe care a g\u0103sit-o el este ceva mai bun\u0103 dec\u00e2t cea pe care am g\u0103sit-o eu\u201d - Buletin de Bucure\u0219ti","isPartOf":{"@id":"https:\/\/buletin.de\/bucuresti\/#website"},"primaryImageOfPage":{"@id":"https:\/\/buletin.de\/bucuresti\/nicusor-dan-despre-dezastrul-bugetar-pe-care-il-reclama-ciprian-ciucu-la-primaria-capitalei-situatia-pe-care-a-gasit-o-este-ceva-mai-buna-decat-cea-pe-care-am-gasit-o-eu\/#primaryimage"},"image":{"@id":"https:\/\/buletin.de\/bucuresti\/nicusor-dan-despre-dezastrul-bugetar-pe-care-il-reclama-ciprian-ciucu-la-primaria-capitalei-situatia-pe-care-a-gasit-o-este-ceva-mai-buna-decat-cea-pe-care-am-gasit-o-eu\/#primaryimage"},"thumbnailUrl":"https:\/\/buletin.de\/bucuresti\/wp-content\/uploads\/2026\/01\/ID330718_INQUAM_Photos_George_Calin-scaled.jpg","datePublished":"2026-01-29T22:00:00+00:00","dateModified":"2026-01-30T14:07:07+00:00","description":"Nicu\u0219pr Dan sus\u021bine c\u0103 situa\u021bia financiar\u0103 de la Prim\u0103ria Capitalei este mai bun\u0103 acum dec\u00e2t era \u00een 2020, c\u00e2nd a devenit primar general.","breadcrumb":{"@id":"https:\/\/buletin.de\/bucuresti\/nicusor-dan-despre-dezastrul-bugetar-pe-care-il-reclama-ciprian-ciucu-la-primaria-capitalei-situatia-pe-care-a-gasit-o-este-ceva-mai-buna-decat-cea-pe-care-am-gasit-o-eu\/#breadcrumb"},"inLanguage":"en-GB","potentialAction":[{"@type":"ReadAction","target":["https:\/\/buletin.de\/bucuresti\/nicusor-dan-despre-dezastrul-bugetar-pe-care-il-reclama-ciprian-ciucu-la-primaria-capitalei-situatia-pe-care-a-gasit-o-este-ceva-mai-buna-decat-cea-pe-care-am-gasit-o-eu\/"]}]},{"@type":"ImageObject","inLanguage":"en-GB","@id":"https:\/\/buletin.de\/bucuresti\/nicusor-dan-despre-dezastrul-bugetar-pe-care-il-reclama-ciprian-ciucu-la-primaria-capitalei-situatia-pe-care-a-gasit-o-este-ceva-mai-buna-decat-cea-pe-care-am-gasit-o-eu\/#primaryimage","url":"https:\/\/buletin.de\/bucuresti\/wp-content\/uploads\/2026\/01\/ID330718_INQUAM_Photos_George_Calin-scaled.jpg","contentUrl":"https:\/\/buletin.de\/bucuresti\/wp-content\/uploads\/2026\/01\/ID330718_INQUAM_Photos_George_Calin-scaled.jpg","width":2560,"height":1708,"caption":"Nicu\u0219or Dan despre \u201edezastrul bugetar\u201d pe care \u00eel reclam\u0103 Ciprian Ciucu. FOTO: Inquam Photos \/ George C\u0103lin"},{"@type":"BreadcrumbList","@id":"https:\/\/buletin.de\/bucuresti\/nicusor-dan-despre-dezastrul-bugetar-pe-care-il-reclama-ciprian-ciucu-la-primaria-capitalei-situatia-pe-care-a-gasit-o-este-ceva-mai-buna-decat-cea-pe-care-am-gasit-o-eu\/#breadcrumb","itemListElement":[{"@type":"ListItem","position":1,"name":"Acas\u0103","item":"https:\/\/buletin.de\/bucuresti\/"},{"@type":"ListItem","position":2,"name":"Nicu\u0219or Dan despre \u201edezastrul bugetar\u201d pe care \u00eel reclam\u0103 Ciprian Ciucu: \u201eSitua\u021bia pe care a g\u0103sit-o el este ceva mai bun\u0103 dec\u00e2t cea pe care am g\u0103sit-o eu\u201d"}]},{"@type":"WebSite","@id":"https:\/\/buletin.de\/bucuresti\/#website","url":"https:\/\/buletin.de\/bucuresti\/","name":"Buletin de Bucure\u0219ti","description":"\u0218tiri \u0219i investiga\u021bii esen\u021biale din capital\u0103","publisher":{"@id":"https:\/\/buletin.de\/bucuresti\/#organization"},"potentialAction":[{"@type":"SearchAction","target":{"@type":"EntryPoint","urlTemplate":"https:\/\/buletin.de\/bucuresti\/?s={search_term_string}"},"query-input":{"@type":"PropertyValueSpecification","valueRequired":true,"valueName":"search_term_string"}}],"inLanguage":"en-GB"},{"@type":"Organization","@id":"https:\/\/buletin.de\/bucuresti\/#organization","name":"Buletin de Bucure\u0219ti","url":"https:\/\/buletin.de\/bucuresti\/","logo":{"@type":"ImageObject","inLanguage":"en-GB","@id":"https:\/\/buletin.de\/bucuresti\/#\/schema\/logo\/image\/","url":"https:\/\/buletin.de\/bucuresti\/wp-content\/uploads\/logo-bdb-full-wide-vernil-transparent.png","contentUrl":"https:\/\/buletin.de\/bucuresti\/wp-content\/uploads\/logo-bdb-full-wide-vernil-transparent.png","width":1782,"height":626,"caption":"Buletin de Bucure\u0219ti"},"image":{"@id":"https:\/\/buletin.de\/bucuresti\/#\/schema\/logo\/image\/"},"sameAs":["https:\/\/www.facebook.com\/buletin.de.buc","https:\/\/www.instagram.com\/buletinde.bucuresti\/"]},{"@type":"Person","@id":"https:\/\/buletin.de\/bucuresti\/#\/schema\/person\/a76df728dfc913795a9d90e346b253bb","name":"R\u0103zvan Chiru\u021b\u0103","image":{"@type":"ImageObject","inLanguage":"en-GB","@id":"https:\/\/buletin.de\/bucuresti\/wp-content\/uploads\/Razvan-Chiruta-96x96.jpge7143b996fd4241fbd6ee1f6b6b7b267","url":"https:\/\/buletin.de\/bucuresti\/wp-content\/uploads\/Razvan-Chiruta-96x96.jpg","contentUrl":"https:\/\/buletin.de\/bucuresti\/wp-content\/uploads\/Razvan-Chiruta-96x96.jpg","caption":"R\u0103zvan Chiru\u021b\u0103"},"description":"R\u0103zvan Chiru\u021b\u0103 este redactor-\u0219ef adjunct din iulie 2024. A fost redactor-\u0219ef al PRESShub \u00eentre 2022 \u0219i iunie 2024. Anterior, a fost redactor-\u0219ef al Newsweek Rom\u00e2nia, din 2018 p\u00e2n\u0103 \u00een 2021, \u0219i al cotidianului Rom\u00e2nia liber\u0103, \u00eentre 2015 \u0219i 2017. Este absolvent de Jurnalism, \u00een cadrul Universit\u0103\u021bii \u201eAl.I.Cuza\u201d din Ia\u0219i, \u0219i a urmat un master \u00een Managementul institu\u021biilor mass-media (f\u0103r\u0103 diserta\u021bie) la Facultatea de Jurnalism \u0219i \u0218tiin\u021bele Comunic\u0103rii din cadrul Universit\u0103\u021bii din Bucure\u0219ti. \u0218i-a \u00eenceput cariera la Opinia studen\u021beasc\u0103, cunoscuta \u0219coal\u0103 de pres\u0103 din Ia\u0219i. A lucrat \u00een presa local\u0103, apoi a devenit corespondent pentru Ia\u0219i al cotidianului Evenimentul Zilei. Din 2004, a coordonat pentru \u0219ase luni sec\u021bia de coresponden\u021bi a Evenimentului Zilei. A mai lucrat la s\u0103pt\u0103m\u00e2nalul Prezent \u0219i a colaborat cu revistele Dilema Veche \u0219i Suplimentul de Cultur\u0103. Este co-autor \u00een volumele \u201eMass-media \u0219i democra\u021bia \u00een Rom\u00e2nia post-comunist\u0103\u201d (ed. a II-a), Ed. Institutul European, Ia\u0219i, 2013, \u0219i \u201eCOVID - 19. Dimensiuni ale gestionarii pandemiei\u201d, Editura Junimea, Ia\u0219i, 2020.","url":"https:\/\/buletin.de\/bucuresti\/author\/razvan-chiruta\/"}]}},"authors":[{"term_id":22582,"user_id":60,"is_guest":0,"slug":"razvan-chiruta","display_name":"R\u0103zvan Chiru\u021b\u0103","avatar_url":"https:\/\/buletin.de\/bucuresti\/wp-content\/uploads\/Razvan-Chiruta-96x96.jpg","0":null,"1":"","2":"","3":"","4":"","5":"","6":"","7":"","8":""}],"_links":{"self":[{"href":"https:\/\/buletin.de\/bucuresti\/wp-json\/wp\/v2\/posts\/170360","targetHints":{"allow":["GET"]}}],"collection":[{"href":"https:\/\/buletin.de\/bucuresti\/wp-json\/wp\/v2\/posts"}],"about":[{"href":"https:\/\/buletin.de\/bucuresti\/wp-json\/wp\/v2\/types\/post"}],"author":[{"embeddable":true,"href":"https:\/\/buletin.de\/bucuresti\/wp-json\/wp\/v2\/users\/60"}],"replies":[{"embeddable":true,"href":"https:\/\/buletin.de\/bucuresti\/wp-json\/wp\/v2\/comments?post=170360"}],"version-history":[{"count":4,"href":"https:\/\/buletin.de\/bucuresti\/wp-json\/wp\/v2\/posts\/170360\/revisions"}],"predecessor-version":[{"id":170396,"href":"https:\/\/buletin.de\/bucuresti\/wp-json\/wp\/v2\/posts\/170360\/revisions\/170396"}],"wp:featuredmedia":[{"embeddable":true,"href":"https:\/\/buletin.de\/bucuresti\/wp-json\/wp\/v2\/media\/170371"}],"wp:attachment":[{"href":"https:\/\/buletin.de\/bucuresti\/wp-json\/wp\/v2\/media?parent=170360"}],"wp:term":[{"taxonomy":"category","embeddable":true,"href":"https:\/\/buletin.de\/bucuresti\/wp-json\/wp\/v2\/categories?post=170360"},{"taxonomy":"post_tag","embeddable":true,"href":"https:\/\/buletin.de\/bucuresti\/wp-json\/wp\/v2\/tags?post=170360"},{"taxonomy":"author","embeddable":true,"href":"https:\/\/buletin.de\/bucuresti\/wp-json\/wp\/v2\/ppma_author?post=170360"}],"curies":[{"name":"wp","href":"https:\/\/api.w.org\/{rel}","templated":true}]}}