{"id":170340,"date":"2026-01-29T22:49:28","date_gmt":"2026-01-29T19:49:28","guid":{"rendered":"https:\/\/buletin.de\/bucuresti\/?p=170340"},"modified":"2026-02-26T09:40:10","modified_gmt":"2026-02-26T06:40:10","slug":"piedone-il-ironizeaza-pe-ciucu-cipriane-revino-ti-sunt-dispus-oricand-sa-te-consiliez","status":"publish","type":"post","link":"https:\/\/buletin.de\/bucuresti\/piedone-il-ironizeaza-pe-ciucu-cipriane-revino-ti-sunt-dispus-oricand-sa-te-consiliez\/","title":{"rendered":"Piedone \u00eel ironizeaz\u0103 pe Ciucu: \u201eCipriane, revino-\u021bi. Sunt dispus oric\u00e2nd sa te consiliez\u201d"},"content":{"rendered":"\n<p><strong>Fostul primar al Sectorului 5, Cristian Popescu Piedone, a fost prezent la \u0219edin\u021ba de joi a Consiliului General al Municipiului Bucure\u0219ti, \u00een care consilierii generali ai PSD, PUSL \u0219i AUR au respins majoritatea ini\u021biativelor primarului general. Ulterior, Piedone a ie\u0219it cu un atac la edil \u0219i \u00eel ironizeaz\u0103 pe Ciprian Ciucu \u00eentr-un mesaj pe Facebook.<\/strong><\/p>\n\n\n\n<p>Consiliul General a respins, cu voturile PSD, PUSL (fostul partid condus de Cristian Popescu Piedone) \u0219i AUR at\u00e2t proiectul de hot\u0103r\u00e2re privind scumpirea pre\u021bului biletelor STB, c\u00e2t \u0219i angajarea unui audit extern pentru Societatea de Transport Bucure\u0219ti \u0219i Termoenergetica. <\/p>\n\n\n\n<p>De asemenea, au fost respinse \u0219i proiectele privind comasarea unor institu\u021bii de cultur\u0103. <\/p>\n\n\n\n<p>Consilierul general Bogdan Jelea, membru PUSL, a avut, \u00een cadrul \u0219edin\u021bei, mai multe reac\u021bii ironice la adresa lui Ciprian Ciucu. Ulterior, aceea\u0219i atitudine a fost abordat\u0103 \u0219i de c\u0103tre Cristian Popescu Piedone.<\/p>\n\n\n\n<p><strong>CITE\u0218TE \u0218I: <a href=\"https:\/\/buletin.de\/bucuresti\/reportaj-negativul-unei-sedinte-cu-scantei-ciucu-globus-jelea-opozitiei-si-consilierul-chatcgmb-au-regizat-comasarile-biletul-stb-si-gramatica-de-partid\/\" target=\"_blank\" rel=\"noreferrer noopener\">REPORTAJ | \u201eNegativul\u201d unei \u0219edinte cu sc\u00e2ntei: \u201eCiucu Globus\u201d, \u201eJelea Opozi\u021biei\u201d \u0219i consilierul ChatCGMB au \u201eregizat\u201d comas\u0103rile, biletul STB \u0219i gramatica de partid<\/a><\/strong><\/p>\n\n\n\n<h2 class=\"wp-block-heading\" id=\"h-piedone-il-ironizeaza-pe-ciprian-ciucu-un-primar-neajutorat\">Piedone \u00eel ironizeaz\u0103 pe Ciprian Ciucu: Un primar &#8216;neajutorat&#8217;<\/h2>\n\n\n\n<p>\u201eNU PO\u021aI S\u0102 VII S\u0102 TE VAI\u021aI DE GREAUA MO\u0218TENIRE C\u00c2ND PREDECESORUL T\u0102U \u00ce\u021aI ESTE COLEG DE PARTID!<\/p>\n\n\n\n<p>NU POT S\u0102 TE CRED C\u00c2ND SPUI C\u0102 NU AVEAI INFORMA\u021aII REALE DESPRE STAREA FINANCIAR\u0102 A CAPITALEI, C\u00c2ND FRATELE BUJDUVEANU \u00ce\u021aI RAPORTA LA VIRGUL\u0102!<\/p>\n\n\n\n<p>CIPRIANE, REVINO-\u021aI TAT\u0102! E\u0218TI PRIMAR GENERAL, ACUM!<\/p>\n\n\n\n<p>PRIM\u0102RIA CAPITALEI E CA O C\u0102SNICIE LA \u00ceNCEPUTURI: O IEI CU TOT CU ZESTRE, FIE C\u0102 \u00ce\u021aI CONVINE SAU NU\u201d, a scris Cristian Popescu Piedone, cu majuscule,<a href=\"https:\/\/www.facebook.com\/Popescu.Piedone\/posts\/pfbid026eMYuEt6P2DtEp5ctoRpmyPGoEDX9qqfBqd2BVSQJ2Jwc1pHXzTSQHxVC2kwjJgUl?ref=1\" target=\"_blank\" rel=\"noreferrer noopener\"> \u00eentr-o postare pe Facebook<\/a>.<\/p>\n\n\n\n<p>Fostul primar al Sectorului 5 afirm\u0103 c\u0103 la nivelul Capitalei s-a format oficial o nou\u0103 majoritate politic\u0103, care este \u00eempotriva noului primar general. <\/p>\n\n\n\n<p>\u201eAm fost prezent ast\u0103zi la \u0219edin\u021ba de Consiliu General s\u0103 v\u0103d cu ochii mei un primar &#8216;neajutorat&#8217;, uitat \u00een cl\u0103direa din Regina Elisabeta de propriul partid. V\u0103 vine s\u0103 crede\u021bi un astfel de scenariu? V\u0103 imagina\u021bi cum ar\u0103ta?&#8230; Aia e, bucure\u0219tenii au votat \u0219i de azi \u00eenainte se vor bucura de rezultate.<\/p>\n\n\n\n<p>Slav\u0103 bunului Dumnezeu c\u0103 sunt doar doi ani&#8230;\u201d, a scris Cristian Popescu Piedone.<\/p>\n\n\n\n<p><strong>CITE\u0218TE \u0218I:&nbsp;<a href=\"https:\/\/buletin.de\/bucuresti\/biletele-stb-nu-se-mai-scumpesc-prima-infrangere-politica-a-lui-ciprian-ciucu-in-relatie-cu-consiliul-general\/\" target=\"_blank\" rel=\"noreferrer noopener\">Biletele STB nu se mai scumpesc. Prima \u00eenfr\u00e2ngere politic\u0103 a lui Ciprian Ciucu \u00een rela\u021bie cu Consiliul General<\/a><\/strong><\/p>\n\n\n\n<p><strong>Fostul primar, r\u0103mas \u00een prezent f\u0103r\u0103 nici o func\u021bie politic\u0103, a ar\u0103tat c\u0103, de fapt, dezastrul de la STB \u0219i Termoenergetca este cauzat de colegii din PNL ai lui Ciprian Ciucu.<\/strong><\/p>\n\n\n\n<p>\u201eOamenii care au condus \u0219i conduc \u0219i ast\u0103zi companiile, majoritatea sunt din PNL! Tot ei sunt cei care vor s\u0103 creasc\u0103 costurile unei c\u0103l\u0103torii la STB \u0219i tot ei sunt cei care vor s\u0103 sacrifice sectoarele Bucure\u0219tiului pentru o od\u0103 adus\u0103 noului vocalist de tip Fata Morgana.<\/p>\n\n\n\n<p>Noul primar trebuie s\u0103 \u00een\u021beleag\u0103 c\u0103 e primarul tuturor bucure\u0219tenilor, nu doar a celor care l-au votat. Eu \u0219tiu c\u0103 gropile nu fac politic\u0103, nici gunoiul \u0219i nici cultura, dar comportamentul pe care l-a scos azi la lumin\u0103 trebuie reanalizat.<\/p>\n\n\n\n<p>Nu v\u0103 mai pl\u00e2nge\u021bi de un posibil faliment \u0219i c\u0103uta\u021bi solu\u021bii. Prim\u0103ria Capitalei e ca o c\u0103snicie: c\u00e2nd o iei, vine la pachet cu zestre&#8230;deschide lada aia de zestre \u0219i vezi ce po\u021bi s\u0103 mai pui la aerisit, s\u0103 mai salvezi&#8230;\u201d, a men\u021bionat Popescu Piedone. <\/p>\n\n\n\n<p><strong>\u00cen final, Piedone s-a oferit s\u0103-i ofere sfaturi lui Ciprian Ciucu.<\/strong><\/p>\n\n\n\n<p>\u201eSunt dispus oric\u00e2nd sa te consiliez, cu condi\u021bia ca acesta s\u0103 porneasc\u0103 de la maturitate politic\u0103 \u0219i asumare. Politica la nivel \u00eenalt nu este un joc de orgolii \u0219i, cu siguran\u021b\u0103, nu o partid\u0103 de \u00ableap\u0219a\u00bb, ci un exerci\u021biu de responsabilitate, coeren\u021b\u0103 \u0219i respect fa\u021b\u0103 de interesul public.\u201d<\/p>\n\n\n\n<p><strong>CITE\u0218TE \u0218I:<\/strong>&nbsp;<strong><a href=\"https:\/\/buletin.de\/bucuresti\/cgmb-a-respins-anchetele-fiscale-pentru-stb-si-termoenergetica-ciucu-cui-ii-e-frica-de-transparenta\/\">Anchetele fiscale de la STB \u0219i Termoenergetica cerute de Ciprian Ciucu, blocate de Consiliul General. Primarul general: \u201eCui \u00eei e fric\u0103 de transparen\u021b\u0103?\u201d<\/a><\/strong><\/p>\n","protected":false},"excerpt":{"rendered":"<p>Fostul primar al Sectorului 5, Cristian Popescu Piedone, a fost prezent la \u0219edin\u021ba de joi a Consiliului General al Municipiului Bucure\u0219ti, \u00een care consilierii generali ai PSD, PUSL \u0219i AUR au respins majoritatea ini\u021biativelor primarului general. Ulterior, Piedone a ie\u0219it cu un atac la edil \u0219i \u00eel ironizeaz\u0103 pe Ciprian Ciucu \u00eentr-un mesaj pe Facebook. [&hellip;]<\/p>\n","protected":false},"author":1,"featured_media":170342,"comment_status":"closed","ping_status":"open","sticky":false,"template":"","format":"standard","meta":{"_acf_changed":false,"inline_featured_image":false,"ngg_post_thumbnail":0,"footnotes":""},"categories":[6994,9025,62],"tags":[148,1114,1103,402],"ppma_author":[22583],"class_list":["post-170340","post","type-post","status-publish","format-standard","has-post-thumbnail","hentry","category-stiri-2","category-politic","category-stiri","tag-cgmb","tag-ciucu","tag-piedone","tag-stb"],"acf":[],"yoast_head":"<!-- This site is optimized with the Yoast SEO Premium plugin v25.3 (Yoast SEO v27.5) - https:\/\/yoast.com\/product\/yoast-seo-premium-wordpress\/ -->\n<title>Piedone \u00eel ironizeaz\u0103 pe Ciucu: \u201eCipriane, revino-\u021bi. Sunt dispus oric\u00e2nd sa te consiliez\u201d - Buletin de Bucure\u0219ti<\/title>\n<meta name=\"description\" content=\"Piedone a ie\u0219it cu un atac la primarul general \u0219i \u00eel ironizeaz\u0103 pe Ciprian Ciucu \u00eentr-un mesaj pe Facebook. \u00cei propune s\u0103-l consilieze.\" \/>\n<meta name=\"robots\" content=\"index, follow, max-snippet:-1, max-image-preview:large, max-video-preview:-1\" \/>\n<link rel=\"canonical\" href=\"https:\/\/buletin.de\/bucuresti\/piedone-il-ironizeaza-pe-ciucu-cipriane-revino-ti-sunt-dispus-oricand-sa-te-consiliez\/\" \/>\n<meta property=\"og:locale\" content=\"en_GB\" \/>\n<meta property=\"og:type\" content=\"article\" \/>\n<meta property=\"og:title\" content=\"Piedone \u00eel ironizeaz\u0103 pe Ciucu: \u201eCipriane, revino-\u021bi. Sunt dispus oric\u00e2nd sa te consiliez\u201d\" \/>\n<meta property=\"og:description\" content=\"Piedone a ie\u0219it cu un atac la primarul general \u0219i \u00eel ironizeaz\u0103 pe Ciprian Ciucu \u00eentr-un mesaj pe Facebook. \u00cei propune s\u0103-l consilieze.\" \/>\n<meta property=\"og:url\" content=\"https:\/\/buletin.de\/bucuresti\/piedone-il-ironizeaza-pe-ciucu-cipriane-revino-ti-sunt-dispus-oricand-sa-te-consiliez\/\" \/>\n<meta property=\"og:site_name\" content=\"Buletin de Bucure\u0219ti\" \/>\n<meta property=\"article:publisher\" content=\"https:\/\/www.facebook.com\/buletin.de.buc\" \/>\n<meta property=\"article:published_time\" content=\"2026-01-29T19:49:28+00:00\" \/>\n<meta property=\"article:modified_time\" content=\"2026-02-26T06:40:10+00:00\" \/>\n<meta property=\"og:image\" content=\"https:\/\/buletin.de\/bucuresti\/wp-content\/uploads\/2026\/01\/piedoneironizeazaciucu-e1769716404358.jpg\" \/>\n\t<meta property=\"og:image:width\" content=\"900\" \/>\n\t<meta property=\"og:image:height\" content=\"805\" \/>\n\t<meta property=\"og:image:type\" content=\"image\/jpeg\" \/>\n<meta name=\"author\" content=\"Redac\u021bia Buletin de Bucure\u0219ti\" \/>\n<meta name=\"twitter:card\" content=\"summary_large_image\" \/>\n<meta name=\"twitter:label1\" content=\"Written by\" \/>\n\t<meta name=\"twitter:data1\" content=\"Redac\u021bia Buletin de Bucure\u0219ti\" \/>\n\t<meta name=\"twitter:label2\" content=\"Estimated reading time\" \/>\n\t<meta name=\"twitter:data2\" content=\"3 minutes\" \/>\n<script type=\"application\/ld+json\" class=\"yoast-schema-graph\">{\"@context\":\"https:\\\/\\\/schema.org\",\"@graph\":[{\"@type\":\"Article\",\"@id\":\"https:\\\/\\\/buletin.de\\\/bucuresti\\\/piedone-il-ironizeaza-pe-ciucu-cipriane-revino-ti-sunt-dispus-oricand-sa-te-consiliez\\\/#article\",\"isPartOf\":{\"@id\":\"https:\\\/\\\/buletin.de\\\/bucuresti\\\/piedone-il-ironizeaza-pe-ciucu-cipriane-revino-ti-sunt-dispus-oricand-sa-te-consiliez\\\/\"},\"author\":{\"name\":\"Redac\u021bia Buletin de Bucure\u0219ti\",\"@id\":\"https:\\\/\\\/buletin.de\\\/bucuresti\\\/#\\\/schema\\\/person\\\/2bbcf854e5f2419a13804af574d06ab1\"},\"headline\":\"Piedone \u00eel ironizeaz\u0103 pe Ciucu: \u201eCipriane, revino-\u021bi. Sunt dispus oric\u00e2nd sa te consiliez\u201d\",\"datePublished\":\"2026-01-29T19:49:28+00:00\",\"dateModified\":\"2026-02-26T06:40:10+00:00\",\"mainEntityOfPage\":{\"@id\":\"https:\\\/\\\/buletin.de\\\/bucuresti\\\/piedone-il-ironizeaza-pe-ciucu-cipriane-revino-ti-sunt-dispus-oricand-sa-te-consiliez\\\/\"},\"wordCount\":691,\"publisher\":{\"@id\":\"https:\\\/\\\/buletin.de\\\/bucuresti\\\/#organization\"},\"image\":{\"@id\":\"https:\\\/\\\/buletin.de\\\/bucuresti\\\/piedone-il-ironizeaza-pe-ciucu-cipriane-revino-ti-sunt-dispus-oricand-sa-te-consiliez\\\/#primaryimage\"},\"thumbnailUrl\":\"https:\\\/\\\/buletin.de\\\/bucuresti\\\/wp-content\\\/uploads\\\/2026\\\/01\\\/piedoneironizeazaciucu-e1769716404358.jpg\",\"keywords\":[\"cgmb\",\"ciucu\",\"piedone\",\"stb\"],\"articleSection\":[\"Articole\",\"Politic\",\"\u0218tiri\"],\"inLanguage\":\"en-GB\",\"copyrightYear\":\"2026\",\"copyrightHolder\":{\"@id\":\"https:\\\/\\\/buletin.de\\\/bucuresti\\\/#organization\"}},{\"@type\":\"WebPage\",\"@id\":\"https:\\\/\\\/buletin.de\\\/bucuresti\\\/piedone-il-ironizeaza-pe-ciucu-cipriane-revino-ti-sunt-dispus-oricand-sa-te-consiliez\\\/\",\"url\":\"https:\\\/\\\/buletin.de\\\/bucuresti\\\/piedone-il-ironizeaza-pe-ciucu-cipriane-revino-ti-sunt-dispus-oricand-sa-te-consiliez\\\/\",\"name\":\"Piedone \u00eel ironizeaz\u0103 pe Ciucu: \u201eCipriane, revino-\u021bi. Sunt dispus oric\u00e2nd sa te consiliez\u201d - Buletin de Bucure\u0219ti\",\"isPartOf\":{\"@id\":\"https:\\\/\\\/buletin.de\\\/bucuresti\\\/#website\"},\"primaryImageOfPage\":{\"@id\":\"https:\\\/\\\/buletin.de\\\/bucuresti\\\/piedone-il-ironizeaza-pe-ciucu-cipriane-revino-ti-sunt-dispus-oricand-sa-te-consiliez\\\/#primaryimage\"},\"image\":{\"@id\":\"https:\\\/\\\/buletin.de\\\/bucuresti\\\/piedone-il-ironizeaza-pe-ciucu-cipriane-revino-ti-sunt-dispus-oricand-sa-te-consiliez\\\/#primaryimage\"},\"thumbnailUrl\":\"https:\\\/\\\/buletin.de\\\/bucuresti\\\/wp-content\\\/uploads\\\/2026\\\/01\\\/piedoneironizeazaciucu-e1769716404358.jpg\",\"datePublished\":\"2026-01-29T19:49:28+00:00\",\"dateModified\":\"2026-02-26T06:40:10+00:00\",\"description\":\"Piedone a ie\u0219it cu un atac la primarul general \u0219i \u00eel ironizeaz\u0103 pe Ciprian Ciucu \u00eentr-un mesaj pe Facebook. \u00cei propune s\u0103-l consilieze.\",\"breadcrumb\":{\"@id\":\"https:\\\/\\\/buletin.de\\\/bucuresti\\\/piedone-il-ironizeaza-pe-ciucu-cipriane-revino-ti-sunt-dispus-oricand-sa-te-consiliez\\\/#breadcrumb\"},\"inLanguage\":\"en-GB\",\"potentialAction\":[{\"@type\":\"ReadAction\",\"target\":[\"https:\\\/\\\/buletin.de\\\/bucuresti\\\/piedone-il-ironizeaza-pe-ciucu-cipriane-revino-ti-sunt-dispus-oricand-sa-te-consiliez\\\/\"]}]},{\"@type\":\"ImageObject\",\"inLanguage\":\"en-GB\",\"@id\":\"https:\\\/\\\/buletin.de\\\/bucuresti\\\/piedone-il-ironizeaza-pe-ciucu-cipriane-revino-ti-sunt-dispus-oricand-sa-te-consiliez\\\/#primaryimage\",\"url\":\"https:\\\/\\\/buletin.de\\\/bucuresti\\\/wp-content\\\/uploads\\\/2026\\\/01\\\/piedoneironizeazaciucu-e1769716404358.jpg\",\"contentUrl\":\"https:\\\/\\\/buletin.de\\\/bucuresti\\\/wp-content\\\/uploads\\\/2026\\\/01\\\/piedoneironizeazaciucu-e1769716404358.jpg\",\"width\":900,\"height\":805,\"caption\":\"Piedone, \u00een \u0219edin\u021ba CGMB. Foto Fb Piedone\"},{\"@type\":\"BreadcrumbList\",\"@id\":\"https:\\\/\\\/buletin.de\\\/bucuresti\\\/piedone-il-ironizeaza-pe-ciucu-cipriane-revino-ti-sunt-dispus-oricand-sa-te-consiliez\\\/#breadcrumb\",\"itemListElement\":[{\"@type\":\"ListItem\",\"position\":1,\"name\":\"Acas\u0103\",\"item\":\"https:\\\/\\\/buletin.de\\\/bucuresti\\\/\"},{\"@type\":\"ListItem\",\"position\":2,\"name\":\"Piedone \u00eel ironizeaz\u0103 pe Ciucu: \u201eCipriane, revino-\u021bi. Sunt dispus oric\u00e2nd sa te consiliez\u201d\"}]},{\"@type\":\"WebSite\",\"@id\":\"https:\\\/\\\/buletin.de\\\/bucuresti\\\/#website\",\"url\":\"https:\\\/\\\/buletin.de\\\/bucuresti\\\/\",\"name\":\"Buletin de Bucure\u0219ti\",\"description\":\"\u0218tiri \u0219i investiga\u021bii esen\u021biale din capital\u0103\",\"publisher\":{\"@id\":\"https:\\\/\\\/buletin.de\\\/bucuresti\\\/#organization\"},\"potentialAction\":[{\"@type\":\"SearchAction\",\"target\":{\"@type\":\"EntryPoint\",\"urlTemplate\":\"https:\\\/\\\/buletin.de\\\/bucuresti\\\/?s={search_term_string}\"},\"query-input\":{\"@type\":\"PropertyValueSpecification\",\"valueRequired\":true,\"valueName\":\"search_term_string\"}}],\"inLanguage\":\"en-GB\"},{\"@type\":\"Organization\",\"@id\":\"https:\\\/\\\/buletin.de\\\/bucuresti\\\/#organization\",\"name\":\"Buletin de Bucure\u0219ti\",\"url\":\"https:\\\/\\\/buletin.de\\\/bucuresti\\\/\",\"logo\":{\"@type\":\"ImageObject\",\"inLanguage\":\"en-GB\",\"@id\":\"https:\\\/\\\/buletin.de\\\/bucuresti\\\/#\\\/schema\\\/logo\\\/image\\\/\",\"url\":\"https:\\\/\\\/buletin.de\\\/bucuresti\\\/wp-content\\\/uploads\\\/logo-bdb-full-wide-vernil-transparent.png\",\"contentUrl\":\"https:\\\/\\\/buletin.de\\\/bucuresti\\\/wp-content\\\/uploads\\\/logo-bdb-full-wide-vernil-transparent.png\",\"width\":1782,\"height\":626,\"caption\":\"Buletin de Bucure\u0219ti\"},\"image\":{\"@id\":\"https:\\\/\\\/buletin.de\\\/bucuresti\\\/#\\\/schema\\\/logo\\\/image\\\/\"},\"sameAs\":[\"https:\\\/\\\/www.facebook.com\\\/buletin.de.buc\",\"https:\\\/\\\/www.instagram.com\\\/buletinde.bucuresti\\\/\"]},{\"@type\":\"Person\",\"@id\":\"https:\\\/\\\/buletin.de\\\/bucuresti\\\/#\\\/schema\\\/person\\\/2bbcf854e5f2419a13804af574d06ab1\",\"name\":\"Redac\u021bia Buletin de Bucure\u0219ti\",\"image\":{\"@type\":\"ImageObject\",\"inLanguage\":\"en-GB\",\"@id\":\"https:\\\/\\\/secure.gravatar.com\\\/avatar\\\/18c5342381ed1a08620e6280424e3e5efc958618f5d67c522c9e44c1bc6f9226?s=96&d=monsterid&r=g60c7cd0ad92c68c049fcd4bb3504d609\",\"url\":\"https:\\\/\\\/secure.gravatar.com\\\/avatar\\\/18c5342381ed1a08620e6280424e3e5efc958618f5d67c522c9e44c1bc6f9226?s=96&d=monsterid&r=g\",\"contentUrl\":\"https:\\\/\\\/secure.gravatar.com\\\/avatar\\\/18c5342381ed1a08620e6280424e3e5efc958618f5d67c522c9e44c1bc6f9226?s=96&d=monsterid&r=g\",\"caption\":\"Redac\u021bia Buletin de Bucure\u0219ti\"},\"description\":\"Buletin de Bucure\u0219ti exist\u0103 din vara anului 2019.\",\"url\":\"https:\\\/\\\/buletin.de\\\/bucuresti\\\/author\\\/adminbuletin\\\/\"}]}<\/script>\n<!-- \/ Yoast SEO Premium plugin. -->","yoast_head_json":{"title":"Piedone \u00eel ironizeaz\u0103 pe Ciucu: \u201eCipriane, revino-\u021bi. Sunt dispus oric\u00e2nd sa te consiliez\u201d - Buletin de Bucure\u0219ti","description":"Piedone a ie\u0219it cu un atac la primarul general \u0219i \u00eel ironizeaz\u0103 pe Ciprian Ciucu \u00eentr-un mesaj pe Facebook. \u00cei propune s\u0103-l consilieze.","robots":{"index":"index","follow":"follow","max-snippet":"max-snippet:-1","max-image-preview":"max-image-preview:large","max-video-preview":"max-video-preview:-1"},"canonical":"https:\/\/buletin.de\/bucuresti\/piedone-il-ironizeaza-pe-ciucu-cipriane-revino-ti-sunt-dispus-oricand-sa-te-consiliez\/","og_locale":"en_GB","og_type":"article","og_title":"Piedone \u00eel ironizeaz\u0103 pe Ciucu: \u201eCipriane, revino-\u021bi. Sunt dispus oric\u00e2nd sa te consiliez\u201d","og_description":"Piedone a ie\u0219it cu un atac la primarul general \u0219i \u00eel ironizeaz\u0103 pe Ciprian Ciucu \u00eentr-un mesaj pe Facebook. \u00cei propune s\u0103-l consilieze.","og_url":"https:\/\/buletin.de\/bucuresti\/piedone-il-ironizeaza-pe-ciucu-cipriane-revino-ti-sunt-dispus-oricand-sa-te-consiliez\/","og_site_name":"Buletin de Bucure\u0219ti","article_publisher":"https:\/\/www.facebook.com\/buletin.de.buc","article_published_time":"2026-01-29T19:49:28+00:00","article_modified_time":"2026-02-26T06:40:10+00:00","og_image":[{"width":900,"height":805,"url":"https:\/\/buletin.de\/bucuresti\/wp-content\/uploads\/2026\/01\/piedoneironizeazaciucu-e1769716404358.jpg","type":"image\/jpeg"}],"author":"Redac\u021bia Buletin de Bucure\u0219ti","twitter_card":"summary_large_image","twitter_misc":{"Written by":"Redac\u021bia Buletin de Bucure\u0219ti","Estimated reading time":"3 minutes"},"schema":{"@context":"https:\/\/schema.org","@graph":[{"@type":"Article","@id":"https:\/\/buletin.de\/bucuresti\/piedone-il-ironizeaza-pe-ciucu-cipriane-revino-ti-sunt-dispus-oricand-sa-te-consiliez\/#article","isPartOf":{"@id":"https:\/\/buletin.de\/bucuresti\/piedone-il-ironizeaza-pe-ciucu-cipriane-revino-ti-sunt-dispus-oricand-sa-te-consiliez\/"},"author":{"name":"Redac\u021bia Buletin de Bucure\u0219ti","@id":"https:\/\/buletin.de\/bucuresti\/#\/schema\/person\/2bbcf854e5f2419a13804af574d06ab1"},"headline":"Piedone \u00eel ironizeaz\u0103 pe Ciucu: \u201eCipriane, revino-\u021bi. Sunt dispus oric\u00e2nd sa te consiliez\u201d","datePublished":"2026-01-29T19:49:28+00:00","dateModified":"2026-02-26T06:40:10+00:00","mainEntityOfPage":{"@id":"https:\/\/buletin.de\/bucuresti\/piedone-il-ironizeaza-pe-ciucu-cipriane-revino-ti-sunt-dispus-oricand-sa-te-consiliez\/"},"wordCount":691,"publisher":{"@id":"https:\/\/buletin.de\/bucuresti\/#organization"},"image":{"@id":"https:\/\/buletin.de\/bucuresti\/piedone-il-ironizeaza-pe-ciucu-cipriane-revino-ti-sunt-dispus-oricand-sa-te-consiliez\/#primaryimage"},"thumbnailUrl":"https:\/\/buletin.de\/bucuresti\/wp-content\/uploads\/2026\/01\/piedoneironizeazaciucu-e1769716404358.jpg","keywords":["cgmb","ciucu","piedone","stb"],"articleSection":["Articole","Politic","\u0218tiri"],"inLanguage":"en-GB","copyrightYear":"2026","copyrightHolder":{"@id":"https:\/\/buletin.de\/bucuresti\/#organization"}},{"@type":"WebPage","@id":"https:\/\/buletin.de\/bucuresti\/piedone-il-ironizeaza-pe-ciucu-cipriane-revino-ti-sunt-dispus-oricand-sa-te-consiliez\/","url":"https:\/\/buletin.de\/bucuresti\/piedone-il-ironizeaza-pe-ciucu-cipriane-revino-ti-sunt-dispus-oricand-sa-te-consiliez\/","name":"Piedone \u00eel ironizeaz\u0103 pe Ciucu: \u201eCipriane, revino-\u021bi. Sunt dispus oric\u00e2nd sa te consiliez\u201d - Buletin de Bucure\u0219ti","isPartOf":{"@id":"https:\/\/buletin.de\/bucuresti\/#website"},"primaryImageOfPage":{"@id":"https:\/\/buletin.de\/bucuresti\/piedone-il-ironizeaza-pe-ciucu-cipriane-revino-ti-sunt-dispus-oricand-sa-te-consiliez\/#primaryimage"},"image":{"@id":"https:\/\/buletin.de\/bucuresti\/piedone-il-ironizeaza-pe-ciucu-cipriane-revino-ti-sunt-dispus-oricand-sa-te-consiliez\/#primaryimage"},"thumbnailUrl":"https:\/\/buletin.de\/bucuresti\/wp-content\/uploads\/2026\/01\/piedoneironizeazaciucu-e1769716404358.jpg","datePublished":"2026-01-29T19:49:28+00:00","dateModified":"2026-02-26T06:40:10+00:00","description":"Piedone a ie\u0219it cu un atac la primarul general \u0219i \u00eel ironizeaz\u0103 pe Ciprian Ciucu \u00eentr-un mesaj pe Facebook. \u00cei propune s\u0103-l consilieze.","breadcrumb":{"@id":"https:\/\/buletin.de\/bucuresti\/piedone-il-ironizeaza-pe-ciucu-cipriane-revino-ti-sunt-dispus-oricand-sa-te-consiliez\/#breadcrumb"},"inLanguage":"en-GB","potentialAction":[{"@type":"ReadAction","target":["https:\/\/buletin.de\/bucuresti\/piedone-il-ironizeaza-pe-ciucu-cipriane-revino-ti-sunt-dispus-oricand-sa-te-consiliez\/"]}]},{"@type":"ImageObject","inLanguage":"en-GB","@id":"https:\/\/buletin.de\/bucuresti\/piedone-il-ironizeaza-pe-ciucu-cipriane-revino-ti-sunt-dispus-oricand-sa-te-consiliez\/#primaryimage","url":"https:\/\/buletin.de\/bucuresti\/wp-content\/uploads\/2026\/01\/piedoneironizeazaciucu-e1769716404358.jpg","contentUrl":"https:\/\/buletin.de\/bucuresti\/wp-content\/uploads\/2026\/01\/piedoneironizeazaciucu-e1769716404358.jpg","width":900,"height":805,"caption":"Piedone, \u00een \u0219edin\u021ba CGMB. Foto Fb Piedone"},{"@type":"BreadcrumbList","@id":"https:\/\/buletin.de\/bucuresti\/piedone-il-ironizeaza-pe-ciucu-cipriane-revino-ti-sunt-dispus-oricand-sa-te-consiliez\/#breadcrumb","itemListElement":[{"@type":"ListItem","position":1,"name":"Acas\u0103","item":"https:\/\/buletin.de\/bucuresti\/"},{"@type":"ListItem","position":2,"name":"Piedone \u00eel ironizeaz\u0103 pe Ciucu: \u201eCipriane, revino-\u021bi. Sunt dispus oric\u00e2nd sa te consiliez\u201d"}]},{"@type":"WebSite","@id":"https:\/\/buletin.de\/bucuresti\/#website","url":"https:\/\/buletin.de\/bucuresti\/","name":"Buletin de Bucure\u0219ti","description":"\u0218tiri \u0219i investiga\u021bii esen\u021biale din capital\u0103","publisher":{"@id":"https:\/\/buletin.de\/bucuresti\/#organization"},"potentialAction":[{"@type":"SearchAction","target":{"@type":"EntryPoint","urlTemplate":"https:\/\/buletin.de\/bucuresti\/?s={search_term_string}"},"query-input":{"@type":"PropertyValueSpecification","valueRequired":true,"valueName":"search_term_string"}}],"inLanguage":"en-GB"},{"@type":"Organization","@id":"https:\/\/buletin.de\/bucuresti\/#organization","name":"Buletin de Bucure\u0219ti","url":"https:\/\/buletin.de\/bucuresti\/","logo":{"@type":"ImageObject","inLanguage":"en-GB","@id":"https:\/\/buletin.de\/bucuresti\/#\/schema\/logo\/image\/","url":"https:\/\/buletin.de\/bucuresti\/wp-content\/uploads\/logo-bdb-full-wide-vernil-transparent.png","contentUrl":"https:\/\/buletin.de\/bucuresti\/wp-content\/uploads\/logo-bdb-full-wide-vernil-transparent.png","width":1782,"height":626,"caption":"Buletin de Bucure\u0219ti"},"image":{"@id":"https:\/\/buletin.de\/bucuresti\/#\/schema\/logo\/image\/"},"sameAs":["https:\/\/www.facebook.com\/buletin.de.buc","https:\/\/www.instagram.com\/buletinde.bucuresti\/"]},{"@type":"Person","@id":"https:\/\/buletin.de\/bucuresti\/#\/schema\/person\/2bbcf854e5f2419a13804af574d06ab1","name":"Redac\u021bia Buletin de Bucure\u0219ti","image":{"@type":"ImageObject","inLanguage":"en-GB","@id":"https:\/\/secure.gravatar.com\/avatar\/18c5342381ed1a08620e6280424e3e5efc958618f5d67c522c9e44c1bc6f9226?s=96&d=monsterid&r=g60c7cd0ad92c68c049fcd4bb3504d609","url":"https:\/\/secure.gravatar.com\/avatar\/18c5342381ed1a08620e6280424e3e5efc958618f5d67c522c9e44c1bc6f9226?s=96&d=monsterid&r=g","contentUrl":"https:\/\/secure.gravatar.com\/avatar\/18c5342381ed1a08620e6280424e3e5efc958618f5d67c522c9e44c1bc6f9226?s=96&d=monsterid&r=g","caption":"Redac\u021bia Buletin de Bucure\u0219ti"},"description":"Buletin de Bucure\u0219ti exist\u0103 din vara anului 2019.","url":"https:\/\/buletin.de\/bucuresti\/author\/adminbuletin\/"}]}},"authors":[{"term_id":22583,"user_id":1,"is_guest":0,"slug":"adminbuletin","display_name":"Redac\u021bia Buletin de Bucure\u0219ti","avatar_url":"https:\/\/secure.gravatar.com\/avatar\/18c5342381ed1a08620e6280424e3e5efc958618f5d67c522c9e44c1bc6f9226?s=96&d=monsterid&r=g","0":null,"1":"","2":"","3":"","4":"","5":"","6":"","7":"","8":""}],"_links":{"self":[{"href":"https:\/\/buletin.de\/bucuresti\/wp-json\/wp\/v2\/posts\/170340","targetHints":{"allow":["GET"]}}],"collection":[{"href":"https:\/\/buletin.de\/bucuresti\/wp-json\/wp\/v2\/posts"}],"about":[{"href":"https:\/\/buletin.de\/bucuresti\/wp-json\/wp\/v2\/types\/post"}],"author":[{"embeddable":true,"href":"https:\/\/buletin.de\/bucuresti\/wp-json\/wp\/v2\/users\/1"}],"replies":[{"embeddable":true,"href":"https:\/\/buletin.de\/bucuresti\/wp-json\/wp\/v2\/comments?post=170340"}],"version-history":[{"count":4,"href":"https:\/\/buletin.de\/bucuresti\/wp-json\/wp\/v2\/posts\/170340\/revisions"}],"predecessor-version":[{"id":176851,"href":"https:\/\/buletin.de\/bucuresti\/wp-json\/wp\/v2\/posts\/170340\/revisions\/176851"}],"wp:featuredmedia":[{"embeddable":true,"href":"https:\/\/buletin.de\/bucuresti\/wp-json\/wp\/v2\/media\/170342"}],"wp:attachment":[{"href":"https:\/\/buletin.de\/bucuresti\/wp-json\/wp\/v2\/media?parent=170340"}],"wp:term":[{"taxonomy":"category","embeddable":true,"href":"https:\/\/buletin.de\/bucuresti\/wp-json\/wp\/v2\/categories?post=170340"},{"taxonomy":"post_tag","embeddable":true,"href":"https:\/\/buletin.de\/bucuresti\/wp-json\/wp\/v2\/tags?post=170340"},{"taxonomy":"author","embeddable":true,"href":"https:\/\/buletin.de\/bucuresti\/wp-json\/wp\/v2\/ppma_author?post=170340"}],"curies":[{"name":"wp","href":"https:\/\/api.w.org\/{rel}","templated":true}]}}