{"id":170333,"date":"2026-02-01T13:57:20","date_gmt":"2026-02-01T10:57:20","guid":{"rendered":"https:\/\/buletin.de\/bucuresti\/?p=170333"},"modified":"2026-02-01T13:57:20","modified_gmt":"2026-02-01T10:57:20","slug":"agenda-urbana-cu-cosmin-buletin-ce-facem-in-weekend-recomandari-culturale-pentru-30-ianuarie-5-februarie","status":"publish","type":"post","link":"https:\/\/buletin.de\/bucuresti\/agenda-urbana-cu-cosmin-buletin-ce-facem-in-weekend-recomandari-culturale-pentru-30-ianuarie-5-februarie\/","title":{"rendered":"Agenda Urban\u0103 cu Cosmin @ Buletin: Ce facem \u00een weekend? Recomand\u0103ri culturale pentru 30 ianuarie &#8211; 5 februarie"},"content":{"rendered":"\n<p id=\"h-e-29-ianuarie-zi-in-care-s-au-nascut-oana-pellea-sau-matei-vi\u0219niec-lma-daca-eram-in-1990-n-aveam-ce-cauta-prin-centru-doar-daca-voiam-sa-protestam-pentru-libertate-caci-minerii-luau-cu-asalt-sediile-partidelor-istorice-\u0219i-puneau-bazele-institu\u021biei-pe-nume-mineriada-pentru-care-desigur-ca-n-avem-inca-vinova\u021bi-ca-n-a-sunat-lia-pe-nimeni-acum-\u0219i-pe-tricou\"><strong>E 29 ianuarie, zi \u00een care s-au n\u0103scut Oana Pellea sau Matei Vi\u0219niec (LMA!). Dac\u0103 eram \u00een 1990, n-aveam ce c\u0103uta prin centru (doar dac\u0103 voiam s\u0103 protest\u0103m pentru libertate), c\u0103ci minerii <a href=\"https:\/\/www.digi24.ro\/stiri\/actualitate\/politica\/cum-au-fost-inabusite-protestele-din-ianuarie-1990-impotriva-fsn-670364\" target=\"_blank\" rel=\"noreferrer noopener\">luau cu asalt sediile partidelor istorice<\/a> \u0219i puneau bazele institu\u021biei pe nume \u201emineriad\u0103\u201d, pentru care desigur c\u0103 n-avem \u00eenc\u0103 vinova\u021bi, c\u0103 n-a sunat Lia pe nimeni (acum <a href=\"https:\/\/www.tshirts.ro\/ma-suna-lia.html\" target=\"_blank\" rel=\"noreferrer noopener\">\u0219i pe tricou<\/a>).<\/strong><\/p>\n\n\n\n<figure class=\"wp-block-image size-full\"><img fetchpriority=\"high\" decoding=\"async\" width=\"1000\" height=\"664\" src=\"data:image\/gif;base64,R0lGODlhAQABAAAAACH5BAEKAAEALAAAAAABAAEAAAICTAEAOw==\" data-src=\"https:\/\/buletin.de\/bucuresti\/wp-content\/uploads\/2026\/01\/image.jpeg\" alt=\"\" class=\"wp-image-170336 lazyload\" data-sizes=\"auto\" data-srcset=\"https:\/\/buletin.de\/bucuresti\/wp-content\/uploads\/2026\/01\/image.jpeg 1000w, https:\/\/buletin.de\/bucuresti\/wp-content\/uploads\/2026\/01\/image-300x199.jpeg 300w, https:\/\/buletin.de\/bucuresti\/wp-content\/uploads\/2026\/01\/image-768x510.jpeg 768w, https:\/\/buletin.de\/bucuresti\/wp-content\/uploads\/2026\/01\/image-600x398.jpeg 600w, https:\/\/buletin.de\/bucuresti\/wp-content\/uploads\/2026\/01\/image-20x13.jpeg 20w\" sizes=\"(max-width: 1000px) 100vw, 1000px\" \/><figcaption class=\"wp-element-caption\">Foto: <a href=\"https:\/\/foto.agerpres.ro\/ro\/evenimentele-din-28-29-ianuarie-bucuresti-1990\/1300966\">Agerpres<\/a><\/figcaption><\/figure>\n\n\n\n<p>Noroc c\u0103 este 2026 \u0219i nu mai avem represalii brutale cu for\u021be paramilitare care bat opozan\u021bi politici\u2026 Oh, wait. Peste ocean, Bruce Springsteen a scos <a href=\"https:\/\/www.youtube.com\/watch?v=wWKSoxG1K7w\" target=\"_blank\" rel=\"noreferrer noopener\">Streets of Minneapolis<\/a>, \u00een timp ce americanii se preg\u0103tesc de <a href=\"https:\/\/nationalshutdown.org\/\" target=\"_blank\" rel=\"noreferrer noopener\">un mare protest<\/a>. <\/p>\n\n\n\n<p>Dar hai mai bine un <a href=\"https:\/\/www.youtube.com\/watch?v=HRWB9ymcwBU\" target=\"_blank\" rel=\"noreferrer noopener\">c\u00e2ntec vesel s\u0103 c\u00e2nt\u0103m<\/a> s\u0103 vedem ce se-nt\u00e2mpl\u0103 pe str\u0103zile Bucure\u0219tiului \u00eentre 30 ianuarie &#8211; 5 februarie.<\/p>\n\n\n\n<h3 class=\"wp-block-heading\" id=\"h-the-motans-x-deliric-bucuresti-official-experience\"><a href=\"https:\/\/youtu.be\/HRWB9ymcwBU?si=nPT4psphy91nZwDo\" target=\"_blank\" rel=\"noreferrer noopener\">The Motans x Deliric &#8211; Bucuresti (Official Experience)<\/a><\/h3>\n\n\n\n<p>Am v\u0103zut la Unirii o b\u0103tr\u00e2n\u0103 care vindea ghiocei l\u00e2ng\u0103 \u201eLuca\u201d, semn c\u0103 vine, \u00eencet-\u00eencet, prim\u0103vara. Pe Armand C\u0103linescu am dep\u0103\u0219it un tramvai, eu fiind pe trotinet\u0103, av\u00e2nd deci vreo 20 km\/h. <\/p>\n\n\n\n<p>A scos capul \u0219i Centrul Cultural Lumina, care, se pare, <a href=\"https:\/\/www.europafm.ro\/schimb-de-replici-intre-stelian-bujduveanu-si-directorul-centrului-cultural-lumina-la-sedinta-consiliului-general-al-pmb-nu-va-contest-in-niciun-fel-calitatea-artistica-a\/\" target=\"_blank\" rel=\"noreferrer noopener\">a sc\u0103pat<\/a> de desfiin\u021bare prin comasare. <\/p>\n\n\n\n<p>La Paris se face o mic\u0103 dreptate istoric\u0103 \u0219i se inscrip\u021bioneaz\u0103 pe Tour Eiffel \u0219i numele de femei. La <em>Micul Paris<\/em> \u00eenc\u0103 n-avem prea multe femei reprezentate prin spa\u021biul public (din 5000+ str\u0103zi, <a href=\"https:\/\/stirileprotv.ro\/divers\/zorasul-vorbeste-pe-limba-lui-ce-ne-spune-harta-bucurestiului-despre-locul-femeilor-in-istorie.html\" target=\"_blank\" rel=\"noreferrer noopener\">doar 94 au nume de femei<\/a>, nici m\u0103car sta\u021bia \u201eTineretului\u201d n-am redenumit-o \u00een \u201eMaria T\u0103nase\u201d, de pild\u0103). E o chestie de voin\u021b\u0103, la fel cum e \u0219i <a href=\"https:\/\/stirileprotv.ro\/stiri\/actualitate\/afis-in-magazine-cu-femei-care-fac-curatenie-in-genunchi-in-timp-ce-baietii-se-distreaza-reactia-leroy-merlin.html\" target=\"_blank\" rel=\"noreferrer noopener\">alegerea nefericit\u0103<\/a> a unei imagini cu femei \u00een patru labe f\u0103c\u00e2nd cur\u0103\u021benie \u00een jurul unui b\u0103rbat care c\u00e2nt\u0103 la chitar\u0103. Bonus &#8211; am ales s\u0103 nu candid\u0103m cu Bucure\u0219tiul la <a href=\"https:\/\/www.facebook.com\/gratian.mihai\/posts\/pfbid032CHos7YVDGzJHQLFqPy3hTnVtLKhU7gSkNj8jD5UZwKhXgVsPeVp67nKncKSo9vdl?__cft__[0]=AZZ_9HtYJsJtgni6jZvVwDT_wb3PYo6-yE-7YI6Am2YxvR3w5RIstx7J3dat3ZDldO5SpUeAJvAF7ARAjSDO-tMXX9eSezYU3xepa5gMUw7urmT9rh8UGM8OcEWzxWtOsvoM23iu0VwI7LFcIC0rHoUTiDgZqDDNISWLPMhe9B9sptBH4lSsDTVmXSRHbpc2YFs&amp;__tn__=%2CO%2CP-R\" target=\"_blank\" rel=\"noreferrer noopener\">Cities Forum<\/a>.&nbsp;<\/p>\n\n\n\n<p>Scuza\u021bi digresiune care alunec\u0103 \u00een \u0219tiri, voiam doar s\u0103 setez ni\u0219te context, acum hai s\u0103 vedem \u0219i unde ie\u0219im \u00een ora\u0219ul descris mai sus \ud83d\ude42 <a href=\"https:\/\/buletin.de\/bucuresti\/meteo-revin-ninsorile-in-bucuresti-dupa-cresterile-de-temperaturi-din-ultimele-zile\/\" target=\"_blank\" rel=\"noreferrer noopener\">Prognoza meteo<\/a> este la fel de confuz\u0103 ca vremurile \u00een care tr\u0103im &#8211; se pare c\u0103 iar vine oleac\u0103 de frig \u00een weekend \u0219i va \u021bine p\u00e2n\u0103 pe miercuri-joi, dar cine poate \u0219ti exact cum va fi?<\/p>\n\n\n\n<figure class=\"wp-block-image size-large\"><img decoding=\"async\" width=\"1000\" height=\"390\" src=\"data:image\/gif;base64,R0lGODlhAQABAAAAACH5BAEKAAEALAAAAAABAAEAAAICTAEAOw==\" data-src=\"https:\/\/buletin.de\/bucuresti\/wp-content\/uploads\/2026\/01\/image-8-1000x390.png\" alt=\"30 ianuarie - 5 februarie. \" class=\"wp-image-170335 lazyload\" data-sizes=\"auto\" data-srcset=\"https:\/\/buletin.de\/bucuresti\/wp-content\/uploads\/2026\/01\/image-8-1000x390.png 1000w, https:\/\/buletin.de\/bucuresti\/wp-content\/uploads\/2026\/01\/image-8-300x117.png 300w, https:\/\/buletin.de\/bucuresti\/wp-content\/uploads\/2026\/01\/image-8-768x300.png 768w, https:\/\/buletin.de\/bucuresti\/wp-content\/uploads\/2026\/01\/image-8-600x234.png 600w, https:\/\/buletin.de\/bucuresti\/wp-content\/uploads\/2026\/01\/image-8-20x8.png 20w, https:\/\/buletin.de\/bucuresti\/wp-content\/uploads\/2026\/01\/image-8.png 1015w\" sizes=\"(max-width: 1000px) 100vw, 1000px\" \/><figcaption class=\"wp-element-caption\">Recomand\u0103ri culturale &#8211; ce faci \u00een weekend-ul 30 ianuarie &#8211; 5 februarie., c\u00e2nd este ger afar\u0103<\/figcaption><\/figure>\n\n\n\n<h3 class=\"wp-block-heading\" id=\"h-in-perspectiva\">\u00cen perspectiv\u0103<\/h3>\n\n\n\n<p>S-au pus \u00een v\u00e2nzare bilete (la pre\u021bul de 80 de lei) pentru <a href=\"https:\/\/eventbook.ro\/music\/bilete-concert-specii-bucuresti-quantic\" target=\"_blank\" rel=\"noreferrer noopener\">concertul Specii<\/a> (&amp; friends, printre care \u0219i Psihotrop) din Quantic, de duminic\u0103, 15 februarie. <\/p>\n\n\n\n<p>Dac\u0103 vre\u021bi o excursie hiphop prin Europa, Wu-Tang are <a href=\"https:\/\/hiphopkulture.ro\/evenimente\/turneu-european-2026-wu-tang-forever-the-final-chamber\/\" target=\"_blank\" rel=\"noreferrer noopener\">un turneu<\/a> prin vest (OK, ajung \u0219i \u00een Polonia, la \u0141\u00f3d\u017a, la \u00eenceput de martie). <\/p>\n\n\n\n<p>De la Radio Rom\u00e2nia Cultural afl\u0103m c\u0103 Teatrul Radiofonic preg\u0103te\u0219te o produc\u021bie inspirat\u0103 de <a href=\"https:\/\/www.radioromaniacultural.ro\/sectiuni-articole\/teatru-si-film\/teatrul-national-radiofonic-pregateste-o-productie-inspirata-de-crima-din-timis-id51992.html\" target=\"_blank\" rel=\"noreferrer noopener\">recenta crim\u0103 din Timi\u0219<\/a>, dar \u0219i c\u0103 \u201e<a href=\"https:\/\/www.radioromaniacultural.ro\/sectiuni-articole\/teatru-si-film\/alina-serban-premiata-international-intr-un-rol-puternic-gipsy-queen-ajunge-pe-marile-ecrane-din-romania-id52000.html\" target=\"_blank\" rel=\"noreferrer noopener\">Gipsy Queen<\/a>\u201d (cu Alina \u0218erban) intr\u0103 \u00een cinematografe din 27 februarie.<\/p>\n\n\n\n<h2 class=\"wp-block-heading\" id=\"h-recomandari-culturale-ce-faci-in-weekend-ul-30-ianuarie-5-februarie\">Recomand\u0103ri culturale &#8211; ce faci \u00een weekend-ul 30 ianuarie &#8211; 5 februarie<\/h2>\n\n\n\n<h3 class=\"wp-block-heading\" id=\"h-pe-toata-durata-weekend-ului\">Pe toat\u0103 durata weekend-ului<\/h3>\n\n\n\n<p>Tururi ghidate \u00een expozi\u021bia \u201e<a href=\"https:\/\/www.facebook.com\/events\/783724744088124\/783724754088123\/?active_tab=about\" target=\"_blank\" rel=\"noreferrer noopener\">Ce Ascundem?<\/a>\u201d, la Reziden\u021ba BRD Scena 9, \u201e<a href=\"https:\/\/bilete.arcub.ro\/\" target=\"_blank\" rel=\"noreferrer noopener\">Dincolo de T\u0103cere<\/a>\u201d, de Jack Thorne la ARCUB, vineri \u0219i s\u00e2mb\u0103t\u0103 (dou\u0103 reprezenta\u021bii pe zi, de la 16.00 \u0219i 19.00), despre rela\u021bia unui cuplu cu deficien\u021be de auz.&nbsp;<\/p>\n\n\n\n<p>\u00cen Parcul Carol se pune de o mas\u0103 ca pe vremuri, cu momi\u021be, m\u0103duvioare, creier tuslama \u0219i ciorb\u0103 de burt\u0103 &#8211; <a href=\"https:\/\/www.facebook.com\/events\/1563547388231453\" target=\"_blank\" rel=\"noreferrer noopener\">Zahana de Weekend<\/a> La Pod. La Control revine t\u00e2rgul de viniluri <a href=\"https:\/\/www.facebook.com\/events\/1602031864370033\" target=\"_blank\" rel=\"noreferrer noopener\">Paradis Paradis<\/a>, iar \u00een Auchn Titan avem <a href=\"https:\/\/www.onevent.ro\/evenimente\/%F0%9F%A7%A0-expozitie-the-brain-mind-emotions\/\" target=\"_blank\" rel=\"noreferrer noopener\">expozi\u021bie The Brain &#8211; Mind &amp; Emotions<\/a>.<\/p>\n\n\n\n<h3 class=\"wp-block-heading\" id=\"h-vineri-30-ianuarie\">Vineri, 30 ianuarie<\/h3>\n\n\n\n<p><a href=\"https:\/\/www.facebook.com\/events\/2072183270225603\/2072183280225602\/?event_time_id=2072183280225602\" target=\"_blank\" rel=\"noreferrer noopener\">UNATC aniverseaz\u0103 76 de ani<\/a>, ocazie cu care are destule evenimente, inclusiv o proiec\u021bie de scurtmetraje de la ora 18.00 \u00eencolo. Tot de la 18.00 se poveste\u0219te \u00een Politehnic\u0103 despre <a href=\"https:\/\/www.facebook.com\/events\/1954717721776316\/\" target=\"_blank\" rel=\"noreferrer noopener\">traversarea \u00eentregului arc carpatic<\/a> (1800 km, 36 de zile), pe jos, acum 59 de ani. <\/p>\n\n\n\n<p>Pe Plantelor, la nr. 4, suntem invita\u021bi \u00eentr-o bijuterie de cas\u0103 pentru un spectacolul de dans \u201e<a href=\"https:\/\/www.onevent.ro\/evenimente\/nijinski\/\" target=\"_blank\" rel=\"noreferrer noopener\">Nijinksi<\/a>\u201d. \u0218i, dac\u0103 tot am pomenit de dans, la CNDB avem o instala\u021bie interactiv\u0103 &#8211; \u201e<a href=\"https:\/\/www.onevent.ro\/evenimente\/books-on-the-dancefloor-oracolul-cercetarii-performative\/\" target=\"_blank\" rel=\"noreferrer noopener\">Books on the Dancefloor<\/a>\u201d (intrare liber\u0103).&nbsp;<\/p>\n\n\n\n<p>\u00cen Amzei, le teatrul omonim se joac\u0103, de la 20:30, o pies\u0103 dup\u0103 Cehov &#8211; \u201e<a href=\"https:\/\/m.iabilet.ro\/bilete-marfa-vie-119983\/\" target=\"_blank\" rel=\"noreferrer noopener\">Marf\u0103 Vie<\/a>\u201d. \u00cen Quantic concerteaz\u0103 trupa de metal <a href=\"https:\/\/www.ambilet.ro\/bilete\/dirty-shirt-bucuresti-758364\/\" target=\"_blank\" rel=\"noreferrer noopener\">Dirty Shirt<\/a>. \u00cen Cotroceni avem <a href=\"https:\/\/www.facebook.com\/events\/797358803320736\/\" target=\"_blank\" rel=\"noreferrer noopener\">Storytellers la Jazzbook<\/a>, iar la UNATC Cineclub Film Menu prezint\u0103 \u201e<a href=\"https:\/\/www.facebook.com\/events\/1414833150253849\" target=\"_blank\" rel=\"noreferrer noopener\">Gamera Guardian of the Universe<\/a>\u201d<\/p>\n\n\n\n<p><strong>Muzic\u0103: <\/strong>Ovidiu Lipan \u021a\u0103nd\u0103ric\u0103 sus\u021bine un concert la Sala Palatului &#8211; <a href=\"https:\/\/m.iabilet.ro\/bilete-ovidiu-lipan-tandarica-friends-visul-tobosarului-120422\/\" target=\"_blank\" rel=\"noreferrer noopener\">Visul Tobo\u0219arului<\/a> &#8211; al\u0103turi de o mul\u021bime de invita\u021bi, cu o zi \u00eenainte s\u0103 \u00eemplineasc\u0103 73 de ani (cel mai ieftin bilet este 80 de lei).<\/p>\n\n\n\n<p> Bogdan Simion scoate cobzarul din el la Hard Rock Cafe, dar evenimentul e aproape sold-out, a\u0219a c\u0103-\u021bi recomand s\u0103-\u021bi iei bilet la concertul s\u0103u de la final de februarie, tot la Hard Rock, al\u0103turi de <a href=\"https:\/\/m.iabilet.ro\/bilete-mamaia-bogdan-simion-lautarii-de-matase-super-show-120149\/?utm_term=\" target=\"_blank\" rel=\"noreferrer noopener\">L\u0103utarii de M\u0103tase<\/a>.&nbsp;<\/p>\n\n\n\n<p><strong>Art\u0103<\/strong>: de la ora 18.00 are loc vernisajul expozi\u021biei de grup<a href=\"https:\/\/www.modernism.ro\/2026\/01\/27\/expozitiei-de-grup-living-flesh-leilei-gallery-bucuresti\/\" target=\"_blank\" rel=\"noreferrer noopener\">\u201eLiving Flesh\u201d<\/a> la LeiLei Gallery. (Aurel Vlaicu 88-90). Daniela Luca vine la Bragageria Bogdania de pe Olari la 18:30 pentru o sear\u0103 de poezie prilejuit\u0103 de lansarea albumului \u201e<a href=\"https:\/\/www.onevent.ro\/evenimente\/seara-de-poezie-cu-daniela-luca\/\">Artur \u0219i Maya<\/a>\u201d<\/p>\n\n\n\n<p><strong>Teatru &amp; Performance: <\/strong><a href=\"https:\/\/www.google.com\/search?q=https:\/\/www.facebook.com\/events\/1094055535565538\/&amp;authuser=1\" target=\"_blank\" rel=\"noreferrer noopener\"><strong>\u201e<\/strong>Marf\u0103 Vie\u201d (Cehov)<\/a> \u00een Pia\u021ba Amzei sau spectacolul<a href=\"https:\/\/www.creart.ro\/12-evenimente-deschid-la-creart-agenda-culturala-a-bucurestiului-in-2026\/\" target=\"_blank\" rel=\"noreferrer noopener\">\u201eDe\/Loc de joac\u0103\u201d<\/a> la Teatrelli.<\/p>\n\n\n\n<p><strong>Party:<\/strong> se anun\u021b\u0103 o petrecere pe cinste \u00een B-52, cu ocazia <a href=\"https:\/\/www.facebook.com\/events\/1246687733994260\/?acontext=%7B%22event_action_history%22%3A[%7B%22mechanism%22%3A%22discovery_local_tab%22%2C%22surface%22%3A%22bookmark%22%7D]%2C%22ref_notif_type%22%3Anull%7D\" target=\"_blank\" rel=\"noreferrer noopener\">MTV Rocks Party<\/a> (bilete &#8211; 30 de lei, la intrare). Sear\u0103 de dans la <a href=\"https:\/\/eventbook.ro\/music\/bilete-ctrl-the-plan-alex-babescu-b2b-silishteanu-mitici-cheiyale\" target=\"_blank\" rel=\"noreferrer noopener\">Control Club: ctrl x The Plan<\/a>, dar \u0219i la Manasia, unde vin <a href=\"https:\/\/www.facebook.com\/events\/1609326543815627\" target=\"_blank\" rel=\"noreferrer noopener\">Lorry \u0219i Rekabu<\/a> sau la J\u2019ai, cu <a href=\"https:\/\/www.facebook.com\/events\/753677393956633\/\" target=\"_blank\" rel=\"noreferrer noopener\">Roxhannah Montana<\/a> la pupitru. La Altfel Unirii avem un \u201e<a href=\"https:\/\/www.facebook.com\/events\/2281873838904816\/\" target=\"_blank\" rel=\"noreferrer noopener\">Reggaeton Party<\/a>\u201d<\/p>\n\n\n\n<p><strong>Bonus<\/strong>: vineri seara se \u00eenchide programul de vizitat <a href=\"https:\/\/basilica.ro\/pelerinaj-catedrala-patriarhala-moastele-sfintilor-trei-ierarhi-asezate-inchinare\/\" target=\"_blank\" rel=\"noreferrer noopener\">moa\u0219tele celor Trei Ierarhi la Patriarhie<\/a>.&nbsp;<\/p>\n\n\n\n<h3 class=\"wp-block-heading\" id=\"h-sambata-31-ianuarie\"><strong>S\u00e2mb\u0103t\u0103, 31 ianuarie<\/strong><\/h3>\n\n\n\n<p><strong>Muzic\u0103 \u0219i Party:<\/strong> Metal interna\u021bional cu <a href=\"https:\/\/www.google.com\/search?q=https:\/\/www.facebook.com\/events\/2357904737887754\/&amp;authuser=1\" target=\"_blank\" rel=\"noreferrer noopener\">GAEREA, MOROK \u0219i WORMGOD \u00een Quantic<\/a>,&nbsp; <a href=\"https:\/\/ra.co\/events\/2322435\" target=\"_blank\" rel=\"noreferrer noopener\">techno industrial \u00een nJoy<\/a> sau <a href=\"https:\/\/www.facebook.com\/events\/1178411504508185\" target=\"_blank\" rel=\"noreferrer noopener\">bossa nova<\/a> pe Ion Minulescu 9. Poate <a href=\"https:\/\/www.facebook.com\/events\/872099972462577\/\" target=\"_blank\" rel=\"noreferrer noopener\">C\u0103lin &amp; Giuseppe Pericolo<\/a> la Control, de la 22.00 \u00eencolo, \u00een Room 2. Tot la Control vine \u0219i <a href=\"https:\/\/eventbook.ro\/music\/bilete-concert-stella-rose\" target=\"_blank\" rel=\"noreferrer noopener\">Stella Rose<\/a>, fiica depe\u0219istului Dave Gahan. Platforma Wolff prezint\u0103 <a href=\"https:\/\/www.facebook.com\/events\/25688914794122067\" target=\"_blank\" rel=\"noreferrer noopener\">DJ Rino, IP Man \u0219i Mianda<\/a>.<\/p>\n\n\n\n<p><strong>Film:<\/strong> <a href=\"https:\/\/eventbook.ro\/film\/bilete-catane?hall=cinema-elvire-popesco\" target=\"_blank\" rel=\"noreferrer noopener\">Catane<\/a> la Elvire Popesco (sau vineri, <a href=\"https:\/\/apollo111.ro\/\" target=\"_blank\" rel=\"noreferrer noopener\">la Apollo 111<\/a>, la premier\u0103 urmat\u0103 de Q&amp;A). S\u0103 nu uit\u0103m c\u0103 avem un nou cinema \u00een Bucure\u0219ti &#8211; Apollo 111. Pute\u021bi vedea premiera <a href=\"https:\/\/eventbook.ro\/film\/bilete-still-nia?hall=apollo111-cinema\" target=\"_blank\" rel=\"noreferrer noopener\">Still Nia<\/a> de la 18:00, \u00een schimbul a 35 lei, c\u00e2t cost\u0103 biletul.<\/p>\n\n\n\n<p><strong>Teatru: <\/strong>Hora\u021biu M\u0103l\u0103ele vine de la 16.00 la The Fool pentru \u201e<a href=\"https:\/\/www.facebook.com\/events\/798932603161716\/\" target=\"_blank\" rel=\"noreferrer noopener\">Sunt un Orb<\/a>\u201d (mai sunt c\u00e2teva bilete disponibile la data redact\u0103rii acestui material). Carmen Lidia Vidu ne propune \u201e<a href=\"https:\/\/www.mystage.ro\/spectacole\/jurnal-de-romania-aiciseviseazalaschimbare-4583\/date\/41561\" target=\"_blank\" rel=\"noreferrer noopener\">Jurnal de Rom\u00e2nia<\/a>\u201d la Teatrul Masca, de la ora 19.00 (mai sunt c\u00e2teva locuri disponibile, de la 66 lei). <\/p>\n\n\n\n<p>Teatrul Coquette de pe Calea C\u0103l\u0103ra\u0219i ne invit\u0103 la \u201e<a href=\"https:\/\/www.kompostor.ro\/evenimente\/13586-mpiai-v-iubiii\" target=\"_blank\" rel=\"noreferrer noopener\">\u00cemp\u0103ia\u021bi-v\u0103 Iubi\u021bii<\/a>\u201d, iar Florin Piersic Jr e la Point cu \u201e<a href=\"https:\/\/www.iabilet.ro\/bilete-o-mie-de-motive-120282\/\" target=\"_blank\" rel=\"noreferrer noopener\">O Mie de Motive<\/a>\u201d.<\/p>\n\n\n\n<p>Mai po\u021bi vizita expozi\u021bia <a href=\"https:\/\/www.modernism.ro\/2026\/01\/28\/expozitie-de-pictura-oana-birsan-si-dana-simion-drumia-frumusetea-va-salva-lumea-centrul-de-cultura-palatele-brancovenesti-de-la-portile-bucurestiului-mog\/\" target=\"_blank\" rel=\"noreferrer noopener\">\u201eFrumuse\u021bea va salva lumea\u201d<\/a> de la Palatele Br\u00e2ncovene\u0219ti din Mogo\u0219oaia sau po\u021bi merge la <a href=\"https:\/\/www.facebook.com\/events\/862839923397779\/\" target=\"_blank\" rel=\"noreferrer noopener\">decernarea premiilor Ecaterina Vrana pentru Tinere Artiste<\/a> la Mezanin. <\/p>\n\n\n\n<p>De asemenea, la J\u2019ai Nora Dobre g\u0103te\u0219te pr\u00e2nzul \u00eentr-o edi\u021bie maghiar\u0103 a <a href=\"https:\/\/www.facebook.com\/events\/779554915181021\/\" target=\"_blank\" rel=\"noreferrer noopener\">Classic Set, Flageolet!<\/a>, iar Rezisten\u021ba Urban\u0103 ne cheam\u0103 la un nou <a href=\"https:\/\/www.facebook.com\/events\/154836593976281\" target=\"_blank\" rel=\"noreferrer noopener\">tur ghidat prin cartierul Armenesc<\/a>, de la 13.00, cu plecare de la Mo\u0219ilor cu F\u0103inari. <\/p>\n\n\n\n<p>Cei de la <a href=\"https:\/\/www.facebook.com\/events\/776913248769195\" target=\"_blank\" rel=\"noreferrer noopener\">Bucharest Collage Collective<\/a> \u021bin un meet-up tematic la Twisted Olives, de la ora 14.00. De la 19.00 are loc un <a href=\"https:\/\/www.facebook.com\/events\/1207183254326512\" target=\"_blank\" rel=\"noreferrer noopener\">eveniment caritabil pentru victimele din Iran<\/a> la Londohome, iar de la 12.00 <a href=\"https:\/\/www.facebook.com\/events\/4334803810171844\/\" target=\"_blank\" rel=\"noreferrer noopener\">o degustare de bere<\/a> by Anagram, la Berero Store.<\/p>\n\n\n\n<p><strong>Pentru Copii:<\/strong>&nbsp;<\/p>\n\n\n\n<ul class=\"wp-block-list\">\n<li>spectacol interactiv <a href=\"https:\/\/www.google.com\/search?q=https:\/\/www.facebook.com\/events\/1138139557341852\/&amp;authuser=1\" target=\"_blank\" rel=\"noreferrer noopener\">Micul Prin\u021b\u201d la Hanu&#8217; lui Manuc<\/a>.&nbsp;<\/li>\n\n\n\n<li><a href=\"https:\/\/www.facebook.com\/events\/1202042765466835\/1202042768800168\/\" target=\"_blank\" rel=\"noreferrer noopener\">Petrecere reptilicioas\u0103<\/a> &#8211; interac\u021biune cu reptile vii;<\/li>\n\n\n\n<li><a href=\"https:\/\/www.onevent.ro\/evenimente\/targul-educational-mommy-hai-editia-a-iii-a-crese-gradinite-scoli-licee-si-centre-de-tip-after\/\" target=\"_blank\" rel=\"noreferrer noopener\">T\u00e2rg Educa\u021bional<\/a> pentru cei care caut\u0103 \u0219coli \u0219i gr\u0103dini\u021be;<\/li>\n\n\n\n<li>atelier \u201e<a href=\"https:\/\/www.facebook.com\/events\/1994797498117161\/\" target=\"_blank\" rel=\"noreferrer noopener\">Turul lui Turt\u0103 Dulce prin cartier<\/a>\u201d, organizat de OAR Bucure\u0219ti.<\/li>\n\n\n\n<li>Mini Cinema Europa &#8211; <a href=\"https:\/\/www.facebook.com\/events\/2599762183740463\/?acontext=%7B%22ref%22%3A%2252%22%2C%22action_history%22%3A%22[%7B%5C%22surface%5C%22%3A%5C%22share_link%5C%22%2C%5C%22mechanism%5C%22%3A%5C%22share_link%5C%22%2C%5C%22extra_data%5C%22%3A%7B%5C%22invite_link_id%5C%22%3A759558743405516%7D%7D]%22%7D\" target=\"_blank\" rel=\"noreferrer noopener\">aventuri de weekend<\/a> sau <a href=\"https:\/\/eventbook.ro\/film\/bilete-amelie-et-la-metaphysique-des-tubes-micuta-amelie?hall=cinema-muzeul-taranului-studio-horia-bernea\" target=\"_blank\" rel=\"noreferrer noopener\">Micu\u021ba Amelie<\/a> la M\u021aR<\/li>\n\n\n\n<li>Mai multe idei, precum <a href=\"https:\/\/www.minamuseum.com\/en\/monet-cj-en\" target=\"_blank\" rel=\"noreferrer noopener\">vizit\u0103 la MINA<\/a> sau Palatul \u0218u\u021bu, <a href=\"https:\/\/gokid.ro\/evenimente-de-weekend-kid-friendly-in-bucuresti\/\" target=\"_blank\" rel=\"noreferrer noopener\">aici<\/a>.<\/li>\n<\/ul>\n\n\n\n<h3 class=\"wp-block-heading\" id=\"h-duminica-1-februarie\"><strong>Duminic\u0103, 1 februarie<\/strong><\/h3>\n\n\n\n<p>Green Hours ne invit\u0103 la un matineu cu Lia Bugnar, Marius Manole, Maria Obretin \u0219i Ioana Brumar &#8211; <a href=\"https:\/\/www.facebook.com\/story.php?story_fbid=1405647854268042&amp;id=100044685215918&amp;rdid=KU7SxTVNZ0C0oJxQ#\" target=\"_blank\" rel=\"noreferrer noopener\">Noi 4<\/a>, iar <a href=\"https:\/\/bilete.thefool.ro\/bilete-the-fool-ne-o-ncercam-cu-micutzu-7-120362\/\" target=\"_blank\" rel=\"noreferrer noopener\">Micutzu<\/a> \u0219i al\u021bi comedian\u021bi ne a\u0219teapt\u0103 la The Fool, unde vor \u00eencerca material nou. Cei de la Hai s\u0103 socializ\u0103m fac <a href=\"https:\/\/www.facebook.com\/events\/2143143343098041\/2145319812880394\/?active_tab=about\" target=\"_blank\" rel=\"noreferrer noopener\">tur ghidat la Muzeul de Istorie<\/a>, de la 9:45, respectiv 13:45.<\/p>\n\n\n\n<p>Se deschide expozi\u021bia<a href=\"https:\/\/www.modernism.ro\/2026\/01\/27\/expozitie-intalniri-mirabile-muzeul-national-al-taranului-roman\/\">\u201e\u00cent\u00e2lniri mirabile\u201d<\/a> la MN\u021aR, <a href=\"https:\/\/m.iabilet.ro\/bilete-middle-earth-week-niciodata-nu-e-prea-mult-lotr-120939\/\" target=\"_blank\" rel=\"noreferrer noopener\">maratonul de Lord of the Rings<\/a> de la Cinema Europa e pe final, iar La Trei Be\u021bivi ruleaz\u0103 musical-ul boem <a href=\"https:\/\/www.facebook.com\/events\/857742043547312\/\" target=\"_blank\" rel=\"noreferrer noopener\">Hedwig and the Angry Inch<\/a>.<\/p>\n\n\n\n<figure class=\"wp-block-image size-full\"><img decoding=\"async\" width=\"720\" height=\"405\" src=\"data:image\/gif;base64,R0lGODlhAQABAAAAACH5BAEKAAEALAAAAAABAAEAAAICTAEAOw==\" data-src=\"https:\/\/buletin.de\/bucuresti\/wp-content\/uploads\/2026\/01\/maratorullordoftherings.webp\" alt=\"30 ianuarie - 5 februarie\" class=\"wp-image-170356 lazyload\" data-sizes=\"auto\" data-srcset=\"https:\/\/buletin.de\/bucuresti\/wp-content\/uploads\/2026\/01\/maratorullordoftherings.webp 720w, https:\/\/buletin.de\/bucuresti\/wp-content\/uploads\/2026\/01\/maratorullordoftherings-300x169.webp 300w, https:\/\/buletin.de\/bucuresti\/wp-content\/uploads\/2026\/01\/maratorullordoftherings-600x338.webp 600w, https:\/\/buletin.de\/bucuresti\/wp-content\/uploads\/2026\/01\/maratorullordoftherings-20x11.webp 20w\" sizes=\"(max-width: 720px) 100vw, 720px\" \/><figcaption class=\"wp-element-caption\">Recomand\u0103ri culturale &#8211; ce faci \u00een weekend-ul 30 ianuarie &#8211; 5 februarie<\/figcaption><\/figure>\n\n\n\n<p>Dac\u0103 te viziteaz\u0103 rude din afara localit\u0103\u021bii, le po\u021bi duce la <a href=\"https:\/\/ticketstore.ro\/ro\/bilete\/10727\/tur-cu-ghid-al-palatului-parlamentului-26-ianuarie-1-februarie-2026\" target=\"_blank\" rel=\"noreferrer noopener\">un tur ghidat al Palatului Parlamentului<\/a>, contra a 69 de lei. Pe sear\u0103 recomand dou\u0103 evenimente care-s deja sold-out, dar cine \u0219tie, poate face\u021bi cumva rost de bilete: <a href=\"https:\/\/www.eventim.ro\/event\/leyah-unplugged-stories-arcub-gabroveni-20810324\/?affiliate=R54\" target=\"_blank\" rel=\"noreferrer noopener\">Leyah<\/a> la Arcub \u0219i musical-ul \u201e<a href=\"https:\/\/ticketstore.ro\/ro\/bilete\/10614\/my-fair-lady?gad_campaignid=21513468465\" target=\"_blank\" rel=\"noreferrer noopener\">My Fair Lady<\/a>\u201d de la Teatrul de Operet\u0103 Ion Dacian.<\/p>\n\n\n\n<p>\u201e<a href=\"https:\/\/www.facebook.com\/events\/25253716287583601\" target=\"_blank\" rel=\"noreferrer noopener\">Viral &#8211; o periferie Queer<\/a>\u201d la Teatrul Masca, de la 19.00, \u0219i \u201e<a href=\"https:\/\/teatrul-excelsior.ro\/spectacol\/tristete-si-bucurie-in-viata-girafelor\/\" target=\"_blank\" rel=\"noreferrer noopener\">Triste\u021be \u0219i Bucurie \u00een Via\u021ba Girafelor<\/a>\u201d la Teatrul Excelsior, de la aceea\u0219i or\u0103. De la 20.00, la Sala Palatului, avem <a href=\"https:\/\/m.iabilet.ro\/bilete-stand-up-comedy-cu-sorin-parcalab-toma-alexandru-si-cristi-popesco-sala-palatului-partial-adevarat-118077\/\" target=\"_blank\" rel=\"noreferrer noopener\">stand-up cu Toma, Sorin P\u00e2rc\u0103lab \u0219i Cristi Popesco<\/a>.<\/p>\n\n\n\n<p>La <a href=\"https:\/\/eventbook.ro\/music\/bilete-retro-porumboiu?hall=apollo111-cinema\" target=\"_blank\" rel=\"noreferrer noopener\">Retro Porumboiu<\/a> de la Apollo 111 nu e sold-out, a\u0219a c\u0103 dac\u0103 ai chef de ni\u0219te film rom\u00e2nesc, hai la proiec\u021bia celor dou\u0103 scurtmetraje + un mediu metraj. <\/p>\n\n\n\n<p>Pe Str. Occidentului se \u021bine <a href=\"https:\/\/www.instagram.com\/bulgust.ro\" target=\"_blank\" rel=\"noreferrer noopener\">un atelier de pictur\u0103 pe sticl\u0103<\/a>, de la ora 12.00 (180 lei biletul), timp de 90 de minute, c\u00e2t un meci de fotbal (apropo, cele trei echipe bucure\u0219tene joac\u0103 toate acas\u0103 &#8211; <a href=\"https:\/\/www.bilete.ro\/dinamo-bucuresti-fc-petrolul-ploiesti\/superliga-etapa-24-dinamo-bucuresti-vs-petrolul-ploiesti-30-ian-2026\/\" target=\"_blank\" rel=\"noreferrer noopener\">Dinamo<\/a> vineri, <a href=\"https:\/\/www.entertix.ro\/bilete\/34835\/fc-rapid-u-cluj-31-ianuarie-2026-superbet-arena-bucuresti.html\" target=\"_blank\" rel=\"noreferrer noopener\">Rapidul<\/a> s\u00e2mb\u0103t\u0103, iar <a href=\"https:\/\/www.bilete-fcsb.ro\/\" target=\"_blank\" rel=\"noreferrer noopener\">FCSB<\/a> duminic\u0103 seara &#8211; toate meciurile sunt de la ora 20.00, deci a\u0219tepta\u021bi-v\u0103 la oleac\u0103 aglomera\u021bie \u00een zonele Arcul de Triumf, Giule\u0219ti sau Vatra Luminoas\u0103 \u00een orele de dinainte \u0219i dup\u0103 meci).<\/p>\n\n\n\n<h3 class=\"wp-block-heading\" id=\"h-evergreens-recomandari-culturale-pentru-30-ianuarie-5-februarie\">Evergreens. Recomand\u0103ri culturale pentru 30 ianuarie &#8211; 5 februarie<\/h3>\n\n\n\n<p><em>Poate n-apuci chiar weekend-ul \u0103sta, dar mai jos g\u0103se\u0219ti c\u00e2teva recomand\u0103ri care-s bune \u00een orice weekend lipsit de inspira\u021bie \ud83d\ude42<\/em><\/p>\n\n\n\n<p>Drago\u0219 Mih\u0103il\u0103 ne recomand\u0103 <a href=\"https:\/\/b365.ro\/burgeria-din-bucuresti-cu-un-singur-burger-in-meniu-adevarat-fat-frumos-din-vita-circus-burgers-luterana-592686\/\" target=\"_blank\" rel=\"noreferrer noopener\">burgeria cu un singur burger<\/a> de pe Luteran\u0103. Oana Vasiliu are <a href=\"https:\/\/ideiroscate.ro\/60-locuri-noi-bucuresti-deschise-in-2025\/\">o list\u0103 de 60+ locuri noi deschise \u00een Bucure\u0219ti anul trecut<\/a>, dintre care \u00eemi atrag aten\u021bia dou\u0103 care rimeaz\u0103 \u00eentre ele &#8211; <a href=\"https:\/\/www.instagram.com\/strabun_restaurant\/\" target=\"_blank\" rel=\"noreferrer noopener\">Str\u0103bun<\/a> (zona Vitan) sau <a href=\"https:\/\/www.instagram.com\/restaurantcambun\/\" target=\"_blank\" rel=\"noreferrer noopener\">Cambun<\/a> (Floreasca)<\/p>\n\n\n\n<h3 class=\"wp-block-heading\" id=\"h-luni-2-februarie\">Luni, 2 februarie<\/h3>\n\n\n\n<p>Mai sunt c\u00e2teva locuri disponibile la spectacolul <a href=\"https:\/\/salapalatului.ro\/\" target=\"_blank\" rel=\"noreferrer noopener\">\u201eLacul Lebedelor\u201d<\/a> al celor de la Ukrainian Classical Ballet. (Sala Palatului). \u00cencepe s\u0103pt\u0103m\u00e2na \u201e<a href=\"https:\/\/www.facebook.com\/events\/1668514651222238\" target=\"_blank\" rel=\"noreferrer noopener\">Books to Screen<\/a>\u201d la Cinema Europa.<\/p>\n\n\n\n<p>Teatrul de Mar\u021bi de la Politehnic\u0103 ne invit\u0103 la \u201e<a href=\"https:\/\/events.upb.ro\/teatrul-de-marti\/\" target=\"_blank\" rel=\"noreferrer noopener\">Bolnavul \u00cenchipuit<\/a>\u201d iar \u201e<a href=\"https:\/\/www.bilet.ro\/eveniment\/remember-me-13167-51704\" target=\"_blank\" rel=\"noreferrer noopener\">Remember Me<\/a>\u201d &#8211; adaptare dup\u0103 Eternal Sunshine of the Spotless Mind &#8211; se joac\u0103 la TNB, Sala Atelier, de la 18:30<\/p>\n\n\n\n<h3 class=\"wp-block-heading\" id=\"h-mar\u021bi-3-februarie\">Mar\u021bi, 3 februarie<\/h3>\n\n\n\n<p>Avem un one-woman show \u00een Control, cu <a href=\"https:\/\/www.facebook.com\/events\/1419778429806775\/\" target=\"_blank\" rel=\"noreferrer noopener\">Simona Delegeanu<\/a> \u0219i \u201e<a href=\"https:\/\/eventbook.ro\/film\/bilete-film-sentimental-value?hall=cinema-muzeul-taranului-studio-horia-bernea\" target=\"_blank\" rel=\"noreferrer noopener\">Sentimental Value<\/a>\u201d la M\u021aR, dac\u0103 nu l-a\u021bi v\u0103zut deja. Avem \u0219i <a href=\"https:\/\/www.facebook.com\/events\/905221732043382\/\" target=\"_blank\" rel=\"noreferrer noopener\">Maitreyi<\/a>, la UNATC (intrare liber\u0103, \u00een limita locurilor disponibile, pe baz\u0103 de rezervare).<\/p>\n\n\n\n<h3 class=\"wp-block-heading\" id=\"h-miercuri-4-februarie\">Miercuri, 4 februarie<\/h3>\n\n\n\n<p>\u00cen fiecare miercuri, Z\u0103ganu \u0219i Centrul Cultural Subcarpa\u021bi pun de <a href=\"https:\/\/www.facebook.com\/events\/2452619171864392\/2452619181864391\/\" target=\"_blank\" rel=\"noreferrer noopener\">o sear\u0103 de folclor<\/a>. Apoi <a href=\"https:\/\/www.iabilet.ro\/bilete-Concert-IRIS-Cristi-Minculescu-Valter-si-Boro-la-Hard-Rock-Cafe-118699?gad_campaignid=23468377329\" target=\"_blank\" rel=\"noreferrer noopener\">Iris<\/a> (cu Minculescu, Valter \u0219i Boro) concerteaz\u0103 la Hard Rock Cafe, de la ora 21.00. <\/p>\n\n\n\n<p>\u00cen Control avem <a href=\"https:\/\/www.iabilet.ro\/bilete-ilinca-eligarf-o-she-s-in-control-120527\/\" target=\"_blank\" rel=\"noreferrer noopener\">Ilinca &amp; Eligarf: She&#8217;s in Control<\/a>, o celebrare a vocilor feminine \u00een muzic\u0103, iar \u00een Expirat <a href=\"https:\/\/www.iabilet.ro\/site\/event\/120998\/\" target=\"_blank\" rel=\"noreferrer noopener\">revin clujenii de la Kumm<\/a>. Dac\u0103 preferi o sear\u0103 de jazz rafinat, mergi la <a href=\"https:\/\/zilesinopti.ro\/evenimente\/alex-sipiagin-quartet-jazzbook\/\" target=\"_blank\" rel=\"noreferrer noopener\">Alex Sipiagin Quartet<\/a>, \u00een JazzBook, o \u00eent\u00e2lnire sonor\u0103 de \u00eenalt\u0103 clas\u0103 \u00eentr-un cadru intim.&nbsp;<\/p>\n\n\n\n<p>Hai la Oper\u0103 pentru a vedea \u201e<a href=\"https:\/\/operanb.ro\/spectacol\/don-quixote\/?lang=en\" target=\"_blank\" rel=\"noreferrer noopener\">Don Quixote<\/a>\u201d, de la 18:30, sau la M\u021aR pentru vernisajul <a href=\"https:\/\/www.modernism.ro\/2026\/01\/26\/expozitie-de-arta-vizuala-contemporana-semnata-de-artistul-orhan-muzeul-national-al-taranului-roman\/\" target=\"_blank\" rel=\"noreferrer noopener\">ORHAN \u2013 \u201eR\u0103d\u0103cini Urbane\u201d<\/a> (ora 17.00, o explorare vizual\u0103 a identit\u0103\u021bii citadine). Dac\u0103 tot ai ajuns, treci s\u0103 vezi \u0219i <a href=\"https:\/\/eventbook.ro\/film\/bilete-nuremberg?hall=cinema-muzeul-taranului-studio-horia-bernea\" target=\"_blank\" rel=\"noreferrer noopener\">Nuremberg<\/a>, cu Russell Crowe juc\u00e2nd rol de m\u00e2na dreapt\u0103 a lui Hitler, la M\u021aR<\/p>\n\n\n\n<h3 class=\"wp-block-heading\" id=\"h-joi-5-februarie\">Joi, 5 februarie<\/h3>\n\n\n\n<p>Joi avem lansarea single-ului \u201e<a href=\"https:\/\/www.facebook.com\/events\/s\/jurjak-lansare-single-zeita-fa\/2102716963891100\/\" target=\"_blank\" rel=\"noreferrer noopener\">Zei\u021ba F\u0103r\u0103 Nume<\/a>\u201d a lui Jurjak la Control, teatru \u00een Facultatea de Inginerie a Instala\u021biilor, la Cuibul Arti\u0219tilor &#8211; <a href=\"http:\/\/hysteresis\" target=\"_blank\" rel=\"noreferrer noopener\">Histeresis<\/a> \u0219i jazz la Sala Radio cu pianistul american laureat Grammy &#8211; <a href=\"https:\/\/www.bilete.ro\/contemporary-jazz-masters-2-david-kikoski-bbr\/contemporary-jazz-masters-2-david-kikoski-bbr-05-feb-2026\/\">David Kikoski<\/a>. <\/p>\n\n\n\n<p>Dac\u0103 n-a\u021bi v\u0103zut \u201e<a href=\"https:\/\/eventbook.ro\/performance\/176886\/venue\" target=\"_blank\" rel=\"noreferrer noopener\">Via\u021ba Privat\u0103<\/a>\u201d, ruleaz\u0103 de la 18.00, la M\u021aR.Mai sunt c\u00e2teva bilete la concertul acustic al celor de la <a href=\"https:\/\/m.iabilet.ro\/bilete-concert-the-mono-jacks-acoustic-la-hard-rock-cafe-118724\/?utm_term=\">The Mono Jacks<\/a> de la Hard Rock Cafe. Au loc vernisajele<a href=\"https:\/\/www.modernism.ro\/2026\/01\/29\/expozitia-jubiliara-arta-baimareana-130-1896-2026-institutul-liszt-centrul-cultural-maghiar-din-bucuresti\/\" target=\"_blank\" rel=\"noreferrer noopener\">\u201eArta B\u0103im\u0103rean\u0103 130\u201d<\/a> la Institutul Liszt \u0219i<a href=\"https:\/\/www.modernism.ro\/2026\/01\/28\/human-bloom-o-expozitie-despre-adaptabilitatea-fiintei-umane-elite-art-gallery-bucuresti\/\" target=\"_blank\" rel=\"noreferrer noopener\">\u201eHuman Bloom\u201d<\/a>, iar Tomi Marf\u0103 <a href=\"https:\/\/www.iabilet.ro\/bilete-tomi-marfa-x-ashu-o-lansare-album-nexus-120969\/\" target=\"_blank\" rel=\"noreferrer noopener\">lanseaz\u0103 album<\/a> la Expirat joi.<\/p>\n","protected":false},"excerpt":{"rendered":"<p>E 29 ianuarie, zi \u00een care s-au n\u0103scut Oana Pellea sau Matei Vi\u0219niec (LMA!). Dac\u0103 eram \u00een 1990, n-aveam ce c\u0103uta prin centru (doar dac\u0103 voiam s\u0103 protest\u0103m pentru libertate), c\u0103ci minerii luau cu asalt sediile partidelor istorice \u0219i puneau bazele institu\u021biei pe nume \u201emineriad\u0103\u201d, pentru care desigur c\u0103 n-avem \u00eenc\u0103 vinova\u021bi, c\u0103 n-a sunat [&hellip;]<\/p>\n","protected":false},"author":20,"featured_media":170337,"comment_status":"closed","ping_status":"open","sticky":false,"template":"","format":"standard","meta":{"_acf_changed":false,"inline_featured_image":false,"ngg_post_thumbnail":0,"footnotes":""},"categories":[6994,81,5762],"tags":[26117,1689,4364],"ppma_author":[22608],"class_list":["post-170333","post","type-post","status-publish","format-standard","has-post-thumbnail","hentry","category-stiri-2","category-cultura","category-main","tag-ce-faci-in-bucuresti","tag-cultura","tag-recomandari"],"acf":[],"yoast_head":"<!-- This site is optimized with the Yoast SEO Premium plugin v25.3 (Yoast SEO v27.5) - https:\/\/yoast.com\/product\/yoast-seo-premium-wordpress\/ -->\n<title>Agenda Urban\u0103 cu Cosmin @ Buletin: Ce facem \u00een weekend? Recomand\u0103ri culturale pentru 30 ianuarie - 5 februarie - Buletin de Bucure\u0219ti<\/title>\n<meta name=\"description\" content=\"Recomand\u0103ri culturale - ce faci \u00een weekend-ul 30 ianuarie - 5 februarie. Cea mai complet\u0103 rubric\u0103 din presa rom\u00e2neasc\u0103.\" \/>\n<meta name=\"robots\" content=\"index, follow, max-snippet:-1, max-image-preview:large, max-video-preview:-1\" \/>\n<link rel=\"canonical\" href=\"https:\/\/buletin.de\/bucuresti\/agenda-urbana-cu-cosmin-buletin-ce-facem-in-weekend-recomandari-culturale-pentru-30-ianuarie-5-februarie\/\" \/>\n<meta property=\"og:locale\" content=\"en_GB\" \/>\n<meta property=\"og:type\" content=\"article\" \/>\n<meta property=\"og:title\" content=\"Agenda Urban\u0103 cu Cosmin @ Buletin: Ce facem \u00een weekend? Recomand\u0103ri culturale pentru 30 ianuarie - 5 februarie\" \/>\n<meta property=\"og:description\" content=\"Recomand\u0103ri culturale - ce faci \u00een weekend-ul 30 ianuarie - 5 februarie. Cea mai complet\u0103 rubric\u0103 din presa rom\u00e2neasc\u0103.\" \/>\n<meta property=\"og:url\" content=\"https:\/\/buletin.de\/bucuresti\/agenda-urbana-cu-cosmin-buletin-ce-facem-in-weekend-recomandari-culturale-pentru-30-ianuarie-5-februarie\/\" \/>\n<meta property=\"og:site_name\" content=\"Buletin de Bucure\u0219ti\" \/>\n<meta property=\"article:publisher\" content=\"https:\/\/www.facebook.com\/buletin.de.buc\" \/>\n<meta property=\"article:published_time\" content=\"2026-02-01T10:57:20+00:00\" \/>\n<meta property=\"og:image\" content=\"https:\/\/buletin.de\/bucuresti\/wp-content\/uploads\/2026\/01\/image-9-1000x562.png\" \/>\n\t<meta property=\"og:image:width\" content=\"1000\" \/>\n\t<meta property=\"og:image:height\" content=\"562\" \/>\n\t<meta property=\"og:image:type\" content=\"image\/png\" \/>\n<meta name=\"author\" content=\"Cosmin Pojoranu\" \/>\n<meta name=\"twitter:card\" content=\"summary_large_image\" \/>\n<meta name=\"twitter:label1\" content=\"Written by\" \/>\n\t<meta name=\"twitter:data1\" content=\"Cosmin Pojoranu\" \/>\n\t<meta name=\"twitter:label2\" content=\"Estimated reading time\" \/>\n\t<meta name=\"twitter:data2\" content=\"9 minutes\" \/>\n<script type=\"application\/ld+json\" class=\"yoast-schema-graph\">{\"@context\":\"https:\\\/\\\/schema.org\",\"@graph\":[{\"@type\":\"Article\",\"@id\":\"https:\\\/\\\/buletin.de\\\/bucuresti\\\/agenda-urbana-cu-cosmin-buletin-ce-facem-in-weekend-recomandari-culturale-pentru-30-ianuarie-5-februarie\\\/#article\",\"isPartOf\":{\"@id\":\"https:\\\/\\\/buletin.de\\\/bucuresti\\\/agenda-urbana-cu-cosmin-buletin-ce-facem-in-weekend-recomandari-culturale-pentru-30-ianuarie-5-februarie\\\/\"},\"author\":{\"name\":\"Cosmin Pojoranu\",\"@id\":\"https:\\\/\\\/buletin.de\\\/bucuresti\\\/#\\\/schema\\\/person\\\/c3764529f4c88241f87b488f20cccc13\"},\"headline\":\"Agenda Urban\u0103 cu Cosmin @ Buletin: Ce facem \u00een weekend? Recomand\u0103ri culturale pentru 30 ianuarie &#8211; 5 februarie\",\"datePublished\":\"2026-02-01T10:57:20+00:00\",\"mainEntityOfPage\":{\"@id\":\"https:\\\/\\\/buletin.de\\\/bucuresti\\\/agenda-urbana-cu-cosmin-buletin-ce-facem-in-weekend-recomandari-culturale-pentru-30-ianuarie-5-februarie\\\/\"},\"wordCount\":2056,\"publisher\":{\"@id\":\"https:\\\/\\\/buletin.de\\\/bucuresti\\\/#organization\"},\"image\":{\"@id\":\"https:\\\/\\\/buletin.de\\\/bucuresti\\\/agenda-urbana-cu-cosmin-buletin-ce-facem-in-weekend-recomandari-culturale-pentru-30-ianuarie-5-februarie\\\/#primaryimage\"},\"thumbnailUrl\":\"https:\\\/\\\/buletin.de\\\/bucuresti\\\/wp-content\\\/uploads\\\/2026\\\/01\\\/image-9.png\",\"keywords\":[\"ce faci in bucuresti\",\"cultura\",\"recomandari\"],\"articleSection\":[\"Articole\",\"Cultur\u0103\",\"Main\"],\"inLanguage\":\"en-GB\",\"copyrightYear\":\"2026\",\"copyrightHolder\":{\"@id\":\"https:\\\/\\\/buletin.de\\\/bucuresti\\\/#organization\"}},{\"@type\":\"WebPage\",\"@id\":\"https:\\\/\\\/buletin.de\\\/bucuresti\\\/agenda-urbana-cu-cosmin-buletin-ce-facem-in-weekend-recomandari-culturale-pentru-30-ianuarie-5-februarie\\\/\",\"url\":\"https:\\\/\\\/buletin.de\\\/bucuresti\\\/agenda-urbana-cu-cosmin-buletin-ce-facem-in-weekend-recomandari-culturale-pentru-30-ianuarie-5-februarie\\\/\",\"name\":\"Agenda Urban\u0103 cu Cosmin @ Buletin: Ce facem \u00een weekend? Recomand\u0103ri culturale pentru 30 ianuarie - 5 februarie - Buletin de Bucure\u0219ti\",\"isPartOf\":{\"@id\":\"https:\\\/\\\/buletin.de\\\/bucuresti\\\/#website\"},\"primaryImageOfPage\":{\"@id\":\"https:\\\/\\\/buletin.de\\\/bucuresti\\\/agenda-urbana-cu-cosmin-buletin-ce-facem-in-weekend-recomandari-culturale-pentru-30-ianuarie-5-februarie\\\/#primaryimage\"},\"image\":{\"@id\":\"https:\\\/\\\/buletin.de\\\/bucuresti\\\/agenda-urbana-cu-cosmin-buletin-ce-facem-in-weekend-recomandari-culturale-pentru-30-ianuarie-5-februarie\\\/#primaryimage\"},\"thumbnailUrl\":\"https:\\\/\\\/buletin.de\\\/bucuresti\\\/wp-content\\\/uploads\\\/2026\\\/01\\\/image-9.png\",\"datePublished\":\"2026-02-01T10:57:20+00:00\",\"description\":\"Recomand\u0103ri culturale - ce faci \u00een weekend-ul 30 ianuarie - 5 februarie. Cea mai complet\u0103 rubric\u0103 din presa rom\u00e2neasc\u0103.\",\"breadcrumb\":{\"@id\":\"https:\\\/\\\/buletin.de\\\/bucuresti\\\/agenda-urbana-cu-cosmin-buletin-ce-facem-in-weekend-recomandari-culturale-pentru-30-ianuarie-5-februarie\\\/#breadcrumb\"},\"inLanguage\":\"en-GB\",\"potentialAction\":[{\"@type\":\"ReadAction\",\"target\":[\"https:\\\/\\\/buletin.de\\\/bucuresti\\\/agenda-urbana-cu-cosmin-buletin-ce-facem-in-weekend-recomandari-culturale-pentru-30-ianuarie-5-februarie\\\/\"]}]},{\"@type\":\"ImageObject\",\"inLanguage\":\"en-GB\",\"@id\":\"https:\\\/\\\/buletin.de\\\/bucuresti\\\/agenda-urbana-cu-cosmin-buletin-ce-facem-in-weekend-recomandari-culturale-pentru-30-ianuarie-5-februarie\\\/#primaryimage\",\"url\":\"https:\\\/\\\/buletin.de\\\/bucuresti\\\/wp-content\\\/uploads\\\/2026\\\/01\\\/image-9.png\",\"contentUrl\":\"https:\\\/\\\/buletin.de\\\/bucuresti\\\/wp-content\\\/uploads\\\/2026\\\/01\\\/image-9.png\",\"width\":1478,\"height\":831,\"caption\":\"Foto Cosmin Pojoranu\"},{\"@type\":\"BreadcrumbList\",\"@id\":\"https:\\\/\\\/buletin.de\\\/bucuresti\\\/agenda-urbana-cu-cosmin-buletin-ce-facem-in-weekend-recomandari-culturale-pentru-30-ianuarie-5-februarie\\\/#breadcrumb\",\"itemListElement\":[{\"@type\":\"ListItem\",\"position\":1,\"name\":\"Acas\u0103\",\"item\":\"https:\\\/\\\/buletin.de\\\/bucuresti\\\/\"},{\"@type\":\"ListItem\",\"position\":2,\"name\":\"Agenda Urban\u0103 cu Cosmin @ Buletin: Ce facem \u00een weekend? Recomand\u0103ri culturale pentru 30 ianuarie &#8211; 5 februarie\"}]},{\"@type\":\"WebSite\",\"@id\":\"https:\\\/\\\/buletin.de\\\/bucuresti\\\/#website\",\"url\":\"https:\\\/\\\/buletin.de\\\/bucuresti\\\/\",\"name\":\"Buletin de Bucure\u0219ti\",\"description\":\"\u0218tiri \u0219i investiga\u021bii esen\u021biale din capital\u0103\",\"publisher\":{\"@id\":\"https:\\\/\\\/buletin.de\\\/bucuresti\\\/#organization\"},\"potentialAction\":[{\"@type\":\"SearchAction\",\"target\":{\"@type\":\"EntryPoint\",\"urlTemplate\":\"https:\\\/\\\/buletin.de\\\/bucuresti\\\/?s={search_term_string}\"},\"query-input\":{\"@type\":\"PropertyValueSpecification\",\"valueRequired\":true,\"valueName\":\"search_term_string\"}}],\"inLanguage\":\"en-GB\"},{\"@type\":\"Organization\",\"@id\":\"https:\\\/\\\/buletin.de\\\/bucuresti\\\/#organization\",\"name\":\"Buletin de Bucure\u0219ti\",\"url\":\"https:\\\/\\\/buletin.de\\\/bucuresti\\\/\",\"logo\":{\"@type\":\"ImageObject\",\"inLanguage\":\"en-GB\",\"@id\":\"https:\\\/\\\/buletin.de\\\/bucuresti\\\/#\\\/schema\\\/logo\\\/image\\\/\",\"url\":\"https:\\\/\\\/buletin.de\\\/bucuresti\\\/wp-content\\\/uploads\\\/logo-bdb-full-wide-vernil-transparent.png\",\"contentUrl\":\"https:\\\/\\\/buletin.de\\\/bucuresti\\\/wp-content\\\/uploads\\\/logo-bdb-full-wide-vernil-transparent.png\",\"width\":1782,\"height\":626,\"caption\":\"Buletin de Bucure\u0219ti\"},\"image\":{\"@id\":\"https:\\\/\\\/buletin.de\\\/bucuresti\\\/#\\\/schema\\\/logo\\\/image\\\/\"},\"sameAs\":[\"https:\\\/\\\/www.facebook.com\\\/buletin.de.buc\",\"https:\\\/\\\/www.instagram.com\\\/buletinde.bucuresti\\\/\"]},{\"@type\":\"Person\",\"@id\":\"https:\\\/\\\/buletin.de\\\/bucuresti\\\/#\\\/schema\\\/person\\\/c3764529f4c88241f87b488f20cccc13\",\"name\":\"Cosmin Pojoranu\",\"image\":{\"@type\":\"ImageObject\",\"inLanguage\":\"en-GB\",\"@id\":\"https:\\\/\\\/buletin.de\\\/bucuresti\\\/wp-content\\\/uploads\\\/Cosmin-Pojoranu-1-96x96.jpg9d268accb1c5032c83ab190d62c8c050\",\"url\":\"https:\\\/\\\/buletin.de\\\/bucuresti\\\/wp-content\\\/uploads\\\/Cosmin-Pojoranu-1-96x96.jpg\",\"contentUrl\":\"https:\\\/\\\/buletin.de\\\/bucuresti\\\/wp-content\\\/uploads\\\/Cosmin-Pojoranu-1-96x96.jpg\",\"caption\":\"Cosmin Pojoranu\"},\"description\":\"N\u0103scut \u0219i crescut \u00een Bucure\u0219ti - sud Berceni.\",\"sameAs\":[\"https:\\\/\\\/www.instagram.com\\\/yozness\\\/?hl=en\"],\"url\":\"https:\\\/\\\/buletin.de\\\/bucuresti\\\/author\\\/cosmin-pojoranu\\\/\"}]}<\/script>\n<!-- \/ Yoast SEO Premium plugin. -->","yoast_head_json":{"title":"Agenda Urban\u0103 cu Cosmin @ Buletin: Ce facem \u00een weekend? Recomand\u0103ri culturale pentru 30 ianuarie - 5 februarie - Buletin de Bucure\u0219ti","description":"Recomand\u0103ri culturale - ce faci \u00een weekend-ul 30 ianuarie - 5 februarie. Cea mai complet\u0103 rubric\u0103 din presa rom\u00e2neasc\u0103.","robots":{"index":"index","follow":"follow","max-snippet":"max-snippet:-1","max-image-preview":"max-image-preview:large","max-video-preview":"max-video-preview:-1"},"canonical":"https:\/\/buletin.de\/bucuresti\/agenda-urbana-cu-cosmin-buletin-ce-facem-in-weekend-recomandari-culturale-pentru-30-ianuarie-5-februarie\/","og_locale":"en_GB","og_type":"article","og_title":"Agenda Urban\u0103 cu Cosmin @ Buletin: Ce facem \u00een weekend? Recomand\u0103ri culturale pentru 30 ianuarie - 5 februarie","og_description":"Recomand\u0103ri culturale - ce faci \u00een weekend-ul 30 ianuarie - 5 februarie. Cea mai complet\u0103 rubric\u0103 din presa rom\u00e2neasc\u0103.","og_url":"https:\/\/buletin.de\/bucuresti\/agenda-urbana-cu-cosmin-buletin-ce-facem-in-weekend-recomandari-culturale-pentru-30-ianuarie-5-februarie\/","og_site_name":"Buletin de Bucure\u0219ti","article_publisher":"https:\/\/www.facebook.com\/buletin.de.buc","article_published_time":"2026-02-01T10:57:20+00:00","og_image":[{"width":1000,"height":562,"url":"https:\/\/buletin.de\/bucuresti\/wp-content\/uploads\/2026\/01\/image-9-1000x562.png","type":"image\/png"}],"author":"Cosmin Pojoranu","twitter_card":"summary_large_image","twitter_misc":{"Written by":"Cosmin Pojoranu","Estimated reading time":"9 minutes"},"schema":{"@context":"https:\/\/schema.org","@graph":[{"@type":"Article","@id":"https:\/\/buletin.de\/bucuresti\/agenda-urbana-cu-cosmin-buletin-ce-facem-in-weekend-recomandari-culturale-pentru-30-ianuarie-5-februarie\/#article","isPartOf":{"@id":"https:\/\/buletin.de\/bucuresti\/agenda-urbana-cu-cosmin-buletin-ce-facem-in-weekend-recomandari-culturale-pentru-30-ianuarie-5-februarie\/"},"author":{"name":"Cosmin Pojoranu","@id":"https:\/\/buletin.de\/bucuresti\/#\/schema\/person\/c3764529f4c88241f87b488f20cccc13"},"headline":"Agenda Urban\u0103 cu Cosmin @ Buletin: Ce facem \u00een weekend? Recomand\u0103ri culturale pentru 30 ianuarie &#8211; 5 februarie","datePublished":"2026-02-01T10:57:20+00:00","mainEntityOfPage":{"@id":"https:\/\/buletin.de\/bucuresti\/agenda-urbana-cu-cosmin-buletin-ce-facem-in-weekend-recomandari-culturale-pentru-30-ianuarie-5-februarie\/"},"wordCount":2056,"publisher":{"@id":"https:\/\/buletin.de\/bucuresti\/#organization"},"image":{"@id":"https:\/\/buletin.de\/bucuresti\/agenda-urbana-cu-cosmin-buletin-ce-facem-in-weekend-recomandari-culturale-pentru-30-ianuarie-5-februarie\/#primaryimage"},"thumbnailUrl":"https:\/\/buletin.de\/bucuresti\/wp-content\/uploads\/2026\/01\/image-9.png","keywords":["ce faci in bucuresti","cultura","recomandari"],"articleSection":["Articole","Cultur\u0103","Main"],"inLanguage":"en-GB","copyrightYear":"2026","copyrightHolder":{"@id":"https:\/\/buletin.de\/bucuresti\/#organization"}},{"@type":"WebPage","@id":"https:\/\/buletin.de\/bucuresti\/agenda-urbana-cu-cosmin-buletin-ce-facem-in-weekend-recomandari-culturale-pentru-30-ianuarie-5-februarie\/","url":"https:\/\/buletin.de\/bucuresti\/agenda-urbana-cu-cosmin-buletin-ce-facem-in-weekend-recomandari-culturale-pentru-30-ianuarie-5-februarie\/","name":"Agenda Urban\u0103 cu Cosmin @ Buletin: Ce facem \u00een weekend? Recomand\u0103ri culturale pentru 30 ianuarie - 5 februarie - Buletin de Bucure\u0219ti","isPartOf":{"@id":"https:\/\/buletin.de\/bucuresti\/#website"},"primaryImageOfPage":{"@id":"https:\/\/buletin.de\/bucuresti\/agenda-urbana-cu-cosmin-buletin-ce-facem-in-weekend-recomandari-culturale-pentru-30-ianuarie-5-februarie\/#primaryimage"},"image":{"@id":"https:\/\/buletin.de\/bucuresti\/agenda-urbana-cu-cosmin-buletin-ce-facem-in-weekend-recomandari-culturale-pentru-30-ianuarie-5-februarie\/#primaryimage"},"thumbnailUrl":"https:\/\/buletin.de\/bucuresti\/wp-content\/uploads\/2026\/01\/image-9.png","datePublished":"2026-02-01T10:57:20+00:00","description":"Recomand\u0103ri culturale - ce faci \u00een weekend-ul 30 ianuarie - 5 februarie. Cea mai complet\u0103 rubric\u0103 din presa rom\u00e2neasc\u0103.","breadcrumb":{"@id":"https:\/\/buletin.de\/bucuresti\/agenda-urbana-cu-cosmin-buletin-ce-facem-in-weekend-recomandari-culturale-pentru-30-ianuarie-5-februarie\/#breadcrumb"},"inLanguage":"en-GB","potentialAction":[{"@type":"ReadAction","target":["https:\/\/buletin.de\/bucuresti\/agenda-urbana-cu-cosmin-buletin-ce-facem-in-weekend-recomandari-culturale-pentru-30-ianuarie-5-februarie\/"]}]},{"@type":"ImageObject","inLanguage":"en-GB","@id":"https:\/\/buletin.de\/bucuresti\/agenda-urbana-cu-cosmin-buletin-ce-facem-in-weekend-recomandari-culturale-pentru-30-ianuarie-5-februarie\/#primaryimage","url":"https:\/\/buletin.de\/bucuresti\/wp-content\/uploads\/2026\/01\/image-9.png","contentUrl":"https:\/\/buletin.de\/bucuresti\/wp-content\/uploads\/2026\/01\/image-9.png","width":1478,"height":831,"caption":"Foto Cosmin Pojoranu"},{"@type":"BreadcrumbList","@id":"https:\/\/buletin.de\/bucuresti\/agenda-urbana-cu-cosmin-buletin-ce-facem-in-weekend-recomandari-culturale-pentru-30-ianuarie-5-februarie\/#breadcrumb","itemListElement":[{"@type":"ListItem","position":1,"name":"Acas\u0103","item":"https:\/\/buletin.de\/bucuresti\/"},{"@type":"ListItem","position":2,"name":"Agenda Urban\u0103 cu Cosmin @ Buletin: Ce facem \u00een weekend? Recomand\u0103ri culturale pentru 30 ianuarie &#8211; 5 februarie"}]},{"@type":"WebSite","@id":"https:\/\/buletin.de\/bucuresti\/#website","url":"https:\/\/buletin.de\/bucuresti\/","name":"Buletin de Bucure\u0219ti","description":"\u0218tiri \u0219i investiga\u021bii esen\u021biale din capital\u0103","publisher":{"@id":"https:\/\/buletin.de\/bucuresti\/#organization"},"potentialAction":[{"@type":"SearchAction","target":{"@type":"EntryPoint","urlTemplate":"https:\/\/buletin.de\/bucuresti\/?s={search_term_string}"},"query-input":{"@type":"PropertyValueSpecification","valueRequired":true,"valueName":"search_term_string"}}],"inLanguage":"en-GB"},{"@type":"Organization","@id":"https:\/\/buletin.de\/bucuresti\/#organization","name":"Buletin de Bucure\u0219ti","url":"https:\/\/buletin.de\/bucuresti\/","logo":{"@type":"ImageObject","inLanguage":"en-GB","@id":"https:\/\/buletin.de\/bucuresti\/#\/schema\/logo\/image\/","url":"https:\/\/buletin.de\/bucuresti\/wp-content\/uploads\/logo-bdb-full-wide-vernil-transparent.png","contentUrl":"https:\/\/buletin.de\/bucuresti\/wp-content\/uploads\/logo-bdb-full-wide-vernil-transparent.png","width":1782,"height":626,"caption":"Buletin de Bucure\u0219ti"},"image":{"@id":"https:\/\/buletin.de\/bucuresti\/#\/schema\/logo\/image\/"},"sameAs":["https:\/\/www.facebook.com\/buletin.de.buc","https:\/\/www.instagram.com\/buletinde.bucuresti\/"]},{"@type":"Person","@id":"https:\/\/buletin.de\/bucuresti\/#\/schema\/person\/c3764529f4c88241f87b488f20cccc13","name":"Cosmin Pojoranu","image":{"@type":"ImageObject","inLanguage":"en-GB","@id":"https:\/\/buletin.de\/bucuresti\/wp-content\/uploads\/Cosmin-Pojoranu-1-96x96.jpg9d268accb1c5032c83ab190d62c8c050","url":"https:\/\/buletin.de\/bucuresti\/wp-content\/uploads\/Cosmin-Pojoranu-1-96x96.jpg","contentUrl":"https:\/\/buletin.de\/bucuresti\/wp-content\/uploads\/Cosmin-Pojoranu-1-96x96.jpg","caption":"Cosmin Pojoranu"},"description":"N\u0103scut \u0219i crescut \u00een Bucure\u0219ti - sud Berceni.","sameAs":["https:\/\/www.instagram.com\/yozness\/?hl=en"],"url":"https:\/\/buletin.de\/bucuresti\/author\/cosmin-pojoranu\/"}]}},"authors":[{"term_id":22608,"user_id":20,"is_guest":0,"slug":"cosmin-pojoranu","display_name":"Cosmin Pojoranu","avatar_url":"https:\/\/buletin.de\/bucuresti\/wp-content\/uploads\/Cosmin-Pojoranu-1-96x96.jpg","0":null,"1":"","2":"","3":"","4":"","5":"","6":"","7":"","8":""}],"_links":{"self":[{"href":"https:\/\/buletin.de\/bucuresti\/wp-json\/wp\/v2\/posts\/170333","targetHints":{"allow":["GET"]}}],"collection":[{"href":"https:\/\/buletin.de\/bucuresti\/wp-json\/wp\/v2\/posts"}],"about":[{"href":"https:\/\/buletin.de\/bucuresti\/wp-json\/wp\/v2\/types\/post"}],"author":[{"embeddable":true,"href":"https:\/\/buletin.de\/bucuresti\/wp-json\/wp\/v2\/users\/20"}],"replies":[{"embeddable":true,"href":"https:\/\/buletin.de\/bucuresti\/wp-json\/wp\/v2\/comments?post=170333"}],"version-history":[{"count":8,"href":"https:\/\/buletin.de\/bucuresti\/wp-json\/wp\/v2\/posts\/170333\/revisions"}],"predecessor-version":[{"id":170632,"href":"https:\/\/buletin.de\/bucuresti\/wp-json\/wp\/v2\/posts\/170333\/revisions\/170632"}],"wp:featuredmedia":[{"embeddable":true,"href":"https:\/\/buletin.de\/bucuresti\/wp-json\/wp\/v2\/media\/170337"}],"wp:attachment":[{"href":"https:\/\/buletin.de\/bucuresti\/wp-json\/wp\/v2\/media?parent=170333"}],"wp:term":[{"taxonomy":"category","embeddable":true,"href":"https:\/\/buletin.de\/bucuresti\/wp-json\/wp\/v2\/categories?post=170333"},{"taxonomy":"post_tag","embeddable":true,"href":"https:\/\/buletin.de\/bucuresti\/wp-json\/wp\/v2\/tags?post=170333"},{"taxonomy":"author","embeddable":true,"href":"https:\/\/buletin.de\/bucuresti\/wp-json\/wp\/v2\/ppma_author?post=170333"}],"curies":[{"name":"wp","href":"https:\/\/api.w.org\/{rel}","templated":true}]}}