{"id":170270,"date":"2026-01-29T19:40:49","date_gmt":"2026-01-29T16:40:49","guid":{"rendered":"https:\/\/buletin.de\/bucuresti\/?p=170270"},"modified":"2026-01-31T01:05:29","modified_gmt":"2026-01-30T22:05:29","slug":"reportaj-negativul-unei-sedinte-cu-scantei-ciucu-globus-jelea-opozitiei-si-consilierul-chatcgmb-au-regizat-comasarile-biletul-stb-si-gramatica-de-partid","status":"publish","type":"post","link":"https:\/\/buletin.de\/bucuresti\/reportaj-negativul-unei-sedinte-cu-scantei-ciucu-globus-jelea-opozitiei-si-consilierul-chatcgmb-au-regizat-comasarile-biletul-stb-si-gramatica-de-partid\/","title":{"rendered":"REPORTAJ | \u201eNegativul\u201d unei \u0219edinte cu sc\u00e2ntei: \u201eCiucu Globus\u201d, \u201eJelea Opozi\u021biei\u201d \u0219i consilierul ChatCGMB au \u201eregizat\u201d comas\u0103rile, biletul STB \u0219i gramatica de partid"},"content":{"rendered":"\n<p><strong>Prima mare \u0219edin\u021b\u0103 a <a href=\"https:\/\/www3.pmb.ro\/wwwt\/institutii\/CGMB\/sedinte\/ordinea_de_zi\/567\" target=\"_blank\" rel=\"noreferrer noopener\">Consiliului General <\/a>din mandatul lui Ciprian Ciucu a \u00eenceput prost \u0219i a continuat exact la fel. Mult \u00eenainte s\u0103 \u00eenceap\u0103 oficial, sala era deja plin\u0103 de nervi, \u021bipete, atacuri la persoan\u0103 (\u0219i la partid) \u0219i aplauze spontane, ca un fel de teatru experimental sau circ mai atipic. \u00cen rolurile principale au fost primarul general \u0219i c\u00e2tiva consilieri social-democra\u021bi mai vocali.<\/strong><\/p>\n\n\n\n<p>Ciprian Ciucu a venit pus pe t\u0103ieri a la Bolojan. De cheltuieli, de institu\u021bii, de tot felul. A vorbit \u00eentruna despre \u201eg\u0103uri mari\u201d, \u201edezastru\u201d \u0219i \u201edatorii c\u00e2t bugetul Bra\u0219ovului\u201d.<\/p>\n\n\n\n<p>Opozi\u021bie i-au f\u0103cut consilierii PSD, AUR \u0219i PUSL.<\/p>\n\n\n\n<p><strong>CITE\u0218TE \u0218I:<\/strong> <strong><a href=\"https:\/\/buletin.de\/bucuresti\/cgmb-a-respins-anchetele-fiscale-pentru-stb-si-termoenergetica-ciucu-cui-ii-e-frica-de-transparenta\/\">Anchetele fiscale de la STB \u0219i Termoenergetica cerute de Ciprian Ciucu, blocate de Consiliul General. Primarul general: \u201eCui \u00eei e fric\u0103 de transparen\u021b\u0103?\u201d<\/a><\/strong><\/p>\n\n\n\n<h2 class=\"wp-block-heading\" id=\"h-o-noua-majoritate-in-consiliul-general\"><strong>O nou\u0103 majoritate \u00een Consiliul General?<\/strong><\/h2>\n\n\n\n<p>Punctele 5-8 de pe ordinea de zi, comasarea unor institu\u021bii din subordinea PMB, au fost, de fapt, punctul \u201ezero\u201d al \u0219edin\u021bei. \u00cen sensul c\u0103 s-a f\u0103cut scandal printre declara\u021biile politice care au durat peste o or\u0103, timp \u00een care \u0219edin\u021ba nu a fost, tehnic, deschis\u0103.<\/p>\n\n\n\n<p>PSD a cerut retragerea proiectelor, de\u0219i consilierii generaii ai acestui partid au men\u021bionat c\u0103, \u00een principiu, sunt de acord cu comasarea, dar \u201enu trebuie f\u0103cut\u0103 a\u0219a\u201d.<\/p>\n\n\n\n<p><strong>Ciucu a repetat sec, de c\u00e2teva ori, c\u0103 \u201ese testeaz\u0103 o majoritate\u201d \u00een Consiliul General.<\/strong><\/p>\n\n\n\n<p>Primarul a mai vorbit anterior despre institu\u021biile \u201ef\u0103r\u0103 ra\u021biune de a exista\u201d, \u00eenfiin\u021bate \u00een mandatul Gabrielei Firea care cheltuie bani pe chirii, ma\u0219ini \u0219i \u201etot felul de prostii\u201d \u0219i care au fost f\u0103cute \u201especial pentru c\u00e2te cineva\u201d.<\/p>\n\n\n\n<p>Consilierii au replicat cu proceduri, \u201ecorectitudine administrativ\u0103\u201d \u0219i eterna formul\u0103: \u201e<em>suntem de acord, dar nu a\u0219a\u201d<\/em>.<\/p>\n\n\n\n<p><strong>CITE\u0218TE \u0218I: <a href=\"https:\/\/buletin.de\/bucuresti\/psd-cere-retragerea-comasarii-unor-institutii-din-subordinea-primariei-generale-ciucu-se-testeaza-o-majoritate\/\" target=\"_blank\" rel=\"noreferrer noopener\">PSD a cerut renun\u021barea la comasarea unor institu\u021bii din subordinea Prim\u0103riei Generale. Ciucu: \u201eSe testeaz\u0103 o majoritate\u201d<\/a><\/strong><\/p>\n\n\n\n<h3 class=\"wp-block-heading\" id=\"h-sosia-lui-piedone\"><strong>\u201eSosia\u201d lui Piedone<\/strong><\/h3>\n\n\n\n<p>\u00cen mijlocul haosului, Ciprian Ciucu este aplaudat, la cererea consilierului PUSL Bogdan Jelea, pentru \u201e\u00een\u021belepciune\u201d. Pe tot parcursul \u0219edin\u021bei, dac\u0103 \u00eel auzeai vorbind pe Bogdan Jelea puteai s\u0103 juri c\u0103 a devenit Cristian Popescu Piedone consilier general. <\/p>\n\n\n\n<p>Aceea\u0219i atitudine, acelea\u0219i \u201eglumi\u021be\u201d de \u0219mechera\u0219 de cartier \u0219i o asem\u0103nare fizic\u0103 izbitoare.<\/p>\n\n\n\n<figure class=\"wp-block-image size-full\"><img fetchpriority=\"high\" decoding=\"async\" width=\"2560\" height=\"1707\" src=\"data:image\/gif;base64,R0lGODlhAQABAAAAACH5BAEKAAEALAAAAAABAAEAAAICTAEAOw==\" data-src=\"https:\/\/buletin.de\/bucuresti\/wp-content\/uploads\/2026\/01\/ID326018_INQUAM_Photos_Malina_Norocea-scaled.jpg\" alt=\"Consiliul General vs. Ciprian\" class=\"wp-image-170274 lazyload\" data-sizes=\"auto\" data-srcset=\"https:\/\/buletin.de\/bucuresti\/wp-content\/uploads\/2026\/01\/ID326018_INQUAM_Photos_Malina_Norocea-scaled.jpg 2560w, https:\/\/buletin.de\/bucuresti\/wp-content\/uploads\/2026\/01\/ID326018_INQUAM_Photos_Malina_Norocea-300x200.jpg 300w, https:\/\/buletin.de\/bucuresti\/wp-content\/uploads\/2026\/01\/ID326018_INQUAM_Photos_Malina_Norocea-1000x667.jpg 1000w, https:\/\/buletin.de\/bucuresti\/wp-content\/uploads\/2026\/01\/ID326018_INQUAM_Photos_Malina_Norocea-768x512.jpg 768w, https:\/\/buletin.de\/bucuresti\/wp-content\/uploads\/2026\/01\/ID326018_INQUAM_Photos_Malina_Norocea-1536x1024.jpg 1536w, https:\/\/buletin.de\/bucuresti\/wp-content\/uploads\/2026\/01\/ID326018_INQUAM_Photos_Malina_Norocea-2048x1365.jpg 2048w, https:\/\/buletin.de\/bucuresti\/wp-content\/uploads\/2026\/01\/ID326018_INQUAM_Photos_Malina_Norocea-1600x1067.jpg 1600w, https:\/\/buletin.de\/bucuresti\/wp-content\/uploads\/2026\/01\/ID326018_INQUAM_Photos_Malina_Norocea-1100x733.jpg 1100w, https:\/\/buletin.de\/bucuresti\/wp-content\/uploads\/2026\/01\/ID326018_INQUAM_Photos_Malina_Norocea-600x400.jpg 600w, https:\/\/buletin.de\/bucuresti\/wp-content\/uploads\/2026\/01\/ID326018_INQUAM_Photos_Malina_Norocea-20x13.jpg 20w\" sizes=\"(max-width: 2560px) 100vw, 2560px\" \/><figcaption class=\"wp-element-caption\">Bogdan Jelea, \u201enoul Piedone&#8221; al opozi\u021bie \u201eneclare&#8221; din CGMB. Foto: Inquam Photos \/ M\u0103lina Norocea<\/figcaption><\/figure>\n\n\n\n<p><strong>Momentul a fost notabil nu doar pentru gest, ci \u0219i pentru faptul c\u0103 aplauzele au vrut s\u0103 creeze un moment umoristic.<\/strong> <strong>Au vrut.<\/strong><\/p>\n\n\n\n<p>La c\u00e2teva minute, se mai \u00eencearc\u0103 o dat\u0103 gluma. Primarul mai prime\u0219te un r\u00e2nd de aplauze \u0219i \u0219edin\u021ba \u00eencepe s\u0103 semene cu una de bloc.<\/p>\n\n\n\n<p>\u00centre timp, PSD anun\u021b\u0103 c\u0103 are \u201e\u00eentreb\u0103ri punctuale pentru transparen\u021b\u0103\u201d, moment \u00een care se puteau auzi c\u00e2teva pufnituri \u0219i, dac\u0103 ascultai atent, puteai s\u0103 auzi \u0219i sunete de balama a ochilor care s\u0103 d\u0103deau peste cap.<\/p>\n\n\n\n<p>Nu au explicat ce \u00eenseamn\u0103 asta \u0219i, de fapt, \u00eentreb\u0103rile au fost mai degrab\u0103 declara\u021bii politice care p\u0103reau c\u0103 au doar scopul de mai am\u00e2na lucrurile.<\/p>\n\n\n\n<p>Uneori mai vorbea c\u00e2te un consilier local care p\u0103rea c\u0103 tace de prea mult timp. Sau voiau doar s\u0103 vad\u0103 dac\u0103, \u00eentre timp, au r\u0103gu\u0219it.<\/p>\n\n\n\n<h2 class=\"wp-block-heading\" id=\"h-a-aduce-aport-\u0219i-alte-contribu\u021bii-lingvistice\"><strong>\u201eA aduce aport\u201d \u0219i alte contribu\u021bii lingvistice<\/strong><\/h2>\n\n\n\n<p>\u00cen timp ce se discut\u0103 despre STB \u0219i Termoenergetica, primarul vorbe\u0219te despre \u201ea aduce aport\u201d.<\/p>\n\n\n\n<p>\u201eSosia\u201d lui Piedone <strong>nu rateaz\u0103 nicio ocazie de a ar\u0103ta c\u00e2te cuno\u0219tiin\u021be are despre gramatica limbii rom\u00e2ne.<\/strong> Timp de c\u00e2teva minute s-a discutat doar despre dac\u0103 \u201ea aduce aport\u201d este pleonasm, dac\u0103 nu e, dac\u0103 vine din francez\u0103, cine are dreptate.&nbsp;<\/p>\n\n\n\n<p>Pleonasm sau nu, expresia a trecut f\u0103r\u0103 opozi\u021bie, la un moment dat. De\u0219i p\u0103rea c\u0103 e cel mai important punct de pe ordinea de zi la acel moment. Situa\u021bia s-a repetat cu alte gre\u0219eli comune din limba rom\u00e2n\u0103.<\/p>\n\n\n\n<h2 class=\"wp-block-heading\" id=\"h-consilierul-chatcgmb-\u0219i-matematica-politica\"><strong>Consilierul \u201eChatCGMB&#8221; \u0219i matematica politic\u0103<\/strong><\/h2>\n\n\n\n<p>Odat\u0103 cu dezbaterea despre scumpirea biletelor STB, AUR a anun\u021bat c\u0103 voteaz\u0103 \u00eempotriv\u0103. Unul dintre consilieri, Ovidiu Zar\u0103, a explicat doct c\u0103 <strong>a c\u0103utat pe ChatGPT<\/strong> \u0219i a aflat c\u0103 problema nu este pre\u021bul biletelor, ci faptul c\u0103 30% dintre angaja\u021bii STB \u201estau \u00een birouri\u201d.<\/p>\n\n\n\n<figure class=\"wp-block-image size-full\"><img decoding=\"async\" width=\"2560\" height=\"1708\" src=\"data:image\/gif;base64,R0lGODlhAQABAAAAACH5BAEKAAEALAAAAAABAAEAAAICTAEAOw==\" data-src=\"https:\/\/buletin.de\/bucuresti\/wp-content\/uploads\/2026\/01\/ID305847_INQUAM_Photos_George_Calin-scaled.jpg\" alt=\"Consiliul General vs. Ciprian\" class=\"wp-image-170273 lazyload\" data-sizes=\"auto\" data-srcset=\"https:\/\/buletin.de\/bucuresti\/wp-content\/uploads\/2026\/01\/ID305847_INQUAM_Photos_George_Calin-scaled.jpg 2560w, https:\/\/buletin.de\/bucuresti\/wp-content\/uploads\/2026\/01\/ID305847_INQUAM_Photos_George_Calin-300x200.jpg 300w, https:\/\/buletin.de\/bucuresti\/wp-content\/uploads\/2026\/01\/ID305847_INQUAM_Photos_George_Calin-1000x667.jpg 1000w, https:\/\/buletin.de\/bucuresti\/wp-content\/uploads\/2026\/01\/ID305847_INQUAM_Photos_George_Calin-768x512.jpg 768w, https:\/\/buletin.de\/bucuresti\/wp-content\/uploads\/2026\/01\/ID305847_INQUAM_Photos_George_Calin-1536x1025.jpg 1536w, https:\/\/buletin.de\/bucuresti\/wp-content\/uploads\/2026\/01\/ID305847_INQUAM_Photos_George_Calin-2048x1366.jpg 2048w, https:\/\/buletin.de\/bucuresti\/wp-content\/uploads\/2026\/01\/ID305847_INQUAM_Photos_George_Calin-1600x1067.jpg 1600w, https:\/\/buletin.de\/bucuresti\/wp-content\/uploads\/2026\/01\/ID305847_INQUAM_Photos_George_Calin-1100x734.jpg 1100w, https:\/\/buletin.de\/bucuresti\/wp-content\/uploads\/2026\/01\/ID305847_INQUAM_Photos_George_Calin-600x400.jpg 600w, https:\/\/buletin.de\/bucuresti\/wp-content\/uploads\/2026\/01\/ID305847_INQUAM_Photos_George_Calin-20x13.jpg 20w\" sizes=\"(max-width: 2560px) 100vw, 2560px\" \/><figcaption class=\"wp-element-caption\">Ovidiu Zar\u0103 aka consilierul Chat GPT. FOTO: Inquam Photos\/George C\u0103lin<\/figcaption><\/figure>\n\n\n\n<p><strong>Astfel, probabil pentru prima dat\u0103 \u00een istoria administra\u021biei bucure\u0219tene, inteligen\u021ba artificial\u0103 a fost argument oficial \u00eentr-o dezbatere despre transportul public.<\/strong><\/p>\n\n\n\n<p>Cu at\u00e2t mai amuzant este faptul c\u0103 momentul a venit la c\u00e2teva minute dup\u0103 ce un consilier AUR a acuzat un coleg c\u0103 folose\u0219te inteligen\u021ba artificial\u0103 pentru a-\u0219i construi argumentele.<\/p>\n\n\n\n<p>Proiectul de scumpire a biletelor a c\u0103zut cu 23 de voturi pentru, 5 \u00eempotriv\u0103, 22 de ab\u021bineri. PSD \u0219i PUSL se ab\u021bin, AUR voteaz\u0103 par\u021bial \u00eempotriv\u0103, de\u0219i are mai mul\u021bi consilieri dec\u00e2t voturi exprimate. O matematic\u0103 politic\u0103 care ridic\u0103 semne de \u00eentrebare.<\/p>\n\n\n\n<p><strong>CITE\u0218TE \u0218I: <a href=\"https:\/\/buletin.de\/bucuresti\/biletele-stb-nu-se-mai-scumpesc-prima-infrangere-politica-a-lui-ciprian-ciucu-in-relatie-cu-consiliul-general\/\" target=\"_blank\" rel=\"noreferrer noopener\">Biletele STB nu se mai scumpesc. Prima \u00eenfr\u00e2ngere politic\u0103 a lui Ciprian Ciucu \u00een rela\u021bie cu Consiliul General<\/a><\/strong><\/p>\n\n\n\n<p>Dup\u0103 patru ore de \u0219edin\u021b\u0103 consilierii au ajuns abia la punctul 11 din 67 de pe ordinea de zi.<\/p>\n\n\n\n<p>\u00cen acel moment, primarul Ciucu a \u021binut un discurs u\u0219or teatral, emo\u021bional, dar neimpresionant pentru colegii consilieri.<\/p>\n\n\n\n<p><em>\u201eResponsabilitatea o am eu. Pe mine m\u0103 \u00eenjur\u0103 oamenii\u201d<\/em>, a strigat Ciucu, \u00een \u00eencercarea de a-i convinge pe consilieri s\u0103 voteze pentru audit \u0219i m\u0103rirea pre\u021bului la biletele STB.<\/p>\n\n\n\n<p>A spus c\u0103 nu controleaz\u0103 Consiliile de Administra\u021bie \u0219i Adun\u0103rile Generale ale Ac\u021bionarilor, dar vrea ca m\u0103car bucure\u0219tenii s\u0103 \u0219tie cine blocheaz\u0103 transparen\u021ba.<\/p>\n\n\n\n<p><em>\u201eVota\u021bi \u00een consecin\u021b\u0103! Vota\u021bi cu con\u0219tiin\u021ba!\u201d<\/em>, a spus el, pe un ton ferm tipic pentru un dresor de c\u00e2ini.<\/p>\n\n\n\n<p><em>\u201eAoleu&#8230;\u201d<\/em>, a fost singurul feedback primit din sal\u0103. Toate aceste proiecte au picat.<\/p>\n\n\n\n<p>Prima mare \u0219edin\u021b\u0103 din mandatul lui Ciprian Ciucu este \u00eenc\u0103 \u00een desf\u0103\u0219urare iar la momentul public\u0103rii acestui articol se discut\u0103 despre moartea elefantului de la Zoo din B\u0103neasa de acum 25 de ani. Cu alte cuvinte, elefantul a murit, tr\u0103iasc\u0103 elefantul din sala de \u0219edin\u021be a CGMB.<\/p>\n\n\n\n<p><em><strong>Editor: C\u0103t\u0103lin Dosca\u0219<\/strong><\/em><\/p>\n\n\n\n<p><strong>CITE\u0218TE \u0218I: <a href=\"https:\/\/buletin.de\/bucuresti\/cgmb-a-respins-anchetele-fiscale-pentru-stb-si-termoenergetica-ciucu-cui-ii-e-frica-de-transparenta\/\" target=\"_blank\" rel=\"noreferrer noopener\">Anchetele fiscale de la STB \u0219i Termoenergetica cerute de Ciprian Ciucu, blocate de Consiliul General. Primarul general: \u201eCui \u00eei e fric\u0103 de transparen\u021b\u0103?\u201d<\/a><br><\/strong><\/p>\n\n\n\n<p><\/p>\n","protected":false},"excerpt":{"rendered":"<p>Prima mare \u0219edin\u021b\u0103 a Consiliului General din mandatul lui Ciprian Ciucu a \u00eenceput prost \u0219i a continuat exact la fel. Mult \u00eenainte s\u0103 \u00eenceap\u0103 oficial, sala era deja plin\u0103 de nervi, \u021bipete, atacuri la persoan\u0103 (\u0219i la partid) \u0219i aplauze spontane, ca un fel de teatru experimental sau circ mai atipic. \u00cen rolurile principale au [&hellip;]<\/p>\n","protected":false},"author":59,"featured_media":170272,"comment_status":"closed","ping_status":"open","sticky":false,"template":"","format":"standard","meta":{"_acf_changed":false,"inline_featured_image":false,"ngg_post_thumbnail":0,"footnotes":""},"categories":[6994,5762,24,169],"tags":[9,2054,26115,5721,104,105],"ppma_author":[22572],"class_list":["post-170270","post","type-post","status-publish","format-standard","has-post-thumbnail","hentry","category-stiri-2","category-main","category-primarie","category-reportaj","tag-bucuresti","tag-capitala","tag-ciprian-ciucu-primar","tag-consiliul-general","tag-pmb","tag-sedinta"],"acf":[],"yoast_head":"<!-- This site is optimized with the Yoast SEO Premium plugin v25.3 (Yoast SEO v27.5) - https:\/\/yoast.com\/product\/yoast-seo-premium-wordpress\/ -->\n<title>REPORTAJ | \u201eNegativul\u201d unei \u0219edinte cu sc\u00e2ntei: \u201eCiucu Globus\u201d, \u201eJelea Opozi\u021biei\u201d \u0219i consilierul ChatCGMB au \u201eregizat\u201d comas\u0103rile, biletul STB \u0219i gramatica de partid - Buletin de Bucure\u0219ti<\/title>\n<meta name=\"description\" content=\"Prima mare \u0219edin\u021b\u0103 a Consiliului General din mandatul lui Ciprian Ciucu a \u00eenceput prost \u0219i a continuat exact la fel.\" \/>\n<meta name=\"robots\" content=\"index, follow, max-snippet:-1, max-image-preview:large, max-video-preview:-1\" \/>\n<link rel=\"canonical\" href=\"https:\/\/buletin.de\/bucuresti\/reportaj-negativul-unei-sedinte-cu-scantei-ciucu-globus-jelea-opozitiei-si-consilierul-chatcgmb-au-regizat-comasarile-biletul-stb-si-gramatica-de-partid\/\" \/>\n<meta property=\"og:locale\" content=\"en_GB\" \/>\n<meta property=\"og:type\" content=\"article\" \/>\n<meta property=\"og:title\" content=\"REPORTAJ | \u201eNegativul\u201d unei \u0219edinte cu sc\u00e2ntei: \u201eCiucu Globus\u201d, \u201eJelea Opozi\u021biei\u201d \u0219i consilierul ChatCGMB au \u201eregizat\u201d comas\u0103rile, biletul STB \u0219i gramatica de partid\" \/>\n<meta property=\"og:description\" content=\"Prima mare \u0219edin\u021b\u0103 a Consiliului General din mandatul lui Ciprian Ciucu a \u00eenceput prost \u0219i a continuat exact la fel.\" \/>\n<meta property=\"og:url\" content=\"https:\/\/buletin.de\/bucuresti\/reportaj-negativul-unei-sedinte-cu-scantei-ciucu-globus-jelea-opozitiei-si-consilierul-chatcgmb-au-regizat-comasarile-biletul-stb-si-gramatica-de-partid\/\" \/>\n<meta property=\"og:site_name\" content=\"Buletin de Bucure\u0219ti\" \/>\n<meta property=\"article:publisher\" content=\"https:\/\/www.facebook.com\/buletin.de.buc\" \/>\n<meta property=\"article:published_time\" content=\"2026-01-29T16:40:49+00:00\" \/>\n<meta property=\"article:modified_time\" content=\"2026-01-30T22:05:29+00:00\" \/>\n<meta property=\"og:image\" content=\"https:\/\/buletin.de\/bucuresti\/wp-content\/uploads\/2026\/01\/ID329621_INQUAM_Photos_Alexandru_Nechez-scaled.jpg\" \/>\n\t<meta property=\"og:image:width\" content=\"2560\" \/>\n\t<meta property=\"og:image:height\" content=\"1707\" \/>\n\t<meta property=\"og:image:type\" content=\"image\/jpeg\" \/>\n<meta name=\"author\" content=\"C\u0103t\u0103lin Anghel-Dimache\" \/>\n<meta name=\"twitter:card\" content=\"summary_large_image\" \/>\n<meta name=\"twitter:label1\" content=\"Written by\" \/>\n\t<meta name=\"twitter:data1\" content=\"C\u0103t\u0103lin Anghel-Dimache\" \/>\n\t<meta name=\"twitter:label2\" content=\"Estimated reading time\" \/>\n\t<meta name=\"twitter:data2\" content=\"5 minutes\" \/>\n<script type=\"application\/ld+json\" class=\"yoast-schema-graph\">{\"@context\":\"https:\\\/\\\/schema.org\",\"@graph\":[{\"@type\":\"Article\",\"@id\":\"https:\\\/\\\/buletin.de\\\/bucuresti\\\/reportaj-negativul-unei-sedinte-cu-scantei-ciucu-globus-jelea-opozitiei-si-consilierul-chatcgmb-au-regizat-comasarile-biletul-stb-si-gramatica-de-partid\\\/#article\",\"isPartOf\":{\"@id\":\"https:\\\/\\\/buletin.de\\\/bucuresti\\\/reportaj-negativul-unei-sedinte-cu-scantei-ciucu-globus-jelea-opozitiei-si-consilierul-chatcgmb-au-regizat-comasarile-biletul-stb-si-gramatica-de-partid\\\/\"},\"author\":{\"name\":\"C\u0103t\u0103lin Anghel-Dimache\",\"@id\":\"https:\\\/\\\/buletin.de\\\/bucuresti\\\/#\\\/schema\\\/person\\\/0ac9db30080482be87c7386a30f98796\"},\"headline\":\"REPORTAJ | \u201eNegativul\u201d unei \u0219edinte cu sc\u00e2ntei: \u201eCiucu Globus\u201d, \u201eJelea Opozi\u021biei\u201d \u0219i consilierul ChatCGMB au \u201eregizat\u201d comas\u0103rile, biletul STB \u0219i gramatica de partid\",\"datePublished\":\"2026-01-29T16:40:49+00:00\",\"dateModified\":\"2026-01-30T22:05:29+00:00\",\"mainEntityOfPage\":{\"@id\":\"https:\\\/\\\/buletin.de\\\/bucuresti\\\/reportaj-negativul-unei-sedinte-cu-scantei-ciucu-globus-jelea-opozitiei-si-consilierul-chatcgmb-au-regizat-comasarile-biletul-stb-si-gramatica-de-partid\\\/\"},\"wordCount\":1096,\"publisher\":{\"@id\":\"https:\\\/\\\/buletin.de\\\/bucuresti\\\/#organization\"},\"image\":{\"@id\":\"https:\\\/\\\/buletin.de\\\/bucuresti\\\/reportaj-negativul-unei-sedinte-cu-scantei-ciucu-globus-jelea-opozitiei-si-consilierul-chatcgmb-au-regizat-comasarile-biletul-stb-si-gramatica-de-partid\\\/#primaryimage\"},\"thumbnailUrl\":\"https:\\\/\\\/buletin.de\\\/bucuresti\\\/wp-content\\\/uploads\\\/2026\\\/01\\\/ID329621_INQUAM_Photos_Alexandru_Nechez-scaled.jpg\",\"keywords\":[\"bucuresti\",\"Capitala\",\"ciprian ciucu primar\",\"consiliul general\",\"pmb\",\"sedinta\"],\"articleSection\":[\"Articole\",\"Main\",\"Prim\u0103rie\",\"Reportaj\"],\"inLanguage\":\"en-GB\",\"copyrightYear\":\"2026\",\"copyrightHolder\":{\"@id\":\"https:\\\/\\\/buletin.de\\\/bucuresti\\\/#organization\"}},{\"@type\":\"WebPage\",\"@id\":\"https:\\\/\\\/buletin.de\\\/bucuresti\\\/reportaj-negativul-unei-sedinte-cu-scantei-ciucu-globus-jelea-opozitiei-si-consilierul-chatcgmb-au-regizat-comasarile-biletul-stb-si-gramatica-de-partid\\\/\",\"url\":\"https:\\\/\\\/buletin.de\\\/bucuresti\\\/reportaj-negativul-unei-sedinte-cu-scantei-ciucu-globus-jelea-opozitiei-si-consilierul-chatcgmb-au-regizat-comasarile-biletul-stb-si-gramatica-de-partid\\\/\",\"name\":\"REPORTAJ | \u201eNegativul\u201d unei \u0219edinte cu sc\u00e2ntei: \u201eCiucu Globus\u201d, \u201eJelea Opozi\u021biei\u201d \u0219i consilierul ChatCGMB au \u201eregizat\u201d comas\u0103rile, biletul STB \u0219i gramatica de partid - Buletin de Bucure\u0219ti\",\"isPartOf\":{\"@id\":\"https:\\\/\\\/buletin.de\\\/bucuresti\\\/#website\"},\"primaryImageOfPage\":{\"@id\":\"https:\\\/\\\/buletin.de\\\/bucuresti\\\/reportaj-negativul-unei-sedinte-cu-scantei-ciucu-globus-jelea-opozitiei-si-consilierul-chatcgmb-au-regizat-comasarile-biletul-stb-si-gramatica-de-partid\\\/#primaryimage\"},\"image\":{\"@id\":\"https:\\\/\\\/buletin.de\\\/bucuresti\\\/reportaj-negativul-unei-sedinte-cu-scantei-ciucu-globus-jelea-opozitiei-si-consilierul-chatcgmb-au-regizat-comasarile-biletul-stb-si-gramatica-de-partid\\\/#primaryimage\"},\"thumbnailUrl\":\"https:\\\/\\\/buletin.de\\\/bucuresti\\\/wp-content\\\/uploads\\\/2026\\\/01\\\/ID329621_INQUAM_Photos_Alexandru_Nechez-scaled.jpg\",\"datePublished\":\"2026-01-29T16:40:49+00:00\",\"dateModified\":\"2026-01-30T22:05:29+00:00\",\"description\":\"Prima mare \u0219edin\u021b\u0103 a Consiliului General din mandatul lui Ciprian Ciucu a \u00eenceput prost \u0219i a continuat exact la fel.\",\"breadcrumb\":{\"@id\":\"https:\\\/\\\/buletin.de\\\/bucuresti\\\/reportaj-negativul-unei-sedinte-cu-scantei-ciucu-globus-jelea-opozitiei-si-consilierul-chatcgmb-au-regizat-comasarile-biletul-stb-si-gramatica-de-partid\\\/#breadcrumb\"},\"inLanguage\":\"en-GB\",\"potentialAction\":[{\"@type\":\"ReadAction\",\"target\":[\"https:\\\/\\\/buletin.de\\\/bucuresti\\\/reportaj-negativul-unei-sedinte-cu-scantei-ciucu-globus-jelea-opozitiei-si-consilierul-chatcgmb-au-regizat-comasarile-biletul-stb-si-gramatica-de-partid\\\/\"]}]},{\"@type\":\"ImageObject\",\"inLanguage\":\"en-GB\",\"@id\":\"https:\\\/\\\/buletin.de\\\/bucuresti\\\/reportaj-negativul-unei-sedinte-cu-scantei-ciucu-globus-jelea-opozitiei-si-consilierul-chatcgmb-au-regizat-comasarile-biletul-stb-si-gramatica-de-partid\\\/#primaryimage\",\"url\":\"https:\\\/\\\/buletin.de\\\/bucuresti\\\/wp-content\\\/uploads\\\/2026\\\/01\\\/ID329621_INQUAM_Photos_Alexandru_Nechez-scaled.jpg\",\"contentUrl\":\"https:\\\/\\\/buletin.de\\\/bucuresti\\\/wp-content\\\/uploads\\\/2026\\\/01\\\/ID329621_INQUAM_Photos_Alexandru_Nechez-scaled.jpg\",\"width\":2560,\"height\":1707,\"caption\":\"Consiliul General vs. Ciprian Ciucu 1-0: comas\u0103rile, biletul STB \u0219i consilierul ChatGPT. Foto: Inquam Photos \\\/ Alexandru Nechez\"},{\"@type\":\"BreadcrumbList\",\"@id\":\"https:\\\/\\\/buletin.de\\\/bucuresti\\\/reportaj-negativul-unei-sedinte-cu-scantei-ciucu-globus-jelea-opozitiei-si-consilierul-chatcgmb-au-regizat-comasarile-biletul-stb-si-gramatica-de-partid\\\/#breadcrumb\",\"itemListElement\":[{\"@type\":\"ListItem\",\"position\":1,\"name\":\"Acas\u0103\",\"item\":\"https:\\\/\\\/buletin.de\\\/bucuresti\\\/\"},{\"@type\":\"ListItem\",\"position\":2,\"name\":\"REPORTAJ | \u201eNegativul\u201d unei \u0219edinte cu sc\u00e2ntei: \u201eCiucu Globus\u201d, \u201eJelea Opozi\u021biei\u201d \u0219i consilierul ChatCGMB au \u201eregizat\u201d comas\u0103rile, biletul STB \u0219i gramatica de partid\"}]},{\"@type\":\"WebSite\",\"@id\":\"https:\\\/\\\/buletin.de\\\/bucuresti\\\/#website\",\"url\":\"https:\\\/\\\/buletin.de\\\/bucuresti\\\/\",\"name\":\"Buletin de Bucure\u0219ti\",\"description\":\"\u0218tiri \u0219i investiga\u021bii esen\u021biale din capital\u0103\",\"publisher\":{\"@id\":\"https:\\\/\\\/buletin.de\\\/bucuresti\\\/#organization\"},\"potentialAction\":[{\"@type\":\"SearchAction\",\"target\":{\"@type\":\"EntryPoint\",\"urlTemplate\":\"https:\\\/\\\/buletin.de\\\/bucuresti\\\/?s={search_term_string}\"},\"query-input\":{\"@type\":\"PropertyValueSpecification\",\"valueRequired\":true,\"valueName\":\"search_term_string\"}}],\"inLanguage\":\"en-GB\"},{\"@type\":\"Organization\",\"@id\":\"https:\\\/\\\/buletin.de\\\/bucuresti\\\/#organization\",\"name\":\"Buletin de Bucure\u0219ti\",\"url\":\"https:\\\/\\\/buletin.de\\\/bucuresti\\\/\",\"logo\":{\"@type\":\"ImageObject\",\"inLanguage\":\"en-GB\",\"@id\":\"https:\\\/\\\/buletin.de\\\/bucuresti\\\/#\\\/schema\\\/logo\\\/image\\\/\",\"url\":\"https:\\\/\\\/buletin.de\\\/bucuresti\\\/wp-content\\\/uploads\\\/logo-bdb-full-wide-vernil-transparent.png\",\"contentUrl\":\"https:\\\/\\\/buletin.de\\\/bucuresti\\\/wp-content\\\/uploads\\\/logo-bdb-full-wide-vernil-transparent.png\",\"width\":1782,\"height\":626,\"caption\":\"Buletin de Bucure\u0219ti\"},\"image\":{\"@id\":\"https:\\\/\\\/buletin.de\\\/bucuresti\\\/#\\\/schema\\\/logo\\\/image\\\/\"},\"sameAs\":[\"https:\\\/\\\/www.facebook.com\\\/buletin.de.buc\",\"https:\\\/\\\/www.instagram.com\\\/buletinde.bucuresti\\\/\"]},{\"@type\":\"Person\",\"@id\":\"https:\\\/\\\/buletin.de\\\/bucuresti\\\/#\\\/schema\\\/person\\\/0ac9db30080482be87c7386a30f98796\",\"name\":\"C\u0103t\u0103lin Anghel-Dimache\",\"image\":{\"@type\":\"ImageObject\",\"inLanguage\":\"en-GB\",\"@id\":\"https:\\\/\\\/buletin.de\\\/bucuresti\\\/wp-content\\\/uploads\\\/Catalin-Anghel-Dimache-96x96.jpgbd9e43c5b25186d5b8e917ac61ad86c4\",\"url\":\"https:\\\/\\\/buletin.de\\\/bucuresti\\\/wp-content\\\/uploads\\\/Catalin-Anghel-Dimache-96x96.jpg\",\"contentUrl\":\"https:\\\/\\\/buletin.de\\\/bucuresti\\\/wp-content\\\/uploads\\\/Catalin-Anghel-Dimache-96x96.jpg\",\"caption\":\"C\u0103t\u0103lin Anghel-Dimache\"},\"description\":\"A absolvit Facultatea de Jurnalism \u0219i \u0218tiin\u021bele Comunic\u0103rii a Universit\u0103\u021bii din Bucure\u0219ti \u00een 2024. Scrie despre mediu \u0219i teme sociale, dar \u0219i despre cum se reflect\u0103 ele \u00een via\u021ba cotidian\u0103 a bucure\u0219tenilor, cu un ochi atent la pove\u0219tile personale din spatele titlurilor. N\u0103scut \u0219i crescut \u00een Bucure\u0219ti, a f\u0103cut un pas c\u0103tre presa local\u0103, din pasiune pentru ora\u0219ul s\u0103u \u0219i oamenii din el.\",\"url\":\"https:\\\/\\\/buletin.de\\\/bucuresti\\\/author\\\/catalin-anghel-dimache\\\/\"}]}<\/script>\n<!-- \/ Yoast SEO Premium plugin. -->","yoast_head_json":{"title":"REPORTAJ | \u201eNegativul\u201d unei \u0219edinte cu sc\u00e2ntei: \u201eCiucu Globus\u201d, \u201eJelea Opozi\u021biei\u201d \u0219i consilierul ChatCGMB au \u201eregizat\u201d comas\u0103rile, biletul STB \u0219i gramatica de partid - Buletin de Bucure\u0219ti","description":"Prima mare \u0219edin\u021b\u0103 a Consiliului General din mandatul lui Ciprian Ciucu a \u00eenceput prost \u0219i a continuat exact la fel.","robots":{"index":"index","follow":"follow","max-snippet":"max-snippet:-1","max-image-preview":"max-image-preview:large","max-video-preview":"max-video-preview:-1"},"canonical":"https:\/\/buletin.de\/bucuresti\/reportaj-negativul-unei-sedinte-cu-scantei-ciucu-globus-jelea-opozitiei-si-consilierul-chatcgmb-au-regizat-comasarile-biletul-stb-si-gramatica-de-partid\/","og_locale":"en_GB","og_type":"article","og_title":"REPORTAJ | \u201eNegativul\u201d unei \u0219edinte cu sc\u00e2ntei: \u201eCiucu Globus\u201d, \u201eJelea Opozi\u021biei\u201d \u0219i consilierul ChatCGMB au \u201eregizat\u201d comas\u0103rile, biletul STB \u0219i gramatica de partid","og_description":"Prima mare \u0219edin\u021b\u0103 a Consiliului General din mandatul lui Ciprian Ciucu a \u00eenceput prost \u0219i a continuat exact la fel.","og_url":"https:\/\/buletin.de\/bucuresti\/reportaj-negativul-unei-sedinte-cu-scantei-ciucu-globus-jelea-opozitiei-si-consilierul-chatcgmb-au-regizat-comasarile-biletul-stb-si-gramatica-de-partid\/","og_site_name":"Buletin de Bucure\u0219ti","article_publisher":"https:\/\/www.facebook.com\/buletin.de.buc","article_published_time":"2026-01-29T16:40:49+00:00","article_modified_time":"2026-01-30T22:05:29+00:00","og_image":[{"width":2560,"height":1707,"url":"https:\/\/buletin.de\/bucuresti\/wp-content\/uploads\/2026\/01\/ID329621_INQUAM_Photos_Alexandru_Nechez-scaled.jpg","type":"image\/jpeg"}],"author":"C\u0103t\u0103lin Anghel-Dimache","twitter_card":"summary_large_image","twitter_misc":{"Written by":"C\u0103t\u0103lin Anghel-Dimache","Estimated reading time":"5 minutes"},"schema":{"@context":"https:\/\/schema.org","@graph":[{"@type":"Article","@id":"https:\/\/buletin.de\/bucuresti\/reportaj-negativul-unei-sedinte-cu-scantei-ciucu-globus-jelea-opozitiei-si-consilierul-chatcgmb-au-regizat-comasarile-biletul-stb-si-gramatica-de-partid\/#article","isPartOf":{"@id":"https:\/\/buletin.de\/bucuresti\/reportaj-negativul-unei-sedinte-cu-scantei-ciucu-globus-jelea-opozitiei-si-consilierul-chatcgmb-au-regizat-comasarile-biletul-stb-si-gramatica-de-partid\/"},"author":{"name":"C\u0103t\u0103lin Anghel-Dimache","@id":"https:\/\/buletin.de\/bucuresti\/#\/schema\/person\/0ac9db30080482be87c7386a30f98796"},"headline":"REPORTAJ | \u201eNegativul\u201d unei \u0219edinte cu sc\u00e2ntei: \u201eCiucu Globus\u201d, \u201eJelea Opozi\u021biei\u201d \u0219i consilierul ChatCGMB au \u201eregizat\u201d comas\u0103rile, biletul STB \u0219i gramatica de partid","datePublished":"2026-01-29T16:40:49+00:00","dateModified":"2026-01-30T22:05:29+00:00","mainEntityOfPage":{"@id":"https:\/\/buletin.de\/bucuresti\/reportaj-negativul-unei-sedinte-cu-scantei-ciucu-globus-jelea-opozitiei-si-consilierul-chatcgmb-au-regizat-comasarile-biletul-stb-si-gramatica-de-partid\/"},"wordCount":1096,"publisher":{"@id":"https:\/\/buletin.de\/bucuresti\/#organization"},"image":{"@id":"https:\/\/buletin.de\/bucuresti\/reportaj-negativul-unei-sedinte-cu-scantei-ciucu-globus-jelea-opozitiei-si-consilierul-chatcgmb-au-regizat-comasarile-biletul-stb-si-gramatica-de-partid\/#primaryimage"},"thumbnailUrl":"https:\/\/buletin.de\/bucuresti\/wp-content\/uploads\/2026\/01\/ID329621_INQUAM_Photos_Alexandru_Nechez-scaled.jpg","keywords":["bucuresti","Capitala","ciprian ciucu primar","consiliul general","pmb","sedinta"],"articleSection":["Articole","Main","Prim\u0103rie","Reportaj"],"inLanguage":"en-GB","copyrightYear":"2026","copyrightHolder":{"@id":"https:\/\/buletin.de\/bucuresti\/#organization"}},{"@type":"WebPage","@id":"https:\/\/buletin.de\/bucuresti\/reportaj-negativul-unei-sedinte-cu-scantei-ciucu-globus-jelea-opozitiei-si-consilierul-chatcgmb-au-regizat-comasarile-biletul-stb-si-gramatica-de-partid\/","url":"https:\/\/buletin.de\/bucuresti\/reportaj-negativul-unei-sedinte-cu-scantei-ciucu-globus-jelea-opozitiei-si-consilierul-chatcgmb-au-regizat-comasarile-biletul-stb-si-gramatica-de-partid\/","name":"REPORTAJ | \u201eNegativul\u201d unei \u0219edinte cu sc\u00e2ntei: \u201eCiucu Globus\u201d, \u201eJelea Opozi\u021biei\u201d \u0219i consilierul ChatCGMB au \u201eregizat\u201d comas\u0103rile, biletul STB \u0219i gramatica de partid - Buletin de Bucure\u0219ti","isPartOf":{"@id":"https:\/\/buletin.de\/bucuresti\/#website"},"primaryImageOfPage":{"@id":"https:\/\/buletin.de\/bucuresti\/reportaj-negativul-unei-sedinte-cu-scantei-ciucu-globus-jelea-opozitiei-si-consilierul-chatcgmb-au-regizat-comasarile-biletul-stb-si-gramatica-de-partid\/#primaryimage"},"image":{"@id":"https:\/\/buletin.de\/bucuresti\/reportaj-negativul-unei-sedinte-cu-scantei-ciucu-globus-jelea-opozitiei-si-consilierul-chatcgmb-au-regizat-comasarile-biletul-stb-si-gramatica-de-partid\/#primaryimage"},"thumbnailUrl":"https:\/\/buletin.de\/bucuresti\/wp-content\/uploads\/2026\/01\/ID329621_INQUAM_Photos_Alexandru_Nechez-scaled.jpg","datePublished":"2026-01-29T16:40:49+00:00","dateModified":"2026-01-30T22:05:29+00:00","description":"Prima mare \u0219edin\u021b\u0103 a Consiliului General din mandatul lui Ciprian Ciucu a \u00eenceput prost \u0219i a continuat exact la fel.","breadcrumb":{"@id":"https:\/\/buletin.de\/bucuresti\/reportaj-negativul-unei-sedinte-cu-scantei-ciucu-globus-jelea-opozitiei-si-consilierul-chatcgmb-au-regizat-comasarile-biletul-stb-si-gramatica-de-partid\/#breadcrumb"},"inLanguage":"en-GB","potentialAction":[{"@type":"ReadAction","target":["https:\/\/buletin.de\/bucuresti\/reportaj-negativul-unei-sedinte-cu-scantei-ciucu-globus-jelea-opozitiei-si-consilierul-chatcgmb-au-regizat-comasarile-biletul-stb-si-gramatica-de-partid\/"]}]},{"@type":"ImageObject","inLanguage":"en-GB","@id":"https:\/\/buletin.de\/bucuresti\/reportaj-negativul-unei-sedinte-cu-scantei-ciucu-globus-jelea-opozitiei-si-consilierul-chatcgmb-au-regizat-comasarile-biletul-stb-si-gramatica-de-partid\/#primaryimage","url":"https:\/\/buletin.de\/bucuresti\/wp-content\/uploads\/2026\/01\/ID329621_INQUAM_Photos_Alexandru_Nechez-scaled.jpg","contentUrl":"https:\/\/buletin.de\/bucuresti\/wp-content\/uploads\/2026\/01\/ID329621_INQUAM_Photos_Alexandru_Nechez-scaled.jpg","width":2560,"height":1707,"caption":"Consiliul General vs. Ciprian Ciucu 1-0: comas\u0103rile, biletul STB \u0219i consilierul ChatGPT. Foto: Inquam Photos \/ Alexandru Nechez"},{"@type":"BreadcrumbList","@id":"https:\/\/buletin.de\/bucuresti\/reportaj-negativul-unei-sedinte-cu-scantei-ciucu-globus-jelea-opozitiei-si-consilierul-chatcgmb-au-regizat-comasarile-biletul-stb-si-gramatica-de-partid\/#breadcrumb","itemListElement":[{"@type":"ListItem","position":1,"name":"Acas\u0103","item":"https:\/\/buletin.de\/bucuresti\/"},{"@type":"ListItem","position":2,"name":"REPORTAJ | \u201eNegativul\u201d unei \u0219edinte cu sc\u00e2ntei: \u201eCiucu Globus\u201d, \u201eJelea Opozi\u021biei\u201d \u0219i consilierul ChatCGMB au \u201eregizat\u201d comas\u0103rile, biletul STB \u0219i gramatica de partid"}]},{"@type":"WebSite","@id":"https:\/\/buletin.de\/bucuresti\/#website","url":"https:\/\/buletin.de\/bucuresti\/","name":"Buletin de Bucure\u0219ti","description":"\u0218tiri \u0219i investiga\u021bii esen\u021biale din capital\u0103","publisher":{"@id":"https:\/\/buletin.de\/bucuresti\/#organization"},"potentialAction":[{"@type":"SearchAction","target":{"@type":"EntryPoint","urlTemplate":"https:\/\/buletin.de\/bucuresti\/?s={search_term_string}"},"query-input":{"@type":"PropertyValueSpecification","valueRequired":true,"valueName":"search_term_string"}}],"inLanguage":"en-GB"},{"@type":"Organization","@id":"https:\/\/buletin.de\/bucuresti\/#organization","name":"Buletin de Bucure\u0219ti","url":"https:\/\/buletin.de\/bucuresti\/","logo":{"@type":"ImageObject","inLanguage":"en-GB","@id":"https:\/\/buletin.de\/bucuresti\/#\/schema\/logo\/image\/","url":"https:\/\/buletin.de\/bucuresti\/wp-content\/uploads\/logo-bdb-full-wide-vernil-transparent.png","contentUrl":"https:\/\/buletin.de\/bucuresti\/wp-content\/uploads\/logo-bdb-full-wide-vernil-transparent.png","width":1782,"height":626,"caption":"Buletin de Bucure\u0219ti"},"image":{"@id":"https:\/\/buletin.de\/bucuresti\/#\/schema\/logo\/image\/"},"sameAs":["https:\/\/www.facebook.com\/buletin.de.buc","https:\/\/www.instagram.com\/buletinde.bucuresti\/"]},{"@type":"Person","@id":"https:\/\/buletin.de\/bucuresti\/#\/schema\/person\/0ac9db30080482be87c7386a30f98796","name":"C\u0103t\u0103lin Anghel-Dimache","image":{"@type":"ImageObject","inLanguage":"en-GB","@id":"https:\/\/buletin.de\/bucuresti\/wp-content\/uploads\/Catalin-Anghel-Dimache-96x96.jpgbd9e43c5b25186d5b8e917ac61ad86c4","url":"https:\/\/buletin.de\/bucuresti\/wp-content\/uploads\/Catalin-Anghel-Dimache-96x96.jpg","contentUrl":"https:\/\/buletin.de\/bucuresti\/wp-content\/uploads\/Catalin-Anghel-Dimache-96x96.jpg","caption":"C\u0103t\u0103lin Anghel-Dimache"},"description":"A absolvit Facultatea de Jurnalism \u0219i \u0218tiin\u021bele Comunic\u0103rii a Universit\u0103\u021bii din Bucure\u0219ti \u00een 2024. Scrie despre mediu \u0219i teme sociale, dar \u0219i despre cum se reflect\u0103 ele \u00een via\u021ba cotidian\u0103 a bucure\u0219tenilor, cu un ochi atent la pove\u0219tile personale din spatele titlurilor. N\u0103scut \u0219i crescut \u00een Bucure\u0219ti, a f\u0103cut un pas c\u0103tre presa local\u0103, din pasiune pentru ora\u0219ul s\u0103u \u0219i oamenii din el.","url":"https:\/\/buletin.de\/bucuresti\/author\/catalin-anghel-dimache\/"}]}},"authors":[{"term_id":22572,"user_id":59,"is_guest":0,"slug":"catalin-anghel-dimache","display_name":"C\u0103t\u0103lin Anghel-Dimache","avatar_url":"https:\/\/buletin.de\/bucuresti\/wp-content\/uploads\/Catalin-Anghel-Dimache-96x96.jpg","0":null,"1":"","2":"","3":"","4":"","5":"","6":"","7":"","8":""}],"_links":{"self":[{"href":"https:\/\/buletin.de\/bucuresti\/wp-json\/wp\/v2\/posts\/170270","targetHints":{"allow":["GET"]}}],"collection":[{"href":"https:\/\/buletin.de\/bucuresti\/wp-json\/wp\/v2\/posts"}],"about":[{"href":"https:\/\/buletin.de\/bucuresti\/wp-json\/wp\/v2\/types\/post"}],"author":[{"embeddable":true,"href":"https:\/\/buletin.de\/bucuresti\/wp-json\/wp\/v2\/users\/59"}],"replies":[{"embeddable":true,"href":"https:\/\/buletin.de\/bucuresti\/wp-json\/wp\/v2\/comments?post=170270"}],"version-history":[{"count":13,"href":"https:\/\/buletin.de\/bucuresti\/wp-json\/wp\/v2\/posts\/170270\/revisions"}],"predecessor-version":[{"id":170327,"href":"https:\/\/buletin.de\/bucuresti\/wp-json\/wp\/v2\/posts\/170270\/revisions\/170327"}],"wp:featuredmedia":[{"embeddable":true,"href":"https:\/\/buletin.de\/bucuresti\/wp-json\/wp\/v2\/media\/170272"}],"wp:attachment":[{"href":"https:\/\/buletin.de\/bucuresti\/wp-json\/wp\/v2\/media?parent=170270"}],"wp:term":[{"taxonomy":"category","embeddable":true,"href":"https:\/\/buletin.de\/bucuresti\/wp-json\/wp\/v2\/categories?post=170270"},{"taxonomy":"post_tag","embeddable":true,"href":"https:\/\/buletin.de\/bucuresti\/wp-json\/wp\/v2\/tags?post=170270"},{"taxonomy":"author","embeddable":true,"href":"https:\/\/buletin.de\/bucuresti\/wp-json\/wp\/v2\/ppma_author?post=170270"}],"curies":[{"name":"wp","href":"https:\/\/api.w.org\/{rel}","templated":true}]}}