{"id":170247,"date":"2026-01-30T04:41:00","date_gmt":"2026-01-30T01:41:00","guid":{"rendered":"https:\/\/buletin.de\/bucuresti\/?p=170247"},"modified":"2026-01-30T07:49:49","modified_gmt":"2026-01-30T04:49:49","slug":"harta-blocurilor-instrument-util-pentru-bucurestenii-care-isi-cauta-apartamente-care-este-zona-rosie","status":"publish","type":"post","link":"https:\/\/buletin.de\/bucuresti\/harta-blocurilor-instrument-util-pentru-bucurestenii-care-isi-cauta-apartamente-care-este-zona-rosie\/","title":{"rendered":"Harta Blocurilor, instrument util pentru bucure\u0219tenii care \u00ee\u0219i caut\u0103 apartamente. Unde este \u201ezona ro\u0219ie\u201c"},"content":{"rendered":"\n<p><strong>C\u0103utarea unui apartament \u00een Bucure\u0219ti poate fi o adev\u0103rat\u0103 \u00eencercare, \u00een special din cauza num\u0103rul mare de cl\u0103diri cu risc seismic. \u00cen acest context, un instrument util pentru cei afla\u021bi \u00een c\u0103utarea unei locuin\u021be este Harta Blocurilor. Aici sunt adunate informa\u021bii despre mai bine de 9.000 de imobile din Capital\u0103.<\/strong><\/p>\n\n\n\n<p><a href=\"https:\/\/www.hartablocuri.ro\" target=\"_blank\" rel=\"noreferrer noopener\">Harta Blocurilor<\/a> este un proiect realizat de Teolida Mihai, \u00eenceput \u00eenc\u0103 din anul 2018. Proiectul presupune o multitudine de informa\u021bii utile pentru oricine dore\u0219te s\u0103 cumpere sau s\u0103 \u00eenchirieze un apartament \u00een Bucure\u0219ti.<\/p>\n\n\n\n<p>Printre informa\u021biile disponibile pe site-ul Harta Blocurilor se num\u0103r\u0103:<\/p>\n\n\n\n<ul class=\"wp-block-list\">\n<li>Regimul de \u00een\u0103l\u021bime, <\/li>\n\n\n\n<li>Anul de construire, <\/li>\n\n\n\n<li>Num\u0103rul de sc\u0103ri, <\/li>\n\n\n\n<li>Num\u0103rul de apartamente,<\/li>\n\n\n\n<li>Informa\u021bii despre riscul seismic,<\/li>\n\n\n\n<li>Anul finaliz\u0103rii cl\u0103dirii.<\/li>\n<\/ul>\n\n\n\n<p>Exist\u0103 detalii at\u00e2t despre imobilele din Capital\u0103, c\u00e2t \u0219i din alte ora\u0219e ale Rom\u00e2niei.<\/p>\n\n\n\n<p>\u00cen plus, la nivelul Capitalei, cele mai multe blocuri cu risc seismic se afl\u0103 \u00een zona central\u0103. Pe Calea Victoriei, Calea Mo\u0219ilor, Bulevardul Carol sau Splaiul Independen\u021bei, exist\u0103 un num\u0103r mare de cl\u0103diri \u00eencadrate \u00een clasele de risc R1, R2, U1 \u0219i U2.<\/p>\n\n\n\n<figure class=\"wp-block-image size-large\"><img fetchpriority=\"high\" decoding=\"async\" width=\"1000\" height=\"467\" src=\"data:image\/gif;base64,R0lGODlhAQABAAAAACH5BAEKAAEALAAAAAABAAEAAAICTAEAOw==\" data-src=\"https:\/\/buletin.de\/bucuresti\/wp-content\/uploads\/2026\/01\/Captura-de-ecran-2026-01-30-062658-1000x467.png\" alt=\"\" class=\"wp-image-170377 lazyload\" data-sizes=\"auto\" data-srcset=\"https:\/\/buletin.de\/bucuresti\/wp-content\/uploads\/2026\/01\/Captura-de-ecran-2026-01-30-062658-1000x467.png 1000w, https:\/\/buletin.de\/bucuresti\/wp-content\/uploads\/2026\/01\/Captura-de-ecran-2026-01-30-062658-300x140.png 300w, https:\/\/buletin.de\/bucuresti\/wp-content\/uploads\/2026\/01\/Captura-de-ecran-2026-01-30-062658-768x358.png 768w, https:\/\/buletin.de\/bucuresti\/wp-content\/uploads\/2026\/01\/Captura-de-ecran-2026-01-30-062658-1536x717.png 1536w, https:\/\/buletin.de\/bucuresti\/wp-content\/uploads\/2026\/01\/Captura-de-ecran-2026-01-30-062658-1100x513.png 1100w, https:\/\/buletin.de\/bucuresti\/wp-content\/uploads\/2026\/01\/Captura-de-ecran-2026-01-30-062658-600x280.png 600w, https:\/\/buletin.de\/bucuresti\/wp-content\/uploads\/2026\/01\/Captura-de-ecran-2026-01-30-062658-20x9.png 20w, https:\/\/buletin.de\/bucuresti\/wp-content\/uploads\/2026\/01\/Captura-de-ecran-2026-01-30-062658.png 1566w\" sizes=\"(max-width: 1000px) 100vw, 1000px\" \/><figcaption class=\"wp-element-caption\">Centrul Capitalei, \u201ero\u0219u&#8221; din cauza imobilelor vechi.<\/figcaption><\/figure>\n\n\n\n<p>Aceste sunt cl\u0103dirile din \u201evechiul Bucure\u0219ti\u201d, unele dintre imobile fiind martore at\u00e2t cutremurului din 1977, c\u00e2t \u0219i a celui din 1940. <\/p>\n\n\n\n<p>Harta Blocurilor se schimb\u0103 c\u0103tre periferia ora\u0219ului, unde cl\u0103dirile cu risc seismic se \u00eempu\u021bineaz\u0103, pentru c\u0103 blocurile din aceste zone sunt, \u00een mare parte, ceva mai noi.<\/p>\n\n\n\n<p><strong>CITE\u0218TI \u0218I <a href=\"https:\/\/buletin.de\/bucuresti\/sector-1-cladirea-fostului-teatru-masca-va-fi-reabilitata-si-modernizata-o-parte-din-spatiu-va-fi-dedicat-unui-muzeu-de-arta-si-stiinta\/\">Sector 1 | Cl\u0103direa fostului teatru Masca va fi reabilitat\u0103 \u0219i modernizat\u0103. O parte din spa\u021biu va fi dedicat unui Muzeu de Art\u0103 \u0219i \u0218tiin\u021b\u0103&nbsp;<\/a><br><\/strong><\/p>\n\n\n\n<h2 class=\"wp-block-heading\" id=\"h-sute-de-cladiri-incadrate-in-clasa-i-de-risc-seismic\">Sute de cl\u0103diri, \u00eencadrate \u00een clasa I de risc seismic<\/h2>\n\n\n\n<p>Potrivit informa\u021biilor oficiale, publicate la finalul anului 2025 de c\u0103tre Prim\u0103ria Capitalei, \u00een Bucure\u0219ti exist\u0103 un total de 411 imobile ce sunt \u00eencadrate \u00een clasa de risc seismic I. Acestora li se al\u0103tur\u0103 \u0219i cele care sunt \u00eencadrate \u00een alte clase de risc, dar \u0219i cele neexpertizate. Asta \u00een contextul \u00een care proiectele \u00een desf\u0103\u0219urare a prim\u0103riei de reabilitare a \u201ecl\u0103dirilor pericol public&#8221; pare ca bat pasul pe loc <\/p>\n\n\n\n<h2 class=\"wp-block-heading\" id=\"h-blocul-cire\u0219ica-intra-in-consolidare\">Blocul \u201eCire\u0219ica\u201d intr\u0103 \u00een consolidare <\/h2>\n\n\n\n<p>Unul dintrer imobilele care se afl\u0103 \u00een clasa de risc seismic I \u0219i care ar urma s\u0103 intre \u00een \u0219antier este situat pe Calea Victoriei 101. Regimul de \u00een\u0103l\u021bime este S+P+9+Mansard\u0103. Aici exist\u0103 un total de 79 de apartamente, iar pe l\u00e2ng\u0103 acestea exist\u0103 \u0219i spa\u021bii comerciale.<\/p>\n\n\n\n<p>\u00cen decembrie, Administra\u021bia Municipal\u0103 pentru Consolidarea Cl\u0103dirilor cu Risc Seismic (AMCCRS) a atribuit un\u00a0<a href=\"https:\/\/e-licitatie.ro\/pub\/notices\/ca-notices\/view-c\/100596377\">contract<\/a>\u00a0de aproape 29 de milioane de lei, adic\u0103 aproape 6 milioane de euro.<\/p>\n\n\n\n<p>Lucr\u0103rile pentru punerea \u00een siguran\u021b\u0103 a blocului aflat \u00een centrul ora\u0219ului sunt complexe iar durata contractual\u0103 pentru acest imobil este de doi ani. <\/p>\n\n\n\n<p>Potrivit <a href=\"http:\/\/www.efehr.org\/Earthquake-risk\/risk-map\/\" target=\"_blank\" rel=\"noreferrer noopener\">European Facilities for Earthquake Hazard and Rick<\/a>, <mark style=\"background-color:rgba(0, 0, 0, 0)\" class=\"has-inline-color has-vivid-red-color\"><strong>Bucure\u0219tiul se num\u0103r\u0103 printre ora\u0219ele cu cel mai mare risc la cutremur. <\/strong><\/mark>Pe list\u0103 se mai afl\u0103 ora\u0219e din Turcia (Istanbul, Izmir), din Italia (Catania, Napoli) \u0219i din Grecia (Atena).<\/p>\n\n\n\n<p><strong>CITE\u0218TE \u0218I <a href=\"https:\/\/buletin.de\/bucuresti\/un-bloc-de-locuinte-din-secolul-xx-de-pe-calea-victoriei-cu-risc-seismic-ridicat-intra-in-consolidare-pentru-doi-ani-contractul-ajunge-la-aproape-6-milioane-de-euroun-bloc-interbelic-de-pe-calea-victo\/\">Un bloc interbelic de pe Calea Victoriei, cu risc seismic ridicat, intr\u0103 \u00een consolidare pentru doi ani. Contractul ajunge la aproape 6 milioane de euro&nbsp;<\/a><br><\/strong><br><\/p>\n\n\n\n<p><\/p>\n","protected":false},"excerpt":{"rendered":"<p>C\u0103utarea unui apartament \u00een Bucure\u0219ti poate fi o adev\u0103rat\u0103 \u00eencercare, \u00een special din cauza num\u0103rul mare de cl\u0103diri cu risc seismic. \u00cen acest context, un instrument util pentru cei afla\u021bi \u00een c\u0103utarea unei locuin\u021be este Harta Blocurilor. Aici sunt adunate informa\u021bii despre mai bine de 9.000 de imobile din Capital\u0103. Harta Blocurilor este un proiect [&hellip;]<\/p>\n","protected":false},"author":66,"featured_media":152574,"comment_status":"closed","ping_status":"open","sticky":false,"template":"","format":"standard","meta":{"_acf_changed":false,"inline_featured_image":false,"ngg_post_thumbnail":0,"footnotes":""},"categories":[6994,5762,24],"tags":[2063,9216,626,26116,245],"ppma_author":[26103],"class_list":["post-170247","post","type-post","status-publish","format-standard","has-post-thumbnail","hentry","category-stiri-2","category-main","category-primarie","tag-bucuresti-2","tag-cladiri-2","tag-cutremur","tag-harta-blocurilor","tag-risc-seismic"],"acf":[],"yoast_head":"<!-- This site is optimized with the Yoast SEO Premium plugin v25.3 (Yoast SEO v27.5) - https:\/\/yoast.com\/product\/yoast-seo-premium-wordpress\/ -->\n<title>Harta Blocurilor, instrument util pentru bucure\u0219tenii care \u00ee\u0219i caut\u0103 apartamente. Unde este \u201ezona ro\u0219ie\u201c - Buletin de Bucure\u0219ti<\/title>\n<meta name=\"description\" content=\"C\u0103utarea unui apartament \u00een Bucure\u0219ti poate fi o adev\u0103rat\u0103 \u00eencercare, \u00een special din cauza num\u0103rul mare de cl\u0103diri cu risc seismic.\" \/>\n<meta name=\"robots\" content=\"index, follow, max-snippet:-1, max-image-preview:large, max-video-preview:-1\" \/>\n<link rel=\"canonical\" href=\"https:\/\/buletin.de\/bucuresti\/harta-blocurilor-instrument-util-pentru-bucurestenii-care-isi-cauta-apartamente-care-este-zona-rosie\/\" \/>\n<meta property=\"og:locale\" content=\"en_GB\" \/>\n<meta property=\"og:type\" content=\"article\" \/>\n<meta property=\"og:title\" content=\"Harta Blocurilor, instrument util pentru bucure\u0219tenii care \u00ee\u0219i caut\u0103 apartamente. Unde este \u201ezona ro\u0219ie\u201c\" \/>\n<meta property=\"og:description\" content=\"C\u0103utarea unui apartament \u00een Bucure\u0219ti poate fi o adev\u0103rat\u0103 \u00eencercare, \u00een special din cauza num\u0103rul mare de cl\u0103diri cu risc seismic.\" \/>\n<meta property=\"og:url\" content=\"https:\/\/buletin.de\/bucuresti\/harta-blocurilor-instrument-util-pentru-bucurestenii-care-isi-cauta-apartamente-care-este-zona-rosie\/\" \/>\n<meta property=\"og:site_name\" content=\"Buletin de Bucure\u0219ti\" \/>\n<meta property=\"article:publisher\" content=\"https:\/\/www.facebook.com\/buletin.de.buc\" \/>\n<meta property=\"article:published_time\" content=\"2026-01-30T01:41:00+00:00\" \/>\n<meta property=\"article:modified_time\" content=\"2026-01-30T04:49:49+00:00\" \/>\n<meta property=\"og:image\" content=\"https:\/\/buletin.de\/bucuresti\/wp-content\/uploads\/2025\/10\/565874463_122168955194596509_7748227940877005764_n.jpg\" \/>\n\t<meta property=\"og:image:width\" content=\"1372\" \/>\n\t<meta property=\"og:image:height\" content=\"816\" \/>\n\t<meta property=\"og:image:type\" content=\"image\/jpeg\" \/>\n<meta name=\"author\" content=\"Deniz Garguli\" \/>\n<meta name=\"twitter:card\" content=\"summary_large_image\" \/>\n<meta name=\"twitter:label1\" content=\"Written by\" \/>\n\t<meta name=\"twitter:data1\" content=\"Deniz Garguli\" \/>\n\t<meta name=\"twitter:label2\" content=\"Estimated reading time\" \/>\n\t<meta name=\"twitter:data2\" content=\"3 minutes\" \/>\n<script type=\"application\/ld+json\" class=\"yoast-schema-graph\">{\"@context\":\"https:\\\/\\\/schema.org\",\"@graph\":[{\"@type\":\"Article\",\"@id\":\"https:\\\/\\\/buletin.de\\\/bucuresti\\\/harta-blocurilor-instrument-util-pentru-bucurestenii-care-isi-cauta-apartamente-care-este-zona-rosie\\\/#article\",\"isPartOf\":{\"@id\":\"https:\\\/\\\/buletin.de\\\/bucuresti\\\/harta-blocurilor-instrument-util-pentru-bucurestenii-care-isi-cauta-apartamente-care-este-zona-rosie\\\/\"},\"author\":{\"name\":\"Deniz Garguli\",\"@id\":\"https:\\\/\\\/buletin.de\\\/bucuresti\\\/#\\\/schema\\\/person\\\/8badd0805392c02e16b744e0d5cd3625\"},\"headline\":\"Harta Blocurilor, instrument util pentru bucure\u0219tenii care \u00ee\u0219i caut\u0103 apartamente. Unde este \u201ezona ro\u0219ie\u201c\",\"datePublished\":\"2026-01-30T01:41:00+00:00\",\"dateModified\":\"2026-01-30T04:49:49+00:00\",\"mainEntityOfPage\":{\"@id\":\"https:\\\/\\\/buletin.de\\\/bucuresti\\\/harta-blocurilor-instrument-util-pentru-bucurestenii-care-isi-cauta-apartamente-care-este-zona-rosie\\\/\"},\"wordCount\":569,\"publisher\":{\"@id\":\"https:\\\/\\\/buletin.de\\\/bucuresti\\\/#organization\"},\"image\":{\"@id\":\"https:\\\/\\\/buletin.de\\\/bucuresti\\\/harta-blocurilor-instrument-util-pentru-bucurestenii-care-isi-cauta-apartamente-care-este-zona-rosie\\\/#primaryimage\"},\"thumbnailUrl\":\"https:\\\/\\\/buletin.de\\\/bucuresti\\\/wp-content\\\/uploads\\\/2025\\\/10\\\/565874463_122168955194596509_7748227940877005764_n.jpg\",\"keywords\":[\"Bucure\u0219ti\",\"Cl\u0103diri\",\"Cutremur\",\"Harta Blocurilor\",\"risc seismic\"],\"articleSection\":[\"Articole\",\"Main\",\"Prim\u0103rie\"],\"inLanguage\":\"en-GB\",\"copyrightYear\":\"2026\",\"copyrightHolder\":{\"@id\":\"https:\\\/\\\/buletin.de\\\/bucuresti\\\/#organization\"}},{\"@type\":\"WebPage\",\"@id\":\"https:\\\/\\\/buletin.de\\\/bucuresti\\\/harta-blocurilor-instrument-util-pentru-bucurestenii-care-isi-cauta-apartamente-care-este-zona-rosie\\\/\",\"url\":\"https:\\\/\\\/buletin.de\\\/bucuresti\\\/harta-blocurilor-instrument-util-pentru-bucurestenii-care-isi-cauta-apartamente-care-este-zona-rosie\\\/\",\"name\":\"Harta Blocurilor, instrument util pentru bucure\u0219tenii care \u00ee\u0219i caut\u0103 apartamente. Unde este \u201ezona ro\u0219ie\u201c - Buletin de Bucure\u0219ti\",\"isPartOf\":{\"@id\":\"https:\\\/\\\/buletin.de\\\/bucuresti\\\/#website\"},\"primaryImageOfPage\":{\"@id\":\"https:\\\/\\\/buletin.de\\\/bucuresti\\\/harta-blocurilor-instrument-util-pentru-bucurestenii-care-isi-cauta-apartamente-care-este-zona-rosie\\\/#primaryimage\"},\"image\":{\"@id\":\"https:\\\/\\\/buletin.de\\\/bucuresti\\\/harta-blocurilor-instrument-util-pentru-bucurestenii-care-isi-cauta-apartamente-care-este-zona-rosie\\\/#primaryimage\"},\"thumbnailUrl\":\"https:\\\/\\\/buletin.de\\\/bucuresti\\\/wp-content\\\/uploads\\\/2025\\\/10\\\/565874463_122168955194596509_7748227940877005764_n.jpg\",\"datePublished\":\"2026-01-30T01:41:00+00:00\",\"dateModified\":\"2026-01-30T04:49:49+00:00\",\"description\":\"C\u0103utarea unui apartament \u00een Bucure\u0219ti poate fi o adev\u0103rat\u0103 \u00eencercare, \u00een special din cauza num\u0103rul mare de cl\u0103diri cu risc seismic.\",\"breadcrumb\":{\"@id\":\"https:\\\/\\\/buletin.de\\\/bucuresti\\\/harta-blocurilor-instrument-util-pentru-bucurestenii-care-isi-cauta-apartamente-care-este-zona-rosie\\\/#breadcrumb\"},\"inLanguage\":\"en-GB\",\"potentialAction\":[{\"@type\":\"ReadAction\",\"target\":[\"https:\\\/\\\/buletin.de\\\/bucuresti\\\/harta-blocurilor-instrument-util-pentru-bucurestenii-care-isi-cauta-apartamente-care-este-zona-rosie\\\/\"]}]},{\"@type\":\"ImageObject\",\"inLanguage\":\"en-GB\",\"@id\":\"https:\\\/\\\/buletin.de\\\/bucuresti\\\/harta-blocurilor-instrument-util-pentru-bucurestenii-care-isi-cauta-apartamente-care-este-zona-rosie\\\/#primaryimage\",\"url\":\"https:\\\/\\\/buletin.de\\\/bucuresti\\\/wp-content\\\/uploads\\\/2025\\\/10\\\/565874463_122168955194596509_7748227940877005764_n.jpg\",\"contentUrl\":\"https:\\\/\\\/buletin.de\\\/bucuresti\\\/wp-content\\\/uploads\\\/2025\\\/10\\\/565874463_122168955194596509_7748227940877005764_n.jpg\",\"width\":1372,\"height\":816,\"caption\":\"Harta Blocurilor, instrument util pentru bucure\u0219tenii care \u00ee\u0219i caut\u0103 apartamente. Unde se afl\u0103 cele mai multe imobile cu risc seismic. Foto: Facebook - PS1\"},{\"@type\":\"BreadcrumbList\",\"@id\":\"https:\\\/\\\/buletin.de\\\/bucuresti\\\/harta-blocurilor-instrument-util-pentru-bucurestenii-care-isi-cauta-apartamente-care-este-zona-rosie\\\/#breadcrumb\",\"itemListElement\":[{\"@type\":\"ListItem\",\"position\":1,\"name\":\"Acas\u0103\",\"item\":\"https:\\\/\\\/buletin.de\\\/bucuresti\\\/\"},{\"@type\":\"ListItem\",\"position\":2,\"name\":\"Harta Blocurilor, instrument util pentru bucure\u0219tenii care \u00ee\u0219i caut\u0103 apartamente. Unde este \u201ezona ro\u0219ie\u201c\"}]},{\"@type\":\"WebSite\",\"@id\":\"https:\\\/\\\/buletin.de\\\/bucuresti\\\/#website\",\"url\":\"https:\\\/\\\/buletin.de\\\/bucuresti\\\/\",\"name\":\"Buletin de Bucure\u0219ti\",\"description\":\"\u0218tiri \u0219i investiga\u021bii esen\u021biale din capital\u0103\",\"publisher\":{\"@id\":\"https:\\\/\\\/buletin.de\\\/bucuresti\\\/#organization\"},\"potentialAction\":[{\"@type\":\"SearchAction\",\"target\":{\"@type\":\"EntryPoint\",\"urlTemplate\":\"https:\\\/\\\/buletin.de\\\/bucuresti\\\/?s={search_term_string}\"},\"query-input\":{\"@type\":\"PropertyValueSpecification\",\"valueRequired\":true,\"valueName\":\"search_term_string\"}}],\"inLanguage\":\"en-GB\"},{\"@type\":\"Organization\",\"@id\":\"https:\\\/\\\/buletin.de\\\/bucuresti\\\/#organization\",\"name\":\"Buletin de Bucure\u0219ti\",\"url\":\"https:\\\/\\\/buletin.de\\\/bucuresti\\\/\",\"logo\":{\"@type\":\"ImageObject\",\"inLanguage\":\"en-GB\",\"@id\":\"https:\\\/\\\/buletin.de\\\/bucuresti\\\/#\\\/schema\\\/logo\\\/image\\\/\",\"url\":\"https:\\\/\\\/buletin.de\\\/bucuresti\\\/wp-content\\\/uploads\\\/logo-bdb-full-wide-vernil-transparent.png\",\"contentUrl\":\"https:\\\/\\\/buletin.de\\\/bucuresti\\\/wp-content\\\/uploads\\\/logo-bdb-full-wide-vernil-transparent.png\",\"width\":1782,\"height\":626,\"caption\":\"Buletin de Bucure\u0219ti\"},\"image\":{\"@id\":\"https:\\\/\\\/buletin.de\\\/bucuresti\\\/#\\\/schema\\\/logo\\\/image\\\/\"},\"sameAs\":[\"https:\\\/\\\/www.facebook.com\\\/buletin.de.buc\",\"https:\\\/\\\/www.instagram.com\\\/buletinde.bucuresti\\\/\"]},{\"@type\":\"Person\",\"@id\":\"https:\\\/\\\/buletin.de\\\/bucuresti\\\/#\\\/schema\\\/person\\\/8badd0805392c02e16b744e0d5cd3625\",\"name\":\"Deniz Garguli\",\"image\":{\"@type\":\"ImageObject\",\"inLanguage\":\"en-GB\",\"@id\":\"https:\\\/\\\/buletin.de\\\/bucuresti\\\/wp-content\\\/uploads\\\/2026\\\/01\\\/79b44b20-a270-4ee6-afb3-fdf3c7ef7782-96x96.jpege2491ce6d396dbf7c1362e9ef046c803\",\"url\":\"https:\\\/\\\/buletin.de\\\/bucuresti\\\/wp-content\\\/uploads\\\/2026\\\/01\\\/79b44b20-a270-4ee6-afb3-fdf3c7ef7782-96x96.jpeg\",\"contentUrl\":\"https:\\\/\\\/buletin.de\\\/bucuresti\\\/wp-content\\\/uploads\\\/2026\\\/01\\\/79b44b20-a270-4ee6-afb3-fdf3c7ef7782-96x96.jpeg\",\"caption\":\"Deniz Garguli\"},\"description\":\"N\u0103scut\u0103 \u0219i crescut\u0103 \u00een Capital\u0103, dorin\u021ba de a fi la curent cu tot ce se \u00eent\u00e2mpl\u0103 \u00een Bucure\u0219ti a \u00eempins-o c\u0103tre pres\u0103, mai cu seam\u0103 c\u0103tre cea local\u0103. A lucrat vreme de patru ani la B365, unde s-a ocupat de \u0219tiri despre ora\u0219 \u0219i oamenii care locuiesc \u00een el. Din 2026 s-a al\u0103turat echipei Buletin de Bucure\u0219ti.\",\"url\":\"https:\\\/\\\/buletin.de\\\/bucuresti\\\/author\\\/deniz-garguli\\\/\"}]}<\/script>\n<!-- \/ Yoast SEO Premium plugin. -->","yoast_head_json":{"title":"Harta Blocurilor, instrument util pentru bucure\u0219tenii care \u00ee\u0219i caut\u0103 apartamente. Unde este \u201ezona ro\u0219ie\u201c - Buletin de Bucure\u0219ti","description":"C\u0103utarea unui apartament \u00een Bucure\u0219ti poate fi o adev\u0103rat\u0103 \u00eencercare, \u00een special din cauza num\u0103rul mare de cl\u0103diri cu risc seismic.","robots":{"index":"index","follow":"follow","max-snippet":"max-snippet:-1","max-image-preview":"max-image-preview:large","max-video-preview":"max-video-preview:-1"},"canonical":"https:\/\/buletin.de\/bucuresti\/harta-blocurilor-instrument-util-pentru-bucurestenii-care-isi-cauta-apartamente-care-este-zona-rosie\/","og_locale":"en_GB","og_type":"article","og_title":"Harta Blocurilor, instrument util pentru bucure\u0219tenii care \u00ee\u0219i caut\u0103 apartamente. Unde este \u201ezona ro\u0219ie\u201c","og_description":"C\u0103utarea unui apartament \u00een Bucure\u0219ti poate fi o adev\u0103rat\u0103 \u00eencercare, \u00een special din cauza num\u0103rul mare de cl\u0103diri cu risc seismic.","og_url":"https:\/\/buletin.de\/bucuresti\/harta-blocurilor-instrument-util-pentru-bucurestenii-care-isi-cauta-apartamente-care-este-zona-rosie\/","og_site_name":"Buletin de Bucure\u0219ti","article_publisher":"https:\/\/www.facebook.com\/buletin.de.buc","article_published_time":"2026-01-30T01:41:00+00:00","article_modified_time":"2026-01-30T04:49:49+00:00","og_image":[{"width":1372,"height":816,"url":"https:\/\/buletin.de\/bucuresti\/wp-content\/uploads\/2025\/10\/565874463_122168955194596509_7748227940877005764_n.jpg","type":"image\/jpeg"}],"author":"Deniz Garguli","twitter_card":"summary_large_image","twitter_misc":{"Written by":"Deniz Garguli","Estimated reading time":"3 minutes"},"schema":{"@context":"https:\/\/schema.org","@graph":[{"@type":"Article","@id":"https:\/\/buletin.de\/bucuresti\/harta-blocurilor-instrument-util-pentru-bucurestenii-care-isi-cauta-apartamente-care-este-zona-rosie\/#article","isPartOf":{"@id":"https:\/\/buletin.de\/bucuresti\/harta-blocurilor-instrument-util-pentru-bucurestenii-care-isi-cauta-apartamente-care-este-zona-rosie\/"},"author":{"name":"Deniz Garguli","@id":"https:\/\/buletin.de\/bucuresti\/#\/schema\/person\/8badd0805392c02e16b744e0d5cd3625"},"headline":"Harta Blocurilor, instrument util pentru bucure\u0219tenii care \u00ee\u0219i caut\u0103 apartamente. Unde este \u201ezona ro\u0219ie\u201c","datePublished":"2026-01-30T01:41:00+00:00","dateModified":"2026-01-30T04:49:49+00:00","mainEntityOfPage":{"@id":"https:\/\/buletin.de\/bucuresti\/harta-blocurilor-instrument-util-pentru-bucurestenii-care-isi-cauta-apartamente-care-este-zona-rosie\/"},"wordCount":569,"publisher":{"@id":"https:\/\/buletin.de\/bucuresti\/#organization"},"image":{"@id":"https:\/\/buletin.de\/bucuresti\/harta-blocurilor-instrument-util-pentru-bucurestenii-care-isi-cauta-apartamente-care-este-zona-rosie\/#primaryimage"},"thumbnailUrl":"https:\/\/buletin.de\/bucuresti\/wp-content\/uploads\/2025\/10\/565874463_122168955194596509_7748227940877005764_n.jpg","keywords":["Bucure\u0219ti","Cl\u0103diri","Cutremur","Harta Blocurilor","risc seismic"],"articleSection":["Articole","Main","Prim\u0103rie"],"inLanguage":"en-GB","copyrightYear":"2026","copyrightHolder":{"@id":"https:\/\/buletin.de\/bucuresti\/#organization"}},{"@type":"WebPage","@id":"https:\/\/buletin.de\/bucuresti\/harta-blocurilor-instrument-util-pentru-bucurestenii-care-isi-cauta-apartamente-care-este-zona-rosie\/","url":"https:\/\/buletin.de\/bucuresti\/harta-blocurilor-instrument-util-pentru-bucurestenii-care-isi-cauta-apartamente-care-este-zona-rosie\/","name":"Harta Blocurilor, instrument util pentru bucure\u0219tenii care \u00ee\u0219i caut\u0103 apartamente. Unde este \u201ezona ro\u0219ie\u201c - Buletin de Bucure\u0219ti","isPartOf":{"@id":"https:\/\/buletin.de\/bucuresti\/#website"},"primaryImageOfPage":{"@id":"https:\/\/buletin.de\/bucuresti\/harta-blocurilor-instrument-util-pentru-bucurestenii-care-isi-cauta-apartamente-care-este-zona-rosie\/#primaryimage"},"image":{"@id":"https:\/\/buletin.de\/bucuresti\/harta-blocurilor-instrument-util-pentru-bucurestenii-care-isi-cauta-apartamente-care-este-zona-rosie\/#primaryimage"},"thumbnailUrl":"https:\/\/buletin.de\/bucuresti\/wp-content\/uploads\/2025\/10\/565874463_122168955194596509_7748227940877005764_n.jpg","datePublished":"2026-01-30T01:41:00+00:00","dateModified":"2026-01-30T04:49:49+00:00","description":"C\u0103utarea unui apartament \u00een Bucure\u0219ti poate fi o adev\u0103rat\u0103 \u00eencercare, \u00een special din cauza num\u0103rul mare de cl\u0103diri cu risc seismic.","breadcrumb":{"@id":"https:\/\/buletin.de\/bucuresti\/harta-blocurilor-instrument-util-pentru-bucurestenii-care-isi-cauta-apartamente-care-este-zona-rosie\/#breadcrumb"},"inLanguage":"en-GB","potentialAction":[{"@type":"ReadAction","target":["https:\/\/buletin.de\/bucuresti\/harta-blocurilor-instrument-util-pentru-bucurestenii-care-isi-cauta-apartamente-care-este-zona-rosie\/"]}]},{"@type":"ImageObject","inLanguage":"en-GB","@id":"https:\/\/buletin.de\/bucuresti\/harta-blocurilor-instrument-util-pentru-bucurestenii-care-isi-cauta-apartamente-care-este-zona-rosie\/#primaryimage","url":"https:\/\/buletin.de\/bucuresti\/wp-content\/uploads\/2025\/10\/565874463_122168955194596509_7748227940877005764_n.jpg","contentUrl":"https:\/\/buletin.de\/bucuresti\/wp-content\/uploads\/2025\/10\/565874463_122168955194596509_7748227940877005764_n.jpg","width":1372,"height":816,"caption":"Harta Blocurilor, instrument util pentru bucure\u0219tenii care \u00ee\u0219i caut\u0103 apartamente. Unde se afl\u0103 cele mai multe imobile cu risc seismic. Foto: Facebook - PS1"},{"@type":"BreadcrumbList","@id":"https:\/\/buletin.de\/bucuresti\/harta-blocurilor-instrument-util-pentru-bucurestenii-care-isi-cauta-apartamente-care-este-zona-rosie\/#breadcrumb","itemListElement":[{"@type":"ListItem","position":1,"name":"Acas\u0103","item":"https:\/\/buletin.de\/bucuresti\/"},{"@type":"ListItem","position":2,"name":"Harta Blocurilor, instrument util pentru bucure\u0219tenii care \u00ee\u0219i caut\u0103 apartamente. Unde este \u201ezona ro\u0219ie\u201c"}]},{"@type":"WebSite","@id":"https:\/\/buletin.de\/bucuresti\/#website","url":"https:\/\/buletin.de\/bucuresti\/","name":"Buletin de Bucure\u0219ti","description":"\u0218tiri \u0219i investiga\u021bii esen\u021biale din capital\u0103","publisher":{"@id":"https:\/\/buletin.de\/bucuresti\/#organization"},"potentialAction":[{"@type":"SearchAction","target":{"@type":"EntryPoint","urlTemplate":"https:\/\/buletin.de\/bucuresti\/?s={search_term_string}"},"query-input":{"@type":"PropertyValueSpecification","valueRequired":true,"valueName":"search_term_string"}}],"inLanguage":"en-GB"},{"@type":"Organization","@id":"https:\/\/buletin.de\/bucuresti\/#organization","name":"Buletin de Bucure\u0219ti","url":"https:\/\/buletin.de\/bucuresti\/","logo":{"@type":"ImageObject","inLanguage":"en-GB","@id":"https:\/\/buletin.de\/bucuresti\/#\/schema\/logo\/image\/","url":"https:\/\/buletin.de\/bucuresti\/wp-content\/uploads\/logo-bdb-full-wide-vernil-transparent.png","contentUrl":"https:\/\/buletin.de\/bucuresti\/wp-content\/uploads\/logo-bdb-full-wide-vernil-transparent.png","width":1782,"height":626,"caption":"Buletin de Bucure\u0219ti"},"image":{"@id":"https:\/\/buletin.de\/bucuresti\/#\/schema\/logo\/image\/"},"sameAs":["https:\/\/www.facebook.com\/buletin.de.buc","https:\/\/www.instagram.com\/buletinde.bucuresti\/"]},{"@type":"Person","@id":"https:\/\/buletin.de\/bucuresti\/#\/schema\/person\/8badd0805392c02e16b744e0d5cd3625","name":"Deniz Garguli","image":{"@type":"ImageObject","inLanguage":"en-GB","@id":"https:\/\/buletin.de\/bucuresti\/wp-content\/uploads\/2026\/01\/79b44b20-a270-4ee6-afb3-fdf3c7ef7782-96x96.jpege2491ce6d396dbf7c1362e9ef046c803","url":"https:\/\/buletin.de\/bucuresti\/wp-content\/uploads\/2026\/01\/79b44b20-a270-4ee6-afb3-fdf3c7ef7782-96x96.jpeg","contentUrl":"https:\/\/buletin.de\/bucuresti\/wp-content\/uploads\/2026\/01\/79b44b20-a270-4ee6-afb3-fdf3c7ef7782-96x96.jpeg","caption":"Deniz Garguli"},"description":"N\u0103scut\u0103 \u0219i crescut\u0103 \u00een Capital\u0103, dorin\u021ba de a fi la curent cu tot ce se \u00eent\u00e2mpl\u0103 \u00een Bucure\u0219ti a \u00eempins-o c\u0103tre pres\u0103, mai cu seam\u0103 c\u0103tre cea local\u0103. A lucrat vreme de patru ani la B365, unde s-a ocupat de \u0219tiri despre ora\u0219 \u0219i oamenii care locuiesc \u00een el. Din 2026 s-a al\u0103turat echipei Buletin de Bucure\u0219ti.","url":"https:\/\/buletin.de\/bucuresti\/author\/deniz-garguli\/"}]}},"authors":[{"term_id":26103,"user_id":66,"is_guest":0,"slug":"deniz-garguli","display_name":"Deniz Garguli","avatar_url":"https:\/\/buletin.de\/bucuresti\/wp-content\/uploads\/2026\/01\/79b44b20-a270-4ee6-afb3-fdf3c7ef7782-96x96.jpeg","0":null,"1":"","2":"","3":"","4":"","5":"","6":"","7":"","8":""}],"_links":{"self":[{"href":"https:\/\/buletin.de\/bucuresti\/wp-json\/wp\/v2\/posts\/170247","targetHints":{"allow":["GET"]}}],"collection":[{"href":"https:\/\/buletin.de\/bucuresti\/wp-json\/wp\/v2\/posts"}],"about":[{"href":"https:\/\/buletin.de\/bucuresti\/wp-json\/wp\/v2\/types\/post"}],"author":[{"embeddable":true,"href":"https:\/\/buletin.de\/bucuresti\/wp-json\/wp\/v2\/users\/66"}],"replies":[{"embeddable":true,"href":"https:\/\/buletin.de\/bucuresti\/wp-json\/wp\/v2\/comments?post=170247"}],"version-history":[{"count":13,"href":"https:\/\/buletin.de\/bucuresti\/wp-json\/wp\/v2\/posts\/170247\/revisions"}],"predecessor-version":[{"id":170400,"href":"https:\/\/buletin.de\/bucuresti\/wp-json\/wp\/v2\/posts\/170247\/revisions\/170400"}],"wp:featuredmedia":[{"embeddable":true,"href":"https:\/\/buletin.de\/bucuresti\/wp-json\/wp\/v2\/media\/152574"}],"wp:attachment":[{"href":"https:\/\/buletin.de\/bucuresti\/wp-json\/wp\/v2\/media?parent=170247"}],"wp:term":[{"taxonomy":"category","embeddable":true,"href":"https:\/\/buletin.de\/bucuresti\/wp-json\/wp\/v2\/categories?post=170247"},{"taxonomy":"post_tag","embeddable":true,"href":"https:\/\/buletin.de\/bucuresti\/wp-json\/wp\/v2\/tags?post=170247"},{"taxonomy":"author","embeddable":true,"href":"https:\/\/buletin.de\/bucuresti\/wp-json\/wp\/v2\/ppma_author?post=170247"}],"curies":[{"name":"wp","href":"https:\/\/api.w.org\/{rel}","templated":true}]}}