{"id":170228,"date":"2026-01-30T06:00:00","date_gmt":"2026-01-30T03:00:00","guid":{"rendered":"https:\/\/buletin.de\/bucuresti\/?p=170228"},"modified":"2026-01-30T09:16:29","modified_gmt":"2026-01-30T06:16:29","slug":"primaria-sectorului-6-amenajeaza-spatii-pentru-comerciantii-care-vor-sa-vanda-martisoare","status":"publish","type":"post","link":"https:\/\/buletin.de\/bucuresti\/primaria-sectorului-6-amenajeaza-spatii-pentru-comerciantii-care-vor-sa-vanda-martisoare\/","title":{"rendered":"Prim\u0103ria Sectorului 6 amenajeaz\u0103 spa\u021bii pentru comercian\u021bii care vor s\u0103 v\u00e2nd\u0103 m\u0103r\u021bi\u0219oare"},"content":{"rendered":"\n<p><strong>Comercian\u021bii care vor s\u0103 v\u00e2nd\u0103 m\u0103r\u021bi\u0219oare vor avea la dispozi\u021bie spa\u021bii special amenajate, \u00een Sectorul 6. \u00cen perioada 14 februarie \u2013 9 martie, ace\u0219tia trebuie s\u0103 aib\u0103 un aviz comercial pentru produse sezoniere.<\/strong><\/p>\n\n\n\n<p>Spa\u021biile comerciale vor fi amenajate \u00een \u0219ase loca\u021bii, au suprafe\u021be \u00eentre 4 \u0219i 6 mp, iar pre\u021burile variaz\u0103 \u00eentre 370 \u0219i 552 lei.&nbsp;<\/p>\n\n\n\n<p><a href=\"https:\/\/administratiacomerciala6.ro\/comercial_primariesector6\/sites\/default\/files\/inline-files\/Cr%C3%A2nga%C8%99i_0.pdf\">Parcare Cr\u00e2nga\u0219i<\/a>&nbsp;\u2013 20 de locuri, cu suprafa\u021ba de 6 mp\/loc, pre\u021b 552 lei\/loc (TVA inclus);<\/p>\n\n\n\n<p><a href=\"https:\/\/administratiacomerciala6.ro\/comercial_primariesector6\/sites\/default\/files\/inline-files\/Gorjului_1.pdf\">Bd. Iuliu Maniu nr. 138-142 &#8211; Pia\u021ba Gorjului<\/a>&nbsp;\u2013 21 de locuri, cu suprafa\u021ba de 4 mp\/loc, pre\u021b 370 lei\/loc (TVA inclus);<\/p>\n\n\n\n<p><a href=\"https:\/\/administratiacomerciala6.ro\/comercial_primariesector6\/sites\/default\/files\/inline-files\/schi%C8%9Ba_Apusului_0.pdf\">Str. Apusului nr. 50 &#8211; platou Pia\u021ba Apusului<\/a>&nbsp;&#8211; 6 locuri, cu suprafa\u021ba de 6 mp\/loc, pre\u021b 552 lei\/loc (TVA inclus);<\/p>\n\n\n\n<p><a href=\"https:\/\/administratiacomerciala6.ro\/comercial_primariesector6\/sites\/default\/files\/inline-files\/schita_Dr.taberei_Chilia%20Veche_0.pdf\">Str. Drumul Taberei &#8211; Pia\u021ba Chilia Veche<\/a>&nbsp;&#8211; 10 locuri, cu suprafa\u021ba de 6 mp\/loc, pre\u021b 552 lei\/loc (TVA inclus);<\/p>\n\n\n\n<p><a href=\"https:\/\/administratiacomerciala6.ro\/comercial_primariesector6\/sites\/default\/files\/inline-files\/Pia%C8%9Ba%20Dr%20TABEREI.pdf\">Pia\u021ba Drumul Taberei &#8211; ie\u0219ire metrou<\/a>&nbsp;\u2013 8 locuri, cu suprafa\u021ba de 5 mp\/loc, pre\u021b 460 lei\/loc (TVA inclus);<\/p>\n\n\n\n<p><a href=\"https:\/\/administratiacomerciala6.ro\/comercial_primariesector6\/sites\/default\/files\/inline-files\/schita_Orizont_0.pdf\">Pia\u021ba Orizont<\/a>&nbsp;&#8211; 6 locuri, cu suprafa\u021ba de 6 mp\/loc, pre\u021b 552 lei\/loc (TVA inclus).<\/p>\n\n\n\n<p>\u00censcrierile se vor face \u00een intervalul 2 februarie, ora 08:00 \u2013 09 februarie,\u00a0ora\u00a012:00,<strong>\u00a0<\/strong>la adresa email\u00a0<a href=\"mailto:contact@acs6.ro\">contact@acs6.ro<\/a>\u00a0sau personal, la sediul Administra\u021biei Comerciale Sector 6, din \u0218os. Virtu\u0163ii, nr. 148, etaj 1, Sector 6.\u00a0<\/p>\n\n\n\n<ol class=\"wp-block-list\"><\/ol>\n\n\n\n<p><strong>&nbsp;CITE\u0218TE \u0218I:<\/strong> <a href=\"https:\/\/buletin.de\/bucuresti\/sector-6-primaria-suprailumineaza-78-de-treceri-de-pietoni-in-50-de-locatii\/\"><strong>Sector 6 | Prim\u0103ria suprailumineaz\u0103 78 de treceri de pietoni \u00een 50 de loca\u021bii<\/strong><\/a><\/p>\n\n\n\n<h2 class=\"wp-block-heading\" id=\"h-acte-necesare-pentru-comercian\u021bii-care-vor-sa-vanda-mar\u021bi\u0219oare\">Acte necesare pentru comercian\u021bii care vor s\u0103 v\u00e2nd\u0103 m\u0103r\u021bi\u0219oare<\/h2>\n\n\n\n<p><a href=\"https:\/\/administratiacomerciala6.ro\/comercial_primariesector6\/sites\/default\/files\/inline-files\/CERERI%20M%C4%82R%C8%9A%C8%98OARE%202026.docx\">Cererea<\/a>&nbsp;va fi \u00eenso\u021bit\u0103 de urm\u0103toarele documente:<\/p>\n\n\n\n<ul class=\"wp-block-list\">\n<li>Certificatul&nbsp;de \u00eenmatriculare ONRC &#8211; copie certificat\u0103 pentru conformitate;<\/li>\n\n\n\n<li>Certificat&nbsp;constatator&nbsp;detaliat de la&nbsp;Oficiul&nbsp; Registrului&nbsp; Comer\u0163ului &nbsp;<strong>CAEN 4789&nbsp;obligatoriu<\/strong>;<\/li>\n\n\n\n<li>Copie B.I.\/C.I. a reprezentantului legal &#8211; copie certificat\u0103 pentru conformitate;<\/li>\n\n\n\n<li>Copie B.I.\/C.I. \u0219i \u00eemputernicire din partea persoanei juridice dac\u0103 solicitantul nu este reprezentant legal.<\/li>\n<\/ul>\n\n\n\n<p><strong><em>Dac\u0103, pe l\u00e2ng\u0103 cerere, documenta\u021bia nu este complet\u0103, solicitarea nu va fi acceptat\u0103.<\/em><\/strong><\/p>\n\n\n\n<p>Cei care vor sa v\u00e2nd\u0103 m\u0103r\u021bi\u0219oare vor completa cererea cu indicare locului dorit. \u00cen  cazul \u00een care mai multe cereri au indicat acela\u0219i loc, acesta se va atribui locul \u00een ordinea \u00eenregistr\u0103rii cererii. <\/p>\n\n\n\n<p>\u00cen cazul \u00een care nici un loc solicitat nu este disponibil se va proceda la alocarea unui din locurile disponibile \u00een loca\u021bia solicitat\u0103.<\/p>\n\n\n\n<p>Solicitan\u021bii sunt obliga\u021bi s\u0103 de\u021bin\u0103 corturi albe cu \u00eenchidere pe trei laturi:&nbsp;<\/p>\n\n\n\n<ul class=\"wp-block-list\">\n<li>dimensiune 2&#215;3 m pentru loca\u021biile Parcare Cr\u00e2nga\u0219i, Chilia Veche, Pia\u021ba Apusului, Pia\u021ba Orizont,<\/li>\n\n\n\n<li>dimensiune 2&#215;2 m loca\u021bia Pia\u021ba Gorjului \u0219i<\/li>\n\n\n\n<li>dimensiune 2,5 x 2,5 m pentru loca\u021bia Pia\u021ba Drumul Taberei ie\u0219ire Metrou.<\/li>\n<\/ul>\n\n\n\n<p>Comercian\u021bii pot solicita mai mult de un loc de comercializare \u00een fiecare loca\u021bie, pus\u0103 la dispozi\u021bie \u00een limita locurilor disponibile<\/p>\n\n\n\n<p>Locurile de comercializare se acord\u0103 pe principiul primului venit.<\/p>\n\n\n\n<p><strong>&nbsp;CITE\u0218TE \u0218I:<\/strong> <a href=\"https:\/\/buletin.de\/bucuresti\/sector-6-parcare-noua-pentru-microbuze-si-autobuze-in-apropierea-autogarii-militari\/\"><strong>Sector 6 |&nbsp;Parcare nou\u0103 pentru microbuze \u0219i autobuze, \u00een apropierea Autog\u0103rii Militari<\/strong><\/a><\/p>\n","protected":false},"excerpt":{"rendered":"<p>Comercian\u021bii care vor s\u0103 v\u00e2nd\u0103 m\u0103r\u021bi\u0219oare vor avea la dispozi\u021bie spa\u021bii special amenajate, \u00een Sectorul 6. \u00cen perioada 14 februarie \u2013 9 martie, ace\u0219tia trebuie s\u0103 aib\u0103 un aviz comercial pentru produse sezoniere. Spa\u021biile comerciale vor fi amenajate \u00een \u0219ase loca\u021bii, au suprafe\u021be \u00eentre 4 \u0219i 6 mp, iar pre\u021burile variaz\u0103 \u00eentre 370 \u0219i 552 [&hellip;]<\/p>\n","protected":false},"author":49,"featured_media":170245,"comment_status":"closed","ping_status":"open","sticky":false,"template":"","format":"standard","meta":{"_acf_changed":false,"inline_featured_image":false,"ngg_post_thumbnail":0,"footnotes":""},"categories":[6994,24,62],"tags":[10205,15192,15578,3659,523],"ppma_author":[22574],"class_list":["post-170228","post","type-post","status-publish","format-standard","has-post-thumbnail","hentry","category-stiri-2","category-primarie","category-stiri","tag-martisoare","tag-piata-apusului","tag-piata-gorjului","tag-ps6","tag-sector-6"],"acf":[],"yoast_head":"<!-- This site is optimized with the Yoast SEO Premium plugin v25.3 (Yoast SEO v27.5) - https:\/\/yoast.com\/product\/yoast-seo-premium-wordpress\/ -->\n<title>Prim\u0103ria Sectorului 6 amenajeaz\u0103 spa\u021bii pentru comercian\u021bii care vor s\u0103 v\u00e2nd\u0103 m\u0103r\u021bi\u0219oare - Buletin de Bucure\u0219ti<\/title>\n<meta name=\"description\" content=\"Comercian\u021bii care vor s\u0103 v\u00e2nd\u0103 m\u0103r\u021bi\u0219oare vor avea la dispozi\u021bie spa\u021bii special amenajate, \u00een Sectorul 6, intre 14 februarie-9 martie.\" \/>\n<meta name=\"robots\" content=\"index, follow, max-snippet:-1, max-image-preview:large, max-video-preview:-1\" \/>\n<link rel=\"canonical\" href=\"https:\/\/buletin.de\/bucuresti\/primaria-sectorului-6-amenajeaza-spatii-pentru-comerciantii-care-vor-sa-vanda-martisoare\/\" \/>\n<meta property=\"og:locale\" content=\"en_GB\" \/>\n<meta property=\"og:type\" content=\"article\" \/>\n<meta property=\"og:title\" content=\"Prim\u0103ria Sectorului 6 amenajeaz\u0103 spa\u021bii pentru comercian\u021bii care vor s\u0103 v\u00e2nd\u0103 m\u0103r\u021bi\u0219oare\" \/>\n<meta property=\"og:description\" content=\"Comercian\u021bii care vor s\u0103 v\u00e2nd\u0103 m\u0103r\u021bi\u0219oare vor avea la dispozi\u021bie spa\u021bii special amenajate, \u00een Sectorul 6, intre 14 februarie-9 martie.\" \/>\n<meta property=\"og:url\" content=\"https:\/\/buletin.de\/bucuresti\/primaria-sectorului-6-amenajeaza-spatii-pentru-comerciantii-care-vor-sa-vanda-martisoare\/\" \/>\n<meta property=\"og:site_name\" content=\"Buletin de Bucure\u0219ti\" \/>\n<meta property=\"article:publisher\" content=\"https:\/\/www.facebook.com\/buletin.de.buc\" \/>\n<meta property=\"article:published_time\" content=\"2026-01-30T03:00:00+00:00\" \/>\n<meta property=\"article:modified_time\" content=\"2026-01-30T06:16:29+00:00\" \/>\n<meta property=\"og:image\" content=\"https:\/\/buletin.de\/bucuresti\/wp-content\/uploads\/2026\/01\/623242456_1317902810367653_6487721338242784035_n.jpg\" \/>\n\t<meta property=\"og:image:width\" content=\"1024\" \/>\n\t<meta property=\"og:image:height\" content=\"683\" \/>\n\t<meta property=\"og:image:type\" content=\"image\/jpeg\" \/>\n<meta name=\"author\" content=\"Diana Matei\" \/>\n<meta name=\"twitter:card\" content=\"summary_large_image\" \/>\n<meta name=\"twitter:label1\" content=\"Written by\" \/>\n\t<meta name=\"twitter:data1\" content=\"Diana Matei\" \/>\n\t<meta name=\"twitter:label2\" content=\"Estimated reading time\" \/>\n\t<meta name=\"twitter:data2\" content=\"3 minutes\" \/>\n<script type=\"application\/ld+json\" class=\"yoast-schema-graph\">{\"@context\":\"https:\\\/\\\/schema.org\",\"@graph\":[{\"@type\":\"Article\",\"@id\":\"https:\\\/\\\/buletin.de\\\/bucuresti\\\/primaria-sectorului-6-amenajeaza-spatii-pentru-comerciantii-care-vor-sa-vanda-martisoare\\\/#article\",\"isPartOf\":{\"@id\":\"https:\\\/\\\/buletin.de\\\/bucuresti\\\/primaria-sectorului-6-amenajeaza-spatii-pentru-comerciantii-care-vor-sa-vanda-martisoare\\\/\"},\"author\":{\"name\":\"Diana Matei\",\"@id\":\"https:\\\/\\\/buletin.de\\\/bucuresti\\\/#\\\/schema\\\/person\\\/7e46040573290777280a0835d81ea4ea\"},\"headline\":\"Prim\u0103ria Sectorului 6 amenajeaz\u0103 spa\u021bii pentru comercian\u021bii care vor s\u0103 v\u00e2nd\u0103 m\u0103r\u021bi\u0219oare\",\"datePublished\":\"2026-01-30T03:00:00+00:00\",\"dateModified\":\"2026-01-30T06:16:29+00:00\",\"mainEntityOfPage\":{\"@id\":\"https:\\\/\\\/buletin.de\\\/bucuresti\\\/primaria-sectorului-6-amenajeaza-spatii-pentru-comerciantii-care-vor-sa-vanda-martisoare\\\/\"},\"wordCount\":514,\"publisher\":{\"@id\":\"https:\\\/\\\/buletin.de\\\/bucuresti\\\/#organization\"},\"image\":{\"@id\":\"https:\\\/\\\/buletin.de\\\/bucuresti\\\/primaria-sectorului-6-amenajeaza-spatii-pentru-comerciantii-care-vor-sa-vanda-martisoare\\\/#primaryimage\"},\"thumbnailUrl\":\"https:\\\/\\\/buletin.de\\\/bucuresti\\\/wp-content\\\/uploads\\\/2026\\\/01\\\/623242456_1317902810367653_6487721338242784035_n.jpg\",\"keywords\":[\"m\u0103r\u021bi\u0219oare\",\"Pia\u021ba Apusului\",\"Pia\u021ba Gorjului\",\"PS6\",\"Sector 6\"],\"articleSection\":[\"Articole\",\"Prim\u0103rie\",\"\u0218tiri\"],\"inLanguage\":\"en-GB\",\"copyrightYear\":\"2026\",\"copyrightHolder\":{\"@id\":\"https:\\\/\\\/buletin.de\\\/bucuresti\\\/#organization\"}},{\"@type\":\"WebPage\",\"@id\":\"https:\\\/\\\/buletin.de\\\/bucuresti\\\/primaria-sectorului-6-amenajeaza-spatii-pentru-comerciantii-care-vor-sa-vanda-martisoare\\\/\",\"url\":\"https:\\\/\\\/buletin.de\\\/bucuresti\\\/primaria-sectorului-6-amenajeaza-spatii-pentru-comerciantii-care-vor-sa-vanda-martisoare\\\/\",\"name\":\"Prim\u0103ria Sectorului 6 amenajeaz\u0103 spa\u021bii pentru comercian\u021bii care vor s\u0103 v\u00e2nd\u0103 m\u0103r\u021bi\u0219oare - Buletin de Bucure\u0219ti\",\"isPartOf\":{\"@id\":\"https:\\\/\\\/buletin.de\\\/bucuresti\\\/#website\"},\"primaryImageOfPage\":{\"@id\":\"https:\\\/\\\/buletin.de\\\/bucuresti\\\/primaria-sectorului-6-amenajeaza-spatii-pentru-comerciantii-care-vor-sa-vanda-martisoare\\\/#primaryimage\"},\"image\":{\"@id\":\"https:\\\/\\\/buletin.de\\\/bucuresti\\\/primaria-sectorului-6-amenajeaza-spatii-pentru-comerciantii-care-vor-sa-vanda-martisoare\\\/#primaryimage\"},\"thumbnailUrl\":\"https:\\\/\\\/buletin.de\\\/bucuresti\\\/wp-content\\\/uploads\\\/2026\\\/01\\\/623242456_1317902810367653_6487721338242784035_n.jpg\",\"datePublished\":\"2026-01-30T03:00:00+00:00\",\"dateModified\":\"2026-01-30T06:16:29+00:00\",\"description\":\"Comercian\u021bii care vor s\u0103 v\u00e2nd\u0103 m\u0103r\u021bi\u0219oare vor avea la dispozi\u021bie spa\u021bii special amenajate, \u00een Sectorul 6, intre 14 februarie-9 martie.\",\"breadcrumb\":{\"@id\":\"https:\\\/\\\/buletin.de\\\/bucuresti\\\/primaria-sectorului-6-amenajeaza-spatii-pentru-comerciantii-care-vor-sa-vanda-martisoare\\\/#breadcrumb\"},\"inLanguage\":\"en-GB\",\"potentialAction\":[{\"@type\":\"ReadAction\",\"target\":[\"https:\\\/\\\/buletin.de\\\/bucuresti\\\/primaria-sectorului-6-amenajeaza-spatii-pentru-comerciantii-care-vor-sa-vanda-martisoare\\\/\"]}]},{\"@type\":\"ImageObject\",\"inLanguage\":\"en-GB\",\"@id\":\"https:\\\/\\\/buletin.de\\\/bucuresti\\\/primaria-sectorului-6-amenajeaza-spatii-pentru-comerciantii-care-vor-sa-vanda-martisoare\\\/#primaryimage\",\"url\":\"https:\\\/\\\/buletin.de\\\/bucuresti\\\/wp-content\\\/uploads\\\/2026\\\/01\\\/623242456_1317902810367653_6487721338242784035_n.jpg\",\"contentUrl\":\"https:\\\/\\\/buletin.de\\\/bucuresti\\\/wp-content\\\/uploads\\\/2026\\\/01\\\/623242456_1317902810367653_6487721338242784035_n.jpg\",\"width\":1024,\"height\":683,\"caption\":\"Prim\u0103ria Sectorului 6 amenajeaz\u0103 spa\u021bii pentru comercian\u021bii care vor s\u0103 v\u00e2nd\u0103 m\u0103r\u021bi\u0219oare. FOTO: PS6\"},{\"@type\":\"BreadcrumbList\",\"@id\":\"https:\\\/\\\/buletin.de\\\/bucuresti\\\/primaria-sectorului-6-amenajeaza-spatii-pentru-comerciantii-care-vor-sa-vanda-martisoare\\\/#breadcrumb\",\"itemListElement\":[{\"@type\":\"ListItem\",\"position\":1,\"name\":\"Acas\u0103\",\"item\":\"https:\\\/\\\/buletin.de\\\/bucuresti\\\/\"},{\"@type\":\"ListItem\",\"position\":2,\"name\":\"Prim\u0103ria Sectorului 6 amenajeaz\u0103 spa\u021bii pentru comercian\u021bii care vor s\u0103 v\u00e2nd\u0103 m\u0103r\u021bi\u0219oare\"}]},{\"@type\":\"WebSite\",\"@id\":\"https:\\\/\\\/buletin.de\\\/bucuresti\\\/#website\",\"url\":\"https:\\\/\\\/buletin.de\\\/bucuresti\\\/\",\"name\":\"Buletin de Bucure\u0219ti\",\"description\":\"\u0218tiri \u0219i investiga\u021bii esen\u021biale din capital\u0103\",\"publisher\":{\"@id\":\"https:\\\/\\\/buletin.de\\\/bucuresti\\\/#organization\"},\"potentialAction\":[{\"@type\":\"SearchAction\",\"target\":{\"@type\":\"EntryPoint\",\"urlTemplate\":\"https:\\\/\\\/buletin.de\\\/bucuresti\\\/?s={search_term_string}\"},\"query-input\":{\"@type\":\"PropertyValueSpecification\",\"valueRequired\":true,\"valueName\":\"search_term_string\"}}],\"inLanguage\":\"en-GB\"},{\"@type\":\"Organization\",\"@id\":\"https:\\\/\\\/buletin.de\\\/bucuresti\\\/#organization\",\"name\":\"Buletin de Bucure\u0219ti\",\"url\":\"https:\\\/\\\/buletin.de\\\/bucuresti\\\/\",\"logo\":{\"@type\":\"ImageObject\",\"inLanguage\":\"en-GB\",\"@id\":\"https:\\\/\\\/buletin.de\\\/bucuresti\\\/#\\\/schema\\\/logo\\\/image\\\/\",\"url\":\"https:\\\/\\\/buletin.de\\\/bucuresti\\\/wp-content\\\/uploads\\\/logo-bdb-full-wide-vernil-transparent.png\",\"contentUrl\":\"https:\\\/\\\/buletin.de\\\/bucuresti\\\/wp-content\\\/uploads\\\/logo-bdb-full-wide-vernil-transparent.png\",\"width\":1782,\"height\":626,\"caption\":\"Buletin de Bucure\u0219ti\"},\"image\":{\"@id\":\"https:\\\/\\\/buletin.de\\\/bucuresti\\\/#\\\/schema\\\/logo\\\/image\\\/\"},\"sameAs\":[\"https:\\\/\\\/www.facebook.com\\\/buletin.de.buc\",\"https:\\\/\\\/www.instagram.com\\\/buletinde.bucuresti\\\/\"]},{\"@type\":\"Person\",\"@id\":\"https:\\\/\\\/buletin.de\\\/bucuresti\\\/#\\\/schema\\\/person\\\/7e46040573290777280a0835d81ea4ea\",\"name\":\"Diana Matei\",\"image\":{\"@type\":\"ImageObject\",\"inLanguage\":\"en-GB\",\"@id\":\"https:\\\/\\\/buletin.de\\\/bucuresti\\\/wp-content\\\/uploads\\\/9-2-96x96.jpg1e8590b30871d70e62ebcdaf2eff570c\",\"url\":\"https:\\\/\\\/buletin.de\\\/bucuresti\\\/wp-content\\\/uploads\\\/9-2-96x96.jpg\",\"contentUrl\":\"https:\\\/\\\/buletin.de\\\/bucuresti\\\/wp-content\\\/uploads\\\/9-2-96x96.jpg\",\"caption\":\"Diana Matei\"},\"url\":\"https:\\\/\\\/buletin.de\\\/bucuresti\\\/author\\\/dianamatei\\\/\"}]}<\/script>\n<!-- \/ Yoast SEO Premium plugin. -->","yoast_head_json":{"title":"Prim\u0103ria Sectorului 6 amenajeaz\u0103 spa\u021bii pentru comercian\u021bii care vor s\u0103 v\u00e2nd\u0103 m\u0103r\u021bi\u0219oare - Buletin de Bucure\u0219ti","description":"Comercian\u021bii care vor s\u0103 v\u00e2nd\u0103 m\u0103r\u021bi\u0219oare vor avea la dispozi\u021bie spa\u021bii special amenajate, \u00een Sectorul 6, intre 14 februarie-9 martie.","robots":{"index":"index","follow":"follow","max-snippet":"max-snippet:-1","max-image-preview":"max-image-preview:large","max-video-preview":"max-video-preview:-1"},"canonical":"https:\/\/buletin.de\/bucuresti\/primaria-sectorului-6-amenajeaza-spatii-pentru-comerciantii-care-vor-sa-vanda-martisoare\/","og_locale":"en_GB","og_type":"article","og_title":"Prim\u0103ria Sectorului 6 amenajeaz\u0103 spa\u021bii pentru comercian\u021bii care vor s\u0103 v\u00e2nd\u0103 m\u0103r\u021bi\u0219oare","og_description":"Comercian\u021bii care vor s\u0103 v\u00e2nd\u0103 m\u0103r\u021bi\u0219oare vor avea la dispozi\u021bie spa\u021bii special amenajate, \u00een Sectorul 6, intre 14 februarie-9 martie.","og_url":"https:\/\/buletin.de\/bucuresti\/primaria-sectorului-6-amenajeaza-spatii-pentru-comerciantii-care-vor-sa-vanda-martisoare\/","og_site_name":"Buletin de Bucure\u0219ti","article_publisher":"https:\/\/www.facebook.com\/buletin.de.buc","article_published_time":"2026-01-30T03:00:00+00:00","article_modified_time":"2026-01-30T06:16:29+00:00","og_image":[{"width":1024,"height":683,"url":"https:\/\/buletin.de\/bucuresti\/wp-content\/uploads\/2026\/01\/623242456_1317902810367653_6487721338242784035_n.jpg","type":"image\/jpeg"}],"author":"Diana Matei","twitter_card":"summary_large_image","twitter_misc":{"Written by":"Diana Matei","Estimated reading time":"3 minutes"},"schema":{"@context":"https:\/\/schema.org","@graph":[{"@type":"Article","@id":"https:\/\/buletin.de\/bucuresti\/primaria-sectorului-6-amenajeaza-spatii-pentru-comerciantii-care-vor-sa-vanda-martisoare\/#article","isPartOf":{"@id":"https:\/\/buletin.de\/bucuresti\/primaria-sectorului-6-amenajeaza-spatii-pentru-comerciantii-care-vor-sa-vanda-martisoare\/"},"author":{"name":"Diana Matei","@id":"https:\/\/buletin.de\/bucuresti\/#\/schema\/person\/7e46040573290777280a0835d81ea4ea"},"headline":"Prim\u0103ria Sectorului 6 amenajeaz\u0103 spa\u021bii pentru comercian\u021bii care vor s\u0103 v\u00e2nd\u0103 m\u0103r\u021bi\u0219oare","datePublished":"2026-01-30T03:00:00+00:00","dateModified":"2026-01-30T06:16:29+00:00","mainEntityOfPage":{"@id":"https:\/\/buletin.de\/bucuresti\/primaria-sectorului-6-amenajeaza-spatii-pentru-comerciantii-care-vor-sa-vanda-martisoare\/"},"wordCount":514,"publisher":{"@id":"https:\/\/buletin.de\/bucuresti\/#organization"},"image":{"@id":"https:\/\/buletin.de\/bucuresti\/primaria-sectorului-6-amenajeaza-spatii-pentru-comerciantii-care-vor-sa-vanda-martisoare\/#primaryimage"},"thumbnailUrl":"https:\/\/buletin.de\/bucuresti\/wp-content\/uploads\/2026\/01\/623242456_1317902810367653_6487721338242784035_n.jpg","keywords":["m\u0103r\u021bi\u0219oare","Pia\u021ba Apusului","Pia\u021ba Gorjului","PS6","Sector 6"],"articleSection":["Articole","Prim\u0103rie","\u0218tiri"],"inLanguage":"en-GB","copyrightYear":"2026","copyrightHolder":{"@id":"https:\/\/buletin.de\/bucuresti\/#organization"}},{"@type":"WebPage","@id":"https:\/\/buletin.de\/bucuresti\/primaria-sectorului-6-amenajeaza-spatii-pentru-comerciantii-care-vor-sa-vanda-martisoare\/","url":"https:\/\/buletin.de\/bucuresti\/primaria-sectorului-6-amenajeaza-spatii-pentru-comerciantii-care-vor-sa-vanda-martisoare\/","name":"Prim\u0103ria Sectorului 6 amenajeaz\u0103 spa\u021bii pentru comercian\u021bii care vor s\u0103 v\u00e2nd\u0103 m\u0103r\u021bi\u0219oare - Buletin de Bucure\u0219ti","isPartOf":{"@id":"https:\/\/buletin.de\/bucuresti\/#website"},"primaryImageOfPage":{"@id":"https:\/\/buletin.de\/bucuresti\/primaria-sectorului-6-amenajeaza-spatii-pentru-comerciantii-care-vor-sa-vanda-martisoare\/#primaryimage"},"image":{"@id":"https:\/\/buletin.de\/bucuresti\/primaria-sectorului-6-amenajeaza-spatii-pentru-comerciantii-care-vor-sa-vanda-martisoare\/#primaryimage"},"thumbnailUrl":"https:\/\/buletin.de\/bucuresti\/wp-content\/uploads\/2026\/01\/623242456_1317902810367653_6487721338242784035_n.jpg","datePublished":"2026-01-30T03:00:00+00:00","dateModified":"2026-01-30T06:16:29+00:00","description":"Comercian\u021bii care vor s\u0103 v\u00e2nd\u0103 m\u0103r\u021bi\u0219oare vor avea la dispozi\u021bie spa\u021bii special amenajate, \u00een Sectorul 6, intre 14 februarie-9 martie.","breadcrumb":{"@id":"https:\/\/buletin.de\/bucuresti\/primaria-sectorului-6-amenajeaza-spatii-pentru-comerciantii-care-vor-sa-vanda-martisoare\/#breadcrumb"},"inLanguage":"en-GB","potentialAction":[{"@type":"ReadAction","target":["https:\/\/buletin.de\/bucuresti\/primaria-sectorului-6-amenajeaza-spatii-pentru-comerciantii-care-vor-sa-vanda-martisoare\/"]}]},{"@type":"ImageObject","inLanguage":"en-GB","@id":"https:\/\/buletin.de\/bucuresti\/primaria-sectorului-6-amenajeaza-spatii-pentru-comerciantii-care-vor-sa-vanda-martisoare\/#primaryimage","url":"https:\/\/buletin.de\/bucuresti\/wp-content\/uploads\/2026\/01\/623242456_1317902810367653_6487721338242784035_n.jpg","contentUrl":"https:\/\/buletin.de\/bucuresti\/wp-content\/uploads\/2026\/01\/623242456_1317902810367653_6487721338242784035_n.jpg","width":1024,"height":683,"caption":"Prim\u0103ria Sectorului 6 amenajeaz\u0103 spa\u021bii pentru comercian\u021bii care vor s\u0103 v\u00e2nd\u0103 m\u0103r\u021bi\u0219oare. FOTO: PS6"},{"@type":"BreadcrumbList","@id":"https:\/\/buletin.de\/bucuresti\/primaria-sectorului-6-amenajeaza-spatii-pentru-comerciantii-care-vor-sa-vanda-martisoare\/#breadcrumb","itemListElement":[{"@type":"ListItem","position":1,"name":"Acas\u0103","item":"https:\/\/buletin.de\/bucuresti\/"},{"@type":"ListItem","position":2,"name":"Prim\u0103ria Sectorului 6 amenajeaz\u0103 spa\u021bii pentru comercian\u021bii care vor s\u0103 v\u00e2nd\u0103 m\u0103r\u021bi\u0219oare"}]},{"@type":"WebSite","@id":"https:\/\/buletin.de\/bucuresti\/#website","url":"https:\/\/buletin.de\/bucuresti\/","name":"Buletin de Bucure\u0219ti","description":"\u0218tiri \u0219i investiga\u021bii esen\u021biale din capital\u0103","publisher":{"@id":"https:\/\/buletin.de\/bucuresti\/#organization"},"potentialAction":[{"@type":"SearchAction","target":{"@type":"EntryPoint","urlTemplate":"https:\/\/buletin.de\/bucuresti\/?s={search_term_string}"},"query-input":{"@type":"PropertyValueSpecification","valueRequired":true,"valueName":"search_term_string"}}],"inLanguage":"en-GB"},{"@type":"Organization","@id":"https:\/\/buletin.de\/bucuresti\/#organization","name":"Buletin de Bucure\u0219ti","url":"https:\/\/buletin.de\/bucuresti\/","logo":{"@type":"ImageObject","inLanguage":"en-GB","@id":"https:\/\/buletin.de\/bucuresti\/#\/schema\/logo\/image\/","url":"https:\/\/buletin.de\/bucuresti\/wp-content\/uploads\/logo-bdb-full-wide-vernil-transparent.png","contentUrl":"https:\/\/buletin.de\/bucuresti\/wp-content\/uploads\/logo-bdb-full-wide-vernil-transparent.png","width":1782,"height":626,"caption":"Buletin de Bucure\u0219ti"},"image":{"@id":"https:\/\/buletin.de\/bucuresti\/#\/schema\/logo\/image\/"},"sameAs":["https:\/\/www.facebook.com\/buletin.de.buc","https:\/\/www.instagram.com\/buletinde.bucuresti\/"]},{"@type":"Person","@id":"https:\/\/buletin.de\/bucuresti\/#\/schema\/person\/7e46040573290777280a0835d81ea4ea","name":"Diana Matei","image":{"@type":"ImageObject","inLanguage":"en-GB","@id":"https:\/\/buletin.de\/bucuresti\/wp-content\/uploads\/9-2-96x96.jpg1e8590b30871d70e62ebcdaf2eff570c","url":"https:\/\/buletin.de\/bucuresti\/wp-content\/uploads\/9-2-96x96.jpg","contentUrl":"https:\/\/buletin.de\/bucuresti\/wp-content\/uploads\/9-2-96x96.jpg","caption":"Diana Matei"},"url":"https:\/\/buletin.de\/bucuresti\/author\/dianamatei\/"}]}},"authors":[{"term_id":22574,"user_id":49,"is_guest":0,"slug":"dianamatei","display_name":"Diana Matei","avatar_url":"https:\/\/buletin.de\/bucuresti\/wp-content\/uploads\/9-2-96x96.jpg","0":null,"1":"","2":"","3":"","4":"","5":"","6":"","7":"","8":""}],"_links":{"self":[{"href":"https:\/\/buletin.de\/bucuresti\/wp-json\/wp\/v2\/posts\/170228","targetHints":{"allow":["GET"]}}],"collection":[{"href":"https:\/\/buletin.de\/bucuresti\/wp-json\/wp\/v2\/posts"}],"about":[{"href":"https:\/\/buletin.de\/bucuresti\/wp-json\/wp\/v2\/types\/post"}],"author":[{"embeddable":true,"href":"https:\/\/buletin.de\/bucuresti\/wp-json\/wp\/v2\/users\/49"}],"replies":[{"embeddable":true,"href":"https:\/\/buletin.de\/bucuresti\/wp-json\/wp\/v2\/comments?post=170228"}],"version-history":[{"count":4,"href":"https:\/\/buletin.de\/bucuresti\/wp-json\/wp\/v2\/posts\/170228\/revisions"}],"predecessor-version":[{"id":170398,"href":"https:\/\/buletin.de\/bucuresti\/wp-json\/wp\/v2\/posts\/170228\/revisions\/170398"}],"wp:featuredmedia":[{"embeddable":true,"href":"https:\/\/buletin.de\/bucuresti\/wp-json\/wp\/v2\/media\/170245"}],"wp:attachment":[{"href":"https:\/\/buletin.de\/bucuresti\/wp-json\/wp\/v2\/media?parent=170228"}],"wp:term":[{"taxonomy":"category","embeddable":true,"href":"https:\/\/buletin.de\/bucuresti\/wp-json\/wp\/v2\/categories?post=170228"},{"taxonomy":"post_tag","embeddable":true,"href":"https:\/\/buletin.de\/bucuresti\/wp-json\/wp\/v2\/tags?post=170228"},{"taxonomy":"author","embeddable":true,"href":"https:\/\/buletin.de\/bucuresti\/wp-json\/wp\/v2\/ppma_author?post=170228"}],"curies":[{"name":"wp","href":"https:\/\/api.w.org\/{rel}","templated":true}]}}