{"id":170225,"date":"2026-01-30T07:45:35","date_gmt":"2026-01-30T04:45:35","guid":{"rendered":"https:\/\/buletin.de\/bucuresti\/?p=170225"},"modified":"2026-01-30T07:45:36","modified_gmt":"2026-01-30T04:45:36","slug":"cfr-calatori-modifica-circulatia-a-24-de-trenuri-din-gara-de-nord","status":"publish","type":"post","link":"https:\/\/buletin.de\/bucuresti\/cfr-calatori-modifica-circulatia-a-24-de-trenuri-din-gara-de-nord\/","title":{"rendered":"CFR C\u0103l\u0103tori modific\u0103 circula\u021bia a 24 de trenuri din Gara de Nord"},"content":{"rendered":"\n<p><strong>CFR C\u0103l\u0103tori modific\u0103 circula\u021bia a 24 de trenuri cu opriri \u00een Gara de Nord \u00een luna februarie, potrivit unui <a href=\"https:\/\/www.cfrcalatori.ro\/comunicate\/modificari-in-circulatia-trenurilor-cfr-calatori-urmare-a-unor-lucrari-la-infrastructura-feroviara-administrata-de-catre-cfr-sa-5\/\">comunicat de pres\u0103<\/a>. Operatorul na\u021bional pune schimb\u0103rile pe seama unor interven\u021bii ce vor avea loc la infrastructura de cale ferat\u0103.<\/strong><\/p>\n\n\n\n<p>Primele trenuri afectate IR 16021 \u0219i IR 16023, pe rela\u021bia Bucure\u0219ti Nord &#8211; Timi\u0219oara, care vor fi anulate. Modific\u0103ri sunt \u0219i la IR 72 \u0219i IR 72, care circul\u0103 pe distan\u021ba Bucure\u0219ti &#8211; Budapesta. \u00cen zilele de 19 \u0219i 20 februarie, aceste dou\u0103 trenuri vor fi operate astfel:<\/p>\n\n\n\n<ul class=\"wp-block-list\">\n<li>trenul <strong>IR 72 Bucure\u0219ti Nord \u2013 Budapesta<\/strong> va circula conform graficului de circula\u0163ie \u00een rela\u0163ia Arad \u2013 Curtici \u2013 Lokoshaza \u2013 Budapesta \u015fi ca tren IR 12173 \u00een rela\u0163ia Craiova (plecare ora 09.25) \u2013 Caransebe\u0219 (sosire ora 13.56). \u00centre sta\u0163iile Caransebe\u0219 \u015fi Arad se va asigura transbordarea c\u0103l\u0103torilor cu mijloace auto.<\/li>\n\n\n\n<li>trenul <strong>IR 73 Budapesta \u2013 Bucure\u0219ti Nord<\/strong> va circula conform graficului de circula\u0163ie \u00een rela\u0163ia Budapesta \u2013 Lokoshaza \u2013 Curtici \u2013 Arad \u015fi ca tren IR 12170 \u00een rela\u0163ia Caransebe\u0219 (plecare ora 13.58) \u2013 Craiova (sosire ora 18.24). \u00centre sta\u0163iile Arad \u015fi Caransebe\u0219 se va asigura transbordarea c\u0103l\u0103torilor cu mijloace auto.<\/li>\n<\/ul>\n\n\n\n<p><strong>CITE\u0218TE \u0218I: <a href=\"https:\/\/buletin.de\/bucuresti\/ilfov-se-extinde-spitalul-de-obstetrica-ginecologie-din-buftea\/\">ILFOV | Se extinde Spitalul de Obstetric\u0103-Ginecologie, din Buftea<\/a><\/strong><\/p>\n\n\n\n<h2 class=\"wp-block-heading\" id=\"h-cum-arata-programul-celorlalte-trenuri\">Cum arat\u0103 programul celorlalte trenuri<\/h2>\n\n\n\n<p>Opt trenuri ale CFR C\u0103l\u0103tori vor circula cu modific\u0103ri \u00een perioada 16-28 februarie pentru a permite efectuarea unor lucr\u0103ri pe segmentul cuprins \u00eentre sta\u021biile Banu M\u0103r\u0103cine \u0219i Malu Mare. Potrivit comunicatului de pres\u0103, trenurile sunt urm\u0103toarele:<\/p>\n\n\n\n<ul class=\"wp-block-list\">\n<li>trenul <strong>IR 73 Budapesta \u2013 Bucure\u0219ti Nord<\/strong> va circula conform graficului de circula\u0163ie (f\u0103r\u0103 zilele de 19 \u0219i 20 februarie 2026) \u00een rela\u0163ia Budapesta \u2013 Lokoshaza \u2013Arad \u2013 Craiova \u015fi va fi anulat \u00een rela\u021bia Craiova \u2013 Bucure\u0219ti Nord.<\/li>\n\n\n\n<li>trenul <strong>IR 1836 Cluj Napoca \u2013 Bucure\u0219ti Nord<\/strong> va circula conform graficului de circula\u021bie \u00een rela\u021bia Cluj \u00a0\u00a0Napoca \u2013 Craiova \u0219i ca tren IR 12836 \u00een rela\u021bia Leu Hm (plecare ora 18.58) \u2013 Bucure\u0219ti Nord (sosire ora 22.37). \u00centre sta\u021biile Craiova (de la trenurile 1836 \u0219i 73\/12170) \u0219i Leu Hm (la tren 12836) se va asigura transbordarea c\u0103l\u0103torilor cu mijloace auto.<\/li>\n\n\n\n<li>trenul <strong>IR 78 Bucure\u0219ti Nord \u2013 Budapesta<\/strong> va circula conform graficului de circula\u021bie \u00een rela\u021bia Craiova \u2013 Curtici \u2013 Lokoshaza \u2013 Budapesta \u0219i ca tren IR 12078 \u00een rela\u021bia Bucure\u0219ti Nord (plecare ora 19.34) \u2013 Caracal \u2013 Piatra Olt \u2013 Craiova (sosire ora 00.48).<\/li>\n\n\n\n<li>trenul<strong> IR 79 Budapesta \u2013 Bucure\u0219ti Nord<\/strong> va circula conform graficului de circula\u021bie \u00een rela\u021bia Budapesta \u2013 Lokoshaza \u2013 Curtici \u2013 Craiova \u0219i ca tren IR 12079 \u00een rela\u021bia Craiova (plecare ora 04.41) \u2013 Piatra Olt \u2013 Caracal \u2013 Bucure\u0219ti Nord (sosire ora 09.34).<\/li>\n\n\n\n<li>trenul <strong>IR 1825 Bucure\u0219ti Nord \u2013 T\u00e2rgu Jiu <\/strong>va circula conform graficului de circula\u021bie \u00een rela\u021bia Bucure\u0219ti Nord \u2013 Leu Hm \u0219i ca tren IR 12825 \u00een rela\u021bia Craiova (plecare ora 18.26) \u2013 T\u00e2rgu Jiu (sosire ora 20.43). \u00centre sta\u021biile Leu Hm \u0219i Craiova se va asigura transbordarea c\u0103l\u0103torilor cu mijloace auto.<\/li>\n\n\n\n<li>trenul <strong>IR 1835 Bucure\u0219ti Nord \u2013 Teiu\u0219 \u2013 Cluj Napoca<\/strong> va circula conform graficului de circula\u021bie \u00een rela\u021bia Bucure\u0219ti Nord \u2013 Leu HM \u0219i ca tren IR 12835 \u00een rela\u021bia Craiova (plecare ora 20.28) \u2013 Teiu\u0219 (sosire ora 03.08)<strong>.\u00a0<\/strong>\u00centre sta\u021biile Leu Hm \u0219i Craiova se va asigura transbordarea c\u0103l\u0103torilor cu mijloace auto.<\/li>\n\n\n\n<li>trenul <strong>IR 16015 Bucure\u0219ti Nord \u2013 Craiova<\/strong> va circula ca \u0219i tren IR 16415 \u00een rela\u021bia Bucure\u0219ti Nord (plecare ora 21.19) \u2013 Leu Hm (sosire la ora 00.50).<\/li>\n\n\n\n<li>trenul <strong>IR 12820 Arad \u2013 Bucure\u0219ti Nord<\/strong> va circula conform graficului de circula\u021bie \u00een rela\u021bia Arad \u2013 Craiova \u0219i va fi anulat \u00een rela\u021bia Craiova \u2013 Bucure\u0219ti Nord.<\/li>\n<\/ul>\n\n\n\n<p>Cealalt\u0103 etap\u0103 care aduce schimb\u0103ri este \u00een cuprins\u0103 \u00eentre zilele de 16\/17 februarie \u0219i 1 martie 2025. Atunci, alte nou\u0103 garnituri de tren vor circula dup\u0103 urm\u0103torul program:<\/p>\n\n\n\n<ul class=\"wp-block-list\">\n<li>trenul<strong> IR 72 Bucure\u0219ti Nord \u2013 Budapesta<\/strong> va circula conform graficului de circula\u0163ie (f\u0103r\u0103 zilele de 19 \u0219i 20 februarie 2026) \u00een rela\u0163ia Craiova \u2013 Arad \u2013 Curtici \u2013 Lokoshaza \u2013 Budapesta \u015fi ca tren IR 12072 \u00een rela\u0163ia Bucure\u0219ti Nord (plecare ora 05.29) \u00a0\u2013 Leu Hm (sosire ora 08.52). \u00centre sta\u0163iile Hm Leu (de la tren 12072) \u015fi Craiova ( la tren 72\/12173) \u00a0se va asigura transbordarea c\u0103l\u0103torilor cu mijloace auto.<\/li>\n\n\n\n<li>trenul<strong> IR 1925 Bucure\u0219ti Nord\u2013Deva<\/strong> va circula conform graficului de circula\u021bie \u00een rela\u021bia Craiova \u2013 Deva \u0219i va fi anulat \u00een rela\u021bia Bucure\u0219ti Nord \u2013 Leu Hm \u2013 Craiova.<\/li>\n\n\n\n<li>trenul <strong>IR 16013 Bucure\u0219ti Nord\u2013Craiova<\/strong> va circula conform graficului de circula\u021bie \u00een rela\u021bia Bucure\u0219ti Nord \u2013 Leu Hm. \u0219i va fi anulat \u00een rela\u021bia Leu Hm \u2013 Craiova. Se va asigura transbordarea c\u0103l\u0103torilor cu mijloace auto \u00eentre sta\u021biile Leu Hm (de la tren IR 16013) \u0219i Craiova (la tren IR 1925).<\/li>\n\n\n\n<li>trenul<strong> IR 1999 Bucure\u0219ti Nord \u2013 Arad<\/strong> va circula conform graficului de circula\u021bie \u00een rela\u021bia Bucure\u0219ti Nord \u2013 Leu Hm \u0219i ca tren IR 12999 \u00een rela\u021bia Craiova (plecare ora 14.31) \u2013 Timi\u0219oara Nord \u2013 Arad (sosire ora 23.20). \u00centre sta\u021biile Leu Hm \u0219i Craiova se va asigura transbordarea c\u0103l\u0103torilor cu mijloace auto.<\/li>\n\n\n\n<li>trenul <strong>IR 1926 Deva \u2013 Bucure\u0219ti Nord<\/strong> va circula conform graficului de circula\u021bie \u00een rela\u021bia Deva \u2013 Craiova \u0219i ca tren IR 12926 \u00een rela\u021bia Leu Hm (plecare ora 12.12) \u2013 Bucure\u0219ti Nord (sosire ora 15.49). \u00centre sta\u021biile Craiova (de la tren 1926) \u0219i Leu Hm (la tren 12926) se va asigura transbordarea c\u0103l\u0103torilor cu mijloace auto.<\/li>\n\n\n\n<li>trenul <strong>IR 1998 Arad \u2013 Bucure\u0219ti Nord<\/strong> va circula conform graficului de circula\u021bie \u00een rela\u021bia Arad \u2013 Craiova \u0219i va fi anulat \u00een rela\u021bia Craiova \u2013 Bucure\u0219ti Nord. \u00centre sta\u021biile Craiova (de la tren IR 1998) \u0219i Leu Hm (la tren 16014) se va asigura transbordarea\u00a0 c\u0103l\u0103torilor cu mijloace auto.<\/li>\n\n\n\n<li>trenul <strong>IR 16014 Craiova \u2013 Bucure\u0219ti Nord<\/strong> va circula conform graficului de circula\u021bie \u00een rela\u021bia Leu Hm. \u2013 Bucure\u0219ti Nord \u0219i va fi anulat \u00een rela\u021bia Craiova \u2013 Leu Hm. \u00centre sta\u021biile Craiova \u0219i Leu Hm se va asigura transbordarea c\u0103l\u0103torilor cu mijloace auto.<\/li>\n\n\n\n<li>trenul<strong> IR 12216 Craiova\u2013Bucure\u0219ti Nord <\/strong>va circula \u00een rela\u021bia Leu Hm (plecare ora 17.09) \u2013 Bucure\u0219ti Nord (sosire ora 20.54). \u00centre sta\u021biile Craiova \u0219i Leu Hm se va asigura transbordarea pasagerilor cu mijloace auto.<\/li>\n\n\n\n<li>trenul <strong>IR 16016 Craiova \u2013 Bucure\u0219ti Nord<\/strong> va fi anulat.<\/li>\n\n\n\n<li>trenul <strong>IR 16012 Craiova \u2013 Bucure\u0219ti Nord<\/strong> va circula conform graficului de circula\u021bie \u00een rela\u021bia Leu Hm. \u2013 Bucure\u0219ti Nord \u0219i va fi anulat \u00een rela\u021bia Craiova \u2013 Leu Hm, \u00eencep\u00e2nd cu 17 februarie. \u00centre sta\u021biile Craiova \u0219i Leu Hm se va asigura transbordarea c\u0103l\u0103torilor cu mijloace auto.<\/li>\n\n\n\n<li>trenul <strong>IR 1826 T\u00e2rgu Jiu \u2013 Bucure\u0219ti Nord<\/strong> va circula conform graficului de circula\u021bie \u00een rela\u021bia T\u00e2rgu Jiu \u2013 Craiova \u0219i ca tren IR 12826 \u00een rela\u021bia Leu Hm (plecare ora 07.58) \u2013 Bucure\u0219ti Nord (sosire ora 11.28) \u00eencep\u00e2nd cu 17 februarie. \u00centre sta\u021biile Craiova \u0219i Leu Hm se va asigura transbordarea c\u0103l\u0103torilor cu mijloace auto.<\/li>\n\n\n\n<li>trenul <strong>R-E 9900 Craiova \u2013 Bucure\u0219ti Nord<\/strong> va circula conform graficului de circula\u021bie \u00een rela\u021bia Leu Hm. \u2013 Bucure\u0219ti Nord \u0219i va fi anulat \u00een rela\u021bia Craiova \u2013 Leu Hm \u00eencep\u00e2nd cu 17 februarie. \u00centre sta\u021biile Craiova (de la tren 12820) \u0219i Hm Leu (la tren 9900) se va asigura transbordarea c\u0103l\u0103torilor cu mijloace<\/li>\n<\/ul>\n\n\n\n<p>De asemenea, trenul IR 1821, pe distan\u021ba Bucure\u0219ti Nord &#8211; Leu Hm. &#8211; Arad va circula sub indicativul IR 12821 \u00eencep\u00e2nd cu sta\u021bia Craiova. (plecare ora 01:57, sosirea la Arad se va face la ora 09:53) \u00centre sta\u021biile Leu Hm \u0219i Craiova, de la tren IR 16415 la IR 12821 c\u0103l\u0103torii vor beneficia de transport auto.<\/p>\n\n\n\n<p>Reprezentan\u021bii operatorului de transport au transmis c\u0103 vor interveni modific\u0103ri \u0219i \u00een circula\u021bia unor trenuri regio express care vor fi anun\u021bate la nivel local.<\/p>\n\n\n\n<p><strong>CITE\u0218TE \u0218I: <a href=\"https:\/\/buletin.de\/bucuresti\/sector-6-primaria-suprailumineaza-78-de-treceri-de-pietoni-in-50-de-locatii\/\">Sector 6 | Prim\u0103ria suprailumineaz\u0103 78 de treceri de pietoni \u00een 50 de loca\u021bii<\/a><\/strong><\/p>\n\n\n\n<h2 class=\"wp-block-heading\" id=\"h-cum-po\u021bi-afla-mai-multe-detalii-despre-trenurile-afectate\">Cum po\u021bi afla mai multe detalii despre trenurile afectate<\/h2>\n\n\n\n<p>Pentru a afla mai multe detalii despre trenurile aflate \u00een circula\u021bie, pasagerii au la dispozi\u021bie mai multe mijoace prin care pot ob\u021bine informa\u021bii despre circula\u021bia trenurilor:<\/p>\n\n\n\n<ul class=\"wp-block-list\">\n<li>la telefon 0219521 \u2013 INFO CFR (trafic intern).<\/li>\n\n\n\n<li>la numerele de telefon din sta\u021biile CFR publicate pe\u00a0<a href=\"http:\/\/www.cfrcalatori.ro\/\">www.cfrcalatori.ro<\/a>\u00a0la sec\u021biunea INFORMA\u021aII TELEFONICE \u2013\u00a0<a href=\"https:\/\/www.cfrcalatori.ro\/informatii-telefonice\/\">https:\/\/www.cfrcalatori.ro\/informatii-telefonice\/<\/a><\/li>\n\n\n\n<li>\u00een aplica\u021bia TRENUL MEU (<a href=\"https:\/\/bilete.cfrcalatori.ro\/ro-RO\/Itineraries\">https:\/\/bilete.cfrcalatori.ro\/ro-RO\/Itineraries<\/a>), se introduce num\u0103rul exact al trenului \u00een c\u0103su\u0163a indicat\u0103 \u015fi click pe Informa\u021bii tren. Se ob\u021bin informa\u0163ii \u00een timp real despre opriri, \u00eent\u00e2rzieri, minutele de sta\u0163ionare \u00een urm\u0103toarea gar\u0103 \u015fi timpul estimat de sosire.<\/li>\n\n\n\n<li>pe site-ul companiei\u00a0<a href=\"http:\/\/www.cfr.ro\/\">www.cfr.ro<\/a>\u00a0sunt func\u021bionale \u0219i actualizate permanent camerele web din g\u0103rile Bucure\u0219ti Nord, Aeroport Henri Coand\u0103, Timi\u0219oara, Craiova, Bra\u0219ov, Ia\u0219i, Cluj Napoca \u0219i Constan\u021ba care indic\u0103 ora de sosire\/de plecare a trenurilor.<\/li>\n\n\n\n<li>pe site-ul\u00a0<a href=\"http:\/\/www.cfrcalatori.ro\/\">www.cfrcalatori.ro<\/a>\u00a0la Mers tren trafic intern.<\/li>\n\n\n\n<li>de la personalul din sta\u0163ii.<\/li>\n<\/ul>\n\n\n\n<p><strong>CITE\u0218TE \u0218I: <a href=\"https:\/\/buletin.de\/bucuresti\/sector-1-ajutor-de-11-milioane-de-euro-catre-institutul-ana-aslan-spitalul-de-copii-grigore-alexandrescu-primeste-400-de-mii-de-euro\/\">Sector 1 | Ajutor de 1,1 milioane de euro c\u0103tre Institutul \u201eAna Aslan\u201d. Spitalul de Copii \u201eGrigore Alexandrescu\u201d prime\u0219te 400 de mii de euro<\/a><\/strong><\/p>\n","protected":false},"excerpt":{"rendered":"<p>CFR C\u0103l\u0103tori modific\u0103 circula\u021bia a 24 de trenuri cu opriri \u00een Gara de Nord \u00een luna februarie, potrivit unui comunicat de pres\u0103. Operatorul na\u021bional pune schimb\u0103rile pe seama unor interven\u021bii ce vor avea loc la infrastructura de cale ferat\u0103. Primele trenuri afectate IR 16021 \u0219i IR 16023, pe rela\u021bia Bucure\u0219ti Nord &#8211; Timi\u0219oara, care vor [&hellip;]<\/p>\n","protected":false},"author":61,"featured_media":170243,"comment_status":"closed","ping_status":"open","sticky":false,"template":"","format":"standard","meta":{"_acf_changed":false,"inline_featured_image":false,"ngg_post_thumbnail":0,"footnotes":""},"categories":[6994,62,650],"tags":[599,5871,1941,2440],"ppma_author":[22577],"class_list":["post-170225","post","type-post","status-publish","format-standard","has-post-thumbnail","hentry","category-stiri-2","category-stiri","category-transport","tag-cfr","tag-cfr-calatori-2","tag-gara-de-nord","tag-trenuri"],"acf":[],"yoast_head":"<!-- This site is optimized with the Yoast SEO Premium plugin v25.3 (Yoast SEO v27.5) - https:\/\/yoast.com\/product\/yoast-seo-premium-wordpress\/ -->\n<title>CFR C\u0103l\u0103tori modific\u0103 circula\u021bia a 24 de trenuri din Gara de Nord - Buletin de Bucure\u0219ti<\/title>\n<meta name=\"description\" content=\"CFR C\u0103l\u0103tori modific\u0103 circula\u021bia a 24 de trenuri cu opriri \u00een Gara de Nord \u00een luna februarie, potrivit unui comunicat de pres\u0103.\" \/>\n<meta name=\"robots\" content=\"index, follow, max-snippet:-1, max-image-preview:large, max-video-preview:-1\" \/>\n<link rel=\"canonical\" href=\"https:\/\/buletin.de\/bucuresti\/cfr-calatori-modifica-circulatia-a-24-de-trenuri-din-gara-de-nord\/\" \/>\n<meta property=\"og:locale\" content=\"en_GB\" \/>\n<meta property=\"og:type\" content=\"article\" \/>\n<meta property=\"og:title\" content=\"CFR C\u0103l\u0103tori modific\u0103 circula\u021bia a 24 de trenuri din Gara de Nord\" \/>\n<meta property=\"og:description\" content=\"CFR C\u0103l\u0103tori modific\u0103 circula\u021bia a 24 de trenuri cu opriri \u00een Gara de Nord \u00een luna februarie, potrivit unui comunicat de pres\u0103.\" \/>\n<meta property=\"og:url\" content=\"https:\/\/buletin.de\/bucuresti\/cfr-calatori-modifica-circulatia-a-24-de-trenuri-din-gara-de-nord\/\" \/>\n<meta property=\"og:site_name\" content=\"Buletin de Bucure\u0219ti\" \/>\n<meta property=\"article:publisher\" content=\"https:\/\/www.facebook.com\/buletin.de.buc\" \/>\n<meta property=\"article:published_time\" content=\"2026-01-30T04:45:35+00:00\" \/>\n<meta property=\"article:modified_time\" content=\"2026-01-30T04:45:36+00:00\" \/>\n<meta property=\"og:image\" content=\"https:\/\/buletin.de\/bucuresti\/wp-content\/uploads\/2026\/01\/ID264270_INQUAM_Photos_George_Calin-1000x667.jpg\" \/>\n\t<meta property=\"og:image:width\" content=\"1000\" \/>\n\t<meta property=\"og:image:height\" content=\"667\" \/>\n\t<meta property=\"og:image:type\" content=\"image\/jpeg\" \/>\n<meta name=\"author\" content=\"Alexandru Stan\" \/>\n<meta name=\"twitter:card\" content=\"summary_large_image\" \/>\n<meta name=\"twitter:label1\" content=\"Written by\" \/>\n\t<meta name=\"twitter:data1\" content=\"Alexandru Stan\" \/>\n\t<meta name=\"twitter:label2\" content=\"Estimated reading time\" \/>\n\t<meta name=\"twitter:data2\" content=\"7 minutes\" \/>\n<script type=\"application\/ld+json\" class=\"yoast-schema-graph\">{\"@context\":\"https:\\\/\\\/schema.org\",\"@graph\":[{\"@type\":\"Article\",\"@id\":\"https:\\\/\\\/buletin.de\\\/bucuresti\\\/cfr-calatori-modifica-circulatia-a-24-de-trenuri-din-gara-de-nord\\\/#article\",\"isPartOf\":{\"@id\":\"https:\\\/\\\/buletin.de\\\/bucuresti\\\/cfr-calatori-modifica-circulatia-a-24-de-trenuri-din-gara-de-nord\\\/\"},\"author\":{\"name\":\"Alexandru Stan\",\"@id\":\"https:\\\/\\\/buletin.de\\\/bucuresti\\\/#\\\/schema\\\/person\\\/104a46bbe8be6e336fecf63974383951\"},\"headline\":\"CFR C\u0103l\u0103tori modific\u0103 circula\u021bia a 24 de trenuri din Gara de Nord\",\"datePublished\":\"2026-01-30T04:45:35+00:00\",\"dateModified\":\"2026-01-30T04:45:36+00:00\",\"mainEntityOfPage\":{\"@id\":\"https:\\\/\\\/buletin.de\\\/bucuresti\\\/cfr-calatori-modifica-circulatia-a-24-de-trenuri-din-gara-de-nord\\\/\"},\"wordCount\":1508,\"publisher\":{\"@id\":\"https:\\\/\\\/buletin.de\\\/bucuresti\\\/#organization\"},\"image\":{\"@id\":\"https:\\\/\\\/buletin.de\\\/bucuresti\\\/cfr-calatori-modifica-circulatia-a-24-de-trenuri-din-gara-de-nord\\\/#primaryimage\"},\"thumbnailUrl\":\"https:\\\/\\\/buletin.de\\\/bucuresti\\\/wp-content\\\/uploads\\\/2026\\\/01\\\/ID264270_INQUAM_Photos_George_Calin.jpg\",\"keywords\":[\"cfr\",\"CFR Calatori\",\"gara de nord\",\"trenuri\"],\"articleSection\":[\"Articole\",\"\u0218tiri\",\"Transport\"],\"inLanguage\":\"en-GB\",\"copyrightYear\":\"2026\",\"copyrightHolder\":{\"@id\":\"https:\\\/\\\/buletin.de\\\/bucuresti\\\/#organization\"}},{\"@type\":\"WebPage\",\"@id\":\"https:\\\/\\\/buletin.de\\\/bucuresti\\\/cfr-calatori-modifica-circulatia-a-24-de-trenuri-din-gara-de-nord\\\/\",\"url\":\"https:\\\/\\\/buletin.de\\\/bucuresti\\\/cfr-calatori-modifica-circulatia-a-24-de-trenuri-din-gara-de-nord\\\/\",\"name\":\"CFR C\u0103l\u0103tori modific\u0103 circula\u021bia a 24 de trenuri din Gara de Nord - Buletin de Bucure\u0219ti\",\"isPartOf\":{\"@id\":\"https:\\\/\\\/buletin.de\\\/bucuresti\\\/#website\"},\"primaryImageOfPage\":{\"@id\":\"https:\\\/\\\/buletin.de\\\/bucuresti\\\/cfr-calatori-modifica-circulatia-a-24-de-trenuri-din-gara-de-nord\\\/#primaryimage\"},\"image\":{\"@id\":\"https:\\\/\\\/buletin.de\\\/bucuresti\\\/cfr-calatori-modifica-circulatia-a-24-de-trenuri-din-gara-de-nord\\\/#primaryimage\"},\"thumbnailUrl\":\"https:\\\/\\\/buletin.de\\\/bucuresti\\\/wp-content\\\/uploads\\\/2026\\\/01\\\/ID264270_INQUAM_Photos_George_Calin.jpg\",\"datePublished\":\"2026-01-30T04:45:35+00:00\",\"dateModified\":\"2026-01-30T04:45:36+00:00\",\"description\":\"CFR C\u0103l\u0103tori modific\u0103 circula\u021bia a 24 de trenuri cu opriri \u00een Gara de Nord \u00een luna februarie, potrivit unui comunicat de pres\u0103.\",\"breadcrumb\":{\"@id\":\"https:\\\/\\\/buletin.de\\\/bucuresti\\\/cfr-calatori-modifica-circulatia-a-24-de-trenuri-din-gara-de-nord\\\/#breadcrumb\"},\"inLanguage\":\"en-GB\",\"potentialAction\":[{\"@type\":\"ReadAction\",\"target\":[\"https:\\\/\\\/buletin.de\\\/bucuresti\\\/cfr-calatori-modifica-circulatia-a-24-de-trenuri-din-gara-de-nord\\\/\"]}]},{\"@type\":\"ImageObject\",\"inLanguage\":\"en-GB\",\"@id\":\"https:\\\/\\\/buletin.de\\\/bucuresti\\\/cfr-calatori-modifica-circulatia-a-24-de-trenuri-din-gara-de-nord\\\/#primaryimage\",\"url\":\"https:\\\/\\\/buletin.de\\\/bucuresti\\\/wp-content\\\/uploads\\\/2026\\\/01\\\/ID264270_INQUAM_Photos_George_Calin.jpg\",\"contentUrl\":\"https:\\\/\\\/buletin.de\\\/bucuresti\\\/wp-content\\\/uploads\\\/2026\\\/01\\\/ID264270_INQUAM_Photos_George_Calin.jpg\",\"width\":8192,\"height\":5464,\"caption\":\"CFR C\u0103l\u0103tori modific\u0103 circula\u021bia a 24 de trenuri cu opriri \u00een Gara de Nord \u00een luna februarie | FOTO: Inquam Photos \\\/ George C\u0103lin\"},{\"@type\":\"BreadcrumbList\",\"@id\":\"https:\\\/\\\/buletin.de\\\/bucuresti\\\/cfr-calatori-modifica-circulatia-a-24-de-trenuri-din-gara-de-nord\\\/#breadcrumb\",\"itemListElement\":[{\"@type\":\"ListItem\",\"position\":1,\"name\":\"Acas\u0103\",\"item\":\"https:\\\/\\\/buletin.de\\\/bucuresti\\\/\"},{\"@type\":\"ListItem\",\"position\":2,\"name\":\"CFR C\u0103l\u0103tori modific\u0103 circula\u021bia a 24 de trenuri din Gara de Nord\"}]},{\"@type\":\"WebSite\",\"@id\":\"https:\\\/\\\/buletin.de\\\/bucuresti\\\/#website\",\"url\":\"https:\\\/\\\/buletin.de\\\/bucuresti\\\/\",\"name\":\"Buletin de Bucure\u0219ti\",\"description\":\"\u0218tiri \u0219i investiga\u021bii esen\u021biale din capital\u0103\",\"publisher\":{\"@id\":\"https:\\\/\\\/buletin.de\\\/bucuresti\\\/#organization\"},\"potentialAction\":[{\"@type\":\"SearchAction\",\"target\":{\"@type\":\"EntryPoint\",\"urlTemplate\":\"https:\\\/\\\/buletin.de\\\/bucuresti\\\/?s={search_term_string}\"},\"query-input\":{\"@type\":\"PropertyValueSpecification\",\"valueRequired\":true,\"valueName\":\"search_term_string\"}}],\"inLanguage\":\"en-GB\"},{\"@type\":\"Organization\",\"@id\":\"https:\\\/\\\/buletin.de\\\/bucuresti\\\/#organization\",\"name\":\"Buletin de Bucure\u0219ti\",\"url\":\"https:\\\/\\\/buletin.de\\\/bucuresti\\\/\",\"logo\":{\"@type\":\"ImageObject\",\"inLanguage\":\"en-GB\",\"@id\":\"https:\\\/\\\/buletin.de\\\/bucuresti\\\/#\\\/schema\\\/logo\\\/image\\\/\",\"url\":\"https:\\\/\\\/buletin.de\\\/bucuresti\\\/wp-content\\\/uploads\\\/logo-bdb-full-wide-vernil-transparent.png\",\"contentUrl\":\"https:\\\/\\\/buletin.de\\\/bucuresti\\\/wp-content\\\/uploads\\\/logo-bdb-full-wide-vernil-transparent.png\",\"width\":1782,\"height\":626,\"caption\":\"Buletin de Bucure\u0219ti\"},\"image\":{\"@id\":\"https:\\\/\\\/buletin.de\\\/bucuresti\\\/#\\\/schema\\\/logo\\\/image\\\/\"},\"sameAs\":[\"https:\\\/\\\/www.facebook.com\\\/buletin.de.buc\",\"https:\\\/\\\/www.instagram.com\\\/buletinde.bucuresti\\\/\"]},{\"@type\":\"Person\",\"@id\":\"https:\\\/\\\/buletin.de\\\/bucuresti\\\/#\\\/schema\\\/person\\\/104a46bbe8be6e336fecf63974383951\",\"name\":\"Alexandru Stan\",\"image\":{\"@type\":\"ImageObject\",\"inLanguage\":\"en-GB\",\"@id\":\"https:\\\/\\\/buletin.de\\\/bucuresti\\\/wp-content\\\/uploads\\\/2025\\\/12\\\/IMG-20251216-WA0045-e1766134343668-96x96.jpgd0ca12809ae3e1d27116a2afe8926544\",\"url\":\"https:\\\/\\\/buletin.de\\\/bucuresti\\\/wp-content\\\/uploads\\\/2025\\\/12\\\/IMG-20251216-WA0045-e1766134343668-96x96.jpg\",\"contentUrl\":\"https:\\\/\\\/buletin.de\\\/bucuresti\\\/wp-content\\\/uploads\\\/2025\\\/12\\\/IMG-20251216-WA0045-e1766134343668-96x96.jpg\",\"caption\":\"Alexandru Stan\"},\"description\":\"Sunt elev la un colegiu de prestigiu din Capital\u0103 \u0219i reporter la Buletin de Bucure\u0219ti. M-am n\u0103scut \u0219i am crescut cu m\u00e2ndrie \u00een Capital\u0103, ora\u0219 al pove\u0219tilor, al tramvaiului tras de cai \u0219i al c\u0103su\u021belor cu porti\u021b\u0103 \u0219i ci\u0219mea. Prin articolele mele, m\u0103 str\u0103duiesc s\u0103 descriu cu acurate\u021be via\u021ba din Bucure\u0219ti pe ecranele cititorilor no\u0219tri \u0219i \u00eencerc totodat\u0103 s\u0103 fac accesibile subiecte de interes general tuturor, de la mic la mare.\",\"url\":\"https:\\\/\\\/buletin.de\\\/bucuresti\\\/author\\\/alexandru-stan\\\/\"}]}<\/script>\n<!-- \/ Yoast SEO Premium plugin. -->","yoast_head_json":{"title":"CFR C\u0103l\u0103tori modific\u0103 circula\u021bia a 24 de trenuri din Gara de Nord - Buletin de Bucure\u0219ti","description":"CFR C\u0103l\u0103tori modific\u0103 circula\u021bia a 24 de trenuri cu opriri \u00een Gara de Nord \u00een luna februarie, potrivit unui comunicat de pres\u0103.","robots":{"index":"index","follow":"follow","max-snippet":"max-snippet:-1","max-image-preview":"max-image-preview:large","max-video-preview":"max-video-preview:-1"},"canonical":"https:\/\/buletin.de\/bucuresti\/cfr-calatori-modifica-circulatia-a-24-de-trenuri-din-gara-de-nord\/","og_locale":"en_GB","og_type":"article","og_title":"CFR C\u0103l\u0103tori modific\u0103 circula\u021bia a 24 de trenuri din Gara de Nord","og_description":"CFR C\u0103l\u0103tori modific\u0103 circula\u021bia a 24 de trenuri cu opriri \u00een Gara de Nord \u00een luna februarie, potrivit unui comunicat de pres\u0103.","og_url":"https:\/\/buletin.de\/bucuresti\/cfr-calatori-modifica-circulatia-a-24-de-trenuri-din-gara-de-nord\/","og_site_name":"Buletin de Bucure\u0219ti","article_publisher":"https:\/\/www.facebook.com\/buletin.de.buc","article_published_time":"2026-01-30T04:45:35+00:00","article_modified_time":"2026-01-30T04:45:36+00:00","og_image":[{"width":1000,"height":667,"url":"https:\/\/buletin.de\/bucuresti\/wp-content\/uploads\/2026\/01\/ID264270_INQUAM_Photos_George_Calin-1000x667.jpg","type":"image\/jpeg"}],"author":"Alexandru Stan","twitter_card":"summary_large_image","twitter_misc":{"Written by":"Alexandru Stan","Estimated reading time":"7 minutes"},"schema":{"@context":"https:\/\/schema.org","@graph":[{"@type":"Article","@id":"https:\/\/buletin.de\/bucuresti\/cfr-calatori-modifica-circulatia-a-24-de-trenuri-din-gara-de-nord\/#article","isPartOf":{"@id":"https:\/\/buletin.de\/bucuresti\/cfr-calatori-modifica-circulatia-a-24-de-trenuri-din-gara-de-nord\/"},"author":{"name":"Alexandru Stan","@id":"https:\/\/buletin.de\/bucuresti\/#\/schema\/person\/104a46bbe8be6e336fecf63974383951"},"headline":"CFR C\u0103l\u0103tori modific\u0103 circula\u021bia a 24 de trenuri din Gara de Nord","datePublished":"2026-01-30T04:45:35+00:00","dateModified":"2026-01-30T04:45:36+00:00","mainEntityOfPage":{"@id":"https:\/\/buletin.de\/bucuresti\/cfr-calatori-modifica-circulatia-a-24-de-trenuri-din-gara-de-nord\/"},"wordCount":1508,"publisher":{"@id":"https:\/\/buletin.de\/bucuresti\/#organization"},"image":{"@id":"https:\/\/buletin.de\/bucuresti\/cfr-calatori-modifica-circulatia-a-24-de-trenuri-din-gara-de-nord\/#primaryimage"},"thumbnailUrl":"https:\/\/buletin.de\/bucuresti\/wp-content\/uploads\/2026\/01\/ID264270_INQUAM_Photos_George_Calin.jpg","keywords":["cfr","CFR Calatori","gara de nord","trenuri"],"articleSection":["Articole","\u0218tiri","Transport"],"inLanguage":"en-GB","copyrightYear":"2026","copyrightHolder":{"@id":"https:\/\/buletin.de\/bucuresti\/#organization"}},{"@type":"WebPage","@id":"https:\/\/buletin.de\/bucuresti\/cfr-calatori-modifica-circulatia-a-24-de-trenuri-din-gara-de-nord\/","url":"https:\/\/buletin.de\/bucuresti\/cfr-calatori-modifica-circulatia-a-24-de-trenuri-din-gara-de-nord\/","name":"CFR C\u0103l\u0103tori modific\u0103 circula\u021bia a 24 de trenuri din Gara de Nord - Buletin de Bucure\u0219ti","isPartOf":{"@id":"https:\/\/buletin.de\/bucuresti\/#website"},"primaryImageOfPage":{"@id":"https:\/\/buletin.de\/bucuresti\/cfr-calatori-modifica-circulatia-a-24-de-trenuri-din-gara-de-nord\/#primaryimage"},"image":{"@id":"https:\/\/buletin.de\/bucuresti\/cfr-calatori-modifica-circulatia-a-24-de-trenuri-din-gara-de-nord\/#primaryimage"},"thumbnailUrl":"https:\/\/buletin.de\/bucuresti\/wp-content\/uploads\/2026\/01\/ID264270_INQUAM_Photos_George_Calin.jpg","datePublished":"2026-01-30T04:45:35+00:00","dateModified":"2026-01-30T04:45:36+00:00","description":"CFR C\u0103l\u0103tori modific\u0103 circula\u021bia a 24 de trenuri cu opriri \u00een Gara de Nord \u00een luna februarie, potrivit unui comunicat de pres\u0103.","breadcrumb":{"@id":"https:\/\/buletin.de\/bucuresti\/cfr-calatori-modifica-circulatia-a-24-de-trenuri-din-gara-de-nord\/#breadcrumb"},"inLanguage":"en-GB","potentialAction":[{"@type":"ReadAction","target":["https:\/\/buletin.de\/bucuresti\/cfr-calatori-modifica-circulatia-a-24-de-trenuri-din-gara-de-nord\/"]}]},{"@type":"ImageObject","inLanguage":"en-GB","@id":"https:\/\/buletin.de\/bucuresti\/cfr-calatori-modifica-circulatia-a-24-de-trenuri-din-gara-de-nord\/#primaryimage","url":"https:\/\/buletin.de\/bucuresti\/wp-content\/uploads\/2026\/01\/ID264270_INQUAM_Photos_George_Calin.jpg","contentUrl":"https:\/\/buletin.de\/bucuresti\/wp-content\/uploads\/2026\/01\/ID264270_INQUAM_Photos_George_Calin.jpg","width":8192,"height":5464,"caption":"CFR C\u0103l\u0103tori modific\u0103 circula\u021bia a 24 de trenuri cu opriri \u00een Gara de Nord \u00een luna februarie | FOTO: Inquam Photos \/ George C\u0103lin"},{"@type":"BreadcrumbList","@id":"https:\/\/buletin.de\/bucuresti\/cfr-calatori-modifica-circulatia-a-24-de-trenuri-din-gara-de-nord\/#breadcrumb","itemListElement":[{"@type":"ListItem","position":1,"name":"Acas\u0103","item":"https:\/\/buletin.de\/bucuresti\/"},{"@type":"ListItem","position":2,"name":"CFR C\u0103l\u0103tori modific\u0103 circula\u021bia a 24 de trenuri din Gara de Nord"}]},{"@type":"WebSite","@id":"https:\/\/buletin.de\/bucuresti\/#website","url":"https:\/\/buletin.de\/bucuresti\/","name":"Buletin de Bucure\u0219ti","description":"\u0218tiri \u0219i investiga\u021bii esen\u021biale din capital\u0103","publisher":{"@id":"https:\/\/buletin.de\/bucuresti\/#organization"},"potentialAction":[{"@type":"SearchAction","target":{"@type":"EntryPoint","urlTemplate":"https:\/\/buletin.de\/bucuresti\/?s={search_term_string}"},"query-input":{"@type":"PropertyValueSpecification","valueRequired":true,"valueName":"search_term_string"}}],"inLanguage":"en-GB"},{"@type":"Organization","@id":"https:\/\/buletin.de\/bucuresti\/#organization","name":"Buletin de Bucure\u0219ti","url":"https:\/\/buletin.de\/bucuresti\/","logo":{"@type":"ImageObject","inLanguage":"en-GB","@id":"https:\/\/buletin.de\/bucuresti\/#\/schema\/logo\/image\/","url":"https:\/\/buletin.de\/bucuresti\/wp-content\/uploads\/logo-bdb-full-wide-vernil-transparent.png","contentUrl":"https:\/\/buletin.de\/bucuresti\/wp-content\/uploads\/logo-bdb-full-wide-vernil-transparent.png","width":1782,"height":626,"caption":"Buletin de Bucure\u0219ti"},"image":{"@id":"https:\/\/buletin.de\/bucuresti\/#\/schema\/logo\/image\/"},"sameAs":["https:\/\/www.facebook.com\/buletin.de.buc","https:\/\/www.instagram.com\/buletinde.bucuresti\/"]},{"@type":"Person","@id":"https:\/\/buletin.de\/bucuresti\/#\/schema\/person\/104a46bbe8be6e336fecf63974383951","name":"Alexandru Stan","image":{"@type":"ImageObject","inLanguage":"en-GB","@id":"https:\/\/buletin.de\/bucuresti\/wp-content\/uploads\/2025\/12\/IMG-20251216-WA0045-e1766134343668-96x96.jpgd0ca12809ae3e1d27116a2afe8926544","url":"https:\/\/buletin.de\/bucuresti\/wp-content\/uploads\/2025\/12\/IMG-20251216-WA0045-e1766134343668-96x96.jpg","contentUrl":"https:\/\/buletin.de\/bucuresti\/wp-content\/uploads\/2025\/12\/IMG-20251216-WA0045-e1766134343668-96x96.jpg","caption":"Alexandru Stan"},"description":"Sunt elev la un colegiu de prestigiu din Capital\u0103 \u0219i reporter la Buletin de Bucure\u0219ti. M-am n\u0103scut \u0219i am crescut cu m\u00e2ndrie \u00een Capital\u0103, ora\u0219 al pove\u0219tilor, al tramvaiului tras de cai \u0219i al c\u0103su\u021belor cu porti\u021b\u0103 \u0219i ci\u0219mea. Prin articolele mele, m\u0103 str\u0103duiesc s\u0103 descriu cu acurate\u021be via\u021ba din Bucure\u0219ti pe ecranele cititorilor no\u0219tri \u0219i \u00eencerc totodat\u0103 s\u0103 fac accesibile subiecte de interes general tuturor, de la mic la mare.","url":"https:\/\/buletin.de\/bucuresti\/author\/alexandru-stan\/"}]}},"authors":[{"term_id":22577,"user_id":61,"is_guest":0,"slug":"alexandru-stan","display_name":"Alexandru Stan","avatar_url":"https:\/\/buletin.de\/bucuresti\/wp-content\/uploads\/2025\/12\/IMG-20251216-WA0045-e1766134343668-96x96.jpg","0":null,"1":"","2":"","3":"","4":"","5":"","6":"","7":"","8":""}],"_links":{"self":[{"href":"https:\/\/buletin.de\/bucuresti\/wp-json\/wp\/v2\/posts\/170225","targetHints":{"allow":["GET"]}}],"collection":[{"href":"https:\/\/buletin.de\/bucuresti\/wp-json\/wp\/v2\/posts"}],"about":[{"href":"https:\/\/buletin.de\/bucuresti\/wp-json\/wp\/v2\/types\/post"}],"author":[{"embeddable":true,"href":"https:\/\/buletin.de\/bucuresti\/wp-json\/wp\/v2\/users\/61"}],"replies":[{"embeddable":true,"href":"https:\/\/buletin.de\/bucuresti\/wp-json\/wp\/v2\/comments?post=170225"}],"version-history":[{"count":6,"href":"https:\/\/buletin.de\/bucuresti\/wp-json\/wp\/v2\/posts\/170225\/revisions"}],"predecessor-version":[{"id":170379,"href":"https:\/\/buletin.de\/bucuresti\/wp-json\/wp\/v2\/posts\/170225\/revisions\/170379"}],"wp:featuredmedia":[{"embeddable":true,"href":"https:\/\/buletin.de\/bucuresti\/wp-json\/wp\/v2\/media\/170243"}],"wp:attachment":[{"href":"https:\/\/buletin.de\/bucuresti\/wp-json\/wp\/v2\/media?parent=170225"}],"wp:term":[{"taxonomy":"category","embeddable":true,"href":"https:\/\/buletin.de\/bucuresti\/wp-json\/wp\/v2\/categories?post=170225"},{"taxonomy":"post_tag","embeddable":true,"href":"https:\/\/buletin.de\/bucuresti\/wp-json\/wp\/v2\/tags?post=170225"},{"taxonomy":"author","embeddable":true,"href":"https:\/\/buletin.de\/bucuresti\/wp-json\/wp\/v2\/ppma_author?post=170225"}],"curies":[{"name":"wp","href":"https:\/\/api.w.org\/{rel}","templated":true}]}}