{"id":170171,"date":"2026-01-31T03:24:00","date_gmt":"2026-01-31T00:24:00","guid":{"rendered":"https:\/\/buletin.de\/bucuresti\/?p=170171"},"modified":"2026-01-30T07:50:36","modified_gmt":"2026-01-30T04:50:36","slug":"sector-1-inscrierile-in-programul-de-modernizare-a-lifturilor-pentru-asociatiile-de-proprietari-incep-duminica","status":"publish","type":"post","link":"https:\/\/buletin.de\/bucuresti\/sector-1-inscrierile-in-programul-de-modernizare-a-lifturilor-pentru-asociatiile-de-proprietari-incep-duminica\/","title":{"rendered":"Sector 1 | \u00censcrierile \u00een programul de modernizare a lifturilor pentru asocia\u021biile de proprietari \u00eencep duminic\u0103"},"content":{"rendered":"\n<p><strong>\u00censcrierile \u00een programul de modernizare a lifturilor pentru asocia\u021biile de proprietari din Sectorul 1 \u00eencep duminic\u0103, potrivit unui comunicat de pres\u0103 al <a href=\"https:\/\/primariasector1.ro\/\">administra\u021biei locale<\/a>. Pentru depunerea dosarului este necesar votul locatarilor \u00een adunarea general\u0103.<\/strong><\/p>\n\n\n\n<p>Lucr\u0103rile din acest proiect prev\u0103d interven\u021bii asupra ascensoarelor existente \u0219i au ca scop cre\u0219terea eficien\u021bei energetice \u0219i al siguran\u021bei \u00een exploatare. Interven\u021biile vor avea loc doar asupra aparatelor \u0219i a p\u0103r\u021bilor comune din bloc, f\u0103r\u0103 ca apartamentele s\u0103 fie afectate \u00een vreun fel.<\/p>\n\n\n\n<p><em>\u201eAsocia\u021biile de proprietari vor primi, p\u00e2n\u0103 la finalul acestei s\u0103pt\u0103m\u00e2ni, at\u00e2t \u00een\u0219tiin\u021b\u0103rile privind lansarea subprogramului, c\u00e2t \u0219i modelele documentelor necesare \u00eenscrierii \u00een program: model cerere de \u00eenscriere; model hot\u0103r\u00e2re a Adun\u0103rii Generale a Proprietarilor; contract de mandat, \u00een dou\u0103 exemplare; lista proprietarilor din condominiu; model fi\u0219\u0103 tehnic\u0103.\u201d<\/em> au precizat reprezentan\u021bii prim\u0103riei de sector.<\/p>\n\n\n\n<p>De asemenea, aceea\u0219i surs\u0103 mai men\u021bioneaz\u0103 faptul c\u0103 asocia\u021biile de proprietari trebuie s\u0103 contribuie cu 10% din costul final al lucr\u0103rilor de interven\u021bie, propor\u021bional cu cota-parte aferent\u0103 fiec\u0103rei propriet\u0103\u021bi individuale. Prim\u0103ria estimeaz\u0103 costurile aferente execu\u021biei la 381 milioane de lei, urm\u00e2nd ca 1.428 de lifturi s\u0103 fie schimbate.<\/p>\n\n\n\n<p><strong>CITE\u0218TE \u0218I:\u00a0<a href=\"https:\/\/buletin.de\/bucuresti\/analiza-biletul-stb-vs-transportul-in-comun-in-restul-capitalelor-europene-ce-preturi-sunt-in-zagreb-sofia-londra-atena-kiev-si-chisinau\/\">ANALIZ\u0102 | Biletul STB vs. transportul \u00een comun \u00een restul capitalelor europene. Ce pre\u021buri sunt \u00een Zagreb, Sofia, Londra, Atena, Kiev \u0219i Chi\u0219in\u0103u<\/a><\/strong><\/p>\n\n\n\n<h2 class=\"wp-block-heading\" id=\"h-ce-documente-sunt-necesare-pentru-inscriere\">Ce documente sunt necesare pentru \u00eenscriere<\/h2>\n\n\n\n<p>Pentru a putea fi incluse \u00een program, asocia\u021biile de proprietari din fiecare bloc sunt nevoite s\u0103 \u00eentocmeasc\u0103 un dosar \u00een termen de 30 de zile de la primirea comunic\u0103rii emise de prim\u0103rie. Acesta trebuie s\u0103 cuprind\u0103 o serie de documente, dup\u0103 cum urmeaz\u0103:<\/p>\n\n\n\n<ul class=\"wp-block-list\">\n<li><strong>\u00cencheierea judec\u0103toreasc\u0103 de \u00eenfiin\u021bare a Asocia\u021biei de proprietari<\/strong>, \u00een copie;<\/li>\n\n\n\n<li><strong>Procesul-verbal de alegere a Pre\u0219edintelui<\/strong>, \u00een copie conform\u0103 cu originalul;<\/li>\n\n\n\n<li><strong>Hot\u0103r\u00e2rea Adun\u0103rii Generale a Asocia\u021biei de Proprietari<\/strong> privind \u00eenscrierea \u00een Subprogram, de luare la cuno\u0219tin\u021b\u0103 a indicatorilor tehnico-economici aferen\u021bi blocului\/sc\u0103rii de locuin\u021be \u0219i de exprimare a acordului asupra nivelului maximal al cheltuielilor corespunz\u0103toare cotei de finan\u021bare ce revine Asocia\u021biei de proprietari, hot\u0103r\u00e2re ce va fi adoptat\u0103 cu votul a dou\u0103 treimi din num\u0103rul total al proprietarilor din imobil, \u00een copie conform\u0103 cu originalul;<\/li>\n\n\n\n<li><strong>Contractul de mandat<\/strong>, semnat de Pre\u0219edintele Asocia\u021biei, prin care se mandateaz\u0103 coordonatorul local\/primarul pentru stabilirea m\u0103surilor \u0219i ac\u021biunilor conform OUG nr. 18\/2009, \u00een original;<\/li>\n\n\n\n<li><strong>Lista proprietarilor din condominiu<\/strong>, cu semn\u0103turile olografe ale acestora, \u00eenso\u021bit\u0103 de precizarea destina\u021biei cotelor de\u021binute din spa\u021biile imobilului, \u00een original;<\/li>\n\n\n\n<li><strong>Fi\u0219a tehnic\u0103 a imobilului (dac\u0103 exist\u0103)<\/strong>, \u00een copie conform\u0103 cu originalul.<\/li>\n<\/ul>\n\n\n\n<p>Dac\u0103 \u00eentr-un bloc func\u021bioneaz\u0103 mai multe asocia\u021bii, \u00eenscrierea se va face cu condi\u021bia ca toate organiza\u021biile s\u0103 depun\u0103 documenta\u021bii similare, cu documentele de mai sus. <\/p>\n\n\n\n<p>Dosarul complet se depune la sediul prim\u0103riei din Pia\u021ba Mure\u0219 nr. 18. Pentru a evita aglomera\u021bia de la ghi\u0219ee, reprezentan\u021bii organismelor de reprezentare a locatarilor sunt sf\u0103tui\u021bi s\u0103 \u00ee\u0219i fac\u0103 programare, pe platforma programare.primariasector1.ro. <\/p>\n\n\n\n<p>Mai multe informa\u021bii sunt disponibile la adresa de email lifturi@primarias1.ro \u0219i telefonic, la num\u0103rul 021.319.10.13 int. 214.<\/p>\n\n\n\n<p><strong>CITE\u0218TE \u0218I: <a href=\"https:\/\/buletin.de\/bucuresti\/justitia-pe-pauza-la-otopeni-procesul-primarului-gheorghe-blocat-de-lipsa-de-aparare-pentru-a-treia-oara-consecutiv-dupa-descinderile-dna-din-2022-judecata-inca-nu-a-inceput\/\">Justi\u021bia, pe pauz\u0103 la Otopeni | Procesul primarului Gheorghe, blocat de \u201elipsa de ap\u0103rare\u201d pentru a treia oar\u0103 consecutiv. Dup\u0103 descinderile DNA din 2022, judecata \u00eenc\u0103 nu a \u00eenceput<\/a><\/strong><\/p>\n","protected":false},"excerpt":{"rendered":"<p>\u00censcrierile \u00een programul de modernizare a lifturilor pentru asocia\u021biile de proprietari din Sectorul 1 \u00eencep duminic\u0103, potrivit unui comunicat de pres\u0103 al administra\u021biei locale. Pentru depunerea dosarului este necesar votul locatarilor \u00een adunarea general\u0103. Lucr\u0103rile din acest proiect prev\u0103d interven\u021bii asupra ascensoarelor existente \u0219i au ca scop cre\u0219terea eficien\u021bei energetice \u0219i al siguran\u021bei \u00een exploatare. [&hellip;]<\/p>\n","protected":false},"author":61,"featured_media":170204,"comment_status":"closed","ping_status":"open","sticky":false,"template":"","format":"standard","meta":{"_acf_changed":false,"inline_featured_image":false,"ngg_post_thumbnail":0,"footnotes":""},"categories":[6994,5762,24],"tags":[26107,17412,308],"ppma_author":[22577],"class_list":["post-170171","post","type-post","status-publish","format-standard","has-post-thumbnail","hentry","category-stiri-2","category-main","category-primarie","tag-modernizare-lifturi","tag-ps1","tag-sector-1"],"acf":[],"yoast_head":"<!-- This site is optimized with the Yoast SEO Premium plugin v25.3 (Yoast SEO v27.5) - https:\/\/yoast.com\/product\/yoast-seo-premium-wordpress\/ -->\n<title>Sector 1 | \u00censcrierile \u00een programul de modernizare a lifturilor pentru asocia\u021biile de proprietari \u00eencep duminic\u0103 - Buletin de Bucure\u0219ti<\/title>\n<meta name=\"description\" content=\"\u00censcrierile \u00een programul de modernizare a lifturilor pentru asocia\u021biile de proprietari din Sectorul 1 \u00eencep duminic\u0103.\" \/>\n<meta name=\"robots\" content=\"index, follow, max-snippet:-1, max-image-preview:large, max-video-preview:-1\" \/>\n<link rel=\"canonical\" href=\"https:\/\/buletin.de\/bucuresti\/sector-1-inscrierile-in-programul-de-modernizare-a-lifturilor-pentru-asociatiile-de-proprietari-incep-duminica\/\" \/>\n<meta property=\"og:locale\" content=\"en_GB\" \/>\n<meta property=\"og:type\" content=\"article\" \/>\n<meta property=\"og:title\" content=\"Sector 1 | \u00censcrierile \u00een programul de modernizare a lifturilor pentru asocia\u021biile de proprietari \u00eencep duminic\u0103\" \/>\n<meta property=\"og:description\" content=\"\u00censcrierile \u00een programul de modernizare a lifturilor pentru asocia\u021biile de proprietari din Sectorul 1 \u00eencep duminic\u0103.\" \/>\n<meta property=\"og:url\" content=\"https:\/\/buletin.de\/bucuresti\/sector-1-inscrierile-in-programul-de-modernizare-a-lifturilor-pentru-asociatiile-de-proprietari-incep-duminica\/\" \/>\n<meta property=\"og:site_name\" content=\"Buletin de Bucure\u0219ti\" \/>\n<meta property=\"article:publisher\" content=\"https:\/\/www.facebook.com\/buletin.de.buc\" \/>\n<meta property=\"article:published_time\" content=\"2026-01-31T00:24:00+00:00\" \/>\n<meta property=\"og:image\" content=\"https:\/\/buletin.de\/bucuresti\/wp-content\/uploads\/2026\/01\/ID203192_INQUAM_Photos_Octav_Ganea-scaled.jpg\" \/>\n\t<meta property=\"og:image:width\" content=\"2560\" \/>\n\t<meta property=\"og:image:height\" content=\"1707\" \/>\n\t<meta property=\"og:image:type\" content=\"image\/jpeg\" \/>\n<meta name=\"author\" content=\"Alexandru Stan\" \/>\n<meta name=\"twitter:card\" content=\"summary_large_image\" \/>\n<meta name=\"twitter:label1\" content=\"Written by\" \/>\n\t<meta name=\"twitter:data1\" content=\"Alexandru Stan\" \/>\n\t<meta name=\"twitter:label2\" content=\"Estimated reading time\" \/>\n\t<meta name=\"twitter:data2\" content=\"3 minutes\" \/>\n<script type=\"application\/ld+json\" class=\"yoast-schema-graph\">{\"@context\":\"https:\\\/\\\/schema.org\",\"@graph\":[{\"@type\":\"Article\",\"@id\":\"https:\\\/\\\/buletin.de\\\/bucuresti\\\/sector-1-inscrierile-in-programul-de-modernizare-a-lifturilor-pentru-asociatiile-de-proprietari-incep-duminica\\\/#article\",\"isPartOf\":{\"@id\":\"https:\\\/\\\/buletin.de\\\/bucuresti\\\/sector-1-inscrierile-in-programul-de-modernizare-a-lifturilor-pentru-asociatiile-de-proprietari-incep-duminica\\\/\"},\"author\":{\"name\":\"Alexandru Stan\",\"@id\":\"https:\\\/\\\/buletin.de\\\/bucuresti\\\/#\\\/schema\\\/person\\\/104a46bbe8be6e336fecf63974383951\"},\"headline\":\"Sector 1 | \u00censcrierile \u00een programul de modernizare a lifturilor pentru asocia\u021biile de proprietari \u00eencep duminic\u0103\",\"datePublished\":\"2026-01-31T00:24:00+00:00\",\"mainEntityOfPage\":{\"@id\":\"https:\\\/\\\/buletin.de\\\/bucuresti\\\/sector-1-inscrierile-in-programul-de-modernizare-a-lifturilor-pentru-asociatiile-de-proprietari-incep-duminica\\\/\"},\"wordCount\":595,\"publisher\":{\"@id\":\"https:\\\/\\\/buletin.de\\\/bucuresti\\\/#organization\"},\"image\":{\"@id\":\"https:\\\/\\\/buletin.de\\\/bucuresti\\\/sector-1-inscrierile-in-programul-de-modernizare-a-lifturilor-pentru-asociatiile-de-proprietari-incep-duminica\\\/#primaryimage\"},\"thumbnailUrl\":\"https:\\\/\\\/buletin.de\\\/bucuresti\\\/wp-content\\\/uploads\\\/2026\\\/01\\\/ID203192_INQUAM_Photos_Octav_Ganea-scaled.jpg\",\"keywords\":[\"modernizare lifturi\",\"PS1\",\"Sector 1\"],\"articleSection\":[\"Articole\",\"Main\",\"Prim\u0103rie\"],\"inLanguage\":\"en-GB\",\"copyrightYear\":\"2026\",\"copyrightHolder\":{\"@id\":\"https:\\\/\\\/buletin.de\\\/bucuresti\\\/#organization\"}},{\"@type\":\"WebPage\",\"@id\":\"https:\\\/\\\/buletin.de\\\/bucuresti\\\/sector-1-inscrierile-in-programul-de-modernizare-a-lifturilor-pentru-asociatiile-de-proprietari-incep-duminica\\\/\",\"url\":\"https:\\\/\\\/buletin.de\\\/bucuresti\\\/sector-1-inscrierile-in-programul-de-modernizare-a-lifturilor-pentru-asociatiile-de-proprietari-incep-duminica\\\/\",\"name\":\"Sector 1 | \u00censcrierile \u00een programul de modernizare a lifturilor pentru asocia\u021biile de proprietari \u00eencep duminic\u0103 - Buletin de Bucure\u0219ti\",\"isPartOf\":{\"@id\":\"https:\\\/\\\/buletin.de\\\/bucuresti\\\/#website\"},\"primaryImageOfPage\":{\"@id\":\"https:\\\/\\\/buletin.de\\\/bucuresti\\\/sector-1-inscrierile-in-programul-de-modernizare-a-lifturilor-pentru-asociatiile-de-proprietari-incep-duminica\\\/#primaryimage\"},\"image\":{\"@id\":\"https:\\\/\\\/buletin.de\\\/bucuresti\\\/sector-1-inscrierile-in-programul-de-modernizare-a-lifturilor-pentru-asociatiile-de-proprietari-incep-duminica\\\/#primaryimage\"},\"thumbnailUrl\":\"https:\\\/\\\/buletin.de\\\/bucuresti\\\/wp-content\\\/uploads\\\/2026\\\/01\\\/ID203192_INQUAM_Photos_Octav_Ganea-scaled.jpg\",\"datePublished\":\"2026-01-31T00:24:00+00:00\",\"description\":\"\u00censcrierile \u00een programul de modernizare a lifturilor pentru asocia\u021biile de proprietari din Sectorul 1 \u00eencep duminic\u0103.\",\"breadcrumb\":{\"@id\":\"https:\\\/\\\/buletin.de\\\/bucuresti\\\/sector-1-inscrierile-in-programul-de-modernizare-a-lifturilor-pentru-asociatiile-de-proprietari-incep-duminica\\\/#breadcrumb\"},\"inLanguage\":\"en-GB\",\"potentialAction\":[{\"@type\":\"ReadAction\",\"target\":[\"https:\\\/\\\/buletin.de\\\/bucuresti\\\/sector-1-inscrierile-in-programul-de-modernizare-a-lifturilor-pentru-asociatiile-de-proprietari-incep-duminica\\\/\"]}]},{\"@type\":\"ImageObject\",\"inLanguage\":\"en-GB\",\"@id\":\"https:\\\/\\\/buletin.de\\\/bucuresti\\\/sector-1-inscrierile-in-programul-de-modernizare-a-lifturilor-pentru-asociatiile-de-proprietari-incep-duminica\\\/#primaryimage\",\"url\":\"https:\\\/\\\/buletin.de\\\/bucuresti\\\/wp-content\\\/uploads\\\/2026\\\/01\\\/ID203192_INQUAM_Photos_Octav_Ganea-scaled.jpg\",\"contentUrl\":\"https:\\\/\\\/buletin.de\\\/bucuresti\\\/wp-content\\\/uploads\\\/2026\\\/01\\\/ID203192_INQUAM_Photos_Octav_Ganea-scaled.jpg\",\"width\":2560,\"height\":1707,\"caption\":\"Sector 1 | \u00censcrierile \u00een programul de modernizare a lifturilor pentru asocia\u021biile de proprietari \u00eencep duminic\u0103 | FOTO: Inquam Photos \\\/ Octav Ganea\"},{\"@type\":\"BreadcrumbList\",\"@id\":\"https:\\\/\\\/buletin.de\\\/bucuresti\\\/sector-1-inscrierile-in-programul-de-modernizare-a-lifturilor-pentru-asociatiile-de-proprietari-incep-duminica\\\/#breadcrumb\",\"itemListElement\":[{\"@type\":\"ListItem\",\"position\":1,\"name\":\"Acas\u0103\",\"item\":\"https:\\\/\\\/buletin.de\\\/bucuresti\\\/\"},{\"@type\":\"ListItem\",\"position\":2,\"name\":\"Sector 1 | \u00censcrierile \u00een programul de modernizare a lifturilor pentru asocia\u021biile de proprietari \u00eencep duminic\u0103\"}]},{\"@type\":\"WebSite\",\"@id\":\"https:\\\/\\\/buletin.de\\\/bucuresti\\\/#website\",\"url\":\"https:\\\/\\\/buletin.de\\\/bucuresti\\\/\",\"name\":\"Buletin de Bucure\u0219ti\",\"description\":\"\u0218tiri \u0219i investiga\u021bii esen\u021biale din capital\u0103\",\"publisher\":{\"@id\":\"https:\\\/\\\/buletin.de\\\/bucuresti\\\/#organization\"},\"potentialAction\":[{\"@type\":\"SearchAction\",\"target\":{\"@type\":\"EntryPoint\",\"urlTemplate\":\"https:\\\/\\\/buletin.de\\\/bucuresti\\\/?s={search_term_string}\"},\"query-input\":{\"@type\":\"PropertyValueSpecification\",\"valueRequired\":true,\"valueName\":\"search_term_string\"}}],\"inLanguage\":\"en-GB\"},{\"@type\":\"Organization\",\"@id\":\"https:\\\/\\\/buletin.de\\\/bucuresti\\\/#organization\",\"name\":\"Buletin de Bucure\u0219ti\",\"url\":\"https:\\\/\\\/buletin.de\\\/bucuresti\\\/\",\"logo\":{\"@type\":\"ImageObject\",\"inLanguage\":\"en-GB\",\"@id\":\"https:\\\/\\\/buletin.de\\\/bucuresti\\\/#\\\/schema\\\/logo\\\/image\\\/\",\"url\":\"https:\\\/\\\/buletin.de\\\/bucuresti\\\/wp-content\\\/uploads\\\/logo-bdb-full-wide-vernil-transparent.png\",\"contentUrl\":\"https:\\\/\\\/buletin.de\\\/bucuresti\\\/wp-content\\\/uploads\\\/logo-bdb-full-wide-vernil-transparent.png\",\"width\":1782,\"height\":626,\"caption\":\"Buletin de Bucure\u0219ti\"},\"image\":{\"@id\":\"https:\\\/\\\/buletin.de\\\/bucuresti\\\/#\\\/schema\\\/logo\\\/image\\\/\"},\"sameAs\":[\"https:\\\/\\\/www.facebook.com\\\/buletin.de.buc\",\"https:\\\/\\\/www.instagram.com\\\/buletinde.bucuresti\\\/\"]},{\"@type\":\"Person\",\"@id\":\"https:\\\/\\\/buletin.de\\\/bucuresti\\\/#\\\/schema\\\/person\\\/104a46bbe8be6e336fecf63974383951\",\"name\":\"Alexandru Stan\",\"image\":{\"@type\":\"ImageObject\",\"inLanguage\":\"en-GB\",\"@id\":\"https:\\\/\\\/buletin.de\\\/bucuresti\\\/wp-content\\\/uploads\\\/2025\\\/12\\\/IMG-20251216-WA0045-e1766134343668-96x96.jpgd0ca12809ae3e1d27116a2afe8926544\",\"url\":\"https:\\\/\\\/buletin.de\\\/bucuresti\\\/wp-content\\\/uploads\\\/2025\\\/12\\\/IMG-20251216-WA0045-e1766134343668-96x96.jpg\",\"contentUrl\":\"https:\\\/\\\/buletin.de\\\/bucuresti\\\/wp-content\\\/uploads\\\/2025\\\/12\\\/IMG-20251216-WA0045-e1766134343668-96x96.jpg\",\"caption\":\"Alexandru Stan\"},\"description\":\"Sunt elev la un colegiu de prestigiu din Capital\u0103 \u0219i reporter la Buletin de Bucure\u0219ti. M-am n\u0103scut \u0219i am crescut cu m\u00e2ndrie \u00een Capital\u0103, ora\u0219 al pove\u0219tilor, al tramvaiului tras de cai \u0219i al c\u0103su\u021belor cu porti\u021b\u0103 \u0219i ci\u0219mea. Prin articolele mele, m\u0103 str\u0103duiesc s\u0103 descriu cu acurate\u021be via\u021ba din Bucure\u0219ti pe ecranele cititorilor no\u0219tri \u0219i \u00eencerc totodat\u0103 s\u0103 fac accesibile subiecte de interes general tuturor, de la mic la mare.\",\"url\":\"https:\\\/\\\/buletin.de\\\/bucuresti\\\/author\\\/alexandru-stan\\\/\"}]}<\/script>\n<!-- \/ Yoast SEO Premium plugin. -->","yoast_head_json":{"title":"Sector 1 | \u00censcrierile \u00een programul de modernizare a lifturilor pentru asocia\u021biile de proprietari \u00eencep duminic\u0103 - Buletin de Bucure\u0219ti","description":"\u00censcrierile \u00een programul de modernizare a lifturilor pentru asocia\u021biile de proprietari din Sectorul 1 \u00eencep duminic\u0103.","robots":{"index":"index","follow":"follow","max-snippet":"max-snippet:-1","max-image-preview":"max-image-preview:large","max-video-preview":"max-video-preview:-1"},"canonical":"https:\/\/buletin.de\/bucuresti\/sector-1-inscrierile-in-programul-de-modernizare-a-lifturilor-pentru-asociatiile-de-proprietari-incep-duminica\/","og_locale":"en_GB","og_type":"article","og_title":"Sector 1 | \u00censcrierile \u00een programul de modernizare a lifturilor pentru asocia\u021biile de proprietari \u00eencep duminic\u0103","og_description":"\u00censcrierile \u00een programul de modernizare a lifturilor pentru asocia\u021biile de proprietari din Sectorul 1 \u00eencep duminic\u0103.","og_url":"https:\/\/buletin.de\/bucuresti\/sector-1-inscrierile-in-programul-de-modernizare-a-lifturilor-pentru-asociatiile-de-proprietari-incep-duminica\/","og_site_name":"Buletin de Bucure\u0219ti","article_publisher":"https:\/\/www.facebook.com\/buletin.de.buc","article_published_time":"2026-01-31T00:24:00+00:00","og_image":[{"width":2560,"height":1707,"url":"https:\/\/buletin.de\/bucuresti\/wp-content\/uploads\/2026\/01\/ID203192_INQUAM_Photos_Octav_Ganea-scaled.jpg","type":"image\/jpeg"}],"author":"Alexandru Stan","twitter_card":"summary_large_image","twitter_misc":{"Written by":"Alexandru Stan","Estimated reading time":"3 minutes"},"schema":{"@context":"https:\/\/schema.org","@graph":[{"@type":"Article","@id":"https:\/\/buletin.de\/bucuresti\/sector-1-inscrierile-in-programul-de-modernizare-a-lifturilor-pentru-asociatiile-de-proprietari-incep-duminica\/#article","isPartOf":{"@id":"https:\/\/buletin.de\/bucuresti\/sector-1-inscrierile-in-programul-de-modernizare-a-lifturilor-pentru-asociatiile-de-proprietari-incep-duminica\/"},"author":{"name":"Alexandru Stan","@id":"https:\/\/buletin.de\/bucuresti\/#\/schema\/person\/104a46bbe8be6e336fecf63974383951"},"headline":"Sector 1 | \u00censcrierile \u00een programul de modernizare a lifturilor pentru asocia\u021biile de proprietari \u00eencep duminic\u0103","datePublished":"2026-01-31T00:24:00+00:00","mainEntityOfPage":{"@id":"https:\/\/buletin.de\/bucuresti\/sector-1-inscrierile-in-programul-de-modernizare-a-lifturilor-pentru-asociatiile-de-proprietari-incep-duminica\/"},"wordCount":595,"publisher":{"@id":"https:\/\/buletin.de\/bucuresti\/#organization"},"image":{"@id":"https:\/\/buletin.de\/bucuresti\/sector-1-inscrierile-in-programul-de-modernizare-a-lifturilor-pentru-asociatiile-de-proprietari-incep-duminica\/#primaryimage"},"thumbnailUrl":"https:\/\/buletin.de\/bucuresti\/wp-content\/uploads\/2026\/01\/ID203192_INQUAM_Photos_Octav_Ganea-scaled.jpg","keywords":["modernizare lifturi","PS1","Sector 1"],"articleSection":["Articole","Main","Prim\u0103rie"],"inLanguage":"en-GB","copyrightYear":"2026","copyrightHolder":{"@id":"https:\/\/buletin.de\/bucuresti\/#organization"}},{"@type":"WebPage","@id":"https:\/\/buletin.de\/bucuresti\/sector-1-inscrierile-in-programul-de-modernizare-a-lifturilor-pentru-asociatiile-de-proprietari-incep-duminica\/","url":"https:\/\/buletin.de\/bucuresti\/sector-1-inscrierile-in-programul-de-modernizare-a-lifturilor-pentru-asociatiile-de-proprietari-incep-duminica\/","name":"Sector 1 | \u00censcrierile \u00een programul de modernizare a lifturilor pentru asocia\u021biile de proprietari \u00eencep duminic\u0103 - Buletin de Bucure\u0219ti","isPartOf":{"@id":"https:\/\/buletin.de\/bucuresti\/#website"},"primaryImageOfPage":{"@id":"https:\/\/buletin.de\/bucuresti\/sector-1-inscrierile-in-programul-de-modernizare-a-lifturilor-pentru-asociatiile-de-proprietari-incep-duminica\/#primaryimage"},"image":{"@id":"https:\/\/buletin.de\/bucuresti\/sector-1-inscrierile-in-programul-de-modernizare-a-lifturilor-pentru-asociatiile-de-proprietari-incep-duminica\/#primaryimage"},"thumbnailUrl":"https:\/\/buletin.de\/bucuresti\/wp-content\/uploads\/2026\/01\/ID203192_INQUAM_Photos_Octav_Ganea-scaled.jpg","datePublished":"2026-01-31T00:24:00+00:00","description":"\u00censcrierile \u00een programul de modernizare a lifturilor pentru asocia\u021biile de proprietari din Sectorul 1 \u00eencep duminic\u0103.","breadcrumb":{"@id":"https:\/\/buletin.de\/bucuresti\/sector-1-inscrierile-in-programul-de-modernizare-a-lifturilor-pentru-asociatiile-de-proprietari-incep-duminica\/#breadcrumb"},"inLanguage":"en-GB","potentialAction":[{"@type":"ReadAction","target":["https:\/\/buletin.de\/bucuresti\/sector-1-inscrierile-in-programul-de-modernizare-a-lifturilor-pentru-asociatiile-de-proprietari-incep-duminica\/"]}]},{"@type":"ImageObject","inLanguage":"en-GB","@id":"https:\/\/buletin.de\/bucuresti\/sector-1-inscrierile-in-programul-de-modernizare-a-lifturilor-pentru-asociatiile-de-proprietari-incep-duminica\/#primaryimage","url":"https:\/\/buletin.de\/bucuresti\/wp-content\/uploads\/2026\/01\/ID203192_INQUAM_Photos_Octav_Ganea-scaled.jpg","contentUrl":"https:\/\/buletin.de\/bucuresti\/wp-content\/uploads\/2026\/01\/ID203192_INQUAM_Photos_Octav_Ganea-scaled.jpg","width":2560,"height":1707,"caption":"Sector 1 | \u00censcrierile \u00een programul de modernizare a lifturilor pentru asocia\u021biile de proprietari \u00eencep duminic\u0103 | FOTO: Inquam Photos \/ Octav Ganea"},{"@type":"BreadcrumbList","@id":"https:\/\/buletin.de\/bucuresti\/sector-1-inscrierile-in-programul-de-modernizare-a-lifturilor-pentru-asociatiile-de-proprietari-incep-duminica\/#breadcrumb","itemListElement":[{"@type":"ListItem","position":1,"name":"Acas\u0103","item":"https:\/\/buletin.de\/bucuresti\/"},{"@type":"ListItem","position":2,"name":"Sector 1 | \u00censcrierile \u00een programul de modernizare a lifturilor pentru asocia\u021biile de proprietari \u00eencep duminic\u0103"}]},{"@type":"WebSite","@id":"https:\/\/buletin.de\/bucuresti\/#website","url":"https:\/\/buletin.de\/bucuresti\/","name":"Buletin de Bucure\u0219ti","description":"\u0218tiri \u0219i investiga\u021bii esen\u021biale din capital\u0103","publisher":{"@id":"https:\/\/buletin.de\/bucuresti\/#organization"},"potentialAction":[{"@type":"SearchAction","target":{"@type":"EntryPoint","urlTemplate":"https:\/\/buletin.de\/bucuresti\/?s={search_term_string}"},"query-input":{"@type":"PropertyValueSpecification","valueRequired":true,"valueName":"search_term_string"}}],"inLanguage":"en-GB"},{"@type":"Organization","@id":"https:\/\/buletin.de\/bucuresti\/#organization","name":"Buletin de Bucure\u0219ti","url":"https:\/\/buletin.de\/bucuresti\/","logo":{"@type":"ImageObject","inLanguage":"en-GB","@id":"https:\/\/buletin.de\/bucuresti\/#\/schema\/logo\/image\/","url":"https:\/\/buletin.de\/bucuresti\/wp-content\/uploads\/logo-bdb-full-wide-vernil-transparent.png","contentUrl":"https:\/\/buletin.de\/bucuresti\/wp-content\/uploads\/logo-bdb-full-wide-vernil-transparent.png","width":1782,"height":626,"caption":"Buletin de Bucure\u0219ti"},"image":{"@id":"https:\/\/buletin.de\/bucuresti\/#\/schema\/logo\/image\/"},"sameAs":["https:\/\/www.facebook.com\/buletin.de.buc","https:\/\/www.instagram.com\/buletinde.bucuresti\/"]},{"@type":"Person","@id":"https:\/\/buletin.de\/bucuresti\/#\/schema\/person\/104a46bbe8be6e336fecf63974383951","name":"Alexandru Stan","image":{"@type":"ImageObject","inLanguage":"en-GB","@id":"https:\/\/buletin.de\/bucuresti\/wp-content\/uploads\/2025\/12\/IMG-20251216-WA0045-e1766134343668-96x96.jpgd0ca12809ae3e1d27116a2afe8926544","url":"https:\/\/buletin.de\/bucuresti\/wp-content\/uploads\/2025\/12\/IMG-20251216-WA0045-e1766134343668-96x96.jpg","contentUrl":"https:\/\/buletin.de\/bucuresti\/wp-content\/uploads\/2025\/12\/IMG-20251216-WA0045-e1766134343668-96x96.jpg","caption":"Alexandru Stan"},"description":"Sunt elev la un colegiu de prestigiu din Capital\u0103 \u0219i reporter la Buletin de Bucure\u0219ti. M-am n\u0103scut \u0219i am crescut cu m\u00e2ndrie \u00een Capital\u0103, ora\u0219 al pove\u0219tilor, al tramvaiului tras de cai \u0219i al c\u0103su\u021belor cu porti\u021b\u0103 \u0219i ci\u0219mea. Prin articolele mele, m\u0103 str\u0103duiesc s\u0103 descriu cu acurate\u021be via\u021ba din Bucure\u0219ti pe ecranele cititorilor no\u0219tri \u0219i \u00eencerc totodat\u0103 s\u0103 fac accesibile subiecte de interes general tuturor, de la mic la mare.","url":"https:\/\/buletin.de\/bucuresti\/author\/alexandru-stan\/"}]}},"authors":[{"term_id":22577,"user_id":61,"is_guest":0,"slug":"alexandru-stan","display_name":"Alexandru Stan","avatar_url":"https:\/\/buletin.de\/bucuresti\/wp-content\/uploads\/2025\/12\/IMG-20251216-WA0045-e1766134343668-96x96.jpg","0":null,"1":"","2":"","3":"","4":"","5":"","6":"","7":"","8":""}],"_links":{"self":[{"href":"https:\/\/buletin.de\/bucuresti\/wp-json\/wp\/v2\/posts\/170171","targetHints":{"allow":["GET"]}}],"collection":[{"href":"https:\/\/buletin.de\/bucuresti\/wp-json\/wp\/v2\/posts"}],"about":[{"href":"https:\/\/buletin.de\/bucuresti\/wp-json\/wp\/v2\/types\/post"}],"author":[{"embeddable":true,"href":"https:\/\/buletin.de\/bucuresti\/wp-json\/wp\/v2\/users\/61"}],"replies":[{"embeddable":true,"href":"https:\/\/buletin.de\/bucuresti\/wp-json\/wp\/v2\/comments?post=170171"}],"version-history":[{"count":4,"href":"https:\/\/buletin.de\/bucuresti\/wp-json\/wp\/v2\/posts\/170171\/revisions"}],"predecessor-version":[{"id":170195,"href":"https:\/\/buletin.de\/bucuresti\/wp-json\/wp\/v2\/posts\/170171\/revisions\/170195"}],"wp:featuredmedia":[{"embeddable":true,"href":"https:\/\/buletin.de\/bucuresti\/wp-json\/wp\/v2\/media\/170204"}],"wp:attachment":[{"href":"https:\/\/buletin.de\/bucuresti\/wp-json\/wp\/v2\/media?parent=170171"}],"wp:term":[{"taxonomy":"category","embeddable":true,"href":"https:\/\/buletin.de\/bucuresti\/wp-json\/wp\/v2\/categories?post=170171"},{"taxonomy":"post_tag","embeddable":true,"href":"https:\/\/buletin.de\/bucuresti\/wp-json\/wp\/v2\/tags?post=170171"},{"taxonomy":"author","embeddable":true,"href":"https:\/\/buletin.de\/bucuresti\/wp-json\/wp\/v2\/ppma_author?post=170171"}],"curies":[{"name":"wp","href":"https:\/\/api.w.org\/{rel}","templated":true}]}}