{"id":170168,"date":"2026-01-30T04:00:00","date_gmt":"2026-01-30T01:00:00","guid":{"rendered":"https:\/\/buletin.de\/bucuresti\/?p=170168"},"modified":"2026-02-05T15:56:32","modified_gmt":"2026-02-05T12:56:32","slug":"strangere-de-donatii-pentru-familiile-palestiniene-refugiate-in-bucuresti-e-mare-nevoie-de-alimente","status":"publish","type":"post","link":"https:\/\/buletin.de\/bucuresti\/strangere-de-donatii-pentru-familiile-palestiniene-refugiate-in-bucuresti-e-mare-nevoie-de-alimente\/","title":{"rendered":"Str\u00e2ngere de dona\u021bii pentru familiile palestiniene refugiate \u00een Bucure\u0219ti. \u201eE mare nevoie de alimente\u201d"},"content":{"rendered":"\n<p><strong>Gencidul din Gaza a \u00eempins mai multe familii s\u0103 \u00ee\u0219i p\u0103r\u0103seasc\u0103 casele. \u00cen acest context, c\u00e2teva sutele de refugia\u021bi au ajuns \u0219i \u00een Bucure\u0219ti, iar \u201e<a href=\"https:\/\/www.instagram.com\/p\/DUBhLgXjIGc\/?img_index=1\" target=\"_blank\" rel=\"noreferrer noopener\">Solidaritate Rom\u00e2nia-Palestina<\/a>\u201d a anun\u021bat c\u0103 organizeaz\u0103 o str\u00e2ngere de dona\u021bii. <\/strong><\/p>\n\n\n\n<p>Bucure\u0219tenii care doresc s\u0103 le \u00eentind\u0103 o m\u00e2n\u0103 de ajutor familiilor palestiniene refugiate \u00een Capital\u0103 sunt anun\u021ba\u021bi c\u0103 \u00een acest weekend are loc o str\u00e2ngere de dona\u021bii. Conform informa\u021biilor oferite de c\u0103tre organizatori, este mare nevoie de alimente. Aceste vor fi folosite pentru realizarea pachetelor cu hran\u0103 pentru Ramadan.<\/p>\n\n\n\n<p>Unde \u0219i c\u00e2nd se pot aduce dona\u021bii pentru refugia\u021bi: <\/p>\n\n\n\n<ul class=\"wp-block-list\">\n<li>Evenimentul va avea loc \u00een zilele de 30 ianuarie \u0219i 1 februarie 2026, \u00eentre orele 13:00 &#8211; 16:00,<\/li>\n\n\n\n<li>Alimentele se vor str\u00e2nge la adresa Bulevardul Voluntari 76, depozitul A18.<\/li>\n<\/ul>\n\n\n\n<p>Organizatorii au transmis \u0219i un punct de reper, magazinul Sanli Cigerbaz Kebab, depozitul afl\u00e2ndu-se \u00een curtea vecin\u0103 acestuia. <\/p>\n\n\n\n<p><strong>CITE\u0218TE \u0218I <a href=\"https:\/\/buletin.de\/bucuresti\/aspa-a-incheiat-primul-contract-de-foster-pentru-un-catel-din-adapost\/\">ASPA a \u00eencheiat primul contract de foster pentru un c\u0103\u021bel din ad\u0103post<\/a>&nbsp;<\/strong><\/p>\n\n\n\n<blockquote class=\"wp-block-quote is-layout-flow wp-block-quote-is-layout-flow\">\n<p>V\u0103 rug\u0103m mult s\u0103 \u00een\u0219tiin\u021ba\u021bi c\u00e2t mai multe persoane cu privire la colectarea de alimente \u0219i s\u0103 ne ajuta\u021bi s\u0103 str\u00e2ngem suficiente ajutoare pentru a putea face pachete pentru Ramadan tuturor familiilor, este mesajul transmis pe pagina de Instagram Solidaritate Rom\u00e2nia-Palestina.<\/p>\n<\/blockquote>\n\n\n\n<p>\u00cen prezent, un total de 55 de familii din Palestina se afl\u0103 \u00een Capital\u0103. Mai precis, este vorba despre 238 de refugia\u021bi ce au nevoie de sprijin din partea comunit\u0103\u021bii. Nu este singura str\u00e2ngere de dona\u021bii pentru refugia\u021bi ce a avut loc \u00een Bucure\u0219ti. \u00cen data de 25 ianuarie 2026, oamenii au fost ruga\u021bi s\u0103 doneze scutece, lapte praf \u0219i obiecte de igien\u0103. <\/p>\n\n\n\n<h2 class=\"wp-block-heading\" id=\"h-zeci-de-mii-de-victime-de-la-inceputul-agresiunilor\">Zeci de mii de victime de la \u00eenceputul agresiunilor<\/h2>\n\n\n\n<p>Conflictul a izbucnit \u00een 7 octombrie 2023, iar p\u00e2n\u0103 acum, la mai bine de doi ani, au fost \u00eenregistra\u021bi zeci de mii de mor\u021bi \u0219i mai bine de 100 de mii de persoane r\u0103nite. Conforma informa\u021biilor oferite de c\u0103tre <a href=\"https:\/\/una-oic.org\/en\/palestinians\/2026\/01\/27\/The-death-toll-in-the-Gaza-Strip-rose-to-71662\/\" target=\"_blank\" rel=\"noreferrer noopener\">Agen\u021bia Palestinian\u0103 de \u0218tiri \u0219i Informa\u021bii (WAFA)<\/a>, num\u0103rul de mor\u021bi a crescut la 71,551, iar cel al persoanelor r\u0103nite a ajuns la 171,372 de la \u00eenceputul agresiunilor.<\/p>\n\n\n\n<p><strong>CITE\u0218TE \u0218I <a href=\"https:\/\/buletin.de\/bucuresti\/program-de-incluziune-a-30-000-de-romi-din-sectorul-2-peste-40-la-suta-dintre-familii-traiesc-in-conditii-improprii\/\">Program de incluziune a 30.000 de romi din Sectorul 2. Peste 40% dintre familii tr\u0103iesc \u00een condi\u021bii improprii&nbsp;<\/a><br><\/strong><\/p>\n","protected":false},"excerpt":{"rendered":"<p>Gencidul din Gaza a \u00eempins mai multe familii s\u0103 \u00ee\u0219i p\u0103r\u0103seasc\u0103 casele. \u00cen acest context, c\u00e2teva sutele de refugia\u021bi au ajuns \u0219i \u00een Bucure\u0219ti, iar \u201eSolidaritate Rom\u00e2nia-Palestina\u201d a anun\u021bat c\u0103 organizeaz\u0103 o str\u00e2ngere de dona\u021bii. Bucure\u0219tenii care doresc s\u0103 le \u00eentind\u0103 o m\u00e2n\u0103 de ajutor familiilor palestiniene refugiate \u00een Capital\u0103 sunt anun\u021ba\u021bi c\u0103 \u00een acest [&hellip;]<\/p>\n","protected":false},"author":66,"featured_media":158433,"comment_status":"closed","ping_status":"open","sticky":false,"template":"","format":"standard","meta":{"_acf_changed":false,"inline_featured_image":false,"ngg_post_thumbnail":0,"footnotes":""},"categories":[6994,62],"tags":[2063,26112,8044,4869],"ppma_author":[26103],"class_list":["post-170168","post","type-post","status-publish","format-standard","has-post-thumbnail","hentry","category-stiri-2","category-stiri","tag-bucuresti-2","tag-donatii-2","tag-palestina","tag-refugiati-2"],"acf":[],"yoast_head":"<!-- This site is optimized with the Yoast SEO Premium plugin v25.3 (Yoast SEO v27.5) - https:\/\/yoast.com\/product\/yoast-seo-premium-wordpress\/ -->\n<title>Str\u00e2ngere de dona\u021bii pentru familiile palestiniene refugiate \u00een Bucure\u0219ti. \u201eE mare nevoie de alimente\u201d - Buletin de Bucure\u0219ti<\/title>\n<meta name=\"robots\" content=\"index, follow, max-snippet:-1, max-image-preview:large, max-video-preview:-1\" \/>\n<link rel=\"canonical\" href=\"https:\/\/buletin.de\/bucuresti\/strangere-de-donatii-pentru-familiile-palestiniene-refugiate-in-bucuresti-e-mare-nevoie-de-alimente\/\" \/>\n<meta property=\"og:locale\" content=\"en_GB\" \/>\n<meta property=\"og:type\" content=\"article\" \/>\n<meta property=\"og:title\" content=\"Str\u00e2ngere de dona\u021bii pentru familiile palestiniene refugiate \u00een Bucure\u0219ti. \u201eE mare nevoie de alimente\u201d\" \/>\n<meta property=\"og:description\" content=\"Gencidul din Gaza a \u00eempins mai multe familii s\u0103 \u00ee\u0219i p\u0103r\u0103seasc\u0103 casele. \u00cen acest context, c\u00e2teva sutele de refugia\u021bi au ajuns \u0219i \u00een Bucure\u0219ti, iar \u201eSolidaritate Rom\u00e2nia-Palestina\u201d a anun\u021bat c\u0103 organizeaz\u0103 o str\u00e2ngere de dona\u021bii. Bucure\u0219tenii care doresc s\u0103 le \u00eentind\u0103 o m\u00e2n\u0103 de ajutor familiilor palestiniene refugiate \u00een Capital\u0103 sunt anun\u021ba\u021bi c\u0103 \u00een acest [&hellip;]\" \/>\n<meta property=\"og:url\" content=\"https:\/\/buletin.de\/bucuresti\/strangere-de-donatii-pentru-familiile-palestiniene-refugiate-in-bucuresti-e-mare-nevoie-de-alimente\/\" \/>\n<meta property=\"og:site_name\" content=\"Buletin de Bucure\u0219ti\" \/>\n<meta property=\"article:publisher\" content=\"https:\/\/www.facebook.com\/buletin.de.buc\" \/>\n<meta property=\"article:published_time\" content=\"2026-01-30T01:00:00+00:00\" \/>\n<meta property=\"article:modified_time\" content=\"2026-02-05T12:56:32+00:00\" \/>\n<meta property=\"og:image\" content=\"https:\/\/buletin.de\/bucuresti\/wp-content\/uploads\/2025\/11\/ID297814_INQUAM_Photos_Codrin_Unici-1600x1067-1.jpg\" \/>\n\t<meta property=\"og:image:width\" content=\"1600\" \/>\n\t<meta property=\"og:image:height\" content=\"1067\" \/>\n\t<meta property=\"og:image:type\" content=\"image\/jpeg\" \/>\n<meta name=\"author\" content=\"Deniz Garguli\" \/>\n<meta name=\"twitter:card\" content=\"summary_large_image\" \/>\n<meta name=\"twitter:label1\" content=\"Written by\" \/>\n\t<meta name=\"twitter:data1\" content=\"Deniz Garguli\" \/>\n\t<meta name=\"twitter:label2\" content=\"Estimated reading time\" \/>\n\t<meta name=\"twitter:data2\" content=\"2 minutes\" \/>\n<script type=\"application\/ld+json\" class=\"yoast-schema-graph\">{\"@context\":\"https:\\\/\\\/schema.org\",\"@graph\":[{\"@type\":\"Article\",\"@id\":\"https:\\\/\\\/buletin.de\\\/bucuresti\\\/strangere-de-donatii-pentru-familiile-palestiniene-refugiate-in-bucuresti-e-mare-nevoie-de-alimente\\\/#article\",\"isPartOf\":{\"@id\":\"https:\\\/\\\/buletin.de\\\/bucuresti\\\/strangere-de-donatii-pentru-familiile-palestiniene-refugiate-in-bucuresti-e-mare-nevoie-de-alimente\\\/\"},\"author\":{\"name\":\"Deniz Garguli\",\"@id\":\"https:\\\/\\\/buletin.de\\\/bucuresti\\\/#\\\/schema\\\/person\\\/8badd0805392c02e16b744e0d5cd3625\"},\"headline\":\"Str\u00e2ngere de dona\u021bii pentru familiile palestiniene refugiate \u00een Bucure\u0219ti. \u201eE mare nevoie de alimente\u201d\",\"datePublished\":\"2026-01-30T01:00:00+00:00\",\"dateModified\":\"2026-02-05T12:56:32+00:00\",\"mainEntityOfPage\":{\"@id\":\"https:\\\/\\\/buletin.de\\\/bucuresti\\\/strangere-de-donatii-pentru-familiile-palestiniene-refugiate-in-bucuresti-e-mare-nevoie-de-alimente\\\/\"},\"wordCount\":408,\"publisher\":{\"@id\":\"https:\\\/\\\/buletin.de\\\/bucuresti\\\/#organization\"},\"image\":{\"@id\":\"https:\\\/\\\/buletin.de\\\/bucuresti\\\/strangere-de-donatii-pentru-familiile-palestiniene-refugiate-in-bucuresti-e-mare-nevoie-de-alimente\\\/#primaryimage\"},\"thumbnailUrl\":\"https:\\\/\\\/buletin.de\\\/bucuresti\\\/wp-content\\\/uploads\\\/2025\\\/11\\\/ID297814_INQUAM_Photos_Codrin_Unici-1600x1067-1.jpg\",\"keywords\":[\"Bucure\u0219ti\",\"dona\u021bii\",\"palestina\",\"Refugia\u021bi\"],\"articleSection\":[\"Articole\",\"\u0218tiri\"],\"inLanguage\":\"en-GB\",\"copyrightYear\":\"2026\",\"copyrightHolder\":{\"@id\":\"https:\\\/\\\/buletin.de\\\/bucuresti\\\/#organization\"}},{\"@type\":\"WebPage\",\"@id\":\"https:\\\/\\\/buletin.de\\\/bucuresti\\\/strangere-de-donatii-pentru-familiile-palestiniene-refugiate-in-bucuresti-e-mare-nevoie-de-alimente\\\/\",\"url\":\"https:\\\/\\\/buletin.de\\\/bucuresti\\\/strangere-de-donatii-pentru-familiile-palestiniene-refugiate-in-bucuresti-e-mare-nevoie-de-alimente\\\/\",\"name\":\"Str\u00e2ngere de dona\u021bii pentru familiile palestiniene refugiate \u00een Bucure\u0219ti. \u201eE mare nevoie de alimente\u201d - Buletin de Bucure\u0219ti\",\"isPartOf\":{\"@id\":\"https:\\\/\\\/buletin.de\\\/bucuresti\\\/#website\"},\"primaryImageOfPage\":{\"@id\":\"https:\\\/\\\/buletin.de\\\/bucuresti\\\/strangere-de-donatii-pentru-familiile-palestiniene-refugiate-in-bucuresti-e-mare-nevoie-de-alimente\\\/#primaryimage\"},\"image\":{\"@id\":\"https:\\\/\\\/buletin.de\\\/bucuresti\\\/strangere-de-donatii-pentru-familiile-palestiniene-refugiate-in-bucuresti-e-mare-nevoie-de-alimente\\\/#primaryimage\"},\"thumbnailUrl\":\"https:\\\/\\\/buletin.de\\\/bucuresti\\\/wp-content\\\/uploads\\\/2025\\\/11\\\/ID297814_INQUAM_Photos_Codrin_Unici-1600x1067-1.jpg\",\"datePublished\":\"2026-01-30T01:00:00+00:00\",\"dateModified\":\"2026-02-05T12:56:32+00:00\",\"breadcrumb\":{\"@id\":\"https:\\\/\\\/buletin.de\\\/bucuresti\\\/strangere-de-donatii-pentru-familiile-palestiniene-refugiate-in-bucuresti-e-mare-nevoie-de-alimente\\\/#breadcrumb\"},\"inLanguage\":\"en-GB\",\"potentialAction\":[{\"@type\":\"ReadAction\",\"target\":[\"https:\\\/\\\/buletin.de\\\/bucuresti\\\/strangere-de-donatii-pentru-familiile-palestiniene-refugiate-in-bucuresti-e-mare-nevoie-de-alimente\\\/\"]}]},{\"@type\":\"ImageObject\",\"inLanguage\":\"en-GB\",\"@id\":\"https:\\\/\\\/buletin.de\\\/bucuresti\\\/strangere-de-donatii-pentru-familiile-palestiniene-refugiate-in-bucuresti-e-mare-nevoie-de-alimente\\\/#primaryimage\",\"url\":\"https:\\\/\\\/buletin.de\\\/bucuresti\\\/wp-content\\\/uploads\\\/2025\\\/11\\\/ID297814_INQUAM_Photos_Codrin_Unici-1600x1067-1.jpg\",\"contentUrl\":\"https:\\\/\\\/buletin.de\\\/bucuresti\\\/wp-content\\\/uploads\\\/2025\\\/11\\\/ID297814_INQUAM_Photos_Codrin_Unici-1600x1067-1.jpg\",\"width\":1600,\"height\":1067,\"caption\":\"Maraton pentru Palestina, \u00een Parcul IOR. \u201eAlerg\u0103m pentru libertate, justi\u021bie \u0219i pace \u00een Palestina!\u201d. Foto: Inquam Photos \\\/ Codrin Unici\"},{\"@type\":\"BreadcrumbList\",\"@id\":\"https:\\\/\\\/buletin.de\\\/bucuresti\\\/strangere-de-donatii-pentru-familiile-palestiniene-refugiate-in-bucuresti-e-mare-nevoie-de-alimente\\\/#breadcrumb\",\"itemListElement\":[{\"@type\":\"ListItem\",\"position\":1,\"name\":\"Acas\u0103\",\"item\":\"https:\\\/\\\/buletin.de\\\/bucuresti\\\/\"},{\"@type\":\"ListItem\",\"position\":2,\"name\":\"Str\u00e2ngere de dona\u021bii pentru familiile palestiniene refugiate \u00een Bucure\u0219ti. \u201eE mare nevoie de alimente\u201d\"}]},{\"@type\":\"WebSite\",\"@id\":\"https:\\\/\\\/buletin.de\\\/bucuresti\\\/#website\",\"url\":\"https:\\\/\\\/buletin.de\\\/bucuresti\\\/\",\"name\":\"Buletin de Bucure\u0219ti\",\"description\":\"\u0218tiri \u0219i investiga\u021bii esen\u021biale din capital\u0103\",\"publisher\":{\"@id\":\"https:\\\/\\\/buletin.de\\\/bucuresti\\\/#organization\"},\"potentialAction\":[{\"@type\":\"SearchAction\",\"target\":{\"@type\":\"EntryPoint\",\"urlTemplate\":\"https:\\\/\\\/buletin.de\\\/bucuresti\\\/?s={search_term_string}\"},\"query-input\":{\"@type\":\"PropertyValueSpecification\",\"valueRequired\":true,\"valueName\":\"search_term_string\"}}],\"inLanguage\":\"en-GB\"},{\"@type\":\"Organization\",\"@id\":\"https:\\\/\\\/buletin.de\\\/bucuresti\\\/#organization\",\"name\":\"Buletin de Bucure\u0219ti\",\"url\":\"https:\\\/\\\/buletin.de\\\/bucuresti\\\/\",\"logo\":{\"@type\":\"ImageObject\",\"inLanguage\":\"en-GB\",\"@id\":\"https:\\\/\\\/buletin.de\\\/bucuresti\\\/#\\\/schema\\\/logo\\\/image\\\/\",\"url\":\"https:\\\/\\\/buletin.de\\\/bucuresti\\\/wp-content\\\/uploads\\\/logo-bdb-full-wide-vernil-transparent.png\",\"contentUrl\":\"https:\\\/\\\/buletin.de\\\/bucuresti\\\/wp-content\\\/uploads\\\/logo-bdb-full-wide-vernil-transparent.png\",\"width\":1782,\"height\":626,\"caption\":\"Buletin de Bucure\u0219ti\"},\"image\":{\"@id\":\"https:\\\/\\\/buletin.de\\\/bucuresti\\\/#\\\/schema\\\/logo\\\/image\\\/\"},\"sameAs\":[\"https:\\\/\\\/www.facebook.com\\\/buletin.de.buc\",\"https:\\\/\\\/www.instagram.com\\\/buletinde.bucuresti\\\/\"]},{\"@type\":\"Person\",\"@id\":\"https:\\\/\\\/buletin.de\\\/bucuresti\\\/#\\\/schema\\\/person\\\/8badd0805392c02e16b744e0d5cd3625\",\"name\":\"Deniz Garguli\",\"image\":{\"@type\":\"ImageObject\",\"inLanguage\":\"en-GB\",\"@id\":\"https:\\\/\\\/buletin.de\\\/bucuresti\\\/wp-content\\\/uploads\\\/2026\\\/01\\\/79b44b20-a270-4ee6-afb3-fdf3c7ef7782-96x96.jpege2491ce6d396dbf7c1362e9ef046c803\",\"url\":\"https:\\\/\\\/buletin.de\\\/bucuresti\\\/wp-content\\\/uploads\\\/2026\\\/01\\\/79b44b20-a270-4ee6-afb3-fdf3c7ef7782-96x96.jpeg\",\"contentUrl\":\"https:\\\/\\\/buletin.de\\\/bucuresti\\\/wp-content\\\/uploads\\\/2026\\\/01\\\/79b44b20-a270-4ee6-afb3-fdf3c7ef7782-96x96.jpeg\",\"caption\":\"Deniz Garguli\"},\"description\":\"N\u0103scut\u0103 \u0219i crescut\u0103 \u00een Capital\u0103, dorin\u021ba de a fi la curent cu tot ce se \u00eent\u00e2mpl\u0103 \u00een Bucure\u0219ti a \u00eempins-o c\u0103tre pres\u0103, mai cu seam\u0103 c\u0103tre cea local\u0103. A lucrat vreme de patru ani la B365, unde s-a ocupat de \u0219tiri despre ora\u0219 \u0219i oamenii care locuiesc \u00een el. Din 2026 s-a al\u0103turat echipei Buletin de Bucure\u0219ti.\",\"url\":\"https:\\\/\\\/buletin.de\\\/bucuresti\\\/author\\\/deniz-garguli\\\/\"}]}<\/script>\n<!-- \/ Yoast SEO Premium plugin. -->","yoast_head_json":{"title":"Str\u00e2ngere de dona\u021bii pentru familiile palestiniene refugiate \u00een Bucure\u0219ti. \u201eE mare nevoie de alimente\u201d - Buletin de Bucure\u0219ti","robots":{"index":"index","follow":"follow","max-snippet":"max-snippet:-1","max-image-preview":"max-image-preview:large","max-video-preview":"max-video-preview:-1"},"canonical":"https:\/\/buletin.de\/bucuresti\/strangere-de-donatii-pentru-familiile-palestiniene-refugiate-in-bucuresti-e-mare-nevoie-de-alimente\/","og_locale":"en_GB","og_type":"article","og_title":"Str\u00e2ngere de dona\u021bii pentru familiile palestiniene refugiate \u00een Bucure\u0219ti. \u201eE mare nevoie de alimente\u201d","og_description":"Gencidul din Gaza a \u00eempins mai multe familii s\u0103 \u00ee\u0219i p\u0103r\u0103seasc\u0103 casele. \u00cen acest context, c\u00e2teva sutele de refugia\u021bi au ajuns \u0219i \u00een Bucure\u0219ti, iar \u201eSolidaritate Rom\u00e2nia-Palestina\u201d a anun\u021bat c\u0103 organizeaz\u0103 o str\u00e2ngere de dona\u021bii. Bucure\u0219tenii care doresc s\u0103 le \u00eentind\u0103 o m\u00e2n\u0103 de ajutor familiilor palestiniene refugiate \u00een Capital\u0103 sunt anun\u021ba\u021bi c\u0103 \u00een acest [&hellip;]","og_url":"https:\/\/buletin.de\/bucuresti\/strangere-de-donatii-pentru-familiile-palestiniene-refugiate-in-bucuresti-e-mare-nevoie-de-alimente\/","og_site_name":"Buletin de Bucure\u0219ti","article_publisher":"https:\/\/www.facebook.com\/buletin.de.buc","article_published_time":"2026-01-30T01:00:00+00:00","article_modified_time":"2026-02-05T12:56:32+00:00","og_image":[{"width":1600,"height":1067,"url":"https:\/\/buletin.de\/bucuresti\/wp-content\/uploads\/2025\/11\/ID297814_INQUAM_Photos_Codrin_Unici-1600x1067-1.jpg","type":"image\/jpeg"}],"author":"Deniz Garguli","twitter_card":"summary_large_image","twitter_misc":{"Written by":"Deniz Garguli","Estimated reading time":"2 minutes"},"schema":{"@context":"https:\/\/schema.org","@graph":[{"@type":"Article","@id":"https:\/\/buletin.de\/bucuresti\/strangere-de-donatii-pentru-familiile-palestiniene-refugiate-in-bucuresti-e-mare-nevoie-de-alimente\/#article","isPartOf":{"@id":"https:\/\/buletin.de\/bucuresti\/strangere-de-donatii-pentru-familiile-palestiniene-refugiate-in-bucuresti-e-mare-nevoie-de-alimente\/"},"author":{"name":"Deniz Garguli","@id":"https:\/\/buletin.de\/bucuresti\/#\/schema\/person\/8badd0805392c02e16b744e0d5cd3625"},"headline":"Str\u00e2ngere de dona\u021bii pentru familiile palestiniene refugiate \u00een Bucure\u0219ti. \u201eE mare nevoie de alimente\u201d","datePublished":"2026-01-30T01:00:00+00:00","dateModified":"2026-02-05T12:56:32+00:00","mainEntityOfPage":{"@id":"https:\/\/buletin.de\/bucuresti\/strangere-de-donatii-pentru-familiile-palestiniene-refugiate-in-bucuresti-e-mare-nevoie-de-alimente\/"},"wordCount":408,"publisher":{"@id":"https:\/\/buletin.de\/bucuresti\/#organization"},"image":{"@id":"https:\/\/buletin.de\/bucuresti\/strangere-de-donatii-pentru-familiile-palestiniene-refugiate-in-bucuresti-e-mare-nevoie-de-alimente\/#primaryimage"},"thumbnailUrl":"https:\/\/buletin.de\/bucuresti\/wp-content\/uploads\/2025\/11\/ID297814_INQUAM_Photos_Codrin_Unici-1600x1067-1.jpg","keywords":["Bucure\u0219ti","dona\u021bii","palestina","Refugia\u021bi"],"articleSection":["Articole","\u0218tiri"],"inLanguage":"en-GB","copyrightYear":"2026","copyrightHolder":{"@id":"https:\/\/buletin.de\/bucuresti\/#organization"}},{"@type":"WebPage","@id":"https:\/\/buletin.de\/bucuresti\/strangere-de-donatii-pentru-familiile-palestiniene-refugiate-in-bucuresti-e-mare-nevoie-de-alimente\/","url":"https:\/\/buletin.de\/bucuresti\/strangere-de-donatii-pentru-familiile-palestiniene-refugiate-in-bucuresti-e-mare-nevoie-de-alimente\/","name":"Str\u00e2ngere de dona\u021bii pentru familiile palestiniene refugiate \u00een Bucure\u0219ti. \u201eE mare nevoie de alimente\u201d - Buletin de Bucure\u0219ti","isPartOf":{"@id":"https:\/\/buletin.de\/bucuresti\/#website"},"primaryImageOfPage":{"@id":"https:\/\/buletin.de\/bucuresti\/strangere-de-donatii-pentru-familiile-palestiniene-refugiate-in-bucuresti-e-mare-nevoie-de-alimente\/#primaryimage"},"image":{"@id":"https:\/\/buletin.de\/bucuresti\/strangere-de-donatii-pentru-familiile-palestiniene-refugiate-in-bucuresti-e-mare-nevoie-de-alimente\/#primaryimage"},"thumbnailUrl":"https:\/\/buletin.de\/bucuresti\/wp-content\/uploads\/2025\/11\/ID297814_INQUAM_Photos_Codrin_Unici-1600x1067-1.jpg","datePublished":"2026-01-30T01:00:00+00:00","dateModified":"2026-02-05T12:56:32+00:00","breadcrumb":{"@id":"https:\/\/buletin.de\/bucuresti\/strangere-de-donatii-pentru-familiile-palestiniene-refugiate-in-bucuresti-e-mare-nevoie-de-alimente\/#breadcrumb"},"inLanguage":"en-GB","potentialAction":[{"@type":"ReadAction","target":["https:\/\/buletin.de\/bucuresti\/strangere-de-donatii-pentru-familiile-palestiniene-refugiate-in-bucuresti-e-mare-nevoie-de-alimente\/"]}]},{"@type":"ImageObject","inLanguage":"en-GB","@id":"https:\/\/buletin.de\/bucuresti\/strangere-de-donatii-pentru-familiile-palestiniene-refugiate-in-bucuresti-e-mare-nevoie-de-alimente\/#primaryimage","url":"https:\/\/buletin.de\/bucuresti\/wp-content\/uploads\/2025\/11\/ID297814_INQUAM_Photos_Codrin_Unici-1600x1067-1.jpg","contentUrl":"https:\/\/buletin.de\/bucuresti\/wp-content\/uploads\/2025\/11\/ID297814_INQUAM_Photos_Codrin_Unici-1600x1067-1.jpg","width":1600,"height":1067,"caption":"Maraton pentru Palestina, \u00een Parcul IOR. \u201eAlerg\u0103m pentru libertate, justi\u021bie \u0219i pace \u00een Palestina!\u201d. Foto: Inquam Photos \/ Codrin Unici"},{"@type":"BreadcrumbList","@id":"https:\/\/buletin.de\/bucuresti\/strangere-de-donatii-pentru-familiile-palestiniene-refugiate-in-bucuresti-e-mare-nevoie-de-alimente\/#breadcrumb","itemListElement":[{"@type":"ListItem","position":1,"name":"Acas\u0103","item":"https:\/\/buletin.de\/bucuresti\/"},{"@type":"ListItem","position":2,"name":"Str\u00e2ngere de dona\u021bii pentru familiile palestiniene refugiate \u00een Bucure\u0219ti. \u201eE mare nevoie de alimente\u201d"}]},{"@type":"WebSite","@id":"https:\/\/buletin.de\/bucuresti\/#website","url":"https:\/\/buletin.de\/bucuresti\/","name":"Buletin de Bucure\u0219ti","description":"\u0218tiri \u0219i investiga\u021bii esen\u021biale din capital\u0103","publisher":{"@id":"https:\/\/buletin.de\/bucuresti\/#organization"},"potentialAction":[{"@type":"SearchAction","target":{"@type":"EntryPoint","urlTemplate":"https:\/\/buletin.de\/bucuresti\/?s={search_term_string}"},"query-input":{"@type":"PropertyValueSpecification","valueRequired":true,"valueName":"search_term_string"}}],"inLanguage":"en-GB"},{"@type":"Organization","@id":"https:\/\/buletin.de\/bucuresti\/#organization","name":"Buletin de Bucure\u0219ti","url":"https:\/\/buletin.de\/bucuresti\/","logo":{"@type":"ImageObject","inLanguage":"en-GB","@id":"https:\/\/buletin.de\/bucuresti\/#\/schema\/logo\/image\/","url":"https:\/\/buletin.de\/bucuresti\/wp-content\/uploads\/logo-bdb-full-wide-vernil-transparent.png","contentUrl":"https:\/\/buletin.de\/bucuresti\/wp-content\/uploads\/logo-bdb-full-wide-vernil-transparent.png","width":1782,"height":626,"caption":"Buletin de Bucure\u0219ti"},"image":{"@id":"https:\/\/buletin.de\/bucuresti\/#\/schema\/logo\/image\/"},"sameAs":["https:\/\/www.facebook.com\/buletin.de.buc","https:\/\/www.instagram.com\/buletinde.bucuresti\/"]},{"@type":"Person","@id":"https:\/\/buletin.de\/bucuresti\/#\/schema\/person\/8badd0805392c02e16b744e0d5cd3625","name":"Deniz Garguli","image":{"@type":"ImageObject","inLanguage":"en-GB","@id":"https:\/\/buletin.de\/bucuresti\/wp-content\/uploads\/2026\/01\/79b44b20-a270-4ee6-afb3-fdf3c7ef7782-96x96.jpege2491ce6d396dbf7c1362e9ef046c803","url":"https:\/\/buletin.de\/bucuresti\/wp-content\/uploads\/2026\/01\/79b44b20-a270-4ee6-afb3-fdf3c7ef7782-96x96.jpeg","contentUrl":"https:\/\/buletin.de\/bucuresti\/wp-content\/uploads\/2026\/01\/79b44b20-a270-4ee6-afb3-fdf3c7ef7782-96x96.jpeg","caption":"Deniz Garguli"},"description":"N\u0103scut\u0103 \u0219i crescut\u0103 \u00een Capital\u0103, dorin\u021ba de a fi la curent cu tot ce se \u00eent\u00e2mpl\u0103 \u00een Bucure\u0219ti a \u00eempins-o c\u0103tre pres\u0103, mai cu seam\u0103 c\u0103tre cea local\u0103. A lucrat vreme de patru ani la B365, unde s-a ocupat de \u0219tiri despre ora\u0219 \u0219i oamenii care locuiesc \u00een el. Din 2026 s-a al\u0103turat echipei Buletin de Bucure\u0219ti.","url":"https:\/\/buletin.de\/bucuresti\/author\/deniz-garguli\/"}]}},"authors":[{"term_id":26103,"user_id":66,"is_guest":0,"slug":"deniz-garguli","display_name":"Deniz Garguli","avatar_url":"https:\/\/buletin.de\/bucuresti\/wp-content\/uploads\/2026\/01\/79b44b20-a270-4ee6-afb3-fdf3c7ef7782-96x96.jpeg","0":null,"1":"","2":"","3":"","4":"","5":"","6":"","7":"","8":""}],"_links":{"self":[{"href":"https:\/\/buletin.de\/bucuresti\/wp-json\/wp\/v2\/posts\/170168","targetHints":{"allow":["GET"]}}],"collection":[{"href":"https:\/\/buletin.de\/bucuresti\/wp-json\/wp\/v2\/posts"}],"about":[{"href":"https:\/\/buletin.de\/bucuresti\/wp-json\/wp\/v2\/types\/post"}],"author":[{"embeddable":true,"href":"https:\/\/buletin.de\/bucuresti\/wp-json\/wp\/v2\/users\/66"}],"replies":[{"embeddable":true,"href":"https:\/\/buletin.de\/bucuresti\/wp-json\/wp\/v2\/comments?post=170168"}],"version-history":[{"count":5,"href":"https:\/\/buletin.de\/bucuresti\/wp-json\/wp\/v2\/posts\/170168\/revisions"}],"predecessor-version":[{"id":171797,"href":"https:\/\/buletin.de\/bucuresti\/wp-json\/wp\/v2\/posts\/170168\/revisions\/171797"}],"wp:featuredmedia":[{"embeddable":true,"href":"https:\/\/buletin.de\/bucuresti\/wp-json\/wp\/v2\/media\/158433"}],"wp:attachment":[{"href":"https:\/\/buletin.de\/bucuresti\/wp-json\/wp\/v2\/media?parent=170168"}],"wp:term":[{"taxonomy":"category","embeddable":true,"href":"https:\/\/buletin.de\/bucuresti\/wp-json\/wp\/v2\/categories?post=170168"},{"taxonomy":"post_tag","embeddable":true,"href":"https:\/\/buletin.de\/bucuresti\/wp-json\/wp\/v2\/tags?post=170168"},{"taxonomy":"author","embeddable":true,"href":"https:\/\/buletin.de\/bucuresti\/wp-json\/wp\/v2\/ppma_author?post=170168"}],"curies":[{"name":"wp","href":"https:\/\/api.w.org\/{rel}","templated":true}]}}