{"id":170138,"date":"2026-01-29T16:00:43","date_gmt":"2026-01-29T13:00:43","guid":{"rendered":"https:\/\/buletin.de\/bucuresti\/?p=170138"},"modified":"2026-01-31T00:55:00","modified_gmt":"2026-01-30T21:55:00","slug":"cgmb-a-respins-anchetele-fiscale-pentru-stb-si-termoenergetica-ciucu-cui-ii-e-frica-de-transparenta","status":"publish","type":"post","link":"https:\/\/buletin.de\/bucuresti\/cgmb-a-respins-anchetele-fiscale-pentru-stb-si-termoenergetica-ciucu-cui-ii-e-frica-de-transparenta\/","title":{"rendered":"Anchetele fiscale de la STB \u0219i Termoenergetica cerute de Ciprian Ciucu, blocate de Consiliul General. Primarul general: \u201eCui \u00eei e fric\u0103 de transparen\u021b\u0103?\u201d"},"content":{"rendered":"\n<p><strong>Proiectul de hot\u0103r\u00e2re privind aprobarea achizi\u021bion\u0103rii de servicii de audit extern de c\u0103tre Municipiul Bucure\u0219ti pentru STB SA \u0219i Compania Municipal\u0103 Termoenergetica, a fost respins de Consiliul General al Municipiului Bucure\u0219ti \u00een \u0219edin\u021ba de joi, 29 ianuarie.<\/strong><\/p>\n\n\n\n<p>Proiectul privind <a href=\"https:\/\/buletin.de\/bucuresti\/termoenergetica-are-pierderi-financiare-uriase-887-de-milioane-de-lei-consiliul-general-urmeaza-sa-aprobe-un-audit-extern\/\" target=\"_blank\" rel=\"noreferrer noopener\">achizi\u021bionarea serviciilor de audit extern<\/a> a fost propus de c\u0103tre primarul general Ciprian Ciucu pentru a identifica motivele pentru care cele dou\u0103 companii au str\u00e2ns at\u00e2t de multe datorii.<\/p>\n\n\n\n<p>\u201eDimensiunile datoriilor acumulate impun efectuarea unor audituri externe \u00een scopul identific\u0103rii naturii pierderilor financiare survenite \u0219i a valorilor lor exacte, pentru a putea fi recuperate \u0219i pentru a corecta mecanismele care au condus la producerea lor\u201d, se arat\u0103 \u00een referatul de aprobare din <a href=\"https:\/\/doc.pmb.ro\/consiliu\/sedinte\/567\/oz\/13088.pdf\" target=\"_blank\" rel=\"noreferrer noopener\">documenta\u021bia <\/a>proiectului.<\/p>\n\n\n\n<p><strong>\u00cen \u0219edin\u021ba CGMB de joi, proiectul a fost respins cu 24 de voturi \u201epentru\u201d \u0219i 29 de \u201eab\u021bineri\u201d<\/strong>. S-au ab\u021binut consilierii generali ai PSD, PUSL \u0219i AUR.<\/p>\n\n\n\n<h2 class=\"wp-block-heading\" id=\"h-de-ce-au-blocat-consilierii-generali-anchetele-de-la-stb-\u0219i-termoenergetica\">De ce au blocat consilierii generali anchetele de la STB \u0219i Termoenergetica<\/h2>\n\n\n\n<p><strong>Ioana Stoica, consilier PSD \u0219i pre\u0219edintele sindicatului Termoenergetica<\/strong>, a luat cuv\u00e2ntul \u00een \u0219edin\u021b\u0103, men\u021bion\u00e2nd c\u0103 Termoenergetica a avut audituri pe parcursul anului trecut. Aceasta acuz\u0103 c\u0103 institu\u021bia nu a primit \u201etot ce trebuia ca s\u0103 func\u021bioneze\u201d.<\/p>\n\n\n\n<p>\u201e<strong>Domnul primar general, de c\u00e2nd a venit, s-a preocupat \u00een mod deosebit de Termoenergetica \u0219i de problemele care sunt \u00een Capital\u0103. <\/strong><\/p>\n\n\n\n<p>\u00cen momentul \u00een care institu\u021bia aproape tot anul a avut controale ANAF, a avut tot felul de audituri energetice, financiare, domnul Bujduveanu a trimis dup\u0103 data de 10 iulie p\u00e2n\u0103 pe 11 noiembrie Corpul de Control, unde au fost patru persoane zi de zi.<\/p>\n\n\n\n<p>Voiam m\u0103car s\u0103 vedem raportul, ce s-a g\u0103sit, \u0219i atunci normal c\u0103 suntem de acord s\u0103 fac\u0103 o cheltuial\u0103 pe un audit. Dar \u00een momentul \u00een care institu\u021bia asta nu a primit banii, nu a primit tarif, nu a primit tot ce trebuia ca s\u0103 func\u021bioneze, subven\u021bia c\u0103tre popula\u021bie este datorit\u0103 salaria\u021bilor, care vin \u0219i muncesc \u00een condi\u021biile care muncesc, f\u0103r\u0103 alte adaosuri sau prime \u0219.a.m.d.<\/p>\n\n\n\n<p><strong>Deci, face\u021bi ce vre\u021bi, audita\u021bi ce vre\u021bi, dar da\u021bi \u0219i salarii corespunz\u0103toare oamenilor\u201d<\/strong>, a spus pre\u0219edintele sindicatului Termoenergetica.<\/p>\n\n\n\n<p>Primarul general Ciprian Ciucu a declarat c\u0103 nu Adunarea General\u0103 a Ac\u021bionarilor sau consiliile de administra\u021bie vor fi trase la r\u0103spundere \u00een aceast\u0103 situa\u021bie. Edilul a precizat c\u0103 vrea un audit de performan\u021b\u0103 pentru a justifica deciziile conducerii luate de-a lungul timpului. <\/p>\n\n\n\n<p>\u201eNu dumneavoastr\u0103 v\u0103 lua\u021bi \u00eenjur\u0103turile. Nu AGA \u00ee\u0219i ia \u00eenjur\u0103turile, nu consiliile de administra\u021bie. <\/p>\n\n\n\n<p>Responsabilitatea o am eu, pe mine m\u0103 \u00eenjur\u0103 oamenii. \u00cen\u021beleg, au fost audit-uri, m-am uitat pe o parte dintre ele, dar pe mine nu m\u0103 intereseaz\u0103 un simplu audit de legalitate, este u\u0219or s\u0103 ne ascundem \u00een spatele legii.<\/p>\n\n\n\n<p><strong>M\u0103 intereseaz\u0103 un audit de performan\u021b\u0103, un audit care s\u0103 \u00eemi explice sau s\u0103 v\u0103 explice deciziile manageriale care s-au luat de-a lungul timpului. <\/strong>De ce se pl\u0103tesc cu prec\u0103dere anumite contracte \u0219i nu alea pe care poate cu to\u021bii le-am considera esen\u021biale?\u201d, a spus acesta.<\/p>\n\n\n\n<p><strong>CITE\u0218TE \u0218I <a href=\"https:\/\/buletin.de\/bucuresti\/psd-cere-retragerea-comasarii-unor-institutii-din-subordinea-primariei-generale-ciucu-se-testeaza-o-majoritate\/\" target=\"_blank\" rel=\"noreferrer noopener\">LIVE | PSD cere retragerea comas\u0103rii unor institu\u021bii din subordinea Prim\u0103riei Generale. Ciucu: \u201eSe testeaz\u0103 o majoritate\u201d<\/a><\/strong><\/p>\n\n\n\n<h2 class=\"wp-block-heading\" id=\"h-ciprian-ciucu-nu-am-incredere-decat-intr-un-audit-independent\">Ciprian Ciucu: \u201eNu am \u00eencredere dec\u00e2t \u00eentr-un audit independent\u201d<\/h2>\n\n\n\n<p>Vre\u021bi transparen\u021b\u0103? Ce s\u0103 le spun oamenilor, \u201enu e treaba mea, n-am niciun control asupra STB \u0219i Termoenergetica, toate sunt \u00een Consiliul General\u201d.<\/p>\n\n\n\n<p>\u201e<em><strong>Cui \u00eei e fric\u0103 de transparen\u021b\u0103, cui \u00eei e fric\u0103 de audit? Eu, ca primar general, c\u00e2nd voi fi scos \u0219i \u00eenjurat \u00een momentul \u00een care nu e ok la STB, la Termoenergetica. <\/strong>\u00cen\u021beleg c\u0103 nu am niciun vot nici \u00een CA, nici \u00een AGA, dar m\u0103car \u00eemi da\u021bi \u0219i mie voie s\u0103 \u0219tiu ce se \u00eent\u00e2mpl\u0103 acolo? Asta este \u00eentrebarea. <strong>\u00cemi da\u021bi \u0219i mie voie s\u0103 \u0219tiu ce se \u00eent\u00e2mpl\u0103 \u00een STB \u0219i \u00een Termoenergetica, dincolo de ceea mi se bag\u0103 pe sub nas de c\u0103tre conducerile acestor societ\u0103\u021bi sau nu-mi da\u021bi voie?<\/strong><\/em><\/p>\n\n\n\n<p>A<em>u trecut ani \u0219i ani de zile \u00een care aceste sisteme publice au devenit nesuportabile bugetar pentru Bucure\u0219ti. (&#8230;) Serviciul e din ce \u00een ce mai prost de la an la an \u0219i din ce \u00een ce mai scump de la an la an<\/em>\u201d, a mai precizat primarul general.<\/p>\n\n\n\n<p><strong>Ciprian Ciucu a mai precizat c\u0103, pentru a putea livra servicii publice, prima condi\u021bie este ca \u201eele s\u0103 fie suportabile bugetar\u201d.<\/strong> \u201e<em><strong>Am ajuns la un nivel al datoriilor fabulos.<\/strong> Cele mai multe la stat, asta e culmea, dup\u0103 ce au fost t\u0103iate an de an. Nu s-a f\u0103cut nimic, au explodat, dar trebuie s\u0103 m\u0103 \u00eencred \u00eentr-un audit comandat de c\u0103tre o institu\u021bie care este ADITPBI care a luat acele decizii p\u00e2n\u0103 la urm\u0103. (&#8230;)<\/em><\/p>\n\n\n\n<p><em>Nu vota\u021bi, dar bucure\u0219tenii trebuie s\u0103 \u0219tie ce se \u00eent\u00e2mpl\u0103 \u00een aceste sisteme \u0219i pe mine m\u0103 vor \u00eentreba, pentru c\u0103 actualul consiliu nu m\u0103 las\u0103 s\u0103 v\u0103 spun ce se \u00eent\u00e2mpl\u0103 acolo. <strong>Nu am \u00eencredere dec\u00e2t intr-un audit independent, care s\u0103 fie comandat de Prim\u0103ria Capitalei.<\/strong><\/em><\/p>\n\n\n\n<p><em>Nu controlez CA-urile, CA-urile vor nominaliza la STB un director, procedura este deja \u00eenceput\u0103 \u00eenainte ca eu s\u0103 fiu primar general \u0219i nu mai insist \u00een acest moment.<\/em>\u201d<\/p>\n\n\n\n<p><strong>CITE\u0218TE \u0218I <a href=\"https:\/\/buletin.de\/bucuresti\/biletele-stb-nu-se-mai-scumpesc-prima-infrangere-politica-a-lui-ciprian-ciucu-in-relatie-cu-consiliul-general\/\">Biletele STB nu se ma<\/a><a href=\"https:\/\/buletin.de\/bucuresti\/biletele-stb-nu-se-mai-scumpesc-prima-infrangere-politica-a-lui-ciprian-ciucu-in-relatie-cu-consiliul-general\/\" target=\"_blank\" rel=\"noreferrer noopener\">iscumpesc. Prima \u00eenfr\u00e2ngere politic\u0103 a lui Ciprian Ciucu \u00een rela\u021bie cu Consiliul General<\/a><\/strong><\/p>\n","protected":false},"excerpt":{"rendered":"<p>Proiectul de hot\u0103r\u00e2re privind aprobarea achizi\u021bion\u0103rii de servicii de audit extern de c\u0103tre Municipiul Bucure\u0219ti pentru STB SA \u0219i Compania Municipal\u0103 Termoenergetica, a fost respins de Consiliul General al Municipiului Bucure\u0219ti \u00een \u0219edin\u021ba de joi, 29 ianuarie. Proiectul privind achizi\u021bionarea serviciilor de audit extern a fost propus de c\u0103tre primarul general Ciprian Ciucu pentru a [&hellip;]<\/p>\n","protected":false},"author":65,"featured_media":170224,"comment_status":"closed","ping_status":"open","sticky":false,"template":"","format":"standard","meta":{"_acf_changed":false,"inline_featured_image":false,"ngg_post_thumbnail":0,"footnotes":""},"categories":[6994,5762,9025,24],"tags":[2277,148,2089,104,7919,18279,402,533],"ppma_author":[23912],"class_list":["post-170138","post","type-post","status-publish","format-standard","has-post-thumbnail","hentry","category-stiri-2","category-main","category-politic","category-primarie","tag-audit-extern","tag-cgmb","tag-ciprian-ciucu","tag-pmb","tag-primar-general","tag-proiecte-respinse-primaria-capitalei-ministerul-energiei","tag-stb","tag-termoenergetica"],"acf":[],"yoast_head":"<!-- This site is optimized with the Yoast SEO Premium plugin v25.3 (Yoast SEO v27.5) - https:\/\/yoast.com\/product\/yoast-seo-premium-wordpress\/ -->\n<title>Anchetele fiscale de la STB \u0219i Termoenergetica cerute de Ciprian Ciucu, blocate de Consiliul General. Primarul general: \u201eCui \u00eei e fric\u0103 de transparen\u021b\u0103?\u201d - Buletin de Bucure\u0219ti<\/title>\n<meta name=\"description\" content=\"Achizi\u021bionarea de servicii de audit extern de c\u0103tre Municipiul Bucure\u0219ti pentru STB SA \u0219i Termoenergetica a fost respins\u0103 \u00een \u0219edin\u021ba CGMB\" \/>\n<meta name=\"robots\" content=\"index, follow, max-snippet:-1, max-image-preview:large, max-video-preview:-1\" \/>\n<link rel=\"canonical\" href=\"https:\/\/buletin.de\/bucuresti\/cgmb-a-respins-anchetele-fiscale-pentru-stb-si-termoenergetica-ciucu-cui-ii-e-frica-de-transparenta\/\" \/>\n<meta property=\"og:locale\" content=\"en_GB\" \/>\n<meta property=\"og:type\" content=\"article\" \/>\n<meta property=\"og:title\" content=\"Anchetele fiscale de la STB \u0219i Termoenergetica cerute de Ciprian Ciucu, blocate de Consiliul General. Primarul general: \u201eCui \u00eei e fric\u0103 de transparen\u021b\u0103?\u201d\" \/>\n<meta property=\"og:description\" content=\"Achizi\u021bionarea de servicii de audit extern de c\u0103tre Municipiul Bucure\u0219ti pentru STB SA \u0219i Termoenergetica a fost respins\u0103 \u00een \u0219edin\u021ba CGMB\" \/>\n<meta property=\"og:url\" content=\"https:\/\/buletin.de\/bucuresti\/cgmb-a-respins-anchetele-fiscale-pentru-stb-si-termoenergetica-ciucu-cui-ii-e-frica-de-transparenta\/\" \/>\n<meta property=\"og:site_name\" content=\"Buletin de Bucure\u0219ti\" \/>\n<meta property=\"article:publisher\" content=\"https:\/\/www.facebook.com\/buletin.de.buc\" \/>\n<meta property=\"article:published_time\" content=\"2026-01-29T13:00:43+00:00\" \/>\n<meta property=\"article:modified_time\" content=\"2026-01-30T21:55:00+00:00\" \/>\n<meta property=\"og:image\" content=\"https:\/\/buletin.de\/bucuresti\/wp-content\/uploads\/2026\/01\/cgmb.jpg\" \/>\n\t<meta property=\"og:image:width\" content=\"1651\" \/>\n\t<meta property=\"og:image:height\" content=\"1028\" \/>\n\t<meta property=\"og:image:type\" content=\"image\/jpeg\" \/>\n<meta name=\"author\" content=\"Andreea St\u0103n\u0103r\u00eeng\u0103\" \/>\n<meta name=\"twitter:card\" content=\"summary_large_image\" \/>\n<meta name=\"twitter:label1\" content=\"Written by\" \/>\n\t<meta name=\"twitter:data1\" content=\"Andreea St\u0103n\u0103r\u00eeng\u0103\" \/>\n\t<meta name=\"twitter:label2\" content=\"Estimated reading time\" \/>\n\t<meta name=\"twitter:data2\" content=\"4 minutes\" \/>\n<script type=\"application\/ld+json\" class=\"yoast-schema-graph\">{\"@context\":\"https:\\\/\\\/schema.org\",\"@graph\":[{\"@type\":\"Article\",\"@id\":\"https:\\\/\\\/buletin.de\\\/bucuresti\\\/cgmb-a-respins-anchetele-fiscale-pentru-stb-si-termoenergetica-ciucu-cui-ii-e-frica-de-transparenta\\\/#article\",\"isPartOf\":{\"@id\":\"https:\\\/\\\/buletin.de\\\/bucuresti\\\/cgmb-a-respins-anchetele-fiscale-pentru-stb-si-termoenergetica-ciucu-cui-ii-e-frica-de-transparenta\\\/\"},\"author\":{\"name\":\"Andreea St\u0103n\u0103r\u00eeng\u0103\",\"@id\":\"https:\\\/\\\/buletin.de\\\/bucuresti\\\/#\\\/schema\\\/person\\\/81421a46fb84a0887cfd2238f5202586\"},\"headline\":\"Anchetele fiscale de la STB \u0219i Termoenergetica cerute de Ciprian Ciucu, blocate de Consiliul General. Primarul general: \u201eCui \u00eei e fric\u0103 de transparen\u021b\u0103?\u201d\",\"datePublished\":\"2026-01-29T13:00:43+00:00\",\"dateModified\":\"2026-01-30T21:55:00+00:00\",\"mainEntityOfPage\":{\"@id\":\"https:\\\/\\\/buletin.de\\\/bucuresti\\\/cgmb-a-respins-anchetele-fiscale-pentru-stb-si-termoenergetica-ciucu-cui-ii-e-frica-de-transparenta\\\/\"},\"wordCount\":948,\"publisher\":{\"@id\":\"https:\\\/\\\/buletin.de\\\/bucuresti\\\/#organization\"},\"image\":{\"@id\":\"https:\\\/\\\/buletin.de\\\/bucuresti\\\/cgmb-a-respins-anchetele-fiscale-pentru-stb-si-termoenergetica-ciucu-cui-ii-e-frica-de-transparenta\\\/#primaryimage\"},\"thumbnailUrl\":\"https:\\\/\\\/buletin.de\\\/bucuresti\\\/wp-content\\\/uploads\\\/2026\\\/01\\\/cgmb.jpg\",\"keywords\":[\"audit extern\",\"cgmb\",\"ciprian ciucu\",\"pmb\",\"primar general\",\"proiecte respinse primaria capitalei ministerul energiei\",\"stb\",\"termoenergetica\"],\"articleSection\":[\"Articole\",\"Main\",\"Politic\",\"Prim\u0103rie\"],\"inLanguage\":\"en-GB\",\"copyrightYear\":\"2026\",\"copyrightHolder\":{\"@id\":\"https:\\\/\\\/buletin.de\\\/bucuresti\\\/#organization\"}},{\"@type\":\"WebPage\",\"@id\":\"https:\\\/\\\/buletin.de\\\/bucuresti\\\/cgmb-a-respins-anchetele-fiscale-pentru-stb-si-termoenergetica-ciucu-cui-ii-e-frica-de-transparenta\\\/\",\"url\":\"https:\\\/\\\/buletin.de\\\/bucuresti\\\/cgmb-a-respins-anchetele-fiscale-pentru-stb-si-termoenergetica-ciucu-cui-ii-e-frica-de-transparenta\\\/\",\"name\":\"Anchetele fiscale de la STB \u0219i Termoenergetica cerute de Ciprian Ciucu, blocate de Consiliul General. Primarul general: \u201eCui \u00eei e fric\u0103 de transparen\u021b\u0103?\u201d - Buletin de Bucure\u0219ti\",\"isPartOf\":{\"@id\":\"https:\\\/\\\/buletin.de\\\/bucuresti\\\/#website\"},\"primaryImageOfPage\":{\"@id\":\"https:\\\/\\\/buletin.de\\\/bucuresti\\\/cgmb-a-respins-anchetele-fiscale-pentru-stb-si-termoenergetica-ciucu-cui-ii-e-frica-de-transparenta\\\/#primaryimage\"},\"image\":{\"@id\":\"https:\\\/\\\/buletin.de\\\/bucuresti\\\/cgmb-a-respins-anchetele-fiscale-pentru-stb-si-termoenergetica-ciucu-cui-ii-e-frica-de-transparenta\\\/#primaryimage\"},\"thumbnailUrl\":\"https:\\\/\\\/buletin.de\\\/bucuresti\\\/wp-content\\\/uploads\\\/2026\\\/01\\\/cgmb.jpg\",\"datePublished\":\"2026-01-29T13:00:43+00:00\",\"dateModified\":\"2026-01-30T21:55:00+00:00\",\"description\":\"Achizi\u021bionarea de servicii de audit extern de c\u0103tre Municipiul Bucure\u0219ti pentru STB SA \u0219i Termoenergetica a fost respins\u0103 \u00een \u0219edin\u021ba CGMB\",\"breadcrumb\":{\"@id\":\"https:\\\/\\\/buletin.de\\\/bucuresti\\\/cgmb-a-respins-anchetele-fiscale-pentru-stb-si-termoenergetica-ciucu-cui-ii-e-frica-de-transparenta\\\/#breadcrumb\"},\"inLanguage\":\"en-GB\",\"potentialAction\":[{\"@type\":\"ReadAction\",\"target\":[\"https:\\\/\\\/buletin.de\\\/bucuresti\\\/cgmb-a-respins-anchetele-fiscale-pentru-stb-si-termoenergetica-ciucu-cui-ii-e-frica-de-transparenta\\\/\"]}]},{\"@type\":\"ImageObject\",\"inLanguage\":\"en-GB\",\"@id\":\"https:\\\/\\\/buletin.de\\\/bucuresti\\\/cgmb-a-respins-anchetele-fiscale-pentru-stb-si-termoenergetica-ciucu-cui-ii-e-frica-de-transparenta\\\/#primaryimage\",\"url\":\"https:\\\/\\\/buletin.de\\\/bucuresti\\\/wp-content\\\/uploads\\\/2026\\\/01\\\/cgmb.jpg\",\"contentUrl\":\"https:\\\/\\\/buletin.de\\\/bucuresti\\\/wp-content\\\/uploads\\\/2026\\\/01\\\/cgmb.jpg\",\"width\":1651,\"height\":1028,\"caption\":\"Achizi\u021bionarea serviciilor de audit extern pentru STB \u0219i Termoenergetica, respins\u0103 \u00een CGMB. Foto: PMB\"},{\"@type\":\"BreadcrumbList\",\"@id\":\"https:\\\/\\\/buletin.de\\\/bucuresti\\\/cgmb-a-respins-anchetele-fiscale-pentru-stb-si-termoenergetica-ciucu-cui-ii-e-frica-de-transparenta\\\/#breadcrumb\",\"itemListElement\":[{\"@type\":\"ListItem\",\"position\":1,\"name\":\"Acas\u0103\",\"item\":\"https:\\\/\\\/buletin.de\\\/bucuresti\\\/\"},{\"@type\":\"ListItem\",\"position\":2,\"name\":\"Anchetele fiscale de la STB \u0219i Termoenergetica cerute de Ciprian Ciucu, blocate de Consiliul General. Primarul general: \u201eCui \u00eei e fric\u0103 de transparen\u021b\u0103?\u201d\"}]},{\"@type\":\"WebSite\",\"@id\":\"https:\\\/\\\/buletin.de\\\/bucuresti\\\/#website\",\"url\":\"https:\\\/\\\/buletin.de\\\/bucuresti\\\/\",\"name\":\"Buletin de Bucure\u0219ti\",\"description\":\"\u0218tiri \u0219i investiga\u021bii esen\u021biale din capital\u0103\",\"publisher\":{\"@id\":\"https:\\\/\\\/buletin.de\\\/bucuresti\\\/#organization\"},\"potentialAction\":[{\"@type\":\"SearchAction\",\"target\":{\"@type\":\"EntryPoint\",\"urlTemplate\":\"https:\\\/\\\/buletin.de\\\/bucuresti\\\/?s={search_term_string}\"},\"query-input\":{\"@type\":\"PropertyValueSpecification\",\"valueRequired\":true,\"valueName\":\"search_term_string\"}}],\"inLanguage\":\"en-GB\"},{\"@type\":\"Organization\",\"@id\":\"https:\\\/\\\/buletin.de\\\/bucuresti\\\/#organization\",\"name\":\"Buletin de Bucure\u0219ti\",\"url\":\"https:\\\/\\\/buletin.de\\\/bucuresti\\\/\",\"logo\":{\"@type\":\"ImageObject\",\"inLanguage\":\"en-GB\",\"@id\":\"https:\\\/\\\/buletin.de\\\/bucuresti\\\/#\\\/schema\\\/logo\\\/image\\\/\",\"url\":\"https:\\\/\\\/buletin.de\\\/bucuresti\\\/wp-content\\\/uploads\\\/logo-bdb-full-wide-vernil-transparent.png\",\"contentUrl\":\"https:\\\/\\\/buletin.de\\\/bucuresti\\\/wp-content\\\/uploads\\\/logo-bdb-full-wide-vernil-transparent.png\",\"width\":1782,\"height\":626,\"caption\":\"Buletin de Bucure\u0219ti\"},\"image\":{\"@id\":\"https:\\\/\\\/buletin.de\\\/bucuresti\\\/#\\\/schema\\\/logo\\\/image\\\/\"},\"sameAs\":[\"https:\\\/\\\/www.facebook.com\\\/buletin.de.buc\",\"https:\\\/\\\/www.instagram.com\\\/buletinde.bucuresti\\\/\"]},{\"@type\":\"Person\",\"@id\":\"https:\\\/\\\/buletin.de\\\/bucuresti\\\/#\\\/schema\\\/person\\\/81421a46fb84a0887cfd2238f5202586\",\"name\":\"Andreea St\u0103n\u0103r\u00eeng\u0103\",\"image\":{\"@type\":\"ImageObject\",\"inLanguage\":\"en-GB\",\"@id\":\"https:\\\/\\\/secure.gravatar.com\\\/avatar\\\/dfa8d227a4388fad0f0bb03add04b5b176f4da34397dbb2eadc563b3d7162ce0?s=96&d=monsterid&r=g72784372b39ffe5a98a45288fe0d0e8a\",\"url\":\"https:\\\/\\\/secure.gravatar.com\\\/avatar\\\/dfa8d227a4388fad0f0bb03add04b5b176f4da34397dbb2eadc563b3d7162ce0?s=96&d=monsterid&r=g\",\"contentUrl\":\"https:\\\/\\\/secure.gravatar.com\\\/avatar\\\/dfa8d227a4388fad0f0bb03add04b5b176f4da34397dbb2eadc563b3d7162ce0?s=96&d=monsterid&r=g\",\"caption\":\"Andreea St\u0103n\u0103r\u00eeng\u0103\"},\"description\":\"Cu o experien\u021b\u0103 de peste 5 ani \u00een pres\u0103, face parte din echipa Buletin de Bucure\u0219ti din septembrie 2025. A colaborat cu c\u00e2teva publica\u021bii, printre care \u0219i Fanatik.ro, unde s-a ocupat de \u0219tiri de lifestyle \u0219i de actualitate. A f\u0103cut un pas c\u0103tre presa local\u0103 pentru a explora Bucure\u0219tiul \u0219i pove\u0219tile care merit\u0103 spuse.\",\"url\":\"https:\\\/\\\/buletin.de\\\/bucuresti\\\/author\\\/andreea-stanaranga\\\/\"}]}<\/script>\n<!-- \/ Yoast SEO Premium plugin. -->","yoast_head_json":{"title":"Anchetele fiscale de la STB \u0219i Termoenergetica cerute de Ciprian Ciucu, blocate de Consiliul General. Primarul general: \u201eCui \u00eei e fric\u0103 de transparen\u021b\u0103?\u201d - Buletin de Bucure\u0219ti","description":"Achizi\u021bionarea de servicii de audit extern de c\u0103tre Municipiul Bucure\u0219ti pentru STB SA \u0219i Termoenergetica a fost respins\u0103 \u00een \u0219edin\u021ba CGMB","robots":{"index":"index","follow":"follow","max-snippet":"max-snippet:-1","max-image-preview":"max-image-preview:large","max-video-preview":"max-video-preview:-1"},"canonical":"https:\/\/buletin.de\/bucuresti\/cgmb-a-respins-anchetele-fiscale-pentru-stb-si-termoenergetica-ciucu-cui-ii-e-frica-de-transparenta\/","og_locale":"en_GB","og_type":"article","og_title":"Anchetele fiscale de la STB \u0219i Termoenergetica cerute de Ciprian Ciucu, blocate de Consiliul General. Primarul general: \u201eCui \u00eei e fric\u0103 de transparen\u021b\u0103?\u201d","og_description":"Achizi\u021bionarea de servicii de audit extern de c\u0103tre Municipiul Bucure\u0219ti pentru STB SA \u0219i Termoenergetica a fost respins\u0103 \u00een \u0219edin\u021ba CGMB","og_url":"https:\/\/buletin.de\/bucuresti\/cgmb-a-respins-anchetele-fiscale-pentru-stb-si-termoenergetica-ciucu-cui-ii-e-frica-de-transparenta\/","og_site_name":"Buletin de Bucure\u0219ti","article_publisher":"https:\/\/www.facebook.com\/buletin.de.buc","article_published_time":"2026-01-29T13:00:43+00:00","article_modified_time":"2026-01-30T21:55:00+00:00","og_image":[{"width":1651,"height":1028,"url":"https:\/\/buletin.de\/bucuresti\/wp-content\/uploads\/2026\/01\/cgmb.jpg","type":"image\/jpeg"}],"author":"Andreea St\u0103n\u0103r\u00eeng\u0103","twitter_card":"summary_large_image","twitter_misc":{"Written by":"Andreea St\u0103n\u0103r\u00eeng\u0103","Estimated reading time":"4 minutes"},"schema":{"@context":"https:\/\/schema.org","@graph":[{"@type":"Article","@id":"https:\/\/buletin.de\/bucuresti\/cgmb-a-respins-anchetele-fiscale-pentru-stb-si-termoenergetica-ciucu-cui-ii-e-frica-de-transparenta\/#article","isPartOf":{"@id":"https:\/\/buletin.de\/bucuresti\/cgmb-a-respins-anchetele-fiscale-pentru-stb-si-termoenergetica-ciucu-cui-ii-e-frica-de-transparenta\/"},"author":{"name":"Andreea St\u0103n\u0103r\u00eeng\u0103","@id":"https:\/\/buletin.de\/bucuresti\/#\/schema\/person\/81421a46fb84a0887cfd2238f5202586"},"headline":"Anchetele fiscale de la STB \u0219i Termoenergetica cerute de Ciprian Ciucu, blocate de Consiliul General. Primarul general: \u201eCui \u00eei e fric\u0103 de transparen\u021b\u0103?\u201d","datePublished":"2026-01-29T13:00:43+00:00","dateModified":"2026-01-30T21:55:00+00:00","mainEntityOfPage":{"@id":"https:\/\/buletin.de\/bucuresti\/cgmb-a-respins-anchetele-fiscale-pentru-stb-si-termoenergetica-ciucu-cui-ii-e-frica-de-transparenta\/"},"wordCount":948,"publisher":{"@id":"https:\/\/buletin.de\/bucuresti\/#organization"},"image":{"@id":"https:\/\/buletin.de\/bucuresti\/cgmb-a-respins-anchetele-fiscale-pentru-stb-si-termoenergetica-ciucu-cui-ii-e-frica-de-transparenta\/#primaryimage"},"thumbnailUrl":"https:\/\/buletin.de\/bucuresti\/wp-content\/uploads\/2026\/01\/cgmb.jpg","keywords":["audit extern","cgmb","ciprian ciucu","pmb","primar general","proiecte respinse primaria capitalei ministerul energiei","stb","termoenergetica"],"articleSection":["Articole","Main","Politic","Prim\u0103rie"],"inLanguage":"en-GB","copyrightYear":"2026","copyrightHolder":{"@id":"https:\/\/buletin.de\/bucuresti\/#organization"}},{"@type":"WebPage","@id":"https:\/\/buletin.de\/bucuresti\/cgmb-a-respins-anchetele-fiscale-pentru-stb-si-termoenergetica-ciucu-cui-ii-e-frica-de-transparenta\/","url":"https:\/\/buletin.de\/bucuresti\/cgmb-a-respins-anchetele-fiscale-pentru-stb-si-termoenergetica-ciucu-cui-ii-e-frica-de-transparenta\/","name":"Anchetele fiscale de la STB \u0219i Termoenergetica cerute de Ciprian Ciucu, blocate de Consiliul General. Primarul general: \u201eCui \u00eei e fric\u0103 de transparen\u021b\u0103?\u201d - Buletin de Bucure\u0219ti","isPartOf":{"@id":"https:\/\/buletin.de\/bucuresti\/#website"},"primaryImageOfPage":{"@id":"https:\/\/buletin.de\/bucuresti\/cgmb-a-respins-anchetele-fiscale-pentru-stb-si-termoenergetica-ciucu-cui-ii-e-frica-de-transparenta\/#primaryimage"},"image":{"@id":"https:\/\/buletin.de\/bucuresti\/cgmb-a-respins-anchetele-fiscale-pentru-stb-si-termoenergetica-ciucu-cui-ii-e-frica-de-transparenta\/#primaryimage"},"thumbnailUrl":"https:\/\/buletin.de\/bucuresti\/wp-content\/uploads\/2026\/01\/cgmb.jpg","datePublished":"2026-01-29T13:00:43+00:00","dateModified":"2026-01-30T21:55:00+00:00","description":"Achizi\u021bionarea de servicii de audit extern de c\u0103tre Municipiul Bucure\u0219ti pentru STB SA \u0219i Termoenergetica a fost respins\u0103 \u00een \u0219edin\u021ba CGMB","breadcrumb":{"@id":"https:\/\/buletin.de\/bucuresti\/cgmb-a-respins-anchetele-fiscale-pentru-stb-si-termoenergetica-ciucu-cui-ii-e-frica-de-transparenta\/#breadcrumb"},"inLanguage":"en-GB","potentialAction":[{"@type":"ReadAction","target":["https:\/\/buletin.de\/bucuresti\/cgmb-a-respins-anchetele-fiscale-pentru-stb-si-termoenergetica-ciucu-cui-ii-e-frica-de-transparenta\/"]}]},{"@type":"ImageObject","inLanguage":"en-GB","@id":"https:\/\/buletin.de\/bucuresti\/cgmb-a-respins-anchetele-fiscale-pentru-stb-si-termoenergetica-ciucu-cui-ii-e-frica-de-transparenta\/#primaryimage","url":"https:\/\/buletin.de\/bucuresti\/wp-content\/uploads\/2026\/01\/cgmb.jpg","contentUrl":"https:\/\/buletin.de\/bucuresti\/wp-content\/uploads\/2026\/01\/cgmb.jpg","width":1651,"height":1028,"caption":"Achizi\u021bionarea serviciilor de audit extern pentru STB \u0219i Termoenergetica, respins\u0103 \u00een CGMB. Foto: PMB"},{"@type":"BreadcrumbList","@id":"https:\/\/buletin.de\/bucuresti\/cgmb-a-respins-anchetele-fiscale-pentru-stb-si-termoenergetica-ciucu-cui-ii-e-frica-de-transparenta\/#breadcrumb","itemListElement":[{"@type":"ListItem","position":1,"name":"Acas\u0103","item":"https:\/\/buletin.de\/bucuresti\/"},{"@type":"ListItem","position":2,"name":"Anchetele fiscale de la STB \u0219i Termoenergetica cerute de Ciprian Ciucu, blocate de Consiliul General. Primarul general: \u201eCui \u00eei e fric\u0103 de transparen\u021b\u0103?\u201d"}]},{"@type":"WebSite","@id":"https:\/\/buletin.de\/bucuresti\/#website","url":"https:\/\/buletin.de\/bucuresti\/","name":"Buletin de Bucure\u0219ti","description":"\u0218tiri \u0219i investiga\u021bii esen\u021biale din capital\u0103","publisher":{"@id":"https:\/\/buletin.de\/bucuresti\/#organization"},"potentialAction":[{"@type":"SearchAction","target":{"@type":"EntryPoint","urlTemplate":"https:\/\/buletin.de\/bucuresti\/?s={search_term_string}"},"query-input":{"@type":"PropertyValueSpecification","valueRequired":true,"valueName":"search_term_string"}}],"inLanguage":"en-GB"},{"@type":"Organization","@id":"https:\/\/buletin.de\/bucuresti\/#organization","name":"Buletin de Bucure\u0219ti","url":"https:\/\/buletin.de\/bucuresti\/","logo":{"@type":"ImageObject","inLanguage":"en-GB","@id":"https:\/\/buletin.de\/bucuresti\/#\/schema\/logo\/image\/","url":"https:\/\/buletin.de\/bucuresti\/wp-content\/uploads\/logo-bdb-full-wide-vernil-transparent.png","contentUrl":"https:\/\/buletin.de\/bucuresti\/wp-content\/uploads\/logo-bdb-full-wide-vernil-transparent.png","width":1782,"height":626,"caption":"Buletin de Bucure\u0219ti"},"image":{"@id":"https:\/\/buletin.de\/bucuresti\/#\/schema\/logo\/image\/"},"sameAs":["https:\/\/www.facebook.com\/buletin.de.buc","https:\/\/www.instagram.com\/buletinde.bucuresti\/"]},{"@type":"Person","@id":"https:\/\/buletin.de\/bucuresti\/#\/schema\/person\/81421a46fb84a0887cfd2238f5202586","name":"Andreea St\u0103n\u0103r\u00eeng\u0103","image":{"@type":"ImageObject","inLanguage":"en-GB","@id":"https:\/\/secure.gravatar.com\/avatar\/dfa8d227a4388fad0f0bb03add04b5b176f4da34397dbb2eadc563b3d7162ce0?s=96&d=monsterid&r=g72784372b39ffe5a98a45288fe0d0e8a","url":"https:\/\/secure.gravatar.com\/avatar\/dfa8d227a4388fad0f0bb03add04b5b176f4da34397dbb2eadc563b3d7162ce0?s=96&d=monsterid&r=g","contentUrl":"https:\/\/secure.gravatar.com\/avatar\/dfa8d227a4388fad0f0bb03add04b5b176f4da34397dbb2eadc563b3d7162ce0?s=96&d=monsterid&r=g","caption":"Andreea St\u0103n\u0103r\u00eeng\u0103"},"description":"Cu o experien\u021b\u0103 de peste 5 ani \u00een pres\u0103, face parte din echipa Buletin de Bucure\u0219ti din septembrie 2025. A colaborat cu c\u00e2teva publica\u021bii, printre care \u0219i Fanatik.ro, unde s-a ocupat de \u0219tiri de lifestyle \u0219i de actualitate. A f\u0103cut un pas c\u0103tre presa local\u0103 pentru a explora Bucure\u0219tiul \u0219i pove\u0219tile care merit\u0103 spuse.","url":"https:\/\/buletin.de\/bucuresti\/author\/andreea-stanaranga\/"}]}},"authors":[{"term_id":23912,"user_id":65,"is_guest":0,"slug":"andreea-stanaranga","display_name":"Andreea St\u0103n\u0103r\u00eeng\u0103","avatar_url":"https:\/\/secure.gravatar.com\/avatar\/dfa8d227a4388fad0f0bb03add04b5b176f4da34397dbb2eadc563b3d7162ce0?s=96&d=monsterid&r=g","0":null,"1":"","2":"","3":"","4":"","5":"","6":"","7":"","8":""}],"_links":{"self":[{"href":"https:\/\/buletin.de\/bucuresti\/wp-json\/wp\/v2\/posts\/170138","targetHints":{"allow":["GET"]}}],"collection":[{"href":"https:\/\/buletin.de\/bucuresti\/wp-json\/wp\/v2\/posts"}],"about":[{"href":"https:\/\/buletin.de\/bucuresti\/wp-json\/wp\/v2\/types\/post"}],"author":[{"embeddable":true,"href":"https:\/\/buletin.de\/bucuresti\/wp-json\/wp\/v2\/users\/65"}],"replies":[{"embeddable":true,"href":"https:\/\/buletin.de\/bucuresti\/wp-json\/wp\/v2\/comments?post=170138"}],"version-history":[{"count":13,"href":"https:\/\/buletin.de\/bucuresti\/wp-json\/wp\/v2\/posts\/170138\/revisions"}],"predecessor-version":[{"id":170265,"href":"https:\/\/buletin.de\/bucuresti\/wp-json\/wp\/v2\/posts\/170138\/revisions\/170265"}],"wp:featuredmedia":[{"embeddable":true,"href":"https:\/\/buletin.de\/bucuresti\/wp-json\/wp\/v2\/media\/170224"}],"wp:attachment":[{"href":"https:\/\/buletin.de\/bucuresti\/wp-json\/wp\/v2\/media?parent=170138"}],"wp:term":[{"taxonomy":"category","embeddable":true,"href":"https:\/\/buletin.de\/bucuresti\/wp-json\/wp\/v2\/categories?post=170138"},{"taxonomy":"post_tag","embeddable":true,"href":"https:\/\/buletin.de\/bucuresti\/wp-json\/wp\/v2\/tags?post=170138"},{"taxonomy":"author","embeddable":true,"href":"https:\/\/buletin.de\/bucuresti\/wp-json\/wp\/v2\/ppma_author?post=170138"}],"curies":[{"name":"wp","href":"https:\/\/api.w.org\/{rel}","templated":true}]}}