{"id":170118,"date":"2026-01-29T14:31:50","date_gmt":"2026-01-29T11:31:50","guid":{"rendered":"https:\/\/buletin.de\/bucuresti\/?p=170118"},"modified":"2026-01-29T17:02:36","modified_gmt":"2026-01-29T14:02:36","slug":"firma-care-a-produs-autobuzele-turcesti-din-capitala-va-fabrica-blindate-pentru-armata-romana","status":"publish","type":"post","link":"https:\/\/buletin.de\/bucuresti\/firma-care-a-produs-autobuzele-turcesti-din-capitala-va-fabrica-blindate-pentru-armata-romana\/","title":{"rendered":"Firma care a produs autobuzele turce\u0219ti din Capital\u0103 va fabrica blindate pentru Armata Rom\u00e2n\u0103"},"content":{"rendered":"\n<p><strong>Otokar, firma ce a produs autobuzele turce\u0219ti pe care locuitorii<\/strong> <strong>din<\/strong> <strong>Capital\u0103 le folosesc zilnic, urmeaz\u0103 s\u0103 se ocupe \u0219i de producerea de blindate pentru Armata Rom\u00e2n\u0103. \u00cen acest context, compania a semnat un Memorandum de \u00cen\u021belegere \u00een ceea ce prive\u0219te achizi\u021bia a 96,77% din ac\u021biunile Automecanica S.A, scrie <a href=\"https:\/\/adevarul.ro\/economie\/compania-turca-otokar-cumpara-automecanica-medias-2504350.html?fbclid=IwY2xjawPn0pRleHRuA2FlbQIxMABicmlkETBqM2U1OFBzQWhmZnU3eUw0c3J0YwZhcHBfaWQQMjIyMDM5MTc4ODIwMDg5MgABHs_mZa0tNGi_tOJHF7sS1-GMu8YO9EtXHm3dvE5sfZHAFhx1dBWHAT_d-waa_aem_pqW-NSDm5aJJ2t2k4nGqmg\" target=\"_blank\" rel=\"noreferrer noopener\">Adev\u0103rul<\/a>.<\/strong><\/p>\n\n\n\n<p>Decizia a fost luat\u0103 dup\u0103 ce Otokar a c\u00e2\u0219tigat, \u00een 2024, licita\u021bia pentru blindatele 4&#215;4 destinate Ministerului Ap\u0103r\u0103rii Na\u021bionale. Compania a fost obligat\u0103 de Ministerul Ap\u0103r\u0103rii s\u0103 colaboreze cu firme \u00eenregistrate pe teritoriul Rom\u00e2niei, subcontractorul ales fiind Automecanica SA din Media\u0219. <\/p>\n\n\n\n<p>Ini\u021bial, companiile au semnat un acord de joint venture. Conform acestuia ambele firme, Otokar \u0219i Automecanica S.A., ar fi de\u021binut c\u00e2te 50% din compania mixt\u0103. S-a renun\u021bat la planul ini\u021bial, urm\u00e2nd ca ac\u021biunile produc\u0103torului rom\u00e2n s\u0103 fie preluate de c\u0103tre firma din Turcia. <\/p>\n\n\n\n<p>Mai mult de o mie de astfel de vehicule tactice urmeaz\u0103 s\u0103 fie livrate. Pentru realizarea blindatelor COBRA II 4\u00d74 ATBTU, Otokar ar urma s\u0103 foloseasc\u0103 at\u00e2t infrastructura, fabricile, c\u00e2t licen\u021bele companiei Automecanica S.A. <\/p>\n\n\n\n<p>Conform informa\u021biilor oferite de <a href=\"https:\/\/adevarul.ro\/economie\/compania-turca-otokar-cumpara-automecanica-medias-2504350.html?fbclid=IwY2xjawPn0pRleHRuA2FlbQIxMABicmlkETBqM2U1OFBzQWhmZnU3eUw0c3J0YwZhcHBfaWQQMjIyMDM5MTc4ODIwMDg5MgABHs_mZa0tNGi_tOJHF7sS1-GMu8YO9EtXHm3dvE5sfZHAFhx1dBWHAT_d-waa_aem_pqW-NSDm5aJJ2t2k4nGqmg\" target=\"_blank\" rel=\"noreferrer noopener\">Adev\u0103rul.ro<\/a>, Otokar va pl\u0103ti 85 de milioane de euro pentru a prelua 96,77% din ac\u021biunile Automecanica. Odat\u0103 cu semnarea Memorandumului de \u00cen\u021belegere a fost achitat\u0103 suma de 5 milioane de euro. Restul sumei urmeaz\u0103 s\u0103 fie pl\u0103tit\u0103 la final. <\/p>\n\n\n\n<p>Se estimeaz\u0103 c\u0103 tranzac\u021bia ar fi finalizat\u0103 \u00een luna aprilie a anului 2026, dup\u0103 \u00eencheierea verific\u0103rilor necesare \u0219i ob\u021binerea avizelor de la autorit\u0103\u021bile rom\u00e2ne din domeniul concuren\u021bei \u0219i ap\u0103r\u0103rii. <\/p>\n\n\n\n<h2 class=\"wp-block-heading\" id=\"h-de-la-acutobuzele-otokar-care-circula-prin-bucure\u0219ti-la-blindate-pentru-armata-romana\">De la acutobuzele Otokar care circul\u0103 prin Bucure\u0219ti la blindate pentru Armata Rom\u00e2n\u0103<\/h2>\n\n\n\n<p><strong>De ani de zile bucure\u0219tenii se duc c\u00e2te munc\u0103, \u0219coal\u0103, sau alte locuri unde au treab\u0103 cu autobuzele albastre Otokar. 400 de astfel de vehicule destinate transportului public au fost cump\u0103rate de c\u0103tre municipalitate \u00eencep\u00e2nd cu anul 2018. PMB a pl\u0103tit suma de 458 de milioane de lei.<\/strong><\/p>\n\n\n\n<p>\u00cenc\u0103 de anul trecut, o parte dintre aceste vehicule de transport public au ie\u0219it din garan\u021bia de patru ani sau 240.000 de kilometri. Asta \u00eenseamn\u0103 c\u0103 firma produc\u0103toare nu mai este responsabil\u0103 de mentenan\u021ba lor, obliga\u021bie revenind Societ\u0103\u021bii de Transport Bucure\u0219ti. <\/p>\n\n\n\n<p>Cu toate c\u0103 STB ar trebui s\u0103 se ocupe de repara\u021biile necesare pentru autobuzele cump\u0103rate \u00een mandatul Gabrielei Firea, compania se afl\u0103 \u00eentr-o situa\u021bie financiar\u0103 precar\u0103. La \u00eenceput de 2026 operatorul de transport public nu are destui bani nici m\u0103car pentru plata integral\u0103 a salariilor. <\/p>\n\n\n\n<p>De asemenea, din cauza datoriilor acumulate livrarea de piese necesare pentru repararea vehiculelor a fost oprit\u0103 de c\u0103tre furnizori. Mai precis, STB trebuie s\u0103 pl\u0103teasc\u0103 furnizorilor suma de 100.648.457 lei. <\/p>\n\n\n\n<p><strong>Cite\u0219te \u0218I <a href=\"https:\/\/buletin.de\/bucuresti\/stb-este-in-pragul-colapsului-bani-doar-pentru-avansul-angajatilor-pe-luna-ianuarie-si-datorii-record-de-50-de-milioane-de-euro-la-furnizorii-de-piese-si-electricitate\/\">STB este \u00een pragul colapsului: bani doar pentru avansul angaja\u021bilor pe luna ianuarie \u0219i datorii \u201erecord\u201d de 50 de milioane de euro la furnizorii de piese \u0219i electricitate&nbsp;<\/a><br><\/strong><\/p>\n","protected":false},"excerpt":{"rendered":"<p>Otokar, firma ce a produs autobuzele turce\u0219ti pe care locuitorii din Capital\u0103 le folosesc zilnic, urmeaz\u0103 s\u0103 se ocupe \u0219i de producerea de blindate pentru Armata Rom\u00e2n\u0103. \u00cen acest context, compania a semnat un Memorandum de \u00cen\u021belegere \u00een ceea ce prive\u0219te achizi\u021bia a 96,77% din ac\u021biunile Automecanica S.A, scrie Adev\u0103rul. Decizia a fost luat\u0103 dup\u0103 [&hellip;]<\/p>\n","protected":false},"author":66,"featured_media":127150,"comment_status":"closed","ping_status":"open","sticky":false,"template":"","format":"standard","meta":{"_acf_changed":false,"inline_featured_image":false,"ngg_post_thumbnail":0,"footnotes":""},"categories":[6994,24496,62,650],"tags":[130,26105,2063,28,26104,127,104,402],"ppma_author":[26103],"class_list":["post-170118","post","type-post","status-publish","format-standard","has-post-thumbnail","hentry","category-stiri-2","category-economic","category-stiri","category-transport","tag-autobuze","tag-blindate","tag-bucuresti-2","tag-firea","tag-medis","tag-otokar","tag-pmb","tag-stb"],"acf":[],"yoast_head":"<!-- This site is optimized with the Yoast SEO Premium plugin v25.3 (Yoast SEO v27.4) - https:\/\/yoast.com\/product\/yoast-seo-premium-wordpress\/ -->\n<title>Firma care a produs autobuzele turce\u0219ti din Capital\u0103 va fabrica blindate pentru Armata Rom\u00e2n\u0103 - Buletin de Bucure\u0219ti<\/title>\n<meta name=\"description\" content=\"Firma ce a produs autobuzele turce\u0219ti Otokar urmeaz\u0103 s\u0103 se ocupe \u0219i de producerea de blindate pentru Armata Rom\u00e2n\u0103.\" \/>\n<meta name=\"robots\" content=\"index, follow, max-snippet:-1, max-image-preview:large, max-video-preview:-1\" \/>\n<link rel=\"canonical\" href=\"https:\/\/buletin.de\/bucuresti\/firma-care-a-produs-autobuzele-turcesti-din-capitala-va-fabrica-blindate-pentru-armata-romana\/\" \/>\n<meta property=\"og:locale\" content=\"en_GB\" \/>\n<meta property=\"og:type\" content=\"article\" \/>\n<meta property=\"og:title\" content=\"Firma care a produs autobuzele turce\u0219ti din Capital\u0103 va fabrica blindate pentru Armata Rom\u00e2n\u0103\" \/>\n<meta property=\"og:description\" content=\"Firma ce a produs autobuzele turce\u0219ti Otokar urmeaz\u0103 s\u0103 se ocupe \u0219i de producerea de blindate pentru Armata Rom\u00e2n\u0103.\" \/>\n<meta property=\"og:url\" content=\"https:\/\/buletin.de\/bucuresti\/firma-care-a-produs-autobuzele-turcesti-din-capitala-va-fabrica-blindate-pentru-armata-romana\/\" \/>\n<meta property=\"og:site_name\" content=\"Buletin de Bucure\u0219ti\" \/>\n<meta property=\"article:publisher\" content=\"https:\/\/www.facebook.com\/buletin.de.buc\" \/>\n<meta property=\"article:published_time\" content=\"2026-01-29T11:31:50+00:00\" \/>\n<meta property=\"article:modified_time\" content=\"2026-01-29T14:02:36+00:00\" \/>\n<meta property=\"og:image\" content=\"https:\/\/buletin.de\/bucuresti\/wp-content\/uploads\/2025\/04\/otokar.png\" \/>\n\t<meta property=\"og:image:width\" content=\"800\" \/>\n\t<meta property=\"og:image:height\" content=\"519\" \/>\n\t<meta property=\"og:image:type\" content=\"image\/png\" \/>\n<meta name=\"author\" content=\"Deniz Garguli\" \/>\n<meta name=\"twitter:card\" content=\"summary_large_image\" \/>\n<meta name=\"twitter:label1\" content=\"Written by\" \/>\n\t<meta name=\"twitter:data1\" content=\"Deniz Garguli\" \/>\n\t<meta name=\"twitter:label2\" content=\"Estimated reading time\" \/>\n\t<meta name=\"twitter:data2\" content=\"3 minutes\" \/>\n<script type=\"application\/ld+json\" class=\"yoast-schema-graph\">{\"@context\":\"https:\\\/\\\/schema.org\",\"@graph\":[{\"@type\":\"Article\",\"@id\":\"https:\\\/\\\/buletin.de\\\/bucuresti\\\/firma-care-a-produs-autobuzele-turcesti-din-capitala-va-fabrica-blindate-pentru-armata-romana\\\/#article\",\"isPartOf\":{\"@id\":\"https:\\\/\\\/buletin.de\\\/bucuresti\\\/firma-care-a-produs-autobuzele-turcesti-din-capitala-va-fabrica-blindate-pentru-armata-romana\\\/\"},\"author\":{\"name\":\"Deniz Garguli\",\"@id\":\"https:\\\/\\\/buletin.de\\\/bucuresti\\\/#\\\/schema\\\/person\\\/8badd0805392c02e16b744e0d5cd3625\"},\"headline\":\"Firma care a produs autobuzele turce\u0219ti din Capital\u0103 va fabrica blindate pentru Armata Rom\u00e2n\u0103\",\"datePublished\":\"2026-01-29T11:31:50+00:00\",\"dateModified\":\"2026-01-29T14:02:36+00:00\",\"mainEntityOfPage\":{\"@id\":\"https:\\\/\\\/buletin.de\\\/bucuresti\\\/firma-care-a-produs-autobuzele-turcesti-din-capitala-va-fabrica-blindate-pentru-armata-romana\\\/\"},\"wordCount\":518,\"publisher\":{\"@id\":\"https:\\\/\\\/buletin.de\\\/bucuresti\\\/#organization\"},\"image\":{\"@id\":\"https:\\\/\\\/buletin.de\\\/bucuresti\\\/firma-care-a-produs-autobuzele-turcesti-din-capitala-va-fabrica-blindate-pentru-armata-romana\\\/#primaryimage\"},\"thumbnailUrl\":\"https:\\\/\\\/buletin.de\\\/bucuresti\\\/wp-content\\\/uploads\\\/2025\\\/04\\\/otokar.png\",\"keywords\":[\"autobuze\",\"Blindate\",\"Bucure\u0219ti\",\"firea\",\"Medi\u0219\",\"otokar\",\"pmb\",\"stb\"],\"articleSection\":[\"Articole\",\"Economic\",\"\u0218tiri\",\"Transport\"],\"inLanguage\":\"en-GB\",\"copyrightYear\":\"2026\",\"copyrightHolder\":{\"@id\":\"https:\\\/\\\/buletin.de\\\/bucuresti\\\/#organization\"}},{\"@type\":\"WebPage\",\"@id\":\"https:\\\/\\\/buletin.de\\\/bucuresti\\\/firma-care-a-produs-autobuzele-turcesti-din-capitala-va-fabrica-blindate-pentru-armata-romana\\\/\",\"url\":\"https:\\\/\\\/buletin.de\\\/bucuresti\\\/firma-care-a-produs-autobuzele-turcesti-din-capitala-va-fabrica-blindate-pentru-armata-romana\\\/\",\"name\":\"Firma care a produs autobuzele turce\u0219ti din Capital\u0103 va fabrica blindate pentru Armata Rom\u00e2n\u0103 - Buletin de Bucure\u0219ti\",\"isPartOf\":{\"@id\":\"https:\\\/\\\/buletin.de\\\/bucuresti\\\/#website\"},\"primaryImageOfPage\":{\"@id\":\"https:\\\/\\\/buletin.de\\\/bucuresti\\\/firma-care-a-produs-autobuzele-turcesti-din-capitala-va-fabrica-blindate-pentru-armata-romana\\\/#primaryimage\"},\"image\":{\"@id\":\"https:\\\/\\\/buletin.de\\\/bucuresti\\\/firma-care-a-produs-autobuzele-turcesti-din-capitala-va-fabrica-blindate-pentru-armata-romana\\\/#primaryimage\"},\"thumbnailUrl\":\"https:\\\/\\\/buletin.de\\\/bucuresti\\\/wp-content\\\/uploads\\\/2025\\\/04\\\/otokar.png\",\"datePublished\":\"2026-01-29T11:31:50+00:00\",\"dateModified\":\"2026-01-29T14:02:36+00:00\",\"description\":\"Firma ce a produs autobuzele turce\u0219ti Otokar urmeaz\u0103 s\u0103 se ocupe \u0219i de producerea de blindate pentru Armata Rom\u00e2n\u0103.\",\"breadcrumb\":{\"@id\":\"https:\\\/\\\/buletin.de\\\/bucuresti\\\/firma-care-a-produs-autobuzele-turcesti-din-capitala-va-fabrica-blindate-pentru-armata-romana\\\/#breadcrumb\"},\"inLanguage\":\"en-GB\",\"potentialAction\":[{\"@type\":\"ReadAction\",\"target\":[\"https:\\\/\\\/buletin.de\\\/bucuresti\\\/firma-care-a-produs-autobuzele-turcesti-din-capitala-va-fabrica-blindate-pentru-armata-romana\\\/\"]}]},{\"@type\":\"ImageObject\",\"inLanguage\":\"en-GB\",\"@id\":\"https:\\\/\\\/buletin.de\\\/bucuresti\\\/firma-care-a-produs-autobuzele-turcesti-din-capitala-va-fabrica-blindate-pentru-armata-romana\\\/#primaryimage\",\"url\":\"https:\\\/\\\/buletin.de\\\/bucuresti\\\/wp-content\\\/uploads\\\/2025\\\/04\\\/otokar.png\",\"contentUrl\":\"https:\\\/\\\/buletin.de\\\/bucuresti\\\/wp-content\\\/uploads\\\/2025\\\/04\\\/otokar.png\",\"width\":800,\"height\":519,\"caption\":\"Firma care a produs autobuzele turce\u0219ti din Capital\u0103 va fabrica blindate pentru Armata Rom\u00e2na la Media\u0219. Foto: arhiv\u0103\"},{\"@type\":\"BreadcrumbList\",\"@id\":\"https:\\\/\\\/buletin.de\\\/bucuresti\\\/firma-care-a-produs-autobuzele-turcesti-din-capitala-va-fabrica-blindate-pentru-armata-romana\\\/#breadcrumb\",\"itemListElement\":[{\"@type\":\"ListItem\",\"position\":1,\"name\":\"Acas\u0103\",\"item\":\"https:\\\/\\\/buletin.de\\\/bucuresti\\\/\"},{\"@type\":\"ListItem\",\"position\":2,\"name\":\"Firma care a produs autobuzele turce\u0219ti din Capital\u0103 va fabrica blindate pentru Armata Rom\u00e2n\u0103\"}]},{\"@type\":\"WebSite\",\"@id\":\"https:\\\/\\\/buletin.de\\\/bucuresti\\\/#website\",\"url\":\"https:\\\/\\\/buletin.de\\\/bucuresti\\\/\",\"name\":\"Buletin de Bucure\u0219ti\",\"description\":\"\u0218tiri \u0219i investiga\u021bii esen\u021biale din capital\u0103\",\"publisher\":{\"@id\":\"https:\\\/\\\/buletin.de\\\/bucuresti\\\/#organization\"},\"potentialAction\":[{\"@type\":\"SearchAction\",\"target\":{\"@type\":\"EntryPoint\",\"urlTemplate\":\"https:\\\/\\\/buletin.de\\\/bucuresti\\\/?s={search_term_string}\"},\"query-input\":{\"@type\":\"PropertyValueSpecification\",\"valueRequired\":true,\"valueName\":\"search_term_string\"}}],\"inLanguage\":\"en-GB\"},{\"@type\":\"Organization\",\"@id\":\"https:\\\/\\\/buletin.de\\\/bucuresti\\\/#organization\",\"name\":\"Buletin de Bucure\u0219ti\",\"url\":\"https:\\\/\\\/buletin.de\\\/bucuresti\\\/\",\"logo\":{\"@type\":\"ImageObject\",\"inLanguage\":\"en-GB\",\"@id\":\"https:\\\/\\\/buletin.de\\\/bucuresti\\\/#\\\/schema\\\/logo\\\/image\\\/\",\"url\":\"https:\\\/\\\/buletin.de\\\/bucuresti\\\/wp-content\\\/uploads\\\/logo-bdb-full-wide-vernil-transparent.png\",\"contentUrl\":\"https:\\\/\\\/buletin.de\\\/bucuresti\\\/wp-content\\\/uploads\\\/logo-bdb-full-wide-vernil-transparent.png\",\"width\":1782,\"height\":626,\"caption\":\"Buletin de Bucure\u0219ti\"},\"image\":{\"@id\":\"https:\\\/\\\/buletin.de\\\/bucuresti\\\/#\\\/schema\\\/logo\\\/image\\\/\"},\"sameAs\":[\"https:\\\/\\\/www.facebook.com\\\/buletin.de.buc\",\"https:\\\/\\\/www.instagram.com\\\/buletinde.bucuresti\\\/\"]},{\"@type\":\"Person\",\"@id\":\"https:\\\/\\\/buletin.de\\\/bucuresti\\\/#\\\/schema\\\/person\\\/8badd0805392c02e16b744e0d5cd3625\",\"name\":\"Deniz Garguli\",\"image\":{\"@type\":\"ImageObject\",\"inLanguage\":\"en-GB\",\"@id\":\"https:\\\/\\\/buletin.de\\\/bucuresti\\\/wp-content\\\/uploads\\\/2026\\\/01\\\/79b44b20-a270-4ee6-afb3-fdf3c7ef7782-96x96.jpege2491ce6d396dbf7c1362e9ef046c803\",\"url\":\"https:\\\/\\\/buletin.de\\\/bucuresti\\\/wp-content\\\/uploads\\\/2026\\\/01\\\/79b44b20-a270-4ee6-afb3-fdf3c7ef7782-96x96.jpeg\",\"contentUrl\":\"https:\\\/\\\/buletin.de\\\/bucuresti\\\/wp-content\\\/uploads\\\/2026\\\/01\\\/79b44b20-a270-4ee6-afb3-fdf3c7ef7782-96x96.jpeg\",\"caption\":\"Deniz Garguli\"},\"description\":\"N\u0103scut\u0103 \u0219i crescut\u0103 \u00een Capital\u0103, dorin\u021ba de a fi la curent cu tot ce se \u00eent\u00e2mpl\u0103 \u00een Bucure\u0219ti a \u00eempins-o c\u0103tre pres\u0103, mai cu seam\u0103 c\u0103tre cea local\u0103. A lucrat vreme de patru ani la B365, unde s-a ocupat de \u0219tiri despre ora\u0219 \u0219i oamenii care locuiesc \u00een el. Din 2026 s-a al\u0103turat echipei Buletin de Bucure\u0219ti.\",\"url\":\"https:\\\/\\\/buletin.de\\\/bucuresti\\\/author\\\/deniz-garguli\\\/\"}]}<\/script>\n<!-- \/ Yoast SEO Premium plugin. -->","yoast_head_json":{"title":"Firma care a produs autobuzele turce\u0219ti din Capital\u0103 va fabrica blindate pentru Armata Rom\u00e2n\u0103 - Buletin de Bucure\u0219ti","description":"Firma ce a produs autobuzele turce\u0219ti Otokar urmeaz\u0103 s\u0103 se ocupe \u0219i de producerea de blindate pentru Armata Rom\u00e2n\u0103.","robots":{"index":"index","follow":"follow","max-snippet":"max-snippet:-1","max-image-preview":"max-image-preview:large","max-video-preview":"max-video-preview:-1"},"canonical":"https:\/\/buletin.de\/bucuresti\/firma-care-a-produs-autobuzele-turcesti-din-capitala-va-fabrica-blindate-pentru-armata-romana\/","og_locale":"en_GB","og_type":"article","og_title":"Firma care a produs autobuzele turce\u0219ti din Capital\u0103 va fabrica blindate pentru Armata Rom\u00e2n\u0103","og_description":"Firma ce a produs autobuzele turce\u0219ti Otokar urmeaz\u0103 s\u0103 se ocupe \u0219i de producerea de blindate pentru Armata Rom\u00e2n\u0103.","og_url":"https:\/\/buletin.de\/bucuresti\/firma-care-a-produs-autobuzele-turcesti-din-capitala-va-fabrica-blindate-pentru-armata-romana\/","og_site_name":"Buletin de Bucure\u0219ti","article_publisher":"https:\/\/www.facebook.com\/buletin.de.buc","article_published_time":"2026-01-29T11:31:50+00:00","article_modified_time":"2026-01-29T14:02:36+00:00","og_image":[{"width":800,"height":519,"url":"https:\/\/buletin.de\/bucuresti\/wp-content\/uploads\/2025\/04\/otokar.png","type":"image\/png"}],"author":"Deniz Garguli","twitter_card":"summary_large_image","twitter_misc":{"Written by":"Deniz Garguli","Estimated reading time":"3 minutes"},"schema":{"@context":"https:\/\/schema.org","@graph":[{"@type":"Article","@id":"https:\/\/buletin.de\/bucuresti\/firma-care-a-produs-autobuzele-turcesti-din-capitala-va-fabrica-blindate-pentru-armata-romana\/#article","isPartOf":{"@id":"https:\/\/buletin.de\/bucuresti\/firma-care-a-produs-autobuzele-turcesti-din-capitala-va-fabrica-blindate-pentru-armata-romana\/"},"author":{"name":"Deniz Garguli","@id":"https:\/\/buletin.de\/bucuresti\/#\/schema\/person\/8badd0805392c02e16b744e0d5cd3625"},"headline":"Firma care a produs autobuzele turce\u0219ti din Capital\u0103 va fabrica blindate pentru Armata Rom\u00e2n\u0103","datePublished":"2026-01-29T11:31:50+00:00","dateModified":"2026-01-29T14:02:36+00:00","mainEntityOfPage":{"@id":"https:\/\/buletin.de\/bucuresti\/firma-care-a-produs-autobuzele-turcesti-din-capitala-va-fabrica-blindate-pentru-armata-romana\/"},"wordCount":518,"publisher":{"@id":"https:\/\/buletin.de\/bucuresti\/#organization"},"image":{"@id":"https:\/\/buletin.de\/bucuresti\/firma-care-a-produs-autobuzele-turcesti-din-capitala-va-fabrica-blindate-pentru-armata-romana\/#primaryimage"},"thumbnailUrl":"https:\/\/buletin.de\/bucuresti\/wp-content\/uploads\/2025\/04\/otokar.png","keywords":["autobuze","Blindate","Bucure\u0219ti","firea","Medi\u0219","otokar","pmb","stb"],"articleSection":["Articole","Economic","\u0218tiri","Transport"],"inLanguage":"en-GB","copyrightYear":"2026","copyrightHolder":{"@id":"https:\/\/buletin.de\/bucuresti\/#organization"}},{"@type":"WebPage","@id":"https:\/\/buletin.de\/bucuresti\/firma-care-a-produs-autobuzele-turcesti-din-capitala-va-fabrica-blindate-pentru-armata-romana\/","url":"https:\/\/buletin.de\/bucuresti\/firma-care-a-produs-autobuzele-turcesti-din-capitala-va-fabrica-blindate-pentru-armata-romana\/","name":"Firma care a produs autobuzele turce\u0219ti din Capital\u0103 va fabrica blindate pentru Armata Rom\u00e2n\u0103 - Buletin de Bucure\u0219ti","isPartOf":{"@id":"https:\/\/buletin.de\/bucuresti\/#website"},"primaryImageOfPage":{"@id":"https:\/\/buletin.de\/bucuresti\/firma-care-a-produs-autobuzele-turcesti-din-capitala-va-fabrica-blindate-pentru-armata-romana\/#primaryimage"},"image":{"@id":"https:\/\/buletin.de\/bucuresti\/firma-care-a-produs-autobuzele-turcesti-din-capitala-va-fabrica-blindate-pentru-armata-romana\/#primaryimage"},"thumbnailUrl":"https:\/\/buletin.de\/bucuresti\/wp-content\/uploads\/2025\/04\/otokar.png","datePublished":"2026-01-29T11:31:50+00:00","dateModified":"2026-01-29T14:02:36+00:00","description":"Firma ce a produs autobuzele turce\u0219ti Otokar urmeaz\u0103 s\u0103 se ocupe \u0219i de producerea de blindate pentru Armata Rom\u00e2n\u0103.","breadcrumb":{"@id":"https:\/\/buletin.de\/bucuresti\/firma-care-a-produs-autobuzele-turcesti-din-capitala-va-fabrica-blindate-pentru-armata-romana\/#breadcrumb"},"inLanguage":"en-GB","potentialAction":[{"@type":"ReadAction","target":["https:\/\/buletin.de\/bucuresti\/firma-care-a-produs-autobuzele-turcesti-din-capitala-va-fabrica-blindate-pentru-armata-romana\/"]}]},{"@type":"ImageObject","inLanguage":"en-GB","@id":"https:\/\/buletin.de\/bucuresti\/firma-care-a-produs-autobuzele-turcesti-din-capitala-va-fabrica-blindate-pentru-armata-romana\/#primaryimage","url":"https:\/\/buletin.de\/bucuresti\/wp-content\/uploads\/2025\/04\/otokar.png","contentUrl":"https:\/\/buletin.de\/bucuresti\/wp-content\/uploads\/2025\/04\/otokar.png","width":800,"height":519,"caption":"Firma care a produs autobuzele turce\u0219ti din Capital\u0103 va fabrica blindate pentru Armata Rom\u00e2na la Media\u0219. Foto: arhiv\u0103"},{"@type":"BreadcrumbList","@id":"https:\/\/buletin.de\/bucuresti\/firma-care-a-produs-autobuzele-turcesti-din-capitala-va-fabrica-blindate-pentru-armata-romana\/#breadcrumb","itemListElement":[{"@type":"ListItem","position":1,"name":"Acas\u0103","item":"https:\/\/buletin.de\/bucuresti\/"},{"@type":"ListItem","position":2,"name":"Firma care a produs autobuzele turce\u0219ti din Capital\u0103 va fabrica blindate pentru Armata Rom\u00e2n\u0103"}]},{"@type":"WebSite","@id":"https:\/\/buletin.de\/bucuresti\/#website","url":"https:\/\/buletin.de\/bucuresti\/","name":"Buletin de Bucure\u0219ti","description":"\u0218tiri \u0219i investiga\u021bii esen\u021biale din capital\u0103","publisher":{"@id":"https:\/\/buletin.de\/bucuresti\/#organization"},"potentialAction":[{"@type":"SearchAction","target":{"@type":"EntryPoint","urlTemplate":"https:\/\/buletin.de\/bucuresti\/?s={search_term_string}"},"query-input":{"@type":"PropertyValueSpecification","valueRequired":true,"valueName":"search_term_string"}}],"inLanguage":"en-GB"},{"@type":"Organization","@id":"https:\/\/buletin.de\/bucuresti\/#organization","name":"Buletin de Bucure\u0219ti","url":"https:\/\/buletin.de\/bucuresti\/","logo":{"@type":"ImageObject","inLanguage":"en-GB","@id":"https:\/\/buletin.de\/bucuresti\/#\/schema\/logo\/image\/","url":"https:\/\/buletin.de\/bucuresti\/wp-content\/uploads\/logo-bdb-full-wide-vernil-transparent.png","contentUrl":"https:\/\/buletin.de\/bucuresti\/wp-content\/uploads\/logo-bdb-full-wide-vernil-transparent.png","width":1782,"height":626,"caption":"Buletin de Bucure\u0219ti"},"image":{"@id":"https:\/\/buletin.de\/bucuresti\/#\/schema\/logo\/image\/"},"sameAs":["https:\/\/www.facebook.com\/buletin.de.buc","https:\/\/www.instagram.com\/buletinde.bucuresti\/"]},{"@type":"Person","@id":"https:\/\/buletin.de\/bucuresti\/#\/schema\/person\/8badd0805392c02e16b744e0d5cd3625","name":"Deniz Garguli","image":{"@type":"ImageObject","inLanguage":"en-GB","@id":"https:\/\/buletin.de\/bucuresti\/wp-content\/uploads\/2026\/01\/79b44b20-a270-4ee6-afb3-fdf3c7ef7782-96x96.jpege2491ce6d396dbf7c1362e9ef046c803","url":"https:\/\/buletin.de\/bucuresti\/wp-content\/uploads\/2026\/01\/79b44b20-a270-4ee6-afb3-fdf3c7ef7782-96x96.jpeg","contentUrl":"https:\/\/buletin.de\/bucuresti\/wp-content\/uploads\/2026\/01\/79b44b20-a270-4ee6-afb3-fdf3c7ef7782-96x96.jpeg","caption":"Deniz Garguli"},"description":"N\u0103scut\u0103 \u0219i crescut\u0103 \u00een Capital\u0103, dorin\u021ba de a fi la curent cu tot ce se \u00eent\u00e2mpl\u0103 \u00een Bucure\u0219ti a \u00eempins-o c\u0103tre pres\u0103, mai cu seam\u0103 c\u0103tre cea local\u0103. A lucrat vreme de patru ani la B365, unde s-a ocupat de \u0219tiri despre ora\u0219 \u0219i oamenii care locuiesc \u00een el. Din 2026 s-a al\u0103turat echipei Buletin de Bucure\u0219ti.","url":"https:\/\/buletin.de\/bucuresti\/author\/deniz-garguli\/"}]}},"authors":[{"term_id":26103,"user_id":66,"is_guest":0,"slug":"deniz-garguli","display_name":"Deniz Garguli","avatar_url":"https:\/\/buletin.de\/bucuresti\/wp-content\/uploads\/2026\/01\/79b44b20-a270-4ee6-afb3-fdf3c7ef7782-96x96.jpeg","0":null,"1":"","2":"","3":"","4":"","5":"","6":"","7":"","8":""}],"_links":{"self":[{"href":"https:\/\/buletin.de\/bucuresti\/wp-json\/wp\/v2\/posts\/170118","targetHints":{"allow":["GET"]}}],"collection":[{"href":"https:\/\/buletin.de\/bucuresti\/wp-json\/wp\/v2\/posts"}],"about":[{"href":"https:\/\/buletin.de\/bucuresti\/wp-json\/wp\/v2\/types\/post"}],"author":[{"embeddable":true,"href":"https:\/\/buletin.de\/bucuresti\/wp-json\/wp\/v2\/users\/66"}],"replies":[{"embeddable":true,"href":"https:\/\/buletin.de\/bucuresti\/wp-json\/wp\/v2\/comments?post=170118"}],"version-history":[{"count":8,"href":"https:\/\/buletin.de\/bucuresti\/wp-json\/wp\/v2\/posts\/170118\/revisions"}],"predecessor-version":[{"id":170255,"href":"https:\/\/buletin.de\/bucuresti\/wp-json\/wp\/v2\/posts\/170118\/revisions\/170255"}],"wp:featuredmedia":[{"embeddable":true,"href":"https:\/\/buletin.de\/bucuresti\/wp-json\/wp\/v2\/media\/127150"}],"wp:attachment":[{"href":"https:\/\/buletin.de\/bucuresti\/wp-json\/wp\/v2\/media?parent=170118"}],"wp:term":[{"taxonomy":"category","embeddable":true,"href":"https:\/\/buletin.de\/bucuresti\/wp-json\/wp\/v2\/categories?post=170118"},{"taxonomy":"post_tag","embeddable":true,"href":"https:\/\/buletin.de\/bucuresti\/wp-json\/wp\/v2\/tags?post=170118"},{"taxonomy":"author","embeddable":true,"href":"https:\/\/buletin.de\/bucuresti\/wp-json\/wp\/v2\/ppma_author?post=170118"}],"curies":[{"name":"wp","href":"https:\/\/api.w.org\/{rel}","templated":true}]}}