{"id":170021,"date":"2026-01-28T20:33:24","date_gmt":"2026-01-28T17:33:24","guid":{"rendered":"https:\/\/buletin.de\/bucuresti\/?p=170021"},"modified":"2026-01-29T09:17:51","modified_gmt":"2026-01-29T06:17:51","slug":"stadiul-lucrarilor-la-prelungirea-ghencea-pentru-fiecare-tronson-ciprian-ciucu-anunta-masuri-pentru-deblocarea-santierelor","status":"publish","type":"post","link":"https:\/\/buletin.de\/bucuresti\/stadiul-lucrarilor-la-prelungirea-ghencea-pentru-fiecare-tronson-ciprian-ciucu-anunta-masuri-pentru-deblocarea-santierelor\/","title":{"rendered":"Stadiul lucr\u0103rilor la Prelungirea Ghencea, pentru fiecare tronson. M\u0103suri pentru deblocarea \u0219antierelor"},"content":{"rendered":"\n<p><strong>Primarul general Ciprian Ciucu a anun\u021bat c\u0103 a analizat stadiul lucr\u0103rilor de modernizare la Prelungirea Ghencea, \u00een cadrul unei \u00eent\u00e2lniri la care au participat toate p\u0103r\u021bile implicate \u00een proiect \u0219i au discutat solu\u021biile necesare pentru deblocarea \u0219antierelor. <\/strong><\/p>\n\n\n\n<p>\u201eAm adus ast\u0103zi la mas\u0103 toate p\u0103r\u021bile implicate (Apa Nova, Distrigaz, Comp. de Iluminat Public, Prim\u0103ria Sectorului 6, Direc\u021bia General\u0103 de Investi\u021bii, Trustul Metropolitan de Construc\u021bii \u0219i constructori) \u0219i am evaluat situa\u021bia tronson cu tronson pentru a debloca lucr\u0103rile.\u201d, a precizat edilul \u00eentr-o postare de pe pagina de <a href=\"https:\/\/www.facebook.com\/ciprian.ciucu\/posts\/10164867410829203?ref=embed_post\" target=\"_blank\" rel=\"noreferrer noopener\">Facebook<\/a>. <\/p>\n\n\n\n<p>P\u00e2n\u0103 acum, proiectarea a fost finalizat\u0103 integral, \u00een timp ce cur\u0103\u021barea amplasamentului a fost realizat\u0103 \u00een propor\u021bie de <strong>80%.<\/strong> Exproprierile \u0219i lucr\u0103rile de demolare au ajuns la <strong>95%<\/strong>, iar lucr\u0103rile de iluminat \u0219i de telecomunica\u021bii la <strong>16%<\/strong>, respectiv la <strong>26%. <\/strong><\/p>\n\n\n\n<p>Stadiul lucr\u0103rilor la ap\u0103-canal au ajuns la <strong>2,7%<\/strong>, la fel ca cel al lucr\u0103rilor la noua linie de tramvai.<\/p>\n\n\n\n<h2 class=\"wp-block-heading\" id=\"h-care-e-stadiul-lucrarilor-la-prelungirea-ghencea-pe-tronsoane\">Care e stadiul lucr\u0103rilor la Prelungirea Ghencea pe tronsoane<\/h2>\n\n\n\n<p>A fost prezentat\u0103 \u0219i situa\u021bia pe tronsoane. <strong>Tronsonul 1<\/strong> (Cap\u0103tul tramvaiului 41 \u2013 Str. Bra\u0219ov) este aproape finalizat, cu excep\u021bia intersec\u021biei, iar recep\u021bia urmeaz\u0103 \u00een luna aprilie. \u00cen 2027 se vor executa \u0219i intersec\u021biile de la <a href=\"https:\/\/buletin.de\/bucuresti\/proiectul-pentru-extinderea-tramvaiului-41-de-pe-prelungirea-ghencea-avanseaza-pmb-cere-terenul-de-la-stat-pentru-lucrare\/\" target=\"_blank\" rel=\"noreferrer noopener\">cap\u0103tul tramvaiului 41<\/a> \u0219i de la str. Bra\u0219ov. <\/p>\n\n\n\n<p>Pe <strong>Tronsonul 2<\/strong> (Str. Bra\u0219ov \u2013 Str. R\u00e2ul Doamnei), a fost finalizat\u0103 partea rutier\u0103 \u0219i a fost f\u0103cut\u0103 recep\u021bia, iar \u00een prezent se lucreaz\u0103 la linia de tramvai. <strong>Constructorul a estimat finalizarea acestora \u00een octombrie 2026.  <\/strong><\/p>\n\n\n\n<p><strong>Pe Tronsonul 3 (Str. R\u00e2ul Doamnei \u2013 Str. Valea Oltului) \u0219i Tronsonul 4 (Str. Valea Oltului \u2013 M\u0103r\u0103cineni), se lucreaz\u0103 la relocarea re\u021belelor de utilit\u0103\u021bi. <\/strong><\/p>\n\n\n\n<p>\u201eVa fi nevoie s\u0103 \u00eenchidem \u0219i s\u0103 deviem traficul, timp de aproximativ patru luni, \u00een dreptul str\u0103zii Ghidigeni, pentru a putea \u00eenlocui 3 conducte mari, cu diametrul de doi metri, ale Apa Nova \u0219i s\u0103 execut\u0103m lucr\u0103ri de protec\u021bie a apeductului. Convoc Comisia Tehnic\u0103 de Circula\u021bie pentru a evalua alternativele de trafic.\u201d, a mai transmis Ciprian Ciucu. <\/p>\n\n\n\n<p><strong>Pe Tronsonul 3, lucr\u0103rile la sistemul rutier ar putea \u00eencepe la data de 1 martie, iar pe Tronsonul 4 \u00een 2027. <\/strong><\/p>\n\n\n\n<p>\u00cen ceea ce prive\u0219te <strong>Tronsonul 5<\/strong> (Str. M\u0103r\u0103cineni \u2013Pasajul Domne\u0219ti), lucr\u0103rile vor fi executate Compania Na\u021bional\u0103 de Administrare a Infrastructurii Rutiere (CNAIR). <\/p>\n\n\n\n<h2 class=\"wp-block-heading\" id=\"h-park-amp-ride-la-pasajul-domne\u0219ti-gata-in-2028\">Park &amp; ride la Pasajul Domne\u0219ti, gata \u00een 2028<\/h2>\n\n\n\n<p>La Pasajul Domne\u0219ti, Prim\u0103ria Capitalei vrea s\u0103 amenajeze un nod intermodal de tip park &amp; ride de aproximativ 6.500 mp, cu o capacitate de 470 de locuri acoperite, plus 20 de locuri pentru persoanele cu dizabilit\u0103\u021bi \u0219i 50 de locuri, cu sta\u021bii de \u00eenc\u0103rcare, pentru ma\u0219inile electrice. Pentru acest lucru, Prim\u0103ria a anun\u021bat c\u0103 trebuie f\u0103cut un PUZ \u0219i este nevoie de ob\u021binerea certificatului de urbanism.<\/p>\n\n\n\n<p>Anul viitor, vor fi finalizate supral\u0103rgirea \u0219i sistemul rutier pe toat\u0103 Prelungirea Ghencea. Lucr\u0103rile la noua \u0219in\u0103 de tramvai \u0219i park &amp; ride-ul vor fi gata \u00een prim\u0103vara anului 2028, dup\u0103 cum estimeaz\u0103 primarul general. <\/p>\n\n\n\n<p><strong>La final, Prelungirea Ghencea va avea patru benzi (dou\u0103 pe sens), linie dubl\u0103 de tramvai, piste de biciclete, trotuare, spa\u021bii verzi, iluminat cu led, cabluri \u00eengropate \u00een subteran, intersec\u021bii cu semafoare inteligente pentru fluidizarea traficului.<\/strong><\/p>\n\n\n\n<p>Valoarea lucr\u0103rilor la infrastructura rutier\u0103 ajung la 45,2 milioane de lei, bani proveni\u021bi de la bugetul local. Amenajarea \u0219inelor de tramvai cost\u0103 123,5 milioane de lei, din care 87 de milioane sunt fonduri nerambursabile. Pentru construc\u021bia noului park &amp; ride, lucr\u0103rile ajung la o valoare de 62,2 milioane de lei. <\/p>\n\n\n\n<p><strong>CITE\u0218TE \u0218I <a href=\"https:\/\/buletin.de\/bucuresti\/o-noua-cerere-de-finantare-catre-sectorul-1-de-la-spitalul-de-arsi-proiectul-se-dezbate-in-cgmb\/\" target=\"_blank\" rel=\"noreferrer noopener\">O nou\u0103 cerere de finan\u021bare c\u0103tre Sectorul 1, de la Spitalul de Ar\u015fi. Proiectul se dezbate in CGMB<\/a><\/strong><\/p>\n\n\n\n<p><\/p>\n","protected":false},"excerpt":{"rendered":"<p>Primarul general Ciprian Ciucu a anun\u021bat c\u0103 a analizat stadiul lucr\u0103rilor de modernizare la Prelungirea Ghencea, \u00een cadrul unei \u00eent\u00e2lniri la care au participat toate p\u0103r\u021bile implicate \u00een proiect \u0219i au discutat solu\u021biile necesare pentru deblocarea \u0219antierelor. \u201eAm adus ast\u0103zi la mas\u0103 toate p\u0103r\u021bile implicate (Apa Nova, Distrigaz, Comp. de Iluminat Public, Prim\u0103ria Sectorului 6, [&hellip;]<\/p>\n","protected":false},"author":65,"featured_media":170036,"comment_status":"closed","ping_status":"open","sticky":false,"template":"","format":"standard","meta":{"_acf_changed":false,"inline_featured_image":false,"ngg_post_thumbnail":0,"footnotes":""},"categories":[6994,24,62],"tags":[2089,439,104,1345,7919],"ppma_author":[23912],"class_list":["post-170021","post","type-post","status-publish","format-standard","has-post-thumbnail","hentry","category-stiri-2","category-primarie","category-stiri","tag-ciprian-ciucu","tag-lucrari","tag-pmb","tag-prelungirea-ghencea","tag-primar-general"],"acf":[],"yoast_head":"<!-- This site is optimized with the Yoast SEO Premium plugin v25.3 (Yoast SEO v27.5) - https:\/\/yoast.com\/product\/yoast-seo-premium-wordpress\/ -->\n<title>Stadiul lucr\u0103rilor la Prelungirea Ghencea, pentru fiecare tronson. M\u0103suri pentru deblocarea \u0219antierelor - Buletin de Bucure\u0219ti<\/title>\n<meta name=\"description\" content=\"Primarul general Ciprian Ciucu a anun\u021bat c\u0103 a analizat stadiul lucr\u0103rilor de modernizare la Prelungirea Ghencea.\" \/>\n<meta name=\"robots\" content=\"index, follow, max-snippet:-1, max-image-preview:large, max-video-preview:-1\" \/>\n<link rel=\"canonical\" href=\"https:\/\/buletin.de\/bucuresti\/stadiul-lucrarilor-la-prelungirea-ghencea-pentru-fiecare-tronson-ciprian-ciucu-anunta-masuri-pentru-deblocarea-santierelor\/\" \/>\n<meta property=\"og:locale\" content=\"en_GB\" \/>\n<meta property=\"og:type\" content=\"article\" \/>\n<meta property=\"og:title\" content=\"Stadiul lucr\u0103rilor la Prelungirea Ghencea, pentru fiecare tronson. M\u0103suri pentru deblocarea \u0219antierelor\" \/>\n<meta property=\"og:description\" content=\"Primarul general Ciprian Ciucu a anun\u021bat c\u0103 a analizat stadiul lucr\u0103rilor de modernizare la Prelungirea Ghencea.\" \/>\n<meta property=\"og:url\" content=\"https:\/\/buletin.de\/bucuresti\/stadiul-lucrarilor-la-prelungirea-ghencea-pentru-fiecare-tronson-ciprian-ciucu-anunta-masuri-pentru-deblocarea-santierelor\/\" \/>\n<meta property=\"og:site_name\" content=\"Buletin de Bucure\u0219ti\" \/>\n<meta property=\"article:publisher\" content=\"https:\/\/www.facebook.com\/buletin.de.buc\" \/>\n<meta property=\"article:published_time\" content=\"2026-01-28T17:33:24+00:00\" \/>\n<meta property=\"article:modified_time\" content=\"2026-01-29T06:17:51+00:00\" \/>\n<meta property=\"og:image\" content=\"https:\/\/buletin.de\/bucuresti\/wp-content\/uploads\/2026\/01\/619779758_10164867410624203_19589565383472583_n.jpg\" \/>\n\t<meta property=\"og:image:width\" content=\"2048\" \/>\n\t<meta property=\"og:image:height\" content=\"1365\" \/>\n\t<meta property=\"og:image:type\" content=\"image\/jpeg\" \/>\n<meta name=\"author\" content=\"Andreea St\u0103n\u0103r\u00eeng\u0103\" \/>\n<meta name=\"twitter:card\" content=\"summary_large_image\" \/>\n<meta name=\"twitter:label1\" content=\"Written by\" \/>\n\t<meta name=\"twitter:data1\" content=\"Andreea St\u0103n\u0103r\u00eeng\u0103\" \/>\n\t<meta name=\"twitter:label2\" content=\"Estimated reading time\" \/>\n\t<meta name=\"twitter:data2\" content=\"3 minutes\" \/>\n<script type=\"application\/ld+json\" class=\"yoast-schema-graph\">{\"@context\":\"https:\\\/\\\/schema.org\",\"@graph\":[{\"@type\":\"Article\",\"@id\":\"https:\\\/\\\/buletin.de\\\/bucuresti\\\/stadiul-lucrarilor-la-prelungirea-ghencea-pentru-fiecare-tronson-ciprian-ciucu-anunta-masuri-pentru-deblocarea-santierelor\\\/#article\",\"isPartOf\":{\"@id\":\"https:\\\/\\\/buletin.de\\\/bucuresti\\\/stadiul-lucrarilor-la-prelungirea-ghencea-pentru-fiecare-tronson-ciprian-ciucu-anunta-masuri-pentru-deblocarea-santierelor\\\/\"},\"author\":{\"name\":\"Andreea St\u0103n\u0103r\u00eeng\u0103\",\"@id\":\"https:\\\/\\\/buletin.de\\\/bucuresti\\\/#\\\/schema\\\/person\\\/81421a46fb84a0887cfd2238f5202586\"},\"headline\":\"Stadiul lucr\u0103rilor la Prelungirea Ghencea, pentru fiecare tronson. M\u0103suri pentru deblocarea \u0219antierelor\",\"datePublished\":\"2026-01-28T17:33:24+00:00\",\"dateModified\":\"2026-01-29T06:17:51+00:00\",\"mainEntityOfPage\":{\"@id\":\"https:\\\/\\\/buletin.de\\\/bucuresti\\\/stadiul-lucrarilor-la-prelungirea-ghencea-pentru-fiecare-tronson-ciprian-ciucu-anunta-masuri-pentru-deblocarea-santierelor\\\/\"},\"wordCount\":632,\"publisher\":{\"@id\":\"https:\\\/\\\/buletin.de\\\/bucuresti\\\/#organization\"},\"image\":{\"@id\":\"https:\\\/\\\/buletin.de\\\/bucuresti\\\/stadiul-lucrarilor-la-prelungirea-ghencea-pentru-fiecare-tronson-ciprian-ciucu-anunta-masuri-pentru-deblocarea-santierelor\\\/#primaryimage\"},\"thumbnailUrl\":\"https:\\\/\\\/buletin.de\\\/bucuresti\\\/wp-content\\\/uploads\\\/2026\\\/01\\\/619779758_10164867410624203_19589565383472583_n.jpg\",\"keywords\":[\"ciprian ciucu\",\"lucrari\",\"pmb\",\"prelungirea ghencea\",\"primar general\"],\"articleSection\":[\"Articole\",\"Prim\u0103rie\",\"\u0218tiri\"],\"inLanguage\":\"en-GB\",\"copyrightYear\":\"2026\",\"copyrightHolder\":{\"@id\":\"https:\\\/\\\/buletin.de\\\/bucuresti\\\/#organization\"}},{\"@type\":\"WebPage\",\"@id\":\"https:\\\/\\\/buletin.de\\\/bucuresti\\\/stadiul-lucrarilor-la-prelungirea-ghencea-pentru-fiecare-tronson-ciprian-ciucu-anunta-masuri-pentru-deblocarea-santierelor\\\/\",\"url\":\"https:\\\/\\\/buletin.de\\\/bucuresti\\\/stadiul-lucrarilor-la-prelungirea-ghencea-pentru-fiecare-tronson-ciprian-ciucu-anunta-masuri-pentru-deblocarea-santierelor\\\/\",\"name\":\"Stadiul lucr\u0103rilor la Prelungirea Ghencea, pentru fiecare tronson. M\u0103suri pentru deblocarea \u0219antierelor - Buletin de Bucure\u0219ti\",\"isPartOf\":{\"@id\":\"https:\\\/\\\/buletin.de\\\/bucuresti\\\/#website\"},\"primaryImageOfPage\":{\"@id\":\"https:\\\/\\\/buletin.de\\\/bucuresti\\\/stadiul-lucrarilor-la-prelungirea-ghencea-pentru-fiecare-tronson-ciprian-ciucu-anunta-masuri-pentru-deblocarea-santierelor\\\/#primaryimage\"},\"image\":{\"@id\":\"https:\\\/\\\/buletin.de\\\/bucuresti\\\/stadiul-lucrarilor-la-prelungirea-ghencea-pentru-fiecare-tronson-ciprian-ciucu-anunta-masuri-pentru-deblocarea-santierelor\\\/#primaryimage\"},\"thumbnailUrl\":\"https:\\\/\\\/buletin.de\\\/bucuresti\\\/wp-content\\\/uploads\\\/2026\\\/01\\\/619779758_10164867410624203_19589565383472583_n.jpg\",\"datePublished\":\"2026-01-28T17:33:24+00:00\",\"dateModified\":\"2026-01-29T06:17:51+00:00\",\"description\":\"Primarul general Ciprian Ciucu a anun\u021bat c\u0103 a analizat stadiul lucr\u0103rilor de modernizare la Prelungirea Ghencea.\",\"breadcrumb\":{\"@id\":\"https:\\\/\\\/buletin.de\\\/bucuresti\\\/stadiul-lucrarilor-la-prelungirea-ghencea-pentru-fiecare-tronson-ciprian-ciucu-anunta-masuri-pentru-deblocarea-santierelor\\\/#breadcrumb\"},\"inLanguage\":\"en-GB\",\"potentialAction\":[{\"@type\":\"ReadAction\",\"target\":[\"https:\\\/\\\/buletin.de\\\/bucuresti\\\/stadiul-lucrarilor-la-prelungirea-ghencea-pentru-fiecare-tronson-ciprian-ciucu-anunta-masuri-pentru-deblocarea-santierelor\\\/\"]}]},{\"@type\":\"ImageObject\",\"inLanguage\":\"en-GB\",\"@id\":\"https:\\\/\\\/buletin.de\\\/bucuresti\\\/stadiul-lucrarilor-la-prelungirea-ghencea-pentru-fiecare-tronson-ciprian-ciucu-anunta-masuri-pentru-deblocarea-santierelor\\\/#primaryimage\",\"url\":\"https:\\\/\\\/buletin.de\\\/bucuresti\\\/wp-content\\\/uploads\\\/2026\\\/01\\\/619779758_10164867410624203_19589565383472583_n.jpg\",\"contentUrl\":\"https:\\\/\\\/buletin.de\\\/bucuresti\\\/wp-content\\\/uploads\\\/2026\\\/01\\\/619779758_10164867410624203_19589565383472583_n.jpg\",\"width\":2048,\"height\":1365,\"caption\":\"Stadiul lucr\u0103rilor de modernizare la Prelungirea Ghencea. Foto: Facebook\\\/Ciprian Ciucu\"},{\"@type\":\"BreadcrumbList\",\"@id\":\"https:\\\/\\\/buletin.de\\\/bucuresti\\\/stadiul-lucrarilor-la-prelungirea-ghencea-pentru-fiecare-tronson-ciprian-ciucu-anunta-masuri-pentru-deblocarea-santierelor\\\/#breadcrumb\",\"itemListElement\":[{\"@type\":\"ListItem\",\"position\":1,\"name\":\"Acas\u0103\",\"item\":\"https:\\\/\\\/buletin.de\\\/bucuresti\\\/\"},{\"@type\":\"ListItem\",\"position\":2,\"name\":\"Stadiul lucr\u0103rilor la Prelungirea Ghencea, pentru fiecare tronson. M\u0103suri pentru deblocarea \u0219antierelor\"}]},{\"@type\":\"WebSite\",\"@id\":\"https:\\\/\\\/buletin.de\\\/bucuresti\\\/#website\",\"url\":\"https:\\\/\\\/buletin.de\\\/bucuresti\\\/\",\"name\":\"Buletin de Bucure\u0219ti\",\"description\":\"\u0218tiri \u0219i investiga\u021bii esen\u021biale din capital\u0103\",\"publisher\":{\"@id\":\"https:\\\/\\\/buletin.de\\\/bucuresti\\\/#organization\"},\"potentialAction\":[{\"@type\":\"SearchAction\",\"target\":{\"@type\":\"EntryPoint\",\"urlTemplate\":\"https:\\\/\\\/buletin.de\\\/bucuresti\\\/?s={search_term_string}\"},\"query-input\":{\"@type\":\"PropertyValueSpecification\",\"valueRequired\":true,\"valueName\":\"search_term_string\"}}],\"inLanguage\":\"en-GB\"},{\"@type\":\"Organization\",\"@id\":\"https:\\\/\\\/buletin.de\\\/bucuresti\\\/#organization\",\"name\":\"Buletin de Bucure\u0219ti\",\"url\":\"https:\\\/\\\/buletin.de\\\/bucuresti\\\/\",\"logo\":{\"@type\":\"ImageObject\",\"inLanguage\":\"en-GB\",\"@id\":\"https:\\\/\\\/buletin.de\\\/bucuresti\\\/#\\\/schema\\\/logo\\\/image\\\/\",\"url\":\"https:\\\/\\\/buletin.de\\\/bucuresti\\\/wp-content\\\/uploads\\\/logo-bdb-full-wide-vernil-transparent.png\",\"contentUrl\":\"https:\\\/\\\/buletin.de\\\/bucuresti\\\/wp-content\\\/uploads\\\/logo-bdb-full-wide-vernil-transparent.png\",\"width\":1782,\"height\":626,\"caption\":\"Buletin de Bucure\u0219ti\"},\"image\":{\"@id\":\"https:\\\/\\\/buletin.de\\\/bucuresti\\\/#\\\/schema\\\/logo\\\/image\\\/\"},\"sameAs\":[\"https:\\\/\\\/www.facebook.com\\\/buletin.de.buc\",\"https:\\\/\\\/www.instagram.com\\\/buletinde.bucuresti\\\/\"]},{\"@type\":\"Person\",\"@id\":\"https:\\\/\\\/buletin.de\\\/bucuresti\\\/#\\\/schema\\\/person\\\/81421a46fb84a0887cfd2238f5202586\",\"name\":\"Andreea St\u0103n\u0103r\u00eeng\u0103\",\"image\":{\"@type\":\"ImageObject\",\"inLanguage\":\"en-GB\",\"@id\":\"https:\\\/\\\/secure.gravatar.com\\\/avatar\\\/dfa8d227a4388fad0f0bb03add04b5b176f4da34397dbb2eadc563b3d7162ce0?s=96&d=monsterid&r=g72784372b39ffe5a98a45288fe0d0e8a\",\"url\":\"https:\\\/\\\/secure.gravatar.com\\\/avatar\\\/dfa8d227a4388fad0f0bb03add04b5b176f4da34397dbb2eadc563b3d7162ce0?s=96&d=monsterid&r=g\",\"contentUrl\":\"https:\\\/\\\/secure.gravatar.com\\\/avatar\\\/dfa8d227a4388fad0f0bb03add04b5b176f4da34397dbb2eadc563b3d7162ce0?s=96&d=monsterid&r=g\",\"caption\":\"Andreea St\u0103n\u0103r\u00eeng\u0103\"},\"description\":\"Cu o experien\u021b\u0103 de peste 5 ani \u00een pres\u0103, face parte din echipa Buletin de Bucure\u0219ti din septembrie 2025. A colaborat cu c\u00e2teva publica\u021bii, printre care \u0219i Fanatik.ro, unde s-a ocupat de \u0219tiri de lifestyle \u0219i de actualitate. A f\u0103cut un pas c\u0103tre presa local\u0103 pentru a explora Bucure\u0219tiul \u0219i pove\u0219tile care merit\u0103 spuse.\",\"url\":\"https:\\\/\\\/buletin.de\\\/bucuresti\\\/author\\\/andreea-stanaranga\\\/\"}]}<\/script>\n<!-- \/ Yoast SEO Premium plugin. -->","yoast_head_json":{"title":"Stadiul lucr\u0103rilor la Prelungirea Ghencea, pentru fiecare tronson. M\u0103suri pentru deblocarea \u0219antierelor - Buletin de Bucure\u0219ti","description":"Primarul general Ciprian Ciucu a anun\u021bat c\u0103 a analizat stadiul lucr\u0103rilor de modernizare la Prelungirea Ghencea.","robots":{"index":"index","follow":"follow","max-snippet":"max-snippet:-1","max-image-preview":"max-image-preview:large","max-video-preview":"max-video-preview:-1"},"canonical":"https:\/\/buletin.de\/bucuresti\/stadiul-lucrarilor-la-prelungirea-ghencea-pentru-fiecare-tronson-ciprian-ciucu-anunta-masuri-pentru-deblocarea-santierelor\/","og_locale":"en_GB","og_type":"article","og_title":"Stadiul lucr\u0103rilor la Prelungirea Ghencea, pentru fiecare tronson. M\u0103suri pentru deblocarea \u0219antierelor","og_description":"Primarul general Ciprian Ciucu a anun\u021bat c\u0103 a analizat stadiul lucr\u0103rilor de modernizare la Prelungirea Ghencea.","og_url":"https:\/\/buletin.de\/bucuresti\/stadiul-lucrarilor-la-prelungirea-ghencea-pentru-fiecare-tronson-ciprian-ciucu-anunta-masuri-pentru-deblocarea-santierelor\/","og_site_name":"Buletin de Bucure\u0219ti","article_publisher":"https:\/\/www.facebook.com\/buletin.de.buc","article_published_time":"2026-01-28T17:33:24+00:00","article_modified_time":"2026-01-29T06:17:51+00:00","og_image":[{"width":2048,"height":1365,"url":"https:\/\/buletin.de\/bucuresti\/wp-content\/uploads\/2026\/01\/619779758_10164867410624203_19589565383472583_n.jpg","type":"image\/jpeg"}],"author":"Andreea St\u0103n\u0103r\u00eeng\u0103","twitter_card":"summary_large_image","twitter_misc":{"Written by":"Andreea St\u0103n\u0103r\u00eeng\u0103","Estimated reading time":"3 minutes"},"schema":{"@context":"https:\/\/schema.org","@graph":[{"@type":"Article","@id":"https:\/\/buletin.de\/bucuresti\/stadiul-lucrarilor-la-prelungirea-ghencea-pentru-fiecare-tronson-ciprian-ciucu-anunta-masuri-pentru-deblocarea-santierelor\/#article","isPartOf":{"@id":"https:\/\/buletin.de\/bucuresti\/stadiul-lucrarilor-la-prelungirea-ghencea-pentru-fiecare-tronson-ciprian-ciucu-anunta-masuri-pentru-deblocarea-santierelor\/"},"author":{"name":"Andreea St\u0103n\u0103r\u00eeng\u0103","@id":"https:\/\/buletin.de\/bucuresti\/#\/schema\/person\/81421a46fb84a0887cfd2238f5202586"},"headline":"Stadiul lucr\u0103rilor la Prelungirea Ghencea, pentru fiecare tronson. M\u0103suri pentru deblocarea \u0219antierelor","datePublished":"2026-01-28T17:33:24+00:00","dateModified":"2026-01-29T06:17:51+00:00","mainEntityOfPage":{"@id":"https:\/\/buletin.de\/bucuresti\/stadiul-lucrarilor-la-prelungirea-ghencea-pentru-fiecare-tronson-ciprian-ciucu-anunta-masuri-pentru-deblocarea-santierelor\/"},"wordCount":632,"publisher":{"@id":"https:\/\/buletin.de\/bucuresti\/#organization"},"image":{"@id":"https:\/\/buletin.de\/bucuresti\/stadiul-lucrarilor-la-prelungirea-ghencea-pentru-fiecare-tronson-ciprian-ciucu-anunta-masuri-pentru-deblocarea-santierelor\/#primaryimage"},"thumbnailUrl":"https:\/\/buletin.de\/bucuresti\/wp-content\/uploads\/2026\/01\/619779758_10164867410624203_19589565383472583_n.jpg","keywords":["ciprian ciucu","lucrari","pmb","prelungirea ghencea","primar general"],"articleSection":["Articole","Prim\u0103rie","\u0218tiri"],"inLanguage":"en-GB","copyrightYear":"2026","copyrightHolder":{"@id":"https:\/\/buletin.de\/bucuresti\/#organization"}},{"@type":"WebPage","@id":"https:\/\/buletin.de\/bucuresti\/stadiul-lucrarilor-la-prelungirea-ghencea-pentru-fiecare-tronson-ciprian-ciucu-anunta-masuri-pentru-deblocarea-santierelor\/","url":"https:\/\/buletin.de\/bucuresti\/stadiul-lucrarilor-la-prelungirea-ghencea-pentru-fiecare-tronson-ciprian-ciucu-anunta-masuri-pentru-deblocarea-santierelor\/","name":"Stadiul lucr\u0103rilor la Prelungirea Ghencea, pentru fiecare tronson. M\u0103suri pentru deblocarea \u0219antierelor - Buletin de Bucure\u0219ti","isPartOf":{"@id":"https:\/\/buletin.de\/bucuresti\/#website"},"primaryImageOfPage":{"@id":"https:\/\/buletin.de\/bucuresti\/stadiul-lucrarilor-la-prelungirea-ghencea-pentru-fiecare-tronson-ciprian-ciucu-anunta-masuri-pentru-deblocarea-santierelor\/#primaryimage"},"image":{"@id":"https:\/\/buletin.de\/bucuresti\/stadiul-lucrarilor-la-prelungirea-ghencea-pentru-fiecare-tronson-ciprian-ciucu-anunta-masuri-pentru-deblocarea-santierelor\/#primaryimage"},"thumbnailUrl":"https:\/\/buletin.de\/bucuresti\/wp-content\/uploads\/2026\/01\/619779758_10164867410624203_19589565383472583_n.jpg","datePublished":"2026-01-28T17:33:24+00:00","dateModified":"2026-01-29T06:17:51+00:00","description":"Primarul general Ciprian Ciucu a anun\u021bat c\u0103 a analizat stadiul lucr\u0103rilor de modernizare la Prelungirea Ghencea.","breadcrumb":{"@id":"https:\/\/buletin.de\/bucuresti\/stadiul-lucrarilor-la-prelungirea-ghencea-pentru-fiecare-tronson-ciprian-ciucu-anunta-masuri-pentru-deblocarea-santierelor\/#breadcrumb"},"inLanguage":"en-GB","potentialAction":[{"@type":"ReadAction","target":["https:\/\/buletin.de\/bucuresti\/stadiul-lucrarilor-la-prelungirea-ghencea-pentru-fiecare-tronson-ciprian-ciucu-anunta-masuri-pentru-deblocarea-santierelor\/"]}]},{"@type":"ImageObject","inLanguage":"en-GB","@id":"https:\/\/buletin.de\/bucuresti\/stadiul-lucrarilor-la-prelungirea-ghencea-pentru-fiecare-tronson-ciprian-ciucu-anunta-masuri-pentru-deblocarea-santierelor\/#primaryimage","url":"https:\/\/buletin.de\/bucuresti\/wp-content\/uploads\/2026\/01\/619779758_10164867410624203_19589565383472583_n.jpg","contentUrl":"https:\/\/buletin.de\/bucuresti\/wp-content\/uploads\/2026\/01\/619779758_10164867410624203_19589565383472583_n.jpg","width":2048,"height":1365,"caption":"Stadiul lucr\u0103rilor de modernizare la Prelungirea Ghencea. Foto: Facebook\/Ciprian Ciucu"},{"@type":"BreadcrumbList","@id":"https:\/\/buletin.de\/bucuresti\/stadiul-lucrarilor-la-prelungirea-ghencea-pentru-fiecare-tronson-ciprian-ciucu-anunta-masuri-pentru-deblocarea-santierelor\/#breadcrumb","itemListElement":[{"@type":"ListItem","position":1,"name":"Acas\u0103","item":"https:\/\/buletin.de\/bucuresti\/"},{"@type":"ListItem","position":2,"name":"Stadiul lucr\u0103rilor la Prelungirea Ghencea, pentru fiecare tronson. M\u0103suri pentru deblocarea \u0219antierelor"}]},{"@type":"WebSite","@id":"https:\/\/buletin.de\/bucuresti\/#website","url":"https:\/\/buletin.de\/bucuresti\/","name":"Buletin de Bucure\u0219ti","description":"\u0218tiri \u0219i investiga\u021bii esen\u021biale din capital\u0103","publisher":{"@id":"https:\/\/buletin.de\/bucuresti\/#organization"},"potentialAction":[{"@type":"SearchAction","target":{"@type":"EntryPoint","urlTemplate":"https:\/\/buletin.de\/bucuresti\/?s={search_term_string}"},"query-input":{"@type":"PropertyValueSpecification","valueRequired":true,"valueName":"search_term_string"}}],"inLanguage":"en-GB"},{"@type":"Organization","@id":"https:\/\/buletin.de\/bucuresti\/#organization","name":"Buletin de Bucure\u0219ti","url":"https:\/\/buletin.de\/bucuresti\/","logo":{"@type":"ImageObject","inLanguage":"en-GB","@id":"https:\/\/buletin.de\/bucuresti\/#\/schema\/logo\/image\/","url":"https:\/\/buletin.de\/bucuresti\/wp-content\/uploads\/logo-bdb-full-wide-vernil-transparent.png","contentUrl":"https:\/\/buletin.de\/bucuresti\/wp-content\/uploads\/logo-bdb-full-wide-vernil-transparent.png","width":1782,"height":626,"caption":"Buletin de Bucure\u0219ti"},"image":{"@id":"https:\/\/buletin.de\/bucuresti\/#\/schema\/logo\/image\/"},"sameAs":["https:\/\/www.facebook.com\/buletin.de.buc","https:\/\/www.instagram.com\/buletinde.bucuresti\/"]},{"@type":"Person","@id":"https:\/\/buletin.de\/bucuresti\/#\/schema\/person\/81421a46fb84a0887cfd2238f5202586","name":"Andreea St\u0103n\u0103r\u00eeng\u0103","image":{"@type":"ImageObject","inLanguage":"en-GB","@id":"https:\/\/secure.gravatar.com\/avatar\/dfa8d227a4388fad0f0bb03add04b5b176f4da34397dbb2eadc563b3d7162ce0?s=96&d=monsterid&r=g72784372b39ffe5a98a45288fe0d0e8a","url":"https:\/\/secure.gravatar.com\/avatar\/dfa8d227a4388fad0f0bb03add04b5b176f4da34397dbb2eadc563b3d7162ce0?s=96&d=monsterid&r=g","contentUrl":"https:\/\/secure.gravatar.com\/avatar\/dfa8d227a4388fad0f0bb03add04b5b176f4da34397dbb2eadc563b3d7162ce0?s=96&d=monsterid&r=g","caption":"Andreea St\u0103n\u0103r\u00eeng\u0103"},"description":"Cu o experien\u021b\u0103 de peste 5 ani \u00een pres\u0103, face parte din echipa Buletin de Bucure\u0219ti din septembrie 2025. A colaborat cu c\u00e2teva publica\u021bii, printre care \u0219i Fanatik.ro, unde s-a ocupat de \u0219tiri de lifestyle \u0219i de actualitate. A f\u0103cut un pas c\u0103tre presa local\u0103 pentru a explora Bucure\u0219tiul \u0219i pove\u0219tile care merit\u0103 spuse.","url":"https:\/\/buletin.de\/bucuresti\/author\/andreea-stanaranga\/"}]}},"authors":[{"term_id":23912,"user_id":65,"is_guest":0,"slug":"andreea-stanaranga","display_name":"Andreea St\u0103n\u0103r\u00eeng\u0103","avatar_url":"https:\/\/secure.gravatar.com\/avatar\/dfa8d227a4388fad0f0bb03add04b5b176f4da34397dbb2eadc563b3d7162ce0?s=96&d=monsterid&r=g","0":null,"1":"","2":"","3":"","4":"","5":"","6":"","7":"","8":""}],"_links":{"self":[{"href":"https:\/\/buletin.de\/bucuresti\/wp-json\/wp\/v2\/posts\/170021","targetHints":{"allow":["GET"]}}],"collection":[{"href":"https:\/\/buletin.de\/bucuresti\/wp-json\/wp\/v2\/posts"}],"about":[{"href":"https:\/\/buletin.de\/bucuresti\/wp-json\/wp\/v2\/types\/post"}],"author":[{"embeddable":true,"href":"https:\/\/buletin.de\/bucuresti\/wp-json\/wp\/v2\/users\/65"}],"replies":[{"embeddable":true,"href":"https:\/\/buletin.de\/bucuresti\/wp-json\/wp\/v2\/comments?post=170021"}],"version-history":[{"count":10,"href":"https:\/\/buletin.de\/bucuresti\/wp-json\/wp\/v2\/posts\/170021\/revisions"}],"predecessor-version":[{"id":170084,"href":"https:\/\/buletin.de\/bucuresti\/wp-json\/wp\/v2\/posts\/170021\/revisions\/170084"}],"wp:featuredmedia":[{"embeddable":true,"href":"https:\/\/buletin.de\/bucuresti\/wp-json\/wp\/v2\/media\/170036"}],"wp:attachment":[{"href":"https:\/\/buletin.de\/bucuresti\/wp-json\/wp\/v2\/media?parent=170021"}],"wp:term":[{"taxonomy":"category","embeddable":true,"href":"https:\/\/buletin.de\/bucuresti\/wp-json\/wp\/v2\/categories?post=170021"},{"taxonomy":"post_tag","embeddable":true,"href":"https:\/\/buletin.de\/bucuresti\/wp-json\/wp\/v2\/tags?post=170021"},{"taxonomy":"author","embeddable":true,"href":"https:\/\/buletin.de\/bucuresti\/wp-json\/wp\/v2\/ppma_author?post=170021"}],"curies":[{"name":"wp","href":"https:\/\/api.w.org\/{rel}","templated":true}]}}