{"id":17000,"date":"2020-12-18T21:33:25","date_gmt":"2020-12-18T18:33:25","guid":{"rendered":"https:\/\/buletin.de\/bucuresti\/?p=17000"},"modified":"2020-12-19T09:51:49","modified_gmt":"2020-12-19T06:51:49","slug":"studiu-zoom-report-ansamblurile-rezidentiale-noi-ale-capitalei-au-votat-cu-usr-plus","status":"publish","type":"post","link":"https:\/\/buletin.de\/bucuresti\/studiu-zoom-report-ansamblurile-rezidentiale-noi-ale-capitalei-au-votat-cu-usr-plus\/","title":{"rendered":"Studiu Zoom Report: Ansamblurile reziden\u021biale noi ale Capitalei au votat cu USR PLUS"},"content":{"rendered":"\n<p><em>O analiz\u0103 asupra rezultatelor alegerilor parlamentare din 6 decembrie 2020 arat\u0103 c\u0103 <strong>Alian\u021ba USR PLUS a ie\u0219it pe primul loc \u00een 773 sec\u021bii de votare<\/strong> din totalul de 1276. Datele de la nivelul acestor sec\u021bii ne arat\u0103 c\u0103 prezen\u021ba unui cartier nou ap\u0103rut \u00eenclin\u0103 considerabil balan\u021ba \u00een favoarea USR PLUS.<\/em><\/p>\n\n\n\n<div class=\"wp-block-image\"><figure class=\"aligncenter size-large\"><a href=\"https:\/\/zoom.report\/\"><img fetchpriority=\"high\" decoding=\"async\" width=\"801\" height=\"900\" src=\"data:image\/gif;base64,R0lGODlhAQABAAAAACH5BAEKAAEALAAAAAABAAEAAAICTAEAOw==\" data-src=\"https:\/\/buletin.de\/bucuresti\/wp-content\/uploads\/victorii-sectii-801x900.jpg\" alt=\"\" class=\"wp-image-17001 lazyload\" data-sizes=\"auto\" data-srcset=\"https:\/\/buletin.de\/bucuresti\/wp-content\/uploads\/victorii-sectii-801x900.jpg 801w, https:\/\/buletin.de\/bucuresti\/wp-content\/uploads\/victorii-sectii-267x300.jpg 267w, https:\/\/buletin.de\/bucuresti\/wp-content\/uploads\/victorii-sectii-768x863.jpg 768w, https:\/\/buletin.de\/bucuresti\/wp-content\/uploads\/victorii-sectii-550x618.jpg 550w, https:\/\/buletin.de\/bucuresti\/wp-content\/uploads\/victorii-sectii-445x500.jpg 445w, https:\/\/buletin.de\/bucuresti\/wp-content\/uploads\/victorii-sectii-600x674.jpg 600w, https:\/\/buletin.de\/bucuresti\/wp-content\/uploads\/victorii-sectii.jpg 807w\" sizes=\"(max-width: 801px) 100vw, 801px\" \/><\/a><\/figure><\/div>\n\n\n\n<p>Am analizat sec\u021biile de votare unde USR PLUS a c\u00e2\u0219tigat cu o diferen\u021b\u0103 mai mare de 20% fa\u021b\u0103 de al doilea clasat. Este vorba despre 52 de astfel de sec\u021bii. Aplic\u00e2nd acela\u0219i criteriu, PSD a c\u00e2\u0219tigat 44 de sec\u021bii, iar PNL niciuna.<\/p>\n\n\n\n<p>Cea mai mare diferen\u021b\u0103 de scor a fost \u00een sec\u021bia 1232 din Sectorul 6, unde USR PLUS (70,12%) a ob\u021binut cu 57% mai mult dec\u00e2t PNL (12,91%), aflat pe locul 2. Pentru PSD scorul cel mai mare a fost \u00een sec\u021bia 996 din Sectorul 5 (54,31%), cu 40,79% mai mult dec\u00e2t USR PLUS aflat pe locul 2 (13,51%).<\/p>\n\n\n\n<div class=\"wp-block-image\"><figure class=\"aligncenter size-large\"><img decoding=\"async\" width=\"801\" height=\"900\" src=\"data:image\/gif;base64,R0lGODlhAQABAAAAACH5BAEKAAEALAAAAAABAAEAAAICTAEAOw==\" data-src=\"https:\/\/buletin.de\/bucuresti\/wp-content\/uploads\/victorii-sectii-20-801x900.jpg\" alt=\"\" class=\"wp-image-17002 lazyload\" data-sizes=\"auto\" data-srcset=\"https:\/\/buletin.de\/bucuresti\/wp-content\/uploads\/victorii-sectii-20-801x900.jpg 801w, https:\/\/buletin.de\/bucuresti\/wp-content\/uploads\/victorii-sectii-20-267x300.jpg 267w, https:\/\/buletin.de\/bucuresti\/wp-content\/uploads\/victorii-sectii-20-768x863.jpg 768w, https:\/\/buletin.de\/bucuresti\/wp-content\/uploads\/victorii-sectii-20-550x618.jpg 550w, https:\/\/buletin.de\/bucuresti\/wp-content\/uploads\/victorii-sectii-20-445x500.jpg 445w, https:\/\/buletin.de\/bucuresti\/wp-content\/uploads\/victorii-sectii-20-600x674.jpg 600w, https:\/\/buletin.de\/bucuresti\/wp-content\/uploads\/victorii-sectii-20.jpg 807w\" sizes=\"(max-width: 801px) 100vw, 801px\" \/><\/figure><\/div>\n\n\n\n<p>Sec\u021bia 1232, unde USR PLUS a avut cel mai mare scor, are arondate majoritatea c\u0103minelor din Complexul Studen\u021besc Regie, fapt care ar putea explica diferen\u021ba foarte mare \u00een favoarea USR PLUS, dar mai are o particularitate: are arondate nu mai pu\u021bin de 4 ansambluri reziden\u021biale nou construite.&nbsp;<\/p>\n\n\n\n<p>L\u00e2ng\u0103 sec\u021bia 1232, se afl\u0103 sec\u021bia 1221 unde USR PLUS a c\u00e2\u0219tigat cu o diferen\u021b\u0103 de peste 35%. Aici nu mai sunt arondate c\u0103mine studen\u021be\u0219ti, dar este un ansamblu reziden\u021bial.<\/p>\n\n\n\n<p>Analiz\u00e2nd cele 52 de sec\u021bii unde USR PLUS a c\u00e2\u0219tigat cu peste 20% fa\u021b\u0103 de urm\u0103torul clasat, am descoperit c\u0103 marea majoritate au arondat unul sau mai multe cartiere reziden\u021biale nou construite. Mai exact acest lucru se \u00eent\u00e2mpl\u0103 \u00een 35 din aceste sec\u021bii. Cele 35 de sec\u021bii sunt distribuite \u00een toate sectoarele cu excep\u021bia Sectorului 5, c\u00e2\u0219tigat \u00een foarte mare m\u0103sur\u0103 de PSD \u0219i unde sunt foarte pu\u021bine astfel de ansambluri construite.<\/p>\n\n\n\n<p>Aceea\u0219i analiz\u0103 am f\u0103cut-o \u0219i pentru cele 44 de sec\u021bii c\u00e2\u0219tigate de PSD la distan\u021b\u0103 de peste 20% fa\u021b\u0103 de locul 2. \u00cen niciuna dintre ele nu am descoperit vreun cartier rezidential nou construit. Doar 8 dintre ele nu se afl\u0103 \u00een Sectorul 5 \u0219i din aceste 8, 7 au prezen\u021ba sub 25%.<\/p>\n\n\n\n<p>Mai mult, singura sec\u021bie c\u00e2\u0219tigat\u0103 de USR PLUS \u00een mijlocul cartierului Rahova, sec\u021bia 908, con\u021bine cel mai mare complex reziden\u021bial din Sectorul 5 \u0219i \u00eenc\u0103 alte c\u00e2teva mai mici. Aici USR PLUS a c\u00e2\u0219tigat cu 12,41% mai mult dec\u00e2t PSD iar la sec\u021bia 918, de l\u00e2ng\u0103 Prim\u0103ria Sectorului 5, care con\u021bine un alt cartier reziden\u021bial, USR PLUS a ob\u021binut cu 15,82% fa\u021b\u0103 de locul 2. \u00cen Sectorul 5 mai sunt c\u00e2teva cartiere noi mai mici \u0219i \u00een sec\u021biile lor PSD a c\u00e2\u0219tigat doar la c\u00e2teva voturi, sub 1%, \u00een fa\u021ba USR PLUS.<\/p>\n\n\n\n<p><\/p>\n\n\n\n<div style=\"height:50px\" aria-hidden=\"true\" class=\"wp-block-spacer\"><\/div>\n\n\n\n<p>Iat\u0103 lista complet\u0103 a sec\u021biilor cu cartiere reziden\u021biale noi \u00een care USR PLUS a c\u00e2\u0219tigat cu o diferen\u021b\u0103 mai mare de 20%, la care am adaugat \u0219i cele 2 sec\u021bii din Sectorul 5:<\/p>\n\n\n\nngg_shortcode_0_placeholder\n\n\n\n<style>\n\n.full-width {\n  width: 100vw;\n  position: relative;\n  left: 50%;\n  right: 50%;\n  margin-left: -50vw;\n  margin-right: -50vw;\n}\n\n<\/style>\n\n\n\n<p><\/p>\n\n\n\n<h2 class=\"wp-block-heading\">Exploreaz\u0103 mai jos rezultatele alegerilor parlamentare \u00een func\u021bie de sec\u021bia de vot<\/h2>\n\n\n\n<style>\n@media screen and (min-width: 900px) {\n#zoomEmbed {\npadding: 0 10vw;\n}\n}\n<\/style>\n\n<div class=\"full-width\" id=\"zoomEmbed\">\n<style>.iframe-container{margin: 0 auto;max-width:100%;width:100%;height:450px;}@media only screen and (max-width: 992px) {.iframe-container{width: 80%;height:400px;}}@media only screen and (max-width: 600px) {.iframe-container{width: 100%; height:500px;}}<\/style><div class=\"iframe-container\"><iframe style=\"width:100%;height:100%;border:none\" src=\"https:\/\/alegeri.zoom.report\/parlamentare\/#\/rezultate\/analiza?oras=bucuresti&amp;alegeri=s\" scrolling=\"yes\">Browser-ul t\u0103u nu accept\u0103 Iframe<\/iframe><\/div>\n<\/div>\n","protected":false},"excerpt":{"rendered":"<p>O analiz\u0103 asupra rezultatelor alegerilor parlamentare din 6 decembrie 2020 arat\u0103 c\u0103 Alian\u021ba USR PLUS a ie\u0219it pe primul loc \u00een 773 sec\u021bii de votare din totalul de 1276. Datele de la nivelul acestor sec\u021bii ne arat\u0103 c\u0103 prezen\u021ba unui cartier nou ap\u0103rut \u00eenclin\u0103 considerabil balan\u021ba \u00een favoarea USR PLUS. Am analizat sec\u021biile de votare [&hellip;]<\/p>\n","protected":false},"author":1,"featured_media":17129,"comment_status":"closed","ping_status":"open","sticky":false,"template":"","format":"standard","meta":{"_acf_changed":false,"inline_featured_image":false,"ngg_post_thumbnail":0,"footnotes":""},"categories":[169],"tags":[363,2015,126,1158,2014,1951],"ppma_author":[22583],"class_list":["post-17000","post","type-post","status-publish","format-standard","has-post-thumbnail","hentry","category-reportaj","tag-alegeri","tag-cartier-rezidential","tag-electoral","tag-harta","tag-parlamentare-2020","tag-zoom-report"],"acf":[],"yoast_head":"<!-- This site is optimized with the Yoast SEO Premium plugin v25.3 (Yoast SEO v27.4) - https:\/\/yoast.com\/product\/yoast-seo-premium-wordpress\/ -->\n<title>Studiu Zoom Report: Ansamblurile reziden\u021biale noi ale Capitalei au votat cu USR PLUS - Buletin de Bucure\u0219ti<\/title>\n<meta name=\"robots\" content=\"index, follow, max-snippet:-1, max-image-preview:large, max-video-preview:-1\" \/>\n<link rel=\"canonical\" href=\"https:\/\/buletin.de\/bucuresti\/studiu-zoom-report-ansamblurile-rezidentiale-noi-ale-capitalei-au-votat-cu-usr-plus\/\" \/>\n<meta property=\"og:locale\" content=\"en_GB\" \/>\n<meta property=\"og:type\" content=\"article\" \/>\n<meta property=\"og:title\" content=\"Studiu Zoom Report: Ansamblurile reziden\u021biale noi ale Capitalei au votat cu USR PLUS\" \/>\n<meta property=\"og:description\" content=\"O analiz\u0103 asupra rezultatelor alegerilor parlamentare din 6 decembrie 2020 arat\u0103 c\u0103 Alian\u021ba USR PLUS a ie\u0219it pe primul loc \u00een 773 sec\u021bii de votare din totalul de 1276. Datele de la nivelul acestor sec\u021bii ne arat\u0103 c\u0103 prezen\u021ba unui cartier nou ap\u0103rut \u00eenclin\u0103 considerabil balan\u021ba \u00een favoarea USR PLUS. Am analizat sec\u021biile de votare [&hellip;]\" \/>\n<meta property=\"og:url\" content=\"https:\/\/buletin.de\/bucuresti\/studiu-zoom-report-ansamblurile-rezidentiale-noi-ale-capitalei-au-votat-cu-usr-plus\/\" \/>\n<meta property=\"og:site_name\" content=\"Buletin de Bucure\u0219ti\" \/>\n<meta property=\"article:publisher\" content=\"https:\/\/www.facebook.com\/buletin.de.buc\" \/>\n<meta property=\"article:published_time\" content=\"2020-12-18T18:33:25+00:00\" \/>\n<meta property=\"article:modified_time\" content=\"2020-12-19T06:51:49+00:00\" \/>\n<meta property=\"og:image\" content=\"https:\/\/buletin.de\/bucuresti\/wp-content\/uploads\/cover-32.jpg\" \/>\n\t<meta property=\"og:image:width\" content=\"753\" \/>\n\t<meta property=\"og:image:height\" content=\"424\" \/>\n\t<meta property=\"og:image:type\" content=\"image\/jpeg\" \/>\n<meta name=\"author\" content=\"Redac\u021bia Buletin de Bucure\u0219ti\" \/>\n<meta name=\"twitter:card\" content=\"summary_large_image\" \/>\n<meta name=\"twitter:label1\" content=\"Written by\" \/>\n\t<meta name=\"twitter:data1\" content=\"Redac\u021bia Buletin de Bucure\u0219ti\" \/>\n\t<meta name=\"twitter:label2\" content=\"Estimated reading time\" \/>\n\t<meta name=\"twitter:data2\" content=\"3 minutes\" \/>\n<script type=\"application\/ld+json\" class=\"yoast-schema-graph\">{\"@context\":\"https:\\\/\\\/schema.org\",\"@graph\":[{\"@type\":\"Article\",\"@id\":\"https:\\\/\\\/buletin.de\\\/bucuresti\\\/studiu-zoom-report-ansamblurile-rezidentiale-noi-ale-capitalei-au-votat-cu-usr-plus\\\/#article\",\"isPartOf\":{\"@id\":\"https:\\\/\\\/buletin.de\\\/bucuresti\\\/studiu-zoom-report-ansamblurile-rezidentiale-noi-ale-capitalei-au-votat-cu-usr-plus\\\/\"},\"author\":{\"name\":\"Redac\u021bia Buletin de Bucure\u0219ti\",\"@id\":\"https:\\\/\\\/buletin.de\\\/bucuresti\\\/#\\\/schema\\\/person\\\/2bbcf854e5f2419a13804af574d06ab1\"},\"headline\":\"Studiu Zoom Report: Ansamblurile reziden\u021biale noi ale Capitalei au votat cu USR PLUS\",\"datePublished\":\"2020-12-18T18:33:25+00:00\",\"dateModified\":\"2020-12-19T06:51:49+00:00\",\"mainEntityOfPage\":{\"@id\":\"https:\\\/\\\/buletin.de\\\/bucuresti\\\/studiu-zoom-report-ansamblurile-rezidentiale-noi-ale-capitalei-au-votat-cu-usr-plus\\\/\"},\"wordCount\":543,\"publisher\":{\"@id\":\"https:\\\/\\\/buletin.de\\\/bucuresti\\\/#organization\"},\"image\":{\"@id\":\"https:\\\/\\\/buletin.de\\\/bucuresti\\\/studiu-zoom-report-ansamblurile-rezidentiale-noi-ale-capitalei-au-votat-cu-usr-plus\\\/#primaryimage\"},\"thumbnailUrl\":\"https:\\\/\\\/buletin.de\\\/bucuresti\\\/wp-content\\\/uploads\\\/cover-32.jpg\",\"keywords\":[\"alegeri\",\"cartier rezidential\",\"Electoral\",\"harta\",\"parlamentare 2020\",\"zoom report\"],\"articleSection\":[\"Reportaj\"],\"inLanguage\":\"en-GB\",\"copyrightYear\":\"2020\",\"copyrightHolder\":{\"@id\":\"https:\\\/\\\/buletin.de\\\/bucuresti\\\/#organization\"}},{\"@type\":\"WebPage\",\"@id\":\"https:\\\/\\\/buletin.de\\\/bucuresti\\\/studiu-zoom-report-ansamblurile-rezidentiale-noi-ale-capitalei-au-votat-cu-usr-plus\\\/\",\"url\":\"https:\\\/\\\/buletin.de\\\/bucuresti\\\/studiu-zoom-report-ansamblurile-rezidentiale-noi-ale-capitalei-au-votat-cu-usr-plus\\\/\",\"name\":\"Studiu Zoom Report: Ansamblurile reziden\u021biale noi ale Capitalei au votat cu USR PLUS - Buletin de Bucure\u0219ti\",\"isPartOf\":{\"@id\":\"https:\\\/\\\/buletin.de\\\/bucuresti\\\/#website\"},\"primaryImageOfPage\":{\"@id\":\"https:\\\/\\\/buletin.de\\\/bucuresti\\\/studiu-zoom-report-ansamblurile-rezidentiale-noi-ale-capitalei-au-votat-cu-usr-plus\\\/#primaryimage\"},\"image\":{\"@id\":\"https:\\\/\\\/buletin.de\\\/bucuresti\\\/studiu-zoom-report-ansamblurile-rezidentiale-noi-ale-capitalei-au-votat-cu-usr-plus\\\/#primaryimage\"},\"thumbnailUrl\":\"https:\\\/\\\/buletin.de\\\/bucuresti\\\/wp-content\\\/uploads\\\/cover-32.jpg\",\"datePublished\":\"2020-12-18T18:33:25+00:00\",\"dateModified\":\"2020-12-19T06:51:49+00:00\",\"breadcrumb\":{\"@id\":\"https:\\\/\\\/buletin.de\\\/bucuresti\\\/studiu-zoom-report-ansamblurile-rezidentiale-noi-ale-capitalei-au-votat-cu-usr-plus\\\/#breadcrumb\"},\"inLanguage\":\"en-GB\",\"potentialAction\":[{\"@type\":\"ReadAction\",\"target\":[\"https:\\\/\\\/buletin.de\\\/bucuresti\\\/studiu-zoom-report-ansamblurile-rezidentiale-noi-ale-capitalei-au-votat-cu-usr-plus\\\/\"]}]},{\"@type\":\"ImageObject\",\"inLanguage\":\"en-GB\",\"@id\":\"https:\\\/\\\/buletin.de\\\/bucuresti\\\/studiu-zoom-report-ansamblurile-rezidentiale-noi-ale-capitalei-au-votat-cu-usr-plus\\\/#primaryimage\",\"url\":\"https:\\\/\\\/buletin.de\\\/bucuresti\\\/wp-content\\\/uploads\\\/cover-32.jpg\",\"contentUrl\":\"https:\\\/\\\/buletin.de\\\/bucuresti\\\/wp-content\\\/uploads\\\/cover-32.jpg\",\"width\":753,\"height\":424},{\"@type\":\"BreadcrumbList\",\"@id\":\"https:\\\/\\\/buletin.de\\\/bucuresti\\\/studiu-zoom-report-ansamblurile-rezidentiale-noi-ale-capitalei-au-votat-cu-usr-plus\\\/#breadcrumb\",\"itemListElement\":[{\"@type\":\"ListItem\",\"position\":1,\"name\":\"Acas\u0103\",\"item\":\"https:\\\/\\\/buletin.de\\\/bucuresti\\\/\"},{\"@type\":\"ListItem\",\"position\":2,\"name\":\"Studiu Zoom Report: Ansamblurile reziden\u021biale noi ale Capitalei au votat cu USR PLUS\"}]},{\"@type\":\"WebSite\",\"@id\":\"https:\\\/\\\/buletin.de\\\/bucuresti\\\/#website\",\"url\":\"https:\\\/\\\/buletin.de\\\/bucuresti\\\/\",\"name\":\"Buletin de Bucure\u0219ti\",\"description\":\"\u0218tiri \u0219i investiga\u021bii esen\u021biale din capital\u0103\",\"publisher\":{\"@id\":\"https:\\\/\\\/buletin.de\\\/bucuresti\\\/#organization\"},\"potentialAction\":[{\"@type\":\"SearchAction\",\"target\":{\"@type\":\"EntryPoint\",\"urlTemplate\":\"https:\\\/\\\/buletin.de\\\/bucuresti\\\/?s={search_term_string}\"},\"query-input\":{\"@type\":\"PropertyValueSpecification\",\"valueRequired\":true,\"valueName\":\"search_term_string\"}}],\"inLanguage\":\"en-GB\"},{\"@type\":\"Organization\",\"@id\":\"https:\\\/\\\/buletin.de\\\/bucuresti\\\/#organization\",\"name\":\"Buletin de Bucure\u0219ti\",\"url\":\"https:\\\/\\\/buletin.de\\\/bucuresti\\\/\",\"logo\":{\"@type\":\"ImageObject\",\"inLanguage\":\"en-GB\",\"@id\":\"https:\\\/\\\/buletin.de\\\/bucuresti\\\/#\\\/schema\\\/logo\\\/image\\\/\",\"url\":\"https:\\\/\\\/buletin.de\\\/bucuresti\\\/wp-content\\\/uploads\\\/logo-bdb-full-wide-vernil-transparent.png\",\"contentUrl\":\"https:\\\/\\\/buletin.de\\\/bucuresti\\\/wp-content\\\/uploads\\\/logo-bdb-full-wide-vernil-transparent.png\",\"width\":1782,\"height\":626,\"caption\":\"Buletin de Bucure\u0219ti\"},\"image\":{\"@id\":\"https:\\\/\\\/buletin.de\\\/bucuresti\\\/#\\\/schema\\\/logo\\\/image\\\/\"},\"sameAs\":[\"https:\\\/\\\/www.facebook.com\\\/buletin.de.buc\",\"https:\\\/\\\/www.instagram.com\\\/buletinde.bucuresti\\\/\"]},{\"@type\":\"Person\",\"@id\":\"https:\\\/\\\/buletin.de\\\/bucuresti\\\/#\\\/schema\\\/person\\\/2bbcf854e5f2419a13804af574d06ab1\",\"name\":\"Redac\u021bia Buletin de Bucure\u0219ti\",\"image\":{\"@type\":\"ImageObject\",\"inLanguage\":\"en-GB\",\"@id\":\"https:\\\/\\\/secure.gravatar.com\\\/avatar\\\/18c5342381ed1a08620e6280424e3e5efc958618f5d67c522c9e44c1bc6f9226?s=96&d=monsterid&r=g60c7cd0ad92c68c049fcd4bb3504d609\",\"url\":\"https:\\\/\\\/secure.gravatar.com\\\/avatar\\\/18c5342381ed1a08620e6280424e3e5efc958618f5d67c522c9e44c1bc6f9226?s=96&d=monsterid&r=g\",\"contentUrl\":\"https:\\\/\\\/secure.gravatar.com\\\/avatar\\\/18c5342381ed1a08620e6280424e3e5efc958618f5d67c522c9e44c1bc6f9226?s=96&d=monsterid&r=g\",\"caption\":\"Redac\u021bia Buletin de Bucure\u0219ti\"},\"description\":\"Buletin de Bucure\u0219ti exist\u0103 din vara anului 2019.\",\"url\":\"https:\\\/\\\/buletin.de\\\/bucuresti\\\/author\\\/adminbuletin\\\/\"}]}<\/script>\n<!-- \/ Yoast SEO Premium plugin. -->","yoast_head_json":{"title":"Studiu Zoom Report: Ansamblurile reziden\u021biale noi ale Capitalei au votat cu USR PLUS - Buletin de Bucure\u0219ti","robots":{"index":"index","follow":"follow","max-snippet":"max-snippet:-1","max-image-preview":"max-image-preview:large","max-video-preview":"max-video-preview:-1"},"canonical":"https:\/\/buletin.de\/bucuresti\/studiu-zoom-report-ansamblurile-rezidentiale-noi-ale-capitalei-au-votat-cu-usr-plus\/","og_locale":"en_GB","og_type":"article","og_title":"Studiu Zoom Report: Ansamblurile reziden\u021biale noi ale Capitalei au votat cu USR PLUS","og_description":"O analiz\u0103 asupra rezultatelor alegerilor parlamentare din 6 decembrie 2020 arat\u0103 c\u0103 Alian\u021ba USR PLUS a ie\u0219it pe primul loc \u00een 773 sec\u021bii de votare din totalul de 1276. Datele de la nivelul acestor sec\u021bii ne arat\u0103 c\u0103 prezen\u021ba unui cartier nou ap\u0103rut \u00eenclin\u0103 considerabil balan\u021ba \u00een favoarea USR PLUS. Am analizat sec\u021biile de votare [&hellip;]","og_url":"https:\/\/buletin.de\/bucuresti\/studiu-zoom-report-ansamblurile-rezidentiale-noi-ale-capitalei-au-votat-cu-usr-plus\/","og_site_name":"Buletin de Bucure\u0219ti","article_publisher":"https:\/\/www.facebook.com\/buletin.de.buc","article_published_time":"2020-12-18T18:33:25+00:00","article_modified_time":"2020-12-19T06:51:49+00:00","og_image":[{"width":753,"height":424,"url":"https:\/\/buletin.de\/bucuresti\/wp-content\/uploads\/cover-32.jpg","type":"image\/jpeg"}],"author":"Redac\u021bia Buletin de Bucure\u0219ti","twitter_card":"summary_large_image","twitter_misc":{"Written by":"Redac\u021bia Buletin de Bucure\u0219ti","Estimated reading time":"3 minutes"},"schema":{"@context":"https:\/\/schema.org","@graph":[{"@type":"Article","@id":"https:\/\/buletin.de\/bucuresti\/studiu-zoom-report-ansamblurile-rezidentiale-noi-ale-capitalei-au-votat-cu-usr-plus\/#article","isPartOf":{"@id":"https:\/\/buletin.de\/bucuresti\/studiu-zoom-report-ansamblurile-rezidentiale-noi-ale-capitalei-au-votat-cu-usr-plus\/"},"author":{"name":"Redac\u021bia Buletin de Bucure\u0219ti","@id":"https:\/\/buletin.de\/bucuresti\/#\/schema\/person\/2bbcf854e5f2419a13804af574d06ab1"},"headline":"Studiu Zoom Report: Ansamblurile reziden\u021biale noi ale Capitalei au votat cu USR PLUS","datePublished":"2020-12-18T18:33:25+00:00","dateModified":"2020-12-19T06:51:49+00:00","mainEntityOfPage":{"@id":"https:\/\/buletin.de\/bucuresti\/studiu-zoom-report-ansamblurile-rezidentiale-noi-ale-capitalei-au-votat-cu-usr-plus\/"},"wordCount":543,"publisher":{"@id":"https:\/\/buletin.de\/bucuresti\/#organization"},"image":{"@id":"https:\/\/buletin.de\/bucuresti\/studiu-zoom-report-ansamblurile-rezidentiale-noi-ale-capitalei-au-votat-cu-usr-plus\/#primaryimage"},"thumbnailUrl":"https:\/\/buletin.de\/bucuresti\/wp-content\/uploads\/cover-32.jpg","keywords":["alegeri","cartier rezidential","Electoral","harta","parlamentare 2020","zoom report"],"articleSection":["Reportaj"],"inLanguage":"en-GB","copyrightYear":"2020","copyrightHolder":{"@id":"https:\/\/buletin.de\/bucuresti\/#organization"}},{"@type":"WebPage","@id":"https:\/\/buletin.de\/bucuresti\/studiu-zoom-report-ansamblurile-rezidentiale-noi-ale-capitalei-au-votat-cu-usr-plus\/","url":"https:\/\/buletin.de\/bucuresti\/studiu-zoom-report-ansamblurile-rezidentiale-noi-ale-capitalei-au-votat-cu-usr-plus\/","name":"Studiu Zoom Report: Ansamblurile reziden\u021biale noi ale Capitalei au votat cu USR PLUS - Buletin de Bucure\u0219ti","isPartOf":{"@id":"https:\/\/buletin.de\/bucuresti\/#website"},"primaryImageOfPage":{"@id":"https:\/\/buletin.de\/bucuresti\/studiu-zoom-report-ansamblurile-rezidentiale-noi-ale-capitalei-au-votat-cu-usr-plus\/#primaryimage"},"image":{"@id":"https:\/\/buletin.de\/bucuresti\/studiu-zoom-report-ansamblurile-rezidentiale-noi-ale-capitalei-au-votat-cu-usr-plus\/#primaryimage"},"thumbnailUrl":"https:\/\/buletin.de\/bucuresti\/wp-content\/uploads\/cover-32.jpg","datePublished":"2020-12-18T18:33:25+00:00","dateModified":"2020-12-19T06:51:49+00:00","breadcrumb":{"@id":"https:\/\/buletin.de\/bucuresti\/studiu-zoom-report-ansamblurile-rezidentiale-noi-ale-capitalei-au-votat-cu-usr-plus\/#breadcrumb"},"inLanguage":"en-GB","potentialAction":[{"@type":"ReadAction","target":["https:\/\/buletin.de\/bucuresti\/studiu-zoom-report-ansamblurile-rezidentiale-noi-ale-capitalei-au-votat-cu-usr-plus\/"]}]},{"@type":"ImageObject","inLanguage":"en-GB","@id":"https:\/\/buletin.de\/bucuresti\/studiu-zoom-report-ansamblurile-rezidentiale-noi-ale-capitalei-au-votat-cu-usr-plus\/#primaryimage","url":"https:\/\/buletin.de\/bucuresti\/wp-content\/uploads\/cover-32.jpg","contentUrl":"https:\/\/buletin.de\/bucuresti\/wp-content\/uploads\/cover-32.jpg","width":753,"height":424},{"@type":"BreadcrumbList","@id":"https:\/\/buletin.de\/bucuresti\/studiu-zoom-report-ansamblurile-rezidentiale-noi-ale-capitalei-au-votat-cu-usr-plus\/#breadcrumb","itemListElement":[{"@type":"ListItem","position":1,"name":"Acas\u0103","item":"https:\/\/buletin.de\/bucuresti\/"},{"@type":"ListItem","position":2,"name":"Studiu Zoom Report: Ansamblurile reziden\u021biale noi ale Capitalei au votat cu USR PLUS"}]},{"@type":"WebSite","@id":"https:\/\/buletin.de\/bucuresti\/#website","url":"https:\/\/buletin.de\/bucuresti\/","name":"Buletin de Bucure\u0219ti","description":"\u0218tiri \u0219i investiga\u021bii esen\u021biale din capital\u0103","publisher":{"@id":"https:\/\/buletin.de\/bucuresti\/#organization"},"potentialAction":[{"@type":"SearchAction","target":{"@type":"EntryPoint","urlTemplate":"https:\/\/buletin.de\/bucuresti\/?s={search_term_string}"},"query-input":{"@type":"PropertyValueSpecification","valueRequired":true,"valueName":"search_term_string"}}],"inLanguage":"en-GB"},{"@type":"Organization","@id":"https:\/\/buletin.de\/bucuresti\/#organization","name":"Buletin de Bucure\u0219ti","url":"https:\/\/buletin.de\/bucuresti\/","logo":{"@type":"ImageObject","inLanguage":"en-GB","@id":"https:\/\/buletin.de\/bucuresti\/#\/schema\/logo\/image\/","url":"https:\/\/buletin.de\/bucuresti\/wp-content\/uploads\/logo-bdb-full-wide-vernil-transparent.png","contentUrl":"https:\/\/buletin.de\/bucuresti\/wp-content\/uploads\/logo-bdb-full-wide-vernil-transparent.png","width":1782,"height":626,"caption":"Buletin de Bucure\u0219ti"},"image":{"@id":"https:\/\/buletin.de\/bucuresti\/#\/schema\/logo\/image\/"},"sameAs":["https:\/\/www.facebook.com\/buletin.de.buc","https:\/\/www.instagram.com\/buletinde.bucuresti\/"]},{"@type":"Person","@id":"https:\/\/buletin.de\/bucuresti\/#\/schema\/person\/2bbcf854e5f2419a13804af574d06ab1","name":"Redac\u021bia Buletin de Bucure\u0219ti","image":{"@type":"ImageObject","inLanguage":"en-GB","@id":"https:\/\/secure.gravatar.com\/avatar\/18c5342381ed1a08620e6280424e3e5efc958618f5d67c522c9e44c1bc6f9226?s=96&d=monsterid&r=g60c7cd0ad92c68c049fcd4bb3504d609","url":"https:\/\/secure.gravatar.com\/avatar\/18c5342381ed1a08620e6280424e3e5efc958618f5d67c522c9e44c1bc6f9226?s=96&d=monsterid&r=g","contentUrl":"https:\/\/secure.gravatar.com\/avatar\/18c5342381ed1a08620e6280424e3e5efc958618f5d67c522c9e44c1bc6f9226?s=96&d=monsterid&r=g","caption":"Redac\u021bia Buletin de Bucure\u0219ti"},"description":"Buletin de Bucure\u0219ti exist\u0103 din vara anului 2019.","url":"https:\/\/buletin.de\/bucuresti\/author\/adminbuletin\/"}]}},"authors":[{"term_id":22583,"user_id":1,"is_guest":0,"slug":"adminbuletin","display_name":"Redac\u021bia Buletin de Bucure\u0219ti","avatar_url":"https:\/\/secure.gravatar.com\/avatar\/18c5342381ed1a08620e6280424e3e5efc958618f5d67c522c9e44c1bc6f9226?s=96&d=monsterid&r=g","0":null,"1":"","2":"","3":"","4":"","5":"","6":"","7":"","8":""}],"_links":{"self":[{"href":"https:\/\/buletin.de\/bucuresti\/wp-json\/wp\/v2\/posts\/17000","targetHints":{"allow":["GET"]}}],"collection":[{"href":"https:\/\/buletin.de\/bucuresti\/wp-json\/wp\/v2\/posts"}],"about":[{"href":"https:\/\/buletin.de\/bucuresti\/wp-json\/wp\/v2\/types\/post"}],"author":[{"embeddable":true,"href":"https:\/\/buletin.de\/bucuresti\/wp-json\/wp\/v2\/users\/1"}],"replies":[{"embeddable":true,"href":"https:\/\/buletin.de\/bucuresti\/wp-json\/wp\/v2\/comments?post=17000"}],"version-history":[{"count":12,"href":"https:\/\/buletin.de\/bucuresti\/wp-json\/wp\/v2\/posts\/17000\/revisions"}],"predecessor-version":[{"id":17143,"href":"https:\/\/buletin.de\/bucuresti\/wp-json\/wp\/v2\/posts\/17000\/revisions\/17143"}],"wp:featuredmedia":[{"embeddable":true,"href":"https:\/\/buletin.de\/bucuresti\/wp-json\/wp\/v2\/media\/17129"}],"wp:attachment":[{"href":"https:\/\/buletin.de\/bucuresti\/wp-json\/wp\/v2\/media?parent=17000"}],"wp:term":[{"taxonomy":"category","embeddable":true,"href":"https:\/\/buletin.de\/bucuresti\/wp-json\/wp\/v2\/categories?post=17000"},{"taxonomy":"post_tag","embeddable":true,"href":"https:\/\/buletin.de\/bucuresti\/wp-json\/wp\/v2\/tags?post=17000"},{"taxonomy":"author","embeddable":true,"href":"https:\/\/buletin.de\/bucuresti\/wp-json\/wp\/v2\/ppma_author?post=17000"}],"curies":[{"name":"wp","href":"https:\/\/api.w.org\/{rel}","templated":true}]}}