{"id":169984,"date":"2026-01-29T05:42:00","date_gmt":"2026-01-29T02:42:00","guid":{"rendered":"https:\/\/buletin.de\/bucuresti\/?p=169984"},"modified":"2026-01-28T23:21:01","modified_gmt":"2026-01-28T20:21:01","slug":"expozitie-dedicata-lui-theodor-aman-organizata-de-muzeul-municipiului-bucuresti-incepand-cu-6-februarie","status":"publish","type":"post","link":"https:\/\/buletin.de\/bucuresti\/expozitie-dedicata-lui-theodor-aman-organizata-de-muzeul-municipiului-bucuresti-incepand-cu-6-februarie\/","title":{"rendered":"Expozi\u021bie dedicat\u0103 lui Theodor Aman, organizat\u0103 de Muzeul Municipiului Bucure\u0219ti \u00eencep\u00e2nd cu 6 februarie"},"content":{"rendered":"\n<p><strong>O expozi\u021bie dedicat\u0103 lui Theodor Aman va putea fi vizitat\u0103 \u00eencep\u00e2nd cu 6 februarie la Muzeul Theodor Aman, aflat \u00een subordinea Muzeului Municipiului Bucure\u0219ti. Potrivit unui anun\u021b al institu\u021biei de cultur\u0103, lucr\u0103rile expuse vor putea fi vizitate p\u00e2n\u0103 la \u00eenceputul lunii noiembrie a acestui an.<\/strong><\/p>\n\n\n\n<p><em>\u201eExpozi\u021bia propune \u00eent\u00e2lnirea publicului cu o categorie de opere extrem de rar expuse, a c\u0103ror fragilitate le face, de regul\u0103, inaccesibile: desenele lui Theodor Aman. Publicul are privilegiul de a descoperi o parte dintre cele 35 de desene \u00een creion \u0219i 25 de desene \u00een peni\u021b\u0103 aflate \u00een patrimoniul muzeului.\u201d<\/em> au explicat reprezentan\u021bii muzeului.<\/p>\n\n\n\n<p>Selec\u021bia care va putea fi vizitat\u0103 \u00een cadrul expozi\u021biei intitulate \u201eAman &#8211; Linie, Punct\u201d cuprinde 20 de desene \u0219i dou\u0103 ebo\u0219e \u00een acuarel\u0103, la baza c\u0103r\u0103ra st\u0103 desenul preg\u0103titor \u00een creion. Datorit\u0103 tehnicii sunt necesare condi\u021bii speciale de conservare \u0219i o expunere limitat\u0103 \u00een timp.<\/p>\n\n\n\n<p>Dintre lucr\u0103ri, multe sunt schi\u021be fugare, note vizuale pentru fixarea unui moment, iar altele sunt variante grafice ale unor picturi cunoscute. Dincolo de valoarea lucr\u0103rilor, expozi\u021bia \u00ee\u0219i propune s\u0103 ofere publicului acces \u0219i la etape ale crea\u021biei artistice care r\u0103m\u00e2n, de cele mai multe ori, ascunse \u00een expunerile muzeale clasice.<\/p>\n\n\n\n<p><em>\u201eDesenele expuse dezv\u0103luie o fa\u021bet\u0103 dezinvolt\u0103, sincer\u0103, necenzurat\u0103 de rigorile academismului, pun\u00e2nd \u00een valoare spiritul de observa\u021bie, capacitatea de sintez\u0103 \u0219i for\u021ba expresiv\u0103 a liniei. Linia rafinat\u0103 \u0219i unduioas\u0103 a lui Aman transform\u0103 realitatea perceptibil\u0103 \u00eentr-un spa\u021biu al imaginarului, ghidat de memorie, senza\u021bii \u0219i sugestie.\u201d<\/em> a mai ad\u0103ugat conducerea complexului muzeal \u00een comunicat.<\/p>\n\n\n\n<p>Vernisajul expozi\u021biei este programat vineri, 6 februarie, \u00eencep\u00e2nd cu ora 17:00 la muzeul dedicat lui Theodor Aman din strada C. A. Rosetti nr. 8. Accesul la eveniment este gratuit.<\/p>\n\n\n\n<p>Ulterior, lucr\u0103rile vor putea fi vizitate \u00een fiecare zi, de miercuri p\u00e2n\u0103 duminic\u0103, \u00een intervalul orar 10:00 &#8211; 18:00.<\/p>\n\n\n\n<p><strong>CITE\u0218TE \u0218I: <a href=\"https:\/\/buletin.de\/bucuresti\/sector-5-locuitorii-care-nu-si-au-reinnoit-contractele-de-salubrizare-raman-fara-acest-serviciu-de-la-1-februarie\/\">Sector 5 | Locuitorii care nu \u0219i-au re\u00eennoit contractele de salubrizare r\u0103m\u00e2n f\u0103r\u0103 acest serviciu de la 1 februarie<\/a><\/strong><\/p>\n\n\n\n<h2 class=\"wp-block-heading\" id=\"h-zeci-de-spectacole-in-institu\u021biile-de-cultura-ale-primariei-capitalei\">Zeci de spectacole \u00een institu\u021biile de cultur\u0103 ale Prim\u0103riei Capitalei<\/h2>\n\n\n\n<p><strong>Zeci de<\/strong>&nbsp;<strong>spectacole pentru toate v\u00e2rstele, concerte, expozi\u021bii, ateliere, show-uri senza\u021bionale de circ, ii a\u0219teapt\u0103 pe bucure\u0219teni, s\u0103pt\u0103m\u00e2na aceasta.<\/strong>&nbsp;<strong>Teatrul \u201eIon Creang\u0103\u201d \u00eencepe Festivalul \u201eTic Pitic\u201d, cu spectacole destinate copiilor cu v\u00e2rste \u00eentre 6 luni \u2013 6 ani.<\/strong><\/p>\n\n\n\n<p><strong>JOI 29.01.2026<\/strong><\/p>\n\n\n\n<ul class=\"wp-block-list\">\n<li><a href=\"https:\/\/www.bulandra.ro\/program\/\"><strong>Teatrul Bulandra<\/strong><\/a><strong>:\u00a0<a href=\"https:\/\/teatrelli.com\/event\/viata-buna-9\/\"><\/a><a href=\"https:\/\/comedie.ro\/spectacol\/hello-ceausescu\/\"><strong>\u201e<\/strong><\/a><\/strong><a href=\"https:\/\/www.bulandra.ro\/vanatoarea\/\"><strong>V\u00e2n\u0103toarea<\/strong><\/a><strong><a href=\"https:\/\/nottara.ro\/spectacol\/operatiunea-petarda\/\">\u201d<\/a>,<\/strong>\u00a0ora 18:00, Sala Toma Caragiu;\u00a0<strong><a href=\"https:\/\/teatrelli.com\/event\/viata-buna-9\/\"><\/a><a href=\"https:\/\/comedie.ro\/spectacol\/hello-ceausescu\/\"><strong>\u201e<\/strong><\/a><\/strong><a href=\"https:\/\/www.bulandra.ro\/tache-ianke-cadar\/\"><strong>Tache, Ianke \u0219i Cad\u00e2r<\/strong><\/a><strong>\u201d,<\/strong>\u00a0ora 19:00, Sala Liviu Ciulei;<\/li>\n\n\n\n<li><a href=\"https:\/\/comedie.ro\/\"><strong>Teatrul de Comedie<\/strong><\/a><strong>:\u00a0<\/strong><a href=\"https:\/\/comedie.ro\/spectacol\/hello-ceausescu\/\"><strong>\u201eHello, Ceau\u0219escu!<\/strong><\/a><strong><a href=\"https:\/\/nottara.ro\/spectacol\/operatiunea-petarda\/\">\u201d<\/a><\/strong>\u00a0ora 18:30, Sala Studio;<\/li>\n\n\n\n<li><a href=\"https:\/\/teatrulmetropolis.ro\/program\/\"><strong>Teatru Tineretului Metropolis<\/strong><\/a><strong>:\u00a0<a href=\"https:\/\/teatrelli.com\/event\/viata-buna-9\/\"><\/a><a href=\"https:\/\/comedie.ro\/spectacol\/hello-ceausescu\/\"><strong>\u201e<\/strong><\/a><\/strong><a href=\"https:\/\/teatrulmetropolis.ro\/spectacol\/happy-end\/\"><strong>Happy end<\/strong><\/a><strong><a href=\"https:\/\/nottara.ro\/spectacol\/operatiunea-petarda\/\">\u201d<\/a><\/strong>, ora 19:00, Sala Mare;\u00a0<strong>\u201e<\/strong><a href=\"https:\/\/teatrulmetropolis.ro\/spectacol\/california-suite\/\"><strong>California suite<\/strong><\/a>\u201d, ora 19:30, Sala Mic\u0103;<\/li>\n\n\n\n<li><a href=\"https:\/\/teatrul-odeon.ro\/\"><strong>Teatrul Odeon:<\/strong><\/a><strong>\u00a0<\/strong><a href=\"https:\/\/teatrul-odeon.ro\/spectacol\/fugarii\/\"><strong>\u201eFugarii<\/strong><\/a><a href=\"https:\/\/nottara.ro\/spectacol\/operatiunea-petarda\/\">\u201d<\/a>, ora 19:00, Sala Majestic;<\/li>\n\n\n\n<li><a href=\"https:\/\/nottara.ro\/program\/\"><strong>Teatrul C.I. Nottara<\/strong><\/a><strong>:\u00a0<\/strong><a href=\"https:\/\/nottara.ro\/spectacol\/a-douasprezecea-noapte-sau-noaptea-magilor\/\"><strong>A dou\u0103sprezecea noapte sau noaptea magilor<\/strong><\/a>, ora 19:00, Sala Horia; Lovinescu;\u00a0<a href=\"https:\/\/nottara.ro\/spectacol\/operatiunea-petarda\/\"><strong>Opera\u021biunea \u201ePetarda<\/strong>\u201d<\/a>, ora 19:30, Sala George Constantin;<\/li>\n\n\n\n<li><a href=\"https:\/\/teatruldramaturgilor.ro\/\"><strong>Teatrul Dramaturgilor Rom\u00e2ni<\/strong><\/a><strong>:\u00a0<\/strong><a href=\"https:\/\/teatruldramaturgilor.ro\/eveniment\/1900-siciliana-sala-iosif-naghiu-8\/\"><strong>\u201eSiciliana\u201d,<\/strong><\/a>\u00a0ora 19:00, Sala Iosif Naghiu;<\/li>\n\n\n\n<li><a href=\"https:\/\/bibmet.ro\/\"><strong>Biblioteca Metropolitan\u0103 Bucure\u0219t<\/strong>i<\/a>:\u00a0<strong>ArtClub: Ateliere cu tematic\u0103 arhitectural\u0103, pictur\u0103, desen, decupaj, vestimenta\u021bie, tradi\u0163ie<\/strong>, ora: 11:00,\u00a0Biblioteca Liviu Rebreanu;\u00a0<strong>Vernisaj expozi\u021bie de pictur\u0103 \u0219i gravur\u0103 \u201ePictogravur\u0103\u201e semnat\u0103 de graficiana Rodica Lomn\u0103\u0219an<\/strong>, ora: 17:00, Artoteca.<\/li>\n<\/ul>\n\n\n\n<p><strong>VINERI 30.01.2026<\/strong><\/p>\n\n\n\n<ul class=\"wp-block-list\">\n<li><a href=\"https:\/\/teatrulioncreanga.ro\/program\/\"><strong>Teatrul Ion Creang\u0103<\/strong><\/a><strong>:\u00a0<\/strong><a href=\"https:\/\/www.entertix.ro\/g\/501\/tic-pitic-zilele-small-size-teatrul-ion-creanga.html\"><strong>Festivalul \u201eTic Pitic \u2013 Zilele Small Size<\/strong><\/a><strong><a href=\"https:\/\/arcub.ro\/eveniment\/dincolo-de-tacere\"><strong>\u201d<\/strong><\/a><\/strong>, Sala Mare;\u00a0<a href=\"https:\/\/www.entertix.ro\/evenimente\/34765\/abac-30-ianuarie-2026-teatrul-ion-creanga-sala-mare-bucuresti.html\"><strong>Abac<\/strong><\/a>, ora 10:00 \u0219i 18:00, la Sala Mare;<\/li>\n\n\n\n<li><a href=\"https:\/\/www.masca.ro\/teatru\/\"><strong>Teatrul Masca<\/strong><\/a>:\u00a0<a href=\"https:\/\/www.masca.ro\/teatru\/calendar\/\"><strong>LA LIBER\u00a03.0<\/strong><\/a>, ora 17:00, Sala Teatrului Masca;<\/li>\n\n\n\n<li><a href=\"https:\/\/operacomica.ro\/\"><strong>Opera Comic\u0103 pentru Copii<\/strong><\/a><strong>:\u00a0<\/strong><a href=\"https:\/\/operacomica.ro\/repertoriu\/bubu-si-fulgii-de-nea\/\"><strong>\u201eBubu \u0219i fulgii de nea<\/strong><\/a><a href=\"https:\/\/arcub.ro\/eveniment\/dincolo-de-tacere\"><strong>\u201d<\/strong><\/a>, orele 17:00, 18:00, Sala UnderGrant;\u00a0<a href=\"https:\/\/operacomica.ro\/repertoriu\/fetita-cu-chibrituri\/\"><strong>Feti\u021ba cu chibrituri<\/strong><\/a>, ora 18:30, Sala Mare (balet);<\/li>\n\n\n\n<li><a href=\"https:\/\/arcub.ro\/\"><strong>ARCUB-Centrul Cultural al Municipiului Bucurere\u0219ti:<\/strong><\/a><strong>\u00a0<\/strong><a href=\"https:\/\/arcub.ro\/eveniment\/dincolo-de-tacere\"><strong>\u201eDicolo de t\u0103cere\u201d,<\/strong><\/a>\u00a0ora 16:00, 19:00, Sala Mare;<\/li>\n\n\n\n<li><a href=\"https:\/\/www.teatrultandarica.ro\/program\/\"><strong>Teatrul de Anima\u021bie \u021a\u0103nd\u0103ric\u0103: \u201eRegele Leu<\/strong><\/a><strong>\u201d<\/strong>, ora:18:00, Sala \u021a\u0103nd\u0103ric\u0103;<\/li>\n\n\n\n<li><a href=\"https:\/\/muzeulbucurestiului.ro\/en\/evenimente.html\"><strong>Muzeul Municipiului Bucure\u0219ti:\u00a0 \u201ePovestea aurului. Atelier interactiv pentru copii<\/strong><\/a><strong><a href=\"https:\/\/arcub.ro\/eveniment\/dincolo-de-tacere\"><strong>\u201d<\/strong><\/a><\/strong>, ora 16:00,la\u00a0 Palatul \u0218u\u021bu;<\/li>\n\n\n\n<li><a href=\"https:\/\/www.bulandra.ro\/\"><strong>Teatrul Bulandra<\/strong><\/a><strong>:\u00a0<\/strong><a href=\"https:\/\/www.bulandra.ro\/tache-ianke-cadar\/\"><strong>\u201eTache, Ianke \u0219i Cad\u00e2r<\/strong><\/a><strong><a href=\"https:\/\/arcub.ro\/eveniment\/dincolo-de-tacere\"><strong>\u201d<\/strong><\/a><\/strong>\u00a0ora 19:00, Sala Liviu Ciulei;<\/li>\n\n\n\n<li><a href=\"https:\/\/nottara.ro\/program\/\"><strong>Teatrul C.I. Nottara<\/strong><\/a><strong>:\u00a0<a href=\"https:\/\/www.bulandra.ro\/tache-ianke-cadar\/\"><strong>\u201e<\/strong><\/a><\/strong><a href=\"https:\/\/nottara.ro\/spectacol\/stela\/\"><strong>Stela<\/strong><\/a><a href=\"https:\/\/arcub.ro\/eveniment\/dincolo-de-tacere\"><strong>\u201d<\/strong><\/a>, ora 19:00, Sala Horia Lovinescu;\u00a0<strong>\u201e<\/strong><a href=\"https:\/\/nottara.ro\/spectacol\/perspective-grandioase\/\"><strong>Perspective grandioase<\/strong><\/a><strong><a href=\"https:\/\/arcub.ro\/eveniment\/dincolo-de-tacere\"><strong>\u201d<\/strong><\/a>,<\/strong>\u00a0ora 19:30, Sala George Constantin;<\/li>\n\n\n\n<li><a href=\"https:\/\/teatrulmetropolis.ro\/program\/\"><strong>Teatrul Tineretului Metropolis<\/strong><\/a><strong>:\u00a0<a href=\"https:\/\/www.bulandra.ro\/tache-ianke-cadar\/\"><strong>\u201e<\/strong><\/a><\/strong><a href=\"https:\/\/teatrulmetropolis.ro\/spectacol\/club-27\/\"><strong>Club 27<\/strong><\/a>\u201d, ora 19:00, Sala Mare;\u00a0<strong>\u201d<\/strong><a href=\"https:\/\/teatrulmetropolis.ro\/spectacol\/distanta-dintre-pasi\/\"><strong>Distan\u021ba dinte pa\u0219i<\/strong><\/a><strong><a href=\"https:\/\/arcub.ro\/eveniment\/dincolo-de-tacere\"><strong>\u201d<\/strong><\/a><\/strong>, ora 19:30, Sala Mic\u0103;<\/li>\n\n\n\n<li><a href=\"https:\/\/teatrul-odeon.ro\/\"><strong>Teatrul \u201dOdeon<\/strong><\/a><strong>:\u00a0<a href=\"https:\/\/www.bulandra.ro\/tache-ianke-cadar\/\"><strong>\u201e<\/strong><\/a><a href=\"https:\/\/teatrul-odeon.ro\/spectacol\/delirium\/\">Delirium\u201d<\/a><\/strong>, ora 19:30, Sala Studio;<\/li>\n\n\n\n<li><a href=\"https:\/\/comedie.ro\/calendar\/\"><strong>Teatrul de Comedie<\/strong><\/a><strong>:\u00a0<a href=\"https:\/\/www.bulandra.ro\/tache-ianke-cadar\/\"><strong>\u201e<\/strong><\/a><\/strong><a href=\"https:\/\/comedie.ro\/spectacol\/centrul-central\/\"><strong>Centrul Central<\/strong><\/a>\u201d, ora 19:00, Sala Nou\u0103;\u00a0<strong>\u201e<\/strong><a href=\"https:\/\/comedie.ro\/spectacol\/forma-lucrurilor\/\"><strong>Forma Lucrurilor<\/strong><\/a><strong><a href=\"https:\/\/arcub.ro\/eveniment\/dincolo-de-tacere\"><strong>\u201d<\/strong><\/a>,<\/strong>\u00a0ora\u00a0 19:30, Sala Studio;<\/li>\n\n\n\n<li><a href=\"https:\/\/www.teatrulmic.ro\/\"><strong>Teatrul Mic:<\/strong><\/a><strong>\u00a0<\/strong><a href=\"https:\/\/www.teatrulmic.ro\/spectacol\/cantareata-cheala\/\"><\/a><strong><a href=\"https:\/\/www.bulandra.ro\/tache-ianke-cadar\/\"><strong>\u201e<\/strong><\/a><a href=\"https:\/\/www.teatrulmic.ro\/spectacol\/cantareata-cheala\/\">C\u00e2nt\u0103rea\u021ba cheal\u0103<\/a><a href=\"https:\/\/arcub.ro\/eveniment\/dincolo-de-tacere\"><strong>\u201d<\/strong><\/a><\/strong>, ora 19:00, Sala Studio;<\/li>\n\n\n\n<li><a href=\"https:\/\/teatrul-excelsior.ro\/\"><strong>Teatrul Excelsior<\/strong><\/a><strong>:\u00a0<\/strong><a href=\"https:\/\/teatrul-excelsior.ro\/spectacol\/pterodactili\/\"><\/a><strong><a href=\"https:\/\/www.bulandra.ro\/tache-ianke-cadar\/\"><strong>\u201e<\/strong><\/a><a href=\"https:\/\/teatrul-excelsior.ro\/spectacol\/pterodactili\/\">Pterodactili<\/a><a href=\"https:\/\/arcub.ro\/eveniment\/dincolo-de-tacere\"><strong>\u201d<\/strong><\/a>,<\/strong>\u00a0ora 19:00, Sala Ion Lucian;<\/li>\n\n\n\n<li><a href=\"https:\/\/teatrelli.com\/\"><strong>Creart-Teatrelli<\/strong><\/a><strong>:\u00a0<\/strong><a href=\"https:\/\/teatrelli.com\/event\/de-loc-de-joaca-2\/\"><\/a><strong><a href=\"https:\/\/www.bulandra.ro\/tache-ianke-cadar\/\"><strong>\u201e<\/strong><\/a><a href=\"https:\/\/www.creart.ro\/teatrelli\/\">de\/Loc de joac\u0103<\/a><a href=\"https:\/\/arcub.ro\/eveniment\/dincolo-de-tacere\"><strong>\u201d<\/strong><\/a>,<\/strong>\u00a0ora 19:00, Sala Teatrelli;<\/li>\n\n\n\n<li><a href=\"https:\/\/bibmet.ro\/\"><strong>Biblioteca Metropolitan\u0103 Bucure\u0219ti<\/strong><\/a><strong>:\u00a0\u201eViolen\u021ba Domestic\u0103 \u2013 Unde tragem linia dintre victima femeie \u0219i victima b\u0103rbat?<\/strong>\u201d, ora 17:00, Sediul Central Mihail Sadoveanu;\u00a0<strong>Ora de pove\u0219ti \u2013 Atelier de citit pove\u015fti pentru copii<\/strong>, ora: 12:00, Biblioteca Dimitrie Cantemir.<\/li>\n<\/ul>\n\n\n\n<p>Buletin de Bucure\u0219ti a scris despre programul acestor evenimente, varianta complet\u0103 fiind disponibil\u0103 <strong><a href=\"https:\/\/buletin.de\/bucuresti\/zeci-de-spectacole-pentru-toate-varstele-si-gusturile-saptamana-aceasta-in-institutiile-de-cultura-ale-primariei-capitalei\/\">aici<\/a><\/strong>.<\/p>\n\n\n\n<p><strong>CITE\u0218TE \u0218I: <a href=\"https:\/\/buletin.de\/bucuresti\/un-cuplu-legendar-al-baletului-european-vine-la-bucuresti-virna-toppi-si-nicola-del-freo-prim-balerinii-teatrului-la-scala-din-milano-danseaza-in-gala-de-balet-balanchines-legacy\/\">Un cuplu legendar al baletului european vine la Bucure\u0219ti. Virna Toppi \u0219i Nicola Del Freo, prim-balerinii Teatrului La Scala din Milano, danseaz\u0103\u00a0\u00een Gala de Balet Balanchine\u2019s Legacy<\/a><\/strong><\/p>\n","protected":false},"excerpt":{"rendered":"<p>O expozi\u021bie dedicat\u0103 lui Theodor Aman va putea fi vizitat\u0103 \u00eencep\u00e2nd cu 6 februarie la Muzeul Theodor Aman, aflat \u00een subordinea Muzeului Municipiului Bucure\u0219ti. Potrivit unui anun\u021b al institu\u021biei de cultur\u0103, lucr\u0103rile expuse vor putea fi vizitate p\u00e2n\u0103 la \u00eenceputul lunii noiembrie a acestui an. \u201eExpozi\u021bia propune \u00eent\u00e2lnirea publicului cu o categorie de opere extrem [&hellip;]<\/p>\n","protected":false},"author":61,"featured_media":170002,"comment_status":"closed","ping_status":"open","sticky":false,"template":"","format":"standard","meta":{"_acf_changed":false,"inline_featured_image":false,"ngg_post_thumbnail":0,"footnotes":""},"categories":[6994,81,62],"tags":[26089,13196,13197,26088],"ppma_author":[22577],"class_list":["post-169984","post","type-post","status-publish","format-standard","has-post-thumbnail","hentry","category-stiri-2","category-cultura","category-stiri","tag-expozitie-theodor-aman","tag-muzeul-municipiului-bucuresti-2","tag-muzeul-theodor-aman","tag-theodor-aman"],"acf":[],"yoast_head":"<!-- This site is optimized with the Yoast SEO Premium plugin v25.3 (Yoast SEO v27.5) - https:\/\/yoast.com\/product\/yoast-seo-premium-wordpress\/ -->\n<title>Expozi\u021bie dedicat\u0103 lui Theodor Aman, organizat\u0103 de Muzeul Municipiului Bucure\u0219ti \u00eencep\u00e2nd cu 6 februarie - Buletin de Bucure\u0219ti<\/title>\n<meta name=\"description\" content=\"O expozi\u021bie dedicat\u0103 lui Theodor Aman va putea fi vizitat\u0103 \u00eencep\u00e2nd cu 6 februarie la Muzeul Municipiului Bucure\u0219ti.\" \/>\n<meta name=\"robots\" content=\"index, follow, max-snippet:-1, max-image-preview:large, max-video-preview:-1\" \/>\n<link rel=\"canonical\" href=\"https:\/\/buletin.de\/bucuresti\/expozitie-dedicata-lui-theodor-aman-organizata-de-muzeul-municipiului-bucuresti-incepand-cu-6-februarie\/\" \/>\n<meta property=\"og:locale\" content=\"en_GB\" \/>\n<meta property=\"og:type\" content=\"article\" \/>\n<meta property=\"og:title\" content=\"Expozi\u021bie dedicat\u0103 lui Theodor Aman, organizat\u0103 de Muzeul Municipiului Bucure\u0219ti \u00eencep\u00e2nd cu 6 februarie\" \/>\n<meta property=\"og:description\" content=\"O expozi\u021bie dedicat\u0103 lui Theodor Aman va putea fi vizitat\u0103 \u00eencep\u00e2nd cu 6 februarie la Muzeul Municipiului Bucure\u0219ti.\" \/>\n<meta property=\"og:url\" content=\"https:\/\/buletin.de\/bucuresti\/expozitie-dedicata-lui-theodor-aman-organizata-de-muzeul-municipiului-bucuresti-incepand-cu-6-februarie\/\" \/>\n<meta property=\"og:site_name\" content=\"Buletin de Bucure\u0219ti\" \/>\n<meta property=\"article:publisher\" content=\"https:\/\/www.facebook.com\/buletin.de.buc\" \/>\n<meta property=\"article:published_time\" content=\"2026-01-29T02:42:00+00:00\" \/>\n<meta property=\"og:image\" content=\"https:\/\/buletin.de\/bucuresti\/wp-content\/uploads\/2026\/01\/573511083_1420176189953068_8118471427849243564_n.jpg\" \/>\n\t<meta property=\"og:image:width\" content=\"1360\" \/>\n\t<meta property=\"og:image:height\" content=\"1020\" \/>\n\t<meta property=\"og:image:type\" content=\"image\/jpeg\" \/>\n<meta name=\"author\" content=\"Alexandru Stan\" \/>\n<meta name=\"twitter:card\" content=\"summary_large_image\" \/>\n<meta name=\"twitter:label1\" content=\"Written by\" \/>\n\t<meta name=\"twitter:data1\" content=\"Alexandru Stan\" \/>\n\t<meta name=\"twitter:label2\" content=\"Estimated reading time\" \/>\n\t<meta name=\"twitter:data2\" content=\"4 minutes\" \/>\n<script type=\"application\/ld+json\" class=\"yoast-schema-graph\">{\"@context\":\"https:\\\/\\\/schema.org\",\"@graph\":[{\"@type\":\"Article\",\"@id\":\"https:\\\/\\\/buletin.de\\\/bucuresti\\\/expozitie-dedicata-lui-theodor-aman-organizata-de-muzeul-municipiului-bucuresti-incepand-cu-6-februarie\\\/#article\",\"isPartOf\":{\"@id\":\"https:\\\/\\\/buletin.de\\\/bucuresti\\\/expozitie-dedicata-lui-theodor-aman-organizata-de-muzeul-municipiului-bucuresti-incepand-cu-6-februarie\\\/\"},\"author\":{\"name\":\"Alexandru Stan\",\"@id\":\"https:\\\/\\\/buletin.de\\\/bucuresti\\\/#\\\/schema\\\/person\\\/104a46bbe8be6e336fecf63974383951\"},\"headline\":\"Expozi\u021bie dedicat\u0103 lui Theodor Aman, organizat\u0103 de Muzeul Municipiului Bucure\u0219ti \u00eencep\u00e2nd cu 6 februarie\",\"datePublished\":\"2026-01-29T02:42:00+00:00\",\"mainEntityOfPage\":{\"@id\":\"https:\\\/\\\/buletin.de\\\/bucuresti\\\/expozitie-dedicata-lui-theodor-aman-organizata-de-muzeul-municipiului-bucuresti-incepand-cu-6-februarie\\\/\"},\"wordCount\":789,\"publisher\":{\"@id\":\"https:\\\/\\\/buletin.de\\\/bucuresti\\\/#organization\"},\"image\":{\"@id\":\"https:\\\/\\\/buletin.de\\\/bucuresti\\\/expozitie-dedicata-lui-theodor-aman-organizata-de-muzeul-municipiului-bucuresti-incepand-cu-6-februarie\\\/#primaryimage\"},\"thumbnailUrl\":\"https:\\\/\\\/buletin.de\\\/bucuresti\\\/wp-content\\\/uploads\\\/2026\\\/01\\\/573511083_1420176189953068_8118471427849243564_n.jpg\",\"keywords\":[\"expozitie theodor aman\",\"Muzeul Municipiului Bucuresti\",\"Muzeul Theodor Aman\",\"theodor aman\"],\"articleSection\":[\"Articole\",\"Cultur\u0103\",\"\u0218tiri\"],\"inLanguage\":\"en-GB\",\"copyrightYear\":\"2026\",\"copyrightHolder\":{\"@id\":\"https:\\\/\\\/buletin.de\\\/bucuresti\\\/#organization\"}},{\"@type\":\"WebPage\",\"@id\":\"https:\\\/\\\/buletin.de\\\/bucuresti\\\/expozitie-dedicata-lui-theodor-aman-organizata-de-muzeul-municipiului-bucuresti-incepand-cu-6-februarie\\\/\",\"url\":\"https:\\\/\\\/buletin.de\\\/bucuresti\\\/expozitie-dedicata-lui-theodor-aman-organizata-de-muzeul-municipiului-bucuresti-incepand-cu-6-februarie\\\/\",\"name\":\"Expozi\u021bie dedicat\u0103 lui Theodor Aman, organizat\u0103 de Muzeul Municipiului Bucure\u0219ti \u00eencep\u00e2nd cu 6 februarie - Buletin de Bucure\u0219ti\",\"isPartOf\":{\"@id\":\"https:\\\/\\\/buletin.de\\\/bucuresti\\\/#website\"},\"primaryImageOfPage\":{\"@id\":\"https:\\\/\\\/buletin.de\\\/bucuresti\\\/expozitie-dedicata-lui-theodor-aman-organizata-de-muzeul-municipiului-bucuresti-incepand-cu-6-februarie\\\/#primaryimage\"},\"image\":{\"@id\":\"https:\\\/\\\/buletin.de\\\/bucuresti\\\/expozitie-dedicata-lui-theodor-aman-organizata-de-muzeul-municipiului-bucuresti-incepand-cu-6-februarie\\\/#primaryimage\"},\"thumbnailUrl\":\"https:\\\/\\\/buletin.de\\\/bucuresti\\\/wp-content\\\/uploads\\\/2026\\\/01\\\/573511083_1420176189953068_8118471427849243564_n.jpg\",\"datePublished\":\"2026-01-29T02:42:00+00:00\",\"description\":\"O expozi\u021bie dedicat\u0103 lui Theodor Aman va putea fi vizitat\u0103 \u00eencep\u00e2nd cu 6 februarie la Muzeul Municipiului Bucure\u0219ti.\",\"breadcrumb\":{\"@id\":\"https:\\\/\\\/buletin.de\\\/bucuresti\\\/expozitie-dedicata-lui-theodor-aman-organizata-de-muzeul-municipiului-bucuresti-incepand-cu-6-februarie\\\/#breadcrumb\"},\"inLanguage\":\"en-GB\",\"potentialAction\":[{\"@type\":\"ReadAction\",\"target\":[\"https:\\\/\\\/buletin.de\\\/bucuresti\\\/expozitie-dedicata-lui-theodor-aman-organizata-de-muzeul-municipiului-bucuresti-incepand-cu-6-februarie\\\/\"]}]},{\"@type\":\"ImageObject\",\"inLanguage\":\"en-GB\",\"@id\":\"https:\\\/\\\/buletin.de\\\/bucuresti\\\/expozitie-dedicata-lui-theodor-aman-organizata-de-muzeul-municipiului-bucuresti-incepand-cu-6-februarie\\\/#primaryimage\",\"url\":\"https:\\\/\\\/buletin.de\\\/bucuresti\\\/wp-content\\\/uploads\\\/2026\\\/01\\\/573511083_1420176189953068_8118471427849243564_n.jpg\",\"contentUrl\":\"https:\\\/\\\/buletin.de\\\/bucuresti\\\/wp-content\\\/uploads\\\/2026\\\/01\\\/573511083_1420176189953068_8118471427849243564_n.jpg\",\"width\":1360,\"height\":1020,\"caption\":\"Expozi\u021bie dedicat\u0103 lui Theodor Aman la Muzeul Municipiului Bucure\u0219ti, \u00eencep\u00e2nd cu 6 februarie | FOTO: Muzeul Theodor Aman via Facebook\"},{\"@type\":\"BreadcrumbList\",\"@id\":\"https:\\\/\\\/buletin.de\\\/bucuresti\\\/expozitie-dedicata-lui-theodor-aman-organizata-de-muzeul-municipiului-bucuresti-incepand-cu-6-februarie\\\/#breadcrumb\",\"itemListElement\":[{\"@type\":\"ListItem\",\"position\":1,\"name\":\"Acas\u0103\",\"item\":\"https:\\\/\\\/buletin.de\\\/bucuresti\\\/\"},{\"@type\":\"ListItem\",\"position\":2,\"name\":\"Expozi\u021bie dedicat\u0103 lui Theodor Aman, organizat\u0103 de Muzeul Municipiului Bucure\u0219ti \u00eencep\u00e2nd cu 6 februarie\"}]},{\"@type\":\"WebSite\",\"@id\":\"https:\\\/\\\/buletin.de\\\/bucuresti\\\/#website\",\"url\":\"https:\\\/\\\/buletin.de\\\/bucuresti\\\/\",\"name\":\"Buletin de Bucure\u0219ti\",\"description\":\"\u0218tiri \u0219i investiga\u021bii esen\u021biale din capital\u0103\",\"publisher\":{\"@id\":\"https:\\\/\\\/buletin.de\\\/bucuresti\\\/#organization\"},\"potentialAction\":[{\"@type\":\"SearchAction\",\"target\":{\"@type\":\"EntryPoint\",\"urlTemplate\":\"https:\\\/\\\/buletin.de\\\/bucuresti\\\/?s={search_term_string}\"},\"query-input\":{\"@type\":\"PropertyValueSpecification\",\"valueRequired\":true,\"valueName\":\"search_term_string\"}}],\"inLanguage\":\"en-GB\"},{\"@type\":\"Organization\",\"@id\":\"https:\\\/\\\/buletin.de\\\/bucuresti\\\/#organization\",\"name\":\"Buletin de Bucure\u0219ti\",\"url\":\"https:\\\/\\\/buletin.de\\\/bucuresti\\\/\",\"logo\":{\"@type\":\"ImageObject\",\"inLanguage\":\"en-GB\",\"@id\":\"https:\\\/\\\/buletin.de\\\/bucuresti\\\/#\\\/schema\\\/logo\\\/image\\\/\",\"url\":\"https:\\\/\\\/buletin.de\\\/bucuresti\\\/wp-content\\\/uploads\\\/logo-bdb-full-wide-vernil-transparent.png\",\"contentUrl\":\"https:\\\/\\\/buletin.de\\\/bucuresti\\\/wp-content\\\/uploads\\\/logo-bdb-full-wide-vernil-transparent.png\",\"width\":1782,\"height\":626,\"caption\":\"Buletin de Bucure\u0219ti\"},\"image\":{\"@id\":\"https:\\\/\\\/buletin.de\\\/bucuresti\\\/#\\\/schema\\\/logo\\\/image\\\/\"},\"sameAs\":[\"https:\\\/\\\/www.facebook.com\\\/buletin.de.buc\",\"https:\\\/\\\/www.instagram.com\\\/buletinde.bucuresti\\\/\"]},{\"@type\":\"Person\",\"@id\":\"https:\\\/\\\/buletin.de\\\/bucuresti\\\/#\\\/schema\\\/person\\\/104a46bbe8be6e336fecf63974383951\",\"name\":\"Alexandru Stan\",\"image\":{\"@type\":\"ImageObject\",\"inLanguage\":\"en-GB\",\"@id\":\"https:\\\/\\\/buletin.de\\\/bucuresti\\\/wp-content\\\/uploads\\\/2025\\\/12\\\/IMG-20251216-WA0045-e1766134343668-96x96.jpgd0ca12809ae3e1d27116a2afe8926544\",\"url\":\"https:\\\/\\\/buletin.de\\\/bucuresti\\\/wp-content\\\/uploads\\\/2025\\\/12\\\/IMG-20251216-WA0045-e1766134343668-96x96.jpg\",\"contentUrl\":\"https:\\\/\\\/buletin.de\\\/bucuresti\\\/wp-content\\\/uploads\\\/2025\\\/12\\\/IMG-20251216-WA0045-e1766134343668-96x96.jpg\",\"caption\":\"Alexandru Stan\"},\"description\":\"Sunt elev la un colegiu de prestigiu din Capital\u0103 \u0219i reporter la Buletin de Bucure\u0219ti. M-am n\u0103scut \u0219i am crescut cu m\u00e2ndrie \u00een Capital\u0103, ora\u0219 al pove\u0219tilor, al tramvaiului tras de cai \u0219i al c\u0103su\u021belor cu porti\u021b\u0103 \u0219i ci\u0219mea. Prin articolele mele, m\u0103 str\u0103duiesc s\u0103 descriu cu acurate\u021be via\u021ba din Bucure\u0219ti pe ecranele cititorilor no\u0219tri \u0219i \u00eencerc totodat\u0103 s\u0103 fac accesibile subiecte de interes general tuturor, de la mic la mare.\",\"url\":\"https:\\\/\\\/buletin.de\\\/bucuresti\\\/author\\\/alexandru-stan\\\/\"}]}<\/script>\n<!-- \/ Yoast SEO Premium plugin. -->","yoast_head_json":{"title":"Expozi\u021bie dedicat\u0103 lui Theodor Aman, organizat\u0103 de Muzeul Municipiului Bucure\u0219ti \u00eencep\u00e2nd cu 6 februarie - Buletin de Bucure\u0219ti","description":"O expozi\u021bie dedicat\u0103 lui Theodor Aman va putea fi vizitat\u0103 \u00eencep\u00e2nd cu 6 februarie la Muzeul Municipiului Bucure\u0219ti.","robots":{"index":"index","follow":"follow","max-snippet":"max-snippet:-1","max-image-preview":"max-image-preview:large","max-video-preview":"max-video-preview:-1"},"canonical":"https:\/\/buletin.de\/bucuresti\/expozitie-dedicata-lui-theodor-aman-organizata-de-muzeul-municipiului-bucuresti-incepand-cu-6-februarie\/","og_locale":"en_GB","og_type":"article","og_title":"Expozi\u021bie dedicat\u0103 lui Theodor Aman, organizat\u0103 de Muzeul Municipiului Bucure\u0219ti \u00eencep\u00e2nd cu 6 februarie","og_description":"O expozi\u021bie dedicat\u0103 lui Theodor Aman va putea fi vizitat\u0103 \u00eencep\u00e2nd cu 6 februarie la Muzeul Municipiului Bucure\u0219ti.","og_url":"https:\/\/buletin.de\/bucuresti\/expozitie-dedicata-lui-theodor-aman-organizata-de-muzeul-municipiului-bucuresti-incepand-cu-6-februarie\/","og_site_name":"Buletin de Bucure\u0219ti","article_publisher":"https:\/\/www.facebook.com\/buletin.de.buc","article_published_time":"2026-01-29T02:42:00+00:00","og_image":[{"width":1360,"height":1020,"url":"https:\/\/buletin.de\/bucuresti\/wp-content\/uploads\/2026\/01\/573511083_1420176189953068_8118471427849243564_n.jpg","type":"image\/jpeg"}],"author":"Alexandru Stan","twitter_card":"summary_large_image","twitter_misc":{"Written by":"Alexandru Stan","Estimated reading time":"4 minutes"},"schema":{"@context":"https:\/\/schema.org","@graph":[{"@type":"Article","@id":"https:\/\/buletin.de\/bucuresti\/expozitie-dedicata-lui-theodor-aman-organizata-de-muzeul-municipiului-bucuresti-incepand-cu-6-februarie\/#article","isPartOf":{"@id":"https:\/\/buletin.de\/bucuresti\/expozitie-dedicata-lui-theodor-aman-organizata-de-muzeul-municipiului-bucuresti-incepand-cu-6-februarie\/"},"author":{"name":"Alexandru Stan","@id":"https:\/\/buletin.de\/bucuresti\/#\/schema\/person\/104a46bbe8be6e336fecf63974383951"},"headline":"Expozi\u021bie dedicat\u0103 lui Theodor Aman, organizat\u0103 de Muzeul Municipiului Bucure\u0219ti \u00eencep\u00e2nd cu 6 februarie","datePublished":"2026-01-29T02:42:00+00:00","mainEntityOfPage":{"@id":"https:\/\/buletin.de\/bucuresti\/expozitie-dedicata-lui-theodor-aman-organizata-de-muzeul-municipiului-bucuresti-incepand-cu-6-februarie\/"},"wordCount":789,"publisher":{"@id":"https:\/\/buletin.de\/bucuresti\/#organization"},"image":{"@id":"https:\/\/buletin.de\/bucuresti\/expozitie-dedicata-lui-theodor-aman-organizata-de-muzeul-municipiului-bucuresti-incepand-cu-6-februarie\/#primaryimage"},"thumbnailUrl":"https:\/\/buletin.de\/bucuresti\/wp-content\/uploads\/2026\/01\/573511083_1420176189953068_8118471427849243564_n.jpg","keywords":["expozitie theodor aman","Muzeul Municipiului Bucuresti","Muzeul Theodor Aman","theodor aman"],"articleSection":["Articole","Cultur\u0103","\u0218tiri"],"inLanguage":"en-GB","copyrightYear":"2026","copyrightHolder":{"@id":"https:\/\/buletin.de\/bucuresti\/#organization"}},{"@type":"WebPage","@id":"https:\/\/buletin.de\/bucuresti\/expozitie-dedicata-lui-theodor-aman-organizata-de-muzeul-municipiului-bucuresti-incepand-cu-6-februarie\/","url":"https:\/\/buletin.de\/bucuresti\/expozitie-dedicata-lui-theodor-aman-organizata-de-muzeul-municipiului-bucuresti-incepand-cu-6-februarie\/","name":"Expozi\u021bie dedicat\u0103 lui Theodor Aman, organizat\u0103 de Muzeul Municipiului Bucure\u0219ti \u00eencep\u00e2nd cu 6 februarie - Buletin de Bucure\u0219ti","isPartOf":{"@id":"https:\/\/buletin.de\/bucuresti\/#website"},"primaryImageOfPage":{"@id":"https:\/\/buletin.de\/bucuresti\/expozitie-dedicata-lui-theodor-aman-organizata-de-muzeul-municipiului-bucuresti-incepand-cu-6-februarie\/#primaryimage"},"image":{"@id":"https:\/\/buletin.de\/bucuresti\/expozitie-dedicata-lui-theodor-aman-organizata-de-muzeul-municipiului-bucuresti-incepand-cu-6-februarie\/#primaryimage"},"thumbnailUrl":"https:\/\/buletin.de\/bucuresti\/wp-content\/uploads\/2026\/01\/573511083_1420176189953068_8118471427849243564_n.jpg","datePublished":"2026-01-29T02:42:00+00:00","description":"O expozi\u021bie dedicat\u0103 lui Theodor Aman va putea fi vizitat\u0103 \u00eencep\u00e2nd cu 6 februarie la Muzeul Municipiului Bucure\u0219ti.","breadcrumb":{"@id":"https:\/\/buletin.de\/bucuresti\/expozitie-dedicata-lui-theodor-aman-organizata-de-muzeul-municipiului-bucuresti-incepand-cu-6-februarie\/#breadcrumb"},"inLanguage":"en-GB","potentialAction":[{"@type":"ReadAction","target":["https:\/\/buletin.de\/bucuresti\/expozitie-dedicata-lui-theodor-aman-organizata-de-muzeul-municipiului-bucuresti-incepand-cu-6-februarie\/"]}]},{"@type":"ImageObject","inLanguage":"en-GB","@id":"https:\/\/buletin.de\/bucuresti\/expozitie-dedicata-lui-theodor-aman-organizata-de-muzeul-municipiului-bucuresti-incepand-cu-6-februarie\/#primaryimage","url":"https:\/\/buletin.de\/bucuresti\/wp-content\/uploads\/2026\/01\/573511083_1420176189953068_8118471427849243564_n.jpg","contentUrl":"https:\/\/buletin.de\/bucuresti\/wp-content\/uploads\/2026\/01\/573511083_1420176189953068_8118471427849243564_n.jpg","width":1360,"height":1020,"caption":"Expozi\u021bie dedicat\u0103 lui Theodor Aman la Muzeul Municipiului Bucure\u0219ti, \u00eencep\u00e2nd cu 6 februarie | FOTO: Muzeul Theodor Aman via Facebook"},{"@type":"BreadcrumbList","@id":"https:\/\/buletin.de\/bucuresti\/expozitie-dedicata-lui-theodor-aman-organizata-de-muzeul-municipiului-bucuresti-incepand-cu-6-februarie\/#breadcrumb","itemListElement":[{"@type":"ListItem","position":1,"name":"Acas\u0103","item":"https:\/\/buletin.de\/bucuresti\/"},{"@type":"ListItem","position":2,"name":"Expozi\u021bie dedicat\u0103 lui Theodor Aman, organizat\u0103 de Muzeul Municipiului Bucure\u0219ti \u00eencep\u00e2nd cu 6 februarie"}]},{"@type":"WebSite","@id":"https:\/\/buletin.de\/bucuresti\/#website","url":"https:\/\/buletin.de\/bucuresti\/","name":"Buletin de Bucure\u0219ti","description":"\u0218tiri \u0219i investiga\u021bii esen\u021biale din capital\u0103","publisher":{"@id":"https:\/\/buletin.de\/bucuresti\/#organization"},"potentialAction":[{"@type":"SearchAction","target":{"@type":"EntryPoint","urlTemplate":"https:\/\/buletin.de\/bucuresti\/?s={search_term_string}"},"query-input":{"@type":"PropertyValueSpecification","valueRequired":true,"valueName":"search_term_string"}}],"inLanguage":"en-GB"},{"@type":"Organization","@id":"https:\/\/buletin.de\/bucuresti\/#organization","name":"Buletin de Bucure\u0219ti","url":"https:\/\/buletin.de\/bucuresti\/","logo":{"@type":"ImageObject","inLanguage":"en-GB","@id":"https:\/\/buletin.de\/bucuresti\/#\/schema\/logo\/image\/","url":"https:\/\/buletin.de\/bucuresti\/wp-content\/uploads\/logo-bdb-full-wide-vernil-transparent.png","contentUrl":"https:\/\/buletin.de\/bucuresti\/wp-content\/uploads\/logo-bdb-full-wide-vernil-transparent.png","width":1782,"height":626,"caption":"Buletin de Bucure\u0219ti"},"image":{"@id":"https:\/\/buletin.de\/bucuresti\/#\/schema\/logo\/image\/"},"sameAs":["https:\/\/www.facebook.com\/buletin.de.buc","https:\/\/www.instagram.com\/buletinde.bucuresti\/"]},{"@type":"Person","@id":"https:\/\/buletin.de\/bucuresti\/#\/schema\/person\/104a46bbe8be6e336fecf63974383951","name":"Alexandru Stan","image":{"@type":"ImageObject","inLanguage":"en-GB","@id":"https:\/\/buletin.de\/bucuresti\/wp-content\/uploads\/2025\/12\/IMG-20251216-WA0045-e1766134343668-96x96.jpgd0ca12809ae3e1d27116a2afe8926544","url":"https:\/\/buletin.de\/bucuresti\/wp-content\/uploads\/2025\/12\/IMG-20251216-WA0045-e1766134343668-96x96.jpg","contentUrl":"https:\/\/buletin.de\/bucuresti\/wp-content\/uploads\/2025\/12\/IMG-20251216-WA0045-e1766134343668-96x96.jpg","caption":"Alexandru Stan"},"description":"Sunt elev la un colegiu de prestigiu din Capital\u0103 \u0219i reporter la Buletin de Bucure\u0219ti. M-am n\u0103scut \u0219i am crescut cu m\u00e2ndrie \u00een Capital\u0103, ora\u0219 al pove\u0219tilor, al tramvaiului tras de cai \u0219i al c\u0103su\u021belor cu porti\u021b\u0103 \u0219i ci\u0219mea. Prin articolele mele, m\u0103 str\u0103duiesc s\u0103 descriu cu acurate\u021be via\u021ba din Bucure\u0219ti pe ecranele cititorilor no\u0219tri \u0219i \u00eencerc totodat\u0103 s\u0103 fac accesibile subiecte de interes general tuturor, de la mic la mare.","url":"https:\/\/buletin.de\/bucuresti\/author\/alexandru-stan\/"}]}},"authors":[{"term_id":22577,"user_id":61,"is_guest":0,"slug":"alexandru-stan","display_name":"Alexandru Stan","avatar_url":"https:\/\/buletin.de\/bucuresti\/wp-content\/uploads\/2025\/12\/IMG-20251216-WA0045-e1766134343668-96x96.jpg","0":null,"1":"","2":"","3":"","4":"","5":"","6":"","7":"","8":""}],"_links":{"self":[{"href":"https:\/\/buletin.de\/bucuresti\/wp-json\/wp\/v2\/posts\/169984","targetHints":{"allow":["GET"]}}],"collection":[{"href":"https:\/\/buletin.de\/bucuresti\/wp-json\/wp\/v2\/posts"}],"about":[{"href":"https:\/\/buletin.de\/bucuresti\/wp-json\/wp\/v2\/types\/post"}],"author":[{"embeddable":true,"href":"https:\/\/buletin.de\/bucuresti\/wp-json\/wp\/v2\/users\/61"}],"replies":[{"embeddable":true,"href":"https:\/\/buletin.de\/bucuresti\/wp-json\/wp\/v2\/comments?post=169984"}],"version-history":[{"count":6,"href":"https:\/\/buletin.de\/bucuresti\/wp-json\/wp\/v2\/posts\/169984\/revisions"}],"predecessor-version":[{"id":170005,"href":"https:\/\/buletin.de\/bucuresti\/wp-json\/wp\/v2\/posts\/169984\/revisions\/170005"}],"wp:featuredmedia":[{"embeddable":true,"href":"https:\/\/buletin.de\/bucuresti\/wp-json\/wp\/v2\/media\/170002"}],"wp:attachment":[{"href":"https:\/\/buletin.de\/bucuresti\/wp-json\/wp\/v2\/media?parent=169984"}],"wp:term":[{"taxonomy":"category","embeddable":true,"href":"https:\/\/buletin.de\/bucuresti\/wp-json\/wp\/v2\/categories?post=169984"},{"taxonomy":"post_tag","embeddable":true,"href":"https:\/\/buletin.de\/bucuresti\/wp-json\/wp\/v2\/tags?post=169984"},{"taxonomy":"author","embeddable":true,"href":"https:\/\/buletin.de\/bucuresti\/wp-json\/wp\/v2\/ppma_author?post=169984"}],"curies":[{"name":"wp","href":"https:\/\/api.w.org\/{rel}","templated":true}]}}