{"id":169971,"date":"2026-01-29T10:08:00","date_gmt":"2026-01-29T07:08:00","guid":{"rendered":"https:\/\/buletin.de\/bucuresti\/?p=169971"},"modified":"2026-01-29T17:23:21","modified_gmt":"2026-01-29T14:23:21","slug":"sector-6-primaria-suprailumineaza-78-de-treceri-de-pietoni-in-50-de-locatii","status":"publish","type":"post","link":"https:\/\/buletin.de\/bucuresti\/sector-6-primaria-suprailumineaza-78-de-treceri-de-pietoni-in-50-de-locatii\/","title":{"rendered":"Sector 6 | Prim\u0103ria suprailumineaz\u0103 78 de treceri de pietoni \u00een 50 de loca\u021bii"},"content":{"rendered":"\n<p><strong>Prim\u0103ria suprailumineaz\u0103 78 de treceri de pietoni \u00een 50 de loca\u021bii \u00een Sectorul 6, potrivit unui anun\u021b al institu\u021biei pe <a href=\"https:\/\/www.facebook.com\/PrimariaSectorului6\/posts\/pfbid01TvByDaxMBLqCic75f6koaKQpYUABLQ9CGQp6huEMdK8fTKxNgkVYa5gxB1oaCg7l\">Facebook<\/a>. M\u0103sura a fost dispus\u0103 dup\u0103 ce<\/strong> <strong>alte 306 astfel de zone dedicate travers\u0103rii au beneficiat de sporirea gradului de iluminare.<\/strong><\/p>\n\n\n\n<p>Amenaj\u0103rile necesare pentru acest proiect se vor desf\u0103\u0219ura pe parcursul acestui an, \u00een mai multe zone din sector. Locurile vizate sunt, dup\u0103 cum urmeaz\u0103: <\/p>\n\n\n\n<ul class=\"wp-block-list\">\n<li>Drumul Valea Doftanei nr. 29 \u2013 1 trecere pentru pietoni<\/li>\n\n\n\n<li>Drumul Taberei nr. 94 \u2013 1 trecere pentru pietoni<\/li>\n\n\n\n<li>Drumul Taberei nr. 85 A \u2013 1 trecere pentru pietoni (x T\u00e2rgu Neam\u0163)<\/li>\n\n\n\n<li>Drumul Taberei nr. 55 \u2013 1 trecere pentru pietoni (x T\u0103rgu Neam\u0163)<\/li>\n\n\n\n<li>Drumul Taberei x Str. Topolov\u0103\u0163 \u2013 1 trecere pentru pietoni<\/li>\n\n\n\n<li>Drumul Taberei x Str. Pe\u015ftera Sc\u0103ri\u015foara \u2013 1 trecere pentru pietoni<\/li>\n\n\n\n<li>Drumul Taberei x Str. Segarcea \u2013 1 trecere pentru pietoni<\/li>\n\n\n\n<li>Drumul Taberei x Str. Chilia Veche \u2013 1 trecere pentru pietoni<\/li>\n\n\n\n<li>Bd. Iuliu Maniu nr. 138 \u2013 1 trecere pentru pietoni<\/li>\n\n\n\n<li>Str. Boi\u015foara nr. 43 \u2013 1 trecere pentru pietoni<\/li>\n\n\n\n<li>Calea Cr\u00e2nga\u015fi x Str. Vintil\u0103 Mih\u0103ilescu \u2013 1 trecere pentru pietoni<\/li>\n\n\n\n<li>Str. Vintil\u0103 Mih\u0103ilescu x Strada Zboina Neagr\u0103 \u2013 2 treceri pentru pietoni<\/li>\n\n\n\n<li>Str. George V\u00e2lsan x Strada Vintil\u0103 Mih\u0103ilescu \u2013 2 treceri pentru pietoni<\/li>\n\n\n\n<li>Str. Ceahl\u0103ul x Strada George V\u00e2lsan \u2013 1 trecere pentru pietoni<\/li>\n\n\n\n<li>Drumul Taberei x Aleea Haiducului \u2013 1 trecere pentru pietoni<\/li>\n\n\n\n<li>Str. Bra\u015fov x Aleea Valea Florilor \u2013 1 trecere pentru pietoni<\/li>\n\n\n\n<li>Str. George Mihai Zamfirescu x Strada Ceahl\u0103ul \u2013 3 treceri pentru pietoni<\/li>\n\n\n\n<li>Str. Or\u015fova x Strada Cerni\u015foara \u2013 2 treceri pentru pietoni<\/li>\n\n\n\n<li>\u015eoseaua Virtu\u0163ii x Splaiul Independentei \u2013 2 treceri pentru pietoni<\/li>\n\n\n\n<li>Str. Amilcar C. S\u0103ndulescu nr. 6 \u2013 1 trecere pentru pietoni<\/li>\n\n\n\n<li>Str. Amilcar C. S\u0103ndulescu x Strada D\u00e2mbovi\u0163ei \u2013 1 trecere pentru pietoni<\/li>\n\n\n\n<li>Str. Amilcar C. S\u0103ndulescu nr. 3 \u2013 1 trecere pentru pietoni<\/li>\n\n\n\n<li>\u015eoseaua Virtu\u0163ii x Strada D\u00e2mbovi\u0163ei \u2013 1 trecere pentru pietoni<\/li>\n\n\n\n<li>\u015eoseaua Virtu\u0163ii x Strada Or\u015fova \u2013 1 trecere pentru pietoni<\/li>\n\n\n\n<li>\u015eoseaua Virtu\u0163ii nr. 11 \u2013 1 trecere pentru pietoni<\/li>\n\n\n\n<li>\u015eoseaua Virtu\u0163ii nr. 14 \u2013 1 trecere pentru pietoni<\/li>\n\n\n\n<li>Bd Iuliu Maniu x Strada Cetatea de Balt\u0103 \u2013 1 trecere pentru pietoni<\/li>\n\n\n\n<li>Bd Iuliu Maniu x Aleea Valea Cri\u015fului \u2013 4 treceri pentru pietoni<\/li>\n\n\n\n<li>Bd Iuliu Maniu nr. 109 \u2013 1 trecere pentru pietoni<\/li>\n\n\n\n<li>Bd Iuliu Maniu nr. 185A \u2013 3 treceri pentru pietoni<\/li>\n\n\n\n<li>Str. Preciziei nr. 10 \u2013 1 trecere pentru pietoni<\/li>\n\n\n\n<li>Str. Preciziei nr. 34 \u2013 1 trecere pentru pietoni<\/li>\n\n\n\n<li>Str. Preciziei nr. 32 \u2013 1 trecere pentru pietoni<\/li>\n\n\n\n<li>Str. Preciziei nr. 38 \u2013 1 trecere pentru pietoni<\/li>\n\n\n\n<li>Bd. Iuliu Maniu x Str. Preciziei \u2013 1 trecere pentru pietoni<\/li>\n\n\n\n<li>Bd. Timi\u015foara x Str. Valea Calmatuiului \u2013 1 trecere pentru pietoni<\/li>\n\n\n\n<li>Bd. Timi\u015foara nr. 92 \u2013 2 treceri pentru pietoni<\/li>\n\n\n\n<li>Bd. Timi\u015foara nr. 90 \u2013 2 treceri pentru pietoni<\/li>\n\n\n\n<li>Aleea Lunca Siretului x Aleea Cr\u0103iesti \u2013 4 treceri pentru pietoni<\/li>\n\n\n\n<li>Aleea Danaide x Str. Valea Ialomi\u0163ei \u2013 2 treceri pentru pietoni<\/li>\n\n\n\n<li>Str. Valea Cascadelor x Str. Preciziei (sens giratoriu) \u2013 8 treceri pentru pietoni<\/li>\n\n\n\n<li>Aleea Callatis nr. 14 \u2013 1 trecere pentru pietoni<\/li>\n\n\n\n<li>Aleea Potaisa nr. 5 \u2013 1 trecere pentru pietoni<\/li>\n\n\n\n<li>Str. R\u00e2ul Doamnei nr. 3 \u2013 1 trecere pentru pietoni<\/li>\n\n\n\n<li>Drumul Valea Doftanei x Aleea Poarta S\u0103rutului \u2013 1 trecere pentru pietoni<\/li>\n\n\n\n<li>Calea Cr\u00e2nga\u015fi x Str. Alexandru Ivasiuc \u2013 1 trecere pentru pietoni<\/li>\n\n\n\n<li>Calea Cr\u00e2nga\u015fi x Str. Nuc\u015foara \u2013 3 treceri pentru pietoni<\/li>\n\n\n\n<li>Calea Cr\u00e2nga\u015fi x Str. Locotenent Gheorghe Saidac \u2013 1 trecere pentru pietoni<\/li>\n\n\n\n<li>Drumul Valea Doftanei x Aleea Cumin\u0163enia P\u0103m\u00e2ntului \u2013 2 treceri pentru pietoni<\/li>\n\n\n\n<li>Calea Giule\u015fti x Str. Caramidariei \u2013 2 treceri pentru pietoni<\/li>\n<\/ul>\n\n\n\n<p><strong>CITE\u0218TE \u0218I: <a href=\"https:\/\/buletin.de\/bucuresti\/penalizari-de-58-de-milioane-de-euro-cerute-de-metrorex-companiei-franceze-alstom-pentru-livrarea-cu-intarziere-a-garniturilor-pentru-magistrala-m5\/\">Nota de plat\u0103 pentru e\u0219ecul de pe magistrala M5 de metrou: Metrorex vrea penaliz\u0103ri de 58 de milioane de euro de la Alstom<\/a><\/strong><\/p>\n\n\n\n<h2 class=\"wp-block-heading\" id=\"h-proiect-similar-in-sectorul-1\">Proiect similar, \u00een Sectorul 1<\/h2>\n\n\n\n<p>Trecerile de pietoni suprailuminate din Sectorul 6 nu sunt singurele de acest fel. Prim\u0103ria Sectorului 1 a ini\u021biat o ac\u021biune similar\u0103 \u00een zonele Chitila \u0219i Bucure\u0219tii Noi, la finalul anului 2024.<\/p>\n\n\n\n<p>Autoritatea local\u0103 urmeaz\u0103 s\u0103 monteze flash-uri tip LED pe toate trecerile de pietoni slab iluminate din Sectorul 1.<\/p>\n\n\n\n<p>Procedura a constat \u00een ad\u0103ugarea corpurilor de iluminat speciale, \u00eenaintea trecerii, pe direc\u021bia de deplasare a ma\u0219inilor. \u00cen acest fel, se spore\u0219te vizibilitatea at\u00e2t pentru \u0219oferi, c\u00e2t \u0219i pentru pietoni pe timpul nop\u021bii.<\/p>\n\n\n\n<p><strong>CITE\u0218TE \u0218I: <a href=\"https:\/\/buletin.de\/bucuresti\/termoficare-o-luna-fara-caldura-in-plin-ger-avaria-s-a-rezolvat-agentul-termic-tot-nu-vine\/\">Termoficare | O lun\u0103 f\u0103r\u0103 c\u0103ldur\u0103, \u00een plin ger. Avaria s-a rezolvat, agentul termic tot nu vine<\/a><\/strong><\/p>\n","protected":false},"excerpt":{"rendered":"<p>Prim\u0103ria suprailumineaz\u0103 78 de treceri de pietoni \u00een 50 de loca\u021bii \u00een Sectorul 6, potrivit unui anun\u021b al institu\u021biei pe Facebook. M\u0103sura a fost dispus\u0103 dup\u0103 ce alte 306 astfel de zone dedicate travers\u0103rii au beneficiat de sporirea gradului de iluminare. Amenaj\u0103rile necesare pentru acest proiect se vor desf\u0103\u0219ura pe parcursul acestui an, \u00een mai [&hellip;]<\/p>\n","protected":false},"author":61,"featured_media":169982,"comment_status":"closed","ping_status":"open","sticky":false,"template":"","format":"standard","meta":{"_acf_changed":false,"inline_featured_image":false,"ngg_post_thumbnail":0,"footnotes":""},"categories":[6994,24,62],"tags":[26087,1107,3659,523,4673],"ppma_author":[22577],"class_list":["post-169971","post","type-post","status-publish","format-standard","has-post-thumbnail","hentry","category-stiri-2","category-primarie","category-stiri","tag-bd-iuliu-maniu-2","tag-primaria-sector-6","tag-ps6","tag-sector-6","tag-treceri-de-pietoni"],"acf":[],"yoast_head":"<!-- This site is optimized with the Yoast SEO Premium plugin v25.3 (Yoast SEO v27.5) - https:\/\/yoast.com\/product\/yoast-seo-premium-wordpress\/ -->\n<title>Sector 6 | Prim\u0103ria suprailumineaz\u0103 78 de treceri de pietoni \u00een 50 de loca\u021bii - Buletin de Bucure\u0219ti<\/title>\n<meta name=\"description\" content=\"Prim\u0103ria suprailumineaz\u0103 78 de treceri de pietoni \u00een 50 de loca\u021bii \u00een Sectorul 6, potrivit unui anun\u021b al institu\u021biei pe Facebook.\" \/>\n<meta name=\"robots\" content=\"index, follow, max-snippet:-1, max-image-preview:large, max-video-preview:-1\" \/>\n<link rel=\"canonical\" href=\"https:\/\/buletin.de\/bucuresti\/sector-6-primaria-suprailumineaza-78-de-treceri-de-pietoni-in-50-de-locatii\/\" \/>\n<meta property=\"og:locale\" content=\"en_GB\" \/>\n<meta property=\"og:type\" content=\"article\" \/>\n<meta property=\"og:title\" content=\"Sector 6 | Prim\u0103ria suprailumineaz\u0103 78 de treceri de pietoni \u00een 50 de loca\u021bii\" \/>\n<meta property=\"og:description\" content=\"Prim\u0103ria suprailumineaz\u0103 78 de treceri de pietoni \u00een 50 de loca\u021bii \u00een Sectorul 6, potrivit unui anun\u021b al institu\u021biei pe Facebook.\" \/>\n<meta property=\"og:url\" content=\"https:\/\/buletin.de\/bucuresti\/sector-6-primaria-suprailumineaza-78-de-treceri-de-pietoni-in-50-de-locatii\/\" \/>\n<meta property=\"og:site_name\" content=\"Buletin de Bucure\u0219ti\" \/>\n<meta property=\"article:publisher\" content=\"https:\/\/www.facebook.com\/buletin.de.buc\" \/>\n<meta property=\"article:published_time\" content=\"2026-01-29T07:08:00+00:00\" \/>\n<meta property=\"article:modified_time\" content=\"2026-01-29T14:23:21+00:00\" \/>\n<meta property=\"og:image\" content=\"https:\/\/buletin.de\/bucuresti\/wp-content\/uploads\/2026\/01\/622990578_1316974730460461_8050440489529699665_n.jpg\" \/>\n\t<meta property=\"og:image:width\" content=\"2048\" \/>\n\t<meta property=\"og:image:height\" content=\"1536\" \/>\n\t<meta property=\"og:image:type\" content=\"image\/jpeg\" \/>\n<meta name=\"author\" content=\"Alexandru Stan\" \/>\n<meta name=\"twitter:card\" content=\"summary_large_image\" \/>\n<meta name=\"twitter:label1\" content=\"Written by\" \/>\n\t<meta name=\"twitter:data1\" content=\"Alexandru Stan\" \/>\n\t<meta name=\"twitter:label2\" content=\"Estimated reading time\" \/>\n\t<meta name=\"twitter:data2\" content=\"4 minutes\" \/>\n<script type=\"application\/ld+json\" class=\"yoast-schema-graph\">{\"@context\":\"https:\\\/\\\/schema.org\",\"@graph\":[{\"@type\":\"Article\",\"@id\":\"https:\\\/\\\/buletin.de\\\/bucuresti\\\/sector-6-primaria-suprailumineaza-78-de-treceri-de-pietoni-in-50-de-locatii\\\/#article\",\"isPartOf\":{\"@id\":\"https:\\\/\\\/buletin.de\\\/bucuresti\\\/sector-6-primaria-suprailumineaza-78-de-treceri-de-pietoni-in-50-de-locatii\\\/\"},\"author\":{\"name\":\"Alexandru Stan\",\"@id\":\"https:\\\/\\\/buletin.de\\\/bucuresti\\\/#\\\/schema\\\/person\\\/104a46bbe8be6e336fecf63974383951\"},\"headline\":\"Sector 6 | Prim\u0103ria suprailumineaz\u0103 78 de treceri de pietoni \u00een 50 de loca\u021bii\",\"datePublished\":\"2026-01-29T07:08:00+00:00\",\"dateModified\":\"2026-01-29T14:23:21+00:00\",\"mainEntityOfPage\":{\"@id\":\"https:\\\/\\\/buletin.de\\\/bucuresti\\\/sector-6-primaria-suprailumineaza-78-de-treceri-de-pietoni-in-50-de-locatii\\\/\"},\"wordCount\":678,\"publisher\":{\"@id\":\"https:\\\/\\\/buletin.de\\\/bucuresti\\\/#organization\"},\"image\":{\"@id\":\"https:\\\/\\\/buletin.de\\\/bucuresti\\\/sector-6-primaria-suprailumineaza-78-de-treceri-de-pietoni-in-50-de-locatii\\\/#primaryimage\"},\"thumbnailUrl\":\"https:\\\/\\\/buletin.de\\\/bucuresti\\\/wp-content\\\/uploads\\\/2026\\\/01\\\/622990578_1316974730460461_8050440489529699665_n.jpg\",\"keywords\":[\"bd iuliu maniu\",\"primaria sector 6\",\"PS6\",\"Sector 6\",\"treceri de pietoni\"],\"articleSection\":[\"Articole\",\"Prim\u0103rie\",\"\u0218tiri\"],\"inLanguage\":\"en-GB\",\"copyrightYear\":\"2026\",\"copyrightHolder\":{\"@id\":\"https:\\\/\\\/buletin.de\\\/bucuresti\\\/#organization\"}},{\"@type\":\"WebPage\",\"@id\":\"https:\\\/\\\/buletin.de\\\/bucuresti\\\/sector-6-primaria-suprailumineaza-78-de-treceri-de-pietoni-in-50-de-locatii\\\/\",\"url\":\"https:\\\/\\\/buletin.de\\\/bucuresti\\\/sector-6-primaria-suprailumineaza-78-de-treceri-de-pietoni-in-50-de-locatii\\\/\",\"name\":\"Sector 6 | Prim\u0103ria suprailumineaz\u0103 78 de treceri de pietoni \u00een 50 de loca\u021bii - Buletin de Bucure\u0219ti\",\"isPartOf\":{\"@id\":\"https:\\\/\\\/buletin.de\\\/bucuresti\\\/#website\"},\"primaryImageOfPage\":{\"@id\":\"https:\\\/\\\/buletin.de\\\/bucuresti\\\/sector-6-primaria-suprailumineaza-78-de-treceri-de-pietoni-in-50-de-locatii\\\/#primaryimage\"},\"image\":{\"@id\":\"https:\\\/\\\/buletin.de\\\/bucuresti\\\/sector-6-primaria-suprailumineaza-78-de-treceri-de-pietoni-in-50-de-locatii\\\/#primaryimage\"},\"thumbnailUrl\":\"https:\\\/\\\/buletin.de\\\/bucuresti\\\/wp-content\\\/uploads\\\/2026\\\/01\\\/622990578_1316974730460461_8050440489529699665_n.jpg\",\"datePublished\":\"2026-01-29T07:08:00+00:00\",\"dateModified\":\"2026-01-29T14:23:21+00:00\",\"description\":\"Prim\u0103ria suprailumineaz\u0103 78 de treceri de pietoni \u00een 50 de loca\u021bii \u00een Sectorul 6, potrivit unui anun\u021b al institu\u021biei pe Facebook.\",\"breadcrumb\":{\"@id\":\"https:\\\/\\\/buletin.de\\\/bucuresti\\\/sector-6-primaria-suprailumineaza-78-de-treceri-de-pietoni-in-50-de-locatii\\\/#breadcrumb\"},\"inLanguage\":\"en-GB\",\"potentialAction\":[{\"@type\":\"ReadAction\",\"target\":[\"https:\\\/\\\/buletin.de\\\/bucuresti\\\/sector-6-primaria-suprailumineaza-78-de-treceri-de-pietoni-in-50-de-locatii\\\/\"]}]},{\"@type\":\"ImageObject\",\"inLanguage\":\"en-GB\",\"@id\":\"https:\\\/\\\/buletin.de\\\/bucuresti\\\/sector-6-primaria-suprailumineaza-78-de-treceri-de-pietoni-in-50-de-locatii\\\/#primaryimage\",\"url\":\"https:\\\/\\\/buletin.de\\\/bucuresti\\\/wp-content\\\/uploads\\\/2026\\\/01\\\/622990578_1316974730460461_8050440489529699665_n.jpg\",\"contentUrl\":\"https:\\\/\\\/buletin.de\\\/bucuresti\\\/wp-content\\\/uploads\\\/2026\\\/01\\\/622990578_1316974730460461_8050440489529699665_n.jpg\",\"width\":2048,\"height\":1536,\"caption\":\"Sector 6 | Prim\u0103ria suprailumineaz\u0103 78 de treceri de pietoni \u00een 50 de loca\u021bii | FOTO: PS6 via Facebook\"},{\"@type\":\"BreadcrumbList\",\"@id\":\"https:\\\/\\\/buletin.de\\\/bucuresti\\\/sector-6-primaria-suprailumineaza-78-de-treceri-de-pietoni-in-50-de-locatii\\\/#breadcrumb\",\"itemListElement\":[{\"@type\":\"ListItem\",\"position\":1,\"name\":\"Acas\u0103\",\"item\":\"https:\\\/\\\/buletin.de\\\/bucuresti\\\/\"},{\"@type\":\"ListItem\",\"position\":2,\"name\":\"Sector 6 | Prim\u0103ria suprailumineaz\u0103 78 de treceri de pietoni \u00een 50 de loca\u021bii\"}]},{\"@type\":\"WebSite\",\"@id\":\"https:\\\/\\\/buletin.de\\\/bucuresti\\\/#website\",\"url\":\"https:\\\/\\\/buletin.de\\\/bucuresti\\\/\",\"name\":\"Buletin de Bucure\u0219ti\",\"description\":\"\u0218tiri \u0219i investiga\u021bii esen\u021biale din capital\u0103\",\"publisher\":{\"@id\":\"https:\\\/\\\/buletin.de\\\/bucuresti\\\/#organization\"},\"potentialAction\":[{\"@type\":\"SearchAction\",\"target\":{\"@type\":\"EntryPoint\",\"urlTemplate\":\"https:\\\/\\\/buletin.de\\\/bucuresti\\\/?s={search_term_string}\"},\"query-input\":{\"@type\":\"PropertyValueSpecification\",\"valueRequired\":true,\"valueName\":\"search_term_string\"}}],\"inLanguage\":\"en-GB\"},{\"@type\":\"Organization\",\"@id\":\"https:\\\/\\\/buletin.de\\\/bucuresti\\\/#organization\",\"name\":\"Buletin de Bucure\u0219ti\",\"url\":\"https:\\\/\\\/buletin.de\\\/bucuresti\\\/\",\"logo\":{\"@type\":\"ImageObject\",\"inLanguage\":\"en-GB\",\"@id\":\"https:\\\/\\\/buletin.de\\\/bucuresti\\\/#\\\/schema\\\/logo\\\/image\\\/\",\"url\":\"https:\\\/\\\/buletin.de\\\/bucuresti\\\/wp-content\\\/uploads\\\/logo-bdb-full-wide-vernil-transparent.png\",\"contentUrl\":\"https:\\\/\\\/buletin.de\\\/bucuresti\\\/wp-content\\\/uploads\\\/logo-bdb-full-wide-vernil-transparent.png\",\"width\":1782,\"height\":626,\"caption\":\"Buletin de Bucure\u0219ti\"},\"image\":{\"@id\":\"https:\\\/\\\/buletin.de\\\/bucuresti\\\/#\\\/schema\\\/logo\\\/image\\\/\"},\"sameAs\":[\"https:\\\/\\\/www.facebook.com\\\/buletin.de.buc\",\"https:\\\/\\\/www.instagram.com\\\/buletinde.bucuresti\\\/\"]},{\"@type\":\"Person\",\"@id\":\"https:\\\/\\\/buletin.de\\\/bucuresti\\\/#\\\/schema\\\/person\\\/104a46bbe8be6e336fecf63974383951\",\"name\":\"Alexandru Stan\",\"image\":{\"@type\":\"ImageObject\",\"inLanguage\":\"en-GB\",\"@id\":\"https:\\\/\\\/buletin.de\\\/bucuresti\\\/wp-content\\\/uploads\\\/2025\\\/12\\\/IMG-20251216-WA0045-e1766134343668-96x96.jpgd0ca12809ae3e1d27116a2afe8926544\",\"url\":\"https:\\\/\\\/buletin.de\\\/bucuresti\\\/wp-content\\\/uploads\\\/2025\\\/12\\\/IMG-20251216-WA0045-e1766134343668-96x96.jpg\",\"contentUrl\":\"https:\\\/\\\/buletin.de\\\/bucuresti\\\/wp-content\\\/uploads\\\/2025\\\/12\\\/IMG-20251216-WA0045-e1766134343668-96x96.jpg\",\"caption\":\"Alexandru Stan\"},\"description\":\"Sunt elev la un colegiu de prestigiu din Capital\u0103 \u0219i reporter la Buletin de Bucure\u0219ti. M-am n\u0103scut \u0219i am crescut cu m\u00e2ndrie \u00een Capital\u0103, ora\u0219 al pove\u0219tilor, al tramvaiului tras de cai \u0219i al c\u0103su\u021belor cu porti\u021b\u0103 \u0219i ci\u0219mea. Prin articolele mele, m\u0103 str\u0103duiesc s\u0103 descriu cu acurate\u021be via\u021ba din Bucure\u0219ti pe ecranele cititorilor no\u0219tri \u0219i \u00eencerc totodat\u0103 s\u0103 fac accesibile subiecte de interes general tuturor, de la mic la mare.\",\"url\":\"https:\\\/\\\/buletin.de\\\/bucuresti\\\/author\\\/alexandru-stan\\\/\"}]}<\/script>\n<!-- \/ Yoast SEO Premium plugin. -->","yoast_head_json":{"title":"Sector 6 | Prim\u0103ria suprailumineaz\u0103 78 de treceri de pietoni \u00een 50 de loca\u021bii - Buletin de Bucure\u0219ti","description":"Prim\u0103ria suprailumineaz\u0103 78 de treceri de pietoni \u00een 50 de loca\u021bii \u00een Sectorul 6, potrivit unui anun\u021b al institu\u021biei pe Facebook.","robots":{"index":"index","follow":"follow","max-snippet":"max-snippet:-1","max-image-preview":"max-image-preview:large","max-video-preview":"max-video-preview:-1"},"canonical":"https:\/\/buletin.de\/bucuresti\/sector-6-primaria-suprailumineaza-78-de-treceri-de-pietoni-in-50-de-locatii\/","og_locale":"en_GB","og_type":"article","og_title":"Sector 6 | Prim\u0103ria suprailumineaz\u0103 78 de treceri de pietoni \u00een 50 de loca\u021bii","og_description":"Prim\u0103ria suprailumineaz\u0103 78 de treceri de pietoni \u00een 50 de loca\u021bii \u00een Sectorul 6, potrivit unui anun\u021b al institu\u021biei pe Facebook.","og_url":"https:\/\/buletin.de\/bucuresti\/sector-6-primaria-suprailumineaza-78-de-treceri-de-pietoni-in-50-de-locatii\/","og_site_name":"Buletin de Bucure\u0219ti","article_publisher":"https:\/\/www.facebook.com\/buletin.de.buc","article_published_time":"2026-01-29T07:08:00+00:00","article_modified_time":"2026-01-29T14:23:21+00:00","og_image":[{"width":2048,"height":1536,"url":"https:\/\/buletin.de\/bucuresti\/wp-content\/uploads\/2026\/01\/622990578_1316974730460461_8050440489529699665_n.jpg","type":"image\/jpeg"}],"author":"Alexandru Stan","twitter_card":"summary_large_image","twitter_misc":{"Written by":"Alexandru Stan","Estimated reading time":"4 minutes"},"schema":{"@context":"https:\/\/schema.org","@graph":[{"@type":"Article","@id":"https:\/\/buletin.de\/bucuresti\/sector-6-primaria-suprailumineaza-78-de-treceri-de-pietoni-in-50-de-locatii\/#article","isPartOf":{"@id":"https:\/\/buletin.de\/bucuresti\/sector-6-primaria-suprailumineaza-78-de-treceri-de-pietoni-in-50-de-locatii\/"},"author":{"name":"Alexandru Stan","@id":"https:\/\/buletin.de\/bucuresti\/#\/schema\/person\/104a46bbe8be6e336fecf63974383951"},"headline":"Sector 6 | Prim\u0103ria suprailumineaz\u0103 78 de treceri de pietoni \u00een 50 de loca\u021bii","datePublished":"2026-01-29T07:08:00+00:00","dateModified":"2026-01-29T14:23:21+00:00","mainEntityOfPage":{"@id":"https:\/\/buletin.de\/bucuresti\/sector-6-primaria-suprailumineaza-78-de-treceri-de-pietoni-in-50-de-locatii\/"},"wordCount":678,"publisher":{"@id":"https:\/\/buletin.de\/bucuresti\/#organization"},"image":{"@id":"https:\/\/buletin.de\/bucuresti\/sector-6-primaria-suprailumineaza-78-de-treceri-de-pietoni-in-50-de-locatii\/#primaryimage"},"thumbnailUrl":"https:\/\/buletin.de\/bucuresti\/wp-content\/uploads\/2026\/01\/622990578_1316974730460461_8050440489529699665_n.jpg","keywords":["bd iuliu maniu","primaria sector 6","PS6","Sector 6","treceri de pietoni"],"articleSection":["Articole","Prim\u0103rie","\u0218tiri"],"inLanguage":"en-GB","copyrightYear":"2026","copyrightHolder":{"@id":"https:\/\/buletin.de\/bucuresti\/#organization"}},{"@type":"WebPage","@id":"https:\/\/buletin.de\/bucuresti\/sector-6-primaria-suprailumineaza-78-de-treceri-de-pietoni-in-50-de-locatii\/","url":"https:\/\/buletin.de\/bucuresti\/sector-6-primaria-suprailumineaza-78-de-treceri-de-pietoni-in-50-de-locatii\/","name":"Sector 6 | Prim\u0103ria suprailumineaz\u0103 78 de treceri de pietoni \u00een 50 de loca\u021bii - Buletin de Bucure\u0219ti","isPartOf":{"@id":"https:\/\/buletin.de\/bucuresti\/#website"},"primaryImageOfPage":{"@id":"https:\/\/buletin.de\/bucuresti\/sector-6-primaria-suprailumineaza-78-de-treceri-de-pietoni-in-50-de-locatii\/#primaryimage"},"image":{"@id":"https:\/\/buletin.de\/bucuresti\/sector-6-primaria-suprailumineaza-78-de-treceri-de-pietoni-in-50-de-locatii\/#primaryimage"},"thumbnailUrl":"https:\/\/buletin.de\/bucuresti\/wp-content\/uploads\/2026\/01\/622990578_1316974730460461_8050440489529699665_n.jpg","datePublished":"2026-01-29T07:08:00+00:00","dateModified":"2026-01-29T14:23:21+00:00","description":"Prim\u0103ria suprailumineaz\u0103 78 de treceri de pietoni \u00een 50 de loca\u021bii \u00een Sectorul 6, potrivit unui anun\u021b al institu\u021biei pe Facebook.","breadcrumb":{"@id":"https:\/\/buletin.de\/bucuresti\/sector-6-primaria-suprailumineaza-78-de-treceri-de-pietoni-in-50-de-locatii\/#breadcrumb"},"inLanguage":"en-GB","potentialAction":[{"@type":"ReadAction","target":["https:\/\/buletin.de\/bucuresti\/sector-6-primaria-suprailumineaza-78-de-treceri-de-pietoni-in-50-de-locatii\/"]}]},{"@type":"ImageObject","inLanguage":"en-GB","@id":"https:\/\/buletin.de\/bucuresti\/sector-6-primaria-suprailumineaza-78-de-treceri-de-pietoni-in-50-de-locatii\/#primaryimage","url":"https:\/\/buletin.de\/bucuresti\/wp-content\/uploads\/2026\/01\/622990578_1316974730460461_8050440489529699665_n.jpg","contentUrl":"https:\/\/buletin.de\/bucuresti\/wp-content\/uploads\/2026\/01\/622990578_1316974730460461_8050440489529699665_n.jpg","width":2048,"height":1536,"caption":"Sector 6 | Prim\u0103ria suprailumineaz\u0103 78 de treceri de pietoni \u00een 50 de loca\u021bii | FOTO: PS6 via Facebook"},{"@type":"BreadcrumbList","@id":"https:\/\/buletin.de\/bucuresti\/sector-6-primaria-suprailumineaza-78-de-treceri-de-pietoni-in-50-de-locatii\/#breadcrumb","itemListElement":[{"@type":"ListItem","position":1,"name":"Acas\u0103","item":"https:\/\/buletin.de\/bucuresti\/"},{"@type":"ListItem","position":2,"name":"Sector 6 | Prim\u0103ria suprailumineaz\u0103 78 de treceri de pietoni \u00een 50 de loca\u021bii"}]},{"@type":"WebSite","@id":"https:\/\/buletin.de\/bucuresti\/#website","url":"https:\/\/buletin.de\/bucuresti\/","name":"Buletin de Bucure\u0219ti","description":"\u0218tiri \u0219i investiga\u021bii esen\u021biale din capital\u0103","publisher":{"@id":"https:\/\/buletin.de\/bucuresti\/#organization"},"potentialAction":[{"@type":"SearchAction","target":{"@type":"EntryPoint","urlTemplate":"https:\/\/buletin.de\/bucuresti\/?s={search_term_string}"},"query-input":{"@type":"PropertyValueSpecification","valueRequired":true,"valueName":"search_term_string"}}],"inLanguage":"en-GB"},{"@type":"Organization","@id":"https:\/\/buletin.de\/bucuresti\/#organization","name":"Buletin de Bucure\u0219ti","url":"https:\/\/buletin.de\/bucuresti\/","logo":{"@type":"ImageObject","inLanguage":"en-GB","@id":"https:\/\/buletin.de\/bucuresti\/#\/schema\/logo\/image\/","url":"https:\/\/buletin.de\/bucuresti\/wp-content\/uploads\/logo-bdb-full-wide-vernil-transparent.png","contentUrl":"https:\/\/buletin.de\/bucuresti\/wp-content\/uploads\/logo-bdb-full-wide-vernil-transparent.png","width":1782,"height":626,"caption":"Buletin de Bucure\u0219ti"},"image":{"@id":"https:\/\/buletin.de\/bucuresti\/#\/schema\/logo\/image\/"},"sameAs":["https:\/\/www.facebook.com\/buletin.de.buc","https:\/\/www.instagram.com\/buletinde.bucuresti\/"]},{"@type":"Person","@id":"https:\/\/buletin.de\/bucuresti\/#\/schema\/person\/104a46bbe8be6e336fecf63974383951","name":"Alexandru Stan","image":{"@type":"ImageObject","inLanguage":"en-GB","@id":"https:\/\/buletin.de\/bucuresti\/wp-content\/uploads\/2025\/12\/IMG-20251216-WA0045-e1766134343668-96x96.jpgd0ca12809ae3e1d27116a2afe8926544","url":"https:\/\/buletin.de\/bucuresti\/wp-content\/uploads\/2025\/12\/IMG-20251216-WA0045-e1766134343668-96x96.jpg","contentUrl":"https:\/\/buletin.de\/bucuresti\/wp-content\/uploads\/2025\/12\/IMG-20251216-WA0045-e1766134343668-96x96.jpg","caption":"Alexandru Stan"},"description":"Sunt elev la un colegiu de prestigiu din Capital\u0103 \u0219i reporter la Buletin de Bucure\u0219ti. M-am n\u0103scut \u0219i am crescut cu m\u00e2ndrie \u00een Capital\u0103, ora\u0219 al pove\u0219tilor, al tramvaiului tras de cai \u0219i al c\u0103su\u021belor cu porti\u021b\u0103 \u0219i ci\u0219mea. Prin articolele mele, m\u0103 str\u0103duiesc s\u0103 descriu cu acurate\u021be via\u021ba din Bucure\u0219ti pe ecranele cititorilor no\u0219tri \u0219i \u00eencerc totodat\u0103 s\u0103 fac accesibile subiecte de interes general tuturor, de la mic la mare.","url":"https:\/\/buletin.de\/bucuresti\/author\/alexandru-stan\/"}]}},"authors":[{"term_id":22577,"user_id":61,"is_guest":0,"slug":"alexandru-stan","display_name":"Alexandru Stan","avatar_url":"https:\/\/buletin.de\/bucuresti\/wp-content\/uploads\/2025\/12\/IMG-20251216-WA0045-e1766134343668-96x96.jpg","0":null,"1":"","2":"","3":"","4":"","5":"","6":"","7":"","8":""}],"_links":{"self":[{"href":"https:\/\/buletin.de\/bucuresti\/wp-json\/wp\/v2\/posts\/169971","targetHints":{"allow":["GET"]}}],"collection":[{"href":"https:\/\/buletin.de\/bucuresti\/wp-json\/wp\/v2\/posts"}],"about":[{"href":"https:\/\/buletin.de\/bucuresti\/wp-json\/wp\/v2\/types\/post"}],"author":[{"embeddable":true,"href":"https:\/\/buletin.de\/bucuresti\/wp-json\/wp\/v2\/users\/61"}],"replies":[{"embeddable":true,"href":"https:\/\/buletin.de\/bucuresti\/wp-json\/wp\/v2\/comments?post=169971"}],"version-history":[{"count":3,"href":"https:\/\/buletin.de\/bucuresti\/wp-json\/wp\/v2\/posts\/169971\/revisions"}],"predecessor-version":[{"id":169981,"href":"https:\/\/buletin.de\/bucuresti\/wp-json\/wp\/v2\/posts\/169971\/revisions\/169981"}],"wp:featuredmedia":[{"embeddable":true,"href":"https:\/\/buletin.de\/bucuresti\/wp-json\/wp\/v2\/media\/169982"}],"wp:attachment":[{"href":"https:\/\/buletin.de\/bucuresti\/wp-json\/wp\/v2\/media?parent=169971"}],"wp:term":[{"taxonomy":"category","embeddable":true,"href":"https:\/\/buletin.de\/bucuresti\/wp-json\/wp\/v2\/categories?post=169971"},{"taxonomy":"post_tag","embeddable":true,"href":"https:\/\/buletin.de\/bucuresti\/wp-json\/wp\/v2\/tags?post=169971"},{"taxonomy":"author","embeddable":true,"href":"https:\/\/buletin.de\/bucuresti\/wp-json\/wp\/v2\/ppma_author?post=169971"}],"curies":[{"name":"wp","href":"https:\/\/api.w.org\/{rel}","templated":true}]}}