{"id":169967,"date":"2026-01-28T18:03:04","date_gmt":"2026-01-28T15:03:04","guid":{"rendered":"https:\/\/buletin.de\/bucuresti\/?p=169967"},"modified":"2026-01-28T18:03:05","modified_gmt":"2026-01-28T15:03:05","slug":"programul-masa-sanatoasa-pentru-trei-scoli-din-sectorul-5-proiectul-se-voteaza-in-consiliul-local","status":"publish","type":"post","link":"https:\/\/buletin.de\/bucuresti\/programul-masa-sanatoasa-pentru-trei-scoli-din-sectorul-5-proiectul-se-voteaza-in-consiliul-local\/","title":{"rendered":"Programul \u201eMas\u0103 S\u0103n\u0103toas\u0103\u201d, pentru trei \u0219coli din Sectorul 5. Proiectul se voteaz\u0103 \u00een Consiliul Local"},"content":{"rendered":"\n<p><strong>Programul \u201eMas\u0103 S\u0103n\u0103toas\u0103\u201d s-ar putea derula \u00een trei \u0219coli din Sectorul 5. Dac\u0103 se aprob\u0103 \u00een Consiliul Local din 29 ianuarie, se va implementa \u00een \u0219colile nr. 124, 125 \u0219i 131.<\/strong><\/p>\n\n\n\n<p><a href=\"file:\/\/\/Users\/dianamatei\/Downloads\/Punctul-3.pdf\">Potrivit notei de fundamentare,<\/a> suportul alimentar va consta \u00eentr-o mas\u0103 cald\u0103 pentru \u0219colarii \u0219i elevii de nivel gimnazial. Pachetul alimentar se va acorda \u00een limita unei valori de 15,6 lei, pe zi, includ TVA. Prim\u0103ria Sectorului 5 va suplimenta, din bugetul propriu suma, cu 6 lei pe zi. \u00cen acest fel se va ajunge la 22,5 lei.<\/p>\n\n\n\n<p>Suplimentarea este justificat\u0103 de faptul c\u0103 furnizarea suportului alimentar de tip mas\u0103 cald\u0103 presupune prepararea a dou\u0103 feluri de m\u00e2ncare, achizi\u021bia unei game variate de materii prime, prepararea termic\u0103 a alimentelor \u0219i transportul hranei, la temperaturi adecvate.\u00a0<\/p>\n\n\n\n<p><strong>\u00a0CITE\u0218TE \u0218I:<\/strong> <a href=\"https:\/\/buletin.de\/bucuresti\/sector-5-locuitorii-care-nu-si-au-reinnoit-contractele-de-salubrizare-raman-fara-acest-serviciu-de-la-1-februarie\/\"><strong>Sector 5 | Locuitorii care nu \u0219i-au re\u00eennoit contractele de salubrizare r\u0103m\u00e2n f\u0103r\u0103 acest serviciu de la 1 februarie<\/strong><\/a><\/p>\n\n\n\n<h2 class=\"wp-block-heading\" id=\"h-programul-masa-sanatoasa-in-trei-\u0219coli\">Programul <strong>\u201eMas\u0103 S\u0103n\u0103toas\u0103\u201d<\/strong>, \u00een trei \u0219coli<\/h2>\n\n\n\n<p>La \u0218coala Gimnazial\u0103 125 vor beneficia de program:<\/p>\n\n\n\n<ul class=\"wp-block-list\">\n<li>80 de prescolari;<\/li>\n\n\n\n<li>92 de elevi de gimnaziu;<\/li>\n\n\n\n<li>135 de elevi de la structura arondata Petrache Poenaru.<\/li>\n<\/ul>\n\n\n\n<p>La \u0218coala Gimnazial\u0103 124 vor intra \u00een program:<\/p>\n\n\n\n<ul class=\"wp-block-list\">\n<li>388 de elevi din ciclul primar;<\/li>\n\n\n\n<li>317 elevi din ciclul gimnazial.<\/li>\n<\/ul>\n\n\n\n<p>La <a href=\"https:\/\/www.scoala131.ro\/\">\u0218coala Gimnazial\u0103 131<\/a> masa cald\u0103 va fi pentru:<\/p>\n\n\n\n<ul class=\"wp-block-list\">\n<li>450 de elevi din ciclul primar;<\/li>\n\n\n\n<li>377 de elevi din ciclul gimnazial.<\/li>\n<\/ul>\n\n\n\n<p>Tot \u00een proiect se mai stipuleaz\u0103 faptul ca dreptul de primi zilnic suportul alimentar \u00eel au elevii \u0219i pre\u0219colarii prezen\u021bi la cursuri, pe tot parcursul anului.<\/p>\n\n\n\n<p>Pentru elevii din ciclul primar, se va aduce mas\u0103 cald\u0103, iar pentru cei de la gimnaziu \u0219i pentru pre\u0219colari, se vor aduce sandvici.<\/p>\n\n\n\n<p>Livrarea meselor se va face zilnic, la ora 10:30.<\/p>\n\n\n\n<p><a href=\"https:\/\/buletin.de\/bucuresti\/o-noua-cerere-de-finantare-catre-sectorul-1-de-la-spitalul-de-arsi-proiectul-se-dezbate-in-cgmb\/\"><strong>O nou\u0103 cerere de finan\u021bare c\u0103tre Sectorul 1, de la Spitalul de Ar\u015fi. Proiectul se dezbate in CGMB<\/strong><\/a><\/p>\n","protected":false},"excerpt":{"rendered":"<p>Programul \u201eMas\u0103 S\u0103n\u0103toas\u0103\u201d s-ar putea derula \u00een trei \u0219coli din Sectorul 5. Dac\u0103 se aprob\u0103 \u00een Consiliul Local din 29 ianuarie, se va implementa \u00een \u0219colile nr. 124, 125 \u0219i 131. Potrivit notei de fundamentare, suportul alimentar va consta \u00eentr-o mas\u0103 cald\u0103 pentru \u0219colarii \u0219i elevii de nivel gimnazial. Pachetul alimentar se va acorda \u00een [&hellip;]<\/p>\n","protected":false},"author":49,"featured_media":170008,"comment_status":"closed","ping_status":"open","sticky":false,"template":"","format":"standard","meta":{"_acf_changed":false,"inline_featured_image":false,"ngg_post_thumbnail":0,"footnotes":""},"categories":[6994,62],"tags":[23078,9324,26093,26094,26092],"ppma_author":[22574],"class_list":["post-169967","post","type-post","status-publish","format-standard","has-post-thumbnail","hentry","category-stiri-2","category-stiri","tag-programul-masa-sanatoasa","tag-ps5","tag-scoala-124","tag-scoala-125","tag-scoala-131"],"acf":[],"yoast_head":"<!-- This site is optimized with the Yoast SEO Premium plugin v25.3 (Yoast SEO v27.4) - https:\/\/yoast.com\/product\/yoast-seo-premium-wordpress\/ -->\n<title>Programul \u201eMas\u0103 S\u0103n\u0103toas\u0103\u201d, pentru trei \u0219coli din Sectorul 5. Proiectul se voteaz\u0103 \u00een Consiliul Local - Buletin de Bucure\u0219ti<\/title>\n<meta name=\"description\" content=\"Programul \u201eMas\u0103 S\u0103n\u0103toas\u0103\u201d s-ar putea derula \u00een trei \u0219coli din Sectorul 5. Dac\u0103 se aprob, se va implementa \u00een \u0219colile nr. 124, 125 \u0219i 131.\" \/>\n<meta name=\"robots\" content=\"index, follow, max-snippet:-1, max-image-preview:large, max-video-preview:-1\" \/>\n<link rel=\"canonical\" href=\"https:\/\/buletin.de\/bucuresti\/programul-masa-sanatoasa-pentru-trei-scoli-din-sectorul-5-proiectul-se-voteaza-in-consiliul-local\/\" \/>\n<meta property=\"og:locale\" content=\"en_GB\" \/>\n<meta property=\"og:type\" content=\"article\" \/>\n<meta property=\"og:title\" content=\"Programul \u201eMas\u0103 S\u0103n\u0103toas\u0103\u201d, pentru trei \u0219coli din Sectorul 5. Proiectul se voteaz\u0103 \u00een Consiliul Local\" \/>\n<meta property=\"og:description\" content=\"Programul \u201eMas\u0103 S\u0103n\u0103toas\u0103\u201d s-ar putea derula \u00een trei \u0219coli din Sectorul 5. Dac\u0103 se aprob, se va implementa \u00een \u0219colile nr. 124, 125 \u0219i 131.\" \/>\n<meta property=\"og:url\" content=\"https:\/\/buletin.de\/bucuresti\/programul-masa-sanatoasa-pentru-trei-scoli-din-sectorul-5-proiectul-se-voteaza-in-consiliul-local\/\" \/>\n<meta property=\"og:site_name\" content=\"Buletin de Bucure\u0219ti\" \/>\n<meta property=\"article:publisher\" content=\"https:\/\/www.facebook.com\/buletin.de.buc\" \/>\n<meta property=\"article:published_time\" content=\"2026-01-28T15:03:04+00:00\" \/>\n<meta property=\"article:modified_time\" content=\"2026-01-28T15:03:05+00:00\" \/>\n<meta property=\"og:image\" content=\"https:\/\/buletin.de\/bucuresti\/wp-content\/uploads\/2026\/01\/488943356_993070696332130_6042922111447896329_n-2.webp\" \/>\n\t<meta property=\"og:image:width\" content=\"1280\" \/>\n\t<meta property=\"og:image:height\" content=\"720\" \/>\n\t<meta property=\"og:image:type\" content=\"image\/webp\" \/>\n<meta name=\"author\" content=\"Diana Matei\" \/>\n<meta name=\"twitter:card\" content=\"summary_large_image\" \/>\n<meta name=\"twitter:label1\" content=\"Written by\" \/>\n\t<meta name=\"twitter:data1\" content=\"Diana Matei\" \/>\n\t<meta name=\"twitter:label2\" content=\"Estimated reading time\" \/>\n\t<meta name=\"twitter:data2\" content=\"2 minutes\" \/>\n<script type=\"application\/ld+json\" class=\"yoast-schema-graph\">{\"@context\":\"https:\\\/\\\/schema.org\",\"@graph\":[{\"@type\":\"Article\",\"@id\":\"https:\\\/\\\/buletin.de\\\/bucuresti\\\/programul-masa-sanatoasa-pentru-trei-scoli-din-sectorul-5-proiectul-se-voteaza-in-consiliul-local\\\/#article\",\"isPartOf\":{\"@id\":\"https:\\\/\\\/buletin.de\\\/bucuresti\\\/programul-masa-sanatoasa-pentru-trei-scoli-din-sectorul-5-proiectul-se-voteaza-in-consiliul-local\\\/\"},\"author\":{\"name\":\"Diana Matei\",\"@id\":\"https:\\\/\\\/buletin.de\\\/bucuresti\\\/#\\\/schema\\\/person\\\/7e46040573290777280a0835d81ea4ea\"},\"headline\":\"Programul \u201eMas\u0103 S\u0103n\u0103toas\u0103\u201d, pentru trei \u0219coli din Sectorul 5. Proiectul se voteaz\u0103 \u00een Consiliul Local\",\"datePublished\":\"2026-01-28T15:03:04+00:00\",\"dateModified\":\"2026-01-28T15:03:05+00:00\",\"mainEntityOfPage\":{\"@id\":\"https:\\\/\\\/buletin.de\\\/bucuresti\\\/programul-masa-sanatoasa-pentru-trei-scoli-din-sectorul-5-proiectul-se-voteaza-in-consiliul-local\\\/\"},\"wordCount\":303,\"publisher\":{\"@id\":\"https:\\\/\\\/buletin.de\\\/bucuresti\\\/#organization\"},\"image\":{\"@id\":\"https:\\\/\\\/buletin.de\\\/bucuresti\\\/programul-masa-sanatoasa-pentru-trei-scoli-din-sectorul-5-proiectul-se-voteaza-in-consiliul-local\\\/#primaryimage\"},\"thumbnailUrl\":\"https:\\\/\\\/buletin.de\\\/bucuresti\\\/wp-content\\\/uploads\\\/2026\\\/01\\\/488943356_993070696332130_6042922111447896329_n-2.webp\",\"keywords\":[\"programul Masa Sanatoasa\",\"ps5\",\"scoala 124\",\"scoala 125\",\"scoala 131\"],\"articleSection\":[\"Articole\",\"\u0218tiri\"],\"inLanguage\":\"en-GB\",\"copyrightYear\":\"2026\",\"copyrightHolder\":{\"@id\":\"https:\\\/\\\/buletin.de\\\/bucuresti\\\/#organization\"}},{\"@type\":\"WebPage\",\"@id\":\"https:\\\/\\\/buletin.de\\\/bucuresti\\\/programul-masa-sanatoasa-pentru-trei-scoli-din-sectorul-5-proiectul-se-voteaza-in-consiliul-local\\\/\",\"url\":\"https:\\\/\\\/buletin.de\\\/bucuresti\\\/programul-masa-sanatoasa-pentru-trei-scoli-din-sectorul-5-proiectul-se-voteaza-in-consiliul-local\\\/\",\"name\":\"Programul \u201eMas\u0103 S\u0103n\u0103toas\u0103\u201d, pentru trei \u0219coli din Sectorul 5. Proiectul se voteaz\u0103 \u00een Consiliul Local - Buletin de Bucure\u0219ti\",\"isPartOf\":{\"@id\":\"https:\\\/\\\/buletin.de\\\/bucuresti\\\/#website\"},\"primaryImageOfPage\":{\"@id\":\"https:\\\/\\\/buletin.de\\\/bucuresti\\\/programul-masa-sanatoasa-pentru-trei-scoli-din-sectorul-5-proiectul-se-voteaza-in-consiliul-local\\\/#primaryimage\"},\"image\":{\"@id\":\"https:\\\/\\\/buletin.de\\\/bucuresti\\\/programul-masa-sanatoasa-pentru-trei-scoli-din-sectorul-5-proiectul-se-voteaza-in-consiliul-local\\\/#primaryimage\"},\"thumbnailUrl\":\"https:\\\/\\\/buletin.de\\\/bucuresti\\\/wp-content\\\/uploads\\\/2026\\\/01\\\/488943356_993070696332130_6042922111447896329_n-2.webp\",\"datePublished\":\"2026-01-28T15:03:04+00:00\",\"dateModified\":\"2026-01-28T15:03:05+00:00\",\"description\":\"Programul \u201eMas\u0103 S\u0103n\u0103toas\u0103\u201d s-ar putea derula \u00een trei \u0219coli din Sectorul 5. Dac\u0103 se aprob, se va implementa \u00een \u0219colile nr. 124, 125 \u0219i 131.\",\"breadcrumb\":{\"@id\":\"https:\\\/\\\/buletin.de\\\/bucuresti\\\/programul-masa-sanatoasa-pentru-trei-scoli-din-sectorul-5-proiectul-se-voteaza-in-consiliul-local\\\/#breadcrumb\"},\"inLanguage\":\"en-GB\",\"potentialAction\":[{\"@type\":\"ReadAction\",\"target\":[\"https:\\\/\\\/buletin.de\\\/bucuresti\\\/programul-masa-sanatoasa-pentru-trei-scoli-din-sectorul-5-proiectul-se-voteaza-in-consiliul-local\\\/\"]}]},{\"@type\":\"ImageObject\",\"inLanguage\":\"en-GB\",\"@id\":\"https:\\\/\\\/buletin.de\\\/bucuresti\\\/programul-masa-sanatoasa-pentru-trei-scoli-din-sectorul-5-proiectul-se-voteaza-in-consiliul-local\\\/#primaryimage\",\"url\":\"https:\\\/\\\/buletin.de\\\/bucuresti\\\/wp-content\\\/uploads\\\/2026\\\/01\\\/488943356_993070696332130_6042922111447896329_n-2.webp\",\"contentUrl\":\"https:\\\/\\\/buletin.de\\\/bucuresti\\\/wp-content\\\/uploads\\\/2026\\\/01\\\/488943356_993070696332130_6042922111447896329_n-2.webp\",\"width\":1280,\"height\":720,\"caption\":\"Programul \u201eMas\u0103 S\u0103n\u0103toas\u0103\u201d, pentru trei \u0219coli din Sectorul 5. Proiectul se voteaz\u0103 \u00een Consiliul Local. FOTO: PS5\"},{\"@type\":\"BreadcrumbList\",\"@id\":\"https:\\\/\\\/buletin.de\\\/bucuresti\\\/programul-masa-sanatoasa-pentru-trei-scoli-din-sectorul-5-proiectul-se-voteaza-in-consiliul-local\\\/#breadcrumb\",\"itemListElement\":[{\"@type\":\"ListItem\",\"position\":1,\"name\":\"Acas\u0103\",\"item\":\"https:\\\/\\\/buletin.de\\\/bucuresti\\\/\"},{\"@type\":\"ListItem\",\"position\":2,\"name\":\"Programul \u201eMas\u0103 S\u0103n\u0103toas\u0103\u201d, pentru trei \u0219coli din Sectorul 5. Proiectul se voteaz\u0103 \u00een Consiliul Local\"}]},{\"@type\":\"WebSite\",\"@id\":\"https:\\\/\\\/buletin.de\\\/bucuresti\\\/#website\",\"url\":\"https:\\\/\\\/buletin.de\\\/bucuresti\\\/\",\"name\":\"Buletin de Bucure\u0219ti\",\"description\":\"\u0218tiri \u0219i investiga\u021bii esen\u021biale din capital\u0103\",\"publisher\":{\"@id\":\"https:\\\/\\\/buletin.de\\\/bucuresti\\\/#organization\"},\"potentialAction\":[{\"@type\":\"SearchAction\",\"target\":{\"@type\":\"EntryPoint\",\"urlTemplate\":\"https:\\\/\\\/buletin.de\\\/bucuresti\\\/?s={search_term_string}\"},\"query-input\":{\"@type\":\"PropertyValueSpecification\",\"valueRequired\":true,\"valueName\":\"search_term_string\"}}],\"inLanguage\":\"en-GB\"},{\"@type\":\"Organization\",\"@id\":\"https:\\\/\\\/buletin.de\\\/bucuresti\\\/#organization\",\"name\":\"Buletin de Bucure\u0219ti\",\"url\":\"https:\\\/\\\/buletin.de\\\/bucuresti\\\/\",\"logo\":{\"@type\":\"ImageObject\",\"inLanguage\":\"en-GB\",\"@id\":\"https:\\\/\\\/buletin.de\\\/bucuresti\\\/#\\\/schema\\\/logo\\\/image\\\/\",\"url\":\"https:\\\/\\\/buletin.de\\\/bucuresti\\\/wp-content\\\/uploads\\\/logo-bdb-full-wide-vernil-transparent.png\",\"contentUrl\":\"https:\\\/\\\/buletin.de\\\/bucuresti\\\/wp-content\\\/uploads\\\/logo-bdb-full-wide-vernil-transparent.png\",\"width\":1782,\"height\":626,\"caption\":\"Buletin de Bucure\u0219ti\"},\"image\":{\"@id\":\"https:\\\/\\\/buletin.de\\\/bucuresti\\\/#\\\/schema\\\/logo\\\/image\\\/\"},\"sameAs\":[\"https:\\\/\\\/www.facebook.com\\\/buletin.de.buc\",\"https:\\\/\\\/www.instagram.com\\\/buletinde.bucuresti\\\/\"]},{\"@type\":\"Person\",\"@id\":\"https:\\\/\\\/buletin.de\\\/bucuresti\\\/#\\\/schema\\\/person\\\/7e46040573290777280a0835d81ea4ea\",\"name\":\"Diana Matei\",\"image\":{\"@type\":\"ImageObject\",\"inLanguage\":\"en-GB\",\"@id\":\"https:\\\/\\\/buletin.de\\\/bucuresti\\\/wp-content\\\/uploads\\\/9-2-96x96.jpg1e8590b30871d70e62ebcdaf2eff570c\",\"url\":\"https:\\\/\\\/buletin.de\\\/bucuresti\\\/wp-content\\\/uploads\\\/9-2-96x96.jpg\",\"contentUrl\":\"https:\\\/\\\/buletin.de\\\/bucuresti\\\/wp-content\\\/uploads\\\/9-2-96x96.jpg\",\"caption\":\"Diana Matei\"},\"url\":\"https:\\\/\\\/buletin.de\\\/bucuresti\\\/author\\\/dianamatei\\\/\"}]}<\/script>\n<!-- \/ Yoast SEO Premium plugin. -->","yoast_head_json":{"title":"Programul \u201eMas\u0103 S\u0103n\u0103toas\u0103\u201d, pentru trei \u0219coli din Sectorul 5. Proiectul se voteaz\u0103 \u00een Consiliul Local - Buletin de Bucure\u0219ti","description":"Programul \u201eMas\u0103 S\u0103n\u0103toas\u0103\u201d s-ar putea derula \u00een trei \u0219coli din Sectorul 5. Dac\u0103 se aprob, se va implementa \u00een \u0219colile nr. 124, 125 \u0219i 131.","robots":{"index":"index","follow":"follow","max-snippet":"max-snippet:-1","max-image-preview":"max-image-preview:large","max-video-preview":"max-video-preview:-1"},"canonical":"https:\/\/buletin.de\/bucuresti\/programul-masa-sanatoasa-pentru-trei-scoli-din-sectorul-5-proiectul-se-voteaza-in-consiliul-local\/","og_locale":"en_GB","og_type":"article","og_title":"Programul \u201eMas\u0103 S\u0103n\u0103toas\u0103\u201d, pentru trei \u0219coli din Sectorul 5. Proiectul se voteaz\u0103 \u00een Consiliul Local","og_description":"Programul \u201eMas\u0103 S\u0103n\u0103toas\u0103\u201d s-ar putea derula \u00een trei \u0219coli din Sectorul 5. Dac\u0103 se aprob, se va implementa \u00een \u0219colile nr. 124, 125 \u0219i 131.","og_url":"https:\/\/buletin.de\/bucuresti\/programul-masa-sanatoasa-pentru-trei-scoli-din-sectorul-5-proiectul-se-voteaza-in-consiliul-local\/","og_site_name":"Buletin de Bucure\u0219ti","article_publisher":"https:\/\/www.facebook.com\/buletin.de.buc","article_published_time":"2026-01-28T15:03:04+00:00","article_modified_time":"2026-01-28T15:03:05+00:00","og_image":[{"width":1280,"height":720,"url":"https:\/\/buletin.de\/bucuresti\/wp-content\/uploads\/2026\/01\/488943356_993070696332130_6042922111447896329_n-2.webp","type":"image\/webp"}],"author":"Diana Matei","twitter_card":"summary_large_image","twitter_misc":{"Written by":"Diana Matei","Estimated reading time":"2 minutes"},"schema":{"@context":"https:\/\/schema.org","@graph":[{"@type":"Article","@id":"https:\/\/buletin.de\/bucuresti\/programul-masa-sanatoasa-pentru-trei-scoli-din-sectorul-5-proiectul-se-voteaza-in-consiliul-local\/#article","isPartOf":{"@id":"https:\/\/buletin.de\/bucuresti\/programul-masa-sanatoasa-pentru-trei-scoli-din-sectorul-5-proiectul-se-voteaza-in-consiliul-local\/"},"author":{"name":"Diana Matei","@id":"https:\/\/buletin.de\/bucuresti\/#\/schema\/person\/7e46040573290777280a0835d81ea4ea"},"headline":"Programul \u201eMas\u0103 S\u0103n\u0103toas\u0103\u201d, pentru trei \u0219coli din Sectorul 5. Proiectul se voteaz\u0103 \u00een Consiliul Local","datePublished":"2026-01-28T15:03:04+00:00","dateModified":"2026-01-28T15:03:05+00:00","mainEntityOfPage":{"@id":"https:\/\/buletin.de\/bucuresti\/programul-masa-sanatoasa-pentru-trei-scoli-din-sectorul-5-proiectul-se-voteaza-in-consiliul-local\/"},"wordCount":303,"publisher":{"@id":"https:\/\/buletin.de\/bucuresti\/#organization"},"image":{"@id":"https:\/\/buletin.de\/bucuresti\/programul-masa-sanatoasa-pentru-trei-scoli-din-sectorul-5-proiectul-se-voteaza-in-consiliul-local\/#primaryimage"},"thumbnailUrl":"https:\/\/buletin.de\/bucuresti\/wp-content\/uploads\/2026\/01\/488943356_993070696332130_6042922111447896329_n-2.webp","keywords":["programul Masa Sanatoasa","ps5","scoala 124","scoala 125","scoala 131"],"articleSection":["Articole","\u0218tiri"],"inLanguage":"en-GB","copyrightYear":"2026","copyrightHolder":{"@id":"https:\/\/buletin.de\/bucuresti\/#organization"}},{"@type":"WebPage","@id":"https:\/\/buletin.de\/bucuresti\/programul-masa-sanatoasa-pentru-trei-scoli-din-sectorul-5-proiectul-se-voteaza-in-consiliul-local\/","url":"https:\/\/buletin.de\/bucuresti\/programul-masa-sanatoasa-pentru-trei-scoli-din-sectorul-5-proiectul-se-voteaza-in-consiliul-local\/","name":"Programul \u201eMas\u0103 S\u0103n\u0103toas\u0103\u201d, pentru trei \u0219coli din Sectorul 5. Proiectul se voteaz\u0103 \u00een Consiliul Local - Buletin de Bucure\u0219ti","isPartOf":{"@id":"https:\/\/buletin.de\/bucuresti\/#website"},"primaryImageOfPage":{"@id":"https:\/\/buletin.de\/bucuresti\/programul-masa-sanatoasa-pentru-trei-scoli-din-sectorul-5-proiectul-se-voteaza-in-consiliul-local\/#primaryimage"},"image":{"@id":"https:\/\/buletin.de\/bucuresti\/programul-masa-sanatoasa-pentru-trei-scoli-din-sectorul-5-proiectul-se-voteaza-in-consiliul-local\/#primaryimage"},"thumbnailUrl":"https:\/\/buletin.de\/bucuresti\/wp-content\/uploads\/2026\/01\/488943356_993070696332130_6042922111447896329_n-2.webp","datePublished":"2026-01-28T15:03:04+00:00","dateModified":"2026-01-28T15:03:05+00:00","description":"Programul \u201eMas\u0103 S\u0103n\u0103toas\u0103\u201d s-ar putea derula \u00een trei \u0219coli din Sectorul 5. Dac\u0103 se aprob, se va implementa \u00een \u0219colile nr. 124, 125 \u0219i 131.","breadcrumb":{"@id":"https:\/\/buletin.de\/bucuresti\/programul-masa-sanatoasa-pentru-trei-scoli-din-sectorul-5-proiectul-se-voteaza-in-consiliul-local\/#breadcrumb"},"inLanguage":"en-GB","potentialAction":[{"@type":"ReadAction","target":["https:\/\/buletin.de\/bucuresti\/programul-masa-sanatoasa-pentru-trei-scoli-din-sectorul-5-proiectul-se-voteaza-in-consiliul-local\/"]}]},{"@type":"ImageObject","inLanguage":"en-GB","@id":"https:\/\/buletin.de\/bucuresti\/programul-masa-sanatoasa-pentru-trei-scoli-din-sectorul-5-proiectul-se-voteaza-in-consiliul-local\/#primaryimage","url":"https:\/\/buletin.de\/bucuresti\/wp-content\/uploads\/2026\/01\/488943356_993070696332130_6042922111447896329_n-2.webp","contentUrl":"https:\/\/buletin.de\/bucuresti\/wp-content\/uploads\/2026\/01\/488943356_993070696332130_6042922111447896329_n-2.webp","width":1280,"height":720,"caption":"Programul \u201eMas\u0103 S\u0103n\u0103toas\u0103\u201d, pentru trei \u0219coli din Sectorul 5. Proiectul se voteaz\u0103 \u00een Consiliul Local. FOTO: PS5"},{"@type":"BreadcrumbList","@id":"https:\/\/buletin.de\/bucuresti\/programul-masa-sanatoasa-pentru-trei-scoli-din-sectorul-5-proiectul-se-voteaza-in-consiliul-local\/#breadcrumb","itemListElement":[{"@type":"ListItem","position":1,"name":"Acas\u0103","item":"https:\/\/buletin.de\/bucuresti\/"},{"@type":"ListItem","position":2,"name":"Programul \u201eMas\u0103 S\u0103n\u0103toas\u0103\u201d, pentru trei \u0219coli din Sectorul 5. Proiectul se voteaz\u0103 \u00een Consiliul Local"}]},{"@type":"WebSite","@id":"https:\/\/buletin.de\/bucuresti\/#website","url":"https:\/\/buletin.de\/bucuresti\/","name":"Buletin de Bucure\u0219ti","description":"\u0218tiri \u0219i investiga\u021bii esen\u021biale din capital\u0103","publisher":{"@id":"https:\/\/buletin.de\/bucuresti\/#organization"},"potentialAction":[{"@type":"SearchAction","target":{"@type":"EntryPoint","urlTemplate":"https:\/\/buletin.de\/bucuresti\/?s={search_term_string}"},"query-input":{"@type":"PropertyValueSpecification","valueRequired":true,"valueName":"search_term_string"}}],"inLanguage":"en-GB"},{"@type":"Organization","@id":"https:\/\/buletin.de\/bucuresti\/#organization","name":"Buletin de Bucure\u0219ti","url":"https:\/\/buletin.de\/bucuresti\/","logo":{"@type":"ImageObject","inLanguage":"en-GB","@id":"https:\/\/buletin.de\/bucuresti\/#\/schema\/logo\/image\/","url":"https:\/\/buletin.de\/bucuresti\/wp-content\/uploads\/logo-bdb-full-wide-vernil-transparent.png","contentUrl":"https:\/\/buletin.de\/bucuresti\/wp-content\/uploads\/logo-bdb-full-wide-vernil-transparent.png","width":1782,"height":626,"caption":"Buletin de Bucure\u0219ti"},"image":{"@id":"https:\/\/buletin.de\/bucuresti\/#\/schema\/logo\/image\/"},"sameAs":["https:\/\/www.facebook.com\/buletin.de.buc","https:\/\/www.instagram.com\/buletinde.bucuresti\/"]},{"@type":"Person","@id":"https:\/\/buletin.de\/bucuresti\/#\/schema\/person\/7e46040573290777280a0835d81ea4ea","name":"Diana Matei","image":{"@type":"ImageObject","inLanguage":"en-GB","@id":"https:\/\/buletin.de\/bucuresti\/wp-content\/uploads\/9-2-96x96.jpg1e8590b30871d70e62ebcdaf2eff570c","url":"https:\/\/buletin.de\/bucuresti\/wp-content\/uploads\/9-2-96x96.jpg","contentUrl":"https:\/\/buletin.de\/bucuresti\/wp-content\/uploads\/9-2-96x96.jpg","caption":"Diana Matei"},"url":"https:\/\/buletin.de\/bucuresti\/author\/dianamatei\/"}]}},"authors":[{"term_id":22574,"user_id":49,"is_guest":0,"slug":"dianamatei","display_name":"Diana Matei","avatar_url":"https:\/\/buletin.de\/bucuresti\/wp-content\/uploads\/9-2-96x96.jpg","0":null,"1":"","2":"","3":"","4":"","5":"","6":"","7":"","8":""}],"_links":{"self":[{"href":"https:\/\/buletin.de\/bucuresti\/wp-json\/wp\/v2\/posts\/169967","targetHints":{"allow":["GET"]}}],"collection":[{"href":"https:\/\/buletin.de\/bucuresti\/wp-json\/wp\/v2\/posts"}],"about":[{"href":"https:\/\/buletin.de\/bucuresti\/wp-json\/wp\/v2\/types\/post"}],"author":[{"embeddable":true,"href":"https:\/\/buletin.de\/bucuresti\/wp-json\/wp\/v2\/users\/49"}],"replies":[{"embeddable":true,"href":"https:\/\/buletin.de\/bucuresti\/wp-json\/wp\/v2\/comments?post=169967"}],"version-history":[{"count":3,"href":"https:\/\/buletin.de\/bucuresti\/wp-json\/wp\/v2\/posts\/169967\/revisions"}],"predecessor-version":[{"id":170009,"href":"https:\/\/buletin.de\/bucuresti\/wp-json\/wp\/v2\/posts\/169967\/revisions\/170009"}],"wp:featuredmedia":[{"embeddable":true,"href":"https:\/\/buletin.de\/bucuresti\/wp-json\/wp\/v2\/media\/170008"}],"wp:attachment":[{"href":"https:\/\/buletin.de\/bucuresti\/wp-json\/wp\/v2\/media?parent=169967"}],"wp:term":[{"taxonomy":"category","embeddable":true,"href":"https:\/\/buletin.de\/bucuresti\/wp-json\/wp\/v2\/categories?post=169967"},{"taxonomy":"post_tag","embeddable":true,"href":"https:\/\/buletin.de\/bucuresti\/wp-json\/wp\/v2\/tags?post=169967"},{"taxonomy":"author","embeddable":true,"href":"https:\/\/buletin.de\/bucuresti\/wp-json\/wp\/v2\/ppma_author?post=169967"}],"curies":[{"name":"wp","href":"https:\/\/api.w.org\/{rel}","templated":true}]}}