{"id":169951,"date":"2026-01-28T19:12:53","date_gmt":"2026-01-28T16:12:53","guid":{"rendered":"https:\/\/buletin.de\/bucuresti\/?p=169951"},"modified":"2026-01-28T19:12:54","modified_gmt":"2026-01-28T16:12:54","slug":"sector-1-registratura-dgitl-piata-amzei-se-inchide-din-2-februarie","status":"publish","type":"post","link":"https:\/\/buletin.de\/bucuresti\/sector-1-registratura-dgitl-piata-amzei-se-inchide-din-2-februarie\/","title":{"rendered":"Sector 1 | Registratura DGITL Pia\u021ba Amzei se \u00eenchide din 2 februarie"},"content":{"rendered":"\n<p><strong>Registratura DGITL (Direc\u021bia General\u0103 de Impozite \u0219i Taxe Locale Sector 1), din Pia\u021ba Amzei nr. 13, se \u00eenchide din <strong>2 februarie 2026. <\/strong><\/strong><\/p>\n\n\n\n<p>A<strong><strong>ctivitatea de registratur\u0103 \u0219i rela\u021bii cu publicul <\/strong>se va desf\u0103\u0219ura doar la sediul din Strada Mure\u0219 nr. 18-24, parter, anun\u021b\u0103 <a href=\"https:\/\/primariasector1.ro\/registratura-dgitl-sector-1-din-piata-amzei-se-inchide-incepand-cu-2-februarie-2026\/?fbclid=IwY2xjawPm1rJleHRuA2FlbQIxMABicmlkETBkOXZUSXhUOFRSTVQ4a29pc3J0YwZhcHBfaWQQMjIyMDM5MTc4ODIwMDg5MgABHnkULADivvEryw8tyuORkEo5Ixw9fh8o36lRPB-8SfQ89_tLJIW6ljxw6MV0_aem_PeHbvaPx7Nuxo3Hz_GV7hg\" target=\"_blank\" rel=\"noreferrer noopener\">Prim\u0103ria Sectorului 1<\/a>. <\/strong><\/p>\n\n\n\n<h2 class=\"wp-block-heading\" id=\"h-registratura-dgitl-pia\u021ba-amzei-nu-va-mai-func\u021biona-din-2-februarie\">Registratura DGITL Pia\u021ba Amzei nu va mai func\u021biona din 2 februarie<\/h2>\n\n\n\n<p><strong>La sediul din Pia\u021ba Amzei nr. 13 va r\u0103m\u00e2ne func\u021bional\u0103 o sta\u021bie de plat\u0103 SelfPay, unde cet\u0103\u021benii pot achita taxele \u0219i impozitele at\u00e2t cu cardul, c\u00e2t \u0219i numerar. Terminalele nu elibereaz\u0103 rest. <\/strong><\/p>\n\n\n\n<p>Programul de lucru cu publicul la sediul din Strada Mure\u0219 nr. 18-24 se desf\u0103\u0219oar\u0103 astfel: <\/p>\n\n\n\n<ul class=\"wp-block-list\">\n<li>Luni, mar\u021bi, miercuri \u0219i vineri:<strong> 08:30 &#8211; 16:30<\/strong>;<\/li>\n\n\n\n<li>Joi: <strong>08:30 &#8211; 18:30<\/strong>.<\/li>\n<\/ul>\n\n\n\n<p><strong>Impozitele \u0219i taxele locale pot fi achitate \u0219i prin urm\u0103toarele modalit\u0103\u021bi: <\/strong><\/p>\n\n\n\n<ul class=\"wp-block-list\">\n<li>plata online prin platforma na\u021bional\u0103 ghiseul.ro;<\/li>\n\n\n\n<li>plata online prin platforma DGITL Sector 1: online.impozitelocale1.ro;<\/li>\n\n\n\n<li>plata prin aplica\u021bia mobil\u0103 \u201eDGITL Sector 1\u201d, disponibil\u0103 gratuit \u00een Google Play \u0219i App Store;<\/li>\n\n\n\n<li>plata prin ordin de plat\u0103 bancar \u2013 lista conturilor IBAN pentru persoane fizice \u0219i juridice este disponibil\u0103 pe site-ul&nbsp;<a href=\"http:\/\/www.impozitelocale1.ro\/\" target=\"_blank\" rel=\"noreferrer noopener\">www.impozitelocale1.ro<\/a>;<\/li>\n\n\n\n<li>plata cu numerar la orice sta\u021bie de plat\u0103 SelfPay din regiunea Bucure\u0219ti\u2013Ilfov (terminalele nu elibereaz\u0103 rest);<\/li>\n\n\n\n<li>plata la oficiile po\u0219tale ale Companiei Na\u021bionale \u201ePo\u0219ta Rom\u00e2n\u0103\u201d din regiunea Bucure\u0219ti\u2013Ilfov.<\/li>\n<\/ul>\n\n\n\n<p>Mai multe informa\u021bii sunt disponibile pe site-ul oficial al institu\u021biei:&nbsp;<a href=\"http:\/\/www.impozitelocale1.ro\/\" target=\"_blank\" rel=\"noreferrer noopener\"><strong>www.impozitelocale1.ro<\/strong><\/a>.<\/p>\n\n\n\n<h2 class=\"wp-block-heading\" id=\"h-tavanul-noului-sediu-al-directiei-de-impozite-\u0219i-taxe-locale-sector-1-afectat-de-infiltra\u021bii\">Tavanul noului sediu al Direc\u0163iei de Impozite \u0219i Taxe Locale Sector 1, afectat de infiltra\u021bii <\/h2>\n\n\n\n<p>S\u0103pt\u0103m\u00e2na trecut\u0103, tavanul noului sediu al Direc\u021biei de Impozite \u0219i Taxe Locale Sector 1, din Pia\u021ba Mure\u0219, unde func\u021bioneaz\u0103 de la finalul lunii octombrie 2025, <a href=\"https:\/\/buletin.de\/bucuresti\/video-tavanul-noului-sediu-al-directiei-de-impozite-si-taxe-locale-sector-1-a-fost-distrus-de-infiltratii\/\" target=\"_blank\" rel=\"noreferrer noopener\">a fost afectat de infiltra\u021bii<\/a>. Un videoclip a fost postat de fostul primar al Sectorului 1, Clotilde Armand.<\/p>\n\n\n\n<p><strong>Ulterior, Prim\u0103ria Sectorului 1 a anun\u021bat c\u0103 situa\u021bia a fost cauzat\u0103 de o avarie la instala\u021bia de stingere a incendiilor \u0219i c\u0103 nu a fost vorba de infiltra\u021bii \u00een acoperi\u0219ul cl\u0103dirii. <\/strong><\/p>\n\n\n\n<p>Totodat\u0103, institu\u021bia a mai precizat c\u0103 problema a fost remediat\u0103 \u0219i c\u0103 nu a fost afectat\u0103 activitatea DGITL Sector 1. <\/p>\n\n\n\n<p><strong>CITE\u0218TE \u0218I <a href=\"https:\/\/buletin.de\/bucuresti\/primaria-sectorului-1-clarifica-situatia-de-la-sediul-directiei-de-taxe\/\" target=\"_blank\" rel=\"noreferrer noopener\">Prim\u0103ria Sectorului 1 clarific\u0103 situa\u021bia de la sediul Direc\u021biei de Taxe: A fost avariat\u0103 o conduct\u0103 a instala\u021biei de stingere a incendiilor<\/a><\/strong><\/p>\n","protected":false},"excerpt":{"rendered":"<p>Registratura DGITL (Direc\u021bia General\u0103 de Impozite \u0219i Taxe Locale Sector 1), din Pia\u021ba Amzei nr. 13, se \u00eenchide din 2 februarie 2026. Activitatea de registratur\u0103 \u0219i rela\u021bii cu publicul se va desf\u0103\u0219ura doar la sediul din Strada Mure\u0219 nr. 18-24, parter, anun\u021b\u0103 Prim\u0103ria Sectorului 1. Registratura DGITL Pia\u021ba Amzei nu va mai func\u021biona din 2 [&hellip;]<\/p>\n","protected":false},"author":65,"featured_media":169973,"comment_status":"closed","ping_status":"open","sticky":false,"template":"","format":"standard","meta":{"_acf_changed":false,"inline_featured_image":false,"ngg_post_thumbnail":0,"footnotes":""},"categories":[6994,24,62],"tags":[17528,7080,2274],"ppma_author":[23912],"class_list":["post-169951","post","type-post","status-publish","format-standard","has-post-thumbnail","hentry","category-stiri-2","category-primarie","category-stiri","tag-dgitl-sector-1","tag-piata-amzei-2","tag-taxe-si-impozite"],"acf":[],"yoast_head":"<!-- This site is optimized with the Yoast SEO Premium plugin v25.3 (Yoast SEO v27.5) - https:\/\/yoast.com\/product\/yoast-seo-premium-wordpress\/ -->\n<title>Sector 1 | Registratura DGITL Pia\u021ba Amzei se \u00eenchide din 2 februarie - Buletin de Bucure\u0219ti<\/title>\n<meta name=\"description\" content=\"Registratura DGITL (Direc\u021bia General\u0103 de Impozite \u0219i Taxe Locale Sector 1), din Pia\u021ba Amzei nr. 13, se \u00eenchide din 2 februarie 2026\" \/>\n<meta name=\"robots\" content=\"index, follow, max-snippet:-1, max-image-preview:large, max-video-preview:-1\" \/>\n<link rel=\"canonical\" href=\"https:\/\/buletin.de\/bucuresti\/sector-1-registratura-dgitl-piata-amzei-se-inchide-din-2-februarie\/\" \/>\n<meta property=\"og:locale\" content=\"en_GB\" \/>\n<meta property=\"og:type\" content=\"article\" \/>\n<meta property=\"og:title\" content=\"Sector 1 | Registratura DGITL Pia\u021ba Amzei se \u00eenchide din 2 februarie\" \/>\n<meta property=\"og:description\" content=\"Registratura DGITL (Direc\u021bia General\u0103 de Impozite \u0219i Taxe Locale Sector 1), din Pia\u021ba Amzei nr. 13, se \u00eenchide din 2 februarie 2026\" \/>\n<meta property=\"og:url\" content=\"https:\/\/buletin.de\/bucuresti\/sector-1-registratura-dgitl-piata-amzei-se-inchide-din-2-februarie\/\" \/>\n<meta property=\"og:site_name\" content=\"Buletin de Bucure\u0219ti\" \/>\n<meta property=\"article:publisher\" content=\"https:\/\/www.facebook.com\/buletin.de.buc\" \/>\n<meta property=\"article:published_time\" content=\"2026-01-28T16:12:53+00:00\" \/>\n<meta property=\"article:modified_time\" content=\"2026-01-28T16:12:54+00:00\" \/>\n<meta property=\"og:image\" content=\"https:\/\/buletin.de\/bucuresti\/wp-content\/uploads\/2026\/01\/foto_Biroul-Cetateanului-1400x875-1.jpeg\" \/>\n\t<meta property=\"og:image:width\" content=\"1400\" \/>\n\t<meta property=\"og:image:height\" content=\"875\" \/>\n\t<meta property=\"og:image:type\" content=\"image\/jpeg\" \/>\n<meta name=\"author\" content=\"Andreea St\u0103n\u0103r\u00eeng\u0103\" \/>\n<meta name=\"twitter:card\" content=\"summary_large_image\" \/>\n<meta name=\"twitter:label1\" content=\"Written by\" \/>\n\t<meta name=\"twitter:data1\" content=\"Andreea St\u0103n\u0103r\u00eeng\u0103\" \/>\n\t<meta name=\"twitter:label2\" content=\"Estimated reading time\" \/>\n\t<meta name=\"twitter:data2\" content=\"2 minutes\" \/>\n<script type=\"application\/ld+json\" class=\"yoast-schema-graph\">{\"@context\":\"https:\\\/\\\/schema.org\",\"@graph\":[{\"@type\":\"Article\",\"@id\":\"https:\\\/\\\/buletin.de\\\/bucuresti\\\/sector-1-registratura-dgitl-piata-amzei-se-inchide-din-2-februarie\\\/#article\",\"isPartOf\":{\"@id\":\"https:\\\/\\\/buletin.de\\\/bucuresti\\\/sector-1-registratura-dgitl-piata-amzei-se-inchide-din-2-februarie\\\/\"},\"author\":{\"name\":\"Andreea St\u0103n\u0103r\u00eeng\u0103\",\"@id\":\"https:\\\/\\\/buletin.de\\\/bucuresti\\\/#\\\/schema\\\/person\\\/81421a46fb84a0887cfd2238f5202586\"},\"headline\":\"Sector 1 | Registratura DGITL Pia\u021ba Amzei se \u00eenchide din 2 februarie\",\"datePublished\":\"2026-01-28T16:12:53+00:00\",\"dateModified\":\"2026-01-28T16:12:54+00:00\",\"mainEntityOfPage\":{\"@id\":\"https:\\\/\\\/buletin.de\\\/bucuresti\\\/sector-1-registratura-dgitl-piata-amzei-se-inchide-din-2-februarie\\\/\"},\"wordCount\":400,\"publisher\":{\"@id\":\"https:\\\/\\\/buletin.de\\\/bucuresti\\\/#organization\"},\"image\":{\"@id\":\"https:\\\/\\\/buletin.de\\\/bucuresti\\\/sector-1-registratura-dgitl-piata-amzei-se-inchide-din-2-februarie\\\/#primaryimage\"},\"thumbnailUrl\":\"https:\\\/\\\/buletin.de\\\/bucuresti\\\/wp-content\\\/uploads\\\/2026\\\/01\\\/foto_Biroul-Cetateanului-1400x875-1.jpeg\",\"keywords\":[\"DGITL sector 1\",\"piata amzei\",\"taxe si impozite\"],\"articleSection\":[\"Articole\",\"Prim\u0103rie\",\"\u0218tiri\"],\"inLanguage\":\"en-GB\",\"copyrightYear\":\"2026\",\"copyrightHolder\":{\"@id\":\"https:\\\/\\\/buletin.de\\\/bucuresti\\\/#organization\"}},{\"@type\":\"WebPage\",\"@id\":\"https:\\\/\\\/buletin.de\\\/bucuresti\\\/sector-1-registratura-dgitl-piata-amzei-se-inchide-din-2-februarie\\\/\",\"url\":\"https:\\\/\\\/buletin.de\\\/bucuresti\\\/sector-1-registratura-dgitl-piata-amzei-se-inchide-din-2-februarie\\\/\",\"name\":\"Sector 1 | Registratura DGITL Pia\u021ba Amzei se \u00eenchide din 2 februarie - Buletin de Bucure\u0219ti\",\"isPartOf\":{\"@id\":\"https:\\\/\\\/buletin.de\\\/bucuresti\\\/#website\"},\"primaryImageOfPage\":{\"@id\":\"https:\\\/\\\/buletin.de\\\/bucuresti\\\/sector-1-registratura-dgitl-piata-amzei-se-inchide-din-2-februarie\\\/#primaryimage\"},\"image\":{\"@id\":\"https:\\\/\\\/buletin.de\\\/bucuresti\\\/sector-1-registratura-dgitl-piata-amzei-se-inchide-din-2-februarie\\\/#primaryimage\"},\"thumbnailUrl\":\"https:\\\/\\\/buletin.de\\\/bucuresti\\\/wp-content\\\/uploads\\\/2026\\\/01\\\/foto_Biroul-Cetateanului-1400x875-1.jpeg\",\"datePublished\":\"2026-01-28T16:12:53+00:00\",\"dateModified\":\"2026-01-28T16:12:54+00:00\",\"description\":\"Registratura DGITL (Direc\u021bia General\u0103 de Impozite \u0219i Taxe Locale Sector 1), din Pia\u021ba Amzei nr. 13, se \u00eenchide din 2 februarie 2026\",\"breadcrumb\":{\"@id\":\"https:\\\/\\\/buletin.de\\\/bucuresti\\\/sector-1-registratura-dgitl-piata-amzei-se-inchide-din-2-februarie\\\/#breadcrumb\"},\"inLanguage\":\"en-GB\",\"potentialAction\":[{\"@type\":\"ReadAction\",\"target\":[\"https:\\\/\\\/buletin.de\\\/bucuresti\\\/sector-1-registratura-dgitl-piata-amzei-se-inchide-din-2-februarie\\\/\"]}]},{\"@type\":\"ImageObject\",\"inLanguage\":\"en-GB\",\"@id\":\"https:\\\/\\\/buletin.de\\\/bucuresti\\\/sector-1-registratura-dgitl-piata-amzei-se-inchide-din-2-februarie\\\/#primaryimage\",\"url\":\"https:\\\/\\\/buletin.de\\\/bucuresti\\\/wp-content\\\/uploads\\\/2026\\\/01\\\/foto_Biroul-Cetateanului-1400x875-1.jpeg\",\"contentUrl\":\"https:\\\/\\\/buletin.de\\\/bucuresti\\\/wp-content\\\/uploads\\\/2026\\\/01\\\/foto_Biroul-Cetateanului-1400x875-1.jpeg\",\"width\":1400,\"height\":875,\"caption\":\"Registratura DGITL Pia\u021ba Amzei, \u00eenchis\u0103 din 2 februarie 2026. Foto: PS1\"},{\"@type\":\"BreadcrumbList\",\"@id\":\"https:\\\/\\\/buletin.de\\\/bucuresti\\\/sector-1-registratura-dgitl-piata-amzei-se-inchide-din-2-februarie\\\/#breadcrumb\",\"itemListElement\":[{\"@type\":\"ListItem\",\"position\":1,\"name\":\"Acas\u0103\",\"item\":\"https:\\\/\\\/buletin.de\\\/bucuresti\\\/\"},{\"@type\":\"ListItem\",\"position\":2,\"name\":\"Sector 1 | Registratura DGITL Pia\u021ba Amzei se \u00eenchide din 2 februarie\"}]},{\"@type\":\"WebSite\",\"@id\":\"https:\\\/\\\/buletin.de\\\/bucuresti\\\/#website\",\"url\":\"https:\\\/\\\/buletin.de\\\/bucuresti\\\/\",\"name\":\"Buletin de Bucure\u0219ti\",\"description\":\"\u0218tiri \u0219i investiga\u021bii esen\u021biale din capital\u0103\",\"publisher\":{\"@id\":\"https:\\\/\\\/buletin.de\\\/bucuresti\\\/#organization\"},\"potentialAction\":[{\"@type\":\"SearchAction\",\"target\":{\"@type\":\"EntryPoint\",\"urlTemplate\":\"https:\\\/\\\/buletin.de\\\/bucuresti\\\/?s={search_term_string}\"},\"query-input\":{\"@type\":\"PropertyValueSpecification\",\"valueRequired\":true,\"valueName\":\"search_term_string\"}}],\"inLanguage\":\"en-GB\"},{\"@type\":\"Organization\",\"@id\":\"https:\\\/\\\/buletin.de\\\/bucuresti\\\/#organization\",\"name\":\"Buletin de Bucure\u0219ti\",\"url\":\"https:\\\/\\\/buletin.de\\\/bucuresti\\\/\",\"logo\":{\"@type\":\"ImageObject\",\"inLanguage\":\"en-GB\",\"@id\":\"https:\\\/\\\/buletin.de\\\/bucuresti\\\/#\\\/schema\\\/logo\\\/image\\\/\",\"url\":\"https:\\\/\\\/buletin.de\\\/bucuresti\\\/wp-content\\\/uploads\\\/logo-bdb-full-wide-vernil-transparent.png\",\"contentUrl\":\"https:\\\/\\\/buletin.de\\\/bucuresti\\\/wp-content\\\/uploads\\\/logo-bdb-full-wide-vernil-transparent.png\",\"width\":1782,\"height\":626,\"caption\":\"Buletin de Bucure\u0219ti\"},\"image\":{\"@id\":\"https:\\\/\\\/buletin.de\\\/bucuresti\\\/#\\\/schema\\\/logo\\\/image\\\/\"},\"sameAs\":[\"https:\\\/\\\/www.facebook.com\\\/buletin.de.buc\",\"https:\\\/\\\/www.instagram.com\\\/buletinde.bucuresti\\\/\"]},{\"@type\":\"Person\",\"@id\":\"https:\\\/\\\/buletin.de\\\/bucuresti\\\/#\\\/schema\\\/person\\\/81421a46fb84a0887cfd2238f5202586\",\"name\":\"Andreea St\u0103n\u0103r\u00eeng\u0103\",\"image\":{\"@type\":\"ImageObject\",\"inLanguage\":\"en-GB\",\"@id\":\"https:\\\/\\\/secure.gravatar.com\\\/avatar\\\/dfa8d227a4388fad0f0bb03add04b5b176f4da34397dbb2eadc563b3d7162ce0?s=96&d=monsterid&r=g72784372b39ffe5a98a45288fe0d0e8a\",\"url\":\"https:\\\/\\\/secure.gravatar.com\\\/avatar\\\/dfa8d227a4388fad0f0bb03add04b5b176f4da34397dbb2eadc563b3d7162ce0?s=96&d=monsterid&r=g\",\"contentUrl\":\"https:\\\/\\\/secure.gravatar.com\\\/avatar\\\/dfa8d227a4388fad0f0bb03add04b5b176f4da34397dbb2eadc563b3d7162ce0?s=96&d=monsterid&r=g\",\"caption\":\"Andreea St\u0103n\u0103r\u00eeng\u0103\"},\"description\":\"Cu o experien\u021b\u0103 de peste 5 ani \u00een pres\u0103, face parte din echipa Buletin de Bucure\u0219ti din septembrie 2025. A colaborat cu c\u00e2teva publica\u021bii, printre care \u0219i Fanatik.ro, unde s-a ocupat de \u0219tiri de lifestyle \u0219i de actualitate. A f\u0103cut un pas c\u0103tre presa local\u0103 pentru a explora Bucure\u0219tiul \u0219i pove\u0219tile care merit\u0103 spuse.\",\"url\":\"https:\\\/\\\/buletin.de\\\/bucuresti\\\/author\\\/andreea-stanaranga\\\/\"}]}<\/script>\n<!-- \/ Yoast SEO Premium plugin. -->","yoast_head_json":{"title":"Sector 1 | Registratura DGITL Pia\u021ba Amzei se \u00eenchide din 2 februarie - Buletin de Bucure\u0219ti","description":"Registratura DGITL (Direc\u021bia General\u0103 de Impozite \u0219i Taxe Locale Sector 1), din Pia\u021ba Amzei nr. 13, se \u00eenchide din 2 februarie 2026","robots":{"index":"index","follow":"follow","max-snippet":"max-snippet:-1","max-image-preview":"max-image-preview:large","max-video-preview":"max-video-preview:-1"},"canonical":"https:\/\/buletin.de\/bucuresti\/sector-1-registratura-dgitl-piata-amzei-se-inchide-din-2-februarie\/","og_locale":"en_GB","og_type":"article","og_title":"Sector 1 | Registratura DGITL Pia\u021ba Amzei se \u00eenchide din 2 februarie","og_description":"Registratura DGITL (Direc\u021bia General\u0103 de Impozite \u0219i Taxe Locale Sector 1), din Pia\u021ba Amzei nr. 13, se \u00eenchide din 2 februarie 2026","og_url":"https:\/\/buletin.de\/bucuresti\/sector-1-registratura-dgitl-piata-amzei-se-inchide-din-2-februarie\/","og_site_name":"Buletin de Bucure\u0219ti","article_publisher":"https:\/\/www.facebook.com\/buletin.de.buc","article_published_time":"2026-01-28T16:12:53+00:00","article_modified_time":"2026-01-28T16:12:54+00:00","og_image":[{"width":1400,"height":875,"url":"https:\/\/buletin.de\/bucuresti\/wp-content\/uploads\/2026\/01\/foto_Biroul-Cetateanului-1400x875-1.jpeg","type":"image\/jpeg"}],"author":"Andreea St\u0103n\u0103r\u00eeng\u0103","twitter_card":"summary_large_image","twitter_misc":{"Written by":"Andreea St\u0103n\u0103r\u00eeng\u0103","Estimated reading time":"2 minutes"},"schema":{"@context":"https:\/\/schema.org","@graph":[{"@type":"Article","@id":"https:\/\/buletin.de\/bucuresti\/sector-1-registratura-dgitl-piata-amzei-se-inchide-din-2-februarie\/#article","isPartOf":{"@id":"https:\/\/buletin.de\/bucuresti\/sector-1-registratura-dgitl-piata-amzei-se-inchide-din-2-februarie\/"},"author":{"name":"Andreea St\u0103n\u0103r\u00eeng\u0103","@id":"https:\/\/buletin.de\/bucuresti\/#\/schema\/person\/81421a46fb84a0887cfd2238f5202586"},"headline":"Sector 1 | Registratura DGITL Pia\u021ba Amzei se \u00eenchide din 2 februarie","datePublished":"2026-01-28T16:12:53+00:00","dateModified":"2026-01-28T16:12:54+00:00","mainEntityOfPage":{"@id":"https:\/\/buletin.de\/bucuresti\/sector-1-registratura-dgitl-piata-amzei-se-inchide-din-2-februarie\/"},"wordCount":400,"publisher":{"@id":"https:\/\/buletin.de\/bucuresti\/#organization"},"image":{"@id":"https:\/\/buletin.de\/bucuresti\/sector-1-registratura-dgitl-piata-amzei-se-inchide-din-2-februarie\/#primaryimage"},"thumbnailUrl":"https:\/\/buletin.de\/bucuresti\/wp-content\/uploads\/2026\/01\/foto_Biroul-Cetateanului-1400x875-1.jpeg","keywords":["DGITL sector 1","piata amzei","taxe si impozite"],"articleSection":["Articole","Prim\u0103rie","\u0218tiri"],"inLanguage":"en-GB","copyrightYear":"2026","copyrightHolder":{"@id":"https:\/\/buletin.de\/bucuresti\/#organization"}},{"@type":"WebPage","@id":"https:\/\/buletin.de\/bucuresti\/sector-1-registratura-dgitl-piata-amzei-se-inchide-din-2-februarie\/","url":"https:\/\/buletin.de\/bucuresti\/sector-1-registratura-dgitl-piata-amzei-se-inchide-din-2-februarie\/","name":"Sector 1 | Registratura DGITL Pia\u021ba Amzei se \u00eenchide din 2 februarie - Buletin de Bucure\u0219ti","isPartOf":{"@id":"https:\/\/buletin.de\/bucuresti\/#website"},"primaryImageOfPage":{"@id":"https:\/\/buletin.de\/bucuresti\/sector-1-registratura-dgitl-piata-amzei-se-inchide-din-2-februarie\/#primaryimage"},"image":{"@id":"https:\/\/buletin.de\/bucuresti\/sector-1-registratura-dgitl-piata-amzei-se-inchide-din-2-februarie\/#primaryimage"},"thumbnailUrl":"https:\/\/buletin.de\/bucuresti\/wp-content\/uploads\/2026\/01\/foto_Biroul-Cetateanului-1400x875-1.jpeg","datePublished":"2026-01-28T16:12:53+00:00","dateModified":"2026-01-28T16:12:54+00:00","description":"Registratura DGITL (Direc\u021bia General\u0103 de Impozite \u0219i Taxe Locale Sector 1), din Pia\u021ba Amzei nr. 13, se \u00eenchide din 2 februarie 2026","breadcrumb":{"@id":"https:\/\/buletin.de\/bucuresti\/sector-1-registratura-dgitl-piata-amzei-se-inchide-din-2-februarie\/#breadcrumb"},"inLanguage":"en-GB","potentialAction":[{"@type":"ReadAction","target":["https:\/\/buletin.de\/bucuresti\/sector-1-registratura-dgitl-piata-amzei-se-inchide-din-2-februarie\/"]}]},{"@type":"ImageObject","inLanguage":"en-GB","@id":"https:\/\/buletin.de\/bucuresti\/sector-1-registratura-dgitl-piata-amzei-se-inchide-din-2-februarie\/#primaryimage","url":"https:\/\/buletin.de\/bucuresti\/wp-content\/uploads\/2026\/01\/foto_Biroul-Cetateanului-1400x875-1.jpeg","contentUrl":"https:\/\/buletin.de\/bucuresti\/wp-content\/uploads\/2026\/01\/foto_Biroul-Cetateanului-1400x875-1.jpeg","width":1400,"height":875,"caption":"Registratura DGITL Pia\u021ba Amzei, \u00eenchis\u0103 din 2 februarie 2026. Foto: PS1"},{"@type":"BreadcrumbList","@id":"https:\/\/buletin.de\/bucuresti\/sector-1-registratura-dgitl-piata-amzei-se-inchide-din-2-februarie\/#breadcrumb","itemListElement":[{"@type":"ListItem","position":1,"name":"Acas\u0103","item":"https:\/\/buletin.de\/bucuresti\/"},{"@type":"ListItem","position":2,"name":"Sector 1 | Registratura DGITL Pia\u021ba Amzei se \u00eenchide din 2 februarie"}]},{"@type":"WebSite","@id":"https:\/\/buletin.de\/bucuresti\/#website","url":"https:\/\/buletin.de\/bucuresti\/","name":"Buletin de Bucure\u0219ti","description":"\u0218tiri \u0219i investiga\u021bii esen\u021biale din capital\u0103","publisher":{"@id":"https:\/\/buletin.de\/bucuresti\/#organization"},"potentialAction":[{"@type":"SearchAction","target":{"@type":"EntryPoint","urlTemplate":"https:\/\/buletin.de\/bucuresti\/?s={search_term_string}"},"query-input":{"@type":"PropertyValueSpecification","valueRequired":true,"valueName":"search_term_string"}}],"inLanguage":"en-GB"},{"@type":"Organization","@id":"https:\/\/buletin.de\/bucuresti\/#organization","name":"Buletin de Bucure\u0219ti","url":"https:\/\/buletin.de\/bucuresti\/","logo":{"@type":"ImageObject","inLanguage":"en-GB","@id":"https:\/\/buletin.de\/bucuresti\/#\/schema\/logo\/image\/","url":"https:\/\/buletin.de\/bucuresti\/wp-content\/uploads\/logo-bdb-full-wide-vernil-transparent.png","contentUrl":"https:\/\/buletin.de\/bucuresti\/wp-content\/uploads\/logo-bdb-full-wide-vernil-transparent.png","width":1782,"height":626,"caption":"Buletin de Bucure\u0219ti"},"image":{"@id":"https:\/\/buletin.de\/bucuresti\/#\/schema\/logo\/image\/"},"sameAs":["https:\/\/www.facebook.com\/buletin.de.buc","https:\/\/www.instagram.com\/buletinde.bucuresti\/"]},{"@type":"Person","@id":"https:\/\/buletin.de\/bucuresti\/#\/schema\/person\/81421a46fb84a0887cfd2238f5202586","name":"Andreea St\u0103n\u0103r\u00eeng\u0103","image":{"@type":"ImageObject","inLanguage":"en-GB","@id":"https:\/\/secure.gravatar.com\/avatar\/dfa8d227a4388fad0f0bb03add04b5b176f4da34397dbb2eadc563b3d7162ce0?s=96&d=monsterid&r=g72784372b39ffe5a98a45288fe0d0e8a","url":"https:\/\/secure.gravatar.com\/avatar\/dfa8d227a4388fad0f0bb03add04b5b176f4da34397dbb2eadc563b3d7162ce0?s=96&d=monsterid&r=g","contentUrl":"https:\/\/secure.gravatar.com\/avatar\/dfa8d227a4388fad0f0bb03add04b5b176f4da34397dbb2eadc563b3d7162ce0?s=96&d=monsterid&r=g","caption":"Andreea St\u0103n\u0103r\u00eeng\u0103"},"description":"Cu o experien\u021b\u0103 de peste 5 ani \u00een pres\u0103, face parte din echipa Buletin de Bucure\u0219ti din septembrie 2025. A colaborat cu c\u00e2teva publica\u021bii, printre care \u0219i Fanatik.ro, unde s-a ocupat de \u0219tiri de lifestyle \u0219i de actualitate. A f\u0103cut un pas c\u0103tre presa local\u0103 pentru a explora Bucure\u0219tiul \u0219i pove\u0219tile care merit\u0103 spuse.","url":"https:\/\/buletin.de\/bucuresti\/author\/andreea-stanaranga\/"}]}},"authors":[{"term_id":23912,"user_id":65,"is_guest":0,"slug":"andreea-stanaranga","display_name":"Andreea St\u0103n\u0103r\u00eeng\u0103","avatar_url":"https:\/\/secure.gravatar.com\/avatar\/dfa8d227a4388fad0f0bb03add04b5b176f4da34397dbb2eadc563b3d7162ce0?s=96&d=monsterid&r=g","0":null,"1":"","2":"","3":"","4":"","5":"","6":"","7":"","8":""}],"_links":{"self":[{"href":"https:\/\/buletin.de\/bucuresti\/wp-json\/wp\/v2\/posts\/169951","targetHints":{"allow":["GET"]}}],"collection":[{"href":"https:\/\/buletin.de\/bucuresti\/wp-json\/wp\/v2\/posts"}],"about":[{"href":"https:\/\/buletin.de\/bucuresti\/wp-json\/wp\/v2\/types\/post"}],"author":[{"embeddable":true,"href":"https:\/\/buletin.de\/bucuresti\/wp-json\/wp\/v2\/users\/65"}],"replies":[{"embeddable":true,"href":"https:\/\/buletin.de\/bucuresti\/wp-json\/wp\/v2\/comments?post=169951"}],"version-history":[{"count":7,"href":"https:\/\/buletin.de\/bucuresti\/wp-json\/wp\/v2\/posts\/169951\/revisions"}],"predecessor-version":[{"id":170037,"href":"https:\/\/buletin.de\/bucuresti\/wp-json\/wp\/v2\/posts\/169951\/revisions\/170037"}],"wp:featuredmedia":[{"embeddable":true,"href":"https:\/\/buletin.de\/bucuresti\/wp-json\/wp\/v2\/media\/169973"}],"wp:attachment":[{"href":"https:\/\/buletin.de\/bucuresti\/wp-json\/wp\/v2\/media?parent=169951"}],"wp:term":[{"taxonomy":"category","embeddable":true,"href":"https:\/\/buletin.de\/bucuresti\/wp-json\/wp\/v2\/categories?post=169951"},{"taxonomy":"post_tag","embeddable":true,"href":"https:\/\/buletin.de\/bucuresti\/wp-json\/wp\/v2\/tags?post=169951"},{"taxonomy":"author","embeddable":true,"href":"https:\/\/buletin.de\/bucuresti\/wp-json\/wp\/v2\/ppma_author?post=169951"}],"curies":[{"name":"wp","href":"https:\/\/api.w.org\/{rel}","templated":true}]}}