{"id":169941,"date":"2026-01-28T17:20:34","date_gmt":"2026-01-28T14:20:34","guid":{"rendered":"https:\/\/buletin.de\/bucuresti\/?p=169941"},"modified":"2026-01-28T17:20:34","modified_gmt":"2026-01-28T14:20:34","slug":"sector-5-locuitorii-care-nu-si-au-reinnoit-contractele-de-salubrizare-raman-fara-acest-serviciu-de-la-1-februarie","status":"publish","type":"post","link":"https:\/\/buletin.de\/bucuresti\/sector-5-locuitorii-care-nu-si-au-reinnoit-contractele-de-salubrizare-raman-fara-acest-serviciu-de-la-1-februarie\/","title":{"rendered":"Sector 5 | Locuitorii care nu \u0219i-au re\u00eennoit contractele de salubrizare r\u0103m\u00e2n f\u0103r\u0103 acest serviciu de la 1 februarie"},"content":{"rendered":"\n<p><strong>Locuitorii din Sectorul 5 care nu \u0219i-au re\u00eennoit contractele de salubrizare vor r\u0103m\u00e2ne f\u0103r\u0103 acest serviciu de la 1 februarie, potrivit unui <a href=\"https:\/\/www.facebook.com\/100068876273754\/posts\/1217214350584429\/?rdid=0AtL7qs7vKSdfrbQ#\">comunicat<\/a> al administra\u021biei locale. <\/strong><\/p>\n\n\n\n<p><strong>Noile documente trebuie \u00eencheiate cu operatorul agreat de prim\u0103rie, Salubrizare Sector 5 S.A.<\/strong><\/p>\n\n\n\n<p><em>\u201ePrestarea serviciilor de salubrizare se poate realiza exclusiv pe baza unui contract valabil, \u00eencheiat conform legisla\u021biei \u00een vigoare. \u00cen lipsa unui cadru contractual legal, operatorul nu poate continua furnizarea serviciilor.\u201d<\/em> au explicat reprezentan\u021bii prim\u0103riei. <\/p>\n\n\n\n<p>Ace\u0219tia precizeaz\u0103 c\u0103, \u00een cazul suspend\u0103rii, reluarea serviciilor se face imediat dup\u0103 semnarea sau re\u00eenoirea contractelor, f\u0103r\u0103 s\u0103 fie necesare alte formalit\u0103\u021bi.<\/p>\n\n\n\n<p>Pentru re\u00eennoirea documentelor \u0219i ob\u021binerea informa\u021biilor suplimentare despre contractele de salubrizare, cet\u0103\u021benii din Sectorul 5 au la dispozi\u021bie trei puncte dedicate, dispuse astfel:<\/p>\n\n\n\n<ul class=\"wp-block-list\">\n<li>Calea Rahovei nr. 266-268, Cl\u0103direa Electromagnetica, Corp C63, Etaj 3<\/li>\n\n\n\n<li>Calea Rahovei nr. 266-268, Cl\u0103direa Electromagnetica, Corp 105 C, Parter<\/li>\n\n\n\n<li>Incinta Pia\u021ba Rahova, \u0218os. Alexandriei nr. 3\u20135, spa\u021biul 11<\/li>\n<\/ul>\n\n\n\n<p>De asemenea, ace\u0219tia mai pot folosi \u0219i adresele de email comercial@salubrizare5.ro \u0219i office@salubrizare5.ro, dar \u0219i platformele online ale operatorului de servicii de salubrizare.<\/p>\n\n\n\n<p><strong>CITE\u0218TE \u0218I: <a href=\"https:\/\/buletin.de\/bucuresti\/o-noua-cerere-de-finantare-catre-sectorul-1-de-la-spitalul-de-arsi-proiectul-se-dezbate-in-cgmb\/\">O nou\u0103 cerere de finan\u021bare c\u0103tre Sectorul 1, de la Spitalul de Ar\u015fi. Proiectul se dezbate in CGMB<\/a><\/strong><\/p>\n\n\n\n<h2 class=\"wp-block-heading\" id=\"h-colectarea-de\u0219eurilor-din-pubele-etichetate-obligatorie-in-sectorul-5\">Colectarea de\u0219eurilor din pubele etichetate, obligatorie \u00een Sectorul 5<\/h2>\n\n\n\n<p>Colectarea de\u0219eurilor se face doar din pubele etichetate \u00een Sectorul 5, \u00eenc\u0103 din luna septembrie a anului trecut. Autoritatea local\u0103 precizeaz\u0103 c\u0103 sus\u021bine colectarea de\u0219eurilor prin implementarea principiului european de plat\u0103 \u00een func\u021bie de cantitatea aruncat\u0103, care genereaz\u0103 costuri mai mici pentru cet\u0103\u021benii care \u00ee\u0219i fac contract.<\/p>\n\n\n\n<p>Cet\u0103\u021benii au posibilitatea de a ridica, personal, etichetele pentru recipiente dac\u0103 nu au f\u0103cut-o deja, inclusiv de a ridica recipientele solicitate. Modificarea a survenit ca urmare a num\u0103rului mare de solicit\u0103ri pentru \u00eencheierea de noi contracte \u0219i a volumului mare de etichet\u0103ri ce trebuie realizate \u00eentr-un timp scurt.<\/p>\n\n\n\n<p>Pentru ridicarea etichetelor\/recipientelor, v\u0103 pute\u021bi prezenta la Garajul Pucheni, situat \u00een strada Pucheni nr. 79, de luni p\u00e2n\u0103 vineri, \u00eentre orele 08:00 -15:00. Sunt eligibili cei care se prezint\u0103 cu cartea de identitate \u0219i figureaz\u0103 \u00een baza de date cu contract valabil.<\/p>\n\n\n\n<p><strong>CITE\u0218TE \u0218I: <a href=\"https:\/\/buletin.de\/bucuresti\/sector-5-locuitorii-blocului-afectat-de-explozia-din-rahova-scutiti-de-plata-taxelor-si-impozitelor-locale\/\">Sector 5 | Locuitorii blocului afectat de explozia din Rahova, scuti\u021bi de plata taxelor \u0219i impozitelor locale<\/a><\/strong><\/p>\n","protected":false},"excerpt":{"rendered":"<p>Locuitorii din Sectorul 5 care nu \u0219i-au re\u00eennoit contractele de salubrizare vor r\u0103m\u00e2ne f\u0103r\u0103 acest serviciu de la 1 februarie, potrivit unui comunicat al administra\u021biei locale. Noile documente trebuie \u00eencheiate cu operatorul agreat de prim\u0103rie, Salubrizare Sector 5 S.A. \u201ePrestarea serviciilor de salubrizare se poate realiza exclusiv pe baza unui contract valabil, \u00eencheiat conform legisla\u021biei [&hellip;]<\/p>\n","protected":false},"author":61,"featured_media":169954,"comment_status":"closed","ping_status":"open","sticky":false,"template":"","format":"standard","meta":{"_acf_changed":false,"inline_featured_image":false,"ngg_post_thumbnail":0,"footnotes":""},"categories":[6994,24,62],"tags":[9,22709,1206,11395],"ppma_author":[22577],"class_list":["post-169941","post","type-post","status-publish","format-standard","has-post-thumbnail","hentry","category-stiri-2","category-primarie","category-stiri","tag-bucuresti","tag-contracte-salubrizare","tag-salubrizare-sector-5","tag-sector-5-biserici"],"acf":[],"yoast_head":"<!-- This site is optimized with the Yoast SEO Premium plugin v25.3 (Yoast SEO v27.5) - https:\/\/yoast.com\/product\/yoast-seo-premium-wordpress\/ -->\n<title>Sector 5 | Locuitorii care nu \u0219i-au re\u00eennoit contractele de salubrizare r\u0103m\u00e2n f\u0103r\u0103 acest serviciu de la 1 februarie - Buletin de Bucure\u0219ti<\/title>\n<meta name=\"description\" content=\"Locuitorii din Sectorul 5 care nu \u0219i-au re\u00eennoit contractele de salubrizare vor r\u0103m\u00e2ne f\u0103r\u0103 acest serviciu de la 1 februarie.\" \/>\n<meta name=\"robots\" content=\"index, follow, max-snippet:-1, max-image-preview:large, max-video-preview:-1\" \/>\n<link rel=\"canonical\" href=\"https:\/\/buletin.de\/bucuresti\/sector-5-locuitorii-care-nu-si-au-reinnoit-contractele-de-salubrizare-raman-fara-acest-serviciu-de-la-1-februarie\/\" \/>\n<meta property=\"og:locale\" content=\"en_GB\" \/>\n<meta property=\"og:type\" content=\"article\" \/>\n<meta property=\"og:title\" content=\"Sector 5 | Locuitorii care nu \u0219i-au re\u00eennoit contractele de salubrizare r\u0103m\u00e2n f\u0103r\u0103 acest serviciu de la 1 februarie\" \/>\n<meta property=\"og:description\" content=\"Locuitorii din Sectorul 5 care nu \u0219i-au re\u00eennoit contractele de salubrizare vor r\u0103m\u00e2ne f\u0103r\u0103 acest serviciu de la 1 februarie.\" \/>\n<meta property=\"og:url\" content=\"https:\/\/buletin.de\/bucuresti\/sector-5-locuitorii-care-nu-si-au-reinnoit-contractele-de-salubrizare-raman-fara-acest-serviciu-de-la-1-februarie\/\" \/>\n<meta property=\"og:site_name\" content=\"Buletin de Bucure\u0219ti\" \/>\n<meta property=\"article:publisher\" content=\"https:\/\/www.facebook.com\/buletin.de.buc\" \/>\n<meta property=\"article:published_time\" content=\"2026-01-28T14:20:34+00:00\" \/>\n<meta property=\"og:image\" content=\"https:\/\/buletin.de\/bucuresti\/wp-content\/uploads\/2026\/01\/ID65550_INQUAM_Photos_George_Calin-scaled.jpg\" \/>\n\t<meta property=\"og:image:width\" content=\"2560\" \/>\n\t<meta property=\"og:image:height\" content=\"1707\" \/>\n\t<meta property=\"og:image:type\" content=\"image\/jpeg\" \/>\n<meta name=\"author\" content=\"Alexandru Stan\" \/>\n<meta name=\"twitter:card\" content=\"summary_large_image\" \/>\n<meta name=\"twitter:label1\" content=\"Written by\" \/>\n\t<meta name=\"twitter:data1\" content=\"Alexandru Stan\" \/>\n\t<meta name=\"twitter:label2\" content=\"Estimated reading time\" \/>\n\t<meta name=\"twitter:data2\" content=\"2 minutes\" \/>\n<script type=\"application\/ld+json\" class=\"yoast-schema-graph\">{\"@context\":\"https:\\\/\\\/schema.org\",\"@graph\":[{\"@type\":\"Article\",\"@id\":\"https:\\\/\\\/buletin.de\\\/bucuresti\\\/sector-5-locuitorii-care-nu-si-au-reinnoit-contractele-de-salubrizare-raman-fara-acest-serviciu-de-la-1-februarie\\\/#article\",\"isPartOf\":{\"@id\":\"https:\\\/\\\/buletin.de\\\/bucuresti\\\/sector-5-locuitorii-care-nu-si-au-reinnoit-contractele-de-salubrizare-raman-fara-acest-serviciu-de-la-1-februarie\\\/\"},\"author\":{\"name\":\"Alexandru Stan\",\"@id\":\"https:\\\/\\\/buletin.de\\\/bucuresti\\\/#\\\/schema\\\/person\\\/104a46bbe8be6e336fecf63974383951\"},\"headline\":\"Sector 5 | Locuitorii care nu \u0219i-au re\u00eennoit contractele de salubrizare r\u0103m\u00e2n f\u0103r\u0103 acest serviciu de la 1 februarie\",\"datePublished\":\"2026-01-28T14:20:34+00:00\",\"mainEntityOfPage\":{\"@id\":\"https:\\\/\\\/buletin.de\\\/bucuresti\\\/sector-5-locuitorii-care-nu-si-au-reinnoit-contractele-de-salubrizare-raman-fara-acest-serviciu-de-la-1-februarie\\\/\"},\"wordCount\":409,\"publisher\":{\"@id\":\"https:\\\/\\\/buletin.de\\\/bucuresti\\\/#organization\"},\"image\":{\"@id\":\"https:\\\/\\\/buletin.de\\\/bucuresti\\\/sector-5-locuitorii-care-nu-si-au-reinnoit-contractele-de-salubrizare-raman-fara-acest-serviciu-de-la-1-februarie\\\/#primaryimage\"},\"thumbnailUrl\":\"https:\\\/\\\/buletin.de\\\/bucuresti\\\/wp-content\\\/uploads\\\/2026\\\/01\\\/ID65550_INQUAM_Photos_George_Calin-scaled.jpg\",\"keywords\":[\"bucuresti\",\"contracte salubrizare\",\"salubrizare sector 5\",\"sector 5 biserici\"],\"articleSection\":[\"Articole\",\"Prim\u0103rie\",\"\u0218tiri\"],\"inLanguage\":\"en-GB\",\"copyrightYear\":\"2026\",\"copyrightHolder\":{\"@id\":\"https:\\\/\\\/buletin.de\\\/bucuresti\\\/#organization\"}},{\"@type\":\"WebPage\",\"@id\":\"https:\\\/\\\/buletin.de\\\/bucuresti\\\/sector-5-locuitorii-care-nu-si-au-reinnoit-contractele-de-salubrizare-raman-fara-acest-serviciu-de-la-1-februarie\\\/\",\"url\":\"https:\\\/\\\/buletin.de\\\/bucuresti\\\/sector-5-locuitorii-care-nu-si-au-reinnoit-contractele-de-salubrizare-raman-fara-acest-serviciu-de-la-1-februarie\\\/\",\"name\":\"Sector 5 | Locuitorii care nu \u0219i-au re\u00eennoit contractele de salubrizare r\u0103m\u00e2n f\u0103r\u0103 acest serviciu de la 1 februarie - Buletin de Bucure\u0219ti\",\"isPartOf\":{\"@id\":\"https:\\\/\\\/buletin.de\\\/bucuresti\\\/#website\"},\"primaryImageOfPage\":{\"@id\":\"https:\\\/\\\/buletin.de\\\/bucuresti\\\/sector-5-locuitorii-care-nu-si-au-reinnoit-contractele-de-salubrizare-raman-fara-acest-serviciu-de-la-1-februarie\\\/#primaryimage\"},\"image\":{\"@id\":\"https:\\\/\\\/buletin.de\\\/bucuresti\\\/sector-5-locuitorii-care-nu-si-au-reinnoit-contractele-de-salubrizare-raman-fara-acest-serviciu-de-la-1-februarie\\\/#primaryimage\"},\"thumbnailUrl\":\"https:\\\/\\\/buletin.de\\\/bucuresti\\\/wp-content\\\/uploads\\\/2026\\\/01\\\/ID65550_INQUAM_Photos_George_Calin-scaled.jpg\",\"datePublished\":\"2026-01-28T14:20:34+00:00\",\"description\":\"Locuitorii din Sectorul 5 care nu \u0219i-au re\u00eennoit contractele de salubrizare vor r\u0103m\u00e2ne f\u0103r\u0103 acest serviciu de la 1 februarie.\",\"breadcrumb\":{\"@id\":\"https:\\\/\\\/buletin.de\\\/bucuresti\\\/sector-5-locuitorii-care-nu-si-au-reinnoit-contractele-de-salubrizare-raman-fara-acest-serviciu-de-la-1-februarie\\\/#breadcrumb\"},\"inLanguage\":\"en-GB\",\"potentialAction\":[{\"@type\":\"ReadAction\",\"target\":[\"https:\\\/\\\/buletin.de\\\/bucuresti\\\/sector-5-locuitorii-care-nu-si-au-reinnoit-contractele-de-salubrizare-raman-fara-acest-serviciu-de-la-1-februarie\\\/\"]}]},{\"@type\":\"ImageObject\",\"inLanguage\":\"en-GB\",\"@id\":\"https:\\\/\\\/buletin.de\\\/bucuresti\\\/sector-5-locuitorii-care-nu-si-au-reinnoit-contractele-de-salubrizare-raman-fara-acest-serviciu-de-la-1-februarie\\\/#primaryimage\",\"url\":\"https:\\\/\\\/buletin.de\\\/bucuresti\\\/wp-content\\\/uploads\\\/2026\\\/01\\\/ID65550_INQUAM_Photos_George_Calin-scaled.jpg\",\"contentUrl\":\"https:\\\/\\\/buletin.de\\\/bucuresti\\\/wp-content\\\/uploads\\\/2026\\\/01\\\/ID65550_INQUAM_Photos_George_Calin-scaled.jpg\",\"width\":2560,\"height\":1707,\"caption\":\"Sector 5 | Locuitorii care nu \u0219i-au re\u00eennoit contractele de salubrizare vor r\u0103m\u00e2ne f\u0103r\u0103 acest serviciu de la 1 februarie | FOTO: (ilustrativ) Inquam Photos \\\/ George C\u0103lin\"},{\"@type\":\"BreadcrumbList\",\"@id\":\"https:\\\/\\\/buletin.de\\\/bucuresti\\\/sector-5-locuitorii-care-nu-si-au-reinnoit-contractele-de-salubrizare-raman-fara-acest-serviciu-de-la-1-februarie\\\/#breadcrumb\",\"itemListElement\":[{\"@type\":\"ListItem\",\"position\":1,\"name\":\"Acas\u0103\",\"item\":\"https:\\\/\\\/buletin.de\\\/bucuresti\\\/\"},{\"@type\":\"ListItem\",\"position\":2,\"name\":\"Sector 5 | Locuitorii care nu \u0219i-au re\u00eennoit contractele de salubrizare r\u0103m\u00e2n f\u0103r\u0103 acest serviciu de la 1 februarie\"}]},{\"@type\":\"WebSite\",\"@id\":\"https:\\\/\\\/buletin.de\\\/bucuresti\\\/#website\",\"url\":\"https:\\\/\\\/buletin.de\\\/bucuresti\\\/\",\"name\":\"Buletin de Bucure\u0219ti\",\"description\":\"\u0218tiri \u0219i investiga\u021bii esen\u021biale din capital\u0103\",\"publisher\":{\"@id\":\"https:\\\/\\\/buletin.de\\\/bucuresti\\\/#organization\"},\"potentialAction\":[{\"@type\":\"SearchAction\",\"target\":{\"@type\":\"EntryPoint\",\"urlTemplate\":\"https:\\\/\\\/buletin.de\\\/bucuresti\\\/?s={search_term_string}\"},\"query-input\":{\"@type\":\"PropertyValueSpecification\",\"valueRequired\":true,\"valueName\":\"search_term_string\"}}],\"inLanguage\":\"en-GB\"},{\"@type\":\"Organization\",\"@id\":\"https:\\\/\\\/buletin.de\\\/bucuresti\\\/#organization\",\"name\":\"Buletin de Bucure\u0219ti\",\"url\":\"https:\\\/\\\/buletin.de\\\/bucuresti\\\/\",\"logo\":{\"@type\":\"ImageObject\",\"inLanguage\":\"en-GB\",\"@id\":\"https:\\\/\\\/buletin.de\\\/bucuresti\\\/#\\\/schema\\\/logo\\\/image\\\/\",\"url\":\"https:\\\/\\\/buletin.de\\\/bucuresti\\\/wp-content\\\/uploads\\\/logo-bdb-full-wide-vernil-transparent.png\",\"contentUrl\":\"https:\\\/\\\/buletin.de\\\/bucuresti\\\/wp-content\\\/uploads\\\/logo-bdb-full-wide-vernil-transparent.png\",\"width\":1782,\"height\":626,\"caption\":\"Buletin de Bucure\u0219ti\"},\"image\":{\"@id\":\"https:\\\/\\\/buletin.de\\\/bucuresti\\\/#\\\/schema\\\/logo\\\/image\\\/\"},\"sameAs\":[\"https:\\\/\\\/www.facebook.com\\\/buletin.de.buc\",\"https:\\\/\\\/www.instagram.com\\\/buletinde.bucuresti\\\/\"]},{\"@type\":\"Person\",\"@id\":\"https:\\\/\\\/buletin.de\\\/bucuresti\\\/#\\\/schema\\\/person\\\/104a46bbe8be6e336fecf63974383951\",\"name\":\"Alexandru Stan\",\"image\":{\"@type\":\"ImageObject\",\"inLanguage\":\"en-GB\",\"@id\":\"https:\\\/\\\/buletin.de\\\/bucuresti\\\/wp-content\\\/uploads\\\/2025\\\/12\\\/IMG-20251216-WA0045-e1766134343668-96x96.jpgd0ca12809ae3e1d27116a2afe8926544\",\"url\":\"https:\\\/\\\/buletin.de\\\/bucuresti\\\/wp-content\\\/uploads\\\/2025\\\/12\\\/IMG-20251216-WA0045-e1766134343668-96x96.jpg\",\"contentUrl\":\"https:\\\/\\\/buletin.de\\\/bucuresti\\\/wp-content\\\/uploads\\\/2025\\\/12\\\/IMG-20251216-WA0045-e1766134343668-96x96.jpg\",\"caption\":\"Alexandru Stan\"},\"description\":\"Sunt elev la un colegiu de prestigiu din Capital\u0103 \u0219i reporter la Buletin de Bucure\u0219ti. M-am n\u0103scut \u0219i am crescut cu m\u00e2ndrie \u00een Capital\u0103, ora\u0219 al pove\u0219tilor, al tramvaiului tras de cai \u0219i al c\u0103su\u021belor cu porti\u021b\u0103 \u0219i ci\u0219mea. Prin articolele mele, m\u0103 str\u0103duiesc s\u0103 descriu cu acurate\u021be via\u021ba din Bucure\u0219ti pe ecranele cititorilor no\u0219tri \u0219i \u00eencerc totodat\u0103 s\u0103 fac accesibile subiecte de interes general tuturor, de la mic la mare.\",\"url\":\"https:\\\/\\\/buletin.de\\\/bucuresti\\\/author\\\/alexandru-stan\\\/\"}]}<\/script>\n<!-- \/ Yoast SEO Premium plugin. -->","yoast_head_json":{"title":"Sector 5 | Locuitorii care nu \u0219i-au re\u00eennoit contractele de salubrizare r\u0103m\u00e2n f\u0103r\u0103 acest serviciu de la 1 februarie - Buletin de Bucure\u0219ti","description":"Locuitorii din Sectorul 5 care nu \u0219i-au re\u00eennoit contractele de salubrizare vor r\u0103m\u00e2ne f\u0103r\u0103 acest serviciu de la 1 februarie.","robots":{"index":"index","follow":"follow","max-snippet":"max-snippet:-1","max-image-preview":"max-image-preview:large","max-video-preview":"max-video-preview:-1"},"canonical":"https:\/\/buletin.de\/bucuresti\/sector-5-locuitorii-care-nu-si-au-reinnoit-contractele-de-salubrizare-raman-fara-acest-serviciu-de-la-1-februarie\/","og_locale":"en_GB","og_type":"article","og_title":"Sector 5 | Locuitorii care nu \u0219i-au re\u00eennoit contractele de salubrizare r\u0103m\u00e2n f\u0103r\u0103 acest serviciu de la 1 februarie","og_description":"Locuitorii din Sectorul 5 care nu \u0219i-au re\u00eennoit contractele de salubrizare vor r\u0103m\u00e2ne f\u0103r\u0103 acest serviciu de la 1 februarie.","og_url":"https:\/\/buletin.de\/bucuresti\/sector-5-locuitorii-care-nu-si-au-reinnoit-contractele-de-salubrizare-raman-fara-acest-serviciu-de-la-1-februarie\/","og_site_name":"Buletin de Bucure\u0219ti","article_publisher":"https:\/\/www.facebook.com\/buletin.de.buc","article_published_time":"2026-01-28T14:20:34+00:00","og_image":[{"width":2560,"height":1707,"url":"https:\/\/buletin.de\/bucuresti\/wp-content\/uploads\/2026\/01\/ID65550_INQUAM_Photos_George_Calin-scaled.jpg","type":"image\/jpeg"}],"author":"Alexandru Stan","twitter_card":"summary_large_image","twitter_misc":{"Written by":"Alexandru Stan","Estimated reading time":"2 minutes"},"schema":{"@context":"https:\/\/schema.org","@graph":[{"@type":"Article","@id":"https:\/\/buletin.de\/bucuresti\/sector-5-locuitorii-care-nu-si-au-reinnoit-contractele-de-salubrizare-raman-fara-acest-serviciu-de-la-1-februarie\/#article","isPartOf":{"@id":"https:\/\/buletin.de\/bucuresti\/sector-5-locuitorii-care-nu-si-au-reinnoit-contractele-de-salubrizare-raman-fara-acest-serviciu-de-la-1-februarie\/"},"author":{"name":"Alexandru Stan","@id":"https:\/\/buletin.de\/bucuresti\/#\/schema\/person\/104a46bbe8be6e336fecf63974383951"},"headline":"Sector 5 | Locuitorii care nu \u0219i-au re\u00eennoit contractele de salubrizare r\u0103m\u00e2n f\u0103r\u0103 acest serviciu de la 1 februarie","datePublished":"2026-01-28T14:20:34+00:00","mainEntityOfPage":{"@id":"https:\/\/buletin.de\/bucuresti\/sector-5-locuitorii-care-nu-si-au-reinnoit-contractele-de-salubrizare-raman-fara-acest-serviciu-de-la-1-februarie\/"},"wordCount":409,"publisher":{"@id":"https:\/\/buletin.de\/bucuresti\/#organization"},"image":{"@id":"https:\/\/buletin.de\/bucuresti\/sector-5-locuitorii-care-nu-si-au-reinnoit-contractele-de-salubrizare-raman-fara-acest-serviciu-de-la-1-februarie\/#primaryimage"},"thumbnailUrl":"https:\/\/buletin.de\/bucuresti\/wp-content\/uploads\/2026\/01\/ID65550_INQUAM_Photos_George_Calin-scaled.jpg","keywords":["bucuresti","contracte salubrizare","salubrizare sector 5","sector 5 biserici"],"articleSection":["Articole","Prim\u0103rie","\u0218tiri"],"inLanguage":"en-GB","copyrightYear":"2026","copyrightHolder":{"@id":"https:\/\/buletin.de\/bucuresti\/#organization"}},{"@type":"WebPage","@id":"https:\/\/buletin.de\/bucuresti\/sector-5-locuitorii-care-nu-si-au-reinnoit-contractele-de-salubrizare-raman-fara-acest-serviciu-de-la-1-februarie\/","url":"https:\/\/buletin.de\/bucuresti\/sector-5-locuitorii-care-nu-si-au-reinnoit-contractele-de-salubrizare-raman-fara-acest-serviciu-de-la-1-februarie\/","name":"Sector 5 | Locuitorii care nu \u0219i-au re\u00eennoit contractele de salubrizare r\u0103m\u00e2n f\u0103r\u0103 acest serviciu de la 1 februarie - Buletin de Bucure\u0219ti","isPartOf":{"@id":"https:\/\/buletin.de\/bucuresti\/#website"},"primaryImageOfPage":{"@id":"https:\/\/buletin.de\/bucuresti\/sector-5-locuitorii-care-nu-si-au-reinnoit-contractele-de-salubrizare-raman-fara-acest-serviciu-de-la-1-februarie\/#primaryimage"},"image":{"@id":"https:\/\/buletin.de\/bucuresti\/sector-5-locuitorii-care-nu-si-au-reinnoit-contractele-de-salubrizare-raman-fara-acest-serviciu-de-la-1-februarie\/#primaryimage"},"thumbnailUrl":"https:\/\/buletin.de\/bucuresti\/wp-content\/uploads\/2026\/01\/ID65550_INQUAM_Photos_George_Calin-scaled.jpg","datePublished":"2026-01-28T14:20:34+00:00","description":"Locuitorii din Sectorul 5 care nu \u0219i-au re\u00eennoit contractele de salubrizare vor r\u0103m\u00e2ne f\u0103r\u0103 acest serviciu de la 1 februarie.","breadcrumb":{"@id":"https:\/\/buletin.de\/bucuresti\/sector-5-locuitorii-care-nu-si-au-reinnoit-contractele-de-salubrizare-raman-fara-acest-serviciu-de-la-1-februarie\/#breadcrumb"},"inLanguage":"en-GB","potentialAction":[{"@type":"ReadAction","target":["https:\/\/buletin.de\/bucuresti\/sector-5-locuitorii-care-nu-si-au-reinnoit-contractele-de-salubrizare-raman-fara-acest-serviciu-de-la-1-februarie\/"]}]},{"@type":"ImageObject","inLanguage":"en-GB","@id":"https:\/\/buletin.de\/bucuresti\/sector-5-locuitorii-care-nu-si-au-reinnoit-contractele-de-salubrizare-raman-fara-acest-serviciu-de-la-1-februarie\/#primaryimage","url":"https:\/\/buletin.de\/bucuresti\/wp-content\/uploads\/2026\/01\/ID65550_INQUAM_Photos_George_Calin-scaled.jpg","contentUrl":"https:\/\/buletin.de\/bucuresti\/wp-content\/uploads\/2026\/01\/ID65550_INQUAM_Photos_George_Calin-scaled.jpg","width":2560,"height":1707,"caption":"Sector 5 | Locuitorii care nu \u0219i-au re\u00eennoit contractele de salubrizare vor r\u0103m\u00e2ne f\u0103r\u0103 acest serviciu de la 1 februarie | FOTO: (ilustrativ) Inquam Photos \/ George C\u0103lin"},{"@type":"BreadcrumbList","@id":"https:\/\/buletin.de\/bucuresti\/sector-5-locuitorii-care-nu-si-au-reinnoit-contractele-de-salubrizare-raman-fara-acest-serviciu-de-la-1-februarie\/#breadcrumb","itemListElement":[{"@type":"ListItem","position":1,"name":"Acas\u0103","item":"https:\/\/buletin.de\/bucuresti\/"},{"@type":"ListItem","position":2,"name":"Sector 5 | Locuitorii care nu \u0219i-au re\u00eennoit contractele de salubrizare r\u0103m\u00e2n f\u0103r\u0103 acest serviciu de la 1 februarie"}]},{"@type":"WebSite","@id":"https:\/\/buletin.de\/bucuresti\/#website","url":"https:\/\/buletin.de\/bucuresti\/","name":"Buletin de Bucure\u0219ti","description":"\u0218tiri \u0219i investiga\u021bii esen\u021biale din capital\u0103","publisher":{"@id":"https:\/\/buletin.de\/bucuresti\/#organization"},"potentialAction":[{"@type":"SearchAction","target":{"@type":"EntryPoint","urlTemplate":"https:\/\/buletin.de\/bucuresti\/?s={search_term_string}"},"query-input":{"@type":"PropertyValueSpecification","valueRequired":true,"valueName":"search_term_string"}}],"inLanguage":"en-GB"},{"@type":"Organization","@id":"https:\/\/buletin.de\/bucuresti\/#organization","name":"Buletin de Bucure\u0219ti","url":"https:\/\/buletin.de\/bucuresti\/","logo":{"@type":"ImageObject","inLanguage":"en-GB","@id":"https:\/\/buletin.de\/bucuresti\/#\/schema\/logo\/image\/","url":"https:\/\/buletin.de\/bucuresti\/wp-content\/uploads\/logo-bdb-full-wide-vernil-transparent.png","contentUrl":"https:\/\/buletin.de\/bucuresti\/wp-content\/uploads\/logo-bdb-full-wide-vernil-transparent.png","width":1782,"height":626,"caption":"Buletin de Bucure\u0219ti"},"image":{"@id":"https:\/\/buletin.de\/bucuresti\/#\/schema\/logo\/image\/"},"sameAs":["https:\/\/www.facebook.com\/buletin.de.buc","https:\/\/www.instagram.com\/buletinde.bucuresti\/"]},{"@type":"Person","@id":"https:\/\/buletin.de\/bucuresti\/#\/schema\/person\/104a46bbe8be6e336fecf63974383951","name":"Alexandru Stan","image":{"@type":"ImageObject","inLanguage":"en-GB","@id":"https:\/\/buletin.de\/bucuresti\/wp-content\/uploads\/2025\/12\/IMG-20251216-WA0045-e1766134343668-96x96.jpgd0ca12809ae3e1d27116a2afe8926544","url":"https:\/\/buletin.de\/bucuresti\/wp-content\/uploads\/2025\/12\/IMG-20251216-WA0045-e1766134343668-96x96.jpg","contentUrl":"https:\/\/buletin.de\/bucuresti\/wp-content\/uploads\/2025\/12\/IMG-20251216-WA0045-e1766134343668-96x96.jpg","caption":"Alexandru Stan"},"description":"Sunt elev la un colegiu de prestigiu din Capital\u0103 \u0219i reporter la Buletin de Bucure\u0219ti. M-am n\u0103scut \u0219i am crescut cu m\u00e2ndrie \u00een Capital\u0103, ora\u0219 al pove\u0219tilor, al tramvaiului tras de cai \u0219i al c\u0103su\u021belor cu porti\u021b\u0103 \u0219i ci\u0219mea. Prin articolele mele, m\u0103 str\u0103duiesc s\u0103 descriu cu acurate\u021be via\u021ba din Bucure\u0219ti pe ecranele cititorilor no\u0219tri \u0219i \u00eencerc totodat\u0103 s\u0103 fac accesibile subiecte de interes general tuturor, de la mic la mare.","url":"https:\/\/buletin.de\/bucuresti\/author\/alexandru-stan\/"}]}},"authors":[{"term_id":22577,"user_id":61,"is_guest":0,"slug":"alexandru-stan","display_name":"Alexandru Stan","avatar_url":"https:\/\/buletin.de\/bucuresti\/wp-content\/uploads\/2025\/12\/IMG-20251216-WA0045-e1766134343668-96x96.jpg","0":null,"1":"","2":"","3":"","4":"","5":"","6":"","7":"","8":""}],"_links":{"self":[{"href":"https:\/\/buletin.de\/bucuresti\/wp-json\/wp\/v2\/posts\/169941","targetHints":{"allow":["GET"]}}],"collection":[{"href":"https:\/\/buletin.de\/bucuresti\/wp-json\/wp\/v2\/posts"}],"about":[{"href":"https:\/\/buletin.de\/bucuresti\/wp-json\/wp\/v2\/types\/post"}],"author":[{"embeddable":true,"href":"https:\/\/buletin.de\/bucuresti\/wp-json\/wp\/v2\/users\/61"}],"replies":[{"embeddable":true,"href":"https:\/\/buletin.de\/bucuresti\/wp-json\/wp\/v2\/comments?post=169941"}],"version-history":[{"count":5,"href":"https:\/\/buletin.de\/bucuresti\/wp-json\/wp\/v2\/posts\/169941\/revisions"}],"predecessor-version":[{"id":169989,"href":"https:\/\/buletin.de\/bucuresti\/wp-json\/wp\/v2\/posts\/169941\/revisions\/169989"}],"wp:featuredmedia":[{"embeddable":true,"href":"https:\/\/buletin.de\/bucuresti\/wp-json\/wp\/v2\/media\/169954"}],"wp:attachment":[{"href":"https:\/\/buletin.de\/bucuresti\/wp-json\/wp\/v2\/media?parent=169941"}],"wp:term":[{"taxonomy":"category","embeddable":true,"href":"https:\/\/buletin.de\/bucuresti\/wp-json\/wp\/v2\/categories?post=169941"},{"taxonomy":"post_tag","embeddable":true,"href":"https:\/\/buletin.de\/bucuresti\/wp-json\/wp\/v2\/tags?post=169941"},{"taxonomy":"author","embeddable":true,"href":"https:\/\/buletin.de\/bucuresti\/wp-json\/wp\/v2\/ppma_author?post=169941"}],"curies":[{"name":"wp","href":"https:\/\/api.w.org\/{rel}","templated":true}]}}