{"id":169885,"date":"2026-01-29T06:10:00","date_gmt":"2026-01-29T03:10:00","guid":{"rendered":"https:\/\/buletin.de\/bucuresti\/?p=169885"},"modified":"2026-01-28T23:16:50","modified_gmt":"2026-01-28T20:16:50","slug":"aspa-a-incheiat-primul-contract-de-foster-pentru-un-catel-din-adapost","status":"publish","type":"post","link":"https:\/\/buletin.de\/bucuresti\/aspa-a-incheiat-primul-contract-de-foster-pentru-un-catel-din-adapost\/","title":{"rendered":"ASPA a \u00eencheiat primul contract de foster pentru un c\u0103\u021bel din ad\u0103post"},"content":{"rendered":"\n<p><strong>Autoritatea pentru Supravegherea \u0219i Protec\u021bia Animalelor (ASPA) Bucure\u0219ti a anun\u021bat c\u0103 a fost \u00eencheiat primul contract de foster pentru un c\u0103\u021bel din ad\u0103postul ASPA Mih\u0103ile\u0219ti. <\/strong><\/p>\n\n\n\n<p>\u00cen septembrie 2025, Consiliul General al Municipiului Bucure\u0219ti a aprobat <a href=\"https:\/\/buletin.de\/bucuresti\/cainii-fara-stapan-din-adaposturi-ar-putea-fi-adoptati-temporar-programul-foster-pentru-adoptie-intra-in-dezbaterea-consiliului-general-pe-30-septembrie\/\" target=\"_blank\" rel=\"noreferrer noopener\">proiectul \u201eFoster pentru adop\u021bie\u201d<\/a>. <\/p>\n\n\n\n<p>Programul foster le permite doritorilor s\u0103 g\u0103zduiasc\u0103 temporar c\u00e2ini din ad\u0103post, pentru \u00eengrijire, socializare \u0219i preg\u0103tirea acestuia pentru adop\u021bia final\u0103. \u00cen cazul unui program de foster, nu este necesar\u0103 adop\u021bia, dar este posibil\u0103. <\/p>\n\n\n\n<h2 class=\"wp-block-heading\" id=\"h-primul-contract-de-foster-incheiat-de-aspa\">Primul contract de foster \u00eencheiat de ASPA<\/h2>\n\n\n\n<p>Beneficiarul primului contract de Foster este <strong>Teddy<\/strong>, un pui \u00een v\u00e2rst\u0103 de dou\u0103 luni, preluat de o familie care mai are \u00een grij\u0103 un c\u0103\u021bel \u00een v\u00e2rst\u0103 de 11 ani. Prezen\u021ba acestuia contribuie la procesul de acomodare \u0219i \u00eenv\u0103\u021bare a puiului, dup\u0103 cum a transmis <a href=\"https:\/\/www.facebook.com\/ASPABuc\/posts\/1235354385416363?ref=embed_post\" target=\"_blank\" rel=\"noreferrer noopener\">ASPA Bucure\u0219ti<\/a>. <\/p>\n\n\n\n<p><strong>Programul foster le permite persoanelor interesate s\u0103 aleag\u0103 tipologia de c\u00e2ine pe care vor s\u0103 \u00eel g\u0103zduiasc\u0103.<\/strong><\/p>\n\n\n\n<p>\u00cen general, puii au \u0219ansele cele mai mari de adop\u021bie, \u00eens\u0103 reprezentan\u021bii ASPA \u00eencurajeaz\u0103 acordarea unei \u0219anse \u00een special celor care sunt mai greu adoptabili. \u00cen aceast\u0103 categorie intr\u0103 c\u0103\u021beii timizii, cei mai \u00een v\u00e2rst\u0103 sau cei care necesit\u0103 mai mult timp pentru a c\u0103p\u0103ta \u00eencredere.<\/p>\n\n\n\n<p><strong>Pentru programul Foster, ASPA asigur\u0103 c\u00e2ini microcipa\u021bi \u0219i \u00eenregistra\u021bi \u00een RECS pe numele institu\u021biei, deparazita\u021bi, vaccina\u021bi \u0219i steriliza\u021bi (dac\u0103 v\u00e2rsta permite). Se asigur\u0103 hran\u0103 pentru c\u00e2ine, consulturi \u0219i tratamente veterinare, dar \u0219i accesorii de baz\u0103. Institu\u021bia ofer\u0103 suport \u0219i \u00eendrumare pe tot parcursul perioadei de foster. <\/strong><\/p>\n\n\n\n<h2 class=\"wp-block-heading\" id=\"h-cum-po\u021bi-intra-in-programul-de-foster\">Cum po\u021bi intra \u00een programul de Foster <\/h2>\n\n\n\n<p>Pentru a putea g\u0103zdui temporar un c\u0103\u021bel din ad\u0103post, doritorii trebuie s\u0103 acceseze <a href=\"https:\/\/foster.aspa.ro\/\" target=\"_blank\" rel=\"noreferrer noopener\">site-ul ASPA<\/a>, unde vor completa un formular destinat programului Foster. <\/p>\n\n\n\n<p>Ulterior, ace\u0219tia vor fi contacta\u021bi de un reprezentant ASPA pentru o discu\u021bie \u0219i pentru a stabili care este c\u0103\u021belul potrivit. Urm\u0103torul pas const\u0103 \u00een <strong>semnarea contractului de foster<\/strong>, apoi preluarea c\u0103\u021belului ales.<\/p>\n\n\n\n<p><strong>Persoana care g\u0103zduie\u0219te c\u0103\u021belul prin programul Foster va avea prioritate la adop\u021bia final\u0103, dac\u0103 va dori acest lucru. <\/strong><\/p>\n\n\n\n<p>CITE\u0218TE \u0218I <a href=\"https:\/\/buletin.de\/bucuresti\/aproape-un-sfert-din-elevii-bucuresteni-au-participat-sau-asistat-la-acte-de-violenta-52-nu-isi-cunosc-drepturile\/\" target=\"_blank\" rel=\"noreferrer noopener\">Aproape un sfert din elevii bucure\u0219teni au participat sau asistat la acte de violen\u021b\u0103. 52% nu \u00ee\u0219i cunosc drepturile<\/a><\/p>\n","protected":false},"excerpt":{"rendered":"<p>Autoritatea pentru Supravegherea \u0219i Protec\u021bia Animalelor (ASPA) Bucure\u0219ti a anun\u021bat c\u0103 a fost \u00eencheiat primul contract de foster pentru un c\u0103\u021bel din ad\u0103postul ASPA Mih\u0103ile\u0219ti. \u00cen septembrie 2025, Consiliul General al Municipiului Bucure\u0219ti a aprobat proiectul \u201eFoster pentru adop\u021bie\u201d. Programul foster le permite doritorilor s\u0103 g\u0103zduiasc\u0103 temporar c\u00e2ini din ad\u0103post, pentru \u00eengrijire, socializare \u0219i preg\u0103tirea [&hellip;]<\/p>\n","protected":false},"author":65,"featured_media":169908,"comment_status":"closed","ping_status":"open","sticky":false,"template":"","format":"standard","meta":{"_acf_changed":false,"inline_featured_image":false,"ngg_post_thumbnail":0,"footnotes":""},"categories":[6994,1,62],"tags":[23990,3229,3988,307],"ppma_author":[23912],"class_list":["post-169885","post","type-post","status-publish","format-standard","has-post-thumbnail","hentry","category-stiri-2","category-diverse","category-stiri","tag-foster-pentru-adoptie","tag-aspa","tag-aspa-bucuresti","tag-caini"],"acf":[],"yoast_head":"<!-- This site is optimized with the Yoast SEO Premium plugin v25.3 (Yoast SEO v27.5) - https:\/\/yoast.com\/product\/yoast-seo-premium-wordpress\/ -->\n<title>ASPA a \u00eencheiat primul contract de foster pentru un c\u0103\u021bel din ad\u0103post - Buletin de Bucure\u0219ti<\/title>\n<meta name=\"description\" content=\"ASPA Bucure\u0219ti a anun\u021bat c\u0103 a fost \u00eencheiat primul contract de foster pentru un c\u0103\u021bel din ad\u0103postul ASPA Mih\u0103ile\u0219ti.\" \/>\n<meta name=\"robots\" content=\"index, follow, max-snippet:-1, max-image-preview:large, max-video-preview:-1\" \/>\n<link rel=\"canonical\" href=\"https:\/\/buletin.de\/bucuresti\/aspa-a-incheiat-primul-contract-de-foster-pentru-un-catel-din-adapost\/\" \/>\n<meta property=\"og:locale\" content=\"en_GB\" \/>\n<meta property=\"og:type\" content=\"article\" \/>\n<meta property=\"og:title\" content=\"ASPA a \u00eencheiat primul contract de foster pentru un c\u0103\u021bel din ad\u0103post\" \/>\n<meta property=\"og:description\" content=\"ASPA Bucure\u0219ti a anun\u021bat c\u0103 a fost \u00eencheiat primul contract de foster pentru un c\u0103\u021bel din ad\u0103postul ASPA Mih\u0103ile\u0219ti.\" \/>\n<meta property=\"og:url\" content=\"https:\/\/buletin.de\/bucuresti\/aspa-a-incheiat-primul-contract-de-foster-pentru-un-catel-din-adapost\/\" \/>\n<meta property=\"og:site_name\" content=\"Buletin de Bucure\u0219ti\" \/>\n<meta property=\"article:publisher\" content=\"https:\/\/www.facebook.com\/buletin.de.buc\" \/>\n<meta property=\"article:published_time\" content=\"2026-01-29T03:10:00+00:00\" \/>\n<meta property=\"og:image\" content=\"https:\/\/buletin.de\/bucuresti\/wp-content\/uploads\/2026\/01\/Primul-contract-de-foster-ASPA.jpg\" \/>\n\t<meta property=\"og:image:width\" content=\"1200\" \/>\n\t<meta property=\"og:image:height\" content=\"650\" \/>\n\t<meta property=\"og:image:type\" content=\"image\/jpeg\" \/>\n<meta name=\"author\" content=\"Andreea St\u0103n\u0103r\u00eeng\u0103\" \/>\n<meta name=\"twitter:card\" content=\"summary_large_image\" \/>\n<meta name=\"twitter:label1\" content=\"Written by\" \/>\n\t<meta name=\"twitter:data1\" content=\"Andreea St\u0103n\u0103r\u00eeng\u0103\" \/>\n\t<meta name=\"twitter:label2\" content=\"Estimated reading time\" \/>\n\t<meta name=\"twitter:data2\" content=\"2 minutes\" \/>\n<script type=\"application\/ld+json\" class=\"yoast-schema-graph\">{\"@context\":\"https:\\\/\\\/schema.org\",\"@graph\":[{\"@type\":\"Article\",\"@id\":\"https:\\\/\\\/buletin.de\\\/bucuresti\\\/aspa-a-incheiat-primul-contract-de-foster-pentru-un-catel-din-adapost\\\/#article\",\"isPartOf\":{\"@id\":\"https:\\\/\\\/buletin.de\\\/bucuresti\\\/aspa-a-incheiat-primul-contract-de-foster-pentru-un-catel-din-adapost\\\/\"},\"author\":{\"name\":\"Andreea St\u0103n\u0103r\u00eeng\u0103\",\"@id\":\"https:\\\/\\\/buletin.de\\\/bucuresti\\\/#\\\/schema\\\/person\\\/81421a46fb84a0887cfd2238f5202586\"},\"headline\":\"ASPA a \u00eencheiat primul contract de foster pentru un c\u0103\u021bel din ad\u0103post\",\"datePublished\":\"2026-01-29T03:10:00+00:00\",\"mainEntityOfPage\":{\"@id\":\"https:\\\/\\\/buletin.de\\\/bucuresti\\\/aspa-a-incheiat-primul-contract-de-foster-pentru-un-catel-din-adapost\\\/\"},\"wordCount\":402,\"publisher\":{\"@id\":\"https:\\\/\\\/buletin.de\\\/bucuresti\\\/#organization\"},\"image\":{\"@id\":\"https:\\\/\\\/buletin.de\\\/bucuresti\\\/aspa-a-incheiat-primul-contract-de-foster-pentru-un-catel-din-adapost\\\/#primaryimage\"},\"thumbnailUrl\":\"https:\\\/\\\/buletin.de\\\/bucuresti\\\/wp-content\\\/uploads\\\/2026\\\/01\\\/Primul-contract-de-foster-ASPA.jpg\",\"keywords\":[\"\u201eFoster pentru adop\u021bie\\\"\",\"aspa\",\"aspa bucuresti\",\"caini\"],\"articleSection\":[\"Articole\",\"Diverse\",\"\u0218tiri\"],\"inLanguage\":\"en-GB\",\"copyrightYear\":\"2026\",\"copyrightHolder\":{\"@id\":\"https:\\\/\\\/buletin.de\\\/bucuresti\\\/#organization\"}},{\"@type\":\"WebPage\",\"@id\":\"https:\\\/\\\/buletin.de\\\/bucuresti\\\/aspa-a-incheiat-primul-contract-de-foster-pentru-un-catel-din-adapost\\\/\",\"url\":\"https:\\\/\\\/buletin.de\\\/bucuresti\\\/aspa-a-incheiat-primul-contract-de-foster-pentru-un-catel-din-adapost\\\/\",\"name\":\"ASPA a \u00eencheiat primul contract de foster pentru un c\u0103\u021bel din ad\u0103post - Buletin de Bucure\u0219ti\",\"isPartOf\":{\"@id\":\"https:\\\/\\\/buletin.de\\\/bucuresti\\\/#website\"},\"primaryImageOfPage\":{\"@id\":\"https:\\\/\\\/buletin.de\\\/bucuresti\\\/aspa-a-incheiat-primul-contract-de-foster-pentru-un-catel-din-adapost\\\/#primaryimage\"},\"image\":{\"@id\":\"https:\\\/\\\/buletin.de\\\/bucuresti\\\/aspa-a-incheiat-primul-contract-de-foster-pentru-un-catel-din-adapost\\\/#primaryimage\"},\"thumbnailUrl\":\"https:\\\/\\\/buletin.de\\\/bucuresti\\\/wp-content\\\/uploads\\\/2026\\\/01\\\/Primul-contract-de-foster-ASPA.jpg\",\"datePublished\":\"2026-01-29T03:10:00+00:00\",\"description\":\"ASPA Bucure\u0219ti a anun\u021bat c\u0103 a fost \u00eencheiat primul contract de foster pentru un c\u0103\u021bel din ad\u0103postul ASPA Mih\u0103ile\u0219ti.\",\"breadcrumb\":{\"@id\":\"https:\\\/\\\/buletin.de\\\/bucuresti\\\/aspa-a-incheiat-primul-contract-de-foster-pentru-un-catel-din-adapost\\\/#breadcrumb\"},\"inLanguage\":\"en-GB\",\"potentialAction\":[{\"@type\":\"ReadAction\",\"target\":[\"https:\\\/\\\/buletin.de\\\/bucuresti\\\/aspa-a-incheiat-primul-contract-de-foster-pentru-un-catel-din-adapost\\\/\"]}]},{\"@type\":\"ImageObject\",\"inLanguage\":\"en-GB\",\"@id\":\"https:\\\/\\\/buletin.de\\\/bucuresti\\\/aspa-a-incheiat-primul-contract-de-foster-pentru-un-catel-din-adapost\\\/#primaryimage\",\"url\":\"https:\\\/\\\/buletin.de\\\/bucuresti\\\/wp-content\\\/uploads\\\/2026\\\/01\\\/Primul-contract-de-foster-ASPA.jpg\",\"contentUrl\":\"https:\\\/\\\/buletin.de\\\/bucuresti\\\/wp-content\\\/uploads\\\/2026\\\/01\\\/Primul-contract-de-foster-ASPA.jpg\",\"width\":1200,\"height\":650,\"caption\":\"ASPA a \u00eencheiat primul contract de foster. Foto: Facebook\\\/ASPA Bucure\u0219ti\"},{\"@type\":\"BreadcrumbList\",\"@id\":\"https:\\\/\\\/buletin.de\\\/bucuresti\\\/aspa-a-incheiat-primul-contract-de-foster-pentru-un-catel-din-adapost\\\/#breadcrumb\",\"itemListElement\":[{\"@type\":\"ListItem\",\"position\":1,\"name\":\"Acas\u0103\",\"item\":\"https:\\\/\\\/buletin.de\\\/bucuresti\\\/\"},{\"@type\":\"ListItem\",\"position\":2,\"name\":\"ASPA a \u00eencheiat primul contract de foster pentru un c\u0103\u021bel din ad\u0103post\"}]},{\"@type\":\"WebSite\",\"@id\":\"https:\\\/\\\/buletin.de\\\/bucuresti\\\/#website\",\"url\":\"https:\\\/\\\/buletin.de\\\/bucuresti\\\/\",\"name\":\"Buletin de Bucure\u0219ti\",\"description\":\"\u0218tiri \u0219i investiga\u021bii esen\u021biale din capital\u0103\",\"publisher\":{\"@id\":\"https:\\\/\\\/buletin.de\\\/bucuresti\\\/#organization\"},\"potentialAction\":[{\"@type\":\"SearchAction\",\"target\":{\"@type\":\"EntryPoint\",\"urlTemplate\":\"https:\\\/\\\/buletin.de\\\/bucuresti\\\/?s={search_term_string}\"},\"query-input\":{\"@type\":\"PropertyValueSpecification\",\"valueRequired\":true,\"valueName\":\"search_term_string\"}}],\"inLanguage\":\"en-GB\"},{\"@type\":\"Organization\",\"@id\":\"https:\\\/\\\/buletin.de\\\/bucuresti\\\/#organization\",\"name\":\"Buletin de Bucure\u0219ti\",\"url\":\"https:\\\/\\\/buletin.de\\\/bucuresti\\\/\",\"logo\":{\"@type\":\"ImageObject\",\"inLanguage\":\"en-GB\",\"@id\":\"https:\\\/\\\/buletin.de\\\/bucuresti\\\/#\\\/schema\\\/logo\\\/image\\\/\",\"url\":\"https:\\\/\\\/buletin.de\\\/bucuresti\\\/wp-content\\\/uploads\\\/logo-bdb-full-wide-vernil-transparent.png\",\"contentUrl\":\"https:\\\/\\\/buletin.de\\\/bucuresti\\\/wp-content\\\/uploads\\\/logo-bdb-full-wide-vernil-transparent.png\",\"width\":1782,\"height\":626,\"caption\":\"Buletin de Bucure\u0219ti\"},\"image\":{\"@id\":\"https:\\\/\\\/buletin.de\\\/bucuresti\\\/#\\\/schema\\\/logo\\\/image\\\/\"},\"sameAs\":[\"https:\\\/\\\/www.facebook.com\\\/buletin.de.buc\",\"https:\\\/\\\/www.instagram.com\\\/buletinde.bucuresti\\\/\"]},{\"@type\":\"Person\",\"@id\":\"https:\\\/\\\/buletin.de\\\/bucuresti\\\/#\\\/schema\\\/person\\\/81421a46fb84a0887cfd2238f5202586\",\"name\":\"Andreea St\u0103n\u0103r\u00eeng\u0103\",\"image\":{\"@type\":\"ImageObject\",\"inLanguage\":\"en-GB\",\"@id\":\"https:\\\/\\\/secure.gravatar.com\\\/avatar\\\/dfa8d227a4388fad0f0bb03add04b5b176f4da34397dbb2eadc563b3d7162ce0?s=96&d=monsterid&r=g72784372b39ffe5a98a45288fe0d0e8a\",\"url\":\"https:\\\/\\\/secure.gravatar.com\\\/avatar\\\/dfa8d227a4388fad0f0bb03add04b5b176f4da34397dbb2eadc563b3d7162ce0?s=96&d=monsterid&r=g\",\"contentUrl\":\"https:\\\/\\\/secure.gravatar.com\\\/avatar\\\/dfa8d227a4388fad0f0bb03add04b5b176f4da34397dbb2eadc563b3d7162ce0?s=96&d=monsterid&r=g\",\"caption\":\"Andreea St\u0103n\u0103r\u00eeng\u0103\"},\"description\":\"Cu o experien\u021b\u0103 de peste 5 ani \u00een pres\u0103, face parte din echipa Buletin de Bucure\u0219ti din septembrie 2025. A colaborat cu c\u00e2teva publica\u021bii, printre care \u0219i Fanatik.ro, unde s-a ocupat de \u0219tiri de lifestyle \u0219i de actualitate. A f\u0103cut un pas c\u0103tre presa local\u0103 pentru a explora Bucure\u0219tiul \u0219i pove\u0219tile care merit\u0103 spuse.\",\"url\":\"https:\\\/\\\/buletin.de\\\/bucuresti\\\/author\\\/andreea-stanaranga\\\/\"}]}<\/script>\n<!-- \/ Yoast SEO Premium plugin. -->","yoast_head_json":{"title":"ASPA a \u00eencheiat primul contract de foster pentru un c\u0103\u021bel din ad\u0103post - Buletin de Bucure\u0219ti","description":"ASPA Bucure\u0219ti a anun\u021bat c\u0103 a fost \u00eencheiat primul contract de foster pentru un c\u0103\u021bel din ad\u0103postul ASPA Mih\u0103ile\u0219ti.","robots":{"index":"index","follow":"follow","max-snippet":"max-snippet:-1","max-image-preview":"max-image-preview:large","max-video-preview":"max-video-preview:-1"},"canonical":"https:\/\/buletin.de\/bucuresti\/aspa-a-incheiat-primul-contract-de-foster-pentru-un-catel-din-adapost\/","og_locale":"en_GB","og_type":"article","og_title":"ASPA a \u00eencheiat primul contract de foster pentru un c\u0103\u021bel din ad\u0103post","og_description":"ASPA Bucure\u0219ti a anun\u021bat c\u0103 a fost \u00eencheiat primul contract de foster pentru un c\u0103\u021bel din ad\u0103postul ASPA Mih\u0103ile\u0219ti.","og_url":"https:\/\/buletin.de\/bucuresti\/aspa-a-incheiat-primul-contract-de-foster-pentru-un-catel-din-adapost\/","og_site_name":"Buletin de Bucure\u0219ti","article_publisher":"https:\/\/www.facebook.com\/buletin.de.buc","article_published_time":"2026-01-29T03:10:00+00:00","og_image":[{"width":1200,"height":650,"url":"https:\/\/buletin.de\/bucuresti\/wp-content\/uploads\/2026\/01\/Primul-contract-de-foster-ASPA.jpg","type":"image\/jpeg"}],"author":"Andreea St\u0103n\u0103r\u00eeng\u0103","twitter_card":"summary_large_image","twitter_misc":{"Written by":"Andreea St\u0103n\u0103r\u00eeng\u0103","Estimated reading time":"2 minutes"},"schema":{"@context":"https:\/\/schema.org","@graph":[{"@type":"Article","@id":"https:\/\/buletin.de\/bucuresti\/aspa-a-incheiat-primul-contract-de-foster-pentru-un-catel-din-adapost\/#article","isPartOf":{"@id":"https:\/\/buletin.de\/bucuresti\/aspa-a-incheiat-primul-contract-de-foster-pentru-un-catel-din-adapost\/"},"author":{"name":"Andreea St\u0103n\u0103r\u00eeng\u0103","@id":"https:\/\/buletin.de\/bucuresti\/#\/schema\/person\/81421a46fb84a0887cfd2238f5202586"},"headline":"ASPA a \u00eencheiat primul contract de foster pentru un c\u0103\u021bel din ad\u0103post","datePublished":"2026-01-29T03:10:00+00:00","mainEntityOfPage":{"@id":"https:\/\/buletin.de\/bucuresti\/aspa-a-incheiat-primul-contract-de-foster-pentru-un-catel-din-adapost\/"},"wordCount":402,"publisher":{"@id":"https:\/\/buletin.de\/bucuresti\/#organization"},"image":{"@id":"https:\/\/buletin.de\/bucuresti\/aspa-a-incheiat-primul-contract-de-foster-pentru-un-catel-din-adapost\/#primaryimage"},"thumbnailUrl":"https:\/\/buletin.de\/bucuresti\/wp-content\/uploads\/2026\/01\/Primul-contract-de-foster-ASPA.jpg","keywords":["\u201eFoster pentru adop\u021bie\"","aspa","aspa bucuresti","caini"],"articleSection":["Articole","Diverse","\u0218tiri"],"inLanguage":"en-GB","copyrightYear":"2026","copyrightHolder":{"@id":"https:\/\/buletin.de\/bucuresti\/#organization"}},{"@type":"WebPage","@id":"https:\/\/buletin.de\/bucuresti\/aspa-a-incheiat-primul-contract-de-foster-pentru-un-catel-din-adapost\/","url":"https:\/\/buletin.de\/bucuresti\/aspa-a-incheiat-primul-contract-de-foster-pentru-un-catel-din-adapost\/","name":"ASPA a \u00eencheiat primul contract de foster pentru un c\u0103\u021bel din ad\u0103post - Buletin de Bucure\u0219ti","isPartOf":{"@id":"https:\/\/buletin.de\/bucuresti\/#website"},"primaryImageOfPage":{"@id":"https:\/\/buletin.de\/bucuresti\/aspa-a-incheiat-primul-contract-de-foster-pentru-un-catel-din-adapost\/#primaryimage"},"image":{"@id":"https:\/\/buletin.de\/bucuresti\/aspa-a-incheiat-primul-contract-de-foster-pentru-un-catel-din-adapost\/#primaryimage"},"thumbnailUrl":"https:\/\/buletin.de\/bucuresti\/wp-content\/uploads\/2026\/01\/Primul-contract-de-foster-ASPA.jpg","datePublished":"2026-01-29T03:10:00+00:00","description":"ASPA Bucure\u0219ti a anun\u021bat c\u0103 a fost \u00eencheiat primul contract de foster pentru un c\u0103\u021bel din ad\u0103postul ASPA Mih\u0103ile\u0219ti.","breadcrumb":{"@id":"https:\/\/buletin.de\/bucuresti\/aspa-a-incheiat-primul-contract-de-foster-pentru-un-catel-din-adapost\/#breadcrumb"},"inLanguage":"en-GB","potentialAction":[{"@type":"ReadAction","target":["https:\/\/buletin.de\/bucuresti\/aspa-a-incheiat-primul-contract-de-foster-pentru-un-catel-din-adapost\/"]}]},{"@type":"ImageObject","inLanguage":"en-GB","@id":"https:\/\/buletin.de\/bucuresti\/aspa-a-incheiat-primul-contract-de-foster-pentru-un-catel-din-adapost\/#primaryimage","url":"https:\/\/buletin.de\/bucuresti\/wp-content\/uploads\/2026\/01\/Primul-contract-de-foster-ASPA.jpg","contentUrl":"https:\/\/buletin.de\/bucuresti\/wp-content\/uploads\/2026\/01\/Primul-contract-de-foster-ASPA.jpg","width":1200,"height":650,"caption":"ASPA a \u00eencheiat primul contract de foster. Foto: Facebook\/ASPA Bucure\u0219ti"},{"@type":"BreadcrumbList","@id":"https:\/\/buletin.de\/bucuresti\/aspa-a-incheiat-primul-contract-de-foster-pentru-un-catel-din-adapost\/#breadcrumb","itemListElement":[{"@type":"ListItem","position":1,"name":"Acas\u0103","item":"https:\/\/buletin.de\/bucuresti\/"},{"@type":"ListItem","position":2,"name":"ASPA a \u00eencheiat primul contract de foster pentru un c\u0103\u021bel din ad\u0103post"}]},{"@type":"WebSite","@id":"https:\/\/buletin.de\/bucuresti\/#website","url":"https:\/\/buletin.de\/bucuresti\/","name":"Buletin de Bucure\u0219ti","description":"\u0218tiri \u0219i investiga\u021bii esen\u021biale din capital\u0103","publisher":{"@id":"https:\/\/buletin.de\/bucuresti\/#organization"},"potentialAction":[{"@type":"SearchAction","target":{"@type":"EntryPoint","urlTemplate":"https:\/\/buletin.de\/bucuresti\/?s={search_term_string}"},"query-input":{"@type":"PropertyValueSpecification","valueRequired":true,"valueName":"search_term_string"}}],"inLanguage":"en-GB"},{"@type":"Organization","@id":"https:\/\/buletin.de\/bucuresti\/#organization","name":"Buletin de Bucure\u0219ti","url":"https:\/\/buletin.de\/bucuresti\/","logo":{"@type":"ImageObject","inLanguage":"en-GB","@id":"https:\/\/buletin.de\/bucuresti\/#\/schema\/logo\/image\/","url":"https:\/\/buletin.de\/bucuresti\/wp-content\/uploads\/logo-bdb-full-wide-vernil-transparent.png","contentUrl":"https:\/\/buletin.de\/bucuresti\/wp-content\/uploads\/logo-bdb-full-wide-vernil-transparent.png","width":1782,"height":626,"caption":"Buletin de Bucure\u0219ti"},"image":{"@id":"https:\/\/buletin.de\/bucuresti\/#\/schema\/logo\/image\/"},"sameAs":["https:\/\/www.facebook.com\/buletin.de.buc","https:\/\/www.instagram.com\/buletinde.bucuresti\/"]},{"@type":"Person","@id":"https:\/\/buletin.de\/bucuresti\/#\/schema\/person\/81421a46fb84a0887cfd2238f5202586","name":"Andreea St\u0103n\u0103r\u00eeng\u0103","image":{"@type":"ImageObject","inLanguage":"en-GB","@id":"https:\/\/secure.gravatar.com\/avatar\/dfa8d227a4388fad0f0bb03add04b5b176f4da34397dbb2eadc563b3d7162ce0?s=96&d=monsterid&r=g72784372b39ffe5a98a45288fe0d0e8a","url":"https:\/\/secure.gravatar.com\/avatar\/dfa8d227a4388fad0f0bb03add04b5b176f4da34397dbb2eadc563b3d7162ce0?s=96&d=monsterid&r=g","contentUrl":"https:\/\/secure.gravatar.com\/avatar\/dfa8d227a4388fad0f0bb03add04b5b176f4da34397dbb2eadc563b3d7162ce0?s=96&d=monsterid&r=g","caption":"Andreea St\u0103n\u0103r\u00eeng\u0103"},"description":"Cu o experien\u021b\u0103 de peste 5 ani \u00een pres\u0103, face parte din echipa Buletin de Bucure\u0219ti din septembrie 2025. A colaborat cu c\u00e2teva publica\u021bii, printre care \u0219i Fanatik.ro, unde s-a ocupat de \u0219tiri de lifestyle \u0219i de actualitate. A f\u0103cut un pas c\u0103tre presa local\u0103 pentru a explora Bucure\u0219tiul \u0219i pove\u0219tile care merit\u0103 spuse.","url":"https:\/\/buletin.de\/bucuresti\/author\/andreea-stanaranga\/"}]}},"authors":[{"term_id":23912,"user_id":65,"is_guest":0,"slug":"andreea-stanaranga","display_name":"Andreea St\u0103n\u0103r\u00eeng\u0103","avatar_url":"https:\/\/secure.gravatar.com\/avatar\/dfa8d227a4388fad0f0bb03add04b5b176f4da34397dbb2eadc563b3d7162ce0?s=96&d=monsterid&r=g","0":null,"1":"","2":"","3":"","4":"","5":"","6":"","7":"","8":""}],"_links":{"self":[{"href":"https:\/\/buletin.de\/bucuresti\/wp-json\/wp\/v2\/posts\/169885","targetHints":{"allow":["GET"]}}],"collection":[{"href":"https:\/\/buletin.de\/bucuresti\/wp-json\/wp\/v2\/posts"}],"about":[{"href":"https:\/\/buletin.de\/bucuresti\/wp-json\/wp\/v2\/types\/post"}],"author":[{"embeddable":true,"href":"https:\/\/buletin.de\/bucuresti\/wp-json\/wp\/v2\/users\/65"}],"replies":[{"embeddable":true,"href":"https:\/\/buletin.de\/bucuresti\/wp-json\/wp\/v2\/comments?post=169885"}],"version-history":[{"count":11,"href":"https:\/\/buletin.de\/bucuresti\/wp-json\/wp\/v2\/posts\/169885\/revisions"}],"predecessor-version":[{"id":170018,"href":"https:\/\/buletin.de\/bucuresti\/wp-json\/wp\/v2\/posts\/169885\/revisions\/170018"}],"wp:featuredmedia":[{"embeddable":true,"href":"https:\/\/buletin.de\/bucuresti\/wp-json\/wp\/v2\/media\/169908"}],"wp:attachment":[{"href":"https:\/\/buletin.de\/bucuresti\/wp-json\/wp\/v2\/media?parent=169885"}],"wp:term":[{"taxonomy":"category","embeddable":true,"href":"https:\/\/buletin.de\/bucuresti\/wp-json\/wp\/v2\/categories?post=169885"},{"taxonomy":"post_tag","embeddable":true,"href":"https:\/\/buletin.de\/bucuresti\/wp-json\/wp\/v2\/tags?post=169885"},{"taxonomy":"author","embeddable":true,"href":"https:\/\/buletin.de\/bucuresti\/wp-json\/wp\/v2\/ppma_author?post=169885"}],"curies":[{"name":"wp","href":"https:\/\/api.w.org\/{rel}","templated":true}]}}