{"id":16972,"date":"2020-12-21T12:37:23","date_gmt":"2020-12-21T09:37:23","guid":{"rendered":"https:\/\/buletin.de\/bucuresti\/?p=16972"},"modified":"2021-01-30T09:52:39","modified_gmt":"2021-01-30T06:52:39","slug":"maternitatea-giulesti-fara-autorizatie-de-incendiu-si-cu-instalatii-electrice-problematice-la-zece-ani-dupa-incendiul-care-a-ucis-6-nou-nascuti","status":"publish","type":"post","link":"https:\/\/buletin.de\/bucuresti\/maternitatea-giulesti-fara-autorizatie-de-incendiu-si-cu-instalatii-electrice-problematice-la-zece-ani-dupa-incendiul-care-a-ucis-6-nou-nascuti\/","title":{"rendered":"Maternitatea Giule\u0219ti, f\u0103r\u0103 autoriza\u021bie de incendiu \u0219i cu instala\u021bii electrice problematice, la zece ani dup\u0103 incendiul care a ucis 6 nou-n\u0103scu\u021bi"},"content":{"rendered":"\n<p><strong>Chiar dac\u0103 au trecut mai bine de zece ani de la incendiul care a ucis \u0219ase bebelu\u0219i n\u0103scu\u021bi \u00een Maternitatea Giule\u0219ti, riscul unei noi tragedii nu a disp\u0103rut. Cel mai recent control ISU, din ianuarie 2020, arat\u0103 c\u0103 Spitalul Panait S\u00eerbu func\u021bioneaz\u0103 f\u0103r\u0103 autoriza\u021bie de securitate la incendiu, are probleme la instala\u021biile electrice, iar \u00een unele spa\u021bii sunt depozitate materiale combustibile. Amenzile din ultimii cinci ani se ridic\u0103 la peste 35 mii de lei. Primarul Nicu\u0219or Dan, dar \u0219i predecesoarea lui, Gabriela Firea, au anun\u021bat c\u0103 sediul spitalului se va schimba. Noua loca\u021bie nu a fost \u00eenc\u0103 stabilit\u0103, de\u0219i au trecut doi ani de c\u00e2nd a \u00eenceput c\u0103utarea unui imobil.<\/strong><\/p>\n\n\n\n<p><\/p>\n\n\n\n<p>\u00cen 2010, \u0219ase bebelu\u0219i au murit \u00een urma unui incendiu din Maternitatea Giule\u0219ti. \u201e<em>Domnule, a explodat ceva. Nu \u015ftiu ce se \u00eent\u00e2mpl\u0103. Este un fum negru. Haide\u0163i c\u0103 sunt tuburi de oxigen.<\/em>\u201d, \u00eei spunea atunci un medic rezident operatorului serviciului de urgen\u021b\u0103 112. De\u0219i au trecut 10 ani, Spitalul Prof. Dr. Panait S\u00eerbu, cunoscut sub numele de Maternitatea Giule\u0219ti, nu de\u021bine autoriza\u021bie de incendiu.<\/p>\n\n\n\n<p>Ultima amend\u0103 pe care a primit-o Spitalul Panait S\u00eerbu de la Inspectoratul pentru Situa\u021bii de Urgen\u021b\u0103 Bucure\u0219ti-Ilfov a fost de 10.000 lei, \u00een ianuarie. La toate controalele din ultimii cinci ani inspectorii au g\u0103sit mai multe probleme \u2013 \u00een total 29 de sanc\u021biuni contraven\u021bionale \u00een cuantum de 35.500 lei.<\/p>\n\n\n\n<ul class=\"wp-block-list\"><li>\u00cen 2015, 9 sanc\u021biuni contraven\u021bionale, 5500 lei;<\/li><li>\u00cen 2016, 8 sanc\u021biuni contraven\u021bionale, 10.000 lei;<\/li><li>\u00cen 2018, 4 sanc\u021biuni contraven\u021bionale, 10.000 lei;<\/li><li>\u00cen 2020, 8 sanc\u021biuni contraven\u021bionale, 10.000 lei.<\/li><\/ul>\n\n\n\n<p>\u201e<em>La scoaterea \u015ftecherului \u0163ine\u0163i de prize. Pericol de ardere a aparatelor \u015fi de electrocutare. V\u0103 mul\u0163umesc.\u201d<\/em>  \u00cen urma tragediei din 2010, \u00een Salonul de Terapie Intensiv\u0103 al Sec\u0163iei de Neonatologie au fost g\u0103site mai multe afi\u0219e cu acest mesaj. Nu \u0219tim dac\u0103 acum mai exist\u0103 aceste afi\u0219e, \u00eens\u0103 \u0219tim c\u0103 instala\u021biile electrice sunt \u00een continuare un pericol pentru via\u021ba pacien\u021bilor \u0219i cadrelor medicale din Spitalul Panait S\u00eerbu. Asta au concluzionat cei doi inspectori care au fost \u00een control la final de ianuarie.<\/p>\n\n\n\n<figure class=\"wp-block-pullquote\"><blockquote><p>\u201eSunt exploatate instala\u021bii electrice la care s-a constatat existen\u021ba unor contacte imperfecte la conexiuni \u0219i leg\u0103turi, cabluri electrice neprotejate \u00eempotriva loviturilor mecanice.\u201d<\/p><cite>Proces verbal de control ISU, ianuarie 2020<\/cite><\/blockquote><\/figure>\n\n\n\n<p>\u00cen unele spa\u021bii tehnice sunt depozitate materiale combustibile \u0219i nu este montat iluminatul de continuarea lucrului. Acest tip de iluminat este obligatoriu \u00een \u00eenc\u0103perile blocului operator (precum s\u0103li de opera\u021bie, de sterilizare, de preg\u0103tire bolnavi, de reanimare etc.) \u0219i este necesar pentru continuarea pe o perioad\u0103 de timp a activit\u0103\u021bii. \u00cen alte cuvinte, \u00een cazul \u00een care, de exemplu, exist\u0103 o pan\u0103 de curent \u00een Spitalul Panait S\u00eerbu, medicii \u0219i-ar putea continua opera\u021biile f\u0103r\u0103 s\u0103 se \u00eengrijoreze. \u00cen prezent, \u00eens\u0103, mul\u021bi dintre ei s-ar \u00eengrijora deoarece nu toate spa\u021biile au iluminat de continuarea lucrului.<\/p>\n\n\n\n<p>\u201e<em>Sunt reduse gabaritele unor c\u0103i de evacuare<\/em>\u201d, spune o alt\u0103 concluzie a inspectorilor prin care baza legal\u0103 este \u00eenc\u0103lcat\u0103. &nbsp;C\u0103ile de evacuare din spital trebuie s\u0103 aib\u0103, conform legii, o dimensiune care se calculeaz\u0103 prin determinarea gabaritelor necesare \u0219i stabilirea lungimii traseelor. Dac\u0103 aceste gabarite sunt reduse \u00eenseamn\u0103 c\u0103, \u00een cazul \u00een care \u00een Spitalul Panait S\u00eerbu va avea loc un incendiu, evacuarea se va face mai greu, \u00eentr-un timp mai lung.<\/p>\n\n\n\n<iframe class=\"scribd_iframe_embed\" title=\"Proces Verbal\" src=\"https:\/\/www.scribd.com\/embeds\/488588433\/content?start_page=1&#038;view_mode=scroll&#038;access_key=key-PgMaZ1QVq2TLZRpTy4JV\" data-auto-height=\"true\" data-aspect-ratio=\"0.7080062794348508\" scrolling=\"no\" width=\"100%\" height=\"600\" frameborder=\"0\"><\/iframe><p  style=\"   margin: 12px auto 6px auto;   font-family: Helvetica,Arial,Sans-serif;   font-style: normal;   font-variant: normal;   font-weight: normal;   font-size: 14px;   line-height: normal;   font-size-adjust: none;   font-stretch: normal;   -x-system-font: none;   display: block;\"   >\n\n\n\n<p>Pentru a avea o imagine de ansamblu asupra m\u0103surilor care s-au luat dup\u0103 incendiul \u00een care au murit cei \u0219ase nou-n\u0103scu\u021bi, am solicitat Inspectoratului pentru Situa\u021bii de Urgen\u021b\u0103 informa\u021bii \u0219i documente cu privire la controalele care au avut loc la Maternitatea Giule\u0219ti \u00een ultimii zece ani. Ni s-a transmis c\u0103 \u201e<em>documentele de control care au dep\u0103\u0219it termenul legal de arhivare, de 5 ani, nu se mai reg\u0103sesc \u00een eviden\u021bele institu\u021biei<\/em>\u201d.<\/p>\n\n\n\n<p>Din 2010 \u0219i p\u00e2n\u0103 \u00een prezent, valoare lucr\u0103rilor de reabilitare, repara\u021bii sau modernizare realizate la Maternitatea Giule\u0219ti a fost de aproape 15 milioane de lei, ne-a comunicat Prim\u0103ria Capitalei. Peste 14 milioane s-au dus la Terra Gaz Construct pe baza unui acord cadru \u00eencheiat la o lun\u0103 dup\u0103 incendiul din august.<\/p>\n\n\n\n<p>Pe 16 noiembrie, primarul Capitalei, Nicu\u0219or Dan, a anun\u021bat <a href=\"https:\/\/buletin.de\/bucuresti\/peste-jumatate-din-spitalele-din-subordinea-primariei-capitalei-functioneaza-fara-autorizatie-de-siguranta-la-incendiu\/\">c\u0103 Spitalul Panait S\u00eerbu se afl\u0103 sub supravegherea ISU<\/a> \u0219i urmeaz\u0103 s\u0103 fie mutat. <\/p>\n\n\n\n<p>Gabriela Firea, fostul edil al Bucure\u0219tiului, a declarat \u00eenc\u0103 de la finalul lui 2018 c\u0103 este <a href=\"https:\/\/www.facebook.com\/gabifirea\/posts\/2171913349538127\">\u00een c\u0103utarea unui nou sediu<\/a> pentru relocarea maternit\u0103\u021bii, \u201e<em>pentru a nu mai ap\u0103rea efecte ale supra-aglomer\u0103rii<\/em>\u201d. Tot atunci a fost aprobat\u0103 <a href=\"http:\/\/acteinterne.pmb.ro\/legis\/acteinterne\/acte_int\/afisint.php?f=39238\">o hot\u0103r\u00e2re pentru identificarea \u0219i achizi\u021bia unui imobil.<\/a> Doi ani mai t\u00e2rziu, loca\u021bia este \u00eenc\u0103 necunoscut\u0103.<\/p>\n\n\n\n<blockquote class=\"wp-block-quote is-layout-flow wp-block-quote-is-layout-flow\"><p>\u201eRelocarea Spitalul Clinic de Obstetric\u0103-Ginecologie \u201eProf. Dr. Panait S\u00eerbu\u201d &#8211; Maternitatea Giule\u0219ti, anuntata de Primarul General este un proces care se va derula \u00een perioada urm\u0103toare, proiectul fiind \u00eenc\u0103 \u00een faza de identificare a unei loca\u021bii adecvate.\u201d <\/p><cite>ne-a comunicat Biroul de Pres\u0103 PMB<\/cite><\/blockquote>\n\n\n\n<p><\/p>\n\n\n\n<p>Surs\u0103 cover: George C\u0103lin\/INQUAM<\/p>\n","protected":false},"excerpt":{"rendered":"<p>Chiar dac\u0103 au trecut mai bine de zece ani de la incendiul care a ucis \u0219ase bebelu\u0219i n\u0103scu\u021bi \u00een Maternitatea Giule\u0219ti, riscul unei noi tragedii nu a disp\u0103rut. Cel mai recent control ISU, din ianuarie 2020, arat\u0103 c\u0103 Spitalul Panait S\u00eerbu func\u021bioneaz\u0103 f\u0103r\u0103 autoriza\u021bie de securitate la incendiu, are probleme la instala\u021biile electrice, iar \u00een [&hellip;]<\/p>\n","protected":false},"author":6,"featured_media":16975,"comment_status":"closed","ping_status":"open","sticky":false,"template":"","format":"standard","meta":{"_acf_changed":false,"inline_featured_image":false,"ngg_post_thumbnail":0,"footnotes":""},"categories":[24,4,62],"tags":[2008,1865,2006,2007],"ppma_author":[22588],"class_list":["post-16972","post","type-post","status-publish","format-standard","has-post-thumbnail","hentry","category-primarie","category-sanatate","category-stiri","tag-autorizatie-isu","tag-autorizatie-la-incendiu","tag-maternitatea-giulesti","tag-spitalul-panait-sirbu"],"acf":[],"yoast_head":"<!-- This site is optimized with the Yoast SEO Premium plugin v25.3 (Yoast SEO v27.4) - https:\/\/yoast.com\/product\/yoast-seo-premium-wordpress\/ -->\n<title>Maternitatea Giule\u0219ti, f\u0103r\u0103 autoriza\u021bie de incendiu \u0219i cu instala\u021bii electrice problematice, la zece ani dup\u0103 incendiul care a ucis 6 nou-n\u0103scu\u021bi - Buletin de Bucure\u0219ti<\/title>\n<meta name=\"robots\" content=\"index, follow, max-snippet:-1, max-image-preview:large, max-video-preview:-1\" \/>\n<link rel=\"canonical\" href=\"https:\/\/buletin.de\/bucuresti\/maternitatea-giulesti-fara-autorizatie-de-incendiu-si-cu-instalatii-electrice-problematice-la-zece-ani-dupa-incendiul-care-a-ucis-6-nou-nascuti\/\" \/>\n<meta property=\"og:locale\" content=\"en_GB\" \/>\n<meta property=\"og:type\" content=\"article\" \/>\n<meta property=\"og:title\" content=\"Maternitatea Giule\u0219ti, f\u0103r\u0103 autoriza\u021bie de incendiu \u0219i cu instala\u021bii electrice problematice, la zece ani dup\u0103 incendiul care a ucis 6 nou-n\u0103scu\u021bi\" \/>\n<meta property=\"og:description\" content=\"Chiar dac\u0103 au trecut mai bine de zece ani de la incendiul care a ucis \u0219ase bebelu\u0219i n\u0103scu\u021bi \u00een Maternitatea Giule\u0219ti, riscul unei noi tragedii nu a disp\u0103rut. Cel mai recent control ISU, din ianuarie 2020, arat\u0103 c\u0103 Spitalul Panait S\u00eerbu func\u021bioneaz\u0103 f\u0103r\u0103 autoriza\u021bie de securitate la incendiu, are probleme la instala\u021biile electrice, iar \u00een [&hellip;]\" \/>\n<meta property=\"og:url\" content=\"https:\/\/buletin.de\/bucuresti\/maternitatea-giulesti-fara-autorizatie-de-incendiu-si-cu-instalatii-electrice-problematice-la-zece-ani-dupa-incendiul-care-a-ucis-6-nou-nascuti\/\" \/>\n<meta property=\"og:site_name\" content=\"Buletin de Bucure\u0219ti\" \/>\n<meta property=\"article:publisher\" content=\"https:\/\/www.facebook.com\/buletin.de.buc\" \/>\n<meta property=\"article:published_time\" content=\"2020-12-21T09:37:23+00:00\" \/>\n<meta property=\"article:modified_time\" content=\"2021-01-30T06:52:39+00:00\" \/>\n<meta property=\"og:image\" content=\"https:\/\/buletin.de\/bucuresti\/wp-content\/uploads\/ID42744_INQUAM_Photos_George_Calin-scaled.jpg\" \/>\n\t<meta property=\"og:image:width\" content=\"2560\" \/>\n\t<meta property=\"og:image:height\" content=\"1707\" \/>\n\t<meta property=\"og:image:type\" content=\"image\/jpeg\" \/>\n<meta name=\"author\" content=\"Bianca Albu\" \/>\n<meta name=\"twitter:card\" content=\"summary_large_image\" \/>\n<meta name=\"twitter:label1\" content=\"Written by\" \/>\n\t<meta name=\"twitter:data1\" content=\"Bianca Albu\" \/>\n\t<meta name=\"twitter:label2\" content=\"Estimated reading time\" \/>\n\t<meta name=\"twitter:data2\" content=\"4 minutes\" \/>\n<script type=\"application\/ld+json\" class=\"yoast-schema-graph\">{\"@context\":\"https:\\\/\\\/schema.org\",\"@graph\":[{\"@type\":\"Article\",\"@id\":\"https:\\\/\\\/buletin.de\\\/bucuresti\\\/maternitatea-giulesti-fara-autorizatie-de-incendiu-si-cu-instalatii-electrice-problematice-la-zece-ani-dupa-incendiul-care-a-ucis-6-nou-nascuti\\\/#article\",\"isPartOf\":{\"@id\":\"https:\\\/\\\/buletin.de\\\/bucuresti\\\/maternitatea-giulesti-fara-autorizatie-de-incendiu-si-cu-instalatii-electrice-problematice-la-zece-ani-dupa-incendiul-care-a-ucis-6-nou-nascuti\\\/\"},\"author\":{\"name\":\"Bianca Albu\",\"@id\":\"https:\\\/\\\/buletin.de\\\/bucuresti\\\/#\\\/schema\\\/person\\\/295dc2228d2dc79294d636619468dc7f\"},\"headline\":\"Maternitatea Giule\u0219ti, f\u0103r\u0103 autoriza\u021bie de incendiu \u0219i cu instala\u021bii electrice problematice, la zece ani dup\u0103 incendiul care a ucis 6 nou-n\u0103scu\u021bi\",\"datePublished\":\"2020-12-21T09:37:23+00:00\",\"dateModified\":\"2021-01-30T06:52:39+00:00\",\"mainEntityOfPage\":{\"@id\":\"https:\\\/\\\/buletin.de\\\/bucuresti\\\/maternitatea-giulesti-fara-autorizatie-de-incendiu-si-cu-instalatii-electrice-problematice-la-zece-ani-dupa-incendiul-care-a-ucis-6-nou-nascuti\\\/\"},\"wordCount\":873,\"publisher\":{\"@id\":\"https:\\\/\\\/buletin.de\\\/bucuresti\\\/#organization\"},\"image\":{\"@id\":\"https:\\\/\\\/buletin.de\\\/bucuresti\\\/maternitatea-giulesti-fara-autorizatie-de-incendiu-si-cu-instalatii-electrice-problematice-la-zece-ani-dupa-incendiul-care-a-ucis-6-nou-nascuti\\\/#primaryimage\"},\"thumbnailUrl\":\"https:\\\/\\\/buletin.de\\\/bucuresti\\\/wp-content\\\/uploads\\\/ID42744_INQUAM_Photos_George_Calin-scaled.jpg\",\"keywords\":[\"autorizatie isu\",\"autorizatie la incendiu\",\"maternitatea giulesti\",\"spitalul panait sirbu\"],\"articleSection\":[\"Prim\u0103rie\",\"S\u0103n\u0103tate\",\"\u0218tiri\"],\"inLanguage\":\"en-GB\",\"copyrightYear\":\"2020\",\"copyrightHolder\":{\"@id\":\"https:\\\/\\\/buletin.de\\\/bucuresti\\\/#organization\"}},{\"@type\":\"WebPage\",\"@id\":\"https:\\\/\\\/buletin.de\\\/bucuresti\\\/maternitatea-giulesti-fara-autorizatie-de-incendiu-si-cu-instalatii-electrice-problematice-la-zece-ani-dupa-incendiul-care-a-ucis-6-nou-nascuti\\\/\",\"url\":\"https:\\\/\\\/buletin.de\\\/bucuresti\\\/maternitatea-giulesti-fara-autorizatie-de-incendiu-si-cu-instalatii-electrice-problematice-la-zece-ani-dupa-incendiul-care-a-ucis-6-nou-nascuti\\\/\",\"name\":\"Maternitatea Giule\u0219ti, f\u0103r\u0103 autoriza\u021bie de incendiu \u0219i cu instala\u021bii electrice problematice, la zece ani dup\u0103 incendiul care a ucis 6 nou-n\u0103scu\u021bi - Buletin de Bucure\u0219ti\",\"isPartOf\":{\"@id\":\"https:\\\/\\\/buletin.de\\\/bucuresti\\\/#website\"},\"primaryImageOfPage\":{\"@id\":\"https:\\\/\\\/buletin.de\\\/bucuresti\\\/maternitatea-giulesti-fara-autorizatie-de-incendiu-si-cu-instalatii-electrice-problematice-la-zece-ani-dupa-incendiul-care-a-ucis-6-nou-nascuti\\\/#primaryimage\"},\"image\":{\"@id\":\"https:\\\/\\\/buletin.de\\\/bucuresti\\\/maternitatea-giulesti-fara-autorizatie-de-incendiu-si-cu-instalatii-electrice-problematice-la-zece-ani-dupa-incendiul-care-a-ucis-6-nou-nascuti\\\/#primaryimage\"},\"thumbnailUrl\":\"https:\\\/\\\/buletin.de\\\/bucuresti\\\/wp-content\\\/uploads\\\/ID42744_INQUAM_Photos_George_Calin-scaled.jpg\",\"datePublished\":\"2020-12-21T09:37:23+00:00\",\"dateModified\":\"2021-01-30T06:52:39+00:00\",\"breadcrumb\":{\"@id\":\"https:\\\/\\\/buletin.de\\\/bucuresti\\\/maternitatea-giulesti-fara-autorizatie-de-incendiu-si-cu-instalatii-electrice-problematice-la-zece-ani-dupa-incendiul-care-a-ucis-6-nou-nascuti\\\/#breadcrumb\"},\"inLanguage\":\"en-GB\",\"potentialAction\":[{\"@type\":\"ReadAction\",\"target\":[\"https:\\\/\\\/buletin.de\\\/bucuresti\\\/maternitatea-giulesti-fara-autorizatie-de-incendiu-si-cu-instalatii-electrice-problematice-la-zece-ani-dupa-incendiul-care-a-ucis-6-nou-nascuti\\\/\"]}]},{\"@type\":\"ImageObject\",\"inLanguage\":\"en-GB\",\"@id\":\"https:\\\/\\\/buletin.de\\\/bucuresti\\\/maternitatea-giulesti-fara-autorizatie-de-incendiu-si-cu-instalatii-electrice-problematice-la-zece-ani-dupa-incendiul-care-a-ucis-6-nou-nascuti\\\/#primaryimage\",\"url\":\"https:\\\/\\\/buletin.de\\\/bucuresti\\\/wp-content\\\/uploads\\\/ID42744_INQUAM_Photos_George_Calin-scaled.jpg\",\"contentUrl\":\"https:\\\/\\\/buletin.de\\\/bucuresti\\\/wp-content\\\/uploads\\\/ID42744_INQUAM_Photos_George_Calin-scaled.jpg\",\"width\":2560,\"height\":1707,\"caption\":\"Organizatia Salvati Copiii doneaza Maternitatii Giulesti un incubator de transport performant pentru copiii nascuti prematur, miercuri, 8 iunie 2016. Inquam Photos \\\/ George Calin\"},{\"@type\":\"BreadcrumbList\",\"@id\":\"https:\\\/\\\/buletin.de\\\/bucuresti\\\/maternitatea-giulesti-fara-autorizatie-de-incendiu-si-cu-instalatii-electrice-problematice-la-zece-ani-dupa-incendiul-care-a-ucis-6-nou-nascuti\\\/#breadcrumb\",\"itemListElement\":[{\"@type\":\"ListItem\",\"position\":1,\"name\":\"Acas\u0103\",\"item\":\"https:\\\/\\\/buletin.de\\\/bucuresti\\\/\"},{\"@type\":\"ListItem\",\"position\":2,\"name\":\"Maternitatea Giule\u0219ti, f\u0103r\u0103 autoriza\u021bie de incendiu \u0219i cu instala\u021bii electrice problematice, la zece ani dup\u0103 incendiul care a ucis 6 nou-n\u0103scu\u021bi\"}]},{\"@type\":\"WebSite\",\"@id\":\"https:\\\/\\\/buletin.de\\\/bucuresti\\\/#website\",\"url\":\"https:\\\/\\\/buletin.de\\\/bucuresti\\\/\",\"name\":\"Buletin de Bucure\u0219ti\",\"description\":\"\u0218tiri \u0219i investiga\u021bii esen\u021biale din capital\u0103\",\"publisher\":{\"@id\":\"https:\\\/\\\/buletin.de\\\/bucuresti\\\/#organization\"},\"potentialAction\":[{\"@type\":\"SearchAction\",\"target\":{\"@type\":\"EntryPoint\",\"urlTemplate\":\"https:\\\/\\\/buletin.de\\\/bucuresti\\\/?s={search_term_string}\"},\"query-input\":{\"@type\":\"PropertyValueSpecification\",\"valueRequired\":true,\"valueName\":\"search_term_string\"}}],\"inLanguage\":\"en-GB\"},{\"@type\":\"Organization\",\"@id\":\"https:\\\/\\\/buletin.de\\\/bucuresti\\\/#organization\",\"name\":\"Buletin de Bucure\u0219ti\",\"url\":\"https:\\\/\\\/buletin.de\\\/bucuresti\\\/\",\"logo\":{\"@type\":\"ImageObject\",\"inLanguage\":\"en-GB\",\"@id\":\"https:\\\/\\\/buletin.de\\\/bucuresti\\\/#\\\/schema\\\/logo\\\/image\\\/\",\"url\":\"https:\\\/\\\/buletin.de\\\/bucuresti\\\/wp-content\\\/uploads\\\/logo-bdb-full-wide-vernil-transparent.png\",\"contentUrl\":\"https:\\\/\\\/buletin.de\\\/bucuresti\\\/wp-content\\\/uploads\\\/logo-bdb-full-wide-vernil-transparent.png\",\"width\":1782,\"height\":626,\"caption\":\"Buletin de Bucure\u0219ti\"},\"image\":{\"@id\":\"https:\\\/\\\/buletin.de\\\/bucuresti\\\/#\\\/schema\\\/logo\\\/image\\\/\"},\"sameAs\":[\"https:\\\/\\\/www.facebook.com\\\/buletin.de.buc\",\"https:\\\/\\\/www.instagram.com\\\/buletinde.bucuresti\\\/\"]},{\"@type\":\"Person\",\"@id\":\"https:\\\/\\\/buletin.de\\\/bucuresti\\\/#\\\/schema\\\/person\\\/295dc2228d2dc79294d636619468dc7f\",\"name\":\"Bianca Albu\",\"image\":{\"@type\":\"ImageObject\",\"inLanguage\":\"en-GB\",\"@id\":\"https:\\\/\\\/secure.gravatar.com\\\/avatar\\\/3df2e34e20f529e6fd7be4311ee1f7c4ec4aa886971590baf6fa214b15743516?s=96&d=monsterid&r=gf541c715eeec409ce8101252a3c0d8a7\",\"url\":\"https:\\\/\\\/secure.gravatar.com\\\/avatar\\\/3df2e34e20f529e6fd7be4311ee1f7c4ec4aa886971590baf6fa214b15743516?s=96&d=monsterid&r=g\",\"contentUrl\":\"https:\\\/\\\/secure.gravatar.com\\\/avatar\\\/3df2e34e20f529e6fd7be4311ee1f7c4ec4aa886971590baf6fa214b15743516?s=96&d=monsterid&r=g\",\"caption\":\"Bianca Albu\"},\"description\":\"Reporter\",\"url\":\"https:\\\/\\\/buletin.de\\\/bucuresti\\\/author\\\/biancaalbu\\\/\"}]}<\/script>\n<!-- \/ Yoast SEO Premium plugin. -->","yoast_head_json":{"title":"Maternitatea Giule\u0219ti, f\u0103r\u0103 autoriza\u021bie de incendiu \u0219i cu instala\u021bii electrice problematice, la zece ani dup\u0103 incendiul care a ucis 6 nou-n\u0103scu\u021bi - Buletin de Bucure\u0219ti","robots":{"index":"index","follow":"follow","max-snippet":"max-snippet:-1","max-image-preview":"max-image-preview:large","max-video-preview":"max-video-preview:-1"},"canonical":"https:\/\/buletin.de\/bucuresti\/maternitatea-giulesti-fara-autorizatie-de-incendiu-si-cu-instalatii-electrice-problematice-la-zece-ani-dupa-incendiul-care-a-ucis-6-nou-nascuti\/","og_locale":"en_GB","og_type":"article","og_title":"Maternitatea Giule\u0219ti, f\u0103r\u0103 autoriza\u021bie de incendiu \u0219i cu instala\u021bii electrice problematice, la zece ani dup\u0103 incendiul care a ucis 6 nou-n\u0103scu\u021bi","og_description":"Chiar dac\u0103 au trecut mai bine de zece ani de la incendiul care a ucis \u0219ase bebelu\u0219i n\u0103scu\u021bi \u00een Maternitatea Giule\u0219ti, riscul unei noi tragedii nu a disp\u0103rut. Cel mai recent control ISU, din ianuarie 2020, arat\u0103 c\u0103 Spitalul Panait S\u00eerbu func\u021bioneaz\u0103 f\u0103r\u0103 autoriza\u021bie de securitate la incendiu, are probleme la instala\u021biile electrice, iar \u00een [&hellip;]","og_url":"https:\/\/buletin.de\/bucuresti\/maternitatea-giulesti-fara-autorizatie-de-incendiu-si-cu-instalatii-electrice-problematice-la-zece-ani-dupa-incendiul-care-a-ucis-6-nou-nascuti\/","og_site_name":"Buletin de Bucure\u0219ti","article_publisher":"https:\/\/www.facebook.com\/buletin.de.buc","article_published_time":"2020-12-21T09:37:23+00:00","article_modified_time":"2021-01-30T06:52:39+00:00","og_image":[{"width":2560,"height":1707,"url":"https:\/\/buletin.de\/bucuresti\/wp-content\/uploads\/ID42744_INQUAM_Photos_George_Calin-scaled.jpg","type":"image\/jpeg"}],"author":"Bianca Albu","twitter_card":"summary_large_image","twitter_misc":{"Written by":"Bianca Albu","Estimated reading time":"4 minutes"},"schema":{"@context":"https:\/\/schema.org","@graph":[{"@type":"Article","@id":"https:\/\/buletin.de\/bucuresti\/maternitatea-giulesti-fara-autorizatie-de-incendiu-si-cu-instalatii-electrice-problematice-la-zece-ani-dupa-incendiul-care-a-ucis-6-nou-nascuti\/#article","isPartOf":{"@id":"https:\/\/buletin.de\/bucuresti\/maternitatea-giulesti-fara-autorizatie-de-incendiu-si-cu-instalatii-electrice-problematice-la-zece-ani-dupa-incendiul-care-a-ucis-6-nou-nascuti\/"},"author":{"name":"Bianca Albu","@id":"https:\/\/buletin.de\/bucuresti\/#\/schema\/person\/295dc2228d2dc79294d636619468dc7f"},"headline":"Maternitatea Giule\u0219ti, f\u0103r\u0103 autoriza\u021bie de incendiu \u0219i cu instala\u021bii electrice problematice, la zece ani dup\u0103 incendiul care a ucis 6 nou-n\u0103scu\u021bi","datePublished":"2020-12-21T09:37:23+00:00","dateModified":"2021-01-30T06:52:39+00:00","mainEntityOfPage":{"@id":"https:\/\/buletin.de\/bucuresti\/maternitatea-giulesti-fara-autorizatie-de-incendiu-si-cu-instalatii-electrice-problematice-la-zece-ani-dupa-incendiul-care-a-ucis-6-nou-nascuti\/"},"wordCount":873,"publisher":{"@id":"https:\/\/buletin.de\/bucuresti\/#organization"},"image":{"@id":"https:\/\/buletin.de\/bucuresti\/maternitatea-giulesti-fara-autorizatie-de-incendiu-si-cu-instalatii-electrice-problematice-la-zece-ani-dupa-incendiul-care-a-ucis-6-nou-nascuti\/#primaryimage"},"thumbnailUrl":"https:\/\/buletin.de\/bucuresti\/wp-content\/uploads\/ID42744_INQUAM_Photos_George_Calin-scaled.jpg","keywords":["autorizatie isu","autorizatie la incendiu","maternitatea giulesti","spitalul panait sirbu"],"articleSection":["Prim\u0103rie","S\u0103n\u0103tate","\u0218tiri"],"inLanguage":"en-GB","copyrightYear":"2020","copyrightHolder":{"@id":"https:\/\/buletin.de\/bucuresti\/#organization"}},{"@type":"WebPage","@id":"https:\/\/buletin.de\/bucuresti\/maternitatea-giulesti-fara-autorizatie-de-incendiu-si-cu-instalatii-electrice-problematice-la-zece-ani-dupa-incendiul-care-a-ucis-6-nou-nascuti\/","url":"https:\/\/buletin.de\/bucuresti\/maternitatea-giulesti-fara-autorizatie-de-incendiu-si-cu-instalatii-electrice-problematice-la-zece-ani-dupa-incendiul-care-a-ucis-6-nou-nascuti\/","name":"Maternitatea Giule\u0219ti, f\u0103r\u0103 autoriza\u021bie de incendiu \u0219i cu instala\u021bii electrice problematice, la zece ani dup\u0103 incendiul care a ucis 6 nou-n\u0103scu\u021bi - Buletin de Bucure\u0219ti","isPartOf":{"@id":"https:\/\/buletin.de\/bucuresti\/#website"},"primaryImageOfPage":{"@id":"https:\/\/buletin.de\/bucuresti\/maternitatea-giulesti-fara-autorizatie-de-incendiu-si-cu-instalatii-electrice-problematice-la-zece-ani-dupa-incendiul-care-a-ucis-6-nou-nascuti\/#primaryimage"},"image":{"@id":"https:\/\/buletin.de\/bucuresti\/maternitatea-giulesti-fara-autorizatie-de-incendiu-si-cu-instalatii-electrice-problematice-la-zece-ani-dupa-incendiul-care-a-ucis-6-nou-nascuti\/#primaryimage"},"thumbnailUrl":"https:\/\/buletin.de\/bucuresti\/wp-content\/uploads\/ID42744_INQUAM_Photos_George_Calin-scaled.jpg","datePublished":"2020-12-21T09:37:23+00:00","dateModified":"2021-01-30T06:52:39+00:00","breadcrumb":{"@id":"https:\/\/buletin.de\/bucuresti\/maternitatea-giulesti-fara-autorizatie-de-incendiu-si-cu-instalatii-electrice-problematice-la-zece-ani-dupa-incendiul-care-a-ucis-6-nou-nascuti\/#breadcrumb"},"inLanguage":"en-GB","potentialAction":[{"@type":"ReadAction","target":["https:\/\/buletin.de\/bucuresti\/maternitatea-giulesti-fara-autorizatie-de-incendiu-si-cu-instalatii-electrice-problematice-la-zece-ani-dupa-incendiul-care-a-ucis-6-nou-nascuti\/"]}]},{"@type":"ImageObject","inLanguage":"en-GB","@id":"https:\/\/buletin.de\/bucuresti\/maternitatea-giulesti-fara-autorizatie-de-incendiu-si-cu-instalatii-electrice-problematice-la-zece-ani-dupa-incendiul-care-a-ucis-6-nou-nascuti\/#primaryimage","url":"https:\/\/buletin.de\/bucuresti\/wp-content\/uploads\/ID42744_INQUAM_Photos_George_Calin-scaled.jpg","contentUrl":"https:\/\/buletin.de\/bucuresti\/wp-content\/uploads\/ID42744_INQUAM_Photos_George_Calin-scaled.jpg","width":2560,"height":1707,"caption":"Organizatia Salvati Copiii doneaza Maternitatii Giulesti un incubator de transport performant pentru copiii nascuti prematur, miercuri, 8 iunie 2016. Inquam Photos \/ George Calin"},{"@type":"BreadcrumbList","@id":"https:\/\/buletin.de\/bucuresti\/maternitatea-giulesti-fara-autorizatie-de-incendiu-si-cu-instalatii-electrice-problematice-la-zece-ani-dupa-incendiul-care-a-ucis-6-nou-nascuti\/#breadcrumb","itemListElement":[{"@type":"ListItem","position":1,"name":"Acas\u0103","item":"https:\/\/buletin.de\/bucuresti\/"},{"@type":"ListItem","position":2,"name":"Maternitatea Giule\u0219ti, f\u0103r\u0103 autoriza\u021bie de incendiu \u0219i cu instala\u021bii electrice problematice, la zece ani dup\u0103 incendiul care a ucis 6 nou-n\u0103scu\u021bi"}]},{"@type":"WebSite","@id":"https:\/\/buletin.de\/bucuresti\/#website","url":"https:\/\/buletin.de\/bucuresti\/","name":"Buletin de Bucure\u0219ti","description":"\u0218tiri \u0219i investiga\u021bii esen\u021biale din capital\u0103","publisher":{"@id":"https:\/\/buletin.de\/bucuresti\/#organization"},"potentialAction":[{"@type":"SearchAction","target":{"@type":"EntryPoint","urlTemplate":"https:\/\/buletin.de\/bucuresti\/?s={search_term_string}"},"query-input":{"@type":"PropertyValueSpecification","valueRequired":true,"valueName":"search_term_string"}}],"inLanguage":"en-GB"},{"@type":"Organization","@id":"https:\/\/buletin.de\/bucuresti\/#organization","name":"Buletin de Bucure\u0219ti","url":"https:\/\/buletin.de\/bucuresti\/","logo":{"@type":"ImageObject","inLanguage":"en-GB","@id":"https:\/\/buletin.de\/bucuresti\/#\/schema\/logo\/image\/","url":"https:\/\/buletin.de\/bucuresti\/wp-content\/uploads\/logo-bdb-full-wide-vernil-transparent.png","contentUrl":"https:\/\/buletin.de\/bucuresti\/wp-content\/uploads\/logo-bdb-full-wide-vernil-transparent.png","width":1782,"height":626,"caption":"Buletin de Bucure\u0219ti"},"image":{"@id":"https:\/\/buletin.de\/bucuresti\/#\/schema\/logo\/image\/"},"sameAs":["https:\/\/www.facebook.com\/buletin.de.buc","https:\/\/www.instagram.com\/buletinde.bucuresti\/"]},{"@type":"Person","@id":"https:\/\/buletin.de\/bucuresti\/#\/schema\/person\/295dc2228d2dc79294d636619468dc7f","name":"Bianca Albu","image":{"@type":"ImageObject","inLanguage":"en-GB","@id":"https:\/\/secure.gravatar.com\/avatar\/3df2e34e20f529e6fd7be4311ee1f7c4ec4aa886971590baf6fa214b15743516?s=96&d=monsterid&r=gf541c715eeec409ce8101252a3c0d8a7","url":"https:\/\/secure.gravatar.com\/avatar\/3df2e34e20f529e6fd7be4311ee1f7c4ec4aa886971590baf6fa214b15743516?s=96&d=monsterid&r=g","contentUrl":"https:\/\/secure.gravatar.com\/avatar\/3df2e34e20f529e6fd7be4311ee1f7c4ec4aa886971590baf6fa214b15743516?s=96&d=monsterid&r=g","caption":"Bianca Albu"},"description":"Reporter","url":"https:\/\/buletin.de\/bucuresti\/author\/biancaalbu\/"}]}},"authors":[{"term_id":22588,"user_id":6,"is_guest":0,"slug":"biancaalbu","display_name":"Bianca Albu","avatar_url":"https:\/\/secure.gravatar.com\/avatar\/3df2e34e20f529e6fd7be4311ee1f7c4ec4aa886971590baf6fa214b15743516?s=96&d=monsterid&r=g","0":null,"1":"","2":"","3":"","4":"","5":"","6":"","7":"","8":""}],"_links":{"self":[{"href":"https:\/\/buletin.de\/bucuresti\/wp-json\/wp\/v2\/posts\/16972","targetHints":{"allow":["GET"]}}],"collection":[{"href":"https:\/\/buletin.de\/bucuresti\/wp-json\/wp\/v2\/posts"}],"about":[{"href":"https:\/\/buletin.de\/bucuresti\/wp-json\/wp\/v2\/types\/post"}],"author":[{"embeddable":true,"href":"https:\/\/buletin.de\/bucuresti\/wp-json\/wp\/v2\/users\/6"}],"replies":[{"embeddable":true,"href":"https:\/\/buletin.de\/bucuresti\/wp-json\/wp\/v2\/comments?post=16972"}],"version-history":[{"count":9,"href":"https:\/\/buletin.de\/bucuresti\/wp-json\/wp\/v2\/posts\/16972\/revisions"}],"predecessor-version":[{"id":19154,"href":"https:\/\/buletin.de\/bucuresti\/wp-json\/wp\/v2\/posts\/16972\/revisions\/19154"}],"wp:featuredmedia":[{"embeddable":true,"href":"https:\/\/buletin.de\/bucuresti\/wp-json\/wp\/v2\/media\/16975"}],"wp:attachment":[{"href":"https:\/\/buletin.de\/bucuresti\/wp-json\/wp\/v2\/media?parent=16972"}],"wp:term":[{"taxonomy":"category","embeddable":true,"href":"https:\/\/buletin.de\/bucuresti\/wp-json\/wp\/v2\/categories?post=16972"},{"taxonomy":"post_tag","embeddable":true,"href":"https:\/\/buletin.de\/bucuresti\/wp-json\/wp\/v2\/tags?post=16972"},{"taxonomy":"author","embeddable":true,"href":"https:\/\/buletin.de\/bucuresti\/wp-json\/wp\/v2\/ppma_author?post=16972"}],"curies":[{"name":"wp","href":"https:\/\/api.w.org\/{rel}","templated":true}]}}