{"id":169652,"date":"2026-01-31T03:56:00","date_gmt":"2026-01-31T00:56:00","guid":{"rendered":"https:\/\/buletin.de\/bucuresti\/?p=169652"},"modified":"2026-01-30T12:21:48","modified_gmt":"2026-01-30T09:21:48","slug":"george-tuta-va-avea-mai-mult-control-asupra-locuintelor-sociale-din-sectorul-1-61-de-apartamente-libere-dupa-ce-1-900-de-oameni-au-cerut-o-locuinta","status":"publish","type":"post","link":"https:\/\/buletin.de\/bucuresti\/george-tuta-va-avea-mai-mult-control-asupra-locuintelor-sociale-din-sectorul-1-61-de-apartamente-libere-dupa-ce-1-900-de-oameni-au-cerut-o-locuinta\/","title":{"rendered":"George Tu\u021b\u0103 va avea mai mult control asupra locuin\u021belor sociale din Sectorul 1. 61 de apartamente libere, dup\u0103 ce 1.900 de oameni au cerut o locuin\u021b\u0103"},"content":{"rendered":"\n<p><strong>Consiliul Local al Sectorului 1 a adoptat recent o hot\u0103r\u00e2re care schimb\u0103 modul \u00een care sunt gestionate contractele pentru \u00eenchirierea apartamentelor destinate persoanelor vulnerabile. \u00cen fapt, aparatul primarului George Tu\u021b\u0103 va c\u0103p\u0103ta mai mult control asupra locuin\u021belor sociale din Sectorul 1.<\/strong><\/p>\n\n\n\n<p><strong>Mai precis, atribu\u021biile privind \u00eencheierea, derularea \u0219i \u00eencetarea acestora vor fi transferate de la Direc\u021bia General\u0103 de Asisten\u021b\u0103 Social\u0103 \u0219i Protec\u021bia Copilului (DGASPC) c\u0103tre o structur\u0103 din aparatul de specialitate al primarului George Tu\u021b\u0103. <\/strong><\/p>\n\n\n\n<p>Totu\u0219i, DGASPC Sector 1 \u00ee\u0219i va p\u0103stra rolul \u00een etapa de atribuire a locuin\u021belor sociale. Datele ob\u021binute de reporterii <strong>Buletin de Bucure\u0219ti <\/strong>arat\u0103 c\u0103 la Prim\u0103ria Sectorului 1 au fost depuse peste 1.900 de cereri pentru ob\u021binerea unei locuin\u021be, \u00een timp ce mai sunt doar 61 de apartamente libere. <\/p>\n\n\n\n<h2 class=\"wp-block-heading\" id=\"h-aparatul-primarului-mai-mult-control-asupra-locuin\u021belor-sociale-din-sectorul-1\"><strong>Aparatul primarului, mai mult control asupra locuin\u021belor sociale<\/strong> din Sectorul 1<\/h2>\n\n\n\n<p>\u00cencep\u00e2nd cu intrarea \u00een vigoare a hot\u0103r\u00e2rii, adoptat\u0103 cu 25 de voturi pentru \u0219i o ab\u021binere, gestionarea contractelor de \u00eenchiriere pentru locuin\u021bele sociale va fi realizat\u0103 de Serviciul Fond Imobiliar \u0219i Parc\u0103ri din cadrul Direc\u021biei Generale de Impozite \u0219i Taxe Locale a Sectorului 1. Serviciul se afl\u0103 \u00een directa r\u0103spundere a primarului George Tu\u021b\u0103 (PNL). <\/p>\n\n\n\n<p>Aceast\u0103 structur\u0103 va avea responsabilit\u0103\u021bi precum \u00eentocmirea \u0219i administrarea contractelor \u0219i a actelor adi\u021bionale, calcularea \u0219i actualizarea chiriilor, monitorizarea pl\u0103\u021bii obliga\u021biilor contractuale, precum \u0219i ini\u021bierea procedurilor de reziliere sau recuperare a debitelor, atunci c\u00e2nd este cazul, dup\u0103 cum urmeaz\u0103. <\/p>\n\n\n\n<ul class=\"wp-block-list\">\n<li><em>\u00eencheierea contractelor de \u00eenchiriere pentru locuin\u021bele sociale \u0219i a actelor adi\u021bionale aferente;<\/em><\/li>\n\n\n\n<li><em><strong>supune contractele de \u00eenchiriere spre aprobare \u0219i semnare primarului Sectorului 1<\/strong><\/em>;<\/li>\n\n\n\n<li><em>administrarea contractelor de \u00eenchiriere aflate \u00een derulare;<\/em><\/li>\n\n\n\n<li><em>calcularea, actualizarea \u0219i eviden\u021ba chiriilor \u0219i a altor obliga\u021bii contractuale;<\/em><\/li>\n\n\n\n<li><em>urm\u0103rirea \u00eencas\u0103rii chiriilor \u0219i a debitelor restante;<\/em><\/li>\n\n\n\n<li><em>ini\u021bierea procedurilor de reziliere a contractelor, \u00een caz de ne\u00eendeplinire a obliga\u021biilor de c\u0103tre chiria\u0219i;<\/em><\/li>\n\n\n\n<li><em>preluarea tuturor contractelor, dosarelor \u0219i documentelor aferente de la DGASPC Sector 1;<\/em><\/li>\n\n\n\n<li><em>preluarea calit\u0103\u021bii de locator \u0219i subrogarea \u00een drepturile \u0219i obliga\u021biile DGASPC \u00een litigiile aflate pe rolul instan\u021belor.<\/em><\/li>\n<\/ul>\n\n\n\n<p><strong>DGASPC Sector 1 \u00ee\u0219i va p\u0103stra rolul \u00een etapa de atribuire a locuin\u021belor sociale. Institu\u021bia va continua s\u0103 primeasc\u0103 \u0219i s\u0103 verifice cererile, s\u0103 gestioneze dosarele solicitan\u021bilor, s\u0103 participe la procesul de selec\u021bie \u0219i s\u0103 asigure suportul tehnic pentru comisia care stabile\u0219te listele de priorit\u0103\u021bi. <\/strong><\/p>\n\n\n\n<p>Tot DGASPC va r\u0103m\u00e2ne responsabil\u0103 de administrarea propriu-zis\u0103 a imobilelor, inclusiv de \u00eentre\u021binere, repara\u021bii \u0219i rela\u021bia social\u0103 cu beneficiarii. <\/p>\n\n\n\n<p><strong>Conform raportului de specialitate, toate contractele aflate \u00een derulare \u0219i dosarele de solicitare a locuin\u021belor sociale vor fi predate noii structuri \u00een termen de 60 de zile de la intrarea \u00een vigoare a hot\u0103r\u00e2rii, pe baz\u0103 de proces-verbal. <\/strong><\/p>\n\n\n\n<p>Ulterior, vor fi \u00eencheiate acte adi\u021bionale pentru schimbarea locatorului, astfel \u00eenc\u00e2t Sectorul 1 s\u0103 preia oficial acest rol. De asemenea, potrivit referatelor de aprobare \u0219i rapoartelor de specialitate, modificarea este justificat\u0103 de reorganizarea recent\u0103 a DGASPC Sector 1 \u0219i de necesitatea clarific\u0103rii atribu\u021biilor administrative. <\/p>\n\n\n\n<p><strong>CITE\u0218TE \u0218I: <a href=\"https:\/\/buletin.de\/bucuresti\/thuma-ii-cere-lui-bolojan-majorarea-fondurilor-cu-500-fata-de-2025-pentru-ilfov-si-invoca-modelul-de-la-oradea\/\" target=\"_blank\" rel=\"noreferrer noopener\">Tensiuni \u00een PNL pe banii publici: Thuma, condamnat pentru corup\u021bie, \u00eei cere lui Bolojan majorarea fondurilor cu 500% fa\u021b\u0103 de 2025 pentru Ilfov \u0219i invoc\u0103 \u201emodelul de la Oradea\u201d<\/a><\/strong><\/p>\n\n\n\n<h2 class=\"wp-block-heading\" id=\"h-61-de-apartamente-libere-dupa-ce-1-900-de-oameni-au-cerut-o-locuin\u021ba-in-sectorul-1\"><strong>61 de apartamente libere, dup\u0103 ce 1.900 de oameni au cerut o locuin\u021b\u0103 \u00een Sectorul 1<\/strong><\/h2>\n\n\n\n<p><strong>Toate prim\u0103riile de sector sunt obligate s\u0103 ofere, lun\u0103 de lun\u0103, informa\u021bii cu privire la situa\u021bia locuin\u021belor sociale Direc\u021biei Spa\u021biu Locativ \u0219i cu Alt\u0103 Destina\u021bie (DSLAD) din cadrul Prim\u0103riei Capitalei.<\/strong><\/p>\n\n\n\n<p>DSLAD a publicat situa\u021bia pe luna decembrie 2025, iar datele Sectorului 1 arat\u0103 \u00eengrijor\u0103tor. Peste 1.900 de persoane au depus solicit\u0103ri pentru a ob\u021bine un apartamente social, \u00eens\u0103 institu\u021bia sus\u021bine c\u0103 mai sunt libere doar 61 de locuri.<\/p>\n\n\n\n<figure class=\"wp-block-image size-full\"><a href=\"https:\/\/buletin.de\/bucuresti\/wp-content\/uploads\/2026\/01\/Screenshot-2026-01-27-at-14.24.39-1.png\"><img fetchpriority=\"high\" decoding=\"async\" width=\"1132\" height=\"701\" src=\"data:image\/gif;base64,R0lGODlhAQABAAAAACH5BAEKAAEALAAAAAABAAEAAAICTAEAOw==\" data-src=\"https:\/\/buletin.de\/bucuresti\/wp-content\/uploads\/2026\/01\/Screenshot-2026-01-27-at-14.24.39-1.png\" alt=\"\" class=\"wp-image-169675 lazyload\" data-sizes=\"auto\" data-srcset=\"https:\/\/buletin.de\/bucuresti\/wp-content\/uploads\/2026\/01\/Screenshot-2026-01-27-at-14.24.39-1.png 1132w, https:\/\/buletin.de\/bucuresti\/wp-content\/uploads\/2026\/01\/Screenshot-2026-01-27-at-14.24.39-1-300x186.png 300w, https:\/\/buletin.de\/bucuresti\/wp-content\/uploads\/2026\/01\/Screenshot-2026-01-27-at-14.24.39-1-1000x619.png 1000w, https:\/\/buletin.de\/bucuresti\/wp-content\/uploads\/2026\/01\/Screenshot-2026-01-27-at-14.24.39-1-768x476.png 768w, https:\/\/buletin.de\/bucuresti\/wp-content\/uploads\/2026\/01\/Screenshot-2026-01-27-at-14.24.39-1-1100x681.png 1100w, https:\/\/buletin.de\/bucuresti\/wp-content\/uploads\/2026\/01\/Screenshot-2026-01-27-at-14.24.39-1-600x372.png 600w, https:\/\/buletin.de\/bucuresti\/wp-content\/uploads\/2026\/01\/Screenshot-2026-01-27-at-14.24.39-1-20x12.png 20w\" sizes=\"(max-width: 1132px) 100vw, 1132px\" \/><\/a><figcaption class=\"wp-element-caption\"><em>Captur\u0103 de ecran cu num\u0103rul total de cereri \u00eenregistrate pe raza Sectorului 1, conform datelor publicate de DSLAD. <\/em><\/figcaption><\/figure>\n\n\n\n<p><a href=\"https:\/\/activewatch.ro\/publicatii\/locuirea-precara-si-locuirea-sociala-in-bucuresti\/\" target=\"_blank\" rel=\"noreferrer noopener\">Active Watch <\/a>a ar\u0103tat, \u00eentr-un raport pe locuire social\u0103 scris de doctorul \u00een sociologie Irina Zamfirescu \u00een 2023, c\u0103 din 2010 \u0219i p\u00e2n\u0103 \u00een 2022, Prim\u0103ria Sector 1 a reu\u0219it s\u0103 acopere 7,7% din num\u0103rul total de dosare \u00eenregistrate.<\/p>\n\n\n\n<p>\u00cen acela\u0219i raport se sus\u021bine \u0219i c\u0103 \u00een ultimii 12 ani, Prim\u0103ria Sector 1 a cump\u0103rat 215 apartamente cu scopul de a le pune \u00een circuitul social (2011 \u0219i \u00een 2012).<\/p>\n\n\n\n<h2 class=\"wp-block-heading\" id=\"h-in-otopeni-colegul-de-partid-al-primarului-tu\u021ba-a-impar\u021bit-apartamentele-sociale-apropia\u021bilor-sai\"><strong>\u00cen Otopeni, colegul de partid al primarului Tu\u021b\u0103 a \u00eemp\u0103r\u021bit apartamentele sociale apropia\u021bilor s\u0103i<\/strong><\/h2>\n\n\n\n<p><strong>\u00centr-o documentare care s-a \u00eentins pe mai mult de patru luni, reporterii Buletin de Bucure\u0219ti au descoperit c\u0103 parte din apartamentele sociale ale Prim\u0103riei Otopeni sunt ocupate de oameni de la v\u00e2rful autorit\u0103\u021bii locale \u0219i din jurul primarului \u00een func\u021bie, consilieri locali, directori de institu\u021bii, preo\u021bi, fo\u0219ti angaja\u021bi \u00een administra\u021bia local\u0103 ori membri de partid.<\/strong><\/p>\n\n\n\n<p>Chiriile lunare pentru astfel de locuin\u021be, a c\u0103ror suprafa\u021b\u0103 dep\u0103\u0219e\u0219te \u00een multe cazuri 100 de metri p\u0103tra\u021bi, sunt sub 160 de lei pe lun\u0103. \u00cen plus, agentul termic furnizat din re\u021beaua local\u0103 este subven\u021bionat de la bugetul ora\u0219ului.<\/p>\n\n\n\n<p>\u00cen Otopeni, spre exemplu, pre\u021bul chiriilor pentru apartamente similare variaz\u0103 \u00eentre 2.500 \u0219i 3.500 de lei pe lun\u0103. Adic\u0103 de cel pu\u021bin 23 de ori mai mult.<\/p>\n\n\n\n<p><strong>Buletin de Bucure\u0219ti a vorbit cu c\u00e2\u021biva beneficiari de lux ai unor astfel de locuin\u021be sociale \u0219i, cu toate c\u0103 standardul lor de via\u021b\u0103 este foarte ridicat, to\u021bi au considerat c\u0103 merit\u0103 acest tip de protec\u021bie social\u0103.<\/strong><\/p>\n\n\n\n<p>\u00centre timp, oamenii care chiar au nevoie de locuin\u021be sociale sunt ignora\u021bi de autoritatea local\u0103 \u0219i uita\u021bi \u00een condi\u021bii dincolo de limita s\u0103r\u0103ciei.<\/p>\n\n\n\n<p>Astfel, ca s\u0103 evite \u201ecomplica\u021biile\u201d&nbsp;sau pentru a favoriza anumi\u021bi oameni, autorit\u0103\u021bile locale din Otopeni au preferat s\u0103 nu-i ajute pe cei mai vulnerabili cet\u0103\u021beni s\u0103 depun\u0103 dosare pentru ob\u021binerea unor astfel de locuin\u021be. Iar asta este o practic\u0103 foarte des \u00eent\u00e2lnit\u0103 la nivelul \u00eentregii \u021b\u0103ri, spun exper\u021bii consulta\u021bi de Buletin de Bucure\u0219ti.<\/p>\n\n\n\n<figure class=\"wp-block-embed is-type-video is-provider-youtube wp-block-embed-youtube wp-embed-aspect-16-9 wp-has-aspect-ratio\"><div class=\"wp-block-embed__wrapper\">\n<iframe title=\"INVESTIGA\u021aIE. Clanul \u201eS\u0103rmanilor\u201d. Cum ajung apartamentele sociale din Otopeni la oamenii primarului\" width=\"1200\" height=\"675\" src=\"https:\/\/www.youtube.com\/embed\/YMk69JM5Kfc?feature=oembed\" frameborder=\"0\" allow=\"accelerometer; autoplay; clipboard-write; encrypted-media; gyroscope; picture-in-picture; web-share\" referrerpolicy=\"strict-origin-when-cross-origin\" allowfullscreen><\/iframe>\n<\/div><\/figure>\n\n\n\n<p><strong>CITE\u0218TE \u0218I: <a href=\"https:\/\/buletin.de\/bucuresti\/o-agentie-a-guvernului-controleaza-consiliul-local-al-sectorului-1-pentru-modul-cum-sunt-numite-conducerile-a-doua-societati-din-subordine\/\" target=\"_blank\" rel=\"noreferrer noopener\">O agen\u021bie a Guvernului controleaz\u0103 Consiliul Local al Sectorului 1 pentru modul cum sunt numite conducerile a dou\u0103 societ\u0103\u021bi din subordine<\/a><\/strong><\/p>\n","protected":false},"excerpt":{"rendered":"<p>Consiliul Local al Sectorului 1 a adoptat recent o hot\u0103r\u00e2re care schimb\u0103 modul \u00een care sunt gestionate contractele pentru \u00eenchirierea apartamentelor destinate persoanelor vulnerabile. \u00cen fapt, aparatul primarului George Tu\u021b\u0103 va c\u0103p\u0103ta mai mult control asupra locuin\u021belor sociale din Sectorul 1. Mai precis, atribu\u021biile privind \u00eencheierea, derularea \u0219i \u00eencetarea acestora vor fi transferate de la [&hellip;]<\/p>\n","protected":false},"author":17,"featured_media":169687,"comment_status":"closed","ping_status":"open","sticky":false,"template":"","format":"standard","meta":{"_acf_changed":false,"inline_featured_image":false,"ngg_post_thumbnail":0,"footnotes":""},"categories":[6994,1432,3419,24],"tags":[22558,2063,2054,3017,6165,16548,26062,2740,26060,26061],"ppma_author":[22576],"class_list":["post-169652","post","type-post","status-publish","format-standard","has-post-thumbnail","hentry","category-stiri-2","category-buletin-de-ilfov","category-featured","category-primarie","tag-apartamente-sociale","tag-bucuresti-2","tag-capitala","tag-consiliul-local","tag-dgaspc-sector-1","tag-george-tuta-2","tag-hcl","tag-locuinte-sociale-2","tag-locuire-sociala","tag-mai-mult-control"],"acf":[],"yoast_head":"<!-- This site is optimized with the Yoast SEO Premium plugin v25.3 (Yoast SEO v27.5) - https:\/\/yoast.com\/product\/yoast-seo-premium-wordpress\/ -->\n<title>George Tu\u021b\u0103 va avea mai mult control asupra locuin\u021belor sociale din Sectorul 1. 61 de apartamente libere, dup\u0103 ce 1.900 de oameni au cerut o locuin\u021b\u0103 - Buletin de Bucure\u0219ti<\/title>\n<meta name=\"description\" content=\"George Tu\u021b\u0103 va avea mai mult control asupra locuin\u021belor sociale din Sectorul 1. 61 de apartamente libere, 1.900 de solicit\u0103ri.\" \/>\n<meta name=\"robots\" content=\"index, follow, max-snippet:-1, max-image-preview:large, max-video-preview:-1\" \/>\n<link rel=\"canonical\" href=\"https:\/\/buletin.de\/bucuresti\/george-tuta-va-avea-mai-mult-control-asupra-locuintelor-sociale-din-sectorul-1-61-de-apartamente-libere-dupa-ce-1-900-de-oameni-au-cerut-o-locuinta\/\" \/>\n<meta property=\"og:locale\" content=\"en_GB\" \/>\n<meta property=\"og:type\" content=\"article\" \/>\n<meta property=\"og:title\" content=\"George Tu\u021b\u0103 va avea mai mult control asupra locuin\u021belor sociale din Sectorul 1. 61 de apartamente libere, dup\u0103 ce 1.900 de oameni au cerut o locuin\u021b\u0103\" \/>\n<meta property=\"og:description\" content=\"George Tu\u021b\u0103 va avea mai mult control asupra locuin\u021belor sociale din Sectorul 1. 61 de apartamente libere, 1.900 de solicit\u0103ri.\" \/>\n<meta property=\"og:url\" content=\"https:\/\/buletin.de\/bucuresti\/george-tuta-va-avea-mai-mult-control-asupra-locuintelor-sociale-din-sectorul-1-61-de-apartamente-libere-dupa-ce-1-900-de-oameni-au-cerut-o-locuinta\/\" \/>\n<meta property=\"og:site_name\" content=\"Buletin de Bucure\u0219ti\" \/>\n<meta property=\"article:publisher\" content=\"https:\/\/www.facebook.com\/buletin.de.buc\" \/>\n<meta property=\"article:published_time\" content=\"2026-01-31T00:56:00+00:00\" \/>\n<meta property=\"og:image\" content=\"https:\/\/buletin.de\/bucuresti\/wp-content\/uploads\/2026\/01\/ID317573_INQUAM_Photos_Octav_Ganea-scaled.jpg\" \/>\n\t<meta property=\"og:image:width\" content=\"2560\" \/>\n\t<meta property=\"og:image:height\" content=\"1707\" \/>\n\t<meta property=\"og:image:type\" content=\"image\/jpeg\" \/>\n<meta name=\"author\" content=\"Florin R\u00e2\u0219teiu\" \/>\n<meta name=\"twitter:card\" content=\"summary_large_image\" \/>\n<meta name=\"twitter:label1\" content=\"Written by\" \/>\n\t<meta name=\"twitter:data1\" content=\"Florin R\u00e2\u0219teiu\" \/>\n\t<meta name=\"twitter:label2\" content=\"Estimated reading time\" \/>\n\t<meta name=\"twitter:data2\" content=\"5 minutes\" \/>\n<script type=\"application\/ld+json\" class=\"yoast-schema-graph\">{\"@context\":\"https:\\\/\\\/schema.org\",\"@graph\":[{\"@type\":\"Article\",\"@id\":\"https:\\\/\\\/buletin.de\\\/bucuresti\\\/george-tuta-va-avea-mai-mult-control-asupra-locuintelor-sociale-din-sectorul-1-61-de-apartamente-libere-dupa-ce-1-900-de-oameni-au-cerut-o-locuinta\\\/#article\",\"isPartOf\":{\"@id\":\"https:\\\/\\\/buletin.de\\\/bucuresti\\\/george-tuta-va-avea-mai-mult-control-asupra-locuintelor-sociale-din-sectorul-1-61-de-apartamente-libere-dupa-ce-1-900-de-oameni-au-cerut-o-locuinta\\\/\"},\"author\":{\"name\":\"Florin R\u00e2\u0219teiu\",\"@id\":\"https:\\\/\\\/buletin.de\\\/bucuresti\\\/#\\\/schema\\\/person\\\/b0686d7a8b666c6afc78239777fd8a89\"},\"headline\":\"George Tu\u021b\u0103 va avea mai mult control asupra locuin\u021belor sociale din Sectorul 1. 61 de apartamente libere, dup\u0103 ce 1.900 de oameni au cerut o locuin\u021b\u0103\",\"datePublished\":\"2026-01-31T00:56:00+00:00\",\"mainEntityOfPage\":{\"@id\":\"https:\\\/\\\/buletin.de\\\/bucuresti\\\/george-tuta-va-avea-mai-mult-control-asupra-locuintelor-sociale-din-sectorul-1-61-de-apartamente-libere-dupa-ce-1-900-de-oameni-au-cerut-o-locuinta\\\/\"},\"wordCount\":1069,\"publisher\":{\"@id\":\"https:\\\/\\\/buletin.de\\\/bucuresti\\\/#organization\"},\"image\":{\"@id\":\"https:\\\/\\\/buletin.de\\\/bucuresti\\\/george-tuta-va-avea-mai-mult-control-asupra-locuintelor-sociale-din-sectorul-1-61-de-apartamente-libere-dupa-ce-1-900-de-oameni-au-cerut-o-locuinta\\\/#primaryimage\"},\"thumbnailUrl\":\"https:\\\/\\\/buletin.de\\\/bucuresti\\\/wp-content\\\/uploads\\\/2026\\\/01\\\/ID317573_INQUAM_Photos_Octav_Ganea-scaled.jpg\",\"keywords\":[\"apartamente sociale\",\"Bucure\u0219ti\",\"Capitala\",\"consiliul local\",\"dgaspc sector 1\",\"George Tu\u021b\u0103\",\"HCL\",\"Locuin\u021be sociale\",\"Locuire social\u0103\",\"Mai mult control\"],\"articleSection\":[\"Articole\",\"Buletin de Ilfov\",\"Featured\",\"Prim\u0103rie\"],\"inLanguage\":\"en-GB\",\"copyrightYear\":\"2026\",\"copyrightHolder\":{\"@id\":\"https:\\\/\\\/buletin.de\\\/bucuresti\\\/#organization\"}},{\"@type\":\"WebPage\",\"@id\":\"https:\\\/\\\/buletin.de\\\/bucuresti\\\/george-tuta-va-avea-mai-mult-control-asupra-locuintelor-sociale-din-sectorul-1-61-de-apartamente-libere-dupa-ce-1-900-de-oameni-au-cerut-o-locuinta\\\/\",\"url\":\"https:\\\/\\\/buletin.de\\\/bucuresti\\\/george-tuta-va-avea-mai-mult-control-asupra-locuintelor-sociale-din-sectorul-1-61-de-apartamente-libere-dupa-ce-1-900-de-oameni-au-cerut-o-locuinta\\\/\",\"name\":\"George Tu\u021b\u0103 va avea mai mult control asupra locuin\u021belor sociale din Sectorul 1. 61 de apartamente libere, dup\u0103 ce 1.900 de oameni au cerut o locuin\u021b\u0103 - Buletin de Bucure\u0219ti\",\"isPartOf\":{\"@id\":\"https:\\\/\\\/buletin.de\\\/bucuresti\\\/#website\"},\"primaryImageOfPage\":{\"@id\":\"https:\\\/\\\/buletin.de\\\/bucuresti\\\/george-tuta-va-avea-mai-mult-control-asupra-locuintelor-sociale-din-sectorul-1-61-de-apartamente-libere-dupa-ce-1-900-de-oameni-au-cerut-o-locuinta\\\/#primaryimage\"},\"image\":{\"@id\":\"https:\\\/\\\/buletin.de\\\/bucuresti\\\/george-tuta-va-avea-mai-mult-control-asupra-locuintelor-sociale-din-sectorul-1-61-de-apartamente-libere-dupa-ce-1-900-de-oameni-au-cerut-o-locuinta\\\/#primaryimage\"},\"thumbnailUrl\":\"https:\\\/\\\/buletin.de\\\/bucuresti\\\/wp-content\\\/uploads\\\/2026\\\/01\\\/ID317573_INQUAM_Photos_Octav_Ganea-scaled.jpg\",\"datePublished\":\"2026-01-31T00:56:00+00:00\",\"description\":\"George Tu\u021b\u0103 va avea mai mult control asupra locuin\u021belor sociale din Sectorul 1. 61 de apartamente libere, 1.900 de solicit\u0103ri.\",\"breadcrumb\":{\"@id\":\"https:\\\/\\\/buletin.de\\\/bucuresti\\\/george-tuta-va-avea-mai-mult-control-asupra-locuintelor-sociale-din-sectorul-1-61-de-apartamente-libere-dupa-ce-1-900-de-oameni-au-cerut-o-locuinta\\\/#breadcrumb\"},\"inLanguage\":\"en-GB\",\"potentialAction\":[{\"@type\":\"ReadAction\",\"target\":[\"https:\\\/\\\/buletin.de\\\/bucuresti\\\/george-tuta-va-avea-mai-mult-control-asupra-locuintelor-sociale-din-sectorul-1-61-de-apartamente-libere-dupa-ce-1-900-de-oameni-au-cerut-o-locuinta\\\/\"]}]},{\"@type\":\"ImageObject\",\"inLanguage\":\"en-GB\",\"@id\":\"https:\\\/\\\/buletin.de\\\/bucuresti\\\/george-tuta-va-avea-mai-mult-control-asupra-locuintelor-sociale-din-sectorul-1-61-de-apartamente-libere-dupa-ce-1-900-de-oameni-au-cerut-o-locuinta\\\/#primaryimage\",\"url\":\"https:\\\/\\\/buletin.de\\\/bucuresti\\\/wp-content\\\/uploads\\\/2026\\\/01\\\/ID317573_INQUAM_Photos_Octav_Ganea-scaled.jpg\",\"contentUrl\":\"https:\\\/\\\/buletin.de\\\/bucuresti\\\/wp-content\\\/uploads\\\/2026\\\/01\\\/ID317573_INQUAM_Photos_Octav_Ganea-scaled.jpg\",\"width\":2560,\"height\":1707,\"caption\":\"George Tu\u021b\u0103 va avea mai mult control asupra locuin\u021belor sociale din Sectorul 1. Foto: Inquam Photos \\\/ Octav GaneaFoto: Inquam Photos \\\/ Octav Ganea\"},{\"@type\":\"BreadcrumbList\",\"@id\":\"https:\\\/\\\/buletin.de\\\/bucuresti\\\/george-tuta-va-avea-mai-mult-control-asupra-locuintelor-sociale-din-sectorul-1-61-de-apartamente-libere-dupa-ce-1-900-de-oameni-au-cerut-o-locuinta\\\/#breadcrumb\",\"itemListElement\":[{\"@type\":\"ListItem\",\"position\":1,\"name\":\"Acas\u0103\",\"item\":\"https:\\\/\\\/buletin.de\\\/bucuresti\\\/\"},{\"@type\":\"ListItem\",\"position\":2,\"name\":\"George Tu\u021b\u0103 va avea mai mult control asupra locuin\u021belor sociale din Sectorul 1. 61 de apartamente libere, dup\u0103 ce 1.900 de oameni au cerut o locuin\u021b\u0103\"}]},{\"@type\":\"WebSite\",\"@id\":\"https:\\\/\\\/buletin.de\\\/bucuresti\\\/#website\",\"url\":\"https:\\\/\\\/buletin.de\\\/bucuresti\\\/\",\"name\":\"Buletin de Bucure\u0219ti\",\"description\":\"\u0218tiri \u0219i investiga\u021bii esen\u021biale din capital\u0103\",\"publisher\":{\"@id\":\"https:\\\/\\\/buletin.de\\\/bucuresti\\\/#organization\"},\"potentialAction\":[{\"@type\":\"SearchAction\",\"target\":{\"@type\":\"EntryPoint\",\"urlTemplate\":\"https:\\\/\\\/buletin.de\\\/bucuresti\\\/?s={search_term_string}\"},\"query-input\":{\"@type\":\"PropertyValueSpecification\",\"valueRequired\":true,\"valueName\":\"search_term_string\"}}],\"inLanguage\":\"en-GB\"},{\"@type\":\"Organization\",\"@id\":\"https:\\\/\\\/buletin.de\\\/bucuresti\\\/#organization\",\"name\":\"Buletin de Bucure\u0219ti\",\"url\":\"https:\\\/\\\/buletin.de\\\/bucuresti\\\/\",\"logo\":{\"@type\":\"ImageObject\",\"inLanguage\":\"en-GB\",\"@id\":\"https:\\\/\\\/buletin.de\\\/bucuresti\\\/#\\\/schema\\\/logo\\\/image\\\/\",\"url\":\"https:\\\/\\\/buletin.de\\\/bucuresti\\\/wp-content\\\/uploads\\\/logo-bdb-full-wide-vernil-transparent.png\",\"contentUrl\":\"https:\\\/\\\/buletin.de\\\/bucuresti\\\/wp-content\\\/uploads\\\/logo-bdb-full-wide-vernil-transparent.png\",\"width\":1782,\"height\":626,\"caption\":\"Buletin de Bucure\u0219ti\"},\"image\":{\"@id\":\"https:\\\/\\\/buletin.de\\\/bucuresti\\\/#\\\/schema\\\/logo\\\/image\\\/\"},\"sameAs\":[\"https:\\\/\\\/www.facebook.com\\\/buletin.de.buc\",\"https:\\\/\\\/www.instagram.com\\\/buletinde.bucuresti\\\/\"]},{\"@type\":\"Person\",\"@id\":\"https:\\\/\\\/buletin.de\\\/bucuresti\\\/#\\\/schema\\\/person\\\/b0686d7a8b666c6afc78239777fd8a89\",\"name\":\"Florin R\u00e2\u0219teiu\",\"image\":{\"@type\":\"ImageObject\",\"inLanguage\":\"en-GB\",\"@id\":\"https:\\\/\\\/buletin.de\\\/bucuresti\\\/wp-content\\\/uploads\\\/Florin-Rasteiu-96x96.jpgf0a6fe28453aa12f0a60e4d0a2e3a78c\",\"url\":\"https:\\\/\\\/buletin.de\\\/bucuresti\\\/wp-content\\\/uploads\\\/Florin-Rasteiu-96x96.jpg\",\"contentUrl\":\"https:\\\/\\\/buletin.de\\\/bucuresti\\\/wp-content\\\/uploads\\\/Florin-Rasteiu-96x96.jpg\",\"caption\":\"Florin R\u00e2\u0219teiu\"},\"description\":\"Jurnalist de investiga\u021bie. Lucreaz\u0103 de aproape 6 ani la Buletin de Bucure\u0219ti, unde a publicat articole care scot la suprafa\u021b\u0103 corup\u021bia din Capital\u0103. Analizeaz\u0103 baze de date zilnic \u0219i scoate pove\u0219ti din exceluri pline de cifre. Pune reflectorul pe adev\u0103r cu fiecare ocazie. A c\u00e2\u0219tigat premiul I la categoria Pres\u0103 Local\u0103 \u00een 2025 \u0219i locul al II-lea la aceea\u0219i categorie \u00een 2024 \u00een cadrul Premiilor Superscrieri pentru jurnalism independent.\",\"url\":\"https:\\\/\\\/buletin.de\\\/bucuresti\\\/author\\\/florinrasteiu\\\/\"}]}<\/script>\n<!-- \/ Yoast SEO Premium plugin. -->","yoast_head_json":{"title":"George Tu\u021b\u0103 va avea mai mult control asupra locuin\u021belor sociale din Sectorul 1. 61 de apartamente libere, dup\u0103 ce 1.900 de oameni au cerut o locuin\u021b\u0103 - Buletin de Bucure\u0219ti","description":"George Tu\u021b\u0103 va avea mai mult control asupra locuin\u021belor sociale din Sectorul 1. 61 de apartamente libere, 1.900 de solicit\u0103ri.","robots":{"index":"index","follow":"follow","max-snippet":"max-snippet:-1","max-image-preview":"max-image-preview:large","max-video-preview":"max-video-preview:-1"},"canonical":"https:\/\/buletin.de\/bucuresti\/george-tuta-va-avea-mai-mult-control-asupra-locuintelor-sociale-din-sectorul-1-61-de-apartamente-libere-dupa-ce-1-900-de-oameni-au-cerut-o-locuinta\/","og_locale":"en_GB","og_type":"article","og_title":"George Tu\u021b\u0103 va avea mai mult control asupra locuin\u021belor sociale din Sectorul 1. 61 de apartamente libere, dup\u0103 ce 1.900 de oameni au cerut o locuin\u021b\u0103","og_description":"George Tu\u021b\u0103 va avea mai mult control asupra locuin\u021belor sociale din Sectorul 1. 61 de apartamente libere, 1.900 de solicit\u0103ri.","og_url":"https:\/\/buletin.de\/bucuresti\/george-tuta-va-avea-mai-mult-control-asupra-locuintelor-sociale-din-sectorul-1-61-de-apartamente-libere-dupa-ce-1-900-de-oameni-au-cerut-o-locuinta\/","og_site_name":"Buletin de Bucure\u0219ti","article_publisher":"https:\/\/www.facebook.com\/buletin.de.buc","article_published_time":"2026-01-31T00:56:00+00:00","og_image":[{"width":2560,"height":1707,"url":"https:\/\/buletin.de\/bucuresti\/wp-content\/uploads\/2026\/01\/ID317573_INQUAM_Photos_Octav_Ganea-scaled.jpg","type":"image\/jpeg"}],"author":"Florin R\u00e2\u0219teiu","twitter_card":"summary_large_image","twitter_misc":{"Written by":"Florin R\u00e2\u0219teiu","Estimated reading time":"5 minutes"},"schema":{"@context":"https:\/\/schema.org","@graph":[{"@type":"Article","@id":"https:\/\/buletin.de\/bucuresti\/george-tuta-va-avea-mai-mult-control-asupra-locuintelor-sociale-din-sectorul-1-61-de-apartamente-libere-dupa-ce-1-900-de-oameni-au-cerut-o-locuinta\/#article","isPartOf":{"@id":"https:\/\/buletin.de\/bucuresti\/george-tuta-va-avea-mai-mult-control-asupra-locuintelor-sociale-din-sectorul-1-61-de-apartamente-libere-dupa-ce-1-900-de-oameni-au-cerut-o-locuinta\/"},"author":{"name":"Florin R\u00e2\u0219teiu","@id":"https:\/\/buletin.de\/bucuresti\/#\/schema\/person\/b0686d7a8b666c6afc78239777fd8a89"},"headline":"George Tu\u021b\u0103 va avea mai mult control asupra locuin\u021belor sociale din Sectorul 1. 61 de apartamente libere, dup\u0103 ce 1.900 de oameni au cerut o locuin\u021b\u0103","datePublished":"2026-01-31T00:56:00+00:00","mainEntityOfPage":{"@id":"https:\/\/buletin.de\/bucuresti\/george-tuta-va-avea-mai-mult-control-asupra-locuintelor-sociale-din-sectorul-1-61-de-apartamente-libere-dupa-ce-1-900-de-oameni-au-cerut-o-locuinta\/"},"wordCount":1069,"publisher":{"@id":"https:\/\/buletin.de\/bucuresti\/#organization"},"image":{"@id":"https:\/\/buletin.de\/bucuresti\/george-tuta-va-avea-mai-mult-control-asupra-locuintelor-sociale-din-sectorul-1-61-de-apartamente-libere-dupa-ce-1-900-de-oameni-au-cerut-o-locuinta\/#primaryimage"},"thumbnailUrl":"https:\/\/buletin.de\/bucuresti\/wp-content\/uploads\/2026\/01\/ID317573_INQUAM_Photos_Octav_Ganea-scaled.jpg","keywords":["apartamente sociale","Bucure\u0219ti","Capitala","consiliul local","dgaspc sector 1","George Tu\u021b\u0103","HCL","Locuin\u021be sociale","Locuire social\u0103","Mai mult control"],"articleSection":["Articole","Buletin de Ilfov","Featured","Prim\u0103rie"],"inLanguage":"en-GB","copyrightYear":"2026","copyrightHolder":{"@id":"https:\/\/buletin.de\/bucuresti\/#organization"}},{"@type":"WebPage","@id":"https:\/\/buletin.de\/bucuresti\/george-tuta-va-avea-mai-mult-control-asupra-locuintelor-sociale-din-sectorul-1-61-de-apartamente-libere-dupa-ce-1-900-de-oameni-au-cerut-o-locuinta\/","url":"https:\/\/buletin.de\/bucuresti\/george-tuta-va-avea-mai-mult-control-asupra-locuintelor-sociale-din-sectorul-1-61-de-apartamente-libere-dupa-ce-1-900-de-oameni-au-cerut-o-locuinta\/","name":"George Tu\u021b\u0103 va avea mai mult control asupra locuin\u021belor sociale din Sectorul 1. 61 de apartamente libere, dup\u0103 ce 1.900 de oameni au cerut o locuin\u021b\u0103 - Buletin de Bucure\u0219ti","isPartOf":{"@id":"https:\/\/buletin.de\/bucuresti\/#website"},"primaryImageOfPage":{"@id":"https:\/\/buletin.de\/bucuresti\/george-tuta-va-avea-mai-mult-control-asupra-locuintelor-sociale-din-sectorul-1-61-de-apartamente-libere-dupa-ce-1-900-de-oameni-au-cerut-o-locuinta\/#primaryimage"},"image":{"@id":"https:\/\/buletin.de\/bucuresti\/george-tuta-va-avea-mai-mult-control-asupra-locuintelor-sociale-din-sectorul-1-61-de-apartamente-libere-dupa-ce-1-900-de-oameni-au-cerut-o-locuinta\/#primaryimage"},"thumbnailUrl":"https:\/\/buletin.de\/bucuresti\/wp-content\/uploads\/2026\/01\/ID317573_INQUAM_Photos_Octav_Ganea-scaled.jpg","datePublished":"2026-01-31T00:56:00+00:00","description":"George Tu\u021b\u0103 va avea mai mult control asupra locuin\u021belor sociale din Sectorul 1. 61 de apartamente libere, 1.900 de solicit\u0103ri.","breadcrumb":{"@id":"https:\/\/buletin.de\/bucuresti\/george-tuta-va-avea-mai-mult-control-asupra-locuintelor-sociale-din-sectorul-1-61-de-apartamente-libere-dupa-ce-1-900-de-oameni-au-cerut-o-locuinta\/#breadcrumb"},"inLanguage":"en-GB","potentialAction":[{"@type":"ReadAction","target":["https:\/\/buletin.de\/bucuresti\/george-tuta-va-avea-mai-mult-control-asupra-locuintelor-sociale-din-sectorul-1-61-de-apartamente-libere-dupa-ce-1-900-de-oameni-au-cerut-o-locuinta\/"]}]},{"@type":"ImageObject","inLanguage":"en-GB","@id":"https:\/\/buletin.de\/bucuresti\/george-tuta-va-avea-mai-mult-control-asupra-locuintelor-sociale-din-sectorul-1-61-de-apartamente-libere-dupa-ce-1-900-de-oameni-au-cerut-o-locuinta\/#primaryimage","url":"https:\/\/buletin.de\/bucuresti\/wp-content\/uploads\/2026\/01\/ID317573_INQUAM_Photos_Octav_Ganea-scaled.jpg","contentUrl":"https:\/\/buletin.de\/bucuresti\/wp-content\/uploads\/2026\/01\/ID317573_INQUAM_Photos_Octav_Ganea-scaled.jpg","width":2560,"height":1707,"caption":"George Tu\u021b\u0103 va avea mai mult control asupra locuin\u021belor sociale din Sectorul 1. Foto: Inquam Photos \/ Octav GaneaFoto: Inquam Photos \/ Octav Ganea"},{"@type":"BreadcrumbList","@id":"https:\/\/buletin.de\/bucuresti\/george-tuta-va-avea-mai-mult-control-asupra-locuintelor-sociale-din-sectorul-1-61-de-apartamente-libere-dupa-ce-1-900-de-oameni-au-cerut-o-locuinta\/#breadcrumb","itemListElement":[{"@type":"ListItem","position":1,"name":"Acas\u0103","item":"https:\/\/buletin.de\/bucuresti\/"},{"@type":"ListItem","position":2,"name":"George Tu\u021b\u0103 va avea mai mult control asupra locuin\u021belor sociale din Sectorul 1. 61 de apartamente libere, dup\u0103 ce 1.900 de oameni au cerut o locuin\u021b\u0103"}]},{"@type":"WebSite","@id":"https:\/\/buletin.de\/bucuresti\/#website","url":"https:\/\/buletin.de\/bucuresti\/","name":"Buletin de Bucure\u0219ti","description":"\u0218tiri \u0219i investiga\u021bii esen\u021biale din capital\u0103","publisher":{"@id":"https:\/\/buletin.de\/bucuresti\/#organization"},"potentialAction":[{"@type":"SearchAction","target":{"@type":"EntryPoint","urlTemplate":"https:\/\/buletin.de\/bucuresti\/?s={search_term_string}"},"query-input":{"@type":"PropertyValueSpecification","valueRequired":true,"valueName":"search_term_string"}}],"inLanguage":"en-GB"},{"@type":"Organization","@id":"https:\/\/buletin.de\/bucuresti\/#organization","name":"Buletin de Bucure\u0219ti","url":"https:\/\/buletin.de\/bucuresti\/","logo":{"@type":"ImageObject","inLanguage":"en-GB","@id":"https:\/\/buletin.de\/bucuresti\/#\/schema\/logo\/image\/","url":"https:\/\/buletin.de\/bucuresti\/wp-content\/uploads\/logo-bdb-full-wide-vernil-transparent.png","contentUrl":"https:\/\/buletin.de\/bucuresti\/wp-content\/uploads\/logo-bdb-full-wide-vernil-transparent.png","width":1782,"height":626,"caption":"Buletin de Bucure\u0219ti"},"image":{"@id":"https:\/\/buletin.de\/bucuresti\/#\/schema\/logo\/image\/"},"sameAs":["https:\/\/www.facebook.com\/buletin.de.buc","https:\/\/www.instagram.com\/buletinde.bucuresti\/"]},{"@type":"Person","@id":"https:\/\/buletin.de\/bucuresti\/#\/schema\/person\/b0686d7a8b666c6afc78239777fd8a89","name":"Florin R\u00e2\u0219teiu","image":{"@type":"ImageObject","inLanguage":"en-GB","@id":"https:\/\/buletin.de\/bucuresti\/wp-content\/uploads\/Florin-Rasteiu-96x96.jpgf0a6fe28453aa12f0a60e4d0a2e3a78c","url":"https:\/\/buletin.de\/bucuresti\/wp-content\/uploads\/Florin-Rasteiu-96x96.jpg","contentUrl":"https:\/\/buletin.de\/bucuresti\/wp-content\/uploads\/Florin-Rasteiu-96x96.jpg","caption":"Florin R\u00e2\u0219teiu"},"description":"Jurnalist de investiga\u021bie. Lucreaz\u0103 de aproape 6 ani la Buletin de Bucure\u0219ti, unde a publicat articole care scot la suprafa\u021b\u0103 corup\u021bia din Capital\u0103. Analizeaz\u0103 baze de date zilnic \u0219i scoate pove\u0219ti din exceluri pline de cifre. Pune reflectorul pe adev\u0103r cu fiecare ocazie. A c\u00e2\u0219tigat premiul I la categoria Pres\u0103 Local\u0103 \u00een 2025 \u0219i locul al II-lea la aceea\u0219i categorie \u00een 2024 \u00een cadrul Premiilor Superscrieri pentru jurnalism independent.","url":"https:\/\/buletin.de\/bucuresti\/author\/florinrasteiu\/"}]}},"authors":[{"term_id":22576,"user_id":17,"is_guest":0,"slug":"florinrasteiu","display_name":"Florin R\u00e2\u0219teiu","avatar_url":"https:\/\/buletin.de\/bucuresti\/wp-content\/uploads\/Florin-Rasteiu-96x96.jpg","0":null,"1":"","2":"","3":"","4":"","5":"","6":"","7":"","8":""}],"_links":{"self":[{"href":"https:\/\/buletin.de\/bucuresti\/wp-json\/wp\/v2\/posts\/169652","targetHints":{"allow":["GET"]}}],"collection":[{"href":"https:\/\/buletin.de\/bucuresti\/wp-json\/wp\/v2\/posts"}],"about":[{"href":"https:\/\/buletin.de\/bucuresti\/wp-json\/wp\/v2\/types\/post"}],"author":[{"embeddable":true,"href":"https:\/\/buletin.de\/bucuresti\/wp-json\/wp\/v2\/users\/17"}],"replies":[{"embeddable":true,"href":"https:\/\/buletin.de\/bucuresti\/wp-json\/wp\/v2\/comments?post=169652"}],"version-history":[{"count":8,"href":"https:\/\/buletin.de\/bucuresti\/wp-json\/wp\/v2\/posts\/169652\/revisions"}],"predecessor-version":[{"id":170425,"href":"https:\/\/buletin.de\/bucuresti\/wp-json\/wp\/v2\/posts\/169652\/revisions\/170425"}],"wp:featuredmedia":[{"embeddable":true,"href":"https:\/\/buletin.de\/bucuresti\/wp-json\/wp\/v2\/media\/169687"}],"wp:attachment":[{"href":"https:\/\/buletin.de\/bucuresti\/wp-json\/wp\/v2\/media?parent=169652"}],"wp:term":[{"taxonomy":"category","embeddable":true,"href":"https:\/\/buletin.de\/bucuresti\/wp-json\/wp\/v2\/categories?post=169652"},{"taxonomy":"post_tag","embeddable":true,"href":"https:\/\/buletin.de\/bucuresti\/wp-json\/wp\/v2\/tags?post=169652"},{"taxonomy":"author","embeddable":true,"href":"https:\/\/buletin.de\/bucuresti\/wp-json\/wp\/v2\/ppma_author?post=169652"}],"curies":[{"name":"wp","href":"https:\/\/api.w.org\/{rel}","templated":true}]}}