{"id":169440,"date":"2026-01-29T19:47:47","date_gmt":"2026-01-29T16:47:47","guid":{"rendered":"https:\/\/buletin.de\/bucuresti\/?p=169440"},"modified":"2026-01-29T19:48:42","modified_gmt":"2026-01-29T16:48:42","slug":"au-fost-majorate-preturile-biletelor-la-teatrele-nottara-si-ion-creanga-reduceri-pentru-familiile-numeroase-la-teatrul-tandarica","status":"publish","type":"post","link":"https:\/\/buletin.de\/bucuresti\/au-fost-majorate-preturile-biletelor-la-teatrele-nottara-si-ion-creanga-reduceri-pentru-familiile-numeroase-la-teatrul-tandarica\/","title":{"rendered":"Au fost majorate pre\u021burile biletelor la teatrele \u201eNottara\u201d \u015fi \u201eIon Creang\u0103\u201d.  Reduceri pentru familiile numeroase, la Teatrul \u021a\u0103nd\u0103ric\u0103"},"content":{"rendered":"\n<p><strong>Consilierii generali au aprobat, \u00een \u0219edin\u021ba de joi, 29 ianuarie, s\u0103 majoreze pre\u021burile biletelor pentru dou\u0103 institu\u021bii de cultur\u0103 din subordinea Prim\u0103riei Generale: teatrele \u201eNottara\u201d \u0219i \u201eIon Creang\u0103\u201d. <\/strong><\/p>\n\n\n\n<p>La<strong> Teatrul \u021a\u0103nd\u0103ric\u0103 au fost introduse tarife preferen\u021biale pentru familiile numeroase. Acestea vor beneficia de o reducere de 50%, \u00een baza documentelor doveditoare.<\/strong><\/p>\n\n\n\n<h2 class=\"wp-block-heading\" id=\"h-au-fost-majorate-pre\u021burile-biletelor-pentru-nottara-\u0219i-ion-creanga\">Au fost majorate pre\u021burile biletelor pentru \u201eNottara\u201d \u0219i \u201eIon Creang\u0103\u201d<\/h2>\n\n\n\n<h4 class=\"wp-block-heading\" id=\"h-teatrul-nottara\">Teatrul Nottara<\/h4>\n\n\n\n<p><strong>Proiectul adoptat de consilierii generali ofer\u0103 mai mult\u0103 flexibilitate Teatrului Nottara \u00een a-\u0219i stabili tarifele \u00een func\u021bie de cererea publicului. <\/strong><\/p>\n\n\n\n<p>Mai precis, dac\u0103 <a href=\"https:\/\/doc.pmb.ro\/legis\/acteinterne\/2023\/44838\/anexah279_23.pdf\">vechile tarife<\/a> erau stabilite \u00een func\u021bie de sal\u0103 \u0219i categoria de bilete, pre\u021bul noilor bilete pentru acces general variaz\u0103 <strong><mark style=\"background-color:rgba(0, 0, 0, 0)\" class=\"has-inline-color has-vivid-red-color\">\u00eentre 47 \u0219i 130 de lei (f\u0103r\u0103 TVA)<\/mark><\/strong>.<\/p>\n\n\n\n<figure class=\"wp-block-image size-full\"><img fetchpriority=\"high\" decoding=\"async\" width=\"905\" height=\"229\" src=\"data:image\/gif;base64,R0lGODlhAQABAAAAACH5BAEKAAEALAAAAAABAAEAAAICTAEAOw==\" data-src=\"https:\/\/buletin.de\/bucuresti\/wp-content\/uploads\/2026\/01\/image_2026-01-29_130544859.png\" alt=\"\" class=\"wp-image-170140 lazyload\" data-sizes=\"auto\" data-srcset=\"https:\/\/buletin.de\/bucuresti\/wp-content\/uploads\/2026\/01\/image_2026-01-29_130544859.png 905w, https:\/\/buletin.de\/bucuresti\/wp-content\/uploads\/2026\/01\/image_2026-01-29_130544859-300x76.png 300w, https:\/\/buletin.de\/bucuresti\/wp-content\/uploads\/2026\/01\/image_2026-01-29_130544859-768x194.png 768w, https:\/\/buletin.de\/bucuresti\/wp-content\/uploads\/2026\/01\/image_2026-01-29_130544859-600x152.png 600w, https:\/\/buletin.de\/bucuresti\/wp-content\/uploads\/2026\/01\/image_2026-01-29_130544859-20x5.png 20w\" sizes=\"(max-width: 905px) 100vw, 905px\" \/><figcaption class=\"wp-element-caption\">Noile tarife de la Teatrul Nottara<\/figcaption><\/figure>\n\n\n\n<figure class=\"wp-block-image\"><img decoding=\"async\" width=\"1000\" height=\"464\" src=\"data:image\/gif;base64,R0lGODlhAQABAAAAACH5BAEKAAEALAAAAAABAAEAAAICTAEAOw==\" data-src=\"https:\/\/buletin.de\/bucuresti\/wp-content\/uploads\/2026\/01\/image_2026-01-29_130657439-1000x464.png\" alt=\"\" class=\"wp-image-170142 lazyload\" data-sizes=\"auto\" data-srcset=\"https:\/\/buletin.de\/bucuresti\/wp-content\/uploads\/2026\/01\/image_2026-01-29_130657439-1000x464.png 1000w, https:\/\/buletin.de\/bucuresti\/wp-content\/uploads\/2026\/01\/image_2026-01-29_130657439-300x139.png 300w, https:\/\/buletin.de\/bucuresti\/wp-content\/uploads\/2026\/01\/image_2026-01-29_130657439-768x356.png 768w, https:\/\/buletin.de\/bucuresti\/wp-content\/uploads\/2026\/01\/image_2026-01-29_130657439-1100x510.png 1100w, https:\/\/buletin.de\/bucuresti\/wp-content\/uploads\/2026\/01\/image_2026-01-29_130657439-600x278.png 600w, https:\/\/buletin.de\/bucuresti\/wp-content\/uploads\/2026\/01\/image_2026-01-29_130657439-20x9.png 20w, https:\/\/buletin.de\/bucuresti\/wp-content\/uploads\/2026\/01\/image_2026-01-29_130657439.png 1235w\" sizes=\"(max-width: 1000px) 100vw, 1000px\" \/><figcaption class=\"wp-element-caption\">Vechile tarife de la Teatrul Nottara<\/figcaption><\/figure>\n\n\n\n<p><strong>A fost majorat \u0219i pre\u021bul biletelor pentru elevi, studen\u021bi \u0219i pensionari, de la 20,5 la 21,6 sau 37,8 lei, \u00een func\u021bie de categoria beneficiarului, se precizeaz\u0103 \u00een <a href=\"https:\/\/doc.pmb.ro\/consiliu\/sedinte\/567\/oz\/13132.pdf\">documentul consultat de Buletin de Bucure\u0219ti<\/a>.<\/strong><\/p>\n\n\n\n<p>Referitor la spectacolele online, noile tarife variaz\u0103 \u00eentre 21,6 \u0219i 47,5 lei, \u00een func\u021bie de cererea publicului. Pentru compara\u021bie, cele vechi erau cuprinse \u00eentre 16,2 \u0219i 27 de lei, \u00een func\u021bie de spectacol.<\/p>\n\n\n\n<p><strong>Proiectul a fost adoptat cu 45 voturi pentru.<\/strong><\/p>\n\n\n\n<h4 class=\"wp-block-heading\" id=\"h-teatrul-ion-creanga\">Teatrul Ion Creang\u0103<\/h4>\n\n\n\n<p><strong>Cresc tarifele \u0219i la Teatrul Ion Creang\u0103. Dac\u0103 cele aprobate \u00een 2021 erau cuprinse \u00eentre 15 \u0219i 45 de lei, noile pre\u021buri ajung p\u00e2n\u0103 la 65 de lei, pentru biletele din categoria I (r\u00e2ndurile I-IV).<\/strong><\/p>\n\n\n<div class=\"wp-block-image\">\n<figure class=\"aligncenter size-full\"><img decoding=\"async\" width=\"727\" height=\"443\" src=\"data:image\/gif;base64,R0lGODlhAQABAAAAACH5BAEKAAEALAAAAAABAAEAAAICTAEAOw==\" data-src=\"https:\/\/buletin.de\/bucuresti\/wp-content\/uploads\/2026\/01\/image_2026-01-29_140142649.png\" alt=\"\" class=\"wp-image-170176 lazyload\" data-sizes=\"auto\" data-srcset=\"https:\/\/buletin.de\/bucuresti\/wp-content\/uploads\/2026\/01\/image_2026-01-29_140142649.png 727w, https:\/\/buletin.de\/bucuresti\/wp-content\/uploads\/2026\/01\/image_2026-01-29_140142649-300x183.png 300w, https:\/\/buletin.de\/bucuresti\/wp-content\/uploads\/2026\/01\/image_2026-01-29_140142649-600x366.png 600w, https:\/\/buletin.de\/bucuresti\/wp-content\/uploads\/2026\/01\/image_2026-01-29_140142649-20x12.png 20w\" sizes=\"(max-width: 727px) 100vw, 727px\" \/><figcaption class=\"wp-element-caption\">Vechile tarife de la Teatrul Ion Creang\u0103, adoptate \u00een 2021<\/figcaption><\/figure>\n<\/div>\n\n\n<p>Totodat\u0103, vor fi introduse \u0219i<strong> noi servicii, precum cursuri de actorie sau \u201eZiua de Na\u0219tere la TIC\u201d<\/strong>, \u00een contextul \u00een care Sala Mare din Pia\u021ba Amzei a fost redeschis\u0103 \u00een ianuarie 2024, dup\u0103 14 ani de lucr\u0103ri de modernizare. Aceasta are o capacitate de 238 de locuri, se adaug\u0103 \u00een <a href=\"https:\/\/doc.pmb.ro\/consiliu\/sedinte\/567\/oz\/13130.pdf\">documentul consultat de BdB<\/a>.<\/p>\n\n\n<div class=\"wp-block-image\">\n<figure class=\"aligncenter size-full\"><img loading=\"lazy\" decoding=\"async\" width=\"472\" height=\"836\" src=\"data:image\/gif;base64,R0lGODlhAQABAAAAACH5BAEKAAEALAAAAAABAAEAAAICTAEAOw==\" data-src=\"https:\/\/buletin.de\/bucuresti\/wp-content\/uploads\/2026\/01\/image_2026-01-29_140944880.png\" alt=\"\" class=\"wp-image-170185 lazyload\" data-sizes=\"auto\" data-srcset=\"https:\/\/buletin.de\/bucuresti\/wp-content\/uploads\/2026\/01\/image_2026-01-29_140944880.png 472w, https:\/\/buletin.de\/bucuresti\/wp-content\/uploads\/2026\/01\/image_2026-01-29_140944880-169x300.png 169w, https:\/\/buletin.de\/bucuresti\/wp-content\/uploads\/2026\/01\/image_2026-01-29_140944880-20x35.png 20w\" sizes=\"(max-width: 472px) 100vw, 472px\" \/><figcaption class=\"wp-element-caption\">Cresc tarifele la Teatrul Ion Creang\u0103. Sunt introduse \u0219i noi servicii.<\/figcaption><\/figure>\n<\/div>\n\n\n<p><strong>Proiectul a fost adoptat cu 46 voturi pentru.<\/strong><\/p>\n\n\n\n<h2 class=\"wp-block-heading\" id=\"h-tarife-reduse-pentru-familiile-numeroase-la-teatrul-\u021bandarica\">Tarife reduse pentru familiile numeroase, la Teatrul \u021a\u0103nd\u0103ric\u0103<\/h2>\n\n\n\n<p><strong>Tarifele de la Teatrul \u021a\u0103nd\u0103ric\u0103 r\u0103m\u00e2n neschimbate, fiind cuprinse \u00eentre 25 \u0219i 40 de lei, \u00een func\u021bie de categoria biletului. Totu\u0219i, familiile numeroase, cu mai mult de trei copiii, vor putea beneficia de o reducere de 50%.<\/strong><\/p>\n\n\n<div class=\"wp-block-image\">\n<figure class=\"aligncenter size-full\"><img loading=\"lazy\" decoding=\"async\" width=\"622\" height=\"689\" src=\"data:image\/gif;base64,R0lGODlhAQABAAAAACH5BAEKAAEALAAAAAABAAEAAAICTAEAOw==\" data-src=\"https:\/\/buletin.de\/bucuresti\/wp-content\/uploads\/2026\/01\/image_2026-01-29_133953626.png\" alt=\"\" class=\"wp-image-170161 lazyload\" data-sizes=\"auto\" data-srcset=\"https:\/\/buletin.de\/bucuresti\/wp-content\/uploads\/2026\/01\/image_2026-01-29_133953626.png 622w, https:\/\/buletin.de\/bucuresti\/wp-content\/uploads\/2026\/01\/image_2026-01-29_133953626-271x300.png 271w, https:\/\/buletin.de\/bucuresti\/wp-content\/uploads\/2026\/01\/image_2026-01-29_133953626-600x665.png 600w, https:\/\/buletin.de\/bucuresti\/wp-content\/uploads\/2026\/01\/image_2026-01-29_133953626-20x22.png 20w\" sizes=\"(max-width: 622px) 100vw, 622px\" \/><figcaption class=\"wp-element-caption\">Tarifele preferen\u021biale pentru familiile numeroase, introduse la Teatrul \u021a\u0103nd\u0103ric\u0103.<\/figcaption><\/figure>\n<\/div>\n\n\n<p>Reducerea se va acorda pe baza certificatelor de na\u0219tere ale copiilor sau a unei legitima\u021bii emise de AFNR\/ alt\u0103 autoritate competent\u0103. Documentele doveditoare trebuie prezentate la momentul achizi\u021biei biletelor, se precizeaz\u0103 \u00een <a href=\"https:\/\/doc.pmb.ro\/consiliu\/sedinte\/567\/oz\/13131.pdf\">documentul consultat de reporterii BdB<\/a>.<\/p>\n\n\n\n<p>Propunerea apar\u021bine Asocia\u021biei Familiilor Numeroase din Romania \u0219i are drept scop cre\u0219terea accesibilit\u0103\u021bii Teatrului \u021a\u0103nd\u0103ric\u0103.<\/p>\n\n\n\n<p>Proiectul a fost adoptat cu 44 voturi pentru.<\/p>\n\n\n\n<p><strong>CITE\u0218TE \u0218I:<\/strong> <strong><a href=\"https:\/\/buletin.de\/bucuresti\/biletele-stb-nu-se-mai-scumpesc-prima-infrangere-politica-a-lui-ciprian-ciucu-in-relatie-cu-consiliul-general\/\">Biletele STB nu se mai scumpesc. Prima \u00eenfr\u00e2ngere politic\u0103 a lui Ciprian Ciucu \u00een rela\u021bie cu Consiliul General<\/a><\/strong><\/p>\n","protected":false},"excerpt":{"rendered":"<p>Consilierii generali au aprobat, \u00een \u0219edin\u021ba de joi, 29 ianuarie, s\u0103 majoreze pre\u021burile biletelor pentru dou\u0103 institu\u021bii de cultur\u0103 din subordinea Prim\u0103riei Generale: teatrele \u201eNottara\u201d \u0219i \u201eIon Creang\u0103\u201d. La Teatrul \u021a\u0103nd\u0103ric\u0103 au fost introduse tarife preferen\u021biale pentru familiile numeroase. Acestea vor beneficia de o reducere de 50%, \u00een baza documentelor doveditoare. Au fost majorate pre\u021burile [&hellip;]<\/p>\n","protected":false},"author":55,"featured_media":170210,"comment_status":"closed","ping_status":"open","sticky":false,"template":"","format":"standard","meta":{"_acf_changed":false,"inline_featured_image":false,"ngg_post_thumbnail":0,"footnotes":""},"categories":[6994,81,5762],"tags":[26108,26109,83,9061,4132,89],"ppma_author":[22573],"class_list":["post-169440","post","type-post","status-publish","format-standard","has-post-thumbnail","hentry","category-stiri-2","category-cultura","category-main","tag-bilete-teatru-bucuresti","tag-reducere-familii-numeroase","tag-teatru","tag-teatrul-ion-creanga-2","tag-teatrul-nottara","tag-teatrul-tandarica"],"acf":[],"yoast_head":"<!-- This site is optimized with the Yoast SEO Premium plugin v25.3 (Yoast SEO v27.5) - https:\/\/yoast.com\/product\/yoast-seo-premium-wordpress\/ -->\n<title>Au fost majorate pre\u021burile biletelor la teatrele \u201eNottara\u201d \u015fi \u201eIon Creang\u0103\u201d. Reduceri pentru familiile numeroase, la Teatrul \u021a\u0103nd\u0103ric\u0103 - Buletin de Bucure\u0219ti<\/title>\n<meta name=\"description\" content=\"Consilierii generali au aprobat, \u00een \u0219edin\u021ba de joi, 29 ianuarie, s\u0103 majoreze pre\u021burile biletelor pentru teatrele \u201eNottara\u201d \u0219i \u201eIon Creang\u0103\u201d.\" \/>\n<meta name=\"robots\" content=\"index, follow, max-snippet:-1, max-image-preview:large, max-video-preview:-1\" \/>\n<link rel=\"canonical\" href=\"https:\/\/buletin.de\/bucuresti\/au-fost-majorate-preturile-biletelor-la-teatrele-nottara-si-ion-creanga-reduceri-pentru-familiile-numeroase-la-teatrul-tandarica\/\" \/>\n<meta property=\"og:locale\" content=\"en_GB\" \/>\n<meta property=\"og:type\" content=\"article\" \/>\n<meta property=\"og:title\" content=\"Au fost majorate pre\u021burile biletelor la teatrele \u201eNottara\u201d \u015fi \u201eIon Creang\u0103\u201d. Reduceri pentru familiile numeroase, la Teatrul \u021a\u0103nd\u0103ric\u0103\" \/>\n<meta property=\"og:description\" content=\"Consilierii generali au aprobat, \u00een \u0219edin\u021ba de joi, 29 ianuarie, s\u0103 majoreze pre\u021burile biletelor pentru teatrele \u201eNottara\u201d \u0219i \u201eIon Creang\u0103\u201d.\" \/>\n<meta property=\"og:url\" content=\"https:\/\/buletin.de\/bucuresti\/au-fost-majorate-preturile-biletelor-la-teatrele-nottara-si-ion-creanga-reduceri-pentru-familiile-numeroase-la-teatrul-tandarica\/\" \/>\n<meta property=\"og:site_name\" content=\"Buletin de Bucure\u0219ti\" \/>\n<meta property=\"article:publisher\" content=\"https:\/\/www.facebook.com\/buletin.de.buc\" \/>\n<meta property=\"article:published_time\" content=\"2026-01-29T16:47:47+00:00\" \/>\n<meta property=\"article:modified_time\" content=\"2026-01-29T16:48:42+00:00\" \/>\n<meta property=\"og:image\" content=\"https:\/\/buletin.de\/bucuresti\/wp-content\/uploads\/2026\/01\/teatrul_tandarica_2.jpg\" \/>\n\t<meta property=\"og:image:width\" content=\"1620\" \/>\n\t<meta property=\"og:image:height\" content=\"1080\" \/>\n\t<meta property=\"og:image:type\" content=\"image\/jpeg\" \/>\n<meta name=\"author\" content=\"Andreea Tudor\" \/>\n<meta name=\"twitter:card\" content=\"summary_large_image\" \/>\n<meta name=\"twitter:label1\" content=\"Written by\" \/>\n\t<meta name=\"twitter:data1\" content=\"Andreea Tudor\" \/>\n\t<meta name=\"twitter:label2\" content=\"Estimated reading time\" \/>\n\t<meta name=\"twitter:data2\" content=\"4 minutes\" \/>\n<script type=\"application\/ld+json\" class=\"yoast-schema-graph\">{\"@context\":\"https:\\\/\\\/schema.org\",\"@graph\":[{\"@type\":\"Article\",\"@id\":\"https:\\\/\\\/buletin.de\\\/bucuresti\\\/au-fost-majorate-preturile-biletelor-la-teatrele-nottara-si-ion-creanga-reduceri-pentru-familiile-numeroase-la-teatrul-tandarica\\\/#article\",\"isPartOf\":{\"@id\":\"https:\\\/\\\/buletin.de\\\/bucuresti\\\/au-fost-majorate-preturile-biletelor-la-teatrele-nottara-si-ion-creanga-reduceri-pentru-familiile-numeroase-la-teatrul-tandarica\\\/\"},\"author\":{\"name\":\"Andreea Tudor\",\"@id\":\"https:\\\/\\\/buletin.de\\\/bucuresti\\\/#\\\/schema\\\/person\\\/150590659efde715459d159da012f501\"},\"headline\":\"Au fost majorate pre\u021burile biletelor la teatrele \u201eNottara\u201d \u015fi \u201eIon Creang\u0103\u201d. Reduceri pentru familiile numeroase, la Teatrul \u021a\u0103nd\u0103ric\u0103\",\"datePublished\":\"2026-01-29T16:47:47+00:00\",\"dateModified\":\"2026-01-29T16:48:42+00:00\",\"mainEntityOfPage\":{\"@id\":\"https:\\\/\\\/buletin.de\\\/bucuresti\\\/au-fost-majorate-preturile-biletelor-la-teatrele-nottara-si-ion-creanga-reduceri-pentru-familiile-numeroase-la-teatrul-tandarica\\\/\"},\"wordCount\":493,\"publisher\":{\"@id\":\"https:\\\/\\\/buletin.de\\\/bucuresti\\\/#organization\"},\"image\":{\"@id\":\"https:\\\/\\\/buletin.de\\\/bucuresti\\\/au-fost-majorate-preturile-biletelor-la-teatrele-nottara-si-ion-creanga-reduceri-pentru-familiile-numeroase-la-teatrul-tandarica\\\/#primaryimage\"},\"thumbnailUrl\":\"https:\\\/\\\/buletin.de\\\/bucuresti\\\/wp-content\\\/uploads\\\/2026\\\/01\\\/teatrul_tandarica_2.jpg\",\"keywords\":[\"bilete teatru bucuresti\",\"reducere familii numeroase\",\"teatru\",\"Teatrul Ion Creanga\",\"teatrul nottara\",\"teatrul tandarica\"],\"articleSection\":[\"Articole\",\"Cultur\u0103\",\"Main\"],\"inLanguage\":\"en-GB\",\"copyrightYear\":\"2026\",\"copyrightHolder\":{\"@id\":\"https:\\\/\\\/buletin.de\\\/bucuresti\\\/#organization\"}},{\"@type\":\"WebPage\",\"@id\":\"https:\\\/\\\/buletin.de\\\/bucuresti\\\/au-fost-majorate-preturile-biletelor-la-teatrele-nottara-si-ion-creanga-reduceri-pentru-familiile-numeroase-la-teatrul-tandarica\\\/\",\"url\":\"https:\\\/\\\/buletin.de\\\/bucuresti\\\/au-fost-majorate-preturile-biletelor-la-teatrele-nottara-si-ion-creanga-reduceri-pentru-familiile-numeroase-la-teatrul-tandarica\\\/\",\"name\":\"Au fost majorate pre\u021burile biletelor la teatrele \u201eNottara\u201d \u015fi \u201eIon Creang\u0103\u201d. Reduceri pentru familiile numeroase, la Teatrul \u021a\u0103nd\u0103ric\u0103 - Buletin de Bucure\u0219ti\",\"isPartOf\":{\"@id\":\"https:\\\/\\\/buletin.de\\\/bucuresti\\\/#website\"},\"primaryImageOfPage\":{\"@id\":\"https:\\\/\\\/buletin.de\\\/bucuresti\\\/au-fost-majorate-preturile-biletelor-la-teatrele-nottara-si-ion-creanga-reduceri-pentru-familiile-numeroase-la-teatrul-tandarica\\\/#primaryimage\"},\"image\":{\"@id\":\"https:\\\/\\\/buletin.de\\\/bucuresti\\\/au-fost-majorate-preturile-biletelor-la-teatrele-nottara-si-ion-creanga-reduceri-pentru-familiile-numeroase-la-teatrul-tandarica\\\/#primaryimage\"},\"thumbnailUrl\":\"https:\\\/\\\/buletin.de\\\/bucuresti\\\/wp-content\\\/uploads\\\/2026\\\/01\\\/teatrul_tandarica_2.jpg\",\"datePublished\":\"2026-01-29T16:47:47+00:00\",\"dateModified\":\"2026-01-29T16:48:42+00:00\",\"description\":\"Consilierii generali au aprobat, \u00een \u0219edin\u021ba de joi, 29 ianuarie, s\u0103 majoreze pre\u021burile biletelor pentru teatrele \u201eNottara\u201d \u0219i \u201eIon Creang\u0103\u201d.\",\"breadcrumb\":{\"@id\":\"https:\\\/\\\/buletin.de\\\/bucuresti\\\/au-fost-majorate-preturile-biletelor-la-teatrele-nottara-si-ion-creanga-reduceri-pentru-familiile-numeroase-la-teatrul-tandarica\\\/#breadcrumb\"},\"inLanguage\":\"en-GB\",\"potentialAction\":[{\"@type\":\"ReadAction\",\"target\":[\"https:\\\/\\\/buletin.de\\\/bucuresti\\\/au-fost-majorate-preturile-biletelor-la-teatrele-nottara-si-ion-creanga-reduceri-pentru-familiile-numeroase-la-teatrul-tandarica\\\/\"]}]},{\"@type\":\"ImageObject\",\"inLanguage\":\"en-GB\",\"@id\":\"https:\\\/\\\/buletin.de\\\/bucuresti\\\/au-fost-majorate-preturile-biletelor-la-teatrele-nottara-si-ion-creanga-reduceri-pentru-familiile-numeroase-la-teatrul-tandarica\\\/#primaryimage\",\"url\":\"https:\\\/\\\/buletin.de\\\/bucuresti\\\/wp-content\\\/uploads\\\/2026\\\/01\\\/teatrul_tandarica_2.jpg\",\"contentUrl\":\"https:\\\/\\\/buletin.de\\\/bucuresti\\\/wp-content\\\/uploads\\\/2026\\\/01\\\/teatrul_tandarica_2.jpg\",\"width\":1620,\"height\":1080,\"caption\":\"Tarife majorate la teatrele \u201eNottara\u201d \u015fi \u201eIon Creang\u0103\u201d. Reduceri pentru familiile numeroase, la Teatrul \u021a\u0103nd\u0103ric\u0103. Foto: PMB\"},{\"@type\":\"BreadcrumbList\",\"@id\":\"https:\\\/\\\/buletin.de\\\/bucuresti\\\/au-fost-majorate-preturile-biletelor-la-teatrele-nottara-si-ion-creanga-reduceri-pentru-familiile-numeroase-la-teatrul-tandarica\\\/#breadcrumb\",\"itemListElement\":[{\"@type\":\"ListItem\",\"position\":1,\"name\":\"Acas\u0103\",\"item\":\"https:\\\/\\\/buletin.de\\\/bucuresti\\\/\"},{\"@type\":\"ListItem\",\"position\":2,\"name\":\"Au fost majorate pre\u021burile biletelor la teatrele \u201eNottara\u201d \u015fi \u201eIon Creang\u0103\u201d. Reduceri pentru familiile numeroase, la Teatrul \u021a\u0103nd\u0103ric\u0103\"}]},{\"@type\":\"WebSite\",\"@id\":\"https:\\\/\\\/buletin.de\\\/bucuresti\\\/#website\",\"url\":\"https:\\\/\\\/buletin.de\\\/bucuresti\\\/\",\"name\":\"Buletin de Bucure\u0219ti\",\"description\":\"\u0218tiri \u0219i investiga\u021bii esen\u021biale din capital\u0103\",\"publisher\":{\"@id\":\"https:\\\/\\\/buletin.de\\\/bucuresti\\\/#organization\"},\"potentialAction\":[{\"@type\":\"SearchAction\",\"target\":{\"@type\":\"EntryPoint\",\"urlTemplate\":\"https:\\\/\\\/buletin.de\\\/bucuresti\\\/?s={search_term_string}\"},\"query-input\":{\"@type\":\"PropertyValueSpecification\",\"valueRequired\":true,\"valueName\":\"search_term_string\"}}],\"inLanguage\":\"en-GB\"},{\"@type\":\"Organization\",\"@id\":\"https:\\\/\\\/buletin.de\\\/bucuresti\\\/#organization\",\"name\":\"Buletin de Bucure\u0219ti\",\"url\":\"https:\\\/\\\/buletin.de\\\/bucuresti\\\/\",\"logo\":{\"@type\":\"ImageObject\",\"inLanguage\":\"en-GB\",\"@id\":\"https:\\\/\\\/buletin.de\\\/bucuresti\\\/#\\\/schema\\\/logo\\\/image\\\/\",\"url\":\"https:\\\/\\\/buletin.de\\\/bucuresti\\\/wp-content\\\/uploads\\\/logo-bdb-full-wide-vernil-transparent.png\",\"contentUrl\":\"https:\\\/\\\/buletin.de\\\/bucuresti\\\/wp-content\\\/uploads\\\/logo-bdb-full-wide-vernil-transparent.png\",\"width\":1782,\"height\":626,\"caption\":\"Buletin de Bucure\u0219ti\"},\"image\":{\"@id\":\"https:\\\/\\\/buletin.de\\\/bucuresti\\\/#\\\/schema\\\/logo\\\/image\\\/\"},\"sameAs\":[\"https:\\\/\\\/www.facebook.com\\\/buletin.de.buc\",\"https:\\\/\\\/www.instagram.com\\\/buletinde.bucuresti\\\/\"]},{\"@type\":\"Person\",\"@id\":\"https:\\\/\\\/buletin.de\\\/bucuresti\\\/#\\\/schema\\\/person\\\/150590659efde715459d159da012f501\",\"name\":\"Andreea Tudor\",\"image\":{\"@type\":\"ImageObject\",\"inLanguage\":\"en-GB\",\"@id\":\"https:\\\/\\\/secure.gravatar.com\\\/avatar\\\/a88705a186ab0b67f3349bcbced506c09e37256fbaad0e7f3bd1a79b4599f589?s=96&d=monsterid&r=g79290610aa1a65c2b86eebc2ca5aee8f\",\"url\":\"https:\\\/\\\/secure.gravatar.com\\\/avatar\\\/a88705a186ab0b67f3349bcbced506c09e37256fbaad0e7f3bd1a79b4599f589?s=96&d=monsterid&r=g\",\"contentUrl\":\"https:\\\/\\\/secure.gravatar.com\\\/avatar\\\/a88705a186ab0b67f3349bcbced506c09e37256fbaad0e7f3bd1a79b4599f589?s=96&d=monsterid&r=g\",\"caption\":\"Andreea Tudor\"},\"description\":\"N\u0103scut\u0103 \u0219i crescut\u0103 \u00een Bucure\u0219ti, sus\u021bin\u0103toare a presei independente. A\u0219a am ajuns redactor la Buletin de Bucure\u0219ti. Fiind eu, \u00eens\u0103mi, parte a sistemului de \u00eenv\u0103\u021b\u0103m\u00e2nt rom\u00e2nesc \u0219i pasionat\u0103 de domeniul social, pun sub lup\u0103 tot ceea ce se \u00eent\u00e2mpl\u0103 \u00een sfera educa\u021biei. Cred cu t\u0103rie c\u0103 presa \u201epentru cet\u0103\u021beni\u201d este presa independent\u0103. Oamenii au nevoie de o informare corect\u0103 pentru a \u00een\u021belege pe deplin ce se \u00eent\u00e2mpl\u0103 \u00een jurul lor \u0219i pentru a lua ac\u021biune \u00eempotriva nedrept\u0103\u021bilor.\",\"url\":\"https:\\\/\\\/buletin.de\\\/bucuresti\\\/author\\\/andreeatudor\\\/\"}]}<\/script>\n<!-- \/ Yoast SEO Premium plugin. -->","yoast_head_json":{"title":"Au fost majorate pre\u021burile biletelor la teatrele \u201eNottara\u201d \u015fi \u201eIon Creang\u0103\u201d. Reduceri pentru familiile numeroase, la Teatrul \u021a\u0103nd\u0103ric\u0103 - Buletin de Bucure\u0219ti","description":"Consilierii generali au aprobat, \u00een \u0219edin\u021ba de joi, 29 ianuarie, s\u0103 majoreze pre\u021burile biletelor pentru teatrele \u201eNottara\u201d \u0219i \u201eIon Creang\u0103\u201d.","robots":{"index":"index","follow":"follow","max-snippet":"max-snippet:-1","max-image-preview":"max-image-preview:large","max-video-preview":"max-video-preview:-1"},"canonical":"https:\/\/buletin.de\/bucuresti\/au-fost-majorate-preturile-biletelor-la-teatrele-nottara-si-ion-creanga-reduceri-pentru-familiile-numeroase-la-teatrul-tandarica\/","og_locale":"en_GB","og_type":"article","og_title":"Au fost majorate pre\u021burile biletelor la teatrele \u201eNottara\u201d \u015fi \u201eIon Creang\u0103\u201d. Reduceri pentru familiile numeroase, la Teatrul \u021a\u0103nd\u0103ric\u0103","og_description":"Consilierii generali au aprobat, \u00een \u0219edin\u021ba de joi, 29 ianuarie, s\u0103 majoreze pre\u021burile biletelor pentru teatrele \u201eNottara\u201d \u0219i \u201eIon Creang\u0103\u201d.","og_url":"https:\/\/buletin.de\/bucuresti\/au-fost-majorate-preturile-biletelor-la-teatrele-nottara-si-ion-creanga-reduceri-pentru-familiile-numeroase-la-teatrul-tandarica\/","og_site_name":"Buletin de Bucure\u0219ti","article_publisher":"https:\/\/www.facebook.com\/buletin.de.buc","article_published_time":"2026-01-29T16:47:47+00:00","article_modified_time":"2026-01-29T16:48:42+00:00","og_image":[{"width":1620,"height":1080,"url":"https:\/\/buletin.de\/bucuresti\/wp-content\/uploads\/2026\/01\/teatrul_tandarica_2.jpg","type":"image\/jpeg"}],"author":"Andreea Tudor","twitter_card":"summary_large_image","twitter_misc":{"Written by":"Andreea Tudor","Estimated reading time":"4 minutes"},"schema":{"@context":"https:\/\/schema.org","@graph":[{"@type":"Article","@id":"https:\/\/buletin.de\/bucuresti\/au-fost-majorate-preturile-biletelor-la-teatrele-nottara-si-ion-creanga-reduceri-pentru-familiile-numeroase-la-teatrul-tandarica\/#article","isPartOf":{"@id":"https:\/\/buletin.de\/bucuresti\/au-fost-majorate-preturile-biletelor-la-teatrele-nottara-si-ion-creanga-reduceri-pentru-familiile-numeroase-la-teatrul-tandarica\/"},"author":{"name":"Andreea Tudor","@id":"https:\/\/buletin.de\/bucuresti\/#\/schema\/person\/150590659efde715459d159da012f501"},"headline":"Au fost majorate pre\u021burile biletelor la teatrele \u201eNottara\u201d \u015fi \u201eIon Creang\u0103\u201d. Reduceri pentru familiile numeroase, la Teatrul \u021a\u0103nd\u0103ric\u0103","datePublished":"2026-01-29T16:47:47+00:00","dateModified":"2026-01-29T16:48:42+00:00","mainEntityOfPage":{"@id":"https:\/\/buletin.de\/bucuresti\/au-fost-majorate-preturile-biletelor-la-teatrele-nottara-si-ion-creanga-reduceri-pentru-familiile-numeroase-la-teatrul-tandarica\/"},"wordCount":493,"publisher":{"@id":"https:\/\/buletin.de\/bucuresti\/#organization"},"image":{"@id":"https:\/\/buletin.de\/bucuresti\/au-fost-majorate-preturile-biletelor-la-teatrele-nottara-si-ion-creanga-reduceri-pentru-familiile-numeroase-la-teatrul-tandarica\/#primaryimage"},"thumbnailUrl":"https:\/\/buletin.de\/bucuresti\/wp-content\/uploads\/2026\/01\/teatrul_tandarica_2.jpg","keywords":["bilete teatru bucuresti","reducere familii numeroase","teatru","Teatrul Ion Creanga","teatrul nottara","teatrul tandarica"],"articleSection":["Articole","Cultur\u0103","Main"],"inLanguage":"en-GB","copyrightYear":"2026","copyrightHolder":{"@id":"https:\/\/buletin.de\/bucuresti\/#organization"}},{"@type":"WebPage","@id":"https:\/\/buletin.de\/bucuresti\/au-fost-majorate-preturile-biletelor-la-teatrele-nottara-si-ion-creanga-reduceri-pentru-familiile-numeroase-la-teatrul-tandarica\/","url":"https:\/\/buletin.de\/bucuresti\/au-fost-majorate-preturile-biletelor-la-teatrele-nottara-si-ion-creanga-reduceri-pentru-familiile-numeroase-la-teatrul-tandarica\/","name":"Au fost majorate pre\u021burile biletelor la teatrele \u201eNottara\u201d \u015fi \u201eIon Creang\u0103\u201d. Reduceri pentru familiile numeroase, la Teatrul \u021a\u0103nd\u0103ric\u0103 - Buletin de Bucure\u0219ti","isPartOf":{"@id":"https:\/\/buletin.de\/bucuresti\/#website"},"primaryImageOfPage":{"@id":"https:\/\/buletin.de\/bucuresti\/au-fost-majorate-preturile-biletelor-la-teatrele-nottara-si-ion-creanga-reduceri-pentru-familiile-numeroase-la-teatrul-tandarica\/#primaryimage"},"image":{"@id":"https:\/\/buletin.de\/bucuresti\/au-fost-majorate-preturile-biletelor-la-teatrele-nottara-si-ion-creanga-reduceri-pentru-familiile-numeroase-la-teatrul-tandarica\/#primaryimage"},"thumbnailUrl":"https:\/\/buletin.de\/bucuresti\/wp-content\/uploads\/2026\/01\/teatrul_tandarica_2.jpg","datePublished":"2026-01-29T16:47:47+00:00","dateModified":"2026-01-29T16:48:42+00:00","description":"Consilierii generali au aprobat, \u00een \u0219edin\u021ba de joi, 29 ianuarie, s\u0103 majoreze pre\u021burile biletelor pentru teatrele \u201eNottara\u201d \u0219i \u201eIon Creang\u0103\u201d.","breadcrumb":{"@id":"https:\/\/buletin.de\/bucuresti\/au-fost-majorate-preturile-biletelor-la-teatrele-nottara-si-ion-creanga-reduceri-pentru-familiile-numeroase-la-teatrul-tandarica\/#breadcrumb"},"inLanguage":"en-GB","potentialAction":[{"@type":"ReadAction","target":["https:\/\/buletin.de\/bucuresti\/au-fost-majorate-preturile-biletelor-la-teatrele-nottara-si-ion-creanga-reduceri-pentru-familiile-numeroase-la-teatrul-tandarica\/"]}]},{"@type":"ImageObject","inLanguage":"en-GB","@id":"https:\/\/buletin.de\/bucuresti\/au-fost-majorate-preturile-biletelor-la-teatrele-nottara-si-ion-creanga-reduceri-pentru-familiile-numeroase-la-teatrul-tandarica\/#primaryimage","url":"https:\/\/buletin.de\/bucuresti\/wp-content\/uploads\/2026\/01\/teatrul_tandarica_2.jpg","contentUrl":"https:\/\/buletin.de\/bucuresti\/wp-content\/uploads\/2026\/01\/teatrul_tandarica_2.jpg","width":1620,"height":1080,"caption":"Tarife majorate la teatrele \u201eNottara\u201d \u015fi \u201eIon Creang\u0103\u201d. Reduceri pentru familiile numeroase, la Teatrul \u021a\u0103nd\u0103ric\u0103. Foto: PMB"},{"@type":"BreadcrumbList","@id":"https:\/\/buletin.de\/bucuresti\/au-fost-majorate-preturile-biletelor-la-teatrele-nottara-si-ion-creanga-reduceri-pentru-familiile-numeroase-la-teatrul-tandarica\/#breadcrumb","itemListElement":[{"@type":"ListItem","position":1,"name":"Acas\u0103","item":"https:\/\/buletin.de\/bucuresti\/"},{"@type":"ListItem","position":2,"name":"Au fost majorate pre\u021burile biletelor la teatrele \u201eNottara\u201d \u015fi \u201eIon Creang\u0103\u201d. Reduceri pentru familiile numeroase, la Teatrul \u021a\u0103nd\u0103ric\u0103"}]},{"@type":"WebSite","@id":"https:\/\/buletin.de\/bucuresti\/#website","url":"https:\/\/buletin.de\/bucuresti\/","name":"Buletin de Bucure\u0219ti","description":"\u0218tiri \u0219i investiga\u021bii esen\u021biale din capital\u0103","publisher":{"@id":"https:\/\/buletin.de\/bucuresti\/#organization"},"potentialAction":[{"@type":"SearchAction","target":{"@type":"EntryPoint","urlTemplate":"https:\/\/buletin.de\/bucuresti\/?s={search_term_string}"},"query-input":{"@type":"PropertyValueSpecification","valueRequired":true,"valueName":"search_term_string"}}],"inLanguage":"en-GB"},{"@type":"Organization","@id":"https:\/\/buletin.de\/bucuresti\/#organization","name":"Buletin de Bucure\u0219ti","url":"https:\/\/buletin.de\/bucuresti\/","logo":{"@type":"ImageObject","inLanguage":"en-GB","@id":"https:\/\/buletin.de\/bucuresti\/#\/schema\/logo\/image\/","url":"https:\/\/buletin.de\/bucuresti\/wp-content\/uploads\/logo-bdb-full-wide-vernil-transparent.png","contentUrl":"https:\/\/buletin.de\/bucuresti\/wp-content\/uploads\/logo-bdb-full-wide-vernil-transparent.png","width":1782,"height":626,"caption":"Buletin de Bucure\u0219ti"},"image":{"@id":"https:\/\/buletin.de\/bucuresti\/#\/schema\/logo\/image\/"},"sameAs":["https:\/\/www.facebook.com\/buletin.de.buc","https:\/\/www.instagram.com\/buletinde.bucuresti\/"]},{"@type":"Person","@id":"https:\/\/buletin.de\/bucuresti\/#\/schema\/person\/150590659efde715459d159da012f501","name":"Andreea Tudor","image":{"@type":"ImageObject","inLanguage":"en-GB","@id":"https:\/\/secure.gravatar.com\/avatar\/a88705a186ab0b67f3349bcbced506c09e37256fbaad0e7f3bd1a79b4599f589?s=96&d=monsterid&r=g79290610aa1a65c2b86eebc2ca5aee8f","url":"https:\/\/secure.gravatar.com\/avatar\/a88705a186ab0b67f3349bcbced506c09e37256fbaad0e7f3bd1a79b4599f589?s=96&d=monsterid&r=g","contentUrl":"https:\/\/secure.gravatar.com\/avatar\/a88705a186ab0b67f3349bcbced506c09e37256fbaad0e7f3bd1a79b4599f589?s=96&d=monsterid&r=g","caption":"Andreea Tudor"},"description":"N\u0103scut\u0103 \u0219i crescut\u0103 \u00een Bucure\u0219ti, sus\u021bin\u0103toare a presei independente. A\u0219a am ajuns redactor la Buletin de Bucure\u0219ti. Fiind eu, \u00eens\u0103mi, parte a sistemului de \u00eenv\u0103\u021b\u0103m\u00e2nt rom\u00e2nesc \u0219i pasionat\u0103 de domeniul social, pun sub lup\u0103 tot ceea ce se \u00eent\u00e2mpl\u0103 \u00een sfera educa\u021biei. Cred cu t\u0103rie c\u0103 presa \u201epentru cet\u0103\u021beni\u201d este presa independent\u0103. Oamenii au nevoie de o informare corect\u0103 pentru a \u00een\u021belege pe deplin ce se \u00eent\u00e2mpl\u0103 \u00een jurul lor \u0219i pentru a lua ac\u021biune \u00eempotriva nedrept\u0103\u021bilor.","url":"https:\/\/buletin.de\/bucuresti\/author\/andreeatudor\/"}]}},"authors":[{"term_id":22573,"user_id":55,"is_guest":0,"slug":"andreeatudor","display_name":"Andreea Tudor","avatar_url":"https:\/\/secure.gravatar.com\/avatar\/a88705a186ab0b67f3349bcbced506c09e37256fbaad0e7f3bd1a79b4599f589?s=96&d=monsterid&r=g","0":null,"1":"","2":"","3":"","4":"","5":"","6":"","7":"","8":""}],"_links":{"self":[{"href":"https:\/\/buletin.de\/bucuresti\/wp-json\/wp\/v2\/posts\/169440","targetHints":{"allow":["GET"]}}],"collection":[{"href":"https:\/\/buletin.de\/bucuresti\/wp-json\/wp\/v2\/posts"}],"about":[{"href":"https:\/\/buletin.de\/bucuresti\/wp-json\/wp\/v2\/types\/post"}],"author":[{"embeddable":true,"href":"https:\/\/buletin.de\/bucuresti\/wp-json\/wp\/v2\/users\/55"}],"replies":[{"embeddable":true,"href":"https:\/\/buletin.de\/bucuresti\/wp-json\/wp\/v2\/comments?post=169440"}],"version-history":[{"count":11,"href":"https:\/\/buletin.de\/bucuresti\/wp-json\/wp\/v2\/posts\/169440\/revisions"}],"predecessor-version":[{"id":170302,"href":"https:\/\/buletin.de\/bucuresti\/wp-json\/wp\/v2\/posts\/169440\/revisions\/170302"}],"wp:featuredmedia":[{"embeddable":true,"href":"https:\/\/buletin.de\/bucuresti\/wp-json\/wp\/v2\/media\/170210"}],"wp:attachment":[{"href":"https:\/\/buletin.de\/bucuresti\/wp-json\/wp\/v2\/media?parent=169440"}],"wp:term":[{"taxonomy":"category","embeddable":true,"href":"https:\/\/buletin.de\/bucuresti\/wp-json\/wp\/v2\/categories?post=169440"},{"taxonomy":"post_tag","embeddable":true,"href":"https:\/\/buletin.de\/bucuresti\/wp-json\/wp\/v2\/tags?post=169440"},{"taxonomy":"author","embeddable":true,"href":"https:\/\/buletin.de\/bucuresti\/wp-json\/wp\/v2\/ppma_author?post=169440"}],"curies":[{"name":"wp","href":"https:\/\/api.w.org\/{rel}","templated":true}]}}