{"id":169429,"date":"2026-01-28T18:53:53","date_gmt":"2026-01-28T15:53:53","guid":{"rendered":"https:\/\/buletin.de\/bucuresti\/?p=169429"},"modified":"2026-01-29T19:21:58","modified_gmt":"2026-01-29T16:21:58","slug":"program-de-incluziune-a-30-000-de-romi-din-sectorul-2-peste-40-la-suta-dintre-familii-traiesc-in-conditii-improprii","status":"publish","type":"post","link":"https:\/\/buletin.de\/bucuresti\/program-de-incluziune-a-30-000-de-romi-din-sectorul-2-peste-40-la-suta-dintre-familii-traiesc-in-conditii-improprii\/","title":{"rendered":"Program de incluziune a 30.000 de romi din Sectorul 2. Peste 40% dintre familii tr\u0103iesc \u00een condi\u021bii improprii"},"content":{"rendered":"\n<p><strong>Consiliul General al Municipiului Bucure\u015fti urmeaz\u0103 s\u0103 voteze un proiect de hot\u0103r\u00e2re care vizeaz\u0103 \u00eemputernicirea Consiliului Local al Sectorului 2 pentru \u00eencheierea unui protocol de colaborare cu Funda\u0163ia Roma Education Fund Rom\u00e2nia (REF). Parteneriatul are ca obiectiv dezvoltarea unor programe educa\u0163ionale, culturale, sociale \u015fi economice dedicate comunit\u0103\u0163ii rome din Sectorul 2, cea mai numeroas\u0103 din Capital\u0103.<\/strong><\/p>\n\n\n\n<p><strong>UPDATE.<\/strong> \u00cen \u0219edin\u021ba CGMB de joi, 29 ianuarie, proiectul a fost votat cu 40 de voturi \u201epentru\u201d \u0219i 6 \u201eab\u021bineri\u201d.<\/p>\n\n\n\n<p>Potrivit <a href=\"https:\/\/doc.pmb.ro\/consiliu\/sedinte\/567\/oz\/13114.pdf\">proiectului de hot\u0103r\u00e2re<\/a>, Sectorul 2 are aproximativ 350.000 de locuitori, iar estim\u0103rile bazate pe recens\u0103m\u00e2ntul din 2021 \u015fi pe studii sociologice indic\u0103 faptul c\u0103 \u00eentre 6% \u015fi 8% dintre ei sunt romi, adic\u0103 \u00eentre 20.000 \u015fi 30.000 de persoane.<\/p>\n\n\n\n<p>Proiectul se va vota \u00een \u0219edin\u021ba CGMB din 29 ianuarie.<\/p>\n\n\n\n<p><strong>CITE\u0218TE \u0218I:<\/strong> <strong><a href=\"https:\/\/buletin.de\/bucuresti\/piata-ilie-ilascu-va-fi-amenajata-in-sectorul-2-proiectul-supus-la-vot-in-cgmb\/\">\u201ePia\u021ba Ilie Ila\u0219cu\u201d va fi amenajat\u0103 \u00een Sectorul 2. Proiectul, supus la vot \u00een CGMB<\/a><\/strong><\/p>\n\n\n\n<h2 class=\"wp-block-heading\" id=\"h-program-de-incluziune-a-30-000-de-romi-din-sectorul-2\">Program de incluziune a 30.000 de romi din Sectorul 2<\/h2>\n\n\n\n<p>Datele prezentate \u00een proiectul de hot\u0103r\u00e2re arat\u0103 c\u0103 o mare parte a comunit\u0103\u0163ii rome se confrunt\u0103 cu probleme structurale, de la acces limitat la educa\u0163ie \u015fi locuri de munc\u0103 p\u00e2n\u0103 la condi\u0163ii precare de locuire.<\/p>\n\n\n\n<p>Conform referatului de aprobare, peste 40% dintre familiile rome din Sectorul 2 tr\u0103iesc \u00een locuin\u0163e improprii, fie supraaglomerate, fie \u00een spa\u0163ii neconsolidate sau f\u0103r\u0103 acces adecvat la utilit\u0103\u0163i.<\/p>\n\n\n\n<p>\u00cen plus, lipsa documentelor de identitate sau a actelor de proprietate este un mare obstacol \u00een accesarea serviciilor publice \u015fi a programelor sociale.<\/p>\n\n\n\n<p>\u00cen domeniul educa\u0163iei, autorit\u0103\u0163ile locale estimeaz\u0103 c\u0103 aproximativ 35% dintre copiii romi din Sectorul 2 sunt expu\u0219i riscului de abandon \u0219colar, \u00een special \u00een zonele urbane marginalizate precum Iancului, Baicului, Pantelimon \u0219i Plumbuita.<\/p>\n\n\n\n<p>De\u0219i, \u00een ultimii cinci ani, circa 1.200 de copii au beneficiat de servicii sociale \u0219i sprijin educa\u021bional prin centre de zi \u0219i programe comunitare, continuarea studiilor liceale \u0219i universitare r\u0103m\u00e2ne sub media sectorului.<\/p>\n\n\n\n<p>Protocolul de colaborare propus \u00eentre Sectorul 2 \u015fi Funda\u0163ia Roma Education Fund Rom\u00e2nia are o durat\u0103 de trei ani, cu posibilitatea de prelungire, \u015fi prevede desf\u0103\u015furarea unor activit\u0103\u0163i \u00een patru direc\u0163ii principale: educa\u0163ie, cultur\u0103, social \u015fi economie.<\/p>\n\n\n\n<p>Printre m\u0103surile avute \u00een vedere se num\u0103r\u0103 programe remediale \u015fi de mentorat pentru copii \u015fi tineri, evenimente culturale dedicate patrimoniului rom, campanii de informare privind drepturile sociale, precum \u015fi cursuri de calificare \u015fi ini\u0163iative de antreprenoriat.<\/p>\n\n\n\n<p>Impactul programelor va fi evaluat anual, pe baza unor indicatori precum num\u0103rul beneficiarilor, al activit\u0103\u0163ilor desf\u0103\u015furate \u015fi al evenimentelor organizate.<\/p>\n\n\n\n<p>Ini\u0163iativa este aliniat\u0103 cu Strategia na\u0163ional\u0103 de incluziune a cet\u0103\u0163enilor romi pentru perioada 2022\u20132027, precum \u015fi cu strategia local\u0103 de incluziune social\u0103 a Sectorului 2.<\/p>\n\n\n\n<p><strong>CITE\u0218TE \u0218I:<\/strong> <a href=\"https:\/\/buletin.de\/bucuresti\/sector-2-trei-masini-pe-zi-ridicate-de-pe-domeniul-public-in-2025-sunt-mai-multe-decat-in-perioada-2021-2024-la-un-loc\/\"><strong>Sector 2 | Trei ma\u0219ini pe zi ridicate de pe domeniul public \u00een 2025. Sunt mai multe dec\u00e2t \u00een perioada 2021 \u2013 2024 la un loc<\/strong><\/a><\/p>\n","protected":false},"excerpt":{"rendered":"<p>Consiliul General al Municipiului Bucure\u015fti urmeaz\u0103 s\u0103 voteze un proiect de hot\u0103r\u00e2re care vizeaz\u0103 \u00eemputernicirea Consiliului Local al Sectorului 2 pentru \u00eencheierea unui protocol de colaborare cu Funda\u0163ia Roma Education Fund Rom\u00e2nia (REF). Parteneriatul are ca obiectiv dezvoltarea unor programe educa\u0163ionale, culturale, sociale \u015fi economice dedicate comunit\u0103\u0163ii rome din Sectorul 2, cea mai numeroas\u0103 din [&hellip;]<\/p>\n","protected":false},"author":59,"featured_media":169438,"comment_status":"closed","ping_status":"open","sticky":false,"template":"","format":"standard","meta":{"_acf_changed":false,"inline_featured_image":false,"ngg_post_thumbnail":0,"footnotes":""},"categories":[6994,5762,24],"tags":[2063,2779,26038,229],"ppma_author":[22572],"class_list":["post-169429","post","type-post","status-publish","format-standard","has-post-thumbnail","hentry","category-stiri-2","category-main","category-primarie","tag-bucuresti-2","tag-capitala-2","tag-comunitatea-roma-2","tag-sector-2"],"acf":[],"yoast_head":"<!-- This site is optimized with the Yoast SEO Premium plugin v25.3 (Yoast SEO v27.5) - https:\/\/yoast.com\/product\/yoast-seo-premium-wordpress\/ -->\n<title>Program de incluziune a 30.000 de romi din Sectorul 2. Peste 40% dintre familii tr\u0103iesc \u00een condi\u021bii improprii - Buletin de Bucure\u0219ti<\/title>\n<meta name=\"description\" content=\"Program de incluziune a 30.000 de romi din Sectorul 2. Peste 40% la sut\u0103 dintre familii tr\u0103iesc \u00een condi\u0163ii improprii\" \/>\n<meta name=\"robots\" content=\"index, follow, max-snippet:-1, max-image-preview:large, max-video-preview:-1\" \/>\n<link rel=\"canonical\" href=\"https:\/\/buletin.de\/bucuresti\/program-de-incluziune-a-30-000-de-romi-din-sectorul-2-peste-40-la-suta-dintre-familii-traiesc-in-conditii-improprii\/\" \/>\n<meta property=\"og:locale\" content=\"en_GB\" \/>\n<meta property=\"og:type\" content=\"article\" \/>\n<meta property=\"og:title\" content=\"Program de incluziune a 30.000 de romi din Sectorul 2. Peste 40% dintre familii tr\u0103iesc \u00een condi\u021bii improprii\" \/>\n<meta property=\"og:description\" content=\"Program de incluziune a 30.000 de romi din Sectorul 2. Peste 40% la sut\u0103 dintre familii tr\u0103iesc \u00een condi\u0163ii improprii\" \/>\n<meta property=\"og:url\" content=\"https:\/\/buletin.de\/bucuresti\/program-de-incluziune-a-30-000-de-romi-din-sectorul-2-peste-40-la-suta-dintre-familii-traiesc-in-conditii-improprii\/\" \/>\n<meta property=\"og:site_name\" content=\"Buletin de Bucure\u0219ti\" \/>\n<meta property=\"article:publisher\" content=\"https:\/\/www.facebook.com\/buletin.de.buc\" \/>\n<meta property=\"article:published_time\" content=\"2026-01-28T15:53:53+00:00\" \/>\n<meta property=\"article:modified_time\" content=\"2026-01-29T16:21:58+00:00\" \/>\n<meta property=\"og:image\" content=\"https:\/\/buletin.de\/bucuresti\/wp-content\/uploads\/2026\/01\/487364420_1071284371700169_4570451248673057161_n.webp\" \/>\n\t<meta property=\"og:image:width\" content=\"1519\" \/>\n\t<meta property=\"og:image:height\" content=\"1036\" \/>\n\t<meta property=\"og:image:type\" content=\"image\/webp\" \/>\n<meta name=\"author\" content=\"C\u0103t\u0103lin Anghel-Dimache\" \/>\n<meta name=\"twitter:card\" content=\"summary_large_image\" \/>\n<meta name=\"twitter:label1\" content=\"Written by\" \/>\n\t<meta name=\"twitter:data1\" content=\"C\u0103t\u0103lin Anghel-Dimache\" \/>\n\t<meta name=\"twitter:label2\" content=\"Estimated reading time\" \/>\n\t<meta name=\"twitter:data2\" content=\"3 minutes\" \/>\n<script type=\"application\/ld+json\" class=\"yoast-schema-graph\">{\"@context\":\"https:\\\/\\\/schema.org\",\"@graph\":[{\"@type\":\"Article\",\"@id\":\"https:\\\/\\\/buletin.de\\\/bucuresti\\\/program-de-incluziune-a-30-000-de-romi-din-sectorul-2-peste-40-la-suta-dintre-familii-traiesc-in-conditii-improprii\\\/#article\",\"isPartOf\":{\"@id\":\"https:\\\/\\\/buletin.de\\\/bucuresti\\\/program-de-incluziune-a-30-000-de-romi-din-sectorul-2-peste-40-la-suta-dintre-familii-traiesc-in-conditii-improprii\\\/\"},\"author\":{\"name\":\"C\u0103t\u0103lin Anghel-Dimache\",\"@id\":\"https:\\\/\\\/buletin.de\\\/bucuresti\\\/#\\\/schema\\\/person\\\/0ac9db30080482be87c7386a30f98796\"},\"headline\":\"Program de incluziune a 30.000 de romi din Sectorul 2. Peste 40% dintre familii tr\u0103iesc \u00een condi\u021bii improprii\",\"datePublished\":\"2026-01-28T15:53:53+00:00\",\"dateModified\":\"2026-01-29T16:21:58+00:00\",\"mainEntityOfPage\":{\"@id\":\"https:\\\/\\\/buletin.de\\\/bucuresti\\\/program-de-incluziune-a-30-000-de-romi-din-sectorul-2-peste-40-la-suta-dintre-familii-traiesc-in-conditii-improprii\\\/\"},\"wordCount\":492,\"publisher\":{\"@id\":\"https:\\\/\\\/buletin.de\\\/bucuresti\\\/#organization\"},\"image\":{\"@id\":\"https:\\\/\\\/buletin.de\\\/bucuresti\\\/program-de-incluziune-a-30-000-de-romi-din-sectorul-2-peste-40-la-suta-dintre-familii-traiesc-in-conditii-improprii\\\/#primaryimage\"},\"thumbnailUrl\":\"https:\\\/\\\/buletin.de\\\/bucuresti\\\/wp-content\\\/uploads\\\/2026\\\/01\\\/487364420_1071284371700169_4570451248673057161_n.webp\",\"keywords\":[\"Bucure\u0219ti\",\"Capital\u0103\",\"comunitatea rom\u0103\",\"Sector 2\"],\"articleSection\":[\"Articole\",\"Main\",\"Prim\u0103rie\"],\"inLanguage\":\"en-GB\",\"copyrightYear\":\"2026\",\"copyrightHolder\":{\"@id\":\"https:\\\/\\\/buletin.de\\\/bucuresti\\\/#organization\"}},{\"@type\":\"WebPage\",\"@id\":\"https:\\\/\\\/buletin.de\\\/bucuresti\\\/program-de-incluziune-a-30-000-de-romi-din-sectorul-2-peste-40-la-suta-dintre-familii-traiesc-in-conditii-improprii\\\/\",\"url\":\"https:\\\/\\\/buletin.de\\\/bucuresti\\\/program-de-incluziune-a-30-000-de-romi-din-sectorul-2-peste-40-la-suta-dintre-familii-traiesc-in-conditii-improprii\\\/\",\"name\":\"Program de incluziune a 30.000 de romi din Sectorul 2. Peste 40% dintre familii tr\u0103iesc \u00een condi\u021bii improprii - Buletin de Bucure\u0219ti\",\"isPartOf\":{\"@id\":\"https:\\\/\\\/buletin.de\\\/bucuresti\\\/#website\"},\"primaryImageOfPage\":{\"@id\":\"https:\\\/\\\/buletin.de\\\/bucuresti\\\/program-de-incluziune-a-30-000-de-romi-din-sectorul-2-peste-40-la-suta-dintre-familii-traiesc-in-conditii-improprii\\\/#primaryimage\"},\"image\":{\"@id\":\"https:\\\/\\\/buletin.de\\\/bucuresti\\\/program-de-incluziune-a-30-000-de-romi-din-sectorul-2-peste-40-la-suta-dintre-familii-traiesc-in-conditii-improprii\\\/#primaryimage\"},\"thumbnailUrl\":\"https:\\\/\\\/buletin.de\\\/bucuresti\\\/wp-content\\\/uploads\\\/2026\\\/01\\\/487364420_1071284371700169_4570451248673057161_n.webp\",\"datePublished\":\"2026-01-28T15:53:53+00:00\",\"dateModified\":\"2026-01-29T16:21:58+00:00\",\"description\":\"Program de incluziune a 30.000 de romi din Sectorul 2. Peste 40% la sut\u0103 dintre familii tr\u0103iesc \u00een condi\u0163ii improprii\",\"breadcrumb\":{\"@id\":\"https:\\\/\\\/buletin.de\\\/bucuresti\\\/program-de-incluziune-a-30-000-de-romi-din-sectorul-2-peste-40-la-suta-dintre-familii-traiesc-in-conditii-improprii\\\/#breadcrumb\"},\"inLanguage\":\"en-GB\",\"potentialAction\":[{\"@type\":\"ReadAction\",\"target\":[\"https:\\\/\\\/buletin.de\\\/bucuresti\\\/program-de-incluziune-a-30-000-de-romi-din-sectorul-2-peste-40-la-suta-dintre-familii-traiesc-in-conditii-improprii\\\/\"]}]},{\"@type\":\"ImageObject\",\"inLanguage\":\"en-GB\",\"@id\":\"https:\\\/\\\/buletin.de\\\/bucuresti\\\/program-de-incluziune-a-30-000-de-romi-din-sectorul-2-peste-40-la-suta-dintre-familii-traiesc-in-conditii-improprii\\\/#primaryimage\",\"url\":\"https:\\\/\\\/buletin.de\\\/bucuresti\\\/wp-content\\\/uploads\\\/2026\\\/01\\\/487364420_1071284371700169_4570451248673057161_n.webp\",\"contentUrl\":\"https:\\\/\\\/buletin.de\\\/bucuresti\\\/wp-content\\\/uploads\\\/2026\\\/01\\\/487364420_1071284371700169_4570451248673057161_n.webp\",\"width\":1519,\"height\":1036,\"caption\":\"Program de incluziune a 30.000 de romi din Sectorul 2. Foto: FB\\\/ E-Romnja\"},{\"@type\":\"BreadcrumbList\",\"@id\":\"https:\\\/\\\/buletin.de\\\/bucuresti\\\/program-de-incluziune-a-30-000-de-romi-din-sectorul-2-peste-40-la-suta-dintre-familii-traiesc-in-conditii-improprii\\\/#breadcrumb\",\"itemListElement\":[{\"@type\":\"ListItem\",\"position\":1,\"name\":\"Acas\u0103\",\"item\":\"https:\\\/\\\/buletin.de\\\/bucuresti\\\/\"},{\"@type\":\"ListItem\",\"position\":2,\"name\":\"Program de incluziune a 30.000 de romi din Sectorul 2. Peste 40% dintre familii tr\u0103iesc \u00een condi\u021bii improprii\"}]},{\"@type\":\"WebSite\",\"@id\":\"https:\\\/\\\/buletin.de\\\/bucuresti\\\/#website\",\"url\":\"https:\\\/\\\/buletin.de\\\/bucuresti\\\/\",\"name\":\"Buletin de Bucure\u0219ti\",\"description\":\"\u0218tiri \u0219i investiga\u021bii esen\u021biale din capital\u0103\",\"publisher\":{\"@id\":\"https:\\\/\\\/buletin.de\\\/bucuresti\\\/#organization\"},\"potentialAction\":[{\"@type\":\"SearchAction\",\"target\":{\"@type\":\"EntryPoint\",\"urlTemplate\":\"https:\\\/\\\/buletin.de\\\/bucuresti\\\/?s={search_term_string}\"},\"query-input\":{\"@type\":\"PropertyValueSpecification\",\"valueRequired\":true,\"valueName\":\"search_term_string\"}}],\"inLanguage\":\"en-GB\"},{\"@type\":\"Organization\",\"@id\":\"https:\\\/\\\/buletin.de\\\/bucuresti\\\/#organization\",\"name\":\"Buletin de Bucure\u0219ti\",\"url\":\"https:\\\/\\\/buletin.de\\\/bucuresti\\\/\",\"logo\":{\"@type\":\"ImageObject\",\"inLanguage\":\"en-GB\",\"@id\":\"https:\\\/\\\/buletin.de\\\/bucuresti\\\/#\\\/schema\\\/logo\\\/image\\\/\",\"url\":\"https:\\\/\\\/buletin.de\\\/bucuresti\\\/wp-content\\\/uploads\\\/logo-bdb-full-wide-vernil-transparent.png\",\"contentUrl\":\"https:\\\/\\\/buletin.de\\\/bucuresti\\\/wp-content\\\/uploads\\\/logo-bdb-full-wide-vernil-transparent.png\",\"width\":1782,\"height\":626,\"caption\":\"Buletin de Bucure\u0219ti\"},\"image\":{\"@id\":\"https:\\\/\\\/buletin.de\\\/bucuresti\\\/#\\\/schema\\\/logo\\\/image\\\/\"},\"sameAs\":[\"https:\\\/\\\/www.facebook.com\\\/buletin.de.buc\",\"https:\\\/\\\/www.instagram.com\\\/buletinde.bucuresti\\\/\"]},{\"@type\":\"Person\",\"@id\":\"https:\\\/\\\/buletin.de\\\/bucuresti\\\/#\\\/schema\\\/person\\\/0ac9db30080482be87c7386a30f98796\",\"name\":\"C\u0103t\u0103lin Anghel-Dimache\",\"image\":{\"@type\":\"ImageObject\",\"inLanguage\":\"en-GB\",\"@id\":\"https:\\\/\\\/buletin.de\\\/bucuresti\\\/wp-content\\\/uploads\\\/Catalin-Anghel-Dimache-96x96.jpgbd9e43c5b25186d5b8e917ac61ad86c4\",\"url\":\"https:\\\/\\\/buletin.de\\\/bucuresti\\\/wp-content\\\/uploads\\\/Catalin-Anghel-Dimache-96x96.jpg\",\"contentUrl\":\"https:\\\/\\\/buletin.de\\\/bucuresti\\\/wp-content\\\/uploads\\\/Catalin-Anghel-Dimache-96x96.jpg\",\"caption\":\"C\u0103t\u0103lin Anghel-Dimache\"},\"description\":\"A absolvit Facultatea de Jurnalism \u0219i \u0218tiin\u021bele Comunic\u0103rii a Universit\u0103\u021bii din Bucure\u0219ti \u00een 2024. Scrie despre mediu \u0219i teme sociale, dar \u0219i despre cum se reflect\u0103 ele \u00een via\u021ba cotidian\u0103 a bucure\u0219tenilor, cu un ochi atent la pove\u0219tile personale din spatele titlurilor. N\u0103scut \u0219i crescut \u00een Bucure\u0219ti, a f\u0103cut un pas c\u0103tre presa local\u0103, din pasiune pentru ora\u0219ul s\u0103u \u0219i oamenii din el.\",\"url\":\"https:\\\/\\\/buletin.de\\\/bucuresti\\\/author\\\/catalin-anghel-dimache\\\/\"}]}<\/script>\n<!-- \/ Yoast SEO Premium plugin. -->","yoast_head_json":{"title":"Program de incluziune a 30.000 de romi din Sectorul 2. Peste 40% dintre familii tr\u0103iesc \u00een condi\u021bii improprii - Buletin de Bucure\u0219ti","description":"Program de incluziune a 30.000 de romi din Sectorul 2. Peste 40% la sut\u0103 dintre familii tr\u0103iesc \u00een condi\u0163ii improprii","robots":{"index":"index","follow":"follow","max-snippet":"max-snippet:-1","max-image-preview":"max-image-preview:large","max-video-preview":"max-video-preview:-1"},"canonical":"https:\/\/buletin.de\/bucuresti\/program-de-incluziune-a-30-000-de-romi-din-sectorul-2-peste-40-la-suta-dintre-familii-traiesc-in-conditii-improprii\/","og_locale":"en_GB","og_type":"article","og_title":"Program de incluziune a 30.000 de romi din Sectorul 2. Peste 40% dintre familii tr\u0103iesc \u00een condi\u021bii improprii","og_description":"Program de incluziune a 30.000 de romi din Sectorul 2. Peste 40% la sut\u0103 dintre familii tr\u0103iesc \u00een condi\u0163ii improprii","og_url":"https:\/\/buletin.de\/bucuresti\/program-de-incluziune-a-30-000-de-romi-din-sectorul-2-peste-40-la-suta-dintre-familii-traiesc-in-conditii-improprii\/","og_site_name":"Buletin de Bucure\u0219ti","article_publisher":"https:\/\/www.facebook.com\/buletin.de.buc","article_published_time":"2026-01-28T15:53:53+00:00","article_modified_time":"2026-01-29T16:21:58+00:00","og_image":[{"width":1519,"height":1036,"url":"https:\/\/buletin.de\/bucuresti\/wp-content\/uploads\/2026\/01\/487364420_1071284371700169_4570451248673057161_n.webp","type":"image\/webp"}],"author":"C\u0103t\u0103lin Anghel-Dimache","twitter_card":"summary_large_image","twitter_misc":{"Written by":"C\u0103t\u0103lin Anghel-Dimache","Estimated reading time":"3 minutes"},"schema":{"@context":"https:\/\/schema.org","@graph":[{"@type":"Article","@id":"https:\/\/buletin.de\/bucuresti\/program-de-incluziune-a-30-000-de-romi-din-sectorul-2-peste-40-la-suta-dintre-familii-traiesc-in-conditii-improprii\/#article","isPartOf":{"@id":"https:\/\/buletin.de\/bucuresti\/program-de-incluziune-a-30-000-de-romi-din-sectorul-2-peste-40-la-suta-dintre-familii-traiesc-in-conditii-improprii\/"},"author":{"name":"C\u0103t\u0103lin Anghel-Dimache","@id":"https:\/\/buletin.de\/bucuresti\/#\/schema\/person\/0ac9db30080482be87c7386a30f98796"},"headline":"Program de incluziune a 30.000 de romi din Sectorul 2. Peste 40% dintre familii tr\u0103iesc \u00een condi\u021bii improprii","datePublished":"2026-01-28T15:53:53+00:00","dateModified":"2026-01-29T16:21:58+00:00","mainEntityOfPage":{"@id":"https:\/\/buletin.de\/bucuresti\/program-de-incluziune-a-30-000-de-romi-din-sectorul-2-peste-40-la-suta-dintre-familii-traiesc-in-conditii-improprii\/"},"wordCount":492,"publisher":{"@id":"https:\/\/buletin.de\/bucuresti\/#organization"},"image":{"@id":"https:\/\/buletin.de\/bucuresti\/program-de-incluziune-a-30-000-de-romi-din-sectorul-2-peste-40-la-suta-dintre-familii-traiesc-in-conditii-improprii\/#primaryimage"},"thumbnailUrl":"https:\/\/buletin.de\/bucuresti\/wp-content\/uploads\/2026\/01\/487364420_1071284371700169_4570451248673057161_n.webp","keywords":["Bucure\u0219ti","Capital\u0103","comunitatea rom\u0103","Sector 2"],"articleSection":["Articole","Main","Prim\u0103rie"],"inLanguage":"en-GB","copyrightYear":"2026","copyrightHolder":{"@id":"https:\/\/buletin.de\/bucuresti\/#organization"}},{"@type":"WebPage","@id":"https:\/\/buletin.de\/bucuresti\/program-de-incluziune-a-30-000-de-romi-din-sectorul-2-peste-40-la-suta-dintre-familii-traiesc-in-conditii-improprii\/","url":"https:\/\/buletin.de\/bucuresti\/program-de-incluziune-a-30-000-de-romi-din-sectorul-2-peste-40-la-suta-dintre-familii-traiesc-in-conditii-improprii\/","name":"Program de incluziune a 30.000 de romi din Sectorul 2. Peste 40% dintre familii tr\u0103iesc \u00een condi\u021bii improprii - Buletin de Bucure\u0219ti","isPartOf":{"@id":"https:\/\/buletin.de\/bucuresti\/#website"},"primaryImageOfPage":{"@id":"https:\/\/buletin.de\/bucuresti\/program-de-incluziune-a-30-000-de-romi-din-sectorul-2-peste-40-la-suta-dintre-familii-traiesc-in-conditii-improprii\/#primaryimage"},"image":{"@id":"https:\/\/buletin.de\/bucuresti\/program-de-incluziune-a-30-000-de-romi-din-sectorul-2-peste-40-la-suta-dintre-familii-traiesc-in-conditii-improprii\/#primaryimage"},"thumbnailUrl":"https:\/\/buletin.de\/bucuresti\/wp-content\/uploads\/2026\/01\/487364420_1071284371700169_4570451248673057161_n.webp","datePublished":"2026-01-28T15:53:53+00:00","dateModified":"2026-01-29T16:21:58+00:00","description":"Program de incluziune a 30.000 de romi din Sectorul 2. Peste 40% la sut\u0103 dintre familii tr\u0103iesc \u00een condi\u0163ii improprii","breadcrumb":{"@id":"https:\/\/buletin.de\/bucuresti\/program-de-incluziune-a-30-000-de-romi-din-sectorul-2-peste-40-la-suta-dintre-familii-traiesc-in-conditii-improprii\/#breadcrumb"},"inLanguage":"en-GB","potentialAction":[{"@type":"ReadAction","target":["https:\/\/buletin.de\/bucuresti\/program-de-incluziune-a-30-000-de-romi-din-sectorul-2-peste-40-la-suta-dintre-familii-traiesc-in-conditii-improprii\/"]}]},{"@type":"ImageObject","inLanguage":"en-GB","@id":"https:\/\/buletin.de\/bucuresti\/program-de-incluziune-a-30-000-de-romi-din-sectorul-2-peste-40-la-suta-dintre-familii-traiesc-in-conditii-improprii\/#primaryimage","url":"https:\/\/buletin.de\/bucuresti\/wp-content\/uploads\/2026\/01\/487364420_1071284371700169_4570451248673057161_n.webp","contentUrl":"https:\/\/buletin.de\/bucuresti\/wp-content\/uploads\/2026\/01\/487364420_1071284371700169_4570451248673057161_n.webp","width":1519,"height":1036,"caption":"Program de incluziune a 30.000 de romi din Sectorul 2. Foto: FB\/ E-Romnja"},{"@type":"BreadcrumbList","@id":"https:\/\/buletin.de\/bucuresti\/program-de-incluziune-a-30-000-de-romi-din-sectorul-2-peste-40-la-suta-dintre-familii-traiesc-in-conditii-improprii\/#breadcrumb","itemListElement":[{"@type":"ListItem","position":1,"name":"Acas\u0103","item":"https:\/\/buletin.de\/bucuresti\/"},{"@type":"ListItem","position":2,"name":"Program de incluziune a 30.000 de romi din Sectorul 2. Peste 40% dintre familii tr\u0103iesc \u00een condi\u021bii improprii"}]},{"@type":"WebSite","@id":"https:\/\/buletin.de\/bucuresti\/#website","url":"https:\/\/buletin.de\/bucuresti\/","name":"Buletin de Bucure\u0219ti","description":"\u0218tiri \u0219i investiga\u021bii esen\u021biale din capital\u0103","publisher":{"@id":"https:\/\/buletin.de\/bucuresti\/#organization"},"potentialAction":[{"@type":"SearchAction","target":{"@type":"EntryPoint","urlTemplate":"https:\/\/buletin.de\/bucuresti\/?s={search_term_string}"},"query-input":{"@type":"PropertyValueSpecification","valueRequired":true,"valueName":"search_term_string"}}],"inLanguage":"en-GB"},{"@type":"Organization","@id":"https:\/\/buletin.de\/bucuresti\/#organization","name":"Buletin de Bucure\u0219ti","url":"https:\/\/buletin.de\/bucuresti\/","logo":{"@type":"ImageObject","inLanguage":"en-GB","@id":"https:\/\/buletin.de\/bucuresti\/#\/schema\/logo\/image\/","url":"https:\/\/buletin.de\/bucuresti\/wp-content\/uploads\/logo-bdb-full-wide-vernil-transparent.png","contentUrl":"https:\/\/buletin.de\/bucuresti\/wp-content\/uploads\/logo-bdb-full-wide-vernil-transparent.png","width":1782,"height":626,"caption":"Buletin de Bucure\u0219ti"},"image":{"@id":"https:\/\/buletin.de\/bucuresti\/#\/schema\/logo\/image\/"},"sameAs":["https:\/\/www.facebook.com\/buletin.de.buc","https:\/\/www.instagram.com\/buletinde.bucuresti\/"]},{"@type":"Person","@id":"https:\/\/buletin.de\/bucuresti\/#\/schema\/person\/0ac9db30080482be87c7386a30f98796","name":"C\u0103t\u0103lin Anghel-Dimache","image":{"@type":"ImageObject","inLanguage":"en-GB","@id":"https:\/\/buletin.de\/bucuresti\/wp-content\/uploads\/Catalin-Anghel-Dimache-96x96.jpgbd9e43c5b25186d5b8e917ac61ad86c4","url":"https:\/\/buletin.de\/bucuresti\/wp-content\/uploads\/Catalin-Anghel-Dimache-96x96.jpg","contentUrl":"https:\/\/buletin.de\/bucuresti\/wp-content\/uploads\/Catalin-Anghel-Dimache-96x96.jpg","caption":"C\u0103t\u0103lin Anghel-Dimache"},"description":"A absolvit Facultatea de Jurnalism \u0219i \u0218tiin\u021bele Comunic\u0103rii a Universit\u0103\u021bii din Bucure\u0219ti \u00een 2024. Scrie despre mediu \u0219i teme sociale, dar \u0219i despre cum se reflect\u0103 ele \u00een via\u021ba cotidian\u0103 a bucure\u0219tenilor, cu un ochi atent la pove\u0219tile personale din spatele titlurilor. N\u0103scut \u0219i crescut \u00een Bucure\u0219ti, a f\u0103cut un pas c\u0103tre presa local\u0103, din pasiune pentru ora\u0219ul s\u0103u \u0219i oamenii din el.","url":"https:\/\/buletin.de\/bucuresti\/author\/catalin-anghel-dimache\/"}]}},"authors":[{"term_id":22572,"user_id":59,"is_guest":0,"slug":"catalin-anghel-dimache","display_name":"C\u0103t\u0103lin Anghel-Dimache","avatar_url":"https:\/\/buletin.de\/bucuresti\/wp-content\/uploads\/Catalin-Anghel-Dimache-96x96.jpg","0":null,"1":"","2":"","3":"","4":"","5":"","6":"","7":"","8":""}],"_links":{"self":[{"href":"https:\/\/buletin.de\/bucuresti\/wp-json\/wp\/v2\/posts\/169429","targetHints":{"allow":["GET"]}}],"collection":[{"href":"https:\/\/buletin.de\/bucuresti\/wp-json\/wp\/v2\/posts"}],"about":[{"href":"https:\/\/buletin.de\/bucuresti\/wp-json\/wp\/v2\/types\/post"}],"author":[{"embeddable":true,"href":"https:\/\/buletin.de\/bucuresti\/wp-json\/wp\/v2\/users\/59"}],"replies":[{"embeddable":true,"href":"https:\/\/buletin.de\/bucuresti\/wp-json\/wp\/v2\/comments?post=169429"}],"version-history":[{"count":4,"href":"https:\/\/buletin.de\/bucuresti\/wp-json\/wp\/v2\/posts\/169429\/revisions"}],"predecessor-version":[{"id":170283,"href":"https:\/\/buletin.de\/bucuresti\/wp-json\/wp\/v2\/posts\/169429\/revisions\/170283"}],"wp:featuredmedia":[{"embeddable":true,"href":"https:\/\/buletin.de\/bucuresti\/wp-json\/wp\/v2\/media\/169438"}],"wp:attachment":[{"href":"https:\/\/buletin.de\/bucuresti\/wp-json\/wp\/v2\/media?parent=169429"}],"wp:term":[{"taxonomy":"category","embeddable":true,"href":"https:\/\/buletin.de\/bucuresti\/wp-json\/wp\/v2\/categories?post=169429"},{"taxonomy":"post_tag","embeddable":true,"href":"https:\/\/buletin.de\/bucuresti\/wp-json\/wp\/v2\/tags?post=169429"},{"taxonomy":"author","embeddable":true,"href":"https:\/\/buletin.de\/bucuresti\/wp-json\/wp\/v2\/ppma_author?post=169429"}],"curies":[{"name":"wp","href":"https:\/\/api.w.org\/{rel}","templated":true}]}}