{"id":16940,"date":"2020-12-17T20:51:36","date_gmt":"2020-12-17T17:51:36","guid":{"rendered":"https:\/\/buletin.de\/bucuresti\/?p=16940"},"modified":"2020-12-17T20:51:36","modified_gmt":"2020-12-17T17:51:36","slug":"propunere-in-cgmb-schimbarea-denumirii-bulevardului-vasile-milea-in-doina-cornea-si-gen-paul-teodorescu","status":"publish","type":"post","link":"https:\/\/buletin.de\/bucuresti\/propunere-in-cgmb-schimbarea-denumirii-bulevardului-vasile-milea-in-doina-cornea-si-gen-paul-teodorescu\/","title":{"rendered":"Propunere \u00een CGMB | Schimbarea denumirii bulevardului Vasile Milea, \u00een Doina Cornea \u0219i gen. Paul Teodorescu"},"content":{"rendered":"\n<blockquote class=\"wp-block-quote is-layout-flow wp-block-quote-is-layout-flow\"><p><em>Dincolo de personalit\u0103\u021bile celor doi, ambii oprima\u021bi de regimul comunist, cred cu t\u0103rie c\u0103 a venit timpul ca \u0219i adminstra\u021bia local\u0103 s\u0103 contribuie la asanarea societ\u0103\u021bii rom\u00e2ne\u0219ti prin aprobarea acestui proiect, cu o puternic\u0103 valoare simbolic\u0103, elimin\u00e2nd din con\u0219tiin\u021ba colectiv\u0103 cultul fal\u0219ilor eroi \u0219i propun\u00e2nd comunit\u0103\u021bii noastre modele autentice ale istoriei \u0219i culturii rom\u00e2ne\u0219ti.<\/em><\/p><cite>C\u0103t\u0103lin Deaconescu, consilier general PNL<\/cite><\/blockquote>\n\n\n\n<p>Consilierul general, C\u0103t\u0103lin Deaconescu, a anun\u021bat pe pagina sa de Facebook, c\u0103 a depus prima sa propunere de Hot\u0103r\u00e2re, din acest mandat. Schimbarea denumirii bulevardului Vasile Milea \u00een bulevardul Doina Cornea pentru segmentul Splaiul Independen\u021bei &#8211; bd Iuliu Maniu \u0219i bulevardul general Paul Teodorescu, pentru segmentul Iuliu Maniu- Drumul Taberei.<\/p>\n\n\n\n<p><em>&#8220;Este doar primul dintre proiectele de schimbare de denumiri pe care am \u00eencercat s\u0103 le promovez \u00een mandatul trecut \u0219i \u00een care m-am lovit de opacitatea fostei administra\u021bii.<\/em>(&#8230;) <em>Nutresc speran\u021ba c\u0103 proiectul va fi sus\u021binut \u00een Consiliul General de toate grupurile politice care se declar\u0103 de sorginte democratic\u0103<\/em>&#8220;, a mai scris C\u0103t\u0103lin Deaconescu<\/p>\n\n\n\n<p>Generalul Vasile Milea ministrul Ap\u0103r\u0103rii, \u00een Guvernul Rom\u00e2niei, \u00een 1989. \u00cen timpul Revolu\u021biei, a condus personal reprimarea protestelor de la Intercontinental, din noaptea de 21-22 decembrie 1989. \u00cen diminea\u021ba zilei de 22 decembrie, s-a \u00eempu\u0219cat iar Ceau\u0219escu l-a numit tr\u0103d\u0103tor. A fost declarat erou al Revolu\u021biei, de\u0219i contribu\u021bia sa la victoria revolu\u021bionarilor este cel pu\u021bin contestabil\u0103.<\/p>\n\n\n\n<p>Pe de alt\u0103 parte, Doina Cornea \u0219i gen. Paul Teodorescu sunt doi dintre cei mai cunoscu\u021bi contestatari ai regimului comunist. <\/p>\n\n\n\n<p>Gen. Paul Tedorescu a fost unul dintre militarii de elit\u0103 ai Armatei Rom\u00e2ne, decorat cu Legiunea de Onoare \u0219i fost coleg de \u0219coal\u0103 militar\u0103 cu generalul Charles Du Gaulle, \u0219i a fost Ministerul al Aerului \u0219i Marinei, \u00eenainte de cel de-al doilea r\u0103zboi mondial. Dup\u0103 abdicarea regelui Mihai, a fost arestat \u0219i a muncit la Canal mai bine de 10 ani. A tr\u0103it modest apoi p\u00e2n\u0103 la sf\u0103r\u0219itul vie\u021bii.<\/p>\n\n\n\n<figure class=\"wp-block-image size-large\"><img fetchpriority=\"high\" decoding=\"async\" width=\"616\" height=\"396\" src=\"data:image\/gif;base64,R0lGODlhAQABAAAAACH5BAEKAAEALAAAAAABAAEAAAICTAEAOw==\" data-src=\"https:\/\/buletin.de\/bucuresti\/wp-content\/uploads\/a2d7d764-4d65-4c18-be6b-6b2cd5277a1d.jpg\" alt=\"\" class=\"wp-image-16955 lazyload\" data-sizes=\"auto\" data-srcset=\"https:\/\/buletin.de\/bucuresti\/wp-content\/uploads\/a2d7d764-4d65-4c18-be6b-6b2cd5277a1d.jpg 616w, https:\/\/buletin.de\/bucuresti\/wp-content\/uploads\/a2d7d764-4d65-4c18-be6b-6b2cd5277a1d-300x193.jpg 300w, https:\/\/buletin.de\/bucuresti\/wp-content\/uploads\/a2d7d764-4d65-4c18-be6b-6b2cd5277a1d-550x354.jpg 550w, https:\/\/buletin.de\/bucuresti\/wp-content\/uploads\/a2d7d764-4d65-4c18-be6b-6b2cd5277a1d-600x386.jpg 600w\" sizes=\"(max-width: 616px) 100vw, 616px\" \/><\/figure>\n\n\n\n<p><\/p>\n\n\n\n<p>Doina Cornea a fost una dintre cele mai vocale voci anticomuniste din Rom\u00e2nia, \u00eenainte de Revolu\u021bie. Micu\u021ba \u0219i delicat\u0103 profesoar\u0103 de francez\u0103 din Cluj a fost co\u0219marul lui Ceau\u0219escu, care a ordonat urm\u0103rirea sa permanent\u0103 timp de c\u00e2\u021biva ai, anchetarea \u0219i torturarea sa. Nu s-a l\u0103sat intimidat\u0103, a scris manifeste, c\u0103r\u021bi, a tradus \u00een ilegalitate \u0219i textele sale de protest s-au auzit \u00een toat\u0103 \u021bara, prin intermediul Radio Europa Liber\u0103. Dup\u0103 Revolu\u021bie nu a intrat \u00een via\u021ba politic\u0103, dar a pus bazele a dou\u0103 mi\u0219c\u0103ri civice &#8211; Grupul de Dialog Social \u0219i Alian\u021ba Civic\u0103.<\/p>\n\n\n\n<p>Surse Foto Facebook Cristian Vasile, Alin Mihaita Goga<\/p>\n\n\n\n<p><\/p>\n\n\n\n<p><\/p>\n\n\n\n<p>.<\/p>\n\n\n\n<p><\/p>\n","protected":false},"excerpt":{"rendered":"<p>Dincolo de personalit\u0103\u021bile celor doi, ambii oprima\u021bi de regimul comunist, cred cu t\u0103rie c\u0103 a venit timpul ca \u0219i adminstra\u021bia local\u0103 s\u0103 contribuie la asanarea societ\u0103\u021bii rom\u00e2ne\u0219ti prin aprobarea acestui proiect, cu o puternic\u0103 valoare simbolic\u0103, elimin\u00e2nd din con\u0219tiin\u021ba colectiv\u0103 cultul fal\u0219ilor eroi \u0219i propun\u00e2nd comunit\u0103\u021bii noastre modele autentice ale istoriei \u0219i culturii rom\u00e2ne\u0219ti. C\u0103t\u0103lin [&hellip;]<\/p>\n","protected":false},"author":18,"featured_media":16951,"comment_status":"closed","ping_status":"open","sticky":false,"template":"","format":"standard","meta":{"_acf_changed":false,"inline_featured_image":false,"ngg_post_thumbnail":0,"footnotes":""},"categories":[1],"tags":[],"ppma_author":[22579],"class_list":["post-16940","post","type-post","status-publish","format-standard","has-post-thumbnail","hentry","category-diverse"],"acf":[],"yoast_head":"<!-- This site is optimized with the Yoast SEO Premium plugin v25.3 (Yoast SEO v27.5) - https:\/\/yoast.com\/product\/yoast-seo-premium-wordpress\/ -->\n<title>Propunere \u00een CGMB | Schimbarea denumirii bulevardului Vasile Milea, \u00een Doina Cornea \u0219i gen. Paul Teodorescu - Buletin de Bucure\u0219ti<\/title>\n<meta name=\"robots\" content=\"index, follow, max-snippet:-1, max-image-preview:large, max-video-preview:-1\" \/>\n<link rel=\"canonical\" href=\"https:\/\/buletin.de\/bucuresti\/propunere-in-cgmb-schimbarea-denumirii-bulevardului-vasile-milea-in-doina-cornea-si-gen-paul-teodorescu\/\" \/>\n<meta property=\"og:locale\" content=\"en_GB\" \/>\n<meta property=\"og:type\" content=\"article\" \/>\n<meta property=\"og:title\" content=\"Propunere \u00een CGMB | Schimbarea denumirii bulevardului Vasile Milea, \u00een Doina Cornea \u0219i gen. Paul Teodorescu\" \/>\n<meta property=\"og:description\" content=\"Dincolo de personalit\u0103\u021bile celor doi, ambii oprima\u021bi de regimul comunist, cred cu t\u0103rie c\u0103 a venit timpul ca \u0219i adminstra\u021bia local\u0103 s\u0103 contribuie la asanarea societ\u0103\u021bii rom\u00e2ne\u0219ti prin aprobarea acestui proiect, cu o puternic\u0103 valoare simbolic\u0103, elimin\u00e2nd din con\u0219tiin\u021ba colectiv\u0103 cultul fal\u0219ilor eroi \u0219i propun\u00e2nd comunit\u0103\u021bii noastre modele autentice ale istoriei \u0219i culturii rom\u00e2ne\u0219ti. C\u0103t\u0103lin [&hellip;]\" \/>\n<meta property=\"og:url\" content=\"https:\/\/buletin.de\/bucuresti\/propunere-in-cgmb-schimbarea-denumirii-bulevardului-vasile-milea-in-doina-cornea-si-gen-paul-teodorescu\/\" \/>\n<meta property=\"og:site_name\" content=\"Buletin de Bucure\u0219ti\" \/>\n<meta property=\"article:publisher\" content=\"https:\/\/www.facebook.com\/buletin.de.buc\" \/>\n<meta property=\"article:published_time\" content=\"2020-12-17T17:51:36+00:00\" \/>\n<meta property=\"og:image\" content=\"https:\/\/buletin.de\/bucuresti\/wp-content\/uploads\/ef3d4c7c-f976-4027-b0f4-7d55b3e6de7c.jpg\" \/>\n\t<meta property=\"og:image:width\" content=\"960\" \/>\n\t<meta property=\"og:image:height\" content=\"640\" \/>\n\t<meta property=\"og:image:type\" content=\"image\/jpeg\" \/>\n<meta name=\"author\" content=\"Teodora Stroe\" \/>\n<meta name=\"twitter:card\" content=\"summary_large_image\" \/>\n<meta name=\"twitter:label1\" content=\"Written by\" \/>\n\t<meta name=\"twitter:data1\" content=\"Teodora Stroe\" \/>\n\t<meta name=\"twitter:label2\" content=\"Estimated reading time\" \/>\n\t<meta name=\"twitter:data2\" content=\"2 minutes\" \/>\n<script type=\"application\/ld+json\" class=\"yoast-schema-graph\">{\"@context\":\"https:\\\/\\\/schema.org\",\"@graph\":[{\"@type\":\"Article\",\"@id\":\"https:\\\/\\\/buletin.de\\\/bucuresti\\\/propunere-in-cgmb-schimbarea-denumirii-bulevardului-vasile-milea-in-doina-cornea-si-gen-paul-teodorescu\\\/#article\",\"isPartOf\":{\"@id\":\"https:\\\/\\\/buletin.de\\\/bucuresti\\\/propunere-in-cgmb-schimbarea-denumirii-bulevardului-vasile-milea-in-doina-cornea-si-gen-paul-teodorescu\\\/\"},\"author\":{\"name\":\"Teodora Stroe\",\"@id\":\"https:\\\/\\\/buletin.de\\\/bucuresti\\\/#\\\/schema\\\/person\\\/d369d7ddc775abece205795e0b804614\"},\"headline\":\"Propunere \u00een CGMB | Schimbarea denumirii bulevardului Vasile Milea, \u00een Doina Cornea \u0219i gen. Paul Teodorescu\",\"datePublished\":\"2020-12-17T17:51:36+00:00\",\"mainEntityOfPage\":{\"@id\":\"https:\\\/\\\/buletin.de\\\/bucuresti\\\/propunere-in-cgmb-schimbarea-denumirii-bulevardului-vasile-milea-in-doina-cornea-si-gen-paul-teodorescu\\\/\"},\"wordCount\":485,\"publisher\":{\"@id\":\"https:\\\/\\\/buletin.de\\\/bucuresti\\\/#organization\"},\"image\":{\"@id\":\"https:\\\/\\\/buletin.de\\\/bucuresti\\\/propunere-in-cgmb-schimbarea-denumirii-bulevardului-vasile-milea-in-doina-cornea-si-gen-paul-teodorescu\\\/#primaryimage\"},\"thumbnailUrl\":\"https:\\\/\\\/buletin.de\\\/bucuresti\\\/wp-content\\\/uploads\\\/ef3d4c7c-f976-4027-b0f4-7d55b3e6de7c.jpg\",\"articleSection\":[\"Diverse\"],\"inLanguage\":\"en-GB\",\"copyrightYear\":\"2020\",\"copyrightHolder\":{\"@id\":\"https:\\\/\\\/buletin.de\\\/bucuresti\\\/#organization\"}},{\"@type\":\"WebPage\",\"@id\":\"https:\\\/\\\/buletin.de\\\/bucuresti\\\/propunere-in-cgmb-schimbarea-denumirii-bulevardului-vasile-milea-in-doina-cornea-si-gen-paul-teodorescu\\\/\",\"url\":\"https:\\\/\\\/buletin.de\\\/bucuresti\\\/propunere-in-cgmb-schimbarea-denumirii-bulevardului-vasile-milea-in-doina-cornea-si-gen-paul-teodorescu\\\/\",\"name\":\"Propunere \u00een CGMB | Schimbarea denumirii bulevardului Vasile Milea, \u00een Doina Cornea \u0219i gen. Paul Teodorescu - Buletin de Bucure\u0219ti\",\"isPartOf\":{\"@id\":\"https:\\\/\\\/buletin.de\\\/bucuresti\\\/#website\"},\"primaryImageOfPage\":{\"@id\":\"https:\\\/\\\/buletin.de\\\/bucuresti\\\/propunere-in-cgmb-schimbarea-denumirii-bulevardului-vasile-milea-in-doina-cornea-si-gen-paul-teodorescu\\\/#primaryimage\"},\"image\":{\"@id\":\"https:\\\/\\\/buletin.de\\\/bucuresti\\\/propunere-in-cgmb-schimbarea-denumirii-bulevardului-vasile-milea-in-doina-cornea-si-gen-paul-teodorescu\\\/#primaryimage\"},\"thumbnailUrl\":\"https:\\\/\\\/buletin.de\\\/bucuresti\\\/wp-content\\\/uploads\\\/ef3d4c7c-f976-4027-b0f4-7d55b3e6de7c.jpg\",\"datePublished\":\"2020-12-17T17:51:36+00:00\",\"breadcrumb\":{\"@id\":\"https:\\\/\\\/buletin.de\\\/bucuresti\\\/propunere-in-cgmb-schimbarea-denumirii-bulevardului-vasile-milea-in-doina-cornea-si-gen-paul-teodorescu\\\/#breadcrumb\"},\"inLanguage\":\"en-GB\",\"potentialAction\":[{\"@type\":\"ReadAction\",\"target\":[\"https:\\\/\\\/buletin.de\\\/bucuresti\\\/propunere-in-cgmb-schimbarea-denumirii-bulevardului-vasile-milea-in-doina-cornea-si-gen-paul-teodorescu\\\/\"]}]},{\"@type\":\"ImageObject\",\"inLanguage\":\"en-GB\",\"@id\":\"https:\\\/\\\/buletin.de\\\/bucuresti\\\/propunere-in-cgmb-schimbarea-denumirii-bulevardului-vasile-milea-in-doina-cornea-si-gen-paul-teodorescu\\\/#primaryimage\",\"url\":\"https:\\\/\\\/buletin.de\\\/bucuresti\\\/wp-content\\\/uploads\\\/ef3d4c7c-f976-4027-b0f4-7d55b3e6de7c.jpg\",\"contentUrl\":\"https:\\\/\\\/buletin.de\\\/bucuresti\\\/wp-content\\\/uploads\\\/ef3d4c7c-f976-4027-b0f4-7d55b3e6de7c.jpg\",\"width\":960,\"height\":640},{\"@type\":\"BreadcrumbList\",\"@id\":\"https:\\\/\\\/buletin.de\\\/bucuresti\\\/propunere-in-cgmb-schimbarea-denumirii-bulevardului-vasile-milea-in-doina-cornea-si-gen-paul-teodorescu\\\/#breadcrumb\",\"itemListElement\":[{\"@type\":\"ListItem\",\"position\":1,\"name\":\"Acas\u0103\",\"item\":\"https:\\\/\\\/buletin.de\\\/bucuresti\\\/\"},{\"@type\":\"ListItem\",\"position\":2,\"name\":\"Propunere \u00een CGMB | Schimbarea denumirii bulevardului Vasile Milea, \u00een Doina Cornea \u0219i gen. Paul Teodorescu\"}]},{\"@type\":\"WebSite\",\"@id\":\"https:\\\/\\\/buletin.de\\\/bucuresti\\\/#website\",\"url\":\"https:\\\/\\\/buletin.de\\\/bucuresti\\\/\",\"name\":\"Buletin de Bucure\u0219ti\",\"description\":\"\u0218tiri \u0219i investiga\u021bii esen\u021biale din capital\u0103\",\"publisher\":{\"@id\":\"https:\\\/\\\/buletin.de\\\/bucuresti\\\/#organization\"},\"potentialAction\":[{\"@type\":\"SearchAction\",\"target\":{\"@type\":\"EntryPoint\",\"urlTemplate\":\"https:\\\/\\\/buletin.de\\\/bucuresti\\\/?s={search_term_string}\"},\"query-input\":{\"@type\":\"PropertyValueSpecification\",\"valueRequired\":true,\"valueName\":\"search_term_string\"}}],\"inLanguage\":\"en-GB\"},{\"@type\":\"Organization\",\"@id\":\"https:\\\/\\\/buletin.de\\\/bucuresti\\\/#organization\",\"name\":\"Buletin de Bucure\u0219ti\",\"url\":\"https:\\\/\\\/buletin.de\\\/bucuresti\\\/\",\"logo\":{\"@type\":\"ImageObject\",\"inLanguage\":\"en-GB\",\"@id\":\"https:\\\/\\\/buletin.de\\\/bucuresti\\\/#\\\/schema\\\/logo\\\/image\\\/\",\"url\":\"https:\\\/\\\/buletin.de\\\/bucuresti\\\/wp-content\\\/uploads\\\/logo-bdb-full-wide-vernil-transparent.png\",\"contentUrl\":\"https:\\\/\\\/buletin.de\\\/bucuresti\\\/wp-content\\\/uploads\\\/logo-bdb-full-wide-vernil-transparent.png\",\"width\":1782,\"height\":626,\"caption\":\"Buletin de Bucure\u0219ti\"},\"image\":{\"@id\":\"https:\\\/\\\/buletin.de\\\/bucuresti\\\/#\\\/schema\\\/logo\\\/image\\\/\"},\"sameAs\":[\"https:\\\/\\\/www.facebook.com\\\/buletin.de.buc\",\"https:\\\/\\\/www.instagram.com\\\/buletinde.bucuresti\\\/\"]},{\"@type\":\"Person\",\"@id\":\"https:\\\/\\\/buletin.de\\\/bucuresti\\\/#\\\/schema\\\/person\\\/d369d7ddc775abece205795e0b804614\",\"name\":\"Teodora Stroe\",\"image\":{\"@type\":\"ImageObject\",\"inLanguage\":\"en-GB\",\"@id\":\"https:\\\/\\\/secure.gravatar.com\\\/avatar\\\/2560b4cd9f5f1bc100b123158e657d75584bd1c3e1d9c69285720b9457c1b78d?s=96&d=monsterid&r=gc104800242ba5f2d78dd5d7dc4df08b6\",\"url\":\"https:\\\/\\\/secure.gravatar.com\\\/avatar\\\/2560b4cd9f5f1bc100b123158e657d75584bd1c3e1d9c69285720b9457c1b78d?s=96&d=monsterid&r=g\",\"contentUrl\":\"https:\\\/\\\/secure.gravatar.com\\\/avatar\\\/2560b4cd9f5f1bc100b123158e657d75584bd1c3e1d9c69285720b9457c1b78d?s=96&d=monsterid&r=g\",\"caption\":\"Teodora Stroe\"},\"url\":\"https:\\\/\\\/buletin.de\\\/bucuresti\\\/author\\\/simonacarlugea\\\/\"}]}<\/script>\n<!-- \/ Yoast SEO Premium plugin. -->","yoast_head_json":{"title":"Propunere \u00een CGMB | Schimbarea denumirii bulevardului Vasile Milea, \u00een Doina Cornea \u0219i gen. Paul Teodorescu - Buletin de Bucure\u0219ti","robots":{"index":"index","follow":"follow","max-snippet":"max-snippet:-1","max-image-preview":"max-image-preview:large","max-video-preview":"max-video-preview:-1"},"canonical":"https:\/\/buletin.de\/bucuresti\/propunere-in-cgmb-schimbarea-denumirii-bulevardului-vasile-milea-in-doina-cornea-si-gen-paul-teodorescu\/","og_locale":"en_GB","og_type":"article","og_title":"Propunere \u00een CGMB | Schimbarea denumirii bulevardului Vasile Milea, \u00een Doina Cornea \u0219i gen. Paul Teodorescu","og_description":"Dincolo de personalit\u0103\u021bile celor doi, ambii oprima\u021bi de regimul comunist, cred cu t\u0103rie c\u0103 a venit timpul ca \u0219i adminstra\u021bia local\u0103 s\u0103 contribuie la asanarea societ\u0103\u021bii rom\u00e2ne\u0219ti prin aprobarea acestui proiect, cu o puternic\u0103 valoare simbolic\u0103, elimin\u00e2nd din con\u0219tiin\u021ba colectiv\u0103 cultul fal\u0219ilor eroi \u0219i propun\u00e2nd comunit\u0103\u021bii noastre modele autentice ale istoriei \u0219i culturii rom\u00e2ne\u0219ti. C\u0103t\u0103lin [&hellip;]","og_url":"https:\/\/buletin.de\/bucuresti\/propunere-in-cgmb-schimbarea-denumirii-bulevardului-vasile-milea-in-doina-cornea-si-gen-paul-teodorescu\/","og_site_name":"Buletin de Bucure\u0219ti","article_publisher":"https:\/\/www.facebook.com\/buletin.de.buc","article_published_time":"2020-12-17T17:51:36+00:00","og_image":[{"width":960,"height":640,"url":"https:\/\/buletin.de\/bucuresti\/wp-content\/uploads\/ef3d4c7c-f976-4027-b0f4-7d55b3e6de7c.jpg","type":"image\/jpeg"}],"author":"Teodora Stroe","twitter_card":"summary_large_image","twitter_misc":{"Written by":"Teodora Stroe","Estimated reading time":"2 minutes"},"schema":{"@context":"https:\/\/schema.org","@graph":[{"@type":"Article","@id":"https:\/\/buletin.de\/bucuresti\/propunere-in-cgmb-schimbarea-denumirii-bulevardului-vasile-milea-in-doina-cornea-si-gen-paul-teodorescu\/#article","isPartOf":{"@id":"https:\/\/buletin.de\/bucuresti\/propunere-in-cgmb-schimbarea-denumirii-bulevardului-vasile-milea-in-doina-cornea-si-gen-paul-teodorescu\/"},"author":{"name":"Teodora Stroe","@id":"https:\/\/buletin.de\/bucuresti\/#\/schema\/person\/d369d7ddc775abece205795e0b804614"},"headline":"Propunere \u00een CGMB | Schimbarea denumirii bulevardului Vasile Milea, \u00een Doina Cornea \u0219i gen. Paul Teodorescu","datePublished":"2020-12-17T17:51:36+00:00","mainEntityOfPage":{"@id":"https:\/\/buletin.de\/bucuresti\/propunere-in-cgmb-schimbarea-denumirii-bulevardului-vasile-milea-in-doina-cornea-si-gen-paul-teodorescu\/"},"wordCount":485,"publisher":{"@id":"https:\/\/buletin.de\/bucuresti\/#organization"},"image":{"@id":"https:\/\/buletin.de\/bucuresti\/propunere-in-cgmb-schimbarea-denumirii-bulevardului-vasile-milea-in-doina-cornea-si-gen-paul-teodorescu\/#primaryimage"},"thumbnailUrl":"https:\/\/buletin.de\/bucuresti\/wp-content\/uploads\/ef3d4c7c-f976-4027-b0f4-7d55b3e6de7c.jpg","articleSection":["Diverse"],"inLanguage":"en-GB","copyrightYear":"2020","copyrightHolder":{"@id":"https:\/\/buletin.de\/bucuresti\/#organization"}},{"@type":"WebPage","@id":"https:\/\/buletin.de\/bucuresti\/propunere-in-cgmb-schimbarea-denumirii-bulevardului-vasile-milea-in-doina-cornea-si-gen-paul-teodorescu\/","url":"https:\/\/buletin.de\/bucuresti\/propunere-in-cgmb-schimbarea-denumirii-bulevardului-vasile-milea-in-doina-cornea-si-gen-paul-teodorescu\/","name":"Propunere \u00een CGMB | Schimbarea denumirii bulevardului Vasile Milea, \u00een Doina Cornea \u0219i gen. Paul Teodorescu - Buletin de Bucure\u0219ti","isPartOf":{"@id":"https:\/\/buletin.de\/bucuresti\/#website"},"primaryImageOfPage":{"@id":"https:\/\/buletin.de\/bucuresti\/propunere-in-cgmb-schimbarea-denumirii-bulevardului-vasile-milea-in-doina-cornea-si-gen-paul-teodorescu\/#primaryimage"},"image":{"@id":"https:\/\/buletin.de\/bucuresti\/propunere-in-cgmb-schimbarea-denumirii-bulevardului-vasile-milea-in-doina-cornea-si-gen-paul-teodorescu\/#primaryimage"},"thumbnailUrl":"https:\/\/buletin.de\/bucuresti\/wp-content\/uploads\/ef3d4c7c-f976-4027-b0f4-7d55b3e6de7c.jpg","datePublished":"2020-12-17T17:51:36+00:00","breadcrumb":{"@id":"https:\/\/buletin.de\/bucuresti\/propunere-in-cgmb-schimbarea-denumirii-bulevardului-vasile-milea-in-doina-cornea-si-gen-paul-teodorescu\/#breadcrumb"},"inLanguage":"en-GB","potentialAction":[{"@type":"ReadAction","target":["https:\/\/buletin.de\/bucuresti\/propunere-in-cgmb-schimbarea-denumirii-bulevardului-vasile-milea-in-doina-cornea-si-gen-paul-teodorescu\/"]}]},{"@type":"ImageObject","inLanguage":"en-GB","@id":"https:\/\/buletin.de\/bucuresti\/propunere-in-cgmb-schimbarea-denumirii-bulevardului-vasile-milea-in-doina-cornea-si-gen-paul-teodorescu\/#primaryimage","url":"https:\/\/buletin.de\/bucuresti\/wp-content\/uploads\/ef3d4c7c-f976-4027-b0f4-7d55b3e6de7c.jpg","contentUrl":"https:\/\/buletin.de\/bucuresti\/wp-content\/uploads\/ef3d4c7c-f976-4027-b0f4-7d55b3e6de7c.jpg","width":960,"height":640},{"@type":"BreadcrumbList","@id":"https:\/\/buletin.de\/bucuresti\/propunere-in-cgmb-schimbarea-denumirii-bulevardului-vasile-milea-in-doina-cornea-si-gen-paul-teodorescu\/#breadcrumb","itemListElement":[{"@type":"ListItem","position":1,"name":"Acas\u0103","item":"https:\/\/buletin.de\/bucuresti\/"},{"@type":"ListItem","position":2,"name":"Propunere \u00een CGMB | Schimbarea denumirii bulevardului Vasile Milea, \u00een Doina Cornea \u0219i gen. Paul Teodorescu"}]},{"@type":"WebSite","@id":"https:\/\/buletin.de\/bucuresti\/#website","url":"https:\/\/buletin.de\/bucuresti\/","name":"Buletin de Bucure\u0219ti","description":"\u0218tiri \u0219i investiga\u021bii esen\u021biale din capital\u0103","publisher":{"@id":"https:\/\/buletin.de\/bucuresti\/#organization"},"potentialAction":[{"@type":"SearchAction","target":{"@type":"EntryPoint","urlTemplate":"https:\/\/buletin.de\/bucuresti\/?s={search_term_string}"},"query-input":{"@type":"PropertyValueSpecification","valueRequired":true,"valueName":"search_term_string"}}],"inLanguage":"en-GB"},{"@type":"Organization","@id":"https:\/\/buletin.de\/bucuresti\/#organization","name":"Buletin de Bucure\u0219ti","url":"https:\/\/buletin.de\/bucuresti\/","logo":{"@type":"ImageObject","inLanguage":"en-GB","@id":"https:\/\/buletin.de\/bucuresti\/#\/schema\/logo\/image\/","url":"https:\/\/buletin.de\/bucuresti\/wp-content\/uploads\/logo-bdb-full-wide-vernil-transparent.png","contentUrl":"https:\/\/buletin.de\/bucuresti\/wp-content\/uploads\/logo-bdb-full-wide-vernil-transparent.png","width":1782,"height":626,"caption":"Buletin de Bucure\u0219ti"},"image":{"@id":"https:\/\/buletin.de\/bucuresti\/#\/schema\/logo\/image\/"},"sameAs":["https:\/\/www.facebook.com\/buletin.de.buc","https:\/\/www.instagram.com\/buletinde.bucuresti\/"]},{"@type":"Person","@id":"https:\/\/buletin.de\/bucuresti\/#\/schema\/person\/d369d7ddc775abece205795e0b804614","name":"Teodora Stroe","image":{"@type":"ImageObject","inLanguage":"en-GB","@id":"https:\/\/secure.gravatar.com\/avatar\/2560b4cd9f5f1bc100b123158e657d75584bd1c3e1d9c69285720b9457c1b78d?s=96&d=monsterid&r=gc104800242ba5f2d78dd5d7dc4df08b6","url":"https:\/\/secure.gravatar.com\/avatar\/2560b4cd9f5f1bc100b123158e657d75584bd1c3e1d9c69285720b9457c1b78d?s=96&d=monsterid&r=g","contentUrl":"https:\/\/secure.gravatar.com\/avatar\/2560b4cd9f5f1bc100b123158e657d75584bd1c3e1d9c69285720b9457c1b78d?s=96&d=monsterid&r=g","caption":"Teodora Stroe"},"url":"https:\/\/buletin.de\/bucuresti\/author\/simonacarlugea\/"}]}},"authors":[{"term_id":22579,"user_id":18,"is_guest":0,"slug":"simonacarlugea","display_name":"Teodora Stroe","avatar_url":"https:\/\/secure.gravatar.com\/avatar\/2560b4cd9f5f1bc100b123158e657d75584bd1c3e1d9c69285720b9457c1b78d?s=96&d=monsterid&r=g","0":null,"1":"","2":"","3":"","4":"","5":"","6":"","7":"","8":""}],"_links":{"self":[{"href":"https:\/\/buletin.de\/bucuresti\/wp-json\/wp\/v2\/posts\/16940","targetHints":{"allow":["GET"]}}],"collection":[{"href":"https:\/\/buletin.de\/bucuresti\/wp-json\/wp\/v2\/posts"}],"about":[{"href":"https:\/\/buletin.de\/bucuresti\/wp-json\/wp\/v2\/types\/post"}],"author":[{"embeddable":true,"href":"https:\/\/buletin.de\/bucuresti\/wp-json\/wp\/v2\/users\/18"}],"replies":[{"embeddable":true,"href":"https:\/\/buletin.de\/bucuresti\/wp-json\/wp\/v2\/comments?post=16940"}],"version-history":[{"count":5,"href":"https:\/\/buletin.de\/bucuresti\/wp-json\/wp\/v2\/posts\/16940\/revisions"}],"predecessor-version":[{"id":16958,"href":"https:\/\/buletin.de\/bucuresti\/wp-json\/wp\/v2\/posts\/16940\/revisions\/16958"}],"wp:featuredmedia":[{"embeddable":true,"href":"https:\/\/buletin.de\/bucuresti\/wp-json\/wp\/v2\/media\/16951"}],"wp:attachment":[{"href":"https:\/\/buletin.de\/bucuresti\/wp-json\/wp\/v2\/media?parent=16940"}],"wp:term":[{"taxonomy":"category","embeddable":true,"href":"https:\/\/buletin.de\/bucuresti\/wp-json\/wp\/v2\/categories?post=16940"},{"taxonomy":"post_tag","embeddable":true,"href":"https:\/\/buletin.de\/bucuresti\/wp-json\/wp\/v2\/tags?post=16940"},{"taxonomy":"author","embeddable":true,"href":"https:\/\/buletin.de\/bucuresti\/wp-json\/wp\/v2\/ppma_author?post=16940"}],"curies":[{"name":"wp","href":"https:\/\/api.w.org\/{rel}","templated":true}]}}