{"id":16911,"date":"2020-12-17T15:30:56","date_gmt":"2020-12-17T12:30:56","guid":{"rendered":"https:\/\/buletin.de\/bucuresti\/?p=16911"},"modified":"2020-12-17T15:32:31","modified_gmt":"2020-12-17T12:32:31","slug":"primul-spital-din-sectorul-6-planificat-la-intersectia-bulevardului-timisoara-cu-valea-cascadelor-terenul-de-33-ha-urmeaza-sa-fie-transferat-de-la-consiliul-general","status":"publish","type":"post","link":"https:\/\/buletin.de\/bucuresti\/primul-spital-din-sectorul-6-planificat-la-intersectia-bulevardului-timisoara-cu-valea-cascadelor-terenul-de-33-ha-urmeaza-sa-fie-transferat-de-la-consiliul-general\/","title":{"rendered":"Primul spital din Sectorul 6, planificat la intersec\u021bia Bulevardului Timi\u0219oara cu Valea Cascadelor. Terenul de 3,3 ha urmeaz\u0103 s\u0103 fie transferat de la Consiliul General"},"content":{"rendered":"\n<p><strong>Un proiect de hot\u0103r\u00e2re pentru transmiterea \u00een administrarea Consiliului Local al Sectorului 6 un teren de 33.330 mp, \u00een vederea construirii unui spital, a trecut de votul consilierilor locali.<\/strong><\/p>\n\n\n\n<p>&nbsp;\u201c<em>Acest teren s-ar preta foarte bine pentru acest obiectiv pentru ca, stiti bine, \u00een Sectorul 6 nu avem niciun spital. Noi cerem acest teren pentru a putea sa d\u0103m drumul la studiul de fezabilitate \u0219i dac\u0103 este posibil studiul de fezabilitate, s\u0103 d\u0103m drumul la un proiect tehnic. Daca nu este in proprietatea noastra, nu putem cheltui bani de la buget. Acest teren a mai fost \u00een administrarea Sectorului 6. Conform PUZ-ului \u00een zona respectiv\u0103 ar trebui sa iasa \u0219i drumul expres Valea Larg\u0103. Avantajul acestui teren e ca se afla \u00een zona median\u0103, intre dou\u0103 zone intens populate, intre Militari \u0219i Drumul Taberei<\/em>\u201d, a explicat \u00een cadrul \u0219edin\u021bei de consiliul local, primarul Ciprian Ciucu.&nbsp;&nbsp;&nbsp;<\/p>\n\n\n\n<p>Terenul se afla la intersec\u021bia Bulevardului Timi\u0219oara cu strada Valea Cascadelor, \u00een imediata vecin\u0103tate a T\u00e2rgului de Antichit\u0103\u021bi. Pentru a intra \u00een posesia Consiliul Local al Sectorului 6 este nevoie \u00eens\u0103 \u0219i de votul a dou\u0103 treimi din Consiliul General al Municipiului Bucure\u0219ti.<\/p>\n\n\n\n<p>Unitatea sanitar\u0103 ar urma s\u0103 aproximativ 150 de paturi cu accent pe diversitatea specializ\u0103rilor medicale.<\/p>\n","protected":false},"excerpt":{"rendered":"<p>Un proiect de hot\u0103r\u00e2re pentru transmiterea \u00een administrarea Consiliului Local al Sectorului 6 un teren de 33.330 mp, \u00een vederea construirii unui spital, a trecut de votul consilierilor locali. &nbsp;\u201cAcest teren s-ar preta foarte bine pentru acest obiectiv pentru ca, stiti bine, \u00een Sectorul 6 nu avem niciun spital. Noi cerem acest teren pentru a [&hellip;]<\/p>\n","protected":false},"author":10,"featured_media":16912,"comment_status":"closed","ping_status":"open","sticky":false,"template":"","format":"standard","meta":{"_acf_changed":false,"inline_featured_image":false,"ngg_post_thumbnail":0,"footnotes":""},"categories":[1],"tags":[523],"ppma_author":[22575],"class_list":["post-16911","post","type-post","status-publish","format-standard","has-post-thumbnail","hentry","category-diverse","tag-sector-6"],"acf":[],"yoast_head":"<!-- This site is optimized with the Yoast SEO Premium plugin v25.3 (Yoast SEO v27.4) - https:\/\/yoast.com\/product\/yoast-seo-premium-wordpress\/ -->\n<title>Primul spital din Sectorul 6, planificat la intersec\u021bia Bulevardului Timi\u0219oara cu Valea Cascadelor. Terenul de 3,3 ha urmeaz\u0103 s\u0103 fie transferat de la Consiliul General - Buletin de Bucure\u0219ti<\/title>\n<meta name=\"robots\" content=\"index, follow, max-snippet:-1, max-image-preview:large, max-video-preview:-1\" \/>\n<link rel=\"canonical\" href=\"https:\/\/buletin.de\/bucuresti\/primul-spital-din-sectorul-6-planificat-la-intersectia-bulevardului-timisoara-cu-valea-cascadelor-terenul-de-33-ha-urmeaza-sa-fie-transferat-de-la-consiliul-general\/\" \/>\n<meta property=\"og:locale\" content=\"en_GB\" \/>\n<meta property=\"og:type\" content=\"article\" \/>\n<meta property=\"og:title\" content=\"Primul spital din Sectorul 6, planificat la intersec\u021bia Bulevardului Timi\u0219oara cu Valea Cascadelor. Terenul de 3,3 ha urmeaz\u0103 s\u0103 fie transferat de la Consiliul General\" \/>\n<meta property=\"og:description\" content=\"Un proiect de hot\u0103r\u00e2re pentru transmiterea \u00een administrarea Consiliului Local al Sectorului 6 un teren de 33.330 mp, \u00een vederea construirii unui spital, a trecut de votul consilierilor locali. &nbsp;\u201cAcest teren s-ar preta foarte bine pentru acest obiectiv pentru ca, stiti bine, \u00een Sectorul 6 nu avem niciun spital. Noi cerem acest teren pentru a [&hellip;]\" \/>\n<meta property=\"og:url\" content=\"https:\/\/buletin.de\/bucuresti\/primul-spital-din-sectorul-6-planificat-la-intersectia-bulevardului-timisoara-cu-valea-cascadelor-terenul-de-33-ha-urmeaza-sa-fie-transferat-de-la-consiliul-general\/\" \/>\n<meta property=\"og:site_name\" content=\"Buletin de Bucure\u0219ti\" \/>\n<meta property=\"article:publisher\" content=\"https:\/\/www.facebook.com\/buletin.de.buc\" \/>\n<meta property=\"article:published_time\" content=\"2020-12-17T12:30:56+00:00\" \/>\n<meta property=\"article:modified_time\" content=\"2020-12-17T12:32:31+00:00\" \/>\n<meta property=\"og:image\" content=\"https:\/\/buletin.de\/bucuresti\/wp-content\/uploads\/teren-valea-cascadelor.jpg\" \/>\n\t<meta property=\"og:image:width\" content=\"1737\" \/>\n\t<meta property=\"og:image:height\" content=\"885\" \/>\n\t<meta property=\"og:image:type\" content=\"image\/jpeg\" \/>\n<meta name=\"author\" content=\"C\u0103t\u0103lin Dosca\u0219\" \/>\n<meta name=\"twitter:card\" content=\"summary_large_image\" \/>\n<meta name=\"twitter:label1\" content=\"Written by\" \/>\n\t<meta name=\"twitter:data1\" content=\"C\u0103t\u0103lin Dosca\u0219\" \/>\n\t<meta name=\"twitter:label2\" content=\"Estimated reading time\" \/>\n\t<meta name=\"twitter:data2\" content=\"1 minute\" \/>\n<script type=\"application\/ld+json\" class=\"yoast-schema-graph\">{\"@context\":\"https:\\\/\\\/schema.org\",\"@graph\":[{\"@type\":\"Article\",\"@id\":\"https:\\\/\\\/buletin.de\\\/bucuresti\\\/primul-spital-din-sectorul-6-planificat-la-intersectia-bulevardului-timisoara-cu-valea-cascadelor-terenul-de-33-ha-urmeaza-sa-fie-transferat-de-la-consiliul-general\\\/#article\",\"isPartOf\":{\"@id\":\"https:\\\/\\\/buletin.de\\\/bucuresti\\\/primul-spital-din-sectorul-6-planificat-la-intersectia-bulevardului-timisoara-cu-valea-cascadelor-terenul-de-33-ha-urmeaza-sa-fie-transferat-de-la-consiliul-general\\\/\"},\"author\":{\"name\":\"C\u0103t\u0103lin Dosca\u0219\",\"@id\":\"https:\\\/\\\/buletin.de\\\/bucuresti\\\/#\\\/schema\\\/person\\\/31117187ed4d0bdb0a4c7d6acc79d0f8\"},\"headline\":\"Primul spital din Sectorul 6, planificat la intersec\u021bia Bulevardului Timi\u0219oara cu Valea Cascadelor. Terenul de 3,3 ha urmeaz\u0103 s\u0103 fie transferat de la Consiliul General\",\"datePublished\":\"2020-12-17T12:30:56+00:00\",\"dateModified\":\"2020-12-17T12:32:31+00:00\",\"mainEntityOfPage\":{\"@id\":\"https:\\\/\\\/buletin.de\\\/bucuresti\\\/primul-spital-din-sectorul-6-planificat-la-intersectia-bulevardului-timisoara-cu-valea-cascadelor-terenul-de-33-ha-urmeaza-sa-fie-transferat-de-la-consiliul-general\\\/\"},\"wordCount\":237,\"publisher\":{\"@id\":\"https:\\\/\\\/buletin.de\\\/bucuresti\\\/#organization\"},\"image\":{\"@id\":\"https:\\\/\\\/buletin.de\\\/bucuresti\\\/primul-spital-din-sectorul-6-planificat-la-intersectia-bulevardului-timisoara-cu-valea-cascadelor-terenul-de-33-ha-urmeaza-sa-fie-transferat-de-la-consiliul-general\\\/#primaryimage\"},\"thumbnailUrl\":\"https:\\\/\\\/buletin.de\\\/bucuresti\\\/wp-content\\\/uploads\\\/teren-valea-cascadelor.jpg\",\"keywords\":[\"Sector 6\"],\"articleSection\":[\"Diverse\"],\"inLanguage\":\"en-GB\",\"copyrightYear\":\"2020\",\"copyrightHolder\":{\"@id\":\"https:\\\/\\\/buletin.de\\\/bucuresti\\\/#organization\"}},{\"@type\":\"WebPage\",\"@id\":\"https:\\\/\\\/buletin.de\\\/bucuresti\\\/primul-spital-din-sectorul-6-planificat-la-intersectia-bulevardului-timisoara-cu-valea-cascadelor-terenul-de-33-ha-urmeaza-sa-fie-transferat-de-la-consiliul-general\\\/\",\"url\":\"https:\\\/\\\/buletin.de\\\/bucuresti\\\/primul-spital-din-sectorul-6-planificat-la-intersectia-bulevardului-timisoara-cu-valea-cascadelor-terenul-de-33-ha-urmeaza-sa-fie-transferat-de-la-consiliul-general\\\/\",\"name\":\"Primul spital din Sectorul 6, planificat la intersec\u021bia Bulevardului Timi\u0219oara cu Valea Cascadelor. Terenul de 3,3 ha urmeaz\u0103 s\u0103 fie transferat de la Consiliul General - Buletin de Bucure\u0219ti\",\"isPartOf\":{\"@id\":\"https:\\\/\\\/buletin.de\\\/bucuresti\\\/#website\"},\"primaryImageOfPage\":{\"@id\":\"https:\\\/\\\/buletin.de\\\/bucuresti\\\/primul-spital-din-sectorul-6-planificat-la-intersectia-bulevardului-timisoara-cu-valea-cascadelor-terenul-de-33-ha-urmeaza-sa-fie-transferat-de-la-consiliul-general\\\/#primaryimage\"},\"image\":{\"@id\":\"https:\\\/\\\/buletin.de\\\/bucuresti\\\/primul-spital-din-sectorul-6-planificat-la-intersectia-bulevardului-timisoara-cu-valea-cascadelor-terenul-de-33-ha-urmeaza-sa-fie-transferat-de-la-consiliul-general\\\/#primaryimage\"},\"thumbnailUrl\":\"https:\\\/\\\/buletin.de\\\/bucuresti\\\/wp-content\\\/uploads\\\/teren-valea-cascadelor.jpg\",\"datePublished\":\"2020-12-17T12:30:56+00:00\",\"dateModified\":\"2020-12-17T12:32:31+00:00\",\"breadcrumb\":{\"@id\":\"https:\\\/\\\/buletin.de\\\/bucuresti\\\/primul-spital-din-sectorul-6-planificat-la-intersectia-bulevardului-timisoara-cu-valea-cascadelor-terenul-de-33-ha-urmeaza-sa-fie-transferat-de-la-consiliul-general\\\/#breadcrumb\"},\"inLanguage\":\"en-GB\",\"potentialAction\":[{\"@type\":\"ReadAction\",\"target\":[\"https:\\\/\\\/buletin.de\\\/bucuresti\\\/primul-spital-din-sectorul-6-planificat-la-intersectia-bulevardului-timisoara-cu-valea-cascadelor-terenul-de-33-ha-urmeaza-sa-fie-transferat-de-la-consiliul-general\\\/\"]}]},{\"@type\":\"ImageObject\",\"inLanguage\":\"en-GB\",\"@id\":\"https:\\\/\\\/buletin.de\\\/bucuresti\\\/primul-spital-din-sectorul-6-planificat-la-intersectia-bulevardului-timisoara-cu-valea-cascadelor-terenul-de-33-ha-urmeaza-sa-fie-transferat-de-la-consiliul-general\\\/#primaryimage\",\"url\":\"https:\\\/\\\/buletin.de\\\/bucuresti\\\/wp-content\\\/uploads\\\/teren-valea-cascadelor.jpg\",\"contentUrl\":\"https:\\\/\\\/buletin.de\\\/bucuresti\\\/wp-content\\\/uploads\\\/teren-valea-cascadelor.jpg\",\"width\":1737,\"height\":885},{\"@type\":\"BreadcrumbList\",\"@id\":\"https:\\\/\\\/buletin.de\\\/bucuresti\\\/primul-spital-din-sectorul-6-planificat-la-intersectia-bulevardului-timisoara-cu-valea-cascadelor-terenul-de-33-ha-urmeaza-sa-fie-transferat-de-la-consiliul-general\\\/#breadcrumb\",\"itemListElement\":[{\"@type\":\"ListItem\",\"position\":1,\"name\":\"Acas\u0103\",\"item\":\"https:\\\/\\\/buletin.de\\\/bucuresti\\\/\"},{\"@type\":\"ListItem\",\"position\":2,\"name\":\"Primul spital din Sectorul 6, planificat la intersec\u021bia Bulevardului Timi\u0219oara cu Valea Cascadelor. Terenul de 3,3 ha urmeaz\u0103 s\u0103 fie transferat de la Consiliul General\"}]},{\"@type\":\"WebSite\",\"@id\":\"https:\\\/\\\/buletin.de\\\/bucuresti\\\/#website\",\"url\":\"https:\\\/\\\/buletin.de\\\/bucuresti\\\/\",\"name\":\"Buletin de Bucure\u0219ti\",\"description\":\"\u0218tiri \u0219i investiga\u021bii esen\u021biale din capital\u0103\",\"publisher\":{\"@id\":\"https:\\\/\\\/buletin.de\\\/bucuresti\\\/#organization\"},\"potentialAction\":[{\"@type\":\"SearchAction\",\"target\":{\"@type\":\"EntryPoint\",\"urlTemplate\":\"https:\\\/\\\/buletin.de\\\/bucuresti\\\/?s={search_term_string}\"},\"query-input\":{\"@type\":\"PropertyValueSpecification\",\"valueRequired\":true,\"valueName\":\"search_term_string\"}}],\"inLanguage\":\"en-GB\"},{\"@type\":\"Organization\",\"@id\":\"https:\\\/\\\/buletin.de\\\/bucuresti\\\/#organization\",\"name\":\"Buletin de Bucure\u0219ti\",\"url\":\"https:\\\/\\\/buletin.de\\\/bucuresti\\\/\",\"logo\":{\"@type\":\"ImageObject\",\"inLanguage\":\"en-GB\",\"@id\":\"https:\\\/\\\/buletin.de\\\/bucuresti\\\/#\\\/schema\\\/logo\\\/image\\\/\",\"url\":\"https:\\\/\\\/buletin.de\\\/bucuresti\\\/wp-content\\\/uploads\\\/logo-bdb-full-wide-vernil-transparent.png\",\"contentUrl\":\"https:\\\/\\\/buletin.de\\\/bucuresti\\\/wp-content\\\/uploads\\\/logo-bdb-full-wide-vernil-transparent.png\",\"width\":1782,\"height\":626,\"caption\":\"Buletin de Bucure\u0219ti\"},\"image\":{\"@id\":\"https:\\\/\\\/buletin.de\\\/bucuresti\\\/#\\\/schema\\\/logo\\\/image\\\/\"},\"sameAs\":[\"https:\\\/\\\/www.facebook.com\\\/buletin.de.buc\",\"https:\\\/\\\/www.instagram.com\\\/buletinde.bucuresti\\\/\"]},{\"@type\":\"Person\",\"@id\":\"https:\\\/\\\/buletin.de\\\/bucuresti\\\/#\\\/schema\\\/person\\\/31117187ed4d0bdb0a4c7d6acc79d0f8\",\"name\":\"C\u0103t\u0103lin Dosca\u0219\",\"image\":{\"@type\":\"ImageObject\",\"inLanguage\":\"en-GB\",\"@id\":\"https:\\\/\\\/buletin.de\\\/bucuresti\\\/wp-content\\\/uploads\\\/Catalin-Doscas-e1732731064764-96x96.jpga93e2943bb3b1c1f9ead823df6e6317a\",\"url\":\"https:\\\/\\\/buletin.de\\\/bucuresti\\\/wp-content\\\/uploads\\\/Catalin-Doscas-e1732731064764-96x96.jpg\",\"contentUrl\":\"https:\\\/\\\/buletin.de\\\/bucuresti\\\/wp-content\\\/uploads\\\/Catalin-Doscas-e1732731064764-96x96.jpg\",\"caption\":\"C\u0103t\u0103lin Dosca\u0219\"},\"description\":\"Reporter \u0219i redactor-\u0219ef Buletin de Bucure\u0219ti. Lucreaz\u0103 \u00een mass-media de la v\u00e2rsta de 15 ani, c\u00e2nd a publicat primele articole \u00een presa local\u0103 din Tecuci. \u00cen Bucure\u0219ti a lucrat \u00een redac\u021bii radio ca reporter, redactor \u0219i prezentator (StudentFM, Na\u021bionalFM, Radio Total, Smart FM), unde a acoperit domeniile politic, economic, social \u0219i externe. Ulterior, a fost editor-coordonator al postului Realitatea FM. Experien\u021ba \u00een jurnalismul online a dob\u00e2ndit-o la portalul B365.ro, unde a fost editor. \u00cen 2012 s-a angajat \u00een televiziune. La Realitatea TV a fost, pe r\u00e2nd, reporter la sec\u021bia Social, reporter special la emisiunea de reportaje \u0219i anchete \u201eReporterii Realit\u0103\u021bii\u201d, dar \u0219i editor al jurnalelor de \u0219tiri. Ulterior, a f\u0103cut parte din sec\u021bia de Investiga\u021bii de la Digi24 \u0219i a lucrat la campania \u201eRom\u00e2nia furat\u0103\u201d. A revenit \u00een presa scris\u0103 \u00een 2017, ca reporter special, \u00een cadrul unui proiect de repozi\u021bionare a tabloidului Libertatea \u00een cotidian generalist. Este jurnalist Buletin de Bucure\u0219ti din 2019.\",\"url\":\"https:\\\/\\\/buletin.de\\\/bucuresti\\\/author\\\/catalin\\\/\"}]}<\/script>\n<!-- \/ Yoast SEO Premium plugin. -->","yoast_head_json":{"title":"Primul spital din Sectorul 6, planificat la intersec\u021bia Bulevardului Timi\u0219oara cu Valea Cascadelor. Terenul de 3,3 ha urmeaz\u0103 s\u0103 fie transferat de la Consiliul General - Buletin de Bucure\u0219ti","robots":{"index":"index","follow":"follow","max-snippet":"max-snippet:-1","max-image-preview":"max-image-preview:large","max-video-preview":"max-video-preview:-1"},"canonical":"https:\/\/buletin.de\/bucuresti\/primul-spital-din-sectorul-6-planificat-la-intersectia-bulevardului-timisoara-cu-valea-cascadelor-terenul-de-33-ha-urmeaza-sa-fie-transferat-de-la-consiliul-general\/","og_locale":"en_GB","og_type":"article","og_title":"Primul spital din Sectorul 6, planificat la intersec\u021bia Bulevardului Timi\u0219oara cu Valea Cascadelor. Terenul de 3,3 ha urmeaz\u0103 s\u0103 fie transferat de la Consiliul General","og_description":"Un proiect de hot\u0103r\u00e2re pentru transmiterea \u00een administrarea Consiliului Local al Sectorului 6 un teren de 33.330 mp, \u00een vederea construirii unui spital, a trecut de votul consilierilor locali. &nbsp;\u201cAcest teren s-ar preta foarte bine pentru acest obiectiv pentru ca, stiti bine, \u00een Sectorul 6 nu avem niciun spital. Noi cerem acest teren pentru a [&hellip;]","og_url":"https:\/\/buletin.de\/bucuresti\/primul-spital-din-sectorul-6-planificat-la-intersectia-bulevardului-timisoara-cu-valea-cascadelor-terenul-de-33-ha-urmeaza-sa-fie-transferat-de-la-consiliul-general\/","og_site_name":"Buletin de Bucure\u0219ti","article_publisher":"https:\/\/www.facebook.com\/buletin.de.buc","article_published_time":"2020-12-17T12:30:56+00:00","article_modified_time":"2020-12-17T12:32:31+00:00","og_image":[{"width":1737,"height":885,"url":"https:\/\/buletin.de\/bucuresti\/wp-content\/uploads\/teren-valea-cascadelor.jpg","type":"image\/jpeg"}],"author":"C\u0103t\u0103lin Dosca\u0219","twitter_card":"summary_large_image","twitter_misc":{"Written by":"C\u0103t\u0103lin Dosca\u0219","Estimated reading time":"1 minute"},"schema":{"@context":"https:\/\/schema.org","@graph":[{"@type":"Article","@id":"https:\/\/buletin.de\/bucuresti\/primul-spital-din-sectorul-6-planificat-la-intersectia-bulevardului-timisoara-cu-valea-cascadelor-terenul-de-33-ha-urmeaza-sa-fie-transferat-de-la-consiliul-general\/#article","isPartOf":{"@id":"https:\/\/buletin.de\/bucuresti\/primul-spital-din-sectorul-6-planificat-la-intersectia-bulevardului-timisoara-cu-valea-cascadelor-terenul-de-33-ha-urmeaza-sa-fie-transferat-de-la-consiliul-general\/"},"author":{"name":"C\u0103t\u0103lin Dosca\u0219","@id":"https:\/\/buletin.de\/bucuresti\/#\/schema\/person\/31117187ed4d0bdb0a4c7d6acc79d0f8"},"headline":"Primul spital din Sectorul 6, planificat la intersec\u021bia Bulevardului Timi\u0219oara cu Valea Cascadelor. Terenul de 3,3 ha urmeaz\u0103 s\u0103 fie transferat de la Consiliul General","datePublished":"2020-12-17T12:30:56+00:00","dateModified":"2020-12-17T12:32:31+00:00","mainEntityOfPage":{"@id":"https:\/\/buletin.de\/bucuresti\/primul-spital-din-sectorul-6-planificat-la-intersectia-bulevardului-timisoara-cu-valea-cascadelor-terenul-de-33-ha-urmeaza-sa-fie-transferat-de-la-consiliul-general\/"},"wordCount":237,"publisher":{"@id":"https:\/\/buletin.de\/bucuresti\/#organization"},"image":{"@id":"https:\/\/buletin.de\/bucuresti\/primul-spital-din-sectorul-6-planificat-la-intersectia-bulevardului-timisoara-cu-valea-cascadelor-terenul-de-33-ha-urmeaza-sa-fie-transferat-de-la-consiliul-general\/#primaryimage"},"thumbnailUrl":"https:\/\/buletin.de\/bucuresti\/wp-content\/uploads\/teren-valea-cascadelor.jpg","keywords":["Sector 6"],"articleSection":["Diverse"],"inLanguage":"en-GB","copyrightYear":"2020","copyrightHolder":{"@id":"https:\/\/buletin.de\/bucuresti\/#organization"}},{"@type":"WebPage","@id":"https:\/\/buletin.de\/bucuresti\/primul-spital-din-sectorul-6-planificat-la-intersectia-bulevardului-timisoara-cu-valea-cascadelor-terenul-de-33-ha-urmeaza-sa-fie-transferat-de-la-consiliul-general\/","url":"https:\/\/buletin.de\/bucuresti\/primul-spital-din-sectorul-6-planificat-la-intersectia-bulevardului-timisoara-cu-valea-cascadelor-terenul-de-33-ha-urmeaza-sa-fie-transferat-de-la-consiliul-general\/","name":"Primul spital din Sectorul 6, planificat la intersec\u021bia Bulevardului Timi\u0219oara cu Valea Cascadelor. Terenul de 3,3 ha urmeaz\u0103 s\u0103 fie transferat de la Consiliul General - Buletin de Bucure\u0219ti","isPartOf":{"@id":"https:\/\/buletin.de\/bucuresti\/#website"},"primaryImageOfPage":{"@id":"https:\/\/buletin.de\/bucuresti\/primul-spital-din-sectorul-6-planificat-la-intersectia-bulevardului-timisoara-cu-valea-cascadelor-terenul-de-33-ha-urmeaza-sa-fie-transferat-de-la-consiliul-general\/#primaryimage"},"image":{"@id":"https:\/\/buletin.de\/bucuresti\/primul-spital-din-sectorul-6-planificat-la-intersectia-bulevardului-timisoara-cu-valea-cascadelor-terenul-de-33-ha-urmeaza-sa-fie-transferat-de-la-consiliul-general\/#primaryimage"},"thumbnailUrl":"https:\/\/buletin.de\/bucuresti\/wp-content\/uploads\/teren-valea-cascadelor.jpg","datePublished":"2020-12-17T12:30:56+00:00","dateModified":"2020-12-17T12:32:31+00:00","breadcrumb":{"@id":"https:\/\/buletin.de\/bucuresti\/primul-spital-din-sectorul-6-planificat-la-intersectia-bulevardului-timisoara-cu-valea-cascadelor-terenul-de-33-ha-urmeaza-sa-fie-transferat-de-la-consiliul-general\/#breadcrumb"},"inLanguage":"en-GB","potentialAction":[{"@type":"ReadAction","target":["https:\/\/buletin.de\/bucuresti\/primul-spital-din-sectorul-6-planificat-la-intersectia-bulevardului-timisoara-cu-valea-cascadelor-terenul-de-33-ha-urmeaza-sa-fie-transferat-de-la-consiliul-general\/"]}]},{"@type":"ImageObject","inLanguage":"en-GB","@id":"https:\/\/buletin.de\/bucuresti\/primul-spital-din-sectorul-6-planificat-la-intersectia-bulevardului-timisoara-cu-valea-cascadelor-terenul-de-33-ha-urmeaza-sa-fie-transferat-de-la-consiliul-general\/#primaryimage","url":"https:\/\/buletin.de\/bucuresti\/wp-content\/uploads\/teren-valea-cascadelor.jpg","contentUrl":"https:\/\/buletin.de\/bucuresti\/wp-content\/uploads\/teren-valea-cascadelor.jpg","width":1737,"height":885},{"@type":"BreadcrumbList","@id":"https:\/\/buletin.de\/bucuresti\/primul-spital-din-sectorul-6-planificat-la-intersectia-bulevardului-timisoara-cu-valea-cascadelor-terenul-de-33-ha-urmeaza-sa-fie-transferat-de-la-consiliul-general\/#breadcrumb","itemListElement":[{"@type":"ListItem","position":1,"name":"Acas\u0103","item":"https:\/\/buletin.de\/bucuresti\/"},{"@type":"ListItem","position":2,"name":"Primul spital din Sectorul 6, planificat la intersec\u021bia Bulevardului Timi\u0219oara cu Valea Cascadelor. Terenul de 3,3 ha urmeaz\u0103 s\u0103 fie transferat de la Consiliul General"}]},{"@type":"WebSite","@id":"https:\/\/buletin.de\/bucuresti\/#website","url":"https:\/\/buletin.de\/bucuresti\/","name":"Buletin de Bucure\u0219ti","description":"\u0218tiri \u0219i investiga\u021bii esen\u021biale din capital\u0103","publisher":{"@id":"https:\/\/buletin.de\/bucuresti\/#organization"},"potentialAction":[{"@type":"SearchAction","target":{"@type":"EntryPoint","urlTemplate":"https:\/\/buletin.de\/bucuresti\/?s={search_term_string}"},"query-input":{"@type":"PropertyValueSpecification","valueRequired":true,"valueName":"search_term_string"}}],"inLanguage":"en-GB"},{"@type":"Organization","@id":"https:\/\/buletin.de\/bucuresti\/#organization","name":"Buletin de Bucure\u0219ti","url":"https:\/\/buletin.de\/bucuresti\/","logo":{"@type":"ImageObject","inLanguage":"en-GB","@id":"https:\/\/buletin.de\/bucuresti\/#\/schema\/logo\/image\/","url":"https:\/\/buletin.de\/bucuresti\/wp-content\/uploads\/logo-bdb-full-wide-vernil-transparent.png","contentUrl":"https:\/\/buletin.de\/bucuresti\/wp-content\/uploads\/logo-bdb-full-wide-vernil-transparent.png","width":1782,"height":626,"caption":"Buletin de Bucure\u0219ti"},"image":{"@id":"https:\/\/buletin.de\/bucuresti\/#\/schema\/logo\/image\/"},"sameAs":["https:\/\/www.facebook.com\/buletin.de.buc","https:\/\/www.instagram.com\/buletinde.bucuresti\/"]},{"@type":"Person","@id":"https:\/\/buletin.de\/bucuresti\/#\/schema\/person\/31117187ed4d0bdb0a4c7d6acc79d0f8","name":"C\u0103t\u0103lin Dosca\u0219","image":{"@type":"ImageObject","inLanguage":"en-GB","@id":"https:\/\/buletin.de\/bucuresti\/wp-content\/uploads\/Catalin-Doscas-e1732731064764-96x96.jpga93e2943bb3b1c1f9ead823df6e6317a","url":"https:\/\/buletin.de\/bucuresti\/wp-content\/uploads\/Catalin-Doscas-e1732731064764-96x96.jpg","contentUrl":"https:\/\/buletin.de\/bucuresti\/wp-content\/uploads\/Catalin-Doscas-e1732731064764-96x96.jpg","caption":"C\u0103t\u0103lin Dosca\u0219"},"description":"Reporter \u0219i redactor-\u0219ef Buletin de Bucure\u0219ti. Lucreaz\u0103 \u00een mass-media de la v\u00e2rsta de 15 ani, c\u00e2nd a publicat primele articole \u00een presa local\u0103 din Tecuci. \u00cen Bucure\u0219ti a lucrat \u00een redac\u021bii radio ca reporter, redactor \u0219i prezentator (StudentFM, Na\u021bionalFM, Radio Total, Smart FM), unde a acoperit domeniile politic, economic, social \u0219i externe. Ulterior, a fost editor-coordonator al postului Realitatea FM. Experien\u021ba \u00een jurnalismul online a dob\u00e2ndit-o la portalul B365.ro, unde a fost editor. \u00cen 2012 s-a angajat \u00een televiziune. La Realitatea TV a fost, pe r\u00e2nd, reporter la sec\u021bia Social, reporter special la emisiunea de reportaje \u0219i anchete \u201eReporterii Realit\u0103\u021bii\u201d, dar \u0219i editor al jurnalelor de \u0219tiri. Ulterior, a f\u0103cut parte din sec\u021bia de Investiga\u021bii de la Digi24 \u0219i a lucrat la campania \u201eRom\u00e2nia furat\u0103\u201d. A revenit \u00een presa scris\u0103 \u00een 2017, ca reporter special, \u00een cadrul unui proiect de repozi\u021bionare a tabloidului Libertatea \u00een cotidian generalist. Este jurnalist Buletin de Bucure\u0219ti din 2019.","url":"https:\/\/buletin.de\/bucuresti\/author\/catalin\/"}]}},"authors":[{"term_id":22575,"user_id":10,"is_guest":0,"slug":"catalin","display_name":"C\u0103t\u0103lin Dosca\u0219","avatar_url":"https:\/\/buletin.de\/bucuresti\/wp-content\/uploads\/Catalin-Doscas-e1732731064764-96x96.jpg","0":null,"1":"","2":"","3":"","4":"","5":"","6":"","7":"","8":""}],"_links":{"self":[{"href":"https:\/\/buletin.de\/bucuresti\/wp-json\/wp\/v2\/posts\/16911","targetHints":{"allow":["GET"]}}],"collection":[{"href":"https:\/\/buletin.de\/bucuresti\/wp-json\/wp\/v2\/posts"}],"about":[{"href":"https:\/\/buletin.de\/bucuresti\/wp-json\/wp\/v2\/types\/post"}],"author":[{"embeddable":true,"href":"https:\/\/buletin.de\/bucuresti\/wp-json\/wp\/v2\/users\/10"}],"replies":[{"embeddable":true,"href":"https:\/\/buletin.de\/bucuresti\/wp-json\/wp\/v2\/comments?post=16911"}],"version-history":[{"count":4,"href":"https:\/\/buletin.de\/bucuresti\/wp-json\/wp\/v2\/posts\/16911\/revisions"}],"predecessor-version":[{"id":16917,"href":"https:\/\/buletin.de\/bucuresti\/wp-json\/wp\/v2\/posts\/16911\/revisions\/16917"}],"wp:featuredmedia":[{"embeddable":true,"href":"https:\/\/buletin.de\/bucuresti\/wp-json\/wp\/v2\/media\/16912"}],"wp:attachment":[{"href":"https:\/\/buletin.de\/bucuresti\/wp-json\/wp\/v2\/media?parent=16911"}],"wp:term":[{"taxonomy":"category","embeddable":true,"href":"https:\/\/buletin.de\/bucuresti\/wp-json\/wp\/v2\/categories?post=16911"},{"taxonomy":"post_tag","embeddable":true,"href":"https:\/\/buletin.de\/bucuresti\/wp-json\/wp\/v2\/tags?post=16911"},{"taxonomy":"author","embeddable":true,"href":"https:\/\/buletin.de\/bucuresti\/wp-json\/wp\/v2\/ppma_author?post=16911"}],"curies":[{"name":"wp","href":"https:\/\/api.w.org\/{rel}","templated":true}]}}