{"id":16903,"date":"2020-12-23T18:55:25","date_gmt":"2020-12-23T15:55:25","guid":{"rendered":"https:\/\/buletin.de\/bucuresti\/?p=16903"},"modified":"2020-12-29T18:24:42","modified_gmt":"2020-12-29T15:24:42","slug":"directia-de-invatamant-sector-4-a-incheiat-contracte-de-70-mii-de-euro-cu-doua-firme-pentru-repararea-si-intretinerea-camerelor-de-supraveghere-din-scoli","status":"publish","type":"post","link":"https:\/\/buletin.de\/bucuresti\/directia-de-invatamant-sector-4-a-incheiat-contracte-de-70-mii-de-euro-cu-doua-firme-pentru-repararea-si-intretinerea-camerelor-de-supraveghere-din-scoli\/","title":{"rendered":"Direc\u021bia de \u00eenv\u0103\u021b\u0103m\u00e2nt Sector 4 a \u00eencheiat contracte de 70 mii de euro cu dou\u0103 firme pentru repararea \u0219i \u00eentre\u021binerea camerelor de supraveghere din \u0219coli"},"content":{"rendered":"\n<div class=\"wp-block-group\"><div class=\"wp-block-group__inner-container is-layout-flow wp-block-group-is-layout-flow\">\n<div class=\"wp-block-image\"><figure class=\"aligncenter size-large is-resized\"><a href=\"https:\/\/activecitizensfund.ro\" target=\"_blank\" rel=\"noopener noreferrer\"><img fetchpriority=\"high\" decoding=\"async\" src=\"data:image\/gif;base64,R0lGODlhAQABAAAAACH5BAEKAAEALAAAAAABAAEAAAICTAEAOw==\" data-src=\"https:\/\/buletin.de\/bucuresti\/wp-content\/uploads\/Active-citizens-fund@4x-1-900x316.png\" alt=\"\" class=\"wp-image-11980 lazyload\" width=\"450\" height=\"158\" data-sizes=\"auto\" data-srcset=\"https:\/\/buletin.de\/bucuresti\/wp-content\/uploads\/Active-citizens-fund@4x-1-900x316.png 900w, https:\/\/buletin.de\/bucuresti\/wp-content\/uploads\/Active-citizens-fund@4x-1-300x105.png 300w, https:\/\/buletin.de\/bucuresti\/wp-content\/uploads\/Active-citizens-fund@4x-1-768x270.png 768w, https:\/\/buletin.de\/bucuresti\/wp-content\/uploads\/Active-citizens-fund@4x-1-1536x539.png 1536w, https:\/\/buletin.de\/bucuresti\/wp-content\/uploads\/Active-citizens-fund@4x-1-2048x719.png 2048w, https:\/\/buletin.de\/bucuresti\/wp-content\/uploads\/Active-citizens-fund@4x-1-1060x372.png 1060w, https:\/\/buletin.de\/bucuresti\/wp-content\/uploads\/Active-citizens-fund@4x-1-550x193.png 550w, https:\/\/buletin.de\/bucuresti\/wp-content\/uploads\/Active-citizens-fund@4x-1-1425x500.png 1425w, https:\/\/buletin.de\/bucuresti\/wp-content\/uploads\/Active-citizens-fund@4x-1-1920x674.png 1920w, https:\/\/buletin.de\/bucuresti\/wp-content\/uploads\/Active-citizens-fund@4x-1-600x211.png 600w\" sizes=\"(max-width: 450px) 100vw, 450px\" \/><\/a><\/figure><\/div>\n\n\n\n<div style=\"height:20px\" aria-hidden=\"true\" class=\"wp-block-spacer\"><\/div>\n<\/div><\/div>\n\n\n\n<p><\/p>\n\n\n\n<h3 class=\"wp-block-heading\"><strong>Camerele de supraveghere din pandemie <\/strong><\/h3>\n\n\n\n<p>\u00cen 5 martie a fost acordat firmei <em>Raed Focus Security Systems<\/em> primul contract \u00een valoare de 25 de mii de euro pentru ervicii de reparare a camerelor video. A urmat o pauz\u0103 p\u00e2n\u0103 \u00een 29 octombrie, c\u00e2nd Direc\u021bia de \u00cenv\u0103\u021b\u0103m\u00e2nt a dat alte 8 contracte \u00een valoare de 14 mii de euro c\u0103tre aceea\u0219i firm\u0103.<\/p>\n\n\n\n<figure class=\"wp-block-gallery columns-1 is-cropped wp-block-gallery-1 is-layout-flex wp-block-gallery-is-layout-flex\"><ul class=\"blocks-gallery-grid\"><li class=\"blocks-gallery-item\"><figure><a href=\"https:\/\/buletin.de\/bucuresti\/wp-content\/uploads\/r1.png\"><img decoding=\"async\" width=\"900\" height=\"333\" src=\"data:image\/gif;base64,R0lGODlhAQABAAAAACH5BAEKAAEALAAAAAABAAEAAAICTAEAOw==\" data-src=\"https:\/\/buletin.de\/bucuresti\/wp-content\/uploads\/r1-900x333.png\" alt=\"\" data-id=\"17215\" data-full-url=\"https:\/\/buletin.de\/bucuresti\/wp-content\/uploads\/r1.png\" data-link=\"https:\/\/buletin.de\/bucuresti\/?attachment_id=17215\" class=\"wp-image-17215 lazyload\" data-sizes=\"auto\" data-srcset=\"https:\/\/buletin.de\/bucuresti\/wp-content\/uploads\/r1-900x333.png 900w, https:\/\/buletin.de\/bucuresti\/wp-content\/uploads\/r1-300x111.png 300w, https:\/\/buletin.de\/bucuresti\/wp-content\/uploads\/r1-768x284.png 768w, https:\/\/buletin.de\/bucuresti\/wp-content\/uploads\/r1-1060x393.png 1060w, https:\/\/buletin.de\/bucuresti\/wp-content\/uploads\/r1-550x204.png 550w, https:\/\/buletin.de\/bucuresti\/wp-content\/uploads\/r1-600x222.png 600w, https:\/\/buletin.de\/bucuresti\/wp-content\/uploads\/r1.png 1296w\" sizes=\"(max-width: 900px) 100vw, 900px\" \/><\/a><\/figure><\/li><li class=\"blocks-gallery-item\"><figure><a href=\"https:\/\/buletin.de\/bucuresti\/wp-content\/uploads\/r2.png\"><img decoding=\"async\" width=\"900\" height=\"387\" src=\"data:image\/gif;base64,R0lGODlhAQABAAAAACH5BAEKAAEALAAAAAABAAEAAAICTAEAOw==\" data-src=\"https:\/\/buletin.de\/bucuresti\/wp-content\/uploads\/r2-900x387.png\" alt=\"\" data-id=\"17216\" data-full-url=\"https:\/\/buletin.de\/bucuresti\/wp-content\/uploads\/r2.png\" data-link=\"https:\/\/buletin.de\/bucuresti\/?attachment_id=17216\" class=\"wp-image-17216 lazyload\" data-sizes=\"auto\" data-srcset=\"https:\/\/buletin.de\/bucuresti\/wp-content\/uploads\/r2-900x387.png 900w, https:\/\/buletin.de\/bucuresti\/wp-content\/uploads\/r2-300x129.png 300w, https:\/\/buletin.de\/bucuresti\/wp-content\/uploads\/r2-768x330.png 768w, https:\/\/buletin.de\/bucuresti\/wp-content\/uploads\/r2-1060x456.png 1060w, https:\/\/buletin.de\/bucuresti\/wp-content\/uploads\/r2-550x236.png 550w, https:\/\/buletin.de\/bucuresti\/wp-content\/uploads\/r2-1163x500.png 1163w, https:\/\/buletin.de\/bucuresti\/wp-content\/uploads\/r2-600x258.png 600w, https:\/\/buletin.de\/bucuresti\/wp-content\/uploads\/r2.png 1298w\" sizes=\"(max-width: 900px) 100vw, 900px\" \/><\/a><\/figure><\/li><\/ul><figcaption class=\"blocks-gallery-caption\">Contractele pentru \u00eentre\u021binerea \u0219i repararea camerelor de supraveghere \u00eencheiate \u00eentre Direc\u021bia de Administrare a \u00cenv\u0103\u021b\u0103m\u00e2ntului Sector 4 \u0219i Raed Focus Security Systems<\/figcaption><\/figure>\n\n\n\n<p>Raed Focus Security Systems a fost \u00eenfiin\u021bat\u0103 \u00een 2014 de ilfoveanul Linc\u0103 Eduart, ini\u021bial firma a avut sediul la adresa de domiciliu a acestuia, adic\u0103 \u00een satul Izbiceni din Ilfov, urm\u00e2nd ca \u00een 2017 s\u0103-\u0219i mute sediul \u00een Chiajna \u0219 are ca obiect de activitate prestarea serviciilor privind sistemele de securizare. Firma nu a avut angajai p\u00e2n\u0103 \u00een anul 2019, c\u00e2nd a avut un singur angajat, dar asta nu a impiedicat ca Direc\u021bia de \u00cenv\u0103\u021b\u0103m\u00e2nt s\u0103-i dea contracte de peste 39 mii de euro.<\/p>\n\n\n\n<figure class=\"wp-block-gallery columns-2 is-cropped wp-block-gallery-2 is-layout-flex wp-block-gallery-is-layout-flex\"><ul class=\"blocks-gallery-grid\"><li class=\"blocks-gallery-item\"><figure><a href=\"https:\/\/buletin.de\/bucuresti\/wp-content\/uploads\/raed1.png\"><img loading=\"lazy\" decoding=\"async\" width=\"900\" height=\"422\" src=\"data:image\/gif;base64,R0lGODlhAQABAAAAACH5BAEKAAEALAAAAAABAAEAAAICTAEAOw==\" data-src=\"https:\/\/buletin.de\/bucuresti\/wp-content\/uploads\/raed1-900x422.png\" alt=\"\" data-id=\"17255\" data-full-url=\"https:\/\/buletin.de\/bucuresti\/wp-content\/uploads\/raed1.png\" data-link=\"https:\/\/buletin.de\/bucuresti\/?attachment_id=17255\" class=\"wp-image-17255 lazyload\" data-sizes=\"auto\" data-srcset=\"https:\/\/buletin.de\/bucuresti\/wp-content\/uploads\/raed1-900x422.png 900w, https:\/\/buletin.de\/bucuresti\/wp-content\/uploads\/raed1-300x141.png 300w, https:\/\/buletin.de\/bucuresti\/wp-content\/uploads\/raed1-768x360.png 768w, https:\/\/buletin.de\/bucuresti\/wp-content\/uploads\/raed1-1060x497.png 1060w, https:\/\/buletin.de\/bucuresti\/wp-content\/uploads\/raed1-550x258.png 550w, https:\/\/buletin.de\/bucuresti\/wp-content\/uploads\/raed1-1067x500.png 1067w, https:\/\/buletin.de\/bucuresti\/wp-content\/uploads\/raed1-600x281.png 600w, https:\/\/buletin.de\/bucuresti\/wp-content\/uploads\/raed1.png 1169w\" sizes=\"(max-width: 900px) 100vw, 900px\" \/><\/a><\/figure><\/li><li class=\"blocks-gallery-item\"><figure><a href=\"https:\/\/buletin.de\/bucuresti\/wp-content\/uploads\/raed-2.png\"><img loading=\"lazy\" decoding=\"async\" width=\"683\" height=\"620\" src=\"data:image\/gif;base64,R0lGODlhAQABAAAAACH5BAEKAAEALAAAAAABAAEAAAICTAEAOw==\" data-src=\"https:\/\/buletin.de\/bucuresti\/wp-content\/uploads\/raed-2.png\" alt=\"\" data-id=\"17256\" data-full-url=\"https:\/\/buletin.de\/bucuresti\/wp-content\/uploads\/raed-2.png\" data-link=\"https:\/\/buletin.de\/bucuresti\/?attachment_id=17256\" class=\"wp-image-17256 lazyload\" data-sizes=\"auto\" data-srcset=\"https:\/\/buletin.de\/bucuresti\/wp-content\/uploads\/raed-2.png 683w, https:\/\/buletin.de\/bucuresti\/wp-content\/uploads\/raed-2-300x272.png 300w, https:\/\/buletin.de\/bucuresti\/wp-content\/uploads\/raed-2-550x499.png 550w, https:\/\/buletin.de\/bucuresti\/wp-content\/uploads\/raed-2-551x500.png 551w, https:\/\/buletin.de\/bucuresti\/wp-content\/uploads\/raed-2-600x545.png 600w\" sizes=\"(max-width: 683px) 100vw, 683px\" \/><\/a><\/figure><\/li><\/ul><figcaption class=\"blocks-gallery-caption\">Sursa: <a href=\"https:\/\/mfinante.gov.ro\/domenii\/informatii-contribuabili\/persoane-juridice\/info-pj-selectie-dupa-cui\">Ministerul Finan\u021belor Publice<\/a><\/figcaption><\/figure>\n\n\n\n<p>La o zi de distan\u021b\u0103 de contractele acordate firmei din Chiajna, pe 30 octombrie, Direc\u021bia de Administrare a \u00cenv\u0103\u021b\u0103m\u00e2ntului din Sectorul 4 a acordat prin achizi\u021bie direct\u0103 alte 17 contracte \u00een valoare de peste 34 de mii de euro firmei <em>Secunet Project SRL<\/em>, de\u0219i valoare total\u0103 a acestor contracte dep\u0103\u0219e\u0219te limita legal\u0103 de 30 mii de euro pentru achizi\u021bii directe.<\/p>\n\n\n\n<figure class=\"wp-block-gallery columns-1 is-cropped wp-block-gallery-3 is-layout-flex wp-block-gallery-is-layout-flex\"><ul class=\"blocks-gallery-grid\"><li class=\"blocks-gallery-item\"><figure><a href=\"https:\/\/buletin.de\/bucuresti\/wp-content\/uploads\/s1-5.png\"><img loading=\"lazy\" decoding=\"async\" width=\"900\" height=\"319\" src=\"data:image\/gif;base64,R0lGODlhAQABAAAAACH5BAEKAAEALAAAAAABAAEAAAICTAEAOw==\" data-src=\"https:\/\/buletin.de\/bucuresti\/wp-content\/uploads\/s1-5-900x319.png\" alt=\"\" data-id=\"17257\" data-full-url=\"https:\/\/buletin.de\/bucuresti\/wp-content\/uploads\/s1-5.png\" data-link=\"https:\/\/buletin.de\/bucuresti\/?attachment_id=17257\" class=\"wp-image-17257 lazyload\" data-sizes=\"auto\" data-srcset=\"https:\/\/buletin.de\/bucuresti\/wp-content\/uploads\/s1-5-900x319.png 900w, https:\/\/buletin.de\/bucuresti\/wp-content\/uploads\/s1-5-300x106.png 300w, https:\/\/buletin.de\/bucuresti\/wp-content\/uploads\/s1-5-768x272.png 768w, https:\/\/buletin.de\/bucuresti\/wp-content\/uploads\/s1-5-1060x375.png 1060w, https:\/\/buletin.de\/bucuresti\/wp-content\/uploads\/s1-5-550x195.png 550w, https:\/\/buletin.de\/bucuresti\/wp-content\/uploads\/s1-5-600x212.png 600w, https:\/\/buletin.de\/bucuresti\/wp-content\/uploads\/s1-5.png 1294w\" sizes=\"(max-width: 900px) 100vw, 900px\" \/><\/a><\/figure><\/li><li class=\"blocks-gallery-item\"><figure><a href=\"https:\/\/buletin.de\/bucuresti\/wp-content\/uploads\/s2-5.png\"><img loading=\"lazy\" decoding=\"async\" width=\"900\" height=\"320\" src=\"data:image\/gif;base64,R0lGODlhAQABAAAAACH5BAEKAAEALAAAAAABAAEAAAICTAEAOw==\" data-src=\"https:\/\/buletin.de\/bucuresti\/wp-content\/uploads\/s2-5-900x320.png\" alt=\"\" data-id=\"17258\" data-full-url=\"https:\/\/buletin.de\/bucuresti\/wp-content\/uploads\/s2-5.png\" data-link=\"https:\/\/buletin.de\/bucuresti\/?attachment_id=17258\" class=\"wp-image-17258 lazyload\" data-sizes=\"auto\" data-srcset=\"https:\/\/buletin.de\/bucuresti\/wp-content\/uploads\/s2-5-900x320.png 900w, https:\/\/buletin.de\/bucuresti\/wp-content\/uploads\/s2-5-300x107.png 300w, https:\/\/buletin.de\/bucuresti\/wp-content\/uploads\/s2-5-768x273.png 768w, https:\/\/buletin.de\/bucuresti\/wp-content\/uploads\/s2-5-1060x377.png 1060w, https:\/\/buletin.de\/bucuresti\/wp-content\/uploads\/s2-5-550x196.png 550w, https:\/\/buletin.de\/bucuresti\/wp-content\/uploads\/s2-5-600x213.png 600w, https:\/\/buletin.de\/bucuresti\/wp-content\/uploads\/s2-5.png 1294w\" sizes=\"(max-width: 900px) 100vw, 900px\" \/><\/a><\/figure><\/li><li class=\"blocks-gallery-item\"><figure><a href=\"https:\/\/buletin.de\/bucuresti\/wp-content\/uploads\/s3-5.png\"><img loading=\"lazy\" decoding=\"async\" width=\"900\" height=\"391\" src=\"data:image\/gif;base64,R0lGODlhAQABAAAAACH5BAEKAAEALAAAAAABAAEAAAICTAEAOw==\" data-src=\"https:\/\/buletin.de\/bucuresti\/wp-content\/uploads\/s3-5-900x391.png\" alt=\"\" data-id=\"17259\" data-full-url=\"https:\/\/buletin.de\/bucuresti\/wp-content\/uploads\/s3-5.png\" data-link=\"https:\/\/buletin.de\/bucuresti\/?attachment_id=17259\" class=\"wp-image-17259 lazyload\" data-sizes=\"auto\" data-srcset=\"https:\/\/buletin.de\/bucuresti\/wp-content\/uploads\/s3-5-900x391.png 900w, https:\/\/buletin.de\/bucuresti\/wp-content\/uploads\/s3-5-300x130.png 300w, https:\/\/buletin.de\/bucuresti\/wp-content\/uploads\/s3-5-768x334.png 768w, https:\/\/buletin.de\/bucuresti\/wp-content\/uploads\/s3-5-1060x461.png 1060w, https:\/\/buletin.de\/bucuresti\/wp-content\/uploads\/s3-5-550x239.png 550w, https:\/\/buletin.de\/bucuresti\/wp-content\/uploads\/s3-5-1150x500.png 1150w, https:\/\/buletin.de\/bucuresti\/wp-content\/uploads\/s3-5-600x261.png 600w, https:\/\/buletin.de\/bucuresti\/wp-content\/uploads\/s3-5.png 1297w\" sizes=\"(max-width: 900px) 100vw, 900px\" \/><\/a><\/figure><\/li><li class=\"blocks-gallery-item\"><figure><a href=\"https:\/\/buletin.de\/bucuresti\/wp-content\/uploads\/s4-4.png\"><img loading=\"lazy\" decoding=\"async\" width=\"900\" height=\"310\" src=\"data:image\/gif;base64,R0lGODlhAQABAAAAACH5BAEKAAEALAAAAAABAAEAAAICTAEAOw==\" data-src=\"https:\/\/buletin.de\/bucuresti\/wp-content\/uploads\/s4-4-900x310.png\" alt=\"\" data-id=\"17260\" data-full-url=\"https:\/\/buletin.de\/bucuresti\/wp-content\/uploads\/s4-4.png\" data-link=\"https:\/\/buletin.de\/bucuresti\/?attachment_id=17260\" class=\"wp-image-17260 lazyload\" data-sizes=\"auto\" data-srcset=\"https:\/\/buletin.de\/bucuresti\/wp-content\/uploads\/s4-4-900x310.png 900w, https:\/\/buletin.de\/bucuresti\/wp-content\/uploads\/s4-4-300x103.png 300w, https:\/\/buletin.de\/bucuresti\/wp-content\/uploads\/s4-4-768x264.png 768w, https:\/\/buletin.de\/bucuresti\/wp-content\/uploads\/s4-4-1060x365.png 1060w, https:\/\/buletin.de\/bucuresti\/wp-content\/uploads\/s4-4-550x189.png 550w, https:\/\/buletin.de\/bucuresti\/wp-content\/uploads\/s4-4-600x206.png 600w, https:\/\/buletin.de\/bucuresti\/wp-content\/uploads\/s4-4.png 1296w\" sizes=\"(max-width: 900px) 100vw, 900px\" \/><\/a><\/figure><\/li><\/ul><figcaption class=\"blocks-gallery-caption\">Contractele pentru \u00eentre\u021binerea \u0219i repararea camerelor de supraveghere \u00eencheiate \u00eentre Direc\u021bia de Adminitrarea a \u00cenv\u0103\u021b\u0103m\u00e2ntului Sector 4 \u0219i Secunet Poject SRL<\/figcaption><\/figure>\n\n\n\n<p><em>Secunet Project SRL<\/em> este o firm\u0103 din Sectorul 3, care a fost \u00eenfiin\u021bat\u0103 \u00een 2016 de Cristain Predescu, av\u00e2nd ca obiect de activitate lucr\u0103ri de instala\u021bii electrice. \u00cen 2019 firma a avut 26 de angaja\u021bi.<\/p>\n\n\n\n<figure class=\"wp-block-gallery columns-2 is-cropped wp-block-gallery-4 is-layout-flex wp-block-gallery-is-layout-flex\"><ul class=\"blocks-gallery-grid\"><li class=\"blocks-gallery-item\"><figure><img loading=\"lazy\" decoding=\"async\" width=\"900\" height=\"420\" src=\"data:image\/gif;base64,R0lGODlhAQABAAAAACH5BAEKAAEALAAAAAABAAEAAAICTAEAOw==\" data-src=\"https:\/\/buletin.de\/bucuresti\/wp-content\/uploads\/secunet-1-900x420.png\" alt=\"\" data-id=\"17262\" data-full-url=\"https:\/\/buletin.de\/bucuresti\/wp-content\/uploads\/secunet-1.png\" data-link=\"https:\/\/buletin.de\/bucuresti\/?attachment_id=17262\" class=\"wp-image-17262 lazyload\" data-sizes=\"auto\" data-srcset=\"https:\/\/buletin.de\/bucuresti\/wp-content\/uploads\/secunet-1-900x420.png 900w, https:\/\/buletin.de\/bucuresti\/wp-content\/uploads\/secunet-1-300x140.png 300w, https:\/\/buletin.de\/bucuresti\/wp-content\/uploads\/secunet-1-768x359.png 768w, https:\/\/buletin.de\/bucuresti\/wp-content\/uploads\/secunet-1-1060x495.png 1060w, https:\/\/buletin.de\/bucuresti\/wp-content\/uploads\/secunet-1-550x257.png 550w, https:\/\/buletin.de\/bucuresti\/wp-content\/uploads\/secunet-1-1070x500.png 1070w, https:\/\/buletin.de\/bucuresti\/wp-content\/uploads\/secunet-1-600x280.png 600w, https:\/\/buletin.de\/bucuresti\/wp-content\/uploads\/secunet-1.png 1171w\" sizes=\"(max-width: 900px) 100vw, 900px\" \/><\/figure><\/li><li class=\"blocks-gallery-item\"><figure><img loading=\"lazy\" decoding=\"async\" width=\"686\" height=\"626\" src=\"data:image\/gif;base64,R0lGODlhAQABAAAAACH5BAEKAAEALAAAAAABAAEAAAICTAEAOw==\" data-src=\"https:\/\/buletin.de\/bucuresti\/wp-content\/uploads\/secunet-2.png\" alt=\"\" data-id=\"17261\" data-full-url=\"https:\/\/buletin.de\/bucuresti\/wp-content\/uploads\/secunet-2.png\" data-link=\"https:\/\/buletin.de\/bucuresti\/?attachment_id=17261\" class=\"wp-image-17261 lazyload\" data-sizes=\"auto\" data-srcset=\"https:\/\/buletin.de\/bucuresti\/wp-content\/uploads\/secunet-2.png 686w, https:\/\/buletin.de\/bucuresti\/wp-content\/uploads\/secunet-2-300x274.png 300w, https:\/\/buletin.de\/bucuresti\/wp-content\/uploads\/secunet-2-550x502.png 550w, https:\/\/buletin.de\/bucuresti\/wp-content\/uploads\/secunet-2-548x500.png 548w, https:\/\/buletin.de\/bucuresti\/wp-content\/uploads\/secunet-2-600x548.png 600w\" sizes=\"(max-width: 686px) 100vw, 686px\" \/><\/figure><\/li><\/ul><figcaption class=\"blocks-gallery-caption\">Sursa: Ministerul Fiann\u021belor Publice<\/figcaption><\/figure>\n\n\n\n<h3 class=\"wp-block-heading\">\u201eNe gr\u0103bim pentru examene\u201d<\/h3>\n\n\n\n<p>Toate aceste contracte de reparare a camerelor de supraveghere au fost acordate prin achizi\u021bie direct\u0103, cu toate c\u0103 \u00eensumat dep\u0103\u0219esc valoarea de 70 de mii de euro. Astfel, Direc\u021bia de Admnistrare a \u00cenv\u0103\u021b\u0103m\u00e2ntului din Sectorul 4 a \u00eemp\u0103r\u021bit achizi\u021bia \u00een 26 de contracte pentru a se asigura c\u0103 banii ajung la cele dou\u0103 firme.<\/p>\n\n\n\n<p>Pentru a afla de ce Direc\u021bia s-a g\u0103rbit s\u0103 fac\u0103 aceste achizi\u021bii am contactat ambele firme cu care au ales s\u0103 lucreze. At\u00e2t Secunet Project, c\u00e2t \u0219i Raed Focus Security Systems ne-au spus c\u0103 procedura a fost aleas\u0103 de Institu\u021bia din subordinea Prim\u0103riei Sector 4.<\/p>\n\n\n\n<p>Mai mult, lucr\u0103rile \u00eenc\u0103 nu sunt finalizate \u0219i nici facturate, iar persoana responabil\u0103 de achizi\u021bii din partea Secunet a declarat pentru Buletin de Bucure\u0219ti c\u0103 lucr\u0103rile au \u00eenceput \u00eenainte de luna octombrie \u0219i continu\u0103 p\u00e2n\u0103 \u00een prezent, de\u0219i pe SEAP contractele apar ca atribuite \u00een 29 \u0219i 30 octombrie.<\/p>\n\n\n\n<blockquote class=\"wp-block-quote is-layout-flow wp-block-quote-is-layout-flow\"><p>Lucr\u0103rile au \u00eenceput \u00eenc\u0103 din var\u0103, de c\u00e2teva luni se lucreaz\u0103 \u0219i \u00een prezent lucr\u0103rile continu\u0103. Este vorba, \u00een principiu, despre repararea camerelor de supraveghere din \u0219coli. Procedura de atribuirea a contractelor a fost aleas\u0103 de Direc\u021bia de \u00cenv\u0103\u021b\u0103m\u00e2nt, noi am primit doar devizele \u00een baza c\u0103rora execut\u0103m aceste lucr\u0103ri, dar s\u0103 \u0219ti\u021bi c\u0103 lucr\u0103rile nu sunt nfinalizate, nici m\u0103car facturate. Nou\u0103 ne-au spus c\u0103 au nevoie rapid de aceste lucr\u0103ri pentru examene. Sti\u021bi cum e acum \u0219i la examene trebuie s\u0103 fie dstan\u021bare \u0219i au nevoie de mai multe s\u0103li supravegheate video.<\/p><cite>A declarat persoana responsabil\u0103 de achizi\u021bii publice din partea firmei Secunet Project. <\/cite><\/blockquote>\n\n\n\n<p>Graba pentru examene a fost invocat\u0103 \u0219i de Radu Opri\u0219, unul dintre fondatorii <em>Raed Focus Security Systems<\/em>, care a declarat pentru Buletin de Bucure\u0219ti c\u0103 au primit aceste contracte pentru a monta \u0219i repara camere de supraveghere pentru examenele elevilor.<\/p>\n\n\n\n<blockquote class=\"wp-block-quote is-layout-flow wp-block-quote-is-layout-flow\"><p>Nu ne-au expilcat exact pentru ce au nevoie s\u0103 facem repede aceste lucr\u0103ri, din c\u00e2te am \u00een\u021beles sunt pentru examenele elevilor, dar nu \u0219tiu le ce examene se refer\u0103. Noi acum avem 8 angaja\u021bi cu jumate de norm\u0103, nu am reu\u0219it s\u0103 facem fa\u021b\u0103 tuturor acestor contracte, dar ce nu am putut face am subcontractat, dar s\u0103 \u0219ti\u021bi c\u0103 nici nou\u0103 nu ne prea r\u0103spund cei de la Direc\u021bie.<\/p><cite>A mai spus Radu Opri\u0219, unul dintre fondatorii <em>Raed Focus Security Systems<\/em><\/cite><\/blockquote>\n\n\n\n<p>Am \u00eencercat s\u0103 discut\u0103m \u0219i cu Direc\u021bia de Administrare a \u00cenv\u0103\u021b\u0103m\u00e2ntului din Sectorul 4 pentru a afla de ce nu s-a f\u0103cut licita\u021bie. Am sunat la num\u0103rul afi\u0219at pe SEAP, \u00eens\u0103 nimeni dintre cei prezen\u021bi la birou \u00een momentul apelului nu au \u0219tiut s\u0103 r\u0103spund\u0103 \u00eentreb\u0103rilor noastre, dar au spus c\u0103 o s\u0103 revin\u0103 cu r\u0103spunsurile, dar nu au mai f\u0103cut-o.<\/p>\n\n\n\n<p>\u00cenv\u0103\u021b\u0103m\u00e2tul fizic a fost suspendat \u00een 8 noiembrie de Ministerul Educa\u021biei, iar test\u0103rile elevilor se dau \u00een acest\u0103 perioad\u00ee tot \u00een format online. Examenele finale, pentru care este necesar\u0103 supravegherea video, sunt programate \u00een vara anului 2021.<\/p>\n\n\n\n<figure class=\"wp-block-image size-large\"><a href=\"https:\/\/buletin.de\/bucuresti\/wp-content\/uploads\/Screenshot_2020-12-21_14-48-01.png\"><img loading=\"lazy\" decoding=\"async\" width=\"522\" height=\"628\" src=\"data:image\/gif;base64,R0lGODlhAQABAAAAACH5BAEKAAEALAAAAAABAAEAAAICTAEAOw==\" data-src=\"https:\/\/buletin.de\/bucuresti\/wp-content\/uploads\/Screenshot_2020-12-21_14-48-01.png\" alt=\"\" class=\"wp-image-17265 lazyload\" data-sizes=\"auto\" data-srcset=\"https:\/\/buletin.de\/bucuresti\/wp-content\/uploads\/Screenshot_2020-12-21_14-48-01.png 522w, https:\/\/buletin.de\/bucuresti\/wp-content\/uploads\/Screenshot_2020-12-21_14-48-01-249x300.png 249w, https:\/\/buletin.de\/bucuresti\/wp-content\/uploads\/Screenshot_2020-12-21_14-48-01-416x500.png 416w\" sizes=\"(max-width: 522px) 100vw, 522px\" \/><\/a><figcaption>Ordinul prin care Ministerul Educa\u021biei suspend\u0103 cursurile fizice.<\/figcaption><\/figure>\n\n\n\n<p>Sursa Foto: Arhiv\u0103 Buletin de Bucure\u0219ti<\/p>\n\n\n\n<div style=\"height:40px\" aria-hidden=\"true\" class=\"wp-block-spacer\"><\/div>\n\n\n\n<style>\n.disclaimerACF {\ndisplay: block;\nmax-width: 550px;\nmargin-top:-10px;\nmargin-left:auto;\nmargin-right:auto;\n}\n<\/style>\n\n\n\n<p class=\"disclaimerACF has-small-font-size\">Acest articol face parte din <strong><a href=\"https:\/\/buletin.de\/bucuresti\/buletin-de-bucuresti-in-pandemie\/\" data-type=\"URL\" data-id=\"https:\/\/buletin.de\/bucuresti\/buletin-de-bucuresti-in-pandemie\/\" target=\"_blank\" rel=\"noreferrer noopener\">\u201eBuletin de Bucure\u0219ti \u00een pandemie&#8221;<\/a>, <\/strong>o serie \u00een care investig\u0103m achizi\u021biile publice din jude\u021bul Ilfov \u0219i Bucure\u0219ti, \u00een contextul pandemiei Covid-19<\/p>\n\n\n\n<p class=\"has-text-align-left disclaimerACF\" style=\"font-size:12px\"><em>Proiect derulat de Asocia\u021bia Funky Citizens cu sprijinul financiar <a rel=\"noreferrer noopener\" aria-label=\"Active Citizens Fund Rom\u00e2nia (opens in a new tab)\" href=\"https:\/\/activecitizensfund.ro\" target=\"_blank\">Active Citizens Fund Rom\u00e2nia<\/a>, program finan\u021bat de Islanda, Liechtenstein \u0219i Norvegia prin Granturile SEE 2014-2021. Con\u021binutul acestui material nu reprezint\u0103 \u00een mod necesar pozi\u021bia oficial\u0103 a Granturilor SEE \u0219i Norvegiene 2014-2021; pentru mai multe informa\u021bii accesa\u021bi <a href=\"http:\/\/www.eeagrants.org\">www.eeagrants.org<\/a>. Informa\u021bii suplimentare pot fi g\u0103site pe paginile web&nbsp;<a href=\"http:\/\/www.activecitizensfund.ro\/\">www.activecitizensfund.ro<\/a>&nbsp;\u0219i&nbsp;<a href=\"http:\/\/www.eeagrants.org\/\">www.eeagrants.org<\/a>.<\/em><\/p>\n\n\n\n<p class=\"has-text-align-center\"><strong>Lucr\u0103m \u00eempreun\u0103 pentru o Europ\u0103&nbsp;<span style=\"color:#009b75\" class=\"has-inline-color\">verde<\/span>,&nbsp;<span style=\"color:#df4d3e\">competitiv\u0103<\/span>&nbsp;\u0219i&nbsp;<span style=\"color:#006ca7\">incluziv\u0103<\/span><\/strong>.<\/p>\n\n\n\n<p class=\"has-text-align-center\">Proiect derulat de<\/p>\n\n\n\n<div style=\"margin-top: -30px;\" class=\"wp-block-image\"><figure class=\"aligncenter size-large is-resized\"><img decoding=\"async\" src=\"data:image\/gif;base64,R0lGODlhAQABAAAAACH5BAEKAAEALAAAAAABAAEAAAICTAEAOw==\" data-src=\"https:\/\/buletin.de\/bucuresti\/wp-content\/uploads\/logo-funky-citizens-2016-1.png\" alt=\"\" class=\"wp-image-10395 lazyload\" width=\"200\" height=\"NaN\" data-sizes=\"auto\" data-srcset=\"https:\/\/buletin.de\/bucuresti\/wp-content\/uploads\/logo-funky-citizens-2016-1.png 650w, https:\/\/buletin.de\/bucuresti\/wp-content\/uploads\/logo-funky-citizens-2016-1-600x277.png 600w, https:\/\/buletin.de\/bucuresti\/wp-content\/uploads\/logo-funky-citizens-2016-1-300x138.png 300w, https:\/\/buletin.de\/bucuresti\/wp-content\/uploads\/logo-funky-citizens-2016-1-550x254.png 550w\" sizes=\"(max-width: 650px) 100vw, 650px\" \/><\/figure><\/div>\n","protected":false},"excerpt":{"rendered":"<p>Camerele de supraveghere din pandemie \u00cen 5 martie a fost acordat firmei Raed Focus Security Systems primul contract \u00een valoare de 25 de mii de euro pentru ervicii de reparare a camerelor video. A urmat o pauz\u0103 p\u00e2n\u0103 \u00een 29 octombrie, c\u00e2nd Direc\u021bia de \u00cenv\u0103\u021b\u0103m\u00e2nt a dat alte 8 contracte \u00een valoare de 14 mii [&hellip;]<\/p>\n","protected":false},"author":17,"featured_media":16431,"comment_status":"closed","ping_status":"open","sticky":false,"template":"","format":"standard","meta":{"_acf_changed":false,"inline_featured_image":false,"ngg_post_thumbnail":0,"footnotes":""},"categories":[1585],"tags":[2028,2030,2029,765],"ppma_author":[22576],"class_list":["post-16903","post","type-post","status-publish","format-standard","has-post-thumbnail","hentry","category-buletin-de-bucuresti-in-pandemie","tag-camere-supraveghere","tag-directia-de-invatamant","tag-examene","tag-sector-4"],"acf":[],"yoast_head":"<!-- This site is optimized with the Yoast SEO Premium plugin v25.3 (Yoast SEO v27.5) - https:\/\/yoast.com\/product\/yoast-seo-premium-wordpress\/ -->\n<title>Direc\u021bia de \u00eenv\u0103\u021b\u0103m\u00e2nt Sector 4 a \u00eencheiat contracte de 70 mii de euro cu dou\u0103 firme pentru repararea \u0219i \u00eentre\u021binerea camerelor de supraveghere din \u0219coli - Buletin de Bucure\u0219ti<\/title>\n<meta name=\"robots\" content=\"index, follow, max-snippet:-1, max-image-preview:large, max-video-preview:-1\" \/>\n<link rel=\"canonical\" href=\"https:\/\/buletin.de\/bucuresti\/directia-de-invatamant-sector-4-a-incheiat-contracte-de-70-mii-de-euro-cu-doua-firme-pentru-repararea-si-intretinerea-camerelor-de-supraveghere-din-scoli\/\" \/>\n<meta property=\"og:locale\" content=\"en_GB\" \/>\n<meta property=\"og:type\" content=\"article\" \/>\n<meta property=\"og:title\" content=\"Direc\u021bia de \u00eenv\u0103\u021b\u0103m\u00e2nt Sector 4 a \u00eencheiat contracte de 70 mii de euro cu dou\u0103 firme pentru repararea \u0219i \u00eentre\u021binerea camerelor de supraveghere din \u0219coli\" \/>\n<meta property=\"og:description\" content=\"Camerele de supraveghere din pandemie \u00cen 5 martie a fost acordat firmei Raed Focus Security Systems primul contract \u00een valoare de 25 de mii de euro pentru ervicii de reparare a camerelor video. A urmat o pauz\u0103 p\u00e2n\u0103 \u00een 29 octombrie, c\u00e2nd Direc\u021bia de \u00cenv\u0103\u021b\u0103m\u00e2nt a dat alte 8 contracte \u00een valoare de 14 mii [&hellip;]\" \/>\n<meta property=\"og:url\" content=\"https:\/\/buletin.de\/bucuresti\/directia-de-invatamant-sector-4-a-incheiat-contracte-de-70-mii-de-euro-cu-doua-firme-pentru-repararea-si-intretinerea-camerelor-de-supraveghere-din-scoli\/\" \/>\n<meta property=\"og:site_name\" content=\"Buletin de Bucure\u0219ti\" \/>\n<meta property=\"article:publisher\" content=\"https:\/\/www.facebook.com\/buletin.de.buc\" \/>\n<meta property=\"article:published_time\" content=\"2020-12-23T15:55:25+00:00\" \/>\n<meta property=\"article:modified_time\" content=\"2020-12-29T15:24:42+00:00\" \/>\n<meta property=\"og:image\" content=\"https:\/\/buletin.de\/bucuresti\/wp-content\/uploads\/scoala.jpg\" \/>\n\t<meta property=\"og:image:width\" content=\"2048\" \/>\n\t<meta property=\"og:image:height\" content=\"1536\" \/>\n\t<meta property=\"og:image:type\" content=\"image\/jpeg\" \/>\n<meta name=\"author\" content=\"Florin R\u00e2\u0219teiu\" \/>\n<meta name=\"twitter:card\" content=\"summary_large_image\" \/>\n<meta name=\"twitter:label1\" content=\"Written by\" \/>\n\t<meta name=\"twitter:data1\" content=\"Florin R\u00e2\u0219teiu\" \/>\n\t<meta name=\"twitter:label2\" content=\"Estimated reading time\" \/>\n\t<meta name=\"twitter:data2\" content=\"4 minutes\" \/>\n<script type=\"application\/ld+json\" class=\"yoast-schema-graph\">{\"@context\":\"https:\\\/\\\/schema.org\",\"@graph\":[{\"@type\":\"Article\",\"@id\":\"https:\\\/\\\/buletin.de\\\/bucuresti\\\/directia-de-invatamant-sector-4-a-incheiat-contracte-de-70-mii-de-euro-cu-doua-firme-pentru-repararea-si-intretinerea-camerelor-de-supraveghere-din-scoli\\\/#article\",\"isPartOf\":{\"@id\":\"https:\\\/\\\/buletin.de\\\/bucuresti\\\/directia-de-invatamant-sector-4-a-incheiat-contracte-de-70-mii-de-euro-cu-doua-firme-pentru-repararea-si-intretinerea-camerelor-de-supraveghere-din-scoli\\\/\"},\"author\":{\"name\":\"Florin R\u00e2\u0219teiu\",\"@id\":\"https:\\\/\\\/buletin.de\\\/bucuresti\\\/#\\\/schema\\\/person\\\/b0686d7a8b666c6afc78239777fd8a89\"},\"headline\":\"Direc\u021bia de \u00eenv\u0103\u021b\u0103m\u00e2nt Sector 4 a \u00eencheiat contracte de 70 mii de euro cu dou\u0103 firme pentru repararea \u0219i \u00eentre\u021binerea camerelor de supraveghere din \u0219coli\",\"datePublished\":\"2020-12-23T15:55:25+00:00\",\"dateModified\":\"2020-12-29T15:24:42+00:00\",\"mainEntityOfPage\":{\"@id\":\"https:\\\/\\\/buletin.de\\\/bucuresti\\\/directia-de-invatamant-sector-4-a-incheiat-contracte-de-70-mii-de-euro-cu-doua-firme-pentru-repararea-si-intretinerea-camerelor-de-supraveghere-din-scoli\\\/\"},\"wordCount\":884,\"publisher\":{\"@id\":\"https:\\\/\\\/buletin.de\\\/bucuresti\\\/#organization\"},\"image\":{\"@id\":\"https:\\\/\\\/buletin.de\\\/bucuresti\\\/directia-de-invatamant-sector-4-a-incheiat-contracte-de-70-mii-de-euro-cu-doua-firme-pentru-repararea-si-intretinerea-camerelor-de-supraveghere-din-scoli\\\/#primaryimage\"},\"thumbnailUrl\":\"https:\\\/\\\/buletin.de\\\/bucuresti\\\/wp-content\\\/uploads\\\/scoala.jpg\",\"keywords\":[\"Camere supraveghere\",\"Direc\u021bia de \u00eenv\u0103\u021b\u0103m\u00e2nt\",\"examene\",\"Sector 4\"],\"articleSection\":[\"Buletin de Bucure\u0219ti \u00een pandemie\"],\"inLanguage\":\"en-GB\",\"copyrightYear\":\"2020\",\"copyrightHolder\":{\"@id\":\"https:\\\/\\\/buletin.de\\\/bucuresti\\\/#organization\"}},{\"@type\":\"WebPage\",\"@id\":\"https:\\\/\\\/buletin.de\\\/bucuresti\\\/directia-de-invatamant-sector-4-a-incheiat-contracte-de-70-mii-de-euro-cu-doua-firme-pentru-repararea-si-intretinerea-camerelor-de-supraveghere-din-scoli\\\/\",\"url\":\"https:\\\/\\\/buletin.de\\\/bucuresti\\\/directia-de-invatamant-sector-4-a-incheiat-contracte-de-70-mii-de-euro-cu-doua-firme-pentru-repararea-si-intretinerea-camerelor-de-supraveghere-din-scoli\\\/\",\"name\":\"Direc\u021bia de \u00eenv\u0103\u021b\u0103m\u00e2nt Sector 4 a \u00eencheiat contracte de 70 mii de euro cu dou\u0103 firme pentru repararea \u0219i \u00eentre\u021binerea camerelor de supraveghere din \u0219coli - Buletin de Bucure\u0219ti\",\"isPartOf\":{\"@id\":\"https:\\\/\\\/buletin.de\\\/bucuresti\\\/#website\"},\"primaryImageOfPage\":{\"@id\":\"https:\\\/\\\/buletin.de\\\/bucuresti\\\/directia-de-invatamant-sector-4-a-incheiat-contracte-de-70-mii-de-euro-cu-doua-firme-pentru-repararea-si-intretinerea-camerelor-de-supraveghere-din-scoli\\\/#primaryimage\"},\"image\":{\"@id\":\"https:\\\/\\\/buletin.de\\\/bucuresti\\\/directia-de-invatamant-sector-4-a-incheiat-contracte-de-70-mii-de-euro-cu-doua-firme-pentru-repararea-si-intretinerea-camerelor-de-supraveghere-din-scoli\\\/#primaryimage\"},\"thumbnailUrl\":\"https:\\\/\\\/buletin.de\\\/bucuresti\\\/wp-content\\\/uploads\\\/scoala.jpg\",\"datePublished\":\"2020-12-23T15:55:25+00:00\",\"dateModified\":\"2020-12-29T15:24:42+00:00\",\"breadcrumb\":{\"@id\":\"https:\\\/\\\/buletin.de\\\/bucuresti\\\/directia-de-invatamant-sector-4-a-incheiat-contracte-de-70-mii-de-euro-cu-doua-firme-pentru-repararea-si-intretinerea-camerelor-de-supraveghere-din-scoli\\\/#breadcrumb\"},\"inLanguage\":\"en-GB\",\"potentialAction\":[{\"@type\":\"ReadAction\",\"target\":[\"https:\\\/\\\/buletin.de\\\/bucuresti\\\/directia-de-invatamant-sector-4-a-incheiat-contracte-de-70-mii-de-euro-cu-doua-firme-pentru-repararea-si-intretinerea-camerelor-de-supraveghere-din-scoli\\\/\"]}]},{\"@type\":\"ImageObject\",\"inLanguage\":\"en-GB\",\"@id\":\"https:\\\/\\\/buletin.de\\\/bucuresti\\\/directia-de-invatamant-sector-4-a-incheiat-contracte-de-70-mii-de-euro-cu-doua-firme-pentru-repararea-si-intretinerea-camerelor-de-supraveghere-din-scoli\\\/#primaryimage\",\"url\":\"https:\\\/\\\/buletin.de\\\/bucuresti\\\/wp-content\\\/uploads\\\/scoala.jpg\",\"contentUrl\":\"https:\\\/\\\/buletin.de\\\/bucuresti\\\/wp-content\\\/uploads\\\/scoala.jpg\",\"width\":2048,\"height\":1536,\"caption\":\"FOTO: Arhiva\"},{\"@type\":\"BreadcrumbList\",\"@id\":\"https:\\\/\\\/buletin.de\\\/bucuresti\\\/directia-de-invatamant-sector-4-a-incheiat-contracte-de-70-mii-de-euro-cu-doua-firme-pentru-repararea-si-intretinerea-camerelor-de-supraveghere-din-scoli\\\/#breadcrumb\",\"itemListElement\":[{\"@type\":\"ListItem\",\"position\":1,\"name\":\"Acas\u0103\",\"item\":\"https:\\\/\\\/buletin.de\\\/bucuresti\\\/\"},{\"@type\":\"ListItem\",\"position\":2,\"name\":\"Direc\u021bia de \u00eenv\u0103\u021b\u0103m\u00e2nt Sector 4 a \u00eencheiat contracte de 70 mii de euro cu dou\u0103 firme pentru repararea \u0219i \u00eentre\u021binerea camerelor de supraveghere din \u0219coli\"}]},{\"@type\":\"WebSite\",\"@id\":\"https:\\\/\\\/buletin.de\\\/bucuresti\\\/#website\",\"url\":\"https:\\\/\\\/buletin.de\\\/bucuresti\\\/\",\"name\":\"Buletin de Bucure\u0219ti\",\"description\":\"\u0218tiri \u0219i investiga\u021bii esen\u021biale din capital\u0103\",\"publisher\":{\"@id\":\"https:\\\/\\\/buletin.de\\\/bucuresti\\\/#organization\"},\"potentialAction\":[{\"@type\":\"SearchAction\",\"target\":{\"@type\":\"EntryPoint\",\"urlTemplate\":\"https:\\\/\\\/buletin.de\\\/bucuresti\\\/?s={search_term_string}\"},\"query-input\":{\"@type\":\"PropertyValueSpecification\",\"valueRequired\":true,\"valueName\":\"search_term_string\"}}],\"inLanguage\":\"en-GB\"},{\"@type\":\"Organization\",\"@id\":\"https:\\\/\\\/buletin.de\\\/bucuresti\\\/#organization\",\"name\":\"Buletin de Bucure\u0219ti\",\"url\":\"https:\\\/\\\/buletin.de\\\/bucuresti\\\/\",\"logo\":{\"@type\":\"ImageObject\",\"inLanguage\":\"en-GB\",\"@id\":\"https:\\\/\\\/buletin.de\\\/bucuresti\\\/#\\\/schema\\\/logo\\\/image\\\/\",\"url\":\"https:\\\/\\\/buletin.de\\\/bucuresti\\\/wp-content\\\/uploads\\\/logo-bdb-full-wide-vernil-transparent.png\",\"contentUrl\":\"https:\\\/\\\/buletin.de\\\/bucuresti\\\/wp-content\\\/uploads\\\/logo-bdb-full-wide-vernil-transparent.png\",\"width\":1782,\"height\":626,\"caption\":\"Buletin de Bucure\u0219ti\"},\"image\":{\"@id\":\"https:\\\/\\\/buletin.de\\\/bucuresti\\\/#\\\/schema\\\/logo\\\/image\\\/\"},\"sameAs\":[\"https:\\\/\\\/www.facebook.com\\\/buletin.de.buc\",\"https:\\\/\\\/www.instagram.com\\\/buletinde.bucuresti\\\/\"]},{\"@type\":\"Person\",\"@id\":\"https:\\\/\\\/buletin.de\\\/bucuresti\\\/#\\\/schema\\\/person\\\/b0686d7a8b666c6afc78239777fd8a89\",\"name\":\"Florin R\u00e2\u0219teiu\",\"image\":{\"@type\":\"ImageObject\",\"inLanguage\":\"en-GB\",\"@id\":\"https:\\\/\\\/buletin.de\\\/bucuresti\\\/wp-content\\\/uploads\\\/Florin-Rasteiu-96x96.jpgf0a6fe28453aa12f0a60e4d0a2e3a78c\",\"url\":\"https:\\\/\\\/buletin.de\\\/bucuresti\\\/wp-content\\\/uploads\\\/Florin-Rasteiu-96x96.jpg\",\"contentUrl\":\"https:\\\/\\\/buletin.de\\\/bucuresti\\\/wp-content\\\/uploads\\\/Florin-Rasteiu-96x96.jpg\",\"caption\":\"Florin R\u00e2\u0219teiu\"},\"description\":\"Jurnalist de investiga\u021bie. Lucreaz\u0103 de aproape 6 ani la Buletin de Bucure\u0219ti, unde a publicat articole care scot la suprafa\u021b\u0103 corup\u021bia din Capital\u0103. Analizeaz\u0103 baze de date zilnic \u0219i scoate pove\u0219ti din exceluri pline de cifre. Pune reflectorul pe adev\u0103r cu fiecare ocazie. A c\u00e2\u0219tigat premiul I la categoria Pres\u0103 Local\u0103 \u00een 2025 \u0219i locul al II-lea la aceea\u0219i categorie \u00een 2024 \u00een cadrul Premiilor Superscrieri pentru jurnalism independent.\",\"url\":\"https:\\\/\\\/buletin.de\\\/bucuresti\\\/author\\\/florinrasteiu\\\/\"}]}<\/script>\n<!-- \/ Yoast SEO Premium plugin. -->","yoast_head_json":{"title":"Direc\u021bia de \u00eenv\u0103\u021b\u0103m\u00e2nt Sector 4 a \u00eencheiat contracte de 70 mii de euro cu dou\u0103 firme pentru repararea \u0219i \u00eentre\u021binerea camerelor de supraveghere din \u0219coli - Buletin de Bucure\u0219ti","robots":{"index":"index","follow":"follow","max-snippet":"max-snippet:-1","max-image-preview":"max-image-preview:large","max-video-preview":"max-video-preview:-1"},"canonical":"https:\/\/buletin.de\/bucuresti\/directia-de-invatamant-sector-4-a-incheiat-contracte-de-70-mii-de-euro-cu-doua-firme-pentru-repararea-si-intretinerea-camerelor-de-supraveghere-din-scoli\/","og_locale":"en_GB","og_type":"article","og_title":"Direc\u021bia de \u00eenv\u0103\u021b\u0103m\u00e2nt Sector 4 a \u00eencheiat contracte de 70 mii de euro cu dou\u0103 firme pentru repararea \u0219i \u00eentre\u021binerea camerelor de supraveghere din \u0219coli","og_description":"Camerele de supraveghere din pandemie \u00cen 5 martie a fost acordat firmei Raed Focus Security Systems primul contract \u00een valoare de 25 de mii de euro pentru ervicii de reparare a camerelor video. A urmat o pauz\u0103 p\u00e2n\u0103 \u00een 29 octombrie, c\u00e2nd Direc\u021bia de \u00cenv\u0103\u021b\u0103m\u00e2nt a dat alte 8 contracte \u00een valoare de 14 mii [&hellip;]","og_url":"https:\/\/buletin.de\/bucuresti\/directia-de-invatamant-sector-4-a-incheiat-contracte-de-70-mii-de-euro-cu-doua-firme-pentru-repararea-si-intretinerea-camerelor-de-supraveghere-din-scoli\/","og_site_name":"Buletin de Bucure\u0219ti","article_publisher":"https:\/\/www.facebook.com\/buletin.de.buc","article_published_time":"2020-12-23T15:55:25+00:00","article_modified_time":"2020-12-29T15:24:42+00:00","og_image":[{"width":2048,"height":1536,"url":"https:\/\/buletin.de\/bucuresti\/wp-content\/uploads\/scoala.jpg","type":"image\/jpeg"}],"author":"Florin R\u00e2\u0219teiu","twitter_card":"summary_large_image","twitter_misc":{"Written by":"Florin R\u00e2\u0219teiu","Estimated reading time":"4 minutes"},"schema":{"@context":"https:\/\/schema.org","@graph":[{"@type":"Article","@id":"https:\/\/buletin.de\/bucuresti\/directia-de-invatamant-sector-4-a-incheiat-contracte-de-70-mii-de-euro-cu-doua-firme-pentru-repararea-si-intretinerea-camerelor-de-supraveghere-din-scoli\/#article","isPartOf":{"@id":"https:\/\/buletin.de\/bucuresti\/directia-de-invatamant-sector-4-a-incheiat-contracte-de-70-mii-de-euro-cu-doua-firme-pentru-repararea-si-intretinerea-camerelor-de-supraveghere-din-scoli\/"},"author":{"name":"Florin R\u00e2\u0219teiu","@id":"https:\/\/buletin.de\/bucuresti\/#\/schema\/person\/b0686d7a8b666c6afc78239777fd8a89"},"headline":"Direc\u021bia de \u00eenv\u0103\u021b\u0103m\u00e2nt Sector 4 a \u00eencheiat contracte de 70 mii de euro cu dou\u0103 firme pentru repararea \u0219i \u00eentre\u021binerea camerelor de supraveghere din \u0219coli","datePublished":"2020-12-23T15:55:25+00:00","dateModified":"2020-12-29T15:24:42+00:00","mainEntityOfPage":{"@id":"https:\/\/buletin.de\/bucuresti\/directia-de-invatamant-sector-4-a-incheiat-contracte-de-70-mii-de-euro-cu-doua-firme-pentru-repararea-si-intretinerea-camerelor-de-supraveghere-din-scoli\/"},"wordCount":884,"publisher":{"@id":"https:\/\/buletin.de\/bucuresti\/#organization"},"image":{"@id":"https:\/\/buletin.de\/bucuresti\/directia-de-invatamant-sector-4-a-incheiat-contracte-de-70-mii-de-euro-cu-doua-firme-pentru-repararea-si-intretinerea-camerelor-de-supraveghere-din-scoli\/#primaryimage"},"thumbnailUrl":"https:\/\/buletin.de\/bucuresti\/wp-content\/uploads\/scoala.jpg","keywords":["Camere supraveghere","Direc\u021bia de \u00eenv\u0103\u021b\u0103m\u00e2nt","examene","Sector 4"],"articleSection":["Buletin de Bucure\u0219ti \u00een pandemie"],"inLanguage":"en-GB","copyrightYear":"2020","copyrightHolder":{"@id":"https:\/\/buletin.de\/bucuresti\/#organization"}},{"@type":"WebPage","@id":"https:\/\/buletin.de\/bucuresti\/directia-de-invatamant-sector-4-a-incheiat-contracte-de-70-mii-de-euro-cu-doua-firme-pentru-repararea-si-intretinerea-camerelor-de-supraveghere-din-scoli\/","url":"https:\/\/buletin.de\/bucuresti\/directia-de-invatamant-sector-4-a-incheiat-contracte-de-70-mii-de-euro-cu-doua-firme-pentru-repararea-si-intretinerea-camerelor-de-supraveghere-din-scoli\/","name":"Direc\u021bia de \u00eenv\u0103\u021b\u0103m\u00e2nt Sector 4 a \u00eencheiat contracte de 70 mii de euro cu dou\u0103 firme pentru repararea \u0219i \u00eentre\u021binerea camerelor de supraveghere din \u0219coli - Buletin de Bucure\u0219ti","isPartOf":{"@id":"https:\/\/buletin.de\/bucuresti\/#website"},"primaryImageOfPage":{"@id":"https:\/\/buletin.de\/bucuresti\/directia-de-invatamant-sector-4-a-incheiat-contracte-de-70-mii-de-euro-cu-doua-firme-pentru-repararea-si-intretinerea-camerelor-de-supraveghere-din-scoli\/#primaryimage"},"image":{"@id":"https:\/\/buletin.de\/bucuresti\/directia-de-invatamant-sector-4-a-incheiat-contracte-de-70-mii-de-euro-cu-doua-firme-pentru-repararea-si-intretinerea-camerelor-de-supraveghere-din-scoli\/#primaryimage"},"thumbnailUrl":"https:\/\/buletin.de\/bucuresti\/wp-content\/uploads\/scoala.jpg","datePublished":"2020-12-23T15:55:25+00:00","dateModified":"2020-12-29T15:24:42+00:00","breadcrumb":{"@id":"https:\/\/buletin.de\/bucuresti\/directia-de-invatamant-sector-4-a-incheiat-contracte-de-70-mii-de-euro-cu-doua-firme-pentru-repararea-si-intretinerea-camerelor-de-supraveghere-din-scoli\/#breadcrumb"},"inLanguage":"en-GB","potentialAction":[{"@type":"ReadAction","target":["https:\/\/buletin.de\/bucuresti\/directia-de-invatamant-sector-4-a-incheiat-contracte-de-70-mii-de-euro-cu-doua-firme-pentru-repararea-si-intretinerea-camerelor-de-supraveghere-din-scoli\/"]}]},{"@type":"ImageObject","inLanguage":"en-GB","@id":"https:\/\/buletin.de\/bucuresti\/directia-de-invatamant-sector-4-a-incheiat-contracte-de-70-mii-de-euro-cu-doua-firme-pentru-repararea-si-intretinerea-camerelor-de-supraveghere-din-scoli\/#primaryimage","url":"https:\/\/buletin.de\/bucuresti\/wp-content\/uploads\/scoala.jpg","contentUrl":"https:\/\/buletin.de\/bucuresti\/wp-content\/uploads\/scoala.jpg","width":2048,"height":1536,"caption":"FOTO: Arhiva"},{"@type":"BreadcrumbList","@id":"https:\/\/buletin.de\/bucuresti\/directia-de-invatamant-sector-4-a-incheiat-contracte-de-70-mii-de-euro-cu-doua-firme-pentru-repararea-si-intretinerea-camerelor-de-supraveghere-din-scoli\/#breadcrumb","itemListElement":[{"@type":"ListItem","position":1,"name":"Acas\u0103","item":"https:\/\/buletin.de\/bucuresti\/"},{"@type":"ListItem","position":2,"name":"Direc\u021bia de \u00eenv\u0103\u021b\u0103m\u00e2nt Sector 4 a \u00eencheiat contracte de 70 mii de euro cu dou\u0103 firme pentru repararea \u0219i \u00eentre\u021binerea camerelor de supraveghere din \u0219coli"}]},{"@type":"WebSite","@id":"https:\/\/buletin.de\/bucuresti\/#website","url":"https:\/\/buletin.de\/bucuresti\/","name":"Buletin de Bucure\u0219ti","description":"\u0218tiri \u0219i investiga\u021bii esen\u021biale din capital\u0103","publisher":{"@id":"https:\/\/buletin.de\/bucuresti\/#organization"},"potentialAction":[{"@type":"SearchAction","target":{"@type":"EntryPoint","urlTemplate":"https:\/\/buletin.de\/bucuresti\/?s={search_term_string}"},"query-input":{"@type":"PropertyValueSpecification","valueRequired":true,"valueName":"search_term_string"}}],"inLanguage":"en-GB"},{"@type":"Organization","@id":"https:\/\/buletin.de\/bucuresti\/#organization","name":"Buletin de Bucure\u0219ti","url":"https:\/\/buletin.de\/bucuresti\/","logo":{"@type":"ImageObject","inLanguage":"en-GB","@id":"https:\/\/buletin.de\/bucuresti\/#\/schema\/logo\/image\/","url":"https:\/\/buletin.de\/bucuresti\/wp-content\/uploads\/logo-bdb-full-wide-vernil-transparent.png","contentUrl":"https:\/\/buletin.de\/bucuresti\/wp-content\/uploads\/logo-bdb-full-wide-vernil-transparent.png","width":1782,"height":626,"caption":"Buletin de Bucure\u0219ti"},"image":{"@id":"https:\/\/buletin.de\/bucuresti\/#\/schema\/logo\/image\/"},"sameAs":["https:\/\/www.facebook.com\/buletin.de.buc","https:\/\/www.instagram.com\/buletinde.bucuresti\/"]},{"@type":"Person","@id":"https:\/\/buletin.de\/bucuresti\/#\/schema\/person\/b0686d7a8b666c6afc78239777fd8a89","name":"Florin R\u00e2\u0219teiu","image":{"@type":"ImageObject","inLanguage":"en-GB","@id":"https:\/\/buletin.de\/bucuresti\/wp-content\/uploads\/Florin-Rasteiu-96x96.jpgf0a6fe28453aa12f0a60e4d0a2e3a78c","url":"https:\/\/buletin.de\/bucuresti\/wp-content\/uploads\/Florin-Rasteiu-96x96.jpg","contentUrl":"https:\/\/buletin.de\/bucuresti\/wp-content\/uploads\/Florin-Rasteiu-96x96.jpg","caption":"Florin R\u00e2\u0219teiu"},"description":"Jurnalist de investiga\u021bie. Lucreaz\u0103 de aproape 6 ani la Buletin de Bucure\u0219ti, unde a publicat articole care scot la suprafa\u021b\u0103 corup\u021bia din Capital\u0103. Analizeaz\u0103 baze de date zilnic \u0219i scoate pove\u0219ti din exceluri pline de cifre. Pune reflectorul pe adev\u0103r cu fiecare ocazie. A c\u00e2\u0219tigat premiul I la categoria Pres\u0103 Local\u0103 \u00een 2025 \u0219i locul al II-lea la aceea\u0219i categorie \u00een 2024 \u00een cadrul Premiilor Superscrieri pentru jurnalism independent.","url":"https:\/\/buletin.de\/bucuresti\/author\/florinrasteiu\/"}]}},"authors":[{"term_id":22576,"user_id":17,"is_guest":0,"slug":"florinrasteiu","display_name":"Florin R\u00e2\u0219teiu","avatar_url":"https:\/\/buletin.de\/bucuresti\/wp-content\/uploads\/Florin-Rasteiu-96x96.jpg","0":null,"1":"","2":"","3":"","4":"","5":"","6":"","7":"","8":""}],"_links":{"self":[{"href":"https:\/\/buletin.de\/bucuresti\/wp-json\/wp\/v2\/posts\/16903","targetHints":{"allow":["GET"]}}],"collection":[{"href":"https:\/\/buletin.de\/bucuresti\/wp-json\/wp\/v2\/posts"}],"about":[{"href":"https:\/\/buletin.de\/bucuresti\/wp-json\/wp\/v2\/types\/post"}],"author":[{"embeddable":true,"href":"https:\/\/buletin.de\/bucuresti\/wp-json\/wp\/v2\/users\/17"}],"replies":[{"embeddable":true,"href":"https:\/\/buletin.de\/bucuresti\/wp-json\/wp\/v2\/comments?post=16903"}],"version-history":[{"count":6,"href":"https:\/\/buletin.de\/bucuresti\/wp-json\/wp\/v2\/posts\/16903\/revisions"}],"predecessor-version":[{"id":17441,"href":"https:\/\/buletin.de\/bucuresti\/wp-json\/wp\/v2\/posts\/16903\/revisions\/17441"}],"wp:featuredmedia":[{"embeddable":true,"href":"https:\/\/buletin.de\/bucuresti\/wp-json\/wp\/v2\/media\/16431"}],"wp:attachment":[{"href":"https:\/\/buletin.de\/bucuresti\/wp-json\/wp\/v2\/media?parent=16903"}],"wp:term":[{"taxonomy":"category","embeddable":true,"href":"https:\/\/buletin.de\/bucuresti\/wp-json\/wp\/v2\/categories?post=16903"},{"taxonomy":"post_tag","embeddable":true,"href":"https:\/\/buletin.de\/bucuresti\/wp-json\/wp\/v2\/tags?post=16903"},{"taxonomy":"author","embeddable":true,"href":"https:\/\/buletin.de\/bucuresti\/wp-json\/wp\/v2\/ppma_author?post=16903"}],"curies":[{"name":"wp","href":"https:\/\/api.w.org\/{rel}","templated":true}]}}