{"id":16814,"date":"2020-12-16T15:31:12","date_gmt":"2020-12-16T12:31:12","guid":{"rendered":"https:\/\/buletin.de\/bucuresti\/?p=16814"},"modified":"2020-12-16T15:31:13","modified_gmt":"2020-12-16T12:31:13","slug":"viceprimarii-capitalei-vor-fi-votati-luni-de-consiliul-general","status":"publish","type":"post","link":"https:\/\/buletin.de\/bucuresti\/viceprimarii-capitalei-vor-fi-votati-luni-de-consiliul-general\/","title":{"rendered":"Viceprimarii Capitalei vor fi vota\u021bi luni de Consiliul General"},"content":{"rendered":"\n<p>Cei doi viceprimari ai municipiului Bucure\u0219ti urmeaz\u0103 s\u0103 fie vota\u021bi \u00een \u0219edin\u021ba de Consiliului General de luni, 21 decembrie. <\/p>\n\n\n\n<p>Consilierul general Vlad Voiculescu, fost ministru al S\u0103n\u0103t\u0103\u021bii, este propunerea USR-PLUS spre a fi validat de majoritatea din CGMB pentru aceast\u0103 func\u021bie. Din partea PNL, ar urma s\u0103 fie votat de GCMB pentru func\u021bia de viceprimar consilierul general Stelian Bujduveanu.<\/p>\n\n\n\n<p>Desemnarea viceprimarilor este primul proiect pe ordinea de zi a \u0219edin\u021bei de Consiliu General. De\u0219i alegerile locale au avut loc \u00een septembrie, desemnarea viceprimarilor a \u00eent\u00e2rziat din cauza faptului c\u0103 ei nu pot fi \u00eenvesti\u021bi dec\u00e2t dup\u0103 ce to\u021bi consilieri generali \u0219i-au preluat mandatele.<\/p>\n\n\n\n<p>La finalul lui octombrie, 45 dintre 55 de consilieri generali \u00eempreun\u0103 cu Nicu\u0219or Dan au depus jur\u0103m\u00e2ntul. Ceilal\u021bi 10, printre care \u0219i Gabriela Firea, s-au retras, astfel c\u0103 validarea consilierilor suplean\u021bi pe locurile vacante a prelungit \u00eentreg procesul.<\/p>\n\n\n\n<p>Alegerea celor doi viceprimari ai Capitalei treneaz\u0103 de aproape o lun\u0103 <a href=\"https:\/\/buletin.de\/bucuresti\/misterul-femeii-care-blocheaza-votul-pentru-viceprimarii-capitalei-secretarul-general-al-pmb-am-cerut-apelul-de-la-instanta-ca-sa-vedem-ce-motive-a-invocat\/\">pentru c\u0103 o singur\u0103 persoan\u0103 a f\u0103cut mai multe contesta\u021bii \u0219i un apel la validarea definitiv\u0103 a mandatelor de consilieri generali.<\/a><\/p>\n\n\n\n<p>Surs\u0103 foto: <a href=\"https:\/\/www.facebook.com\/NicusorDan.ro\/photos\/3545630292181225\">Facebook Nicu\u0219or Dan<\/a><\/p>\n\n\n\n<p>CITE\u0218TE \u0218I <a href=\"http:\/\/Misterul femeii care blocheaz\u0103 votul pentru viceprimarii Capitalei. Secretarul general al PMB: \u201cAm cerut apelul de la instan\u021b\u0103 ca s\u0103 vedem ce motive a invocat\u201d\">Misterul femeii care blocheaz\u0103 votul pentru viceprimarii Capitalei. Secretarul general al PMB: \u201cAm cerut apelul de la instan\u021b\u0103 ca s\u0103 vedem ce motive a invocat\u201d<\/a><\/p>\n","protected":false},"excerpt":{"rendered":"<p>Cei doi viceprimari ai municipiului Bucure\u0219ti urmeaz\u0103 s\u0103 fie vota\u021bi \u00een \u0219edin\u021ba de Consiliului General de luni, 21 decembrie. Consilierul general Vlad Voiculescu, fost ministru al S\u0103n\u0103t\u0103\u021bii, este propunerea USR-PLUS spre a fi validat de majoritatea din CGMB pentru aceast\u0103 func\u021bie. Din partea PNL, ar urma s\u0103 fie votat de GCMB pentru func\u021bia de viceprimar [&hellip;]<\/p>\n","protected":false},"author":6,"featured_media":16815,"comment_status":"closed","ping_status":"open","sticky":false,"template":"","format":"standard","meta":{"_acf_changed":false,"inline_featured_image":false,"ngg_post_thumbnail":0,"footnotes":""},"categories":[24,62],"tags":[9,276,1513],"ppma_author":[22588],"class_list":["post-16814","post","type-post","status-publish","format-standard","has-post-thumbnail","hentry","category-primarie","category-stiri","tag-bucuresti","tag-primaria-bucuresti","tag-viceprimar"],"acf":[],"yoast_head":"<!-- This site is optimized with the Yoast SEO Premium plugin v25.3 (Yoast SEO v27.4) - https:\/\/yoast.com\/product\/yoast-seo-premium-wordpress\/ -->\n<title>Viceprimarii Capitalei vor fi vota\u021bi luni de Consiliul General - Buletin de Bucure\u0219ti<\/title>\n<meta name=\"robots\" content=\"index, follow, max-snippet:-1, max-image-preview:large, max-video-preview:-1\" \/>\n<link rel=\"canonical\" href=\"https:\/\/buletin.de\/bucuresti\/viceprimarii-capitalei-vor-fi-votati-luni-de-consiliul-general\/\" \/>\n<meta property=\"og:locale\" content=\"en_GB\" \/>\n<meta property=\"og:type\" content=\"article\" \/>\n<meta property=\"og:title\" content=\"Viceprimarii Capitalei vor fi vota\u021bi luni de Consiliul General\" \/>\n<meta property=\"og:description\" content=\"Cei doi viceprimari ai municipiului Bucure\u0219ti urmeaz\u0103 s\u0103 fie vota\u021bi \u00een \u0219edin\u021ba de Consiliului General de luni, 21 decembrie. Consilierul general Vlad Voiculescu, fost ministru al S\u0103n\u0103t\u0103\u021bii, este propunerea USR-PLUS spre a fi validat de majoritatea din CGMB pentru aceast\u0103 func\u021bie. Din partea PNL, ar urma s\u0103 fie votat de GCMB pentru func\u021bia de viceprimar [&hellip;]\" \/>\n<meta property=\"og:url\" content=\"https:\/\/buletin.de\/bucuresti\/viceprimarii-capitalei-vor-fi-votati-luni-de-consiliul-general\/\" \/>\n<meta property=\"og:site_name\" content=\"Buletin de Bucure\u0219ti\" \/>\n<meta property=\"article:publisher\" content=\"https:\/\/www.facebook.com\/buletin.de.buc\" \/>\n<meta property=\"article:published_time\" content=\"2020-12-16T12:31:12+00:00\" \/>\n<meta property=\"article:modified_time\" content=\"2020-12-16T12:31:13+00:00\" \/>\n<meta property=\"og:image\" content=\"https:\/\/buletin.de\/bucuresti\/wp-content\/uploads\/130606466_3545630298847891_166433338231350328_o.jpg\" \/>\n\t<meta property=\"og:image:width\" content=\"2012\" \/>\n\t<meta property=\"og:image:height\" content=\"1342\" \/>\n\t<meta property=\"og:image:type\" content=\"image\/jpeg\" \/>\n<meta name=\"author\" content=\"Bianca Albu\" \/>\n<meta name=\"twitter:card\" content=\"summary_large_image\" \/>\n<meta name=\"twitter:label1\" content=\"Written by\" \/>\n\t<meta name=\"twitter:data1\" content=\"Bianca Albu\" \/>\n\t<meta name=\"twitter:label2\" content=\"Estimated reading time\" \/>\n\t<meta name=\"twitter:data2\" content=\"1 minute\" \/>\n<script type=\"application\/ld+json\" class=\"yoast-schema-graph\">{\"@context\":\"https:\\\/\\\/schema.org\",\"@graph\":[{\"@type\":\"Article\",\"@id\":\"https:\\\/\\\/buletin.de\\\/bucuresti\\\/viceprimarii-capitalei-vor-fi-votati-luni-de-consiliul-general\\\/#article\",\"isPartOf\":{\"@id\":\"https:\\\/\\\/buletin.de\\\/bucuresti\\\/viceprimarii-capitalei-vor-fi-votati-luni-de-consiliul-general\\\/\"},\"author\":{\"name\":\"Bianca Albu\",\"@id\":\"https:\\\/\\\/buletin.de\\\/bucuresti\\\/#\\\/schema\\\/person\\\/295dc2228d2dc79294d636619468dc7f\"},\"headline\":\"Viceprimarii Capitalei vor fi vota\u021bi luni de Consiliul General\",\"datePublished\":\"2020-12-16T12:31:12+00:00\",\"dateModified\":\"2020-12-16T12:31:13+00:00\",\"mainEntityOfPage\":{\"@id\":\"https:\\\/\\\/buletin.de\\\/bucuresti\\\/viceprimarii-capitalei-vor-fi-votati-luni-de-consiliul-general\\\/\"},\"wordCount\":234,\"publisher\":{\"@id\":\"https:\\\/\\\/buletin.de\\\/bucuresti\\\/#organization\"},\"image\":{\"@id\":\"https:\\\/\\\/buletin.de\\\/bucuresti\\\/viceprimarii-capitalei-vor-fi-votati-luni-de-consiliul-general\\\/#primaryimage\"},\"thumbnailUrl\":\"https:\\\/\\\/buletin.de\\\/bucuresti\\\/wp-content\\\/uploads\\\/130606466_3545630298847891_166433338231350328_o.jpg\",\"keywords\":[\"bucuresti\",\"primaria bucuresti\",\"viceprimar\"],\"articleSection\":[\"Prim\u0103rie\",\"\u0218tiri\"],\"inLanguage\":\"en-GB\",\"copyrightYear\":\"2020\",\"copyrightHolder\":{\"@id\":\"https:\\\/\\\/buletin.de\\\/bucuresti\\\/#organization\"}},{\"@type\":\"WebPage\",\"@id\":\"https:\\\/\\\/buletin.de\\\/bucuresti\\\/viceprimarii-capitalei-vor-fi-votati-luni-de-consiliul-general\\\/\",\"url\":\"https:\\\/\\\/buletin.de\\\/bucuresti\\\/viceprimarii-capitalei-vor-fi-votati-luni-de-consiliul-general\\\/\",\"name\":\"Viceprimarii Capitalei vor fi vota\u021bi luni de Consiliul General - Buletin de Bucure\u0219ti\",\"isPartOf\":{\"@id\":\"https:\\\/\\\/buletin.de\\\/bucuresti\\\/#website\"},\"primaryImageOfPage\":{\"@id\":\"https:\\\/\\\/buletin.de\\\/bucuresti\\\/viceprimarii-capitalei-vor-fi-votati-luni-de-consiliul-general\\\/#primaryimage\"},\"image\":{\"@id\":\"https:\\\/\\\/buletin.de\\\/bucuresti\\\/viceprimarii-capitalei-vor-fi-votati-luni-de-consiliul-general\\\/#primaryimage\"},\"thumbnailUrl\":\"https:\\\/\\\/buletin.de\\\/bucuresti\\\/wp-content\\\/uploads\\\/130606466_3545630298847891_166433338231350328_o.jpg\",\"datePublished\":\"2020-12-16T12:31:12+00:00\",\"dateModified\":\"2020-12-16T12:31:13+00:00\",\"breadcrumb\":{\"@id\":\"https:\\\/\\\/buletin.de\\\/bucuresti\\\/viceprimarii-capitalei-vor-fi-votati-luni-de-consiliul-general\\\/#breadcrumb\"},\"inLanguage\":\"en-GB\",\"potentialAction\":[{\"@type\":\"ReadAction\",\"target\":[\"https:\\\/\\\/buletin.de\\\/bucuresti\\\/viceprimarii-capitalei-vor-fi-votati-luni-de-consiliul-general\\\/\"]}]},{\"@type\":\"ImageObject\",\"inLanguage\":\"en-GB\",\"@id\":\"https:\\\/\\\/buletin.de\\\/bucuresti\\\/viceprimarii-capitalei-vor-fi-votati-luni-de-consiliul-general\\\/#primaryimage\",\"url\":\"https:\\\/\\\/buletin.de\\\/bucuresti\\\/wp-content\\\/uploads\\\/130606466_3545630298847891_166433338231350328_o.jpg\",\"contentUrl\":\"https:\\\/\\\/buletin.de\\\/bucuresti\\\/wp-content\\\/uploads\\\/130606466_3545630298847891_166433338231350328_o.jpg\",\"width\":2012,\"height\":1342},{\"@type\":\"BreadcrumbList\",\"@id\":\"https:\\\/\\\/buletin.de\\\/bucuresti\\\/viceprimarii-capitalei-vor-fi-votati-luni-de-consiliul-general\\\/#breadcrumb\",\"itemListElement\":[{\"@type\":\"ListItem\",\"position\":1,\"name\":\"Acas\u0103\",\"item\":\"https:\\\/\\\/buletin.de\\\/bucuresti\\\/\"},{\"@type\":\"ListItem\",\"position\":2,\"name\":\"Viceprimarii Capitalei vor fi vota\u021bi luni de Consiliul General\"}]},{\"@type\":\"WebSite\",\"@id\":\"https:\\\/\\\/buletin.de\\\/bucuresti\\\/#website\",\"url\":\"https:\\\/\\\/buletin.de\\\/bucuresti\\\/\",\"name\":\"Buletin de Bucure\u0219ti\",\"description\":\"\u0218tiri \u0219i investiga\u021bii esen\u021biale din capital\u0103\",\"publisher\":{\"@id\":\"https:\\\/\\\/buletin.de\\\/bucuresti\\\/#organization\"},\"potentialAction\":[{\"@type\":\"SearchAction\",\"target\":{\"@type\":\"EntryPoint\",\"urlTemplate\":\"https:\\\/\\\/buletin.de\\\/bucuresti\\\/?s={search_term_string}\"},\"query-input\":{\"@type\":\"PropertyValueSpecification\",\"valueRequired\":true,\"valueName\":\"search_term_string\"}}],\"inLanguage\":\"en-GB\"},{\"@type\":\"Organization\",\"@id\":\"https:\\\/\\\/buletin.de\\\/bucuresti\\\/#organization\",\"name\":\"Buletin de Bucure\u0219ti\",\"url\":\"https:\\\/\\\/buletin.de\\\/bucuresti\\\/\",\"logo\":{\"@type\":\"ImageObject\",\"inLanguage\":\"en-GB\",\"@id\":\"https:\\\/\\\/buletin.de\\\/bucuresti\\\/#\\\/schema\\\/logo\\\/image\\\/\",\"url\":\"https:\\\/\\\/buletin.de\\\/bucuresti\\\/wp-content\\\/uploads\\\/logo-bdb-full-wide-vernil-transparent.png\",\"contentUrl\":\"https:\\\/\\\/buletin.de\\\/bucuresti\\\/wp-content\\\/uploads\\\/logo-bdb-full-wide-vernil-transparent.png\",\"width\":1782,\"height\":626,\"caption\":\"Buletin de Bucure\u0219ti\"},\"image\":{\"@id\":\"https:\\\/\\\/buletin.de\\\/bucuresti\\\/#\\\/schema\\\/logo\\\/image\\\/\"},\"sameAs\":[\"https:\\\/\\\/www.facebook.com\\\/buletin.de.buc\",\"https:\\\/\\\/www.instagram.com\\\/buletinde.bucuresti\\\/\"]},{\"@type\":\"Person\",\"@id\":\"https:\\\/\\\/buletin.de\\\/bucuresti\\\/#\\\/schema\\\/person\\\/295dc2228d2dc79294d636619468dc7f\",\"name\":\"Bianca Albu\",\"image\":{\"@type\":\"ImageObject\",\"inLanguage\":\"en-GB\",\"@id\":\"https:\\\/\\\/secure.gravatar.com\\\/avatar\\\/3df2e34e20f529e6fd7be4311ee1f7c4ec4aa886971590baf6fa214b15743516?s=96&d=monsterid&r=gf541c715eeec409ce8101252a3c0d8a7\",\"url\":\"https:\\\/\\\/secure.gravatar.com\\\/avatar\\\/3df2e34e20f529e6fd7be4311ee1f7c4ec4aa886971590baf6fa214b15743516?s=96&d=monsterid&r=g\",\"contentUrl\":\"https:\\\/\\\/secure.gravatar.com\\\/avatar\\\/3df2e34e20f529e6fd7be4311ee1f7c4ec4aa886971590baf6fa214b15743516?s=96&d=monsterid&r=g\",\"caption\":\"Bianca Albu\"},\"description\":\"Reporter\",\"url\":\"https:\\\/\\\/buletin.de\\\/bucuresti\\\/author\\\/biancaalbu\\\/\"}]}<\/script>\n<!-- \/ Yoast SEO Premium plugin. -->","yoast_head_json":{"title":"Viceprimarii Capitalei vor fi vota\u021bi luni de Consiliul General - Buletin de Bucure\u0219ti","robots":{"index":"index","follow":"follow","max-snippet":"max-snippet:-1","max-image-preview":"max-image-preview:large","max-video-preview":"max-video-preview:-1"},"canonical":"https:\/\/buletin.de\/bucuresti\/viceprimarii-capitalei-vor-fi-votati-luni-de-consiliul-general\/","og_locale":"en_GB","og_type":"article","og_title":"Viceprimarii Capitalei vor fi vota\u021bi luni de Consiliul General","og_description":"Cei doi viceprimari ai municipiului Bucure\u0219ti urmeaz\u0103 s\u0103 fie vota\u021bi \u00een \u0219edin\u021ba de Consiliului General de luni, 21 decembrie. Consilierul general Vlad Voiculescu, fost ministru al S\u0103n\u0103t\u0103\u021bii, este propunerea USR-PLUS spre a fi validat de majoritatea din CGMB pentru aceast\u0103 func\u021bie. Din partea PNL, ar urma s\u0103 fie votat de GCMB pentru func\u021bia de viceprimar [&hellip;]","og_url":"https:\/\/buletin.de\/bucuresti\/viceprimarii-capitalei-vor-fi-votati-luni-de-consiliul-general\/","og_site_name":"Buletin de Bucure\u0219ti","article_publisher":"https:\/\/www.facebook.com\/buletin.de.buc","article_published_time":"2020-12-16T12:31:12+00:00","article_modified_time":"2020-12-16T12:31:13+00:00","og_image":[{"width":2012,"height":1342,"url":"https:\/\/buletin.de\/bucuresti\/wp-content\/uploads\/130606466_3545630298847891_166433338231350328_o.jpg","type":"image\/jpeg"}],"author":"Bianca Albu","twitter_card":"summary_large_image","twitter_misc":{"Written by":"Bianca Albu","Estimated reading time":"1 minute"},"schema":{"@context":"https:\/\/schema.org","@graph":[{"@type":"Article","@id":"https:\/\/buletin.de\/bucuresti\/viceprimarii-capitalei-vor-fi-votati-luni-de-consiliul-general\/#article","isPartOf":{"@id":"https:\/\/buletin.de\/bucuresti\/viceprimarii-capitalei-vor-fi-votati-luni-de-consiliul-general\/"},"author":{"name":"Bianca Albu","@id":"https:\/\/buletin.de\/bucuresti\/#\/schema\/person\/295dc2228d2dc79294d636619468dc7f"},"headline":"Viceprimarii Capitalei vor fi vota\u021bi luni de Consiliul General","datePublished":"2020-12-16T12:31:12+00:00","dateModified":"2020-12-16T12:31:13+00:00","mainEntityOfPage":{"@id":"https:\/\/buletin.de\/bucuresti\/viceprimarii-capitalei-vor-fi-votati-luni-de-consiliul-general\/"},"wordCount":234,"publisher":{"@id":"https:\/\/buletin.de\/bucuresti\/#organization"},"image":{"@id":"https:\/\/buletin.de\/bucuresti\/viceprimarii-capitalei-vor-fi-votati-luni-de-consiliul-general\/#primaryimage"},"thumbnailUrl":"https:\/\/buletin.de\/bucuresti\/wp-content\/uploads\/130606466_3545630298847891_166433338231350328_o.jpg","keywords":["bucuresti","primaria bucuresti","viceprimar"],"articleSection":["Prim\u0103rie","\u0218tiri"],"inLanguage":"en-GB","copyrightYear":"2020","copyrightHolder":{"@id":"https:\/\/buletin.de\/bucuresti\/#organization"}},{"@type":"WebPage","@id":"https:\/\/buletin.de\/bucuresti\/viceprimarii-capitalei-vor-fi-votati-luni-de-consiliul-general\/","url":"https:\/\/buletin.de\/bucuresti\/viceprimarii-capitalei-vor-fi-votati-luni-de-consiliul-general\/","name":"Viceprimarii Capitalei vor fi vota\u021bi luni de Consiliul General - Buletin de Bucure\u0219ti","isPartOf":{"@id":"https:\/\/buletin.de\/bucuresti\/#website"},"primaryImageOfPage":{"@id":"https:\/\/buletin.de\/bucuresti\/viceprimarii-capitalei-vor-fi-votati-luni-de-consiliul-general\/#primaryimage"},"image":{"@id":"https:\/\/buletin.de\/bucuresti\/viceprimarii-capitalei-vor-fi-votati-luni-de-consiliul-general\/#primaryimage"},"thumbnailUrl":"https:\/\/buletin.de\/bucuresti\/wp-content\/uploads\/130606466_3545630298847891_166433338231350328_o.jpg","datePublished":"2020-12-16T12:31:12+00:00","dateModified":"2020-12-16T12:31:13+00:00","breadcrumb":{"@id":"https:\/\/buletin.de\/bucuresti\/viceprimarii-capitalei-vor-fi-votati-luni-de-consiliul-general\/#breadcrumb"},"inLanguage":"en-GB","potentialAction":[{"@type":"ReadAction","target":["https:\/\/buletin.de\/bucuresti\/viceprimarii-capitalei-vor-fi-votati-luni-de-consiliul-general\/"]}]},{"@type":"ImageObject","inLanguage":"en-GB","@id":"https:\/\/buletin.de\/bucuresti\/viceprimarii-capitalei-vor-fi-votati-luni-de-consiliul-general\/#primaryimage","url":"https:\/\/buletin.de\/bucuresti\/wp-content\/uploads\/130606466_3545630298847891_166433338231350328_o.jpg","contentUrl":"https:\/\/buletin.de\/bucuresti\/wp-content\/uploads\/130606466_3545630298847891_166433338231350328_o.jpg","width":2012,"height":1342},{"@type":"BreadcrumbList","@id":"https:\/\/buletin.de\/bucuresti\/viceprimarii-capitalei-vor-fi-votati-luni-de-consiliul-general\/#breadcrumb","itemListElement":[{"@type":"ListItem","position":1,"name":"Acas\u0103","item":"https:\/\/buletin.de\/bucuresti\/"},{"@type":"ListItem","position":2,"name":"Viceprimarii Capitalei vor fi vota\u021bi luni de Consiliul General"}]},{"@type":"WebSite","@id":"https:\/\/buletin.de\/bucuresti\/#website","url":"https:\/\/buletin.de\/bucuresti\/","name":"Buletin de Bucure\u0219ti","description":"\u0218tiri \u0219i investiga\u021bii esen\u021biale din capital\u0103","publisher":{"@id":"https:\/\/buletin.de\/bucuresti\/#organization"},"potentialAction":[{"@type":"SearchAction","target":{"@type":"EntryPoint","urlTemplate":"https:\/\/buletin.de\/bucuresti\/?s={search_term_string}"},"query-input":{"@type":"PropertyValueSpecification","valueRequired":true,"valueName":"search_term_string"}}],"inLanguage":"en-GB"},{"@type":"Organization","@id":"https:\/\/buletin.de\/bucuresti\/#organization","name":"Buletin de Bucure\u0219ti","url":"https:\/\/buletin.de\/bucuresti\/","logo":{"@type":"ImageObject","inLanguage":"en-GB","@id":"https:\/\/buletin.de\/bucuresti\/#\/schema\/logo\/image\/","url":"https:\/\/buletin.de\/bucuresti\/wp-content\/uploads\/logo-bdb-full-wide-vernil-transparent.png","contentUrl":"https:\/\/buletin.de\/bucuresti\/wp-content\/uploads\/logo-bdb-full-wide-vernil-transparent.png","width":1782,"height":626,"caption":"Buletin de Bucure\u0219ti"},"image":{"@id":"https:\/\/buletin.de\/bucuresti\/#\/schema\/logo\/image\/"},"sameAs":["https:\/\/www.facebook.com\/buletin.de.buc","https:\/\/www.instagram.com\/buletinde.bucuresti\/"]},{"@type":"Person","@id":"https:\/\/buletin.de\/bucuresti\/#\/schema\/person\/295dc2228d2dc79294d636619468dc7f","name":"Bianca Albu","image":{"@type":"ImageObject","inLanguage":"en-GB","@id":"https:\/\/secure.gravatar.com\/avatar\/3df2e34e20f529e6fd7be4311ee1f7c4ec4aa886971590baf6fa214b15743516?s=96&d=monsterid&r=gf541c715eeec409ce8101252a3c0d8a7","url":"https:\/\/secure.gravatar.com\/avatar\/3df2e34e20f529e6fd7be4311ee1f7c4ec4aa886971590baf6fa214b15743516?s=96&d=monsterid&r=g","contentUrl":"https:\/\/secure.gravatar.com\/avatar\/3df2e34e20f529e6fd7be4311ee1f7c4ec4aa886971590baf6fa214b15743516?s=96&d=monsterid&r=g","caption":"Bianca Albu"},"description":"Reporter","url":"https:\/\/buletin.de\/bucuresti\/author\/biancaalbu\/"}]}},"authors":[{"term_id":22588,"user_id":6,"is_guest":0,"slug":"biancaalbu","display_name":"Bianca Albu","avatar_url":"https:\/\/secure.gravatar.com\/avatar\/3df2e34e20f529e6fd7be4311ee1f7c4ec4aa886971590baf6fa214b15743516?s=96&d=monsterid&r=g","0":null,"1":"","2":"","3":"","4":"","5":"","6":"","7":"","8":""}],"_links":{"self":[{"href":"https:\/\/buletin.de\/bucuresti\/wp-json\/wp\/v2\/posts\/16814","targetHints":{"allow":["GET"]}}],"collection":[{"href":"https:\/\/buletin.de\/bucuresti\/wp-json\/wp\/v2\/posts"}],"about":[{"href":"https:\/\/buletin.de\/bucuresti\/wp-json\/wp\/v2\/types\/post"}],"author":[{"embeddable":true,"href":"https:\/\/buletin.de\/bucuresti\/wp-json\/wp\/v2\/users\/6"}],"replies":[{"embeddable":true,"href":"https:\/\/buletin.de\/bucuresti\/wp-json\/wp\/v2\/comments?post=16814"}],"version-history":[{"count":4,"href":"https:\/\/buletin.de\/bucuresti\/wp-json\/wp\/v2\/posts\/16814\/revisions"}],"predecessor-version":[{"id":16826,"href":"https:\/\/buletin.de\/bucuresti\/wp-json\/wp\/v2\/posts\/16814\/revisions\/16826"}],"wp:featuredmedia":[{"embeddable":true,"href":"https:\/\/buletin.de\/bucuresti\/wp-json\/wp\/v2\/media\/16815"}],"wp:attachment":[{"href":"https:\/\/buletin.de\/bucuresti\/wp-json\/wp\/v2\/media?parent=16814"}],"wp:term":[{"taxonomy":"category","embeddable":true,"href":"https:\/\/buletin.de\/bucuresti\/wp-json\/wp\/v2\/categories?post=16814"},{"taxonomy":"post_tag","embeddable":true,"href":"https:\/\/buletin.de\/bucuresti\/wp-json\/wp\/v2\/tags?post=16814"},{"taxonomy":"author","embeddable":true,"href":"https:\/\/buletin.de\/bucuresti\/wp-json\/wp\/v2\/ppma_author?post=16814"}],"curies":[{"name":"wp","href":"https:\/\/api.w.org\/{rel}","templated":true}]}}