{"id":16658,"date":"2020-12-11T19:30:55","date_gmt":"2020-12-11T17:30:55","guid":{"rendered":"https:\/\/buletin.de\/bucuresti\/?p=16658"},"modified":"2023-09-19T15:36:24","modified_gmt":"2023-09-19T13:36:24","slug":"pandemia-poluarii-din-capitala-si-cursa-contracronometru-pentru-salvarea-plamanilor-bucurestenilor","status":"publish","type":"post","link":"https:\/\/buletin.de\/bucuresti\/pandemia-poluarii-din-capitala-si-cursa-contracronometru-pentru-salvarea-plamanilor-bucurestenilor\/","title":{"rendered":"Pandemia polu\u0103rii din Capital\u0103 \u0219i cursa contracronometru pentru salvarea pl\u0103m\u00e2nilor bucure\u0219tenilor"},"content":{"rendered":"\n<p><strong>\u00cen 2019, datele unei re\u021bele private de senzori de monitorizare a calit\u0103\u021bii aerului, proasp\u0103t inaugurat\u0103 de Funda\u021bia Ecopolis la \u00eenceputul lunii decembrie, ar\u0103tau c\u0103 normele de poluare sunt dep\u0103\u0219ite de p\u00e2n\u0103 la cinci ori.<\/strong><\/p>\n\n\n\n<p>Cu excep\u021bia a c\u00e2torva reportaje tv \u0219i articole r\u0103zle\u021be ap\u0103rute la scurt timp dup\u0103 comunicatul de pres\u0103, subiectul a fost abandonat de presa central\u0103.<\/p>\n\n\n\n<figure class=\"wp-block-image size-large\"><img fetchpriority=\"high\" decoding=\"async\" width=\"757\" height=\"633\" src=\"data:image\/gif;base64,R0lGODlhAQABAAAAACH5BAEKAAEALAAAAAABAAEAAAICTAEAOw==\" data-src=\"https:\/\/buletin.de\/bucuresti\/wp-content\/uploads\/80239682_112170743615994_2861686252049006592_n.png\" alt=\"\" class=\"wp-image-16660 lazyload\" data-sizes=\"auto\" data-srcset=\"https:\/\/buletin.de\/bucuresti\/wp-content\/uploads\/80239682_112170743615994_2861686252049006592_n.png 757w, https:\/\/buletin.de\/bucuresti\/wp-content\/uploads\/80239682_112170743615994_2861686252049006592_n-300x251.png 300w, https:\/\/buletin.de\/bucuresti\/wp-content\/uploads\/80239682_112170743615994_2861686252049006592_n-550x460.png 550w, https:\/\/buletin.de\/bucuresti\/wp-content\/uploads\/80239682_112170743615994_2861686252049006592_n-598x500.png 598w, https:\/\/buletin.de\/bucuresti\/wp-content\/uploads\/80239682_112170743615994_2861686252049006592_n-600x502.png 600w\" sizes=\"(max-width: 757px) 100vw, 757px\" \/><figcaption class=\"wp-element-caption\">Valorile pentru PM 2.5 aferente zilelelor de 19 \u0219i 20 decembrie 2019. (Sursa: aerlive.ro)<\/figcaption><\/figure>\n\n\n\n<p>Buletin de Bucure\u0219ti a mers \u00eens\u0103 pe firul celor semnalate de societatea civil\u0103 \u0219i am descoperit c\u0103, la peste 10 ani de la inaugurare, <a href=\"https:\/\/buletin.de\/bucuresti\/marea-musamalizarea-a-aerului-din-bucuresti-vii-norma-de-casare-a-statiilor-de-stat-depasita-de-patru-ori\/\">re\u021beaua de m\u0103surare a calit\u0103\u021bii aerului de stat m\u0103sura doar o parte din ceea bucure\u0219tenii respirau zilnic.<\/a><\/p>\n\n\n\n<p>De asemenea, datele colectate <a href=\"https:\/\/buletin.de\/bucuresti\/marea-musamalizare-a-aerului-din-bucuresti-iii-agentia-europeana-pentru-mediu-speram-ca-romania-va-transmite-automat-date-privind-calitatea-aerului-saptamanile-urmatoare\/\">nu ap\u0103reau \u00een timp real pe platforma Agen\u021biei Europene pentru Mediu<\/a> iar norma de casare a sta\u021biilor gestionate de Ministerul Mediului era, la momentul respectiv, dep\u0103\u0219it\u0103 de patru ori.<\/p>\n\n\n\n<p>Dezv\u0103luirile Buletin de Bucure\u0219ti, <a href=\"https:\/\/buletin.de\/bucuresti\/marea-musamalizare-a-aerului-din-bucuresti-vi-primaria-generala-stie-de-sase-ani-despre-nivelul-critic-al-poluarii-din-capitala\/\">printre care \u0219i faptul c\u0103 Prim\u0103ria General\u0103 \u0219tia de nivelul critic al polu\u0103rii de aproape \u0219ase ani<\/a>, au ajuns rapid pe agenda public\u0103 \u0219i au nemul\u021bumit conducerea Capitalei care a continuat s\u0103 nege amploarea fenomenului.<\/p>\n\n\n\n<div class=\"fb-post\" data-href=\"https:\/\/www.facebook.com\/Aerlive.ro\/posts\/125381178961617\" data-show-text=\"true\" data-width=\"\"><blockquote cite=\"https:\/\/www.facebook.com\/Aerlive.ro\/posts\/125381178961617\" class=\"fb-xfbml-parse-ignore\"><p>?\u203c\ufe0fInvestigatia Buletin de Bucure\u0219ti este cea mai ampla incursiune jurnalistic\u0103 \u00een situa\u021bia calit\u0103\u021bii aerului din&#8230;<\/p>Posted by <a href=\"https:\/\/www.facebook.com\/Aerlive.ro\/\">Aerlive.ro<\/a> on&nbsp;<a href=\"https:\/\/www.facebook.com\/Aerlive.ro\/posts\/125381178961617\">Saturday, 18 January 2020<\/a><\/blockquote><\/div>\n\n\n\n<p>Fostul primar general, Gabriela Firea, a declarat public c\u0103 senzorii independen\u021bi nu ar fi omologa\u021bi,<a href=\"https:\/\/buletin.de\/bucuresti\/marea-musamalizare-a-aerului-din-bucuresti-v-contestati-de-gabriela-firea-senzorii-ong-urilor-care-masoara-poluarea-din-capitala-sunt-certificati-de-statul-roman\/\"> lucru demontat ulterior de produc\u0103torii acestora care au explicat \u00een episodul 5 al investiga\u021biei<\/a> c\u0103 echipamentele sunt certificate de statul rom\u00e2n printr-un organism de acreditare coordonat de Ministerul Economiei.<\/p>\n\n\n\n<p>Investiga\u021bia privind poluarea din Bucure\u0219ti a mai vizat \u0219i o serie de probleme legislative. <a href=\"https:\/\/buletin.de\/bucuresti\/marea-musamalizare-a-aerului-din-bucurestiiv-legea-nu-obliga-autoritatile-sa-informeze-despre-poluarea-cu-microparticule\/\">Legea calit\u0103\u021bii aerului nu oblig\u0103 autorit\u0103\u021bile s\u0103 informeze despre poluarea cu microparticule<\/a> iar pragurile de alert\u0103 prin care pot fi activa mecanismele de protec\u021bie a popula\u021biei \u021bineau cont doar de doi poluan\u021bi: dioxidul de sulf \u0219i dioxidul de azot.&nbsp;&nbsp;<\/p>\n\n\n\n<p>Faptul c\u0103 de\u0219i re\u021beaua de senzori ar\u0103ta \u00een continuare valori critice, iar Ministerul Mediului \u0219i Prim\u0103ria General\u0103 refuzau s\u0103 accepte \u0219i s\u0103 vin\u0103 cu solu\u021bii rapide la o problem\u0103 care \u00eenseamn\u0103<a href=\"https:\/\/buletin.de\/bucuresti\/marea-musamalizare-a-aerului-din-bucuresti-viii-peste-15-ani-de-viata-sanatoasa-pierduti-din-cauza-poluarii\/\"> pierderea a 1,5 ani de via\u021b\u0103 s\u0103n\u0103toas\u0103 din cauza polu\u0103rii, a dus \u0219i la o serie de proteste.<\/a><\/p>\n\n\n\n<figure class=\"wp-block-image size-large\"><img decoding=\"async\" width=\"900\" height=\"600\" src=\"data:image\/gif;base64,R0lGODlhAQABAAAAACH5BAEKAAEALAAAAAABAAEAAAICTAEAOw==\" data-src=\"https:\/\/buletin.de\/bucuresti\/wp-content\/uploads\/ID131935_INQUAM_Photos_Octav_Ganea-2-900x600.jpg\" alt=\"\" class=\"wp-image-16663 lazyload\" data-sizes=\"auto\" data-srcset=\"https:\/\/buletin.de\/bucuresti\/wp-content\/uploads\/ID131935_INQUAM_Photos_Octav_Ganea-2-900x600.jpg 900w, https:\/\/buletin.de\/bucuresti\/wp-content\/uploads\/ID131935_INQUAM_Photos_Octav_Ganea-2-300x200.jpg 300w, https:\/\/buletin.de\/bucuresti\/wp-content\/uploads\/ID131935_INQUAM_Photos_Octav_Ganea-2-768x512.jpg 768w, https:\/\/buletin.de\/bucuresti\/wp-content\/uploads\/ID131935_INQUAM_Photos_Octav_Ganea-2-1536x1024.jpg 1536w, https:\/\/buletin.de\/bucuresti\/wp-content\/uploads\/ID131935_INQUAM_Photos_Octav_Ganea-2-1060x706.jpg 1060w, https:\/\/buletin.de\/bucuresti\/wp-content\/uploads\/ID131935_INQUAM_Photos_Octav_Ganea-2-550x367.jpg 550w, https:\/\/buletin.de\/bucuresti\/wp-content\/uploads\/ID131935_INQUAM_Photos_Octav_Ganea-2-750x500.jpg 750w, https:\/\/buletin.de\/bucuresti\/wp-content\/uploads\/ID131935_INQUAM_Photos_Octav_Ganea-2-1920x1280.jpg 1920w, https:\/\/buletin.de\/bucuresti\/wp-content\/uploads\/ID131935_INQUAM_Photos_Octav_Ganea-2-1620x1080.jpg 1620w, https:\/\/buletin.de\/bucuresti\/wp-content\/uploads\/ID131935_INQUAM_Photos_Octav_Ganea-2-600x400.jpg 600w, https:\/\/buletin.de\/bucuresti\/wp-content\/uploads\/ID131935_INQUAM_Photos_Octav_Ganea-2.jpg 2000w\" sizes=\"(max-width: 900px) 100vw, 900px\" \/><figcaption class=\"wp-element-caption\">Tineri care fac parte din miscarea Friday fo Future protest\\nd pentru un aer curat pe 14 februarie 2020. (Sursa: Inquam Photos\/Octav Ganea)<\/figcaption><\/figure>\n\n\n\n<p>Acestea au fost la r\u00e2ndul lor tergiversate de autorit\u0103\u021bi, prin blocarea spa\u021biului din fa\u021ba Prim\u0103riei Generale de c\u0103tre <a href=\"https:\/\/buletin.de\/bucuresti\/ong-ul-fantoma-al-gabrielei-firea-blocheaza-protestul-anti-poluare-din-fata-primariei-generale-in-spatele-asociatiei-toti-apropiatii-primaritei\/\">un ONG controlat de oamenii din aparatul administrativ.<\/a><\/p>\n\n\n\n<p>\u00centre timp, Prim\u0103ria General\u0103 a fost dat\u0103 \u00een judecat\u0103 de societatea civil\u0103 din cauza m\u0103surilor \u201efictive\u201d de \u00eembun\u0103t\u0103\u021bire a calit\u0103\u021bii aerului iar Rom\u00e2nia a fost condamnat\u0103 la Curtea European\u0103 de Justi\u021bie la cap\u0103tul unui proces care a \u021binut doi ani pentru dep\u0103\u0219irea sistematic\u0103 \u00een Capital\u0103 a valorilor limit\u0103 pentru concentra\u021biile de PM10.<\/p>\n\n\n\n<p>La aproape un an de la primul episod al seriei Marea Mu\u0219amalizare a Aerului din Bucure\u0219ti, <a href=\"https:\/\/buletin.de\/bucuresti\/depasiri-la-limitele-de-pm10-de-peste-trei-ori-azi-noapte-in-capitala-arata-senzorii-independenti-ministrul-mediului-au-fost-usoare-depasiri-nu-este-nimic-ingrijorator\/\">problema polu\u0103rii excesive a aerului a revenit \u00een Capital\u0103<\/a>.&nbsp;&nbsp;Pandemia de COVID-19 a limitat traficul rutier, principala surs\u0103 de poluare din Capital\u0103, \u00eens\u0103 nu a rezolvat problema calit\u0103\u021bii aerului. <\/p>\n\n\n\n<p>Dup\u0103 dispari\u021bia vegeta\u021biei, a pornirii sistemelor de \u00eenc\u0103lzire, dar \u0219i <a href=\"https:\/\/buletin.de\/bucuresti\/o-explicatie-pentru-poluarea-masiva-din-weekend-ce-este-inversiunea-termica-si-cum-poate-sa-ascunda-arderile-care-polueaza-bucurestiul\/\">pe fondul unui fenomen meteo care au \u021binut la nivelul solului poluan\u021bii<\/a>, Ministerul Mediului a f\u0103cut o serie de controale \u00een c\u00e2teva localit\u0103\u021bi din jurul Capitalei, <a href=\"https:\/\/buletin.de\/bucuresti\/descinderi-la-sintesti-la-incendiatorii-de-deseuri-la-actiune-participa-si-ministrul-mediului\/\">unde s-au descoperit activit\u0103\u021bi ilegale de ardere a de\u0219eurilor. <\/a>Despre acestea, Guvernul sus\u021bine ca au contribuit la poluarea excesiv\u0103 din Bucure\u0219ti.<\/p>\n\n\n\n<figure class=\"wp-block-image size-large\"><img decoding=\"async\" width=\"900\" height=\"600\" src=\"data:image\/gif;base64,R0lGODlhAQABAAAAACH5BAEKAAEALAAAAAABAAEAAAICTAEAOw==\" data-src=\"https:\/\/buletin.de\/bucuresti\/wp-content\/uploads\/ID152637_INQUAM_Photos_George_Calin-900x600.jpg\" alt=\"\" class=\"wp-image-16664 lazyload\" data-sizes=\"auto\" data-srcset=\"https:\/\/buletin.de\/bucuresti\/wp-content\/uploads\/ID152637_INQUAM_Photos_George_Calin-900x600.jpg 900w, https:\/\/buletin.de\/bucuresti\/wp-content\/uploads\/ID152637_INQUAM_Photos_George_Calin-300x200.jpg 300w, https:\/\/buletin.de\/bucuresti\/wp-content\/uploads\/ID152637_INQUAM_Photos_George_Calin-768x512.jpg 768w, https:\/\/buletin.de\/bucuresti\/wp-content\/uploads\/ID152637_INQUAM_Photos_George_Calin-1536x1024.jpg 1536w, https:\/\/buletin.de\/bucuresti\/wp-content\/uploads\/ID152637_INQUAM_Photos_George_Calin-1060x706.jpg 1060w, https:\/\/buletin.de\/bucuresti\/wp-content\/uploads\/ID152637_INQUAM_Photos_George_Calin-550x367.jpg 550w, https:\/\/buletin.de\/bucuresti\/wp-content\/uploads\/ID152637_INQUAM_Photos_George_Calin-750x500.jpg 750w, https:\/\/buletin.de\/bucuresti\/wp-content\/uploads\/ID152637_INQUAM_Photos_George_Calin-1920x1280.jpg 1920w, https:\/\/buletin.de\/bucuresti\/wp-content\/uploads\/ID152637_INQUAM_Photos_George_Calin-1620x1080.jpg 1620w, https:\/\/buletin.de\/bucuresti\/wp-content\/uploads\/ID152637_INQUAM_Photos_George_Calin-600x400.jpg 600w, https:\/\/buletin.de\/bucuresti\/wp-content\/uploads\/ID152637_INQUAM_Photos_George_Calin.jpg 2000w\" sizes=\"(max-width: 900px) 100vw, 900px\" \/><figcaption class=\"wp-element-caption\">Descinderi la Sinte\u0219ti, jud. Ilfov, ale G\u0103rzii de Mediu, Poli\u021biei \u0219i Jandarmeriei, pe 12 noiembrie 2020. (Sursa: Inquam Photos\/George C\u0103lin)<\/figcaption><\/figure>\n\n\n\n<p>Dincolo de contraven\u021bii \u0219i dosare penale, Ministerul Mediului a anun\u021bat din 2021 o serie de investi\u021bii \u00eentr-un sistem integrat de monitorizare a calit\u0103\u021bii aerului, ca reac\u021bie la valorile mari de microparticule.<\/p>\n\n\n\n<p><a href=\"https:\/\/buletin.de\/bucuresti\/ministerul-mediului-anunta-85-de-puncte-de-masurare-a-calitatii-aerului-in-bucuresti-din-2021\/\">85 de puncte de m\u0103surare a calit\u0103\u021bii aerului ar urma s\u0103 fie func\u021bionale \u00een Bucure\u0219ti din 202<\/a>1 \u0219i care ar urma sa livreze date cet\u0103\u021benilor printr-o aplica\u021bie de mobil. Sistemul de stat ar trebui s\u0103 rivalizeze cu re\u021beaua de senzori independen\u021bi ai societ\u0103\u021bii civile care au fost ca un du\u0219 rece pentru locuitorii celui mai mare \u0219i mai bogat ora\u0219 din Rom\u00e2nia.<\/p>\n\n\n\n<p>C\u00e2t prive\u0219te o rezolvare concret\u0103 a problemei polu\u0103rii din Bucure\u0219ti, acest lucru se pare c\u0103 va mai dura.<\/p>\n\n\n\n<p>Planul Integrat de Calitate al Aerului, elaborat de fosta administra\u021bie \u0219i atacat \u00een instan\u021b\u0103 de societata civil\u0103<a href=\"https:\/\/buletin.de\/bucuresti\/tribunalul-bucuresti-a-anulat-planul-integrat-de-calitate-a-aerului-al-gabrielei-firea\/\">, a fost declarat nul la jum\u0103tatea lunii noiembrie din cauz\u0103 c\u0103 nu a fost fundamentat pe cifre corecte iar m\u0103surile propuse nu ar fi fost cele necesare.<\/a><\/p>\n\n\n\n<p>Acum, Prim\u0103ria General\u0103, care are alt\u0103 conducere, trebuie s\u0103 g\u00e2ndeasc\u0103 \u0219i s\u0103 implementeze o nou\u0103 strategie de lupt\u0103 \u00eempotriva polu\u0103rii.<\/p>\n\n\n\n<figure class=\"wp-block-image size-large\"><img loading=\"lazy\" decoding=\"async\" width=\"900\" height=\"601\" src=\"data:image\/gif;base64,R0lGODlhAQABAAAAACH5BAEKAAEALAAAAAABAAEAAAICTAEAOw==\" data-src=\"https:\/\/buletin.de\/bucuresti\/wp-content\/uploads\/125229875_206855304147537_5929621274406660374_o-900x601.jpg\" alt=\"\" class=\"wp-image-15174 lazyload\" data-sizes=\"auto\" data-srcset=\"https:\/\/buletin.de\/bucuresti\/wp-content\/uploads\/125229875_206855304147537_5929621274406660374_o-900x601.jpg 900w, https:\/\/buletin.de\/bucuresti\/wp-content\/uploads\/125229875_206855304147537_5929621274406660374_o-300x200.jpg 300w, https:\/\/buletin.de\/bucuresti\/wp-content\/uploads\/125229875_206855304147537_5929621274406660374_o-768x513.jpg 768w, https:\/\/buletin.de\/bucuresti\/wp-content\/uploads\/125229875_206855304147537_5929621274406660374_o-1536x1027.jpg 1536w, https:\/\/buletin.de\/bucuresti\/wp-content\/uploads\/125229875_206855304147537_5929621274406660374_o-1060x708.jpg 1060w, https:\/\/buletin.de\/bucuresti\/wp-content\/uploads\/125229875_206855304147537_5929621274406660374_o-550x368.jpg 550w, https:\/\/buletin.de\/bucuresti\/wp-content\/uploads\/125229875_206855304147537_5929621274406660374_o-748x500.jpg 748w, https:\/\/buletin.de\/bucuresti\/wp-content\/uploads\/125229875_206855304147537_5929621274406660374_o-600x401.jpg 600w, https:\/\/buletin.de\/bucuresti\/wp-content\/uploads\/125229875_206855304147537_5929621274406660374_o.jpg 1616w\" sizes=\"(max-width: 900px) 100vw, 900px\" \/><figcaption class=\"wp-element-caption\">Noul primar general al Capitalei, Nicu\u0219or Dan,  al\u0103turi de noul ministrul al Mediului Mircea Fechet. (sursa: aerlive.ro)<\/figcaption><\/figure>\n\n\n\n<p>Paradoxal, pare a fi o lupt\u0103 contracronometru cu m\u0103surile de protec\u021bie \u00eempotriva pandemiei de COVID-19 impuse de Guvern, care au limitat activit\u0103\u021bile comerciale \u0219i traficul din Capital\u0103, \u0219i care vor urma s\u0103 fie ridicate, potrivit previziunilor, pe durata lui 2021.<\/p>\n\n\n\n<p>La toate acestea se adaug\u0103 \u0219i capriciile vremii. Dac\u0103 nu bate v\u00e2ntul, senzorii de aer independen\u021bi au demonstrat deja c\u0103 Bucure\u0219tiul are capacitatea, cel pu\u021bin \u00een sezonul rece, s\u0103 se asfixieze \u00een doar c\u00e2teva ore.<\/p>\n\n\n\n<p>FOTO: Inquam Photos\/Octav Ganea<\/p>\n","protected":false},"excerpt":{"rendered":"<p>\u00cen 2019, datele unei re\u021bele private de senzori de monitorizare a calit\u0103\u021bii aerului, proasp\u0103t inaugurat\u0103 de Funda\u021bia Ecopolis la \u00eenceputul lunii decembrie, ar\u0103tau c\u0103 normele de poluare sunt dep\u0103\u0219ite de p\u00e2n\u0103 la cinci ori. Cu excep\u021bia a c\u00e2torva reportaje tv \u0219i articole r\u0103zle\u021be ap\u0103rute la scurt timp dup\u0103 comunicatul de pres\u0103, subiectul a fost abandonat [&hellip;]<\/p>\n","protected":false},"author":10,"featured_media":16666,"comment_status":"closed","ping_status":"open","sticky":false,"template":"","format":"standard","meta":{"_acf_changed":false,"inline_featured_image":false,"ngg_post_thumbnail":0,"footnotes":""},"categories":[6213,109],"tags":[],"ppma_author":[22575],"class_list":["post-16658","post","type-post","status-publish","format-standard","has-post-thumbnail","hentry","category-investigatii","category-mediu"],"acf":[],"yoast_head":"<!-- This site is optimized with the Yoast SEO Premium plugin v25.3 (Yoast SEO v27.4) - https:\/\/yoast.com\/product\/yoast-seo-premium-wordpress\/ -->\n<title>Pandemia polu\u0103rii din Capital\u0103 \u0219i cursa contracronometru pentru salvarea pl\u0103m\u00e2nilor bucure\u0219tenilor - Buletin de Bucure\u0219ti<\/title>\n<meta name=\"robots\" content=\"index, follow, max-snippet:-1, max-image-preview:large, max-video-preview:-1\" \/>\n<link rel=\"canonical\" href=\"https:\/\/buletin.de\/bucuresti\/pandemia-poluarii-din-capitala-si-cursa-contracronometru-pentru-salvarea-plamanilor-bucurestenilor\/\" \/>\n<meta property=\"og:locale\" content=\"en_GB\" \/>\n<meta property=\"og:type\" content=\"article\" \/>\n<meta property=\"og:title\" content=\"Pandemia polu\u0103rii din Capital\u0103 \u0219i cursa contracronometru pentru salvarea pl\u0103m\u00e2nilor bucure\u0219tenilor\" \/>\n<meta property=\"og:description\" content=\"\u00cen 2019, datele unei re\u021bele private de senzori de monitorizare a calit\u0103\u021bii aerului, proasp\u0103t inaugurat\u0103 de Funda\u021bia Ecopolis la \u00eenceputul lunii decembrie, ar\u0103tau c\u0103 normele de poluare sunt dep\u0103\u0219ite de p\u00e2n\u0103 la cinci ori. Cu excep\u021bia a c\u00e2torva reportaje tv \u0219i articole r\u0103zle\u021be ap\u0103rute la scurt timp dup\u0103 comunicatul de pres\u0103, subiectul a fost abandonat [&hellip;]\" \/>\n<meta property=\"og:url\" content=\"https:\/\/buletin.de\/bucuresti\/pandemia-poluarii-din-capitala-si-cursa-contracronometru-pentru-salvarea-plamanilor-bucurestenilor\/\" \/>\n<meta property=\"og:site_name\" content=\"Buletin de Bucure\u0219ti\" \/>\n<meta property=\"article:publisher\" content=\"https:\/\/www.facebook.com\/buletin.de.buc\" \/>\n<meta property=\"article:published_time\" content=\"2020-12-11T17:30:55+00:00\" \/>\n<meta property=\"article:modified_time\" content=\"2023-09-19T13:36:24+00:00\" \/>\n<meta property=\"og:image\" content=\"https:\/\/buletin.de\/bucuresti\/wp-content\/uploads\/ID131940_INQUAM_Photos_Octav_Ganea-scaled.jpg\" \/>\n\t<meta property=\"og:image:width\" content=\"2560\" \/>\n\t<meta property=\"og:image:height\" content=\"1707\" \/>\n\t<meta property=\"og:image:type\" content=\"image\/jpeg\" \/>\n<meta name=\"author\" content=\"C\u0103t\u0103lin Dosca\u0219\" \/>\n<meta name=\"twitter:card\" content=\"summary_large_image\" \/>\n<meta name=\"twitter:label1\" content=\"Written by\" \/>\n\t<meta name=\"twitter:data1\" content=\"C\u0103t\u0103lin Dosca\u0219\" \/>\n\t<meta name=\"twitter:label2\" content=\"Estimated reading time\" \/>\n\t<meta name=\"twitter:data2\" content=\"5 minutes\" \/>\n<script type=\"application\/ld+json\" class=\"yoast-schema-graph\">{\"@context\":\"https:\\\/\\\/schema.org\",\"@graph\":[{\"@type\":\"Article\",\"@id\":\"https:\\\/\\\/buletin.de\\\/bucuresti\\\/pandemia-poluarii-din-capitala-si-cursa-contracronometru-pentru-salvarea-plamanilor-bucurestenilor\\\/#article\",\"isPartOf\":{\"@id\":\"https:\\\/\\\/buletin.de\\\/bucuresti\\\/pandemia-poluarii-din-capitala-si-cursa-contracronometru-pentru-salvarea-plamanilor-bucurestenilor\\\/\"},\"author\":{\"name\":\"C\u0103t\u0103lin Dosca\u0219\",\"@id\":\"https:\\\/\\\/buletin.de\\\/bucuresti\\\/#\\\/schema\\\/person\\\/31117187ed4d0bdb0a4c7d6acc79d0f8\"},\"headline\":\"Pandemia polu\u0103rii din Capital\u0103 \u0219i cursa contracronometru pentru salvarea pl\u0103m\u00e2nilor bucure\u0219tenilor\",\"datePublished\":\"2020-12-11T17:30:55+00:00\",\"dateModified\":\"2023-09-19T13:36:24+00:00\",\"mainEntityOfPage\":{\"@id\":\"https:\\\/\\\/buletin.de\\\/bucuresti\\\/pandemia-poluarii-din-capitala-si-cursa-contracronometru-pentru-salvarea-plamanilor-bucurestenilor\\\/\"},\"wordCount\":976,\"publisher\":{\"@id\":\"https:\\\/\\\/buletin.de\\\/bucuresti\\\/#organization\"},\"image\":{\"@id\":\"https:\\\/\\\/buletin.de\\\/bucuresti\\\/pandemia-poluarii-din-capitala-si-cursa-contracronometru-pentru-salvarea-plamanilor-bucurestenilor\\\/#primaryimage\"},\"thumbnailUrl\":\"https:\\\/\\\/buletin.de\\\/bucuresti\\\/wp-content\\\/uploads\\\/ID131940_INQUAM_Photos_Octav_Ganea-scaled.jpg\",\"articleSection\":[\"Investiga\u021bii\",\"Mediu\"],\"inLanguage\":\"en-GB\",\"copyrightYear\":\"2020\",\"copyrightHolder\":{\"@id\":\"https:\\\/\\\/buletin.de\\\/bucuresti\\\/#organization\"}},{\"@type\":\"WebPage\",\"@id\":\"https:\\\/\\\/buletin.de\\\/bucuresti\\\/pandemia-poluarii-din-capitala-si-cursa-contracronometru-pentru-salvarea-plamanilor-bucurestenilor\\\/\",\"url\":\"https:\\\/\\\/buletin.de\\\/bucuresti\\\/pandemia-poluarii-din-capitala-si-cursa-contracronometru-pentru-salvarea-plamanilor-bucurestenilor\\\/\",\"name\":\"Pandemia polu\u0103rii din Capital\u0103 \u0219i cursa contracronometru pentru salvarea pl\u0103m\u00e2nilor bucure\u0219tenilor - Buletin de Bucure\u0219ti\",\"isPartOf\":{\"@id\":\"https:\\\/\\\/buletin.de\\\/bucuresti\\\/#website\"},\"primaryImageOfPage\":{\"@id\":\"https:\\\/\\\/buletin.de\\\/bucuresti\\\/pandemia-poluarii-din-capitala-si-cursa-contracronometru-pentru-salvarea-plamanilor-bucurestenilor\\\/#primaryimage\"},\"image\":{\"@id\":\"https:\\\/\\\/buletin.de\\\/bucuresti\\\/pandemia-poluarii-din-capitala-si-cursa-contracronometru-pentru-salvarea-plamanilor-bucurestenilor\\\/#primaryimage\"},\"thumbnailUrl\":\"https:\\\/\\\/buletin.de\\\/bucuresti\\\/wp-content\\\/uploads\\\/ID131940_INQUAM_Photos_Octav_Ganea-scaled.jpg\",\"datePublished\":\"2020-12-11T17:30:55+00:00\",\"dateModified\":\"2023-09-19T13:36:24+00:00\",\"breadcrumb\":{\"@id\":\"https:\\\/\\\/buletin.de\\\/bucuresti\\\/pandemia-poluarii-din-capitala-si-cursa-contracronometru-pentru-salvarea-plamanilor-bucurestenilor\\\/#breadcrumb\"},\"inLanguage\":\"en-GB\",\"potentialAction\":[{\"@type\":\"ReadAction\",\"target\":[\"https:\\\/\\\/buletin.de\\\/bucuresti\\\/pandemia-poluarii-din-capitala-si-cursa-contracronometru-pentru-salvarea-plamanilor-bucurestenilor\\\/\"]}]},{\"@type\":\"ImageObject\",\"inLanguage\":\"en-GB\",\"@id\":\"https:\\\/\\\/buletin.de\\\/bucuresti\\\/pandemia-poluarii-din-capitala-si-cursa-contracronometru-pentru-salvarea-plamanilor-bucurestenilor\\\/#primaryimage\",\"url\":\"https:\\\/\\\/buletin.de\\\/bucuresti\\\/wp-content\\\/uploads\\\/ID131940_INQUAM_Photos_Octav_Ganea-scaled.jpg\",\"contentUrl\":\"https:\\\/\\\/buletin.de\\\/bucuresti\\\/wp-content\\\/uploads\\\/ID131940_INQUAM_Photos_Octav_Ganea-scaled.jpg\",\"width\":2560,\"height\":1707},{\"@type\":\"BreadcrumbList\",\"@id\":\"https:\\\/\\\/buletin.de\\\/bucuresti\\\/pandemia-poluarii-din-capitala-si-cursa-contracronometru-pentru-salvarea-plamanilor-bucurestenilor\\\/#breadcrumb\",\"itemListElement\":[{\"@type\":\"ListItem\",\"position\":1,\"name\":\"Acas\u0103\",\"item\":\"https:\\\/\\\/buletin.de\\\/bucuresti\\\/\"},{\"@type\":\"ListItem\",\"position\":2,\"name\":\"Pandemia polu\u0103rii din Capital\u0103 \u0219i cursa contracronometru pentru salvarea pl\u0103m\u00e2nilor bucure\u0219tenilor\"}]},{\"@type\":\"WebSite\",\"@id\":\"https:\\\/\\\/buletin.de\\\/bucuresti\\\/#website\",\"url\":\"https:\\\/\\\/buletin.de\\\/bucuresti\\\/\",\"name\":\"Buletin de Bucure\u0219ti\",\"description\":\"\u0218tiri \u0219i investiga\u021bii esen\u021biale din capital\u0103\",\"publisher\":{\"@id\":\"https:\\\/\\\/buletin.de\\\/bucuresti\\\/#organization\"},\"potentialAction\":[{\"@type\":\"SearchAction\",\"target\":{\"@type\":\"EntryPoint\",\"urlTemplate\":\"https:\\\/\\\/buletin.de\\\/bucuresti\\\/?s={search_term_string}\"},\"query-input\":{\"@type\":\"PropertyValueSpecification\",\"valueRequired\":true,\"valueName\":\"search_term_string\"}}],\"inLanguage\":\"en-GB\"},{\"@type\":\"Organization\",\"@id\":\"https:\\\/\\\/buletin.de\\\/bucuresti\\\/#organization\",\"name\":\"Buletin de Bucure\u0219ti\",\"url\":\"https:\\\/\\\/buletin.de\\\/bucuresti\\\/\",\"logo\":{\"@type\":\"ImageObject\",\"inLanguage\":\"en-GB\",\"@id\":\"https:\\\/\\\/buletin.de\\\/bucuresti\\\/#\\\/schema\\\/logo\\\/image\\\/\",\"url\":\"https:\\\/\\\/buletin.de\\\/bucuresti\\\/wp-content\\\/uploads\\\/logo-bdb-full-wide-vernil-transparent.png\",\"contentUrl\":\"https:\\\/\\\/buletin.de\\\/bucuresti\\\/wp-content\\\/uploads\\\/logo-bdb-full-wide-vernil-transparent.png\",\"width\":1782,\"height\":626,\"caption\":\"Buletin de Bucure\u0219ti\"},\"image\":{\"@id\":\"https:\\\/\\\/buletin.de\\\/bucuresti\\\/#\\\/schema\\\/logo\\\/image\\\/\"},\"sameAs\":[\"https:\\\/\\\/www.facebook.com\\\/buletin.de.buc\",\"https:\\\/\\\/www.instagram.com\\\/buletinde.bucuresti\\\/\"]},{\"@type\":\"Person\",\"@id\":\"https:\\\/\\\/buletin.de\\\/bucuresti\\\/#\\\/schema\\\/person\\\/31117187ed4d0bdb0a4c7d6acc79d0f8\",\"name\":\"C\u0103t\u0103lin Dosca\u0219\",\"image\":{\"@type\":\"ImageObject\",\"inLanguage\":\"en-GB\",\"@id\":\"https:\\\/\\\/buletin.de\\\/bucuresti\\\/wp-content\\\/uploads\\\/Catalin-Doscas-e1732731064764-96x96.jpga93e2943bb3b1c1f9ead823df6e6317a\",\"url\":\"https:\\\/\\\/buletin.de\\\/bucuresti\\\/wp-content\\\/uploads\\\/Catalin-Doscas-e1732731064764-96x96.jpg\",\"contentUrl\":\"https:\\\/\\\/buletin.de\\\/bucuresti\\\/wp-content\\\/uploads\\\/Catalin-Doscas-e1732731064764-96x96.jpg\",\"caption\":\"C\u0103t\u0103lin Dosca\u0219\"},\"description\":\"Reporter \u0219i redactor-\u0219ef Buletin de Bucure\u0219ti. Lucreaz\u0103 \u00een mass-media de la v\u00e2rsta de 15 ani, c\u00e2nd a publicat primele articole \u00een presa local\u0103 din Tecuci. \u00cen Bucure\u0219ti a lucrat \u00een redac\u021bii radio ca reporter, redactor \u0219i prezentator (StudentFM, Na\u021bionalFM, Radio Total, Smart FM), unde a acoperit domeniile politic, economic, social \u0219i externe. Ulterior, a fost editor-coordonator al postului Realitatea FM. Experien\u021ba \u00een jurnalismul online a dob\u00e2ndit-o la portalul B365.ro, unde a fost editor. \u00cen 2012 s-a angajat \u00een televiziune. La Realitatea TV a fost, pe r\u00e2nd, reporter la sec\u021bia Social, reporter special la emisiunea de reportaje \u0219i anchete \u201eReporterii Realit\u0103\u021bii\u201d, dar \u0219i editor al jurnalelor de \u0219tiri. Ulterior, a f\u0103cut parte din sec\u021bia de Investiga\u021bii de la Digi24 \u0219i a lucrat la campania \u201eRom\u00e2nia furat\u0103\u201d. A revenit \u00een presa scris\u0103 \u00een 2017, ca reporter special, \u00een cadrul unui proiect de repozi\u021bionare a tabloidului Libertatea \u00een cotidian generalist. Este jurnalist Buletin de Bucure\u0219ti din 2019.\",\"url\":\"https:\\\/\\\/buletin.de\\\/bucuresti\\\/author\\\/catalin\\\/\"}]}<\/script>\n<!-- \/ Yoast SEO Premium plugin. -->","yoast_head_json":{"title":"Pandemia polu\u0103rii din Capital\u0103 \u0219i cursa contracronometru pentru salvarea pl\u0103m\u00e2nilor bucure\u0219tenilor - Buletin de Bucure\u0219ti","robots":{"index":"index","follow":"follow","max-snippet":"max-snippet:-1","max-image-preview":"max-image-preview:large","max-video-preview":"max-video-preview:-1"},"canonical":"https:\/\/buletin.de\/bucuresti\/pandemia-poluarii-din-capitala-si-cursa-contracronometru-pentru-salvarea-plamanilor-bucurestenilor\/","og_locale":"en_GB","og_type":"article","og_title":"Pandemia polu\u0103rii din Capital\u0103 \u0219i cursa contracronometru pentru salvarea pl\u0103m\u00e2nilor bucure\u0219tenilor","og_description":"\u00cen 2019, datele unei re\u021bele private de senzori de monitorizare a calit\u0103\u021bii aerului, proasp\u0103t inaugurat\u0103 de Funda\u021bia Ecopolis la \u00eenceputul lunii decembrie, ar\u0103tau c\u0103 normele de poluare sunt dep\u0103\u0219ite de p\u00e2n\u0103 la cinci ori. Cu excep\u021bia a c\u00e2torva reportaje tv \u0219i articole r\u0103zle\u021be ap\u0103rute la scurt timp dup\u0103 comunicatul de pres\u0103, subiectul a fost abandonat [&hellip;]","og_url":"https:\/\/buletin.de\/bucuresti\/pandemia-poluarii-din-capitala-si-cursa-contracronometru-pentru-salvarea-plamanilor-bucurestenilor\/","og_site_name":"Buletin de Bucure\u0219ti","article_publisher":"https:\/\/www.facebook.com\/buletin.de.buc","article_published_time":"2020-12-11T17:30:55+00:00","article_modified_time":"2023-09-19T13:36:24+00:00","og_image":[{"width":2560,"height":1707,"url":"https:\/\/buletin.de\/bucuresti\/wp-content\/uploads\/ID131940_INQUAM_Photos_Octav_Ganea-scaled.jpg","type":"image\/jpeg"}],"author":"C\u0103t\u0103lin Dosca\u0219","twitter_card":"summary_large_image","twitter_misc":{"Written by":"C\u0103t\u0103lin Dosca\u0219","Estimated reading time":"5 minutes"},"schema":{"@context":"https:\/\/schema.org","@graph":[{"@type":"Article","@id":"https:\/\/buletin.de\/bucuresti\/pandemia-poluarii-din-capitala-si-cursa-contracronometru-pentru-salvarea-plamanilor-bucurestenilor\/#article","isPartOf":{"@id":"https:\/\/buletin.de\/bucuresti\/pandemia-poluarii-din-capitala-si-cursa-contracronometru-pentru-salvarea-plamanilor-bucurestenilor\/"},"author":{"name":"C\u0103t\u0103lin Dosca\u0219","@id":"https:\/\/buletin.de\/bucuresti\/#\/schema\/person\/31117187ed4d0bdb0a4c7d6acc79d0f8"},"headline":"Pandemia polu\u0103rii din Capital\u0103 \u0219i cursa contracronometru pentru salvarea pl\u0103m\u00e2nilor bucure\u0219tenilor","datePublished":"2020-12-11T17:30:55+00:00","dateModified":"2023-09-19T13:36:24+00:00","mainEntityOfPage":{"@id":"https:\/\/buletin.de\/bucuresti\/pandemia-poluarii-din-capitala-si-cursa-contracronometru-pentru-salvarea-plamanilor-bucurestenilor\/"},"wordCount":976,"publisher":{"@id":"https:\/\/buletin.de\/bucuresti\/#organization"},"image":{"@id":"https:\/\/buletin.de\/bucuresti\/pandemia-poluarii-din-capitala-si-cursa-contracronometru-pentru-salvarea-plamanilor-bucurestenilor\/#primaryimage"},"thumbnailUrl":"https:\/\/buletin.de\/bucuresti\/wp-content\/uploads\/ID131940_INQUAM_Photos_Octav_Ganea-scaled.jpg","articleSection":["Investiga\u021bii","Mediu"],"inLanguage":"en-GB","copyrightYear":"2020","copyrightHolder":{"@id":"https:\/\/buletin.de\/bucuresti\/#organization"}},{"@type":"WebPage","@id":"https:\/\/buletin.de\/bucuresti\/pandemia-poluarii-din-capitala-si-cursa-contracronometru-pentru-salvarea-plamanilor-bucurestenilor\/","url":"https:\/\/buletin.de\/bucuresti\/pandemia-poluarii-din-capitala-si-cursa-contracronometru-pentru-salvarea-plamanilor-bucurestenilor\/","name":"Pandemia polu\u0103rii din Capital\u0103 \u0219i cursa contracronometru pentru salvarea pl\u0103m\u00e2nilor bucure\u0219tenilor - Buletin de Bucure\u0219ti","isPartOf":{"@id":"https:\/\/buletin.de\/bucuresti\/#website"},"primaryImageOfPage":{"@id":"https:\/\/buletin.de\/bucuresti\/pandemia-poluarii-din-capitala-si-cursa-contracronometru-pentru-salvarea-plamanilor-bucurestenilor\/#primaryimage"},"image":{"@id":"https:\/\/buletin.de\/bucuresti\/pandemia-poluarii-din-capitala-si-cursa-contracronometru-pentru-salvarea-plamanilor-bucurestenilor\/#primaryimage"},"thumbnailUrl":"https:\/\/buletin.de\/bucuresti\/wp-content\/uploads\/ID131940_INQUAM_Photos_Octav_Ganea-scaled.jpg","datePublished":"2020-12-11T17:30:55+00:00","dateModified":"2023-09-19T13:36:24+00:00","breadcrumb":{"@id":"https:\/\/buletin.de\/bucuresti\/pandemia-poluarii-din-capitala-si-cursa-contracronometru-pentru-salvarea-plamanilor-bucurestenilor\/#breadcrumb"},"inLanguage":"en-GB","potentialAction":[{"@type":"ReadAction","target":["https:\/\/buletin.de\/bucuresti\/pandemia-poluarii-din-capitala-si-cursa-contracronometru-pentru-salvarea-plamanilor-bucurestenilor\/"]}]},{"@type":"ImageObject","inLanguage":"en-GB","@id":"https:\/\/buletin.de\/bucuresti\/pandemia-poluarii-din-capitala-si-cursa-contracronometru-pentru-salvarea-plamanilor-bucurestenilor\/#primaryimage","url":"https:\/\/buletin.de\/bucuresti\/wp-content\/uploads\/ID131940_INQUAM_Photos_Octav_Ganea-scaled.jpg","contentUrl":"https:\/\/buletin.de\/bucuresti\/wp-content\/uploads\/ID131940_INQUAM_Photos_Octav_Ganea-scaled.jpg","width":2560,"height":1707},{"@type":"BreadcrumbList","@id":"https:\/\/buletin.de\/bucuresti\/pandemia-poluarii-din-capitala-si-cursa-contracronometru-pentru-salvarea-plamanilor-bucurestenilor\/#breadcrumb","itemListElement":[{"@type":"ListItem","position":1,"name":"Acas\u0103","item":"https:\/\/buletin.de\/bucuresti\/"},{"@type":"ListItem","position":2,"name":"Pandemia polu\u0103rii din Capital\u0103 \u0219i cursa contracronometru pentru salvarea pl\u0103m\u00e2nilor bucure\u0219tenilor"}]},{"@type":"WebSite","@id":"https:\/\/buletin.de\/bucuresti\/#website","url":"https:\/\/buletin.de\/bucuresti\/","name":"Buletin de Bucure\u0219ti","description":"\u0218tiri \u0219i investiga\u021bii esen\u021biale din capital\u0103","publisher":{"@id":"https:\/\/buletin.de\/bucuresti\/#organization"},"potentialAction":[{"@type":"SearchAction","target":{"@type":"EntryPoint","urlTemplate":"https:\/\/buletin.de\/bucuresti\/?s={search_term_string}"},"query-input":{"@type":"PropertyValueSpecification","valueRequired":true,"valueName":"search_term_string"}}],"inLanguage":"en-GB"},{"@type":"Organization","@id":"https:\/\/buletin.de\/bucuresti\/#organization","name":"Buletin de Bucure\u0219ti","url":"https:\/\/buletin.de\/bucuresti\/","logo":{"@type":"ImageObject","inLanguage":"en-GB","@id":"https:\/\/buletin.de\/bucuresti\/#\/schema\/logo\/image\/","url":"https:\/\/buletin.de\/bucuresti\/wp-content\/uploads\/logo-bdb-full-wide-vernil-transparent.png","contentUrl":"https:\/\/buletin.de\/bucuresti\/wp-content\/uploads\/logo-bdb-full-wide-vernil-transparent.png","width":1782,"height":626,"caption":"Buletin de Bucure\u0219ti"},"image":{"@id":"https:\/\/buletin.de\/bucuresti\/#\/schema\/logo\/image\/"},"sameAs":["https:\/\/www.facebook.com\/buletin.de.buc","https:\/\/www.instagram.com\/buletinde.bucuresti\/"]},{"@type":"Person","@id":"https:\/\/buletin.de\/bucuresti\/#\/schema\/person\/31117187ed4d0bdb0a4c7d6acc79d0f8","name":"C\u0103t\u0103lin Dosca\u0219","image":{"@type":"ImageObject","inLanguage":"en-GB","@id":"https:\/\/buletin.de\/bucuresti\/wp-content\/uploads\/Catalin-Doscas-e1732731064764-96x96.jpga93e2943bb3b1c1f9ead823df6e6317a","url":"https:\/\/buletin.de\/bucuresti\/wp-content\/uploads\/Catalin-Doscas-e1732731064764-96x96.jpg","contentUrl":"https:\/\/buletin.de\/bucuresti\/wp-content\/uploads\/Catalin-Doscas-e1732731064764-96x96.jpg","caption":"C\u0103t\u0103lin Dosca\u0219"},"description":"Reporter \u0219i redactor-\u0219ef Buletin de Bucure\u0219ti. Lucreaz\u0103 \u00een mass-media de la v\u00e2rsta de 15 ani, c\u00e2nd a publicat primele articole \u00een presa local\u0103 din Tecuci. \u00cen Bucure\u0219ti a lucrat \u00een redac\u021bii radio ca reporter, redactor \u0219i prezentator (StudentFM, Na\u021bionalFM, Radio Total, Smart FM), unde a acoperit domeniile politic, economic, social \u0219i externe. Ulterior, a fost editor-coordonator al postului Realitatea FM. Experien\u021ba \u00een jurnalismul online a dob\u00e2ndit-o la portalul B365.ro, unde a fost editor. \u00cen 2012 s-a angajat \u00een televiziune. La Realitatea TV a fost, pe r\u00e2nd, reporter la sec\u021bia Social, reporter special la emisiunea de reportaje \u0219i anchete \u201eReporterii Realit\u0103\u021bii\u201d, dar \u0219i editor al jurnalelor de \u0219tiri. Ulterior, a f\u0103cut parte din sec\u021bia de Investiga\u021bii de la Digi24 \u0219i a lucrat la campania \u201eRom\u00e2nia furat\u0103\u201d. A revenit \u00een presa scris\u0103 \u00een 2017, ca reporter special, \u00een cadrul unui proiect de repozi\u021bionare a tabloidului Libertatea \u00een cotidian generalist. Este jurnalist Buletin de Bucure\u0219ti din 2019.","url":"https:\/\/buletin.de\/bucuresti\/author\/catalin\/"}]}},"authors":[{"term_id":22575,"user_id":10,"is_guest":0,"slug":"catalin","display_name":"C\u0103t\u0103lin Dosca\u0219","avatar_url":"https:\/\/buletin.de\/bucuresti\/wp-content\/uploads\/Catalin-Doscas-e1732731064764-96x96.jpg","0":null,"1":"","2":"","3":"","4":"","5":"","6":"","7":"","8":""}],"_links":{"self":[{"href":"https:\/\/buletin.de\/bucuresti\/wp-json\/wp\/v2\/posts\/16658","targetHints":{"allow":["GET"]}}],"collection":[{"href":"https:\/\/buletin.de\/bucuresti\/wp-json\/wp\/v2\/posts"}],"about":[{"href":"https:\/\/buletin.de\/bucuresti\/wp-json\/wp\/v2\/types\/post"}],"author":[{"embeddable":true,"href":"https:\/\/buletin.de\/bucuresti\/wp-json\/wp\/v2\/users\/10"}],"replies":[{"embeddable":true,"href":"https:\/\/buletin.de\/bucuresti\/wp-json\/wp\/v2\/comments?post=16658"}],"version-history":[{"count":7,"href":"https:\/\/buletin.de\/bucuresti\/wp-json\/wp\/v2\/posts\/16658\/revisions"}],"predecessor-version":[{"id":62749,"href":"https:\/\/buletin.de\/bucuresti\/wp-json\/wp\/v2\/posts\/16658\/revisions\/62749"}],"wp:featuredmedia":[{"embeddable":true,"href":"https:\/\/buletin.de\/bucuresti\/wp-json\/wp\/v2\/media\/16666"}],"wp:attachment":[{"href":"https:\/\/buletin.de\/bucuresti\/wp-json\/wp\/v2\/media?parent=16658"}],"wp:term":[{"taxonomy":"category","embeddable":true,"href":"https:\/\/buletin.de\/bucuresti\/wp-json\/wp\/v2\/categories?post=16658"},{"taxonomy":"post_tag","embeddable":true,"href":"https:\/\/buletin.de\/bucuresti\/wp-json\/wp\/v2\/tags?post=16658"},{"taxonomy":"author","embeddable":true,"href":"https:\/\/buletin.de\/bucuresti\/wp-json\/wp\/v2\/ppma_author?post=16658"}],"curies":[{"name":"wp","href":"https:\/\/api.w.org\/{rel}","templated":true}]}}