{"id":162928,"date":"2025-12-18T06:00:00","date_gmt":"2025-12-18T03:00:00","guid":{"rendered":"https:\/\/buletin.de\/bucuresti\/?p=162928"},"modified":"2025-12-18T13:07:39","modified_gmt":"2025-12-18T10:07:39","slug":"vreme-inchisa-si-ceata-in-weekend-la-bucuresti","status":"publish","type":"post","link":"https:\/\/buletin.de\/bucuresti\/vreme-inchisa-si-ceata-in-weekend-la-bucuresti\/","title":{"rendered":"METEO | Vreme \u00eenchis\u0103 \u0219i cea\u021b\u0103, \u00een weekend. Sunt posibile ploi, \u00eenainte de s\u0103rb\u0103tori"},"content":{"rendered":"\n<p><strong>Vreme \u00eenchis\u0103 \u0219i cea\u021b\u0103, \u00een weekend, la Bucure\u0219ti. Meteorologii anun\u021b\u0103 maxime termice de p\u00e2n\u0103 la 8 grade, cea\u021b\u0103 \u0219i v\u00e2nt moderat.<\/strong><\/p>\n\n\n\n<p><strong>Joi, 18 decembrie,<\/strong> cerul va fi variabil, cu cea\u021b\u0103, dar \u0219i cu burni\u021b\u0103, \u00een prima parte a zilei \u0219i \u00een a doua parte a nop\u021bii. V\u00e2ntul va sufla slab p\u00e2n\u0103 la moderat. Temperatura maxim\u0103 se va situa \u00een jurul valorii de 8 grade, iar cea minim\u0103 va fi de -2\u20260 grade.<\/p>\n\n\n\n<p><strong>Vineri, 19 decembrie,<\/strong> vreme \u00eenchis\u0103, cerul va fi temporar noros \u0219i mai ales diminea\u021ba \u0219i noaptea va fi cea\u021b\u0103. V\u00e2ntul va sufla \u00een general slab.Temperatura maxim\u0103 va fi de 9\u202610 grade, iar cea minim\u0103 de -1\u20261 grad.<\/p>\n\n\n\n<p><strong>S\u00e2mb\u0103t\u0103, 20 decembrie<\/strong>, nori \u0219i condi\u021bii de burni\u021b\u0103, iar \u00een primele ore \u0219i noaptea se va semnala cea\u021b\u0103. V\u00e2ntul<br>va sufla slab. Temperatura maxim\u0103 va fi de 4\u20265 grade, iar cea minim\u0103 de 1\u20262 grade.<\/p>\n\n\n\n<p><strong>Duminic\u0103, 21 decembrie, <\/strong>cerul va fi mai mult noros, trec\u0103tor vor fi posibile ploi slabe sau burni\u021b\u0103, iar v\u00e2ntul va sufla slab p\u00e2n\u0103 la moderat. Temperatura aerului va avea valori peste cele normale \u00een ultima decad\u0103 a lunii decembrie, cu maxima de 5\u20267 grade \u0219i minima de 2\u20263 grade. La \u00eenceputul zilei va mai fi cea\u021b\u0103.<\/p>\n\n\n\n<p>\u00cen perioada 22 &#8211; 25 decembrie 2025, vreme \u00eenchis\u0103, dar valorile de temperatur\u0103 vor fi apropiate sau u\u0219or peste cele climatologic specifice perioadei, iar precipita\u021bii vor fi posibile, spre finalul perioadei, potrivit <a href=\"https:\/\/www.meteoromania.ro\/\">ANM.<\/a><\/p>\n\n\n\n<p><strong>\u00a0CITE\u0218TE \u0218I:<\/strong> <a href=\"https:\/\/buletin.de\/bucuresti\/programul-targului-de-craciun-bucuresti-din-piata-constitutiei-pentru-weekendul-19-21-decembrie\/\"><strong>Programul T\u00e2rgului de Cr\u0103ciun Bucure\u0219ti, din Pia\u021ba Constitu\u021biei, pentru weekendul 19 \u2013 21 decembrie<\/strong><\/a><\/p>\n\n\n\n<p><\/p>\n","protected":false},"excerpt":{"rendered":"<p>Vreme \u00eenchis\u0103 \u0219i cea\u021b\u0103, \u00een weekend, la Bucure\u0219ti. Meteorologii anun\u021b\u0103 maxime termice de p\u00e2n\u0103 la 8 grade, cea\u021b\u0103 \u0219i v\u00e2nt moderat. Joi, 18 decembrie, cerul va fi variabil, cu cea\u021b\u0103, dar \u0219i cu burni\u021b\u0103, \u00een prima parte a zilei \u0219i \u00een a doua parte a nop\u021bii. V\u00e2ntul va sufla slab p\u00e2n\u0103 la moderat. Temperatura maxim\u0103 [&hellip;]<\/p>\n","protected":false},"author":49,"featured_media":161208,"comment_status":"closed","ping_status":"open","sticky":false,"template":"","format":"standard","meta":{"_acf_changed":false,"inline_featured_image":false,"ngg_post_thumbnail":0,"footnotes":""},"categories":[6994,1,62],"tags":[],"ppma_author":[22574],"class_list":["post-162928","post","type-post","status-publish","format-standard","has-post-thumbnail","hentry","category-stiri-2","category-diverse","category-stiri"],"acf":[],"yoast_head":"<!-- This site is optimized with the Yoast SEO Premium plugin v25.3 (Yoast SEO v27.5) - https:\/\/yoast.com\/product\/yoast-seo-premium-wordpress\/ -->\n<title>METEO | Vreme \u00eenchis\u0103 \u0219i cea\u021b\u0103, \u00een weekend. Sunt posibile ploi, \u00eenainte de s\u0103rb\u0103tori - Buletin de Bucure\u0219ti<\/title>\n<meta name=\"description\" content=\"Vreme \u00eenchis\u0103 \u0219i cea\u021b\u0103, \u00een weekend, la Bucure\u0219ti. Meteorologii anun\u021b\u0103 maxime termice de p\u00e2n\u0103 la 8 grade, cea\u021b\u0103 \u0219i v\u00e2nt moderat.\" \/>\n<meta name=\"robots\" content=\"index, follow, max-snippet:-1, max-image-preview:large, max-video-preview:-1\" \/>\n<link rel=\"canonical\" href=\"https:\/\/buletin.de\/bucuresti\/vreme-inchisa-si-ceata-in-weekend-la-bucuresti\/\" \/>\n<meta property=\"og:locale\" content=\"en_GB\" \/>\n<meta property=\"og:type\" content=\"article\" \/>\n<meta property=\"og:title\" content=\"METEO | Vreme \u00eenchis\u0103 \u0219i cea\u021b\u0103, \u00een weekend. Sunt posibile ploi, \u00eenainte de s\u0103rb\u0103tori\" \/>\n<meta property=\"og:description\" content=\"Vreme \u00eenchis\u0103 \u0219i cea\u021b\u0103, \u00een weekend, la Bucure\u0219ti. Meteorologii anun\u021b\u0103 maxime termice de p\u00e2n\u0103 la 8 grade, cea\u021b\u0103 \u0219i v\u00e2nt moderat.\" \/>\n<meta property=\"og:url\" content=\"https:\/\/buletin.de\/bucuresti\/vreme-inchisa-si-ceata-in-weekend-la-bucuresti\/\" \/>\n<meta property=\"og:site_name\" content=\"Buletin de Bucure\u0219ti\" \/>\n<meta property=\"article:publisher\" content=\"https:\/\/www.facebook.com\/buletin.de.buc\" \/>\n<meta property=\"article:published_time\" content=\"2025-12-18T03:00:00+00:00\" \/>\n<meta property=\"article:modified_time\" content=\"2025-12-18T10:07:39+00:00\" \/>\n<meta property=\"og:image\" content=\"https:\/\/buletin.de\/bucuresti\/wp-content\/uploads\/2025\/12\/IMG_20240929_180938829-1600x1600-1-1.jpg\" \/>\n\t<meta property=\"og:image:width\" content=\"1600\" \/>\n\t<meta property=\"og:image:height\" content=\"1600\" \/>\n\t<meta property=\"og:image:type\" content=\"image\/jpeg\" \/>\n<meta name=\"author\" content=\"Diana Matei\" \/>\n<meta name=\"twitter:card\" content=\"summary_large_image\" \/>\n<meta name=\"twitter:label1\" content=\"Written by\" \/>\n\t<meta name=\"twitter:data1\" content=\"Diana Matei\" \/>\n\t<meta name=\"twitter:label2\" content=\"Estimated reading time\" \/>\n\t<meta name=\"twitter:data2\" content=\"2 minutes\" \/>\n<script type=\"application\/ld+json\" class=\"yoast-schema-graph\">{\"@context\":\"https:\\\/\\\/schema.org\",\"@graph\":[{\"@type\":\"Article\",\"@id\":\"https:\\\/\\\/buletin.de\\\/bucuresti\\\/vreme-inchisa-si-ceata-in-weekend-la-bucuresti\\\/#article\",\"isPartOf\":{\"@id\":\"https:\\\/\\\/buletin.de\\\/bucuresti\\\/vreme-inchisa-si-ceata-in-weekend-la-bucuresti\\\/\"},\"author\":{\"name\":\"Diana Matei\",\"@id\":\"https:\\\/\\\/buletin.de\\\/bucuresti\\\/#\\\/schema\\\/person\\\/7e46040573290777280a0835d81ea4ea\"},\"headline\":\"METEO | Vreme \u00eenchis\u0103 \u0219i cea\u021b\u0103, \u00een weekend. Sunt posibile ploi, \u00eenainte de s\u0103rb\u0103tori\",\"datePublished\":\"2025-12-18T03:00:00+00:00\",\"dateModified\":\"2025-12-18T10:07:39+00:00\",\"mainEntityOfPage\":{\"@id\":\"https:\\\/\\\/buletin.de\\\/bucuresti\\\/vreme-inchisa-si-ceata-in-weekend-la-bucuresti\\\/\"},\"wordCount\":270,\"publisher\":{\"@id\":\"https:\\\/\\\/buletin.de\\\/bucuresti\\\/#organization\"},\"image\":{\"@id\":\"https:\\\/\\\/buletin.de\\\/bucuresti\\\/vreme-inchisa-si-ceata-in-weekend-la-bucuresti\\\/#primaryimage\"},\"thumbnailUrl\":\"https:\\\/\\\/buletin.de\\\/bucuresti\\\/wp-content\\\/uploads\\\/2025\\\/12\\\/IMG_20240929_180938829-1600x1600-1-1.jpg\",\"articleSection\":[\"Articole\",\"Diverse\",\"\u0218tiri\"],\"inLanguage\":\"en-GB\",\"copyrightYear\":\"2025\",\"copyrightHolder\":{\"@id\":\"https:\\\/\\\/buletin.de\\\/bucuresti\\\/#organization\"}},{\"@type\":\"WebPage\",\"@id\":\"https:\\\/\\\/buletin.de\\\/bucuresti\\\/vreme-inchisa-si-ceata-in-weekend-la-bucuresti\\\/\",\"url\":\"https:\\\/\\\/buletin.de\\\/bucuresti\\\/vreme-inchisa-si-ceata-in-weekend-la-bucuresti\\\/\",\"name\":\"METEO | Vreme \u00eenchis\u0103 \u0219i cea\u021b\u0103, \u00een weekend. Sunt posibile ploi, \u00eenainte de s\u0103rb\u0103tori - Buletin de Bucure\u0219ti\",\"isPartOf\":{\"@id\":\"https:\\\/\\\/buletin.de\\\/bucuresti\\\/#website\"},\"primaryImageOfPage\":{\"@id\":\"https:\\\/\\\/buletin.de\\\/bucuresti\\\/vreme-inchisa-si-ceata-in-weekend-la-bucuresti\\\/#primaryimage\"},\"image\":{\"@id\":\"https:\\\/\\\/buletin.de\\\/bucuresti\\\/vreme-inchisa-si-ceata-in-weekend-la-bucuresti\\\/#primaryimage\"},\"thumbnailUrl\":\"https:\\\/\\\/buletin.de\\\/bucuresti\\\/wp-content\\\/uploads\\\/2025\\\/12\\\/IMG_20240929_180938829-1600x1600-1-1.jpg\",\"datePublished\":\"2025-12-18T03:00:00+00:00\",\"dateModified\":\"2025-12-18T10:07:39+00:00\",\"description\":\"Vreme \u00eenchis\u0103 \u0219i cea\u021b\u0103, \u00een weekend, la Bucure\u0219ti. Meteorologii anun\u021b\u0103 maxime termice de p\u00e2n\u0103 la 8 grade, cea\u021b\u0103 \u0219i v\u00e2nt moderat.\",\"breadcrumb\":{\"@id\":\"https:\\\/\\\/buletin.de\\\/bucuresti\\\/vreme-inchisa-si-ceata-in-weekend-la-bucuresti\\\/#breadcrumb\"},\"inLanguage\":\"en-GB\",\"potentialAction\":[{\"@type\":\"ReadAction\",\"target\":[\"https:\\\/\\\/buletin.de\\\/bucuresti\\\/vreme-inchisa-si-ceata-in-weekend-la-bucuresti\\\/\"]}]},{\"@type\":\"ImageObject\",\"inLanguage\":\"en-GB\",\"@id\":\"https:\\\/\\\/buletin.de\\\/bucuresti\\\/vreme-inchisa-si-ceata-in-weekend-la-bucuresti\\\/#primaryimage\",\"url\":\"https:\\\/\\\/buletin.de\\\/bucuresti\\\/wp-content\\\/uploads\\\/2025\\\/12\\\/IMG_20240929_180938829-1600x1600-1-1.jpg\",\"contentUrl\":\"https:\\\/\\\/buletin.de\\\/bucuresti\\\/wp-content\\\/uploads\\\/2025\\\/12\\\/IMG_20240929_180938829-1600x1600-1-1.jpg\",\"width\":1600,\"height\":1600,\"caption\":\"Vreme \u00eenchis\u0103 \u0219i temperaturi mai sc\u0103zute, s\u0103pt\u0103m\u00e2na viitoare, la Bucure\u0219ti. FOTO: Arhiva\"},{\"@type\":\"BreadcrumbList\",\"@id\":\"https:\\\/\\\/buletin.de\\\/bucuresti\\\/vreme-inchisa-si-ceata-in-weekend-la-bucuresti\\\/#breadcrumb\",\"itemListElement\":[{\"@type\":\"ListItem\",\"position\":1,\"name\":\"Acas\u0103\",\"item\":\"https:\\\/\\\/buletin.de\\\/bucuresti\\\/\"},{\"@type\":\"ListItem\",\"position\":2,\"name\":\"METEO | Vreme \u00eenchis\u0103 \u0219i cea\u021b\u0103, \u00een weekend. Sunt posibile ploi, \u00eenainte de s\u0103rb\u0103tori\"}]},{\"@type\":\"WebSite\",\"@id\":\"https:\\\/\\\/buletin.de\\\/bucuresti\\\/#website\",\"url\":\"https:\\\/\\\/buletin.de\\\/bucuresti\\\/\",\"name\":\"Buletin de Bucure\u0219ti\",\"description\":\"\u0218tiri \u0219i investiga\u021bii esen\u021biale din capital\u0103\",\"publisher\":{\"@id\":\"https:\\\/\\\/buletin.de\\\/bucuresti\\\/#organization\"},\"potentialAction\":[{\"@type\":\"SearchAction\",\"target\":{\"@type\":\"EntryPoint\",\"urlTemplate\":\"https:\\\/\\\/buletin.de\\\/bucuresti\\\/?s={search_term_string}\"},\"query-input\":{\"@type\":\"PropertyValueSpecification\",\"valueRequired\":true,\"valueName\":\"search_term_string\"}}],\"inLanguage\":\"en-GB\"},{\"@type\":\"Organization\",\"@id\":\"https:\\\/\\\/buletin.de\\\/bucuresti\\\/#organization\",\"name\":\"Buletin de Bucure\u0219ti\",\"url\":\"https:\\\/\\\/buletin.de\\\/bucuresti\\\/\",\"logo\":{\"@type\":\"ImageObject\",\"inLanguage\":\"en-GB\",\"@id\":\"https:\\\/\\\/buletin.de\\\/bucuresti\\\/#\\\/schema\\\/logo\\\/image\\\/\",\"url\":\"https:\\\/\\\/buletin.de\\\/bucuresti\\\/wp-content\\\/uploads\\\/logo-bdb-full-wide-vernil-transparent.png\",\"contentUrl\":\"https:\\\/\\\/buletin.de\\\/bucuresti\\\/wp-content\\\/uploads\\\/logo-bdb-full-wide-vernil-transparent.png\",\"width\":1782,\"height\":626,\"caption\":\"Buletin de Bucure\u0219ti\"},\"image\":{\"@id\":\"https:\\\/\\\/buletin.de\\\/bucuresti\\\/#\\\/schema\\\/logo\\\/image\\\/\"},\"sameAs\":[\"https:\\\/\\\/www.facebook.com\\\/buletin.de.buc\",\"https:\\\/\\\/www.instagram.com\\\/buletinde.bucuresti\\\/\"]},{\"@type\":\"Person\",\"@id\":\"https:\\\/\\\/buletin.de\\\/bucuresti\\\/#\\\/schema\\\/person\\\/7e46040573290777280a0835d81ea4ea\",\"name\":\"Diana Matei\",\"image\":{\"@type\":\"ImageObject\",\"inLanguage\":\"en-GB\",\"@id\":\"https:\\\/\\\/buletin.de\\\/bucuresti\\\/wp-content\\\/uploads\\\/9-2-96x96.jpg1e8590b30871d70e62ebcdaf2eff570c\",\"url\":\"https:\\\/\\\/buletin.de\\\/bucuresti\\\/wp-content\\\/uploads\\\/9-2-96x96.jpg\",\"contentUrl\":\"https:\\\/\\\/buletin.de\\\/bucuresti\\\/wp-content\\\/uploads\\\/9-2-96x96.jpg\",\"caption\":\"Diana Matei\"},\"url\":\"https:\\\/\\\/buletin.de\\\/bucuresti\\\/author\\\/dianamatei\\\/\"}]}<\/script>\n<!-- \/ Yoast SEO Premium plugin. -->","yoast_head_json":{"title":"METEO | Vreme \u00eenchis\u0103 \u0219i cea\u021b\u0103, \u00een weekend. Sunt posibile ploi, \u00eenainte de s\u0103rb\u0103tori - Buletin de Bucure\u0219ti","description":"Vreme \u00eenchis\u0103 \u0219i cea\u021b\u0103, \u00een weekend, la Bucure\u0219ti. Meteorologii anun\u021b\u0103 maxime termice de p\u00e2n\u0103 la 8 grade, cea\u021b\u0103 \u0219i v\u00e2nt moderat.","robots":{"index":"index","follow":"follow","max-snippet":"max-snippet:-1","max-image-preview":"max-image-preview:large","max-video-preview":"max-video-preview:-1"},"canonical":"https:\/\/buletin.de\/bucuresti\/vreme-inchisa-si-ceata-in-weekend-la-bucuresti\/","og_locale":"en_GB","og_type":"article","og_title":"METEO | Vreme \u00eenchis\u0103 \u0219i cea\u021b\u0103, \u00een weekend. Sunt posibile ploi, \u00eenainte de s\u0103rb\u0103tori","og_description":"Vreme \u00eenchis\u0103 \u0219i cea\u021b\u0103, \u00een weekend, la Bucure\u0219ti. Meteorologii anun\u021b\u0103 maxime termice de p\u00e2n\u0103 la 8 grade, cea\u021b\u0103 \u0219i v\u00e2nt moderat.","og_url":"https:\/\/buletin.de\/bucuresti\/vreme-inchisa-si-ceata-in-weekend-la-bucuresti\/","og_site_name":"Buletin de Bucure\u0219ti","article_publisher":"https:\/\/www.facebook.com\/buletin.de.buc","article_published_time":"2025-12-18T03:00:00+00:00","article_modified_time":"2025-12-18T10:07:39+00:00","og_image":[{"width":1600,"height":1600,"url":"https:\/\/buletin.de\/bucuresti\/wp-content\/uploads\/2025\/12\/IMG_20240929_180938829-1600x1600-1-1.jpg","type":"image\/jpeg"}],"author":"Diana Matei","twitter_card":"summary_large_image","twitter_misc":{"Written by":"Diana Matei","Estimated reading time":"2 minutes"},"schema":{"@context":"https:\/\/schema.org","@graph":[{"@type":"Article","@id":"https:\/\/buletin.de\/bucuresti\/vreme-inchisa-si-ceata-in-weekend-la-bucuresti\/#article","isPartOf":{"@id":"https:\/\/buletin.de\/bucuresti\/vreme-inchisa-si-ceata-in-weekend-la-bucuresti\/"},"author":{"name":"Diana Matei","@id":"https:\/\/buletin.de\/bucuresti\/#\/schema\/person\/7e46040573290777280a0835d81ea4ea"},"headline":"METEO | Vreme \u00eenchis\u0103 \u0219i cea\u021b\u0103, \u00een weekend. Sunt posibile ploi, \u00eenainte de s\u0103rb\u0103tori","datePublished":"2025-12-18T03:00:00+00:00","dateModified":"2025-12-18T10:07:39+00:00","mainEntityOfPage":{"@id":"https:\/\/buletin.de\/bucuresti\/vreme-inchisa-si-ceata-in-weekend-la-bucuresti\/"},"wordCount":270,"publisher":{"@id":"https:\/\/buletin.de\/bucuresti\/#organization"},"image":{"@id":"https:\/\/buletin.de\/bucuresti\/vreme-inchisa-si-ceata-in-weekend-la-bucuresti\/#primaryimage"},"thumbnailUrl":"https:\/\/buletin.de\/bucuresti\/wp-content\/uploads\/2025\/12\/IMG_20240929_180938829-1600x1600-1-1.jpg","articleSection":["Articole","Diverse","\u0218tiri"],"inLanguage":"en-GB","copyrightYear":"2025","copyrightHolder":{"@id":"https:\/\/buletin.de\/bucuresti\/#organization"}},{"@type":"WebPage","@id":"https:\/\/buletin.de\/bucuresti\/vreme-inchisa-si-ceata-in-weekend-la-bucuresti\/","url":"https:\/\/buletin.de\/bucuresti\/vreme-inchisa-si-ceata-in-weekend-la-bucuresti\/","name":"METEO | Vreme \u00eenchis\u0103 \u0219i cea\u021b\u0103, \u00een weekend. Sunt posibile ploi, \u00eenainte de s\u0103rb\u0103tori - Buletin de Bucure\u0219ti","isPartOf":{"@id":"https:\/\/buletin.de\/bucuresti\/#website"},"primaryImageOfPage":{"@id":"https:\/\/buletin.de\/bucuresti\/vreme-inchisa-si-ceata-in-weekend-la-bucuresti\/#primaryimage"},"image":{"@id":"https:\/\/buletin.de\/bucuresti\/vreme-inchisa-si-ceata-in-weekend-la-bucuresti\/#primaryimage"},"thumbnailUrl":"https:\/\/buletin.de\/bucuresti\/wp-content\/uploads\/2025\/12\/IMG_20240929_180938829-1600x1600-1-1.jpg","datePublished":"2025-12-18T03:00:00+00:00","dateModified":"2025-12-18T10:07:39+00:00","description":"Vreme \u00eenchis\u0103 \u0219i cea\u021b\u0103, \u00een weekend, la Bucure\u0219ti. Meteorologii anun\u021b\u0103 maxime termice de p\u00e2n\u0103 la 8 grade, cea\u021b\u0103 \u0219i v\u00e2nt moderat.","breadcrumb":{"@id":"https:\/\/buletin.de\/bucuresti\/vreme-inchisa-si-ceata-in-weekend-la-bucuresti\/#breadcrumb"},"inLanguage":"en-GB","potentialAction":[{"@type":"ReadAction","target":["https:\/\/buletin.de\/bucuresti\/vreme-inchisa-si-ceata-in-weekend-la-bucuresti\/"]}]},{"@type":"ImageObject","inLanguage":"en-GB","@id":"https:\/\/buletin.de\/bucuresti\/vreme-inchisa-si-ceata-in-weekend-la-bucuresti\/#primaryimage","url":"https:\/\/buletin.de\/bucuresti\/wp-content\/uploads\/2025\/12\/IMG_20240929_180938829-1600x1600-1-1.jpg","contentUrl":"https:\/\/buletin.de\/bucuresti\/wp-content\/uploads\/2025\/12\/IMG_20240929_180938829-1600x1600-1-1.jpg","width":1600,"height":1600,"caption":"Vreme \u00eenchis\u0103 \u0219i temperaturi mai sc\u0103zute, s\u0103pt\u0103m\u00e2na viitoare, la Bucure\u0219ti. FOTO: Arhiva"},{"@type":"BreadcrumbList","@id":"https:\/\/buletin.de\/bucuresti\/vreme-inchisa-si-ceata-in-weekend-la-bucuresti\/#breadcrumb","itemListElement":[{"@type":"ListItem","position":1,"name":"Acas\u0103","item":"https:\/\/buletin.de\/bucuresti\/"},{"@type":"ListItem","position":2,"name":"METEO | Vreme \u00eenchis\u0103 \u0219i cea\u021b\u0103, \u00een weekend. Sunt posibile ploi, \u00eenainte de s\u0103rb\u0103tori"}]},{"@type":"WebSite","@id":"https:\/\/buletin.de\/bucuresti\/#website","url":"https:\/\/buletin.de\/bucuresti\/","name":"Buletin de Bucure\u0219ti","description":"\u0218tiri \u0219i investiga\u021bii esen\u021biale din capital\u0103","publisher":{"@id":"https:\/\/buletin.de\/bucuresti\/#organization"},"potentialAction":[{"@type":"SearchAction","target":{"@type":"EntryPoint","urlTemplate":"https:\/\/buletin.de\/bucuresti\/?s={search_term_string}"},"query-input":{"@type":"PropertyValueSpecification","valueRequired":true,"valueName":"search_term_string"}}],"inLanguage":"en-GB"},{"@type":"Organization","@id":"https:\/\/buletin.de\/bucuresti\/#organization","name":"Buletin de Bucure\u0219ti","url":"https:\/\/buletin.de\/bucuresti\/","logo":{"@type":"ImageObject","inLanguage":"en-GB","@id":"https:\/\/buletin.de\/bucuresti\/#\/schema\/logo\/image\/","url":"https:\/\/buletin.de\/bucuresti\/wp-content\/uploads\/logo-bdb-full-wide-vernil-transparent.png","contentUrl":"https:\/\/buletin.de\/bucuresti\/wp-content\/uploads\/logo-bdb-full-wide-vernil-transparent.png","width":1782,"height":626,"caption":"Buletin de Bucure\u0219ti"},"image":{"@id":"https:\/\/buletin.de\/bucuresti\/#\/schema\/logo\/image\/"},"sameAs":["https:\/\/www.facebook.com\/buletin.de.buc","https:\/\/www.instagram.com\/buletinde.bucuresti\/"]},{"@type":"Person","@id":"https:\/\/buletin.de\/bucuresti\/#\/schema\/person\/7e46040573290777280a0835d81ea4ea","name":"Diana Matei","image":{"@type":"ImageObject","inLanguage":"en-GB","@id":"https:\/\/buletin.de\/bucuresti\/wp-content\/uploads\/9-2-96x96.jpg1e8590b30871d70e62ebcdaf2eff570c","url":"https:\/\/buletin.de\/bucuresti\/wp-content\/uploads\/9-2-96x96.jpg","contentUrl":"https:\/\/buletin.de\/bucuresti\/wp-content\/uploads\/9-2-96x96.jpg","caption":"Diana Matei"},"url":"https:\/\/buletin.de\/bucuresti\/author\/dianamatei\/"}]}},"authors":[{"term_id":22574,"user_id":49,"is_guest":0,"slug":"dianamatei","display_name":"Diana Matei","avatar_url":"https:\/\/buletin.de\/bucuresti\/wp-content\/uploads\/9-2-96x96.jpg","0":null,"1":"","2":"","3":"","4":"","5":"","6":"","7":"","8":""}],"_links":{"self":[{"href":"https:\/\/buletin.de\/bucuresti\/wp-json\/wp\/v2\/posts\/162928","targetHints":{"allow":["GET"]}}],"collection":[{"href":"https:\/\/buletin.de\/bucuresti\/wp-json\/wp\/v2\/posts"}],"about":[{"href":"https:\/\/buletin.de\/bucuresti\/wp-json\/wp\/v2\/types\/post"}],"author":[{"embeddable":true,"href":"https:\/\/buletin.de\/bucuresti\/wp-json\/wp\/v2\/users\/49"}],"replies":[{"embeddable":true,"href":"https:\/\/buletin.de\/bucuresti\/wp-json\/wp\/v2\/comments?post=162928"}],"version-history":[{"count":1,"href":"https:\/\/buletin.de\/bucuresti\/wp-json\/wp\/v2\/posts\/162928\/revisions"}],"predecessor-version":[{"id":162942,"href":"https:\/\/buletin.de\/bucuresti\/wp-json\/wp\/v2\/posts\/162928\/revisions\/162942"}],"wp:featuredmedia":[{"embeddable":true,"href":"https:\/\/buletin.de\/bucuresti\/wp-json\/wp\/v2\/media\/161208"}],"wp:attachment":[{"href":"https:\/\/buletin.de\/bucuresti\/wp-json\/wp\/v2\/media?parent=162928"}],"wp:term":[{"taxonomy":"category","embeddable":true,"href":"https:\/\/buletin.de\/bucuresti\/wp-json\/wp\/v2\/categories?post=162928"},{"taxonomy":"post_tag","embeddable":true,"href":"https:\/\/buletin.de\/bucuresti\/wp-json\/wp\/v2\/tags?post=162928"},{"taxonomy":"author","embeddable":true,"href":"https:\/\/buletin.de\/bucuresti\/wp-json\/wp\/v2\/ppma_author?post=162928"}],"curies":[{"name":"wp","href":"https:\/\/api.w.org\/{rel}","templated":true}]}}