{"id":162578,"date":"2025-12-16T06:28:00","date_gmt":"2025-12-16T03:28:00","guid":{"rendered":"https:\/\/buletin.de\/bucuresti\/?p=162578"},"modified":"2025-12-16T10:08:35","modified_gmt":"2025-12-16T07:08:35","slug":"sector-3-bani-pentru-demolarea-bisericii-sf-ierarh-calinic-titan-va-fi-ridicat-un-nou-lacas-de-cult-de-doua-milioane-de-euro-cu-spatii-adecvate-nevoilor-spirituale","status":"publish","type":"post","link":"https:\/\/buletin.de\/bucuresti\/sector-3-bani-pentru-demolarea-bisericii-sf-ierarh-calinic-titan-va-fi-ridicat-un-nou-lacas-de-cult-de-doua-milioane-de-euro-cu-spatii-adecvate-nevoilor-spirituale\/","title":{"rendered":"Sector 3 | Bani pentru demolarea bisericii Sf. Ierarh Calinic-Titan. Va fi ridicat un nou l\u0103ca\u015f de cult, de dou\u0103 milioane de euro, cu spa\u0163ii \u201eadecvate nevoilor spirituale\u201d"},"content":{"rendered":"\n<p><strong>Administra\u021bia condus\u0103 de Robert Negoi\u021b\u0103 preg\u0103te\u0219te o nou\u0103 alocare bugetar\u0103 c\u0103tre Biserica Ortodox\u0103, de data aceasta nu pentru reabilitare sau modernizare, ci pentru demolarea bisericii Sf. Ierarh Calinic-Titan.<\/strong><\/p>\n\n\n\n<p><strong>Consiliul Local al Sectorului 3 are pe ordinea de zi a \u0219edin\u021bei din 18 decembrie un proiect de hot\u0103r\u00e2re prin care se propune acordarea unui sprijin financiar Parohiei Sf\u00e2ntul Ierarh Calinic \u2013 Titan din strada C\u00e2mpia Libert\u0103\u021bii nr. 68.<\/strong><\/p>\n\n\n\n<p>Suma ini\u021bial\u0103 este de 100.000 de lei, o sum\u0103 deloc de neglijat \u00een condi\u0163iile date, dar infim\u0103 fa\u0163\u0103 de costul total al proiectului vizat de parohie, care se ridic\u0103 la peste 10,8 milioane de lei, adic\u0103 peste dou\u0103 milioane de euro. Proiectul nu vizeaz\u0103 simple repara\u021bii, ci o reconfigurare urbanistic\u0103 complet\u0103 a terenului aflat \u00een administrarea Protoieriei Sector 3.<\/p>\n\n\n\n<h2 class=\"wp-block-heading\" id=\"h-demolarea-totala-a-bisericii-pentru-o-construc\u021bie-noua\"><strong>Demolarea total\u0103 a bisericii pentru o construc\u021bie nou\u0103<\/strong><\/h2>\n\n\n\n<p>Documenta\u021bia ata\u0219at\u0103 proiectului de hot\u0103r\u00e2re, consultat\u0103 de Buletin de Bucure\u0219ti, arat\u0103 amploarea lucr\u0103rilor. Conform referatului de aprobare, fondurile vor fi utilizate pentru \u201edesfiin\u021bare integral\u0103 biseric\u0103 \u0219i cas\u0103 parohial\u0103, sal\u0103 de mese, capel\u0103 mortuar\u0103\u201d.<\/p>\n\n\n\n<p>\u00cen locul vechilor cl\u0103diri, parohia inten\u021bioneaz\u0103 s\u0103 ridice un ansamblu imobiliar religios complet nou.<\/p>\n\n\n\n<p>Acesta va include o nou\u0103 biseric\u0103, spa\u021bii anexe cu regim de \u00een\u0103l\u021bime \u201eParter + Cafas\u201d(<em>n.r. &#8211; balcon unde c\u00e2nt\u0103 corul \u00eentr-o biseric\u0103)<\/em>, re\u021bele interioare, accese auto \u0219i pietonale, dar \u0219i parcare.<\/p>\n\n\n\n<p>Nota de fundamentare invoc\u0103 starea tehnic\u0103 a imobilelor actuale ca motiv principal pentru m\u0103sura de demolare-reconstruc\u021bie.<\/p>\n\n\n\n<p>Potrivit documentelor prim\u0103riei, structurile existente se afl\u0103 \u201e\u00eentr-o stare avansat\u0103 de degradare\u201d iar noul proiect va oferi spa\u021bii \u201eadecvate nevoilor spirituale, culturale \u0219i sociale ale comunit\u0103\u021bii\u201d.<\/p>\n\n\n\n<h2 class=\"wp-block-heading\" id=\"h-costuri-de-peste-doua-milioane-de-euro-firma-a-fost-deja-contractata\"><strong>Costuri de peste dou\u0103 milioane de euro. Firma a fost deja contractat\u0103<\/strong><\/h2>\n\n\n\n<p><strong>Devizul general al lucr\u0103rilor arat\u0103 o sum\u0103 total\u0103 de 10.885.097,88 lei (TVA inclus). La cursul actual, investi\u021bia dep\u0103\u0219e\u0219te 2,1 milioane de euro.<\/strong><\/p>\n\n\n\n<p>De\u0219i Prim\u0103ria Sectorului 3 contribuie \u00een aceast\u0103 etap\u0103 cu doar 100.000 de lei, adic\u0103 aproximativ 20.000 de euro, <a href=\"https:\/\/buletin.de\/bucuresti\/?s=negoita+biserica\">istoria aloc\u0103rilor \u201ereligioase\u201d arat\u0103 c\u0103 astfel de finan\u021b\u0103ri sunt doar \u00eenceputul unor serii de tran\u0219e succesive pentru sus\u021binerea \u0219antierelor religioase.<\/a><\/p>\n\n\n\n<p>\u00cen plus, parohia are deja contractat un executant pentru toate lucr\u0103rile, inclusiv cele de demolare.<\/p>\n\n\n\n<p>\u00cen documentele oficiale se men\u021bioneaz\u0103 un contract semnat pe 6 noiembrie, \u00eencheiat cu societatea SC Anissy Design Construct SRL.<\/p>\n\n\n\n<h2 class=\"wp-block-heading\" id=\"h-contextul-bugetar-\u0219i-justificarea-legala-pentru-demolarea-bisericii\"><strong>Contextul bugetar \u0219i justificarea legal\u0103<\/strong> pentru demolarea bisericii<\/h2>\n\n\n\n<p>Direc\u021bia Economic\u0103 \u0219i Resurse Umane din cadrul Prim\u0103riei a avizat favorabil solicitarea \u00eentr-un timp record. Raportul de specialitate a fost \u00eentocmit pe 10 decembrie 2025, la mai pu\u021bin de o lun\u0103 de la cererea parohiei \u0219i la o zi dup\u0103 completarea dosarului. Func\u021bionarii invoc\u0103 disponibilitatea fondurilor \u00een bugetul local pe anul 2025.<\/p>\n\n\n\n<p>La capitolul \u201eCultur\u0103, Recreere \u0219i Religie\u201d, subcapitolul servicii religioase, a fost aprobat\u0103 ini\u021bial suma de 4 milioane de lei. Din acest total, la data \u00eentocmirii raportului, \u00een visteria sectorului mai erau disponibili 3,5 milioane de lei.<\/p>\n\n\n\n<p>Documentul subliniaz\u0103 c\u0103 parohia nu a mai beneficiat de finan\u021bare de la bugetul local al Sectorului 3 \u00een trecut.<\/p>\n\n\n\n<h2 class=\"wp-block-heading\" id=\"h-birocra\u021bia-nevoilor-spirituale\"><strong>Birocra\u021bia \u201enevoilor spirituale\u201d<\/strong><\/h2>\n\n\n\n<p>Limbajul de lemn folosit \u00een referatul de aprobare semnat de primarul Robert Negoi\u021b\u0103 \u00eencearc\u0103 s\u0103 ambaleze demolarea \u00eentr-o necesitate comunitar\u0103. Se vorbe\u0219te despre \u201e\u00eembun\u0103t\u0103\u021birea infrastructurii biserice\u0219ti\u201d \u0219i \u201ecrearea unui spa\u021biu deschis comunit\u0103\u021bii\u201d.<\/p>\n\n\n\n<p>Autoriza\u021bia de desfiin\u021bare \u0219i construire a fost emis\u0103 pe 10 septembrie 2024, ceea ce indic\u0103 faptul c\u0103 planul de a demola biserica veche este vechi de cel pu\u021bin un an.<\/p>\n\n\n\n<p>Finan\u021barea demol\u0103rii bisericii \u015fi anexelor va fi supus\u0103 la vot <a href=\"https:\/\/www.primarie3.ro\/index.php\/consiliul_local\/proiecte_hotarari\">\u00een \u015fedin\u0163a de joi, 18 decembrie<\/a>.<\/p>\n\n\n\n<p><strong>CITE\u015eTE \u015eI <a href=\"https:\/\/buletin.de\/bucuresti\/lucrari-nocturne-pe-datorie-la-autostrada-moldovei-nodul-de-la-tisita-catre-panciu-si-tecuci-aproape-gata-cand-se-va-putea-circula-de-la-bucuresti-pana-la-adjud\/\">Lucr\u0103ri nocturne, pe datorie, la Autostrada Moldovei | Nodul de la Ti\u0219i\u021ba, c\u0103tre Panciu \u0219i Tecuci, aproape gata. C\u00e2nd se va putea circula de la Bucure\u0219ti la Adjud<\/a><\/strong><\/p>\n\n\n\n<p><\/p>\n","protected":false},"excerpt":{"rendered":"<p>Administra\u021bia condus\u0103 de Robert Negoi\u021b\u0103 preg\u0103te\u0219te o nou\u0103 alocare bugetar\u0103 c\u0103tre Biserica Ortodox\u0103, de data aceasta nu pentru reabilitare sau modernizare, ci pentru demolarea bisericii Sf. Ierarh Calinic-Titan. Consiliul Local al Sectorului 3 are pe ordinea de zi a \u0219edin\u021bei din 18 decembrie un proiect de hot\u0103r\u00e2re prin care se propune acordarea unui sprijin financiar [&hellip;]<\/p>\n","protected":false},"author":10,"featured_media":162586,"comment_status":"closed","ping_status":"open","sticky":false,"template":"","format":"standard","meta":{"_acf_changed":false,"inline_featured_image":false,"ngg_post_thumbnail":0,"footnotes":""},"categories":[6994,3419,9025,24],"tags":[25155,282,25156,25154,2527,25151,25153,25152,3174,220,440],"ppma_author":[22575],"class_list":["post-162578","post","type-post","status-publish","format-standard","has-post-thumbnail","hentry","category-stiri-2","category-featured","category-politic","category-primarie","tag-anissy-design-construct-srl","tag-bani-publici","tag-buget-local-2025","tag-campia-libertatii","tag-consiliul-local-sector-3","tag-demolare-biserica","tag-investitii-culte","tag-parohia-sfantul-ierarh-calinic-titan","tag-primaria-sectorului-3","tag-robert-negoita","tag-sector-3"],"acf":[],"yoast_head":"<!-- This site is optimized with the Yoast SEO Premium plugin v25.3 (Yoast SEO v27.5) - https:\/\/yoast.com\/product\/yoast-seo-premium-wordpress\/ -->\n<title>Sector 3 | Bani pentru demolarea bisericii Sf. Ierarh Calinic-Titan. Va fi ridicat un nou l\u0103ca\u015f de cult, de dou\u0103 milioane de euro, cu spa\u0163ii \u201eadecvate nevoilor spirituale\u201d - Buletin de Bucure\u0219ti<\/title>\n<meta name=\"description\" content=\"Prim\u0103ria Sectorului 3 preg\u0103te\u0219te o nou\u0103 alocare bugetar\u0103 pentru demolarea bisericii Sf. Ierarh Calinic-Titan.\" \/>\n<meta name=\"robots\" content=\"index, follow, max-snippet:-1, max-image-preview:large, max-video-preview:-1\" \/>\n<link rel=\"canonical\" href=\"https:\/\/buletin.de\/bucuresti\/sector-3-bani-pentru-demolarea-bisericii-sf-ierarh-calinic-titan-va-fi-ridicat-un-nou-lacas-de-cult-de-doua-milioane-de-euro-cu-spatii-adecvate-nevoilor-spirituale\/\" \/>\n<meta property=\"og:locale\" content=\"en_GB\" \/>\n<meta property=\"og:type\" content=\"article\" \/>\n<meta property=\"og:title\" content=\"Sector 3 | Bani pentru demolarea bisericii Sf. Ierarh Calinic-Titan. Va fi ridicat un nou l\u0103ca\u015f de cult, de dou\u0103 milioane de euro, cu spa\u0163ii \u201eadecvate nevoilor spirituale\u201d\" \/>\n<meta property=\"og:description\" content=\"Prim\u0103ria Sectorului 3 preg\u0103te\u0219te o nou\u0103 alocare bugetar\u0103 pentru demolarea bisericii Sf. Ierarh Calinic-Titan.\" \/>\n<meta property=\"og:url\" content=\"https:\/\/buletin.de\/bucuresti\/sector-3-bani-pentru-demolarea-bisericii-sf-ierarh-calinic-titan-va-fi-ridicat-un-nou-lacas-de-cult-de-doua-milioane-de-euro-cu-spatii-adecvate-nevoilor-spirituale\/\" \/>\n<meta property=\"og:site_name\" content=\"Buletin de Bucure\u0219ti\" \/>\n<meta property=\"article:publisher\" content=\"https:\/\/www.facebook.com\/buletin.de.buc\" \/>\n<meta property=\"article:published_time\" content=\"2025-12-16T03:28:00+00:00\" \/>\n<meta property=\"article:modified_time\" content=\"2025-12-16T07:08:35+00:00\" \/>\n<meta property=\"og:image\" content=\"https:\/\/buletin.de\/bucuresti\/wp-content\/uploads\/2025\/12\/Captura-de-ecran-2025-12-15-161405.png\" \/>\n\t<meta property=\"og:image:width\" content=\"970\" \/>\n\t<meta property=\"og:image:height\" content=\"594\" \/>\n\t<meta property=\"og:image:type\" content=\"image\/png\" \/>\n<meta name=\"author\" content=\"C\u0103t\u0103lin Dosca\u0219\" \/>\n<meta name=\"twitter:card\" content=\"summary_large_image\" \/>\n<meta name=\"twitter:label1\" content=\"Written by\" \/>\n\t<meta name=\"twitter:data1\" content=\"C\u0103t\u0103lin Dosca\u0219\" \/>\n\t<meta name=\"twitter:label2\" content=\"Estimated reading time\" \/>\n\t<meta name=\"twitter:data2\" content=\"3 minutes\" \/>\n<script type=\"application\/ld+json\" class=\"yoast-schema-graph\">{\"@context\":\"https:\\\/\\\/schema.org\",\"@graph\":[{\"@type\":\"Article\",\"@id\":\"https:\\\/\\\/buletin.de\\\/bucuresti\\\/sector-3-bani-pentru-demolarea-bisericii-sf-ierarh-calinic-titan-va-fi-ridicat-un-nou-lacas-de-cult-de-doua-milioane-de-euro-cu-spatii-adecvate-nevoilor-spirituale\\\/#article\",\"isPartOf\":{\"@id\":\"https:\\\/\\\/buletin.de\\\/bucuresti\\\/sector-3-bani-pentru-demolarea-bisericii-sf-ierarh-calinic-titan-va-fi-ridicat-un-nou-lacas-de-cult-de-doua-milioane-de-euro-cu-spatii-adecvate-nevoilor-spirituale\\\/\"},\"author\":{\"name\":\"C\u0103t\u0103lin Dosca\u0219\",\"@id\":\"https:\\\/\\\/buletin.de\\\/bucuresti\\\/#\\\/schema\\\/person\\\/31117187ed4d0bdb0a4c7d6acc79d0f8\"},\"headline\":\"Sector 3 | Bani pentru demolarea bisericii Sf. Ierarh Calinic-Titan. Va fi ridicat un nou l\u0103ca\u015f de cult, de dou\u0103 milioane de euro, cu spa\u0163ii \u201eadecvate nevoilor spirituale\u201d\",\"datePublished\":\"2025-12-16T03:28:00+00:00\",\"dateModified\":\"2025-12-16T07:08:35+00:00\",\"mainEntityOfPage\":{\"@id\":\"https:\\\/\\\/buletin.de\\\/bucuresti\\\/sector-3-bani-pentru-demolarea-bisericii-sf-ierarh-calinic-titan-va-fi-ridicat-un-nou-lacas-de-cult-de-doua-milioane-de-euro-cu-spatii-adecvate-nevoilor-spirituale\\\/\"},\"wordCount\":663,\"publisher\":{\"@id\":\"https:\\\/\\\/buletin.de\\\/bucuresti\\\/#organization\"},\"image\":{\"@id\":\"https:\\\/\\\/buletin.de\\\/bucuresti\\\/sector-3-bani-pentru-demolarea-bisericii-sf-ierarh-calinic-titan-va-fi-ridicat-un-nou-lacas-de-cult-de-doua-milioane-de-euro-cu-spatii-adecvate-nevoilor-spirituale\\\/#primaryimage\"},\"thumbnailUrl\":\"https:\\\/\\\/buletin.de\\\/bucuresti\\\/wp-content\\\/uploads\\\/2025\\\/12\\\/Captura-de-ecran-2025-12-15-161405.png\",\"keywords\":[\"Anissy Design Construct SRL\",\"bani publici\",\"buget local 2025\",\"Campia Libertatii\",\"consiliul local sector 3\",\"demolare biserica\",\"investitii culte\",\"Parohia Sfantul Ierarh Calinic Titan\",\"primaria sectorului 3\",\"robert negoita\",\"Sector 3\"],\"articleSection\":[\"Articole\",\"Featured\",\"Politic\",\"Prim\u0103rie\"],\"inLanguage\":\"en-GB\",\"copyrightYear\":\"2025\",\"copyrightHolder\":{\"@id\":\"https:\\\/\\\/buletin.de\\\/bucuresti\\\/#organization\"}},{\"@type\":\"WebPage\",\"@id\":\"https:\\\/\\\/buletin.de\\\/bucuresti\\\/sector-3-bani-pentru-demolarea-bisericii-sf-ierarh-calinic-titan-va-fi-ridicat-un-nou-lacas-de-cult-de-doua-milioane-de-euro-cu-spatii-adecvate-nevoilor-spirituale\\\/\",\"url\":\"https:\\\/\\\/buletin.de\\\/bucuresti\\\/sector-3-bani-pentru-demolarea-bisericii-sf-ierarh-calinic-titan-va-fi-ridicat-un-nou-lacas-de-cult-de-doua-milioane-de-euro-cu-spatii-adecvate-nevoilor-spirituale\\\/\",\"name\":\"Sector 3 | Bani pentru demolarea bisericii Sf. Ierarh Calinic-Titan. Va fi ridicat un nou l\u0103ca\u015f de cult, de dou\u0103 milioane de euro, cu spa\u0163ii \u201eadecvate nevoilor spirituale\u201d - Buletin de Bucure\u0219ti\",\"isPartOf\":{\"@id\":\"https:\\\/\\\/buletin.de\\\/bucuresti\\\/#website\"},\"primaryImageOfPage\":{\"@id\":\"https:\\\/\\\/buletin.de\\\/bucuresti\\\/sector-3-bani-pentru-demolarea-bisericii-sf-ierarh-calinic-titan-va-fi-ridicat-un-nou-lacas-de-cult-de-doua-milioane-de-euro-cu-spatii-adecvate-nevoilor-spirituale\\\/#primaryimage\"},\"image\":{\"@id\":\"https:\\\/\\\/buletin.de\\\/bucuresti\\\/sector-3-bani-pentru-demolarea-bisericii-sf-ierarh-calinic-titan-va-fi-ridicat-un-nou-lacas-de-cult-de-doua-milioane-de-euro-cu-spatii-adecvate-nevoilor-spirituale\\\/#primaryimage\"},\"thumbnailUrl\":\"https:\\\/\\\/buletin.de\\\/bucuresti\\\/wp-content\\\/uploads\\\/2025\\\/12\\\/Captura-de-ecran-2025-12-15-161405.png\",\"datePublished\":\"2025-12-16T03:28:00+00:00\",\"dateModified\":\"2025-12-16T07:08:35+00:00\",\"description\":\"Prim\u0103ria Sectorului 3 preg\u0103te\u0219te o nou\u0103 alocare bugetar\u0103 pentru demolarea bisericii Sf. Ierarh Calinic-Titan.\",\"breadcrumb\":{\"@id\":\"https:\\\/\\\/buletin.de\\\/bucuresti\\\/sector-3-bani-pentru-demolarea-bisericii-sf-ierarh-calinic-titan-va-fi-ridicat-un-nou-lacas-de-cult-de-doua-milioane-de-euro-cu-spatii-adecvate-nevoilor-spirituale\\\/#breadcrumb\"},\"inLanguage\":\"en-GB\",\"potentialAction\":[{\"@type\":\"ReadAction\",\"target\":[\"https:\\\/\\\/buletin.de\\\/bucuresti\\\/sector-3-bani-pentru-demolarea-bisericii-sf-ierarh-calinic-titan-va-fi-ridicat-un-nou-lacas-de-cult-de-doua-milioane-de-euro-cu-spatii-adecvate-nevoilor-spirituale\\\/\"]}]},{\"@type\":\"ImageObject\",\"inLanguage\":\"en-GB\",\"@id\":\"https:\\\/\\\/buletin.de\\\/bucuresti\\\/sector-3-bani-pentru-demolarea-bisericii-sf-ierarh-calinic-titan-va-fi-ridicat-un-nou-lacas-de-cult-de-doua-milioane-de-euro-cu-spatii-adecvate-nevoilor-spirituale\\\/#primaryimage\",\"url\":\"https:\\\/\\\/buletin.de\\\/bucuresti\\\/wp-content\\\/uploads\\\/2025\\\/12\\\/Captura-de-ecran-2025-12-15-161405.png\",\"contentUrl\":\"https:\\\/\\\/buletin.de\\\/bucuresti\\\/wp-content\\\/uploads\\\/2025\\\/12\\\/Captura-de-ecran-2025-12-15-161405.png\",\"width\":970,\"height\":594,\"caption\":\"Bani pentru demolarea bisericii Sf. Ierarh Calinic-Titan. FOTO: Gmaps\"},{\"@type\":\"BreadcrumbList\",\"@id\":\"https:\\\/\\\/buletin.de\\\/bucuresti\\\/sector-3-bani-pentru-demolarea-bisericii-sf-ierarh-calinic-titan-va-fi-ridicat-un-nou-lacas-de-cult-de-doua-milioane-de-euro-cu-spatii-adecvate-nevoilor-spirituale\\\/#breadcrumb\",\"itemListElement\":[{\"@type\":\"ListItem\",\"position\":1,\"name\":\"Acas\u0103\",\"item\":\"https:\\\/\\\/buletin.de\\\/bucuresti\\\/\"},{\"@type\":\"ListItem\",\"position\":2,\"name\":\"Sector 3 | Bani pentru demolarea bisericii Sf. Ierarh Calinic-Titan. Va fi ridicat un nou l\u0103ca\u015f de cult, de dou\u0103 milioane de euro, cu spa\u0163ii \u201eadecvate nevoilor spirituale\u201d\"}]},{\"@type\":\"WebSite\",\"@id\":\"https:\\\/\\\/buletin.de\\\/bucuresti\\\/#website\",\"url\":\"https:\\\/\\\/buletin.de\\\/bucuresti\\\/\",\"name\":\"Buletin de Bucure\u0219ti\",\"description\":\"\u0218tiri \u0219i investiga\u021bii esen\u021biale din capital\u0103\",\"publisher\":{\"@id\":\"https:\\\/\\\/buletin.de\\\/bucuresti\\\/#organization\"},\"potentialAction\":[{\"@type\":\"SearchAction\",\"target\":{\"@type\":\"EntryPoint\",\"urlTemplate\":\"https:\\\/\\\/buletin.de\\\/bucuresti\\\/?s={search_term_string}\"},\"query-input\":{\"@type\":\"PropertyValueSpecification\",\"valueRequired\":true,\"valueName\":\"search_term_string\"}}],\"inLanguage\":\"en-GB\"},{\"@type\":\"Organization\",\"@id\":\"https:\\\/\\\/buletin.de\\\/bucuresti\\\/#organization\",\"name\":\"Buletin de Bucure\u0219ti\",\"url\":\"https:\\\/\\\/buletin.de\\\/bucuresti\\\/\",\"logo\":{\"@type\":\"ImageObject\",\"inLanguage\":\"en-GB\",\"@id\":\"https:\\\/\\\/buletin.de\\\/bucuresti\\\/#\\\/schema\\\/logo\\\/image\\\/\",\"url\":\"https:\\\/\\\/buletin.de\\\/bucuresti\\\/wp-content\\\/uploads\\\/logo-bdb-full-wide-vernil-transparent.png\",\"contentUrl\":\"https:\\\/\\\/buletin.de\\\/bucuresti\\\/wp-content\\\/uploads\\\/logo-bdb-full-wide-vernil-transparent.png\",\"width\":1782,\"height\":626,\"caption\":\"Buletin de Bucure\u0219ti\"},\"image\":{\"@id\":\"https:\\\/\\\/buletin.de\\\/bucuresti\\\/#\\\/schema\\\/logo\\\/image\\\/\"},\"sameAs\":[\"https:\\\/\\\/www.facebook.com\\\/buletin.de.buc\",\"https:\\\/\\\/www.instagram.com\\\/buletinde.bucuresti\\\/\"]},{\"@type\":\"Person\",\"@id\":\"https:\\\/\\\/buletin.de\\\/bucuresti\\\/#\\\/schema\\\/person\\\/31117187ed4d0bdb0a4c7d6acc79d0f8\",\"name\":\"C\u0103t\u0103lin Dosca\u0219\",\"image\":{\"@type\":\"ImageObject\",\"inLanguage\":\"en-GB\",\"@id\":\"https:\\\/\\\/buletin.de\\\/bucuresti\\\/wp-content\\\/uploads\\\/Catalin-Doscas-e1732731064764-96x96.jpga93e2943bb3b1c1f9ead823df6e6317a\",\"url\":\"https:\\\/\\\/buletin.de\\\/bucuresti\\\/wp-content\\\/uploads\\\/Catalin-Doscas-e1732731064764-96x96.jpg\",\"contentUrl\":\"https:\\\/\\\/buletin.de\\\/bucuresti\\\/wp-content\\\/uploads\\\/Catalin-Doscas-e1732731064764-96x96.jpg\",\"caption\":\"C\u0103t\u0103lin Dosca\u0219\"},\"description\":\"Reporter \u0219i redactor-\u0219ef Buletin de Bucure\u0219ti. Lucreaz\u0103 \u00een mass-media de la v\u00e2rsta de 15 ani, c\u00e2nd a publicat primele articole \u00een presa local\u0103 din Tecuci. \u00cen Bucure\u0219ti a lucrat \u00een redac\u021bii radio ca reporter, redactor \u0219i prezentator (StudentFM, Na\u021bionalFM, Radio Total, Smart FM), unde a acoperit domeniile politic, economic, social \u0219i externe. Ulterior, a fost editor-coordonator al postului Realitatea FM. Experien\u021ba \u00een jurnalismul online a dob\u00e2ndit-o la portalul B365.ro, unde a fost editor. \u00cen 2012 s-a angajat \u00een televiziune. La Realitatea TV a fost, pe r\u00e2nd, reporter la sec\u021bia Social, reporter special la emisiunea de reportaje \u0219i anchete \u201eReporterii Realit\u0103\u021bii\u201d, dar \u0219i editor al jurnalelor de \u0219tiri. Ulterior, a f\u0103cut parte din sec\u021bia de Investiga\u021bii de la Digi24 \u0219i a lucrat la campania \u201eRom\u00e2nia furat\u0103\u201d. A revenit \u00een presa scris\u0103 \u00een 2017, ca reporter special, \u00een cadrul unui proiect de repozi\u021bionare a tabloidului Libertatea \u00een cotidian generalist. Este jurnalist Buletin de Bucure\u0219ti din 2019.\",\"url\":\"https:\\\/\\\/buletin.de\\\/bucuresti\\\/author\\\/catalin\\\/\"}]}<\/script>\n<!-- \/ Yoast SEO Premium plugin. -->","yoast_head_json":{"title":"Sector 3 | Bani pentru demolarea bisericii Sf. Ierarh Calinic-Titan. Va fi ridicat un nou l\u0103ca\u015f de cult, de dou\u0103 milioane de euro, cu spa\u0163ii \u201eadecvate nevoilor spirituale\u201d - Buletin de Bucure\u0219ti","description":"Prim\u0103ria Sectorului 3 preg\u0103te\u0219te o nou\u0103 alocare bugetar\u0103 pentru demolarea bisericii Sf. Ierarh Calinic-Titan.","robots":{"index":"index","follow":"follow","max-snippet":"max-snippet:-1","max-image-preview":"max-image-preview:large","max-video-preview":"max-video-preview:-1"},"canonical":"https:\/\/buletin.de\/bucuresti\/sector-3-bani-pentru-demolarea-bisericii-sf-ierarh-calinic-titan-va-fi-ridicat-un-nou-lacas-de-cult-de-doua-milioane-de-euro-cu-spatii-adecvate-nevoilor-spirituale\/","og_locale":"en_GB","og_type":"article","og_title":"Sector 3 | Bani pentru demolarea bisericii Sf. Ierarh Calinic-Titan. Va fi ridicat un nou l\u0103ca\u015f de cult, de dou\u0103 milioane de euro, cu spa\u0163ii \u201eadecvate nevoilor spirituale\u201d","og_description":"Prim\u0103ria Sectorului 3 preg\u0103te\u0219te o nou\u0103 alocare bugetar\u0103 pentru demolarea bisericii Sf. Ierarh Calinic-Titan.","og_url":"https:\/\/buletin.de\/bucuresti\/sector-3-bani-pentru-demolarea-bisericii-sf-ierarh-calinic-titan-va-fi-ridicat-un-nou-lacas-de-cult-de-doua-milioane-de-euro-cu-spatii-adecvate-nevoilor-spirituale\/","og_site_name":"Buletin de Bucure\u0219ti","article_publisher":"https:\/\/www.facebook.com\/buletin.de.buc","article_published_time":"2025-12-16T03:28:00+00:00","article_modified_time":"2025-12-16T07:08:35+00:00","og_image":[{"width":970,"height":594,"url":"https:\/\/buletin.de\/bucuresti\/wp-content\/uploads\/2025\/12\/Captura-de-ecran-2025-12-15-161405.png","type":"image\/png"}],"author":"C\u0103t\u0103lin Dosca\u0219","twitter_card":"summary_large_image","twitter_misc":{"Written by":"C\u0103t\u0103lin Dosca\u0219","Estimated reading time":"3 minutes"},"schema":{"@context":"https:\/\/schema.org","@graph":[{"@type":"Article","@id":"https:\/\/buletin.de\/bucuresti\/sector-3-bani-pentru-demolarea-bisericii-sf-ierarh-calinic-titan-va-fi-ridicat-un-nou-lacas-de-cult-de-doua-milioane-de-euro-cu-spatii-adecvate-nevoilor-spirituale\/#article","isPartOf":{"@id":"https:\/\/buletin.de\/bucuresti\/sector-3-bani-pentru-demolarea-bisericii-sf-ierarh-calinic-titan-va-fi-ridicat-un-nou-lacas-de-cult-de-doua-milioane-de-euro-cu-spatii-adecvate-nevoilor-spirituale\/"},"author":{"name":"C\u0103t\u0103lin Dosca\u0219","@id":"https:\/\/buletin.de\/bucuresti\/#\/schema\/person\/31117187ed4d0bdb0a4c7d6acc79d0f8"},"headline":"Sector 3 | Bani pentru demolarea bisericii Sf. Ierarh Calinic-Titan. Va fi ridicat un nou l\u0103ca\u015f de cult, de dou\u0103 milioane de euro, cu spa\u0163ii \u201eadecvate nevoilor spirituale\u201d","datePublished":"2025-12-16T03:28:00+00:00","dateModified":"2025-12-16T07:08:35+00:00","mainEntityOfPage":{"@id":"https:\/\/buletin.de\/bucuresti\/sector-3-bani-pentru-demolarea-bisericii-sf-ierarh-calinic-titan-va-fi-ridicat-un-nou-lacas-de-cult-de-doua-milioane-de-euro-cu-spatii-adecvate-nevoilor-spirituale\/"},"wordCount":663,"publisher":{"@id":"https:\/\/buletin.de\/bucuresti\/#organization"},"image":{"@id":"https:\/\/buletin.de\/bucuresti\/sector-3-bani-pentru-demolarea-bisericii-sf-ierarh-calinic-titan-va-fi-ridicat-un-nou-lacas-de-cult-de-doua-milioane-de-euro-cu-spatii-adecvate-nevoilor-spirituale\/#primaryimage"},"thumbnailUrl":"https:\/\/buletin.de\/bucuresti\/wp-content\/uploads\/2025\/12\/Captura-de-ecran-2025-12-15-161405.png","keywords":["Anissy Design Construct SRL","bani publici","buget local 2025","Campia Libertatii","consiliul local sector 3","demolare biserica","investitii culte","Parohia Sfantul Ierarh Calinic Titan","primaria sectorului 3","robert negoita","Sector 3"],"articleSection":["Articole","Featured","Politic","Prim\u0103rie"],"inLanguage":"en-GB","copyrightYear":"2025","copyrightHolder":{"@id":"https:\/\/buletin.de\/bucuresti\/#organization"}},{"@type":"WebPage","@id":"https:\/\/buletin.de\/bucuresti\/sector-3-bani-pentru-demolarea-bisericii-sf-ierarh-calinic-titan-va-fi-ridicat-un-nou-lacas-de-cult-de-doua-milioane-de-euro-cu-spatii-adecvate-nevoilor-spirituale\/","url":"https:\/\/buletin.de\/bucuresti\/sector-3-bani-pentru-demolarea-bisericii-sf-ierarh-calinic-titan-va-fi-ridicat-un-nou-lacas-de-cult-de-doua-milioane-de-euro-cu-spatii-adecvate-nevoilor-spirituale\/","name":"Sector 3 | Bani pentru demolarea bisericii Sf. Ierarh Calinic-Titan. Va fi ridicat un nou l\u0103ca\u015f de cult, de dou\u0103 milioane de euro, cu spa\u0163ii \u201eadecvate nevoilor spirituale\u201d - Buletin de Bucure\u0219ti","isPartOf":{"@id":"https:\/\/buletin.de\/bucuresti\/#website"},"primaryImageOfPage":{"@id":"https:\/\/buletin.de\/bucuresti\/sector-3-bani-pentru-demolarea-bisericii-sf-ierarh-calinic-titan-va-fi-ridicat-un-nou-lacas-de-cult-de-doua-milioane-de-euro-cu-spatii-adecvate-nevoilor-spirituale\/#primaryimage"},"image":{"@id":"https:\/\/buletin.de\/bucuresti\/sector-3-bani-pentru-demolarea-bisericii-sf-ierarh-calinic-titan-va-fi-ridicat-un-nou-lacas-de-cult-de-doua-milioane-de-euro-cu-spatii-adecvate-nevoilor-spirituale\/#primaryimage"},"thumbnailUrl":"https:\/\/buletin.de\/bucuresti\/wp-content\/uploads\/2025\/12\/Captura-de-ecran-2025-12-15-161405.png","datePublished":"2025-12-16T03:28:00+00:00","dateModified":"2025-12-16T07:08:35+00:00","description":"Prim\u0103ria Sectorului 3 preg\u0103te\u0219te o nou\u0103 alocare bugetar\u0103 pentru demolarea bisericii Sf. Ierarh Calinic-Titan.","breadcrumb":{"@id":"https:\/\/buletin.de\/bucuresti\/sector-3-bani-pentru-demolarea-bisericii-sf-ierarh-calinic-titan-va-fi-ridicat-un-nou-lacas-de-cult-de-doua-milioane-de-euro-cu-spatii-adecvate-nevoilor-spirituale\/#breadcrumb"},"inLanguage":"en-GB","potentialAction":[{"@type":"ReadAction","target":["https:\/\/buletin.de\/bucuresti\/sector-3-bani-pentru-demolarea-bisericii-sf-ierarh-calinic-titan-va-fi-ridicat-un-nou-lacas-de-cult-de-doua-milioane-de-euro-cu-spatii-adecvate-nevoilor-spirituale\/"]}]},{"@type":"ImageObject","inLanguage":"en-GB","@id":"https:\/\/buletin.de\/bucuresti\/sector-3-bani-pentru-demolarea-bisericii-sf-ierarh-calinic-titan-va-fi-ridicat-un-nou-lacas-de-cult-de-doua-milioane-de-euro-cu-spatii-adecvate-nevoilor-spirituale\/#primaryimage","url":"https:\/\/buletin.de\/bucuresti\/wp-content\/uploads\/2025\/12\/Captura-de-ecran-2025-12-15-161405.png","contentUrl":"https:\/\/buletin.de\/bucuresti\/wp-content\/uploads\/2025\/12\/Captura-de-ecran-2025-12-15-161405.png","width":970,"height":594,"caption":"Bani pentru demolarea bisericii Sf. Ierarh Calinic-Titan. FOTO: Gmaps"},{"@type":"BreadcrumbList","@id":"https:\/\/buletin.de\/bucuresti\/sector-3-bani-pentru-demolarea-bisericii-sf-ierarh-calinic-titan-va-fi-ridicat-un-nou-lacas-de-cult-de-doua-milioane-de-euro-cu-spatii-adecvate-nevoilor-spirituale\/#breadcrumb","itemListElement":[{"@type":"ListItem","position":1,"name":"Acas\u0103","item":"https:\/\/buletin.de\/bucuresti\/"},{"@type":"ListItem","position":2,"name":"Sector 3 | Bani pentru demolarea bisericii Sf. Ierarh Calinic-Titan. Va fi ridicat un nou l\u0103ca\u015f de cult, de dou\u0103 milioane de euro, cu spa\u0163ii \u201eadecvate nevoilor spirituale\u201d"}]},{"@type":"WebSite","@id":"https:\/\/buletin.de\/bucuresti\/#website","url":"https:\/\/buletin.de\/bucuresti\/","name":"Buletin de Bucure\u0219ti","description":"\u0218tiri \u0219i investiga\u021bii esen\u021biale din capital\u0103","publisher":{"@id":"https:\/\/buletin.de\/bucuresti\/#organization"},"potentialAction":[{"@type":"SearchAction","target":{"@type":"EntryPoint","urlTemplate":"https:\/\/buletin.de\/bucuresti\/?s={search_term_string}"},"query-input":{"@type":"PropertyValueSpecification","valueRequired":true,"valueName":"search_term_string"}}],"inLanguage":"en-GB"},{"@type":"Organization","@id":"https:\/\/buletin.de\/bucuresti\/#organization","name":"Buletin de Bucure\u0219ti","url":"https:\/\/buletin.de\/bucuresti\/","logo":{"@type":"ImageObject","inLanguage":"en-GB","@id":"https:\/\/buletin.de\/bucuresti\/#\/schema\/logo\/image\/","url":"https:\/\/buletin.de\/bucuresti\/wp-content\/uploads\/logo-bdb-full-wide-vernil-transparent.png","contentUrl":"https:\/\/buletin.de\/bucuresti\/wp-content\/uploads\/logo-bdb-full-wide-vernil-transparent.png","width":1782,"height":626,"caption":"Buletin de Bucure\u0219ti"},"image":{"@id":"https:\/\/buletin.de\/bucuresti\/#\/schema\/logo\/image\/"},"sameAs":["https:\/\/www.facebook.com\/buletin.de.buc","https:\/\/www.instagram.com\/buletinde.bucuresti\/"]},{"@type":"Person","@id":"https:\/\/buletin.de\/bucuresti\/#\/schema\/person\/31117187ed4d0bdb0a4c7d6acc79d0f8","name":"C\u0103t\u0103lin Dosca\u0219","image":{"@type":"ImageObject","inLanguage":"en-GB","@id":"https:\/\/buletin.de\/bucuresti\/wp-content\/uploads\/Catalin-Doscas-e1732731064764-96x96.jpga93e2943bb3b1c1f9ead823df6e6317a","url":"https:\/\/buletin.de\/bucuresti\/wp-content\/uploads\/Catalin-Doscas-e1732731064764-96x96.jpg","contentUrl":"https:\/\/buletin.de\/bucuresti\/wp-content\/uploads\/Catalin-Doscas-e1732731064764-96x96.jpg","caption":"C\u0103t\u0103lin Dosca\u0219"},"description":"Reporter \u0219i redactor-\u0219ef Buletin de Bucure\u0219ti. Lucreaz\u0103 \u00een mass-media de la v\u00e2rsta de 15 ani, c\u00e2nd a publicat primele articole \u00een presa local\u0103 din Tecuci. \u00cen Bucure\u0219ti a lucrat \u00een redac\u021bii radio ca reporter, redactor \u0219i prezentator (StudentFM, Na\u021bionalFM, Radio Total, Smart FM), unde a acoperit domeniile politic, economic, social \u0219i externe. Ulterior, a fost editor-coordonator al postului Realitatea FM. Experien\u021ba \u00een jurnalismul online a dob\u00e2ndit-o la portalul B365.ro, unde a fost editor. \u00cen 2012 s-a angajat \u00een televiziune. La Realitatea TV a fost, pe r\u00e2nd, reporter la sec\u021bia Social, reporter special la emisiunea de reportaje \u0219i anchete \u201eReporterii Realit\u0103\u021bii\u201d, dar \u0219i editor al jurnalelor de \u0219tiri. Ulterior, a f\u0103cut parte din sec\u021bia de Investiga\u021bii de la Digi24 \u0219i a lucrat la campania \u201eRom\u00e2nia furat\u0103\u201d. A revenit \u00een presa scris\u0103 \u00een 2017, ca reporter special, \u00een cadrul unui proiect de repozi\u021bionare a tabloidului Libertatea \u00een cotidian generalist. Este jurnalist Buletin de Bucure\u0219ti din 2019.","url":"https:\/\/buletin.de\/bucuresti\/author\/catalin\/"}]}},"authors":[{"term_id":22575,"user_id":10,"is_guest":0,"slug":"catalin","display_name":"C\u0103t\u0103lin Dosca\u0219","avatar_url":"https:\/\/buletin.de\/bucuresti\/wp-content\/uploads\/Catalin-Doscas-e1732731064764-96x96.jpg","0":null,"1":"","2":"","3":"","4":"","5":"","6":"","7":"","8":""}],"_links":{"self":[{"href":"https:\/\/buletin.de\/bucuresti\/wp-json\/wp\/v2\/posts\/162578","targetHints":{"allow":["GET"]}}],"collection":[{"href":"https:\/\/buletin.de\/bucuresti\/wp-json\/wp\/v2\/posts"}],"about":[{"href":"https:\/\/buletin.de\/bucuresti\/wp-json\/wp\/v2\/types\/post"}],"author":[{"embeddable":true,"href":"https:\/\/buletin.de\/bucuresti\/wp-json\/wp\/v2\/users\/10"}],"replies":[{"embeddable":true,"href":"https:\/\/buletin.de\/bucuresti\/wp-json\/wp\/v2\/comments?post=162578"}],"version-history":[{"count":3,"href":"https:\/\/buletin.de\/bucuresti\/wp-json\/wp\/v2\/posts\/162578\/revisions"}],"predecessor-version":[{"id":162667,"href":"https:\/\/buletin.de\/bucuresti\/wp-json\/wp\/v2\/posts\/162578\/revisions\/162667"}],"wp:featuredmedia":[{"embeddable":true,"href":"https:\/\/buletin.de\/bucuresti\/wp-json\/wp\/v2\/media\/162586"}],"wp:attachment":[{"href":"https:\/\/buletin.de\/bucuresti\/wp-json\/wp\/v2\/media?parent=162578"}],"wp:term":[{"taxonomy":"category","embeddable":true,"href":"https:\/\/buletin.de\/bucuresti\/wp-json\/wp\/v2\/categories?post=162578"},{"taxonomy":"post_tag","embeddable":true,"href":"https:\/\/buletin.de\/bucuresti\/wp-json\/wp\/v2\/tags?post=162578"},{"taxonomy":"author","embeddable":true,"href":"https:\/\/buletin.de\/bucuresti\/wp-json\/wp\/v2\/ppma_author?post=162578"}],"curies":[{"name":"wp","href":"https:\/\/api.w.org\/{rel}","templated":true}]}}