{"id":16257,"date":"2020-12-05T22:09:48","date_gmt":"2020-12-05T19:09:48","guid":{"rendered":"https:\/\/buletin.de\/bucuresti\/?p=16257"},"modified":"2020-12-10T19:20:01","modified_gmt":"2020-12-10T16:20:01","slug":"alegerile-parlamentare-in-timp-real-pe-buletin-de-bucuresti-cu-ajutorul-zoom-report","status":"publish","type":"post","link":"https:\/\/buletin.de\/bucuresti\/alegerile-parlamentare-in-timp-real-pe-buletin-de-bucuresti-cu-ajutorul-zoom-report\/","title":{"rendered":"Alegerile parlamentare \u00een timp real pe Buletin de Bucure\u0219ti cu ajutorul Zoom Report"},"content":{"rendered":"\n<p><strong>Cititorii Buletin de Bucure\u0219ti vor putea urm\u0103ri prezen\u021ba la alegerile parlamentare \u00een timp real pe site-ul nostru cu ajutorul Zoom Report, prima platform\u0103 de location intelligence din Rom\u00e2nia. Platforma pune la dispozi\u021bie informa\u021bii despre num\u0103rul, v\u00e2rsta \u0219i genul persoanelor care au votat \u00een func\u021bie de jude\u021b.<\/strong><\/p>\n\n\n\n<style>\n\n.full-width {\n  width: 100vw;\n  position: relative;\n  left: 50%;\n  right: 50%;\n  margin-left: -50vw;\n  margin-right: -50vw;\n}\n\n<\/style>\n\n\n\n<p><\/p>\n\n\n\n<div class=\"full-width\">\n<style>.iframe-container{margin: 0 auto;max-width:100%;width:100%;height:70vh;}@media only screen and (max-width: 992px) {.iframe-container{width: 80%;height:400px;}}@media only screen and (max-width: 600px) {.iframe-container{width: 100%; height:500px;}}<\/style><div class=\"iframe-container\"><iframe style=\"width:100%;height:100%;border:none\" src=\"https:\/\/alegeri.zoom.report\/parlamentare\/#\/prezenta?oras=bucuresti\" scrolling=\"yes\">Browser-ul t\u0103u nu accept\u0103 Iframe<\/iframe><\/div>\n<\/div>\n\n\n\n<blockquote class=\"wp-block-quote is-layout-flow wp-block-quote-is-layout-flow\"><p>Vizualizarea pe hart\u0103 a prezen\u021bei va fi actualizat\u0103 la 15 minute la nivel de jude\u021b, localitate \u0219i va fi disponibil\u0103 pentru 6 orase la nivel de sec\u021bie de votare: Bucure\u0219ti, Bra\u0219ov, Cluj, Timi\u0219oara, Ia\u0219i \u0219i Constan\u021ba. Toate vizualiz\u0103rile pot fi filtrate dup\u0103 sex \u0219i v\u00e2rst\u0103 (\u00een intervaluri de 5 ani).<\/p><cite>Cosmin Ni\u021bu, co-fondator Zoom Report<\/cite><\/blockquote>\n\n\n\n<p>Zoom Report este un startup rom\u00e2nesc \u00eenfiin\u021bat \u00een 2019 care \u00ee\u0219i propune s\u0103 faciliteze accesul antreprenorilor, consultan\u021bilor \u0219i anali\u0219tilor la date socio-economice detaliate \u0219i localizate geografic. Astfel ace\u0219tia economisesc timpul de cercetare \u0219i se pot concentra mai mult \u00een a lua cele mai bune decizii pentru proiectele lor.<\/p>\n\n\n\n<p>Echipa Zoom Report este absolvent\u0103 a programului de preaccelerare <a href=\"http:\/\/(https:\/\/stepfwd.today\/startups.html)\">Step Forward 2019<\/a> \u0219i \u00een prezent este participant\u0103 \u00een cadrul programelor <a href=\"https:\/\/bucharest.ai\/2020\/11\/04\/beai-europes-ai-pre-accelerator-pitch-demo-day\/\">BeAI<\/a> \u0219i <a href=\"https:\/\/techcelerator.ro\/portfolio\/\">Techcelerator<\/a>.<\/p>\n\n\n\n<blockquote class=\"wp-block-quote is-layout-flow wp-block-quote-is-layout-flow\"><p>Credem c\u0103 deciziile bazate pe date contribuie la o societate mai bun\u0103 \u0219i Zoom Report \u00ee\u0219i propune s\u0103 participe activ \u00een acest proces. <\/p><cite>spune fondatorul Zoom Report.<\/cite><\/blockquote>\n","protected":false},"excerpt":{"rendered":"<p>Cititorii Buletin de Bucure\u0219ti vor putea urm\u0103ri prezen\u021ba la alegerile parlamentare \u00een timp real pe site-ul nostru cu ajutorul Zoom Report, prima platform\u0103 de location intelligence din Rom\u00e2nia. Platforma pune la dispozi\u021bie informa\u021bii despre num\u0103rul, v\u00e2rsta \u0219i genul persoanelor care au votat \u00een func\u021bie de jude\u021b. Browser-ul t\u0103u nu accept\u0103 Iframe Vizualizarea pe hart\u0103 a [&hellip;]<\/p>\n","protected":false},"author":6,"featured_media":16258,"comment_status":"closed","ping_status":"open","sticky":false,"template":"","format":"standard","meta":{"_acf_changed":false,"inline_featured_image":false,"ngg_post_thumbnail":0,"footnotes":""},"categories":[62],"tags":[1694,1951],"ppma_author":[22588],"class_list":["post-16257","post","type-post","status-publish","format-standard","has-post-thumbnail","hentry","category-stiri","tag-alegeri-parlamentare","tag-zoom-report"],"acf":[],"yoast_head":"<!-- This site is optimized with the Yoast SEO Premium plugin v25.3 (Yoast SEO v27.5) - https:\/\/yoast.com\/product\/yoast-seo-premium-wordpress\/ -->\n<title>Alegerile parlamentare \u00een timp real pe Buletin de Bucure\u0219ti cu ajutorul Zoom Report - Buletin de Bucure\u0219ti<\/title>\n<meta name=\"robots\" content=\"index, follow, max-snippet:-1, max-image-preview:large, max-video-preview:-1\" \/>\n<link rel=\"canonical\" href=\"https:\/\/buletin.de\/bucuresti\/alegerile-parlamentare-in-timp-real-pe-buletin-de-bucuresti-cu-ajutorul-zoom-report\/\" \/>\n<meta property=\"og:locale\" content=\"en_GB\" \/>\n<meta property=\"og:type\" content=\"article\" \/>\n<meta property=\"og:title\" content=\"Alegerile parlamentare \u00een timp real pe Buletin de Bucure\u0219ti cu ajutorul Zoom Report\" \/>\n<meta property=\"og:description\" content=\"Cititorii Buletin de Bucure\u0219ti vor putea urm\u0103ri prezen\u021ba la alegerile parlamentare \u00een timp real pe site-ul nostru cu ajutorul Zoom Report, prima platform\u0103 de location intelligence din Rom\u00e2nia. Platforma pune la dispozi\u021bie informa\u021bii despre num\u0103rul, v\u00e2rsta \u0219i genul persoanelor care au votat \u00een func\u021bie de jude\u021b. Browser-ul t\u0103u nu accept\u0103 Iframe Vizualizarea pe hart\u0103 a [&hellip;]\" \/>\n<meta property=\"og:url\" content=\"https:\/\/buletin.de\/bucuresti\/alegerile-parlamentare-in-timp-real-pe-buletin-de-bucuresti-cu-ajutorul-zoom-report\/\" \/>\n<meta property=\"og:site_name\" content=\"Buletin de Bucure\u0219ti\" \/>\n<meta property=\"article:publisher\" content=\"https:\/\/www.facebook.com\/buletin.de.buc\" \/>\n<meta property=\"article:published_time\" content=\"2020-12-05T19:09:48+00:00\" \/>\n<meta property=\"article:modified_time\" content=\"2020-12-10T16:20:01+00:00\" \/>\n<meta property=\"og:image\" content=\"https:\/\/buletin.de\/bucuresti\/wp-content\/uploads\/Screenshot_154.png\" \/>\n\t<meta property=\"og:image:width\" content=\"1898\" \/>\n\t<meta property=\"og:image:height\" content=\"928\" \/>\n\t<meta property=\"og:image:type\" content=\"image\/png\" \/>\n<meta name=\"author\" content=\"Bianca Albu\" \/>\n<meta name=\"twitter:card\" content=\"summary_large_image\" \/>\n<meta name=\"twitter:label1\" content=\"Written by\" \/>\n\t<meta name=\"twitter:data1\" content=\"Bianca Albu\" \/>\n\t<meta name=\"twitter:label2\" content=\"Estimated reading time\" \/>\n\t<meta name=\"twitter:data2\" content=\"1 minute\" \/>\n<script type=\"application\/ld+json\" class=\"yoast-schema-graph\">{\"@context\":\"https:\\\/\\\/schema.org\",\"@graph\":[{\"@type\":\"Article\",\"@id\":\"https:\\\/\\\/buletin.de\\\/bucuresti\\\/alegerile-parlamentare-in-timp-real-pe-buletin-de-bucuresti-cu-ajutorul-zoom-report\\\/#article\",\"isPartOf\":{\"@id\":\"https:\\\/\\\/buletin.de\\\/bucuresti\\\/alegerile-parlamentare-in-timp-real-pe-buletin-de-bucuresti-cu-ajutorul-zoom-report\\\/\"},\"author\":{\"name\":\"Bianca Albu\",\"@id\":\"https:\\\/\\\/buletin.de\\\/bucuresti\\\/#\\\/schema\\\/person\\\/295dc2228d2dc79294d636619468dc7f\"},\"headline\":\"Alegerile parlamentare \u00een timp real pe Buletin de Bucure\u0219ti cu ajutorul Zoom Report\",\"datePublished\":\"2020-12-05T19:09:48+00:00\",\"dateModified\":\"2020-12-10T16:20:01+00:00\",\"mainEntityOfPage\":{\"@id\":\"https:\\\/\\\/buletin.de\\\/bucuresti\\\/alegerile-parlamentare-in-timp-real-pe-buletin-de-bucuresti-cu-ajutorul-zoom-report\\\/\"},\"wordCount\":238,\"publisher\":{\"@id\":\"https:\\\/\\\/buletin.de\\\/bucuresti\\\/#organization\"},\"image\":{\"@id\":\"https:\\\/\\\/buletin.de\\\/bucuresti\\\/alegerile-parlamentare-in-timp-real-pe-buletin-de-bucuresti-cu-ajutorul-zoom-report\\\/#primaryimage\"},\"thumbnailUrl\":\"https:\\\/\\\/buletin.de\\\/bucuresti\\\/wp-content\\\/uploads\\\/Screenshot_154.png\",\"keywords\":[\"Alegeri Parlamentare\",\"zoom report\"],\"articleSection\":[\"\u0218tiri\"],\"inLanguage\":\"en-GB\",\"copyrightYear\":\"2020\",\"copyrightHolder\":{\"@id\":\"https:\\\/\\\/buletin.de\\\/bucuresti\\\/#organization\"}},{\"@type\":\"WebPage\",\"@id\":\"https:\\\/\\\/buletin.de\\\/bucuresti\\\/alegerile-parlamentare-in-timp-real-pe-buletin-de-bucuresti-cu-ajutorul-zoom-report\\\/\",\"url\":\"https:\\\/\\\/buletin.de\\\/bucuresti\\\/alegerile-parlamentare-in-timp-real-pe-buletin-de-bucuresti-cu-ajutorul-zoom-report\\\/\",\"name\":\"Alegerile parlamentare \u00een timp real pe Buletin de Bucure\u0219ti cu ajutorul Zoom Report - Buletin de Bucure\u0219ti\",\"isPartOf\":{\"@id\":\"https:\\\/\\\/buletin.de\\\/bucuresti\\\/#website\"},\"primaryImageOfPage\":{\"@id\":\"https:\\\/\\\/buletin.de\\\/bucuresti\\\/alegerile-parlamentare-in-timp-real-pe-buletin-de-bucuresti-cu-ajutorul-zoom-report\\\/#primaryimage\"},\"image\":{\"@id\":\"https:\\\/\\\/buletin.de\\\/bucuresti\\\/alegerile-parlamentare-in-timp-real-pe-buletin-de-bucuresti-cu-ajutorul-zoom-report\\\/#primaryimage\"},\"thumbnailUrl\":\"https:\\\/\\\/buletin.de\\\/bucuresti\\\/wp-content\\\/uploads\\\/Screenshot_154.png\",\"datePublished\":\"2020-12-05T19:09:48+00:00\",\"dateModified\":\"2020-12-10T16:20:01+00:00\",\"breadcrumb\":{\"@id\":\"https:\\\/\\\/buletin.de\\\/bucuresti\\\/alegerile-parlamentare-in-timp-real-pe-buletin-de-bucuresti-cu-ajutorul-zoom-report\\\/#breadcrumb\"},\"inLanguage\":\"en-GB\",\"potentialAction\":[{\"@type\":\"ReadAction\",\"target\":[\"https:\\\/\\\/buletin.de\\\/bucuresti\\\/alegerile-parlamentare-in-timp-real-pe-buletin-de-bucuresti-cu-ajutorul-zoom-report\\\/\"]}]},{\"@type\":\"ImageObject\",\"inLanguage\":\"en-GB\",\"@id\":\"https:\\\/\\\/buletin.de\\\/bucuresti\\\/alegerile-parlamentare-in-timp-real-pe-buletin-de-bucuresti-cu-ajutorul-zoom-report\\\/#primaryimage\",\"url\":\"https:\\\/\\\/buletin.de\\\/bucuresti\\\/wp-content\\\/uploads\\\/Screenshot_154.png\",\"contentUrl\":\"https:\\\/\\\/buletin.de\\\/bucuresti\\\/wp-content\\\/uploads\\\/Screenshot_154.png\",\"width\":1898,\"height\":928},{\"@type\":\"BreadcrumbList\",\"@id\":\"https:\\\/\\\/buletin.de\\\/bucuresti\\\/alegerile-parlamentare-in-timp-real-pe-buletin-de-bucuresti-cu-ajutorul-zoom-report\\\/#breadcrumb\",\"itemListElement\":[{\"@type\":\"ListItem\",\"position\":1,\"name\":\"Acas\u0103\",\"item\":\"https:\\\/\\\/buletin.de\\\/bucuresti\\\/\"},{\"@type\":\"ListItem\",\"position\":2,\"name\":\"Alegerile parlamentare \u00een timp real pe Buletin de Bucure\u0219ti cu ajutorul Zoom Report\"}]},{\"@type\":\"WebSite\",\"@id\":\"https:\\\/\\\/buletin.de\\\/bucuresti\\\/#website\",\"url\":\"https:\\\/\\\/buletin.de\\\/bucuresti\\\/\",\"name\":\"Buletin de Bucure\u0219ti\",\"description\":\"\u0218tiri \u0219i investiga\u021bii esen\u021biale din capital\u0103\",\"publisher\":{\"@id\":\"https:\\\/\\\/buletin.de\\\/bucuresti\\\/#organization\"},\"potentialAction\":[{\"@type\":\"SearchAction\",\"target\":{\"@type\":\"EntryPoint\",\"urlTemplate\":\"https:\\\/\\\/buletin.de\\\/bucuresti\\\/?s={search_term_string}\"},\"query-input\":{\"@type\":\"PropertyValueSpecification\",\"valueRequired\":true,\"valueName\":\"search_term_string\"}}],\"inLanguage\":\"en-GB\"},{\"@type\":\"Organization\",\"@id\":\"https:\\\/\\\/buletin.de\\\/bucuresti\\\/#organization\",\"name\":\"Buletin de Bucure\u0219ti\",\"url\":\"https:\\\/\\\/buletin.de\\\/bucuresti\\\/\",\"logo\":{\"@type\":\"ImageObject\",\"inLanguage\":\"en-GB\",\"@id\":\"https:\\\/\\\/buletin.de\\\/bucuresti\\\/#\\\/schema\\\/logo\\\/image\\\/\",\"url\":\"https:\\\/\\\/buletin.de\\\/bucuresti\\\/wp-content\\\/uploads\\\/logo-bdb-full-wide-vernil-transparent.png\",\"contentUrl\":\"https:\\\/\\\/buletin.de\\\/bucuresti\\\/wp-content\\\/uploads\\\/logo-bdb-full-wide-vernil-transparent.png\",\"width\":1782,\"height\":626,\"caption\":\"Buletin de Bucure\u0219ti\"},\"image\":{\"@id\":\"https:\\\/\\\/buletin.de\\\/bucuresti\\\/#\\\/schema\\\/logo\\\/image\\\/\"},\"sameAs\":[\"https:\\\/\\\/www.facebook.com\\\/buletin.de.buc\",\"https:\\\/\\\/www.instagram.com\\\/buletinde.bucuresti\\\/\"]},{\"@type\":\"Person\",\"@id\":\"https:\\\/\\\/buletin.de\\\/bucuresti\\\/#\\\/schema\\\/person\\\/295dc2228d2dc79294d636619468dc7f\",\"name\":\"Bianca Albu\",\"image\":{\"@type\":\"ImageObject\",\"inLanguage\":\"en-GB\",\"@id\":\"https:\\\/\\\/secure.gravatar.com\\\/avatar\\\/3df2e34e20f529e6fd7be4311ee1f7c4ec4aa886971590baf6fa214b15743516?s=96&d=monsterid&r=gf541c715eeec409ce8101252a3c0d8a7\",\"url\":\"https:\\\/\\\/secure.gravatar.com\\\/avatar\\\/3df2e34e20f529e6fd7be4311ee1f7c4ec4aa886971590baf6fa214b15743516?s=96&d=monsterid&r=g\",\"contentUrl\":\"https:\\\/\\\/secure.gravatar.com\\\/avatar\\\/3df2e34e20f529e6fd7be4311ee1f7c4ec4aa886971590baf6fa214b15743516?s=96&d=monsterid&r=g\",\"caption\":\"Bianca Albu\"},\"description\":\"Reporter\",\"url\":\"https:\\\/\\\/buletin.de\\\/bucuresti\\\/author\\\/biancaalbu\\\/\"}]}<\/script>\n<!-- \/ Yoast SEO Premium plugin. -->","yoast_head_json":{"title":"Alegerile parlamentare \u00een timp real pe Buletin de Bucure\u0219ti cu ajutorul Zoom Report - Buletin de Bucure\u0219ti","robots":{"index":"index","follow":"follow","max-snippet":"max-snippet:-1","max-image-preview":"max-image-preview:large","max-video-preview":"max-video-preview:-1"},"canonical":"https:\/\/buletin.de\/bucuresti\/alegerile-parlamentare-in-timp-real-pe-buletin-de-bucuresti-cu-ajutorul-zoom-report\/","og_locale":"en_GB","og_type":"article","og_title":"Alegerile parlamentare \u00een timp real pe Buletin de Bucure\u0219ti cu ajutorul Zoom Report","og_description":"Cititorii Buletin de Bucure\u0219ti vor putea urm\u0103ri prezen\u021ba la alegerile parlamentare \u00een timp real pe site-ul nostru cu ajutorul Zoom Report, prima platform\u0103 de location intelligence din Rom\u00e2nia. Platforma pune la dispozi\u021bie informa\u021bii despre num\u0103rul, v\u00e2rsta \u0219i genul persoanelor care au votat \u00een func\u021bie de jude\u021b. Browser-ul t\u0103u nu accept\u0103 Iframe Vizualizarea pe hart\u0103 a [&hellip;]","og_url":"https:\/\/buletin.de\/bucuresti\/alegerile-parlamentare-in-timp-real-pe-buletin-de-bucuresti-cu-ajutorul-zoom-report\/","og_site_name":"Buletin de Bucure\u0219ti","article_publisher":"https:\/\/www.facebook.com\/buletin.de.buc","article_published_time":"2020-12-05T19:09:48+00:00","article_modified_time":"2020-12-10T16:20:01+00:00","og_image":[{"width":1898,"height":928,"url":"https:\/\/buletin.de\/bucuresti\/wp-content\/uploads\/Screenshot_154.png","type":"image\/png"}],"author":"Bianca Albu","twitter_card":"summary_large_image","twitter_misc":{"Written by":"Bianca Albu","Estimated reading time":"1 minute"},"schema":{"@context":"https:\/\/schema.org","@graph":[{"@type":"Article","@id":"https:\/\/buletin.de\/bucuresti\/alegerile-parlamentare-in-timp-real-pe-buletin-de-bucuresti-cu-ajutorul-zoom-report\/#article","isPartOf":{"@id":"https:\/\/buletin.de\/bucuresti\/alegerile-parlamentare-in-timp-real-pe-buletin-de-bucuresti-cu-ajutorul-zoom-report\/"},"author":{"name":"Bianca Albu","@id":"https:\/\/buletin.de\/bucuresti\/#\/schema\/person\/295dc2228d2dc79294d636619468dc7f"},"headline":"Alegerile parlamentare \u00een timp real pe Buletin de Bucure\u0219ti cu ajutorul Zoom Report","datePublished":"2020-12-05T19:09:48+00:00","dateModified":"2020-12-10T16:20:01+00:00","mainEntityOfPage":{"@id":"https:\/\/buletin.de\/bucuresti\/alegerile-parlamentare-in-timp-real-pe-buletin-de-bucuresti-cu-ajutorul-zoom-report\/"},"wordCount":238,"publisher":{"@id":"https:\/\/buletin.de\/bucuresti\/#organization"},"image":{"@id":"https:\/\/buletin.de\/bucuresti\/alegerile-parlamentare-in-timp-real-pe-buletin-de-bucuresti-cu-ajutorul-zoom-report\/#primaryimage"},"thumbnailUrl":"https:\/\/buletin.de\/bucuresti\/wp-content\/uploads\/Screenshot_154.png","keywords":["Alegeri Parlamentare","zoom report"],"articleSection":["\u0218tiri"],"inLanguage":"en-GB","copyrightYear":"2020","copyrightHolder":{"@id":"https:\/\/buletin.de\/bucuresti\/#organization"}},{"@type":"WebPage","@id":"https:\/\/buletin.de\/bucuresti\/alegerile-parlamentare-in-timp-real-pe-buletin-de-bucuresti-cu-ajutorul-zoom-report\/","url":"https:\/\/buletin.de\/bucuresti\/alegerile-parlamentare-in-timp-real-pe-buletin-de-bucuresti-cu-ajutorul-zoom-report\/","name":"Alegerile parlamentare \u00een timp real pe Buletin de Bucure\u0219ti cu ajutorul Zoom Report - Buletin de Bucure\u0219ti","isPartOf":{"@id":"https:\/\/buletin.de\/bucuresti\/#website"},"primaryImageOfPage":{"@id":"https:\/\/buletin.de\/bucuresti\/alegerile-parlamentare-in-timp-real-pe-buletin-de-bucuresti-cu-ajutorul-zoom-report\/#primaryimage"},"image":{"@id":"https:\/\/buletin.de\/bucuresti\/alegerile-parlamentare-in-timp-real-pe-buletin-de-bucuresti-cu-ajutorul-zoom-report\/#primaryimage"},"thumbnailUrl":"https:\/\/buletin.de\/bucuresti\/wp-content\/uploads\/Screenshot_154.png","datePublished":"2020-12-05T19:09:48+00:00","dateModified":"2020-12-10T16:20:01+00:00","breadcrumb":{"@id":"https:\/\/buletin.de\/bucuresti\/alegerile-parlamentare-in-timp-real-pe-buletin-de-bucuresti-cu-ajutorul-zoom-report\/#breadcrumb"},"inLanguage":"en-GB","potentialAction":[{"@type":"ReadAction","target":["https:\/\/buletin.de\/bucuresti\/alegerile-parlamentare-in-timp-real-pe-buletin-de-bucuresti-cu-ajutorul-zoom-report\/"]}]},{"@type":"ImageObject","inLanguage":"en-GB","@id":"https:\/\/buletin.de\/bucuresti\/alegerile-parlamentare-in-timp-real-pe-buletin-de-bucuresti-cu-ajutorul-zoom-report\/#primaryimage","url":"https:\/\/buletin.de\/bucuresti\/wp-content\/uploads\/Screenshot_154.png","contentUrl":"https:\/\/buletin.de\/bucuresti\/wp-content\/uploads\/Screenshot_154.png","width":1898,"height":928},{"@type":"BreadcrumbList","@id":"https:\/\/buletin.de\/bucuresti\/alegerile-parlamentare-in-timp-real-pe-buletin-de-bucuresti-cu-ajutorul-zoom-report\/#breadcrumb","itemListElement":[{"@type":"ListItem","position":1,"name":"Acas\u0103","item":"https:\/\/buletin.de\/bucuresti\/"},{"@type":"ListItem","position":2,"name":"Alegerile parlamentare \u00een timp real pe Buletin de Bucure\u0219ti cu ajutorul Zoom Report"}]},{"@type":"WebSite","@id":"https:\/\/buletin.de\/bucuresti\/#website","url":"https:\/\/buletin.de\/bucuresti\/","name":"Buletin de Bucure\u0219ti","description":"\u0218tiri \u0219i investiga\u021bii esen\u021biale din capital\u0103","publisher":{"@id":"https:\/\/buletin.de\/bucuresti\/#organization"},"potentialAction":[{"@type":"SearchAction","target":{"@type":"EntryPoint","urlTemplate":"https:\/\/buletin.de\/bucuresti\/?s={search_term_string}"},"query-input":{"@type":"PropertyValueSpecification","valueRequired":true,"valueName":"search_term_string"}}],"inLanguage":"en-GB"},{"@type":"Organization","@id":"https:\/\/buletin.de\/bucuresti\/#organization","name":"Buletin de Bucure\u0219ti","url":"https:\/\/buletin.de\/bucuresti\/","logo":{"@type":"ImageObject","inLanguage":"en-GB","@id":"https:\/\/buletin.de\/bucuresti\/#\/schema\/logo\/image\/","url":"https:\/\/buletin.de\/bucuresti\/wp-content\/uploads\/logo-bdb-full-wide-vernil-transparent.png","contentUrl":"https:\/\/buletin.de\/bucuresti\/wp-content\/uploads\/logo-bdb-full-wide-vernil-transparent.png","width":1782,"height":626,"caption":"Buletin de Bucure\u0219ti"},"image":{"@id":"https:\/\/buletin.de\/bucuresti\/#\/schema\/logo\/image\/"},"sameAs":["https:\/\/www.facebook.com\/buletin.de.buc","https:\/\/www.instagram.com\/buletinde.bucuresti\/"]},{"@type":"Person","@id":"https:\/\/buletin.de\/bucuresti\/#\/schema\/person\/295dc2228d2dc79294d636619468dc7f","name":"Bianca Albu","image":{"@type":"ImageObject","inLanguage":"en-GB","@id":"https:\/\/secure.gravatar.com\/avatar\/3df2e34e20f529e6fd7be4311ee1f7c4ec4aa886971590baf6fa214b15743516?s=96&d=monsterid&r=gf541c715eeec409ce8101252a3c0d8a7","url":"https:\/\/secure.gravatar.com\/avatar\/3df2e34e20f529e6fd7be4311ee1f7c4ec4aa886971590baf6fa214b15743516?s=96&d=monsterid&r=g","contentUrl":"https:\/\/secure.gravatar.com\/avatar\/3df2e34e20f529e6fd7be4311ee1f7c4ec4aa886971590baf6fa214b15743516?s=96&d=monsterid&r=g","caption":"Bianca Albu"},"description":"Reporter","url":"https:\/\/buletin.de\/bucuresti\/author\/biancaalbu\/"}]}},"authors":[{"term_id":22588,"user_id":6,"is_guest":0,"slug":"biancaalbu","display_name":"Bianca Albu","avatar_url":"https:\/\/secure.gravatar.com\/avatar\/3df2e34e20f529e6fd7be4311ee1f7c4ec4aa886971590baf6fa214b15743516?s=96&d=monsterid&r=g","0":null,"1":"","2":"","3":"","4":"","5":"","6":"","7":"","8":""}],"_links":{"self":[{"href":"https:\/\/buletin.de\/bucuresti\/wp-json\/wp\/v2\/posts\/16257","targetHints":{"allow":["GET"]}}],"collection":[{"href":"https:\/\/buletin.de\/bucuresti\/wp-json\/wp\/v2\/posts"}],"about":[{"href":"https:\/\/buletin.de\/bucuresti\/wp-json\/wp\/v2\/types\/post"}],"author":[{"embeddable":true,"href":"https:\/\/buletin.de\/bucuresti\/wp-json\/wp\/v2\/users\/6"}],"replies":[{"embeddable":true,"href":"https:\/\/buletin.de\/bucuresti\/wp-json\/wp\/v2\/comments?post=16257"}],"version-history":[{"count":7,"href":"https:\/\/buletin.de\/bucuresti\/wp-json\/wp\/v2\/posts\/16257\/revisions"}],"predecessor-version":[{"id":16278,"href":"https:\/\/buletin.de\/bucuresti\/wp-json\/wp\/v2\/posts\/16257\/revisions\/16278"}],"wp:featuredmedia":[{"embeddable":true,"href":"https:\/\/buletin.de\/bucuresti\/wp-json\/wp\/v2\/media\/16258"}],"wp:attachment":[{"href":"https:\/\/buletin.de\/bucuresti\/wp-json\/wp\/v2\/media?parent=16257"}],"wp:term":[{"taxonomy":"category","embeddable":true,"href":"https:\/\/buletin.de\/bucuresti\/wp-json\/wp\/v2\/categories?post=16257"},{"taxonomy":"post_tag","embeddable":true,"href":"https:\/\/buletin.de\/bucuresti\/wp-json\/wp\/v2\/tags?post=16257"},{"taxonomy":"author","embeddable":true,"href":"https:\/\/buletin.de\/bucuresti\/wp-json\/wp\/v2\/ppma_author?post=16257"}],"curies":[{"name":"wp","href":"https:\/\/api.w.org\/{rel}","templated":true}]}}