{"id":162488,"date":"2025-12-15T10:54:24","date_gmt":"2025-12-15T07:54:24","guid":{"rendered":"https:\/\/buletin.de\/bucuresti\/?p=162488"},"modified":"2025-12-15T13:55:04","modified_gmt":"2025-12-15T10:55:04","slug":"lucrari-nocturne-pe-datorie-la-autostrada-moldovei-nodul-de-la-tisita-catre-panciu-si-tecuci-aproape-gata-cand-se-va-putea-circula-de-la-bucuresti-pana-la-adjud","status":"publish","type":"post","link":"https:\/\/buletin.de\/bucuresti\/lucrari-nocturne-pe-datorie-la-autostrada-moldovei-nodul-de-la-tisita-catre-panciu-si-tecuci-aproape-gata-cand-se-va-putea-circula-de-la-bucuresti-pana-la-adjud\/","title":{"rendered":"Lucr\u0103ri nocturne, pe datorie, la Autostrada Moldovei | Nodul de la Ti\u0219i\u021ba, c\u0103tre Panciu \u0219i Tecuci, aproape gata. C\u00e2nd se va putea circula de la Bucure\u0219ti la Adjud"},"content":{"rendered":"\n<p><strong>Termenul contractual asumat pentru finalizarea Lotului 1 al sec\u021biunii Foc\u0219ani \u2013 Bac\u0103u a fost dep\u0103\u0219it de aproape trei luni, iar gradul de finan\u021bare nu a trecut de 45%, arat\u0103 cele mai recente date de la nivelul de Companie Na\u021bionale de Administrare a Infrastructurii Rutiere (CNAIR). Totu\u0219i, mobilizarea din teren a constructorului rom\u00e2n UMB arat\u0103 c\u0103 acest segment ar urma s\u0103 fie deschis \u00eenainte de S\u0103rb\u0103tori, \u00een ciuda deconturilor slabe ale Executivului de la Bucure\u0219ti.<\/strong> <strong>Atunci s-ar putea circula pe autostrad\u0103 de la Bucure\u0219ti p\u00e2n\u0103 la Adjud.<\/strong><\/p>\n\n\n\n<p>Termenul de predare, al lotului de 35 de kilometri care trebuie s\u0103 lege Foc\u0219aniul de Adjud era 29 septembrie 2025. Imaginile recente surprinse pe \u0219antier arat\u0103 o activitate intens\u0103, desf\u0103\u0219urat\u0103 chiar \u0219i noaptea, sub lumina proiectoarelor, \u00een special \u00een zona nodului rutier de la Ti\u0219i\u021ba.<\/p>\n\n\n\n<iframe width=\"560\" height=\"315\" src=\"https:\/\/www.youtube.com\/embed\/8j3icWtLq7I?si=MqG3ISRjuio3nQWO\" title=\"YouTube video player\" frameborder=\"0\" allow=\"accelerometer; autoplay; clipboard-write; encrypted-media; gyroscope; picture-in-picture; web-share\" referrerpolicy=\"strict-origin-when-cross-origin\" allowfullscreen><\/iframe>\n\n\n\n<p>Aceast\u0103 por\u021biune este vital\u0103 pentru conectivitatea \u00eentregii regiuni, urm\u00e2nd s\u0103 asigure leg\u0103tura direct\u0103 \u00eentre Bucure\u0219ti \u0219i Adjud la profil de autostrad\u0103, elimin\u00e2nd astfel unul dintre cele mai periculoase sectoare de pe DN2\/E85.<\/p>\n\n\n\n<h2 class=\"wp-block-heading\" id=\"h-lucrari-nocturne-pe-datorie-la-autostrada-moldovei\"><strong>Lucr\u0103ri nocturne, pe datorie, la Autostrada Moldovei<\/strong><\/h2>\n\n\n\n<p>Utilajele consor\u021biului controlat de Dorinel Umbr\u0103rescu lucreaz\u0103 \u00een trei schimburi pentru a finaliza \u201eMelcul\u201d de la Ti\u0219i\u021ba, o structur\u0103 complex\u0103 care asigur\u0103 desc\u0103rcarea \u0219i accesul c\u0103tre Panciu \u0219i Tecuci.<\/p>\n\n\n\n<p>Potrivit celor mai recente imagini aeriene ale \u0219antierului, bretelele de acces \u0219i pasajele sunt \u00een faza de finisaje iar stratul final de asfalt a fost a\u0219ternut.<\/p>\n\n\n\n<iframe width=\"560\" height=\"315\" src=\"https:\/\/www.youtube.com\/embed\/hOYEHn52LSw?si=0gKjvn3L8Tbe3gNd\" title=\"YouTube video player\" frameborder=\"0\" allow=\"accelerometer; autoplay; clipboard-write; encrypted-media; gyroscope; picture-in-picture; web-share\" referrerpolicy=\"strict-origin-when-cross-origin\" allowfullscreen><\/iframe>\n\n\n\n<p>Se lucreaz\u0103 la marcajele rutiere, montarea parapetelor antifonice \u0219i la sistemele de iluminat, opera\u021biuni care se desf\u0103\u0219oar\u0103 simultan cu asfalt\u0103rile de pe podurile autostr\u0103zii.<\/p>\n\n\n\n<p><strong>CITE\u0218TE \u0218I: <a href=\"https:\/\/buletin.de\/bucuresti\/noul-primar-general-vrea-sa-transfere-catre-sectoare-parcurile-de-cartier-din-bucuresti\/\" target=\"_blank\" rel=\"noreferrer noopener\">Noul primar general vrea s\u0103 transfere c\u0103tre sectoare parcurile de cartier din Bucure\u0219ti<\/a><\/strong><\/p>\n\n\n\n<h2 class=\"wp-block-heading\" id=\"h-nodul-ti\u0219i\u021ba-punct-critic-pentru-infrastructur-a-care-va-permite-circula\u021bia-de-la-bucure\u0219ti-la-adjud-pe-autostrada\"><strong>Nodul Ti\u0219i\u021ba, punct critic pentru infrastructur<\/strong>a care va permite circula\u021bia <strong>de la Bucure\u0219ti la Adjud<\/strong> pe autostrad\u0103<\/h2>\n\n\n\n<p><strong>Complexitatea Lotului 1, care m\u0103soar\u0103 35,6 kilometri, este dat\u0103 \u00een principal de intersec\u021biile majore pe care le presupune.<\/strong><\/p>\n\n\n\n<p>Nodul rutier de la Ti\u0219i\u021ba nu este doar o simpl\u0103 ie\u0219ire de pe autostrad\u0103, ci un hub de conectare strategic. Acesta trebuie s\u0103 preia traficul greu \u0219i s\u0103 \u00eel distribuie c\u0103tre DN2L, facilit\u00e2nd accesul spre municipiul Tecuci \u0219i ora\u0219ul Panciu.<\/p>\n\n\n\n<p>Inginerii au fost nevoi\u021bi s\u0103 proiecteze \u0219i s\u0103 execute supratravers\u0103ri peste magistrala de cale ferat\u0103 500 Bucure\u0219ti \u2013 Suceava, una dintre cele mai circulate linii feroviare din \u021bar\u0103, precum \u0219i peste DN2\/E85.<\/p>\n\n\n\n<figure class=\"wp-block-image size-large\"><img fetchpriority=\"high\" decoding=\"async\" width=\"1000\" height=\"449\" src=\"data:image\/gif;base64,R0lGODlhAQABAAAAACH5BAEKAAEALAAAAAABAAEAAAICTAEAOw==\" data-src=\"https:\/\/buletin.de\/bucuresti\/wp-content\/uploads\/2025\/12\/Captura-de-ecran-2025-12-15-083821-1000x449.png\" alt=\"\" class=\"wp-image-162499 lazyload\" data-sizes=\"auto\" data-srcset=\"https:\/\/buletin.de\/bucuresti\/wp-content\/uploads\/2025\/12\/Captura-de-ecran-2025-12-15-083821-1000x449.png 1000w, https:\/\/buletin.de\/bucuresti\/wp-content\/uploads\/2025\/12\/Captura-de-ecran-2025-12-15-083821-300x135.png 300w, https:\/\/buletin.de\/bucuresti\/wp-content\/uploads\/2025\/12\/Captura-de-ecran-2025-12-15-083821-768x345.png 768w, https:\/\/buletin.de\/bucuresti\/wp-content\/uploads\/2025\/12\/Captura-de-ecran-2025-12-15-083821-1536x689.png 1536w, https:\/\/buletin.de\/bucuresti\/wp-content\/uploads\/2025\/12\/Captura-de-ecran-2025-12-15-083821-1100x494.png 1100w, https:\/\/buletin.de\/bucuresti\/wp-content\/uploads\/2025\/12\/Captura-de-ecran-2025-12-15-083821-600x269.png 600w, https:\/\/buletin.de\/bucuresti\/wp-content\/uploads\/2025\/12\/Captura-de-ecran-2025-12-15-083821-20x9.png 20w, https:\/\/buletin.de\/bucuresti\/wp-content\/uploads\/2025\/12\/Captura-de-ecran-2025-12-15-083821.png 1591w\" sizes=\"(max-width: 1000px) 100vw, 1000px\" \/><figcaption class=\"wp-element-caption\">Lucr\u0103ri la supratraversarea de pe DN2L c\u0103tre ora\u0219ul Paniciu. FOTO: <a href=\"https:\/\/www.youtube.com\/watch?v=hOYEHn52LSw\">RaduPDrum<\/a><\/figcaption><\/figure>\n\n\n\n<h2 class=\"wp-block-heading\" id=\"h-fractura-dintre-\u0219antier-\u0219i-contabilitate\"><strong>Fractura dintre \u0219antier \u0219i contabilitate<\/strong><\/h2>\n\n\n\n<p><strong>Dincolo de asfalt \u0219i utilaje, cifrele din spatele proiectului descriu o realitate financiar\u0103 mai pu\u021bin \u201evie\u201d. Potrivit celor mai recente date furnizate CNAIR, stadiul fizic al lucr\u0103rilor a atins pragul de 85%. \u00cen contrast, stadiul financiar raportat este de numai 45% pentru lotul dintre Foc\u0219ani \u0219i Adjud.<\/strong><\/p>\n\n\n\n<p>Aceast\u0103 diferen\u021b\u0103 de 40 de procente arat\u0103 c\u0103 antreprenorul a executat lucr\u0103ri de sute de milioane pe care statul rom\u00e2n \u00eenc\u0103 nu le-a decontat.<\/p>\n\n\n\n<p>Valoarea total\u0103 pentru acest lot este de peste 470 de milioane de euro.<\/p>\n\n\n\n<p>Cum decont\u0103rile sunt la mai pu\u021bin de jum\u0103tate, \u00een timp ce autostrada este aproape gata, asta se traduce \u00eentr-o lips\u0103 de lichidit\u0103\u021bi \u00een conturile dedicate PNRR.<\/p>\n\n\n\n<h2 class=\"wp-block-heading\" id=\"h-de-la-bucure\u0219ti-la-adjug-ce-urmeaza-pe-a7\">De la Bucure\u0219ti la Adjug. <strong>Ce urmeaz\u0103 pe A7<\/strong><\/h2>\n\n\n\n<p><strong>Lotul 1 Foc\u0219ani &#8211; Domne\u0219ti T\u00e2rg( Adjud) face parte din coloana vertebral\u0103 a Autostr\u0103zii Moldovei, \u0219i este finan\u021bat din fonduri europene prin Planul Na\u021bional de Redresare \u0219i Rezilien\u021b\u0103 (PNRR).<\/strong><\/p>\n\n\n\n<p>\u00cen timp ce muncitorii toarn\u0103 asfalt la temperaturi limit\u0103, pe timp de noapte, Executivul de la Bucure\u0219tiul, care anun\u021b\u0103 trimfalist evolu\u021bia lucr\u0103rilor, trebuie s\u0103 rezolve ecua\u021bia financiar\u0103.<\/p>\n\n\n\n<p>F\u0103r\u0103 plata restan\u021belor, ritmul de pe celelalte \u0219antiere ale A7 ar putea avea de suferit \u00een 2026.<\/p>\n\n\n\n<p>\u00cen ciuda deconturilor slabe, consor\u021biul controlat de Dorinel Umbr\u0103rescu ar urma s\u0103 dea \u00een trafic cei 35 de kilometri, p\u00e2n\u0103 la finalul anului.<\/p>\n\n\n\n<p>Astfel, se va putea circula pe \u0219osea de mare vitez\u0103 de la Bucure\u0219ti la Adjud pe o distant\u0103 de 244 de kilometri ne\u00eentrerup\u021bi.<\/p>\n\n\n\n<p>P\u00e2n\u0103 pe centura municipiului Bac\u0103u mai sunt de inaugurat dou\u0103 loturi Domne\u0219ti T\u00e2rg(Adjud) \u2013 R\u0103c\u0103ciuni, de 35 de kilometri, respectiv R\u0103c\u0103ciuni-Bac\u0103u, de 21 de kilometri.<\/p>\n\n\n\n<p>\u00cen ambele cazuri, deconturile sunt la 39%, respectiv 23% iar termenul de finalizare, potrivit datelor CNAIR, a fost 31 noiembrie 2025.<\/p>\n\n\n\n<p><strong>CITE\u0218TE \u0218I <a href=\"https:\/\/buletin.de\/bucuresti\/de-la-autostrada-suspendata-la-parcul-suspendat-costul-real-al-fanteziilor-de-la-noua-gara-de-nord\/\">De la \u201eAutostrada suspendat\u0103\u201d la \u201eParcul suspendat\u201d. Costul real al fanteziilor de la noua Gar\u0103 de Nord<\/a><\/strong><\/p>\n","protected":false},"excerpt":{"rendered":"<p>Termenul contractual asumat pentru finalizarea Lotului 1 al sec\u021biunii Foc\u0219ani \u2013 Bac\u0103u a fost dep\u0103\u0219it de aproape trei luni, iar gradul de finan\u021bare nu a trecut de 45%, arat\u0103 cele mai recente date de la nivelul de Companie Na\u021bionale de Administrare a Infrastructurii Rutiere (CNAIR). Totu\u0219i, mobilizarea din teren a constructorului rom\u00e2n UMB arat\u0103 c\u0103 [&hellip;]<\/p>\n","protected":false},"author":10,"featured_media":162498,"comment_status":"closed","ping_status":"open","sticky":false,"template":"","format":"standard","meta":{"_acf_changed":false,"inline_featured_image":false,"ngg_post_thumbnail":0,"footnotes":""},"categories":[6994,5762,650],"tags":[7934,25134,439,3313,8998,25133,25018],"ppma_author":[22575],"class_list":["post-162488","post","type-post","status-publish","format-standard","has-post-thumbnail","hentry","category-stiri-2","category-main","category-transport","tag-a7","tag-adjud","tag-lucrari","tag-moldova","tag-omb","tag-panciu","tag-tisita"],"acf":[],"yoast_head":"<!-- This site is optimized with the Yoast SEO Premium plugin v25.3 (Yoast SEO v27.5) - https:\/\/yoast.com\/product\/yoast-seo-premium-wordpress\/ -->\n<title>Lucr\u0103ri nocturne, pe datorie, la Autostrada Moldovei | Nodul de la Ti\u0219i\u021ba, c\u0103tre Panciu \u0219i Tecuci, aproape gata. C\u00e2nd se va putea circula de la Bucure\u0219ti la Adjud - Buletin de Bucure\u0219ti<\/title>\n<meta name=\"description\" content=\"Mobilizarea din teren a UMB arat\u0103 c\u0103 s-ar putea circula pe autostrad\u0103 de la Bucure\u0219ti p\u00e2n\u0103 la Adjud \u00eenainte de S\u0103rb\u0103tori.\" \/>\n<meta name=\"robots\" content=\"index, follow, max-snippet:-1, max-image-preview:large, max-video-preview:-1\" \/>\n<link rel=\"canonical\" href=\"https:\/\/buletin.de\/bucuresti\/lucrari-nocturne-pe-datorie-la-autostrada-moldovei-nodul-de-la-tisita-catre-panciu-si-tecuci-aproape-gata-cand-se-va-putea-circula-de-la-bucuresti-pana-la-adjud\/\" \/>\n<meta property=\"og:locale\" content=\"en_GB\" \/>\n<meta property=\"og:type\" content=\"article\" \/>\n<meta property=\"og:title\" content=\"Lucr\u0103ri nocturne, pe datorie, la Autostrada Moldovei | Nodul de la Ti\u0219i\u021ba, c\u0103tre Panciu \u0219i Tecuci, aproape gata. C\u00e2nd se va putea circula de la Bucure\u0219ti la Adjud\" \/>\n<meta property=\"og:description\" content=\"Mobilizarea din teren a UMB arat\u0103 c\u0103 s-ar putea circula pe autostrad\u0103 de la Bucure\u0219ti p\u00e2n\u0103 la Adjud \u00eenainte de S\u0103rb\u0103tori.\" \/>\n<meta property=\"og:url\" content=\"https:\/\/buletin.de\/bucuresti\/lucrari-nocturne-pe-datorie-la-autostrada-moldovei-nodul-de-la-tisita-catre-panciu-si-tecuci-aproape-gata-cand-se-va-putea-circula-de-la-bucuresti-pana-la-adjud\/\" \/>\n<meta property=\"og:site_name\" content=\"Buletin de Bucure\u0219ti\" \/>\n<meta property=\"article:publisher\" content=\"https:\/\/www.facebook.com\/buletin.de.buc\" \/>\n<meta property=\"article:published_time\" content=\"2025-12-15T07:54:24+00:00\" \/>\n<meta property=\"article:modified_time\" content=\"2025-12-15T10:55:04+00:00\" \/>\n<meta property=\"og:image\" content=\"https:\/\/buletin.de\/bucuresti\/wp-content\/uploads\/2025\/12\/umb-tisita-scaled.jpg\" \/>\n\t<meta property=\"og:image:width\" content=\"2560\" \/>\n\t<meta property=\"og:image:height\" content=\"1431\" \/>\n\t<meta property=\"og:image:type\" content=\"image\/jpeg\" \/>\n<meta name=\"author\" content=\"C\u0103t\u0103lin Dosca\u0219\" \/>\n<meta name=\"twitter:card\" content=\"summary_large_image\" \/>\n<meta name=\"twitter:label1\" content=\"Written by\" \/>\n\t<meta name=\"twitter:data1\" content=\"C\u0103t\u0103lin Dosca\u0219\" \/>\n\t<meta name=\"twitter:label2\" content=\"Estimated reading time\" \/>\n\t<meta name=\"twitter:data2\" content=\"4 minutes\" \/>\n<script type=\"application\/ld+json\" class=\"yoast-schema-graph\">{\"@context\":\"https:\\\/\\\/schema.org\",\"@graph\":[{\"@type\":\"Article\",\"@id\":\"https:\\\/\\\/buletin.de\\\/bucuresti\\\/lucrari-nocturne-pe-datorie-la-autostrada-moldovei-nodul-de-la-tisita-catre-panciu-si-tecuci-aproape-gata-cand-se-va-putea-circula-de-la-bucuresti-pana-la-adjud\\\/#article\",\"isPartOf\":{\"@id\":\"https:\\\/\\\/buletin.de\\\/bucuresti\\\/lucrari-nocturne-pe-datorie-la-autostrada-moldovei-nodul-de-la-tisita-catre-panciu-si-tecuci-aproape-gata-cand-se-va-putea-circula-de-la-bucuresti-pana-la-adjud\\\/\"},\"author\":{\"name\":\"C\u0103t\u0103lin Dosca\u0219\",\"@id\":\"https:\\\/\\\/buletin.de\\\/bucuresti\\\/#\\\/schema\\\/person\\\/31117187ed4d0bdb0a4c7d6acc79d0f8\"},\"headline\":\"Lucr\u0103ri nocturne, pe datorie, la Autostrada Moldovei | Nodul de la Ti\u0219i\u021ba, c\u0103tre Panciu \u0219i Tecuci, aproape gata. C\u00e2nd se va putea circula de la Bucure\u0219ti la Adjud\",\"datePublished\":\"2025-12-15T07:54:24+00:00\",\"dateModified\":\"2025-12-15T10:55:04+00:00\",\"mainEntityOfPage\":{\"@id\":\"https:\\\/\\\/buletin.de\\\/bucuresti\\\/lucrari-nocturne-pe-datorie-la-autostrada-moldovei-nodul-de-la-tisita-catre-panciu-si-tecuci-aproape-gata-cand-se-va-putea-circula-de-la-bucuresti-pana-la-adjud\\\/\"},\"wordCount\":796,\"publisher\":{\"@id\":\"https:\\\/\\\/buletin.de\\\/bucuresti\\\/#organization\"},\"image\":{\"@id\":\"https:\\\/\\\/buletin.de\\\/bucuresti\\\/lucrari-nocturne-pe-datorie-la-autostrada-moldovei-nodul-de-la-tisita-catre-panciu-si-tecuci-aproape-gata-cand-se-va-putea-circula-de-la-bucuresti-pana-la-adjud\\\/#primaryimage\"},\"thumbnailUrl\":\"https:\\\/\\\/buletin.de\\\/bucuresti\\\/wp-content\\\/uploads\\\/2025\\\/12\\\/umb-tisita-scaled.jpg\",\"keywords\":[\"a7\",\"adjud\",\"lucrari\",\"moldova\",\"OMB\",\"panciu\",\"tisita\"],\"articleSection\":[\"Articole\",\"Main\",\"Transport\"],\"inLanguage\":\"en-GB\",\"copyrightYear\":\"2025\",\"copyrightHolder\":{\"@id\":\"https:\\\/\\\/buletin.de\\\/bucuresti\\\/#organization\"}},{\"@type\":\"WebPage\",\"@id\":\"https:\\\/\\\/buletin.de\\\/bucuresti\\\/lucrari-nocturne-pe-datorie-la-autostrada-moldovei-nodul-de-la-tisita-catre-panciu-si-tecuci-aproape-gata-cand-se-va-putea-circula-de-la-bucuresti-pana-la-adjud\\\/\",\"url\":\"https:\\\/\\\/buletin.de\\\/bucuresti\\\/lucrari-nocturne-pe-datorie-la-autostrada-moldovei-nodul-de-la-tisita-catre-panciu-si-tecuci-aproape-gata-cand-se-va-putea-circula-de-la-bucuresti-pana-la-adjud\\\/\",\"name\":\"Lucr\u0103ri nocturne, pe datorie, la Autostrada Moldovei | Nodul de la Ti\u0219i\u021ba, c\u0103tre Panciu \u0219i Tecuci, aproape gata. C\u00e2nd se va putea circula de la Bucure\u0219ti la Adjud - Buletin de Bucure\u0219ti\",\"isPartOf\":{\"@id\":\"https:\\\/\\\/buletin.de\\\/bucuresti\\\/#website\"},\"primaryImageOfPage\":{\"@id\":\"https:\\\/\\\/buletin.de\\\/bucuresti\\\/lucrari-nocturne-pe-datorie-la-autostrada-moldovei-nodul-de-la-tisita-catre-panciu-si-tecuci-aproape-gata-cand-se-va-putea-circula-de-la-bucuresti-pana-la-adjud\\\/#primaryimage\"},\"image\":{\"@id\":\"https:\\\/\\\/buletin.de\\\/bucuresti\\\/lucrari-nocturne-pe-datorie-la-autostrada-moldovei-nodul-de-la-tisita-catre-panciu-si-tecuci-aproape-gata-cand-se-va-putea-circula-de-la-bucuresti-pana-la-adjud\\\/#primaryimage\"},\"thumbnailUrl\":\"https:\\\/\\\/buletin.de\\\/bucuresti\\\/wp-content\\\/uploads\\\/2025\\\/12\\\/umb-tisita-scaled.jpg\",\"datePublished\":\"2025-12-15T07:54:24+00:00\",\"dateModified\":\"2025-12-15T10:55:04+00:00\",\"description\":\"Mobilizarea din teren a UMB arat\u0103 c\u0103 s-ar putea circula pe autostrad\u0103 de la Bucure\u0219ti p\u00e2n\u0103 la Adjud \u00eenainte de S\u0103rb\u0103tori.\",\"breadcrumb\":{\"@id\":\"https:\\\/\\\/buletin.de\\\/bucuresti\\\/lucrari-nocturne-pe-datorie-la-autostrada-moldovei-nodul-de-la-tisita-catre-panciu-si-tecuci-aproape-gata-cand-se-va-putea-circula-de-la-bucuresti-pana-la-adjud\\\/#breadcrumb\"},\"inLanguage\":\"en-GB\",\"potentialAction\":[{\"@type\":\"ReadAction\",\"target\":[\"https:\\\/\\\/buletin.de\\\/bucuresti\\\/lucrari-nocturne-pe-datorie-la-autostrada-moldovei-nodul-de-la-tisita-catre-panciu-si-tecuci-aproape-gata-cand-se-va-putea-circula-de-la-bucuresti-pana-la-adjud\\\/\"]}]},{\"@type\":\"ImageObject\",\"inLanguage\":\"en-GB\",\"@id\":\"https:\\\/\\\/buletin.de\\\/bucuresti\\\/lucrari-nocturne-pe-datorie-la-autostrada-moldovei-nodul-de-la-tisita-catre-panciu-si-tecuci-aproape-gata-cand-se-va-putea-circula-de-la-bucuresti-pana-la-adjud\\\/#primaryimage\",\"url\":\"https:\\\/\\\/buletin.de\\\/bucuresti\\\/wp-content\\\/uploads\\\/2025\\\/12\\\/umb-tisita-scaled.jpg\",\"contentUrl\":\"https:\\\/\\\/buletin.de\\\/bucuresti\\\/wp-content\\\/uploads\\\/2025\\\/12\\\/umb-tisita-scaled.jpg\",\"width\":2560,\"height\":1431,\"caption\":\"Lucr\u0103ri nocturne, pe datorie, la Autostrada Moldovei | Nodul de la Ti\u0219i\u021ba, c\u0103tre Panciu \u0219i Tecuci, aproape gata. C\u00e2nd se va putea circula de la Bucure\u0219ti p\u00e2n\u0103 la Adjud. FOTO: YT\\\/RaducuPDrum\"},{\"@type\":\"BreadcrumbList\",\"@id\":\"https:\\\/\\\/buletin.de\\\/bucuresti\\\/lucrari-nocturne-pe-datorie-la-autostrada-moldovei-nodul-de-la-tisita-catre-panciu-si-tecuci-aproape-gata-cand-se-va-putea-circula-de-la-bucuresti-pana-la-adjud\\\/#breadcrumb\",\"itemListElement\":[{\"@type\":\"ListItem\",\"position\":1,\"name\":\"Acas\u0103\",\"item\":\"https:\\\/\\\/buletin.de\\\/bucuresti\\\/\"},{\"@type\":\"ListItem\",\"position\":2,\"name\":\"Lucr\u0103ri nocturne, pe datorie, la Autostrada Moldovei | Nodul de la Ti\u0219i\u021ba, c\u0103tre Panciu \u0219i Tecuci, aproape gata. C\u00e2nd se va putea circula de la Bucure\u0219ti la Adjud\"}]},{\"@type\":\"WebSite\",\"@id\":\"https:\\\/\\\/buletin.de\\\/bucuresti\\\/#website\",\"url\":\"https:\\\/\\\/buletin.de\\\/bucuresti\\\/\",\"name\":\"Buletin de Bucure\u0219ti\",\"description\":\"\u0218tiri \u0219i investiga\u021bii esen\u021biale din capital\u0103\",\"publisher\":{\"@id\":\"https:\\\/\\\/buletin.de\\\/bucuresti\\\/#organization\"},\"potentialAction\":[{\"@type\":\"SearchAction\",\"target\":{\"@type\":\"EntryPoint\",\"urlTemplate\":\"https:\\\/\\\/buletin.de\\\/bucuresti\\\/?s={search_term_string}\"},\"query-input\":{\"@type\":\"PropertyValueSpecification\",\"valueRequired\":true,\"valueName\":\"search_term_string\"}}],\"inLanguage\":\"en-GB\"},{\"@type\":\"Organization\",\"@id\":\"https:\\\/\\\/buletin.de\\\/bucuresti\\\/#organization\",\"name\":\"Buletin de Bucure\u0219ti\",\"url\":\"https:\\\/\\\/buletin.de\\\/bucuresti\\\/\",\"logo\":{\"@type\":\"ImageObject\",\"inLanguage\":\"en-GB\",\"@id\":\"https:\\\/\\\/buletin.de\\\/bucuresti\\\/#\\\/schema\\\/logo\\\/image\\\/\",\"url\":\"https:\\\/\\\/buletin.de\\\/bucuresti\\\/wp-content\\\/uploads\\\/logo-bdb-full-wide-vernil-transparent.png\",\"contentUrl\":\"https:\\\/\\\/buletin.de\\\/bucuresti\\\/wp-content\\\/uploads\\\/logo-bdb-full-wide-vernil-transparent.png\",\"width\":1782,\"height\":626,\"caption\":\"Buletin de Bucure\u0219ti\"},\"image\":{\"@id\":\"https:\\\/\\\/buletin.de\\\/bucuresti\\\/#\\\/schema\\\/logo\\\/image\\\/\"},\"sameAs\":[\"https:\\\/\\\/www.facebook.com\\\/buletin.de.buc\",\"https:\\\/\\\/www.instagram.com\\\/buletinde.bucuresti\\\/\"]},{\"@type\":\"Person\",\"@id\":\"https:\\\/\\\/buletin.de\\\/bucuresti\\\/#\\\/schema\\\/person\\\/31117187ed4d0bdb0a4c7d6acc79d0f8\",\"name\":\"C\u0103t\u0103lin Dosca\u0219\",\"image\":{\"@type\":\"ImageObject\",\"inLanguage\":\"en-GB\",\"@id\":\"https:\\\/\\\/buletin.de\\\/bucuresti\\\/wp-content\\\/uploads\\\/Catalin-Doscas-e1732731064764-96x96.jpga93e2943bb3b1c1f9ead823df6e6317a\",\"url\":\"https:\\\/\\\/buletin.de\\\/bucuresti\\\/wp-content\\\/uploads\\\/Catalin-Doscas-e1732731064764-96x96.jpg\",\"contentUrl\":\"https:\\\/\\\/buletin.de\\\/bucuresti\\\/wp-content\\\/uploads\\\/Catalin-Doscas-e1732731064764-96x96.jpg\",\"caption\":\"C\u0103t\u0103lin Dosca\u0219\"},\"description\":\"Reporter \u0219i redactor-\u0219ef Buletin de Bucure\u0219ti. Lucreaz\u0103 \u00een mass-media de la v\u00e2rsta de 15 ani, c\u00e2nd a publicat primele articole \u00een presa local\u0103 din Tecuci. \u00cen Bucure\u0219ti a lucrat \u00een redac\u021bii radio ca reporter, redactor \u0219i prezentator (StudentFM, Na\u021bionalFM, Radio Total, Smart FM), unde a acoperit domeniile politic, economic, social \u0219i externe. Ulterior, a fost editor-coordonator al postului Realitatea FM. Experien\u021ba \u00een jurnalismul online a dob\u00e2ndit-o la portalul B365.ro, unde a fost editor. \u00cen 2012 s-a angajat \u00een televiziune. La Realitatea TV a fost, pe r\u00e2nd, reporter la sec\u021bia Social, reporter special la emisiunea de reportaje \u0219i anchete \u201eReporterii Realit\u0103\u021bii\u201d, dar \u0219i editor al jurnalelor de \u0219tiri. Ulterior, a f\u0103cut parte din sec\u021bia de Investiga\u021bii de la Digi24 \u0219i a lucrat la campania \u201eRom\u00e2nia furat\u0103\u201d. A revenit \u00een presa scris\u0103 \u00een 2017, ca reporter special, \u00een cadrul unui proiect de repozi\u021bionare a tabloidului Libertatea \u00een cotidian generalist. Este jurnalist Buletin de Bucure\u0219ti din 2019.\",\"url\":\"https:\\\/\\\/buletin.de\\\/bucuresti\\\/author\\\/catalin\\\/\"}]}<\/script>\n<!-- \/ Yoast SEO Premium plugin. -->","yoast_head_json":{"title":"Lucr\u0103ri nocturne, pe datorie, la Autostrada Moldovei | Nodul de la Ti\u0219i\u021ba, c\u0103tre Panciu \u0219i Tecuci, aproape gata. C\u00e2nd se va putea circula de la Bucure\u0219ti la Adjud - Buletin de Bucure\u0219ti","description":"Mobilizarea din teren a UMB arat\u0103 c\u0103 s-ar putea circula pe autostrad\u0103 de la Bucure\u0219ti p\u00e2n\u0103 la Adjud \u00eenainte de S\u0103rb\u0103tori.","robots":{"index":"index","follow":"follow","max-snippet":"max-snippet:-1","max-image-preview":"max-image-preview:large","max-video-preview":"max-video-preview:-1"},"canonical":"https:\/\/buletin.de\/bucuresti\/lucrari-nocturne-pe-datorie-la-autostrada-moldovei-nodul-de-la-tisita-catre-panciu-si-tecuci-aproape-gata-cand-se-va-putea-circula-de-la-bucuresti-pana-la-adjud\/","og_locale":"en_GB","og_type":"article","og_title":"Lucr\u0103ri nocturne, pe datorie, la Autostrada Moldovei | Nodul de la Ti\u0219i\u021ba, c\u0103tre Panciu \u0219i Tecuci, aproape gata. C\u00e2nd se va putea circula de la Bucure\u0219ti la Adjud","og_description":"Mobilizarea din teren a UMB arat\u0103 c\u0103 s-ar putea circula pe autostrad\u0103 de la Bucure\u0219ti p\u00e2n\u0103 la Adjud \u00eenainte de S\u0103rb\u0103tori.","og_url":"https:\/\/buletin.de\/bucuresti\/lucrari-nocturne-pe-datorie-la-autostrada-moldovei-nodul-de-la-tisita-catre-panciu-si-tecuci-aproape-gata-cand-se-va-putea-circula-de-la-bucuresti-pana-la-adjud\/","og_site_name":"Buletin de Bucure\u0219ti","article_publisher":"https:\/\/www.facebook.com\/buletin.de.buc","article_published_time":"2025-12-15T07:54:24+00:00","article_modified_time":"2025-12-15T10:55:04+00:00","og_image":[{"width":2560,"height":1431,"url":"https:\/\/buletin.de\/bucuresti\/wp-content\/uploads\/2025\/12\/umb-tisita-scaled.jpg","type":"image\/jpeg"}],"author":"C\u0103t\u0103lin Dosca\u0219","twitter_card":"summary_large_image","twitter_misc":{"Written by":"C\u0103t\u0103lin Dosca\u0219","Estimated reading time":"4 minutes"},"schema":{"@context":"https:\/\/schema.org","@graph":[{"@type":"Article","@id":"https:\/\/buletin.de\/bucuresti\/lucrari-nocturne-pe-datorie-la-autostrada-moldovei-nodul-de-la-tisita-catre-panciu-si-tecuci-aproape-gata-cand-se-va-putea-circula-de-la-bucuresti-pana-la-adjud\/#article","isPartOf":{"@id":"https:\/\/buletin.de\/bucuresti\/lucrari-nocturne-pe-datorie-la-autostrada-moldovei-nodul-de-la-tisita-catre-panciu-si-tecuci-aproape-gata-cand-se-va-putea-circula-de-la-bucuresti-pana-la-adjud\/"},"author":{"name":"C\u0103t\u0103lin Dosca\u0219","@id":"https:\/\/buletin.de\/bucuresti\/#\/schema\/person\/31117187ed4d0bdb0a4c7d6acc79d0f8"},"headline":"Lucr\u0103ri nocturne, pe datorie, la Autostrada Moldovei | Nodul de la Ti\u0219i\u021ba, c\u0103tre Panciu \u0219i Tecuci, aproape gata. C\u00e2nd se va putea circula de la Bucure\u0219ti la Adjud","datePublished":"2025-12-15T07:54:24+00:00","dateModified":"2025-12-15T10:55:04+00:00","mainEntityOfPage":{"@id":"https:\/\/buletin.de\/bucuresti\/lucrari-nocturne-pe-datorie-la-autostrada-moldovei-nodul-de-la-tisita-catre-panciu-si-tecuci-aproape-gata-cand-se-va-putea-circula-de-la-bucuresti-pana-la-adjud\/"},"wordCount":796,"publisher":{"@id":"https:\/\/buletin.de\/bucuresti\/#organization"},"image":{"@id":"https:\/\/buletin.de\/bucuresti\/lucrari-nocturne-pe-datorie-la-autostrada-moldovei-nodul-de-la-tisita-catre-panciu-si-tecuci-aproape-gata-cand-se-va-putea-circula-de-la-bucuresti-pana-la-adjud\/#primaryimage"},"thumbnailUrl":"https:\/\/buletin.de\/bucuresti\/wp-content\/uploads\/2025\/12\/umb-tisita-scaled.jpg","keywords":["a7","adjud","lucrari","moldova","OMB","panciu","tisita"],"articleSection":["Articole","Main","Transport"],"inLanguage":"en-GB","copyrightYear":"2025","copyrightHolder":{"@id":"https:\/\/buletin.de\/bucuresti\/#organization"}},{"@type":"WebPage","@id":"https:\/\/buletin.de\/bucuresti\/lucrari-nocturne-pe-datorie-la-autostrada-moldovei-nodul-de-la-tisita-catre-panciu-si-tecuci-aproape-gata-cand-se-va-putea-circula-de-la-bucuresti-pana-la-adjud\/","url":"https:\/\/buletin.de\/bucuresti\/lucrari-nocturne-pe-datorie-la-autostrada-moldovei-nodul-de-la-tisita-catre-panciu-si-tecuci-aproape-gata-cand-se-va-putea-circula-de-la-bucuresti-pana-la-adjud\/","name":"Lucr\u0103ri nocturne, pe datorie, la Autostrada Moldovei | Nodul de la Ti\u0219i\u021ba, c\u0103tre Panciu \u0219i Tecuci, aproape gata. C\u00e2nd se va putea circula de la Bucure\u0219ti la Adjud - Buletin de Bucure\u0219ti","isPartOf":{"@id":"https:\/\/buletin.de\/bucuresti\/#website"},"primaryImageOfPage":{"@id":"https:\/\/buletin.de\/bucuresti\/lucrari-nocturne-pe-datorie-la-autostrada-moldovei-nodul-de-la-tisita-catre-panciu-si-tecuci-aproape-gata-cand-se-va-putea-circula-de-la-bucuresti-pana-la-adjud\/#primaryimage"},"image":{"@id":"https:\/\/buletin.de\/bucuresti\/lucrari-nocturne-pe-datorie-la-autostrada-moldovei-nodul-de-la-tisita-catre-panciu-si-tecuci-aproape-gata-cand-se-va-putea-circula-de-la-bucuresti-pana-la-adjud\/#primaryimage"},"thumbnailUrl":"https:\/\/buletin.de\/bucuresti\/wp-content\/uploads\/2025\/12\/umb-tisita-scaled.jpg","datePublished":"2025-12-15T07:54:24+00:00","dateModified":"2025-12-15T10:55:04+00:00","description":"Mobilizarea din teren a UMB arat\u0103 c\u0103 s-ar putea circula pe autostrad\u0103 de la Bucure\u0219ti p\u00e2n\u0103 la Adjud \u00eenainte de S\u0103rb\u0103tori.","breadcrumb":{"@id":"https:\/\/buletin.de\/bucuresti\/lucrari-nocturne-pe-datorie-la-autostrada-moldovei-nodul-de-la-tisita-catre-panciu-si-tecuci-aproape-gata-cand-se-va-putea-circula-de-la-bucuresti-pana-la-adjud\/#breadcrumb"},"inLanguage":"en-GB","potentialAction":[{"@type":"ReadAction","target":["https:\/\/buletin.de\/bucuresti\/lucrari-nocturne-pe-datorie-la-autostrada-moldovei-nodul-de-la-tisita-catre-panciu-si-tecuci-aproape-gata-cand-se-va-putea-circula-de-la-bucuresti-pana-la-adjud\/"]}]},{"@type":"ImageObject","inLanguage":"en-GB","@id":"https:\/\/buletin.de\/bucuresti\/lucrari-nocturne-pe-datorie-la-autostrada-moldovei-nodul-de-la-tisita-catre-panciu-si-tecuci-aproape-gata-cand-se-va-putea-circula-de-la-bucuresti-pana-la-adjud\/#primaryimage","url":"https:\/\/buletin.de\/bucuresti\/wp-content\/uploads\/2025\/12\/umb-tisita-scaled.jpg","contentUrl":"https:\/\/buletin.de\/bucuresti\/wp-content\/uploads\/2025\/12\/umb-tisita-scaled.jpg","width":2560,"height":1431,"caption":"Lucr\u0103ri nocturne, pe datorie, la Autostrada Moldovei | Nodul de la Ti\u0219i\u021ba, c\u0103tre Panciu \u0219i Tecuci, aproape gata. C\u00e2nd se va putea circula de la Bucure\u0219ti p\u00e2n\u0103 la Adjud. FOTO: YT\/RaducuPDrum"},{"@type":"BreadcrumbList","@id":"https:\/\/buletin.de\/bucuresti\/lucrari-nocturne-pe-datorie-la-autostrada-moldovei-nodul-de-la-tisita-catre-panciu-si-tecuci-aproape-gata-cand-se-va-putea-circula-de-la-bucuresti-pana-la-adjud\/#breadcrumb","itemListElement":[{"@type":"ListItem","position":1,"name":"Acas\u0103","item":"https:\/\/buletin.de\/bucuresti\/"},{"@type":"ListItem","position":2,"name":"Lucr\u0103ri nocturne, pe datorie, la Autostrada Moldovei | Nodul de la Ti\u0219i\u021ba, c\u0103tre Panciu \u0219i Tecuci, aproape gata. C\u00e2nd se va putea circula de la Bucure\u0219ti la Adjud"}]},{"@type":"WebSite","@id":"https:\/\/buletin.de\/bucuresti\/#website","url":"https:\/\/buletin.de\/bucuresti\/","name":"Buletin de Bucure\u0219ti","description":"\u0218tiri \u0219i investiga\u021bii esen\u021biale din capital\u0103","publisher":{"@id":"https:\/\/buletin.de\/bucuresti\/#organization"},"potentialAction":[{"@type":"SearchAction","target":{"@type":"EntryPoint","urlTemplate":"https:\/\/buletin.de\/bucuresti\/?s={search_term_string}"},"query-input":{"@type":"PropertyValueSpecification","valueRequired":true,"valueName":"search_term_string"}}],"inLanguage":"en-GB"},{"@type":"Organization","@id":"https:\/\/buletin.de\/bucuresti\/#organization","name":"Buletin de Bucure\u0219ti","url":"https:\/\/buletin.de\/bucuresti\/","logo":{"@type":"ImageObject","inLanguage":"en-GB","@id":"https:\/\/buletin.de\/bucuresti\/#\/schema\/logo\/image\/","url":"https:\/\/buletin.de\/bucuresti\/wp-content\/uploads\/logo-bdb-full-wide-vernil-transparent.png","contentUrl":"https:\/\/buletin.de\/bucuresti\/wp-content\/uploads\/logo-bdb-full-wide-vernil-transparent.png","width":1782,"height":626,"caption":"Buletin de Bucure\u0219ti"},"image":{"@id":"https:\/\/buletin.de\/bucuresti\/#\/schema\/logo\/image\/"},"sameAs":["https:\/\/www.facebook.com\/buletin.de.buc","https:\/\/www.instagram.com\/buletinde.bucuresti\/"]},{"@type":"Person","@id":"https:\/\/buletin.de\/bucuresti\/#\/schema\/person\/31117187ed4d0bdb0a4c7d6acc79d0f8","name":"C\u0103t\u0103lin Dosca\u0219","image":{"@type":"ImageObject","inLanguage":"en-GB","@id":"https:\/\/buletin.de\/bucuresti\/wp-content\/uploads\/Catalin-Doscas-e1732731064764-96x96.jpga93e2943bb3b1c1f9ead823df6e6317a","url":"https:\/\/buletin.de\/bucuresti\/wp-content\/uploads\/Catalin-Doscas-e1732731064764-96x96.jpg","contentUrl":"https:\/\/buletin.de\/bucuresti\/wp-content\/uploads\/Catalin-Doscas-e1732731064764-96x96.jpg","caption":"C\u0103t\u0103lin Dosca\u0219"},"description":"Reporter \u0219i redactor-\u0219ef Buletin de Bucure\u0219ti. Lucreaz\u0103 \u00een mass-media de la v\u00e2rsta de 15 ani, c\u00e2nd a publicat primele articole \u00een presa local\u0103 din Tecuci. \u00cen Bucure\u0219ti a lucrat \u00een redac\u021bii radio ca reporter, redactor \u0219i prezentator (StudentFM, Na\u021bionalFM, Radio Total, Smart FM), unde a acoperit domeniile politic, economic, social \u0219i externe. Ulterior, a fost editor-coordonator al postului Realitatea FM. Experien\u021ba \u00een jurnalismul online a dob\u00e2ndit-o la portalul B365.ro, unde a fost editor. \u00cen 2012 s-a angajat \u00een televiziune. La Realitatea TV a fost, pe r\u00e2nd, reporter la sec\u021bia Social, reporter special la emisiunea de reportaje \u0219i anchete \u201eReporterii Realit\u0103\u021bii\u201d, dar \u0219i editor al jurnalelor de \u0219tiri. Ulterior, a f\u0103cut parte din sec\u021bia de Investiga\u021bii de la Digi24 \u0219i a lucrat la campania \u201eRom\u00e2nia furat\u0103\u201d. A revenit \u00een presa scris\u0103 \u00een 2017, ca reporter special, \u00een cadrul unui proiect de repozi\u021bionare a tabloidului Libertatea \u00een cotidian generalist. Este jurnalist Buletin de Bucure\u0219ti din 2019.","url":"https:\/\/buletin.de\/bucuresti\/author\/catalin\/"}]}},"authors":[{"term_id":22575,"user_id":10,"is_guest":0,"slug":"catalin","display_name":"C\u0103t\u0103lin Dosca\u0219","avatar_url":"https:\/\/buletin.de\/bucuresti\/wp-content\/uploads\/Catalin-Doscas-e1732731064764-96x96.jpg","0":null,"1":"","2":"","3":"","4":"","5":"","6":"","7":"","8":""}],"_links":{"self":[{"href":"https:\/\/buletin.de\/bucuresti\/wp-json\/wp\/v2\/posts\/162488","targetHints":{"allow":["GET"]}}],"collection":[{"href":"https:\/\/buletin.de\/bucuresti\/wp-json\/wp\/v2\/posts"}],"about":[{"href":"https:\/\/buletin.de\/bucuresti\/wp-json\/wp\/v2\/types\/post"}],"author":[{"embeddable":true,"href":"https:\/\/buletin.de\/bucuresti\/wp-json\/wp\/v2\/users\/10"}],"replies":[{"embeddable":true,"href":"https:\/\/buletin.de\/bucuresti\/wp-json\/wp\/v2\/comments?post=162488"}],"version-history":[{"count":6,"href":"https:\/\/buletin.de\/bucuresti\/wp-json\/wp\/v2\/posts\/162488\/revisions"}],"predecessor-version":[{"id":162542,"href":"https:\/\/buletin.de\/bucuresti\/wp-json\/wp\/v2\/posts\/162488\/revisions\/162542"}],"wp:featuredmedia":[{"embeddable":true,"href":"https:\/\/buletin.de\/bucuresti\/wp-json\/wp\/v2\/media\/162498"}],"wp:attachment":[{"href":"https:\/\/buletin.de\/bucuresti\/wp-json\/wp\/v2\/media?parent=162488"}],"wp:term":[{"taxonomy":"category","embeddable":true,"href":"https:\/\/buletin.de\/bucuresti\/wp-json\/wp\/v2\/categories?post=162488"},{"taxonomy":"post_tag","embeddable":true,"href":"https:\/\/buletin.de\/bucuresti\/wp-json\/wp\/v2\/tags?post=162488"},{"taxonomy":"author","embeddable":true,"href":"https:\/\/buletin.de\/bucuresti\/wp-json\/wp\/v2\/ppma_author?post=162488"}],"curies":[{"name":"wp","href":"https:\/\/api.w.org\/{rel}","templated":true}]}}