{"id":162435,"date":"2025-12-15T20:34:53","date_gmt":"2025-12-15T17:34:53","guid":{"rendered":"https:\/\/buletin.de\/bucuresti\/?p=162435"},"modified":"2025-12-16T11:10:43","modified_gmt":"2025-12-16T08:10:43","slug":"sector-2-primaria-va-cofinanta-viitoarea-noul-stadion-dinamo-cu-25-milioane-de-euro-elevii-vor-avea-partial-acces-gratuit-la-competitiile-sportive","status":"publish","type":"post","link":"https:\/\/buletin.de\/bucuresti\/sector-2-primaria-va-cofinanta-viitoarea-noul-stadion-dinamo-cu-25-milioane-de-euro-elevii-vor-avea-partial-acces-gratuit-la-competitiile-sportive\/","title":{"rendered":"Sector 2 | Prim\u0103ria va cofinan\u0163a noul stadion Dinamo cu 25 milioane de euro. Elevii vor avea par\u0163ial acces gratuit la competi\u0163iile sportive"},"content":{"rendered":"\n<p><strong>Prim\u0103ria Sectorului 2 va contribui <strong>cu aproxima<\/strong>tiv 25 milioane de euro la lucr\u0103rile pentru noul stadion Dinamo, a c\u0103rei construc\u0163ie ar urma s\u0103 coste peste 170 milioane de euro, TVA inclus. Proiectul presupune demolarea stadionului \u0219i realizarea unei noi arene multifunc\u021bionale.<\/strong><\/p>\n\n\n\n<p>Restul banilor vpr fi asigura\u021bi de Ministerul Dezvolt\u0103rii, prin Compania Na\u0163ional\u0103 de Investi\u0163ii, respectiv de Ministerul Afacerilor Interne, prin Clubul Sportiv Dinamo Bucure\u015fti.<\/p>\n\n\n\n<p><strong>\u00cen schimb, elevii Sectorului 2 ar urma s\u0103 beneficieze de acces gratuit la competi\u0163iile sportive organizate de CS Dinamo, \u00een limita a 30% din capacitatea arenei\/ s\u0103lii \u00een care se desf\u0103\u0219oar\u0103.<\/strong><\/p>\n\n\n\n<p>Totodat\u0103, colaborarea dintre autoritatea local\u0103 \u0219i clubul sportiv prevede \u0219i amenajarea unui parc sportiv accesibil \u00eentregii comunit\u0103\u021bi a Sectorului 2.<\/p>\n\n\n\n<p><strong>Cele dou\u0103 proiecte de hot\u0103r\u00e2re \u00een acest sens vor fi supuse la votul consilierilor locali ai Sectorului 2 \u00een <a href=\"https:\/\/public.ps2.ro\/Administratie%20Publica%20Locala\/Proiecte%20CLS2\/2025\/2025-12-16%20SEDINTA%20ORDINARA%20ORA%2014.00\/\">\u0219edin\u021ba de mar\u021bi, 16 decembrie<\/a>.<\/strong><\/p>\n\n\n\n<h2 class=\"wp-block-heading\" id=\"h-primaria-sectorului-2-va-cofinan\u021ba-noul-stadion-dinamo\">Prim\u0103ria Sectorului 2 va cofinan\u021ba noul stadion Dinamo<\/h2>\n\n\n\n<p><strong>Demararea proiectului a fost condi\u021bionat\u0103 prin Ordonan\u021ba de Urgen\u021b\u0103 52 din 1 octombrie 2025, potrivit c\u0103reia beneficiarii proiectelor, \u00een acest caz Clubul Sportiv Dinamo, trebuie s\u0103 asigure 25% din valoarea total\u0103 a lucr\u0103rilor de construc\u021bii-montaj.<\/strong><\/p>\n\n\n\n<p><em>\u201eObiectivele de investi\u021bii const\u00e2nd \u00een construc\u021bii din infrastructura sportiv\u0103 mare, respectiv stadioane, din cadrul subprogramului \u00abComplexuri sportive\u00bb, prev\u0103zut la alin. (1) lit. c) se pot realiza <\/em>numai cu participarea beneficiarilor la finan\u021barea acestora, prin conven\u021bii de cofinan\u021bare, \u00een cuantum de 25% din valoarea total\u0103 a lucr\u0103rilor de construc\u021bii-montaj.\u201d, se precizeaz\u0103 \u00een ordonan\u021ba de urgen\u021b\u0103 recent adoptat\u0103 de Guvern.<\/p>\n\n\n\n<p><strong>Totodat\u0103, actul normativ a inclus posibilitatea ca unit\u0103\u021bile administrativ-teritoriale, \u00een acest caz Prim\u0103ria Sectorului 2, s\u0103 contribuie la asigurarea cofinan\u021b\u0103rii de 25%, f\u0103r\u0103 a crea vreo obliga\u021bie beneficiarului.<\/strong><\/p>\n\n\n\n<blockquote class=\"wp-block-quote is-layout-flow wp-block-quote-is-layout-flow\">\n<p>Participarea la cofinan\u021barea obiectivului de investi\u021bii nu d\u0103 na\u0219tere niciunui drept real sau de crean\u021b\u0103 \u00een beneficiul unit\u0103\u021bii\/subdiviziunii administrativ-teritoriale \u0219i nu creeaz\u0103 nicio obliga\u021bie \u00een sarcina beneficiarului cu privire la obiectivul de investi\u021bii realizat.<\/p>\n<cite><strong>Ordonan\u021ba de Urgen\u021b\u0103 52 din 1 octombrie 2025<\/strong><\/cite><\/blockquote>\n\n\n\n<p>Prim\u0103ria Sectorului 2 a acceptat s\u0103 contribuie financiar la realizarea noii arene, astfel \u00eenc\u00e2t lucr\u0103rile s\u0103 poat\u0103 demara la \u00eenceputul lui 2026, potrivit edilului Rare\u0219 Hopinc\u0103.<\/p>\n\n\n\n<p>Conven\u021bia de asociere dintre Prim\u0103ria Sectorului 2, Clubul Sportiv Dinamo \u0219i Compania Na\u021bional\u0103 de Investi\u021bii va fi supus\u0103 la votul consilierilor locali \u00een \u0219edin\u021ba de mar\u021bi, 16 decembrie.<\/p>\n\n\n\n<h2 class=\"wp-block-heading\" id=\"h-25-milioane-de-euro-impar\u021bi\u021bi-in-patru-tran\u0219e\">25 milioane de euro, \u00eemp\u0103r\u021bi\u021bi \u00een patru tran\u0219e<\/h2>\n\n\n\n<p><strong>Valoarea total\u0103 a proiectului de reconstruc\u021bie a stadionului a fost estimat\u0103 la circa 171 milioane euro, dintre care 124 pentru lucr\u0103ri construc\u021bii+montaj.<\/strong> <\/p>\n\n\n\n<p>Av\u00e2nd \u00een vedere c\u0103 indicatorii tehnico-economici au fost aproba\u021bi anul trecut, costurile au fost calculate cu TVA de 19%.<\/p>\n\n\n\n<p><strong>Prim\u0103ria Sectorului 2 s-a angajat s\u0103 contribuie cu aproximativ 125 milioane lei, echivalentul a 25 milioane de euro (TVA de 21% inclus).<\/strong><\/p>\n\n\n\n<p>Banii vor fi vira\u021bi dup\u0103 semnarea conven\u021biei de asociere, \u00een patru tran\u0219e, dup\u0103 cum urmeaz\u0103:<\/p>\n\n\n\n<figure class=\"wp-block-image size-full\"><img fetchpriority=\"high\" decoding=\"async\" width=\"961\" height=\"320\" src=\"data:image\/gif;base64,R0lGODlhAQABAAAAACH5BAEKAAEALAAAAAABAAEAAAICTAEAOw==\" data-src=\"https:\/\/buletin.de\/bucuresti\/wp-content\/uploads\/2025\/12\/image_2025-12-15_184632507.png\" alt=\"\" class=\"wp-image-162605 lazyload\" data-sizes=\"auto\" data-srcset=\"https:\/\/buletin.de\/bucuresti\/wp-content\/uploads\/2025\/12\/image_2025-12-15_184632507.png 961w, https:\/\/buletin.de\/bucuresti\/wp-content\/uploads\/2025\/12\/image_2025-12-15_184632507-300x100.png 300w, https:\/\/buletin.de\/bucuresti\/wp-content\/uploads\/2025\/12\/image_2025-12-15_184632507-768x256.png 768w, https:\/\/buletin.de\/bucuresti\/wp-content\/uploads\/2025\/12\/image_2025-12-15_184632507-600x200.png 600w, https:\/\/buletin.de\/bucuresti\/wp-content\/uploads\/2025\/12\/image_2025-12-15_184632507-20x7.png 20w\" sizes=\"(max-width: 961px) 100vw, 961px\" \/><figcaption class=\"wp-element-caption\">Prim\u0103ria va cofinan\u0163a noul stadion Dinamo cu 25 milioane de euro. Foto: Proiect de hot\u0103r\u00e2re<\/figcaption><\/figure>\n\n\n\n<h2 class=\"wp-block-heading\" id=\"h-acces-par\u021bial-gratuit-pentru-elevii-sectorului-2\">Acces par\u021bial gratuit pentru elevii Sectorului 2<\/h2>\n\n\n\n<p><strong>De\u0219i Ordonan\u021ba de Urgen\u021b\u0103 52 din octombrie 2025 precizeaz\u0103 c\u0103 participarea autorit\u0103\u021bii locale la finan\u021barea lucr\u0103rilor nu creeaz\u0103 nicio obliga\u021bie beneficiarului, Prim\u0103ria Sectorului 2 \u0219i Clubul Sportiv Dinamo au ajuns la un acord, astfel \u00eenc\u00e2t elevii Sectorului 2 s\u0103 beneficieze par\u021bial de acces gratuit la competi\u021biile sportive organizate pe noua aren\u0103.<\/strong><\/p>\n\n\n\n<p>Concret, ace\u0219tia vor avea accesul gratuit la competi\u021biile sportive organizate de CS Dinamo Bucure\u0219ti, \u00een limita a 30% din capacitatea arenei\/ a s\u0103lii, se precizeaz\u0103 \u00een actul adi\u021bional al conven\u021biei de asociere, supus la votul Consiliului Local al Sectorului 2.<\/p>\n\n\n\n<p>Totodat\u0103, autoritatea local\u0103 \u0219i clubul sportiv se angajeaz\u0103 s\u0103 organizeze competi\u021bii sportive \u00eentre \u0219colile din sector, sesiuni de preg\u0103tire sportiv\u0103 \u00een weekend, vizite la Muzeul Sportiv Dinamo, activit\u0103\u021bi \u00een \u201eS\u0103pt\u0103m\u00e2na Verde\/ \u0218coala Altfel\u201d, traininguri gratuite pentru profesorii de sport, precum \u0219i \u201eZiua Por\u021bilor Deschise\u201d, se men\u021bioneaz\u0103 \u00een documentul consultat de Buletin de Bucure\u0219ti.<\/p>\n\n\n\n<p>Pe partea de cercetare, ar urma s\u0103 fie organizate conferin\u021be pe tema s\u0103n\u0103t\u0103\u021bii prin sport\/ printr-o alimenta\u021bie s\u0103n\u0103toas\u0103, dar \u0219i studii \u00een cadrul unor laboratoare instalate \u00een viitoarea aren\u0103, la care s\u0103 participe cei mai buni elevi din Sectorul 2, al\u0103turi de speciali\u015ftii Institutului Na\u0163ional de Cercetare \u00een Sport \u015fi Institutul Na\u0163ional de Medicin\u0103 Sportiv\u0103.<\/p>\n\n\n\n<h2 class=\"wp-block-heading\" id=\"h-parc-sportiv-de-20-de-hectare-cu-acces-liber\">Parc sportiv de 20 de hectare, cu acces liber<\/h2>\n\n\n\n<p><strong>Mai mult, Prim\u0103ria Sectorului 2 \u0219i CS Dinamo se angajeaz\u0103 s\u0103 realizeze un parc sportiv, accesibil \u00eentregii comunit\u0103\u021bi. Acesta ar urma s\u0103 aib\u0103 aproximativ 20 de hectare \u0219i s\u0103 cuprind\u0103 zone sportive, verzi \u0219i de relaxare.<\/strong><\/p>\n\n\n\n<p>\u201eVom redeschide Parcul Sportiv Dinamo pentru comunitate. Asta \u00eenseamn\u0103 un nou parc, de aproximativ 20 de hectare, \u00een mijlocul ora\u015fului, pe \u015eoseaua \u015etefan cel Mare, parc ce va avea func\u0163ie preponderent sportiv\u0103, dar nu numai. <\/p>\n\n\n\n<p>Vom construi o nou\u0103 pist\u0103 de alergare, de aproximativ 2 kilometri, vom amenaja zone destinate sportului de mas\u0103, vom amenaja zone de recreere, vom reface spa\u0163iile verzi existente. <\/p>\n\n\n\n<p>Practic, prin acest proiect, care se va derula \u00een paralel cu lucr\u0103rile la noua aren\u0103, ne dorim s\u0103 deschidem Parcul Sportiv Dinamo pentru \u00eentreaga comunitate.\u201d a declarat edilul Rare\u0219 Hopinc\u0103, cu o s\u0103pt\u0103m\u00e2n\u0103 \u00eenainte de votul din Consiliul Local.<\/p>\n\n\n\n<h2 class=\"wp-block-heading\" id=\"h-cum-va-arata-noul-stadion-dinamo-din-\u0219tefan-cel-mare\">Cum va ar\u0103ta noul stadion Dinamo, din \u0218tefan cel Mare<\/h2>\n\n\n\n<p>Noul stadion Dinamo va fi dotat cu spa\u021bii \u00eenc\u0103p\u0103toare pentru echipe, cu patru vestiare, dou\u0103 s\u0103li de \u00eenc\u0103lzire, spa\u021bii pentru staff-ul tehnic, oficiali \u0219i organizatori, o box\u0103 generoas\u0103 pentru pres\u0103, spa\u021bii pentru spectatorii cu dizabilit\u0103\u021bi, spa\u021bii pentru publicul VIP, incluz\u00e2nd 12 loje, spa\u021biu de ospitalitate de minimum 400 mp, separeuri \u0219i restaurant, parcare pentru publicul VIP, cu p\u00e2n\u0103 la 200 locuri \u0219i tribune acoperite integral, a\u0219a cum a scris Buletin de Bucure\u0219ti <strong><a href=\"https:\/\/buletin.de\/bucuresti\/demolarea-stadionului-dinamo-poate-incepe-guvernul-a-alocat-banii\/\">aici<\/a><\/strong>.<\/p>\n\n\n\n<p><strong>CITE\u0218TE \u0218I: <a href=\"https:\/\/buletin.de\/bucuresti\/primaria-generala-nu-se-implica-in-modernizarea-stadionului-dinamo-banii-vor-veni-de-la-primaria-sectorului-2\/\">Prim\u0103ria General\u0103 nu se implic\u0103 \u00een modernizarea stadionului Dinamo. Banii vor veni de la Prim\u0103ria Sectorului 2<\/a><\/strong><\/p>\n","protected":false},"excerpt":{"rendered":"<p>Prim\u0103ria Sectorului 2 va contribui cu aproximativ 25 milioane de euro la lucr\u0103rile pentru noul stadion Dinamo, a c\u0103rei construc\u0163ie ar urma s\u0103 coste peste 170 milioane de euro, TVA inclus. Proiectul presupune demolarea stadionului \u0219i realizarea unei noi arene multifunc\u021bionale. Restul banilor vpr fi asigura\u021bi de Ministerul Dezvolt\u0103rii, prin Compania Na\u0163ional\u0103 de Investi\u0163ii, respectiv [&hellip;]<\/p>\n","protected":false},"author":55,"featured_media":162622,"comment_status":"closed","ping_status":"open","sticky":false,"template":"","format":"standard","meta":{"_acf_changed":false,"inline_featured_image":false,"ngg_post_thumbnail":0,"footnotes":""},"categories":[6994,5762,24],"tags":[25158,25157,25159,739,25161,25160,229,10681],"ppma_author":[22573],"class_list":["post-162435","post","type-post","status-publish","format-standard","has-post-thumbnail","hentry","category-stiri-2","category-main","category-primarie","tag-acces-gratuit-competitii-sportive","tag-cs-dinamo-bucuresti","tag-demolare-stadion-dinamo","tag-mai","tag-parc-sportiv","tag-reconstructie-stadion-dinamo","tag-sector-2","tag-stadion-dinamo"],"acf":[],"yoast_head":"<!-- This site is optimized with the Yoast SEO Premium plugin v25.3 (Yoast SEO v27.5) - https:\/\/yoast.com\/product\/yoast-seo-premium-wordpress\/ -->\n<title>Sector 2 | Prim\u0103ria va cofinan\u0163a noul stadion Dinamo cu 25 milioane de euro. Elevii vor avea par\u0163ial acces gratuit la competi\u0163iile sportive - Buletin de Bucure\u0219ti<\/title>\n<meta name=\"description\" content=\"Prim\u0103ria Sector 2 va cofinan\u0163a noul stadion Dinamo cu 25 milioane de euro. Elevii vor avea par\u0163ial acces gratuit la competi\u0163iile sportive.\" \/>\n<meta name=\"robots\" content=\"index, follow, max-snippet:-1, max-image-preview:large, max-video-preview:-1\" \/>\n<link rel=\"canonical\" href=\"https:\/\/buletin.de\/bucuresti\/sector-2-primaria-va-cofinanta-viitoarea-noul-stadion-dinamo-cu-25-milioane-de-euro-elevii-vor-avea-partial-acces-gratuit-la-competitiile-sportive\/\" \/>\n<meta property=\"og:locale\" content=\"en_GB\" \/>\n<meta property=\"og:type\" content=\"article\" \/>\n<meta property=\"og:title\" content=\"Sector 2 | Prim\u0103ria va cofinan\u0163a noul stadion Dinamo cu 25 milioane de euro. Elevii vor avea par\u0163ial acces gratuit la competi\u0163iile sportive\" \/>\n<meta property=\"og:description\" content=\"Prim\u0103ria Sector 2 va cofinan\u0163a noul stadion Dinamo cu 25 milioane de euro. Elevii vor avea par\u0163ial acces gratuit la competi\u0163iile sportive.\" \/>\n<meta property=\"og:url\" content=\"https:\/\/buletin.de\/bucuresti\/sector-2-primaria-va-cofinanta-viitoarea-noul-stadion-dinamo-cu-25-milioane-de-euro-elevii-vor-avea-partial-acces-gratuit-la-competitiile-sportive\/\" \/>\n<meta property=\"og:site_name\" content=\"Buletin de Bucure\u0219ti\" \/>\n<meta property=\"article:publisher\" content=\"https:\/\/www.facebook.com\/buletin.de.buc\" \/>\n<meta property=\"article:published_time\" content=\"2025-12-15T17:34:53+00:00\" \/>\n<meta property=\"article:modified_time\" content=\"2025-12-16T08:10:43+00:00\" \/>\n<meta property=\"og:image\" content=\"https:\/\/buletin.de\/bucuresti\/wp-content\/uploads\/2025\/12\/596931686_1288060303368150_3121024433481202061_n.jpg\" \/>\n\t<meta property=\"og:image:width\" content=\"1600\" \/>\n\t<meta property=\"og:image:height\" content=\"894\" \/>\n\t<meta property=\"og:image:type\" content=\"image\/jpeg\" \/>\n<meta name=\"author\" content=\"Andreea Tudor\" \/>\n<meta name=\"twitter:card\" content=\"summary_large_image\" \/>\n<meta name=\"twitter:label1\" content=\"Written by\" \/>\n\t<meta name=\"twitter:data1\" content=\"Andreea Tudor\" \/>\n\t<meta name=\"twitter:label2\" content=\"Estimated reading time\" \/>\n\t<meta name=\"twitter:data2\" content=\"5 minutes\" \/>\n<script type=\"application\/ld+json\" class=\"yoast-schema-graph\">{\"@context\":\"https:\\\/\\\/schema.org\",\"@graph\":[{\"@type\":\"Article\",\"@id\":\"https:\\\/\\\/buletin.de\\\/bucuresti\\\/sector-2-primaria-va-cofinanta-viitoarea-noul-stadion-dinamo-cu-25-milioane-de-euro-elevii-vor-avea-partial-acces-gratuit-la-competitiile-sportive\\\/#article\",\"isPartOf\":{\"@id\":\"https:\\\/\\\/buletin.de\\\/bucuresti\\\/sector-2-primaria-va-cofinanta-viitoarea-noul-stadion-dinamo-cu-25-milioane-de-euro-elevii-vor-avea-partial-acces-gratuit-la-competitiile-sportive\\\/\"},\"author\":{\"name\":\"Andreea Tudor\",\"@id\":\"https:\\\/\\\/buletin.de\\\/bucuresti\\\/#\\\/schema\\\/person\\\/150590659efde715459d159da012f501\"},\"headline\":\"Sector 2 | Prim\u0103ria va cofinan\u0163a noul stadion Dinamo cu 25 milioane de euro. Elevii vor avea par\u0163ial acces gratuit la competi\u0163iile sportive\",\"datePublished\":\"2025-12-15T17:34:53+00:00\",\"dateModified\":\"2025-12-16T08:10:43+00:00\",\"mainEntityOfPage\":{\"@id\":\"https:\\\/\\\/buletin.de\\\/bucuresti\\\/sector-2-primaria-va-cofinanta-viitoarea-noul-stadion-dinamo-cu-25-milioane-de-euro-elevii-vor-avea-partial-acces-gratuit-la-competitiile-sportive\\\/\"},\"wordCount\":1033,\"publisher\":{\"@id\":\"https:\\\/\\\/buletin.de\\\/bucuresti\\\/#organization\"},\"image\":{\"@id\":\"https:\\\/\\\/buletin.de\\\/bucuresti\\\/sector-2-primaria-va-cofinanta-viitoarea-noul-stadion-dinamo-cu-25-milioane-de-euro-elevii-vor-avea-partial-acces-gratuit-la-competitiile-sportive\\\/#primaryimage\"},\"thumbnailUrl\":\"https:\\\/\\\/buletin.de\\\/bucuresti\\\/wp-content\\\/uploads\\\/2025\\\/12\\\/596931686_1288060303368150_3121024433481202061_n.jpg\",\"keywords\":[\"acces gratuit competitii sportive\",\"CS Dinamo Bucuresti\",\"demolare stadion dinamo\",\"mai\",\"parc sportiv\",\"reconstructie stadion dinamo\",\"Sector 2\",\"stadion dinamo\"],\"articleSection\":[\"Articole\",\"Main\",\"Prim\u0103rie\"],\"inLanguage\":\"en-GB\",\"copyrightYear\":\"2025\",\"copyrightHolder\":{\"@id\":\"https:\\\/\\\/buletin.de\\\/bucuresti\\\/#organization\"}},{\"@type\":\"WebPage\",\"@id\":\"https:\\\/\\\/buletin.de\\\/bucuresti\\\/sector-2-primaria-va-cofinanta-viitoarea-noul-stadion-dinamo-cu-25-milioane-de-euro-elevii-vor-avea-partial-acces-gratuit-la-competitiile-sportive\\\/\",\"url\":\"https:\\\/\\\/buletin.de\\\/bucuresti\\\/sector-2-primaria-va-cofinanta-viitoarea-noul-stadion-dinamo-cu-25-milioane-de-euro-elevii-vor-avea-partial-acces-gratuit-la-competitiile-sportive\\\/\",\"name\":\"Sector 2 | Prim\u0103ria va cofinan\u0163a noul stadion Dinamo cu 25 milioane de euro. Elevii vor avea par\u0163ial acces gratuit la competi\u0163iile sportive - Buletin de Bucure\u0219ti\",\"isPartOf\":{\"@id\":\"https:\\\/\\\/buletin.de\\\/bucuresti\\\/#website\"},\"primaryImageOfPage\":{\"@id\":\"https:\\\/\\\/buletin.de\\\/bucuresti\\\/sector-2-primaria-va-cofinanta-viitoarea-noul-stadion-dinamo-cu-25-milioane-de-euro-elevii-vor-avea-partial-acces-gratuit-la-competitiile-sportive\\\/#primaryimage\"},\"image\":{\"@id\":\"https:\\\/\\\/buletin.de\\\/bucuresti\\\/sector-2-primaria-va-cofinanta-viitoarea-noul-stadion-dinamo-cu-25-milioane-de-euro-elevii-vor-avea-partial-acces-gratuit-la-competitiile-sportive\\\/#primaryimage\"},\"thumbnailUrl\":\"https:\\\/\\\/buletin.de\\\/bucuresti\\\/wp-content\\\/uploads\\\/2025\\\/12\\\/596931686_1288060303368150_3121024433481202061_n.jpg\",\"datePublished\":\"2025-12-15T17:34:53+00:00\",\"dateModified\":\"2025-12-16T08:10:43+00:00\",\"description\":\"Prim\u0103ria Sector 2 va cofinan\u0163a noul stadion Dinamo cu 25 milioane de euro. Elevii vor avea par\u0163ial acces gratuit la competi\u0163iile sportive.\",\"breadcrumb\":{\"@id\":\"https:\\\/\\\/buletin.de\\\/bucuresti\\\/sector-2-primaria-va-cofinanta-viitoarea-noul-stadion-dinamo-cu-25-milioane-de-euro-elevii-vor-avea-partial-acces-gratuit-la-competitiile-sportive\\\/#breadcrumb\"},\"inLanguage\":\"en-GB\",\"potentialAction\":[{\"@type\":\"ReadAction\",\"target\":[\"https:\\\/\\\/buletin.de\\\/bucuresti\\\/sector-2-primaria-va-cofinanta-viitoarea-noul-stadion-dinamo-cu-25-milioane-de-euro-elevii-vor-avea-partial-acces-gratuit-la-competitiile-sportive\\\/\"]}]},{\"@type\":\"ImageObject\",\"inLanguage\":\"en-GB\",\"@id\":\"https:\\\/\\\/buletin.de\\\/bucuresti\\\/sector-2-primaria-va-cofinanta-viitoarea-noul-stadion-dinamo-cu-25-milioane-de-euro-elevii-vor-avea-partial-acces-gratuit-la-competitiile-sportive\\\/#primaryimage\",\"url\":\"https:\\\/\\\/buletin.de\\\/bucuresti\\\/wp-content\\\/uploads\\\/2025\\\/12\\\/596931686_1288060303368150_3121024433481202061_n.jpg\",\"contentUrl\":\"https:\\\/\\\/buletin.de\\\/bucuresti\\\/wp-content\\\/uploads\\\/2025\\\/12\\\/596931686_1288060303368150_3121024433481202061_n.jpg\",\"width\":1600,\"height\":894,\"caption\":\"Prim\u0103ria va cofinan\u0163a noul stadion Dinamo cu 25 milioane de euro. Elevii vor avea par\u0163ial acces gratuit la competi\u0163iile sportive. Foto: FB\\\/ Rare\u0219 Hopinc\u0103\"},{\"@type\":\"BreadcrumbList\",\"@id\":\"https:\\\/\\\/buletin.de\\\/bucuresti\\\/sector-2-primaria-va-cofinanta-viitoarea-noul-stadion-dinamo-cu-25-milioane-de-euro-elevii-vor-avea-partial-acces-gratuit-la-competitiile-sportive\\\/#breadcrumb\",\"itemListElement\":[{\"@type\":\"ListItem\",\"position\":1,\"name\":\"Acas\u0103\",\"item\":\"https:\\\/\\\/buletin.de\\\/bucuresti\\\/\"},{\"@type\":\"ListItem\",\"position\":2,\"name\":\"Sector 2 | Prim\u0103ria va cofinan\u0163a noul stadion Dinamo cu 25 milioane de euro. Elevii vor avea par\u0163ial acces gratuit la competi\u0163iile sportive\"}]},{\"@type\":\"WebSite\",\"@id\":\"https:\\\/\\\/buletin.de\\\/bucuresti\\\/#website\",\"url\":\"https:\\\/\\\/buletin.de\\\/bucuresti\\\/\",\"name\":\"Buletin de Bucure\u0219ti\",\"description\":\"\u0218tiri \u0219i investiga\u021bii esen\u021biale din capital\u0103\",\"publisher\":{\"@id\":\"https:\\\/\\\/buletin.de\\\/bucuresti\\\/#organization\"},\"potentialAction\":[{\"@type\":\"SearchAction\",\"target\":{\"@type\":\"EntryPoint\",\"urlTemplate\":\"https:\\\/\\\/buletin.de\\\/bucuresti\\\/?s={search_term_string}\"},\"query-input\":{\"@type\":\"PropertyValueSpecification\",\"valueRequired\":true,\"valueName\":\"search_term_string\"}}],\"inLanguage\":\"en-GB\"},{\"@type\":\"Organization\",\"@id\":\"https:\\\/\\\/buletin.de\\\/bucuresti\\\/#organization\",\"name\":\"Buletin de Bucure\u0219ti\",\"url\":\"https:\\\/\\\/buletin.de\\\/bucuresti\\\/\",\"logo\":{\"@type\":\"ImageObject\",\"inLanguage\":\"en-GB\",\"@id\":\"https:\\\/\\\/buletin.de\\\/bucuresti\\\/#\\\/schema\\\/logo\\\/image\\\/\",\"url\":\"https:\\\/\\\/buletin.de\\\/bucuresti\\\/wp-content\\\/uploads\\\/logo-bdb-full-wide-vernil-transparent.png\",\"contentUrl\":\"https:\\\/\\\/buletin.de\\\/bucuresti\\\/wp-content\\\/uploads\\\/logo-bdb-full-wide-vernil-transparent.png\",\"width\":1782,\"height\":626,\"caption\":\"Buletin de Bucure\u0219ti\"},\"image\":{\"@id\":\"https:\\\/\\\/buletin.de\\\/bucuresti\\\/#\\\/schema\\\/logo\\\/image\\\/\"},\"sameAs\":[\"https:\\\/\\\/www.facebook.com\\\/buletin.de.buc\",\"https:\\\/\\\/www.instagram.com\\\/buletinde.bucuresti\\\/\"]},{\"@type\":\"Person\",\"@id\":\"https:\\\/\\\/buletin.de\\\/bucuresti\\\/#\\\/schema\\\/person\\\/150590659efde715459d159da012f501\",\"name\":\"Andreea Tudor\",\"image\":{\"@type\":\"ImageObject\",\"inLanguage\":\"en-GB\",\"@id\":\"https:\\\/\\\/secure.gravatar.com\\\/avatar\\\/a88705a186ab0b67f3349bcbced506c09e37256fbaad0e7f3bd1a79b4599f589?s=96&d=monsterid&r=g79290610aa1a65c2b86eebc2ca5aee8f\",\"url\":\"https:\\\/\\\/secure.gravatar.com\\\/avatar\\\/a88705a186ab0b67f3349bcbced506c09e37256fbaad0e7f3bd1a79b4599f589?s=96&d=monsterid&r=g\",\"contentUrl\":\"https:\\\/\\\/secure.gravatar.com\\\/avatar\\\/a88705a186ab0b67f3349bcbced506c09e37256fbaad0e7f3bd1a79b4599f589?s=96&d=monsterid&r=g\",\"caption\":\"Andreea Tudor\"},\"description\":\"N\u0103scut\u0103 \u0219i crescut\u0103 \u00een Bucure\u0219ti, sus\u021bin\u0103toare a presei independente. A\u0219a am ajuns redactor la Buletin de Bucure\u0219ti. Fiind eu, \u00eens\u0103mi, parte a sistemului de \u00eenv\u0103\u021b\u0103m\u00e2nt rom\u00e2nesc \u0219i pasionat\u0103 de domeniul social, pun sub lup\u0103 tot ceea ce se \u00eent\u00e2mpl\u0103 \u00een sfera educa\u021biei. Cred cu t\u0103rie c\u0103 presa \u201epentru cet\u0103\u021beni\u201d este presa independent\u0103. Oamenii au nevoie de o informare corect\u0103 pentru a \u00een\u021belege pe deplin ce se \u00eent\u00e2mpl\u0103 \u00een jurul lor \u0219i pentru a lua ac\u021biune \u00eempotriva nedrept\u0103\u021bilor.\",\"url\":\"https:\\\/\\\/buletin.de\\\/bucuresti\\\/author\\\/andreeatudor\\\/\"}]}<\/script>\n<!-- \/ Yoast SEO Premium plugin. -->","yoast_head_json":{"title":"Sector 2 | Prim\u0103ria va cofinan\u0163a noul stadion Dinamo cu 25 milioane de euro. Elevii vor avea par\u0163ial acces gratuit la competi\u0163iile sportive - Buletin de Bucure\u0219ti","description":"Prim\u0103ria Sector 2 va cofinan\u0163a noul stadion Dinamo cu 25 milioane de euro. Elevii vor avea par\u0163ial acces gratuit la competi\u0163iile sportive.","robots":{"index":"index","follow":"follow","max-snippet":"max-snippet:-1","max-image-preview":"max-image-preview:large","max-video-preview":"max-video-preview:-1"},"canonical":"https:\/\/buletin.de\/bucuresti\/sector-2-primaria-va-cofinanta-viitoarea-noul-stadion-dinamo-cu-25-milioane-de-euro-elevii-vor-avea-partial-acces-gratuit-la-competitiile-sportive\/","og_locale":"en_GB","og_type":"article","og_title":"Sector 2 | Prim\u0103ria va cofinan\u0163a noul stadion Dinamo cu 25 milioane de euro. Elevii vor avea par\u0163ial acces gratuit la competi\u0163iile sportive","og_description":"Prim\u0103ria Sector 2 va cofinan\u0163a noul stadion Dinamo cu 25 milioane de euro. Elevii vor avea par\u0163ial acces gratuit la competi\u0163iile sportive.","og_url":"https:\/\/buletin.de\/bucuresti\/sector-2-primaria-va-cofinanta-viitoarea-noul-stadion-dinamo-cu-25-milioane-de-euro-elevii-vor-avea-partial-acces-gratuit-la-competitiile-sportive\/","og_site_name":"Buletin de Bucure\u0219ti","article_publisher":"https:\/\/www.facebook.com\/buletin.de.buc","article_published_time":"2025-12-15T17:34:53+00:00","article_modified_time":"2025-12-16T08:10:43+00:00","og_image":[{"width":1600,"height":894,"url":"https:\/\/buletin.de\/bucuresti\/wp-content\/uploads\/2025\/12\/596931686_1288060303368150_3121024433481202061_n.jpg","type":"image\/jpeg"}],"author":"Andreea Tudor","twitter_card":"summary_large_image","twitter_misc":{"Written by":"Andreea Tudor","Estimated reading time":"5 minutes"},"schema":{"@context":"https:\/\/schema.org","@graph":[{"@type":"Article","@id":"https:\/\/buletin.de\/bucuresti\/sector-2-primaria-va-cofinanta-viitoarea-noul-stadion-dinamo-cu-25-milioane-de-euro-elevii-vor-avea-partial-acces-gratuit-la-competitiile-sportive\/#article","isPartOf":{"@id":"https:\/\/buletin.de\/bucuresti\/sector-2-primaria-va-cofinanta-viitoarea-noul-stadion-dinamo-cu-25-milioane-de-euro-elevii-vor-avea-partial-acces-gratuit-la-competitiile-sportive\/"},"author":{"name":"Andreea Tudor","@id":"https:\/\/buletin.de\/bucuresti\/#\/schema\/person\/150590659efde715459d159da012f501"},"headline":"Sector 2 | Prim\u0103ria va cofinan\u0163a noul stadion Dinamo cu 25 milioane de euro. Elevii vor avea par\u0163ial acces gratuit la competi\u0163iile sportive","datePublished":"2025-12-15T17:34:53+00:00","dateModified":"2025-12-16T08:10:43+00:00","mainEntityOfPage":{"@id":"https:\/\/buletin.de\/bucuresti\/sector-2-primaria-va-cofinanta-viitoarea-noul-stadion-dinamo-cu-25-milioane-de-euro-elevii-vor-avea-partial-acces-gratuit-la-competitiile-sportive\/"},"wordCount":1033,"publisher":{"@id":"https:\/\/buletin.de\/bucuresti\/#organization"},"image":{"@id":"https:\/\/buletin.de\/bucuresti\/sector-2-primaria-va-cofinanta-viitoarea-noul-stadion-dinamo-cu-25-milioane-de-euro-elevii-vor-avea-partial-acces-gratuit-la-competitiile-sportive\/#primaryimage"},"thumbnailUrl":"https:\/\/buletin.de\/bucuresti\/wp-content\/uploads\/2025\/12\/596931686_1288060303368150_3121024433481202061_n.jpg","keywords":["acces gratuit competitii sportive","CS Dinamo Bucuresti","demolare stadion dinamo","mai","parc sportiv","reconstructie stadion dinamo","Sector 2","stadion dinamo"],"articleSection":["Articole","Main","Prim\u0103rie"],"inLanguage":"en-GB","copyrightYear":"2025","copyrightHolder":{"@id":"https:\/\/buletin.de\/bucuresti\/#organization"}},{"@type":"WebPage","@id":"https:\/\/buletin.de\/bucuresti\/sector-2-primaria-va-cofinanta-viitoarea-noul-stadion-dinamo-cu-25-milioane-de-euro-elevii-vor-avea-partial-acces-gratuit-la-competitiile-sportive\/","url":"https:\/\/buletin.de\/bucuresti\/sector-2-primaria-va-cofinanta-viitoarea-noul-stadion-dinamo-cu-25-milioane-de-euro-elevii-vor-avea-partial-acces-gratuit-la-competitiile-sportive\/","name":"Sector 2 | Prim\u0103ria va cofinan\u0163a noul stadion Dinamo cu 25 milioane de euro. Elevii vor avea par\u0163ial acces gratuit la competi\u0163iile sportive - Buletin de Bucure\u0219ti","isPartOf":{"@id":"https:\/\/buletin.de\/bucuresti\/#website"},"primaryImageOfPage":{"@id":"https:\/\/buletin.de\/bucuresti\/sector-2-primaria-va-cofinanta-viitoarea-noul-stadion-dinamo-cu-25-milioane-de-euro-elevii-vor-avea-partial-acces-gratuit-la-competitiile-sportive\/#primaryimage"},"image":{"@id":"https:\/\/buletin.de\/bucuresti\/sector-2-primaria-va-cofinanta-viitoarea-noul-stadion-dinamo-cu-25-milioane-de-euro-elevii-vor-avea-partial-acces-gratuit-la-competitiile-sportive\/#primaryimage"},"thumbnailUrl":"https:\/\/buletin.de\/bucuresti\/wp-content\/uploads\/2025\/12\/596931686_1288060303368150_3121024433481202061_n.jpg","datePublished":"2025-12-15T17:34:53+00:00","dateModified":"2025-12-16T08:10:43+00:00","description":"Prim\u0103ria Sector 2 va cofinan\u0163a noul stadion Dinamo cu 25 milioane de euro. Elevii vor avea par\u0163ial acces gratuit la competi\u0163iile sportive.","breadcrumb":{"@id":"https:\/\/buletin.de\/bucuresti\/sector-2-primaria-va-cofinanta-viitoarea-noul-stadion-dinamo-cu-25-milioane-de-euro-elevii-vor-avea-partial-acces-gratuit-la-competitiile-sportive\/#breadcrumb"},"inLanguage":"en-GB","potentialAction":[{"@type":"ReadAction","target":["https:\/\/buletin.de\/bucuresti\/sector-2-primaria-va-cofinanta-viitoarea-noul-stadion-dinamo-cu-25-milioane-de-euro-elevii-vor-avea-partial-acces-gratuit-la-competitiile-sportive\/"]}]},{"@type":"ImageObject","inLanguage":"en-GB","@id":"https:\/\/buletin.de\/bucuresti\/sector-2-primaria-va-cofinanta-viitoarea-noul-stadion-dinamo-cu-25-milioane-de-euro-elevii-vor-avea-partial-acces-gratuit-la-competitiile-sportive\/#primaryimage","url":"https:\/\/buletin.de\/bucuresti\/wp-content\/uploads\/2025\/12\/596931686_1288060303368150_3121024433481202061_n.jpg","contentUrl":"https:\/\/buletin.de\/bucuresti\/wp-content\/uploads\/2025\/12\/596931686_1288060303368150_3121024433481202061_n.jpg","width":1600,"height":894,"caption":"Prim\u0103ria va cofinan\u0163a noul stadion Dinamo cu 25 milioane de euro. Elevii vor avea par\u0163ial acces gratuit la competi\u0163iile sportive. Foto: FB\/ Rare\u0219 Hopinc\u0103"},{"@type":"BreadcrumbList","@id":"https:\/\/buletin.de\/bucuresti\/sector-2-primaria-va-cofinanta-viitoarea-noul-stadion-dinamo-cu-25-milioane-de-euro-elevii-vor-avea-partial-acces-gratuit-la-competitiile-sportive\/#breadcrumb","itemListElement":[{"@type":"ListItem","position":1,"name":"Acas\u0103","item":"https:\/\/buletin.de\/bucuresti\/"},{"@type":"ListItem","position":2,"name":"Sector 2 | Prim\u0103ria va cofinan\u0163a noul stadion Dinamo cu 25 milioane de euro. Elevii vor avea par\u0163ial acces gratuit la competi\u0163iile sportive"}]},{"@type":"WebSite","@id":"https:\/\/buletin.de\/bucuresti\/#website","url":"https:\/\/buletin.de\/bucuresti\/","name":"Buletin de Bucure\u0219ti","description":"\u0218tiri \u0219i investiga\u021bii esen\u021biale din capital\u0103","publisher":{"@id":"https:\/\/buletin.de\/bucuresti\/#organization"},"potentialAction":[{"@type":"SearchAction","target":{"@type":"EntryPoint","urlTemplate":"https:\/\/buletin.de\/bucuresti\/?s={search_term_string}"},"query-input":{"@type":"PropertyValueSpecification","valueRequired":true,"valueName":"search_term_string"}}],"inLanguage":"en-GB"},{"@type":"Organization","@id":"https:\/\/buletin.de\/bucuresti\/#organization","name":"Buletin de Bucure\u0219ti","url":"https:\/\/buletin.de\/bucuresti\/","logo":{"@type":"ImageObject","inLanguage":"en-GB","@id":"https:\/\/buletin.de\/bucuresti\/#\/schema\/logo\/image\/","url":"https:\/\/buletin.de\/bucuresti\/wp-content\/uploads\/logo-bdb-full-wide-vernil-transparent.png","contentUrl":"https:\/\/buletin.de\/bucuresti\/wp-content\/uploads\/logo-bdb-full-wide-vernil-transparent.png","width":1782,"height":626,"caption":"Buletin de Bucure\u0219ti"},"image":{"@id":"https:\/\/buletin.de\/bucuresti\/#\/schema\/logo\/image\/"},"sameAs":["https:\/\/www.facebook.com\/buletin.de.buc","https:\/\/www.instagram.com\/buletinde.bucuresti\/"]},{"@type":"Person","@id":"https:\/\/buletin.de\/bucuresti\/#\/schema\/person\/150590659efde715459d159da012f501","name":"Andreea Tudor","image":{"@type":"ImageObject","inLanguage":"en-GB","@id":"https:\/\/secure.gravatar.com\/avatar\/a88705a186ab0b67f3349bcbced506c09e37256fbaad0e7f3bd1a79b4599f589?s=96&d=monsterid&r=g79290610aa1a65c2b86eebc2ca5aee8f","url":"https:\/\/secure.gravatar.com\/avatar\/a88705a186ab0b67f3349bcbced506c09e37256fbaad0e7f3bd1a79b4599f589?s=96&d=monsterid&r=g","contentUrl":"https:\/\/secure.gravatar.com\/avatar\/a88705a186ab0b67f3349bcbced506c09e37256fbaad0e7f3bd1a79b4599f589?s=96&d=monsterid&r=g","caption":"Andreea Tudor"},"description":"N\u0103scut\u0103 \u0219i crescut\u0103 \u00een Bucure\u0219ti, sus\u021bin\u0103toare a presei independente. A\u0219a am ajuns redactor la Buletin de Bucure\u0219ti. Fiind eu, \u00eens\u0103mi, parte a sistemului de \u00eenv\u0103\u021b\u0103m\u00e2nt rom\u00e2nesc \u0219i pasionat\u0103 de domeniul social, pun sub lup\u0103 tot ceea ce se \u00eent\u00e2mpl\u0103 \u00een sfera educa\u021biei. Cred cu t\u0103rie c\u0103 presa \u201epentru cet\u0103\u021beni\u201d este presa independent\u0103. Oamenii au nevoie de o informare corect\u0103 pentru a \u00een\u021belege pe deplin ce se \u00eent\u00e2mpl\u0103 \u00een jurul lor \u0219i pentru a lua ac\u021biune \u00eempotriva nedrept\u0103\u021bilor.","url":"https:\/\/buletin.de\/bucuresti\/author\/andreeatudor\/"}]}},"authors":[{"term_id":22573,"user_id":55,"is_guest":0,"slug":"andreeatudor","display_name":"Andreea Tudor","avatar_url":"https:\/\/secure.gravatar.com\/avatar\/a88705a186ab0b67f3349bcbced506c09e37256fbaad0e7f3bd1a79b4599f589?s=96&d=monsterid&r=g","0":null,"1":"","2":"","3":"","4":"","5":"","6":"","7":"","8":""}],"_links":{"self":[{"href":"https:\/\/buletin.de\/bucuresti\/wp-json\/wp\/v2\/posts\/162435","targetHints":{"allow":["GET"]}}],"collection":[{"href":"https:\/\/buletin.de\/bucuresti\/wp-json\/wp\/v2\/posts"}],"about":[{"href":"https:\/\/buletin.de\/bucuresti\/wp-json\/wp\/v2\/types\/post"}],"author":[{"embeddable":true,"href":"https:\/\/buletin.de\/bucuresti\/wp-json\/wp\/v2\/users\/55"}],"replies":[{"embeddable":true,"href":"https:\/\/buletin.de\/bucuresti\/wp-json\/wp\/v2\/comments?post=162435"}],"version-history":[{"count":14,"href":"https:\/\/buletin.de\/bucuresti\/wp-json\/wp\/v2\/posts\/162435\/revisions"}],"predecessor-version":[{"id":162672,"href":"https:\/\/buletin.de\/bucuresti\/wp-json\/wp\/v2\/posts\/162435\/revisions\/162672"}],"wp:featuredmedia":[{"embeddable":true,"href":"https:\/\/buletin.de\/bucuresti\/wp-json\/wp\/v2\/media\/162622"}],"wp:attachment":[{"href":"https:\/\/buletin.de\/bucuresti\/wp-json\/wp\/v2\/media?parent=162435"}],"wp:term":[{"taxonomy":"category","embeddable":true,"href":"https:\/\/buletin.de\/bucuresti\/wp-json\/wp\/v2\/categories?post=162435"},{"taxonomy":"post_tag","embeddable":true,"href":"https:\/\/buletin.de\/bucuresti\/wp-json\/wp\/v2\/tags?post=162435"},{"taxonomy":"author","embeddable":true,"href":"https:\/\/buletin.de\/bucuresti\/wp-json\/wp\/v2\/ppma_author?post=162435"}],"curies":[{"name":"wp","href":"https:\/\/api.w.org\/{rel}","templated":true}]}}