{"id":162361,"date":"2025-12-13T19:59:06","date_gmt":"2025-12-13T16:59:06","guid":{"rendered":"https:\/\/buletin.de\/bucuresti\/?p=162361"},"modified":"2026-03-25T18:32:27","modified_gmt":"2026-03-25T16:32:27","slug":"video-cum-arata-lotul-1-al-a0-nord-dupa-9-luni-de-santier-un-tronson-va-fi-deschis-la-inceputul-anului-viitor","status":"publish","type":"post","link":"https:\/\/buletin.de\/bucuresti\/video-cum-arata-lotul-1-al-a0-nord-dupa-9-luni-de-santier-un-tronson-va-fi-deschis-la-inceputul-anului-viitor\/","title":{"rendered":"VIDEO | Cum arat\u0103 lotul 1 al A0 Nord, dup\u0103 9 luni de \u0219antier. Un tronson va fi deschis la \u00eenceputul anului viitor"},"content":{"rendered":"\n<p><strong>Constructorul de pe lotul 1 al A0 Nord, autostrada de centur\u0103 a Capitalei, a f\u0103cut progrese \u00eentre 7% \u0219i 95%, \u00een func\u021bie de segmentele analizate, la nou\u0103 luni de la deschiderea \u0219antierului, \u00een martie anul acesta. <\/strong><\/p>\n\n\n\n<p>La acest moment, potrivit <a href=\"https:\/\/www.facebook.com\/story.php?story_fbid=pfbid09oNAyZ4HhxoCGzLbGbhKvjCe3n8enwnsH6CmsbvuonfMdzRrqtZib7DeyFvBA8Hxl&amp;id=100045055956030&amp;rdid=Znf0RMTKvmf8BUyl#\" target=\"_blank\" rel=\"noreferrer noopener\">secretarului de stat \u00een Ministerul Transporturilor <\/a>Ionel Scio\u0219teanu, a fost finalizat\u0103 reprofilarea albiei r\u00e2ului Colentina. <\/p>\n\n\n\n<p>Alte lucr\u0103ri efectuate la corpul autostr\u0103zii:<\/p>\n\n\n\n<ul class=\"wp-block-list\">\n<li>Stabilizare teren fundare: 94% realizat;<\/li>\n\n\n\n<li>Umpluturi terasament: 57% realizat;<\/li>\n\n\n\n<li>S-a demarat activitatea de umplutur\u0103 din balast \u00een spatele culeelor;<\/li>\n\n\n\n<li>Strat de form\u0103: 60% executat;<\/li>\n\n\n\n<li>Funda\u021bie din balast: 31% realizat;<\/li>\n\n\n\n<li>Strat din balast stabilizat cu liant: 7% realizat;<\/li>\n\n\n\n<li>S-a demarat a\u0219ternerea de mixtur\u0103 asfaltic\u0103 Baz\u0103 AB22.4 baz\u0103 50\/70: ;<\/li>\n\n\n\n<li>Pode\u021be casetate: 92% executat;<\/li>\n\n\n\n<li>Pode\u021be tubulare: 93% realizat;<\/li>\n\n\n\n<li>au \u00eenceput lucr\u0103rile la parcare de scurta durat\u0103 km 14+500 la nivel de decapare, finalizat\u0103, \u0219i stabilizare teren fundare;<\/li>\n<\/ul>\n\n\n\n<p>\u201eAu fost demarate lucr\u0103rile de instalare a sistemului de iluminat pentru zona Parcare km 14+500 \u0219i noduri rutiere. La DN7 au fost \u00eencepute activit\u0103\u021bi de montare tub protec\u021bie \u0219i cablu energie, montare st\u00e2lp de iluminat cu funda\u021bii\u201d, a precizat Ionel Scrio\u0219teanu.<\/p>\n\n\n\n<p><strong>CITE\u0218TE \u0218I:\u00a0<a href=\"https:\/\/buletin.de\/bucuresti\/toate-taxele-si-impozitele-pentru-anul-viitor-cat-vom-plati-pentru-o-locuinta-si-pentru-un-autovehicul-in-bucuresti\/\" target=\"_blank\" rel=\"noreferrer noopener\">Toate taxele \u0219i impozitele pentru anul viitor. C\u00e2t vom pl\u0103ti pentru o locuin\u021b\u0103 \u0219i pentru un autovehicul \u00een Bucure\u0219ti | DOCUMENT<\/a><\/strong><\/p>\n\n\n\n<h2 class=\"wp-block-heading\" id=\"h-lotul-1-al-a0-nord-avans-important-pe-cele-cinci-pasaje-\u0219i-doua-poduri\">Lotul 1 al A0 Nord: avans important pe cele cinci pasaje \u0219i dou\u0103 poduri<\/h2>\n\n\n\n<p><strong>Secretarul de stat a men\u021bionat c\u0103 63 de reloc\u0103ri de utilit\u0103\u021bi sunt in curs de execu\u021bie.<\/strong><\/p>\n\n\n\n<p>La <strong>pasajul peste CF101 Bucure\u0219ti \u2013 Pite\u0219ti DN7 (733 m),<\/strong> 95% din pilo\u021bii fora\u021bi sunt realiza\u021bi; 22\/40 radiere \u0219i 16\/40 eleva\u021bii finalizate; a \u00eenceput aprovizionarea cu grinzi prefabricate, 70 grinzi beton au fost deja livrate \u00een \u0219antier urm\u00e2nd a fi instalate \u00een perioada 15-17 decembrie 2025.<\/p>\n\n\n\n<p>La <strong>pasajul peste r\u00e2ul Colentina, CF 300 Bucure\u0219ti \u2013 Ploie\u0219ti \u0219i CF Mogo\u0219oaia \u2013 Buftea (17 deschideri, 650 m).<\/strong> 100% din pilo\u021bii fora\u021bi sunt realiza\u021bi. De asemenea, 13\/17 radiere \u0219i 22\/34 eleva\u021bii sunt finalizate.<\/p>\n\n\n\n<p>\u201e\u00cen plus, au fost demarate lucr\u0103rile pentru grinda de rezemare \u0219i execu\u021bia cuzine\u021bilor pentru montare grinzi. 60\/180 grinzi din beton au fost instalate, iar lucr\u0103rile de pozi\u021bionare a predalelor sunt \u00eenc\u0103 \u00een execu\u021bie. \u00cencep\u00e2nd cu 11\/12\/2025 a \u00eenceput instalarea altor 48 grinzi la aceasta structura\u201d, a men\u021bionat Ionel Scrio\u0219teanu.<\/p>\n\n\n\n<figure class=\"wp-block-gallery has-nested-images columns-default is-cropped wp-block-gallery-1 is-layout-flex wp-block-gallery-is-layout-flex\">\n<figure class=\"wp-block-image size-large\"><img fetchpriority=\"high\" decoding=\"async\" width=\"1000\" height=\"563\" data-id=\"162376\" src=\"data:image\/gif;base64,R0lGODlhAQABAAAAACH5BAEKAAEALAAAAAABAAEAAAICTAEAOw==\" data-src=\"https:\/\/buletin.de\/bucuresti\/wp-content\/uploads\/2025\/12\/lotu1A0nord-1000x563.jpg\" alt=\"lotul 1 al A0 Nord\" class=\"wp-image-162376 lazyload\" data-sizes=\"auto\" data-srcset=\"https:\/\/buletin.de\/bucuresti\/wp-content\/uploads\/2025\/12\/lotu1A0nord-1000x563.jpg 1000w, https:\/\/buletin.de\/bucuresti\/wp-content\/uploads\/2025\/12\/lotu1A0nord-300x169.jpg 300w, https:\/\/buletin.de\/bucuresti\/wp-content\/uploads\/2025\/12\/lotu1A0nord-768x432.jpg 768w, https:\/\/buletin.de\/bucuresti\/wp-content\/uploads\/2025\/12\/lotu1A0nord-1536x864.jpg 1536w, https:\/\/buletin.de\/bucuresti\/wp-content\/uploads\/2025\/12\/lotu1A0nord-1100x619.jpg 1100w, https:\/\/buletin.de\/bucuresti\/wp-content\/uploads\/2025\/12\/lotu1A0nord-600x338.jpg 600w, https:\/\/buletin.de\/bucuresti\/wp-content\/uploads\/2025\/12\/lotu1A0nord-20x11.jpg 20w, https:\/\/buletin.de\/bucuresti\/wp-content\/uploads\/2025\/12\/lotu1A0nord.jpg 1600w\" sizes=\"(max-width: 1000px) 100vw, 1000px\" \/><\/figure>\n\n\n\n<figure class=\"wp-block-image size-large\"><img decoding=\"async\" width=\"1000\" height=\"563\" data-id=\"162377\" src=\"data:image\/gif;base64,R0lGODlhAQABAAAAACH5BAEKAAEALAAAAAABAAEAAAICTAEAOw==\" data-src=\"https:\/\/buletin.de\/bucuresti\/wp-content\/uploads\/2025\/12\/lotul1a0nord-1000x563.jpg\" alt=\"lotul 1 al A0 Nord\" class=\"wp-image-162377 lazyload\" data-sizes=\"auto\" data-srcset=\"https:\/\/buletin.de\/bucuresti\/wp-content\/uploads\/2025\/12\/lotul1a0nord-1000x563.jpg 1000w, https:\/\/buletin.de\/bucuresti\/wp-content\/uploads\/2025\/12\/lotul1a0nord-300x169.jpg 300w, https:\/\/buletin.de\/bucuresti\/wp-content\/uploads\/2025\/12\/lotul1a0nord-768x432.jpg 768w, https:\/\/buletin.de\/bucuresti\/wp-content\/uploads\/2025\/12\/lotul1a0nord-1536x864.jpg 1536w, https:\/\/buletin.de\/bucuresti\/wp-content\/uploads\/2025\/12\/lotul1a0nord-1100x619.jpg 1100w, https:\/\/buletin.de\/bucuresti\/wp-content\/uploads\/2025\/12\/lotul1a0nord-600x338.jpg 600w, https:\/\/buletin.de\/bucuresti\/wp-content\/uploads\/2025\/12\/lotul1a0nord-20x11.jpg 20w, https:\/\/buletin.de\/bucuresti\/wp-content\/uploads\/2025\/12\/lotul1a0nord.jpg 1600w\" sizes=\"(max-width: 1000px) 100vw, 1000px\" \/><\/figure>\n\n\n\n<figure class=\"wp-block-image size-large\"><img decoding=\"async\" width=\"1000\" height=\"563\" data-id=\"162378\" src=\"data:image\/gif;base64,R0lGODlhAQABAAAAACH5BAEKAAEALAAAAAABAAEAAAICTAEAOw==\" data-src=\"https:\/\/buletin.de\/bucuresti\/wp-content\/uploads\/2025\/12\/lotul1ainord1-1000x563.jpg\" alt=\"\" class=\"wp-image-162378 lazyload\" data-sizes=\"auto\" data-srcset=\"https:\/\/buletin.de\/bucuresti\/wp-content\/uploads\/2025\/12\/lotul1ainord1-1000x563.jpg 1000w, https:\/\/buletin.de\/bucuresti\/wp-content\/uploads\/2025\/12\/lotul1ainord1-300x169.jpg 300w, https:\/\/buletin.de\/bucuresti\/wp-content\/uploads\/2025\/12\/lotul1ainord1-768x432.jpg 768w, https:\/\/buletin.de\/bucuresti\/wp-content\/uploads\/2025\/12\/lotul1ainord1-1536x864.jpg 1536w, https:\/\/buletin.de\/bucuresti\/wp-content\/uploads\/2025\/12\/lotul1ainord1-1100x619.jpg 1100w, https:\/\/buletin.de\/bucuresti\/wp-content\/uploads\/2025\/12\/lotul1ainord1-600x338.jpg 600w, https:\/\/buletin.de\/bucuresti\/wp-content\/uploads\/2025\/12\/lotul1ainord1-20x11.jpg 20w, https:\/\/buletin.de\/bucuresti\/wp-content\/uploads\/2025\/12\/lotul1ainord1.jpg 1600w\" sizes=\"(max-width: 1000px) 100vw, 1000px\" \/><\/figure>\n\n\n\n<figure class=\"wp-block-image size-large\"><img loading=\"lazy\" decoding=\"async\" width=\"1000\" height=\"563\" data-id=\"162379\" src=\"data:image\/gif;base64,R0lGODlhAQABAAAAACH5BAEKAAEALAAAAAABAAEAAAICTAEAOw==\" data-src=\"https:\/\/buletin.de\/bucuresti\/wp-content\/uploads\/2025\/12\/lotull1a0-1000x563.jpg\" alt=\"lotul 1 al A0 Nord\" class=\"wp-image-162379 lazyload\" data-sizes=\"auto\" data-srcset=\"https:\/\/buletin.de\/bucuresti\/wp-content\/uploads\/2025\/12\/lotull1a0-1000x563.jpg 1000w, https:\/\/buletin.de\/bucuresti\/wp-content\/uploads\/2025\/12\/lotull1a0-300x169.jpg 300w, https:\/\/buletin.de\/bucuresti\/wp-content\/uploads\/2025\/12\/lotull1a0-768x432.jpg 768w, https:\/\/buletin.de\/bucuresti\/wp-content\/uploads\/2025\/12\/lotull1a0-1536x864.jpg 1536w, https:\/\/buletin.de\/bucuresti\/wp-content\/uploads\/2025\/12\/lotull1a0-1100x619.jpg 1100w, https:\/\/buletin.de\/bucuresti\/wp-content\/uploads\/2025\/12\/lotull1a0-600x338.jpg 600w, https:\/\/buletin.de\/bucuresti\/wp-content\/uploads\/2025\/12\/lotull1a0-20x11.jpg 20w, https:\/\/buletin.de\/bucuresti\/wp-content\/uploads\/2025\/12\/lotull1a0.jpg 1600w\" sizes=\"(max-width: 1000px) 100vw, 1000px\" \/><\/figure>\n<figcaption class=\"blocks-gallery-caption wp-element-caption\">\u0218antierul de pe lotul 1 al A0 Nord. Foto Ionel Scrio\u0219teanu<\/figcaption><\/figure>\n\n\n\n<p>Ce alte lucr\u0103ri au mai fost realizate:<\/p>\n\n\n\n<ul class=\"wp-block-list\">\n<li><strong>Pasaj pe DN1A peste autostrad\u0103<\/strong>, km 12+130 (40 metri): pilo\u021bii fora\u021bi, radierele \u0219i eleva\u021biile sunt finalizate. Cele 12 grinzi prefabricate au fost instalate, iar pozi\u021bionarea predalelor este de asemenea finalizat\u0103. Armarea \u0219i cofrarea la placa suprastructurii este \u00een curs de execu\u021bie.<\/li>\n\n\n\n<li><strong>Pasaj pe drum de exploatare peste autostrada<\/strong>, km 18+303 (41 metri) &#8211; pilo\u021bii fora\u021bi, radierele \u0219i eleva\u021biile sunt finalizate. Execu\u021bia cuzine\u021bilor pentru montarea grinzilor este finalizat\u0103, iar in Decembrie vor fi instalate si grinzile. Pe data de 13\/12\/2025 se vor instala grinzile la aceasta structura, cu men\u021biunea c\u0103 este vorba despre grinzi mixte care au talpa inferioar\u0103 din metal, protejat\u0103 cu zinc.<\/li>\n\n\n\n<li><strong>Pasaj pe drum de exploatare peste autostrada,<\/strong> km 19+595 (41 metri): pilo\u021bii fora\u021bi sunt finaliza\u021bi, radierele \u0219i eleva\u021biile sunt \u00een lucru. Execu\u021bia cuzine\u021bilor pentru montarea grinzilor este finalizat\u0103, iar in Decembrie vor fi instalate \u0219i grinzile. Pe data de 13\/12\/2025 se vor instala grinzile la aceast\u0103 structura, cu men\u021biunea c\u0103 este vorba despre grinzi mixte care au talpa inferioar\u0103 din metal, protejat\u0103 cu zinc.<\/li>\n\n\n\n<li><strong>Pod pe autostrad\u0103 peste r\u00e2ul B\u00e2ldana<\/strong> km 4+024 (53 metri): pilo\u021bii fora\u021bi au fost finaliza\u021bi.<\/li>\n\n\n\n<li><strong>Pod pe autostrad\u0103 peste r\u00e2ul D\u00e2mbovi\u021ba<\/strong> km 2+999 (53 metri): 80% din pilo\u021bii fora\u021bi sunt realiza\u021bi, iar lucr\u0103rile continu\u0103.<\/li>\n<\/ul>\n\n\n\n<figure class=\"wp-block-embed is-type-video is-provider-youtube wp-block-embed-youtube wp-embed-aspect-16-9 wp-has-aspect-ratio\"><div class=\"wp-block-embed__wrapper\">\n<div class=\"jlvid_container\"><iframe title=\"Autostrada de Centur\u0103 Bucure\u0219ti A0 Nord Lot 1 B\u00e2cu-Corbeanca \u00b7 Stadiu Lucr\u0103ri Decembrie 2025\" width=\"1200\" height=\"675\" src=\"https:\/\/www.youtube.com\/embed\/HvpCc3JLj8o?feature=oembed\" frameborder=\"0\" allow=\"accelerometer; autoplay; clipboard-write; encrypted-media; gyroscope; picture-in-picture; web-share\" referrerpolicy=\"strict-origin-when-cross-origin\" allowfullscreen><\/iframe><\/div>\n<\/div><\/figure>\n\n\n\n<h2 class=\"wp-block-heading\" id=\"h-cand-va-fi-deschisa-aceasta-sec\u021biune-de-autostrada\">C\u00e2nd va fi deschis\u0103 aceast\u0103 sec\u021biune de autostrad\u0103<\/h2>\n\n\n\n<p>Traseul Lotului 1 Nord se afl\u0103 \u00eentre A1 \u0219i DN1, de la Dragomire\u0219ti la Corbeanca \u0219i are o lungime de 17,5 km, iar amplasamentul lucr\u0103rilor este situat pe teritoriul jude\u021bului Ilfov, pe raza unit\u0103\u021bilor administrativ teritoriale Dragomire\u0219ti-Vale, Buftea, Mogo\u0219oaia, Corbeanca \u0219i pe teritoriul jude\u021bului Giurgiu, pe raza localit\u0103\u021bilor Joi\u021ba \u0219i S\u0103b\u0103reni.<\/p>\n\n\n\n<p>\u201e\u00cen \u0219antier sunt mobiliza\u021bi 764 de muncitori \u0219i 266 de utilaje. (f\u0103r\u0103 a lua \u00een calcul cele 190 de camioane ce transport\u0103 material)\u201d, a men\u021bionat Ionel Scrio\u0219\u021beanu.<\/p>\n\n\n\n<p>Acest lot va fi dat \u00een trafic \u00een 2 etape:<\/p>\n\n\n\n<ul class=\"wp-block-list\">\n<li><strong>tronsonul cuprins \u00eentre DN1 \u0219i DN1a \u00een prima parte a anului viitor, \u00eenainte de termenul contractual-tronson Retter;<\/strong><\/li>\n\n\n\n<li>tronsonul cuprins \u00eentre DN1a-DN7 si A1 in toamna anului viitor, in termenul contractual-tronson Pizzarotti.<\/li>\n<\/ul>\n\n\n\n<p><strong>CITE\u0218TE \u0218I: <a href=\"https:\/\/buletin.de\/bucuresti\/schimbare-importanta-la-impozitul-pentru-hibride-in-bucuresti-dispare-reducerea-de-95\/\" target=\"_blank\" rel=\"noreferrer noopener\">Schimbare important\u0103 la impozitul pentru hibride \u00een Bucure\u0219ti: dispare reducerea de 95%<\/a><\/strong><\/p>\n","protected":false},"excerpt":{"rendered":"<p>Constructorul de pe lotul 1 al A0 Nord, autostrada de centur\u0103 a Capitalei, a f\u0103cut progrese \u00eentre 7% \u0219i 95%, \u00een func\u021bie de segmentele analizate, la nou\u0103 luni de la deschiderea \u0219antierului, \u00een martie anul acesta. La acest moment, potrivit secretarului de stat \u00een Ministerul Transporturilor Ionel Scio\u0219teanu, a fost finalizat\u0103 reprofilarea albiei r\u00e2ului Colentina. [&hellip;]<\/p>\n","protected":false},"author":60,"featured_media":162364,"comment_status":"closed","ping_status":"open","sticky":false,"template":"","format":"standard","meta":{"_acf_changed":false,"inline_featured_image":false,"ngg_post_thumbnail":0,"footnotes":""},"categories":[6994,5762,650],"tags":[5502,23499,2620,13713],"ppma_author":[22582],"class_list":["post-162361","post","type-post","status-publish","format-standard","has-post-thumbnail","hentry","category-stiri-2","category-main","category-transport","tag-a0-nord","tag-a0-nord-lotul-1","tag-autostrada-a0","tag-autostrada-de-centura"],"acf":[],"yoast_head":"<!-- This site is optimized with the Yoast SEO Premium plugin v25.3 (Yoast SEO v27.4) - https:\/\/yoast.com\/product\/yoast-seo-premium-wordpress\/ -->\n<title>VIDEO | Cum arat\u0103 lotul 1 al A0 Nord, dup\u0103 9 luni de \u0219antier. Un tronson va fi deschis la \u00eenceputul anului viitor - Buletin de Bucure\u0219ti<\/title>\n<meta name=\"description\" content=\"Constructorul de pe lotul 1 al A0 Nord, autostrada de centur\u0103 a Capitalei, a f\u0103cut progrese \u00eentre 7% \u0219i 95%, \u00een func\u021bie de segmentel.\" \/>\n<meta name=\"robots\" content=\"index, follow, max-snippet:-1, max-image-preview:large, max-video-preview:-1\" \/>\n<link rel=\"canonical\" href=\"https:\/\/buletin.de\/bucuresti\/video-cum-arata-lotul-1-al-a0-nord-dupa-9-luni-de-santier-un-tronson-va-fi-deschis-la-inceputul-anului-viitor\/\" \/>\n<meta property=\"og:locale\" content=\"en_GB\" \/>\n<meta property=\"og:type\" content=\"article\" \/>\n<meta property=\"og:title\" content=\"VIDEO | Cum arat\u0103 lotul 1 al A0 Nord, dup\u0103 9 luni de \u0219antier. Un tronson va fi deschis la \u00eenceputul anului viitor\" \/>\n<meta property=\"og:description\" content=\"Constructorul de pe lotul 1 al A0 Nord, autostrada de centur\u0103 a Capitalei, a f\u0103cut progrese \u00eentre 7% \u0219i 95%, \u00een func\u021bie de segmentel.\" \/>\n<meta property=\"og:url\" content=\"https:\/\/buletin.de\/bucuresti\/video-cum-arata-lotul-1-al-a0-nord-dupa-9-luni-de-santier-un-tronson-va-fi-deschis-la-inceputul-anului-viitor\/\" \/>\n<meta property=\"og:site_name\" content=\"Buletin de Bucure\u0219ti\" \/>\n<meta property=\"article:publisher\" content=\"https:\/\/www.facebook.com\/buletin.de.buc\" \/>\n<meta property=\"article:published_time\" content=\"2025-12-13T16:59:06+00:00\" \/>\n<meta property=\"article:modified_time\" content=\"2026-03-25T16:32:27+00:00\" \/>\n<meta property=\"og:image\" content=\"https:\/\/buletin.de\/bucuresti\/wp-content\/uploads\/2025\/12\/lotul1asfaltA0.jpg\" \/>\n\t<meta property=\"og:image:width\" content=\"1600\" \/>\n\t<meta property=\"og:image:height\" content=\"900\" \/>\n\t<meta property=\"og:image:type\" content=\"image\/jpeg\" \/>\n<meta name=\"author\" content=\"R\u0103zvan Chiru\u021b\u0103\" \/>\n<meta name=\"twitter:card\" content=\"summary_large_image\" \/>\n<meta name=\"twitter:label1\" content=\"Written by\" \/>\n\t<meta name=\"twitter:data1\" content=\"R\u0103zvan Chiru\u021b\u0103\" \/>\n\t<meta name=\"twitter:label2\" content=\"Estimated reading time\" \/>\n\t<meta name=\"twitter:data2\" content=\"5 minutes\" \/>\n<script type=\"application\/ld+json\" class=\"yoast-schema-graph\">{\"@context\":\"https:\\\/\\\/schema.org\",\"@graph\":[{\"@type\":\"Article\",\"@id\":\"https:\\\/\\\/buletin.de\\\/bucuresti\\\/video-cum-arata-lotul-1-al-a0-nord-dupa-9-luni-de-santier-un-tronson-va-fi-deschis-la-inceputul-anului-viitor\\\/#article\",\"isPartOf\":{\"@id\":\"https:\\\/\\\/buletin.de\\\/bucuresti\\\/video-cum-arata-lotul-1-al-a0-nord-dupa-9-luni-de-santier-un-tronson-va-fi-deschis-la-inceputul-anului-viitor\\\/\"},\"author\":{\"name\":\"R\u0103zvan Chiru\u021b\u0103\",\"@id\":\"https:\\\/\\\/buletin.de\\\/bucuresti\\\/#\\\/schema\\\/person\\\/a76df728dfc913795a9d90e346b253bb\"},\"headline\":\"VIDEO | Cum arat\u0103 lotul 1 al A0 Nord, dup\u0103 9 luni de \u0219antier. Un tronson va fi deschis la \u00eenceputul anului viitor\",\"datePublished\":\"2025-12-13T16:59:06+00:00\",\"dateModified\":\"2026-03-25T16:32:27+00:00\",\"mainEntityOfPage\":{\"@id\":\"https:\\\/\\\/buletin.de\\\/bucuresti\\\/video-cum-arata-lotul-1-al-a0-nord-dupa-9-luni-de-santier-un-tronson-va-fi-deschis-la-inceputul-anului-viitor\\\/\"},\"wordCount\":794,\"publisher\":{\"@id\":\"https:\\\/\\\/buletin.de\\\/bucuresti\\\/#organization\"},\"image\":{\"@id\":\"https:\\\/\\\/buletin.de\\\/bucuresti\\\/video-cum-arata-lotul-1-al-a0-nord-dupa-9-luni-de-santier-un-tronson-va-fi-deschis-la-inceputul-anului-viitor\\\/#primaryimage\"},\"thumbnailUrl\":\"https:\\\/\\\/buletin.de\\\/bucuresti\\\/wp-content\\\/uploads\\\/2025\\\/12\\\/lotul1asfaltA0.jpg\",\"keywords\":[\"a0 nord\",\"a0 nord lotul 1\",\"autostrada a0\",\"autostrada de centura\"],\"articleSection\":[\"Articole\",\"Main\",\"Transport\"],\"inLanguage\":\"en-GB\",\"copyrightYear\":\"2025\",\"copyrightHolder\":{\"@id\":\"https:\\\/\\\/buletin.de\\\/bucuresti\\\/#organization\"}},{\"@type\":\"WebPage\",\"@id\":\"https:\\\/\\\/buletin.de\\\/bucuresti\\\/video-cum-arata-lotul-1-al-a0-nord-dupa-9-luni-de-santier-un-tronson-va-fi-deschis-la-inceputul-anului-viitor\\\/\",\"url\":\"https:\\\/\\\/buletin.de\\\/bucuresti\\\/video-cum-arata-lotul-1-al-a0-nord-dupa-9-luni-de-santier-un-tronson-va-fi-deschis-la-inceputul-anului-viitor\\\/\",\"name\":\"VIDEO | Cum arat\u0103 lotul 1 al A0 Nord, dup\u0103 9 luni de \u0219antier. Un tronson va fi deschis la \u00eenceputul anului viitor - Buletin de Bucure\u0219ti\",\"isPartOf\":{\"@id\":\"https:\\\/\\\/buletin.de\\\/bucuresti\\\/#website\"},\"primaryImageOfPage\":{\"@id\":\"https:\\\/\\\/buletin.de\\\/bucuresti\\\/video-cum-arata-lotul-1-al-a0-nord-dupa-9-luni-de-santier-un-tronson-va-fi-deschis-la-inceputul-anului-viitor\\\/#primaryimage\"},\"image\":{\"@id\":\"https:\\\/\\\/buletin.de\\\/bucuresti\\\/video-cum-arata-lotul-1-al-a0-nord-dupa-9-luni-de-santier-un-tronson-va-fi-deschis-la-inceputul-anului-viitor\\\/#primaryimage\"},\"thumbnailUrl\":\"https:\\\/\\\/buletin.de\\\/bucuresti\\\/wp-content\\\/uploads\\\/2025\\\/12\\\/lotul1asfaltA0.jpg\",\"datePublished\":\"2025-12-13T16:59:06+00:00\",\"dateModified\":\"2026-03-25T16:32:27+00:00\",\"description\":\"Constructorul de pe lotul 1 al A0 Nord, autostrada de centur\u0103 a Capitalei, a f\u0103cut progrese \u00eentre 7% \u0219i 95%, \u00een func\u021bie de segmentel.\",\"breadcrumb\":{\"@id\":\"https:\\\/\\\/buletin.de\\\/bucuresti\\\/video-cum-arata-lotul-1-al-a0-nord-dupa-9-luni-de-santier-un-tronson-va-fi-deschis-la-inceputul-anului-viitor\\\/#breadcrumb\"},\"inLanguage\":\"en-GB\",\"potentialAction\":[{\"@type\":\"ReadAction\",\"target\":[\"https:\\\/\\\/buletin.de\\\/bucuresti\\\/video-cum-arata-lotul-1-al-a0-nord-dupa-9-luni-de-santier-un-tronson-va-fi-deschis-la-inceputul-anului-viitor\\\/\"]}]},{\"@type\":\"ImageObject\",\"inLanguage\":\"en-GB\",\"@id\":\"https:\\\/\\\/buletin.de\\\/bucuresti\\\/video-cum-arata-lotul-1-al-a0-nord-dupa-9-luni-de-santier-un-tronson-va-fi-deschis-la-inceputul-anului-viitor\\\/#primaryimage\",\"url\":\"https:\\\/\\\/buletin.de\\\/bucuresti\\\/wp-content\\\/uploads\\\/2025\\\/12\\\/lotul1asfaltA0.jpg\",\"contentUrl\":\"https:\\\/\\\/buletin.de\\\/bucuresti\\\/wp-content\\\/uploads\\\/2025\\\/12\\\/lotul1asfaltA0.jpg\",\"width\":1600,\"height\":900,\"caption\":\"Cum arat\u0103 lotul 1 al A0 Nord \u00een decembrie 2025. Foto: Ionel Scrio\u0219teanu\"},{\"@type\":\"BreadcrumbList\",\"@id\":\"https:\\\/\\\/buletin.de\\\/bucuresti\\\/video-cum-arata-lotul-1-al-a0-nord-dupa-9-luni-de-santier-un-tronson-va-fi-deschis-la-inceputul-anului-viitor\\\/#breadcrumb\",\"itemListElement\":[{\"@type\":\"ListItem\",\"position\":1,\"name\":\"Acas\u0103\",\"item\":\"https:\\\/\\\/buletin.de\\\/bucuresti\\\/\"},{\"@type\":\"ListItem\",\"position\":2,\"name\":\"VIDEO | Cum arat\u0103 lotul 1 al A0 Nord, dup\u0103 9 luni de \u0219antier. Un tronson va fi deschis la \u00eenceputul anului viitor\"}]},{\"@type\":\"WebSite\",\"@id\":\"https:\\\/\\\/buletin.de\\\/bucuresti\\\/#website\",\"url\":\"https:\\\/\\\/buletin.de\\\/bucuresti\\\/\",\"name\":\"Buletin de Bucure\u0219ti\",\"description\":\"\u0218tiri \u0219i investiga\u021bii esen\u021biale din capital\u0103\",\"publisher\":{\"@id\":\"https:\\\/\\\/buletin.de\\\/bucuresti\\\/#organization\"},\"potentialAction\":[{\"@type\":\"SearchAction\",\"target\":{\"@type\":\"EntryPoint\",\"urlTemplate\":\"https:\\\/\\\/buletin.de\\\/bucuresti\\\/?s={search_term_string}\"},\"query-input\":{\"@type\":\"PropertyValueSpecification\",\"valueRequired\":true,\"valueName\":\"search_term_string\"}}],\"inLanguage\":\"en-GB\"},{\"@type\":\"Organization\",\"@id\":\"https:\\\/\\\/buletin.de\\\/bucuresti\\\/#organization\",\"name\":\"Buletin de Bucure\u0219ti\",\"url\":\"https:\\\/\\\/buletin.de\\\/bucuresti\\\/\",\"logo\":{\"@type\":\"ImageObject\",\"inLanguage\":\"en-GB\",\"@id\":\"https:\\\/\\\/buletin.de\\\/bucuresti\\\/#\\\/schema\\\/logo\\\/image\\\/\",\"url\":\"https:\\\/\\\/buletin.de\\\/bucuresti\\\/wp-content\\\/uploads\\\/logo-bdb-full-wide-vernil-transparent.png\",\"contentUrl\":\"https:\\\/\\\/buletin.de\\\/bucuresti\\\/wp-content\\\/uploads\\\/logo-bdb-full-wide-vernil-transparent.png\",\"width\":1782,\"height\":626,\"caption\":\"Buletin de Bucure\u0219ti\"},\"image\":{\"@id\":\"https:\\\/\\\/buletin.de\\\/bucuresti\\\/#\\\/schema\\\/logo\\\/image\\\/\"},\"sameAs\":[\"https:\\\/\\\/www.facebook.com\\\/buletin.de.buc\",\"https:\\\/\\\/www.instagram.com\\\/buletinde.bucuresti\\\/\"]},{\"@type\":\"Person\",\"@id\":\"https:\\\/\\\/buletin.de\\\/bucuresti\\\/#\\\/schema\\\/person\\\/a76df728dfc913795a9d90e346b253bb\",\"name\":\"R\u0103zvan Chiru\u021b\u0103\",\"image\":{\"@type\":\"ImageObject\",\"inLanguage\":\"en-GB\",\"@id\":\"https:\\\/\\\/buletin.de\\\/bucuresti\\\/wp-content\\\/uploads\\\/Razvan-Chiruta-96x96.jpge7143b996fd4241fbd6ee1f6b6b7b267\",\"url\":\"https:\\\/\\\/buletin.de\\\/bucuresti\\\/wp-content\\\/uploads\\\/Razvan-Chiruta-96x96.jpg\",\"contentUrl\":\"https:\\\/\\\/buletin.de\\\/bucuresti\\\/wp-content\\\/uploads\\\/Razvan-Chiruta-96x96.jpg\",\"caption\":\"R\u0103zvan Chiru\u021b\u0103\"},\"description\":\"R\u0103zvan Chiru\u021b\u0103 este redactor-\u0219ef adjunct din iulie 2024. A fost redactor-\u0219ef al PRESShub \u00eentre 2022 \u0219i iunie 2024. Anterior, a fost redactor-\u0219ef al Newsweek Rom\u00e2nia, din 2018 p\u00e2n\u0103 \u00een 2021, \u0219i al cotidianului Rom\u00e2nia liber\u0103, \u00eentre 2015 \u0219i 2017. Este absolvent de Jurnalism, \u00een cadrul Universit\u0103\u021bii \u201eAl.I.Cuza\u201d din Ia\u0219i, \u0219i a urmat un master \u00een Managementul institu\u021biilor mass-media (f\u0103r\u0103 diserta\u021bie) la Facultatea de Jurnalism \u0219i \u0218tiin\u021bele Comunic\u0103rii din cadrul Universit\u0103\u021bii din Bucure\u0219ti. \u0218i-a \u00eenceput cariera la Opinia studen\u021beasc\u0103, cunoscuta \u0219coal\u0103 de pres\u0103 din Ia\u0219i. A lucrat \u00een presa local\u0103, apoi a devenit corespondent pentru Ia\u0219i al cotidianului Evenimentul Zilei. Din 2004, a coordonat pentru \u0219ase luni sec\u021bia de coresponden\u021bi a Evenimentului Zilei. A mai lucrat la s\u0103pt\u0103m\u00e2nalul Prezent \u0219i a colaborat cu revistele Dilema Veche \u0219i Suplimentul de Cultur\u0103. Este co-autor \u00een volumele \u201eMass-media \u0219i democra\u021bia \u00een Rom\u00e2nia post-comunist\u0103\u201d (ed. a II-a), Ed. Institutul European, Ia\u0219i, 2013, \u0219i \u201eCOVID - 19. Dimensiuni ale gestionarii pandemiei\u201d, Editura Junimea, Ia\u0219i, 2020.\",\"url\":\"https:\\\/\\\/buletin.de\\\/bucuresti\\\/author\\\/razvan-chiruta\\\/\"}]}<\/script>\n<!-- \/ Yoast SEO Premium plugin. -->","yoast_head_json":{"title":"VIDEO | Cum arat\u0103 lotul 1 al A0 Nord, dup\u0103 9 luni de \u0219antier. Un tronson va fi deschis la \u00eenceputul anului viitor - Buletin de Bucure\u0219ti","description":"Constructorul de pe lotul 1 al A0 Nord, autostrada de centur\u0103 a Capitalei, a f\u0103cut progrese \u00eentre 7% \u0219i 95%, \u00een func\u021bie de segmentel.","robots":{"index":"index","follow":"follow","max-snippet":"max-snippet:-1","max-image-preview":"max-image-preview:large","max-video-preview":"max-video-preview:-1"},"canonical":"https:\/\/buletin.de\/bucuresti\/video-cum-arata-lotul-1-al-a0-nord-dupa-9-luni-de-santier-un-tronson-va-fi-deschis-la-inceputul-anului-viitor\/","og_locale":"en_GB","og_type":"article","og_title":"VIDEO | Cum arat\u0103 lotul 1 al A0 Nord, dup\u0103 9 luni de \u0219antier. Un tronson va fi deschis la \u00eenceputul anului viitor","og_description":"Constructorul de pe lotul 1 al A0 Nord, autostrada de centur\u0103 a Capitalei, a f\u0103cut progrese \u00eentre 7% \u0219i 95%, \u00een func\u021bie de segmentel.","og_url":"https:\/\/buletin.de\/bucuresti\/video-cum-arata-lotul-1-al-a0-nord-dupa-9-luni-de-santier-un-tronson-va-fi-deschis-la-inceputul-anului-viitor\/","og_site_name":"Buletin de Bucure\u0219ti","article_publisher":"https:\/\/www.facebook.com\/buletin.de.buc","article_published_time":"2025-12-13T16:59:06+00:00","article_modified_time":"2026-03-25T16:32:27+00:00","og_image":[{"width":1600,"height":900,"url":"https:\/\/buletin.de\/bucuresti\/wp-content\/uploads\/2025\/12\/lotul1asfaltA0.jpg","type":"image\/jpeg"}],"author":"R\u0103zvan Chiru\u021b\u0103","twitter_card":"summary_large_image","twitter_misc":{"Written by":"R\u0103zvan Chiru\u021b\u0103","Estimated reading time":"5 minutes"},"schema":{"@context":"https:\/\/schema.org","@graph":[{"@type":"Article","@id":"https:\/\/buletin.de\/bucuresti\/video-cum-arata-lotul-1-al-a0-nord-dupa-9-luni-de-santier-un-tronson-va-fi-deschis-la-inceputul-anului-viitor\/#article","isPartOf":{"@id":"https:\/\/buletin.de\/bucuresti\/video-cum-arata-lotul-1-al-a0-nord-dupa-9-luni-de-santier-un-tronson-va-fi-deschis-la-inceputul-anului-viitor\/"},"author":{"name":"R\u0103zvan Chiru\u021b\u0103","@id":"https:\/\/buletin.de\/bucuresti\/#\/schema\/person\/a76df728dfc913795a9d90e346b253bb"},"headline":"VIDEO | Cum arat\u0103 lotul 1 al A0 Nord, dup\u0103 9 luni de \u0219antier. Un tronson va fi deschis la \u00eenceputul anului viitor","datePublished":"2025-12-13T16:59:06+00:00","dateModified":"2026-03-25T16:32:27+00:00","mainEntityOfPage":{"@id":"https:\/\/buletin.de\/bucuresti\/video-cum-arata-lotul-1-al-a0-nord-dupa-9-luni-de-santier-un-tronson-va-fi-deschis-la-inceputul-anului-viitor\/"},"wordCount":794,"publisher":{"@id":"https:\/\/buletin.de\/bucuresti\/#organization"},"image":{"@id":"https:\/\/buletin.de\/bucuresti\/video-cum-arata-lotul-1-al-a0-nord-dupa-9-luni-de-santier-un-tronson-va-fi-deschis-la-inceputul-anului-viitor\/#primaryimage"},"thumbnailUrl":"https:\/\/buletin.de\/bucuresti\/wp-content\/uploads\/2025\/12\/lotul1asfaltA0.jpg","keywords":["a0 nord","a0 nord lotul 1","autostrada a0","autostrada de centura"],"articleSection":["Articole","Main","Transport"],"inLanguage":"en-GB","copyrightYear":"2025","copyrightHolder":{"@id":"https:\/\/buletin.de\/bucuresti\/#organization"}},{"@type":"WebPage","@id":"https:\/\/buletin.de\/bucuresti\/video-cum-arata-lotul-1-al-a0-nord-dupa-9-luni-de-santier-un-tronson-va-fi-deschis-la-inceputul-anului-viitor\/","url":"https:\/\/buletin.de\/bucuresti\/video-cum-arata-lotul-1-al-a0-nord-dupa-9-luni-de-santier-un-tronson-va-fi-deschis-la-inceputul-anului-viitor\/","name":"VIDEO | Cum arat\u0103 lotul 1 al A0 Nord, dup\u0103 9 luni de \u0219antier. Un tronson va fi deschis la \u00eenceputul anului viitor - Buletin de Bucure\u0219ti","isPartOf":{"@id":"https:\/\/buletin.de\/bucuresti\/#website"},"primaryImageOfPage":{"@id":"https:\/\/buletin.de\/bucuresti\/video-cum-arata-lotul-1-al-a0-nord-dupa-9-luni-de-santier-un-tronson-va-fi-deschis-la-inceputul-anului-viitor\/#primaryimage"},"image":{"@id":"https:\/\/buletin.de\/bucuresti\/video-cum-arata-lotul-1-al-a0-nord-dupa-9-luni-de-santier-un-tronson-va-fi-deschis-la-inceputul-anului-viitor\/#primaryimage"},"thumbnailUrl":"https:\/\/buletin.de\/bucuresti\/wp-content\/uploads\/2025\/12\/lotul1asfaltA0.jpg","datePublished":"2025-12-13T16:59:06+00:00","dateModified":"2026-03-25T16:32:27+00:00","description":"Constructorul de pe lotul 1 al A0 Nord, autostrada de centur\u0103 a Capitalei, a f\u0103cut progrese \u00eentre 7% \u0219i 95%, \u00een func\u021bie de segmentel.","breadcrumb":{"@id":"https:\/\/buletin.de\/bucuresti\/video-cum-arata-lotul-1-al-a0-nord-dupa-9-luni-de-santier-un-tronson-va-fi-deschis-la-inceputul-anului-viitor\/#breadcrumb"},"inLanguage":"en-GB","potentialAction":[{"@type":"ReadAction","target":["https:\/\/buletin.de\/bucuresti\/video-cum-arata-lotul-1-al-a0-nord-dupa-9-luni-de-santier-un-tronson-va-fi-deschis-la-inceputul-anului-viitor\/"]}]},{"@type":"ImageObject","inLanguage":"en-GB","@id":"https:\/\/buletin.de\/bucuresti\/video-cum-arata-lotul-1-al-a0-nord-dupa-9-luni-de-santier-un-tronson-va-fi-deschis-la-inceputul-anului-viitor\/#primaryimage","url":"https:\/\/buletin.de\/bucuresti\/wp-content\/uploads\/2025\/12\/lotul1asfaltA0.jpg","contentUrl":"https:\/\/buletin.de\/bucuresti\/wp-content\/uploads\/2025\/12\/lotul1asfaltA0.jpg","width":1600,"height":900,"caption":"Cum arat\u0103 lotul 1 al A0 Nord \u00een decembrie 2025. Foto: Ionel Scrio\u0219teanu"},{"@type":"BreadcrumbList","@id":"https:\/\/buletin.de\/bucuresti\/video-cum-arata-lotul-1-al-a0-nord-dupa-9-luni-de-santier-un-tronson-va-fi-deschis-la-inceputul-anului-viitor\/#breadcrumb","itemListElement":[{"@type":"ListItem","position":1,"name":"Acas\u0103","item":"https:\/\/buletin.de\/bucuresti\/"},{"@type":"ListItem","position":2,"name":"VIDEO | Cum arat\u0103 lotul 1 al A0 Nord, dup\u0103 9 luni de \u0219antier. Un tronson va fi deschis la \u00eenceputul anului viitor"}]},{"@type":"WebSite","@id":"https:\/\/buletin.de\/bucuresti\/#website","url":"https:\/\/buletin.de\/bucuresti\/","name":"Buletin de Bucure\u0219ti","description":"\u0218tiri \u0219i investiga\u021bii esen\u021biale din capital\u0103","publisher":{"@id":"https:\/\/buletin.de\/bucuresti\/#organization"},"potentialAction":[{"@type":"SearchAction","target":{"@type":"EntryPoint","urlTemplate":"https:\/\/buletin.de\/bucuresti\/?s={search_term_string}"},"query-input":{"@type":"PropertyValueSpecification","valueRequired":true,"valueName":"search_term_string"}}],"inLanguage":"en-GB"},{"@type":"Organization","@id":"https:\/\/buletin.de\/bucuresti\/#organization","name":"Buletin de Bucure\u0219ti","url":"https:\/\/buletin.de\/bucuresti\/","logo":{"@type":"ImageObject","inLanguage":"en-GB","@id":"https:\/\/buletin.de\/bucuresti\/#\/schema\/logo\/image\/","url":"https:\/\/buletin.de\/bucuresti\/wp-content\/uploads\/logo-bdb-full-wide-vernil-transparent.png","contentUrl":"https:\/\/buletin.de\/bucuresti\/wp-content\/uploads\/logo-bdb-full-wide-vernil-transparent.png","width":1782,"height":626,"caption":"Buletin de Bucure\u0219ti"},"image":{"@id":"https:\/\/buletin.de\/bucuresti\/#\/schema\/logo\/image\/"},"sameAs":["https:\/\/www.facebook.com\/buletin.de.buc","https:\/\/www.instagram.com\/buletinde.bucuresti\/"]},{"@type":"Person","@id":"https:\/\/buletin.de\/bucuresti\/#\/schema\/person\/a76df728dfc913795a9d90e346b253bb","name":"R\u0103zvan Chiru\u021b\u0103","image":{"@type":"ImageObject","inLanguage":"en-GB","@id":"https:\/\/buletin.de\/bucuresti\/wp-content\/uploads\/Razvan-Chiruta-96x96.jpge7143b996fd4241fbd6ee1f6b6b7b267","url":"https:\/\/buletin.de\/bucuresti\/wp-content\/uploads\/Razvan-Chiruta-96x96.jpg","contentUrl":"https:\/\/buletin.de\/bucuresti\/wp-content\/uploads\/Razvan-Chiruta-96x96.jpg","caption":"R\u0103zvan Chiru\u021b\u0103"},"description":"R\u0103zvan Chiru\u021b\u0103 este redactor-\u0219ef adjunct din iulie 2024. A fost redactor-\u0219ef al PRESShub \u00eentre 2022 \u0219i iunie 2024. Anterior, a fost redactor-\u0219ef al Newsweek Rom\u00e2nia, din 2018 p\u00e2n\u0103 \u00een 2021, \u0219i al cotidianului Rom\u00e2nia liber\u0103, \u00eentre 2015 \u0219i 2017. Este absolvent de Jurnalism, \u00een cadrul Universit\u0103\u021bii \u201eAl.I.Cuza\u201d din Ia\u0219i, \u0219i a urmat un master \u00een Managementul institu\u021biilor mass-media (f\u0103r\u0103 diserta\u021bie) la Facultatea de Jurnalism \u0219i \u0218tiin\u021bele Comunic\u0103rii din cadrul Universit\u0103\u021bii din Bucure\u0219ti. \u0218i-a \u00eenceput cariera la Opinia studen\u021beasc\u0103, cunoscuta \u0219coal\u0103 de pres\u0103 din Ia\u0219i. A lucrat \u00een presa local\u0103, apoi a devenit corespondent pentru Ia\u0219i al cotidianului Evenimentul Zilei. Din 2004, a coordonat pentru \u0219ase luni sec\u021bia de coresponden\u021bi a Evenimentului Zilei. A mai lucrat la s\u0103pt\u0103m\u00e2nalul Prezent \u0219i a colaborat cu revistele Dilema Veche \u0219i Suplimentul de Cultur\u0103. Este co-autor \u00een volumele \u201eMass-media \u0219i democra\u021bia \u00een Rom\u00e2nia post-comunist\u0103\u201d (ed. a II-a), Ed. Institutul European, Ia\u0219i, 2013, \u0219i \u201eCOVID - 19. Dimensiuni ale gestionarii pandemiei\u201d, Editura Junimea, Ia\u0219i, 2020.","url":"https:\/\/buletin.de\/bucuresti\/author\/razvan-chiruta\/"}]}},"authors":[{"term_id":22582,"user_id":60,"is_guest":0,"slug":"razvan-chiruta","display_name":"R\u0103zvan Chiru\u021b\u0103","avatar_url":"https:\/\/buletin.de\/bucuresti\/wp-content\/uploads\/Razvan-Chiruta-96x96.jpg","0":null,"1":"","2":"","3":"","4":"","5":"","6":"","7":"","8":""}],"_links":{"self":[{"href":"https:\/\/buletin.de\/bucuresti\/wp-json\/wp\/v2\/posts\/162361","targetHints":{"allow":["GET"]}}],"collection":[{"href":"https:\/\/buletin.de\/bucuresti\/wp-json\/wp\/v2\/posts"}],"about":[{"href":"https:\/\/buletin.de\/bucuresti\/wp-json\/wp\/v2\/types\/post"}],"author":[{"embeddable":true,"href":"https:\/\/buletin.de\/bucuresti\/wp-json\/wp\/v2\/users\/60"}],"replies":[{"embeddable":true,"href":"https:\/\/buletin.de\/bucuresti\/wp-json\/wp\/v2\/comments?post=162361"}],"version-history":[{"count":9,"href":"https:\/\/buletin.de\/bucuresti\/wp-json\/wp\/v2\/posts\/162361\/revisions"}],"predecessor-version":[{"id":162382,"href":"https:\/\/buletin.de\/bucuresti\/wp-json\/wp\/v2\/posts\/162361\/revisions\/162382"}],"wp:featuredmedia":[{"embeddable":true,"href":"https:\/\/buletin.de\/bucuresti\/wp-json\/wp\/v2\/media\/162364"}],"wp:attachment":[{"href":"https:\/\/buletin.de\/bucuresti\/wp-json\/wp\/v2\/media?parent=162361"}],"wp:term":[{"taxonomy":"category","embeddable":true,"href":"https:\/\/buletin.de\/bucuresti\/wp-json\/wp\/v2\/categories?post=162361"},{"taxonomy":"post_tag","embeddable":true,"href":"https:\/\/buletin.de\/bucuresti\/wp-json\/wp\/v2\/tags?post=162361"},{"taxonomy":"author","embeddable":true,"href":"https:\/\/buletin.de\/bucuresti\/wp-json\/wp\/v2\/ppma_author?post=162361"}],"curies":[{"name":"wp","href":"https:\/\/api.w.org\/{rel}","templated":true}]}}