{"id":162326,"date":"2025-12-13T15:11:02","date_gmt":"2025-12-13T12:11:02","guid":{"rendered":"https:\/\/buletin.de\/bucuresti\/?p=162326"},"modified":"2025-12-24T09:34:30","modified_gmt":"2025-12-24T06:34:30","slug":"toate-taxele-si-impozitele-pentru-anul-viitor-cat-vom-plati-pentru-o-locuinta-si-pentru-un-autovehicul-in-bucuresti","status":"publish","type":"post","link":"https:\/\/buletin.de\/bucuresti\/toate-taxele-si-impozitele-pentru-anul-viitor-cat-vom-plati-pentru-o-locuinta-si-pentru-un-autovehicul-in-bucuresti\/","title":{"rendered":"Toate taxele \u0219i impozitele pentru anul viitor. C\u00e2t vom pl\u0103ti pentru o locuin\u021b\u0103 \u0219i pentru un autovehicul \u00een Bucure\u0219ti | DOCUMENT"},"content":{"rendered":"\n<p><strong>Toate taxele \u0219i impozitele pentru anul viitor se vor m\u0103ri considerabil \u00een Bucure\u0219ti. Pentru autoturismele cu norma de poluare Euro 3 sau sub, se vor tripa. Vehiculele electrice nu mai sunt scutite, iar pentru cele hibride reducerea va fi \u00een 2026 de doar 30%. <\/strong><\/p>\n\n\n\n<p><strong>UPDATE<\/strong>: Noile taxe \u0219i impozte au fost adoptate de c\u0103tre Consiliul General al Municipiului Bucure\u0219ti \u00een \u0219edin\u021ba de mar\u021bi, 22 decembrie. Acestea vor intra \u00een vigoare de la 1 ianuarie.<\/p>\n\n\n\n<hr class=\"wp-block-separator has-alpha-channel-opacity\"\/>\n\n\n\n<h2 class=\"wp-block-heading\" id=\"h-cat-vom-plati-pentru-o-casa-sau-o-locuin\u021ba-in-bucur\u0219eti\">C\u00e2t vom pl\u0103ti pentru o cas\u0103 sau o locuin\u021b\u0103 \u00een Bucur\u0219eti<\/h2>\n\n\n\n<p>Prim\u0103ria Capitalei a pus <a href=\"https:\/\/buletin.de\/bucuresti\/primaria-capitalei-a-pus-in-dezbatere-publica-taxele-si-impozitele-locale\/\" target=\"_blank\" rel=\"noreferrer noopener\">\u00een dezbatere public\u0103 <\/a>taxele \u0219i impozitele locale pe care vrea s\u0103 le introduc\u0103 din ianuarie 2026. <\/p>\n\n\n\n<p>Valoarea impozabil\u0103 pe metru p\u0103trat cre\u0219te semnificativ, cu p\u00e2n\u0103 la 80%. Cl\u0103dirile din beton armat sau c\u0103r\u0103mid\u0103 nears\u0103 ajung la o valoare impozabil\u0103 de <strong><mark style=\"background-color:rgba(0, 0, 0, 0)\" class=\"has-inline-color has-vivid-red-color\">2.677 lei\/m\u00b2,<\/mark><\/strong> atunci c\u00e2nd beneficiaz\u0103 de utilit\u0103\u021bi complete. Cl\u0103dirile realizate din materiale nearse sau lemn sunt impozitate \u00eentre <strong><mark style=\"background-color:rgba(0, 0, 0, 0)\" class=\"has-inline-color has-vivid-red-color\">535<\/mark><\/strong> \u0219i <strong><mark style=\"background-color:rgba(0, 0, 0, 0)\" class=\"has-inline-color has-vivid-red-color\">803 lei\/m\u00b2<\/mark><\/strong>, \u00een func\u021bie de gradul de dotare. <\/p>\n\n\n\n<p>Subsolurile, demisolurile \u0219i mansardele utilizate ca locuin\u021b\u0103 sunt impozitate la 75% din valoarea cl\u0103dirii, iar cele folosite \u00een scop nereziden\u021bial la 50%. <\/p>\n\n\n\n<p>A\u0219adar, pentru case sau apartamente, valoarea impozabil\u0103 cre\u0219te la 2.677 lei\/mp, ceea ce \u00eenseamn\u0103 un salt de aproape 79% fa\u021b\u0103 de anul trecut, c\u00e2nd era doar 1.492 lei\/mp.  Din suma total\u0103 ob\u021binut\u0103 prin \u00eenmul\u021birea cu num\u0103rul de metri p\u0103tra\u021bi, se calculeaz\u0103 un impozit de 0,1%. <\/p>\n\n\n\n<p><strong>De exemplu, pentru un apartament de 70 de metri p\u0103tra\u021bi, impozitul va fi anul viitor de 2.677*70=187.390 de lei. Din aceast\u0103 sum\u0103, se extrage 0,1%, adic\u0103 <mark style=\"background-color:rgba(0, 0, 0, 0)\" class=\"has-inline-color has-vivid-red-color\">187,39 de lei<\/mark>.<\/strong><\/p>\n\n\n\n<p>Tarifele pentru terenurile din intravilan, categoria \u201eteren cu construc\u021bii\u201d, sunt diferen\u021biate \u00een func\u021bie de zon\u0103. Zona A are un tarif de <strong><mark style=\"background-color:rgba(0, 0, 0, 0)\" class=\"has-inline-color has-vivid-red-color\">15.427 lei\/hectar<\/mark><\/strong>, \u00een timp ce zona D este taxat\u0103 cu <strong><mark style=\"background-color:rgba(0, 0, 0, 0)\" class=\"has-inline-color has-vivid-red-color\">6.626 lei\/hectar<\/mark><\/strong>.<\/p>\n\n\n\n<p>Terenurile cu alt\u0103 categorie de folosin\u021b\u0103, precum p\u0103\u0219uni, f\u00e2ne\u021be sau terenuri agricole, variaz\u0103 \u00eentre <strong><mark style=\"background-color:rgba(0, 0, 0, 0)\" class=\"has-inline-color has-vivid-red-color\">56 \u0219i 143 lei\/hectar.<\/mark><\/strong><\/p>\n\n\n\n<p><strong>CITE\u0218TE \u0218I: <a href=\"https:\/\/buletin.de\/bucuresti\/video-a-treia-zi-a-protestului-venim-si-maine-cea-mai-spumoasa-satira-scandata-la-victoriei-detergentul-savonea-scoate-petele-de-coruptie-de-pana\/\" target=\"_blank\" rel=\"noreferrer noopener\">VIDEO | A treia zi a protestului \u201eVenim \u0219i m\u00e2ine\u201d. Cea mai \u201espumoas\u0103\u201c satir\u0103 scandat\u0103 la Victoriei: \u201eDetergentul \u00abSavonea\u00bb scoate petele de corup\u021bie de p\u00e2n\u0103 la 10 ani vechime!\u201c<\/a><\/strong><\/p>\n\n\n\n<h2 class=\"wp-block-heading\" id=\"h-care-vor-fi-impozitele-pentru-anul-viitor-pentru-autoturisme\">Care vor fi impozitele pentru anul viitor pentru autoturisme<\/h2>\n\n\n\n<p>Cresc, din 2026, \u0219i impozitele pentru autovehicule. Pentru un autoturism cu norm\u0103 de poluare Euro 6 \u0219i cu un motor de un litru, noul impozit va fi de <strong><mark style=\"background-color:rgba(0, 0, 0, 0)\" class=\"has-inline-color has-vivid-red-color\">82 de lei,<\/mark><\/strong> dublu fa\u021b\u0103 de anul 2025. Pentru un motor de 2 litri, suma cre\u0219te p\u00e2n\u0103 la<strong><mark style=\"background-color:rgba(0, 0, 0, 0)\" class=\"has-inline-color has-vivid-red-color\"> 250 de lei pe an<\/mark><\/strong>.<\/p>\n\n\n\n<p>La Euro 4., pentru un autoturism cu capacitate cilindric\u0103 de 1.500 de metri cubi, impozitul va \u00een jur de <strong><mark style=\"background-color:rgba(0, 0, 0, 0)\" class=\"has-inline-color has-vivid-red-color\">150 de lei<\/mark><\/strong>.<\/p>\n\n\n\n<p>Pentru mijloace de transport care au norm\u0103 Euro de 3 sau sub \u0219i capacitate cilindric\u0103 de sub 1.600 centrimetri cubi, impozitele se vor tripla. <\/p>\n\n\n\n<p>O nou\u0103tate vine din faptul c\u0103 autoturismele electrice nu mai sunt scutite de plat\u0103 impozitului \u00een 2026. Proprietarii vor achita o tax\u0103 fix\u0103 de 40 de lei pe an. <\/p>\n\n\n\n<p><a href=\"https:\/\/doc.pmb.ro\/consiliu\/dezbatere\/1711\/v1_ph_1711_stabilirea_nivelurilor_impozitelor_si_taxelor_locale_mb_2026.pdf\" target=\"_blank\" rel=\"noreferrer noopener\">Prim\u0103ria Capitalei propune <\/a>\u0219i mic\u0219orarea facilit\u0103\u021bii pe care o aveau bucure\u0219tenii pentru autovehiculele hibride. \u00cen 2025, reducerea era de 95% din impozitul pentru o ma\u0219in\u0103 cu motor termic. Acum, reducerea propus\u0103 este de doar 30%. Asta, \u00eenseamn\u0103 c\u0103 pentru un autovehicul hibrid se va pl\u0103ti <strong><mark style=\"background-color:rgba(0, 0, 0, 0)\" class=\"has-inline-color has-vivid-red-color\">\u00eentre 16 lei \u0219i 76 de lei<\/mark><\/strong>, \u00een func\u021bie de capacitatea cilindric\u0103.<\/p>\n\n\n\n<div data-wp-interactive=\"core\/file\" class=\"wp-block-file\"><object data-wp-bind--hidden=\"!state.hasPdfPreview\" hidden class=\"wp-block-file__embed\" data=\"https:\/\/buletin.de\/bucuresti\/wp-content\/uploads\/2025\/12\/taxesiimpozite2026.pdf\" type=\"application\/pdf\" style=\"width:100%;height:600px\" aria-label=\"Embed of taxesiimpozite2026.\"><\/object><a id=\"wp-block-file--media-84ef0502-9f4e-4770-aa27-5c40187b044d\" href=\"https:\/\/buletin.de\/bucuresti\/wp-content\/uploads\/2025\/12\/taxesiimpozite2026.pdf\">taxesiimpozite2026<\/a><a href=\"https:\/\/buletin.de\/bucuresti\/wp-content\/uploads\/2025\/12\/taxesiimpozite2026.pdf\" class=\"wp-block-file__button wp-element-button\" download aria-describedby=\"wp-block-file--media-84ef0502-9f4e-4770-aa27-5c40187b044d\">Download<\/a><\/div>\n\n\n\n<p><br><\/p>\n","protected":false},"excerpt":{"rendered":"<p>Toate taxele \u0219i impozitele pentru anul viitor se vor m\u0103ri considerabil \u00een Bucure\u0219ti. Pentru autoturismele cu norma de poluare Euro 3 sau sub, se vor tripa. Vehiculele electrice nu mai sunt scutite, iar pentru cele hibride reducerea va fi \u00een 2026 de doar 30%. UPDATE: Noile taxe \u0219i impozte au fost adoptate de c\u0103tre Consiliul [&hellip;]<\/p>\n","protected":false},"author":60,"featured_media":162331,"comment_status":"closed","ping_status":"open","sticky":false,"template":"","format":"standard","meta":{"_acf_changed":false,"inline_featured_image":false,"ngg_post_thumbnail":0,"footnotes":""},"categories":[6994,5762,24],"tags":[25119,25120,25114,18785,104,25115,2274],"ppma_author":[22582],"class_list":["post-162326","post","type-post","status-publish","format-standard","has-post-thumbnail","hentry","category-stiri-2","category-main","category-primarie","tag-impozit-autoturism","tag-impozit-masina","tag-impozite-2026","tag-impozite-locale","tag-pmb","tag-taxe-2026","tag-taxe-si-impozite"],"acf":[],"yoast_head":"<!-- This site is optimized with the Yoast SEO Premium plugin v25.3 (Yoast SEO v27.5) - https:\/\/yoast.com\/product\/yoast-seo-premium-wordpress\/ -->\n<title>Toate taxele \u0219i impozitele pentru anul viitor. C\u00e2t vom pl\u0103ti pentru o locuin\u021b\u0103 \u0219i pentru un autovehicul \u00een Bucure\u0219ti | DOCUMENT - Buletin de Bucure\u0219ti<\/title>\n<meta name=\"description\" content=\"Toate taxele \u0219i impozitele pentru anul viitor se vor m\u0103ri considerabil \u00een Bucure\u0219ti. Pentru autoturismele Euro 3 sau sub, se vor tripla.\" \/>\n<meta name=\"robots\" content=\"index, follow, max-snippet:-1, max-image-preview:large, max-video-preview:-1\" \/>\n<link rel=\"canonical\" href=\"https:\/\/buletin.de\/bucuresti\/toate-taxele-si-impozitele-pentru-anul-viitor-cat-vom-plati-pentru-o-locuinta-si-pentru-un-autovehicul-in-bucuresti\/\" \/>\n<meta property=\"og:locale\" content=\"en_GB\" \/>\n<meta property=\"og:type\" content=\"article\" \/>\n<meta property=\"og:title\" content=\"Toate taxele \u0219i impozitele pentru anul viitor. C\u00e2t vom pl\u0103ti pentru o locuin\u021b\u0103 \u0219i pentru un autovehicul \u00een Bucure\u0219ti | DOCUMENT\" \/>\n<meta property=\"og:description\" content=\"Toate taxele \u0219i impozitele pentru anul viitor se vor m\u0103ri considerabil \u00een Bucure\u0219ti. Pentru autoturismele Euro 3 sau sub, se vor tripla.\" \/>\n<meta property=\"og:url\" content=\"https:\/\/buletin.de\/bucuresti\/toate-taxele-si-impozitele-pentru-anul-viitor-cat-vom-plati-pentru-o-locuinta-si-pentru-un-autovehicul-in-bucuresti\/\" \/>\n<meta property=\"og:site_name\" content=\"Buletin de Bucure\u0219ti\" \/>\n<meta property=\"article:publisher\" content=\"https:\/\/www.facebook.com\/buletin.de.buc\" \/>\n<meta property=\"article:published_time\" content=\"2025-12-13T12:11:02+00:00\" \/>\n<meta property=\"article:modified_time\" content=\"2025-12-24T06:34:30+00:00\" \/>\n<meta property=\"og:image\" content=\"https:\/\/buletin.de\/bucuresti\/wp-content\/uploads\/2025\/12\/taxesiimpozite_INQUAM_Photos_Octav_Ganea.jpg\" \/>\n\t<meta property=\"og:image:width\" content=\"1200\" \/>\n\t<meta property=\"og:image:height\" content=\"800\" \/>\n\t<meta property=\"og:image:type\" content=\"image\/jpeg\" \/>\n<meta name=\"author\" content=\"R\u0103zvan Chiru\u021b\u0103\" \/>\n<meta name=\"twitter:card\" content=\"summary_large_image\" \/>\n<meta name=\"twitter:label1\" content=\"Written by\" \/>\n\t<meta name=\"twitter:data1\" content=\"R\u0103zvan Chiru\u021b\u0103\" \/>\n\t<meta name=\"twitter:label2\" content=\"Estimated reading time\" \/>\n\t<meta name=\"twitter:data2\" content=\"3 minutes\" \/>\n<script type=\"application\/ld+json\" class=\"yoast-schema-graph\">{\"@context\":\"https:\\\/\\\/schema.org\",\"@graph\":[{\"@type\":\"Article\",\"@id\":\"https:\\\/\\\/buletin.de\\\/bucuresti\\\/toate-taxele-si-impozitele-pentru-anul-viitor-cat-vom-plati-pentru-o-locuinta-si-pentru-un-autovehicul-in-bucuresti\\\/#article\",\"isPartOf\":{\"@id\":\"https:\\\/\\\/buletin.de\\\/bucuresti\\\/toate-taxele-si-impozitele-pentru-anul-viitor-cat-vom-plati-pentru-o-locuinta-si-pentru-un-autovehicul-in-bucuresti\\\/\"},\"author\":{\"name\":\"R\u0103zvan Chiru\u021b\u0103\",\"@id\":\"https:\\\/\\\/buletin.de\\\/bucuresti\\\/#\\\/schema\\\/person\\\/a76df728dfc913795a9d90e346b253bb\"},\"headline\":\"Toate taxele \u0219i impozitele pentru anul viitor. C\u00e2t vom pl\u0103ti pentru o locuin\u021b\u0103 \u0219i pentru un autovehicul \u00een Bucure\u0219ti | DOCUMENT\",\"datePublished\":\"2025-12-13T12:11:02+00:00\",\"dateModified\":\"2025-12-24T06:34:30+00:00\",\"mainEntityOfPage\":{\"@id\":\"https:\\\/\\\/buletin.de\\\/bucuresti\\\/toate-taxele-si-impozitele-pentru-anul-viitor-cat-vom-plati-pentru-o-locuinta-si-pentru-un-autovehicul-in-bucuresti\\\/\"},\"wordCount\":567,\"publisher\":{\"@id\":\"https:\\\/\\\/buletin.de\\\/bucuresti\\\/#organization\"},\"image\":{\"@id\":\"https:\\\/\\\/buletin.de\\\/bucuresti\\\/toate-taxele-si-impozitele-pentru-anul-viitor-cat-vom-plati-pentru-o-locuinta-si-pentru-un-autovehicul-in-bucuresti\\\/#primaryimage\"},\"thumbnailUrl\":\"https:\\\/\\\/buletin.de\\\/bucuresti\\\/wp-content\\\/uploads\\\/2025\\\/12\\\/taxesiimpozite_INQUAM_Photos_Octav_Ganea.jpg\",\"keywords\":[\"impozit autoturism\",\"impozit masina\",\"impozite 2026\",\"impozite locale\",\"pmb\",\"taxe 2026\",\"taxe si impozite\"],\"articleSection\":[\"Articole\",\"Main\",\"Prim\u0103rie\"],\"inLanguage\":\"en-GB\",\"copyrightYear\":\"2025\",\"copyrightHolder\":{\"@id\":\"https:\\\/\\\/buletin.de\\\/bucuresti\\\/#organization\"}},{\"@type\":\"WebPage\",\"@id\":\"https:\\\/\\\/buletin.de\\\/bucuresti\\\/toate-taxele-si-impozitele-pentru-anul-viitor-cat-vom-plati-pentru-o-locuinta-si-pentru-un-autovehicul-in-bucuresti\\\/\",\"url\":\"https:\\\/\\\/buletin.de\\\/bucuresti\\\/toate-taxele-si-impozitele-pentru-anul-viitor-cat-vom-plati-pentru-o-locuinta-si-pentru-un-autovehicul-in-bucuresti\\\/\",\"name\":\"Toate taxele \u0219i impozitele pentru anul viitor. C\u00e2t vom pl\u0103ti pentru o locuin\u021b\u0103 \u0219i pentru un autovehicul \u00een Bucure\u0219ti | DOCUMENT - Buletin de Bucure\u0219ti\",\"isPartOf\":{\"@id\":\"https:\\\/\\\/buletin.de\\\/bucuresti\\\/#website\"},\"primaryImageOfPage\":{\"@id\":\"https:\\\/\\\/buletin.de\\\/bucuresti\\\/toate-taxele-si-impozitele-pentru-anul-viitor-cat-vom-plati-pentru-o-locuinta-si-pentru-un-autovehicul-in-bucuresti\\\/#primaryimage\"},\"image\":{\"@id\":\"https:\\\/\\\/buletin.de\\\/bucuresti\\\/toate-taxele-si-impozitele-pentru-anul-viitor-cat-vom-plati-pentru-o-locuinta-si-pentru-un-autovehicul-in-bucuresti\\\/#primaryimage\"},\"thumbnailUrl\":\"https:\\\/\\\/buletin.de\\\/bucuresti\\\/wp-content\\\/uploads\\\/2025\\\/12\\\/taxesiimpozite_INQUAM_Photos_Octav_Ganea.jpg\",\"datePublished\":\"2025-12-13T12:11:02+00:00\",\"dateModified\":\"2025-12-24T06:34:30+00:00\",\"description\":\"Toate taxele \u0219i impozitele pentru anul viitor se vor m\u0103ri considerabil \u00een Bucure\u0219ti. Pentru autoturismele Euro 3 sau sub, se vor tripla.\",\"breadcrumb\":{\"@id\":\"https:\\\/\\\/buletin.de\\\/bucuresti\\\/toate-taxele-si-impozitele-pentru-anul-viitor-cat-vom-plati-pentru-o-locuinta-si-pentru-un-autovehicul-in-bucuresti\\\/#breadcrumb\"},\"inLanguage\":\"en-GB\",\"potentialAction\":[{\"@type\":\"ReadAction\",\"target\":[\"https:\\\/\\\/buletin.de\\\/bucuresti\\\/toate-taxele-si-impozitele-pentru-anul-viitor-cat-vom-plati-pentru-o-locuinta-si-pentru-un-autovehicul-in-bucuresti\\\/\"]}]},{\"@type\":\"ImageObject\",\"inLanguage\":\"en-GB\",\"@id\":\"https:\\\/\\\/buletin.de\\\/bucuresti\\\/toate-taxele-si-impozitele-pentru-anul-viitor-cat-vom-plati-pentru-o-locuinta-si-pentru-un-autovehicul-in-bucuresti\\\/#primaryimage\",\"url\":\"https:\\\/\\\/buletin.de\\\/bucuresti\\\/wp-content\\\/uploads\\\/2025\\\/12\\\/taxesiimpozite_INQUAM_Photos_Octav_Ganea.jpg\",\"contentUrl\":\"https:\\\/\\\/buletin.de\\\/bucuresti\\\/wp-content\\\/uploads\\\/2025\\\/12\\\/taxesiimpozite_INQUAM_Photos_Octav_Ganea.jpg\",\"width\":1200,\"height\":800,\"caption\":\"Foto: Inquam Photos\\\/Octav Ganea\"},{\"@type\":\"BreadcrumbList\",\"@id\":\"https:\\\/\\\/buletin.de\\\/bucuresti\\\/toate-taxele-si-impozitele-pentru-anul-viitor-cat-vom-plati-pentru-o-locuinta-si-pentru-un-autovehicul-in-bucuresti\\\/#breadcrumb\",\"itemListElement\":[{\"@type\":\"ListItem\",\"position\":1,\"name\":\"Acas\u0103\",\"item\":\"https:\\\/\\\/buletin.de\\\/bucuresti\\\/\"},{\"@type\":\"ListItem\",\"position\":2,\"name\":\"Toate taxele \u0219i impozitele pentru anul viitor. C\u00e2t vom pl\u0103ti pentru o locuin\u021b\u0103 \u0219i pentru un autovehicul \u00een Bucure\u0219ti | DOCUMENT\"}]},{\"@type\":\"WebSite\",\"@id\":\"https:\\\/\\\/buletin.de\\\/bucuresti\\\/#website\",\"url\":\"https:\\\/\\\/buletin.de\\\/bucuresti\\\/\",\"name\":\"Buletin de Bucure\u0219ti\",\"description\":\"\u0218tiri \u0219i investiga\u021bii esen\u021biale din capital\u0103\",\"publisher\":{\"@id\":\"https:\\\/\\\/buletin.de\\\/bucuresti\\\/#organization\"},\"potentialAction\":[{\"@type\":\"SearchAction\",\"target\":{\"@type\":\"EntryPoint\",\"urlTemplate\":\"https:\\\/\\\/buletin.de\\\/bucuresti\\\/?s={search_term_string}\"},\"query-input\":{\"@type\":\"PropertyValueSpecification\",\"valueRequired\":true,\"valueName\":\"search_term_string\"}}],\"inLanguage\":\"en-GB\"},{\"@type\":\"Organization\",\"@id\":\"https:\\\/\\\/buletin.de\\\/bucuresti\\\/#organization\",\"name\":\"Buletin de Bucure\u0219ti\",\"url\":\"https:\\\/\\\/buletin.de\\\/bucuresti\\\/\",\"logo\":{\"@type\":\"ImageObject\",\"inLanguage\":\"en-GB\",\"@id\":\"https:\\\/\\\/buletin.de\\\/bucuresti\\\/#\\\/schema\\\/logo\\\/image\\\/\",\"url\":\"https:\\\/\\\/buletin.de\\\/bucuresti\\\/wp-content\\\/uploads\\\/logo-bdb-full-wide-vernil-transparent.png\",\"contentUrl\":\"https:\\\/\\\/buletin.de\\\/bucuresti\\\/wp-content\\\/uploads\\\/logo-bdb-full-wide-vernil-transparent.png\",\"width\":1782,\"height\":626,\"caption\":\"Buletin de Bucure\u0219ti\"},\"image\":{\"@id\":\"https:\\\/\\\/buletin.de\\\/bucuresti\\\/#\\\/schema\\\/logo\\\/image\\\/\"},\"sameAs\":[\"https:\\\/\\\/www.facebook.com\\\/buletin.de.buc\",\"https:\\\/\\\/www.instagram.com\\\/buletinde.bucuresti\\\/\"]},{\"@type\":\"Person\",\"@id\":\"https:\\\/\\\/buletin.de\\\/bucuresti\\\/#\\\/schema\\\/person\\\/a76df728dfc913795a9d90e346b253bb\",\"name\":\"R\u0103zvan Chiru\u021b\u0103\",\"image\":{\"@type\":\"ImageObject\",\"inLanguage\":\"en-GB\",\"@id\":\"https:\\\/\\\/buletin.de\\\/bucuresti\\\/wp-content\\\/uploads\\\/Razvan-Chiruta-96x96.jpge7143b996fd4241fbd6ee1f6b6b7b267\",\"url\":\"https:\\\/\\\/buletin.de\\\/bucuresti\\\/wp-content\\\/uploads\\\/Razvan-Chiruta-96x96.jpg\",\"contentUrl\":\"https:\\\/\\\/buletin.de\\\/bucuresti\\\/wp-content\\\/uploads\\\/Razvan-Chiruta-96x96.jpg\",\"caption\":\"R\u0103zvan Chiru\u021b\u0103\"},\"description\":\"R\u0103zvan Chiru\u021b\u0103 este redactor-\u0219ef adjunct din iulie 2024. A fost redactor-\u0219ef al PRESShub \u00eentre 2022 \u0219i iunie 2024. Anterior, a fost redactor-\u0219ef al Newsweek Rom\u00e2nia, din 2018 p\u00e2n\u0103 \u00een 2021, \u0219i al cotidianului Rom\u00e2nia liber\u0103, \u00eentre 2015 \u0219i 2017. Este absolvent de Jurnalism, \u00een cadrul Universit\u0103\u021bii \u201eAl.I.Cuza\u201d din Ia\u0219i, \u0219i a urmat un master \u00een Managementul institu\u021biilor mass-media (f\u0103r\u0103 diserta\u021bie) la Facultatea de Jurnalism \u0219i \u0218tiin\u021bele Comunic\u0103rii din cadrul Universit\u0103\u021bii din Bucure\u0219ti. \u0218i-a \u00eenceput cariera la Opinia studen\u021beasc\u0103, cunoscuta \u0219coal\u0103 de pres\u0103 din Ia\u0219i. A lucrat \u00een presa local\u0103, apoi a devenit corespondent pentru Ia\u0219i al cotidianului Evenimentul Zilei. Din 2004, a coordonat pentru \u0219ase luni sec\u021bia de coresponden\u021bi a Evenimentului Zilei. A mai lucrat la s\u0103pt\u0103m\u00e2nalul Prezent \u0219i a colaborat cu revistele Dilema Veche \u0219i Suplimentul de Cultur\u0103. Este co-autor \u00een volumele \u201eMass-media \u0219i democra\u021bia \u00een Rom\u00e2nia post-comunist\u0103\u201d (ed. a II-a), Ed. Institutul European, Ia\u0219i, 2013, \u0219i \u201eCOVID - 19. Dimensiuni ale gestionarii pandemiei\u201d, Editura Junimea, Ia\u0219i, 2020.\",\"url\":\"https:\\\/\\\/buletin.de\\\/bucuresti\\\/author\\\/razvan-chiruta\\\/\"}]}<\/script>\n<!-- \/ Yoast SEO Premium plugin. -->","yoast_head_json":{"title":"Toate taxele \u0219i impozitele pentru anul viitor. C\u00e2t vom pl\u0103ti pentru o locuin\u021b\u0103 \u0219i pentru un autovehicul \u00een Bucure\u0219ti | DOCUMENT - Buletin de Bucure\u0219ti","description":"Toate taxele \u0219i impozitele pentru anul viitor se vor m\u0103ri considerabil \u00een Bucure\u0219ti. Pentru autoturismele Euro 3 sau sub, se vor tripla.","robots":{"index":"index","follow":"follow","max-snippet":"max-snippet:-1","max-image-preview":"max-image-preview:large","max-video-preview":"max-video-preview:-1"},"canonical":"https:\/\/buletin.de\/bucuresti\/toate-taxele-si-impozitele-pentru-anul-viitor-cat-vom-plati-pentru-o-locuinta-si-pentru-un-autovehicul-in-bucuresti\/","og_locale":"en_GB","og_type":"article","og_title":"Toate taxele \u0219i impozitele pentru anul viitor. C\u00e2t vom pl\u0103ti pentru o locuin\u021b\u0103 \u0219i pentru un autovehicul \u00een Bucure\u0219ti | DOCUMENT","og_description":"Toate taxele \u0219i impozitele pentru anul viitor se vor m\u0103ri considerabil \u00een Bucure\u0219ti. Pentru autoturismele Euro 3 sau sub, se vor tripla.","og_url":"https:\/\/buletin.de\/bucuresti\/toate-taxele-si-impozitele-pentru-anul-viitor-cat-vom-plati-pentru-o-locuinta-si-pentru-un-autovehicul-in-bucuresti\/","og_site_name":"Buletin de Bucure\u0219ti","article_publisher":"https:\/\/www.facebook.com\/buletin.de.buc","article_published_time":"2025-12-13T12:11:02+00:00","article_modified_time":"2025-12-24T06:34:30+00:00","og_image":[{"width":1200,"height":800,"url":"https:\/\/buletin.de\/bucuresti\/wp-content\/uploads\/2025\/12\/taxesiimpozite_INQUAM_Photos_Octav_Ganea.jpg","type":"image\/jpeg"}],"author":"R\u0103zvan Chiru\u021b\u0103","twitter_card":"summary_large_image","twitter_misc":{"Written by":"R\u0103zvan Chiru\u021b\u0103","Estimated reading time":"3 minutes"},"schema":{"@context":"https:\/\/schema.org","@graph":[{"@type":"Article","@id":"https:\/\/buletin.de\/bucuresti\/toate-taxele-si-impozitele-pentru-anul-viitor-cat-vom-plati-pentru-o-locuinta-si-pentru-un-autovehicul-in-bucuresti\/#article","isPartOf":{"@id":"https:\/\/buletin.de\/bucuresti\/toate-taxele-si-impozitele-pentru-anul-viitor-cat-vom-plati-pentru-o-locuinta-si-pentru-un-autovehicul-in-bucuresti\/"},"author":{"name":"R\u0103zvan Chiru\u021b\u0103","@id":"https:\/\/buletin.de\/bucuresti\/#\/schema\/person\/a76df728dfc913795a9d90e346b253bb"},"headline":"Toate taxele \u0219i impozitele pentru anul viitor. C\u00e2t vom pl\u0103ti pentru o locuin\u021b\u0103 \u0219i pentru un autovehicul \u00een Bucure\u0219ti | DOCUMENT","datePublished":"2025-12-13T12:11:02+00:00","dateModified":"2025-12-24T06:34:30+00:00","mainEntityOfPage":{"@id":"https:\/\/buletin.de\/bucuresti\/toate-taxele-si-impozitele-pentru-anul-viitor-cat-vom-plati-pentru-o-locuinta-si-pentru-un-autovehicul-in-bucuresti\/"},"wordCount":567,"publisher":{"@id":"https:\/\/buletin.de\/bucuresti\/#organization"},"image":{"@id":"https:\/\/buletin.de\/bucuresti\/toate-taxele-si-impozitele-pentru-anul-viitor-cat-vom-plati-pentru-o-locuinta-si-pentru-un-autovehicul-in-bucuresti\/#primaryimage"},"thumbnailUrl":"https:\/\/buletin.de\/bucuresti\/wp-content\/uploads\/2025\/12\/taxesiimpozite_INQUAM_Photos_Octav_Ganea.jpg","keywords":["impozit autoturism","impozit masina","impozite 2026","impozite locale","pmb","taxe 2026","taxe si impozite"],"articleSection":["Articole","Main","Prim\u0103rie"],"inLanguage":"en-GB","copyrightYear":"2025","copyrightHolder":{"@id":"https:\/\/buletin.de\/bucuresti\/#organization"}},{"@type":"WebPage","@id":"https:\/\/buletin.de\/bucuresti\/toate-taxele-si-impozitele-pentru-anul-viitor-cat-vom-plati-pentru-o-locuinta-si-pentru-un-autovehicul-in-bucuresti\/","url":"https:\/\/buletin.de\/bucuresti\/toate-taxele-si-impozitele-pentru-anul-viitor-cat-vom-plati-pentru-o-locuinta-si-pentru-un-autovehicul-in-bucuresti\/","name":"Toate taxele \u0219i impozitele pentru anul viitor. C\u00e2t vom pl\u0103ti pentru o locuin\u021b\u0103 \u0219i pentru un autovehicul \u00een Bucure\u0219ti | DOCUMENT - Buletin de Bucure\u0219ti","isPartOf":{"@id":"https:\/\/buletin.de\/bucuresti\/#website"},"primaryImageOfPage":{"@id":"https:\/\/buletin.de\/bucuresti\/toate-taxele-si-impozitele-pentru-anul-viitor-cat-vom-plati-pentru-o-locuinta-si-pentru-un-autovehicul-in-bucuresti\/#primaryimage"},"image":{"@id":"https:\/\/buletin.de\/bucuresti\/toate-taxele-si-impozitele-pentru-anul-viitor-cat-vom-plati-pentru-o-locuinta-si-pentru-un-autovehicul-in-bucuresti\/#primaryimage"},"thumbnailUrl":"https:\/\/buletin.de\/bucuresti\/wp-content\/uploads\/2025\/12\/taxesiimpozite_INQUAM_Photos_Octav_Ganea.jpg","datePublished":"2025-12-13T12:11:02+00:00","dateModified":"2025-12-24T06:34:30+00:00","description":"Toate taxele \u0219i impozitele pentru anul viitor se vor m\u0103ri considerabil \u00een Bucure\u0219ti. Pentru autoturismele Euro 3 sau sub, se vor tripla.","breadcrumb":{"@id":"https:\/\/buletin.de\/bucuresti\/toate-taxele-si-impozitele-pentru-anul-viitor-cat-vom-plati-pentru-o-locuinta-si-pentru-un-autovehicul-in-bucuresti\/#breadcrumb"},"inLanguage":"en-GB","potentialAction":[{"@type":"ReadAction","target":["https:\/\/buletin.de\/bucuresti\/toate-taxele-si-impozitele-pentru-anul-viitor-cat-vom-plati-pentru-o-locuinta-si-pentru-un-autovehicul-in-bucuresti\/"]}]},{"@type":"ImageObject","inLanguage":"en-GB","@id":"https:\/\/buletin.de\/bucuresti\/toate-taxele-si-impozitele-pentru-anul-viitor-cat-vom-plati-pentru-o-locuinta-si-pentru-un-autovehicul-in-bucuresti\/#primaryimage","url":"https:\/\/buletin.de\/bucuresti\/wp-content\/uploads\/2025\/12\/taxesiimpozite_INQUAM_Photos_Octav_Ganea.jpg","contentUrl":"https:\/\/buletin.de\/bucuresti\/wp-content\/uploads\/2025\/12\/taxesiimpozite_INQUAM_Photos_Octav_Ganea.jpg","width":1200,"height":800,"caption":"Foto: Inquam Photos\/Octav Ganea"},{"@type":"BreadcrumbList","@id":"https:\/\/buletin.de\/bucuresti\/toate-taxele-si-impozitele-pentru-anul-viitor-cat-vom-plati-pentru-o-locuinta-si-pentru-un-autovehicul-in-bucuresti\/#breadcrumb","itemListElement":[{"@type":"ListItem","position":1,"name":"Acas\u0103","item":"https:\/\/buletin.de\/bucuresti\/"},{"@type":"ListItem","position":2,"name":"Toate taxele \u0219i impozitele pentru anul viitor. C\u00e2t vom pl\u0103ti pentru o locuin\u021b\u0103 \u0219i pentru un autovehicul \u00een Bucure\u0219ti | DOCUMENT"}]},{"@type":"WebSite","@id":"https:\/\/buletin.de\/bucuresti\/#website","url":"https:\/\/buletin.de\/bucuresti\/","name":"Buletin de Bucure\u0219ti","description":"\u0218tiri \u0219i investiga\u021bii esen\u021biale din capital\u0103","publisher":{"@id":"https:\/\/buletin.de\/bucuresti\/#organization"},"potentialAction":[{"@type":"SearchAction","target":{"@type":"EntryPoint","urlTemplate":"https:\/\/buletin.de\/bucuresti\/?s={search_term_string}"},"query-input":{"@type":"PropertyValueSpecification","valueRequired":true,"valueName":"search_term_string"}}],"inLanguage":"en-GB"},{"@type":"Organization","@id":"https:\/\/buletin.de\/bucuresti\/#organization","name":"Buletin de Bucure\u0219ti","url":"https:\/\/buletin.de\/bucuresti\/","logo":{"@type":"ImageObject","inLanguage":"en-GB","@id":"https:\/\/buletin.de\/bucuresti\/#\/schema\/logo\/image\/","url":"https:\/\/buletin.de\/bucuresti\/wp-content\/uploads\/logo-bdb-full-wide-vernil-transparent.png","contentUrl":"https:\/\/buletin.de\/bucuresti\/wp-content\/uploads\/logo-bdb-full-wide-vernil-transparent.png","width":1782,"height":626,"caption":"Buletin de Bucure\u0219ti"},"image":{"@id":"https:\/\/buletin.de\/bucuresti\/#\/schema\/logo\/image\/"},"sameAs":["https:\/\/www.facebook.com\/buletin.de.buc","https:\/\/www.instagram.com\/buletinde.bucuresti\/"]},{"@type":"Person","@id":"https:\/\/buletin.de\/bucuresti\/#\/schema\/person\/a76df728dfc913795a9d90e346b253bb","name":"R\u0103zvan Chiru\u021b\u0103","image":{"@type":"ImageObject","inLanguage":"en-GB","@id":"https:\/\/buletin.de\/bucuresti\/wp-content\/uploads\/Razvan-Chiruta-96x96.jpge7143b996fd4241fbd6ee1f6b6b7b267","url":"https:\/\/buletin.de\/bucuresti\/wp-content\/uploads\/Razvan-Chiruta-96x96.jpg","contentUrl":"https:\/\/buletin.de\/bucuresti\/wp-content\/uploads\/Razvan-Chiruta-96x96.jpg","caption":"R\u0103zvan Chiru\u021b\u0103"},"description":"R\u0103zvan Chiru\u021b\u0103 este redactor-\u0219ef adjunct din iulie 2024. A fost redactor-\u0219ef al PRESShub \u00eentre 2022 \u0219i iunie 2024. Anterior, a fost redactor-\u0219ef al Newsweek Rom\u00e2nia, din 2018 p\u00e2n\u0103 \u00een 2021, \u0219i al cotidianului Rom\u00e2nia liber\u0103, \u00eentre 2015 \u0219i 2017. Este absolvent de Jurnalism, \u00een cadrul Universit\u0103\u021bii \u201eAl.I.Cuza\u201d din Ia\u0219i, \u0219i a urmat un master \u00een Managementul institu\u021biilor mass-media (f\u0103r\u0103 diserta\u021bie) la Facultatea de Jurnalism \u0219i \u0218tiin\u021bele Comunic\u0103rii din cadrul Universit\u0103\u021bii din Bucure\u0219ti. \u0218i-a \u00eenceput cariera la Opinia studen\u021beasc\u0103, cunoscuta \u0219coal\u0103 de pres\u0103 din Ia\u0219i. A lucrat \u00een presa local\u0103, apoi a devenit corespondent pentru Ia\u0219i al cotidianului Evenimentul Zilei. Din 2004, a coordonat pentru \u0219ase luni sec\u021bia de coresponden\u021bi a Evenimentului Zilei. A mai lucrat la s\u0103pt\u0103m\u00e2nalul Prezent \u0219i a colaborat cu revistele Dilema Veche \u0219i Suplimentul de Cultur\u0103. Este co-autor \u00een volumele \u201eMass-media \u0219i democra\u021bia \u00een Rom\u00e2nia post-comunist\u0103\u201d (ed. a II-a), Ed. Institutul European, Ia\u0219i, 2013, \u0219i \u201eCOVID - 19. Dimensiuni ale gestionarii pandemiei\u201d, Editura Junimea, Ia\u0219i, 2020.","url":"https:\/\/buletin.de\/bucuresti\/author\/razvan-chiruta\/"}]}},"authors":[{"term_id":22582,"user_id":60,"is_guest":0,"slug":"razvan-chiruta","display_name":"R\u0103zvan Chiru\u021b\u0103","avatar_url":"https:\/\/buletin.de\/bucuresti\/wp-content\/uploads\/Razvan-Chiruta-96x96.jpg","0":null,"1":"","2":"","3":"","4":"","5":"","6":"","7":"","8":""}],"_links":{"self":[{"href":"https:\/\/buletin.de\/bucuresti\/wp-json\/wp\/v2\/posts\/162326","targetHints":{"allow":["GET"]}}],"collection":[{"href":"https:\/\/buletin.de\/bucuresti\/wp-json\/wp\/v2\/posts"}],"about":[{"href":"https:\/\/buletin.de\/bucuresti\/wp-json\/wp\/v2\/types\/post"}],"author":[{"embeddable":true,"href":"https:\/\/buletin.de\/bucuresti\/wp-json\/wp\/v2\/users\/60"}],"replies":[{"embeddable":true,"href":"https:\/\/buletin.de\/bucuresti\/wp-json\/wp\/v2\/comments?post=162326"}],"version-history":[{"count":6,"href":"https:\/\/buletin.de\/bucuresti\/wp-json\/wp\/v2\/posts\/162326\/revisions"}],"predecessor-version":[{"id":164136,"href":"https:\/\/buletin.de\/bucuresti\/wp-json\/wp\/v2\/posts\/162326\/revisions\/164136"}],"wp:featuredmedia":[{"embeddable":true,"href":"https:\/\/buletin.de\/bucuresti\/wp-json\/wp\/v2\/media\/162331"}],"wp:attachment":[{"href":"https:\/\/buletin.de\/bucuresti\/wp-json\/wp\/v2\/media?parent=162326"}],"wp:term":[{"taxonomy":"category","embeddable":true,"href":"https:\/\/buletin.de\/bucuresti\/wp-json\/wp\/v2\/categories?post=162326"},{"taxonomy":"post_tag","embeddable":true,"href":"https:\/\/buletin.de\/bucuresti\/wp-json\/wp\/v2\/tags?post=162326"},{"taxonomy":"author","embeddable":true,"href":"https:\/\/buletin.de\/bucuresti\/wp-json\/wp\/v2\/ppma_author?post=162326"}],"curies":[{"name":"wp","href":"https:\/\/api.w.org\/{rel}","templated":true}]}}