{"id":162277,"date":"2025-12-13T08:00:00","date_gmt":"2025-12-13T05:00:00","guid":{"rendered":"https:\/\/buletin.de\/bucuresti\/?p=162277"},"modified":"2025-12-15T11:07:35","modified_gmt":"2025-12-15T08:07:35","slug":"sector-1-ateliere-de-pictura-gratuite-pentru-copii","status":"publish","type":"post","link":"https:\/\/buletin.de\/bucuresti\/sector-1-ateliere-de-pictura-gratuite-pentru-copii\/","title":{"rendered":"Sector 1 | Ateliere de pictur\u0103 gratuite pentru copii"},"content":{"rendered":"\n<p><strong>Ateliere de pictur\u0103 gratuite pentru copii, in Sectorul 1, \u00een perioada 15 \u2013 19 decembrie 2025, \u00eentre orele 09:00 \u2013 16:00. Prim\u0103ria Sectorului 1 invit\u0103 elevii din toate \u0219colile gimnaziale ale sectorului la o serie de\u00a0ateliere creative de pictur\u0103 pe obiecte din ceramic\u0103, organizate la sediul institu\u021biei din Bulevardul Banu Manta nr. 9.<\/strong><\/p>\n\n\n\n<p><strong><em>\u00centr-un decor festiv, creat special pentru a reda atmosfera magic\u0103 a Cr\u0103ciunului, copiii vor avea ocazia s\u0103 descopere bucuria culorilor \u0219i s\u0103 transforme obiectele ceramice \u00een mici opere de art\u0103. Atelierele sunt concepute pentru a stimula expresivitatea, \u00eendem\u00e2narea \u0219i imagina\u021bia celor mici, \u00eentr-un cadru prietenos \u0219i inspira\u021bional.<\/em><\/strong><\/p>\n\n\n\n<h2 class=\"wp-block-heading\" id=\"h-ateliere-de-pictura-gratuite-pentru-copiii-din-sectorul-1\">Ateliere de pictur\u0103 gratuite pentru copiii din Sectorul 1<\/h2>\n\n\n\n<p>Activit\u0103\u021bile se vor desf\u0103\u0219ura \u00een grupe de c\u00e2te\u00a0<strong>25 de copii<\/strong>, sub \u00eendrumarea arti\u0219tilor cerami\u0219ti din cadrul\u00a0<strong>Nazarcea Grup<\/strong>, care \u00eei vor ini\u021bia pe copii \u00een teoria culorilor, armonii cromatice \u0219i tehnici de pictur\u0103 adaptate v\u00e2rstei lor.<\/p>\n\n\n\n<p>Evenimentul face parte din programul cultural\u2013artistic \u201e<em>Magia Cr\u0103ciunului, bucuria copiilor<\/em>\u201d, iar participarea este gratuit\u0103.<\/p>\n\n\n\n<p><em><strong>PROGRAMUL&nbsp;<\/strong>atelierelor de pictur\u0103 (luni \u2013 vineri):<\/em><\/p>\n\n\n\n<ul class=\"wp-block-list\">\n<li>09:00 \u2013 10:00;<\/li>\n\n\n\n<li>10:30 \u2013 11:30;<\/li>\n\n\n\n<li>12:00 \u2013 13:00;<\/li>\n\n\n\n<li>13:30 \u2013 14:30;<\/li>\n\n\n\n<li>15:00 \u2013 16:00.<\/li>\n<\/ul>\n\n\n\n<p>\u00censcrierile se fac la telefonul (021) 319 10 13 \/ interior 221.<\/p>\n\n\n\n<p><strong>\u00a0CITE\u0218TE \u0218I:<\/strong> <a href=\"https:\/\/buletin.de\/bucuresti\/a-doua-amanare-pentru-redeschiderea-liniei-5-tbpi-nu-mai-ofera-acum-nici-un-alt-termen-club-feroviar\/\"><strong>A treia am\u00e2nare pentru redeschiderea liniei 5. TBPI nu mai ofer\u0103 acum nici un alt termen | Club feroviar<\/strong><\/a><\/p>\n\n\n\n<h2 class=\"wp-block-heading\" id=\"h-pia\u021ba-volanta-se-muta-in-doroban\u021bi-in-acest-weekend\">Pia\u021ba volant\u0103 se mut\u0103 \u00een Doroban\u021bi, \u00een acest weekend<\/h2>\n\n\n\n<p><strong>Pia\u021ba volant\u0103 revine \u00een acest final de s\u0103pt\u0103m\u00e2n\u0103 \u00een zona Doroban\u021bi, cu produse tradi\u021bionale. Vor fi prezen\u021bi 15 comercian\u021bi, cu produse preg\u0103tite dup\u0103 re\u021bete tradi\u021bionale.<\/strong><\/p>\n\n\n\n<p>T\u00e2rgul va fi amenajat pe toata strada Moraru Octavian, \u00een apropierea Parcului George C\u0103linescu. Din acest motiv, circula\u021bia auto va fi restric\u021bionat\u0103 \u00eencep\u00e2nd de vineri 12 decembrie.<\/p>\n\n\n\n<p><strong>&nbsp;\u00cen pia\u021ba volant\u0103 se vor gasi:<\/strong><\/p>\n\n\n\n<ul class=\"wp-block-list\">\n<li>legume proaspete;<\/li>\n\n\n\n<li>fructe de sezon;<\/li>\n\n\n\n<li>carne \u0219i produse din carne: c\u00e2rna\u021bi, caltabo\u0219i, afum\u0103turi \u0219i alte specialit\u0103\u021bi tradi\u021bionale delicioase.<\/li>\n\n\n\n<li>lactate \u0219i br\u00e2nzeturi din lapte natural;<\/li>\n\n\n\n<li>produse apicole;<\/li>\n\n\n\n<li>mur\u0103turi, conserve de cas\u0103;<\/li>\n\n\n\n<li>dulciuri tradi\u021bionale, p\u00e2ine, pl\u0103cinte \u0219i alte produse de panifica\u021bie;<\/li>\n\n\n\n<li>produse handmade \u0219i decora\u021biuni.<\/li>\n<\/ul>\n\n\n\n<p><strong>Pia\u021ba volant\u0103\u00a0va avea urm\u0103torul program:<\/strong><\/p>\n\n\n\n<ul class=\"wp-block-list\">\n<li><strong>S\u00e2mb\u0103t\u0103 \u0219i duminic\u0103<\/strong>: 09:00\u201319:00.<\/li>\n<\/ul>\n\n\n\n<p><strong>\u00a0CITE\u0218TE \u0218I:<\/strong> <a href=\"https:\/\/buletin.de\/bucuresti\/prefectul-capitalei-andrei-nistor-validarea-mandatului-primarului-general-ar-putea-avea-loc-saptamana-viitoare\/\"><strong>Prefectul Capitalei, Andrei Nistor: \u201eValidarea mandatului primarului general ar putea avea loc s\u0103pt\u0103m\u00e2na viitoare\u201d<\/strong><\/a><\/p>\n\n\n\n<p><\/p>\n","protected":false},"excerpt":{"rendered":"<p>Ateliere de pictur\u0103 gratuite pentru copii, in Sectorul 1, \u00een perioada 15 \u2013 19 decembrie 2025, \u00eentre orele 09:00 \u2013 16:00. Prim\u0103ria Sectorului 1 invit\u0103 elevii din toate \u0219colile gimnaziale ale sectorului la o serie de\u00a0ateliere creative de pictur\u0103 pe obiecte din ceramic\u0103, organizate la sediul institu\u021biei din Bulevardul Banu Manta nr. 9. \u00centr-un decor [&hellip;]<\/p>\n","protected":false},"author":49,"featured_media":162279,"comment_status":"closed","ping_status":"open","sticky":false,"template":"","format":"standard","meta":{"_acf_changed":false,"inline_featured_image":false,"ngg_post_thumbnail":0,"footnotes":""},"categories":[6994,5762,24],"tags":[25138,25055,308],"ppma_author":[22574],"class_list":["post-162277","post","type-post","status-publish","format-standard","has-post-thumbnail","hentry","category-stiri-2","category-main","category-primarie","tag-atelier-de-pictura","tag-atelier-pentru-copii","tag-sector-1"],"acf":[],"yoast_head":"<!-- This site is optimized with the Yoast SEO Premium plugin v25.3 (Yoast SEO v27.4) - https:\/\/yoast.com\/product\/yoast-seo-premium-wordpress\/ -->\n<title>Sector 1 | Ateliere de pictur\u0103 gratuite pentru copii - Buletin de Bucure\u0219ti<\/title>\n<meta name=\"description\" content=\"Ateliere de pictur\u0103 gratuite pentru copii, in Sectorul 1, \u00een perioada 15 \u2013 19 decembrie 2025, \u00eentre orele 09:00 \u2013 16:00.\" \/>\n<meta name=\"robots\" content=\"index, follow, max-snippet:-1, max-image-preview:large, max-video-preview:-1\" \/>\n<link rel=\"canonical\" href=\"https:\/\/buletin.de\/bucuresti\/sector-1-ateliere-de-pictura-gratuite-pentru-copii\/\" \/>\n<meta property=\"og:locale\" content=\"en_GB\" \/>\n<meta property=\"og:type\" content=\"article\" \/>\n<meta property=\"og:title\" content=\"Sector 1 | Ateliere de pictur\u0103 gratuite pentru copii\" \/>\n<meta property=\"og:description\" content=\"Ateliere de pictur\u0103 gratuite pentru copii, in Sectorul 1, \u00een perioada 15 \u2013 19 decembrie 2025, \u00eentre orele 09:00 \u2013 16:00.\" \/>\n<meta property=\"og:url\" content=\"https:\/\/buletin.de\/bucuresti\/sector-1-ateliere-de-pictura-gratuite-pentru-copii\/\" \/>\n<meta property=\"og:site_name\" content=\"Buletin de Bucure\u0219ti\" \/>\n<meta property=\"article:publisher\" content=\"https:\/\/www.facebook.com\/buletin.de.buc\" \/>\n<meta property=\"article:published_time\" content=\"2025-12-13T05:00:00+00:00\" \/>\n<meta property=\"article:modified_time\" content=\"2025-12-15T08:07:35+00:00\" \/>\n<meta property=\"og:image\" content=\"https:\/\/buletin.de\/bucuresti\/wp-content\/uploads\/2025\/12\/CERAMICA-PICTURA-1-JPG.jpg\" \/>\n\t<meta property=\"og:image:width\" content=\"768\" \/>\n\t<meta property=\"og:image:height\" content=\"619\" \/>\n\t<meta property=\"og:image:type\" content=\"image\/jpeg\" \/>\n<meta name=\"author\" content=\"Diana Matei\" \/>\n<meta name=\"twitter:card\" content=\"summary_large_image\" \/>\n<meta name=\"twitter:label1\" content=\"Written by\" \/>\n\t<meta name=\"twitter:data1\" content=\"Diana Matei\" \/>\n\t<meta name=\"twitter:label2\" content=\"Estimated reading time\" \/>\n\t<meta name=\"twitter:data2\" content=\"2 minutes\" \/>\n<script type=\"application\/ld+json\" class=\"yoast-schema-graph\">{\"@context\":\"https:\\\/\\\/schema.org\",\"@graph\":[{\"@type\":\"Article\",\"@id\":\"https:\\\/\\\/buletin.de\\\/bucuresti\\\/sector-1-ateliere-de-pictura-gratuite-pentru-copii\\\/#article\",\"isPartOf\":{\"@id\":\"https:\\\/\\\/buletin.de\\\/bucuresti\\\/sector-1-ateliere-de-pictura-gratuite-pentru-copii\\\/\"},\"author\":{\"name\":\"Diana Matei\",\"@id\":\"https:\\\/\\\/buletin.de\\\/bucuresti\\\/#\\\/schema\\\/person\\\/7e46040573290777280a0835d81ea4ea\"},\"headline\":\"Sector 1 | Ateliere de pictur\u0103 gratuite pentru copii\",\"datePublished\":\"2025-12-13T05:00:00+00:00\",\"dateModified\":\"2025-12-15T08:07:35+00:00\",\"mainEntityOfPage\":{\"@id\":\"https:\\\/\\\/buletin.de\\\/bucuresti\\\/sector-1-ateliere-de-pictura-gratuite-pentru-copii\\\/\"},\"wordCount\":379,\"publisher\":{\"@id\":\"https:\\\/\\\/buletin.de\\\/bucuresti\\\/#organization\"},\"image\":{\"@id\":\"https:\\\/\\\/buletin.de\\\/bucuresti\\\/sector-1-ateliere-de-pictura-gratuite-pentru-copii\\\/#primaryimage\"},\"thumbnailUrl\":\"https:\\\/\\\/buletin.de\\\/bucuresti\\\/wp-content\\\/uploads\\\/2025\\\/12\\\/CERAMICA-PICTURA-1-JPG.jpg\",\"keywords\":[\"atelier de pictura\",\"atelier pentru copii\",\"Sector 1\"],\"articleSection\":[\"Articole\",\"Main\",\"Prim\u0103rie\"],\"inLanguage\":\"en-GB\",\"copyrightYear\":\"2025\",\"copyrightHolder\":{\"@id\":\"https:\\\/\\\/buletin.de\\\/bucuresti\\\/#organization\"}},{\"@type\":\"WebPage\",\"@id\":\"https:\\\/\\\/buletin.de\\\/bucuresti\\\/sector-1-ateliere-de-pictura-gratuite-pentru-copii\\\/\",\"url\":\"https:\\\/\\\/buletin.de\\\/bucuresti\\\/sector-1-ateliere-de-pictura-gratuite-pentru-copii\\\/\",\"name\":\"Sector 1 | Ateliere de pictur\u0103 gratuite pentru copii - Buletin de Bucure\u0219ti\",\"isPartOf\":{\"@id\":\"https:\\\/\\\/buletin.de\\\/bucuresti\\\/#website\"},\"primaryImageOfPage\":{\"@id\":\"https:\\\/\\\/buletin.de\\\/bucuresti\\\/sector-1-ateliere-de-pictura-gratuite-pentru-copii\\\/#primaryimage\"},\"image\":{\"@id\":\"https:\\\/\\\/buletin.de\\\/bucuresti\\\/sector-1-ateliere-de-pictura-gratuite-pentru-copii\\\/#primaryimage\"},\"thumbnailUrl\":\"https:\\\/\\\/buletin.de\\\/bucuresti\\\/wp-content\\\/uploads\\\/2025\\\/12\\\/CERAMICA-PICTURA-1-JPG.jpg\",\"datePublished\":\"2025-12-13T05:00:00+00:00\",\"dateModified\":\"2025-12-15T08:07:35+00:00\",\"description\":\"Ateliere de pictur\u0103 gratuite pentru copii, in Sectorul 1, \u00een perioada 15 \u2013 19 decembrie 2025, \u00eentre orele 09:00 \u2013 16:00.\",\"breadcrumb\":{\"@id\":\"https:\\\/\\\/buletin.de\\\/bucuresti\\\/sector-1-ateliere-de-pictura-gratuite-pentru-copii\\\/#breadcrumb\"},\"inLanguage\":\"en-GB\",\"potentialAction\":[{\"@type\":\"ReadAction\",\"target\":[\"https:\\\/\\\/buletin.de\\\/bucuresti\\\/sector-1-ateliere-de-pictura-gratuite-pentru-copii\\\/\"]}]},{\"@type\":\"ImageObject\",\"inLanguage\":\"en-GB\",\"@id\":\"https:\\\/\\\/buletin.de\\\/bucuresti\\\/sector-1-ateliere-de-pictura-gratuite-pentru-copii\\\/#primaryimage\",\"url\":\"https:\\\/\\\/buletin.de\\\/bucuresti\\\/wp-content\\\/uploads\\\/2025\\\/12\\\/CERAMICA-PICTURA-1-JPG.jpg\",\"contentUrl\":\"https:\\\/\\\/buletin.de\\\/bucuresti\\\/wp-content\\\/uploads\\\/2025\\\/12\\\/CERAMICA-PICTURA-1-JPG.jpg\",\"width\":768,\"height\":619,\"caption\":\"Sector 1 | Ateliere de pictur\u0103 gratuite pentru copii. FOTO: Arhiva\"},{\"@type\":\"BreadcrumbList\",\"@id\":\"https:\\\/\\\/buletin.de\\\/bucuresti\\\/sector-1-ateliere-de-pictura-gratuite-pentru-copii\\\/#breadcrumb\",\"itemListElement\":[{\"@type\":\"ListItem\",\"position\":1,\"name\":\"Acas\u0103\",\"item\":\"https:\\\/\\\/buletin.de\\\/bucuresti\\\/\"},{\"@type\":\"ListItem\",\"position\":2,\"name\":\"Sector 1 | Ateliere de pictur\u0103 gratuite pentru copii\"}]},{\"@type\":\"WebSite\",\"@id\":\"https:\\\/\\\/buletin.de\\\/bucuresti\\\/#website\",\"url\":\"https:\\\/\\\/buletin.de\\\/bucuresti\\\/\",\"name\":\"Buletin de Bucure\u0219ti\",\"description\":\"\u0218tiri \u0219i investiga\u021bii esen\u021biale din capital\u0103\",\"publisher\":{\"@id\":\"https:\\\/\\\/buletin.de\\\/bucuresti\\\/#organization\"},\"potentialAction\":[{\"@type\":\"SearchAction\",\"target\":{\"@type\":\"EntryPoint\",\"urlTemplate\":\"https:\\\/\\\/buletin.de\\\/bucuresti\\\/?s={search_term_string}\"},\"query-input\":{\"@type\":\"PropertyValueSpecification\",\"valueRequired\":true,\"valueName\":\"search_term_string\"}}],\"inLanguage\":\"en-GB\"},{\"@type\":\"Organization\",\"@id\":\"https:\\\/\\\/buletin.de\\\/bucuresti\\\/#organization\",\"name\":\"Buletin de Bucure\u0219ti\",\"url\":\"https:\\\/\\\/buletin.de\\\/bucuresti\\\/\",\"logo\":{\"@type\":\"ImageObject\",\"inLanguage\":\"en-GB\",\"@id\":\"https:\\\/\\\/buletin.de\\\/bucuresti\\\/#\\\/schema\\\/logo\\\/image\\\/\",\"url\":\"https:\\\/\\\/buletin.de\\\/bucuresti\\\/wp-content\\\/uploads\\\/logo-bdb-full-wide-vernil-transparent.png\",\"contentUrl\":\"https:\\\/\\\/buletin.de\\\/bucuresti\\\/wp-content\\\/uploads\\\/logo-bdb-full-wide-vernil-transparent.png\",\"width\":1782,\"height\":626,\"caption\":\"Buletin de Bucure\u0219ti\"},\"image\":{\"@id\":\"https:\\\/\\\/buletin.de\\\/bucuresti\\\/#\\\/schema\\\/logo\\\/image\\\/\"},\"sameAs\":[\"https:\\\/\\\/www.facebook.com\\\/buletin.de.buc\",\"https:\\\/\\\/www.instagram.com\\\/buletinde.bucuresti\\\/\"]},{\"@type\":\"Person\",\"@id\":\"https:\\\/\\\/buletin.de\\\/bucuresti\\\/#\\\/schema\\\/person\\\/7e46040573290777280a0835d81ea4ea\",\"name\":\"Diana Matei\",\"image\":{\"@type\":\"ImageObject\",\"inLanguage\":\"en-GB\",\"@id\":\"https:\\\/\\\/buletin.de\\\/bucuresti\\\/wp-content\\\/uploads\\\/9-2-96x96.jpg1e8590b30871d70e62ebcdaf2eff570c\",\"url\":\"https:\\\/\\\/buletin.de\\\/bucuresti\\\/wp-content\\\/uploads\\\/9-2-96x96.jpg\",\"contentUrl\":\"https:\\\/\\\/buletin.de\\\/bucuresti\\\/wp-content\\\/uploads\\\/9-2-96x96.jpg\",\"caption\":\"Diana Matei\"},\"url\":\"https:\\\/\\\/buletin.de\\\/bucuresti\\\/author\\\/dianamatei\\\/\"}]}<\/script>\n<!-- \/ Yoast SEO Premium plugin. -->","yoast_head_json":{"title":"Sector 1 | Ateliere de pictur\u0103 gratuite pentru copii - Buletin de Bucure\u0219ti","description":"Ateliere de pictur\u0103 gratuite pentru copii, in Sectorul 1, \u00een perioada 15 \u2013 19 decembrie 2025, \u00eentre orele 09:00 \u2013 16:00.","robots":{"index":"index","follow":"follow","max-snippet":"max-snippet:-1","max-image-preview":"max-image-preview:large","max-video-preview":"max-video-preview:-1"},"canonical":"https:\/\/buletin.de\/bucuresti\/sector-1-ateliere-de-pictura-gratuite-pentru-copii\/","og_locale":"en_GB","og_type":"article","og_title":"Sector 1 | Ateliere de pictur\u0103 gratuite pentru copii","og_description":"Ateliere de pictur\u0103 gratuite pentru copii, in Sectorul 1, \u00een perioada 15 \u2013 19 decembrie 2025, \u00eentre orele 09:00 \u2013 16:00.","og_url":"https:\/\/buletin.de\/bucuresti\/sector-1-ateliere-de-pictura-gratuite-pentru-copii\/","og_site_name":"Buletin de Bucure\u0219ti","article_publisher":"https:\/\/www.facebook.com\/buletin.de.buc","article_published_time":"2025-12-13T05:00:00+00:00","article_modified_time":"2025-12-15T08:07:35+00:00","og_image":[{"width":768,"height":619,"url":"https:\/\/buletin.de\/bucuresti\/wp-content\/uploads\/2025\/12\/CERAMICA-PICTURA-1-JPG.jpg","type":"image\/jpeg"}],"author":"Diana Matei","twitter_card":"summary_large_image","twitter_misc":{"Written by":"Diana Matei","Estimated reading time":"2 minutes"},"schema":{"@context":"https:\/\/schema.org","@graph":[{"@type":"Article","@id":"https:\/\/buletin.de\/bucuresti\/sector-1-ateliere-de-pictura-gratuite-pentru-copii\/#article","isPartOf":{"@id":"https:\/\/buletin.de\/bucuresti\/sector-1-ateliere-de-pictura-gratuite-pentru-copii\/"},"author":{"name":"Diana Matei","@id":"https:\/\/buletin.de\/bucuresti\/#\/schema\/person\/7e46040573290777280a0835d81ea4ea"},"headline":"Sector 1 | Ateliere de pictur\u0103 gratuite pentru copii","datePublished":"2025-12-13T05:00:00+00:00","dateModified":"2025-12-15T08:07:35+00:00","mainEntityOfPage":{"@id":"https:\/\/buletin.de\/bucuresti\/sector-1-ateliere-de-pictura-gratuite-pentru-copii\/"},"wordCount":379,"publisher":{"@id":"https:\/\/buletin.de\/bucuresti\/#organization"},"image":{"@id":"https:\/\/buletin.de\/bucuresti\/sector-1-ateliere-de-pictura-gratuite-pentru-copii\/#primaryimage"},"thumbnailUrl":"https:\/\/buletin.de\/bucuresti\/wp-content\/uploads\/2025\/12\/CERAMICA-PICTURA-1-JPG.jpg","keywords":["atelier de pictura","atelier pentru copii","Sector 1"],"articleSection":["Articole","Main","Prim\u0103rie"],"inLanguage":"en-GB","copyrightYear":"2025","copyrightHolder":{"@id":"https:\/\/buletin.de\/bucuresti\/#organization"}},{"@type":"WebPage","@id":"https:\/\/buletin.de\/bucuresti\/sector-1-ateliere-de-pictura-gratuite-pentru-copii\/","url":"https:\/\/buletin.de\/bucuresti\/sector-1-ateliere-de-pictura-gratuite-pentru-copii\/","name":"Sector 1 | Ateliere de pictur\u0103 gratuite pentru copii - Buletin de Bucure\u0219ti","isPartOf":{"@id":"https:\/\/buletin.de\/bucuresti\/#website"},"primaryImageOfPage":{"@id":"https:\/\/buletin.de\/bucuresti\/sector-1-ateliere-de-pictura-gratuite-pentru-copii\/#primaryimage"},"image":{"@id":"https:\/\/buletin.de\/bucuresti\/sector-1-ateliere-de-pictura-gratuite-pentru-copii\/#primaryimage"},"thumbnailUrl":"https:\/\/buletin.de\/bucuresti\/wp-content\/uploads\/2025\/12\/CERAMICA-PICTURA-1-JPG.jpg","datePublished":"2025-12-13T05:00:00+00:00","dateModified":"2025-12-15T08:07:35+00:00","description":"Ateliere de pictur\u0103 gratuite pentru copii, in Sectorul 1, \u00een perioada 15 \u2013 19 decembrie 2025, \u00eentre orele 09:00 \u2013 16:00.","breadcrumb":{"@id":"https:\/\/buletin.de\/bucuresti\/sector-1-ateliere-de-pictura-gratuite-pentru-copii\/#breadcrumb"},"inLanguage":"en-GB","potentialAction":[{"@type":"ReadAction","target":["https:\/\/buletin.de\/bucuresti\/sector-1-ateliere-de-pictura-gratuite-pentru-copii\/"]}]},{"@type":"ImageObject","inLanguage":"en-GB","@id":"https:\/\/buletin.de\/bucuresti\/sector-1-ateliere-de-pictura-gratuite-pentru-copii\/#primaryimage","url":"https:\/\/buletin.de\/bucuresti\/wp-content\/uploads\/2025\/12\/CERAMICA-PICTURA-1-JPG.jpg","contentUrl":"https:\/\/buletin.de\/bucuresti\/wp-content\/uploads\/2025\/12\/CERAMICA-PICTURA-1-JPG.jpg","width":768,"height":619,"caption":"Sector 1 | Ateliere de pictur\u0103 gratuite pentru copii. FOTO: Arhiva"},{"@type":"BreadcrumbList","@id":"https:\/\/buletin.de\/bucuresti\/sector-1-ateliere-de-pictura-gratuite-pentru-copii\/#breadcrumb","itemListElement":[{"@type":"ListItem","position":1,"name":"Acas\u0103","item":"https:\/\/buletin.de\/bucuresti\/"},{"@type":"ListItem","position":2,"name":"Sector 1 | Ateliere de pictur\u0103 gratuite pentru copii"}]},{"@type":"WebSite","@id":"https:\/\/buletin.de\/bucuresti\/#website","url":"https:\/\/buletin.de\/bucuresti\/","name":"Buletin de Bucure\u0219ti","description":"\u0218tiri \u0219i investiga\u021bii esen\u021biale din capital\u0103","publisher":{"@id":"https:\/\/buletin.de\/bucuresti\/#organization"},"potentialAction":[{"@type":"SearchAction","target":{"@type":"EntryPoint","urlTemplate":"https:\/\/buletin.de\/bucuresti\/?s={search_term_string}"},"query-input":{"@type":"PropertyValueSpecification","valueRequired":true,"valueName":"search_term_string"}}],"inLanguage":"en-GB"},{"@type":"Organization","@id":"https:\/\/buletin.de\/bucuresti\/#organization","name":"Buletin de Bucure\u0219ti","url":"https:\/\/buletin.de\/bucuresti\/","logo":{"@type":"ImageObject","inLanguage":"en-GB","@id":"https:\/\/buletin.de\/bucuresti\/#\/schema\/logo\/image\/","url":"https:\/\/buletin.de\/bucuresti\/wp-content\/uploads\/logo-bdb-full-wide-vernil-transparent.png","contentUrl":"https:\/\/buletin.de\/bucuresti\/wp-content\/uploads\/logo-bdb-full-wide-vernil-transparent.png","width":1782,"height":626,"caption":"Buletin de Bucure\u0219ti"},"image":{"@id":"https:\/\/buletin.de\/bucuresti\/#\/schema\/logo\/image\/"},"sameAs":["https:\/\/www.facebook.com\/buletin.de.buc","https:\/\/www.instagram.com\/buletinde.bucuresti\/"]},{"@type":"Person","@id":"https:\/\/buletin.de\/bucuresti\/#\/schema\/person\/7e46040573290777280a0835d81ea4ea","name":"Diana Matei","image":{"@type":"ImageObject","inLanguage":"en-GB","@id":"https:\/\/buletin.de\/bucuresti\/wp-content\/uploads\/9-2-96x96.jpg1e8590b30871d70e62ebcdaf2eff570c","url":"https:\/\/buletin.de\/bucuresti\/wp-content\/uploads\/9-2-96x96.jpg","contentUrl":"https:\/\/buletin.de\/bucuresti\/wp-content\/uploads\/9-2-96x96.jpg","caption":"Diana Matei"},"url":"https:\/\/buletin.de\/bucuresti\/author\/dianamatei\/"}]}},"authors":[{"term_id":22574,"user_id":49,"is_guest":0,"slug":"dianamatei","display_name":"Diana Matei","avatar_url":"https:\/\/buletin.de\/bucuresti\/wp-content\/uploads\/9-2-96x96.jpg","0":null,"1":"","2":"","3":"","4":"","5":"","6":"","7":"","8":""}],"_links":{"self":[{"href":"https:\/\/buletin.de\/bucuresti\/wp-json\/wp\/v2\/posts\/162277","targetHints":{"allow":["GET"]}}],"collection":[{"href":"https:\/\/buletin.de\/bucuresti\/wp-json\/wp\/v2\/posts"}],"about":[{"href":"https:\/\/buletin.de\/bucuresti\/wp-json\/wp\/v2\/types\/post"}],"author":[{"embeddable":true,"href":"https:\/\/buletin.de\/bucuresti\/wp-json\/wp\/v2\/users\/49"}],"replies":[{"embeddable":true,"href":"https:\/\/buletin.de\/bucuresti\/wp-json\/wp\/v2\/comments?post=162277"}],"version-history":[{"count":2,"href":"https:\/\/buletin.de\/bucuresti\/wp-json\/wp\/v2\/posts\/162277\/revisions"}],"predecessor-version":[{"id":162282,"href":"https:\/\/buletin.de\/bucuresti\/wp-json\/wp\/v2\/posts\/162277\/revisions\/162282"}],"wp:featuredmedia":[{"embeddable":true,"href":"https:\/\/buletin.de\/bucuresti\/wp-json\/wp\/v2\/media\/162279"}],"wp:attachment":[{"href":"https:\/\/buletin.de\/bucuresti\/wp-json\/wp\/v2\/media?parent=162277"}],"wp:term":[{"taxonomy":"category","embeddable":true,"href":"https:\/\/buletin.de\/bucuresti\/wp-json\/wp\/v2\/categories?post=162277"},{"taxonomy":"post_tag","embeddable":true,"href":"https:\/\/buletin.de\/bucuresti\/wp-json\/wp\/v2\/tags?post=162277"},{"taxonomy":"author","embeddable":true,"href":"https:\/\/buletin.de\/bucuresti\/wp-json\/wp\/v2\/ppma_author?post=162277"}],"curies":[{"name":"wp","href":"https:\/\/api.w.org\/{rel}","templated":true}]}}