{"id":162249,"date":"2025-12-13T07:15:00","date_gmt":"2025-12-13T04:15:00","guid":{"rendered":"https:\/\/buletin.de\/bucuresti\/?p=162249"},"modified":"2025-12-12T22:08:07","modified_gmt":"2025-12-12T19:08:07","slug":"apa-nova-zonele-din-bucuresti-care-raman-fara-apa-rece-intre-15-19-decembrie","status":"publish","type":"post","link":"https:\/\/buletin.de\/bucuresti\/apa-nova-zonele-din-bucuresti-care-raman-fara-apa-rece-intre-15-19-decembrie\/","title":{"rendered":"Apa Nova | Zonele din Bucure\u0219ti care r\u0103m\u00e2n f\u0103r\u0103 ap\u0103 rece \u00eentre 15-19 decembrie"},"content":{"rendered":"\n<p><strong>Mai multe zone din Bucure\u0219ti r\u0103m\u00e2n f\u0103r\u0103 ap\u0103 rece \u00eentre 15 &#8211; 21 decembrie. Furnizarea se \u00eentrerupe pentru lucr\u0103ri de modernizare \u0219i de interven\u021bie, potrivit\u00a0<\/strong><a href=\"https:\/\/www.apanovabucuresti.ro\/\"><strong>APA NOVA.<\/strong><\/a><\/p>\n\n\n\n<h2 class=\"wp-block-heading\" id=\"h-zonele-din-bucure\u0219ti-care-raman-fara-apa-rece\"><strong>Zonele din Bucure\u0219ti care r\u0103m\u00e2n f\u0103r\u0103 ap\u0103 rece<\/strong><\/h2>\n\n\n\n<p><strong>Sector 3 &#8211; din data de 15.12.2025, ora 23:30 p\u00e2n\u0103 in data de 16.12.2025, ora 05:30<\/strong><\/p>\n\n\n\n<ul class=\"wp-block-list\">\n<li>Strada Danubiu, Strada R\u0103cari, Aleea Buteic\u0103 Marius Emanoil Erou, Calea Vitan, Strada R\u00e2mnicu V\u00e2lcea, Bulevardul R\u00e2mnicu S\u0103rat, Strada Laborator, Strada Pascu Nicolae, Lt., Strada Spiridon Matei, Sold., Strada Tudor Gheorghe Bogdan, Bulevardul Camil Ressu, Aleea L\u0103cr\u0103mioarei, Strada L\u0103cr\u0103mioarei;<\/li>\n\n\n\n<li>Strad\u0103 Tomis, Bulevardul Energeticienilor, Strad\u0103 Schitului, Aleea Moreni, Strad\u0103 Istriei, Strad\u0103 L\u0103z\u0103reanu Barbu, Strad\u0103 Iosif Ion, Sold, Strad\u0103 Dr\u0103gan Dumitru, Sold., Strad\u0103 Segovia, Intrarea Ciopleanu Ion, Strad\u0103 Fizicienilor, Strad\u0103 Nedelcu Ion, Plt. Strad\u0103 Satelitului, Strad\u0103 Grigore Ion.<\/li>\n<\/ul>\n\n\n\n<h2 class=\"wp-block-heading\" id=\"h-mai-multe-strazi-dn-sectorul-3-raman-fara-apa-rece\">\u00a0Mai multe str\u0103zi dn Sectorul 3 r\u0103m\u00e2n f\u0103r\u0103 ap\u0103 rece<\/h2>\n\n\n\n<ul class=\"wp-block-list\">\n<li>Serg., Aleea Fizicienilor, Aleea Mosti\u0219tea, Aleea Eprubetei, Strad\u0103 Mure\u0219ana, Strad\u0103 Baia Mare, Aleea Ciungan Florin, Strad\u0103 Bonea Marin, Serg., Strad\u0103 Lalelelor, Aleea R\u00e2mnicu S\u0103rat, Aleea R\u00e2mnicu V\u00e2lcea;<\/li>\n\n\n\n<li>Drum Murgului, Aleea \u021a\u0103nd\u0103rei, Aleea Suraia, Strad\u0103 Criv\u0103\u021bului, Strad\u0103 Lugojana, Aleea C\u00e2rstea Adrian, Slt., Intrarea Dealul Poeni, Strad\u0103 Sebe\u0219ana, Intrarea Ciutei, Aleea Berevoie\u0219ti, \u0218oseaua Mihai Bravu, Intrarea Argintului.<\/li>\n<\/ul>\n\n\n\n<p><strong>Sector 1 &#8211; p\u00e2n\u0103 in data de 19.12.2025, ora 14:00<\/strong><\/p>\n\n\n\n<ul class=\"wp-block-list\">\n<li>Strada Dornei.<\/li>\n<\/ul>\n\n\n\n<p><strong>\u00a0CITE\u0218TE \u0218I:<\/strong> <strong><a href=\"https:\/\/buletin.de\/bucuresti\/dezbatere-publica-privind-sanctiunile-pentru-distrugerea-spatiilor-verzi-din-orase-la-ministerul-mediului\/\">Dezbatere public\u0103 privind sanc\u021biunile pentru distrugerea spa\u021biilor verzi din ora\u0219e, la Ministerul Mediului<\/a><\/strong><\/p>\n\n\n\n<h2 class=\"wp-block-heading\" id=\"h-re\u021bele-electrice-muntenia-intrerupe-curentul-electric-in-bucure\u0219ti-care-sunt-zonele-afectate\">Re\u021bele Electrice Muntenia \u00eentrerupe curentul electric \u00een Bucure\u0219ti. Care sunt zonele afectate<\/h2>\n\n\n\n<p>Unde \u00eentrerupe curentul electric&nbsp;<a href=\"https:\/\/www.reteleelectrice.ro\/\">Re\u021bele Electrice Muntenia&nbsp;<\/a>\u00een Bucure\u0219ti, Ilfov \u0219i Giurgiu, \u00een perioada 15-21 decembrie. \u00centreruperile sunt necesare pentru lucr\u0103ri de repara\u021bii, moderni\u200bzare \u200bsau de mentenan\u021b\u0103, la re\u021beaua electric\u0103.<\/p>\n\n\n\n<p>Sist\u0103rile programate se vor face pentru a asigura capacitatea re\u021belei de a func\u021biona \u0219i alimenta clien\u021bii, \u00een condi\u021bii bune.<\/p>\n\n\n\n<h2 class=\"wp-block-heading\" id=\"h-unde-se-intrerupe-curentul-electric-in-bucure\u0219ti\">Unde se \u00eentrerupe curentul electric \u00een Bucure\u0219ti<\/h2>\n\n\n\n<p><strong>Mar\u021bi , 16 Decembrie 2024<\/strong><\/p>\n\n\n\n<ul class=\"wp-block-list\">\n<li>Al. Perisoru, Str Jean Steriadi, Bd Theodor Pallady \u00eentre Al. Peri\u0219oru \u0219i str. Jean Steriadi 09:00 &#8211; 17:00;<\/li>\n\n\n\n<li>str. Liniei , Trenului , Barsanesti 09:00 &#8211; 17:00;<\/li>\n\n\n\n<li>Str. SCARLATESCU nr cu so\u021b \u0219i nr f\u0103r\u0103 so\u021b tronson situat \u00eentre str\u0103zile CARACAS \u0219i BANU MANTA 09:00 &#8211; 17:00 Aleea Mizil , str Drumul Lunca Marcusului , Bdul Th Pallady nr 42j 09:00 &#8211; 17:00.<\/li>\n\n\n\n<li>Miercuri, 17 Decembrie 2024<\/li>\n\n\n\n<li>Banul Dumitrache ,\u00een sec\u021biunea cuprins\u0103 \u00eentre str\u0103zile Scheiul de Sus \u0219i Banul Costache 09:00 &#8211; 17:00; <\/li>\n\n\n\n<li>Perimetrul cuprins \u00eentre: Cal Grivi\u021bei, Str. Carpa\u021bi, Str. Mirce\u0219ti, Str. Soveja, Str. Ceremusului Str. Mure\u0219, Str. Milcov, Str. Caransebe\u0219. 09:00 &#8211; 17:00.<\/li>\n<\/ul>\n\n\n\n<p><strong>&nbsp;Joi , 19 Decembrie 2024<\/strong><\/p>\n\n\n\n<ul class=\"wp-block-list\">\n<li>Str Ion Socolescu, Dumitru Iorgulescu, S\u0103vulescu Alexandru, Arhitect Hirjeu 09:00 &#8211; 17:00;<\/li>\n\n\n\n<li>Str.Sf\u00e2ntul \u0218tefan \u00eentre Str.Popa Soare \u0219i Str.Plantelor 09:00 &#8211; 17:00;<\/li>\n\n\n\n<li>Bd. Ghencea 09:00 &#8211; 17:00 \u2022Bucure\u0219ti, Perimetrul cuprins \u00eentre: Cal Grivi\u021bei, Str. Carpa\u021bi, Str. Mirce\u0219ti, Str. Soveja, Str. Ceremusului Str. Mure\u0219, Str. Milcov, Str. Caransebe\u0219. 09:00 &#8211; 17:00;<\/li>\n\n\n\n<li>str. Trenului , Liniei , Barsanesti 09:00 &#8211; 17:00.<\/li>\n<\/ul>\n\n\n\n<p><strong>Vineri, 20 Decembrie 2024<\/strong><\/p>\n\n\n\n<ul class=\"wp-block-list\">\n<li>Str. Cladova, Flamurei, T.Alexandru 08:30 &#8211; 22:30 (scurte \u00eentreruperi);<\/li>\n\n\n\n<li>Str\u0103zile: Nicolae Meri\u0219an, Ciubarului, Vasile Paiu\u0219, Nicolae Belerciu. Strad\u0103 Luic\u0103 70, Clubul Sportiv Temerarii 09:00 &#8211; 12:00 (\u00eentrerupere);<\/li>\n\n\n\n<li>Aleea Mizil \u00eentre str. Mizil \u0219i str. Drum Lunca S\u0103teasc\u0103 09:00 &#8211; 17:00;<\/li>\n\n\n\n<li>Str. Drumul Gur\u0103 Cali\u021bei \u00eentre nr. 65-187 09:30 &#8211; 16:30.<\/li>\n<\/ul>\n\n\n\n<p><strong>CITE\u0218TE \u0218I:<\/strong> <a href=\"https:\/\/buletin.de\/bucuresti\/sector-2-se-reia-programul-de-reabilitare-termica-pentru-mai-multe-blocuri-costurile-au-fost-actualizate\/\"><strong>Sector 2 | Se reia programul de reabilitare termic\u0103 pentru mai multe blocuri. Costurile au fost actualizate<\/strong><\/a><\/p>\n","protected":false},"excerpt":{"rendered":"<p>Mai multe zone din Bucure\u0219ti r\u0103m\u00e2n f\u0103r\u0103 ap\u0103 rece \u00eentre 15 &#8211; 21 decembrie. Furnizarea se \u00eentrerupe pentru lucr\u0103ri de modernizare \u0219i de interven\u021bie, potrivit\u00a0APA NOVA. Zonele din Bucure\u0219ti care r\u0103m\u00e2n f\u0103r\u0103 ap\u0103 rece Sector 3 &#8211; din data de 15.12.2025, ora 23:30 p\u00e2n\u0103 in data de 16.12.2025, ora 05:30 \u00a0Mai multe str\u0103zi dn Sectorul [&hellip;]<\/p>\n","protected":false},"author":49,"featured_media":162253,"comment_status":"closed","ping_status":"open","sticky":false,"template":"","format":"standard","meta":{"_acf_changed":false,"inline_featured_image":false,"ngg_post_thumbnail":0,"footnotes":""},"categories":[6994,62],"tags":[4394,25107,25106],"ppma_author":[22574],"class_list":["post-162249","post","type-post","status-publish","format-standard","has-post-thumbnail","hentry","category-stiri-2","category-stiri","tag-apa-nova","tag-intrerupere-apa","tag-intrerupere-apa-nova"],"acf":[],"yoast_head":"<!-- This site is optimized with the Yoast SEO Premium plugin v25.3 (Yoast SEO v27.4) - https:\/\/yoast.com\/product\/yoast-seo-premium-wordpress\/ -->\n<title>Apa Nova | Zonele din Bucure\u0219ti care r\u0103m\u00e2n f\u0103r\u0103 ap\u0103 rece \u00eentre 15-19 decembrie - Buletin de Bucure\u0219ti<\/title>\n<meta name=\"description\" content=\"Mai multe zone din Bucure\u0219ti r\u0103m\u00e2n f\u0103r\u0103 ap\u0103 rece \u00eentre 15-21 decembrie. Furnizarea se \u00eentrerupe pentru lucr\u0103ri de modernizare.\" \/>\n<meta name=\"robots\" content=\"index, follow, max-snippet:-1, max-image-preview:large, max-video-preview:-1\" \/>\n<link rel=\"canonical\" href=\"https:\/\/buletin.de\/bucuresti\/apa-nova-zonele-din-bucuresti-care-raman-fara-apa-rece-intre-15-19-decembrie\/\" \/>\n<meta property=\"og:locale\" content=\"en_GB\" \/>\n<meta property=\"og:type\" content=\"article\" \/>\n<meta property=\"og:title\" content=\"Apa Nova | Zonele din Bucure\u0219ti care r\u0103m\u00e2n f\u0103r\u0103 ap\u0103 rece \u00eentre 15-19 decembrie\" \/>\n<meta property=\"og:description\" content=\"Mai multe zone din Bucure\u0219ti r\u0103m\u00e2n f\u0103r\u0103 ap\u0103 rece \u00eentre 15-21 decembrie. Furnizarea se \u00eentrerupe pentru lucr\u0103ri de modernizare.\" \/>\n<meta property=\"og:url\" content=\"https:\/\/buletin.de\/bucuresti\/apa-nova-zonele-din-bucuresti-care-raman-fara-apa-rece-intre-15-19-decembrie\/\" \/>\n<meta property=\"og:site_name\" content=\"Buletin de Bucure\u0219ti\" \/>\n<meta property=\"article:publisher\" content=\"https:\/\/www.facebook.com\/buletin.de.buc\" \/>\n<meta property=\"article:published_time\" content=\"2025-12-13T04:15:00+00:00\" \/>\n<meta name=\"author\" content=\"Diana Matei\" \/>\n<meta name=\"twitter:card\" content=\"summary_large_image\" \/>\n<meta name=\"twitter:label1\" content=\"Written by\" \/>\n\t<meta name=\"twitter:data1\" content=\"Diana Matei\" \/>\n\t<meta name=\"twitter:label2\" content=\"Estimated reading time\" \/>\n\t<meta name=\"twitter:data2\" content=\"3 minutes\" \/>\n<script type=\"application\/ld+json\" class=\"yoast-schema-graph\">{\"@context\":\"https:\\\/\\\/schema.org\",\"@graph\":[{\"@type\":\"Article\",\"@id\":\"https:\\\/\\\/buletin.de\\\/bucuresti\\\/apa-nova-zonele-din-bucuresti-care-raman-fara-apa-rece-intre-15-19-decembrie\\\/#article\",\"isPartOf\":{\"@id\":\"https:\\\/\\\/buletin.de\\\/bucuresti\\\/apa-nova-zonele-din-bucuresti-care-raman-fara-apa-rece-intre-15-19-decembrie\\\/\"},\"author\":{\"name\":\"Diana Matei\",\"@id\":\"https:\\\/\\\/buletin.de\\\/bucuresti\\\/#\\\/schema\\\/person\\\/7e46040573290777280a0835d81ea4ea\"},\"headline\":\"Apa Nova | Zonele din Bucure\u0219ti care r\u0103m\u00e2n f\u0103r\u0103 ap\u0103 rece \u00eentre 15-19 decembrie\",\"datePublished\":\"2025-12-13T04:15:00+00:00\",\"mainEntityOfPage\":{\"@id\":\"https:\\\/\\\/buletin.de\\\/bucuresti\\\/apa-nova-zonele-din-bucuresti-care-raman-fara-apa-rece-intre-15-19-decembrie\\\/\"},\"wordCount\":574,\"publisher\":{\"@id\":\"https:\\\/\\\/buletin.de\\\/bucuresti\\\/#organization\"},\"image\":{\"@id\":\"https:\\\/\\\/buletin.de\\\/bucuresti\\\/apa-nova-zonele-din-bucuresti-care-raman-fara-apa-rece-intre-15-19-decembrie\\\/#primaryimage\"},\"thumbnailUrl\":\"https:\\\/\\\/buletin.de\\\/bucuresti\\\/wp-content\\\/uploads\\\/2025\\\/12\\\/apa-de-la-robinet-1.avif\",\"keywords\":[\"Apa Nova\",\"intrerupere apa\",\"intrerupere apa nova\"],\"articleSection\":[\"Articole\",\"\u0218tiri\"],\"inLanguage\":\"en-GB\",\"copyrightYear\":\"2025\",\"copyrightHolder\":{\"@id\":\"https:\\\/\\\/buletin.de\\\/bucuresti\\\/#organization\"}},{\"@type\":\"WebPage\",\"@id\":\"https:\\\/\\\/buletin.de\\\/bucuresti\\\/apa-nova-zonele-din-bucuresti-care-raman-fara-apa-rece-intre-15-19-decembrie\\\/\",\"url\":\"https:\\\/\\\/buletin.de\\\/bucuresti\\\/apa-nova-zonele-din-bucuresti-care-raman-fara-apa-rece-intre-15-19-decembrie\\\/\",\"name\":\"Apa Nova | Zonele din Bucure\u0219ti care r\u0103m\u00e2n f\u0103r\u0103 ap\u0103 rece \u00eentre 15-19 decembrie - Buletin de Bucure\u0219ti\",\"isPartOf\":{\"@id\":\"https:\\\/\\\/buletin.de\\\/bucuresti\\\/#website\"},\"primaryImageOfPage\":{\"@id\":\"https:\\\/\\\/buletin.de\\\/bucuresti\\\/apa-nova-zonele-din-bucuresti-care-raman-fara-apa-rece-intre-15-19-decembrie\\\/#primaryimage\"},\"image\":{\"@id\":\"https:\\\/\\\/buletin.de\\\/bucuresti\\\/apa-nova-zonele-din-bucuresti-care-raman-fara-apa-rece-intre-15-19-decembrie\\\/#primaryimage\"},\"thumbnailUrl\":\"https:\\\/\\\/buletin.de\\\/bucuresti\\\/wp-content\\\/uploads\\\/2025\\\/12\\\/apa-de-la-robinet-1.avif\",\"datePublished\":\"2025-12-13T04:15:00+00:00\",\"description\":\"Mai multe zone din Bucure\u0219ti r\u0103m\u00e2n f\u0103r\u0103 ap\u0103 rece \u00eentre 15-21 decembrie. Furnizarea se \u00eentrerupe pentru lucr\u0103ri de modernizare.\",\"breadcrumb\":{\"@id\":\"https:\\\/\\\/buletin.de\\\/bucuresti\\\/apa-nova-zonele-din-bucuresti-care-raman-fara-apa-rece-intre-15-19-decembrie\\\/#breadcrumb\"},\"inLanguage\":\"en-GB\",\"potentialAction\":[{\"@type\":\"ReadAction\",\"target\":[\"https:\\\/\\\/buletin.de\\\/bucuresti\\\/apa-nova-zonele-din-bucuresti-care-raman-fara-apa-rece-intre-15-19-decembrie\\\/\"]}]},{\"@type\":\"ImageObject\",\"inLanguage\":\"en-GB\",\"@id\":\"https:\\\/\\\/buletin.de\\\/bucuresti\\\/apa-nova-zonele-din-bucuresti-care-raman-fara-apa-rece-intre-15-19-decembrie\\\/#primaryimage\",\"url\":\"https:\\\/\\\/buletin.de\\\/bucuresti\\\/wp-content\\\/uploads\\\/2025\\\/12\\\/apa-de-la-robinet-1.avif\",\"contentUrl\":\"https:\\\/\\\/buletin.de\\\/bucuresti\\\/wp-content\\\/uploads\\\/2025\\\/12\\\/apa-de-la-robinet-1.avif\",\"width\":1062,\"height\":809,\"caption\":\"Apa Nova anun\u021b\u0103 zonele din Bucure\u0219ti care r\u0103m\u00e2n f\u0103r\u0103 ap\u0103 rece s\u0103pt\u0103m\u00e2na aceasta. FOTO: Arhiva\"},{\"@type\":\"BreadcrumbList\",\"@id\":\"https:\\\/\\\/buletin.de\\\/bucuresti\\\/apa-nova-zonele-din-bucuresti-care-raman-fara-apa-rece-intre-15-19-decembrie\\\/#breadcrumb\",\"itemListElement\":[{\"@type\":\"ListItem\",\"position\":1,\"name\":\"Acas\u0103\",\"item\":\"https:\\\/\\\/buletin.de\\\/bucuresti\\\/\"},{\"@type\":\"ListItem\",\"position\":2,\"name\":\"Apa Nova | Zonele din Bucure\u0219ti care r\u0103m\u00e2n f\u0103r\u0103 ap\u0103 rece \u00eentre 15-19 decembrie\"}]},{\"@type\":\"WebSite\",\"@id\":\"https:\\\/\\\/buletin.de\\\/bucuresti\\\/#website\",\"url\":\"https:\\\/\\\/buletin.de\\\/bucuresti\\\/\",\"name\":\"Buletin de Bucure\u0219ti\",\"description\":\"\u0218tiri \u0219i investiga\u021bii esen\u021biale din capital\u0103\",\"publisher\":{\"@id\":\"https:\\\/\\\/buletin.de\\\/bucuresti\\\/#organization\"},\"potentialAction\":[{\"@type\":\"SearchAction\",\"target\":{\"@type\":\"EntryPoint\",\"urlTemplate\":\"https:\\\/\\\/buletin.de\\\/bucuresti\\\/?s={search_term_string}\"},\"query-input\":{\"@type\":\"PropertyValueSpecification\",\"valueRequired\":true,\"valueName\":\"search_term_string\"}}],\"inLanguage\":\"en-GB\"},{\"@type\":\"Organization\",\"@id\":\"https:\\\/\\\/buletin.de\\\/bucuresti\\\/#organization\",\"name\":\"Buletin de Bucure\u0219ti\",\"url\":\"https:\\\/\\\/buletin.de\\\/bucuresti\\\/\",\"logo\":{\"@type\":\"ImageObject\",\"inLanguage\":\"en-GB\",\"@id\":\"https:\\\/\\\/buletin.de\\\/bucuresti\\\/#\\\/schema\\\/logo\\\/image\\\/\",\"url\":\"https:\\\/\\\/buletin.de\\\/bucuresti\\\/wp-content\\\/uploads\\\/logo-bdb-full-wide-vernil-transparent.png\",\"contentUrl\":\"https:\\\/\\\/buletin.de\\\/bucuresti\\\/wp-content\\\/uploads\\\/logo-bdb-full-wide-vernil-transparent.png\",\"width\":1782,\"height\":626,\"caption\":\"Buletin de Bucure\u0219ti\"},\"image\":{\"@id\":\"https:\\\/\\\/buletin.de\\\/bucuresti\\\/#\\\/schema\\\/logo\\\/image\\\/\"},\"sameAs\":[\"https:\\\/\\\/www.facebook.com\\\/buletin.de.buc\",\"https:\\\/\\\/www.instagram.com\\\/buletinde.bucuresti\\\/\"]},{\"@type\":\"Person\",\"@id\":\"https:\\\/\\\/buletin.de\\\/bucuresti\\\/#\\\/schema\\\/person\\\/7e46040573290777280a0835d81ea4ea\",\"name\":\"Diana Matei\",\"image\":{\"@type\":\"ImageObject\",\"inLanguage\":\"en-GB\",\"@id\":\"https:\\\/\\\/buletin.de\\\/bucuresti\\\/wp-content\\\/uploads\\\/9-2-96x96.jpg1e8590b30871d70e62ebcdaf2eff570c\",\"url\":\"https:\\\/\\\/buletin.de\\\/bucuresti\\\/wp-content\\\/uploads\\\/9-2-96x96.jpg\",\"contentUrl\":\"https:\\\/\\\/buletin.de\\\/bucuresti\\\/wp-content\\\/uploads\\\/9-2-96x96.jpg\",\"caption\":\"Diana Matei\"},\"url\":\"https:\\\/\\\/buletin.de\\\/bucuresti\\\/author\\\/dianamatei\\\/\"}]}<\/script>\n<!-- \/ Yoast SEO Premium plugin. -->","yoast_head_json":{"title":"Apa Nova | Zonele din Bucure\u0219ti care r\u0103m\u00e2n f\u0103r\u0103 ap\u0103 rece \u00eentre 15-19 decembrie - Buletin de Bucure\u0219ti","description":"Mai multe zone din Bucure\u0219ti r\u0103m\u00e2n f\u0103r\u0103 ap\u0103 rece \u00eentre 15-21 decembrie. Furnizarea se \u00eentrerupe pentru lucr\u0103ri de modernizare.","robots":{"index":"index","follow":"follow","max-snippet":"max-snippet:-1","max-image-preview":"max-image-preview:large","max-video-preview":"max-video-preview:-1"},"canonical":"https:\/\/buletin.de\/bucuresti\/apa-nova-zonele-din-bucuresti-care-raman-fara-apa-rece-intre-15-19-decembrie\/","og_locale":"en_GB","og_type":"article","og_title":"Apa Nova | Zonele din Bucure\u0219ti care r\u0103m\u00e2n f\u0103r\u0103 ap\u0103 rece \u00eentre 15-19 decembrie","og_description":"Mai multe zone din Bucure\u0219ti r\u0103m\u00e2n f\u0103r\u0103 ap\u0103 rece \u00eentre 15-21 decembrie. Furnizarea se \u00eentrerupe pentru lucr\u0103ri de modernizare.","og_url":"https:\/\/buletin.de\/bucuresti\/apa-nova-zonele-din-bucuresti-care-raman-fara-apa-rece-intre-15-19-decembrie\/","og_site_name":"Buletin de Bucure\u0219ti","article_publisher":"https:\/\/www.facebook.com\/buletin.de.buc","article_published_time":"2025-12-13T04:15:00+00:00","author":"Diana Matei","twitter_card":"summary_large_image","twitter_misc":{"Written by":"Diana Matei","Estimated reading time":"3 minutes"},"schema":{"@context":"https:\/\/schema.org","@graph":[{"@type":"Article","@id":"https:\/\/buletin.de\/bucuresti\/apa-nova-zonele-din-bucuresti-care-raman-fara-apa-rece-intre-15-19-decembrie\/#article","isPartOf":{"@id":"https:\/\/buletin.de\/bucuresti\/apa-nova-zonele-din-bucuresti-care-raman-fara-apa-rece-intre-15-19-decembrie\/"},"author":{"name":"Diana Matei","@id":"https:\/\/buletin.de\/bucuresti\/#\/schema\/person\/7e46040573290777280a0835d81ea4ea"},"headline":"Apa Nova | Zonele din Bucure\u0219ti care r\u0103m\u00e2n f\u0103r\u0103 ap\u0103 rece \u00eentre 15-19 decembrie","datePublished":"2025-12-13T04:15:00+00:00","mainEntityOfPage":{"@id":"https:\/\/buletin.de\/bucuresti\/apa-nova-zonele-din-bucuresti-care-raman-fara-apa-rece-intre-15-19-decembrie\/"},"wordCount":574,"publisher":{"@id":"https:\/\/buletin.de\/bucuresti\/#organization"},"image":{"@id":"https:\/\/buletin.de\/bucuresti\/apa-nova-zonele-din-bucuresti-care-raman-fara-apa-rece-intre-15-19-decembrie\/#primaryimage"},"thumbnailUrl":"https:\/\/buletin.de\/bucuresti\/wp-content\/uploads\/2025\/12\/apa-de-la-robinet-1.avif","keywords":["Apa Nova","intrerupere apa","intrerupere apa nova"],"articleSection":["Articole","\u0218tiri"],"inLanguage":"en-GB","copyrightYear":"2025","copyrightHolder":{"@id":"https:\/\/buletin.de\/bucuresti\/#organization"}},{"@type":"WebPage","@id":"https:\/\/buletin.de\/bucuresti\/apa-nova-zonele-din-bucuresti-care-raman-fara-apa-rece-intre-15-19-decembrie\/","url":"https:\/\/buletin.de\/bucuresti\/apa-nova-zonele-din-bucuresti-care-raman-fara-apa-rece-intre-15-19-decembrie\/","name":"Apa Nova | Zonele din Bucure\u0219ti care r\u0103m\u00e2n f\u0103r\u0103 ap\u0103 rece \u00eentre 15-19 decembrie - Buletin de Bucure\u0219ti","isPartOf":{"@id":"https:\/\/buletin.de\/bucuresti\/#website"},"primaryImageOfPage":{"@id":"https:\/\/buletin.de\/bucuresti\/apa-nova-zonele-din-bucuresti-care-raman-fara-apa-rece-intre-15-19-decembrie\/#primaryimage"},"image":{"@id":"https:\/\/buletin.de\/bucuresti\/apa-nova-zonele-din-bucuresti-care-raman-fara-apa-rece-intre-15-19-decembrie\/#primaryimage"},"thumbnailUrl":"https:\/\/buletin.de\/bucuresti\/wp-content\/uploads\/2025\/12\/apa-de-la-robinet-1.avif","datePublished":"2025-12-13T04:15:00+00:00","description":"Mai multe zone din Bucure\u0219ti r\u0103m\u00e2n f\u0103r\u0103 ap\u0103 rece \u00eentre 15-21 decembrie. Furnizarea se \u00eentrerupe pentru lucr\u0103ri de modernizare.","breadcrumb":{"@id":"https:\/\/buletin.de\/bucuresti\/apa-nova-zonele-din-bucuresti-care-raman-fara-apa-rece-intre-15-19-decembrie\/#breadcrumb"},"inLanguage":"en-GB","potentialAction":[{"@type":"ReadAction","target":["https:\/\/buletin.de\/bucuresti\/apa-nova-zonele-din-bucuresti-care-raman-fara-apa-rece-intre-15-19-decembrie\/"]}]},{"@type":"ImageObject","inLanguage":"en-GB","@id":"https:\/\/buletin.de\/bucuresti\/apa-nova-zonele-din-bucuresti-care-raman-fara-apa-rece-intre-15-19-decembrie\/#primaryimage","url":"https:\/\/buletin.de\/bucuresti\/wp-content\/uploads\/2025\/12\/apa-de-la-robinet-1.avif","contentUrl":"https:\/\/buletin.de\/bucuresti\/wp-content\/uploads\/2025\/12\/apa-de-la-robinet-1.avif","width":1062,"height":809,"caption":"Apa Nova anun\u021b\u0103 zonele din Bucure\u0219ti care r\u0103m\u00e2n f\u0103r\u0103 ap\u0103 rece s\u0103pt\u0103m\u00e2na aceasta. FOTO: Arhiva"},{"@type":"BreadcrumbList","@id":"https:\/\/buletin.de\/bucuresti\/apa-nova-zonele-din-bucuresti-care-raman-fara-apa-rece-intre-15-19-decembrie\/#breadcrumb","itemListElement":[{"@type":"ListItem","position":1,"name":"Acas\u0103","item":"https:\/\/buletin.de\/bucuresti\/"},{"@type":"ListItem","position":2,"name":"Apa Nova | Zonele din Bucure\u0219ti care r\u0103m\u00e2n f\u0103r\u0103 ap\u0103 rece \u00eentre 15-19 decembrie"}]},{"@type":"WebSite","@id":"https:\/\/buletin.de\/bucuresti\/#website","url":"https:\/\/buletin.de\/bucuresti\/","name":"Buletin de Bucure\u0219ti","description":"\u0218tiri \u0219i investiga\u021bii esen\u021biale din capital\u0103","publisher":{"@id":"https:\/\/buletin.de\/bucuresti\/#organization"},"potentialAction":[{"@type":"SearchAction","target":{"@type":"EntryPoint","urlTemplate":"https:\/\/buletin.de\/bucuresti\/?s={search_term_string}"},"query-input":{"@type":"PropertyValueSpecification","valueRequired":true,"valueName":"search_term_string"}}],"inLanguage":"en-GB"},{"@type":"Organization","@id":"https:\/\/buletin.de\/bucuresti\/#organization","name":"Buletin de Bucure\u0219ti","url":"https:\/\/buletin.de\/bucuresti\/","logo":{"@type":"ImageObject","inLanguage":"en-GB","@id":"https:\/\/buletin.de\/bucuresti\/#\/schema\/logo\/image\/","url":"https:\/\/buletin.de\/bucuresti\/wp-content\/uploads\/logo-bdb-full-wide-vernil-transparent.png","contentUrl":"https:\/\/buletin.de\/bucuresti\/wp-content\/uploads\/logo-bdb-full-wide-vernil-transparent.png","width":1782,"height":626,"caption":"Buletin de Bucure\u0219ti"},"image":{"@id":"https:\/\/buletin.de\/bucuresti\/#\/schema\/logo\/image\/"},"sameAs":["https:\/\/www.facebook.com\/buletin.de.buc","https:\/\/www.instagram.com\/buletinde.bucuresti\/"]},{"@type":"Person","@id":"https:\/\/buletin.de\/bucuresti\/#\/schema\/person\/7e46040573290777280a0835d81ea4ea","name":"Diana Matei","image":{"@type":"ImageObject","inLanguage":"en-GB","@id":"https:\/\/buletin.de\/bucuresti\/wp-content\/uploads\/9-2-96x96.jpg1e8590b30871d70e62ebcdaf2eff570c","url":"https:\/\/buletin.de\/bucuresti\/wp-content\/uploads\/9-2-96x96.jpg","contentUrl":"https:\/\/buletin.de\/bucuresti\/wp-content\/uploads\/9-2-96x96.jpg","caption":"Diana Matei"},"url":"https:\/\/buletin.de\/bucuresti\/author\/dianamatei\/"}]}},"authors":[{"term_id":22574,"user_id":49,"is_guest":0,"slug":"dianamatei","display_name":"Diana Matei","avatar_url":"https:\/\/buletin.de\/bucuresti\/wp-content\/uploads\/9-2-96x96.jpg","0":null,"1":"","2":"","3":"","4":"","5":"","6":"","7":"","8":""}],"_links":{"self":[{"href":"https:\/\/buletin.de\/bucuresti\/wp-json\/wp\/v2\/posts\/162249","targetHints":{"allow":["GET"]}}],"collection":[{"href":"https:\/\/buletin.de\/bucuresti\/wp-json\/wp\/v2\/posts"}],"about":[{"href":"https:\/\/buletin.de\/bucuresti\/wp-json\/wp\/v2\/types\/post"}],"author":[{"embeddable":true,"href":"https:\/\/buletin.de\/bucuresti\/wp-json\/wp\/v2\/users\/49"}],"replies":[{"embeddable":true,"href":"https:\/\/buletin.de\/bucuresti\/wp-json\/wp\/v2\/comments?post=162249"}],"version-history":[{"count":2,"href":"https:\/\/buletin.de\/bucuresti\/wp-json\/wp\/v2\/posts\/162249\/revisions"}],"predecessor-version":[{"id":162269,"href":"https:\/\/buletin.de\/bucuresti\/wp-json\/wp\/v2\/posts\/162249\/revisions\/162269"}],"wp:featuredmedia":[{"embeddable":true,"href":"https:\/\/buletin.de\/bucuresti\/wp-json\/wp\/v2\/media\/162253"}],"wp:attachment":[{"href":"https:\/\/buletin.de\/bucuresti\/wp-json\/wp\/v2\/media?parent=162249"}],"wp:term":[{"taxonomy":"category","embeddable":true,"href":"https:\/\/buletin.de\/bucuresti\/wp-json\/wp\/v2\/categories?post=162249"},{"taxonomy":"post_tag","embeddable":true,"href":"https:\/\/buletin.de\/bucuresti\/wp-json\/wp\/v2\/tags?post=162249"},{"taxonomy":"author","embeddable":true,"href":"https:\/\/buletin.de\/bucuresti\/wp-json\/wp\/v2\/ppma_author?post=162249"}],"curies":[{"name":"wp","href":"https:\/\/api.w.org\/{rel}","templated":true}]}}