{"id":162104,"date":"2025-12-12T14:38:49","date_gmt":"2025-12-12T11:38:49","guid":{"rendered":"https:\/\/buletin.de\/bucuresti\/?p=162104"},"modified":"2025-12-15T11:08:33","modified_gmt":"2025-12-15T08:08:33","slug":"sector-2-pachet-alimentar-zilnic-pentru-elevii-scolii-gimnaziale-nr-32-prin-programul-masa-sanatoasa","status":"publish","type":"post","link":"https:\/\/buletin.de\/bucuresti\/sector-2-pachet-alimentar-zilnic-pentru-elevii-scolii-gimnaziale-nr-32-prin-programul-masa-sanatoasa\/","title":{"rendered":"Sector 2 | Pachet alimentar zilnic pentru elevii \u0218colii Gimnaziale nr. 32, prin programul \u201eMasa s\u0103n\u0103toas\u0103\u201d"},"content":{"rendered":"\n<p><strong>Un proiect de hot\u0103r\u00e2re ce presupune acordarea unui pachet alimentar zilnic elevilor \u0218colii Gimnaziale nr. 32, prin Programul na\u021bional \u201eMas\u0103 s\u0103n\u0103toas\u0103\u201d, va fi supus la vot \u00een urm\u0103toarea \u0219edin\u021b\u0103 a Consiliului Local Sector 2, din 16 decembrie 2025. <\/strong><\/p>\n\n\n\n<p>De acest pachet ar putea beneficia<strong> 626 de elevi <\/strong>\u00eenscri\u0219i \u00een cadrul unit\u0103\u021bii de \u00eenv\u0103\u021b\u0103m\u00e2nt, iar \u00een cadrul programului, desf\u0103\u0219urat \u00een perioada ianuarie &#8211; iunie 2026, elevii vor primi gratuit un sandwich \u00een valoare de <strong>15 lei pe zi fiecare.<\/strong><\/p>\n\n\n\n<p>\u00cen cazul elevilor cu restric\u021bii medicale sau religioase, pachetul poate fi adaptat \u00een baza unei cereri \u0219i a unui document justificativ, \u00een limita valorii zilnice prev\u0103zute. <\/p>\n\n\n\n<h2 class=\"wp-block-heading\" id=\"h-ce-con\u021bine-un-pachet-alimentar-zilnic\">Ce con\u021bine un pachet alimentar zilnic<\/h2>\n\n\n\n<p><strong>Implementarea programului la \u0218coala Gimnazial\u0103 nr. 32 va fi monitorizat\u0103 \u00een permanen\u021b\u0103 \u00een privin\u021ba respect\u0103rii normelor sanitare, dar \u0219i a calit\u0103\u021bii produselor alimentare livrate.<\/strong><\/p>\n\n\n\n<p>Hrana va putea fi servit\u0103 \u00een sala de clas\u0103 sau \u00eentr-un alt spa\u021biu amenajat \u00een acest scop, cu respectarea prevederilor Ordinului ministrului S\u0103n\u0103t\u0103\u021bii nr. 1.456\/2020 pentru aprobarea Normelor de igien\u0103 din unit\u0103\u021bile pentru ocrotirea, educarea, instruirea, odihna \u0219i recreerea copiilor \u0219i tinerilor, cu modific\u0103rile ulterioare. <\/p>\n\n\n\n<p>\u00cen cazul \u00een care hrana nu este servit\u0103 \u00eentr-un interval de 60 de minute de la livrare, produsele alimentare trebuie p\u0103strate, p\u00e2n\u0103 la servire, <strong>\u00een spa\u021bii amenajate<\/strong>, unde sunt asigurate condi\u021biile de manipulare \u0219i depozitare indicate de produc\u0103tor, se precizeaz\u0103 \u00een <a href=\"https:\/\/public.ps2.ro\/Administratie%20Publica%20Locala\/Proiecte%20CLS2\/2025\/2025-12-16%20SEDINTA%20ORDINARA%20ORA%2014.00\/13%20ph%20Masa%20sanatoasa%20Sc.%2032.pdf\" target=\"_blank\" rel=\"noreferrer noopener\">documenta\u021bia <\/a>proiectului. <\/p>\n\n\n\n<p><strong>Pentru semestrul al doilea, valoarea total\u0103 estimat\u0103 a programului este de 920.220 de lei. <\/strong>P\u00e2n\u0103 la aprobarea bugetului na\u021bional destinat<a href=\"https:\/\/buletin.de\/bucuresti\/programul-masa-sanatoasa-2\/\" target=\"_blank\" rel=\"noreferrer noopener\"> acestui program<\/a>, cheltuielile ar urma s\u0103 fie acoperite din <strong>bugetul local al Sectorului 2. <\/strong><\/p>\n\n\n\n<p>Astfel, dac\u0103 proiectul va fi adoptat, Direc\u021bia pentru Administrarea Patrimoniului Imobiliar \u0219i unitatea de \u00eenv\u0103\u021b\u0103m\u00e2nt vor gestiona implementarea acestuia. Contractele pentru furnizarea hranei vor fi atribuite conform legisla\u021biei privind achizi\u021biile publice. <\/p>\n\n\n\n<p><strong>CITE\u0218TE \u0218I <a href=\"https:\/\/buletin.de\/bucuresti\/sector-2-bursele-de-merit-ale-elevilor-ar-putea-fi-majorate-cu-500-de-lei\/\">Sector 2 | Bursele de merit<\/a><a href=\"https:\/\/buletin.de\/bucuresti\/sector-2-bursele-de-merit-ale-elevilor-ar-putea-fi-majorate-cu-500-de-lei\/\" target=\"_blank\" rel=\"noreferrer noopener\"> <\/a><a href=\"https:\/\/buletin.de\/bucuresti\/sector-2-bursele-de-merit-ale-elevilor-ar-putea-fi-majorate-cu-500-de-lei\/\">ale elevilor ar putea fi majorate cu 500 de lei<\/a><\/strong><\/p>\n","protected":false},"excerpt":{"rendered":"<p>Un proiect de hot\u0103r\u00e2re ce presupune acordarea unui pachet alimentar zilnic elevilor \u0218colii Gimnaziale nr. 32, prin Programul na\u021bional \u201eMas\u0103 s\u0103n\u0103toas\u0103\u201d, va fi supus la vot \u00een urm\u0103toarea \u0219edin\u021b\u0103 a Consiliului Local Sector 2, din 16 decembrie 2025. De acest pachet ar putea beneficia 626 de elevi \u00eenscri\u0219i \u00een cadrul unit\u0103\u021bii de \u00eenv\u0103\u021b\u0103m\u00e2nt, iar \u00een [&hellip;]<\/p>\n","protected":false},"author":65,"featured_media":162131,"comment_status":"closed","ping_status":"open","sticky":false,"template":"","format":"standard","meta":{"_acf_changed":false,"inline_featured_image":false,"ngg_post_thumbnail":0,"footnotes":""},"categories":[6994,3421,24,62],"tags":[480,25103,23078,15055,229],"ppma_author":[23912],"class_list":["post-162104","post","type-post","status-publish","format-standard","has-post-thumbnail","hentry","category-stiri-2","category-educatie","category-primarie","category-stiri","tag-elevi","tag-pachet-alimentar","tag-programul-masa-sanatoasa","tag-scoala-32-colentina","tag-sector-2"],"acf":[],"yoast_head":"<!-- This site is optimized with the Yoast SEO Premium plugin v25.3 (Yoast SEO v27.4) - https:\/\/yoast.com\/product\/yoast-seo-premium-wordpress\/ -->\n<title>Sector 2 | Pachet alimentar zilnic pentru elevii \u0218colii Gimnaziale nr. 32, prin programul \u201eMasa s\u0103n\u0103toas\u0103\u201d - Buletin de Bucure\u0219ti<\/title>\n<meta name=\"description\" content=\"Un proiect de hot\u0103r\u00e2re ce presupune acordarea unui pachet alimentar zilnic elevilor \u0218colii Gimnaziale nr. 32, prin programul \u201eMas\u0103 s\u0103n\u0103toas\u0103\u201d\" \/>\n<meta name=\"robots\" content=\"index, follow, max-snippet:-1, max-image-preview:large, max-video-preview:-1\" \/>\n<link rel=\"canonical\" href=\"https:\/\/buletin.de\/bucuresti\/sector-2-pachet-alimentar-zilnic-pentru-elevii-scolii-gimnaziale-nr-32-prin-programul-masa-sanatoasa\/\" \/>\n<meta property=\"og:locale\" content=\"en_GB\" \/>\n<meta property=\"og:type\" content=\"article\" \/>\n<meta property=\"og:title\" content=\"Sector 2 | Pachet alimentar zilnic pentru elevii \u0218colii Gimnaziale nr. 32, prin programul \u201eMasa s\u0103n\u0103toas\u0103\u201d\" \/>\n<meta property=\"og:description\" content=\"Un proiect de hot\u0103r\u00e2re ce presupune acordarea unui pachet alimentar zilnic elevilor \u0218colii Gimnaziale nr. 32, prin programul \u201eMas\u0103 s\u0103n\u0103toas\u0103\u201d\" \/>\n<meta property=\"og:url\" content=\"https:\/\/buletin.de\/bucuresti\/sector-2-pachet-alimentar-zilnic-pentru-elevii-scolii-gimnaziale-nr-32-prin-programul-masa-sanatoasa\/\" \/>\n<meta property=\"og:site_name\" content=\"Buletin de Bucure\u0219ti\" \/>\n<meta property=\"article:publisher\" content=\"https:\/\/www.facebook.com\/buletin.de.buc\" \/>\n<meta property=\"article:published_time\" content=\"2025-12-12T11:38:49+00:00\" \/>\n<meta property=\"article:modified_time\" content=\"2025-12-15T08:08:33+00:00\" \/>\n<meta property=\"og:image\" content=\"https:\/\/buletin.de\/bucuresti\/wp-content\/uploads\/2025\/12\/2150401373.jpg\" \/>\n\t<meta property=\"og:image:width\" content=\"2000\" \/>\n\t<meta property=\"og:image:height\" content=\"1333\" \/>\n\t<meta property=\"og:image:type\" content=\"image\/jpeg\" \/>\n<meta name=\"author\" content=\"Andreea St\u0103n\u0103r\u00eeng\u0103\" \/>\n<meta name=\"twitter:card\" content=\"summary_large_image\" \/>\n<meta name=\"twitter:label1\" content=\"Written by\" \/>\n\t<meta name=\"twitter:data1\" content=\"Andreea St\u0103n\u0103r\u00eeng\u0103\" \/>\n\t<meta name=\"twitter:label2\" content=\"Estimated reading time\" \/>\n\t<meta name=\"twitter:data2\" content=\"2 minutes\" \/>\n<script type=\"application\/ld+json\" class=\"yoast-schema-graph\">{\"@context\":\"https:\\\/\\\/schema.org\",\"@graph\":[{\"@type\":\"Article\",\"@id\":\"https:\\\/\\\/buletin.de\\\/bucuresti\\\/sector-2-pachet-alimentar-zilnic-pentru-elevii-scolii-gimnaziale-nr-32-prin-programul-masa-sanatoasa\\\/#article\",\"isPartOf\":{\"@id\":\"https:\\\/\\\/buletin.de\\\/bucuresti\\\/sector-2-pachet-alimentar-zilnic-pentru-elevii-scolii-gimnaziale-nr-32-prin-programul-masa-sanatoasa\\\/\"},\"author\":{\"name\":\"Andreea St\u0103n\u0103r\u00eeng\u0103\",\"@id\":\"https:\\\/\\\/buletin.de\\\/bucuresti\\\/#\\\/schema\\\/person\\\/81421a46fb84a0887cfd2238f5202586\"},\"headline\":\"Sector 2 | Pachet alimentar zilnic pentru elevii \u0218colii Gimnaziale nr. 32, prin programul \u201eMasa s\u0103n\u0103toas\u0103\u201d\",\"datePublished\":\"2025-12-12T11:38:49+00:00\",\"dateModified\":\"2025-12-15T08:08:33+00:00\",\"mainEntityOfPage\":{\"@id\":\"https:\\\/\\\/buletin.de\\\/bucuresti\\\/sector-2-pachet-alimentar-zilnic-pentru-elevii-scolii-gimnaziale-nr-32-prin-programul-masa-sanatoasa\\\/\"},\"wordCount\":342,\"publisher\":{\"@id\":\"https:\\\/\\\/buletin.de\\\/bucuresti\\\/#organization\"},\"image\":{\"@id\":\"https:\\\/\\\/buletin.de\\\/bucuresti\\\/sector-2-pachet-alimentar-zilnic-pentru-elevii-scolii-gimnaziale-nr-32-prin-programul-masa-sanatoasa\\\/#primaryimage\"},\"thumbnailUrl\":\"https:\\\/\\\/buletin.de\\\/bucuresti\\\/wp-content\\\/uploads\\\/2025\\\/12\\\/2150401373.jpg\",\"keywords\":[\"elevi\",\"pachet alimentar\",\"programul Masa Sanatoasa\",\"scoala 32 colentina\",\"Sector 2\"],\"articleSection\":[\"Articole\",\"Educa\u021bie\",\"Prim\u0103rie\",\"\u0218tiri\"],\"inLanguage\":\"en-GB\",\"copyrightYear\":\"2025\",\"copyrightHolder\":{\"@id\":\"https:\\\/\\\/buletin.de\\\/bucuresti\\\/#organization\"}},{\"@type\":\"WebPage\",\"@id\":\"https:\\\/\\\/buletin.de\\\/bucuresti\\\/sector-2-pachet-alimentar-zilnic-pentru-elevii-scolii-gimnaziale-nr-32-prin-programul-masa-sanatoasa\\\/\",\"url\":\"https:\\\/\\\/buletin.de\\\/bucuresti\\\/sector-2-pachet-alimentar-zilnic-pentru-elevii-scolii-gimnaziale-nr-32-prin-programul-masa-sanatoasa\\\/\",\"name\":\"Sector 2 | Pachet alimentar zilnic pentru elevii \u0218colii Gimnaziale nr. 32, prin programul \u201eMasa s\u0103n\u0103toas\u0103\u201d - Buletin de Bucure\u0219ti\",\"isPartOf\":{\"@id\":\"https:\\\/\\\/buletin.de\\\/bucuresti\\\/#website\"},\"primaryImageOfPage\":{\"@id\":\"https:\\\/\\\/buletin.de\\\/bucuresti\\\/sector-2-pachet-alimentar-zilnic-pentru-elevii-scolii-gimnaziale-nr-32-prin-programul-masa-sanatoasa\\\/#primaryimage\"},\"image\":{\"@id\":\"https:\\\/\\\/buletin.de\\\/bucuresti\\\/sector-2-pachet-alimentar-zilnic-pentru-elevii-scolii-gimnaziale-nr-32-prin-programul-masa-sanatoasa\\\/#primaryimage\"},\"thumbnailUrl\":\"https:\\\/\\\/buletin.de\\\/bucuresti\\\/wp-content\\\/uploads\\\/2025\\\/12\\\/2150401373.jpg\",\"datePublished\":\"2025-12-12T11:38:49+00:00\",\"dateModified\":\"2025-12-15T08:08:33+00:00\",\"description\":\"Un proiect de hot\u0103r\u00e2re ce presupune acordarea unui pachet alimentar zilnic elevilor \u0218colii Gimnaziale nr. 32, prin programul \u201eMas\u0103 s\u0103n\u0103toas\u0103\u201d\",\"breadcrumb\":{\"@id\":\"https:\\\/\\\/buletin.de\\\/bucuresti\\\/sector-2-pachet-alimentar-zilnic-pentru-elevii-scolii-gimnaziale-nr-32-prin-programul-masa-sanatoasa\\\/#breadcrumb\"},\"inLanguage\":\"en-GB\",\"potentialAction\":[{\"@type\":\"ReadAction\",\"target\":[\"https:\\\/\\\/buletin.de\\\/bucuresti\\\/sector-2-pachet-alimentar-zilnic-pentru-elevii-scolii-gimnaziale-nr-32-prin-programul-masa-sanatoasa\\\/\"]}]},{\"@type\":\"ImageObject\",\"inLanguage\":\"en-GB\",\"@id\":\"https:\\\/\\\/buletin.de\\\/bucuresti\\\/sector-2-pachet-alimentar-zilnic-pentru-elevii-scolii-gimnaziale-nr-32-prin-programul-masa-sanatoasa\\\/#primaryimage\",\"url\":\"https:\\\/\\\/buletin.de\\\/bucuresti\\\/wp-content\\\/uploads\\\/2025\\\/12\\\/2150401373.jpg\",\"contentUrl\":\"https:\\\/\\\/buletin.de\\\/bucuresti\\\/wp-content\\\/uploads\\\/2025\\\/12\\\/2150401373.jpg\",\"width\":2000,\"height\":1333,\"caption\":\"Elevii de la \u0218coala Gimnazial\u0103 nr. 32 ar putea primi pachet alimentar zilnic. Foto: Freepik\"},{\"@type\":\"BreadcrumbList\",\"@id\":\"https:\\\/\\\/buletin.de\\\/bucuresti\\\/sector-2-pachet-alimentar-zilnic-pentru-elevii-scolii-gimnaziale-nr-32-prin-programul-masa-sanatoasa\\\/#breadcrumb\",\"itemListElement\":[{\"@type\":\"ListItem\",\"position\":1,\"name\":\"Acas\u0103\",\"item\":\"https:\\\/\\\/buletin.de\\\/bucuresti\\\/\"},{\"@type\":\"ListItem\",\"position\":2,\"name\":\"Sector 2 | Pachet alimentar zilnic pentru elevii \u0218colii Gimnaziale nr. 32, prin programul \u201eMasa s\u0103n\u0103toas\u0103\u201d\"}]},{\"@type\":\"WebSite\",\"@id\":\"https:\\\/\\\/buletin.de\\\/bucuresti\\\/#website\",\"url\":\"https:\\\/\\\/buletin.de\\\/bucuresti\\\/\",\"name\":\"Buletin de Bucure\u0219ti\",\"description\":\"\u0218tiri \u0219i investiga\u021bii esen\u021biale din capital\u0103\",\"publisher\":{\"@id\":\"https:\\\/\\\/buletin.de\\\/bucuresti\\\/#organization\"},\"potentialAction\":[{\"@type\":\"SearchAction\",\"target\":{\"@type\":\"EntryPoint\",\"urlTemplate\":\"https:\\\/\\\/buletin.de\\\/bucuresti\\\/?s={search_term_string}\"},\"query-input\":{\"@type\":\"PropertyValueSpecification\",\"valueRequired\":true,\"valueName\":\"search_term_string\"}}],\"inLanguage\":\"en-GB\"},{\"@type\":\"Organization\",\"@id\":\"https:\\\/\\\/buletin.de\\\/bucuresti\\\/#organization\",\"name\":\"Buletin de Bucure\u0219ti\",\"url\":\"https:\\\/\\\/buletin.de\\\/bucuresti\\\/\",\"logo\":{\"@type\":\"ImageObject\",\"inLanguage\":\"en-GB\",\"@id\":\"https:\\\/\\\/buletin.de\\\/bucuresti\\\/#\\\/schema\\\/logo\\\/image\\\/\",\"url\":\"https:\\\/\\\/buletin.de\\\/bucuresti\\\/wp-content\\\/uploads\\\/logo-bdb-full-wide-vernil-transparent.png\",\"contentUrl\":\"https:\\\/\\\/buletin.de\\\/bucuresti\\\/wp-content\\\/uploads\\\/logo-bdb-full-wide-vernil-transparent.png\",\"width\":1782,\"height\":626,\"caption\":\"Buletin de Bucure\u0219ti\"},\"image\":{\"@id\":\"https:\\\/\\\/buletin.de\\\/bucuresti\\\/#\\\/schema\\\/logo\\\/image\\\/\"},\"sameAs\":[\"https:\\\/\\\/www.facebook.com\\\/buletin.de.buc\",\"https:\\\/\\\/www.instagram.com\\\/buletinde.bucuresti\\\/\"]},{\"@type\":\"Person\",\"@id\":\"https:\\\/\\\/buletin.de\\\/bucuresti\\\/#\\\/schema\\\/person\\\/81421a46fb84a0887cfd2238f5202586\",\"name\":\"Andreea St\u0103n\u0103r\u00eeng\u0103\",\"image\":{\"@type\":\"ImageObject\",\"inLanguage\":\"en-GB\",\"@id\":\"https:\\\/\\\/secure.gravatar.com\\\/avatar\\\/dfa8d227a4388fad0f0bb03add04b5b176f4da34397dbb2eadc563b3d7162ce0?s=96&d=monsterid&r=g72784372b39ffe5a98a45288fe0d0e8a\",\"url\":\"https:\\\/\\\/secure.gravatar.com\\\/avatar\\\/dfa8d227a4388fad0f0bb03add04b5b176f4da34397dbb2eadc563b3d7162ce0?s=96&d=monsterid&r=g\",\"contentUrl\":\"https:\\\/\\\/secure.gravatar.com\\\/avatar\\\/dfa8d227a4388fad0f0bb03add04b5b176f4da34397dbb2eadc563b3d7162ce0?s=96&d=monsterid&r=g\",\"caption\":\"Andreea St\u0103n\u0103r\u00eeng\u0103\"},\"description\":\"Cu o experien\u021b\u0103 de peste 5 ani \u00een pres\u0103, face parte din echipa Buletin de Bucure\u0219ti din septembrie 2025. A colaborat cu c\u00e2teva publica\u021bii, printre care \u0219i Fanatik.ro, unde s-a ocupat de \u0219tiri de lifestyle \u0219i de actualitate. A f\u0103cut un pas c\u0103tre presa local\u0103 pentru a explora Bucure\u0219tiul \u0219i pove\u0219tile care merit\u0103 spuse.\",\"url\":\"https:\\\/\\\/buletin.de\\\/bucuresti\\\/author\\\/andreea-stanaranga\\\/\"}]}<\/script>\n<!-- \/ Yoast SEO Premium plugin. -->","yoast_head_json":{"title":"Sector 2 | Pachet alimentar zilnic pentru elevii \u0218colii Gimnaziale nr. 32, prin programul \u201eMasa s\u0103n\u0103toas\u0103\u201d - Buletin de Bucure\u0219ti","description":"Un proiect de hot\u0103r\u00e2re ce presupune acordarea unui pachet alimentar zilnic elevilor \u0218colii Gimnaziale nr. 32, prin programul \u201eMas\u0103 s\u0103n\u0103toas\u0103\u201d","robots":{"index":"index","follow":"follow","max-snippet":"max-snippet:-1","max-image-preview":"max-image-preview:large","max-video-preview":"max-video-preview:-1"},"canonical":"https:\/\/buletin.de\/bucuresti\/sector-2-pachet-alimentar-zilnic-pentru-elevii-scolii-gimnaziale-nr-32-prin-programul-masa-sanatoasa\/","og_locale":"en_GB","og_type":"article","og_title":"Sector 2 | Pachet alimentar zilnic pentru elevii \u0218colii Gimnaziale nr. 32, prin programul \u201eMasa s\u0103n\u0103toas\u0103\u201d","og_description":"Un proiect de hot\u0103r\u00e2re ce presupune acordarea unui pachet alimentar zilnic elevilor \u0218colii Gimnaziale nr. 32, prin programul \u201eMas\u0103 s\u0103n\u0103toas\u0103\u201d","og_url":"https:\/\/buletin.de\/bucuresti\/sector-2-pachet-alimentar-zilnic-pentru-elevii-scolii-gimnaziale-nr-32-prin-programul-masa-sanatoasa\/","og_site_name":"Buletin de Bucure\u0219ti","article_publisher":"https:\/\/www.facebook.com\/buletin.de.buc","article_published_time":"2025-12-12T11:38:49+00:00","article_modified_time":"2025-12-15T08:08:33+00:00","og_image":[{"width":2000,"height":1333,"url":"https:\/\/buletin.de\/bucuresti\/wp-content\/uploads\/2025\/12\/2150401373.jpg","type":"image\/jpeg"}],"author":"Andreea St\u0103n\u0103r\u00eeng\u0103","twitter_card":"summary_large_image","twitter_misc":{"Written by":"Andreea St\u0103n\u0103r\u00eeng\u0103","Estimated reading time":"2 minutes"},"schema":{"@context":"https:\/\/schema.org","@graph":[{"@type":"Article","@id":"https:\/\/buletin.de\/bucuresti\/sector-2-pachet-alimentar-zilnic-pentru-elevii-scolii-gimnaziale-nr-32-prin-programul-masa-sanatoasa\/#article","isPartOf":{"@id":"https:\/\/buletin.de\/bucuresti\/sector-2-pachet-alimentar-zilnic-pentru-elevii-scolii-gimnaziale-nr-32-prin-programul-masa-sanatoasa\/"},"author":{"name":"Andreea St\u0103n\u0103r\u00eeng\u0103","@id":"https:\/\/buletin.de\/bucuresti\/#\/schema\/person\/81421a46fb84a0887cfd2238f5202586"},"headline":"Sector 2 | Pachet alimentar zilnic pentru elevii \u0218colii Gimnaziale nr. 32, prin programul \u201eMasa s\u0103n\u0103toas\u0103\u201d","datePublished":"2025-12-12T11:38:49+00:00","dateModified":"2025-12-15T08:08:33+00:00","mainEntityOfPage":{"@id":"https:\/\/buletin.de\/bucuresti\/sector-2-pachet-alimentar-zilnic-pentru-elevii-scolii-gimnaziale-nr-32-prin-programul-masa-sanatoasa\/"},"wordCount":342,"publisher":{"@id":"https:\/\/buletin.de\/bucuresti\/#organization"},"image":{"@id":"https:\/\/buletin.de\/bucuresti\/sector-2-pachet-alimentar-zilnic-pentru-elevii-scolii-gimnaziale-nr-32-prin-programul-masa-sanatoasa\/#primaryimage"},"thumbnailUrl":"https:\/\/buletin.de\/bucuresti\/wp-content\/uploads\/2025\/12\/2150401373.jpg","keywords":["elevi","pachet alimentar","programul Masa Sanatoasa","scoala 32 colentina","Sector 2"],"articleSection":["Articole","Educa\u021bie","Prim\u0103rie","\u0218tiri"],"inLanguage":"en-GB","copyrightYear":"2025","copyrightHolder":{"@id":"https:\/\/buletin.de\/bucuresti\/#organization"}},{"@type":"WebPage","@id":"https:\/\/buletin.de\/bucuresti\/sector-2-pachet-alimentar-zilnic-pentru-elevii-scolii-gimnaziale-nr-32-prin-programul-masa-sanatoasa\/","url":"https:\/\/buletin.de\/bucuresti\/sector-2-pachet-alimentar-zilnic-pentru-elevii-scolii-gimnaziale-nr-32-prin-programul-masa-sanatoasa\/","name":"Sector 2 | Pachet alimentar zilnic pentru elevii \u0218colii Gimnaziale nr. 32, prin programul \u201eMasa s\u0103n\u0103toas\u0103\u201d - Buletin de Bucure\u0219ti","isPartOf":{"@id":"https:\/\/buletin.de\/bucuresti\/#website"},"primaryImageOfPage":{"@id":"https:\/\/buletin.de\/bucuresti\/sector-2-pachet-alimentar-zilnic-pentru-elevii-scolii-gimnaziale-nr-32-prin-programul-masa-sanatoasa\/#primaryimage"},"image":{"@id":"https:\/\/buletin.de\/bucuresti\/sector-2-pachet-alimentar-zilnic-pentru-elevii-scolii-gimnaziale-nr-32-prin-programul-masa-sanatoasa\/#primaryimage"},"thumbnailUrl":"https:\/\/buletin.de\/bucuresti\/wp-content\/uploads\/2025\/12\/2150401373.jpg","datePublished":"2025-12-12T11:38:49+00:00","dateModified":"2025-12-15T08:08:33+00:00","description":"Un proiect de hot\u0103r\u00e2re ce presupune acordarea unui pachet alimentar zilnic elevilor \u0218colii Gimnaziale nr. 32, prin programul \u201eMas\u0103 s\u0103n\u0103toas\u0103\u201d","breadcrumb":{"@id":"https:\/\/buletin.de\/bucuresti\/sector-2-pachet-alimentar-zilnic-pentru-elevii-scolii-gimnaziale-nr-32-prin-programul-masa-sanatoasa\/#breadcrumb"},"inLanguage":"en-GB","potentialAction":[{"@type":"ReadAction","target":["https:\/\/buletin.de\/bucuresti\/sector-2-pachet-alimentar-zilnic-pentru-elevii-scolii-gimnaziale-nr-32-prin-programul-masa-sanatoasa\/"]}]},{"@type":"ImageObject","inLanguage":"en-GB","@id":"https:\/\/buletin.de\/bucuresti\/sector-2-pachet-alimentar-zilnic-pentru-elevii-scolii-gimnaziale-nr-32-prin-programul-masa-sanatoasa\/#primaryimage","url":"https:\/\/buletin.de\/bucuresti\/wp-content\/uploads\/2025\/12\/2150401373.jpg","contentUrl":"https:\/\/buletin.de\/bucuresti\/wp-content\/uploads\/2025\/12\/2150401373.jpg","width":2000,"height":1333,"caption":"Elevii de la \u0218coala Gimnazial\u0103 nr. 32 ar putea primi pachet alimentar zilnic. Foto: Freepik"},{"@type":"BreadcrumbList","@id":"https:\/\/buletin.de\/bucuresti\/sector-2-pachet-alimentar-zilnic-pentru-elevii-scolii-gimnaziale-nr-32-prin-programul-masa-sanatoasa\/#breadcrumb","itemListElement":[{"@type":"ListItem","position":1,"name":"Acas\u0103","item":"https:\/\/buletin.de\/bucuresti\/"},{"@type":"ListItem","position":2,"name":"Sector 2 | Pachet alimentar zilnic pentru elevii \u0218colii Gimnaziale nr. 32, prin programul \u201eMasa s\u0103n\u0103toas\u0103\u201d"}]},{"@type":"WebSite","@id":"https:\/\/buletin.de\/bucuresti\/#website","url":"https:\/\/buletin.de\/bucuresti\/","name":"Buletin de Bucure\u0219ti","description":"\u0218tiri \u0219i investiga\u021bii esen\u021biale din capital\u0103","publisher":{"@id":"https:\/\/buletin.de\/bucuresti\/#organization"},"potentialAction":[{"@type":"SearchAction","target":{"@type":"EntryPoint","urlTemplate":"https:\/\/buletin.de\/bucuresti\/?s={search_term_string}"},"query-input":{"@type":"PropertyValueSpecification","valueRequired":true,"valueName":"search_term_string"}}],"inLanguage":"en-GB"},{"@type":"Organization","@id":"https:\/\/buletin.de\/bucuresti\/#organization","name":"Buletin de Bucure\u0219ti","url":"https:\/\/buletin.de\/bucuresti\/","logo":{"@type":"ImageObject","inLanguage":"en-GB","@id":"https:\/\/buletin.de\/bucuresti\/#\/schema\/logo\/image\/","url":"https:\/\/buletin.de\/bucuresti\/wp-content\/uploads\/logo-bdb-full-wide-vernil-transparent.png","contentUrl":"https:\/\/buletin.de\/bucuresti\/wp-content\/uploads\/logo-bdb-full-wide-vernil-transparent.png","width":1782,"height":626,"caption":"Buletin de Bucure\u0219ti"},"image":{"@id":"https:\/\/buletin.de\/bucuresti\/#\/schema\/logo\/image\/"},"sameAs":["https:\/\/www.facebook.com\/buletin.de.buc","https:\/\/www.instagram.com\/buletinde.bucuresti\/"]},{"@type":"Person","@id":"https:\/\/buletin.de\/bucuresti\/#\/schema\/person\/81421a46fb84a0887cfd2238f5202586","name":"Andreea St\u0103n\u0103r\u00eeng\u0103","image":{"@type":"ImageObject","inLanguage":"en-GB","@id":"https:\/\/secure.gravatar.com\/avatar\/dfa8d227a4388fad0f0bb03add04b5b176f4da34397dbb2eadc563b3d7162ce0?s=96&d=monsterid&r=g72784372b39ffe5a98a45288fe0d0e8a","url":"https:\/\/secure.gravatar.com\/avatar\/dfa8d227a4388fad0f0bb03add04b5b176f4da34397dbb2eadc563b3d7162ce0?s=96&d=monsterid&r=g","contentUrl":"https:\/\/secure.gravatar.com\/avatar\/dfa8d227a4388fad0f0bb03add04b5b176f4da34397dbb2eadc563b3d7162ce0?s=96&d=monsterid&r=g","caption":"Andreea St\u0103n\u0103r\u00eeng\u0103"},"description":"Cu o experien\u021b\u0103 de peste 5 ani \u00een pres\u0103, face parte din echipa Buletin de Bucure\u0219ti din septembrie 2025. A colaborat cu c\u00e2teva publica\u021bii, printre care \u0219i Fanatik.ro, unde s-a ocupat de \u0219tiri de lifestyle \u0219i de actualitate. A f\u0103cut un pas c\u0103tre presa local\u0103 pentru a explora Bucure\u0219tiul \u0219i pove\u0219tile care merit\u0103 spuse.","url":"https:\/\/buletin.de\/bucuresti\/author\/andreea-stanaranga\/"}]}},"authors":[{"term_id":23912,"user_id":65,"is_guest":0,"slug":"andreea-stanaranga","display_name":"Andreea St\u0103n\u0103r\u00eeng\u0103","avatar_url":"https:\/\/secure.gravatar.com\/avatar\/dfa8d227a4388fad0f0bb03add04b5b176f4da34397dbb2eadc563b3d7162ce0?s=96&d=monsterid&r=g","0":null,"1":"","2":"","3":"","4":"","5":"","6":"","7":"","8":""}],"_links":{"self":[{"href":"https:\/\/buletin.de\/bucuresti\/wp-json\/wp\/v2\/posts\/162104","targetHints":{"allow":["GET"]}}],"collection":[{"href":"https:\/\/buletin.de\/bucuresti\/wp-json\/wp\/v2\/posts"}],"about":[{"href":"https:\/\/buletin.de\/bucuresti\/wp-json\/wp\/v2\/types\/post"}],"author":[{"embeddable":true,"href":"https:\/\/buletin.de\/bucuresti\/wp-json\/wp\/v2\/users\/65"}],"replies":[{"embeddable":true,"href":"https:\/\/buletin.de\/bucuresti\/wp-json\/wp\/v2\/comments?post=162104"}],"version-history":[{"count":8,"href":"https:\/\/buletin.de\/bucuresti\/wp-json\/wp\/v2\/posts\/162104\/revisions"}],"predecessor-version":[{"id":162146,"href":"https:\/\/buletin.de\/bucuresti\/wp-json\/wp\/v2\/posts\/162104\/revisions\/162146"}],"wp:featuredmedia":[{"embeddable":true,"href":"https:\/\/buletin.de\/bucuresti\/wp-json\/wp\/v2\/media\/162131"}],"wp:attachment":[{"href":"https:\/\/buletin.de\/bucuresti\/wp-json\/wp\/v2\/media?parent=162104"}],"wp:term":[{"taxonomy":"category","embeddable":true,"href":"https:\/\/buletin.de\/bucuresti\/wp-json\/wp\/v2\/categories?post=162104"},{"taxonomy":"post_tag","embeddable":true,"href":"https:\/\/buletin.de\/bucuresti\/wp-json\/wp\/v2\/tags?post=162104"},{"taxonomy":"author","embeddable":true,"href":"https:\/\/buletin.de\/bucuresti\/wp-json\/wp\/v2\/ppma_author?post=162104"}],"curies":[{"name":"wp","href":"https:\/\/api.w.org\/{rel}","templated":true}]}}