{"id":162077,"date":"2025-12-12T00:33:06","date_gmt":"2025-12-11T21:33:06","guid":{"rendered":"https:\/\/buletin.de\/bucuresti\/?p=162077"},"modified":"2025-12-12T22:17:57","modified_gmt":"2025-12-12T19:17:57","slug":"petitia-prin-care-funky-citizens-cere-modificarea-legilor-justitiei-pentru-a-asigura-independenta-reala-a-fost-semnata-de-peste-115-000-de-oameni","status":"publish","type":"post","link":"https:\/\/buletin.de\/bucuresti\/petitia-prin-care-funky-citizens-cere-modificarea-legilor-justitiei-pentru-a-asigura-independenta-reala-a-fost-semnata-de-peste-115-000-de-oameni\/","title":{"rendered":"Peti\u021bia prin care Funky Citizens cere modificarea legilor justi\u021biei, pentru a asigura independen\u021ba real\u0103, a fost semnat\u0103 de peste 115.000 de oameni"},"content":{"rendered":"\n<p><strong>O peti\u021bie prin care organiza\u021bia Funky Citizens, publisherul Buletin de Bucure\u0219ti, cere modificarea legilor justi\u021biei, pentru a se asigura o independen\u021b\u0103 real\u0103 a magistra\u021bilor a fost semnat\u0103 deja de peste 115.000 de persoane.<\/strong><\/p>\n\n\n\n<p><strong>UPDATE 12 decembrie:<\/strong> Num\u0103rul semnatarilor a ajuns la peste 137.000.<\/p>\n\n\n\n<p><strong><mark style=\"background-color:rgba(0, 0, 0, 0)\" class=\"has-inline-color has-vivid-red-color\">Po\u021bi semna \u0219i tu peti\u021bia, <a href=\"https:\/\/noifacem.declic.ro\/justitie\/vrem-modificarea-legilor-justitiei\/semneaza-pentru-modificarea-legilor-justitiei?utm_campaign=10.12.2025.VUvTA8&amp;utm_medium=post&amp;utm_source=facebook&amp;fbclid=IwY2xjawOmRPdleHRuA2FlbQIxMABicmlkETFqamhESU16TmJCRURQSnJhc3J0YwZhcHBfaWQQMjIyMDM5MTc4ODIwMDg5MgABHtqkA4LBwcT0sWCNtLSB04uBzJA2MB_FQmx6IASh_s-A_rj5JIp1bP1JoJgj_aem_K8BqHFowIJYZLg10kYZRPQ\" target=\"_blank\" rel=\"noreferrer noopener\">aici<\/a>.<\/mark><\/strong><\/p>\n\n\n\n<hr class=\"wp-block-separator has-alpha-channel-opacity\"\/>\n\n\n\n<p>\u201eSocietatea civil\u0103 a atras constant aten\u021bia asupra deficien\u021belor din sistemul de justi\u021bie \u0219i nevoii de reform\u0103 real\u0103 de mai bine de un deceniu. F\u0103r\u0103 o justi\u021bie func\u021bional\u0103, independent\u0103, nu putem avea o democra\u021bie solid\u0103 sau egalitate \u00een fa\u021ba legii pentru fiecare cet\u0103\u021bean\u201d, a transmis Funky Citizens.<\/p>\n\n\n\n<p><strong>CITE\u0218TE \u0218I: <a href=\"https:\/\/buletin.de\/bucuresti\/video-nou-protest-pentru-independenta-justitiei-in-piata-victoriei-toata-lumea-sare-lia-la-inchisoare\/\" target=\"_blank\" rel=\"noreferrer noopener\">VIDEO | Nou protest pentru independen\u021ba justi\u021biei \u00een Pia\u021ba Victoriei. \u201eToat\u0103 lumea sare, Lia la \u00eenchisoare!\u201d<\/a><\/strong><\/p>\n\n\n\n<h2 class=\"wp-block-heading\" id=\"h-care-sunt-cerin\u021bele-peti\u021biei-pentru-modificarea-legilor-justi\u021biei\">Care sunt cerin\u021bele peti\u021biei pentru modificarea legilor justi\u021biei<\/h2>\n\n\n\n<p>Peti\u021bia lansat\u0103 de Funky Citizens are urm\u0103toarele cerin\u021be<\/p>\n\n\n\n<p><strong>&#8211; Noile legi ale justi\u021biei trebuie s\u0103 opreasc\u0103 practica periculoas\u0103 a pre\u0219edin\u021bilor instan\u021belor de a muta aleatoriu judec\u0103torii de la un complet sau de la o sec\u021bie la alta.<\/strong><\/p>\n\n\n\n<p>&#8211; Numirile \u0219i promov\u0103rile la instan\u021be \u0219i parchete trebuie f\u0103cute doar pe criterii de competen\u021b\u0103, f\u0103r\u0103 interviuri subiective. Numirea conducerii \u00ceCCJ s\u0103 revin\u0103 la Pre\u0219edintele Rom\u00e2niei, iar pre\u0219edin\u021bii \u0219i vicepre\u0219edin\u021bii instan\u021belor \u0219i parchetelor s\u0103 ajung\u0103 \u00een func\u021bie prin concurs, f\u0103r\u0103 s\u0103 fie ale\u0219i de pre\u0219edintele de instan\u021b\u0103. Atribu\u021biile acestora din urm\u0103 trebuie limitate. Ei nu ar trebui s\u0103 mai fac\u0103 parte din comisiile de promovare a judec\u0103torilor \u0219i de evaluare a acestora. Concursurile ar trebui f\u0103cute de Institutul Na\u021bional al Magistraturii.<\/p>\n\n\n\n<p><strong>&#8211; Magistra\u021bii ar trebui s\u0103 fie din nou ancheta\u021bi de parchetele obi\u0219nuite, \u00een func\u021bie de infrac\u021biunea de care sunt suspecta\u021bi.<\/strong><\/p>\n\n\n\n<p>&#8211; CSM trebuie s\u0103 aib\u0103 mai pu\u021bine atribu\u021bii. Nu e normal ca cei din Consiliu s\u0103 decid\u0103 cine sunt procurorii care ancheteaz\u0103 magistra\u021bii \u0219i nici s\u0103 aib\u0103 drepturi depline asupra carierei magistra\u021bilor.<\/p>\n\n\n\n<p><strong>&#8211; Procurorul general \u0219i \u0219eful DNA trebuie s\u0103 fie revoca\u021bi. M\u0103rturiile procurorilor din DNA pentru Recorder dovedesc, f\u0103r\u0103 echivoc, c\u0103 \u0219eful DNA, Marius Voineag, controleaz\u0103 anchetele penale \u0219i intervine \u00een dosarele de corup\u021bie \u00een favoarea unor acuza\u021bi sus-pu\u0219i. Odat\u0103 cu el trebuie s\u0103 plece \u0219i procurorul general, Alex Floren\u021ba, complice t\u0103cut la \u00eengroparea marilor dosare.<\/strong><\/p>\n\n\n\n<p>\u201e\u00cei solicit\u0103m Domnului Pre\u0219edinte Nicu\u0219or Dan s\u0103 se foloseasc\u0103 de prerogativele constitu\u021bionale de mediere \u00eentre puterile statului, dar \u0219i \u00eentre stat \u0219i societate:<\/p>\n\n\n\n<p>1. S\u0103 ini\u0163ieze, imediat dup\u0103 consult\u0103ri cu to\u021bi actorii relevan\u021bi \u2013 inclusiv cu magistra\u021bii care au avut curajul s\u0103-\u0219i fac\u0103 meseria corect \u00een ace\u0219ti ani dificili \u0219i cu asocia\u021biile profesionale \u2013 o reform\u0103 profund\u0103 a sistemului judiciar.<\/p>\n\n\n\n<p>2. S\u0103 foloseasc\u0103 prerogativa legal\u0103 de a prezida Consiliul Superior al Magistraturii.<\/p>\n\n\n\n<p>3. S\u0103 deschid\u0103 un dialog real, onest, transparent despre cum echilibr\u0103m independen\u021ba justi\u021biei cu responsabilitatea fa\u021b\u0103 de societate\u201d, se mai arat\u0103 \u00een document. <\/p>\n\n\n\n<p><strong><mark style=\"background-color:rgba(0, 0, 0, 0)\" class=\"has-inline-color has-vivid-red-color\">Po\u021bi semna \u0219i tu peti\u021bia, <a href=\"https:\/\/noifacem.declic.ro\/justitie\/vrem-modificarea-legilor-justitiei\/semneaza-pentru-modificarea-legilor-justitiei?utm_campaign=10.12.2025.VUvTA8&amp;utm_medium=post&amp;utm_source=facebook&amp;fbclid=IwY2xjawOmRPdleHRuA2FlbQIxMABicmlkETFqamhESU16TmJCRURQSnJhc3J0YwZhcHBfaWQQMjIyMDM5MTc4ODIwMDg5MgABHtqkA4LBwcT0sWCNtLSB04uBzJA2MB_FQmx6IASh_s-A_rj5JIp1bP1JoJgj_aem_K8BqHFowIJYZLg10kYZRPQ\" target=\"_blank\" rel=\"noreferrer noopener\">aici<\/a>.<\/mark><\/strong><\/p>\n\n\n\n<h2 class=\"wp-block-heading\" id=\"h-pre\u0219edintele-nicu\u0219or-dan-a-reac\u021bionat-joi-seara\">Pre\u0219edintele Nicu\u0219or Dan a reac\u021bionat joi seara<\/h2>\n\n\n\n<p><strong>Dup\u0103 un mesaj ezitant \u00een prima sear\u0103, pre\u0219edintele Rom\u00e2niei \u0219i-a modificat mesajul c\u0103tre magistra\u021bi \u0219i societatea civil\u0103.<\/strong><\/p>\n\n\n\n<p>\u201eC\u00e2nd 200 de magistra\u021bi spun c\u0103 este o problem\u0103 de integritate \u00een sistemul de justi\u021bie, lucrurile sunt foarte serioase.<\/p>\n\n\n\n<p>Invit to\u021bi magistra\u021bii care vor s\u0103 reclame probleme \u00een sistemul de justi\u021bie la o discu\u021bie f\u0103r\u0103 limit\u0103 de timp luni, 22 decembrie, \u00eencep\u00e2nd cu ora 10:00. A\u0219tept \u00eenscrieri la adresa procetatean@presidency.ro.<\/p>\n\n\n\n<p>P\u00e2n\u0103 joi, 18 decembrie, ora 24:00, v\u0103 invit s\u0103 \u00eemi trimite\u021bi materiale, asumate nominal sau neasumate nominal, la&nbsp;<a><\/a>adresa colegis@presidency.ro.<\/p>\n\n\n\n<p>\u00cen zilele de vineri, s\u00e2mb\u0103t\u0103 \u0219i duminic\u0103 vom avea timp s\u0103 citim toate materialele pe care ni le trimite\u021bi.<\/p>\n\n\n\n<p>(\u00cen toat\u0103 s\u0103pt\u0103m\u00e2na 15\u201319 decembrie sunt plecat din \u021bar\u0103 pentru formate multilaterale \u0219i vizite bilaterale confirmate cu mult timp \u00eenainte.)\u201d,&nbsp;<a href=\"https:\/\/www.facebook.com\/NicusorDan.ro\/posts\/pfbid0HnCNzkhrcsfHP4NaadaZ1o39J2bvA5dgm1bXfUvFzVQUTbXXThRCciz6s6hewmBPl\" target=\"_blank\" rel=\"noreferrer noopener\">a scris Nicu\u0219or Dan<\/a>.<\/p>\n","protected":false},"excerpt":{"rendered":"<p>O peti\u021bie prin care organiza\u021bia Funky Citizens, publisherul Buletin de Bucure\u0219ti, cere modificarea legilor justi\u021biei, pentru a se asigura o independen\u021b\u0103 real\u0103 a magistra\u021bilor a fost semnat\u0103 deja de peste 115.000 de persoane. UPDATE 12 decembrie: Num\u0103rul semnatarilor a ajuns la peste 137.000. Po\u021bi semna \u0219i tu peti\u021bia, aici. \u201eSocietatea civil\u0103 a atras constant aten\u021bia [&hellip;]<\/p>\n","protected":false},"author":1,"featured_media":162081,"comment_status":"closed","ping_status":"open","sticky":false,"template":"","format":"standard","meta":{"_acf_changed":false,"inline_featured_image":false,"ngg_post_thumbnail":0,"footnotes":""},"categories":[6994,25061,5762],"tags":[1897,25076,24521,25100],"ppma_author":[22583],"class_list":["post-162077","post","type-post","status-publish","format-standard","has-post-thumbnail","hentry","category-stiri-2","category-justitie","category-main","tag-funky-citizens","tag-independenta-justitiei","tag-justitie","tag-modificarea-legilor-justitiei"],"acf":[],"yoast_head":"<!-- This site is optimized with the Yoast SEO Premium plugin v25.3 (Yoast SEO v27.4) - https:\/\/yoast.com\/product\/yoast-seo-premium-wordpress\/ -->\n<title>Peti\u021bia prin care Funky Citizens cere modificarea legilor justi\u021biei, pentru a asigura independen\u021ba real\u0103, a fost semnat\u0103 de peste 115.000 de oameni - Buletin de Bucure\u0219ti<\/title>\n<meta name=\"description\" content=\"O peti\u021bie prin care organiza\u021bia Funky Citizens cere modificarea legilor justi\u021biei a fost semnat\u0103 deja de peste 115.000 de persoane.\" \/>\n<meta name=\"robots\" content=\"index, follow, max-snippet:-1, max-image-preview:large, max-video-preview:-1\" \/>\n<link rel=\"canonical\" href=\"https:\/\/buletin.de\/bucuresti\/petitia-prin-care-funky-citizens-cere-modificarea-legilor-justitiei-pentru-a-asigura-independenta-reala-a-fost-semnata-de-peste-115-000-de-oameni\/\" \/>\n<meta property=\"og:locale\" content=\"en_GB\" \/>\n<meta property=\"og:type\" content=\"article\" \/>\n<meta property=\"og:title\" content=\"Peti\u021bia prin care Funky Citizens cere modificarea legilor justi\u021biei, pentru a asigura independen\u021ba real\u0103, a fost semnat\u0103 de peste 115.000 de oameni\" \/>\n<meta property=\"og:description\" content=\"O peti\u021bie prin care organiza\u021bia Funky Citizens cere modificarea legilor justi\u021biei a fost semnat\u0103 deja de peste 115.000 de persoane.\" \/>\n<meta property=\"og:url\" content=\"https:\/\/buletin.de\/bucuresti\/petitia-prin-care-funky-citizens-cere-modificarea-legilor-justitiei-pentru-a-asigura-independenta-reala-a-fost-semnata-de-peste-115-000-de-oameni\/\" \/>\n<meta property=\"og:site_name\" content=\"Buletin de Bucure\u0219ti\" \/>\n<meta property=\"article:publisher\" content=\"https:\/\/www.facebook.com\/buletin.de.buc\" \/>\n<meta property=\"article:published_time\" content=\"2025-12-11T21:33:06+00:00\" \/>\n<meta property=\"article:modified_time\" content=\"2025-12-12T19:17:57+00:00\" \/>\n<meta property=\"og:image\" content=\"https:\/\/buletin.de\/bucuresti\/wp-content\/uploads\/2025\/12\/modificarealegilorjustitiei.jpg\" \/>\n\t<meta property=\"og:image:width\" content=\"1838\" \/>\n\t<meta property=\"og:image:height\" content=\"1035\" \/>\n\t<meta property=\"og:image:type\" content=\"image\/jpeg\" \/>\n<meta name=\"author\" content=\"Redac\u021bia Buletin de Bucure\u0219ti\" \/>\n<meta name=\"twitter:card\" content=\"summary_large_image\" \/>\n<meta name=\"twitter:label1\" content=\"Written by\" \/>\n\t<meta name=\"twitter:data1\" content=\"Redac\u021bia Buletin de Bucure\u0219ti\" \/>\n\t<meta name=\"twitter:label2\" content=\"Estimated reading time\" \/>\n\t<meta name=\"twitter:data2\" content=\"3 minutes\" \/>\n<script type=\"application\/ld+json\" class=\"yoast-schema-graph\">{\"@context\":\"https:\\\/\\\/schema.org\",\"@graph\":[{\"@type\":\"Article\",\"@id\":\"https:\\\/\\\/buletin.de\\\/bucuresti\\\/petitia-prin-care-funky-citizens-cere-modificarea-legilor-justitiei-pentru-a-asigura-independenta-reala-a-fost-semnata-de-peste-115-000-de-oameni\\\/#article\",\"isPartOf\":{\"@id\":\"https:\\\/\\\/buletin.de\\\/bucuresti\\\/petitia-prin-care-funky-citizens-cere-modificarea-legilor-justitiei-pentru-a-asigura-independenta-reala-a-fost-semnata-de-peste-115-000-de-oameni\\\/\"},\"author\":{\"name\":\"Redac\u021bia Buletin de Bucure\u0219ti\",\"@id\":\"https:\\\/\\\/buletin.de\\\/bucuresti\\\/#\\\/schema\\\/person\\\/2bbcf854e5f2419a13804af574d06ab1\"},\"headline\":\"Peti\u021bia prin care Funky Citizens cere modificarea legilor justi\u021biei, pentru a asigura independen\u021ba real\u0103, a fost semnat\u0103 de peste 115.000 de oameni\",\"datePublished\":\"2025-12-11T21:33:06+00:00\",\"dateModified\":\"2025-12-12T19:17:57+00:00\",\"mainEntityOfPage\":{\"@id\":\"https:\\\/\\\/buletin.de\\\/bucuresti\\\/petitia-prin-care-funky-citizens-cere-modificarea-legilor-justitiei-pentru-a-asigura-independenta-reala-a-fost-semnata-de-peste-115-000-de-oameni\\\/\"},\"wordCount\":713,\"publisher\":{\"@id\":\"https:\\\/\\\/buletin.de\\\/bucuresti\\\/#organization\"},\"image\":{\"@id\":\"https:\\\/\\\/buletin.de\\\/bucuresti\\\/petitia-prin-care-funky-citizens-cere-modificarea-legilor-justitiei-pentru-a-asigura-independenta-reala-a-fost-semnata-de-peste-115-000-de-oameni\\\/#primaryimage\"},\"thumbnailUrl\":\"https:\\\/\\\/buletin.de\\\/bucuresti\\\/wp-content\\\/uploads\\\/2025\\\/12\\\/modificarealegilorjustitiei.jpg\",\"keywords\":[\"funky citizens\",\"independenta justitiei\",\"justi\u021bie\",\"modificarea legilor justitiei\"],\"articleSection\":[\"Articole\",\"Justi\u021bie\",\"Main\"],\"inLanguage\":\"en-GB\",\"copyrightYear\":\"2025\",\"copyrightHolder\":{\"@id\":\"https:\\\/\\\/buletin.de\\\/bucuresti\\\/#organization\"}},{\"@type\":\"WebPage\",\"@id\":\"https:\\\/\\\/buletin.de\\\/bucuresti\\\/petitia-prin-care-funky-citizens-cere-modificarea-legilor-justitiei-pentru-a-asigura-independenta-reala-a-fost-semnata-de-peste-115-000-de-oameni\\\/\",\"url\":\"https:\\\/\\\/buletin.de\\\/bucuresti\\\/petitia-prin-care-funky-citizens-cere-modificarea-legilor-justitiei-pentru-a-asigura-independenta-reala-a-fost-semnata-de-peste-115-000-de-oameni\\\/\",\"name\":\"Peti\u021bia prin care Funky Citizens cere modificarea legilor justi\u021biei, pentru a asigura independen\u021ba real\u0103, a fost semnat\u0103 de peste 115.000 de oameni - Buletin de Bucure\u0219ti\",\"isPartOf\":{\"@id\":\"https:\\\/\\\/buletin.de\\\/bucuresti\\\/#website\"},\"primaryImageOfPage\":{\"@id\":\"https:\\\/\\\/buletin.de\\\/bucuresti\\\/petitia-prin-care-funky-citizens-cere-modificarea-legilor-justitiei-pentru-a-asigura-independenta-reala-a-fost-semnata-de-peste-115-000-de-oameni\\\/#primaryimage\"},\"image\":{\"@id\":\"https:\\\/\\\/buletin.de\\\/bucuresti\\\/petitia-prin-care-funky-citizens-cere-modificarea-legilor-justitiei-pentru-a-asigura-independenta-reala-a-fost-semnata-de-peste-115-000-de-oameni\\\/#primaryimage\"},\"thumbnailUrl\":\"https:\\\/\\\/buletin.de\\\/bucuresti\\\/wp-content\\\/uploads\\\/2025\\\/12\\\/modificarealegilorjustitiei.jpg\",\"datePublished\":\"2025-12-11T21:33:06+00:00\",\"dateModified\":\"2025-12-12T19:17:57+00:00\",\"description\":\"O peti\u021bie prin care organiza\u021bia Funky Citizens cere modificarea legilor justi\u021biei a fost semnat\u0103 deja de peste 115.000 de persoane.\",\"breadcrumb\":{\"@id\":\"https:\\\/\\\/buletin.de\\\/bucuresti\\\/petitia-prin-care-funky-citizens-cere-modificarea-legilor-justitiei-pentru-a-asigura-independenta-reala-a-fost-semnata-de-peste-115-000-de-oameni\\\/#breadcrumb\"},\"inLanguage\":\"en-GB\",\"potentialAction\":[{\"@type\":\"ReadAction\",\"target\":[\"https:\\\/\\\/buletin.de\\\/bucuresti\\\/petitia-prin-care-funky-citizens-cere-modificarea-legilor-justitiei-pentru-a-asigura-independenta-reala-a-fost-semnata-de-peste-115-000-de-oameni\\\/\"]}]},{\"@type\":\"ImageObject\",\"inLanguage\":\"en-GB\",\"@id\":\"https:\\\/\\\/buletin.de\\\/bucuresti\\\/petitia-prin-care-funky-citizens-cere-modificarea-legilor-justitiei-pentru-a-asigura-independenta-reala-a-fost-semnata-de-peste-115-000-de-oameni\\\/#primaryimage\",\"url\":\"https:\\\/\\\/buletin.de\\\/bucuresti\\\/wp-content\\\/uploads\\\/2025\\\/12\\\/modificarealegilorjustitiei.jpg\",\"contentUrl\":\"https:\\\/\\\/buletin.de\\\/bucuresti\\\/wp-content\\\/uploads\\\/2025\\\/12\\\/modificarealegilorjustitiei.jpg\",\"width\":1838,\"height\":1035,\"caption\":\"modificarea legilor justi\u021biei\"},{\"@type\":\"BreadcrumbList\",\"@id\":\"https:\\\/\\\/buletin.de\\\/bucuresti\\\/petitia-prin-care-funky-citizens-cere-modificarea-legilor-justitiei-pentru-a-asigura-independenta-reala-a-fost-semnata-de-peste-115-000-de-oameni\\\/#breadcrumb\",\"itemListElement\":[{\"@type\":\"ListItem\",\"position\":1,\"name\":\"Acas\u0103\",\"item\":\"https:\\\/\\\/buletin.de\\\/bucuresti\\\/\"},{\"@type\":\"ListItem\",\"position\":2,\"name\":\"Peti\u021bia prin care Funky Citizens cere modificarea legilor justi\u021biei, pentru a asigura independen\u021ba real\u0103, a fost semnat\u0103 de peste 115.000 de oameni\"}]},{\"@type\":\"WebSite\",\"@id\":\"https:\\\/\\\/buletin.de\\\/bucuresti\\\/#website\",\"url\":\"https:\\\/\\\/buletin.de\\\/bucuresti\\\/\",\"name\":\"Buletin de Bucure\u0219ti\",\"description\":\"\u0218tiri \u0219i investiga\u021bii esen\u021biale din capital\u0103\",\"publisher\":{\"@id\":\"https:\\\/\\\/buletin.de\\\/bucuresti\\\/#organization\"},\"potentialAction\":[{\"@type\":\"SearchAction\",\"target\":{\"@type\":\"EntryPoint\",\"urlTemplate\":\"https:\\\/\\\/buletin.de\\\/bucuresti\\\/?s={search_term_string}\"},\"query-input\":{\"@type\":\"PropertyValueSpecification\",\"valueRequired\":true,\"valueName\":\"search_term_string\"}}],\"inLanguage\":\"en-GB\"},{\"@type\":\"Organization\",\"@id\":\"https:\\\/\\\/buletin.de\\\/bucuresti\\\/#organization\",\"name\":\"Buletin de Bucure\u0219ti\",\"url\":\"https:\\\/\\\/buletin.de\\\/bucuresti\\\/\",\"logo\":{\"@type\":\"ImageObject\",\"inLanguage\":\"en-GB\",\"@id\":\"https:\\\/\\\/buletin.de\\\/bucuresti\\\/#\\\/schema\\\/logo\\\/image\\\/\",\"url\":\"https:\\\/\\\/buletin.de\\\/bucuresti\\\/wp-content\\\/uploads\\\/logo-bdb-full-wide-vernil-transparent.png\",\"contentUrl\":\"https:\\\/\\\/buletin.de\\\/bucuresti\\\/wp-content\\\/uploads\\\/logo-bdb-full-wide-vernil-transparent.png\",\"width\":1782,\"height\":626,\"caption\":\"Buletin de Bucure\u0219ti\"},\"image\":{\"@id\":\"https:\\\/\\\/buletin.de\\\/bucuresti\\\/#\\\/schema\\\/logo\\\/image\\\/\"},\"sameAs\":[\"https:\\\/\\\/www.facebook.com\\\/buletin.de.buc\",\"https:\\\/\\\/www.instagram.com\\\/buletinde.bucuresti\\\/\"]},{\"@type\":\"Person\",\"@id\":\"https:\\\/\\\/buletin.de\\\/bucuresti\\\/#\\\/schema\\\/person\\\/2bbcf854e5f2419a13804af574d06ab1\",\"name\":\"Redac\u021bia Buletin de Bucure\u0219ti\",\"image\":{\"@type\":\"ImageObject\",\"inLanguage\":\"en-GB\",\"@id\":\"https:\\\/\\\/secure.gravatar.com\\\/avatar\\\/18c5342381ed1a08620e6280424e3e5efc958618f5d67c522c9e44c1bc6f9226?s=96&d=monsterid&r=g60c7cd0ad92c68c049fcd4bb3504d609\",\"url\":\"https:\\\/\\\/secure.gravatar.com\\\/avatar\\\/18c5342381ed1a08620e6280424e3e5efc958618f5d67c522c9e44c1bc6f9226?s=96&d=monsterid&r=g\",\"contentUrl\":\"https:\\\/\\\/secure.gravatar.com\\\/avatar\\\/18c5342381ed1a08620e6280424e3e5efc958618f5d67c522c9e44c1bc6f9226?s=96&d=monsterid&r=g\",\"caption\":\"Redac\u021bia Buletin de Bucure\u0219ti\"},\"description\":\"Buletin de Bucure\u0219ti exist\u0103 din vara anului 2019.\",\"url\":\"https:\\\/\\\/buletin.de\\\/bucuresti\\\/author\\\/adminbuletin\\\/\"}]}<\/script>\n<!-- \/ Yoast SEO Premium plugin. -->","yoast_head_json":{"title":"Peti\u021bia prin care Funky Citizens cere modificarea legilor justi\u021biei, pentru a asigura independen\u021ba real\u0103, a fost semnat\u0103 de peste 115.000 de oameni - Buletin de Bucure\u0219ti","description":"O peti\u021bie prin care organiza\u021bia Funky Citizens cere modificarea legilor justi\u021biei a fost semnat\u0103 deja de peste 115.000 de persoane.","robots":{"index":"index","follow":"follow","max-snippet":"max-snippet:-1","max-image-preview":"max-image-preview:large","max-video-preview":"max-video-preview:-1"},"canonical":"https:\/\/buletin.de\/bucuresti\/petitia-prin-care-funky-citizens-cere-modificarea-legilor-justitiei-pentru-a-asigura-independenta-reala-a-fost-semnata-de-peste-115-000-de-oameni\/","og_locale":"en_GB","og_type":"article","og_title":"Peti\u021bia prin care Funky Citizens cere modificarea legilor justi\u021biei, pentru a asigura independen\u021ba real\u0103, a fost semnat\u0103 de peste 115.000 de oameni","og_description":"O peti\u021bie prin care organiza\u021bia Funky Citizens cere modificarea legilor justi\u021biei a fost semnat\u0103 deja de peste 115.000 de persoane.","og_url":"https:\/\/buletin.de\/bucuresti\/petitia-prin-care-funky-citizens-cere-modificarea-legilor-justitiei-pentru-a-asigura-independenta-reala-a-fost-semnata-de-peste-115-000-de-oameni\/","og_site_name":"Buletin de Bucure\u0219ti","article_publisher":"https:\/\/www.facebook.com\/buletin.de.buc","article_published_time":"2025-12-11T21:33:06+00:00","article_modified_time":"2025-12-12T19:17:57+00:00","og_image":[{"width":1838,"height":1035,"url":"https:\/\/buletin.de\/bucuresti\/wp-content\/uploads\/2025\/12\/modificarealegilorjustitiei.jpg","type":"image\/jpeg"}],"author":"Redac\u021bia Buletin de Bucure\u0219ti","twitter_card":"summary_large_image","twitter_misc":{"Written by":"Redac\u021bia Buletin de Bucure\u0219ti","Estimated reading time":"3 minutes"},"schema":{"@context":"https:\/\/schema.org","@graph":[{"@type":"Article","@id":"https:\/\/buletin.de\/bucuresti\/petitia-prin-care-funky-citizens-cere-modificarea-legilor-justitiei-pentru-a-asigura-independenta-reala-a-fost-semnata-de-peste-115-000-de-oameni\/#article","isPartOf":{"@id":"https:\/\/buletin.de\/bucuresti\/petitia-prin-care-funky-citizens-cere-modificarea-legilor-justitiei-pentru-a-asigura-independenta-reala-a-fost-semnata-de-peste-115-000-de-oameni\/"},"author":{"name":"Redac\u021bia Buletin de Bucure\u0219ti","@id":"https:\/\/buletin.de\/bucuresti\/#\/schema\/person\/2bbcf854e5f2419a13804af574d06ab1"},"headline":"Peti\u021bia prin care Funky Citizens cere modificarea legilor justi\u021biei, pentru a asigura independen\u021ba real\u0103, a fost semnat\u0103 de peste 115.000 de oameni","datePublished":"2025-12-11T21:33:06+00:00","dateModified":"2025-12-12T19:17:57+00:00","mainEntityOfPage":{"@id":"https:\/\/buletin.de\/bucuresti\/petitia-prin-care-funky-citizens-cere-modificarea-legilor-justitiei-pentru-a-asigura-independenta-reala-a-fost-semnata-de-peste-115-000-de-oameni\/"},"wordCount":713,"publisher":{"@id":"https:\/\/buletin.de\/bucuresti\/#organization"},"image":{"@id":"https:\/\/buletin.de\/bucuresti\/petitia-prin-care-funky-citizens-cere-modificarea-legilor-justitiei-pentru-a-asigura-independenta-reala-a-fost-semnata-de-peste-115-000-de-oameni\/#primaryimage"},"thumbnailUrl":"https:\/\/buletin.de\/bucuresti\/wp-content\/uploads\/2025\/12\/modificarealegilorjustitiei.jpg","keywords":["funky citizens","independenta justitiei","justi\u021bie","modificarea legilor justitiei"],"articleSection":["Articole","Justi\u021bie","Main"],"inLanguage":"en-GB","copyrightYear":"2025","copyrightHolder":{"@id":"https:\/\/buletin.de\/bucuresti\/#organization"}},{"@type":"WebPage","@id":"https:\/\/buletin.de\/bucuresti\/petitia-prin-care-funky-citizens-cere-modificarea-legilor-justitiei-pentru-a-asigura-independenta-reala-a-fost-semnata-de-peste-115-000-de-oameni\/","url":"https:\/\/buletin.de\/bucuresti\/petitia-prin-care-funky-citizens-cere-modificarea-legilor-justitiei-pentru-a-asigura-independenta-reala-a-fost-semnata-de-peste-115-000-de-oameni\/","name":"Peti\u021bia prin care Funky Citizens cere modificarea legilor justi\u021biei, pentru a asigura independen\u021ba real\u0103, a fost semnat\u0103 de peste 115.000 de oameni - Buletin de Bucure\u0219ti","isPartOf":{"@id":"https:\/\/buletin.de\/bucuresti\/#website"},"primaryImageOfPage":{"@id":"https:\/\/buletin.de\/bucuresti\/petitia-prin-care-funky-citizens-cere-modificarea-legilor-justitiei-pentru-a-asigura-independenta-reala-a-fost-semnata-de-peste-115-000-de-oameni\/#primaryimage"},"image":{"@id":"https:\/\/buletin.de\/bucuresti\/petitia-prin-care-funky-citizens-cere-modificarea-legilor-justitiei-pentru-a-asigura-independenta-reala-a-fost-semnata-de-peste-115-000-de-oameni\/#primaryimage"},"thumbnailUrl":"https:\/\/buletin.de\/bucuresti\/wp-content\/uploads\/2025\/12\/modificarealegilorjustitiei.jpg","datePublished":"2025-12-11T21:33:06+00:00","dateModified":"2025-12-12T19:17:57+00:00","description":"O peti\u021bie prin care organiza\u021bia Funky Citizens cere modificarea legilor justi\u021biei a fost semnat\u0103 deja de peste 115.000 de persoane.","breadcrumb":{"@id":"https:\/\/buletin.de\/bucuresti\/petitia-prin-care-funky-citizens-cere-modificarea-legilor-justitiei-pentru-a-asigura-independenta-reala-a-fost-semnata-de-peste-115-000-de-oameni\/#breadcrumb"},"inLanguage":"en-GB","potentialAction":[{"@type":"ReadAction","target":["https:\/\/buletin.de\/bucuresti\/petitia-prin-care-funky-citizens-cere-modificarea-legilor-justitiei-pentru-a-asigura-independenta-reala-a-fost-semnata-de-peste-115-000-de-oameni\/"]}]},{"@type":"ImageObject","inLanguage":"en-GB","@id":"https:\/\/buletin.de\/bucuresti\/petitia-prin-care-funky-citizens-cere-modificarea-legilor-justitiei-pentru-a-asigura-independenta-reala-a-fost-semnata-de-peste-115-000-de-oameni\/#primaryimage","url":"https:\/\/buletin.de\/bucuresti\/wp-content\/uploads\/2025\/12\/modificarealegilorjustitiei.jpg","contentUrl":"https:\/\/buletin.de\/bucuresti\/wp-content\/uploads\/2025\/12\/modificarealegilorjustitiei.jpg","width":1838,"height":1035,"caption":"modificarea legilor justi\u021biei"},{"@type":"BreadcrumbList","@id":"https:\/\/buletin.de\/bucuresti\/petitia-prin-care-funky-citizens-cere-modificarea-legilor-justitiei-pentru-a-asigura-independenta-reala-a-fost-semnata-de-peste-115-000-de-oameni\/#breadcrumb","itemListElement":[{"@type":"ListItem","position":1,"name":"Acas\u0103","item":"https:\/\/buletin.de\/bucuresti\/"},{"@type":"ListItem","position":2,"name":"Peti\u021bia prin care Funky Citizens cere modificarea legilor justi\u021biei, pentru a asigura independen\u021ba real\u0103, a fost semnat\u0103 de peste 115.000 de oameni"}]},{"@type":"WebSite","@id":"https:\/\/buletin.de\/bucuresti\/#website","url":"https:\/\/buletin.de\/bucuresti\/","name":"Buletin de Bucure\u0219ti","description":"\u0218tiri \u0219i investiga\u021bii esen\u021biale din capital\u0103","publisher":{"@id":"https:\/\/buletin.de\/bucuresti\/#organization"},"potentialAction":[{"@type":"SearchAction","target":{"@type":"EntryPoint","urlTemplate":"https:\/\/buletin.de\/bucuresti\/?s={search_term_string}"},"query-input":{"@type":"PropertyValueSpecification","valueRequired":true,"valueName":"search_term_string"}}],"inLanguage":"en-GB"},{"@type":"Organization","@id":"https:\/\/buletin.de\/bucuresti\/#organization","name":"Buletin de Bucure\u0219ti","url":"https:\/\/buletin.de\/bucuresti\/","logo":{"@type":"ImageObject","inLanguage":"en-GB","@id":"https:\/\/buletin.de\/bucuresti\/#\/schema\/logo\/image\/","url":"https:\/\/buletin.de\/bucuresti\/wp-content\/uploads\/logo-bdb-full-wide-vernil-transparent.png","contentUrl":"https:\/\/buletin.de\/bucuresti\/wp-content\/uploads\/logo-bdb-full-wide-vernil-transparent.png","width":1782,"height":626,"caption":"Buletin de Bucure\u0219ti"},"image":{"@id":"https:\/\/buletin.de\/bucuresti\/#\/schema\/logo\/image\/"},"sameAs":["https:\/\/www.facebook.com\/buletin.de.buc","https:\/\/www.instagram.com\/buletinde.bucuresti\/"]},{"@type":"Person","@id":"https:\/\/buletin.de\/bucuresti\/#\/schema\/person\/2bbcf854e5f2419a13804af574d06ab1","name":"Redac\u021bia Buletin de Bucure\u0219ti","image":{"@type":"ImageObject","inLanguage":"en-GB","@id":"https:\/\/secure.gravatar.com\/avatar\/18c5342381ed1a08620e6280424e3e5efc958618f5d67c522c9e44c1bc6f9226?s=96&d=monsterid&r=g60c7cd0ad92c68c049fcd4bb3504d609","url":"https:\/\/secure.gravatar.com\/avatar\/18c5342381ed1a08620e6280424e3e5efc958618f5d67c522c9e44c1bc6f9226?s=96&d=monsterid&r=g","contentUrl":"https:\/\/secure.gravatar.com\/avatar\/18c5342381ed1a08620e6280424e3e5efc958618f5d67c522c9e44c1bc6f9226?s=96&d=monsterid&r=g","caption":"Redac\u021bia Buletin de Bucure\u0219ti"},"description":"Buletin de Bucure\u0219ti exist\u0103 din vara anului 2019.","url":"https:\/\/buletin.de\/bucuresti\/author\/adminbuletin\/"}]}},"authors":[{"term_id":22583,"user_id":1,"is_guest":0,"slug":"adminbuletin","display_name":"Redac\u021bia Buletin de Bucure\u0219ti","avatar_url":"https:\/\/secure.gravatar.com\/avatar\/18c5342381ed1a08620e6280424e3e5efc958618f5d67c522c9e44c1bc6f9226?s=96&d=monsterid&r=g","0":null,"1":"","2":"","3":"","4":"","5":"","6":"","7":"","8":""}],"_links":{"self":[{"href":"https:\/\/buletin.de\/bucuresti\/wp-json\/wp\/v2\/posts\/162077","targetHints":{"allow":["GET"]}}],"collection":[{"href":"https:\/\/buletin.de\/bucuresti\/wp-json\/wp\/v2\/posts"}],"about":[{"href":"https:\/\/buletin.de\/bucuresti\/wp-json\/wp\/v2\/types\/post"}],"author":[{"embeddable":true,"href":"https:\/\/buletin.de\/bucuresti\/wp-json\/wp\/v2\/users\/1"}],"replies":[{"embeddable":true,"href":"https:\/\/buletin.de\/bucuresti\/wp-json\/wp\/v2\/comments?post=162077"}],"version-history":[{"count":4,"href":"https:\/\/buletin.de\/bucuresti\/wp-json\/wp\/v2\/posts\/162077\/revisions"}],"predecessor-version":[{"id":162276,"href":"https:\/\/buletin.de\/bucuresti\/wp-json\/wp\/v2\/posts\/162077\/revisions\/162276"}],"wp:featuredmedia":[{"embeddable":true,"href":"https:\/\/buletin.de\/bucuresti\/wp-json\/wp\/v2\/media\/162081"}],"wp:attachment":[{"href":"https:\/\/buletin.de\/bucuresti\/wp-json\/wp\/v2\/media?parent=162077"}],"wp:term":[{"taxonomy":"category","embeddable":true,"href":"https:\/\/buletin.de\/bucuresti\/wp-json\/wp\/v2\/categories?post=162077"},{"taxonomy":"post_tag","embeddable":true,"href":"https:\/\/buletin.de\/bucuresti\/wp-json\/wp\/v2\/tags?post=162077"},{"taxonomy":"author","embeddable":true,"href":"https:\/\/buletin.de\/bucuresti\/wp-json\/wp\/v2\/ppma_author?post=162077"}],"curies":[{"name":"wp","href":"https:\/\/api.w.org\/{rel}","templated":true}]}}