{"id":162064,"date":"2025-12-11T23:55:35","date_gmt":"2025-12-11T20:55:35","guid":{"rendered":"https:\/\/buletin.de\/bucuresti\/?p=162064"},"modified":"2025-12-12T20:21:23","modified_gmt":"2025-12-12T17:21:23","slug":"video-nou-protest-pentru-independenta-justitiei-in-piata-victoriei-toata-lumea-sare-lia-la-inchisoare","status":"publish","type":"post","link":"https:\/\/buletin.de\/bucuresti\/video-nou-protest-pentru-independenta-justitiei-in-piata-victoriei-toata-lumea-sare-lia-la-inchisoare\/","title":{"rendered":"VIDEO | Nou protest pentru independen\u021ba justi\u021biei \u00een Pia\u021ba Victoriei. \u201eToat\u0103 lumea sare, Lia la \u00eenchisoare!\u201d"},"content":{"rendered":"\n<p><strong>Un nou protest pentru independen\u021ba justi\u021biei a avut loc joi seara, \u00een Pia\u021ba Victoriei. Circa 1.000 de persoane au venit \u00een locul unde, \u00een urm\u0103 cu opt ani, izbucneau alte manifesta\u021bii masive \u00een ap\u0103rarea statului de drept.<\/strong><\/p>\n\n\n\n<p>Participan\u021bii au declarat c\u0103 sunt profund nemul\u021bumi\u021bi de problemele din sistemul judiciar. Manifestan\u021bii au f\u0103cut apel direct la pre\u0219edintele Rom\u00e2niei, Nicu\u0219or Dan, cer\u00e2ndu-i s\u0103 intervin\u0103 public \u00een contextul scandalului care vizeaz\u0103 Justi\u021bia. M\u201eNicu\u0219oare, nu mai sta, ap\u0103r\u0103 Justi\u021bia!\u201d.<\/p>\n\n\n\n<p>Protestul a \u00eenceput \u00een Pia\u021ba Victoriei cu scand\u0103ri dedicate judec\u0103toarei Raluca Moro\u0219anu, magistratul de la Sec\u021bia I Penal\u0103 a Cur\u021bii de Apel Bucure\u0219ti care a intervenit joi, \u00een timpul conferin\u021bei de pres\u0103 a CAB, pentru a-l sus\u021bine pe fostul s\u0103u coleg Lauren\u021biu<\/p>\n\n\n\n<p><strong>CITE\u0218TE \u0218I: <a href=\"https:\/\/buletin.de\/bucuresti\/reactie-soc-la-curtea-de-apel-bucuresti-o-judecatoare-a-intervenit-in-conferinta-de-presa-a-conducerii-si-a-confirmat-presiunile-la-care-sunt-supusi-magistratii\/\" target=\"_blank\" rel=\"noreferrer noopener\">VIDEO | Reac\u021bie \u0219oc la Curtea de Apel Bucure\u0219ti. O judec\u0103toare a intervenit \u00een conferin\u021ba de pres\u0103 a conducerii \u0219i a confirmat presiunile la care sunt supu\u0219i magistra\u021bii<\/a><\/strong><\/p>\n\n\n\n<iframe src=\"https:\/\/www.facebook.com\/plugins\/video.php?height=476&#038;href=https%3A%2F%2Fwww.facebook.com%2Fbuletin.de.buc%2Fvideos%2F877045925258324%2F&#038;show_text=false&#038;width=267&#038;t=0\" width=\"267\" height=\"476\" style=\"border:none;overflow:hidden\" scrolling=\"no\" frameborder=\"0\" allowfullscreen=\"true\" allow=\"autoplay; clipboard-write; encrypted-media; picture-in-picture; web-share\" allowFullScreen=\"true\"><\/iframe>\n\n\n\n<h2 class=\"wp-block-heading\" id=\"h-ce-au-cerut-protestatarii-in-pia\u021ba-victoriei\">Ce au cerut protestatarii \u00een Pia\u021ba Victoriei<\/h2>\n\n\n\n<p>Manifestan\u021bii care au ie\u0219it \u00een sear\u0103 a doua sear\u0103 la r\u00e2nd au cerut demisia lui C\u0103t\u0103lin Predoiu, fost ministru al Justi\u021biei, \u00een prezent ministru de Interne, identificat de unii magistra\u021bi ca fiind unul dintre autorii morali ai situa\u021biei toxice din din sistemul judiciar. <\/p>\n\n\n\n<p>Nu a sc\u0103pat nici actualul ministru al Justi\u021biei, Radu Marinescu, care a avut o reac\u021bie slab\u0103 dup\u0103 documentarul Recorder \u201eJusti\u021bie capturat\u0103\u201d. <\/p>\n\n\n\n<p>Oamenii au venit cu pancarte \u0219i scandeaz\u0103: \u201eJusti\u021bie optimizat\u0103, mafie organizat\u0103!\u201d, \u201eJusti\u021bie, nu corup\u021bie!\u201d \u0219i \u201ePeste tot poli\u021bie, nic\u0103ieri justi\u021bie\u201d.<\/p>\n\n\n\n<p><strong>CITE\u0218TE \u0218I: <a href=\"https:\/\/buletin.de\/bucuresti\/video-protestul-justitie-capturata-de-la-csm\/\" target=\"_blank\" rel=\"noreferrer noopener\">VIDEO | Protestul \u201eJusti\u021bie Capturat\u0103\u201d de la CSM<\/a><\/strong><\/p>\n\n\n\n<h2 class=\"wp-block-heading\" id=\"h-pre\u0219edintele-nicu\u0219or-dan-a-reac\u021bionat-joi-seara\">Pre\u0219edintele Nicu\u0219or Dan a reac\u021bionat joi seara<\/h2>\n\n\n\n<p><strong>Dup\u0103 un mesaj ezitant \u00een prima sear\u0103, pre\u0219edintele Rom\u00e2niei \u0219i-a modificat mesajul c\u0103tre magistra\u021bi \u0219i societatea civil\u0103. <\/strong><\/p>\n\n\n\n<p>\u201eC\u00e2nd 200 de magistra\u021bi spun c\u0103 este o problem\u0103 de integritate \u00een sistemul de justi\u021bie, lucrurile sunt foarte serioase.<\/p>\n\n\n\n<p>Invit to\u021bi magistra\u021bii care vor s\u0103 reclame probleme \u00een sistemul de justi\u021bie la o discu\u021bie f\u0103r\u0103 limit\u0103 de timp luni, 22 decembrie, \u00eencep\u00e2nd cu ora 10:00. A\u0219tept \u00eenscrieri la adresa procetatean@presidency.ro.<\/p>\n\n\n\n<p>P\u00e2n\u0103 joi, 18 decembrie, ora 24:00, v\u0103 invit s\u0103 \u00eemi trimite\u021bi materiale, asumate nominal sau neasumate nominal, la <a><\/a>adresa colegis@presidency.ro.<\/p>\n\n\n\n<p>\u00cen zilele de vineri, s\u00e2mb\u0103t\u0103 \u0219i duminic\u0103 vom avea timp s\u0103 citim toate materialele pe care ni le trimite\u021bi.<\/p>\n\n\n\n<p>(\u00cen toat\u0103 s\u0103pt\u0103m\u00e2na 15\u201319 decembrie sunt plecat din \u021bar\u0103 pentru formate multilaterale \u0219i vizite bilaterale confirmate cu mult timp \u00eenainte.)\u201d, <a href=\"https:\/\/www.facebook.com\/NicusorDan.ro\/posts\/pfbid0HnCNzkhrcsfHP4NaadaZ1o39J2bvA5dgm1bXfUvFzVQUTbXXThRCciz6s6hewmBPl\" target=\"_blank\" rel=\"noreferrer noopener\">a scris Nicu\u0219or Dan<\/a>.<\/p>\n\n\n\n<p><\/p>\n","protected":false},"excerpt":{"rendered":"<p>Un nou protest pentru independen\u021ba justi\u021biei a avut loc joi seara, \u00een Pia\u021ba Victoriei. Circa 1.000 de persoane au venit \u00een locul unde, \u00een urm\u0103 cu opt ani, izbucneau alte manifesta\u021bii masive \u00een ap\u0103rarea statului de drept. Participan\u021bii au declarat c\u0103 sunt profund nemul\u021bumi\u021bi de problemele din sistemul judiciar. Manifestan\u021bii au f\u0103cut apel direct la [&hellip;]<\/p>\n","protected":false},"author":1,"featured_media":162068,"comment_status":"closed","ping_status":"open","sticky":false,"template":"","format":"standard","meta":{"_acf_changed":false,"inline_featured_image":false,"ngg_post_thumbnail":0,"footnotes":""},"categories":[6994,3419,25061,5762],"tags":[9,2054,2638,4200,24521,25077,25071,25083,114,3321,25084],"ppma_author":[22583],"class_list":["post-162064","post","type-post","status-publish","format-standard","has-post-thumbnail","hentry","category-stiri-2","category-featured","category-justitie","category-main","tag-bucuresti","tag-capitala","tag-coruptie","tag-documentar","tag-justitie","tag-justitie-capturata","tag-lia-savonea","tag-predoiu","tag-protest","tag-recorder","tag-voineag"],"acf":[],"yoast_head":"<!-- This site is optimized with the Yoast SEO Premium plugin v25.3 (Yoast SEO v27.4) - https:\/\/yoast.com\/product\/yoast-seo-premium-wordpress\/ -->\n<title>VIDEO | Nou protest pentru independen\u021ba justi\u021biei \u00een Pia\u021ba Victoriei. \u201eToat\u0103 lumea sare, Lia la \u00eenchisoare!\u201d - Buletin de Bucure\u0219ti<\/title>\n<meta name=\"description\" content=\"Un nou protest pentru independen\u021ba justi\u021biei a avut loc joi seara, \u00een Pia\u021ba Victoriei. Au venit circa 1.000 de persoane.\" \/>\n<meta name=\"robots\" content=\"index, follow, max-snippet:-1, max-image-preview:large, max-video-preview:-1\" \/>\n<link rel=\"canonical\" href=\"https:\/\/buletin.de\/bucuresti\/video-nou-protest-pentru-independenta-justitiei-in-piata-victoriei-toata-lumea-sare-lia-la-inchisoare\/\" \/>\n<meta property=\"og:locale\" content=\"en_GB\" \/>\n<meta property=\"og:type\" content=\"article\" \/>\n<meta property=\"og:title\" content=\"VIDEO | Nou protest pentru independen\u021ba justi\u021biei \u00een Pia\u021ba Victoriei. \u201eToat\u0103 lumea sare, Lia la \u00eenchisoare!\u201d\" \/>\n<meta property=\"og:description\" content=\"Un nou protest pentru independen\u021ba justi\u021biei a avut loc joi seara, \u00een Pia\u021ba Victoriei. Au venit circa 1.000 de persoane.\" \/>\n<meta property=\"og:url\" content=\"https:\/\/buletin.de\/bucuresti\/video-nou-protest-pentru-independenta-justitiei-in-piata-victoriei-toata-lumea-sare-lia-la-inchisoare\/\" \/>\n<meta property=\"og:site_name\" content=\"Buletin de Bucure\u0219ti\" \/>\n<meta property=\"article:publisher\" content=\"https:\/\/www.facebook.com\/buletin.de.buc\" \/>\n<meta property=\"article:published_time\" content=\"2025-12-11T20:55:35+00:00\" \/>\n<meta property=\"article:modified_time\" content=\"2025-12-12T17:21:23+00:00\" \/>\n<meta property=\"og:image\" content=\"https:\/\/buletin.de\/bucuresti\/wp-content\/uploads\/2025\/12\/protestjustitie_INQUAM_Photos_Octav_Ganea.jpg\" \/>\n\t<meta property=\"og:image:width\" content=\"1200\" \/>\n\t<meta property=\"og:image:height\" content=\"800\" \/>\n\t<meta property=\"og:image:type\" content=\"image\/jpeg\" \/>\n<meta name=\"author\" content=\"Redac\u021bia Buletin de Bucure\u0219ti\" \/>\n<meta name=\"twitter:card\" content=\"summary_large_image\" \/>\n<meta name=\"twitter:label1\" content=\"Written by\" \/>\n\t<meta name=\"twitter:data1\" content=\"Redac\u021bia Buletin de Bucure\u0219ti\" \/>\n\t<meta name=\"twitter:label2\" content=\"Estimated reading time\" \/>\n\t<meta name=\"twitter:data2\" content=\"2 minutes\" \/>\n<script type=\"application\/ld+json\" class=\"yoast-schema-graph\">{\"@context\":\"https:\\\/\\\/schema.org\",\"@graph\":[{\"@type\":\"Article\",\"@id\":\"https:\\\/\\\/buletin.de\\\/bucuresti\\\/video-nou-protest-pentru-independenta-justitiei-in-piata-victoriei-toata-lumea-sare-lia-la-inchisoare\\\/#article\",\"isPartOf\":{\"@id\":\"https:\\\/\\\/buletin.de\\\/bucuresti\\\/video-nou-protest-pentru-independenta-justitiei-in-piata-victoriei-toata-lumea-sare-lia-la-inchisoare\\\/\"},\"author\":{\"name\":\"Redac\u021bia Buletin de Bucure\u0219ti\",\"@id\":\"https:\\\/\\\/buletin.de\\\/bucuresti\\\/#\\\/schema\\\/person\\\/2bbcf854e5f2419a13804af574d06ab1\"},\"headline\":\"VIDEO | Nou protest pentru independen\u021ba justi\u021biei \u00een Pia\u021ba Victoriei. \u201eToat\u0103 lumea sare, Lia la \u00eenchisoare!\u201d\",\"datePublished\":\"2025-12-11T20:55:35+00:00\",\"dateModified\":\"2025-12-12T17:21:23+00:00\",\"mainEntityOfPage\":{\"@id\":\"https:\\\/\\\/buletin.de\\\/bucuresti\\\/video-nou-protest-pentru-independenta-justitiei-in-piata-victoriei-toata-lumea-sare-lia-la-inchisoare\\\/\"},\"wordCount\":482,\"publisher\":{\"@id\":\"https:\\\/\\\/buletin.de\\\/bucuresti\\\/#organization\"},\"image\":{\"@id\":\"https:\\\/\\\/buletin.de\\\/bucuresti\\\/video-nou-protest-pentru-independenta-justitiei-in-piata-victoriei-toata-lumea-sare-lia-la-inchisoare\\\/#primaryimage\"},\"thumbnailUrl\":\"https:\\\/\\\/buletin.de\\\/bucuresti\\\/wp-content\\\/uploads\\\/2025\\\/12\\\/protestjustitie_INQUAM_Photos_Octav_Ganea.jpg\",\"keywords\":[\"bucuresti\",\"Capitala\",\"coruptie\",\"documentar\",\"justi\u021bie\",\"justitie capturata\",\"lia savonea\",\"Predoiu\",\"protest\",\"recorder\",\"Voineag\"],\"articleSection\":[\"Articole\",\"Featured\",\"Justi\u021bie\",\"Main\"],\"inLanguage\":\"en-GB\",\"copyrightYear\":\"2025\",\"copyrightHolder\":{\"@id\":\"https:\\\/\\\/buletin.de\\\/bucuresti\\\/#organization\"}},{\"@type\":\"WebPage\",\"@id\":\"https:\\\/\\\/buletin.de\\\/bucuresti\\\/video-nou-protest-pentru-independenta-justitiei-in-piata-victoriei-toata-lumea-sare-lia-la-inchisoare\\\/\",\"url\":\"https:\\\/\\\/buletin.de\\\/bucuresti\\\/video-nou-protest-pentru-independenta-justitiei-in-piata-victoriei-toata-lumea-sare-lia-la-inchisoare\\\/\",\"name\":\"VIDEO | Nou protest pentru independen\u021ba justi\u021biei \u00een Pia\u021ba Victoriei. \u201eToat\u0103 lumea sare, Lia la \u00eenchisoare!\u201d - Buletin de Bucure\u0219ti\",\"isPartOf\":{\"@id\":\"https:\\\/\\\/buletin.de\\\/bucuresti\\\/#website\"},\"primaryImageOfPage\":{\"@id\":\"https:\\\/\\\/buletin.de\\\/bucuresti\\\/video-nou-protest-pentru-independenta-justitiei-in-piata-victoriei-toata-lumea-sare-lia-la-inchisoare\\\/#primaryimage\"},\"image\":{\"@id\":\"https:\\\/\\\/buletin.de\\\/bucuresti\\\/video-nou-protest-pentru-independenta-justitiei-in-piata-victoriei-toata-lumea-sare-lia-la-inchisoare\\\/#primaryimage\"},\"thumbnailUrl\":\"https:\\\/\\\/buletin.de\\\/bucuresti\\\/wp-content\\\/uploads\\\/2025\\\/12\\\/protestjustitie_INQUAM_Photos_Octav_Ganea.jpg\",\"datePublished\":\"2025-12-11T20:55:35+00:00\",\"dateModified\":\"2025-12-12T17:21:23+00:00\",\"description\":\"Un nou protest pentru independen\u021ba justi\u021biei a avut loc joi seara, \u00een Pia\u021ba Victoriei. Au venit circa 1.000 de persoane.\",\"breadcrumb\":{\"@id\":\"https:\\\/\\\/buletin.de\\\/bucuresti\\\/video-nou-protest-pentru-independenta-justitiei-in-piata-victoriei-toata-lumea-sare-lia-la-inchisoare\\\/#breadcrumb\"},\"inLanguage\":\"en-GB\",\"potentialAction\":[{\"@type\":\"ReadAction\",\"target\":[\"https:\\\/\\\/buletin.de\\\/bucuresti\\\/video-nou-protest-pentru-independenta-justitiei-in-piata-victoriei-toata-lumea-sare-lia-la-inchisoare\\\/\"]}]},{\"@type\":\"ImageObject\",\"inLanguage\":\"en-GB\",\"@id\":\"https:\\\/\\\/buletin.de\\\/bucuresti\\\/video-nou-protest-pentru-independenta-justitiei-in-piata-victoriei-toata-lumea-sare-lia-la-inchisoare\\\/#primaryimage\",\"url\":\"https:\\\/\\\/buletin.de\\\/bucuresti\\\/wp-content\\\/uploads\\\/2025\\\/12\\\/protestjustitie_INQUAM_Photos_Octav_Ganea.jpg\",\"contentUrl\":\"https:\\\/\\\/buletin.de\\\/bucuresti\\\/wp-content\\\/uploads\\\/2025\\\/12\\\/protestjustitie_INQUAM_Photos_Octav_Ganea.jpg\",\"width\":1200,\"height\":800,\"caption\":\"Foto_INQUAM_Photos_Octav_Ganea\"},{\"@type\":\"BreadcrumbList\",\"@id\":\"https:\\\/\\\/buletin.de\\\/bucuresti\\\/video-nou-protest-pentru-independenta-justitiei-in-piata-victoriei-toata-lumea-sare-lia-la-inchisoare\\\/#breadcrumb\",\"itemListElement\":[{\"@type\":\"ListItem\",\"position\":1,\"name\":\"Acas\u0103\",\"item\":\"https:\\\/\\\/buletin.de\\\/bucuresti\\\/\"},{\"@type\":\"ListItem\",\"position\":2,\"name\":\"VIDEO | Nou protest pentru independen\u021ba justi\u021biei \u00een Pia\u021ba Victoriei. \u201eToat\u0103 lumea sare, Lia la \u00eenchisoare!\u201d\"}]},{\"@type\":\"WebSite\",\"@id\":\"https:\\\/\\\/buletin.de\\\/bucuresti\\\/#website\",\"url\":\"https:\\\/\\\/buletin.de\\\/bucuresti\\\/\",\"name\":\"Buletin de Bucure\u0219ti\",\"description\":\"\u0218tiri \u0219i investiga\u021bii esen\u021biale din capital\u0103\",\"publisher\":{\"@id\":\"https:\\\/\\\/buletin.de\\\/bucuresti\\\/#organization\"},\"potentialAction\":[{\"@type\":\"SearchAction\",\"target\":{\"@type\":\"EntryPoint\",\"urlTemplate\":\"https:\\\/\\\/buletin.de\\\/bucuresti\\\/?s={search_term_string}\"},\"query-input\":{\"@type\":\"PropertyValueSpecification\",\"valueRequired\":true,\"valueName\":\"search_term_string\"}}],\"inLanguage\":\"en-GB\"},{\"@type\":\"Organization\",\"@id\":\"https:\\\/\\\/buletin.de\\\/bucuresti\\\/#organization\",\"name\":\"Buletin de Bucure\u0219ti\",\"url\":\"https:\\\/\\\/buletin.de\\\/bucuresti\\\/\",\"logo\":{\"@type\":\"ImageObject\",\"inLanguage\":\"en-GB\",\"@id\":\"https:\\\/\\\/buletin.de\\\/bucuresti\\\/#\\\/schema\\\/logo\\\/image\\\/\",\"url\":\"https:\\\/\\\/buletin.de\\\/bucuresti\\\/wp-content\\\/uploads\\\/logo-bdb-full-wide-vernil-transparent.png\",\"contentUrl\":\"https:\\\/\\\/buletin.de\\\/bucuresti\\\/wp-content\\\/uploads\\\/logo-bdb-full-wide-vernil-transparent.png\",\"width\":1782,\"height\":626,\"caption\":\"Buletin de Bucure\u0219ti\"},\"image\":{\"@id\":\"https:\\\/\\\/buletin.de\\\/bucuresti\\\/#\\\/schema\\\/logo\\\/image\\\/\"},\"sameAs\":[\"https:\\\/\\\/www.facebook.com\\\/buletin.de.buc\",\"https:\\\/\\\/www.instagram.com\\\/buletinde.bucuresti\\\/\"]},{\"@type\":\"Person\",\"@id\":\"https:\\\/\\\/buletin.de\\\/bucuresti\\\/#\\\/schema\\\/person\\\/2bbcf854e5f2419a13804af574d06ab1\",\"name\":\"Redac\u021bia Buletin de Bucure\u0219ti\",\"image\":{\"@type\":\"ImageObject\",\"inLanguage\":\"en-GB\",\"@id\":\"https:\\\/\\\/secure.gravatar.com\\\/avatar\\\/18c5342381ed1a08620e6280424e3e5efc958618f5d67c522c9e44c1bc6f9226?s=96&d=monsterid&r=g60c7cd0ad92c68c049fcd4bb3504d609\",\"url\":\"https:\\\/\\\/secure.gravatar.com\\\/avatar\\\/18c5342381ed1a08620e6280424e3e5efc958618f5d67c522c9e44c1bc6f9226?s=96&d=monsterid&r=g\",\"contentUrl\":\"https:\\\/\\\/secure.gravatar.com\\\/avatar\\\/18c5342381ed1a08620e6280424e3e5efc958618f5d67c522c9e44c1bc6f9226?s=96&d=monsterid&r=g\",\"caption\":\"Redac\u021bia Buletin de Bucure\u0219ti\"},\"description\":\"Buletin de Bucure\u0219ti exist\u0103 din vara anului 2019.\",\"url\":\"https:\\\/\\\/buletin.de\\\/bucuresti\\\/author\\\/adminbuletin\\\/\"}]}<\/script>\n<!-- \/ Yoast SEO Premium plugin. -->","yoast_head_json":{"title":"VIDEO | Nou protest pentru independen\u021ba justi\u021biei \u00een Pia\u021ba Victoriei. \u201eToat\u0103 lumea sare, Lia la \u00eenchisoare!\u201d - Buletin de Bucure\u0219ti","description":"Un nou protest pentru independen\u021ba justi\u021biei a avut loc joi seara, \u00een Pia\u021ba Victoriei. Au venit circa 1.000 de persoane.","robots":{"index":"index","follow":"follow","max-snippet":"max-snippet:-1","max-image-preview":"max-image-preview:large","max-video-preview":"max-video-preview:-1"},"canonical":"https:\/\/buletin.de\/bucuresti\/video-nou-protest-pentru-independenta-justitiei-in-piata-victoriei-toata-lumea-sare-lia-la-inchisoare\/","og_locale":"en_GB","og_type":"article","og_title":"VIDEO | Nou protest pentru independen\u021ba justi\u021biei \u00een Pia\u021ba Victoriei. \u201eToat\u0103 lumea sare, Lia la \u00eenchisoare!\u201d","og_description":"Un nou protest pentru independen\u021ba justi\u021biei a avut loc joi seara, \u00een Pia\u021ba Victoriei. Au venit circa 1.000 de persoane.","og_url":"https:\/\/buletin.de\/bucuresti\/video-nou-protest-pentru-independenta-justitiei-in-piata-victoriei-toata-lumea-sare-lia-la-inchisoare\/","og_site_name":"Buletin de Bucure\u0219ti","article_publisher":"https:\/\/www.facebook.com\/buletin.de.buc","article_published_time":"2025-12-11T20:55:35+00:00","article_modified_time":"2025-12-12T17:21:23+00:00","og_image":[{"width":1200,"height":800,"url":"https:\/\/buletin.de\/bucuresti\/wp-content\/uploads\/2025\/12\/protestjustitie_INQUAM_Photos_Octav_Ganea.jpg","type":"image\/jpeg"}],"author":"Redac\u021bia Buletin de Bucure\u0219ti","twitter_card":"summary_large_image","twitter_misc":{"Written by":"Redac\u021bia Buletin de Bucure\u0219ti","Estimated reading time":"2 minutes"},"schema":{"@context":"https:\/\/schema.org","@graph":[{"@type":"Article","@id":"https:\/\/buletin.de\/bucuresti\/video-nou-protest-pentru-independenta-justitiei-in-piata-victoriei-toata-lumea-sare-lia-la-inchisoare\/#article","isPartOf":{"@id":"https:\/\/buletin.de\/bucuresti\/video-nou-protest-pentru-independenta-justitiei-in-piata-victoriei-toata-lumea-sare-lia-la-inchisoare\/"},"author":{"name":"Redac\u021bia Buletin de Bucure\u0219ti","@id":"https:\/\/buletin.de\/bucuresti\/#\/schema\/person\/2bbcf854e5f2419a13804af574d06ab1"},"headline":"VIDEO | Nou protest pentru independen\u021ba justi\u021biei \u00een Pia\u021ba Victoriei. \u201eToat\u0103 lumea sare, Lia la \u00eenchisoare!\u201d","datePublished":"2025-12-11T20:55:35+00:00","dateModified":"2025-12-12T17:21:23+00:00","mainEntityOfPage":{"@id":"https:\/\/buletin.de\/bucuresti\/video-nou-protest-pentru-independenta-justitiei-in-piata-victoriei-toata-lumea-sare-lia-la-inchisoare\/"},"wordCount":482,"publisher":{"@id":"https:\/\/buletin.de\/bucuresti\/#organization"},"image":{"@id":"https:\/\/buletin.de\/bucuresti\/video-nou-protest-pentru-independenta-justitiei-in-piata-victoriei-toata-lumea-sare-lia-la-inchisoare\/#primaryimage"},"thumbnailUrl":"https:\/\/buletin.de\/bucuresti\/wp-content\/uploads\/2025\/12\/protestjustitie_INQUAM_Photos_Octav_Ganea.jpg","keywords":["bucuresti","Capitala","coruptie","documentar","justi\u021bie","justitie capturata","lia savonea","Predoiu","protest","recorder","Voineag"],"articleSection":["Articole","Featured","Justi\u021bie","Main"],"inLanguage":"en-GB","copyrightYear":"2025","copyrightHolder":{"@id":"https:\/\/buletin.de\/bucuresti\/#organization"}},{"@type":"WebPage","@id":"https:\/\/buletin.de\/bucuresti\/video-nou-protest-pentru-independenta-justitiei-in-piata-victoriei-toata-lumea-sare-lia-la-inchisoare\/","url":"https:\/\/buletin.de\/bucuresti\/video-nou-protest-pentru-independenta-justitiei-in-piata-victoriei-toata-lumea-sare-lia-la-inchisoare\/","name":"VIDEO | Nou protest pentru independen\u021ba justi\u021biei \u00een Pia\u021ba Victoriei. \u201eToat\u0103 lumea sare, Lia la \u00eenchisoare!\u201d - Buletin de Bucure\u0219ti","isPartOf":{"@id":"https:\/\/buletin.de\/bucuresti\/#website"},"primaryImageOfPage":{"@id":"https:\/\/buletin.de\/bucuresti\/video-nou-protest-pentru-independenta-justitiei-in-piata-victoriei-toata-lumea-sare-lia-la-inchisoare\/#primaryimage"},"image":{"@id":"https:\/\/buletin.de\/bucuresti\/video-nou-protest-pentru-independenta-justitiei-in-piata-victoriei-toata-lumea-sare-lia-la-inchisoare\/#primaryimage"},"thumbnailUrl":"https:\/\/buletin.de\/bucuresti\/wp-content\/uploads\/2025\/12\/protestjustitie_INQUAM_Photos_Octav_Ganea.jpg","datePublished":"2025-12-11T20:55:35+00:00","dateModified":"2025-12-12T17:21:23+00:00","description":"Un nou protest pentru independen\u021ba justi\u021biei a avut loc joi seara, \u00een Pia\u021ba Victoriei. Au venit circa 1.000 de persoane.","breadcrumb":{"@id":"https:\/\/buletin.de\/bucuresti\/video-nou-protest-pentru-independenta-justitiei-in-piata-victoriei-toata-lumea-sare-lia-la-inchisoare\/#breadcrumb"},"inLanguage":"en-GB","potentialAction":[{"@type":"ReadAction","target":["https:\/\/buletin.de\/bucuresti\/video-nou-protest-pentru-independenta-justitiei-in-piata-victoriei-toata-lumea-sare-lia-la-inchisoare\/"]}]},{"@type":"ImageObject","inLanguage":"en-GB","@id":"https:\/\/buletin.de\/bucuresti\/video-nou-protest-pentru-independenta-justitiei-in-piata-victoriei-toata-lumea-sare-lia-la-inchisoare\/#primaryimage","url":"https:\/\/buletin.de\/bucuresti\/wp-content\/uploads\/2025\/12\/protestjustitie_INQUAM_Photos_Octav_Ganea.jpg","contentUrl":"https:\/\/buletin.de\/bucuresti\/wp-content\/uploads\/2025\/12\/protestjustitie_INQUAM_Photos_Octav_Ganea.jpg","width":1200,"height":800,"caption":"Foto_INQUAM_Photos_Octav_Ganea"},{"@type":"BreadcrumbList","@id":"https:\/\/buletin.de\/bucuresti\/video-nou-protest-pentru-independenta-justitiei-in-piata-victoriei-toata-lumea-sare-lia-la-inchisoare\/#breadcrumb","itemListElement":[{"@type":"ListItem","position":1,"name":"Acas\u0103","item":"https:\/\/buletin.de\/bucuresti\/"},{"@type":"ListItem","position":2,"name":"VIDEO | Nou protest pentru independen\u021ba justi\u021biei \u00een Pia\u021ba Victoriei. \u201eToat\u0103 lumea sare, Lia la \u00eenchisoare!\u201d"}]},{"@type":"WebSite","@id":"https:\/\/buletin.de\/bucuresti\/#website","url":"https:\/\/buletin.de\/bucuresti\/","name":"Buletin de Bucure\u0219ti","description":"\u0218tiri \u0219i investiga\u021bii esen\u021biale din capital\u0103","publisher":{"@id":"https:\/\/buletin.de\/bucuresti\/#organization"},"potentialAction":[{"@type":"SearchAction","target":{"@type":"EntryPoint","urlTemplate":"https:\/\/buletin.de\/bucuresti\/?s={search_term_string}"},"query-input":{"@type":"PropertyValueSpecification","valueRequired":true,"valueName":"search_term_string"}}],"inLanguage":"en-GB"},{"@type":"Organization","@id":"https:\/\/buletin.de\/bucuresti\/#organization","name":"Buletin de Bucure\u0219ti","url":"https:\/\/buletin.de\/bucuresti\/","logo":{"@type":"ImageObject","inLanguage":"en-GB","@id":"https:\/\/buletin.de\/bucuresti\/#\/schema\/logo\/image\/","url":"https:\/\/buletin.de\/bucuresti\/wp-content\/uploads\/logo-bdb-full-wide-vernil-transparent.png","contentUrl":"https:\/\/buletin.de\/bucuresti\/wp-content\/uploads\/logo-bdb-full-wide-vernil-transparent.png","width":1782,"height":626,"caption":"Buletin de Bucure\u0219ti"},"image":{"@id":"https:\/\/buletin.de\/bucuresti\/#\/schema\/logo\/image\/"},"sameAs":["https:\/\/www.facebook.com\/buletin.de.buc","https:\/\/www.instagram.com\/buletinde.bucuresti\/"]},{"@type":"Person","@id":"https:\/\/buletin.de\/bucuresti\/#\/schema\/person\/2bbcf854e5f2419a13804af574d06ab1","name":"Redac\u021bia Buletin de Bucure\u0219ti","image":{"@type":"ImageObject","inLanguage":"en-GB","@id":"https:\/\/secure.gravatar.com\/avatar\/18c5342381ed1a08620e6280424e3e5efc958618f5d67c522c9e44c1bc6f9226?s=96&d=monsterid&r=g60c7cd0ad92c68c049fcd4bb3504d609","url":"https:\/\/secure.gravatar.com\/avatar\/18c5342381ed1a08620e6280424e3e5efc958618f5d67c522c9e44c1bc6f9226?s=96&d=monsterid&r=g","contentUrl":"https:\/\/secure.gravatar.com\/avatar\/18c5342381ed1a08620e6280424e3e5efc958618f5d67c522c9e44c1bc6f9226?s=96&d=monsterid&r=g","caption":"Redac\u021bia Buletin de Bucure\u0219ti"},"description":"Buletin de Bucure\u0219ti exist\u0103 din vara anului 2019.","url":"https:\/\/buletin.de\/bucuresti\/author\/adminbuletin\/"}]}},"authors":[{"term_id":22583,"user_id":1,"is_guest":0,"slug":"adminbuletin","display_name":"Redac\u021bia Buletin de Bucure\u0219ti","avatar_url":"https:\/\/secure.gravatar.com\/avatar\/18c5342381ed1a08620e6280424e3e5efc958618f5d67c522c9e44c1bc6f9226?s=96&d=monsterid&r=g","0":null,"1":"","2":"","3":"","4":"","5":"","6":"","7":"","8":""}],"_links":{"self":[{"href":"https:\/\/buletin.de\/bucuresti\/wp-json\/wp\/v2\/posts\/162064","targetHints":{"allow":["GET"]}}],"collection":[{"href":"https:\/\/buletin.de\/bucuresti\/wp-json\/wp\/v2\/posts"}],"about":[{"href":"https:\/\/buletin.de\/bucuresti\/wp-json\/wp\/v2\/types\/post"}],"author":[{"embeddable":true,"href":"https:\/\/buletin.de\/bucuresti\/wp-json\/wp\/v2\/users\/1"}],"replies":[{"embeddable":true,"href":"https:\/\/buletin.de\/bucuresti\/wp-json\/wp\/v2\/comments?post=162064"}],"version-history":[{"count":6,"href":"https:\/\/buletin.de\/bucuresti\/wp-json\/wp\/v2\/posts\/162064\/revisions"}],"predecessor-version":[{"id":162076,"href":"https:\/\/buletin.de\/bucuresti\/wp-json\/wp\/v2\/posts\/162064\/revisions\/162076"}],"wp:featuredmedia":[{"embeddable":true,"href":"https:\/\/buletin.de\/bucuresti\/wp-json\/wp\/v2\/media\/162068"}],"wp:attachment":[{"href":"https:\/\/buletin.de\/bucuresti\/wp-json\/wp\/v2\/media?parent=162064"}],"wp:term":[{"taxonomy":"category","embeddable":true,"href":"https:\/\/buletin.de\/bucuresti\/wp-json\/wp\/v2\/categories?post=162064"},{"taxonomy":"post_tag","embeddable":true,"href":"https:\/\/buletin.de\/bucuresti\/wp-json\/wp\/v2\/tags?post=162064"},{"taxonomy":"author","embeddable":true,"href":"https:\/\/buletin.de\/bucuresti\/wp-json\/wp\/v2\/ppma_author?post=162064"}],"curies":[{"name":"wp","href":"https:\/\/api.w.org\/{rel}","templated":true}]}}