{"id":162025,"date":"2025-12-11T18:53:27","date_gmt":"2025-12-11T15:53:27","guid":{"rendered":"https:\/\/buletin.de\/bucuresti\/?p=162025"},"modified":"2025-12-11T18:53:28","modified_gmt":"2025-12-11T15:53:28","slug":"cum-avanseaza-lucrarile-de-asfaltare-si-modernizare-pe-dj602-domnesti","status":"publish","type":"post","link":"https:\/\/buletin.de\/bucuresti\/cum-avanseaza-lucrarile-de-asfaltare-si-modernizare-pe-dj602-domnesti\/","title":{"rendered":"Cum avanseaz\u0103 lucr\u0103rile de asfaltare \u0219i modernizare pe DJ602 Domne\u0219ti"},"content":{"rendered":"\n<p><strong>Lucr\u0103rile de asfaltare \u0219i modernizare pe DJ602 Domne\u0219ti sunt \u00een curs de desf\u0103\u0219urare \u0219i vor fi gata anul viitor, dup\u0103 cum a anun\u021bat Consiliul Jude\u021bean Ilfov. Proiectul este finan\u021bat din fonduri europene. <\/strong><\/p>\n\n\n\n<p>\u00cen prezent, pe <strong>tronsonul de 6,7 kilometri<\/strong> se execut\u0103 lucr\u0103ri de asfaltare, amenajare a canaliz\u0103rii pluviale, precum \u0219i realizarea de piste de biciclete, alveole pentru spa\u021bii verzi, trotuare \u0219i accese c\u0103tre propriet\u0103\u021bi. <\/p>\n\n\n\n<h2 class=\"wp-block-heading\" id=\"h-stadiul-lucrarilor-de-pe-dj602-domne\u0219ti\">Stadiul lucr\u0103rilor de pe DJ602 Domne\u0219ti <\/h2>\n\n\n\n<p>Acest proiect include \u0219i <strong>amenajarea a 13 kilometri de piste de biciclete \u0219i al\u021bi 13 kilometri de trotuare<\/strong>, pentru a transforma DJ602 \u00eentr-un drum important pentru mobilitatea \u0219i infrastructura edilitar\u0103\u00a0din aceast\u0103 zon\u0103 a jude\u021bului.<\/p>\n\n\n\n<p><strong><a href=\"https:\/\/buletin.de\/bucuresti\/video-incident-bizar-pe-dj602-care-leaga-ilfovul-de-giurgiu-un-proiectil-roata-a-lovit-o-curte-din-comuna-sabareni\/\" target=\"_blank\" rel=\"noreferrer noopener\">Drumul <\/a>asigur\u0103 leg\u0103tura dintre Centura Bucure\u0219ti \u0219i DJ 401A, fiind necesar pentru fluidizarea traficului.<\/strong> Acesta tranziteaz\u0103 localitatea Domne\u0219ti, deservind peste 12.000 de locuitori. <\/p>\n\n\n\n<p>Lucr\u0103rile au debutat anul acesta, \u00een octombrie, iar finalizarea acestora este este estimat\u0103 <strong>spre sf\u00e2r\u0219itul anului viitor<\/strong>, dup\u0103 cum a mai precizat <a href=\"https:\/\/cjilfov.ro\/stiri\/informare-de-presa-lucrarile-pe-dj602-domnesti-sunt-in-plina-desfasurare\/\" target=\"_blank\" rel=\"noreferrer noopener\">CJ Ilfov<\/a>. <\/p>\n\n\n\n<div class=\"wp-block-group\"><div class=\"wp-block-group__inner-container is-layout-constrained wp-block-group-is-layout-constrained\">\n<div class=\"wp-block-columns is-layout-flex wp-container-core-columns-is-layout-9d6595d7 wp-block-columns-is-layout-flex\">\n<div class=\"wp-block-column is-layout-flow wp-block-column-is-layout-flow\" style=\"flex-basis:100%\">\n<figure class=\"wp-block-gallery has-nested-images columns-default is-cropped wp-block-gallery-1 is-layout-flex wp-block-gallery-is-layout-flex\">\n<figure class=\"wp-block-image size-large\"><img fetchpriority=\"high\" decoding=\"async\" width=\"1000\" height=\"750\" data-id=\"162033\" src=\"data:image\/gif;base64,R0lGODlhAQABAAAAACH5BAEKAAEALAAAAAABAAEAAAICTAEAOw==\" data-src=\"https:\/\/buletin.de\/bucuresti\/wp-content\/uploads\/2025\/12\/595037506_1266840882147440_933938973381265569_n-1000x750.jpg\" alt=\"\" class=\"wp-image-162033 lazyload\" data-sizes=\"auto\" data-srcset=\"https:\/\/buletin.de\/bucuresti\/wp-content\/uploads\/2025\/12\/595037506_1266840882147440_933938973381265569_n-1000x750.jpg 1000w, https:\/\/buletin.de\/bucuresti\/wp-content\/uploads\/2025\/12\/595037506_1266840882147440_933938973381265569_n-300x225.jpg 300w, https:\/\/buletin.de\/bucuresti\/wp-content\/uploads\/2025\/12\/595037506_1266840882147440_933938973381265569_n-768x576.jpg 768w, https:\/\/buletin.de\/bucuresti\/wp-content\/uploads\/2025\/12\/595037506_1266840882147440_933938973381265569_n-1536x1152.jpg 1536w, https:\/\/buletin.de\/bucuresti\/wp-content\/uploads\/2025\/12\/595037506_1266840882147440_933938973381265569_n-1100x825.jpg 1100w, https:\/\/buletin.de\/bucuresti\/wp-content\/uploads\/2025\/12\/595037506_1266840882147440_933938973381265569_n-600x450.jpg 600w, https:\/\/buletin.de\/bucuresti\/wp-content\/uploads\/2025\/12\/595037506_1266840882147440_933938973381265569_n-20x15.jpg 20w, https:\/\/buletin.de\/bucuresti\/wp-content\/uploads\/2025\/12\/595037506_1266840882147440_933938973381265569_n.jpg 1600w\" sizes=\"(max-width: 1000px) 100vw, 1000px\" \/><\/figure>\n\n\n\n<figure class=\"wp-block-image size-large\"><img decoding=\"async\" width=\"1000\" height=\"750\" data-id=\"162034\" src=\"data:image\/gif;base64,R0lGODlhAQABAAAAACH5BAEKAAEALAAAAAABAAEAAAICTAEAOw==\" data-src=\"https:\/\/buletin.de\/bucuresti\/wp-content\/uploads\/2025\/12\/597965273_1266840828814112_6356559536291184576_n-1000x750.jpg\" alt=\"\" class=\"wp-image-162034 lazyload\" data-sizes=\"auto\" data-srcset=\"https:\/\/buletin.de\/bucuresti\/wp-content\/uploads\/2025\/12\/597965273_1266840828814112_6356559536291184576_n-1000x750.jpg 1000w, https:\/\/buletin.de\/bucuresti\/wp-content\/uploads\/2025\/12\/597965273_1266840828814112_6356559536291184576_n-300x225.jpg 300w, https:\/\/buletin.de\/bucuresti\/wp-content\/uploads\/2025\/12\/597965273_1266840828814112_6356559536291184576_n-768x576.jpg 768w, https:\/\/buletin.de\/bucuresti\/wp-content\/uploads\/2025\/12\/597965273_1266840828814112_6356559536291184576_n-1536x1152.jpg 1536w, https:\/\/buletin.de\/bucuresti\/wp-content\/uploads\/2025\/12\/597965273_1266840828814112_6356559536291184576_n-1100x825.jpg 1100w, https:\/\/buletin.de\/bucuresti\/wp-content\/uploads\/2025\/12\/597965273_1266840828814112_6356559536291184576_n-600x450.jpg 600w, https:\/\/buletin.de\/bucuresti\/wp-content\/uploads\/2025\/12\/597965273_1266840828814112_6356559536291184576_n-20x15.jpg 20w, https:\/\/buletin.de\/bucuresti\/wp-content\/uploads\/2025\/12\/597965273_1266840828814112_6356559536291184576_n.jpg 1600w\" sizes=\"(max-width: 1000px) 100vw, 1000px\" \/><\/figure>\n\n\n\n<figure class=\"wp-block-image size-large\"><img decoding=\"async\" width=\"1000\" height=\"750\" data-id=\"162035\" src=\"data:image\/gif;base64,R0lGODlhAQABAAAAACH5BAEKAAEALAAAAAABAAEAAAICTAEAOw==\" data-src=\"https:\/\/buletin.de\/bucuresti\/wp-content\/uploads\/2025\/12\/595361058_1266840772147451_6219537991222787158_n-1000x750.jpg\" alt=\"\" class=\"wp-image-162035 lazyload\" data-sizes=\"auto\" data-srcset=\"https:\/\/buletin.de\/bucuresti\/wp-content\/uploads\/2025\/12\/595361058_1266840772147451_6219537991222787158_n-1000x750.jpg 1000w, https:\/\/buletin.de\/bucuresti\/wp-content\/uploads\/2025\/12\/595361058_1266840772147451_6219537991222787158_n-300x225.jpg 300w, https:\/\/buletin.de\/bucuresti\/wp-content\/uploads\/2025\/12\/595361058_1266840772147451_6219537991222787158_n-768x576.jpg 768w, https:\/\/buletin.de\/bucuresti\/wp-content\/uploads\/2025\/12\/595361058_1266840772147451_6219537991222787158_n-1536x1152.jpg 1536w, https:\/\/buletin.de\/bucuresti\/wp-content\/uploads\/2025\/12\/595361058_1266840772147451_6219537991222787158_n-1100x825.jpg 1100w, https:\/\/buletin.de\/bucuresti\/wp-content\/uploads\/2025\/12\/595361058_1266840772147451_6219537991222787158_n-600x450.jpg 600w, https:\/\/buletin.de\/bucuresti\/wp-content\/uploads\/2025\/12\/595361058_1266840772147451_6219537991222787158_n-20x15.jpg 20w, https:\/\/buletin.de\/bucuresti\/wp-content\/uploads\/2025\/12\/595361058_1266840772147451_6219537991222787158_n.jpg 1600w\" sizes=\"(max-width: 1000px) 100vw, 1000px\" \/><\/figure>\n<\/figure>\n<\/div>\n<\/div>\n<\/div><\/div>\n\n\n\n<h2 class=\"wp-block-heading\" id=\"h-a-fost-semnat-studiul-de-fezabilitate-pentru-drumul-de-mare-viteza-bucure\u0219ti-giurgiu\">A fost semnat studiul de fezabilitate pentru drumul de mare vitez\u0103 Bucure\u0219ti-Giurgiu<\/h2>\n\n\n\n<p>Joi, 11 decembrie, Compania Na\u021bional\u0103 de Investi\u021bii Rutiere (CNIR) a anun\u021bat c\u0103 a semnat contractul pentru studiul de fezabilitate privind <strong>drumul de mare vitez\u0103 Bucure\u0219ti &#8211; Giurgiu<\/strong>, prima \u0219osea rapid\u0103 care se proiecteaz\u0103 la grani\u021ba Rom\u00e2niei cu Bulgaria. <\/p>\n\n\n\n<p>Contractul a fost semnat cu asocierea de firme Activ Proiectare Infrastructur\u0103 S.R.L. (liderul Asocierii) &#8211; Emay Uluslararasi Muhendislik ve Mu\u0219avirlik Anonim \u0218irketi, iar CNIR va pl\u0103ti suma de<strong> 33 milioane de lei.<\/strong><\/p>\n\n\n\n<p>Potrivit contractului, studiul ar urma s\u0103 fie gata \u00een 18 luni. Este nevoie de 16 luni pentru realizarea studiului \u0219i de alte dou\u0103 luni pentru asisten\u021b\u0103 tehnic\u0103 necesar\u0103 preg\u0103tirii contractului pentru proiectare \u0219i execu\u021bie. <\/p>\n\n\n\n<p>Studiul de Fezabilitate va stabili nu doar variantele de traseu, ci \u0219i<strong> profilul drumului de mare vitez\u0103 &#8211; dac\u0103 va fi autostrad\u0103 sau drum expres. <\/strong>Se vor stabili inclusiv structura \u0219i conexiunile cu alte obiecte de investi\u021bii. Mai multe detalii <a href=\"https:\/\/buletin.de\/bucuresti\/a-fost-semnat-studiul-de-fezabilitate-pentru-drumul-de-mare-viteza-bucuresti-giurgiu\/\" target=\"_blank\" rel=\"noreferrer noopener\">AICI<\/a>.<\/p>\n\n\n\n<p>CITE\u0218TE \u0218I <a href=\"https:\/\/buletin.de\/bucuresti\/panouri-pentru-informarea-calatorilor-in-statiile-stb-licitatie-de-21-de-milioane-de-euro\/\" target=\"_blank\" rel=\"noreferrer noopener\">Panouri pentru informarea c\u0103l\u0103torilor, \u00een sta\u021biile STB. Licita\u021bie de 21 de milioane de euro<\/a><\/p>\n\n\n\n<p><\/p>\n\n\n\n<p><\/p>\n","protected":false},"excerpt":{"rendered":"<p>Lucr\u0103rile de asfaltare \u0219i modernizare pe DJ602 Domne\u0219ti sunt \u00een curs de desf\u0103\u0219urare \u0219i vor fi gata anul viitor, dup\u0103 cum a anun\u021bat Consiliul Jude\u021bean Ilfov. Proiectul este finan\u021bat din fonduri europene. \u00cen prezent, pe tronsonul de 6,7 kilometri se execut\u0103 lucr\u0103ri de asfaltare, amenajare a canaliz\u0103rii pluviale, precum \u0219i realizarea de piste de biciclete, [&hellip;]<\/p>\n","protected":false},"author":65,"featured_media":162039,"comment_status":"closed","ping_status":"open","sticky":false,"template":"","format":"standard","meta":{"_acf_changed":false,"inline_featured_image":false,"ngg_post_thumbnail":0,"footnotes":""},"categories":[6994,1432,62,650],"tags":[15746,1759,820,439],"ppma_author":[23912],"class_list":["post-162025","post","type-post","status-publish","format-standard","has-post-thumbnail","hentry","category-stiri-2","category-buletin-de-ilfov","category-stiri","category-transport","tag-dj602","tag-domnesti-2","tag-ilfov","tag-lucrari"],"acf":[],"yoast_head":"<!-- This site is optimized with the Yoast SEO Premium plugin v25.3 (Yoast SEO v27.4) - https:\/\/yoast.com\/product\/yoast-seo-premium-wordpress\/ -->\n<title>Cum avanseaz\u0103 lucr\u0103rile de asfaltare \u0219i modernizare pe DJ602 Domne\u0219ti - Buletin de Bucure\u0219ti<\/title>\n<meta name=\"description\" content=\"Lucr\u0103rile de asfaltare \u0219i modernizare pe DJ602 Domne\u0219ti sunt \u00een curs de desf\u0103\u0219urare \u0219i vor fi gata anul viitor, dup\u0103 cum a anun\u021bat CJ Ilfov.\" \/>\n<meta name=\"robots\" content=\"index, follow, max-snippet:-1, max-image-preview:large, max-video-preview:-1\" \/>\n<link rel=\"canonical\" href=\"https:\/\/buletin.de\/bucuresti\/cum-avanseaza-lucrarile-de-asfaltare-si-modernizare-pe-dj602-domnesti\/\" \/>\n<meta property=\"og:locale\" content=\"en_GB\" \/>\n<meta property=\"og:type\" content=\"article\" \/>\n<meta property=\"og:title\" content=\"Cum avanseaz\u0103 lucr\u0103rile de asfaltare \u0219i modernizare pe DJ602 Domne\u0219ti\" \/>\n<meta property=\"og:description\" content=\"Lucr\u0103rile de asfaltare \u0219i modernizare pe DJ602 Domne\u0219ti sunt \u00een curs de desf\u0103\u0219urare \u0219i vor fi gata anul viitor, dup\u0103 cum a anun\u021bat CJ Ilfov.\" \/>\n<meta property=\"og:url\" content=\"https:\/\/buletin.de\/bucuresti\/cum-avanseaza-lucrarile-de-asfaltare-si-modernizare-pe-dj602-domnesti\/\" \/>\n<meta property=\"og:site_name\" content=\"Buletin de Bucure\u0219ti\" \/>\n<meta property=\"article:publisher\" content=\"https:\/\/www.facebook.com\/buletin.de.buc\" \/>\n<meta property=\"article:published_time\" content=\"2025-12-11T15:53:27+00:00\" \/>\n<meta property=\"article:modified_time\" content=\"2025-12-11T15:53:28+00:00\" \/>\n<meta property=\"og:image\" content=\"https:\/\/buletin.de\/bucuresti\/wp-content\/uploads\/2025\/12\/DJ602-Domnesti.jpg\" \/>\n\t<meta property=\"og:image:width\" content=\"1200\" \/>\n\t<meta property=\"og:image:height\" content=\"698\" \/>\n\t<meta property=\"og:image:type\" content=\"image\/jpeg\" \/>\n<meta name=\"author\" content=\"Andreea St\u0103n\u0103r\u00eeng\u0103\" \/>\n<meta name=\"twitter:card\" content=\"summary_large_image\" \/>\n<meta name=\"twitter:label1\" content=\"Written by\" \/>\n\t<meta name=\"twitter:data1\" content=\"Andreea St\u0103n\u0103r\u00eeng\u0103\" \/>\n\t<meta name=\"twitter:label2\" content=\"Estimated reading time\" \/>\n\t<meta name=\"twitter:data2\" content=\"3 minutes\" \/>\n<script type=\"application\/ld+json\" class=\"yoast-schema-graph\">{\"@context\":\"https:\\\/\\\/schema.org\",\"@graph\":[{\"@type\":\"Article\",\"@id\":\"https:\\\/\\\/buletin.de\\\/bucuresti\\\/cum-avanseaza-lucrarile-de-asfaltare-si-modernizare-pe-dj602-domnesti\\\/#article\",\"isPartOf\":{\"@id\":\"https:\\\/\\\/buletin.de\\\/bucuresti\\\/cum-avanseaza-lucrarile-de-asfaltare-si-modernizare-pe-dj602-domnesti\\\/\"},\"author\":{\"name\":\"Andreea St\u0103n\u0103r\u00eeng\u0103\",\"@id\":\"https:\\\/\\\/buletin.de\\\/bucuresti\\\/#\\\/schema\\\/person\\\/81421a46fb84a0887cfd2238f5202586\"},\"headline\":\"Cum avanseaz\u0103 lucr\u0103rile de asfaltare \u0219i modernizare pe DJ602 Domne\u0219ti\",\"datePublished\":\"2025-12-11T15:53:27+00:00\",\"dateModified\":\"2025-12-11T15:53:28+00:00\",\"mainEntityOfPage\":{\"@id\":\"https:\\\/\\\/buletin.de\\\/bucuresti\\\/cum-avanseaza-lucrarile-de-asfaltare-si-modernizare-pe-dj602-domnesti\\\/\"},\"wordCount\":368,\"publisher\":{\"@id\":\"https:\\\/\\\/buletin.de\\\/bucuresti\\\/#organization\"},\"image\":{\"@id\":\"https:\\\/\\\/buletin.de\\\/bucuresti\\\/cum-avanseaza-lucrarile-de-asfaltare-si-modernizare-pe-dj602-domnesti\\\/#primaryimage\"},\"thumbnailUrl\":\"https:\\\/\\\/buletin.de\\\/bucuresti\\\/wp-content\\\/uploads\\\/2025\\\/12\\\/DJ602-Domnesti.jpg\",\"keywords\":[\"DJ602\",\"domnesti\",\"Ilfov\",\"lucrari\"],\"articleSection\":[\"Articole\",\"Buletin de Ilfov\",\"\u0218tiri\",\"Transport\"],\"inLanguage\":\"en-GB\",\"copyrightYear\":\"2025\",\"copyrightHolder\":{\"@id\":\"https:\\\/\\\/buletin.de\\\/bucuresti\\\/#organization\"}},{\"@type\":\"WebPage\",\"@id\":\"https:\\\/\\\/buletin.de\\\/bucuresti\\\/cum-avanseaza-lucrarile-de-asfaltare-si-modernizare-pe-dj602-domnesti\\\/\",\"url\":\"https:\\\/\\\/buletin.de\\\/bucuresti\\\/cum-avanseaza-lucrarile-de-asfaltare-si-modernizare-pe-dj602-domnesti\\\/\",\"name\":\"Cum avanseaz\u0103 lucr\u0103rile de asfaltare \u0219i modernizare pe DJ602 Domne\u0219ti - Buletin de Bucure\u0219ti\",\"isPartOf\":{\"@id\":\"https:\\\/\\\/buletin.de\\\/bucuresti\\\/#website\"},\"primaryImageOfPage\":{\"@id\":\"https:\\\/\\\/buletin.de\\\/bucuresti\\\/cum-avanseaza-lucrarile-de-asfaltare-si-modernizare-pe-dj602-domnesti\\\/#primaryimage\"},\"image\":{\"@id\":\"https:\\\/\\\/buletin.de\\\/bucuresti\\\/cum-avanseaza-lucrarile-de-asfaltare-si-modernizare-pe-dj602-domnesti\\\/#primaryimage\"},\"thumbnailUrl\":\"https:\\\/\\\/buletin.de\\\/bucuresti\\\/wp-content\\\/uploads\\\/2025\\\/12\\\/DJ602-Domnesti.jpg\",\"datePublished\":\"2025-12-11T15:53:27+00:00\",\"dateModified\":\"2025-12-11T15:53:28+00:00\",\"description\":\"Lucr\u0103rile de asfaltare \u0219i modernizare pe DJ602 Domne\u0219ti sunt \u00een curs de desf\u0103\u0219urare \u0219i vor fi gata anul viitor, dup\u0103 cum a anun\u021bat CJ Ilfov.\",\"breadcrumb\":{\"@id\":\"https:\\\/\\\/buletin.de\\\/bucuresti\\\/cum-avanseaza-lucrarile-de-asfaltare-si-modernizare-pe-dj602-domnesti\\\/#breadcrumb\"},\"inLanguage\":\"en-GB\",\"potentialAction\":[{\"@type\":\"ReadAction\",\"target\":[\"https:\\\/\\\/buletin.de\\\/bucuresti\\\/cum-avanseaza-lucrarile-de-asfaltare-si-modernizare-pe-dj602-domnesti\\\/\"]}]},{\"@type\":\"ImageObject\",\"inLanguage\":\"en-GB\",\"@id\":\"https:\\\/\\\/buletin.de\\\/bucuresti\\\/cum-avanseaza-lucrarile-de-asfaltare-si-modernizare-pe-dj602-domnesti\\\/#primaryimage\",\"url\":\"https:\\\/\\\/buletin.de\\\/bucuresti\\\/wp-content\\\/uploads\\\/2025\\\/12\\\/DJ602-Domnesti.jpg\",\"contentUrl\":\"https:\\\/\\\/buletin.de\\\/bucuresti\\\/wp-content\\\/uploads\\\/2025\\\/12\\\/DJ602-Domnesti.jpg\",\"width\":1200,\"height\":698,\"caption\":\"Care e stadiul lucr\u0103rilor la drumul DJ602 Domne\u0219ti. Foto: CJ Ilfov\"},{\"@type\":\"BreadcrumbList\",\"@id\":\"https:\\\/\\\/buletin.de\\\/bucuresti\\\/cum-avanseaza-lucrarile-de-asfaltare-si-modernizare-pe-dj602-domnesti\\\/#breadcrumb\",\"itemListElement\":[{\"@type\":\"ListItem\",\"position\":1,\"name\":\"Acas\u0103\",\"item\":\"https:\\\/\\\/buletin.de\\\/bucuresti\\\/\"},{\"@type\":\"ListItem\",\"position\":2,\"name\":\"Cum avanseaz\u0103 lucr\u0103rile de asfaltare \u0219i modernizare pe DJ602 Domne\u0219ti\"}]},{\"@type\":\"WebSite\",\"@id\":\"https:\\\/\\\/buletin.de\\\/bucuresti\\\/#website\",\"url\":\"https:\\\/\\\/buletin.de\\\/bucuresti\\\/\",\"name\":\"Buletin de Bucure\u0219ti\",\"description\":\"\u0218tiri \u0219i investiga\u021bii esen\u021biale din capital\u0103\",\"publisher\":{\"@id\":\"https:\\\/\\\/buletin.de\\\/bucuresti\\\/#organization\"},\"potentialAction\":[{\"@type\":\"SearchAction\",\"target\":{\"@type\":\"EntryPoint\",\"urlTemplate\":\"https:\\\/\\\/buletin.de\\\/bucuresti\\\/?s={search_term_string}\"},\"query-input\":{\"@type\":\"PropertyValueSpecification\",\"valueRequired\":true,\"valueName\":\"search_term_string\"}}],\"inLanguage\":\"en-GB\"},{\"@type\":\"Organization\",\"@id\":\"https:\\\/\\\/buletin.de\\\/bucuresti\\\/#organization\",\"name\":\"Buletin de Bucure\u0219ti\",\"url\":\"https:\\\/\\\/buletin.de\\\/bucuresti\\\/\",\"logo\":{\"@type\":\"ImageObject\",\"inLanguage\":\"en-GB\",\"@id\":\"https:\\\/\\\/buletin.de\\\/bucuresti\\\/#\\\/schema\\\/logo\\\/image\\\/\",\"url\":\"https:\\\/\\\/buletin.de\\\/bucuresti\\\/wp-content\\\/uploads\\\/logo-bdb-full-wide-vernil-transparent.png\",\"contentUrl\":\"https:\\\/\\\/buletin.de\\\/bucuresti\\\/wp-content\\\/uploads\\\/logo-bdb-full-wide-vernil-transparent.png\",\"width\":1782,\"height\":626,\"caption\":\"Buletin de Bucure\u0219ti\"},\"image\":{\"@id\":\"https:\\\/\\\/buletin.de\\\/bucuresti\\\/#\\\/schema\\\/logo\\\/image\\\/\"},\"sameAs\":[\"https:\\\/\\\/www.facebook.com\\\/buletin.de.buc\",\"https:\\\/\\\/www.instagram.com\\\/buletinde.bucuresti\\\/\"]},{\"@type\":\"Person\",\"@id\":\"https:\\\/\\\/buletin.de\\\/bucuresti\\\/#\\\/schema\\\/person\\\/81421a46fb84a0887cfd2238f5202586\",\"name\":\"Andreea St\u0103n\u0103r\u00eeng\u0103\",\"image\":{\"@type\":\"ImageObject\",\"inLanguage\":\"en-GB\",\"@id\":\"https:\\\/\\\/secure.gravatar.com\\\/avatar\\\/dfa8d227a4388fad0f0bb03add04b5b176f4da34397dbb2eadc563b3d7162ce0?s=96&d=monsterid&r=g72784372b39ffe5a98a45288fe0d0e8a\",\"url\":\"https:\\\/\\\/secure.gravatar.com\\\/avatar\\\/dfa8d227a4388fad0f0bb03add04b5b176f4da34397dbb2eadc563b3d7162ce0?s=96&d=monsterid&r=g\",\"contentUrl\":\"https:\\\/\\\/secure.gravatar.com\\\/avatar\\\/dfa8d227a4388fad0f0bb03add04b5b176f4da34397dbb2eadc563b3d7162ce0?s=96&d=monsterid&r=g\",\"caption\":\"Andreea St\u0103n\u0103r\u00eeng\u0103\"},\"description\":\"Cu o experien\u021b\u0103 de peste 5 ani \u00een pres\u0103, face parte din echipa Buletin de Bucure\u0219ti din septembrie 2025. A colaborat cu c\u00e2teva publica\u021bii, printre care \u0219i Fanatik.ro, unde s-a ocupat de \u0219tiri de lifestyle \u0219i de actualitate. A f\u0103cut un pas c\u0103tre presa local\u0103 pentru a explora Bucure\u0219tiul \u0219i pove\u0219tile care merit\u0103 spuse.\",\"url\":\"https:\\\/\\\/buletin.de\\\/bucuresti\\\/author\\\/andreea-stanaranga\\\/\"}]}<\/script>\n<!-- \/ Yoast SEO Premium plugin. -->","yoast_head_json":{"title":"Cum avanseaz\u0103 lucr\u0103rile de asfaltare \u0219i modernizare pe DJ602 Domne\u0219ti - Buletin de Bucure\u0219ti","description":"Lucr\u0103rile de asfaltare \u0219i modernizare pe DJ602 Domne\u0219ti sunt \u00een curs de desf\u0103\u0219urare \u0219i vor fi gata anul viitor, dup\u0103 cum a anun\u021bat CJ Ilfov.","robots":{"index":"index","follow":"follow","max-snippet":"max-snippet:-1","max-image-preview":"max-image-preview:large","max-video-preview":"max-video-preview:-1"},"canonical":"https:\/\/buletin.de\/bucuresti\/cum-avanseaza-lucrarile-de-asfaltare-si-modernizare-pe-dj602-domnesti\/","og_locale":"en_GB","og_type":"article","og_title":"Cum avanseaz\u0103 lucr\u0103rile de asfaltare \u0219i modernizare pe DJ602 Domne\u0219ti","og_description":"Lucr\u0103rile de asfaltare \u0219i modernizare pe DJ602 Domne\u0219ti sunt \u00een curs de desf\u0103\u0219urare \u0219i vor fi gata anul viitor, dup\u0103 cum a anun\u021bat CJ Ilfov.","og_url":"https:\/\/buletin.de\/bucuresti\/cum-avanseaza-lucrarile-de-asfaltare-si-modernizare-pe-dj602-domnesti\/","og_site_name":"Buletin de Bucure\u0219ti","article_publisher":"https:\/\/www.facebook.com\/buletin.de.buc","article_published_time":"2025-12-11T15:53:27+00:00","article_modified_time":"2025-12-11T15:53:28+00:00","og_image":[{"width":1200,"height":698,"url":"https:\/\/buletin.de\/bucuresti\/wp-content\/uploads\/2025\/12\/DJ602-Domnesti.jpg","type":"image\/jpeg"}],"author":"Andreea St\u0103n\u0103r\u00eeng\u0103","twitter_card":"summary_large_image","twitter_misc":{"Written by":"Andreea St\u0103n\u0103r\u00eeng\u0103","Estimated reading time":"3 minutes"},"schema":{"@context":"https:\/\/schema.org","@graph":[{"@type":"Article","@id":"https:\/\/buletin.de\/bucuresti\/cum-avanseaza-lucrarile-de-asfaltare-si-modernizare-pe-dj602-domnesti\/#article","isPartOf":{"@id":"https:\/\/buletin.de\/bucuresti\/cum-avanseaza-lucrarile-de-asfaltare-si-modernizare-pe-dj602-domnesti\/"},"author":{"name":"Andreea St\u0103n\u0103r\u00eeng\u0103","@id":"https:\/\/buletin.de\/bucuresti\/#\/schema\/person\/81421a46fb84a0887cfd2238f5202586"},"headline":"Cum avanseaz\u0103 lucr\u0103rile de asfaltare \u0219i modernizare pe DJ602 Domne\u0219ti","datePublished":"2025-12-11T15:53:27+00:00","dateModified":"2025-12-11T15:53:28+00:00","mainEntityOfPage":{"@id":"https:\/\/buletin.de\/bucuresti\/cum-avanseaza-lucrarile-de-asfaltare-si-modernizare-pe-dj602-domnesti\/"},"wordCount":368,"publisher":{"@id":"https:\/\/buletin.de\/bucuresti\/#organization"},"image":{"@id":"https:\/\/buletin.de\/bucuresti\/cum-avanseaza-lucrarile-de-asfaltare-si-modernizare-pe-dj602-domnesti\/#primaryimage"},"thumbnailUrl":"https:\/\/buletin.de\/bucuresti\/wp-content\/uploads\/2025\/12\/DJ602-Domnesti.jpg","keywords":["DJ602","domnesti","Ilfov","lucrari"],"articleSection":["Articole","Buletin de Ilfov","\u0218tiri","Transport"],"inLanguage":"en-GB","copyrightYear":"2025","copyrightHolder":{"@id":"https:\/\/buletin.de\/bucuresti\/#organization"}},{"@type":"WebPage","@id":"https:\/\/buletin.de\/bucuresti\/cum-avanseaza-lucrarile-de-asfaltare-si-modernizare-pe-dj602-domnesti\/","url":"https:\/\/buletin.de\/bucuresti\/cum-avanseaza-lucrarile-de-asfaltare-si-modernizare-pe-dj602-domnesti\/","name":"Cum avanseaz\u0103 lucr\u0103rile de asfaltare \u0219i modernizare pe DJ602 Domne\u0219ti - Buletin de Bucure\u0219ti","isPartOf":{"@id":"https:\/\/buletin.de\/bucuresti\/#website"},"primaryImageOfPage":{"@id":"https:\/\/buletin.de\/bucuresti\/cum-avanseaza-lucrarile-de-asfaltare-si-modernizare-pe-dj602-domnesti\/#primaryimage"},"image":{"@id":"https:\/\/buletin.de\/bucuresti\/cum-avanseaza-lucrarile-de-asfaltare-si-modernizare-pe-dj602-domnesti\/#primaryimage"},"thumbnailUrl":"https:\/\/buletin.de\/bucuresti\/wp-content\/uploads\/2025\/12\/DJ602-Domnesti.jpg","datePublished":"2025-12-11T15:53:27+00:00","dateModified":"2025-12-11T15:53:28+00:00","description":"Lucr\u0103rile de asfaltare \u0219i modernizare pe DJ602 Domne\u0219ti sunt \u00een curs de desf\u0103\u0219urare \u0219i vor fi gata anul viitor, dup\u0103 cum a anun\u021bat CJ Ilfov.","breadcrumb":{"@id":"https:\/\/buletin.de\/bucuresti\/cum-avanseaza-lucrarile-de-asfaltare-si-modernizare-pe-dj602-domnesti\/#breadcrumb"},"inLanguage":"en-GB","potentialAction":[{"@type":"ReadAction","target":["https:\/\/buletin.de\/bucuresti\/cum-avanseaza-lucrarile-de-asfaltare-si-modernizare-pe-dj602-domnesti\/"]}]},{"@type":"ImageObject","inLanguage":"en-GB","@id":"https:\/\/buletin.de\/bucuresti\/cum-avanseaza-lucrarile-de-asfaltare-si-modernizare-pe-dj602-domnesti\/#primaryimage","url":"https:\/\/buletin.de\/bucuresti\/wp-content\/uploads\/2025\/12\/DJ602-Domnesti.jpg","contentUrl":"https:\/\/buletin.de\/bucuresti\/wp-content\/uploads\/2025\/12\/DJ602-Domnesti.jpg","width":1200,"height":698,"caption":"Care e stadiul lucr\u0103rilor la drumul DJ602 Domne\u0219ti. Foto: CJ Ilfov"},{"@type":"BreadcrumbList","@id":"https:\/\/buletin.de\/bucuresti\/cum-avanseaza-lucrarile-de-asfaltare-si-modernizare-pe-dj602-domnesti\/#breadcrumb","itemListElement":[{"@type":"ListItem","position":1,"name":"Acas\u0103","item":"https:\/\/buletin.de\/bucuresti\/"},{"@type":"ListItem","position":2,"name":"Cum avanseaz\u0103 lucr\u0103rile de asfaltare \u0219i modernizare pe DJ602 Domne\u0219ti"}]},{"@type":"WebSite","@id":"https:\/\/buletin.de\/bucuresti\/#website","url":"https:\/\/buletin.de\/bucuresti\/","name":"Buletin de Bucure\u0219ti","description":"\u0218tiri \u0219i investiga\u021bii esen\u021biale din capital\u0103","publisher":{"@id":"https:\/\/buletin.de\/bucuresti\/#organization"},"potentialAction":[{"@type":"SearchAction","target":{"@type":"EntryPoint","urlTemplate":"https:\/\/buletin.de\/bucuresti\/?s={search_term_string}"},"query-input":{"@type":"PropertyValueSpecification","valueRequired":true,"valueName":"search_term_string"}}],"inLanguage":"en-GB"},{"@type":"Organization","@id":"https:\/\/buletin.de\/bucuresti\/#organization","name":"Buletin de Bucure\u0219ti","url":"https:\/\/buletin.de\/bucuresti\/","logo":{"@type":"ImageObject","inLanguage":"en-GB","@id":"https:\/\/buletin.de\/bucuresti\/#\/schema\/logo\/image\/","url":"https:\/\/buletin.de\/bucuresti\/wp-content\/uploads\/logo-bdb-full-wide-vernil-transparent.png","contentUrl":"https:\/\/buletin.de\/bucuresti\/wp-content\/uploads\/logo-bdb-full-wide-vernil-transparent.png","width":1782,"height":626,"caption":"Buletin de Bucure\u0219ti"},"image":{"@id":"https:\/\/buletin.de\/bucuresti\/#\/schema\/logo\/image\/"},"sameAs":["https:\/\/www.facebook.com\/buletin.de.buc","https:\/\/www.instagram.com\/buletinde.bucuresti\/"]},{"@type":"Person","@id":"https:\/\/buletin.de\/bucuresti\/#\/schema\/person\/81421a46fb84a0887cfd2238f5202586","name":"Andreea St\u0103n\u0103r\u00eeng\u0103","image":{"@type":"ImageObject","inLanguage":"en-GB","@id":"https:\/\/secure.gravatar.com\/avatar\/dfa8d227a4388fad0f0bb03add04b5b176f4da34397dbb2eadc563b3d7162ce0?s=96&d=monsterid&r=g72784372b39ffe5a98a45288fe0d0e8a","url":"https:\/\/secure.gravatar.com\/avatar\/dfa8d227a4388fad0f0bb03add04b5b176f4da34397dbb2eadc563b3d7162ce0?s=96&d=monsterid&r=g","contentUrl":"https:\/\/secure.gravatar.com\/avatar\/dfa8d227a4388fad0f0bb03add04b5b176f4da34397dbb2eadc563b3d7162ce0?s=96&d=monsterid&r=g","caption":"Andreea St\u0103n\u0103r\u00eeng\u0103"},"description":"Cu o experien\u021b\u0103 de peste 5 ani \u00een pres\u0103, face parte din echipa Buletin de Bucure\u0219ti din septembrie 2025. A colaborat cu c\u00e2teva publica\u021bii, printre care \u0219i Fanatik.ro, unde s-a ocupat de \u0219tiri de lifestyle \u0219i de actualitate. A f\u0103cut un pas c\u0103tre presa local\u0103 pentru a explora Bucure\u0219tiul \u0219i pove\u0219tile care merit\u0103 spuse.","url":"https:\/\/buletin.de\/bucuresti\/author\/andreea-stanaranga\/"}]}},"authors":[{"term_id":23912,"user_id":65,"is_guest":0,"slug":"andreea-stanaranga","display_name":"Andreea St\u0103n\u0103r\u00eeng\u0103","avatar_url":"https:\/\/secure.gravatar.com\/avatar\/dfa8d227a4388fad0f0bb03add04b5b176f4da34397dbb2eadc563b3d7162ce0?s=96&d=monsterid&r=g","0":null,"1":"","2":"","3":"","4":"","5":"","6":"","7":"","8":""}],"_links":{"self":[{"href":"https:\/\/buletin.de\/bucuresti\/wp-json\/wp\/v2\/posts\/162025","targetHints":{"allow":["GET"]}}],"collection":[{"href":"https:\/\/buletin.de\/bucuresti\/wp-json\/wp\/v2\/posts"}],"about":[{"href":"https:\/\/buletin.de\/bucuresti\/wp-json\/wp\/v2\/types\/post"}],"author":[{"embeddable":true,"href":"https:\/\/buletin.de\/bucuresti\/wp-json\/wp\/v2\/users\/65"}],"replies":[{"embeddable":true,"href":"https:\/\/buletin.de\/bucuresti\/wp-json\/wp\/v2\/comments?post=162025"}],"version-history":[{"count":2,"href":"https:\/\/buletin.de\/bucuresti\/wp-json\/wp\/v2\/posts\/162025\/revisions"}],"predecessor-version":[{"id":162038,"href":"https:\/\/buletin.de\/bucuresti\/wp-json\/wp\/v2\/posts\/162025\/revisions\/162038"}],"wp:featuredmedia":[{"embeddable":true,"href":"https:\/\/buletin.de\/bucuresti\/wp-json\/wp\/v2\/media\/162039"}],"wp:attachment":[{"href":"https:\/\/buletin.de\/bucuresti\/wp-json\/wp\/v2\/media?parent=162025"}],"wp:term":[{"taxonomy":"category","embeddable":true,"href":"https:\/\/buletin.de\/bucuresti\/wp-json\/wp\/v2\/categories?post=162025"},{"taxonomy":"post_tag","embeddable":true,"href":"https:\/\/buletin.de\/bucuresti\/wp-json\/wp\/v2\/tags?post=162025"},{"taxonomy":"author","embeddable":true,"href":"https:\/\/buletin.de\/bucuresti\/wp-json\/wp\/v2\/ppma_author?post=162025"}],"curies":[{"name":"wp","href":"https:\/\/api.w.org\/{rel}","templated":true}]}}