{"id":162020,"date":"2025-12-12T01:06:08","date_gmt":"2025-12-11T22:06:08","guid":{"rendered":"https:\/\/buletin.de\/bucuresti\/?p=162020"},"modified":"2025-12-12T01:06:09","modified_gmt":"2025-12-11T22:06:09","slug":"sector-2-bursele-de-merit-ale-elevilor-ar-putea-fi-majorate-cu-500-de-lei","status":"publish","type":"post","link":"https:\/\/buletin.de\/bucuresti\/sector-2-bursele-de-merit-ale-elevilor-ar-putea-fi-majorate-cu-500-de-lei\/","title":{"rendered":"Sector 2 | Bursele de merit ale elevilor ar putea fi majorate cu 500 de lei"},"content":{"rendered":"\n<p><strong>Bursele de merit ale elevilor din \u00eenv\u0103\u021b\u0103m\u00e2ntul preuniversitar de stat, din Sectorul 2, ar putea fi suplimentate cu 500 de lei, potrivit unui proiect de hot\u0103r\u00e2re aflat pe masa Consiliului Local. Proiectul va fi supus la vot \u00een \u0219edin\u021ba din 16 decembrie 2025. <\/strong><\/p>\n\n\n\n<p>Documentul prevede major\u0103ri considerabile ale burselor de merit \u0219i ale celor sociale, finan\u021bate din bugetul local, pentru anul \u0219colar 2025 &#8211; 2026. <\/p>\n\n\n\n<h2 class=\"wp-block-heading\" id=\"h-bursele-de-merit-ale-elevilor-din-sectorul-2-majorate-cu-500-de-lei\">Bursele de merit ale elevilor din Sectorul 2, majorate cu 500 de lei <\/h2>\n\n\n\n<p><a href=\"https:\/\/buletin.de\/bucuresti\/sector-2-bursele-de-merit-au-fost-marite-cu-500-de-lei\/\" target=\"_blank\" rel=\"noreferrer noopener\">Bursele de merit <\/a>acordate elevilor cu rezultate excep\u021bionale la \u00eenv\u0103\u021b\u0103tur\u0103, conform criteriilor prev\u0103zute \u00een Hot\u0103r\u00e2rea de Guvern 732\/2025, vor fi suplimentate <strong>cu 500 de lei pe lun\u0103<\/strong>, dup\u0103 cum arat\u0103 <a href=\"https:\/\/public.ps2.ro\/Administratie%20Publica%20Locala\/Proiecte%20CLS2\/2025\/2025-12-16%20SEDINTA%20ORDINARA%20ORA%2014.00\/12%20ph%20suplimentare%20burse.pdf\" target=\"_blank\" rel=\"noreferrer noopener\">documenta\u021bia proiectului de hot\u0103r\u00e2re<\/a>. Aceea\u0219i sum\u0103 este valabil\u0103 \u0219i pentru bursele de merit oferite pentru performan\u021bele la competi\u021bii \u0219colare. <\/p>\n\n\n\n<p>Se vor acorda bursele de merit \u201ecu condi\u0163ia ca media general\u0103 pe anul scolar anterior\/media de admitere\/media primelor dou\u0103 intervale de cursuri din anul \u015fcolar curent s\u0103 fie egal\u0103 cu 10.00\u201d, se mai arat\u0103 \u00een document. <\/p>\n\n\n\n<p><strong>\u00cen ceea ce prive\u0219te bursele sociale, se propune o suplimentare cu 200 de lei pe lun\u0103. <\/strong>Peste<strong> 8.000 de elevi<\/strong> ar urma s\u0103 beneficieze de aceste major\u0103ri, dac\u0103 proiectul va fi aprobat.<\/p>\n\n\n\n<p><strong>Prim\u0103ria va aloca aproximativ 21.700 mii de lei \u00een 2026. La aceast\u0103 sum\u0103 se adaug\u0103 al\u021bi 7.400 mii de lei pentru ultimele patru luni ale anului 2025.<\/strong><\/p>\n\n\n\n<p>Consiliile de administra\u021bie ale unit\u0103\u021bilor de \u00eenv\u0103\u021b\u0103m\u00e2nt din sector \u00ee\u0219i vor asuma r\u0103spunderea pentru verificarea eligibilit\u0103\u021bii elevilor, dar \u0219i pentru corectitudinea documentelor. \u00cen cazul \u00een care apar suspiciuni, pot fi solicitate anchete locale. <\/p>\n\n\n\n<p>Dac\u0103 hot\u0103r\u00e2rea va fi adoptat\u0103, Direc\u021bia Economic\u0103 \u0219i DGAPI Sector 2 vor asigura implementarea m\u0103surilor. Proiectul pune accent pe sus\u021binerea performan\u021bei \u0219i, totodat\u0103, pe sprijinirea copiilor din medii vulnerabile, dar \u0219i reducerea riscului de abandon \u0219colar. <\/p>\n\n\n\n<p><strong>CITE\u0218TE \u0218I <a href=\"https:\/\/buletin.de\/bucuresti\/primaria-sectorului-1-vrea-sa-demoleze-caminul-de-batrani-si-biserica-din-straulesti-pentru-a-face-loc-unei-sali-polivalente-cu-15-000-de-locuri\/\">Prim\u0103ria Sectorului 1 vrea s\u0103 demoleze c\u0103minul de b\u0103tr\u00e2ni \u0219i biserica din Str\u0103ule\u0219ti pentru a face loc unei s\u0103li polivalente cu 15.000 de locuri<\/a><\/strong><\/p>\n","protected":false},"excerpt":{"rendered":"<p>Bursele de merit ale elevilor din \u00eenv\u0103\u021b\u0103m\u00e2ntul preuniversitar de stat, din Sectorul 2, ar putea fi suplimentate cu 500 de lei, potrivit unui proiect de hot\u0103r\u00e2re aflat pe masa Consiliului Local. Proiectul va fi supus la vot \u00een \u0219edin\u021ba din 16 decembrie 2025. Documentul prevede major\u0103ri considerabile ale burselor de merit \u0219i ale celor sociale, [&hellip;]<\/p>\n","protected":false},"author":65,"featured_media":162062,"comment_status":"closed","ping_status":"open","sticky":false,"template":"","format":"standard","meta":{"_acf_changed":false,"inline_featured_image":false,"ngg_post_thumbnail":0,"footnotes":""},"categories":[6994,3421,24,62],"tags":[2503,6661,480,229],"ppma_author":[23912],"class_list":["post-162020","post","type-post","status-publish","format-standard","has-post-thumbnail","hentry","category-stiri-2","category-educatie","category-primarie","category-stiri","tag-burse-elevi","tag-consiliul-local-sector-2","tag-elevi","tag-sector-2"],"acf":[],"yoast_head":"<!-- This site is optimized with the Yoast SEO Premium plugin v25.3 (Yoast SEO v27.4) - https:\/\/yoast.com\/product\/yoast-seo-premium-wordpress\/ -->\n<title>Sector 2 | Bursele de merit ale elevilor ar putea fi majorate cu 500 de lei - Buletin de Bucure\u0219ti<\/title>\n<meta name=\"description\" content=\"Bursele de merit ale elevilor din \u00eenv\u0103\u021b\u0103m\u00e2ntul preuniversitar de stat, din Sectorul 2, ar putea fi suplimentate cu 500 de lei.\" \/>\n<meta name=\"robots\" content=\"index, follow, max-snippet:-1, max-image-preview:large, max-video-preview:-1\" \/>\n<link rel=\"canonical\" href=\"https:\/\/buletin.de\/bucuresti\/sector-2-bursele-de-merit-ale-elevilor-ar-putea-fi-majorate-cu-500-de-lei\/\" \/>\n<meta property=\"og:locale\" content=\"en_GB\" \/>\n<meta property=\"og:type\" content=\"article\" \/>\n<meta property=\"og:title\" content=\"Sector 2 | Bursele de merit ale elevilor ar putea fi majorate cu 500 de lei\" \/>\n<meta property=\"og:description\" content=\"Bursele de merit ale elevilor din \u00eenv\u0103\u021b\u0103m\u00e2ntul preuniversitar de stat, din Sectorul 2, ar putea fi suplimentate cu 500 de lei.\" \/>\n<meta property=\"og:url\" content=\"https:\/\/buletin.de\/bucuresti\/sector-2-bursele-de-merit-ale-elevilor-ar-putea-fi-majorate-cu-500-de-lei\/\" \/>\n<meta property=\"og:site_name\" content=\"Buletin de Bucure\u0219ti\" \/>\n<meta property=\"article:publisher\" content=\"https:\/\/www.facebook.com\/buletin.de.buc\" \/>\n<meta property=\"article:published_time\" content=\"2025-12-11T22:06:08+00:00\" \/>\n<meta property=\"article:modified_time\" content=\"2025-12-11T22:06:09+00:00\" \/>\n<meta property=\"og:image\" content=\"https:\/\/buletin.de\/bucuresti\/wp-content\/uploads\/2025\/12\/nathan-cima-Qw6wa96IvvQ-unsplash-e1765474069149.jpg\" \/>\n\t<meta property=\"og:image:width\" content=\"2204\" \/>\n\t<meta property=\"og:image:height\" content=\"1072\" \/>\n\t<meta property=\"og:image:type\" content=\"image\/jpeg\" \/>\n<meta name=\"author\" content=\"Andreea St\u0103n\u0103r\u00eeng\u0103\" \/>\n<meta name=\"twitter:card\" content=\"summary_large_image\" \/>\n<meta name=\"twitter:label1\" content=\"Written by\" \/>\n\t<meta name=\"twitter:data1\" content=\"Andreea St\u0103n\u0103r\u00eeng\u0103\" \/>\n\t<meta name=\"twitter:label2\" content=\"Estimated reading time\" \/>\n\t<meta name=\"twitter:data2\" content=\"2 minutes\" \/>\n<script type=\"application\/ld+json\" class=\"yoast-schema-graph\">{\"@context\":\"https:\\\/\\\/schema.org\",\"@graph\":[{\"@type\":\"Article\",\"@id\":\"https:\\\/\\\/buletin.de\\\/bucuresti\\\/sector-2-bursele-de-merit-ale-elevilor-ar-putea-fi-majorate-cu-500-de-lei\\\/#article\",\"isPartOf\":{\"@id\":\"https:\\\/\\\/buletin.de\\\/bucuresti\\\/sector-2-bursele-de-merit-ale-elevilor-ar-putea-fi-majorate-cu-500-de-lei\\\/\"},\"author\":{\"name\":\"Andreea St\u0103n\u0103r\u00eeng\u0103\",\"@id\":\"https:\\\/\\\/buletin.de\\\/bucuresti\\\/#\\\/schema\\\/person\\\/81421a46fb84a0887cfd2238f5202586\"},\"headline\":\"Sector 2 | Bursele de merit ale elevilor ar putea fi majorate cu 500 de lei\",\"datePublished\":\"2025-12-11T22:06:08+00:00\",\"dateModified\":\"2025-12-11T22:06:09+00:00\",\"mainEntityOfPage\":{\"@id\":\"https:\\\/\\\/buletin.de\\\/bucuresti\\\/sector-2-bursele-de-merit-ale-elevilor-ar-putea-fi-majorate-cu-500-de-lei\\\/\"},\"wordCount\":355,\"publisher\":{\"@id\":\"https:\\\/\\\/buletin.de\\\/bucuresti\\\/#organization\"},\"image\":{\"@id\":\"https:\\\/\\\/buletin.de\\\/bucuresti\\\/sector-2-bursele-de-merit-ale-elevilor-ar-putea-fi-majorate-cu-500-de-lei\\\/#primaryimage\"},\"thumbnailUrl\":\"https:\\\/\\\/buletin.de\\\/bucuresti\\\/wp-content\\\/uploads\\\/2025\\\/12\\\/nathan-cima-Qw6wa96IvvQ-unsplash-e1765474069149.jpg\",\"keywords\":[\"burse elevi\",\"consiliul local sector 2\",\"elevi\",\"Sector 2\"],\"articleSection\":[\"Articole\",\"Educa\u021bie\",\"Prim\u0103rie\",\"\u0218tiri\"],\"inLanguage\":\"en-GB\",\"copyrightYear\":\"2025\",\"copyrightHolder\":{\"@id\":\"https:\\\/\\\/buletin.de\\\/bucuresti\\\/#organization\"}},{\"@type\":\"WebPage\",\"@id\":\"https:\\\/\\\/buletin.de\\\/bucuresti\\\/sector-2-bursele-de-merit-ale-elevilor-ar-putea-fi-majorate-cu-500-de-lei\\\/\",\"url\":\"https:\\\/\\\/buletin.de\\\/bucuresti\\\/sector-2-bursele-de-merit-ale-elevilor-ar-putea-fi-majorate-cu-500-de-lei\\\/\",\"name\":\"Sector 2 | Bursele de merit ale elevilor ar putea fi majorate cu 500 de lei - Buletin de Bucure\u0219ti\",\"isPartOf\":{\"@id\":\"https:\\\/\\\/buletin.de\\\/bucuresti\\\/#website\"},\"primaryImageOfPage\":{\"@id\":\"https:\\\/\\\/buletin.de\\\/bucuresti\\\/sector-2-bursele-de-merit-ale-elevilor-ar-putea-fi-majorate-cu-500-de-lei\\\/#primaryimage\"},\"image\":{\"@id\":\"https:\\\/\\\/buletin.de\\\/bucuresti\\\/sector-2-bursele-de-merit-ale-elevilor-ar-putea-fi-majorate-cu-500-de-lei\\\/#primaryimage\"},\"thumbnailUrl\":\"https:\\\/\\\/buletin.de\\\/bucuresti\\\/wp-content\\\/uploads\\\/2025\\\/12\\\/nathan-cima-Qw6wa96IvvQ-unsplash-e1765474069149.jpg\",\"datePublished\":\"2025-12-11T22:06:08+00:00\",\"dateModified\":\"2025-12-11T22:06:09+00:00\",\"description\":\"Bursele de merit ale elevilor din \u00eenv\u0103\u021b\u0103m\u00e2ntul preuniversitar de stat, din Sectorul 2, ar putea fi suplimentate cu 500 de lei.\",\"breadcrumb\":{\"@id\":\"https:\\\/\\\/buletin.de\\\/bucuresti\\\/sector-2-bursele-de-merit-ale-elevilor-ar-putea-fi-majorate-cu-500-de-lei\\\/#breadcrumb\"},\"inLanguage\":\"en-GB\",\"potentialAction\":[{\"@type\":\"ReadAction\",\"target\":[\"https:\\\/\\\/buletin.de\\\/bucuresti\\\/sector-2-bursele-de-merit-ale-elevilor-ar-putea-fi-majorate-cu-500-de-lei\\\/\"]}]},{\"@type\":\"ImageObject\",\"inLanguage\":\"en-GB\",\"@id\":\"https:\\\/\\\/buletin.de\\\/bucuresti\\\/sector-2-bursele-de-merit-ale-elevilor-ar-putea-fi-majorate-cu-500-de-lei\\\/#primaryimage\",\"url\":\"https:\\\/\\\/buletin.de\\\/bucuresti\\\/wp-content\\\/uploads\\\/2025\\\/12\\\/nathan-cima-Qw6wa96IvvQ-unsplash-e1765474069149.jpg\",\"contentUrl\":\"https:\\\/\\\/buletin.de\\\/bucuresti\\\/wp-content\\\/uploads\\\/2025\\\/12\\\/nathan-cima-Qw6wa96IvvQ-unsplash-e1765474069149.jpg\",\"width\":2204,\"height\":1072,\"caption\":\"Bursele de merit ele elevilor din Sectorul 2 ar putea fi majorate. Foto: Unsplash\"},{\"@type\":\"BreadcrumbList\",\"@id\":\"https:\\\/\\\/buletin.de\\\/bucuresti\\\/sector-2-bursele-de-merit-ale-elevilor-ar-putea-fi-majorate-cu-500-de-lei\\\/#breadcrumb\",\"itemListElement\":[{\"@type\":\"ListItem\",\"position\":1,\"name\":\"Acas\u0103\",\"item\":\"https:\\\/\\\/buletin.de\\\/bucuresti\\\/\"},{\"@type\":\"ListItem\",\"position\":2,\"name\":\"Sector 2 | Bursele de merit ale elevilor ar putea fi majorate cu 500 de lei\"}]},{\"@type\":\"WebSite\",\"@id\":\"https:\\\/\\\/buletin.de\\\/bucuresti\\\/#website\",\"url\":\"https:\\\/\\\/buletin.de\\\/bucuresti\\\/\",\"name\":\"Buletin de Bucure\u0219ti\",\"description\":\"\u0218tiri \u0219i investiga\u021bii esen\u021biale din capital\u0103\",\"publisher\":{\"@id\":\"https:\\\/\\\/buletin.de\\\/bucuresti\\\/#organization\"},\"potentialAction\":[{\"@type\":\"SearchAction\",\"target\":{\"@type\":\"EntryPoint\",\"urlTemplate\":\"https:\\\/\\\/buletin.de\\\/bucuresti\\\/?s={search_term_string}\"},\"query-input\":{\"@type\":\"PropertyValueSpecification\",\"valueRequired\":true,\"valueName\":\"search_term_string\"}}],\"inLanguage\":\"en-GB\"},{\"@type\":\"Organization\",\"@id\":\"https:\\\/\\\/buletin.de\\\/bucuresti\\\/#organization\",\"name\":\"Buletin de Bucure\u0219ti\",\"url\":\"https:\\\/\\\/buletin.de\\\/bucuresti\\\/\",\"logo\":{\"@type\":\"ImageObject\",\"inLanguage\":\"en-GB\",\"@id\":\"https:\\\/\\\/buletin.de\\\/bucuresti\\\/#\\\/schema\\\/logo\\\/image\\\/\",\"url\":\"https:\\\/\\\/buletin.de\\\/bucuresti\\\/wp-content\\\/uploads\\\/logo-bdb-full-wide-vernil-transparent.png\",\"contentUrl\":\"https:\\\/\\\/buletin.de\\\/bucuresti\\\/wp-content\\\/uploads\\\/logo-bdb-full-wide-vernil-transparent.png\",\"width\":1782,\"height\":626,\"caption\":\"Buletin de Bucure\u0219ti\"},\"image\":{\"@id\":\"https:\\\/\\\/buletin.de\\\/bucuresti\\\/#\\\/schema\\\/logo\\\/image\\\/\"},\"sameAs\":[\"https:\\\/\\\/www.facebook.com\\\/buletin.de.buc\",\"https:\\\/\\\/www.instagram.com\\\/buletinde.bucuresti\\\/\"]},{\"@type\":\"Person\",\"@id\":\"https:\\\/\\\/buletin.de\\\/bucuresti\\\/#\\\/schema\\\/person\\\/81421a46fb84a0887cfd2238f5202586\",\"name\":\"Andreea St\u0103n\u0103r\u00eeng\u0103\",\"image\":{\"@type\":\"ImageObject\",\"inLanguage\":\"en-GB\",\"@id\":\"https:\\\/\\\/secure.gravatar.com\\\/avatar\\\/dfa8d227a4388fad0f0bb03add04b5b176f4da34397dbb2eadc563b3d7162ce0?s=96&d=monsterid&r=g72784372b39ffe5a98a45288fe0d0e8a\",\"url\":\"https:\\\/\\\/secure.gravatar.com\\\/avatar\\\/dfa8d227a4388fad0f0bb03add04b5b176f4da34397dbb2eadc563b3d7162ce0?s=96&d=monsterid&r=g\",\"contentUrl\":\"https:\\\/\\\/secure.gravatar.com\\\/avatar\\\/dfa8d227a4388fad0f0bb03add04b5b176f4da34397dbb2eadc563b3d7162ce0?s=96&d=monsterid&r=g\",\"caption\":\"Andreea St\u0103n\u0103r\u00eeng\u0103\"},\"description\":\"Cu o experien\u021b\u0103 de peste 5 ani \u00een pres\u0103, face parte din echipa Buletin de Bucure\u0219ti din septembrie 2025. A colaborat cu c\u00e2teva publica\u021bii, printre care \u0219i Fanatik.ro, unde s-a ocupat de \u0219tiri de lifestyle \u0219i de actualitate. A f\u0103cut un pas c\u0103tre presa local\u0103 pentru a explora Bucure\u0219tiul \u0219i pove\u0219tile care merit\u0103 spuse.\",\"url\":\"https:\\\/\\\/buletin.de\\\/bucuresti\\\/author\\\/andreea-stanaranga\\\/\"}]}<\/script>\n<!-- \/ Yoast SEO Premium plugin. -->","yoast_head_json":{"title":"Sector 2 | Bursele de merit ale elevilor ar putea fi majorate cu 500 de lei - Buletin de Bucure\u0219ti","description":"Bursele de merit ale elevilor din \u00eenv\u0103\u021b\u0103m\u00e2ntul preuniversitar de stat, din Sectorul 2, ar putea fi suplimentate cu 500 de lei.","robots":{"index":"index","follow":"follow","max-snippet":"max-snippet:-1","max-image-preview":"max-image-preview:large","max-video-preview":"max-video-preview:-1"},"canonical":"https:\/\/buletin.de\/bucuresti\/sector-2-bursele-de-merit-ale-elevilor-ar-putea-fi-majorate-cu-500-de-lei\/","og_locale":"en_GB","og_type":"article","og_title":"Sector 2 | Bursele de merit ale elevilor ar putea fi majorate cu 500 de lei","og_description":"Bursele de merit ale elevilor din \u00eenv\u0103\u021b\u0103m\u00e2ntul preuniversitar de stat, din Sectorul 2, ar putea fi suplimentate cu 500 de lei.","og_url":"https:\/\/buletin.de\/bucuresti\/sector-2-bursele-de-merit-ale-elevilor-ar-putea-fi-majorate-cu-500-de-lei\/","og_site_name":"Buletin de Bucure\u0219ti","article_publisher":"https:\/\/www.facebook.com\/buletin.de.buc","article_published_time":"2025-12-11T22:06:08+00:00","article_modified_time":"2025-12-11T22:06:09+00:00","og_image":[{"width":2204,"height":1072,"url":"https:\/\/buletin.de\/bucuresti\/wp-content\/uploads\/2025\/12\/nathan-cima-Qw6wa96IvvQ-unsplash-e1765474069149.jpg","type":"image\/jpeg"}],"author":"Andreea St\u0103n\u0103r\u00eeng\u0103","twitter_card":"summary_large_image","twitter_misc":{"Written by":"Andreea St\u0103n\u0103r\u00eeng\u0103","Estimated reading time":"2 minutes"},"schema":{"@context":"https:\/\/schema.org","@graph":[{"@type":"Article","@id":"https:\/\/buletin.de\/bucuresti\/sector-2-bursele-de-merit-ale-elevilor-ar-putea-fi-majorate-cu-500-de-lei\/#article","isPartOf":{"@id":"https:\/\/buletin.de\/bucuresti\/sector-2-bursele-de-merit-ale-elevilor-ar-putea-fi-majorate-cu-500-de-lei\/"},"author":{"name":"Andreea St\u0103n\u0103r\u00eeng\u0103","@id":"https:\/\/buletin.de\/bucuresti\/#\/schema\/person\/81421a46fb84a0887cfd2238f5202586"},"headline":"Sector 2 | Bursele de merit ale elevilor ar putea fi majorate cu 500 de lei","datePublished":"2025-12-11T22:06:08+00:00","dateModified":"2025-12-11T22:06:09+00:00","mainEntityOfPage":{"@id":"https:\/\/buletin.de\/bucuresti\/sector-2-bursele-de-merit-ale-elevilor-ar-putea-fi-majorate-cu-500-de-lei\/"},"wordCount":355,"publisher":{"@id":"https:\/\/buletin.de\/bucuresti\/#organization"},"image":{"@id":"https:\/\/buletin.de\/bucuresti\/sector-2-bursele-de-merit-ale-elevilor-ar-putea-fi-majorate-cu-500-de-lei\/#primaryimage"},"thumbnailUrl":"https:\/\/buletin.de\/bucuresti\/wp-content\/uploads\/2025\/12\/nathan-cima-Qw6wa96IvvQ-unsplash-e1765474069149.jpg","keywords":["burse elevi","consiliul local sector 2","elevi","Sector 2"],"articleSection":["Articole","Educa\u021bie","Prim\u0103rie","\u0218tiri"],"inLanguage":"en-GB","copyrightYear":"2025","copyrightHolder":{"@id":"https:\/\/buletin.de\/bucuresti\/#organization"}},{"@type":"WebPage","@id":"https:\/\/buletin.de\/bucuresti\/sector-2-bursele-de-merit-ale-elevilor-ar-putea-fi-majorate-cu-500-de-lei\/","url":"https:\/\/buletin.de\/bucuresti\/sector-2-bursele-de-merit-ale-elevilor-ar-putea-fi-majorate-cu-500-de-lei\/","name":"Sector 2 | Bursele de merit ale elevilor ar putea fi majorate cu 500 de lei - Buletin de Bucure\u0219ti","isPartOf":{"@id":"https:\/\/buletin.de\/bucuresti\/#website"},"primaryImageOfPage":{"@id":"https:\/\/buletin.de\/bucuresti\/sector-2-bursele-de-merit-ale-elevilor-ar-putea-fi-majorate-cu-500-de-lei\/#primaryimage"},"image":{"@id":"https:\/\/buletin.de\/bucuresti\/sector-2-bursele-de-merit-ale-elevilor-ar-putea-fi-majorate-cu-500-de-lei\/#primaryimage"},"thumbnailUrl":"https:\/\/buletin.de\/bucuresti\/wp-content\/uploads\/2025\/12\/nathan-cima-Qw6wa96IvvQ-unsplash-e1765474069149.jpg","datePublished":"2025-12-11T22:06:08+00:00","dateModified":"2025-12-11T22:06:09+00:00","description":"Bursele de merit ale elevilor din \u00eenv\u0103\u021b\u0103m\u00e2ntul preuniversitar de stat, din Sectorul 2, ar putea fi suplimentate cu 500 de lei.","breadcrumb":{"@id":"https:\/\/buletin.de\/bucuresti\/sector-2-bursele-de-merit-ale-elevilor-ar-putea-fi-majorate-cu-500-de-lei\/#breadcrumb"},"inLanguage":"en-GB","potentialAction":[{"@type":"ReadAction","target":["https:\/\/buletin.de\/bucuresti\/sector-2-bursele-de-merit-ale-elevilor-ar-putea-fi-majorate-cu-500-de-lei\/"]}]},{"@type":"ImageObject","inLanguage":"en-GB","@id":"https:\/\/buletin.de\/bucuresti\/sector-2-bursele-de-merit-ale-elevilor-ar-putea-fi-majorate-cu-500-de-lei\/#primaryimage","url":"https:\/\/buletin.de\/bucuresti\/wp-content\/uploads\/2025\/12\/nathan-cima-Qw6wa96IvvQ-unsplash-e1765474069149.jpg","contentUrl":"https:\/\/buletin.de\/bucuresti\/wp-content\/uploads\/2025\/12\/nathan-cima-Qw6wa96IvvQ-unsplash-e1765474069149.jpg","width":2204,"height":1072,"caption":"Bursele de merit ele elevilor din Sectorul 2 ar putea fi majorate. Foto: Unsplash"},{"@type":"BreadcrumbList","@id":"https:\/\/buletin.de\/bucuresti\/sector-2-bursele-de-merit-ale-elevilor-ar-putea-fi-majorate-cu-500-de-lei\/#breadcrumb","itemListElement":[{"@type":"ListItem","position":1,"name":"Acas\u0103","item":"https:\/\/buletin.de\/bucuresti\/"},{"@type":"ListItem","position":2,"name":"Sector 2 | Bursele de merit ale elevilor ar putea fi majorate cu 500 de lei"}]},{"@type":"WebSite","@id":"https:\/\/buletin.de\/bucuresti\/#website","url":"https:\/\/buletin.de\/bucuresti\/","name":"Buletin de Bucure\u0219ti","description":"\u0218tiri \u0219i investiga\u021bii esen\u021biale din capital\u0103","publisher":{"@id":"https:\/\/buletin.de\/bucuresti\/#organization"},"potentialAction":[{"@type":"SearchAction","target":{"@type":"EntryPoint","urlTemplate":"https:\/\/buletin.de\/bucuresti\/?s={search_term_string}"},"query-input":{"@type":"PropertyValueSpecification","valueRequired":true,"valueName":"search_term_string"}}],"inLanguage":"en-GB"},{"@type":"Organization","@id":"https:\/\/buletin.de\/bucuresti\/#organization","name":"Buletin de Bucure\u0219ti","url":"https:\/\/buletin.de\/bucuresti\/","logo":{"@type":"ImageObject","inLanguage":"en-GB","@id":"https:\/\/buletin.de\/bucuresti\/#\/schema\/logo\/image\/","url":"https:\/\/buletin.de\/bucuresti\/wp-content\/uploads\/logo-bdb-full-wide-vernil-transparent.png","contentUrl":"https:\/\/buletin.de\/bucuresti\/wp-content\/uploads\/logo-bdb-full-wide-vernil-transparent.png","width":1782,"height":626,"caption":"Buletin de Bucure\u0219ti"},"image":{"@id":"https:\/\/buletin.de\/bucuresti\/#\/schema\/logo\/image\/"},"sameAs":["https:\/\/www.facebook.com\/buletin.de.buc","https:\/\/www.instagram.com\/buletinde.bucuresti\/"]},{"@type":"Person","@id":"https:\/\/buletin.de\/bucuresti\/#\/schema\/person\/81421a46fb84a0887cfd2238f5202586","name":"Andreea St\u0103n\u0103r\u00eeng\u0103","image":{"@type":"ImageObject","inLanguage":"en-GB","@id":"https:\/\/secure.gravatar.com\/avatar\/dfa8d227a4388fad0f0bb03add04b5b176f4da34397dbb2eadc563b3d7162ce0?s=96&d=monsterid&r=g72784372b39ffe5a98a45288fe0d0e8a","url":"https:\/\/secure.gravatar.com\/avatar\/dfa8d227a4388fad0f0bb03add04b5b176f4da34397dbb2eadc563b3d7162ce0?s=96&d=monsterid&r=g","contentUrl":"https:\/\/secure.gravatar.com\/avatar\/dfa8d227a4388fad0f0bb03add04b5b176f4da34397dbb2eadc563b3d7162ce0?s=96&d=monsterid&r=g","caption":"Andreea St\u0103n\u0103r\u00eeng\u0103"},"description":"Cu o experien\u021b\u0103 de peste 5 ani \u00een pres\u0103, face parte din echipa Buletin de Bucure\u0219ti din septembrie 2025. A colaborat cu c\u00e2teva publica\u021bii, printre care \u0219i Fanatik.ro, unde s-a ocupat de \u0219tiri de lifestyle \u0219i de actualitate. A f\u0103cut un pas c\u0103tre presa local\u0103 pentru a explora Bucure\u0219tiul \u0219i pove\u0219tile care merit\u0103 spuse.","url":"https:\/\/buletin.de\/bucuresti\/author\/andreea-stanaranga\/"}]}},"authors":[{"term_id":23912,"user_id":65,"is_guest":0,"slug":"andreea-stanaranga","display_name":"Andreea St\u0103n\u0103r\u00eeng\u0103","avatar_url":"https:\/\/secure.gravatar.com\/avatar\/dfa8d227a4388fad0f0bb03add04b5b176f4da34397dbb2eadc563b3d7162ce0?s=96&d=monsterid&r=g","0":null,"1":"","2":"","3":"","4":"","5":"","6":"","7":"","8":""}],"_links":{"self":[{"href":"https:\/\/buletin.de\/bucuresti\/wp-json\/wp\/v2\/posts\/162020","targetHints":{"allow":["GET"]}}],"collection":[{"href":"https:\/\/buletin.de\/bucuresti\/wp-json\/wp\/v2\/posts"}],"about":[{"href":"https:\/\/buletin.de\/bucuresti\/wp-json\/wp\/v2\/types\/post"}],"author":[{"embeddable":true,"href":"https:\/\/buletin.de\/bucuresti\/wp-json\/wp\/v2\/users\/65"}],"replies":[{"embeddable":true,"href":"https:\/\/buletin.de\/bucuresti\/wp-json\/wp\/v2\/comments?post=162020"}],"version-history":[{"count":7,"href":"https:\/\/buletin.de\/bucuresti\/wp-json\/wp\/v2\/posts\/162020\/revisions"}],"predecessor-version":[{"id":162087,"href":"https:\/\/buletin.de\/bucuresti\/wp-json\/wp\/v2\/posts\/162020\/revisions\/162087"}],"wp:featuredmedia":[{"embeddable":true,"href":"https:\/\/buletin.de\/bucuresti\/wp-json\/wp\/v2\/media\/162062"}],"wp:attachment":[{"href":"https:\/\/buletin.de\/bucuresti\/wp-json\/wp\/v2\/media?parent=162020"}],"wp:term":[{"taxonomy":"category","embeddable":true,"href":"https:\/\/buletin.de\/bucuresti\/wp-json\/wp\/v2\/categories?post=162020"},{"taxonomy":"post_tag","embeddable":true,"href":"https:\/\/buletin.de\/bucuresti\/wp-json\/wp\/v2\/tags?post=162020"},{"taxonomy":"author","embeddable":true,"href":"https:\/\/buletin.de\/bucuresti\/wp-json\/wp\/v2\/ppma_author?post=162020"}],"curies":[{"name":"wp","href":"https:\/\/api.w.org\/{rel}","templated":true}]}}