{"id":161975,"date":"2025-12-11T13:17:20","date_gmt":"2025-12-11T10:17:20","guid":{"rendered":"https:\/\/buletin.de\/bucuresti\/?p=161975"},"modified":"2025-12-11T14:57:01","modified_gmt":"2025-12-11T11:57:01","slug":"reactie-soc-la-curtea-de-apel-bucuresti-o-judecatoare-a-intervenit-in-conferinta-de-presa-a-conducerii-si-a-confirmat-presiunile-la-care-sunt-supusi-magistratii","status":"publish","type":"post","link":"https:\/\/buletin.de\/bucuresti\/reactie-soc-la-curtea-de-apel-bucuresti-o-judecatoare-a-intervenit-in-conferinta-de-presa-a-conducerii-si-a-confirmat-presiunile-la-care-sunt-supusi-magistratii\/","title":{"rendered":"VIDEO | Reac\u021bie \u0219oc la Curtea de Apel Bucure\u0219ti. O judec\u0103toare a intervenit \u00een conferin\u021ba de pres\u0103 a conducerii \u0219i a confirmat presiunile la care sunt supu\u0219i magistra\u021bii"},"content":{"rendered":"\n<p><strong>Reac\u021bie \u0219oc la Curtea de Apel Bucure\u0219ti. Judec\u0103toarea Raluca Moro\u0219anu a intervenit \u00een conferin\u021ba de pres\u0103 organizat\u0103 de conducerea instan\u021bei \u0219i a confirmat presiunile la care sunt supu\u0219i magistra\u021bii tocmai de \u0219efii care se preg\u0103teau s\u0103 nege dezv\u0103luirile din <a href=\"https:\/\/recorder.ro\/documentar-recorder-justitie-capturata\/\" target=\"_blank\" rel=\"noreferrer noopener\">documentarul Recorder<\/a>. <\/strong><\/p>\n\n\n\n<p>\u201eSunt Raluca Moro\u0219anu, judec\u0103tor la sec\u021bia I penal\u0103, am 26 de ani \u00een magistratur\u0103. Sunt aici s\u0103 \u00eel sus\u021bin pe colegul Lauren\u021biu Be\u0219u \u0219i s\u0103 spun c\u0103 tot ce a spus el este adev\u0103rat. Dac\u0103 va fi contrazis, este o minciun\u0103. <\/p>\n\n\n\n<p><strong>Aici, la Curtea de Apel Bucure\u0219ti muncim foarte mult, conducerea nu ne ajut\u0103 de niciun fel. Suntem teroriza\u021bi cu ac\u021biuni discipliniare \u0219i tot ce \u0219ti\u021bi dumneavoastr\u0103 c\u0103 ni se \u00eent\u00e2mpl\u0103.<\/strong><\/p>\n\n\n\n<p>Nu vreau s\u0103 v\u0103 spun cum este atmosfera \u0219i \u00een ce situa\u021bie toxic\u0103 \u0219i \u00eencordat\u0103 suntem. O parte dintre colegii mei sunt de acord cu mine, al\u021bii sunt aici \u0219i vor sus\u021bine probabil conducerea\u201d, a declarat judec\u0103toarea Raluca Moro\u0219anu.<\/p>\n\n\n\n<p>Magistrata a men\u021bionat c\u0103 a fost toat\u0103 via\u021ba magistrat \u0219i formator la Institutul Na\u021bional de Magistratur\u0103 \u0219i la \u0218coala Na\u021bional\u0103 de Grefieri.<\/p>\n\n\n\n<p>\u201eColegii din \u021bar\u0103 m\u0103 cunosc \u0219i ei vor \u0219tii c\u0103 nu mint. Dac\u0103 nu-l cred pe colegul Lauren\u021biu, s\u0103 m\u0103 cread\u0103 pe mine\u201d, a men\u021bionat Raluca Moro\u0219anu.<\/p>\n\n\n\n<figure class=\"wp-block-embed is-type-video is-provider-youtube wp-block-embed-youtube wp-embed-aspect-16-9 wp-has-aspect-ratio\"><div class=\"wp-block-embed__wrapper\">\n<iframe title=\"Reac\u021bie \u0219oc la Curtea de Apel Bucure\u0219ti. Raluca Moro\u0219anu a confirmat presiunile asupra magistra\u021bilor\" width=\"1200\" height=\"675\" src=\"https:\/\/www.youtube.com\/embed\/AU1p98dhMV4?feature=oembed\" frameborder=\"0\" allow=\"accelerometer; autoplay; clipboard-write; encrypted-media; gyroscope; picture-in-picture; web-share\" referrerpolicy=\"strict-origin-when-cross-origin\" allowfullscreen><\/iframe>\n<\/div><\/figure>\n\n\n\n<p><strong>CITE\u0218TE \u0218I: <a href=\"https:\/\/buletin.de\/bucuresti\/video-protest-la-csm-pentru-independenta-justitiei-magistrati-independenti-nu-obedienti\/\" target=\"_blank\" rel=\"noreferrer noopener\">Protest la CSM pentru independen\u021ba justi\u021biei. \u201eMagistrati independen\u021bi, nu obedien\u021bi\u201d<\/a><\/strong><\/p>\n\n\n\n<h2 class=\"wp-block-heading\" id=\"h-\u0219oc-la-curtea-de-apel-bucure\u0219ti-dupa-documentarul-justi\u021bie-capturata\">\u0218oc la Curtea de Apel Bucure\u0219ti, dup\u0103 documentarul \u201eJusti\u021bie capturat\u0103\u201d<\/h2>\n\n\n\n<p><strong><a href=\"https:\/\/recorder.ro\/documentar-recorder-justitie-capturata\/\" target=\"_blank\" rel=\"noreferrer noopener\">Recorder<\/a>&nbsp;a publicat un documentar despre modul cum dosarele de mare corup\u021bie sunt \u00eengropate \u00een mod sistematic.<\/strong><\/p>\n\n\n\n<p>Inculpa\u021bi celebri achita\u021bi \u00een apel dup\u0103 ce \u00een prima instan\u021b\u0103 primiser\u0103 ani grei de \u00eenchisoare, procese tergiversate p\u00e2n\u0103 c\u00e2nd faptele ajung la prescriere, condamn\u0103ri definitive care sunt reevaluate \u0219i \u0219terse cu buretele. \u00cen plus, asupra DNA au \u00eenceput s\u0103 planeze suspiciuni privind blocarea unor anchete penale.<\/p>\n\n\n\n<p>\u201eSenza\u021bia este c\u0103 orice ai face, scapi\u201d, spune unul dintre magistra\u021bii pe care i-am intervievat. Acela\u0219i magistrat f\u0103cea o declara\u021bie \u0219ocant\u0103 la ultimul bilan\u021b al Parchetului General: \u201eRom\u00e2nia e \u00een situa\u021bia de a fi mai aproape de un paradis al infractorilor dec\u00e2t de un stat de drept\u201d.<\/p>\n\n\n\n<p><strong>CITE\u0218TE \u0218I:&nbsp;<a href=\"https:\/\/buletin.de\/bucuresti\/cine-este-lia-savonea-personajul-principal-din-documentarul-recorder-promovata-la-inalta-curte-prin-concurs-organizat-in-afara-legii-sotul-sau-implicat-in-afaceri-imobiliare-in-chiajna-cu-conexiu\/\" target=\"_blank\" rel=\"noreferrer noopener\">Cine este Lia Savonea, personajul principal din documentarul Recorder: promovat\u0103 la \u00cenalta Curte prin concurs organizat \u00een afara legii. So\u021bul s\u0103u, implicat \u00een afaceri imobiliare \u00een Chiajna, cu conexiuni cu interlopi<\/a><\/strong><\/p>\n\n\n\n<p><strong>Sute de persoane au venit \u00een fa\u021ba sediului Consiliului Superior al Magistraturii (CSM), miercuri sear\u0103, pentru a manifesta pentru independen\u021ba justi\u021biei. Cel mai recent de la CSM vine ca reac\u021bie la documentarul&nbsp;<a href=\"https:\/\/recorder.ro\/documentar-recorder-justitie-capturata\/\">Recorder<\/a>&nbsp;\u201eJusti\u021bie capturat\u0103\u201d.<\/strong><\/p>\n\n\n\n<p>Bucure\u0219tenii au scandat pentru o justi\u021bie independent\u0103: \u201eVrem dreptate, nu imunitate\u201d, \u201eMagistra\u021bi independen\u021bi, nu obedien\u021bi\u201d, \u201eJusti\u021bie, nu mafie\u201d, \u201eIntegritate, nu complicitate\u201d, \u201eLegea este pentru to\u021bi, f\u0103r\u0103 mil\u0103 pentru ho\u021bi\u201d sau \u201eLia, nu uita, te a\u0219teapt\u0103 Rahova\u201d \u0219i \u201ePredoiu demisia\u201d.<\/p>\n\n\n\n<p><strong>CITE\u0218TE \u0218I: <a href=\"https:\/\/buletin.de\/bucuresti\/video-protestul-justitie-capturata-de-la-csm\/\" target=\"_blank\" rel=\"noreferrer noopener\">VIDEO | Protestul \u201eJusti\u021bie Capturat\u0103\u201d de la CSM<\/a><\/strong><\/p>\n","protected":false},"excerpt":{"rendered":"<p>Reac\u021bie \u0219oc la Curtea de Apel Bucure\u0219ti. Judec\u0103toarea Raluca Moro\u0219anu a intervenit \u00een conferin\u021ba de pres\u0103 organizat\u0103 de conducerea instan\u021bei \u0219i a confirmat presiunile la care sunt supu\u0219i magistra\u021bii tocmai de \u0219efii care se preg\u0103teau s\u0103 nege dezv\u0103luirile din documentarul Recorder. \u201eSunt Raluca Moro\u0219anu, judec\u0103tor la sec\u021bia I penal\u0103, am 26 de ani \u00een magistratur\u0103. [&hellip;]<\/p>\n","protected":false},"author":60,"featured_media":161979,"comment_status":"closed","ping_status":"open","sticky":false,"template":"","format":"standard","meta":{"_acf_changed":false,"inline_featured_image":false,"ngg_post_thumbnail":0,"footnotes":""},"categories":[6994,25061,5762],"tags":[4754,25088,25090,25089,25091,3321],"ppma_author":[22582],"class_list":["post-161975","post","type-post","status-publish","format-standard","has-post-thumbnail","hentry","category-stiri-2","category-justitie","category-main","tag-curtea-de-apel-bucuresti","tag-presiuni-asupra-magistratilor","tag-raluca-morosanu","tag-reactie-judecatoare","tag-reactie-magistrati","tag-recorder"],"acf":[],"yoast_head":"<!-- This site is optimized with the Yoast SEO Premium plugin v25.3 (Yoast SEO v27.4) - https:\/\/yoast.com\/product\/yoast-seo-premium-wordpress\/ -->\n<title>VIDEO | Reac\u021bie \u0219oc la Curtea de Apel Bucure\u0219ti. O judec\u0103toare a intervenit \u00een conferin\u021ba de pres\u0103 a conducerii \u0219i a confirmat presiunile la care sunt supu\u0219i magistra\u021bii - Buletin de Bucure\u0219ti<\/title>\n<meta name=\"description\" content=\"\u0219oc la Curtea de Apel Bucure\u0219ti: o judec\u0103toare a intervenit \u00een conferin\u021ba de pres\u0103 a conducerii \u0219i a confirmat presiunile magistra\u021bilor.\" \/>\n<meta name=\"robots\" content=\"index, follow, max-snippet:-1, max-image-preview:large, max-video-preview:-1\" \/>\n<link rel=\"canonical\" href=\"https:\/\/buletin.de\/bucuresti\/reactie-soc-la-curtea-de-apel-bucuresti-o-judecatoare-a-intervenit-in-conferinta-de-presa-a-conducerii-si-a-confirmat-presiunile-la-care-sunt-supusi-magistratii\/\" \/>\n<meta property=\"og:locale\" content=\"en_GB\" \/>\n<meta property=\"og:type\" content=\"article\" \/>\n<meta property=\"og:title\" content=\"VIDEO | Reac\u021bie \u0219oc la Curtea de Apel Bucure\u0219ti. O judec\u0103toare a intervenit \u00een conferin\u021ba de pres\u0103 a conducerii \u0219i a confirmat presiunile la care sunt supu\u0219i magistra\u021bii\" \/>\n<meta property=\"og:description\" content=\"\u0219oc la Curtea de Apel Bucure\u0219ti: o judec\u0103toare a intervenit \u00een conferin\u021ba de pres\u0103 a conducerii \u0219i a confirmat presiunile magistra\u021bilor.\" \/>\n<meta property=\"og:url\" content=\"https:\/\/buletin.de\/bucuresti\/reactie-soc-la-curtea-de-apel-bucuresti-o-judecatoare-a-intervenit-in-conferinta-de-presa-a-conducerii-si-a-confirmat-presiunile-la-care-sunt-supusi-magistratii\/\" \/>\n<meta property=\"og:site_name\" content=\"Buletin de Bucure\u0219ti\" \/>\n<meta property=\"article:publisher\" content=\"https:\/\/www.facebook.com\/buletin.de.buc\" \/>\n<meta property=\"article:published_time\" content=\"2025-12-11T10:17:20+00:00\" \/>\n<meta property=\"article:modified_time\" content=\"2025-12-11T11:57:01+00:00\" \/>\n<meta property=\"og:image\" content=\"https:\/\/buletin.de\/bucuresti\/wp-content\/uploads\/2025\/12\/ralucamorosanu.png\" \/>\n\t<meta property=\"og:image:width\" content=\"1200\" \/>\n\t<meta property=\"og:image:height\" content=\"646\" \/>\n\t<meta property=\"og:image:type\" content=\"image\/png\" \/>\n<meta name=\"author\" content=\"R\u0103zvan Chiru\u021b\u0103\" \/>\n<meta name=\"twitter:card\" content=\"summary_large_image\" \/>\n<meta name=\"twitter:label1\" content=\"Written by\" \/>\n\t<meta name=\"twitter:data1\" content=\"R\u0103zvan Chiru\u021b\u0103\" \/>\n\t<meta name=\"twitter:label2\" content=\"Estimated reading time\" \/>\n\t<meta name=\"twitter:data2\" content=\"3 minutes\" \/>\n<script type=\"application\/ld+json\" class=\"yoast-schema-graph\">{\"@context\":\"https:\\\/\\\/schema.org\",\"@graph\":[{\"@type\":\"Article\",\"@id\":\"https:\\\/\\\/buletin.de\\\/bucuresti\\\/reactie-soc-la-curtea-de-apel-bucuresti-o-judecatoare-a-intervenit-in-conferinta-de-presa-a-conducerii-si-a-confirmat-presiunile-la-care-sunt-supusi-magistratii\\\/#article\",\"isPartOf\":{\"@id\":\"https:\\\/\\\/buletin.de\\\/bucuresti\\\/reactie-soc-la-curtea-de-apel-bucuresti-o-judecatoare-a-intervenit-in-conferinta-de-presa-a-conducerii-si-a-confirmat-presiunile-la-care-sunt-supusi-magistratii\\\/\"},\"author\":{\"name\":\"R\u0103zvan Chiru\u021b\u0103\",\"@id\":\"https:\\\/\\\/buletin.de\\\/bucuresti\\\/#\\\/schema\\\/person\\\/a76df728dfc913795a9d90e346b253bb\"},\"headline\":\"VIDEO | Reac\u021bie \u0219oc la Curtea de Apel Bucure\u0219ti. O judec\u0103toare a intervenit \u00een conferin\u021ba de pres\u0103 a conducerii \u0219i a confirmat presiunile la care sunt supu\u0219i magistra\u021bii\",\"datePublished\":\"2025-12-11T10:17:20+00:00\",\"dateModified\":\"2025-12-11T11:57:01+00:00\",\"mainEntityOfPage\":{\"@id\":\"https:\\\/\\\/buletin.de\\\/bucuresti\\\/reactie-soc-la-curtea-de-apel-bucuresti-o-judecatoare-a-intervenit-in-conferinta-de-presa-a-conducerii-si-a-confirmat-presiunile-la-care-sunt-supusi-magistratii\\\/\"},\"wordCount\":565,\"publisher\":{\"@id\":\"https:\\\/\\\/buletin.de\\\/bucuresti\\\/#organization\"},\"image\":{\"@id\":\"https:\\\/\\\/buletin.de\\\/bucuresti\\\/reactie-soc-la-curtea-de-apel-bucuresti-o-judecatoare-a-intervenit-in-conferinta-de-presa-a-conducerii-si-a-confirmat-presiunile-la-care-sunt-supusi-magistratii\\\/#primaryimage\"},\"thumbnailUrl\":\"https:\\\/\\\/buletin.de\\\/bucuresti\\\/wp-content\\\/uploads\\\/2025\\\/12\\\/ralucamorosanu.png\",\"keywords\":[\"Curtea de Apel Bucure\u0219ti\",\"presiuni asupra magistra\u021bilor\",\"raluca moro\u0219anu\",\"reactie judecatoare\",\"reac\u021bie magistra\u021bi\",\"recorder\"],\"articleSection\":[\"Articole\",\"Justi\u021bie\",\"Main\"],\"inLanguage\":\"en-GB\",\"copyrightYear\":\"2025\",\"copyrightHolder\":{\"@id\":\"https:\\\/\\\/buletin.de\\\/bucuresti\\\/#organization\"}},{\"@type\":\"WebPage\",\"@id\":\"https:\\\/\\\/buletin.de\\\/bucuresti\\\/reactie-soc-la-curtea-de-apel-bucuresti-o-judecatoare-a-intervenit-in-conferinta-de-presa-a-conducerii-si-a-confirmat-presiunile-la-care-sunt-supusi-magistratii\\\/\",\"url\":\"https:\\\/\\\/buletin.de\\\/bucuresti\\\/reactie-soc-la-curtea-de-apel-bucuresti-o-judecatoare-a-intervenit-in-conferinta-de-presa-a-conducerii-si-a-confirmat-presiunile-la-care-sunt-supusi-magistratii\\\/\",\"name\":\"VIDEO | Reac\u021bie \u0219oc la Curtea de Apel Bucure\u0219ti. O judec\u0103toare a intervenit \u00een conferin\u021ba de pres\u0103 a conducerii \u0219i a confirmat presiunile la care sunt supu\u0219i magistra\u021bii - Buletin de Bucure\u0219ti\",\"isPartOf\":{\"@id\":\"https:\\\/\\\/buletin.de\\\/bucuresti\\\/#website\"},\"primaryImageOfPage\":{\"@id\":\"https:\\\/\\\/buletin.de\\\/bucuresti\\\/reactie-soc-la-curtea-de-apel-bucuresti-o-judecatoare-a-intervenit-in-conferinta-de-presa-a-conducerii-si-a-confirmat-presiunile-la-care-sunt-supusi-magistratii\\\/#primaryimage\"},\"image\":{\"@id\":\"https:\\\/\\\/buletin.de\\\/bucuresti\\\/reactie-soc-la-curtea-de-apel-bucuresti-o-judecatoare-a-intervenit-in-conferinta-de-presa-a-conducerii-si-a-confirmat-presiunile-la-care-sunt-supusi-magistratii\\\/#primaryimage\"},\"thumbnailUrl\":\"https:\\\/\\\/buletin.de\\\/bucuresti\\\/wp-content\\\/uploads\\\/2025\\\/12\\\/ralucamorosanu.png\",\"datePublished\":\"2025-12-11T10:17:20+00:00\",\"dateModified\":\"2025-12-11T11:57:01+00:00\",\"description\":\"\u0219oc la Curtea de Apel Bucure\u0219ti: o judec\u0103toare a intervenit \u00een conferin\u021ba de pres\u0103 a conducerii \u0219i a confirmat presiunile magistra\u021bilor.\",\"breadcrumb\":{\"@id\":\"https:\\\/\\\/buletin.de\\\/bucuresti\\\/reactie-soc-la-curtea-de-apel-bucuresti-o-judecatoare-a-intervenit-in-conferinta-de-presa-a-conducerii-si-a-confirmat-presiunile-la-care-sunt-supusi-magistratii\\\/#breadcrumb\"},\"inLanguage\":\"en-GB\",\"potentialAction\":[{\"@type\":\"ReadAction\",\"target\":[\"https:\\\/\\\/buletin.de\\\/bucuresti\\\/reactie-soc-la-curtea-de-apel-bucuresti-o-judecatoare-a-intervenit-in-conferinta-de-presa-a-conducerii-si-a-confirmat-presiunile-la-care-sunt-supusi-magistratii\\\/\"]}]},{\"@type\":\"ImageObject\",\"inLanguage\":\"en-GB\",\"@id\":\"https:\\\/\\\/buletin.de\\\/bucuresti\\\/reactie-soc-la-curtea-de-apel-bucuresti-o-judecatoare-a-intervenit-in-conferinta-de-presa-a-conducerii-si-a-confirmat-presiunile-la-care-sunt-supusi-magistratii\\\/#primaryimage\",\"url\":\"https:\\\/\\\/buletin.de\\\/bucuresti\\\/wp-content\\\/uploads\\\/2025\\\/12\\\/ralucamorosanu.png\",\"contentUrl\":\"https:\\\/\\\/buletin.de\\\/bucuresti\\\/wp-content\\\/uploads\\\/2025\\\/12\\\/ralucamorosanu.png\",\"width\":1200,\"height\":646,\"caption\":\"Raluca Moro\u0219anu a confirmat dezv\u0103luirile Recorder despre presiunile din justi\u021bie\"},{\"@type\":\"BreadcrumbList\",\"@id\":\"https:\\\/\\\/buletin.de\\\/bucuresti\\\/reactie-soc-la-curtea-de-apel-bucuresti-o-judecatoare-a-intervenit-in-conferinta-de-presa-a-conducerii-si-a-confirmat-presiunile-la-care-sunt-supusi-magistratii\\\/#breadcrumb\",\"itemListElement\":[{\"@type\":\"ListItem\",\"position\":1,\"name\":\"Acas\u0103\",\"item\":\"https:\\\/\\\/buletin.de\\\/bucuresti\\\/\"},{\"@type\":\"ListItem\",\"position\":2,\"name\":\"VIDEO | Reac\u021bie \u0219oc la Curtea de Apel Bucure\u0219ti. O judec\u0103toare a intervenit \u00een conferin\u021ba de pres\u0103 a conducerii \u0219i a confirmat presiunile la care sunt supu\u0219i magistra\u021bii\"}]},{\"@type\":\"WebSite\",\"@id\":\"https:\\\/\\\/buletin.de\\\/bucuresti\\\/#website\",\"url\":\"https:\\\/\\\/buletin.de\\\/bucuresti\\\/\",\"name\":\"Buletin de Bucure\u0219ti\",\"description\":\"\u0218tiri \u0219i investiga\u021bii esen\u021biale din capital\u0103\",\"publisher\":{\"@id\":\"https:\\\/\\\/buletin.de\\\/bucuresti\\\/#organization\"},\"potentialAction\":[{\"@type\":\"SearchAction\",\"target\":{\"@type\":\"EntryPoint\",\"urlTemplate\":\"https:\\\/\\\/buletin.de\\\/bucuresti\\\/?s={search_term_string}\"},\"query-input\":{\"@type\":\"PropertyValueSpecification\",\"valueRequired\":true,\"valueName\":\"search_term_string\"}}],\"inLanguage\":\"en-GB\"},{\"@type\":\"Organization\",\"@id\":\"https:\\\/\\\/buletin.de\\\/bucuresti\\\/#organization\",\"name\":\"Buletin de Bucure\u0219ti\",\"url\":\"https:\\\/\\\/buletin.de\\\/bucuresti\\\/\",\"logo\":{\"@type\":\"ImageObject\",\"inLanguage\":\"en-GB\",\"@id\":\"https:\\\/\\\/buletin.de\\\/bucuresti\\\/#\\\/schema\\\/logo\\\/image\\\/\",\"url\":\"https:\\\/\\\/buletin.de\\\/bucuresti\\\/wp-content\\\/uploads\\\/logo-bdb-full-wide-vernil-transparent.png\",\"contentUrl\":\"https:\\\/\\\/buletin.de\\\/bucuresti\\\/wp-content\\\/uploads\\\/logo-bdb-full-wide-vernil-transparent.png\",\"width\":1782,\"height\":626,\"caption\":\"Buletin de Bucure\u0219ti\"},\"image\":{\"@id\":\"https:\\\/\\\/buletin.de\\\/bucuresti\\\/#\\\/schema\\\/logo\\\/image\\\/\"},\"sameAs\":[\"https:\\\/\\\/www.facebook.com\\\/buletin.de.buc\",\"https:\\\/\\\/www.instagram.com\\\/buletinde.bucuresti\\\/\"]},{\"@type\":\"Person\",\"@id\":\"https:\\\/\\\/buletin.de\\\/bucuresti\\\/#\\\/schema\\\/person\\\/a76df728dfc913795a9d90e346b253bb\",\"name\":\"R\u0103zvan Chiru\u021b\u0103\",\"image\":{\"@type\":\"ImageObject\",\"inLanguage\":\"en-GB\",\"@id\":\"https:\\\/\\\/buletin.de\\\/bucuresti\\\/wp-content\\\/uploads\\\/Razvan-Chiruta-96x96.jpge7143b996fd4241fbd6ee1f6b6b7b267\",\"url\":\"https:\\\/\\\/buletin.de\\\/bucuresti\\\/wp-content\\\/uploads\\\/Razvan-Chiruta-96x96.jpg\",\"contentUrl\":\"https:\\\/\\\/buletin.de\\\/bucuresti\\\/wp-content\\\/uploads\\\/Razvan-Chiruta-96x96.jpg\",\"caption\":\"R\u0103zvan Chiru\u021b\u0103\"},\"description\":\"R\u0103zvan Chiru\u021b\u0103 este redactor-\u0219ef adjunct din iulie 2024. A fost redactor-\u0219ef al PRESShub \u00eentre 2022 \u0219i iunie 2024. Anterior, a fost redactor-\u0219ef al Newsweek Rom\u00e2nia, din 2018 p\u00e2n\u0103 \u00een 2021, \u0219i al cotidianului Rom\u00e2nia liber\u0103, \u00eentre 2015 \u0219i 2017. Este absolvent de Jurnalism, \u00een cadrul Universit\u0103\u021bii \u201eAl.I.Cuza\u201d din Ia\u0219i, \u0219i a urmat un master \u00een Managementul institu\u021biilor mass-media (f\u0103r\u0103 diserta\u021bie) la Facultatea de Jurnalism \u0219i \u0218tiin\u021bele Comunic\u0103rii din cadrul Universit\u0103\u021bii din Bucure\u0219ti. \u0218i-a \u00eenceput cariera la Opinia studen\u021beasc\u0103, cunoscuta \u0219coal\u0103 de pres\u0103 din Ia\u0219i. A lucrat \u00een presa local\u0103, apoi a devenit corespondent pentru Ia\u0219i al cotidianului Evenimentul Zilei. Din 2004, a coordonat pentru \u0219ase luni sec\u021bia de coresponden\u021bi a Evenimentului Zilei. A mai lucrat la s\u0103pt\u0103m\u00e2nalul Prezent \u0219i a colaborat cu revistele Dilema Veche \u0219i Suplimentul de Cultur\u0103. Este co-autor \u00een volumele \u201eMass-media \u0219i democra\u021bia \u00een Rom\u00e2nia post-comunist\u0103\u201d (ed. a II-a), Ed. Institutul European, Ia\u0219i, 2013, \u0219i \u201eCOVID - 19. Dimensiuni ale gestionarii pandemiei\u201d, Editura Junimea, Ia\u0219i, 2020.\",\"url\":\"https:\\\/\\\/buletin.de\\\/bucuresti\\\/author\\\/razvan-chiruta\\\/\"}]}<\/script>\n<!-- \/ Yoast SEO Premium plugin. -->","yoast_head_json":{"title":"VIDEO | Reac\u021bie \u0219oc la Curtea de Apel Bucure\u0219ti. O judec\u0103toare a intervenit \u00een conferin\u021ba de pres\u0103 a conducerii \u0219i a confirmat presiunile la care sunt supu\u0219i magistra\u021bii - Buletin de Bucure\u0219ti","description":"\u0219oc la Curtea de Apel Bucure\u0219ti: o judec\u0103toare a intervenit \u00een conferin\u021ba de pres\u0103 a conducerii \u0219i a confirmat presiunile magistra\u021bilor.","robots":{"index":"index","follow":"follow","max-snippet":"max-snippet:-1","max-image-preview":"max-image-preview:large","max-video-preview":"max-video-preview:-1"},"canonical":"https:\/\/buletin.de\/bucuresti\/reactie-soc-la-curtea-de-apel-bucuresti-o-judecatoare-a-intervenit-in-conferinta-de-presa-a-conducerii-si-a-confirmat-presiunile-la-care-sunt-supusi-magistratii\/","og_locale":"en_GB","og_type":"article","og_title":"VIDEO | Reac\u021bie \u0219oc la Curtea de Apel Bucure\u0219ti. O judec\u0103toare a intervenit \u00een conferin\u021ba de pres\u0103 a conducerii \u0219i a confirmat presiunile la care sunt supu\u0219i magistra\u021bii","og_description":"\u0219oc la Curtea de Apel Bucure\u0219ti: o judec\u0103toare a intervenit \u00een conferin\u021ba de pres\u0103 a conducerii \u0219i a confirmat presiunile magistra\u021bilor.","og_url":"https:\/\/buletin.de\/bucuresti\/reactie-soc-la-curtea-de-apel-bucuresti-o-judecatoare-a-intervenit-in-conferinta-de-presa-a-conducerii-si-a-confirmat-presiunile-la-care-sunt-supusi-magistratii\/","og_site_name":"Buletin de Bucure\u0219ti","article_publisher":"https:\/\/www.facebook.com\/buletin.de.buc","article_published_time":"2025-12-11T10:17:20+00:00","article_modified_time":"2025-12-11T11:57:01+00:00","og_image":[{"width":1200,"height":646,"url":"https:\/\/buletin.de\/bucuresti\/wp-content\/uploads\/2025\/12\/ralucamorosanu.png","type":"image\/png"}],"author":"R\u0103zvan Chiru\u021b\u0103","twitter_card":"summary_large_image","twitter_misc":{"Written by":"R\u0103zvan Chiru\u021b\u0103","Estimated reading time":"3 minutes"},"schema":{"@context":"https:\/\/schema.org","@graph":[{"@type":"Article","@id":"https:\/\/buletin.de\/bucuresti\/reactie-soc-la-curtea-de-apel-bucuresti-o-judecatoare-a-intervenit-in-conferinta-de-presa-a-conducerii-si-a-confirmat-presiunile-la-care-sunt-supusi-magistratii\/#article","isPartOf":{"@id":"https:\/\/buletin.de\/bucuresti\/reactie-soc-la-curtea-de-apel-bucuresti-o-judecatoare-a-intervenit-in-conferinta-de-presa-a-conducerii-si-a-confirmat-presiunile-la-care-sunt-supusi-magistratii\/"},"author":{"name":"R\u0103zvan Chiru\u021b\u0103","@id":"https:\/\/buletin.de\/bucuresti\/#\/schema\/person\/a76df728dfc913795a9d90e346b253bb"},"headline":"VIDEO | Reac\u021bie \u0219oc la Curtea de Apel Bucure\u0219ti. O judec\u0103toare a intervenit \u00een conferin\u021ba de pres\u0103 a conducerii \u0219i a confirmat presiunile la care sunt supu\u0219i magistra\u021bii","datePublished":"2025-12-11T10:17:20+00:00","dateModified":"2025-12-11T11:57:01+00:00","mainEntityOfPage":{"@id":"https:\/\/buletin.de\/bucuresti\/reactie-soc-la-curtea-de-apel-bucuresti-o-judecatoare-a-intervenit-in-conferinta-de-presa-a-conducerii-si-a-confirmat-presiunile-la-care-sunt-supusi-magistratii\/"},"wordCount":565,"publisher":{"@id":"https:\/\/buletin.de\/bucuresti\/#organization"},"image":{"@id":"https:\/\/buletin.de\/bucuresti\/reactie-soc-la-curtea-de-apel-bucuresti-o-judecatoare-a-intervenit-in-conferinta-de-presa-a-conducerii-si-a-confirmat-presiunile-la-care-sunt-supusi-magistratii\/#primaryimage"},"thumbnailUrl":"https:\/\/buletin.de\/bucuresti\/wp-content\/uploads\/2025\/12\/ralucamorosanu.png","keywords":["Curtea de Apel Bucure\u0219ti","presiuni asupra magistra\u021bilor","raluca moro\u0219anu","reactie judecatoare","reac\u021bie magistra\u021bi","recorder"],"articleSection":["Articole","Justi\u021bie","Main"],"inLanguage":"en-GB","copyrightYear":"2025","copyrightHolder":{"@id":"https:\/\/buletin.de\/bucuresti\/#organization"}},{"@type":"WebPage","@id":"https:\/\/buletin.de\/bucuresti\/reactie-soc-la-curtea-de-apel-bucuresti-o-judecatoare-a-intervenit-in-conferinta-de-presa-a-conducerii-si-a-confirmat-presiunile-la-care-sunt-supusi-magistratii\/","url":"https:\/\/buletin.de\/bucuresti\/reactie-soc-la-curtea-de-apel-bucuresti-o-judecatoare-a-intervenit-in-conferinta-de-presa-a-conducerii-si-a-confirmat-presiunile-la-care-sunt-supusi-magistratii\/","name":"VIDEO | Reac\u021bie \u0219oc la Curtea de Apel Bucure\u0219ti. O judec\u0103toare a intervenit \u00een conferin\u021ba de pres\u0103 a conducerii \u0219i a confirmat presiunile la care sunt supu\u0219i magistra\u021bii - Buletin de Bucure\u0219ti","isPartOf":{"@id":"https:\/\/buletin.de\/bucuresti\/#website"},"primaryImageOfPage":{"@id":"https:\/\/buletin.de\/bucuresti\/reactie-soc-la-curtea-de-apel-bucuresti-o-judecatoare-a-intervenit-in-conferinta-de-presa-a-conducerii-si-a-confirmat-presiunile-la-care-sunt-supusi-magistratii\/#primaryimage"},"image":{"@id":"https:\/\/buletin.de\/bucuresti\/reactie-soc-la-curtea-de-apel-bucuresti-o-judecatoare-a-intervenit-in-conferinta-de-presa-a-conducerii-si-a-confirmat-presiunile-la-care-sunt-supusi-magistratii\/#primaryimage"},"thumbnailUrl":"https:\/\/buletin.de\/bucuresti\/wp-content\/uploads\/2025\/12\/ralucamorosanu.png","datePublished":"2025-12-11T10:17:20+00:00","dateModified":"2025-12-11T11:57:01+00:00","description":"\u0219oc la Curtea de Apel Bucure\u0219ti: o judec\u0103toare a intervenit \u00een conferin\u021ba de pres\u0103 a conducerii \u0219i a confirmat presiunile magistra\u021bilor.","breadcrumb":{"@id":"https:\/\/buletin.de\/bucuresti\/reactie-soc-la-curtea-de-apel-bucuresti-o-judecatoare-a-intervenit-in-conferinta-de-presa-a-conducerii-si-a-confirmat-presiunile-la-care-sunt-supusi-magistratii\/#breadcrumb"},"inLanguage":"en-GB","potentialAction":[{"@type":"ReadAction","target":["https:\/\/buletin.de\/bucuresti\/reactie-soc-la-curtea-de-apel-bucuresti-o-judecatoare-a-intervenit-in-conferinta-de-presa-a-conducerii-si-a-confirmat-presiunile-la-care-sunt-supusi-magistratii\/"]}]},{"@type":"ImageObject","inLanguage":"en-GB","@id":"https:\/\/buletin.de\/bucuresti\/reactie-soc-la-curtea-de-apel-bucuresti-o-judecatoare-a-intervenit-in-conferinta-de-presa-a-conducerii-si-a-confirmat-presiunile-la-care-sunt-supusi-magistratii\/#primaryimage","url":"https:\/\/buletin.de\/bucuresti\/wp-content\/uploads\/2025\/12\/ralucamorosanu.png","contentUrl":"https:\/\/buletin.de\/bucuresti\/wp-content\/uploads\/2025\/12\/ralucamorosanu.png","width":1200,"height":646,"caption":"Raluca Moro\u0219anu a confirmat dezv\u0103luirile Recorder despre presiunile din justi\u021bie"},{"@type":"BreadcrumbList","@id":"https:\/\/buletin.de\/bucuresti\/reactie-soc-la-curtea-de-apel-bucuresti-o-judecatoare-a-intervenit-in-conferinta-de-presa-a-conducerii-si-a-confirmat-presiunile-la-care-sunt-supusi-magistratii\/#breadcrumb","itemListElement":[{"@type":"ListItem","position":1,"name":"Acas\u0103","item":"https:\/\/buletin.de\/bucuresti\/"},{"@type":"ListItem","position":2,"name":"VIDEO | Reac\u021bie \u0219oc la Curtea de Apel Bucure\u0219ti. O judec\u0103toare a intervenit \u00een conferin\u021ba de pres\u0103 a conducerii \u0219i a confirmat presiunile la care sunt supu\u0219i magistra\u021bii"}]},{"@type":"WebSite","@id":"https:\/\/buletin.de\/bucuresti\/#website","url":"https:\/\/buletin.de\/bucuresti\/","name":"Buletin de Bucure\u0219ti","description":"\u0218tiri \u0219i investiga\u021bii esen\u021biale din capital\u0103","publisher":{"@id":"https:\/\/buletin.de\/bucuresti\/#organization"},"potentialAction":[{"@type":"SearchAction","target":{"@type":"EntryPoint","urlTemplate":"https:\/\/buletin.de\/bucuresti\/?s={search_term_string}"},"query-input":{"@type":"PropertyValueSpecification","valueRequired":true,"valueName":"search_term_string"}}],"inLanguage":"en-GB"},{"@type":"Organization","@id":"https:\/\/buletin.de\/bucuresti\/#organization","name":"Buletin de Bucure\u0219ti","url":"https:\/\/buletin.de\/bucuresti\/","logo":{"@type":"ImageObject","inLanguage":"en-GB","@id":"https:\/\/buletin.de\/bucuresti\/#\/schema\/logo\/image\/","url":"https:\/\/buletin.de\/bucuresti\/wp-content\/uploads\/logo-bdb-full-wide-vernil-transparent.png","contentUrl":"https:\/\/buletin.de\/bucuresti\/wp-content\/uploads\/logo-bdb-full-wide-vernil-transparent.png","width":1782,"height":626,"caption":"Buletin de Bucure\u0219ti"},"image":{"@id":"https:\/\/buletin.de\/bucuresti\/#\/schema\/logo\/image\/"},"sameAs":["https:\/\/www.facebook.com\/buletin.de.buc","https:\/\/www.instagram.com\/buletinde.bucuresti\/"]},{"@type":"Person","@id":"https:\/\/buletin.de\/bucuresti\/#\/schema\/person\/a76df728dfc913795a9d90e346b253bb","name":"R\u0103zvan Chiru\u021b\u0103","image":{"@type":"ImageObject","inLanguage":"en-GB","@id":"https:\/\/buletin.de\/bucuresti\/wp-content\/uploads\/Razvan-Chiruta-96x96.jpge7143b996fd4241fbd6ee1f6b6b7b267","url":"https:\/\/buletin.de\/bucuresti\/wp-content\/uploads\/Razvan-Chiruta-96x96.jpg","contentUrl":"https:\/\/buletin.de\/bucuresti\/wp-content\/uploads\/Razvan-Chiruta-96x96.jpg","caption":"R\u0103zvan Chiru\u021b\u0103"},"description":"R\u0103zvan Chiru\u021b\u0103 este redactor-\u0219ef adjunct din iulie 2024. A fost redactor-\u0219ef al PRESShub \u00eentre 2022 \u0219i iunie 2024. Anterior, a fost redactor-\u0219ef al Newsweek Rom\u00e2nia, din 2018 p\u00e2n\u0103 \u00een 2021, \u0219i al cotidianului Rom\u00e2nia liber\u0103, \u00eentre 2015 \u0219i 2017. Este absolvent de Jurnalism, \u00een cadrul Universit\u0103\u021bii \u201eAl.I.Cuza\u201d din Ia\u0219i, \u0219i a urmat un master \u00een Managementul institu\u021biilor mass-media (f\u0103r\u0103 diserta\u021bie) la Facultatea de Jurnalism \u0219i \u0218tiin\u021bele Comunic\u0103rii din cadrul Universit\u0103\u021bii din Bucure\u0219ti. \u0218i-a \u00eenceput cariera la Opinia studen\u021beasc\u0103, cunoscuta \u0219coal\u0103 de pres\u0103 din Ia\u0219i. A lucrat \u00een presa local\u0103, apoi a devenit corespondent pentru Ia\u0219i al cotidianului Evenimentul Zilei. Din 2004, a coordonat pentru \u0219ase luni sec\u021bia de coresponden\u021bi a Evenimentului Zilei. A mai lucrat la s\u0103pt\u0103m\u00e2nalul Prezent \u0219i a colaborat cu revistele Dilema Veche \u0219i Suplimentul de Cultur\u0103. Este co-autor \u00een volumele \u201eMass-media \u0219i democra\u021bia \u00een Rom\u00e2nia post-comunist\u0103\u201d (ed. a II-a), Ed. Institutul European, Ia\u0219i, 2013, \u0219i \u201eCOVID - 19. Dimensiuni ale gestionarii pandemiei\u201d, Editura Junimea, Ia\u0219i, 2020.","url":"https:\/\/buletin.de\/bucuresti\/author\/razvan-chiruta\/"}]}},"authors":[{"term_id":22582,"user_id":60,"is_guest":0,"slug":"razvan-chiruta","display_name":"R\u0103zvan Chiru\u021b\u0103","avatar_url":"https:\/\/buletin.de\/bucuresti\/wp-content\/uploads\/Razvan-Chiruta-96x96.jpg","0":null,"1":"","2":"","3":"","4":"","5":"","6":"","7":"","8":""}],"_links":{"self":[{"href":"https:\/\/buletin.de\/bucuresti\/wp-json\/wp\/v2\/posts\/161975","targetHints":{"allow":["GET"]}}],"collection":[{"href":"https:\/\/buletin.de\/bucuresti\/wp-json\/wp\/v2\/posts"}],"about":[{"href":"https:\/\/buletin.de\/bucuresti\/wp-json\/wp\/v2\/types\/post"}],"author":[{"embeddable":true,"href":"https:\/\/buletin.de\/bucuresti\/wp-json\/wp\/v2\/users\/60"}],"replies":[{"embeddable":true,"href":"https:\/\/buletin.de\/bucuresti\/wp-json\/wp\/v2\/comments?post=161975"}],"version-history":[{"count":7,"href":"https:\/\/buletin.de\/bucuresti\/wp-json\/wp\/v2\/posts\/161975\/revisions"}],"predecessor-version":[{"id":162005,"href":"https:\/\/buletin.de\/bucuresti\/wp-json\/wp\/v2\/posts\/161975\/revisions\/162005"}],"wp:featuredmedia":[{"embeddable":true,"href":"https:\/\/buletin.de\/bucuresti\/wp-json\/wp\/v2\/media\/161979"}],"wp:attachment":[{"href":"https:\/\/buletin.de\/bucuresti\/wp-json\/wp\/v2\/media?parent=161975"}],"wp:term":[{"taxonomy":"category","embeddable":true,"href":"https:\/\/buletin.de\/bucuresti\/wp-json\/wp\/v2\/categories?post=161975"},{"taxonomy":"post_tag","embeddable":true,"href":"https:\/\/buletin.de\/bucuresti\/wp-json\/wp\/v2\/tags?post=161975"},{"taxonomy":"author","embeddable":true,"href":"https:\/\/buletin.de\/bucuresti\/wp-json\/wp\/v2\/ppma_author?post=161975"}],"curies":[{"name":"wp","href":"https:\/\/api.w.org\/{rel}","templated":true}]}}