{"id":161937,"date":"2025-12-11T11:59:32","date_gmt":"2025-12-11T08:59:32","guid":{"rendered":"https:\/\/buletin.de\/bucuresti\/?p=161937"},"modified":"2025-12-11T12:12:06","modified_gmt":"2025-12-11T09:12:06","slug":"a-fost-semnat-studiul-de-fezabilitate-pentru-drumul-de-mare-viteza-bucuresti-giurgiu","status":"publish","type":"post","link":"https:\/\/buletin.de\/bucuresti\/a-fost-semnat-studiul-de-fezabilitate-pentru-drumul-de-mare-viteza-bucuresti-giurgiu\/","title":{"rendered":"A fost semnat studiul de fezabilitate pentru drumul de mare vitez\u0103 Bucure\u0219ti-Giurgiu, care va stabili dac\u0103 va fi autostrad\u0103 sau drum expres"},"content":{"rendered":"\n<p><strong>Compania Na\u021bional\u0103 de Investi\u021bii Rutiere (CNIR) <a href=\"https:\/\/www.facebook.com\/story.php?story_fbid=792642593804485&amp;id=100091762550158&amp;rdid=P7EgvlsOnKrz0mz6#\" target=\"_blank\" rel=\"noreferrer noopener\">a anun\u021bat <\/a>c\u0103 a semnat joi contractul pentru studiul de fezabilitate privind drumul de mare vitez\u0103 Bucure\u0219ti-Giurgiu, prima \u0219osea rapid\u0103 care se proiecteaz\u0103 la frontiera Rom\u00e2niei cu Bulgaria.<\/strong><\/p>\n\n\n\n<p>Contractul a fost semnat cu asocierea de firme Activ Proiectare Infrastructur\u0103 S.R.L. (liderul Asocierii)- Emay Uluslararasi Muhendislik ve Mu\u0219avirlik Anonim \u0218irketi. <\/p>\n\n\n\n<h2 class=\"wp-block-heading\" id=\"h-ce-face-studiul-de-fezabilitate-pentru-drumul-de-mare-viteza-bucure\u0219ti-giurgiu\">Ce face studiul de fezabilitate pentru drumul de mare vitez\u0103 Bucure\u0219ti-Giurgiu<\/h2>\n\n\n\n<p><strong>CNIR va pl\u0103ti 33 milioane de lei, urm\u00e2nd ca studiul s\u0103 fie gata, conform contractului, \u00een 18 luni, din care 16 luni pentru realizarea studiului, respectiv dou\u0103 luni pentru asisten\u021b\u0103 tehnic\u0103 necesar\u0103 preg\u0103tirii contractului pentru proiectare \u0219i execu\u021bie.<\/strong><\/p>\n\n\n\n<p>,,Am semnat ast\u0103zi, contractul pentru realizarea Studiului de Fezabilitate al Drumului de mare vitez\u0103 Bucure\u0219ti-Giurgiu, primul obiectiv major de infrastructur\u0103 rutier\u0103 care se proiecteaz\u0103 la frontiera cu Bulgaria. <\/p>\n\n\n\n<p>Studiul de Fezabilitate <strong>va stabili variantele de traseu, profilul drumului de mare vitez\u0103 (autostrad\u0103 sau drum expres), structura \u0219i conexiunile cu alte obiective de investi\u021bii<\/strong>, precum viitorul Pod peste Dun\u0103re Giurgiu-Ruse. <\/p>\n\n\n\n<p>Este un obiectiv \u00een care am avut \u00een vedere, \u00eenc\u0103 de la \u00eenceput,<strong> realizarea unor proiecte complementare precum amenajarea unei piste olimpice de canotaj, c\u00e2t \u0219i posibilitatea implement\u0103rii prin parteneriat public-privat<\/strong>, aspecte ce sunt de natur\u0103 s\u0103 creasc\u0103 competitivitatea proiectului pentru ob\u021binerea finan\u021b\u0103rilor europene\u201d, a declarat directorul general al CNIR, Gabriel Budescu.<\/p>\n\n\n\n<p>Acest contract include elemente inovatoare, precum utilizarea BIM (Building Information Modeling) echiparea instala\u021biilor de foraj pentru studiul geotehnic cu sisteme GPS \u0219i camere care permit urm\u0103rirea lucr\u0103rilor \u00een timp real, a anun\u021bat CNIR.<\/p>\n\n\n\n<p><strong>CITE\u0218TE \u0218I: <a href=\"https:\/\/buletin.de\/bucuresti\/editorial-factura-coruptiei-se-plateste-in-ore-pierdute-in-trafic-frig-in-case-boli-de-inima-si-de-plamani-prescriptia-lor-este-condamnarea-noastra\/\" target=\"_blank\" rel=\"noreferrer noopener\">EDITORIAL | Factura corup\u021biei se pl\u0103te\u0219te \u00een ore pierdute \u00een trafic, frig \u00een case, boli de inim\u0103 \u0219i de pl\u0103m\u00e2ni. Prescrip\u021bia lor este condamnarea noastr\u0103<\/a><\/strong><\/p>\n\n\n\n<h2 class=\"wp-block-heading\" id=\"h-studiul-de-fezabilitate-s-a-scumpit\">Studiul de fezabilitate s-a scumpit<\/h2>\n\n\n\n<p><strong>Contractul pentru studiul de fezabilitate al drumului de mare vitez\u0103 A5 Bucure\u0219ti-Giurgiu a fost semnat cu o valoare majorat\u0103 cu peste 350.000 de euro. Reevaluarea ofertelor, cerut\u0103 de Consiliul Na\u021bional pentru Solu\u021bionarea Contesta\u021biilor (CNSC), a schimbat c\u00e2\u0219tig\u0103torul ini\u021bial \u0219i a scumpit proiectul de la 31,2 milioane de lei la 33 de milioane de lei.<\/strong><\/p>\n\n\n\n<p>Ini\u021bial, pe 9 mai 2025,&nbsp;<a href=\"https:\/\/www.cnir.ro\/contract-atribuit-pentru-studiul-de-fezabilitate-al-drumului-de-mare-viteza-bucuresti-giurgiu\/\">Compania Na\u021bional\u0103 de Investi\u021bii Rutiere (CNIR)<\/a>&nbsp;a atribuit contractul asocierii SC Proiect Construct Regiunea Transilvania (lider) \u0219i Roads Design, pentru o ofert\u0103 de 31,2 milioane de lei.<\/p>\n\n\n\n<p>Anun\u021bul a venit dup\u0103 o perioad\u0103 \u00een care CNIR a analizat mai multe variante de traseu, inclusiv posibile conexiuni cu viitoarea autostrad\u0103 A6 Bucure\u0219ti-Alexandria \u0219i autostrada A1 Bucure\u0219ti-Pite\u0219ti.<\/p>\n\n\n\n<p><strong>CITE\u0218TE \u0218I: <a href=\"https:\/\/buletin.de\/bucuresti\/a5-bucuresti-giurgiu-studiul-de-fezabilitate-s-a-scumpit-cu-350-000-de-euro-dupa-reevaluarea-ofertelor-ar-urma-sa-fie-gata-in-2027\/\" target=\"_blank\" rel=\"noreferrer noopener\">A5 Bucure\u0219ti-Giurgiu | Studiul de fezabilitate s-a scumpit cu 350.000 de euro dup\u0103 reevaluarea ofertelor. Ar urma s\u0103 fie gata \u00een 2027<\/a><\/strong><\/p>\n\n\n\n<h2 class=\"wp-block-heading\" id=\"h-ce-face-o-pista-olimpica-de-canotaj\">Ce face o pist\u0103 olimpic\u0103 de canotaj<\/h2>\n\n\n\n<p>,,<strong>\u00cen Rom\u00e2nia, nu exist\u0103 nicio pist\u0103 de canotaj amenajat\u0103 la standarde interna\u021bionale \u00een adev\u0103ratul sens al cuv\u00e2ntului. Pentru acest proiect, am luat leg\u0103tura cu pre\u0219edinta Agen\u021biei Na\u021bionale pentru Sport, doamna Elisabeta Lip\u0103, \u0219i am primit detaliile tehnice necesare amenaj\u0103rii unei piste de canotaj. <\/strong><\/p>\n\n\n\n<p>Noi, \u00een Caietul de sarcini pentru realizarea Studiului de Fezabilitate al drumului de mare Vitez\u0103 Bucure\u0219ti-Giurgiu (Autostrad\u0103\/Drum Expres) am prev\u0103zut cerin\u021be pentru a putea determina anumi\u021bi parametri, s\u0103 vedem la ce ad\u00e2ncime este p\u00e2nza freatic\u0103 \u0219i cum am putea asigura dimensiunile unei astfel de piste de canotaj. <\/p>\n\n\n\n<p>\u00cen momentul \u00een care stabilim c\u0103 vom putea face proiecte complementare, drumul de mare vitez\u0103 Bucure\u0219ti-Giurgiu \u0219i pista de canotaj de l\u00e2ng\u0103 traseul acestuia, vom putea merge la Comisia European\u0103 pentru a le prezenta. <\/p>\n\n\n\n<p><strong>Practic, nu facem doar o groap\u0103, ci pe amplasamentul unei gropi de \u00eemprumut se poate amenaja o pist\u0103 de canotaj. <\/strong><\/p>\n\n\n\n<p>\u00cen Caietul de sarcini pentru Studiul de Fezabilitate au fost incluse cerin\u021be specifice precum mai multe foraje geotehnice \u0219i piezometre pentru a putea determina nivelul p\u00e2nzei freatice \u0219i c\u00e2t variaz\u0103, s\u0103 avem condi\u021biile pentru a determina dac\u0103 se preteaz\u0103 pentru amenajarea unei piste de canotaj\u201d, a explicat directorul general al CNIR, Gabriel Budescu.<\/p>\n\n\n\n<p><strong>CITE\u0218TE \u0218I: <a href=\"https:\/\/buletin.de\/bucuresti\/noutate-pe-drumul-de-mare-viteza-bucuresti-giurgiu-va-avea-o-pista-olimpica-de-canotaj\/\" target=\"_blank\" rel=\"noreferrer noopener\">Noutate pe drumul de mare vitez\u0103 Bucure\u0219ti-Giurgiu: va avea o pist\u0103 olimpic\u0103 de canotaj<\/a><br><\/strong><\/p>\n","protected":false},"excerpt":{"rendered":"<p>Compania Na\u021bional\u0103 de Investi\u021bii Rutiere (CNIR) a anun\u021bat c\u0103 a semnat joi contractul pentru studiul de fezabilitate privind drumul de mare vitez\u0103 Bucure\u0219ti-Giurgiu, prima \u0219osea rapid\u0103 care se proiecteaz\u0103 la frontiera Rom\u00e2niei cu Bulgaria. Contractul a fost semnat cu asocierea de firme Activ Proiectare Infrastructur\u0103 S.R.L. (liderul Asocierii)- Emay Uluslararasi Muhendislik ve Mu\u0219avirlik Anonim \u0218irketi. [&hellip;]<\/p>\n","protected":false},"author":60,"featured_media":161940,"comment_status":"closed","ping_status":"open","sticky":false,"template":"","format":"standard","meta":{"_acf_changed":false,"inline_featured_image":false,"ngg_post_thumbnail":0,"footnotes":""},"categories":[6994,62,650],"tags":[15133,8935,9609,17889,17890],"ppma_author":[22582],"class_list":["post-161937","post","type-post","status-publish","format-standard","has-post-thumbnail","hentry","category-stiri-2","category-stiri","category-transport","tag-autostrada-bucuresti-giurgiu","tag-bucuresti-giurgiu","tag-bucuresti-giurgiu-2","tag-pista-canotaj","tag-pista-olimpica-de-canotaj"],"acf":[],"yoast_head":"<!-- This site is optimized with the Yoast SEO Premium plugin v25.3 (Yoast SEO v27.4) - https:\/\/yoast.com\/product\/yoast-seo-premium-wordpress\/ -->\n<title>A fost semnat studiul de fezabilitate pentru drumul de mare vitez\u0103 Bucure\u0219ti-Giurgiu, care va stabili dac\u0103 va fi autostrad\u0103 sau drum expres - Buletin de Bucure\u0219ti<\/title>\n<meta name=\"description\" content=\"CNIR a anun\u021bat c\u0103 a semnat joi contractul pentru studiul de fezabilitate pentru drumul de mare vitez\u0103 Bucure\u0219ti-Giurgiu.\" \/>\n<meta name=\"robots\" content=\"index, follow, max-snippet:-1, max-image-preview:large, max-video-preview:-1\" \/>\n<link rel=\"canonical\" href=\"https:\/\/buletin.de\/bucuresti\/a-fost-semnat-studiul-de-fezabilitate-pentru-drumul-de-mare-viteza-bucuresti-giurgiu\/\" \/>\n<meta property=\"og:locale\" content=\"en_GB\" \/>\n<meta property=\"og:type\" content=\"article\" \/>\n<meta property=\"og:title\" content=\"A fost semnat studiul de fezabilitate pentru drumul de mare vitez\u0103 Bucure\u0219ti-Giurgiu, care va stabili dac\u0103 va fi autostrad\u0103 sau drum expres\" \/>\n<meta property=\"og:description\" content=\"CNIR a anun\u021bat c\u0103 a semnat joi contractul pentru studiul de fezabilitate pentru drumul de mare vitez\u0103 Bucure\u0219ti-Giurgiu.\" \/>\n<meta property=\"og:url\" content=\"https:\/\/buletin.de\/bucuresti\/a-fost-semnat-studiul-de-fezabilitate-pentru-drumul-de-mare-viteza-bucuresti-giurgiu\/\" \/>\n<meta property=\"og:site_name\" content=\"Buletin de Bucure\u0219ti\" \/>\n<meta property=\"article:publisher\" content=\"https:\/\/www.facebook.com\/buletin.de.buc\" \/>\n<meta property=\"article:published_time\" content=\"2025-12-11T08:59:32+00:00\" \/>\n<meta property=\"article:modified_time\" content=\"2025-12-11T09:12:06+00:00\" \/>\n<meta property=\"og:image\" content=\"https:\/\/buletin.de\/bucuresti\/wp-content\/uploads\/2025\/12\/drumuldemarevitezabucurestigiurgiu-e1765443564295.jpg\" \/>\n\t<meta property=\"og:image:width\" content=\"1134\" \/>\n\t<meta property=\"og:image:height\" content=\"650\" \/>\n\t<meta property=\"og:image:type\" content=\"image\/jpeg\" \/>\n<meta name=\"author\" content=\"R\u0103zvan Chiru\u021b\u0103\" \/>\n<meta name=\"twitter:card\" content=\"summary_large_image\" \/>\n<meta name=\"twitter:label1\" content=\"Written by\" \/>\n\t<meta name=\"twitter:data1\" content=\"R\u0103zvan Chiru\u021b\u0103\" \/>\n\t<meta name=\"twitter:label2\" content=\"Estimated reading time\" \/>\n\t<meta name=\"twitter:data2\" content=\"3 minutes\" \/>\n<script type=\"application\/ld+json\" class=\"yoast-schema-graph\">{\"@context\":\"https:\\\/\\\/schema.org\",\"@graph\":[{\"@type\":\"Article\",\"@id\":\"https:\\\/\\\/buletin.de\\\/bucuresti\\\/a-fost-semnat-studiul-de-fezabilitate-pentru-drumul-de-mare-viteza-bucuresti-giurgiu\\\/#article\",\"isPartOf\":{\"@id\":\"https:\\\/\\\/buletin.de\\\/bucuresti\\\/a-fost-semnat-studiul-de-fezabilitate-pentru-drumul-de-mare-viteza-bucuresti-giurgiu\\\/\"},\"author\":{\"name\":\"R\u0103zvan Chiru\u021b\u0103\",\"@id\":\"https:\\\/\\\/buletin.de\\\/bucuresti\\\/#\\\/schema\\\/person\\\/a76df728dfc913795a9d90e346b253bb\"},\"headline\":\"A fost semnat studiul de fezabilitate pentru drumul de mare vitez\u0103 Bucure\u0219ti-Giurgiu, care va stabili dac\u0103 va fi autostrad\u0103 sau drum expres\",\"datePublished\":\"2025-12-11T08:59:32+00:00\",\"dateModified\":\"2025-12-11T09:12:06+00:00\",\"mainEntityOfPage\":{\"@id\":\"https:\\\/\\\/buletin.de\\\/bucuresti\\\/a-fost-semnat-studiul-de-fezabilitate-pentru-drumul-de-mare-viteza-bucuresti-giurgiu\\\/\"},\"wordCount\":723,\"publisher\":{\"@id\":\"https:\\\/\\\/buletin.de\\\/bucuresti\\\/#organization\"},\"image\":{\"@id\":\"https:\\\/\\\/buletin.de\\\/bucuresti\\\/a-fost-semnat-studiul-de-fezabilitate-pentru-drumul-de-mare-viteza-bucuresti-giurgiu\\\/#primaryimage\"},\"thumbnailUrl\":\"https:\\\/\\\/buletin.de\\\/bucuresti\\\/wp-content\\\/uploads\\\/2025\\\/12\\\/drumuldemarevitezabucurestigiurgiu-e1765443564295.jpg\",\"keywords\":[\"autostrada bucuresti - giurgiu\",\"bucuresti giurgiu\",\"Bucuresti-Giurgiu\",\"pista canotaj\",\"pista olimpica de canotaj\"],\"articleSection\":[\"Articole\",\"\u0218tiri\",\"Transport\"],\"inLanguage\":\"en-GB\",\"copyrightYear\":\"2025\",\"copyrightHolder\":{\"@id\":\"https:\\\/\\\/buletin.de\\\/bucuresti\\\/#organization\"}},{\"@type\":\"WebPage\",\"@id\":\"https:\\\/\\\/buletin.de\\\/bucuresti\\\/a-fost-semnat-studiul-de-fezabilitate-pentru-drumul-de-mare-viteza-bucuresti-giurgiu\\\/\",\"url\":\"https:\\\/\\\/buletin.de\\\/bucuresti\\\/a-fost-semnat-studiul-de-fezabilitate-pentru-drumul-de-mare-viteza-bucuresti-giurgiu\\\/\",\"name\":\"A fost semnat studiul de fezabilitate pentru drumul de mare vitez\u0103 Bucure\u0219ti-Giurgiu, care va stabili dac\u0103 va fi autostrad\u0103 sau drum expres - Buletin de Bucure\u0219ti\",\"isPartOf\":{\"@id\":\"https:\\\/\\\/buletin.de\\\/bucuresti\\\/#website\"},\"primaryImageOfPage\":{\"@id\":\"https:\\\/\\\/buletin.de\\\/bucuresti\\\/a-fost-semnat-studiul-de-fezabilitate-pentru-drumul-de-mare-viteza-bucuresti-giurgiu\\\/#primaryimage\"},\"image\":{\"@id\":\"https:\\\/\\\/buletin.de\\\/bucuresti\\\/a-fost-semnat-studiul-de-fezabilitate-pentru-drumul-de-mare-viteza-bucuresti-giurgiu\\\/#primaryimage\"},\"thumbnailUrl\":\"https:\\\/\\\/buletin.de\\\/bucuresti\\\/wp-content\\\/uploads\\\/2025\\\/12\\\/drumuldemarevitezabucurestigiurgiu-e1765443564295.jpg\",\"datePublished\":\"2025-12-11T08:59:32+00:00\",\"dateModified\":\"2025-12-11T09:12:06+00:00\",\"description\":\"CNIR a anun\u021bat c\u0103 a semnat joi contractul pentru studiul de fezabilitate pentru drumul de mare vitez\u0103 Bucure\u0219ti-Giurgiu.\",\"breadcrumb\":{\"@id\":\"https:\\\/\\\/buletin.de\\\/bucuresti\\\/a-fost-semnat-studiul-de-fezabilitate-pentru-drumul-de-mare-viteza-bucuresti-giurgiu\\\/#breadcrumb\"},\"inLanguage\":\"en-GB\",\"potentialAction\":[{\"@type\":\"ReadAction\",\"target\":[\"https:\\\/\\\/buletin.de\\\/bucuresti\\\/a-fost-semnat-studiul-de-fezabilitate-pentru-drumul-de-mare-viteza-bucuresti-giurgiu\\\/\"]}]},{\"@type\":\"ImageObject\",\"inLanguage\":\"en-GB\",\"@id\":\"https:\\\/\\\/buletin.de\\\/bucuresti\\\/a-fost-semnat-studiul-de-fezabilitate-pentru-drumul-de-mare-viteza-bucuresti-giurgiu\\\/#primaryimage\",\"url\":\"https:\\\/\\\/buletin.de\\\/bucuresti\\\/wp-content\\\/uploads\\\/2025\\\/12\\\/drumuldemarevitezabucurestigiurgiu-e1765443564295.jpg\",\"contentUrl\":\"https:\\\/\\\/buletin.de\\\/bucuresti\\\/wp-content\\\/uploads\\\/2025\\\/12\\\/drumuldemarevitezabucurestigiurgiu-e1765443564295.jpg\",\"width\":1134,\"height\":650,\"caption\":\"Drumul de mare vitez\u0103 Bucure\u0219ti-Giurgiu\"},{\"@type\":\"BreadcrumbList\",\"@id\":\"https:\\\/\\\/buletin.de\\\/bucuresti\\\/a-fost-semnat-studiul-de-fezabilitate-pentru-drumul-de-mare-viteza-bucuresti-giurgiu\\\/#breadcrumb\",\"itemListElement\":[{\"@type\":\"ListItem\",\"position\":1,\"name\":\"Acas\u0103\",\"item\":\"https:\\\/\\\/buletin.de\\\/bucuresti\\\/\"},{\"@type\":\"ListItem\",\"position\":2,\"name\":\"A fost semnat studiul de fezabilitate pentru drumul de mare vitez\u0103 Bucure\u0219ti-Giurgiu, care va stabili dac\u0103 va fi autostrad\u0103 sau drum expres\"}]},{\"@type\":\"WebSite\",\"@id\":\"https:\\\/\\\/buletin.de\\\/bucuresti\\\/#website\",\"url\":\"https:\\\/\\\/buletin.de\\\/bucuresti\\\/\",\"name\":\"Buletin de Bucure\u0219ti\",\"description\":\"\u0218tiri \u0219i investiga\u021bii esen\u021biale din capital\u0103\",\"publisher\":{\"@id\":\"https:\\\/\\\/buletin.de\\\/bucuresti\\\/#organization\"},\"potentialAction\":[{\"@type\":\"SearchAction\",\"target\":{\"@type\":\"EntryPoint\",\"urlTemplate\":\"https:\\\/\\\/buletin.de\\\/bucuresti\\\/?s={search_term_string}\"},\"query-input\":{\"@type\":\"PropertyValueSpecification\",\"valueRequired\":true,\"valueName\":\"search_term_string\"}}],\"inLanguage\":\"en-GB\"},{\"@type\":\"Organization\",\"@id\":\"https:\\\/\\\/buletin.de\\\/bucuresti\\\/#organization\",\"name\":\"Buletin de Bucure\u0219ti\",\"url\":\"https:\\\/\\\/buletin.de\\\/bucuresti\\\/\",\"logo\":{\"@type\":\"ImageObject\",\"inLanguage\":\"en-GB\",\"@id\":\"https:\\\/\\\/buletin.de\\\/bucuresti\\\/#\\\/schema\\\/logo\\\/image\\\/\",\"url\":\"https:\\\/\\\/buletin.de\\\/bucuresti\\\/wp-content\\\/uploads\\\/logo-bdb-full-wide-vernil-transparent.png\",\"contentUrl\":\"https:\\\/\\\/buletin.de\\\/bucuresti\\\/wp-content\\\/uploads\\\/logo-bdb-full-wide-vernil-transparent.png\",\"width\":1782,\"height\":626,\"caption\":\"Buletin de Bucure\u0219ti\"},\"image\":{\"@id\":\"https:\\\/\\\/buletin.de\\\/bucuresti\\\/#\\\/schema\\\/logo\\\/image\\\/\"},\"sameAs\":[\"https:\\\/\\\/www.facebook.com\\\/buletin.de.buc\",\"https:\\\/\\\/www.instagram.com\\\/buletinde.bucuresti\\\/\"]},{\"@type\":\"Person\",\"@id\":\"https:\\\/\\\/buletin.de\\\/bucuresti\\\/#\\\/schema\\\/person\\\/a76df728dfc913795a9d90e346b253bb\",\"name\":\"R\u0103zvan Chiru\u021b\u0103\",\"image\":{\"@type\":\"ImageObject\",\"inLanguage\":\"en-GB\",\"@id\":\"https:\\\/\\\/buletin.de\\\/bucuresti\\\/wp-content\\\/uploads\\\/Razvan-Chiruta-96x96.jpge7143b996fd4241fbd6ee1f6b6b7b267\",\"url\":\"https:\\\/\\\/buletin.de\\\/bucuresti\\\/wp-content\\\/uploads\\\/Razvan-Chiruta-96x96.jpg\",\"contentUrl\":\"https:\\\/\\\/buletin.de\\\/bucuresti\\\/wp-content\\\/uploads\\\/Razvan-Chiruta-96x96.jpg\",\"caption\":\"R\u0103zvan Chiru\u021b\u0103\"},\"description\":\"R\u0103zvan Chiru\u021b\u0103 este redactor-\u0219ef adjunct din iulie 2024. A fost redactor-\u0219ef al PRESShub \u00eentre 2022 \u0219i iunie 2024. Anterior, a fost redactor-\u0219ef al Newsweek Rom\u00e2nia, din 2018 p\u00e2n\u0103 \u00een 2021, \u0219i al cotidianului Rom\u00e2nia liber\u0103, \u00eentre 2015 \u0219i 2017. Este absolvent de Jurnalism, \u00een cadrul Universit\u0103\u021bii \u201eAl.I.Cuza\u201d din Ia\u0219i, \u0219i a urmat un master \u00een Managementul institu\u021biilor mass-media (f\u0103r\u0103 diserta\u021bie) la Facultatea de Jurnalism \u0219i \u0218tiin\u021bele Comunic\u0103rii din cadrul Universit\u0103\u021bii din Bucure\u0219ti. \u0218i-a \u00eenceput cariera la Opinia studen\u021beasc\u0103, cunoscuta \u0219coal\u0103 de pres\u0103 din Ia\u0219i. A lucrat \u00een presa local\u0103, apoi a devenit corespondent pentru Ia\u0219i al cotidianului Evenimentul Zilei. Din 2004, a coordonat pentru \u0219ase luni sec\u021bia de coresponden\u021bi a Evenimentului Zilei. A mai lucrat la s\u0103pt\u0103m\u00e2nalul Prezent \u0219i a colaborat cu revistele Dilema Veche \u0219i Suplimentul de Cultur\u0103. Este co-autor \u00een volumele \u201eMass-media \u0219i democra\u021bia \u00een Rom\u00e2nia post-comunist\u0103\u201d (ed. a II-a), Ed. Institutul European, Ia\u0219i, 2013, \u0219i \u201eCOVID - 19. Dimensiuni ale gestionarii pandemiei\u201d, Editura Junimea, Ia\u0219i, 2020.\",\"url\":\"https:\\\/\\\/buletin.de\\\/bucuresti\\\/author\\\/razvan-chiruta\\\/\"}]}<\/script>\n<!-- \/ Yoast SEO Premium plugin. -->","yoast_head_json":{"title":"A fost semnat studiul de fezabilitate pentru drumul de mare vitez\u0103 Bucure\u0219ti-Giurgiu, care va stabili dac\u0103 va fi autostrad\u0103 sau drum expres - Buletin de Bucure\u0219ti","description":"CNIR a anun\u021bat c\u0103 a semnat joi contractul pentru studiul de fezabilitate pentru drumul de mare vitez\u0103 Bucure\u0219ti-Giurgiu.","robots":{"index":"index","follow":"follow","max-snippet":"max-snippet:-1","max-image-preview":"max-image-preview:large","max-video-preview":"max-video-preview:-1"},"canonical":"https:\/\/buletin.de\/bucuresti\/a-fost-semnat-studiul-de-fezabilitate-pentru-drumul-de-mare-viteza-bucuresti-giurgiu\/","og_locale":"en_GB","og_type":"article","og_title":"A fost semnat studiul de fezabilitate pentru drumul de mare vitez\u0103 Bucure\u0219ti-Giurgiu, care va stabili dac\u0103 va fi autostrad\u0103 sau drum expres","og_description":"CNIR a anun\u021bat c\u0103 a semnat joi contractul pentru studiul de fezabilitate pentru drumul de mare vitez\u0103 Bucure\u0219ti-Giurgiu.","og_url":"https:\/\/buletin.de\/bucuresti\/a-fost-semnat-studiul-de-fezabilitate-pentru-drumul-de-mare-viteza-bucuresti-giurgiu\/","og_site_name":"Buletin de Bucure\u0219ti","article_publisher":"https:\/\/www.facebook.com\/buletin.de.buc","article_published_time":"2025-12-11T08:59:32+00:00","article_modified_time":"2025-12-11T09:12:06+00:00","og_image":[{"width":1134,"height":650,"url":"https:\/\/buletin.de\/bucuresti\/wp-content\/uploads\/2025\/12\/drumuldemarevitezabucurestigiurgiu-e1765443564295.jpg","type":"image\/jpeg"}],"author":"R\u0103zvan Chiru\u021b\u0103","twitter_card":"summary_large_image","twitter_misc":{"Written by":"R\u0103zvan Chiru\u021b\u0103","Estimated reading time":"3 minutes"},"schema":{"@context":"https:\/\/schema.org","@graph":[{"@type":"Article","@id":"https:\/\/buletin.de\/bucuresti\/a-fost-semnat-studiul-de-fezabilitate-pentru-drumul-de-mare-viteza-bucuresti-giurgiu\/#article","isPartOf":{"@id":"https:\/\/buletin.de\/bucuresti\/a-fost-semnat-studiul-de-fezabilitate-pentru-drumul-de-mare-viteza-bucuresti-giurgiu\/"},"author":{"name":"R\u0103zvan Chiru\u021b\u0103","@id":"https:\/\/buletin.de\/bucuresti\/#\/schema\/person\/a76df728dfc913795a9d90e346b253bb"},"headline":"A fost semnat studiul de fezabilitate pentru drumul de mare vitez\u0103 Bucure\u0219ti-Giurgiu, care va stabili dac\u0103 va fi autostrad\u0103 sau drum expres","datePublished":"2025-12-11T08:59:32+00:00","dateModified":"2025-12-11T09:12:06+00:00","mainEntityOfPage":{"@id":"https:\/\/buletin.de\/bucuresti\/a-fost-semnat-studiul-de-fezabilitate-pentru-drumul-de-mare-viteza-bucuresti-giurgiu\/"},"wordCount":723,"publisher":{"@id":"https:\/\/buletin.de\/bucuresti\/#organization"},"image":{"@id":"https:\/\/buletin.de\/bucuresti\/a-fost-semnat-studiul-de-fezabilitate-pentru-drumul-de-mare-viteza-bucuresti-giurgiu\/#primaryimage"},"thumbnailUrl":"https:\/\/buletin.de\/bucuresti\/wp-content\/uploads\/2025\/12\/drumuldemarevitezabucurestigiurgiu-e1765443564295.jpg","keywords":["autostrada bucuresti - giurgiu","bucuresti giurgiu","Bucuresti-Giurgiu","pista canotaj","pista olimpica de canotaj"],"articleSection":["Articole","\u0218tiri","Transport"],"inLanguage":"en-GB","copyrightYear":"2025","copyrightHolder":{"@id":"https:\/\/buletin.de\/bucuresti\/#organization"}},{"@type":"WebPage","@id":"https:\/\/buletin.de\/bucuresti\/a-fost-semnat-studiul-de-fezabilitate-pentru-drumul-de-mare-viteza-bucuresti-giurgiu\/","url":"https:\/\/buletin.de\/bucuresti\/a-fost-semnat-studiul-de-fezabilitate-pentru-drumul-de-mare-viteza-bucuresti-giurgiu\/","name":"A fost semnat studiul de fezabilitate pentru drumul de mare vitez\u0103 Bucure\u0219ti-Giurgiu, care va stabili dac\u0103 va fi autostrad\u0103 sau drum expres - Buletin de Bucure\u0219ti","isPartOf":{"@id":"https:\/\/buletin.de\/bucuresti\/#website"},"primaryImageOfPage":{"@id":"https:\/\/buletin.de\/bucuresti\/a-fost-semnat-studiul-de-fezabilitate-pentru-drumul-de-mare-viteza-bucuresti-giurgiu\/#primaryimage"},"image":{"@id":"https:\/\/buletin.de\/bucuresti\/a-fost-semnat-studiul-de-fezabilitate-pentru-drumul-de-mare-viteza-bucuresti-giurgiu\/#primaryimage"},"thumbnailUrl":"https:\/\/buletin.de\/bucuresti\/wp-content\/uploads\/2025\/12\/drumuldemarevitezabucurestigiurgiu-e1765443564295.jpg","datePublished":"2025-12-11T08:59:32+00:00","dateModified":"2025-12-11T09:12:06+00:00","description":"CNIR a anun\u021bat c\u0103 a semnat joi contractul pentru studiul de fezabilitate pentru drumul de mare vitez\u0103 Bucure\u0219ti-Giurgiu.","breadcrumb":{"@id":"https:\/\/buletin.de\/bucuresti\/a-fost-semnat-studiul-de-fezabilitate-pentru-drumul-de-mare-viteza-bucuresti-giurgiu\/#breadcrumb"},"inLanguage":"en-GB","potentialAction":[{"@type":"ReadAction","target":["https:\/\/buletin.de\/bucuresti\/a-fost-semnat-studiul-de-fezabilitate-pentru-drumul-de-mare-viteza-bucuresti-giurgiu\/"]}]},{"@type":"ImageObject","inLanguage":"en-GB","@id":"https:\/\/buletin.de\/bucuresti\/a-fost-semnat-studiul-de-fezabilitate-pentru-drumul-de-mare-viteza-bucuresti-giurgiu\/#primaryimage","url":"https:\/\/buletin.de\/bucuresti\/wp-content\/uploads\/2025\/12\/drumuldemarevitezabucurestigiurgiu-e1765443564295.jpg","contentUrl":"https:\/\/buletin.de\/bucuresti\/wp-content\/uploads\/2025\/12\/drumuldemarevitezabucurestigiurgiu-e1765443564295.jpg","width":1134,"height":650,"caption":"Drumul de mare vitez\u0103 Bucure\u0219ti-Giurgiu"},{"@type":"BreadcrumbList","@id":"https:\/\/buletin.de\/bucuresti\/a-fost-semnat-studiul-de-fezabilitate-pentru-drumul-de-mare-viteza-bucuresti-giurgiu\/#breadcrumb","itemListElement":[{"@type":"ListItem","position":1,"name":"Acas\u0103","item":"https:\/\/buletin.de\/bucuresti\/"},{"@type":"ListItem","position":2,"name":"A fost semnat studiul de fezabilitate pentru drumul de mare vitez\u0103 Bucure\u0219ti-Giurgiu, care va stabili dac\u0103 va fi autostrad\u0103 sau drum expres"}]},{"@type":"WebSite","@id":"https:\/\/buletin.de\/bucuresti\/#website","url":"https:\/\/buletin.de\/bucuresti\/","name":"Buletin de Bucure\u0219ti","description":"\u0218tiri \u0219i investiga\u021bii esen\u021biale din capital\u0103","publisher":{"@id":"https:\/\/buletin.de\/bucuresti\/#organization"},"potentialAction":[{"@type":"SearchAction","target":{"@type":"EntryPoint","urlTemplate":"https:\/\/buletin.de\/bucuresti\/?s={search_term_string}"},"query-input":{"@type":"PropertyValueSpecification","valueRequired":true,"valueName":"search_term_string"}}],"inLanguage":"en-GB"},{"@type":"Organization","@id":"https:\/\/buletin.de\/bucuresti\/#organization","name":"Buletin de Bucure\u0219ti","url":"https:\/\/buletin.de\/bucuresti\/","logo":{"@type":"ImageObject","inLanguage":"en-GB","@id":"https:\/\/buletin.de\/bucuresti\/#\/schema\/logo\/image\/","url":"https:\/\/buletin.de\/bucuresti\/wp-content\/uploads\/logo-bdb-full-wide-vernil-transparent.png","contentUrl":"https:\/\/buletin.de\/bucuresti\/wp-content\/uploads\/logo-bdb-full-wide-vernil-transparent.png","width":1782,"height":626,"caption":"Buletin de Bucure\u0219ti"},"image":{"@id":"https:\/\/buletin.de\/bucuresti\/#\/schema\/logo\/image\/"},"sameAs":["https:\/\/www.facebook.com\/buletin.de.buc","https:\/\/www.instagram.com\/buletinde.bucuresti\/"]},{"@type":"Person","@id":"https:\/\/buletin.de\/bucuresti\/#\/schema\/person\/a76df728dfc913795a9d90e346b253bb","name":"R\u0103zvan Chiru\u021b\u0103","image":{"@type":"ImageObject","inLanguage":"en-GB","@id":"https:\/\/buletin.de\/bucuresti\/wp-content\/uploads\/Razvan-Chiruta-96x96.jpge7143b996fd4241fbd6ee1f6b6b7b267","url":"https:\/\/buletin.de\/bucuresti\/wp-content\/uploads\/Razvan-Chiruta-96x96.jpg","contentUrl":"https:\/\/buletin.de\/bucuresti\/wp-content\/uploads\/Razvan-Chiruta-96x96.jpg","caption":"R\u0103zvan Chiru\u021b\u0103"},"description":"R\u0103zvan Chiru\u021b\u0103 este redactor-\u0219ef adjunct din iulie 2024. A fost redactor-\u0219ef al PRESShub \u00eentre 2022 \u0219i iunie 2024. Anterior, a fost redactor-\u0219ef al Newsweek Rom\u00e2nia, din 2018 p\u00e2n\u0103 \u00een 2021, \u0219i al cotidianului Rom\u00e2nia liber\u0103, \u00eentre 2015 \u0219i 2017. Este absolvent de Jurnalism, \u00een cadrul Universit\u0103\u021bii \u201eAl.I.Cuza\u201d din Ia\u0219i, \u0219i a urmat un master \u00een Managementul institu\u021biilor mass-media (f\u0103r\u0103 diserta\u021bie) la Facultatea de Jurnalism \u0219i \u0218tiin\u021bele Comunic\u0103rii din cadrul Universit\u0103\u021bii din Bucure\u0219ti. \u0218i-a \u00eenceput cariera la Opinia studen\u021beasc\u0103, cunoscuta \u0219coal\u0103 de pres\u0103 din Ia\u0219i. A lucrat \u00een presa local\u0103, apoi a devenit corespondent pentru Ia\u0219i al cotidianului Evenimentul Zilei. Din 2004, a coordonat pentru \u0219ase luni sec\u021bia de coresponden\u021bi a Evenimentului Zilei. A mai lucrat la s\u0103pt\u0103m\u00e2nalul Prezent \u0219i a colaborat cu revistele Dilema Veche \u0219i Suplimentul de Cultur\u0103. Este co-autor \u00een volumele \u201eMass-media \u0219i democra\u021bia \u00een Rom\u00e2nia post-comunist\u0103\u201d (ed. a II-a), Ed. Institutul European, Ia\u0219i, 2013, \u0219i \u201eCOVID - 19. Dimensiuni ale gestionarii pandemiei\u201d, Editura Junimea, Ia\u0219i, 2020.","url":"https:\/\/buletin.de\/bucuresti\/author\/razvan-chiruta\/"}]}},"authors":[{"term_id":22582,"user_id":60,"is_guest":0,"slug":"razvan-chiruta","display_name":"R\u0103zvan Chiru\u021b\u0103","avatar_url":"https:\/\/buletin.de\/bucuresti\/wp-content\/uploads\/Razvan-Chiruta-96x96.jpg","0":null,"1":"","2":"","3":"","4":"","5":"","6":"","7":"","8":""}],"_links":{"self":[{"href":"https:\/\/buletin.de\/bucuresti\/wp-json\/wp\/v2\/posts\/161937","targetHints":{"allow":["GET"]}}],"collection":[{"href":"https:\/\/buletin.de\/bucuresti\/wp-json\/wp\/v2\/posts"}],"about":[{"href":"https:\/\/buletin.de\/bucuresti\/wp-json\/wp\/v2\/types\/post"}],"author":[{"embeddable":true,"href":"https:\/\/buletin.de\/bucuresti\/wp-json\/wp\/v2\/users\/60"}],"replies":[{"embeddable":true,"href":"https:\/\/buletin.de\/bucuresti\/wp-json\/wp\/v2\/comments?post=161937"}],"version-history":[{"count":5,"href":"https:\/\/buletin.de\/bucuresti\/wp-json\/wp\/v2\/posts\/161937\/revisions"}],"predecessor-version":[{"id":161956,"href":"https:\/\/buletin.de\/bucuresti\/wp-json\/wp\/v2\/posts\/161937\/revisions\/161956"}],"wp:featuredmedia":[{"embeddable":true,"href":"https:\/\/buletin.de\/bucuresti\/wp-json\/wp\/v2\/media\/161940"}],"wp:attachment":[{"href":"https:\/\/buletin.de\/bucuresti\/wp-json\/wp\/v2\/media?parent=161937"}],"wp:term":[{"taxonomy":"category","embeddable":true,"href":"https:\/\/buletin.de\/bucuresti\/wp-json\/wp\/v2\/categories?post=161937"},{"taxonomy":"post_tag","embeddable":true,"href":"https:\/\/buletin.de\/bucuresti\/wp-json\/wp\/v2\/tags?post=161937"},{"taxonomy":"author","embeddable":true,"href":"https:\/\/buletin.de\/bucuresti\/wp-json\/wp\/v2\/ppma_author?post=161937"}],"curies":[{"name":"wp","href":"https:\/\/api.w.org\/{rel}","templated":true}]}}