{"id":161935,"date":"2025-12-11T12:05:38","date_gmt":"2025-12-11T09:05:38","guid":{"rendered":"https:\/\/buletin.de\/bucuresti\/?p=161935"},"modified":"2025-12-11T13:00:30","modified_gmt":"2025-12-11T10:00:30","slug":"editorial-factura-coruptiei-se-plateste-in-ore-pierdute-in-trafic-frig-in-case-boli-de-inima-si-de-plamani-prescriptia-lor-este-condamnarea-noastra","status":"publish","type":"post","link":"https:\/\/buletin.de\/bucuresti\/editorial-factura-coruptiei-se-plateste-in-ore-pierdute-in-trafic-frig-in-case-boli-de-inima-si-de-plamani-prescriptia-lor-este-condamnarea-noastra\/","title":{"rendered":"EDITORIAL | Factura corup\u021biei se pl\u0103te\u0219te \u00een ore pierdute \u00een trafic, frig \u00een case, boli de inim\u0103 \u0219i de pl\u0103m\u00e2ni. Prescrip\u021bia lor este condamnarea noastr\u0103"},"content":{"rendered":"\n<p><strong>Calvarul zilnic al bucure\u0219teanului, de la aerul irespirabil la frigul din apartamente, nu este doar rezultatul incompeten\u021bei \u015fi mafiei administrative, ci efectul direct al unei justi\u021bii anesteziate politic. A\u0219a cum a demonstrat recent <a href=\"https:\/\/www.youtube.com\/watch?v=TpUDm4ay-B8&amp;t=1s\" target=\"_blank\" rel=\"noreferrer noopener\">documentarul \u201eJusti\u021bia capturat\u0103\u201d realizat de Recorder<\/a>, mecanismul prin care dosarele marilor corup\u021bi sunt \u00eenchise pe band\u0103 rulant\u0103 las\u0103 cet\u0103\u021beanul f\u0103r\u0103 ap\u0103rare \u00een fa\u021ba unui jaf sistemic. Ceea ce pare c\u0103 ne scap\u0103 acum este c\u0103, \u00een timp ce magistra\u021bii se lupt\u0103 pentru pensii speciale \u0219i influen\u021b\u0103 politic\u0103, factura corup\u021biei este achitat\u0103 la ora la care citi\u0163i aceste r\u00e2nduri de noi to\u0163i: cu bani, nervi \u0219i ani de via\u021b\u0103. La propriu.<\/strong><br><br>Sistemul judiciar a transformat Rom\u00e2nia \u00eentr-un paradis al infractorilor cu guler alb. Prescrip\u021biile au \u0219ters cu buretele dosare grele, inclusiv pe cele care vizau devalizarea bugetelor locale din Bucure\u0219ti.<\/p>\n\n\n\n<p>Edilii care au cerut \u0219pag\u0103 10% sau 20% pentru a semna contracte publice nu mai r\u0103spund penal. \u00cen schimb, efectele semn\u0103turilor lor r\u0103m\u00e2n: conducte ciuruite, anvelop\u0103ri trecute prin 3-4 firme, transport alternativ lips\u0103 \u0219i un ora\u0219 sufocat de betoane.<\/p>\n\n\n\n<p>Impunitatea garantat\u0103 de sistemul judiciar \u00eencurajeaz\u0103 perpetuarea furtului, iar victima sigur\u0103 este cet\u0103\u021beanul pl\u0103titor de taxe.<\/p>\n\n\n\n<h2 class=\"wp-block-heading\" id=\"h-imunitatea-care-ne-taie-respira\u021bia\"><strong>Imunitatea care ne taie respira\u021bia<\/strong><\/h2>\n\n\n\n<p><strong>Poluarea din Bucure\u0219ti, care ucide anual mii de oameni prin boli cardio-respiratorii, are complici \u00een robe de magistrat.<\/strong><\/p>\n\n\n\n<p>Lipsa unei infrastructurii rutiere puse la punct \u0219i un transport modernizat din iner\u021bie este consecin\u021ba direct\u0103 a deturn\u0103rii fondurilor publice. <strong>Banii pentru \u00eenverzirea ora\u0219ului, cu arbori sustenabili, \u015fi nu cu unii care se usuc\u0103 odat\u0103 cu expirarea contractului cadru, sau pentru benzi unice, s-au scurs ani la r\u00e2nd \u00een buzunarele re\u021belelor de partid.<\/strong><\/p>\n\n\n\n<p><strong>CITE\u015eTE \u015eI <a href=\"https:\/\/buletin.de\/bucuresti\/studiu-spitalele-din-capitala-pline-cu-bolnavi-in-perioadele-cand-senzorii-de-aer-bat-in-rosu-938-de-internari-in-plus-doar-pentru-afectiuni-ale-aparatului-respirator\/\" target=\"_blank\" rel=\"noreferrer noopener\">STUDIU | Spitalele din Capital\u0103, pline cu bolnavi \u00een perioadele c\u00e2nd senzorii de aer \u201ebat \u00een ro\u0219u\u201d. 938 de intern\u0103ri \u00een plus, doar pentru afec\u021biuni ale aparatului respirator<\/a><\/strong><\/p>\n\n\n\n<p>Cazul lui Sorin Oprescu, fost primar general pre\u021b de un mandat \u0219i jum\u0103tate, este emblematic. De\u0219i a primit o condamnare definitiv\u0103 de 10 ani \u0219i 8 luni, executarea pedepsei r\u0103m\u00e2ne incert\u0103. La ora aceast\u0103 respira aerul marin din Grecia \u00een timp ce nou\u0103, c\u00e2nd deschidem geamul diminea\u021ba, ne intr\u0103 tabelul lui Mendeleev \u00een cas\u0103.<\/p>\n\n\n\n<p>\u00cen mandatele sale, banii bucure\u0219tenilor au mers c\u0103tre contracte supraevaluate, nu c\u0103tre modernizarea flotei de transport sau repararea conductelor RADET. Fiecare particul\u0103 de PM2.5 inhalat\u0103 \u00een intersec\u021biile blocate din Capital\u0103 este o dovad\u0103 \u0219i a corup\u021biei din mandatul s\u0103u.<\/p>\n\n\n\n<p>Justi\u021bia t\u00e2rzie sau blocat\u0103 procedural \u00eenseamn\u0103 c\u0103 factura corup\u021biei cre\u0219te, pentru c\u0103 nu recuper\u0103m prejudiciul. Banii fura\u021bi nu se \u00eentorc s\u0103 cumpere autobuze electrice sau s\u0103 planteze copaci. Ei r\u0103m\u00e2n \u00een conturile din str\u0103in\u0103tate, \u00een timp ce bucure\u0219tenii fac coad\u0103 la cardiologie, pneumologie \u015fi, de ce nu, oncologie.<\/p>\n\n\n\n<h2 class=\"wp-block-heading\" id=\"h-chiliman-\u0219i-viciul-de-procedura-care-ne-a-anvelopat\"><strong>Chiliman \u0219i viciul de procedur\u0103 care ne-a anvelopat<\/strong><\/h2>\n\n\n\n<p>Documentarul <a href=\"https:\/\/www.youtube.com\/watch?v=TpUDm4ay-B8&amp;t=1s\">Recorder<\/a> a expus cinismul cu care politicienii \u0219i o parte a magistraturii au colaborat pentru a sc\u0103pa de responsabilitate. Efectele se v\u0103d perfect \u00een urbanismul haotic din Sectorul 1, patronat ani de zile de administra\u021bia Chiliman. Acela\u0219i Andrei Chilman care a ap\u0103rut z\u00e2mbind pe afi\u0219e cu noul primar PNL al Sectorului 1.<\/p>\n\n\n\n<p>Dosarele care vizau grupul infrac\u021bional organizat \u0219i celebra \u201ezeciuial\u0103\u201d din contractele de reabilitare termic\u0103 s-au lovit de zidul prescrip\u021biei sau al viciilor de procedur\u0103. Adic\u0103 intercept\u0103rile au fost considerate ilegale \u0219i \u0219terse cu buretele \u00een instan\u021b\u0103, <a href=\"https:\/\/www.g4media.ro\/dna-a-clasat-si-dosarul-moisescu-chiliman-dupa-ce-in-2015-dna-ploiesti-i-a-retinut-si-acuzat-pe-cei-doi-ca-ar-fi-primit-comisioane-de-8-milioane-de-euro-pentru-contracte.html\" target=\"_blank\" rel=\"noreferrer noopener\">ca \u015fi cum nimic nu s-ar fi \u00eent\u00e2mplat<\/a>.<\/p>\n\n\n\n<h2 class=\"wp-block-heading\" id=\"h-factura-corup\u021biei-vanghelie-\u0219i-saracia-cronica-din-lipsa-de-sentin\u021be\">Factura corup\u021biei. <strong>Vanghelie \u0219i s\u0103r\u0103cia cronic\u0103 din lips\u0103 de sentin\u021be<\/strong><\/h2>\n\n\n\n<p>\u00cen Sectorul 5, Marian Vanghelie a stabilit recorduri na\u021bionale \u00een materie de corup\u021bie, estimate la zeci de milioane de euro. El este \u015fi unul dintre protagoni\u0219tii din ancheta Recorder, ca beneficiar al justi\u021biei controlate: am\u00e2narea p\u00e2n\u0103 la interven\u021bia prescrip\u021biei. Aceast\u0103 tergiversare nu este doar o problem\u0103 juridic\u0103, ci una social\u0103 grav\u0103.<br><br>Banii care trebuiau s\u0103 scoat\u0103 Ferentariul \u0219i Rahova din mizerie au fost toca\u021bi pe combina\u021bii cu economate \u0219i pe parand\u0103r\u0103turi colosale.<\/p>\n\n\n\n<p><strong>S\u0103r\u0103cia, igrasia din blocuri anvelopate cu materiale proaste \u0219i lipsa serviciilor medicale de baz\u0103 \u00een sector sunt pre\u021bul pl\u0103tit pentru libertatea prelungit\u0103 a fostului edil.<\/strong><\/p>\n\n\n\n<p>Justi\u021bia care nu condamn\u0103 la timp condamn\u0103, de fapt, o comunitate \u00eentreag\u0103 la subdezvoltare \u0219i boal\u0103. Oare ce s-ar fi putut face cu milioanele de euro furate pentru \u00eembun\u0103t\u0103\u021birea calit\u0103\u021bii vie\u021bii oamenilor din Sectorul 5? Nu vom afla niciodat\u0103.<\/p>\n\n\n\n<h2 class=\"wp-block-heading\" id=\"h-frigul-din-case-o-crima-fara-autor\"><strong>Frigul din case, o crim\u0103 f\u0103r\u0103 autor<\/strong><\/h2>\n\n\n\n<p>Dezastrul defunctului RADET, l\u0103sat \u00een deriv\u0103 ani de zile pentru c\u0103 nu mai r\u0103m\u00e2neau bani de furat la PMB, este poate cel mai clar exemplu de \u201ecrim\u0103 administrativ\u0103\u201d r\u0103mas\u0103 nepedepsit\u0103. Re\u021beaua de termoficare abia este scoas\u0103 din ruin\u0103 pentru c\u0103, timp de 20 de ani, investi\u021biile au fost doar pe h\u00e2rtie, \u00een timp ce banii reali au fost drena\u021bi.<\/p>\n\n\n\n<p>Sorin Oprescu primea mita \u00een beciul vilei sale de la marginea Capitalei, \u00een timp ce \u021bevile ruginite cedau sub asfalt.<br><br>Faptul c\u0103 bucure\u0219tenii tremur\u0103 ast\u0103zi \u00een case \u0219i se spal\u0103 la boiler \u015fi fierb\u0103tor are o leg\u0103tur\u0103 direct\u0103 cu pasivitatea justi\u021biei din trecut \u0219i prezent. Factura corup\u021biei.<\/p>\n\n\n\n<p>Nimeni nu a pl\u0103tit efectiv pentru distrugerea sistematic\u0103 a termofic\u0103rii.<\/p>\n\n\n\n<p>Frigul din apartamente provoac\u0103 boli \u0219i disconfort major, dar \u201eJusti\u021bia capturat\u0103\u201d nu are instrumentele sau voin\u021ba de a trage pe cineva la r\u0103spundere. Avaria din fa\u021ba blocului nu este doar doar tehnic\u0103, ci este \u015fi moral\u0103 \u0219i penal\u0103.<\/p>\n\n\n\n<h2 class=\"wp-block-heading\" id=\"h-tudorache-\u0219i-gunoiul-ascuns-sub-pre\u0219ul-instan\u021bei\"><strong>Tudorache \u0219i gunoiul ascuns sub pre\u0219ul instan\u021bei<\/strong><\/h2>\n\n\n\n<p><br>Sectorul 1, la scurt timp dup\u0103 mandatul lui Daniel Tudorache, a devenit scena unui scandal imens legat de salubritate \u0219i tarife umflate, <a href=\"https:\/\/www.digi24.ro\/stiri\/actualitate\/justitie\/fostul-primar-psd-daniel-tudorache-a-fost-condamnat-la-inchisoare-in-dosarul-diamantelor-2864261\">\u00een timp ce primarul vinovat indirect, care s-a sp\u0103lat pe m\u00e2ini ca-n bilbie, era vizat de ancheta \u201eDiamantelor\u201d<\/a>. Mun\u021bii de gunoi de pe str\u0103zi au fost un pericol biologic real. \u0218obolanii \u0219i mirosurile pestilen\u021biale au invadat cel mai bogat sector al Capitalei.<\/p>\n\n\n\n<p>\u015ei \u00een acest caz s-a folosit clor special pentru albit dosare. Dup\u0103 ce a fost condamnat la trei ani \u015fi jum\u0103tate de \u00eenchisoare, \u00cenalta Curte a zis ca nu poate fi vorba despre \u00eenchisoare \u015fi a redus \u015fi pedeapsa la trei ani cu suspendare.<\/p>\n\n\n\n<p>Banii pl\u0103ti\u021bi \u00een plus operatorului de salubritate sunt probabil banii care ar fi putut transforma \u00een realitate celebra machet\u0103 de spital, pentru care s-au pl\u0103tit reclame la televiziunile de cas\u0103.<\/p>\n\n\n\n<h2 class=\"wp-block-heading\" id=\"h-factura-corup\u021biei-verdict-suntem-singuri\"><strong>Factura corup\u021biei, verdict: Suntem singuri<\/strong><\/h2>\n\n\n\n<p>Elocven\u0163a realit\u0103\u0163ii din teren, suprapus\u0103 peste dezv\u0103luirile Recorder, este sumbr\u0103. Institu\u021biile de for\u021b\u0103 au depus armele \u00een fa\u021ba politicului. Nu mai exist\u0103 o barier\u0103 real\u0103 \u00eentre bugetul public \u0219i conturile baronilor locali.<br><br>Bucure\u0219teanul a r\u0103mas singur. El pl\u0103te\u0219te taxele, el suport\u0103 frigul, el inhaleaz\u0103 noxele \u0219i tot el moare cu zile \u00eentr-un ora\u0219 \u00eemboln\u0103vit de corup\u021bie. Factura este scadent\u0103 \u00een fiecare zi, iar singura certitudine este c\u0103, \u00een actuala configura\u021bie a justi\u021biei, cei care ne-au furat viitorul nu vor pl\u0103ti niciodat\u0103 pre\u021bul corect.<\/p>\n\n\n\n<p>Prescrip\u021bia lor este condamnarea noastr\u0103.<\/p>\n\n\n\n<p><strong>CITE\u015eTE \u015eI <a href=\"https:\/\/buletin.de\/bucuresti\/elcen-vrea-o-noua-centrala-la-cet-sud-mai-puternica-decat-hidrocentrala-vidraru\/\">ELCEN vrea o nou\u0103 central\u0103 la CET Sud mai puternic\u0103 dec\u00e2t Hidrocentrala Vidraru<\/a><\/strong><\/p>\n","protected":false},"excerpt":{"rendered":"<p>Calvarul zilnic al bucure\u0219teanului, de la aerul irespirabil la frigul din apartamente, nu este doar rezultatul incompeten\u021bei \u015fi mafiei administrative, ci efectul direct al unei justi\u021bii anesteziate politic. A\u0219a cum a demonstrat recent documentarul \u201eJusti\u021bia capturat\u0103\u201d realizat de Recorder, mecanismul prin care dosarele marilor corup\u021bi sunt \u00eenchise pe band\u0103 rulant\u0103 las\u0103 cet\u0103\u021beanul f\u0103r\u0103 ap\u0103rare \u00een [&hellip;]<\/p>\n","protected":false},"author":10,"featured_media":161941,"comment_status":"closed","ping_status":"open","sticky":false,"template":"","format":"standard","meta":{"_acf_changed":false,"inline_featured_image":false,"ngg_post_thumbnail":0,"footnotes":""},"categories":[6994,41,25061,5762],"tags":[2638,4767,25051,114,25050],"ppma_author":[22575],"class_list":["post-161935","post","type-post","status-publish","format-standard","has-post-thumbnail","hentry","category-stiri-2","category-editorial","category-justitie","category-main","tag-coruptie","tag-csm","tag-justitie-2","tag-protest","tag-savonea"],"acf":[],"yoast_head":"<!-- This site is optimized with the Yoast SEO Premium plugin v25.3 (Yoast SEO v27.4) - https:\/\/yoast.com\/product\/yoast-seo-premium-wordpress\/ -->\n<title>EDITORIAL | Factura corup\u021biei se pl\u0103te\u0219te \u00een ore pierdute \u00een trafic, frig \u00een case, boli de inim\u0103 \u0219i de pl\u0103m\u00e2ni. Prescrip\u021bia lor este condamnarea noastr\u0103 - Buletin de Bucure\u0219ti<\/title>\n<meta name=\"description\" content=\"Factura corup\u021biei este achitat\u0103 la ora la care citi\u0163i aceste r\u00e2nduri de noi to\u0163i: cu bani, nervi \u0219i ani de via\u021b\u0103. La propriu.\" \/>\n<meta name=\"robots\" content=\"index, follow, max-snippet:-1, max-image-preview:large, max-video-preview:-1\" \/>\n<link rel=\"canonical\" href=\"https:\/\/buletin.de\/bucuresti\/editorial-factura-coruptiei-se-plateste-in-ore-pierdute-in-trafic-frig-in-case-boli-de-inima-si-de-plamani-prescriptia-lor-este-condamnarea-noastra\/\" \/>\n<meta property=\"og:locale\" content=\"en_GB\" \/>\n<meta property=\"og:type\" content=\"article\" \/>\n<meta property=\"og:title\" content=\"EDITORIAL | Factura corup\u021biei se pl\u0103te\u0219te \u00een ore pierdute \u00een trafic, frig \u00een case, boli de inim\u0103 \u0219i de pl\u0103m\u00e2ni. Prescrip\u021bia lor este condamnarea noastr\u0103\" \/>\n<meta property=\"og:description\" content=\"Factura corup\u021biei este achitat\u0103 la ora la care citi\u0163i aceste r\u00e2nduri de noi to\u0163i: cu bani, nervi \u0219i ani de via\u021b\u0103. La propriu.\" \/>\n<meta property=\"og:url\" content=\"https:\/\/buletin.de\/bucuresti\/editorial-factura-coruptiei-se-plateste-in-ore-pierdute-in-trafic-frig-in-case-boli-de-inima-si-de-plamani-prescriptia-lor-este-condamnarea-noastra\/\" \/>\n<meta property=\"og:site_name\" content=\"Buletin de Bucure\u0219ti\" \/>\n<meta property=\"article:publisher\" content=\"https:\/\/www.facebook.com\/buletin.de.buc\" \/>\n<meta property=\"article:published_time\" content=\"2025-12-11T09:05:38+00:00\" \/>\n<meta property=\"article:modified_time\" content=\"2025-12-11T10:00:30+00:00\" \/>\n<meta property=\"og:image\" content=\"https:\/\/buletin.de\/bucuresti\/wp-content\/uploads\/2025\/12\/ID259559_INQUAM_Photos_George_Calin-1000x667.jpg\" \/>\n\t<meta property=\"og:image:width\" content=\"1000\" \/>\n\t<meta property=\"og:image:height\" content=\"667\" \/>\n\t<meta property=\"og:image:type\" content=\"image\/jpeg\" \/>\n<meta name=\"author\" content=\"C\u0103t\u0103lin Dosca\u0219\" \/>\n<meta name=\"twitter:card\" content=\"summary_large_image\" \/>\n<meta name=\"twitter:label1\" content=\"Written by\" \/>\n\t<meta name=\"twitter:data1\" content=\"C\u0103t\u0103lin Dosca\u0219\" \/>\n\t<meta name=\"twitter:label2\" content=\"Estimated reading time\" \/>\n\t<meta name=\"twitter:data2\" content=\"6 minutes\" \/>\n<script type=\"application\/ld+json\" class=\"yoast-schema-graph\">{\"@context\":\"https:\\\/\\\/schema.org\",\"@graph\":[{\"@type\":\"Article\",\"@id\":\"https:\\\/\\\/buletin.de\\\/bucuresti\\\/editorial-factura-coruptiei-se-plateste-in-ore-pierdute-in-trafic-frig-in-case-boli-de-inima-si-de-plamani-prescriptia-lor-este-condamnarea-noastra\\\/#article\",\"isPartOf\":{\"@id\":\"https:\\\/\\\/buletin.de\\\/bucuresti\\\/editorial-factura-coruptiei-se-plateste-in-ore-pierdute-in-trafic-frig-in-case-boli-de-inima-si-de-plamani-prescriptia-lor-este-condamnarea-noastra\\\/\"},\"author\":{\"name\":\"C\u0103t\u0103lin Dosca\u0219\",\"@id\":\"https:\\\/\\\/buletin.de\\\/bucuresti\\\/#\\\/schema\\\/person\\\/31117187ed4d0bdb0a4c7d6acc79d0f8\"},\"headline\":\"EDITORIAL | Factura corup\u021biei se pl\u0103te\u0219te \u00een ore pierdute \u00een trafic, frig \u00een case, boli de inim\u0103 \u0219i de pl\u0103m\u00e2ni. Prescrip\u021bia lor este condamnarea noastr\u0103\",\"datePublished\":\"2025-12-11T09:05:38+00:00\",\"dateModified\":\"2025-12-11T10:00:30+00:00\",\"mainEntityOfPage\":{\"@id\":\"https:\\\/\\\/buletin.de\\\/bucuresti\\\/editorial-factura-coruptiei-se-plateste-in-ore-pierdute-in-trafic-frig-in-case-boli-de-inima-si-de-plamani-prescriptia-lor-este-condamnarea-noastra\\\/\"},\"wordCount\":1265,\"publisher\":{\"@id\":\"https:\\\/\\\/buletin.de\\\/bucuresti\\\/#organization\"},\"image\":{\"@id\":\"https:\\\/\\\/buletin.de\\\/bucuresti\\\/editorial-factura-coruptiei-se-plateste-in-ore-pierdute-in-trafic-frig-in-case-boli-de-inima-si-de-plamani-prescriptia-lor-este-condamnarea-noastra\\\/#primaryimage\"},\"thumbnailUrl\":\"https:\\\/\\\/buletin.de\\\/bucuresti\\\/wp-content\\\/uploads\\\/2025\\\/12\\\/ID259559_INQUAM_Photos_George_Calin.jpg\",\"keywords\":[\"coruptie\",\"CSM\",\"justitie\",\"protest\",\"savonea\"],\"articleSection\":[\"Articole\",\"Editorial\",\"Justi\u021bie\",\"Main\"],\"inLanguage\":\"en-GB\",\"copyrightYear\":\"2025\",\"copyrightHolder\":{\"@id\":\"https:\\\/\\\/buletin.de\\\/bucuresti\\\/#organization\"}},{\"@type\":\"WebPage\",\"@id\":\"https:\\\/\\\/buletin.de\\\/bucuresti\\\/editorial-factura-coruptiei-se-plateste-in-ore-pierdute-in-trafic-frig-in-case-boli-de-inima-si-de-plamani-prescriptia-lor-este-condamnarea-noastra\\\/\",\"url\":\"https:\\\/\\\/buletin.de\\\/bucuresti\\\/editorial-factura-coruptiei-se-plateste-in-ore-pierdute-in-trafic-frig-in-case-boli-de-inima-si-de-plamani-prescriptia-lor-este-condamnarea-noastra\\\/\",\"name\":\"EDITORIAL | Factura corup\u021biei se pl\u0103te\u0219te \u00een ore pierdute \u00een trafic, frig \u00een case, boli de inim\u0103 \u0219i de pl\u0103m\u00e2ni. Prescrip\u021bia lor este condamnarea noastr\u0103 - Buletin de Bucure\u0219ti\",\"isPartOf\":{\"@id\":\"https:\\\/\\\/buletin.de\\\/bucuresti\\\/#website\"},\"primaryImageOfPage\":{\"@id\":\"https:\\\/\\\/buletin.de\\\/bucuresti\\\/editorial-factura-coruptiei-se-plateste-in-ore-pierdute-in-trafic-frig-in-case-boli-de-inima-si-de-plamani-prescriptia-lor-este-condamnarea-noastra\\\/#primaryimage\"},\"image\":{\"@id\":\"https:\\\/\\\/buletin.de\\\/bucuresti\\\/editorial-factura-coruptiei-se-plateste-in-ore-pierdute-in-trafic-frig-in-case-boli-de-inima-si-de-plamani-prescriptia-lor-este-condamnarea-noastra\\\/#primaryimage\"},\"thumbnailUrl\":\"https:\\\/\\\/buletin.de\\\/bucuresti\\\/wp-content\\\/uploads\\\/2025\\\/12\\\/ID259559_INQUAM_Photos_George_Calin.jpg\",\"datePublished\":\"2025-12-11T09:05:38+00:00\",\"dateModified\":\"2025-12-11T10:00:30+00:00\",\"description\":\"Factura corup\u021biei este achitat\u0103 la ora la care citi\u0163i aceste r\u00e2nduri de noi to\u0163i: cu bani, nervi \u0219i ani de via\u021b\u0103. La propriu.\",\"breadcrumb\":{\"@id\":\"https:\\\/\\\/buletin.de\\\/bucuresti\\\/editorial-factura-coruptiei-se-plateste-in-ore-pierdute-in-trafic-frig-in-case-boli-de-inima-si-de-plamani-prescriptia-lor-este-condamnarea-noastra\\\/#breadcrumb\"},\"inLanguage\":\"en-GB\",\"potentialAction\":[{\"@type\":\"ReadAction\",\"target\":[\"https:\\\/\\\/buletin.de\\\/bucuresti\\\/editorial-factura-coruptiei-se-plateste-in-ore-pierdute-in-trafic-frig-in-case-boli-de-inima-si-de-plamani-prescriptia-lor-este-condamnarea-noastra\\\/\"]}]},{\"@type\":\"ImageObject\",\"inLanguage\":\"en-GB\",\"@id\":\"https:\\\/\\\/buletin.de\\\/bucuresti\\\/editorial-factura-coruptiei-se-plateste-in-ore-pierdute-in-trafic-frig-in-case-boli-de-inima-si-de-plamani-prescriptia-lor-este-condamnarea-noastra\\\/#primaryimage\",\"url\":\"https:\\\/\\\/buletin.de\\\/bucuresti\\\/wp-content\\\/uploads\\\/2025\\\/12\\\/ID259559_INQUAM_Photos_George_Calin.jpg\",\"contentUrl\":\"https:\\\/\\\/buletin.de\\\/bucuresti\\\/wp-content\\\/uploads\\\/2025\\\/12\\\/ID259559_INQUAM_Photos_George_Calin.jpg\",\"width\":7713,\"height\":5145,\"caption\":\"Prescrip\u021bia lor este condamnarea noastr\u0103. FOTO: Inquam Photos \\\/ George C\u0103lin\"},{\"@type\":\"BreadcrumbList\",\"@id\":\"https:\\\/\\\/buletin.de\\\/bucuresti\\\/editorial-factura-coruptiei-se-plateste-in-ore-pierdute-in-trafic-frig-in-case-boli-de-inima-si-de-plamani-prescriptia-lor-este-condamnarea-noastra\\\/#breadcrumb\",\"itemListElement\":[{\"@type\":\"ListItem\",\"position\":1,\"name\":\"Acas\u0103\",\"item\":\"https:\\\/\\\/buletin.de\\\/bucuresti\\\/\"},{\"@type\":\"ListItem\",\"position\":2,\"name\":\"EDITORIAL | Factura corup\u021biei se pl\u0103te\u0219te \u00een ore pierdute \u00een trafic, frig \u00een case, boli de inim\u0103 \u0219i de pl\u0103m\u00e2ni. Prescrip\u021bia lor este condamnarea noastr\u0103\"}]},{\"@type\":\"WebSite\",\"@id\":\"https:\\\/\\\/buletin.de\\\/bucuresti\\\/#website\",\"url\":\"https:\\\/\\\/buletin.de\\\/bucuresti\\\/\",\"name\":\"Buletin de Bucure\u0219ti\",\"description\":\"\u0218tiri \u0219i investiga\u021bii esen\u021biale din capital\u0103\",\"publisher\":{\"@id\":\"https:\\\/\\\/buletin.de\\\/bucuresti\\\/#organization\"},\"potentialAction\":[{\"@type\":\"SearchAction\",\"target\":{\"@type\":\"EntryPoint\",\"urlTemplate\":\"https:\\\/\\\/buletin.de\\\/bucuresti\\\/?s={search_term_string}\"},\"query-input\":{\"@type\":\"PropertyValueSpecification\",\"valueRequired\":true,\"valueName\":\"search_term_string\"}}],\"inLanguage\":\"en-GB\"},{\"@type\":\"Organization\",\"@id\":\"https:\\\/\\\/buletin.de\\\/bucuresti\\\/#organization\",\"name\":\"Buletin de Bucure\u0219ti\",\"url\":\"https:\\\/\\\/buletin.de\\\/bucuresti\\\/\",\"logo\":{\"@type\":\"ImageObject\",\"inLanguage\":\"en-GB\",\"@id\":\"https:\\\/\\\/buletin.de\\\/bucuresti\\\/#\\\/schema\\\/logo\\\/image\\\/\",\"url\":\"https:\\\/\\\/buletin.de\\\/bucuresti\\\/wp-content\\\/uploads\\\/logo-bdb-full-wide-vernil-transparent.png\",\"contentUrl\":\"https:\\\/\\\/buletin.de\\\/bucuresti\\\/wp-content\\\/uploads\\\/logo-bdb-full-wide-vernil-transparent.png\",\"width\":1782,\"height\":626,\"caption\":\"Buletin de Bucure\u0219ti\"},\"image\":{\"@id\":\"https:\\\/\\\/buletin.de\\\/bucuresti\\\/#\\\/schema\\\/logo\\\/image\\\/\"},\"sameAs\":[\"https:\\\/\\\/www.facebook.com\\\/buletin.de.buc\",\"https:\\\/\\\/www.instagram.com\\\/buletinde.bucuresti\\\/\"]},{\"@type\":\"Person\",\"@id\":\"https:\\\/\\\/buletin.de\\\/bucuresti\\\/#\\\/schema\\\/person\\\/31117187ed4d0bdb0a4c7d6acc79d0f8\",\"name\":\"C\u0103t\u0103lin Dosca\u0219\",\"image\":{\"@type\":\"ImageObject\",\"inLanguage\":\"en-GB\",\"@id\":\"https:\\\/\\\/buletin.de\\\/bucuresti\\\/wp-content\\\/uploads\\\/Catalin-Doscas-e1732731064764-96x96.jpga93e2943bb3b1c1f9ead823df6e6317a\",\"url\":\"https:\\\/\\\/buletin.de\\\/bucuresti\\\/wp-content\\\/uploads\\\/Catalin-Doscas-e1732731064764-96x96.jpg\",\"contentUrl\":\"https:\\\/\\\/buletin.de\\\/bucuresti\\\/wp-content\\\/uploads\\\/Catalin-Doscas-e1732731064764-96x96.jpg\",\"caption\":\"C\u0103t\u0103lin Dosca\u0219\"},\"description\":\"Reporter \u0219i redactor-\u0219ef Buletin de Bucure\u0219ti. Lucreaz\u0103 \u00een mass-media de la v\u00e2rsta de 15 ani, c\u00e2nd a publicat primele articole \u00een presa local\u0103 din Tecuci. \u00cen Bucure\u0219ti a lucrat \u00een redac\u021bii radio ca reporter, redactor \u0219i prezentator (StudentFM, Na\u021bionalFM, Radio Total, Smart FM), unde a acoperit domeniile politic, economic, social \u0219i externe. Ulterior, a fost editor-coordonator al postului Realitatea FM. Experien\u021ba \u00een jurnalismul online a dob\u00e2ndit-o la portalul B365.ro, unde a fost editor. \u00cen 2012 s-a angajat \u00een televiziune. La Realitatea TV a fost, pe r\u00e2nd, reporter la sec\u021bia Social, reporter special la emisiunea de reportaje \u0219i anchete \u201eReporterii Realit\u0103\u021bii\u201d, dar \u0219i editor al jurnalelor de \u0219tiri. Ulterior, a f\u0103cut parte din sec\u021bia de Investiga\u021bii de la Digi24 \u0219i a lucrat la campania \u201eRom\u00e2nia furat\u0103\u201d. A revenit \u00een presa scris\u0103 \u00een 2017, ca reporter special, \u00een cadrul unui proiect de repozi\u021bionare a tabloidului Libertatea \u00een cotidian generalist. Este jurnalist Buletin de Bucure\u0219ti din 2019.\",\"url\":\"https:\\\/\\\/buletin.de\\\/bucuresti\\\/author\\\/catalin\\\/\"}]}<\/script>\n<!-- \/ Yoast SEO Premium plugin. -->","yoast_head_json":{"title":"EDITORIAL | Factura corup\u021biei se pl\u0103te\u0219te \u00een ore pierdute \u00een trafic, frig \u00een case, boli de inim\u0103 \u0219i de pl\u0103m\u00e2ni. Prescrip\u021bia lor este condamnarea noastr\u0103 - Buletin de Bucure\u0219ti","description":"Factura corup\u021biei este achitat\u0103 la ora la care citi\u0163i aceste r\u00e2nduri de noi to\u0163i: cu bani, nervi \u0219i ani de via\u021b\u0103. La propriu.","robots":{"index":"index","follow":"follow","max-snippet":"max-snippet:-1","max-image-preview":"max-image-preview:large","max-video-preview":"max-video-preview:-1"},"canonical":"https:\/\/buletin.de\/bucuresti\/editorial-factura-coruptiei-se-plateste-in-ore-pierdute-in-trafic-frig-in-case-boli-de-inima-si-de-plamani-prescriptia-lor-este-condamnarea-noastra\/","og_locale":"en_GB","og_type":"article","og_title":"EDITORIAL | Factura corup\u021biei se pl\u0103te\u0219te \u00een ore pierdute \u00een trafic, frig \u00een case, boli de inim\u0103 \u0219i de pl\u0103m\u00e2ni. Prescrip\u021bia lor este condamnarea noastr\u0103","og_description":"Factura corup\u021biei este achitat\u0103 la ora la care citi\u0163i aceste r\u00e2nduri de noi to\u0163i: cu bani, nervi \u0219i ani de via\u021b\u0103. La propriu.","og_url":"https:\/\/buletin.de\/bucuresti\/editorial-factura-coruptiei-se-plateste-in-ore-pierdute-in-trafic-frig-in-case-boli-de-inima-si-de-plamani-prescriptia-lor-este-condamnarea-noastra\/","og_site_name":"Buletin de Bucure\u0219ti","article_publisher":"https:\/\/www.facebook.com\/buletin.de.buc","article_published_time":"2025-12-11T09:05:38+00:00","article_modified_time":"2025-12-11T10:00:30+00:00","og_image":[{"width":1000,"height":667,"url":"https:\/\/buletin.de\/bucuresti\/wp-content\/uploads\/2025\/12\/ID259559_INQUAM_Photos_George_Calin-1000x667.jpg","type":"image\/jpeg"}],"author":"C\u0103t\u0103lin Dosca\u0219","twitter_card":"summary_large_image","twitter_misc":{"Written by":"C\u0103t\u0103lin Dosca\u0219","Estimated reading time":"6 minutes"},"schema":{"@context":"https:\/\/schema.org","@graph":[{"@type":"Article","@id":"https:\/\/buletin.de\/bucuresti\/editorial-factura-coruptiei-se-plateste-in-ore-pierdute-in-trafic-frig-in-case-boli-de-inima-si-de-plamani-prescriptia-lor-este-condamnarea-noastra\/#article","isPartOf":{"@id":"https:\/\/buletin.de\/bucuresti\/editorial-factura-coruptiei-se-plateste-in-ore-pierdute-in-trafic-frig-in-case-boli-de-inima-si-de-plamani-prescriptia-lor-este-condamnarea-noastra\/"},"author":{"name":"C\u0103t\u0103lin Dosca\u0219","@id":"https:\/\/buletin.de\/bucuresti\/#\/schema\/person\/31117187ed4d0bdb0a4c7d6acc79d0f8"},"headline":"EDITORIAL | Factura corup\u021biei se pl\u0103te\u0219te \u00een ore pierdute \u00een trafic, frig \u00een case, boli de inim\u0103 \u0219i de pl\u0103m\u00e2ni. Prescrip\u021bia lor este condamnarea noastr\u0103","datePublished":"2025-12-11T09:05:38+00:00","dateModified":"2025-12-11T10:00:30+00:00","mainEntityOfPage":{"@id":"https:\/\/buletin.de\/bucuresti\/editorial-factura-coruptiei-se-plateste-in-ore-pierdute-in-trafic-frig-in-case-boli-de-inima-si-de-plamani-prescriptia-lor-este-condamnarea-noastra\/"},"wordCount":1265,"publisher":{"@id":"https:\/\/buletin.de\/bucuresti\/#organization"},"image":{"@id":"https:\/\/buletin.de\/bucuresti\/editorial-factura-coruptiei-se-plateste-in-ore-pierdute-in-trafic-frig-in-case-boli-de-inima-si-de-plamani-prescriptia-lor-este-condamnarea-noastra\/#primaryimage"},"thumbnailUrl":"https:\/\/buletin.de\/bucuresti\/wp-content\/uploads\/2025\/12\/ID259559_INQUAM_Photos_George_Calin.jpg","keywords":["coruptie","CSM","justitie","protest","savonea"],"articleSection":["Articole","Editorial","Justi\u021bie","Main"],"inLanguage":"en-GB","copyrightYear":"2025","copyrightHolder":{"@id":"https:\/\/buletin.de\/bucuresti\/#organization"}},{"@type":"WebPage","@id":"https:\/\/buletin.de\/bucuresti\/editorial-factura-coruptiei-se-plateste-in-ore-pierdute-in-trafic-frig-in-case-boli-de-inima-si-de-plamani-prescriptia-lor-este-condamnarea-noastra\/","url":"https:\/\/buletin.de\/bucuresti\/editorial-factura-coruptiei-se-plateste-in-ore-pierdute-in-trafic-frig-in-case-boli-de-inima-si-de-plamani-prescriptia-lor-este-condamnarea-noastra\/","name":"EDITORIAL | Factura corup\u021biei se pl\u0103te\u0219te \u00een ore pierdute \u00een trafic, frig \u00een case, boli de inim\u0103 \u0219i de pl\u0103m\u00e2ni. Prescrip\u021bia lor este condamnarea noastr\u0103 - Buletin de Bucure\u0219ti","isPartOf":{"@id":"https:\/\/buletin.de\/bucuresti\/#website"},"primaryImageOfPage":{"@id":"https:\/\/buletin.de\/bucuresti\/editorial-factura-coruptiei-se-plateste-in-ore-pierdute-in-trafic-frig-in-case-boli-de-inima-si-de-plamani-prescriptia-lor-este-condamnarea-noastra\/#primaryimage"},"image":{"@id":"https:\/\/buletin.de\/bucuresti\/editorial-factura-coruptiei-se-plateste-in-ore-pierdute-in-trafic-frig-in-case-boli-de-inima-si-de-plamani-prescriptia-lor-este-condamnarea-noastra\/#primaryimage"},"thumbnailUrl":"https:\/\/buletin.de\/bucuresti\/wp-content\/uploads\/2025\/12\/ID259559_INQUAM_Photos_George_Calin.jpg","datePublished":"2025-12-11T09:05:38+00:00","dateModified":"2025-12-11T10:00:30+00:00","description":"Factura corup\u021biei este achitat\u0103 la ora la care citi\u0163i aceste r\u00e2nduri de noi to\u0163i: cu bani, nervi \u0219i ani de via\u021b\u0103. La propriu.","breadcrumb":{"@id":"https:\/\/buletin.de\/bucuresti\/editorial-factura-coruptiei-se-plateste-in-ore-pierdute-in-trafic-frig-in-case-boli-de-inima-si-de-plamani-prescriptia-lor-este-condamnarea-noastra\/#breadcrumb"},"inLanguage":"en-GB","potentialAction":[{"@type":"ReadAction","target":["https:\/\/buletin.de\/bucuresti\/editorial-factura-coruptiei-se-plateste-in-ore-pierdute-in-trafic-frig-in-case-boli-de-inima-si-de-plamani-prescriptia-lor-este-condamnarea-noastra\/"]}]},{"@type":"ImageObject","inLanguage":"en-GB","@id":"https:\/\/buletin.de\/bucuresti\/editorial-factura-coruptiei-se-plateste-in-ore-pierdute-in-trafic-frig-in-case-boli-de-inima-si-de-plamani-prescriptia-lor-este-condamnarea-noastra\/#primaryimage","url":"https:\/\/buletin.de\/bucuresti\/wp-content\/uploads\/2025\/12\/ID259559_INQUAM_Photos_George_Calin.jpg","contentUrl":"https:\/\/buletin.de\/bucuresti\/wp-content\/uploads\/2025\/12\/ID259559_INQUAM_Photos_George_Calin.jpg","width":7713,"height":5145,"caption":"Prescrip\u021bia lor este condamnarea noastr\u0103. FOTO: Inquam Photos \/ George C\u0103lin"},{"@type":"BreadcrumbList","@id":"https:\/\/buletin.de\/bucuresti\/editorial-factura-coruptiei-se-plateste-in-ore-pierdute-in-trafic-frig-in-case-boli-de-inima-si-de-plamani-prescriptia-lor-este-condamnarea-noastra\/#breadcrumb","itemListElement":[{"@type":"ListItem","position":1,"name":"Acas\u0103","item":"https:\/\/buletin.de\/bucuresti\/"},{"@type":"ListItem","position":2,"name":"EDITORIAL | Factura corup\u021biei se pl\u0103te\u0219te \u00een ore pierdute \u00een trafic, frig \u00een case, boli de inim\u0103 \u0219i de pl\u0103m\u00e2ni. Prescrip\u021bia lor este condamnarea noastr\u0103"}]},{"@type":"WebSite","@id":"https:\/\/buletin.de\/bucuresti\/#website","url":"https:\/\/buletin.de\/bucuresti\/","name":"Buletin de Bucure\u0219ti","description":"\u0218tiri \u0219i investiga\u021bii esen\u021biale din capital\u0103","publisher":{"@id":"https:\/\/buletin.de\/bucuresti\/#organization"},"potentialAction":[{"@type":"SearchAction","target":{"@type":"EntryPoint","urlTemplate":"https:\/\/buletin.de\/bucuresti\/?s={search_term_string}"},"query-input":{"@type":"PropertyValueSpecification","valueRequired":true,"valueName":"search_term_string"}}],"inLanguage":"en-GB"},{"@type":"Organization","@id":"https:\/\/buletin.de\/bucuresti\/#organization","name":"Buletin de Bucure\u0219ti","url":"https:\/\/buletin.de\/bucuresti\/","logo":{"@type":"ImageObject","inLanguage":"en-GB","@id":"https:\/\/buletin.de\/bucuresti\/#\/schema\/logo\/image\/","url":"https:\/\/buletin.de\/bucuresti\/wp-content\/uploads\/logo-bdb-full-wide-vernil-transparent.png","contentUrl":"https:\/\/buletin.de\/bucuresti\/wp-content\/uploads\/logo-bdb-full-wide-vernil-transparent.png","width":1782,"height":626,"caption":"Buletin de Bucure\u0219ti"},"image":{"@id":"https:\/\/buletin.de\/bucuresti\/#\/schema\/logo\/image\/"},"sameAs":["https:\/\/www.facebook.com\/buletin.de.buc","https:\/\/www.instagram.com\/buletinde.bucuresti\/"]},{"@type":"Person","@id":"https:\/\/buletin.de\/bucuresti\/#\/schema\/person\/31117187ed4d0bdb0a4c7d6acc79d0f8","name":"C\u0103t\u0103lin Dosca\u0219","image":{"@type":"ImageObject","inLanguage":"en-GB","@id":"https:\/\/buletin.de\/bucuresti\/wp-content\/uploads\/Catalin-Doscas-e1732731064764-96x96.jpga93e2943bb3b1c1f9ead823df6e6317a","url":"https:\/\/buletin.de\/bucuresti\/wp-content\/uploads\/Catalin-Doscas-e1732731064764-96x96.jpg","contentUrl":"https:\/\/buletin.de\/bucuresti\/wp-content\/uploads\/Catalin-Doscas-e1732731064764-96x96.jpg","caption":"C\u0103t\u0103lin Dosca\u0219"},"description":"Reporter \u0219i redactor-\u0219ef Buletin de Bucure\u0219ti. Lucreaz\u0103 \u00een mass-media de la v\u00e2rsta de 15 ani, c\u00e2nd a publicat primele articole \u00een presa local\u0103 din Tecuci. \u00cen Bucure\u0219ti a lucrat \u00een redac\u021bii radio ca reporter, redactor \u0219i prezentator (StudentFM, Na\u021bionalFM, Radio Total, Smart FM), unde a acoperit domeniile politic, economic, social \u0219i externe. Ulterior, a fost editor-coordonator al postului Realitatea FM. Experien\u021ba \u00een jurnalismul online a dob\u00e2ndit-o la portalul B365.ro, unde a fost editor. \u00cen 2012 s-a angajat \u00een televiziune. La Realitatea TV a fost, pe r\u00e2nd, reporter la sec\u021bia Social, reporter special la emisiunea de reportaje \u0219i anchete \u201eReporterii Realit\u0103\u021bii\u201d, dar \u0219i editor al jurnalelor de \u0219tiri. Ulterior, a f\u0103cut parte din sec\u021bia de Investiga\u021bii de la Digi24 \u0219i a lucrat la campania \u201eRom\u00e2nia furat\u0103\u201d. A revenit \u00een presa scris\u0103 \u00een 2017, ca reporter special, \u00een cadrul unui proiect de repozi\u021bionare a tabloidului Libertatea \u00een cotidian generalist. Este jurnalist Buletin de Bucure\u0219ti din 2019.","url":"https:\/\/buletin.de\/bucuresti\/author\/catalin\/"}]}},"authors":[{"term_id":22575,"user_id":10,"is_guest":0,"slug":"catalin","display_name":"C\u0103t\u0103lin Dosca\u0219","avatar_url":"https:\/\/buletin.de\/bucuresti\/wp-content\/uploads\/Catalin-Doscas-e1732731064764-96x96.jpg","0":null,"1":"","2":"","3":"","4":"","5":"","6":"","7":"","8":""}],"_links":{"self":[{"href":"https:\/\/buletin.de\/bucuresti\/wp-json\/wp\/v2\/posts\/161935","targetHints":{"allow":["GET"]}}],"collection":[{"href":"https:\/\/buletin.de\/bucuresti\/wp-json\/wp\/v2\/posts"}],"about":[{"href":"https:\/\/buletin.de\/bucuresti\/wp-json\/wp\/v2\/types\/post"}],"author":[{"embeddable":true,"href":"https:\/\/buletin.de\/bucuresti\/wp-json\/wp\/v2\/users\/10"}],"replies":[{"embeddable":true,"href":"https:\/\/buletin.de\/bucuresti\/wp-json\/wp\/v2\/comments?post=161935"}],"version-history":[{"count":2,"href":"https:\/\/buletin.de\/bucuresti\/wp-json\/wp\/v2\/posts\/161935\/revisions"}],"predecessor-version":[{"id":161972,"href":"https:\/\/buletin.de\/bucuresti\/wp-json\/wp\/v2\/posts\/161935\/revisions\/161972"}],"wp:featuredmedia":[{"embeddable":true,"href":"https:\/\/buletin.de\/bucuresti\/wp-json\/wp\/v2\/media\/161941"}],"wp:attachment":[{"href":"https:\/\/buletin.de\/bucuresti\/wp-json\/wp\/v2\/media?parent=161935"}],"wp:term":[{"taxonomy":"category","embeddable":true,"href":"https:\/\/buletin.de\/bucuresti\/wp-json\/wp\/v2\/categories?post=161935"},{"taxonomy":"post_tag","embeddable":true,"href":"https:\/\/buletin.de\/bucuresti\/wp-json\/wp\/v2\/tags?post=161935"},{"taxonomy":"author","embeddable":true,"href":"https:\/\/buletin.de\/bucuresti\/wp-json\/wp\/v2\/ppma_author?post=161935"}],"curies":[{"name":"wp","href":"https:\/\/api.w.org\/{rel}","templated":true}]}}