{"id":161929,"date":"2025-12-11T12:22:37","date_gmt":"2025-12-11T09:22:37","guid":{"rendered":"https:\/\/buletin.de\/bucuresti\/?p=161929"},"modified":"2025-12-11T12:23:35","modified_gmt":"2025-12-11T09:23:35","slug":"sector-4-supraimpozitare-de-500-pentru-5-cladiri-neingrijite","status":"publish","type":"post","link":"https:\/\/buletin.de\/bucuresti\/sector-4-supraimpozitare-de-500-pentru-5-cladiri-neingrijite\/","title":{"rendered":"Sector 4 | Supraimpozitare de 500% pentru 5 cl\u0103diri ne\u00eengrijite"},"content":{"rendered":"\n<p><strong>Un proiect de hot\u0103r\u00e2re aflat pe masa Consiliului Local al Sectorului 4 vizeaz\u0103 cre\u0219terea impozitelor 500%  pentru 5 cl\u0103diri ne\u00eengrijite din sector. M\u0103sura vizeaz\u0103 cinci imobile identificate \u00een urma controalelor realizate de Comisia de control constituit\u0103 la nivelul administra\u021biei locale. <\/strong><\/p>\n\n\n\n<p>Proiectul este bazat pe prevederile Codului Fiscal, prin care autorit\u0103\u021bilor locale le este permis s\u0103 supraimpoziteze imobilele \u00een stare degradat\u0103 sau ne\u00eengrijite. <\/p>\n\n\n\n<p>Direc\u021bia General\u0103 de Impozite \u0219i Taxe Locale Sector 4 propune <a href=\"https:\/\/buletin.de\/bucuresti\/sector-2-supraimpozitare-de-500-pentru-proprietarii-cladirilor-degradate\/\" target=\"_blank\" rel=\"noreferrer noopener\">aplicarea supraimpozit\u0103rii maxime de 500%<\/a> pentru cl\u0103dirile vizate, conform metodologiei aprobate prin Hot\u0103r\u00e2rea Consiliului Local al Sectorului 4 nr. 300\/31.10.2017. <\/p>\n\n\n\n<p>\u00cen cazul acestor cl\u0103diri, proprietarii nu s-au conformat m\u0103surilor stabilite de Comisia de control pentru identificarea cl\u0103dirilor\/terenurilor ne\u00eengrijite situate \u00een intravilanul Sectorului 4, potrivit <a href=\"https:\/\/ps4.ro\/wp-content\/uploads\/2025\/12\/pr-nr-226-09.12.2025-af.pdf\" target=\"_blank\" rel=\"noreferrer noopener\">documenta\u021biei <\/a>proiectului. <\/p>\n\n\n\n<h2 class=\"wp-block-heading\" id=\"h-impozite-majorate-cu-500-pentru-5-cladiri-neingrijite\">Impozite majorate cu 500% pentru 5 cl\u0103diri ne\u00eengrijite <\/h2>\n\n\n\n<p>\u00cen urma verific\u0103rilor \u00een teren efectuate anul acesta, au fost constatate<strong> imobile cu stare tehnic\u0103 nesatisf\u0103c\u0103toare <\/strong>\u00een urm\u0103toarele zone: <\/p>\n\n\n\n<ul class=\"wp-block-list\">\n<li>Imobil situat pe <strong>Str. Pictor \u015etefan Dimitrescu nr. 62, zona B<\/strong>, compus din teren \u015fi cl\u0103dire;<\/li>\n\n\n\n<li>Imobil situat pe <strong>Str. Stoian Militaru nr.67 &#8211; zona C<\/strong>, compus din teren \u015fi cl\u0103dire;<\/li>\n\n\n\n<li>Imobil situat pe <strong>Str. Ilie Oprea nr. 21, zona D<\/strong>, compus din teren \u015fi cl\u0103dire;<\/li>\n\n\n\n<li>Imobil situat pe <strong>Str. Br\u0103detului nr. 21 &#8211;  zona C<\/strong>, compus din teren \u015fi cl\u0103dire;<\/li>\n\n\n\n<li>Imobil situat pe <strong>Str. Marin Sandu nr. 61 zona B<\/strong>, compus din teren \u015fi cl\u0103dire.<\/li>\n<\/ul>\n\n\n\n<p><em>\u201e\u00cen urma controalelor \u015fi verific\u0103rilor \u00een teren, membrii comisiei au identificat terenurile \u015fi cl\u0103diri ne\u00eengrijite, au stabilit m\u0103surile ce se impuneau a fi luate de proprietarii identifica\u021bi \u00een majoritatea cazurilor \u015fi au transmis notific\u0103ri \u00een luna martie 2025 cuprinz\u00e2nd m\u0103surile ce se impuneau a fi luate. <\/em><\/p>\n\n\n\n<p><em>Termenele impuse de conformare cu m\u0103surile dispuse de comisie sunt 6 luni \u00een cazul cl\u0103dirilor \u015fi 1 lun\u0103 \u00een cazul terenurilor.\u201d<\/em>, se precizeaz\u0103 \u00een referatul de aprobare ata\u0219at proiectului. <\/p>\n\n\n\n<p>CITE\u0218TE \u0218I <a href=\"https:\/\/buletin.de\/bucuresti\/a-fost-semnat-studiul-de-fezabilitate-pentru-drumul-de-mare-viteza-bucuresti-giurgiu\/\" target=\"_blank\" rel=\"noreferrer noopener\">A fost semnat studiul de fezabilitate pentru drumul de mare vitez\u0103 Bucure\u0219ti-Giurgiu, care va stabili dac\u0103 va fi autostrad\u0103 sau drum expres<\/a><\/p>\n","protected":false},"excerpt":{"rendered":"<p>Un proiect de hot\u0103r\u00e2re aflat pe masa Consiliului Local al Sectorului 4 vizeaz\u0103 cre\u0219terea impozitelor 500% pentru 5 cl\u0103diri ne\u00eengrijite din sector. M\u0103sura vizeaz\u0103 cinci imobile identificate \u00een urma controalelor realizate de Comisia de control constituit\u0103 la nivelul administra\u021biei locale. Proiectul este bazat pe prevederile Codului Fiscal, prin care autorit\u0103\u021bilor locale le este permis s\u0103 [&hellip;]<\/p>\n","protected":false},"author":65,"featured_media":161961,"comment_status":"closed","ping_status":"open","sticky":false,"template":"","format":"standard","meta":{"_acf_changed":false,"inline_featured_image":false,"ngg_post_thumbnail":0,"footnotes":""},"categories":[6994,24,62],"tags":[25040,15593,765,16167],"ppma_author":[23912],"class_list":["post-161929","post","type-post","status-publish","format-standard","has-post-thumbnail","hentry","category-stiri-2","category-primarie","category-stiri","tag-cladiri-neingrijite","tag-impozit-marit","tag-sector-4","tag-supraimpozitare-cladiri-neingrijite"],"acf":[],"yoast_head":"<!-- This site is optimized with the Yoast SEO Premium plugin v25.3 (Yoast SEO v27.4) - https:\/\/yoast.com\/product\/yoast-seo-premium-wordpress\/ -->\n<title>Sector 4 | Supraimpozitare de 500% pentru 5 cl\u0103diri ne\u00eengrijite - Buletin de Bucure\u0219ti<\/title>\n<meta name=\"robots\" content=\"index, follow, max-snippet:-1, max-image-preview:large, max-video-preview:-1\" \/>\n<link rel=\"canonical\" href=\"https:\/\/buletin.de\/bucuresti\/sector-4-supraimpozitare-de-500-pentru-5-cladiri-neingrijite\/\" \/>\n<meta property=\"og:locale\" content=\"en_GB\" \/>\n<meta property=\"og:type\" content=\"article\" \/>\n<meta property=\"og:title\" content=\"Sector 4 | Supraimpozitare de 500% pentru 5 cl\u0103diri ne\u00eengrijite\" \/>\n<meta property=\"og:description\" content=\"Un proiect de hot\u0103r\u00e2re aflat pe masa Consiliului Local al Sectorului 4 vizeaz\u0103 cre\u0219terea impozitelor 500% pentru 5 cl\u0103diri ne\u00eengrijite din sector. M\u0103sura vizeaz\u0103 cinci imobile identificate \u00een urma controalelor realizate de Comisia de control constituit\u0103 la nivelul administra\u021biei locale. Proiectul este bazat pe prevederile Codului Fiscal, prin care autorit\u0103\u021bilor locale le este permis s\u0103 [&hellip;]\" \/>\n<meta property=\"og:url\" content=\"https:\/\/buletin.de\/bucuresti\/sector-4-supraimpozitare-de-500-pentru-5-cladiri-neingrijite\/\" \/>\n<meta property=\"og:site_name\" content=\"Buletin de Bucure\u0219ti\" \/>\n<meta property=\"article:publisher\" content=\"https:\/\/www.facebook.com\/buletin.de.buc\" \/>\n<meta property=\"article:published_time\" content=\"2025-12-11T09:22:37+00:00\" \/>\n<meta property=\"article:modified_time\" content=\"2025-12-11T09:23:35+00:00\" \/>\n<meta property=\"og:image\" content=\"https:\/\/buletin.de\/bucuresti\/wp-content\/uploads\/2025\/12\/Supraimpozitare-de-500-5-cladiri-neingrijite.jpg\" \/>\n\t<meta property=\"og:image:width\" content=\"1200\" \/>\n\t<meta property=\"og:image:height\" content=\"698\" \/>\n\t<meta property=\"og:image:type\" content=\"image\/jpeg\" \/>\n<meta name=\"author\" content=\"Andreea St\u0103n\u0103r\u00eeng\u0103\" \/>\n<meta name=\"twitter:card\" content=\"summary_large_image\" \/>\n<meta name=\"twitter:label1\" content=\"Written by\" \/>\n\t<meta name=\"twitter:data1\" content=\"Andreea St\u0103n\u0103r\u00eeng\u0103\" \/>\n\t<meta name=\"twitter:label2\" content=\"Estimated reading time\" \/>\n\t<meta name=\"twitter:data2\" content=\"2 minutes\" \/>\n<script type=\"application\/ld+json\" class=\"yoast-schema-graph\">{\"@context\":\"https:\\\/\\\/schema.org\",\"@graph\":[{\"@type\":\"Article\",\"@id\":\"https:\\\/\\\/buletin.de\\\/bucuresti\\\/sector-4-supraimpozitare-de-500-pentru-5-cladiri-neingrijite\\\/#article\",\"isPartOf\":{\"@id\":\"https:\\\/\\\/buletin.de\\\/bucuresti\\\/sector-4-supraimpozitare-de-500-pentru-5-cladiri-neingrijite\\\/\"},\"author\":{\"name\":\"Andreea St\u0103n\u0103r\u00eeng\u0103\",\"@id\":\"https:\\\/\\\/buletin.de\\\/bucuresti\\\/#\\\/schema\\\/person\\\/81421a46fb84a0887cfd2238f5202586\"},\"headline\":\"Sector 4 | Supraimpozitare de 500% pentru 5 cl\u0103diri ne\u00eengrijite\",\"datePublished\":\"2025-12-11T09:22:37+00:00\",\"dateModified\":\"2025-12-11T09:23:35+00:00\",\"mainEntityOfPage\":{\"@id\":\"https:\\\/\\\/buletin.de\\\/bucuresti\\\/sector-4-supraimpozitare-de-500-pentru-5-cladiri-neingrijite\\\/\"},\"wordCount\":356,\"publisher\":{\"@id\":\"https:\\\/\\\/buletin.de\\\/bucuresti\\\/#organization\"},\"image\":{\"@id\":\"https:\\\/\\\/buletin.de\\\/bucuresti\\\/sector-4-supraimpozitare-de-500-pentru-5-cladiri-neingrijite\\\/#primaryimage\"},\"thumbnailUrl\":\"https:\\\/\\\/buletin.de\\\/bucuresti\\\/wp-content\\\/uploads\\\/2025\\\/12\\\/Supraimpozitare-de-500-5-cladiri-neingrijite.jpg\",\"keywords\":[\"cladiri neingrijite\",\"impozit marit\",\"Sector 4\",\"supraimpozitare cladiri neingrijite\"],\"articleSection\":[\"Articole\",\"Prim\u0103rie\",\"\u0218tiri\"],\"inLanguage\":\"en-GB\",\"copyrightYear\":\"2025\",\"copyrightHolder\":{\"@id\":\"https:\\\/\\\/buletin.de\\\/bucuresti\\\/#organization\"}},{\"@type\":\"WebPage\",\"@id\":\"https:\\\/\\\/buletin.de\\\/bucuresti\\\/sector-4-supraimpozitare-de-500-pentru-5-cladiri-neingrijite\\\/\",\"url\":\"https:\\\/\\\/buletin.de\\\/bucuresti\\\/sector-4-supraimpozitare-de-500-pentru-5-cladiri-neingrijite\\\/\",\"name\":\"Sector 4 | Supraimpozitare de 500% pentru 5 cl\u0103diri ne\u00eengrijite - Buletin de Bucure\u0219ti\",\"isPartOf\":{\"@id\":\"https:\\\/\\\/buletin.de\\\/bucuresti\\\/#website\"},\"primaryImageOfPage\":{\"@id\":\"https:\\\/\\\/buletin.de\\\/bucuresti\\\/sector-4-supraimpozitare-de-500-pentru-5-cladiri-neingrijite\\\/#primaryimage\"},\"image\":{\"@id\":\"https:\\\/\\\/buletin.de\\\/bucuresti\\\/sector-4-supraimpozitare-de-500-pentru-5-cladiri-neingrijite\\\/#primaryimage\"},\"thumbnailUrl\":\"https:\\\/\\\/buletin.de\\\/bucuresti\\\/wp-content\\\/uploads\\\/2025\\\/12\\\/Supraimpozitare-de-500-5-cladiri-neingrijite.jpg\",\"datePublished\":\"2025-12-11T09:22:37+00:00\",\"dateModified\":\"2025-12-11T09:23:35+00:00\",\"breadcrumb\":{\"@id\":\"https:\\\/\\\/buletin.de\\\/bucuresti\\\/sector-4-supraimpozitare-de-500-pentru-5-cladiri-neingrijite\\\/#breadcrumb\"},\"inLanguage\":\"en-GB\",\"potentialAction\":[{\"@type\":\"ReadAction\",\"target\":[\"https:\\\/\\\/buletin.de\\\/bucuresti\\\/sector-4-supraimpozitare-de-500-pentru-5-cladiri-neingrijite\\\/\"]}]},{\"@type\":\"ImageObject\",\"inLanguage\":\"en-GB\",\"@id\":\"https:\\\/\\\/buletin.de\\\/bucuresti\\\/sector-4-supraimpozitare-de-500-pentru-5-cladiri-neingrijite\\\/#primaryimage\",\"url\":\"https:\\\/\\\/buletin.de\\\/bucuresti\\\/wp-content\\\/uploads\\\/2025\\\/12\\\/Supraimpozitare-de-500-5-cladiri-neingrijite.jpg\",\"contentUrl\":\"https:\\\/\\\/buletin.de\\\/bucuresti\\\/wp-content\\\/uploads\\\/2025\\\/12\\\/Supraimpozitare-de-500-5-cladiri-neingrijite.jpg\",\"width\":1200,\"height\":698,\"caption\":\"Supraimpozitare de 500% pentru 5 cl\u0103diri ne\u00eengrijite din Sectorul 4. Foto: Google Street View\"},{\"@type\":\"BreadcrumbList\",\"@id\":\"https:\\\/\\\/buletin.de\\\/bucuresti\\\/sector-4-supraimpozitare-de-500-pentru-5-cladiri-neingrijite\\\/#breadcrumb\",\"itemListElement\":[{\"@type\":\"ListItem\",\"position\":1,\"name\":\"Acas\u0103\",\"item\":\"https:\\\/\\\/buletin.de\\\/bucuresti\\\/\"},{\"@type\":\"ListItem\",\"position\":2,\"name\":\"Sector 4 | Supraimpozitare de 500% pentru 5 cl\u0103diri ne\u00eengrijite\"}]},{\"@type\":\"WebSite\",\"@id\":\"https:\\\/\\\/buletin.de\\\/bucuresti\\\/#website\",\"url\":\"https:\\\/\\\/buletin.de\\\/bucuresti\\\/\",\"name\":\"Buletin de Bucure\u0219ti\",\"description\":\"\u0218tiri \u0219i investiga\u021bii esen\u021biale din capital\u0103\",\"publisher\":{\"@id\":\"https:\\\/\\\/buletin.de\\\/bucuresti\\\/#organization\"},\"potentialAction\":[{\"@type\":\"SearchAction\",\"target\":{\"@type\":\"EntryPoint\",\"urlTemplate\":\"https:\\\/\\\/buletin.de\\\/bucuresti\\\/?s={search_term_string}\"},\"query-input\":{\"@type\":\"PropertyValueSpecification\",\"valueRequired\":true,\"valueName\":\"search_term_string\"}}],\"inLanguage\":\"en-GB\"},{\"@type\":\"Organization\",\"@id\":\"https:\\\/\\\/buletin.de\\\/bucuresti\\\/#organization\",\"name\":\"Buletin de Bucure\u0219ti\",\"url\":\"https:\\\/\\\/buletin.de\\\/bucuresti\\\/\",\"logo\":{\"@type\":\"ImageObject\",\"inLanguage\":\"en-GB\",\"@id\":\"https:\\\/\\\/buletin.de\\\/bucuresti\\\/#\\\/schema\\\/logo\\\/image\\\/\",\"url\":\"https:\\\/\\\/buletin.de\\\/bucuresti\\\/wp-content\\\/uploads\\\/logo-bdb-full-wide-vernil-transparent.png\",\"contentUrl\":\"https:\\\/\\\/buletin.de\\\/bucuresti\\\/wp-content\\\/uploads\\\/logo-bdb-full-wide-vernil-transparent.png\",\"width\":1782,\"height\":626,\"caption\":\"Buletin de Bucure\u0219ti\"},\"image\":{\"@id\":\"https:\\\/\\\/buletin.de\\\/bucuresti\\\/#\\\/schema\\\/logo\\\/image\\\/\"},\"sameAs\":[\"https:\\\/\\\/www.facebook.com\\\/buletin.de.buc\",\"https:\\\/\\\/www.instagram.com\\\/buletinde.bucuresti\\\/\"]},{\"@type\":\"Person\",\"@id\":\"https:\\\/\\\/buletin.de\\\/bucuresti\\\/#\\\/schema\\\/person\\\/81421a46fb84a0887cfd2238f5202586\",\"name\":\"Andreea St\u0103n\u0103r\u00eeng\u0103\",\"image\":{\"@type\":\"ImageObject\",\"inLanguage\":\"en-GB\",\"@id\":\"https:\\\/\\\/secure.gravatar.com\\\/avatar\\\/dfa8d227a4388fad0f0bb03add04b5b176f4da34397dbb2eadc563b3d7162ce0?s=96&d=monsterid&r=g72784372b39ffe5a98a45288fe0d0e8a\",\"url\":\"https:\\\/\\\/secure.gravatar.com\\\/avatar\\\/dfa8d227a4388fad0f0bb03add04b5b176f4da34397dbb2eadc563b3d7162ce0?s=96&d=monsterid&r=g\",\"contentUrl\":\"https:\\\/\\\/secure.gravatar.com\\\/avatar\\\/dfa8d227a4388fad0f0bb03add04b5b176f4da34397dbb2eadc563b3d7162ce0?s=96&d=monsterid&r=g\",\"caption\":\"Andreea St\u0103n\u0103r\u00eeng\u0103\"},\"description\":\"Cu o experien\u021b\u0103 de peste 5 ani \u00een pres\u0103, face parte din echipa Buletin de Bucure\u0219ti din septembrie 2025. A colaborat cu c\u00e2teva publica\u021bii, printre care \u0219i Fanatik.ro, unde s-a ocupat de \u0219tiri de lifestyle \u0219i de actualitate. A f\u0103cut un pas c\u0103tre presa local\u0103 pentru a explora Bucure\u0219tiul \u0219i pove\u0219tile care merit\u0103 spuse.\",\"url\":\"https:\\\/\\\/buletin.de\\\/bucuresti\\\/author\\\/andreea-stanaranga\\\/\"}]}<\/script>\n<!-- \/ Yoast SEO Premium plugin. -->","yoast_head_json":{"title":"Sector 4 | Supraimpozitare de 500% pentru 5 cl\u0103diri ne\u00eengrijite - Buletin de Bucure\u0219ti","robots":{"index":"index","follow":"follow","max-snippet":"max-snippet:-1","max-image-preview":"max-image-preview:large","max-video-preview":"max-video-preview:-1"},"canonical":"https:\/\/buletin.de\/bucuresti\/sector-4-supraimpozitare-de-500-pentru-5-cladiri-neingrijite\/","og_locale":"en_GB","og_type":"article","og_title":"Sector 4 | Supraimpozitare de 500% pentru 5 cl\u0103diri ne\u00eengrijite","og_description":"Un proiect de hot\u0103r\u00e2re aflat pe masa Consiliului Local al Sectorului 4 vizeaz\u0103 cre\u0219terea impozitelor 500% pentru 5 cl\u0103diri ne\u00eengrijite din sector. M\u0103sura vizeaz\u0103 cinci imobile identificate \u00een urma controalelor realizate de Comisia de control constituit\u0103 la nivelul administra\u021biei locale. Proiectul este bazat pe prevederile Codului Fiscal, prin care autorit\u0103\u021bilor locale le este permis s\u0103 [&hellip;]","og_url":"https:\/\/buletin.de\/bucuresti\/sector-4-supraimpozitare-de-500-pentru-5-cladiri-neingrijite\/","og_site_name":"Buletin de Bucure\u0219ti","article_publisher":"https:\/\/www.facebook.com\/buletin.de.buc","article_published_time":"2025-12-11T09:22:37+00:00","article_modified_time":"2025-12-11T09:23:35+00:00","og_image":[{"width":1200,"height":698,"url":"https:\/\/buletin.de\/bucuresti\/wp-content\/uploads\/2025\/12\/Supraimpozitare-de-500-5-cladiri-neingrijite.jpg","type":"image\/jpeg"}],"author":"Andreea St\u0103n\u0103r\u00eeng\u0103","twitter_card":"summary_large_image","twitter_misc":{"Written by":"Andreea St\u0103n\u0103r\u00eeng\u0103","Estimated reading time":"2 minutes"},"schema":{"@context":"https:\/\/schema.org","@graph":[{"@type":"Article","@id":"https:\/\/buletin.de\/bucuresti\/sector-4-supraimpozitare-de-500-pentru-5-cladiri-neingrijite\/#article","isPartOf":{"@id":"https:\/\/buletin.de\/bucuresti\/sector-4-supraimpozitare-de-500-pentru-5-cladiri-neingrijite\/"},"author":{"name":"Andreea St\u0103n\u0103r\u00eeng\u0103","@id":"https:\/\/buletin.de\/bucuresti\/#\/schema\/person\/81421a46fb84a0887cfd2238f5202586"},"headline":"Sector 4 | Supraimpozitare de 500% pentru 5 cl\u0103diri ne\u00eengrijite","datePublished":"2025-12-11T09:22:37+00:00","dateModified":"2025-12-11T09:23:35+00:00","mainEntityOfPage":{"@id":"https:\/\/buletin.de\/bucuresti\/sector-4-supraimpozitare-de-500-pentru-5-cladiri-neingrijite\/"},"wordCount":356,"publisher":{"@id":"https:\/\/buletin.de\/bucuresti\/#organization"},"image":{"@id":"https:\/\/buletin.de\/bucuresti\/sector-4-supraimpozitare-de-500-pentru-5-cladiri-neingrijite\/#primaryimage"},"thumbnailUrl":"https:\/\/buletin.de\/bucuresti\/wp-content\/uploads\/2025\/12\/Supraimpozitare-de-500-5-cladiri-neingrijite.jpg","keywords":["cladiri neingrijite","impozit marit","Sector 4","supraimpozitare cladiri neingrijite"],"articleSection":["Articole","Prim\u0103rie","\u0218tiri"],"inLanguage":"en-GB","copyrightYear":"2025","copyrightHolder":{"@id":"https:\/\/buletin.de\/bucuresti\/#organization"}},{"@type":"WebPage","@id":"https:\/\/buletin.de\/bucuresti\/sector-4-supraimpozitare-de-500-pentru-5-cladiri-neingrijite\/","url":"https:\/\/buletin.de\/bucuresti\/sector-4-supraimpozitare-de-500-pentru-5-cladiri-neingrijite\/","name":"Sector 4 | Supraimpozitare de 500% pentru 5 cl\u0103diri ne\u00eengrijite - Buletin de Bucure\u0219ti","isPartOf":{"@id":"https:\/\/buletin.de\/bucuresti\/#website"},"primaryImageOfPage":{"@id":"https:\/\/buletin.de\/bucuresti\/sector-4-supraimpozitare-de-500-pentru-5-cladiri-neingrijite\/#primaryimage"},"image":{"@id":"https:\/\/buletin.de\/bucuresti\/sector-4-supraimpozitare-de-500-pentru-5-cladiri-neingrijite\/#primaryimage"},"thumbnailUrl":"https:\/\/buletin.de\/bucuresti\/wp-content\/uploads\/2025\/12\/Supraimpozitare-de-500-5-cladiri-neingrijite.jpg","datePublished":"2025-12-11T09:22:37+00:00","dateModified":"2025-12-11T09:23:35+00:00","breadcrumb":{"@id":"https:\/\/buletin.de\/bucuresti\/sector-4-supraimpozitare-de-500-pentru-5-cladiri-neingrijite\/#breadcrumb"},"inLanguage":"en-GB","potentialAction":[{"@type":"ReadAction","target":["https:\/\/buletin.de\/bucuresti\/sector-4-supraimpozitare-de-500-pentru-5-cladiri-neingrijite\/"]}]},{"@type":"ImageObject","inLanguage":"en-GB","@id":"https:\/\/buletin.de\/bucuresti\/sector-4-supraimpozitare-de-500-pentru-5-cladiri-neingrijite\/#primaryimage","url":"https:\/\/buletin.de\/bucuresti\/wp-content\/uploads\/2025\/12\/Supraimpozitare-de-500-5-cladiri-neingrijite.jpg","contentUrl":"https:\/\/buletin.de\/bucuresti\/wp-content\/uploads\/2025\/12\/Supraimpozitare-de-500-5-cladiri-neingrijite.jpg","width":1200,"height":698,"caption":"Supraimpozitare de 500% pentru 5 cl\u0103diri ne\u00eengrijite din Sectorul 4. Foto: Google Street View"},{"@type":"BreadcrumbList","@id":"https:\/\/buletin.de\/bucuresti\/sector-4-supraimpozitare-de-500-pentru-5-cladiri-neingrijite\/#breadcrumb","itemListElement":[{"@type":"ListItem","position":1,"name":"Acas\u0103","item":"https:\/\/buletin.de\/bucuresti\/"},{"@type":"ListItem","position":2,"name":"Sector 4 | Supraimpozitare de 500% pentru 5 cl\u0103diri ne\u00eengrijite"}]},{"@type":"WebSite","@id":"https:\/\/buletin.de\/bucuresti\/#website","url":"https:\/\/buletin.de\/bucuresti\/","name":"Buletin de Bucure\u0219ti","description":"\u0218tiri \u0219i investiga\u021bii esen\u021biale din capital\u0103","publisher":{"@id":"https:\/\/buletin.de\/bucuresti\/#organization"},"potentialAction":[{"@type":"SearchAction","target":{"@type":"EntryPoint","urlTemplate":"https:\/\/buletin.de\/bucuresti\/?s={search_term_string}"},"query-input":{"@type":"PropertyValueSpecification","valueRequired":true,"valueName":"search_term_string"}}],"inLanguage":"en-GB"},{"@type":"Organization","@id":"https:\/\/buletin.de\/bucuresti\/#organization","name":"Buletin de Bucure\u0219ti","url":"https:\/\/buletin.de\/bucuresti\/","logo":{"@type":"ImageObject","inLanguage":"en-GB","@id":"https:\/\/buletin.de\/bucuresti\/#\/schema\/logo\/image\/","url":"https:\/\/buletin.de\/bucuresti\/wp-content\/uploads\/logo-bdb-full-wide-vernil-transparent.png","contentUrl":"https:\/\/buletin.de\/bucuresti\/wp-content\/uploads\/logo-bdb-full-wide-vernil-transparent.png","width":1782,"height":626,"caption":"Buletin de Bucure\u0219ti"},"image":{"@id":"https:\/\/buletin.de\/bucuresti\/#\/schema\/logo\/image\/"},"sameAs":["https:\/\/www.facebook.com\/buletin.de.buc","https:\/\/www.instagram.com\/buletinde.bucuresti\/"]},{"@type":"Person","@id":"https:\/\/buletin.de\/bucuresti\/#\/schema\/person\/81421a46fb84a0887cfd2238f5202586","name":"Andreea St\u0103n\u0103r\u00eeng\u0103","image":{"@type":"ImageObject","inLanguage":"en-GB","@id":"https:\/\/secure.gravatar.com\/avatar\/dfa8d227a4388fad0f0bb03add04b5b176f4da34397dbb2eadc563b3d7162ce0?s=96&d=monsterid&r=g72784372b39ffe5a98a45288fe0d0e8a","url":"https:\/\/secure.gravatar.com\/avatar\/dfa8d227a4388fad0f0bb03add04b5b176f4da34397dbb2eadc563b3d7162ce0?s=96&d=monsterid&r=g","contentUrl":"https:\/\/secure.gravatar.com\/avatar\/dfa8d227a4388fad0f0bb03add04b5b176f4da34397dbb2eadc563b3d7162ce0?s=96&d=monsterid&r=g","caption":"Andreea St\u0103n\u0103r\u00eeng\u0103"},"description":"Cu o experien\u021b\u0103 de peste 5 ani \u00een pres\u0103, face parte din echipa Buletin de Bucure\u0219ti din septembrie 2025. A colaborat cu c\u00e2teva publica\u021bii, printre care \u0219i Fanatik.ro, unde s-a ocupat de \u0219tiri de lifestyle \u0219i de actualitate. A f\u0103cut un pas c\u0103tre presa local\u0103 pentru a explora Bucure\u0219tiul \u0219i pove\u0219tile care merit\u0103 spuse.","url":"https:\/\/buletin.de\/bucuresti\/author\/andreea-stanaranga\/"}]}},"authors":[{"term_id":23912,"user_id":65,"is_guest":0,"slug":"andreea-stanaranga","display_name":"Andreea St\u0103n\u0103r\u00eeng\u0103","avatar_url":"https:\/\/secure.gravatar.com\/avatar\/dfa8d227a4388fad0f0bb03add04b5b176f4da34397dbb2eadc563b3d7162ce0?s=96&d=monsterid&r=g","0":null,"1":"","2":"","3":"","4":"","5":"","6":"","7":"","8":""}],"_links":{"self":[{"href":"https:\/\/buletin.de\/bucuresti\/wp-json\/wp\/v2\/posts\/161929","targetHints":{"allow":["GET"]}}],"collection":[{"href":"https:\/\/buletin.de\/bucuresti\/wp-json\/wp\/v2\/posts"}],"about":[{"href":"https:\/\/buletin.de\/bucuresti\/wp-json\/wp\/v2\/types\/post"}],"author":[{"embeddable":true,"href":"https:\/\/buletin.de\/bucuresti\/wp-json\/wp\/v2\/users\/65"}],"replies":[{"embeddable":true,"href":"https:\/\/buletin.de\/bucuresti\/wp-json\/wp\/v2\/comments?post=161929"}],"version-history":[{"count":7,"href":"https:\/\/buletin.de\/bucuresti\/wp-json\/wp\/v2\/posts\/161929\/revisions"}],"predecessor-version":[{"id":161966,"href":"https:\/\/buletin.de\/bucuresti\/wp-json\/wp\/v2\/posts\/161929\/revisions\/161966"}],"wp:featuredmedia":[{"embeddable":true,"href":"https:\/\/buletin.de\/bucuresti\/wp-json\/wp\/v2\/media\/161961"}],"wp:attachment":[{"href":"https:\/\/buletin.de\/bucuresti\/wp-json\/wp\/v2\/media?parent=161929"}],"wp:term":[{"taxonomy":"category","embeddable":true,"href":"https:\/\/buletin.de\/bucuresti\/wp-json\/wp\/v2\/categories?post=161929"},{"taxonomy":"post_tag","embeddable":true,"href":"https:\/\/buletin.de\/bucuresti\/wp-json\/wp\/v2\/tags?post=161929"},{"taxonomy":"author","embeddable":true,"href":"https:\/\/buletin.de\/bucuresti\/wp-json\/wp\/v2\/ppma_author?post=161929"}],"curies":[{"name":"wp","href":"https:\/\/api.w.org\/{rel}","templated":true}]}}