{"id":161926,"date":"2025-12-11T12:22:32","date_gmt":"2025-12-11T09:22:32","guid":{"rendered":"https:\/\/buletin.de\/bucuresti\/?p=161926"},"modified":"2025-12-11T12:22:33","modified_gmt":"2025-12-11T09:22:33","slug":"video-protestul-justitie-capturata-de-la-csm","status":"publish","type":"post","link":"https:\/\/buletin.de\/bucuresti\/video-protestul-justitie-capturata-de-la-csm\/","title":{"rendered":"VIDEO | Protestul \u201eJusti\u021bie Capturat\u0103\u201d de la CSM"},"content":{"rendered":"\n<p><strong>Sute de persoane au venit \u00een fa\u021ba sediului Consiliului Superior al Magistraturii (CSM), miercuri sear\u0103, pentru a manifesta pentru independen\u021ba justi\u021biei. Cel mai recent de la CSM vine ca reac\u021bie la documentarul <a href=\"https:\/\/recorder.ro\/documentar-recorder-justitie-capturata\/\">Recorder<\/a> \u201eJusti\u021bie capturat\u0103\u201d.<\/strong><\/p>\n\n\n\n<p>Bucure\u0219tenii au scandat pentru o justi\u021bie independent\u0103: \u201eVrem dreptate, nu imunitate\u201d, \u201eMagistra\u021bi independen\u021bi, nu obedien\u021bi\u201d, \u201eJusti\u021bie, nu mafie\u201d, \u201eIntegritate, nu complicitate\u201d, \u201eLegea este pentru to\u021bi, f\u0103r\u0103 mil\u0103 pentru ho\u021bi\u201d sau \u201eLia, nu uita, te a\u0219teapt\u0103 Rahova\u201d \u0219i \u201ePredoiu demisia\u201d.<\/p>\n\n\n\n<figure class=\"wp-block-embed is-type-video is-provider-youtube wp-block-embed-youtube wp-embed-aspect-16-9 wp-has-aspect-ratio\"><div class=\"wp-block-embed__wrapper\">\n<iframe title=\"Protestul \u201eJusti\u021bie Capturat\u0103\u201d\" width=\"1200\" height=\"675\" src=\"https:\/\/www.youtube.com\/embed\/KuiiAh9qHug?feature=oembed\" frameborder=\"0\" allow=\"accelerometer; autoplay; clipboard-write; encrypted-media; gyroscope; picture-in-picture; web-share\" referrerpolicy=\"strict-origin-when-cross-origin\" allowfullscreen><\/iframe>\n<\/div><\/figure>\n\n\n\n<p><strong><a href=\"https:\/\/recorder.ro\/documentar-recorder-justitie-capturata\/\" target=\"_blank\" rel=\"noreferrer noopener\">Recorder<\/a>&nbsp;a publicat un documentar despre modul cum dosarele de mare corup\u021bie sunt \u00eengropate \u00een mod sistematic.<\/strong><\/p>\n\n\n\n<p>Inculpa\u021bi celebri achita\u021bi \u00een apel dup\u0103 ce \u00een prima instan\u021b\u0103 primiser\u0103 ani grei de \u00eenchisoare, procese tergiversate p\u00e2n\u0103 c\u00e2nd faptele ajung la prescriere, condamn\u0103ri definitive care sunt reevaluate \u0219i \u0219terse cu buretele. \u00cen plus, asupra DNA au \u00eenceput s\u0103 planeze suspiciuni privind blocarea unor anchete penale.<\/p>\n\n\n\n<p><strong>CITE\u015eTE \u015eI <a href=\"https:\/\/buletin.de\/bucuresti\/exemplul-care-intareste-documentarul-recorder-o-judecatoare-din-dosarul-de-coruptie-al-primarului-din-otopeni-a-fost-inlocuita-marti-dna-l-a-trimis-in-judecata-acum-trei-ani\/\">Exemplul care \u00eent\u0103re\u0219te documentarul Recorder: O judec\u0103toare din dosarul de corup\u021bie al primarului din Otopeni a fost \u00eenlocuit\u0103 mar\u021bi. DNA l-a trimis \u00een judecat\u0103 acum trei ani<\/a><\/strong><\/p>\n\n\n\n<p><\/p>\n","protected":false},"excerpt":{"rendered":"<p>Sute de persoane au venit \u00een fa\u021ba sediului Consiliului Superior al Magistraturii (CSM), miercuri sear\u0103, pentru a manifesta pentru independen\u021ba justi\u021biei. Cel mai recent de la CSM vine ca reac\u021bie la documentarul Recorder \u201eJusti\u021bie capturat\u0103\u201d. Bucure\u0219tenii au scandat pentru o justi\u021bie independent\u0103: \u201eVrem dreptate, nu imunitate\u201d, \u201eMagistra\u021bi independen\u021bi, nu obedien\u021bi\u201d, \u201eJusti\u021bie, nu mafie\u201d, \u201eIntegritate, nu [&hellip;]<\/p>\n","protected":false},"author":17,"featured_media":161932,"comment_status":"closed","ping_status":"open","sticky":false,"template":"","format":"standard","meta":{"_acf_changed":false,"inline_featured_image":false,"ngg_post_thumbnail":0,"footnotes":""},"categories":[6994,3419,25061],"tags":[2063,2054,3845,4200,24521,25082,25071,25083,114,3321,25084],"ppma_author":[22576],"class_list":["post-161926","post","type-post","status-publish","format-standard","has-post-thumbnail","hentry","category-stiri-2","category-featured","category-justitie","tag-bucuresti-2","tag-capitala","tag-coruptie-2","tag-documentar","tag-justitie","tag-justitie-capturata-2","tag-lia-savonea","tag-predoiu","tag-protest","tag-recorder","tag-voineag"],"acf":[],"yoast_head":"<!-- This site is optimized with the Yoast SEO Premium plugin v25.3 (Yoast SEO v27.4) - https:\/\/yoast.com\/product\/yoast-seo-premium-wordpress\/ -->\n<title>VIDEO | Protestul \u201eJusti\u021bie Capturat\u0103\u201d de la CSM - Buletin de Bucure\u0219ti<\/title>\n<meta name=\"robots\" content=\"index, follow, max-snippet:-1, max-image-preview:large, max-video-preview:-1\" \/>\n<link rel=\"canonical\" href=\"https:\/\/buletin.de\/bucuresti\/video-protestul-justitie-capturata-de-la-csm\/\" \/>\n<meta property=\"og:locale\" content=\"en_GB\" \/>\n<meta property=\"og:type\" content=\"article\" \/>\n<meta property=\"og:title\" content=\"VIDEO | Protestul \u201eJusti\u021bie Capturat\u0103\u201d de la CSM\" \/>\n<meta property=\"og:description\" content=\"Sute de persoane au venit \u00een fa\u021ba sediului Consiliului Superior al Magistraturii (CSM), miercuri sear\u0103, pentru a manifesta pentru independen\u021ba justi\u021biei. Cel mai recent de la CSM vine ca reac\u021bie la documentarul Recorder \u201eJusti\u021bie capturat\u0103\u201d. Bucure\u0219tenii au scandat pentru o justi\u021bie independent\u0103: \u201eVrem dreptate, nu imunitate\u201d, \u201eMagistra\u021bi independen\u021bi, nu obedien\u021bi\u201d, \u201eJusti\u021bie, nu mafie\u201d, \u201eIntegritate, nu [&hellip;]\" \/>\n<meta property=\"og:url\" content=\"https:\/\/buletin.de\/bucuresti\/video-protestul-justitie-capturata-de-la-csm\/\" \/>\n<meta property=\"og:site_name\" content=\"Buletin de Bucure\u0219ti\" \/>\n<meta property=\"article:publisher\" content=\"https:\/\/www.facebook.com\/buletin.de.buc\" \/>\n<meta property=\"article:published_time\" content=\"2025-12-11T09:22:32+00:00\" \/>\n<meta property=\"article:modified_time\" content=\"2025-12-11T09:22:33+00:00\" \/>\n<meta property=\"og:image\" content=\"https:\/\/buletin.de\/bucuresti\/wp-content\/uploads\/2025\/12\/ID328610_INQUAM_Photos_Anastasia_Ehim-scaled.jpg\" \/>\n\t<meta property=\"og:image:width\" content=\"2560\" \/>\n\t<meta property=\"og:image:height\" content=\"1707\" \/>\n\t<meta property=\"og:image:type\" content=\"image\/jpeg\" \/>\n<meta name=\"author\" content=\"Florin R\u00e2\u0219teiu\" \/>\n<meta name=\"twitter:card\" content=\"summary_large_image\" \/>\n<meta name=\"twitter:label1\" content=\"Written by\" \/>\n\t<meta name=\"twitter:data1\" content=\"Florin R\u00e2\u0219teiu\" \/>\n\t<meta name=\"twitter:label2\" content=\"Estimated reading time\" \/>\n\t<meta name=\"twitter:data2\" content=\"1 minute\" \/>\n<script type=\"application\/ld+json\" class=\"yoast-schema-graph\">{\"@context\":\"https:\\\/\\\/schema.org\",\"@graph\":[{\"@type\":\"Article\",\"@id\":\"https:\\\/\\\/buletin.de\\\/bucuresti\\\/video-protestul-justitie-capturata-de-la-csm\\\/#article\",\"isPartOf\":{\"@id\":\"https:\\\/\\\/buletin.de\\\/bucuresti\\\/video-protestul-justitie-capturata-de-la-csm\\\/\"},\"author\":{\"name\":\"Florin R\u00e2\u0219teiu\",\"@id\":\"https:\\\/\\\/buletin.de\\\/bucuresti\\\/#\\\/schema\\\/person\\\/b0686d7a8b666c6afc78239777fd8a89\"},\"headline\":\"VIDEO | Protestul \u201eJusti\u021bie Capturat\u0103\u201d de la CSM\",\"datePublished\":\"2025-12-11T09:22:32+00:00\",\"dateModified\":\"2025-12-11T09:22:33+00:00\",\"mainEntityOfPage\":{\"@id\":\"https:\\\/\\\/buletin.de\\\/bucuresti\\\/video-protestul-justitie-capturata-de-la-csm\\\/\"},\"wordCount\":207,\"publisher\":{\"@id\":\"https:\\\/\\\/buletin.de\\\/bucuresti\\\/#organization\"},\"image\":{\"@id\":\"https:\\\/\\\/buletin.de\\\/bucuresti\\\/video-protestul-justitie-capturata-de-la-csm\\\/#primaryimage\"},\"thumbnailUrl\":\"https:\\\/\\\/buletin.de\\\/bucuresti\\\/wp-content\\\/uploads\\\/2025\\\/12\\\/ID328610_INQUAM_Photos_Anastasia_Ehim-scaled.jpg\",\"keywords\":[\"Bucure\u0219ti\",\"Capitala\",\"Corup\u021bie\",\"documentar\",\"justi\u021bie\",\"Justi\u021bie Capturat\u0103\",\"lia savonea\",\"Predoiu\",\"protest\",\"recorder\",\"Voineag\"],\"articleSection\":[\"Articole\",\"Featured\",\"Justi\u021bie\"],\"inLanguage\":\"en-GB\",\"copyrightYear\":\"2025\",\"copyrightHolder\":{\"@id\":\"https:\\\/\\\/buletin.de\\\/bucuresti\\\/#organization\"}},{\"@type\":\"WebPage\",\"@id\":\"https:\\\/\\\/buletin.de\\\/bucuresti\\\/video-protestul-justitie-capturata-de-la-csm\\\/\",\"url\":\"https:\\\/\\\/buletin.de\\\/bucuresti\\\/video-protestul-justitie-capturata-de-la-csm\\\/\",\"name\":\"VIDEO | Protestul \u201eJusti\u021bie Capturat\u0103\u201d de la CSM - Buletin de Bucure\u0219ti\",\"isPartOf\":{\"@id\":\"https:\\\/\\\/buletin.de\\\/bucuresti\\\/#website\"},\"primaryImageOfPage\":{\"@id\":\"https:\\\/\\\/buletin.de\\\/bucuresti\\\/video-protestul-justitie-capturata-de-la-csm\\\/#primaryimage\"},\"image\":{\"@id\":\"https:\\\/\\\/buletin.de\\\/bucuresti\\\/video-protestul-justitie-capturata-de-la-csm\\\/#primaryimage\"},\"thumbnailUrl\":\"https:\\\/\\\/buletin.de\\\/bucuresti\\\/wp-content\\\/uploads\\\/2025\\\/12\\\/ID328610_INQUAM_Photos_Anastasia_Ehim-scaled.jpg\",\"datePublished\":\"2025-12-11T09:22:32+00:00\",\"dateModified\":\"2025-12-11T09:22:33+00:00\",\"breadcrumb\":{\"@id\":\"https:\\\/\\\/buletin.de\\\/bucuresti\\\/video-protestul-justitie-capturata-de-la-csm\\\/#breadcrumb\"},\"inLanguage\":\"en-GB\",\"potentialAction\":[{\"@type\":\"ReadAction\",\"target\":[\"https:\\\/\\\/buletin.de\\\/bucuresti\\\/video-protestul-justitie-capturata-de-la-csm\\\/\"]}]},{\"@type\":\"ImageObject\",\"inLanguage\":\"en-GB\",\"@id\":\"https:\\\/\\\/buletin.de\\\/bucuresti\\\/video-protestul-justitie-capturata-de-la-csm\\\/#primaryimage\",\"url\":\"https:\\\/\\\/buletin.de\\\/bucuresti\\\/wp-content\\\/uploads\\\/2025\\\/12\\\/ID328610_INQUAM_Photos_Anastasia_Ehim-scaled.jpg\",\"contentUrl\":\"https:\\\/\\\/buletin.de\\\/bucuresti\\\/wp-content\\\/uploads\\\/2025\\\/12\\\/ID328610_INQUAM_Photos_Anastasia_Ehim-scaled.jpg\",\"width\":2560,\"height\":1707,\"caption\":\"Foto: Inquam Photos \\\/ Ehim Anastasia\"},{\"@type\":\"BreadcrumbList\",\"@id\":\"https:\\\/\\\/buletin.de\\\/bucuresti\\\/video-protestul-justitie-capturata-de-la-csm\\\/#breadcrumb\",\"itemListElement\":[{\"@type\":\"ListItem\",\"position\":1,\"name\":\"Acas\u0103\",\"item\":\"https:\\\/\\\/buletin.de\\\/bucuresti\\\/\"},{\"@type\":\"ListItem\",\"position\":2,\"name\":\"VIDEO | Protestul \u201eJusti\u021bie Capturat\u0103\u201d de la CSM\"}]},{\"@type\":\"WebSite\",\"@id\":\"https:\\\/\\\/buletin.de\\\/bucuresti\\\/#website\",\"url\":\"https:\\\/\\\/buletin.de\\\/bucuresti\\\/\",\"name\":\"Buletin de Bucure\u0219ti\",\"description\":\"\u0218tiri \u0219i investiga\u021bii esen\u021biale din capital\u0103\",\"publisher\":{\"@id\":\"https:\\\/\\\/buletin.de\\\/bucuresti\\\/#organization\"},\"potentialAction\":[{\"@type\":\"SearchAction\",\"target\":{\"@type\":\"EntryPoint\",\"urlTemplate\":\"https:\\\/\\\/buletin.de\\\/bucuresti\\\/?s={search_term_string}\"},\"query-input\":{\"@type\":\"PropertyValueSpecification\",\"valueRequired\":true,\"valueName\":\"search_term_string\"}}],\"inLanguage\":\"en-GB\"},{\"@type\":\"Organization\",\"@id\":\"https:\\\/\\\/buletin.de\\\/bucuresti\\\/#organization\",\"name\":\"Buletin de Bucure\u0219ti\",\"url\":\"https:\\\/\\\/buletin.de\\\/bucuresti\\\/\",\"logo\":{\"@type\":\"ImageObject\",\"inLanguage\":\"en-GB\",\"@id\":\"https:\\\/\\\/buletin.de\\\/bucuresti\\\/#\\\/schema\\\/logo\\\/image\\\/\",\"url\":\"https:\\\/\\\/buletin.de\\\/bucuresti\\\/wp-content\\\/uploads\\\/logo-bdb-full-wide-vernil-transparent.png\",\"contentUrl\":\"https:\\\/\\\/buletin.de\\\/bucuresti\\\/wp-content\\\/uploads\\\/logo-bdb-full-wide-vernil-transparent.png\",\"width\":1782,\"height\":626,\"caption\":\"Buletin de Bucure\u0219ti\"},\"image\":{\"@id\":\"https:\\\/\\\/buletin.de\\\/bucuresti\\\/#\\\/schema\\\/logo\\\/image\\\/\"},\"sameAs\":[\"https:\\\/\\\/www.facebook.com\\\/buletin.de.buc\",\"https:\\\/\\\/www.instagram.com\\\/buletinde.bucuresti\\\/\"]},{\"@type\":\"Person\",\"@id\":\"https:\\\/\\\/buletin.de\\\/bucuresti\\\/#\\\/schema\\\/person\\\/b0686d7a8b666c6afc78239777fd8a89\",\"name\":\"Florin R\u00e2\u0219teiu\",\"image\":{\"@type\":\"ImageObject\",\"inLanguage\":\"en-GB\",\"@id\":\"https:\\\/\\\/buletin.de\\\/bucuresti\\\/wp-content\\\/uploads\\\/Florin-Rasteiu-96x96.jpgf0a6fe28453aa12f0a60e4d0a2e3a78c\",\"url\":\"https:\\\/\\\/buletin.de\\\/bucuresti\\\/wp-content\\\/uploads\\\/Florin-Rasteiu-96x96.jpg\",\"contentUrl\":\"https:\\\/\\\/buletin.de\\\/bucuresti\\\/wp-content\\\/uploads\\\/Florin-Rasteiu-96x96.jpg\",\"caption\":\"Florin R\u00e2\u0219teiu\"},\"description\":\"Jurnalist de investiga\u021bie. Lucreaz\u0103 de aproape 6 ani la Buletin de Bucure\u0219ti, unde a publicat articole care scot la suprafa\u021b\u0103 corup\u021bia din Capital\u0103. Analizeaz\u0103 baze de date zilnic \u0219i scoate pove\u0219ti din exceluri pline de cifre. Pune reflectorul pe adev\u0103r cu fiecare ocazie. A c\u00e2\u0219tigat premiul I la categoria Pres\u0103 Local\u0103 \u00een 2025 \u0219i locul al II-lea la aceea\u0219i categorie \u00een 2024 \u00een cadrul Premiilor Superscrieri pentru jurnalism independent.\",\"url\":\"https:\\\/\\\/buletin.de\\\/bucuresti\\\/author\\\/florinrasteiu\\\/\"}]}<\/script>\n<!-- \/ Yoast SEO Premium plugin. -->","yoast_head_json":{"title":"VIDEO | Protestul \u201eJusti\u021bie Capturat\u0103\u201d de la CSM - Buletin de Bucure\u0219ti","robots":{"index":"index","follow":"follow","max-snippet":"max-snippet:-1","max-image-preview":"max-image-preview:large","max-video-preview":"max-video-preview:-1"},"canonical":"https:\/\/buletin.de\/bucuresti\/video-protestul-justitie-capturata-de-la-csm\/","og_locale":"en_GB","og_type":"article","og_title":"VIDEO | Protestul \u201eJusti\u021bie Capturat\u0103\u201d de la CSM","og_description":"Sute de persoane au venit \u00een fa\u021ba sediului Consiliului Superior al Magistraturii (CSM), miercuri sear\u0103, pentru a manifesta pentru independen\u021ba justi\u021biei. Cel mai recent de la CSM vine ca reac\u021bie la documentarul Recorder \u201eJusti\u021bie capturat\u0103\u201d. Bucure\u0219tenii au scandat pentru o justi\u021bie independent\u0103: \u201eVrem dreptate, nu imunitate\u201d, \u201eMagistra\u021bi independen\u021bi, nu obedien\u021bi\u201d, \u201eJusti\u021bie, nu mafie\u201d, \u201eIntegritate, nu [&hellip;]","og_url":"https:\/\/buletin.de\/bucuresti\/video-protestul-justitie-capturata-de-la-csm\/","og_site_name":"Buletin de Bucure\u0219ti","article_publisher":"https:\/\/www.facebook.com\/buletin.de.buc","article_published_time":"2025-12-11T09:22:32+00:00","article_modified_time":"2025-12-11T09:22:33+00:00","og_image":[{"width":2560,"height":1707,"url":"https:\/\/buletin.de\/bucuresti\/wp-content\/uploads\/2025\/12\/ID328610_INQUAM_Photos_Anastasia_Ehim-scaled.jpg","type":"image\/jpeg"}],"author":"Florin R\u00e2\u0219teiu","twitter_card":"summary_large_image","twitter_misc":{"Written by":"Florin R\u00e2\u0219teiu","Estimated reading time":"1 minute"},"schema":{"@context":"https:\/\/schema.org","@graph":[{"@type":"Article","@id":"https:\/\/buletin.de\/bucuresti\/video-protestul-justitie-capturata-de-la-csm\/#article","isPartOf":{"@id":"https:\/\/buletin.de\/bucuresti\/video-protestul-justitie-capturata-de-la-csm\/"},"author":{"name":"Florin R\u00e2\u0219teiu","@id":"https:\/\/buletin.de\/bucuresti\/#\/schema\/person\/b0686d7a8b666c6afc78239777fd8a89"},"headline":"VIDEO | Protestul \u201eJusti\u021bie Capturat\u0103\u201d de la CSM","datePublished":"2025-12-11T09:22:32+00:00","dateModified":"2025-12-11T09:22:33+00:00","mainEntityOfPage":{"@id":"https:\/\/buletin.de\/bucuresti\/video-protestul-justitie-capturata-de-la-csm\/"},"wordCount":207,"publisher":{"@id":"https:\/\/buletin.de\/bucuresti\/#organization"},"image":{"@id":"https:\/\/buletin.de\/bucuresti\/video-protestul-justitie-capturata-de-la-csm\/#primaryimage"},"thumbnailUrl":"https:\/\/buletin.de\/bucuresti\/wp-content\/uploads\/2025\/12\/ID328610_INQUAM_Photos_Anastasia_Ehim-scaled.jpg","keywords":["Bucure\u0219ti","Capitala","Corup\u021bie","documentar","justi\u021bie","Justi\u021bie Capturat\u0103","lia savonea","Predoiu","protest","recorder","Voineag"],"articleSection":["Articole","Featured","Justi\u021bie"],"inLanguage":"en-GB","copyrightYear":"2025","copyrightHolder":{"@id":"https:\/\/buletin.de\/bucuresti\/#organization"}},{"@type":"WebPage","@id":"https:\/\/buletin.de\/bucuresti\/video-protestul-justitie-capturata-de-la-csm\/","url":"https:\/\/buletin.de\/bucuresti\/video-protestul-justitie-capturata-de-la-csm\/","name":"VIDEO | Protestul \u201eJusti\u021bie Capturat\u0103\u201d de la CSM - Buletin de Bucure\u0219ti","isPartOf":{"@id":"https:\/\/buletin.de\/bucuresti\/#website"},"primaryImageOfPage":{"@id":"https:\/\/buletin.de\/bucuresti\/video-protestul-justitie-capturata-de-la-csm\/#primaryimage"},"image":{"@id":"https:\/\/buletin.de\/bucuresti\/video-protestul-justitie-capturata-de-la-csm\/#primaryimage"},"thumbnailUrl":"https:\/\/buletin.de\/bucuresti\/wp-content\/uploads\/2025\/12\/ID328610_INQUAM_Photos_Anastasia_Ehim-scaled.jpg","datePublished":"2025-12-11T09:22:32+00:00","dateModified":"2025-12-11T09:22:33+00:00","breadcrumb":{"@id":"https:\/\/buletin.de\/bucuresti\/video-protestul-justitie-capturata-de-la-csm\/#breadcrumb"},"inLanguage":"en-GB","potentialAction":[{"@type":"ReadAction","target":["https:\/\/buletin.de\/bucuresti\/video-protestul-justitie-capturata-de-la-csm\/"]}]},{"@type":"ImageObject","inLanguage":"en-GB","@id":"https:\/\/buletin.de\/bucuresti\/video-protestul-justitie-capturata-de-la-csm\/#primaryimage","url":"https:\/\/buletin.de\/bucuresti\/wp-content\/uploads\/2025\/12\/ID328610_INQUAM_Photos_Anastasia_Ehim-scaled.jpg","contentUrl":"https:\/\/buletin.de\/bucuresti\/wp-content\/uploads\/2025\/12\/ID328610_INQUAM_Photos_Anastasia_Ehim-scaled.jpg","width":2560,"height":1707,"caption":"Foto: Inquam Photos \/ Ehim Anastasia"},{"@type":"BreadcrumbList","@id":"https:\/\/buletin.de\/bucuresti\/video-protestul-justitie-capturata-de-la-csm\/#breadcrumb","itemListElement":[{"@type":"ListItem","position":1,"name":"Acas\u0103","item":"https:\/\/buletin.de\/bucuresti\/"},{"@type":"ListItem","position":2,"name":"VIDEO | Protestul \u201eJusti\u021bie Capturat\u0103\u201d de la CSM"}]},{"@type":"WebSite","@id":"https:\/\/buletin.de\/bucuresti\/#website","url":"https:\/\/buletin.de\/bucuresti\/","name":"Buletin de Bucure\u0219ti","description":"\u0218tiri \u0219i investiga\u021bii esen\u021biale din capital\u0103","publisher":{"@id":"https:\/\/buletin.de\/bucuresti\/#organization"},"potentialAction":[{"@type":"SearchAction","target":{"@type":"EntryPoint","urlTemplate":"https:\/\/buletin.de\/bucuresti\/?s={search_term_string}"},"query-input":{"@type":"PropertyValueSpecification","valueRequired":true,"valueName":"search_term_string"}}],"inLanguage":"en-GB"},{"@type":"Organization","@id":"https:\/\/buletin.de\/bucuresti\/#organization","name":"Buletin de Bucure\u0219ti","url":"https:\/\/buletin.de\/bucuresti\/","logo":{"@type":"ImageObject","inLanguage":"en-GB","@id":"https:\/\/buletin.de\/bucuresti\/#\/schema\/logo\/image\/","url":"https:\/\/buletin.de\/bucuresti\/wp-content\/uploads\/logo-bdb-full-wide-vernil-transparent.png","contentUrl":"https:\/\/buletin.de\/bucuresti\/wp-content\/uploads\/logo-bdb-full-wide-vernil-transparent.png","width":1782,"height":626,"caption":"Buletin de Bucure\u0219ti"},"image":{"@id":"https:\/\/buletin.de\/bucuresti\/#\/schema\/logo\/image\/"},"sameAs":["https:\/\/www.facebook.com\/buletin.de.buc","https:\/\/www.instagram.com\/buletinde.bucuresti\/"]},{"@type":"Person","@id":"https:\/\/buletin.de\/bucuresti\/#\/schema\/person\/b0686d7a8b666c6afc78239777fd8a89","name":"Florin R\u00e2\u0219teiu","image":{"@type":"ImageObject","inLanguage":"en-GB","@id":"https:\/\/buletin.de\/bucuresti\/wp-content\/uploads\/Florin-Rasteiu-96x96.jpgf0a6fe28453aa12f0a60e4d0a2e3a78c","url":"https:\/\/buletin.de\/bucuresti\/wp-content\/uploads\/Florin-Rasteiu-96x96.jpg","contentUrl":"https:\/\/buletin.de\/bucuresti\/wp-content\/uploads\/Florin-Rasteiu-96x96.jpg","caption":"Florin R\u00e2\u0219teiu"},"description":"Jurnalist de investiga\u021bie. Lucreaz\u0103 de aproape 6 ani la Buletin de Bucure\u0219ti, unde a publicat articole care scot la suprafa\u021b\u0103 corup\u021bia din Capital\u0103. Analizeaz\u0103 baze de date zilnic \u0219i scoate pove\u0219ti din exceluri pline de cifre. Pune reflectorul pe adev\u0103r cu fiecare ocazie. A c\u00e2\u0219tigat premiul I la categoria Pres\u0103 Local\u0103 \u00een 2025 \u0219i locul al II-lea la aceea\u0219i categorie \u00een 2024 \u00een cadrul Premiilor Superscrieri pentru jurnalism independent.","url":"https:\/\/buletin.de\/bucuresti\/author\/florinrasteiu\/"}]}},"authors":[{"term_id":22576,"user_id":17,"is_guest":0,"slug":"florinrasteiu","display_name":"Florin R\u00e2\u0219teiu","avatar_url":"https:\/\/buletin.de\/bucuresti\/wp-content\/uploads\/Florin-Rasteiu-96x96.jpg","0":null,"1":"","2":"","3":"","4":"","5":"","6":"","7":"","8":""}],"_links":{"self":[{"href":"https:\/\/buletin.de\/bucuresti\/wp-json\/wp\/v2\/posts\/161926","targetHints":{"allow":["GET"]}}],"collection":[{"href":"https:\/\/buletin.de\/bucuresti\/wp-json\/wp\/v2\/posts"}],"about":[{"href":"https:\/\/buletin.de\/bucuresti\/wp-json\/wp\/v2\/types\/post"}],"author":[{"embeddable":true,"href":"https:\/\/buletin.de\/bucuresti\/wp-json\/wp\/v2\/users\/17"}],"replies":[{"embeddable":true,"href":"https:\/\/buletin.de\/bucuresti\/wp-json\/wp\/v2\/comments?post=161926"}],"version-history":[{"count":4,"href":"https:\/\/buletin.de\/bucuresti\/wp-json\/wp\/v2\/posts\/161926\/revisions"}],"predecessor-version":[{"id":161963,"href":"https:\/\/buletin.de\/bucuresti\/wp-json\/wp\/v2\/posts\/161926\/revisions\/161963"}],"wp:featuredmedia":[{"embeddable":true,"href":"https:\/\/buletin.de\/bucuresti\/wp-json\/wp\/v2\/media\/161932"}],"wp:attachment":[{"href":"https:\/\/buletin.de\/bucuresti\/wp-json\/wp\/v2\/media?parent=161926"}],"wp:term":[{"taxonomy":"category","embeddable":true,"href":"https:\/\/buletin.de\/bucuresti\/wp-json\/wp\/v2\/categories?post=161926"},{"taxonomy":"post_tag","embeddable":true,"href":"https:\/\/buletin.de\/bucuresti\/wp-json\/wp\/v2\/tags?post=161926"},{"taxonomy":"author","embeddable":true,"href":"https:\/\/buletin.de\/bucuresti\/wp-json\/wp\/v2\/ppma_author?post=161926"}],"curies":[{"name":"wp","href":"https:\/\/api.w.org\/{rel}","templated":true}]}}