{"id":161916,"date":"2025-12-11T13:08:36","date_gmt":"2025-12-11T10:08:36","guid":{"rendered":"https:\/\/buletin.de\/bucuresti\/?p=161916"},"modified":"2025-12-11T14:39:41","modified_gmt":"2025-12-11T11:39:41","slug":"primaria-sectorului-1-vrea-sa-demoleze-caminul-de-batrani-si-biserica-din-straulesti-pentru-a-face-loc-unei-sali-polivalente-cu-15-000-de-locuri","status":"publish","type":"post","link":"https:\/\/buletin.de\/bucuresti\/primaria-sectorului-1-vrea-sa-demoleze-caminul-de-batrani-si-biserica-din-straulesti-pentru-a-face-loc-unei-sali-polivalente-cu-15-000-de-locuri\/","title":{"rendered":"Prim\u0103ria Sectorului 1 vrea s\u0103 demoleze c\u0103minul de b\u0103tr\u00e2ni \u0219i biserica din Str\u0103ule\u0219ti pentru a face loc unei s\u0103li polivalente cu 15.000 de locuri"},"content":{"rendered":"\n<p><strong>Prim\u0103ria Sectorului 1 vrea s\u0103 demoleze biserica Sf\u00e2ntul Vasile Str\u0103ule\u0219ti \u0219i c\u0103minul de b\u0103tr\u00e2ni din apropierea acesteia, pentru a construi o sal\u0103 polivalent\u0103 cu 15.000 de locuri, potrivit unui studiu de prefezabilitate supus la vot \u00een \u0219edin\u021ba Consiliului Local de joi, 11 decembrie.<\/strong><\/p>\n\n\n\n<p><strong>UPDATE<\/strong>: Proiectul a fost adoptat, cu 25 de voturi pentru.<\/p>\n\n\n\n<hr class=\"wp-block-separator has-alpha-channel-opacity\"\/>\n\n\n\n<p>Demolarea complexului de servicii sociale \u0219i a bisericii din Str\u0103ule\u0219ti a mai fost adus\u0103 \u00een discu\u021bie de fostul primar al Sectorului 1, Dan Tudorache, care promitea construirea Spitalului \u201eSf. Vasile Cel Mare\u201d pe acest teren.<\/p>\n\n\n\n<p><strong>CITE\u0218TE \u0218I: <a href=\"https:\/\/buletin.de\/bucuresti\/spitalul-sf-vasile-din-sectorul-1-proiect-abandonat-fantasmagoria-lui-dan-tudorache-a-costat-34-de-milioane-de-lei-din-banii-bucurestenilor\/\" target=\"_blank\" rel=\"noreferrer noopener\">Spitalul Sf. Vasile din Sectorul 1, proiect abandonat | Fantasmagoria lui Dan Tudorache a costat 34 de milioane de lei din banii bucure\u0219tenilor<\/a><\/strong><\/p>\n\n\n\n<h2 class=\"wp-block-heading\" id=\"h-ce-se-va-construi-pe-terenul-unde-se-afla-caminul-de-batrani-\u0219i-biserica-din-straule\u0219ti\">Ce se va construi pe terenul unde se afl\u0103 c\u0103minul de b\u0103tr\u00e2ni \u0219i biserica din Str\u0103ule\u0219ti<\/h2>\n\n\n\n<p><strong>Pentru construirea s\u0103lii polivalente este propus un teren de peste 70.000 de metri p\u0103tra\u021bi, situat pe \u0218oseaua Bucure\u0219ti-T\u00e2rgovi\u0219te nr. 10.<\/strong><\/p>\n\n\n\n<p>\u00cen prezent, acesta este ocupat de un c\u0103min de b\u0103tr\u00e2ni, format din cinci corpuri, precum \u0219i de biserica Sf\u00e2ntul Vasile cel Mare.<\/p>\n\n\n\n<p>\u00cen cadrul studiului de prefezabilitate, au fost propuse trei scenarii. Toate presupun demolarea construc\u021biilor existente. <\/p>\n\n\n\n<p><strong>L\u0103ca\u0219ul de cult ar urma s\u0103 fie mutat \u0219i integrat \u00een proiectul s\u0103lii polivalente, \u00een timp ce complexul social Str\u0103ule\u0219ti ar urma s\u0103 fie relocat pe un alt amplasament, se precizeaz\u0103 \u00een <a href=\"https:\/\/primariasector1.ro\/sectiunea\/convocator-sedinte-consiliul-local\/\">documentul consultat de Buletin de Bucure\u0219ti<\/a>. Nic\u0103ieri \u00een proiect nu este men\u021bionat\u0103 \u0219i loca\u021bia unde vor fi transfera\u021bi v\u00e2rstnicii.<\/strong><\/p>\n\n\n\n<p><strong>CITE\u0218TE \u0218I: <a href=\"https:\/\/buletin.de\/bucuresti\/editorial-factura-coruptiei-se-plateste-in-ore-pierdute-in-trafic-frig-in-case-boli-de-inima-si-de-plamani-prescriptia-lor-este-condamnarea-noastra\/\" target=\"_blank\" rel=\"noreferrer noopener\">EDITORIAL | Factura corup\u021biei se pl\u0103te\u0219te \u00een ore pierdute \u00een trafic, frig \u00een case, boli de inim\u0103 \u0219i de pl\u0103m\u00e2ni. Prescrip\u021bia lor este condamnarea noastr\u0103<\/a><\/strong><\/p>\n\n\n\n<h2 class=\"wp-block-heading\" id=\"h-cum-arata-sala-polivalenta-propusa-de-primaria-sectorului-1\">Cum arat\u0103 sala polivalent\u0103 propus\u0103 de Prim\u0103ria Sectorului 1<\/h2>\n\n\n\n<p><strong>Sala polivalent\u0103 propus\u0103 ar urma s\u0103 aib\u0103 dou\u0103 etaje \u0219i o capacitate de circa 15.000 locuri. Aici ar urma s\u0103 fie organizate evenimente \u0219i competi\u021bii sportive, culturale (concerte, spectacole, expozi\u021bii) sau chiar corporative (conferin\u021be, t\u00e2rguri, sesiuni de formare).<\/strong><\/p>\n\n\n\n<p>\u00cen plus, sala polivalent\u0103 ar urma s\u0103 cuprind\u0103 \u0219i un bazin de \u00eenot olimpic, precum \u0219i o sal\u0103 de conferin\u021be, fiecare cu o capacitate de aproximativ 1.500 de locuri.<\/p>\n\n\n\n<p>Totodat\u0103, pe mai bine de jum\u0103tate din suprafa\u021ba terenului ar urma s\u0103 fie amenajat un parc de peste patru hectare. \u00cen acest caz, sunt propuse spa\u021bii verzi, locuri de joac\u0103 sau foi\u0219oare de evenimente \u00een aer liber.<\/p>\n\n\n\n<p>\u00cen privin\u021ba conectivit\u0103\u021bii, proiectul include \u0219i realizarea unei unui sistem de accese auto, pietonale \u0219i platforme auto: alveol\u0103 STB, pasaj subteran, promenad\u0103 \u00een lungul infrastructurii auto \u0219i pietonale existente care face leg\u0103tura \u00eentre noua sal\u0103 polivalent\u0103 \u0219i parcajul supraetajat existent \u00een nodul intermodal Str\u0103ule\u0219ti, cu o suprafa\u021b\u0103 de aproape 11.200 de metri p\u0103tra\u021bi.<\/p>\n\n\n\n<p>De asemenea, este propus\u0103 \u0219i construirea unei parc\u0103ri subterane cu o capacitate de 700 de locuri.<\/p>\n\n\n\n<p><strong>Proiectul de hot\u0103r\u00e2re consultat de Buletin de Bucure\u0219ti omite detalii esen\u021biale precum costul \u0219i durata de realizarea a investi\u021biei. <\/strong> <\/p>\n\n\n\n<p>Studiul de prefezabilitate a fost \u00eentocmit de Compania de Investi\u021bii \u0219i Dezvoltare Sector 1 SA, o societate din subordinea Consiliului Local al Sectorului 1, \u00eens\u0103 nu a fost publicat pe site-ul Prim\u0103riei Sectorului 1, al\u0103turi de proiectul de hot\u0103r\u00e2re supus la vot.<\/p>\n\n\n\n<h2 class=\"wp-block-heading\" id=\"h-spitalul-fantoma-al-fostul-primar-dan-tudorache\">\u201eSpitalul-fantom\u0103\u201d al fostul primar Dan Tudorache<\/h2>\n\n\n\n<p><strong>Nu este prima dat\u0103 c\u00e2nd Prim\u0103ria Sectorului 1 vrea s\u0103 demoleze biserica Sf\u00e2ntul Vasile Str\u0103ule\u0219ti \u0219i c\u0103minul de b\u0103tr\u00e2ni din apropierea acesteia. Un proiect similar a fost propus de fostul primar al Sectorului 1, Dan Tudorache, condamnat definitiv pentru corup\u021bie, a\u0219a cum a scris Buletin de Bucure\u0219ti <a href=\"https:\/\/buletin.de\/bucuresti\/primarul-sectorului-1-vrea-sa-demoleze-un-camin-de-batrani-din-straulesti-focar-covid-19-desi-l-a-reparat-anul-trecut\/\">aici<\/a>.<\/strong><\/p>\n\n\n\n<p>Spre finalul mandatului s\u0103u, \u00een plin\u0103 campanie electoral\u0103, social-democratul a propus demolarea complexului social Str\u0103ule\u0219ti \u0219i a l\u0103ca\u0219ului de cult, pentru a face loc proiectului s\u0103u \u201ede suflet\u201d, Spitalul de Urgen\u021b\u0103 \u201eSf\u00e2ntul Vasile\u201d, care fusese promovat ca fiind deja construit pe posturile de televiziune.<\/p>\n\n\n\n<p>Dup\u0103 ce a pierdut alegerile locale din 2020 \u00een fa\u021ba contracandidatei sale Clotilde Armand, proiectul construirii Spitalului a fost abandonat, \u00eens\u0103 nu \u00eenainte ca peste 30 milioane de lei, bani publici, s\u0103 fie irosite.<\/p>\n\n\n\n<p><strong>CITE\u0218TE \u0218I:<\/strong> <strong><a href=\"https:\/\/buletin.de\/bucuresti\/primarul-sectorului-1-vrea-sa-demoleze-un-camin-de-batrani-din-straulesti-focar-covid-19-desi-l-a-reparat-anul-trecut\/\">Primarul sectorului 1 vrea s\u0103 demoleze un c\u0103min de b\u0103tr\u00e2ni din Str\u0103ule\u0219ti, focar COVID-19, de\u0219i l-a reparat anul trecut<\/a><\/strong><\/p>\n","protected":false},"excerpt":{"rendered":"<p>Prim\u0103ria Sectorului 1 vrea s\u0103 demoleze biserica Sf\u00e2ntul Vasile Str\u0103ule\u0219ti \u0219i c\u0103minul de b\u0103tr\u00e2ni din apropierea acesteia, pentru a construi o sal\u0103 polivalent\u0103 cu 15.000 de locuri, potrivit unui studiu de prefezabilitate supus la vot \u00een \u0219edin\u021ba Consiliului Local de joi, 11 decembrie. UPDATE: Proiectul a fost adoptat, cu 25 de voturi pentru. Demolarea complexului [&hellip;]<\/p>\n","protected":false},"author":55,"featured_media":161968,"comment_status":"closed","ping_status":"open","sticky":false,"template":"","format":"standard","meta":{"_acf_changed":false,"inline_featured_image":false,"ngg_post_thumbnail":0,"footnotes":""},"categories":[6994,5762,24],"tags":[25086,25085,663,163,6855,308],"ppma_author":[22573],"class_list":["post-161916","post","type-post","status-publish","format-standard","has-post-thumbnail","hentry","category-stiri-2","category-main","category-primarie","tag-biserica-sfantul-vasile","tag-camin-de-batrani-straulesti","tag-dan-tudorache","tag-demolare","tag-sala-polivalenta","tag-sector-1"],"acf":[],"yoast_head":"<!-- This site is optimized with the Yoast SEO Premium plugin v25.3 (Yoast SEO v27.4) - https:\/\/yoast.com\/product\/yoast-seo-premium-wordpress\/ -->\n<title>Prim\u0103ria Sectorului 1 vrea s\u0103 demoleze c\u0103minul de b\u0103tr\u00e2ni \u0219i biserica din Str\u0103ule\u0219ti pentru a face loc unei s\u0103li polivalente cu 15.000 de locuri - Buletin de Bucure\u0219ti<\/title>\n<meta name=\"description\" content=\"Prim\u0103ria Sectorului 1 ar urma s\u0103 demoleze biserica Sf\u00e2ntul Vasile Str\u0103ule\u0219ti \u0219i c\u0103minul de b\u0103tr\u00e2ni din apropierea acesteia.\" \/>\n<meta name=\"robots\" content=\"index, follow, max-snippet:-1, max-image-preview:large, max-video-preview:-1\" \/>\n<link rel=\"canonical\" href=\"https:\/\/buletin.de\/bucuresti\/primaria-sectorului-1-vrea-sa-demoleze-caminul-de-batrani-si-biserica-din-straulesti-pentru-a-face-loc-unei-sali-polivalente-cu-15-000-de-locuri\/\" \/>\n<meta property=\"og:locale\" content=\"en_GB\" \/>\n<meta property=\"og:type\" content=\"article\" \/>\n<meta property=\"og:title\" content=\"Prim\u0103ria Sectorului 1 vrea s\u0103 demoleze c\u0103minul de b\u0103tr\u00e2ni \u0219i biserica din Str\u0103ule\u0219ti pentru a face loc unei s\u0103li polivalente cu 15.000 de locuri\" \/>\n<meta property=\"og:description\" content=\"Prim\u0103ria Sectorului 1 ar urma s\u0103 demoleze biserica Sf\u00e2ntul Vasile Str\u0103ule\u0219ti \u0219i c\u0103minul de b\u0103tr\u00e2ni din apropierea acesteia.\" \/>\n<meta property=\"og:url\" content=\"https:\/\/buletin.de\/bucuresti\/primaria-sectorului-1-vrea-sa-demoleze-caminul-de-batrani-si-biserica-din-straulesti-pentru-a-face-loc-unei-sali-polivalente-cu-15-000-de-locuri\/\" \/>\n<meta property=\"og:site_name\" content=\"Buletin de Bucure\u0219ti\" \/>\n<meta property=\"article:publisher\" content=\"https:\/\/www.facebook.com\/buletin.de.buc\" \/>\n<meta property=\"article:published_time\" content=\"2025-12-11T10:08:36+00:00\" \/>\n<meta property=\"article:modified_time\" content=\"2025-12-11T11:39:41+00:00\" \/>\n<meta property=\"og:image\" content=\"https:\/\/buletin.de\/bucuresti\/wp-content\/uploads\/2025\/12\/Screenshot_2d-1-1000x454.png\" \/>\n\t<meta property=\"og:image:width\" content=\"1000\" \/>\n\t<meta property=\"og:image:height\" content=\"454\" \/>\n\t<meta property=\"og:image:type\" content=\"image\/png\" \/>\n<meta name=\"author\" content=\"Andreea Tudor\" \/>\n<meta name=\"twitter:card\" content=\"summary_large_image\" \/>\n<meta name=\"twitter:label1\" content=\"Written by\" \/>\n\t<meta name=\"twitter:data1\" content=\"Andreea Tudor\" \/>\n\t<meta name=\"twitter:label2\" content=\"Estimated reading time\" \/>\n\t<meta name=\"twitter:data2\" content=\"4 minutes\" \/>\n<script type=\"application\/ld+json\" class=\"yoast-schema-graph\">{\"@context\":\"https:\\\/\\\/schema.org\",\"@graph\":[{\"@type\":\"Article\",\"@id\":\"https:\\\/\\\/buletin.de\\\/bucuresti\\\/primaria-sectorului-1-vrea-sa-demoleze-caminul-de-batrani-si-biserica-din-straulesti-pentru-a-face-loc-unei-sali-polivalente-cu-15-000-de-locuri\\\/#article\",\"isPartOf\":{\"@id\":\"https:\\\/\\\/buletin.de\\\/bucuresti\\\/primaria-sectorului-1-vrea-sa-demoleze-caminul-de-batrani-si-biserica-din-straulesti-pentru-a-face-loc-unei-sali-polivalente-cu-15-000-de-locuri\\\/\"},\"author\":{\"name\":\"Andreea Tudor\",\"@id\":\"https:\\\/\\\/buletin.de\\\/bucuresti\\\/#\\\/schema\\\/person\\\/150590659efde715459d159da012f501\"},\"headline\":\"Prim\u0103ria Sectorului 1 vrea s\u0103 demoleze c\u0103minul de b\u0103tr\u00e2ni \u0219i biserica din Str\u0103ule\u0219ti pentru a face loc unei s\u0103li polivalente cu 15.000 de locuri\",\"datePublished\":\"2025-12-11T10:08:36+00:00\",\"dateModified\":\"2025-12-11T11:39:41+00:00\",\"mainEntityOfPage\":{\"@id\":\"https:\\\/\\\/buletin.de\\\/bucuresti\\\/primaria-sectorului-1-vrea-sa-demoleze-caminul-de-batrani-si-biserica-din-straulesti-pentru-a-face-loc-unei-sali-polivalente-cu-15-000-de-locuri\\\/\"},\"wordCount\":766,\"publisher\":{\"@id\":\"https:\\\/\\\/buletin.de\\\/bucuresti\\\/#organization\"},\"image\":{\"@id\":\"https:\\\/\\\/buletin.de\\\/bucuresti\\\/primaria-sectorului-1-vrea-sa-demoleze-caminul-de-batrani-si-biserica-din-straulesti-pentru-a-face-loc-unei-sali-polivalente-cu-15-000-de-locuri\\\/#primaryimage\"},\"thumbnailUrl\":\"https:\\\/\\\/buletin.de\\\/bucuresti\\\/wp-content\\\/uploads\\\/2025\\\/12\\\/Screenshot_2d-1.png\",\"keywords\":[\"biserica sfantul vasile\",\"camin de batrani straulesti\",\"dan tudorache\",\"demolare\",\"sala polivalenta\",\"Sector 1\"],\"articleSection\":[\"Articole\",\"Main\",\"Prim\u0103rie\"],\"inLanguage\":\"en-GB\",\"copyrightYear\":\"2025\",\"copyrightHolder\":{\"@id\":\"https:\\\/\\\/buletin.de\\\/bucuresti\\\/#organization\"}},{\"@type\":\"WebPage\",\"@id\":\"https:\\\/\\\/buletin.de\\\/bucuresti\\\/primaria-sectorului-1-vrea-sa-demoleze-caminul-de-batrani-si-biserica-din-straulesti-pentru-a-face-loc-unei-sali-polivalente-cu-15-000-de-locuri\\\/\",\"url\":\"https:\\\/\\\/buletin.de\\\/bucuresti\\\/primaria-sectorului-1-vrea-sa-demoleze-caminul-de-batrani-si-biserica-din-straulesti-pentru-a-face-loc-unei-sali-polivalente-cu-15-000-de-locuri\\\/\",\"name\":\"Prim\u0103ria Sectorului 1 vrea s\u0103 demoleze c\u0103minul de b\u0103tr\u00e2ni \u0219i biserica din Str\u0103ule\u0219ti pentru a face loc unei s\u0103li polivalente cu 15.000 de locuri - Buletin de Bucure\u0219ti\",\"isPartOf\":{\"@id\":\"https:\\\/\\\/buletin.de\\\/bucuresti\\\/#website\"},\"primaryImageOfPage\":{\"@id\":\"https:\\\/\\\/buletin.de\\\/bucuresti\\\/primaria-sectorului-1-vrea-sa-demoleze-caminul-de-batrani-si-biserica-din-straulesti-pentru-a-face-loc-unei-sali-polivalente-cu-15-000-de-locuri\\\/#primaryimage\"},\"image\":{\"@id\":\"https:\\\/\\\/buletin.de\\\/bucuresti\\\/primaria-sectorului-1-vrea-sa-demoleze-caminul-de-batrani-si-biserica-din-straulesti-pentru-a-face-loc-unei-sali-polivalente-cu-15-000-de-locuri\\\/#primaryimage\"},\"thumbnailUrl\":\"https:\\\/\\\/buletin.de\\\/bucuresti\\\/wp-content\\\/uploads\\\/2025\\\/12\\\/Screenshot_2d-1.png\",\"datePublished\":\"2025-12-11T10:08:36+00:00\",\"dateModified\":\"2025-12-11T11:39:41+00:00\",\"description\":\"Prim\u0103ria Sectorului 1 ar urma s\u0103 demoleze biserica Sf\u00e2ntul Vasile Str\u0103ule\u0219ti \u0219i c\u0103minul de b\u0103tr\u00e2ni din apropierea acesteia.\",\"breadcrumb\":{\"@id\":\"https:\\\/\\\/buletin.de\\\/bucuresti\\\/primaria-sectorului-1-vrea-sa-demoleze-caminul-de-batrani-si-biserica-din-straulesti-pentru-a-face-loc-unei-sali-polivalente-cu-15-000-de-locuri\\\/#breadcrumb\"},\"inLanguage\":\"en-GB\",\"potentialAction\":[{\"@type\":\"ReadAction\",\"target\":[\"https:\\\/\\\/buletin.de\\\/bucuresti\\\/primaria-sectorului-1-vrea-sa-demoleze-caminul-de-batrani-si-biserica-din-straulesti-pentru-a-face-loc-unei-sali-polivalente-cu-15-000-de-locuri\\\/\"]}]},{\"@type\":\"ImageObject\",\"inLanguage\":\"en-GB\",\"@id\":\"https:\\\/\\\/buletin.de\\\/bucuresti\\\/primaria-sectorului-1-vrea-sa-demoleze-caminul-de-batrani-si-biserica-din-straulesti-pentru-a-face-loc-unei-sali-polivalente-cu-15-000-de-locuri\\\/#primaryimage\",\"url\":\"https:\\\/\\\/buletin.de\\\/bucuresti\\\/wp-content\\\/uploads\\\/2025\\\/12\\\/Screenshot_2d-1.png\",\"contentUrl\":\"https:\\\/\\\/buletin.de\\\/bucuresti\\\/wp-content\\\/uploads\\\/2025\\\/12\\\/Screenshot_2d-1.png\",\"width\":1867,\"height\":848,\"caption\":\"Prim\u0103ria Sectorului 1 vrea s\u0103 demoleze c\u0103minul de b\u0103tr\u00e2ni \u0219i biserica din Str\u0103ule\u0219ti pentru a face loc unei s\u0103li polivalente cu 15.000 de locuri. Foto: Google Maps\"},{\"@type\":\"BreadcrumbList\",\"@id\":\"https:\\\/\\\/buletin.de\\\/bucuresti\\\/primaria-sectorului-1-vrea-sa-demoleze-caminul-de-batrani-si-biserica-din-straulesti-pentru-a-face-loc-unei-sali-polivalente-cu-15-000-de-locuri\\\/#breadcrumb\",\"itemListElement\":[{\"@type\":\"ListItem\",\"position\":1,\"name\":\"Acas\u0103\",\"item\":\"https:\\\/\\\/buletin.de\\\/bucuresti\\\/\"},{\"@type\":\"ListItem\",\"position\":2,\"name\":\"Prim\u0103ria Sectorului 1 vrea s\u0103 demoleze c\u0103minul de b\u0103tr\u00e2ni \u0219i biserica din Str\u0103ule\u0219ti pentru a face loc unei s\u0103li polivalente cu 15.000 de locuri\"}]},{\"@type\":\"WebSite\",\"@id\":\"https:\\\/\\\/buletin.de\\\/bucuresti\\\/#website\",\"url\":\"https:\\\/\\\/buletin.de\\\/bucuresti\\\/\",\"name\":\"Buletin de Bucure\u0219ti\",\"description\":\"\u0218tiri \u0219i investiga\u021bii esen\u021biale din capital\u0103\",\"publisher\":{\"@id\":\"https:\\\/\\\/buletin.de\\\/bucuresti\\\/#organization\"},\"potentialAction\":[{\"@type\":\"SearchAction\",\"target\":{\"@type\":\"EntryPoint\",\"urlTemplate\":\"https:\\\/\\\/buletin.de\\\/bucuresti\\\/?s={search_term_string}\"},\"query-input\":{\"@type\":\"PropertyValueSpecification\",\"valueRequired\":true,\"valueName\":\"search_term_string\"}}],\"inLanguage\":\"en-GB\"},{\"@type\":\"Organization\",\"@id\":\"https:\\\/\\\/buletin.de\\\/bucuresti\\\/#organization\",\"name\":\"Buletin de Bucure\u0219ti\",\"url\":\"https:\\\/\\\/buletin.de\\\/bucuresti\\\/\",\"logo\":{\"@type\":\"ImageObject\",\"inLanguage\":\"en-GB\",\"@id\":\"https:\\\/\\\/buletin.de\\\/bucuresti\\\/#\\\/schema\\\/logo\\\/image\\\/\",\"url\":\"https:\\\/\\\/buletin.de\\\/bucuresti\\\/wp-content\\\/uploads\\\/logo-bdb-full-wide-vernil-transparent.png\",\"contentUrl\":\"https:\\\/\\\/buletin.de\\\/bucuresti\\\/wp-content\\\/uploads\\\/logo-bdb-full-wide-vernil-transparent.png\",\"width\":1782,\"height\":626,\"caption\":\"Buletin de Bucure\u0219ti\"},\"image\":{\"@id\":\"https:\\\/\\\/buletin.de\\\/bucuresti\\\/#\\\/schema\\\/logo\\\/image\\\/\"},\"sameAs\":[\"https:\\\/\\\/www.facebook.com\\\/buletin.de.buc\",\"https:\\\/\\\/www.instagram.com\\\/buletinde.bucuresti\\\/\"]},{\"@type\":\"Person\",\"@id\":\"https:\\\/\\\/buletin.de\\\/bucuresti\\\/#\\\/schema\\\/person\\\/150590659efde715459d159da012f501\",\"name\":\"Andreea Tudor\",\"image\":{\"@type\":\"ImageObject\",\"inLanguage\":\"en-GB\",\"@id\":\"https:\\\/\\\/secure.gravatar.com\\\/avatar\\\/a88705a186ab0b67f3349bcbced506c09e37256fbaad0e7f3bd1a79b4599f589?s=96&d=monsterid&r=g79290610aa1a65c2b86eebc2ca5aee8f\",\"url\":\"https:\\\/\\\/secure.gravatar.com\\\/avatar\\\/a88705a186ab0b67f3349bcbced506c09e37256fbaad0e7f3bd1a79b4599f589?s=96&d=monsterid&r=g\",\"contentUrl\":\"https:\\\/\\\/secure.gravatar.com\\\/avatar\\\/a88705a186ab0b67f3349bcbced506c09e37256fbaad0e7f3bd1a79b4599f589?s=96&d=monsterid&r=g\",\"caption\":\"Andreea Tudor\"},\"description\":\"N\u0103scut\u0103 \u0219i crescut\u0103 \u00een Bucure\u0219ti, sus\u021bin\u0103toare a presei independente. A\u0219a am ajuns redactor la Buletin de Bucure\u0219ti. Fiind eu, \u00eens\u0103mi, parte a sistemului de \u00eenv\u0103\u021b\u0103m\u00e2nt rom\u00e2nesc \u0219i pasionat\u0103 de domeniul social, pun sub lup\u0103 tot ceea ce se \u00eent\u00e2mpl\u0103 \u00een sfera educa\u021biei. Cred cu t\u0103rie c\u0103 presa \u201epentru cet\u0103\u021beni\u201d este presa independent\u0103. Oamenii au nevoie de o informare corect\u0103 pentru a \u00een\u021belege pe deplin ce se \u00eent\u00e2mpl\u0103 \u00een jurul lor \u0219i pentru a lua ac\u021biune \u00eempotriva nedrept\u0103\u021bilor.\",\"url\":\"https:\\\/\\\/buletin.de\\\/bucuresti\\\/author\\\/andreeatudor\\\/\"}]}<\/script>\n<!-- \/ Yoast SEO Premium plugin. -->","yoast_head_json":{"title":"Prim\u0103ria Sectorului 1 vrea s\u0103 demoleze c\u0103minul de b\u0103tr\u00e2ni \u0219i biserica din Str\u0103ule\u0219ti pentru a face loc unei s\u0103li polivalente cu 15.000 de locuri - Buletin de Bucure\u0219ti","description":"Prim\u0103ria Sectorului 1 ar urma s\u0103 demoleze biserica Sf\u00e2ntul Vasile Str\u0103ule\u0219ti \u0219i c\u0103minul de b\u0103tr\u00e2ni din apropierea acesteia.","robots":{"index":"index","follow":"follow","max-snippet":"max-snippet:-1","max-image-preview":"max-image-preview:large","max-video-preview":"max-video-preview:-1"},"canonical":"https:\/\/buletin.de\/bucuresti\/primaria-sectorului-1-vrea-sa-demoleze-caminul-de-batrani-si-biserica-din-straulesti-pentru-a-face-loc-unei-sali-polivalente-cu-15-000-de-locuri\/","og_locale":"en_GB","og_type":"article","og_title":"Prim\u0103ria Sectorului 1 vrea s\u0103 demoleze c\u0103minul de b\u0103tr\u00e2ni \u0219i biserica din Str\u0103ule\u0219ti pentru a face loc unei s\u0103li polivalente cu 15.000 de locuri","og_description":"Prim\u0103ria Sectorului 1 ar urma s\u0103 demoleze biserica Sf\u00e2ntul Vasile Str\u0103ule\u0219ti \u0219i c\u0103minul de b\u0103tr\u00e2ni din apropierea acesteia.","og_url":"https:\/\/buletin.de\/bucuresti\/primaria-sectorului-1-vrea-sa-demoleze-caminul-de-batrani-si-biserica-din-straulesti-pentru-a-face-loc-unei-sali-polivalente-cu-15-000-de-locuri\/","og_site_name":"Buletin de Bucure\u0219ti","article_publisher":"https:\/\/www.facebook.com\/buletin.de.buc","article_published_time":"2025-12-11T10:08:36+00:00","article_modified_time":"2025-12-11T11:39:41+00:00","og_image":[{"width":1000,"height":454,"url":"https:\/\/buletin.de\/bucuresti\/wp-content\/uploads\/2025\/12\/Screenshot_2d-1-1000x454.png","type":"image\/png"}],"author":"Andreea Tudor","twitter_card":"summary_large_image","twitter_misc":{"Written by":"Andreea Tudor","Estimated reading time":"4 minutes"},"schema":{"@context":"https:\/\/schema.org","@graph":[{"@type":"Article","@id":"https:\/\/buletin.de\/bucuresti\/primaria-sectorului-1-vrea-sa-demoleze-caminul-de-batrani-si-biserica-din-straulesti-pentru-a-face-loc-unei-sali-polivalente-cu-15-000-de-locuri\/#article","isPartOf":{"@id":"https:\/\/buletin.de\/bucuresti\/primaria-sectorului-1-vrea-sa-demoleze-caminul-de-batrani-si-biserica-din-straulesti-pentru-a-face-loc-unei-sali-polivalente-cu-15-000-de-locuri\/"},"author":{"name":"Andreea Tudor","@id":"https:\/\/buletin.de\/bucuresti\/#\/schema\/person\/150590659efde715459d159da012f501"},"headline":"Prim\u0103ria Sectorului 1 vrea s\u0103 demoleze c\u0103minul de b\u0103tr\u00e2ni \u0219i biserica din Str\u0103ule\u0219ti pentru a face loc unei s\u0103li polivalente cu 15.000 de locuri","datePublished":"2025-12-11T10:08:36+00:00","dateModified":"2025-12-11T11:39:41+00:00","mainEntityOfPage":{"@id":"https:\/\/buletin.de\/bucuresti\/primaria-sectorului-1-vrea-sa-demoleze-caminul-de-batrani-si-biserica-din-straulesti-pentru-a-face-loc-unei-sali-polivalente-cu-15-000-de-locuri\/"},"wordCount":766,"publisher":{"@id":"https:\/\/buletin.de\/bucuresti\/#organization"},"image":{"@id":"https:\/\/buletin.de\/bucuresti\/primaria-sectorului-1-vrea-sa-demoleze-caminul-de-batrani-si-biserica-din-straulesti-pentru-a-face-loc-unei-sali-polivalente-cu-15-000-de-locuri\/#primaryimage"},"thumbnailUrl":"https:\/\/buletin.de\/bucuresti\/wp-content\/uploads\/2025\/12\/Screenshot_2d-1.png","keywords":["biserica sfantul vasile","camin de batrani straulesti","dan tudorache","demolare","sala polivalenta","Sector 1"],"articleSection":["Articole","Main","Prim\u0103rie"],"inLanguage":"en-GB","copyrightYear":"2025","copyrightHolder":{"@id":"https:\/\/buletin.de\/bucuresti\/#organization"}},{"@type":"WebPage","@id":"https:\/\/buletin.de\/bucuresti\/primaria-sectorului-1-vrea-sa-demoleze-caminul-de-batrani-si-biserica-din-straulesti-pentru-a-face-loc-unei-sali-polivalente-cu-15-000-de-locuri\/","url":"https:\/\/buletin.de\/bucuresti\/primaria-sectorului-1-vrea-sa-demoleze-caminul-de-batrani-si-biserica-din-straulesti-pentru-a-face-loc-unei-sali-polivalente-cu-15-000-de-locuri\/","name":"Prim\u0103ria Sectorului 1 vrea s\u0103 demoleze c\u0103minul de b\u0103tr\u00e2ni \u0219i biserica din Str\u0103ule\u0219ti pentru a face loc unei s\u0103li polivalente cu 15.000 de locuri - Buletin de Bucure\u0219ti","isPartOf":{"@id":"https:\/\/buletin.de\/bucuresti\/#website"},"primaryImageOfPage":{"@id":"https:\/\/buletin.de\/bucuresti\/primaria-sectorului-1-vrea-sa-demoleze-caminul-de-batrani-si-biserica-din-straulesti-pentru-a-face-loc-unei-sali-polivalente-cu-15-000-de-locuri\/#primaryimage"},"image":{"@id":"https:\/\/buletin.de\/bucuresti\/primaria-sectorului-1-vrea-sa-demoleze-caminul-de-batrani-si-biserica-din-straulesti-pentru-a-face-loc-unei-sali-polivalente-cu-15-000-de-locuri\/#primaryimage"},"thumbnailUrl":"https:\/\/buletin.de\/bucuresti\/wp-content\/uploads\/2025\/12\/Screenshot_2d-1.png","datePublished":"2025-12-11T10:08:36+00:00","dateModified":"2025-12-11T11:39:41+00:00","description":"Prim\u0103ria Sectorului 1 ar urma s\u0103 demoleze biserica Sf\u00e2ntul Vasile Str\u0103ule\u0219ti \u0219i c\u0103minul de b\u0103tr\u00e2ni din apropierea acesteia.","breadcrumb":{"@id":"https:\/\/buletin.de\/bucuresti\/primaria-sectorului-1-vrea-sa-demoleze-caminul-de-batrani-si-biserica-din-straulesti-pentru-a-face-loc-unei-sali-polivalente-cu-15-000-de-locuri\/#breadcrumb"},"inLanguage":"en-GB","potentialAction":[{"@type":"ReadAction","target":["https:\/\/buletin.de\/bucuresti\/primaria-sectorului-1-vrea-sa-demoleze-caminul-de-batrani-si-biserica-din-straulesti-pentru-a-face-loc-unei-sali-polivalente-cu-15-000-de-locuri\/"]}]},{"@type":"ImageObject","inLanguage":"en-GB","@id":"https:\/\/buletin.de\/bucuresti\/primaria-sectorului-1-vrea-sa-demoleze-caminul-de-batrani-si-biserica-din-straulesti-pentru-a-face-loc-unei-sali-polivalente-cu-15-000-de-locuri\/#primaryimage","url":"https:\/\/buletin.de\/bucuresti\/wp-content\/uploads\/2025\/12\/Screenshot_2d-1.png","contentUrl":"https:\/\/buletin.de\/bucuresti\/wp-content\/uploads\/2025\/12\/Screenshot_2d-1.png","width":1867,"height":848,"caption":"Prim\u0103ria Sectorului 1 vrea s\u0103 demoleze c\u0103minul de b\u0103tr\u00e2ni \u0219i biserica din Str\u0103ule\u0219ti pentru a face loc unei s\u0103li polivalente cu 15.000 de locuri. Foto: Google Maps"},{"@type":"BreadcrumbList","@id":"https:\/\/buletin.de\/bucuresti\/primaria-sectorului-1-vrea-sa-demoleze-caminul-de-batrani-si-biserica-din-straulesti-pentru-a-face-loc-unei-sali-polivalente-cu-15-000-de-locuri\/#breadcrumb","itemListElement":[{"@type":"ListItem","position":1,"name":"Acas\u0103","item":"https:\/\/buletin.de\/bucuresti\/"},{"@type":"ListItem","position":2,"name":"Prim\u0103ria Sectorului 1 vrea s\u0103 demoleze c\u0103minul de b\u0103tr\u00e2ni \u0219i biserica din Str\u0103ule\u0219ti pentru a face loc unei s\u0103li polivalente cu 15.000 de locuri"}]},{"@type":"WebSite","@id":"https:\/\/buletin.de\/bucuresti\/#website","url":"https:\/\/buletin.de\/bucuresti\/","name":"Buletin de Bucure\u0219ti","description":"\u0218tiri \u0219i investiga\u021bii esen\u021biale din capital\u0103","publisher":{"@id":"https:\/\/buletin.de\/bucuresti\/#organization"},"potentialAction":[{"@type":"SearchAction","target":{"@type":"EntryPoint","urlTemplate":"https:\/\/buletin.de\/bucuresti\/?s={search_term_string}"},"query-input":{"@type":"PropertyValueSpecification","valueRequired":true,"valueName":"search_term_string"}}],"inLanguage":"en-GB"},{"@type":"Organization","@id":"https:\/\/buletin.de\/bucuresti\/#organization","name":"Buletin de Bucure\u0219ti","url":"https:\/\/buletin.de\/bucuresti\/","logo":{"@type":"ImageObject","inLanguage":"en-GB","@id":"https:\/\/buletin.de\/bucuresti\/#\/schema\/logo\/image\/","url":"https:\/\/buletin.de\/bucuresti\/wp-content\/uploads\/logo-bdb-full-wide-vernil-transparent.png","contentUrl":"https:\/\/buletin.de\/bucuresti\/wp-content\/uploads\/logo-bdb-full-wide-vernil-transparent.png","width":1782,"height":626,"caption":"Buletin de Bucure\u0219ti"},"image":{"@id":"https:\/\/buletin.de\/bucuresti\/#\/schema\/logo\/image\/"},"sameAs":["https:\/\/www.facebook.com\/buletin.de.buc","https:\/\/www.instagram.com\/buletinde.bucuresti\/"]},{"@type":"Person","@id":"https:\/\/buletin.de\/bucuresti\/#\/schema\/person\/150590659efde715459d159da012f501","name":"Andreea Tudor","image":{"@type":"ImageObject","inLanguage":"en-GB","@id":"https:\/\/secure.gravatar.com\/avatar\/a88705a186ab0b67f3349bcbced506c09e37256fbaad0e7f3bd1a79b4599f589?s=96&d=monsterid&r=g79290610aa1a65c2b86eebc2ca5aee8f","url":"https:\/\/secure.gravatar.com\/avatar\/a88705a186ab0b67f3349bcbced506c09e37256fbaad0e7f3bd1a79b4599f589?s=96&d=monsterid&r=g","contentUrl":"https:\/\/secure.gravatar.com\/avatar\/a88705a186ab0b67f3349bcbced506c09e37256fbaad0e7f3bd1a79b4599f589?s=96&d=monsterid&r=g","caption":"Andreea Tudor"},"description":"N\u0103scut\u0103 \u0219i crescut\u0103 \u00een Bucure\u0219ti, sus\u021bin\u0103toare a presei independente. A\u0219a am ajuns redactor la Buletin de Bucure\u0219ti. Fiind eu, \u00eens\u0103mi, parte a sistemului de \u00eenv\u0103\u021b\u0103m\u00e2nt rom\u00e2nesc \u0219i pasionat\u0103 de domeniul social, pun sub lup\u0103 tot ceea ce se \u00eent\u00e2mpl\u0103 \u00een sfera educa\u021biei. Cred cu t\u0103rie c\u0103 presa \u201epentru cet\u0103\u021beni\u201d este presa independent\u0103. Oamenii au nevoie de o informare corect\u0103 pentru a \u00een\u021belege pe deplin ce se \u00eent\u00e2mpl\u0103 \u00een jurul lor \u0219i pentru a lua ac\u021biune \u00eempotriva nedrept\u0103\u021bilor.","url":"https:\/\/buletin.de\/bucuresti\/author\/andreeatudor\/"}]}},"authors":[{"term_id":22573,"user_id":55,"is_guest":0,"slug":"andreeatudor","display_name":"Andreea Tudor","avatar_url":"https:\/\/secure.gravatar.com\/avatar\/a88705a186ab0b67f3349bcbced506c09e37256fbaad0e7f3bd1a79b4599f589?s=96&d=monsterid&r=g","0":null,"1":"","2":"","3":"","4":"","5":"","6":"","7":"","8":""}],"_links":{"self":[{"href":"https:\/\/buletin.de\/bucuresti\/wp-json\/wp\/v2\/posts\/161916","targetHints":{"allow":["GET"]}}],"collection":[{"href":"https:\/\/buletin.de\/bucuresti\/wp-json\/wp\/v2\/posts"}],"about":[{"href":"https:\/\/buletin.de\/bucuresti\/wp-json\/wp\/v2\/types\/post"}],"author":[{"embeddable":true,"href":"https:\/\/buletin.de\/bucuresti\/wp-json\/wp\/v2\/users\/55"}],"replies":[{"embeddable":true,"href":"https:\/\/buletin.de\/bucuresti\/wp-json\/wp\/v2\/comments?post=161916"}],"version-history":[{"count":12,"href":"https:\/\/buletin.de\/bucuresti\/wp-json\/wp\/v2\/posts\/161916\/revisions"}],"predecessor-version":[{"id":161998,"href":"https:\/\/buletin.de\/bucuresti\/wp-json\/wp\/v2\/posts\/161916\/revisions\/161998"}],"wp:featuredmedia":[{"embeddable":true,"href":"https:\/\/buletin.de\/bucuresti\/wp-json\/wp\/v2\/media\/161968"}],"wp:attachment":[{"href":"https:\/\/buletin.de\/bucuresti\/wp-json\/wp\/v2\/media?parent=161916"}],"wp:term":[{"taxonomy":"category","embeddable":true,"href":"https:\/\/buletin.de\/bucuresti\/wp-json\/wp\/v2\/categories?post=161916"},{"taxonomy":"post_tag","embeddable":true,"href":"https:\/\/buletin.de\/bucuresti\/wp-json\/wp\/v2\/tags?post=161916"},{"taxonomy":"author","embeddable":true,"href":"https:\/\/buletin.de\/bucuresti\/wp-json\/wp\/v2\/ppma_author?post=161916"}],"curies":[{"name":"wp","href":"https:\/\/api.w.org\/{rel}","templated":true}]}}