{"id":161911,"date":"2025-12-11T06:58:38","date_gmt":"2025-12-11T03:58:38","guid":{"rendered":"https:\/\/buletin.de\/bucuresti\/?p=161911"},"modified":"2025-12-11T07:00:36","modified_gmt":"2025-12-11T04:00:36","slug":"elcen-vrea-o-noua-centrala-la-cet-sud-mai-puternica-decat-hidrocentrala-vidraru","status":"publish","type":"post","link":"https:\/\/buletin.de\/bucuresti\/elcen-vrea-o-noua-centrala-la-cet-sud-mai-puternica-decat-hidrocentrala-vidraru\/","title":{"rendered":"ELCEN vrea o nou\u0103 central\u0103 la CET Sud mai puternic\u0103 dec\u00e2t Hidrocentrala Vidraru"},"content":{"rendered":"\n<p><strong>Electrocentrale Bucure\u0219ti (ELCEN) anun\u021b\u0103 c\u0103 a lansat \u00een Sistemul Electronic de Achizi\u021bii Publice procedura pentru construc\u021bia unei noi centrale de cogenerare pe actualul amplasament al CET Bucure\u0219ti Sud. Investi\u021bia, estimat\u0103 la peste 2,1 miliarde de lei, adic\u0103 peste 418 milioane de euro, vizeaz\u0103 o capacitate de produc\u021bie de 275 MW. Prin compara\u021bie, aceasta este superioar\u0103 puterii instalate a Hidrocentralei Vidraru, de 220 de MW. Termenul limit\u0103 pentru depunerea ofertelor este fixat pentru 5 februarie 2026.<\/strong><\/p>\n\n\n\n<p>Noua unitate de produc\u021bie scoas\u0103 la licita\u021bie ar urma s\u0103 aib\u0103 o putere electric\u0103 de 275 MW \u0219i o capacitate termic\u0103 de 214 MW, se arat\u0103 \u00eentr-un comunicat ELCEN. Tehnologia solicitat\u0103 prin caietul de sarcini trebuie s\u0103 asigure un randament de peste 85%, fiind proiectat\u0103 s\u0103 func\u021bioneze pe gaze naturale, cu posibilitatea tehnic\u0103 teoretic\u0103 de a utiliza hidrogen \u00een amestec pe viitor. Termenul limit\u0103 pentru depunerea ofertelor a fost stabilit pentru 5 februarie 2026, iar procedura de selec\u021bie anun\u021bat\u0103 este cea a \u201edialogului competitiv\u201d.<\/p>\n\n\n\n<h2 class=\"wp-block-heading\" id=\"h-capacitate-peste-vidraru-\u0219i-peste-actualul-cet-sud\"><strong>Capacitate peste Vidraru \u0219i peste actualul CET Sud<\/strong><\/h2>\n\n\n\n<p>Investi\u021bia propus\u0103 ar modifica semnificativ capacitatea de produc\u021bie din Sudul Capitalei, dac\u0103 va ajunge la faza de execu\u021bie. Puterea electric\u0103 instalat\u0103 de 275 MW, propus\u0103 pentru noua unitate, este peste capacitatea Hidrocentralei Vidraru, care livreaz\u0103 \u00een sistemul na\u021bional 220 MW, \u00een v\u00e2rf de sarcin\u0103.<\/p>\n\n\n\n<p>Practic, ELCEN inten\u021bioneaz\u0103 s\u0103 construiasc\u0103 o facilitate termoenergetic\u0103 mai puternic\u0103 dec\u00e2t barajul de pe Arge\u0219, \u00eens\u0103 dependent\u0103 de pre\u021bul gazelor naturale.<\/p>\n\n\n\n<p>\u00cen plus, noua investi\u021bie ar dep\u0103\u0219i chiar \u0219i capacitatea actual\u0103 de func\u021bionare a centralei CET Bucure\u0219ti Sud.<\/p>\n\n\n\n<p>\u00cen prezent, vechiul colos industrial opereaz\u0103 cu o putere electric\u0103 instalat\u0103 de aproximativ 200 MW cu echipamente uzate moral \u0219i fizic.<\/p>\n\n\n\n<p>Oficialii ELCEN sus\u021bin c\u0103 randamentul global al noii instala\u021bii va dep\u0103\u0219i pragul de 85 de procente.<\/p>\n\n\n\n<h2 class=\"wp-block-heading\" id=\"h-tehnologie-pregatita-pentru-hidrogenul-inexistent\"><strong>Tehnologie preg\u0103tit\u0103 pentru hidrogenul inexistent<\/strong><\/h2>\n\n\n\n<p>Documenta\u021bia tehnic\u0103 men\u021bioneaz\u0103 c\u0103 noua central\u0103 va dispune de tehnologie \u201ehydrogen ready\u201d. Aceast\u0103 specifica\u021bie permite func\u021bionarea instala\u021biilor cu un amestec de gaze naturale \u0219i hidrogen. \u00cen prezent, \u00een Rom\u00e2nia, produc\u021bia acestui combustibil la scar\u0103 industrial\u0103 este inexistent\u0103. Capacitatea tehnic\u0103 r\u0103m\u00e2ne momentan o op\u021biune teoretic\u0103 pentru reducerea emisiilor, condi\u021bionat\u0103 de dezvoltarea, nu se \u0219tie c\u00e2nd, a unei infrastructuri paralele de transport a gazelor.<\/p>\n\n\n\n<h2 class=\"wp-block-heading\" id=\"h-finan\u021bare-din-credite-\u0219i-fonduri-europene\"><strong>Finan\u021bare din credite \u0219i fonduri europene<\/strong><\/h2>\n\n\n\n<p>Suma de peste 418 milioane de euro necesar\u0103 construc\u021biei nu provine integral din fonduri nerambursabile. ELCEN anun\u021b\u0103 c\u0103 bugetul de investi\u021bii are trei piloni financiari. O parte din bani vin din Fondul pentru Modernizare, un instrument de finan\u021bare al Uniunii Europene iar diferen\u021ba se acoper\u0103 prin credite bancare pe care compania trebuie s\u0103 le contracteze. La acestea se adaug\u0103 \u0219i surse proprii ale societ\u0103\u021bii.<\/p>\n\n\n\n<p>Noua unitate de la CET Sud reprezint\u0103 doar primul obiectiv dintr-o serie de trei proiecte anun\u021bate. ELCEN inten\u021bioneaz\u0103 s\u0103 demareze lucr\u0103ri similare \u0219i la centralele Groz\u0103ve\u0219ti \u0219i Progresu, \u00een condi\u021biile \u00een care infrastructura actual\u0103 dep\u0103\u0219e\u0219te frecvent durata normat\u0103 de via\u021b\u0103.<\/p>\n\n\n\n<p><strong>CITE\u0218TE \u0218I <a href=\"https:\/\/buletin.de\/bucuresti\/termoficare-cet-titan-va-fi-gata-in-2027-contractul-de-65-de-milioane-de-euro-a-fost-semnat-cu-un-consortiu-turcesc\/\">TERMOFICARE | Noul CET Titan va fi gata \u00een 2027: contractul de 65 de milioane de euro a fost semnat cu un consor\u0163iu turcesc<\/a><\/strong><\/p>\n","protected":false},"excerpt":{"rendered":"<p>Electrocentrale Bucure\u0219ti (ELCEN) anun\u021b\u0103 c\u0103 a lansat \u00een Sistemul Electronic de Achizi\u021bii Publice procedura pentru construc\u021bia unei noi centrale de cogenerare pe actualul amplasament al CET Bucure\u0219ti Sud. Investi\u021bia, estimat\u0103 la peste 2,1 miliarde de lei, adic\u0103 peste 418 milioane de euro, vizeaz\u0103 o capacitate de produc\u021bie de 275 MW. Prin compara\u021bie, aceasta este superioar\u0103 [&hellip;]<\/p>\n","protected":false},"author":10,"featured_media":161913,"comment_status":"closed","ping_status":"open","sticky":false,"template":"","format":"standard","meta":{"_acf_changed":false,"inline_featured_image":false,"ngg_post_thumbnail":0,"footnotes":""},"categories":[6994,5762,109,6214],"tags":[22124,1961,237,6538,25081],"ppma_author":[22575],"class_list":["post-161911","post","type-post","status-publish","format-standard","has-post-thumbnail","hentry","category-stiri-2","category-main","category-mediu","category-termo","tag-capacitate","tag-cet-sud","tag-elcen","tag-hidrogen","tag-vidraru"],"acf":[],"yoast_head":"<!-- This site is optimized with the Yoast SEO Premium plugin v25.3 (Yoast SEO v27.4) - https:\/\/yoast.com\/product\/yoast-seo-premium-wordpress\/ -->\n<title>ELCEN vrea o nou\u0103 central\u0103 la CET Sud mai puternic\u0103 dec\u00e2t Hidrocentrala Vidraru - Buletin de Bucure\u0219ti<\/title>\n<meta name=\"description\" content=\"Electrocentrale Bucure\u0219ti (ELCEN) a lansat \u00een Sistemul Electronic de Achizi\u021bii Publice procedura pentru construc\u021bia unei noi centrale de cogenerare pe amplasamentul CET Bucure\u0219ti Sud.\" \/>\n<meta name=\"robots\" content=\"index, follow, max-snippet:-1, max-image-preview:large, max-video-preview:-1\" \/>\n<link rel=\"canonical\" href=\"https:\/\/buletin.de\/bucuresti\/elcen-vrea-o-noua-centrala-la-cet-sud-mai-puternica-decat-hidrocentrala-vidraru\/\" \/>\n<meta property=\"og:locale\" content=\"en_GB\" \/>\n<meta property=\"og:type\" content=\"article\" \/>\n<meta property=\"og:title\" content=\"ELCEN vrea o nou\u0103 central\u0103 la CET Sud mai puternic\u0103 dec\u00e2t Hidrocentrala Vidraru\" \/>\n<meta property=\"og:description\" content=\"Electrocentrale Bucure\u0219ti (ELCEN) a lansat \u00een Sistemul Electronic de Achizi\u021bii Publice procedura pentru construc\u021bia unei noi centrale de cogenerare pe amplasamentul CET Bucure\u0219ti Sud.\" \/>\n<meta property=\"og:url\" content=\"https:\/\/buletin.de\/bucuresti\/elcen-vrea-o-noua-centrala-la-cet-sud-mai-puternica-decat-hidrocentrala-vidraru\/\" \/>\n<meta property=\"og:site_name\" content=\"Buletin de Bucure\u0219ti\" \/>\n<meta property=\"article:publisher\" content=\"https:\/\/www.facebook.com\/buletin.de.buc\" \/>\n<meta property=\"article:published_time\" content=\"2025-12-11T03:58:38+00:00\" \/>\n<meta property=\"article:modified_time\" content=\"2025-12-11T04:00:36+00:00\" \/>\n<meta property=\"og:image\" content=\"https:\/\/buletin.de\/bucuresti\/wp-content\/uploads\/2025\/12\/ID194812_INQUAM_Photos_Virgil_Simonescu-scaled.jpg\" \/>\n\t<meta property=\"og:image:width\" content=\"2560\" \/>\n\t<meta property=\"og:image:height\" content=\"1707\" \/>\n\t<meta property=\"og:image:type\" content=\"image\/jpeg\" \/>\n<meta name=\"author\" content=\"C\u0103t\u0103lin Dosca\u0219\" \/>\n<meta name=\"twitter:card\" content=\"summary_large_image\" \/>\n<meta name=\"twitter:label1\" content=\"Written by\" \/>\n\t<meta name=\"twitter:data1\" content=\"C\u0103t\u0103lin Dosca\u0219\" \/>\n\t<meta name=\"twitter:label2\" content=\"Estimated reading time\" \/>\n\t<meta name=\"twitter:data2\" content=\"3 minutes\" \/>\n<script type=\"application\/ld+json\" class=\"yoast-schema-graph\">{\"@context\":\"https:\\\/\\\/schema.org\",\"@graph\":[{\"@type\":\"Article\",\"@id\":\"https:\\\/\\\/buletin.de\\\/bucuresti\\\/elcen-vrea-o-noua-centrala-la-cet-sud-mai-puternica-decat-hidrocentrala-vidraru\\\/#article\",\"isPartOf\":{\"@id\":\"https:\\\/\\\/buletin.de\\\/bucuresti\\\/elcen-vrea-o-noua-centrala-la-cet-sud-mai-puternica-decat-hidrocentrala-vidraru\\\/\"},\"author\":{\"name\":\"C\u0103t\u0103lin Dosca\u0219\",\"@id\":\"https:\\\/\\\/buletin.de\\\/bucuresti\\\/#\\\/schema\\\/person\\\/31117187ed4d0bdb0a4c7d6acc79d0f8\"},\"headline\":\"ELCEN vrea o nou\u0103 central\u0103 la CET Sud mai puternic\u0103 dec\u00e2t Hidrocentrala Vidraru\",\"datePublished\":\"2025-12-11T03:58:38+00:00\",\"dateModified\":\"2025-12-11T04:00:36+00:00\",\"mainEntityOfPage\":{\"@id\":\"https:\\\/\\\/buletin.de\\\/bucuresti\\\/elcen-vrea-o-noua-centrala-la-cet-sud-mai-puternica-decat-hidrocentrala-vidraru\\\/\"},\"wordCount\":540,\"publisher\":{\"@id\":\"https:\\\/\\\/buletin.de\\\/bucuresti\\\/#organization\"},\"image\":{\"@id\":\"https:\\\/\\\/buletin.de\\\/bucuresti\\\/elcen-vrea-o-noua-centrala-la-cet-sud-mai-puternica-decat-hidrocentrala-vidraru\\\/#primaryimage\"},\"thumbnailUrl\":\"https:\\\/\\\/buletin.de\\\/bucuresti\\\/wp-content\\\/uploads\\\/2025\\\/12\\\/ID194812_INQUAM_Photos_Virgil_Simonescu-scaled.jpg\",\"keywords\":[\"capacitate\",\"cet sud\",\"elcen\",\"hidrogen\",\"vidraru\"],\"articleSection\":[\"Articole\",\"Main\",\"Mediu\",\"Termoficare\"],\"inLanguage\":\"en-GB\",\"copyrightYear\":\"2025\",\"copyrightHolder\":{\"@id\":\"https:\\\/\\\/buletin.de\\\/bucuresti\\\/#organization\"}},{\"@type\":\"WebPage\",\"@id\":\"https:\\\/\\\/buletin.de\\\/bucuresti\\\/elcen-vrea-o-noua-centrala-la-cet-sud-mai-puternica-decat-hidrocentrala-vidraru\\\/\",\"url\":\"https:\\\/\\\/buletin.de\\\/bucuresti\\\/elcen-vrea-o-noua-centrala-la-cet-sud-mai-puternica-decat-hidrocentrala-vidraru\\\/\",\"name\":\"ELCEN vrea o nou\u0103 central\u0103 la CET Sud mai puternic\u0103 dec\u00e2t Hidrocentrala Vidraru - Buletin de Bucure\u0219ti\",\"isPartOf\":{\"@id\":\"https:\\\/\\\/buletin.de\\\/bucuresti\\\/#website\"},\"primaryImageOfPage\":{\"@id\":\"https:\\\/\\\/buletin.de\\\/bucuresti\\\/elcen-vrea-o-noua-centrala-la-cet-sud-mai-puternica-decat-hidrocentrala-vidraru\\\/#primaryimage\"},\"image\":{\"@id\":\"https:\\\/\\\/buletin.de\\\/bucuresti\\\/elcen-vrea-o-noua-centrala-la-cet-sud-mai-puternica-decat-hidrocentrala-vidraru\\\/#primaryimage\"},\"thumbnailUrl\":\"https:\\\/\\\/buletin.de\\\/bucuresti\\\/wp-content\\\/uploads\\\/2025\\\/12\\\/ID194812_INQUAM_Photos_Virgil_Simonescu-scaled.jpg\",\"datePublished\":\"2025-12-11T03:58:38+00:00\",\"dateModified\":\"2025-12-11T04:00:36+00:00\",\"description\":\"Electrocentrale Bucure\u0219ti (ELCEN) a lansat \u00een Sistemul Electronic de Achizi\u021bii Publice procedura pentru construc\u021bia unei noi centrale de cogenerare pe amplasamentul CET Bucure\u0219ti Sud.\",\"breadcrumb\":{\"@id\":\"https:\\\/\\\/buletin.de\\\/bucuresti\\\/elcen-vrea-o-noua-centrala-la-cet-sud-mai-puternica-decat-hidrocentrala-vidraru\\\/#breadcrumb\"},\"inLanguage\":\"en-GB\",\"potentialAction\":[{\"@type\":\"ReadAction\",\"target\":[\"https:\\\/\\\/buletin.de\\\/bucuresti\\\/elcen-vrea-o-noua-centrala-la-cet-sud-mai-puternica-decat-hidrocentrala-vidraru\\\/\"]}]},{\"@type\":\"ImageObject\",\"inLanguage\":\"en-GB\",\"@id\":\"https:\\\/\\\/buletin.de\\\/bucuresti\\\/elcen-vrea-o-noua-centrala-la-cet-sud-mai-puternica-decat-hidrocentrala-vidraru\\\/#primaryimage\",\"url\":\"https:\\\/\\\/buletin.de\\\/bucuresti\\\/wp-content\\\/uploads\\\/2025\\\/12\\\/ID194812_INQUAM_Photos_Virgil_Simonescu-scaled.jpg\",\"contentUrl\":\"https:\\\/\\\/buletin.de\\\/bucuresti\\\/wp-content\\\/uploads\\\/2025\\\/12\\\/ID194812_INQUAM_Photos_Virgil_Simonescu-scaled.jpg\",\"width\":2560,\"height\":1707,\"caption\":\"ELCEN vrea o nou\u0103 central\u0103 la CET Sud mai puternic\u0103 dec\u00e2t Hidrocentrala Vidraru. FOTO: INQUAM PHOTOS\\\/Virgil Simonescu\"},{\"@type\":\"BreadcrumbList\",\"@id\":\"https:\\\/\\\/buletin.de\\\/bucuresti\\\/elcen-vrea-o-noua-centrala-la-cet-sud-mai-puternica-decat-hidrocentrala-vidraru\\\/#breadcrumb\",\"itemListElement\":[{\"@type\":\"ListItem\",\"position\":1,\"name\":\"Acas\u0103\",\"item\":\"https:\\\/\\\/buletin.de\\\/bucuresti\\\/\"},{\"@type\":\"ListItem\",\"position\":2,\"name\":\"ELCEN vrea o nou\u0103 central\u0103 la CET Sud mai puternic\u0103 dec\u00e2t Hidrocentrala Vidraru\"}]},{\"@type\":\"WebSite\",\"@id\":\"https:\\\/\\\/buletin.de\\\/bucuresti\\\/#website\",\"url\":\"https:\\\/\\\/buletin.de\\\/bucuresti\\\/\",\"name\":\"Buletin de Bucure\u0219ti\",\"description\":\"\u0218tiri \u0219i investiga\u021bii esen\u021biale din capital\u0103\",\"publisher\":{\"@id\":\"https:\\\/\\\/buletin.de\\\/bucuresti\\\/#organization\"},\"potentialAction\":[{\"@type\":\"SearchAction\",\"target\":{\"@type\":\"EntryPoint\",\"urlTemplate\":\"https:\\\/\\\/buletin.de\\\/bucuresti\\\/?s={search_term_string}\"},\"query-input\":{\"@type\":\"PropertyValueSpecification\",\"valueRequired\":true,\"valueName\":\"search_term_string\"}}],\"inLanguage\":\"en-GB\"},{\"@type\":\"Organization\",\"@id\":\"https:\\\/\\\/buletin.de\\\/bucuresti\\\/#organization\",\"name\":\"Buletin de Bucure\u0219ti\",\"url\":\"https:\\\/\\\/buletin.de\\\/bucuresti\\\/\",\"logo\":{\"@type\":\"ImageObject\",\"inLanguage\":\"en-GB\",\"@id\":\"https:\\\/\\\/buletin.de\\\/bucuresti\\\/#\\\/schema\\\/logo\\\/image\\\/\",\"url\":\"https:\\\/\\\/buletin.de\\\/bucuresti\\\/wp-content\\\/uploads\\\/logo-bdb-full-wide-vernil-transparent.png\",\"contentUrl\":\"https:\\\/\\\/buletin.de\\\/bucuresti\\\/wp-content\\\/uploads\\\/logo-bdb-full-wide-vernil-transparent.png\",\"width\":1782,\"height\":626,\"caption\":\"Buletin de Bucure\u0219ti\"},\"image\":{\"@id\":\"https:\\\/\\\/buletin.de\\\/bucuresti\\\/#\\\/schema\\\/logo\\\/image\\\/\"},\"sameAs\":[\"https:\\\/\\\/www.facebook.com\\\/buletin.de.buc\",\"https:\\\/\\\/www.instagram.com\\\/buletinde.bucuresti\\\/\"]},{\"@type\":\"Person\",\"@id\":\"https:\\\/\\\/buletin.de\\\/bucuresti\\\/#\\\/schema\\\/person\\\/31117187ed4d0bdb0a4c7d6acc79d0f8\",\"name\":\"C\u0103t\u0103lin Dosca\u0219\",\"image\":{\"@type\":\"ImageObject\",\"inLanguage\":\"en-GB\",\"@id\":\"https:\\\/\\\/buletin.de\\\/bucuresti\\\/wp-content\\\/uploads\\\/Catalin-Doscas-e1732731064764-96x96.jpga93e2943bb3b1c1f9ead823df6e6317a\",\"url\":\"https:\\\/\\\/buletin.de\\\/bucuresti\\\/wp-content\\\/uploads\\\/Catalin-Doscas-e1732731064764-96x96.jpg\",\"contentUrl\":\"https:\\\/\\\/buletin.de\\\/bucuresti\\\/wp-content\\\/uploads\\\/Catalin-Doscas-e1732731064764-96x96.jpg\",\"caption\":\"C\u0103t\u0103lin Dosca\u0219\"},\"description\":\"Reporter \u0219i redactor-\u0219ef Buletin de Bucure\u0219ti. Lucreaz\u0103 \u00een mass-media de la v\u00e2rsta de 15 ani, c\u00e2nd a publicat primele articole \u00een presa local\u0103 din Tecuci. \u00cen Bucure\u0219ti a lucrat \u00een redac\u021bii radio ca reporter, redactor \u0219i prezentator (StudentFM, Na\u021bionalFM, Radio Total, Smart FM), unde a acoperit domeniile politic, economic, social \u0219i externe. Ulterior, a fost editor-coordonator al postului Realitatea FM. Experien\u021ba \u00een jurnalismul online a dob\u00e2ndit-o la portalul B365.ro, unde a fost editor. \u00cen 2012 s-a angajat \u00een televiziune. La Realitatea TV a fost, pe r\u00e2nd, reporter la sec\u021bia Social, reporter special la emisiunea de reportaje \u0219i anchete \u201eReporterii Realit\u0103\u021bii\u201d, dar \u0219i editor al jurnalelor de \u0219tiri. Ulterior, a f\u0103cut parte din sec\u021bia de Investiga\u021bii de la Digi24 \u0219i a lucrat la campania \u201eRom\u00e2nia furat\u0103\u201d. A revenit \u00een presa scris\u0103 \u00een 2017, ca reporter special, \u00een cadrul unui proiect de repozi\u021bionare a tabloidului Libertatea \u00een cotidian generalist. Este jurnalist Buletin de Bucure\u0219ti din 2019.\",\"url\":\"https:\\\/\\\/buletin.de\\\/bucuresti\\\/author\\\/catalin\\\/\"}]}<\/script>\n<!-- \/ Yoast SEO Premium plugin. -->","yoast_head_json":{"title":"ELCEN vrea o nou\u0103 central\u0103 la CET Sud mai puternic\u0103 dec\u00e2t Hidrocentrala Vidraru - Buletin de Bucure\u0219ti","description":"Electrocentrale Bucure\u0219ti (ELCEN) a lansat \u00een Sistemul Electronic de Achizi\u021bii Publice procedura pentru construc\u021bia unei noi centrale de cogenerare pe amplasamentul CET Bucure\u0219ti Sud.","robots":{"index":"index","follow":"follow","max-snippet":"max-snippet:-1","max-image-preview":"max-image-preview:large","max-video-preview":"max-video-preview:-1"},"canonical":"https:\/\/buletin.de\/bucuresti\/elcen-vrea-o-noua-centrala-la-cet-sud-mai-puternica-decat-hidrocentrala-vidraru\/","og_locale":"en_GB","og_type":"article","og_title":"ELCEN vrea o nou\u0103 central\u0103 la CET Sud mai puternic\u0103 dec\u00e2t Hidrocentrala Vidraru","og_description":"Electrocentrale Bucure\u0219ti (ELCEN) a lansat \u00een Sistemul Electronic de Achizi\u021bii Publice procedura pentru construc\u021bia unei noi centrale de cogenerare pe amplasamentul CET Bucure\u0219ti Sud.","og_url":"https:\/\/buletin.de\/bucuresti\/elcen-vrea-o-noua-centrala-la-cet-sud-mai-puternica-decat-hidrocentrala-vidraru\/","og_site_name":"Buletin de Bucure\u0219ti","article_publisher":"https:\/\/www.facebook.com\/buletin.de.buc","article_published_time":"2025-12-11T03:58:38+00:00","article_modified_time":"2025-12-11T04:00:36+00:00","og_image":[{"width":2560,"height":1707,"url":"https:\/\/buletin.de\/bucuresti\/wp-content\/uploads\/2025\/12\/ID194812_INQUAM_Photos_Virgil_Simonescu-scaled.jpg","type":"image\/jpeg"}],"author":"C\u0103t\u0103lin Dosca\u0219","twitter_card":"summary_large_image","twitter_misc":{"Written by":"C\u0103t\u0103lin Dosca\u0219","Estimated reading time":"3 minutes"},"schema":{"@context":"https:\/\/schema.org","@graph":[{"@type":"Article","@id":"https:\/\/buletin.de\/bucuresti\/elcen-vrea-o-noua-centrala-la-cet-sud-mai-puternica-decat-hidrocentrala-vidraru\/#article","isPartOf":{"@id":"https:\/\/buletin.de\/bucuresti\/elcen-vrea-o-noua-centrala-la-cet-sud-mai-puternica-decat-hidrocentrala-vidraru\/"},"author":{"name":"C\u0103t\u0103lin Dosca\u0219","@id":"https:\/\/buletin.de\/bucuresti\/#\/schema\/person\/31117187ed4d0bdb0a4c7d6acc79d0f8"},"headline":"ELCEN vrea o nou\u0103 central\u0103 la CET Sud mai puternic\u0103 dec\u00e2t Hidrocentrala Vidraru","datePublished":"2025-12-11T03:58:38+00:00","dateModified":"2025-12-11T04:00:36+00:00","mainEntityOfPage":{"@id":"https:\/\/buletin.de\/bucuresti\/elcen-vrea-o-noua-centrala-la-cet-sud-mai-puternica-decat-hidrocentrala-vidraru\/"},"wordCount":540,"publisher":{"@id":"https:\/\/buletin.de\/bucuresti\/#organization"},"image":{"@id":"https:\/\/buletin.de\/bucuresti\/elcen-vrea-o-noua-centrala-la-cet-sud-mai-puternica-decat-hidrocentrala-vidraru\/#primaryimage"},"thumbnailUrl":"https:\/\/buletin.de\/bucuresti\/wp-content\/uploads\/2025\/12\/ID194812_INQUAM_Photos_Virgil_Simonescu-scaled.jpg","keywords":["capacitate","cet sud","elcen","hidrogen","vidraru"],"articleSection":["Articole","Main","Mediu","Termoficare"],"inLanguage":"en-GB","copyrightYear":"2025","copyrightHolder":{"@id":"https:\/\/buletin.de\/bucuresti\/#organization"}},{"@type":"WebPage","@id":"https:\/\/buletin.de\/bucuresti\/elcen-vrea-o-noua-centrala-la-cet-sud-mai-puternica-decat-hidrocentrala-vidraru\/","url":"https:\/\/buletin.de\/bucuresti\/elcen-vrea-o-noua-centrala-la-cet-sud-mai-puternica-decat-hidrocentrala-vidraru\/","name":"ELCEN vrea o nou\u0103 central\u0103 la CET Sud mai puternic\u0103 dec\u00e2t Hidrocentrala Vidraru - Buletin de Bucure\u0219ti","isPartOf":{"@id":"https:\/\/buletin.de\/bucuresti\/#website"},"primaryImageOfPage":{"@id":"https:\/\/buletin.de\/bucuresti\/elcen-vrea-o-noua-centrala-la-cet-sud-mai-puternica-decat-hidrocentrala-vidraru\/#primaryimage"},"image":{"@id":"https:\/\/buletin.de\/bucuresti\/elcen-vrea-o-noua-centrala-la-cet-sud-mai-puternica-decat-hidrocentrala-vidraru\/#primaryimage"},"thumbnailUrl":"https:\/\/buletin.de\/bucuresti\/wp-content\/uploads\/2025\/12\/ID194812_INQUAM_Photos_Virgil_Simonescu-scaled.jpg","datePublished":"2025-12-11T03:58:38+00:00","dateModified":"2025-12-11T04:00:36+00:00","description":"Electrocentrale Bucure\u0219ti (ELCEN) a lansat \u00een Sistemul Electronic de Achizi\u021bii Publice procedura pentru construc\u021bia unei noi centrale de cogenerare pe amplasamentul CET Bucure\u0219ti Sud.","breadcrumb":{"@id":"https:\/\/buletin.de\/bucuresti\/elcen-vrea-o-noua-centrala-la-cet-sud-mai-puternica-decat-hidrocentrala-vidraru\/#breadcrumb"},"inLanguage":"en-GB","potentialAction":[{"@type":"ReadAction","target":["https:\/\/buletin.de\/bucuresti\/elcen-vrea-o-noua-centrala-la-cet-sud-mai-puternica-decat-hidrocentrala-vidraru\/"]}]},{"@type":"ImageObject","inLanguage":"en-GB","@id":"https:\/\/buletin.de\/bucuresti\/elcen-vrea-o-noua-centrala-la-cet-sud-mai-puternica-decat-hidrocentrala-vidraru\/#primaryimage","url":"https:\/\/buletin.de\/bucuresti\/wp-content\/uploads\/2025\/12\/ID194812_INQUAM_Photos_Virgil_Simonescu-scaled.jpg","contentUrl":"https:\/\/buletin.de\/bucuresti\/wp-content\/uploads\/2025\/12\/ID194812_INQUAM_Photos_Virgil_Simonescu-scaled.jpg","width":2560,"height":1707,"caption":"ELCEN vrea o nou\u0103 central\u0103 la CET Sud mai puternic\u0103 dec\u00e2t Hidrocentrala Vidraru. FOTO: INQUAM PHOTOS\/Virgil Simonescu"},{"@type":"BreadcrumbList","@id":"https:\/\/buletin.de\/bucuresti\/elcen-vrea-o-noua-centrala-la-cet-sud-mai-puternica-decat-hidrocentrala-vidraru\/#breadcrumb","itemListElement":[{"@type":"ListItem","position":1,"name":"Acas\u0103","item":"https:\/\/buletin.de\/bucuresti\/"},{"@type":"ListItem","position":2,"name":"ELCEN vrea o nou\u0103 central\u0103 la CET Sud mai puternic\u0103 dec\u00e2t Hidrocentrala Vidraru"}]},{"@type":"WebSite","@id":"https:\/\/buletin.de\/bucuresti\/#website","url":"https:\/\/buletin.de\/bucuresti\/","name":"Buletin de Bucure\u0219ti","description":"\u0218tiri \u0219i investiga\u021bii esen\u021biale din capital\u0103","publisher":{"@id":"https:\/\/buletin.de\/bucuresti\/#organization"},"potentialAction":[{"@type":"SearchAction","target":{"@type":"EntryPoint","urlTemplate":"https:\/\/buletin.de\/bucuresti\/?s={search_term_string}"},"query-input":{"@type":"PropertyValueSpecification","valueRequired":true,"valueName":"search_term_string"}}],"inLanguage":"en-GB"},{"@type":"Organization","@id":"https:\/\/buletin.de\/bucuresti\/#organization","name":"Buletin de Bucure\u0219ti","url":"https:\/\/buletin.de\/bucuresti\/","logo":{"@type":"ImageObject","inLanguage":"en-GB","@id":"https:\/\/buletin.de\/bucuresti\/#\/schema\/logo\/image\/","url":"https:\/\/buletin.de\/bucuresti\/wp-content\/uploads\/logo-bdb-full-wide-vernil-transparent.png","contentUrl":"https:\/\/buletin.de\/bucuresti\/wp-content\/uploads\/logo-bdb-full-wide-vernil-transparent.png","width":1782,"height":626,"caption":"Buletin de Bucure\u0219ti"},"image":{"@id":"https:\/\/buletin.de\/bucuresti\/#\/schema\/logo\/image\/"},"sameAs":["https:\/\/www.facebook.com\/buletin.de.buc","https:\/\/www.instagram.com\/buletinde.bucuresti\/"]},{"@type":"Person","@id":"https:\/\/buletin.de\/bucuresti\/#\/schema\/person\/31117187ed4d0bdb0a4c7d6acc79d0f8","name":"C\u0103t\u0103lin Dosca\u0219","image":{"@type":"ImageObject","inLanguage":"en-GB","@id":"https:\/\/buletin.de\/bucuresti\/wp-content\/uploads\/Catalin-Doscas-e1732731064764-96x96.jpga93e2943bb3b1c1f9ead823df6e6317a","url":"https:\/\/buletin.de\/bucuresti\/wp-content\/uploads\/Catalin-Doscas-e1732731064764-96x96.jpg","contentUrl":"https:\/\/buletin.de\/bucuresti\/wp-content\/uploads\/Catalin-Doscas-e1732731064764-96x96.jpg","caption":"C\u0103t\u0103lin Dosca\u0219"},"description":"Reporter \u0219i redactor-\u0219ef Buletin de Bucure\u0219ti. Lucreaz\u0103 \u00een mass-media de la v\u00e2rsta de 15 ani, c\u00e2nd a publicat primele articole \u00een presa local\u0103 din Tecuci. \u00cen Bucure\u0219ti a lucrat \u00een redac\u021bii radio ca reporter, redactor \u0219i prezentator (StudentFM, Na\u021bionalFM, Radio Total, Smart FM), unde a acoperit domeniile politic, economic, social \u0219i externe. Ulterior, a fost editor-coordonator al postului Realitatea FM. Experien\u021ba \u00een jurnalismul online a dob\u00e2ndit-o la portalul B365.ro, unde a fost editor. \u00cen 2012 s-a angajat \u00een televiziune. La Realitatea TV a fost, pe r\u00e2nd, reporter la sec\u021bia Social, reporter special la emisiunea de reportaje \u0219i anchete \u201eReporterii Realit\u0103\u021bii\u201d, dar \u0219i editor al jurnalelor de \u0219tiri. Ulterior, a f\u0103cut parte din sec\u021bia de Investiga\u021bii de la Digi24 \u0219i a lucrat la campania \u201eRom\u00e2nia furat\u0103\u201d. A revenit \u00een presa scris\u0103 \u00een 2017, ca reporter special, \u00een cadrul unui proiect de repozi\u021bionare a tabloidului Libertatea \u00een cotidian generalist. Este jurnalist Buletin de Bucure\u0219ti din 2019.","url":"https:\/\/buletin.de\/bucuresti\/author\/catalin\/"}]}},"authors":[{"term_id":22575,"user_id":10,"is_guest":0,"slug":"catalin","display_name":"C\u0103t\u0103lin Dosca\u0219","avatar_url":"https:\/\/buletin.de\/bucuresti\/wp-content\/uploads\/Catalin-Doscas-e1732731064764-96x96.jpg","0":null,"1":"","2":"","3":"","4":"","5":"","6":"","7":"","8":""}],"_links":{"self":[{"href":"https:\/\/buletin.de\/bucuresti\/wp-json\/wp\/v2\/posts\/161911","targetHints":{"allow":["GET"]}}],"collection":[{"href":"https:\/\/buletin.de\/bucuresti\/wp-json\/wp\/v2\/posts"}],"about":[{"href":"https:\/\/buletin.de\/bucuresti\/wp-json\/wp\/v2\/types\/post"}],"author":[{"embeddable":true,"href":"https:\/\/buletin.de\/bucuresti\/wp-json\/wp\/v2\/users\/10"}],"replies":[{"embeddable":true,"href":"https:\/\/buletin.de\/bucuresti\/wp-json\/wp\/v2\/comments?post=161911"}],"version-history":[{"count":2,"href":"https:\/\/buletin.de\/bucuresti\/wp-json\/wp\/v2\/posts\/161911\/revisions"}],"predecessor-version":[{"id":161915,"href":"https:\/\/buletin.de\/bucuresti\/wp-json\/wp\/v2\/posts\/161911\/revisions\/161915"}],"wp:featuredmedia":[{"embeddable":true,"href":"https:\/\/buletin.de\/bucuresti\/wp-json\/wp\/v2\/media\/161913"}],"wp:attachment":[{"href":"https:\/\/buletin.de\/bucuresti\/wp-json\/wp\/v2\/media?parent=161911"}],"wp:term":[{"taxonomy":"category","embeddable":true,"href":"https:\/\/buletin.de\/bucuresti\/wp-json\/wp\/v2\/categories?post=161911"},{"taxonomy":"post_tag","embeddable":true,"href":"https:\/\/buletin.de\/bucuresti\/wp-json\/wp\/v2\/tags?post=161911"},{"taxonomy":"author","embeddable":true,"href":"https:\/\/buletin.de\/bucuresti\/wp-json\/wp\/v2\/ppma_author?post=161911"}],"curies":[{"name":"wp","href":"https:\/\/api.w.org\/{rel}","templated":true}]}}